{"id":29037,"date":"2022-11-30T12:04:50","date_gmt":"2022-11-30T11:04:50","guid":{"rendered":"https:\/\/ihedn.fr\/?p=29037"},"modified":"2022-12-06T11:14:39","modified_gmt":"2022-12-06T10:14:39","slug":"la-majeure-politique-de-defense-de-la-2e-session-nationale-de-lihedn-en-immersion-dans-larmee-de-terre","status":"publish","type":"post","link":"https:\/\/ihedn.fr\/en\/notre-actualite\/la-majeure-politique-de-defense-de-la-2e-session-nationale-de-lihedn-en-immersion-dans-larmee-de-terre\/","title":{"rendered":"The 'Defence Policy' major in the 2<sup>e<\/sup> IHEDN national session with immersion in the French Army"},"content":{"rendered":"<div data-elementor-type=\"wp-post\" data-elementor-id=\"29037\" class=\"elementor elementor-29037\" data-elementor-post-type=\"post\">\n\t\t\t\t\t\t<section data-particle_enable=\"false\" data-particle-mobile-disabled=\"false\" class=\"elementor-section elementor-top-section elementor-element elementor-element-f1fdfb7 elementor-section-boxed elementor-section-height-default elementor-section-height-default\" data-id=\"f1fdfb7\" data-element_type=\"section\" data-e-type=\"section\">\n\t\t\t\t\t\t<div class=\"elementor-container elementor-column-gap-default\">\n\t\t\t\t\t<div class=\"elementor-column elementor-col-100 elementor-top-column elementor-element elementor-element-b7a4822\" data-id=\"b7a4822\" data-element_type=\"column\" data-e-type=\"column\">\n\t\t\t<div class=\"elementor-widget-wrap elementor-element-populated\">\n\t\t\t\t\t\t<div class=\"elementor-element elementor-element-2babafb elementor-widget elementor-widget-text-editor\" data-id=\"2babafb\" data-element_type=\"widget\" data-e-type=\"widget\" data-widget_type=\"text-editor.default\">\n\t\t\t\t<div class=\"elementor-widget-container\">\n\t\t\t\t\t\t\t\t\t<p><strong>Committees 1 and 2 were immersed in the Regiment de Marche du Tchad (RMT), stationed at Meyenheim.<\/strong><\/p><p><strong>25 November<\/strong><strong>\u00a0<\/strong><strong>:<\/strong> Welcomed by Colonel de Sorbier, Corps Commander, and his Chief of Operations and Training, the audience took part in 24 hours of a soldier's life. Among the workshops on offer were infantry and missile firing simulators.<\/p><p>In the evening, a bivouac was organised around a campfire and the sharing of traditional individual combat rations, accompanied by the songs of the infantry marines.<\/p><p style=\"text-align: left;\">The auditors then returned to their rooms after a night tour in night vision binoculars and an armoured infantry fighting vehicle (VBCI).<\/p>\t\t\t\t\t\t\t\t<\/div>\n\t\t\t\t<\/div>\n\t\t\t\t<section data-particle_enable=\"false\" data-particle-mobile-disabled=\"false\" class=\"elementor-section elementor-inner-section elementor-element elementor-element-c57d4e2 elementor-section-boxed elementor-section-height-default elementor-section-height-default\" data-id=\"c57d4e2\" data-element_type=\"section\" data-e-type=\"section\">\n\t\t\t\t\t\t<div class=\"elementor-container elementor-column-gap-default\">\n\t\t\t\t\t<div class=\"elementor-column elementor-col-50 elementor-inner-column elementor-element elementor-element-3a2774b\" data-id=\"3a2774b\" data-element_type=\"column\" data-e-type=\"column\">\n\t\t\t<div class=\"elementor-widget-wrap elementor-element-populated\">\n\t\t\t\t\t\t<div class=\"elementor-element elementor-element-b9cfd04 elementor-widget elementor-widget-image\" data-id=\"b9cfd04\" data-element_type=\"widget\" data-e-type=\"widget\" data-widget_type=\"image.default\">\n\t\t\t\t<div class=\"elementor-widget-container\">\n\t\t\t\t\t\t\t\t\t\t\t\t\t\t\t\t<a href=\"https:\/\/ihedn.fr\/wp-content\/uploads\/2022\/11\/001-\u00aeIHEDN-Poldef-Regiment-de-Marche-du-Tchad-20221125.jpg\" data-elementor-open-lightbox=\"yes\" data-e-action-hash=\"#elementor-action%3Aaction%3Dlightbox%26settings%3DeyJpZCI6MjkwNDQsInVybCI6Imh0dHBzOlwvXC9paGVkbi5mclwvd3AtY29udGVudFwvdXBsb2Fkc1wvMjAyMlwvMTFcLzAwMS1cdTAwYWVJSEVETi1Qb2xkZWYtUmVnaW1lbnQtZGUtTWFyY2hlLWR1LVRjaGFkLTIwMjIxMTI1LmpwZyJ9\">\n\t\t\t\t\t\t\t<img fetchpriority=\"high\" decoding=\"async\" width=\"1501\" height=\"844\" src=\"https:\/\/ihedn.fr\/wp-content\/uploads\/2022\/11\/001-\u00aeIHEDN-Poldef-Regiment-de-Marche-du-Tchad-20221125.jpg\" class=\"attachment-full size-full wp-image-29044\" alt=\"\" \/>\t\t\t\t\t\t\t\t<\/a>\n\t\t\t\t\t\t\t\t\t\t\t\t\t\t\t<\/div>\n\t\t\t\t<\/div>\n\t\t\t\t\t<\/div>\n\t\t<\/div>\n\t\t\t\t<div class=\"elementor-column elementor-col-50 elementor-inner-column elementor-element elementor-element-079a5b1\" data-id=\"079a5b1\" data-element_type=\"column\" data-e-type=\"column\">\n\t\t\t<div class=\"elementor-widget-wrap elementor-element-populated\">\n\t\t\t\t\t\t<div class=\"elementor-element elementor-element-6662d0a elementor-widget elementor-widget-image\" data-id=\"6662d0a\" data-element_type=\"widget\" data-e-type=\"widget\" data-widget_type=\"image.default\">\n\t\t\t\t<div class=\"elementor-widget-container\">\n\t\t\t\t\t\t\t\t\t\t\t\t\t\t\t\t<a href=\"https:\/\/ihedn.fr\/wp-content\/uploads\/2022\/11\/003-\u00aeIHEDN-Poldef-Regiment-de-Marche-du-Tchad-20221128-1.jpg\" data-elementor-open-lightbox=\"yes\" data-e-action-hash=\"#elementor-action%3Aaction%3Dlightbox%26settings%3DeyJpZCI6MjkwNTMsInVybCI6Imh0dHBzOlwvXC9paGVkbi5mclwvd3AtY29udGVudFwvdXBsb2Fkc1wvMjAyMlwvMTFcLzAwMy1cdTAwYWVJSEVETi1Qb2xkZWYtUmVnaW1lbnQtZGUtTWFyY2hlLWR1LVRjaGFkLTIwMjIxMTI4LTEuanBnIn0%3D\">\n\t\t\t\t\t\t\t<img decoding=\"async\" width=\"1600\" height=\"1200\" src=\"https:\/\/ihedn.fr\/wp-content\/uploads\/2022\/11\/003-\u00aeIHEDN-Poldef-Regiment-de-Marche-du-Tchad-20221128-1.jpg\" class=\"attachment-full size-full wp-image-29053\" alt=\"\" srcset=\"https:\/\/ihedn.fr\/wp-content\/uploads\/2022\/11\/003-\u00aeIHEDN-Poldef-Regiment-de-Marche-du-Tchad-20221128-1.jpg 1600w, https:\/\/ihedn.fr\/wp-content\/uploads\/2022\/11\/003-\u00aeIHEDN-Poldef-Regiment-de-Marche-du-Tchad-20221128-1-1536x1152.jpg 1536w\" sizes=\"(max-width: 1600px) 100vw, 1600px\" \/>\t\t\t\t\t\t\t\t<\/a>\n\t\t\t\t\t\t\t\t\t\t\t\t\t\t\t<\/div>\n\t\t\t\t<\/div>\n\t\t\t\t\t<\/div>\n\t\t<\/div>\n\t\t\t\t\t<\/div>\n\t\t<\/section>\n\t\t\t\t<section data-particle_enable=\"false\" data-particle-mobile-disabled=\"false\" class=\"elementor-section elementor-inner-section elementor-element elementor-element-ca40659 elementor-section-boxed elementor-section-height-default elementor-section-height-default\" data-id=\"ca40659\" data-element_type=\"section\" data-e-type=\"section\">\n\t\t\t\t\t\t<div class=\"elementor-container elementor-column-gap-default\">\n\t\t\t\t\t<div class=\"elementor-column elementor-col-50 elementor-inner-column elementor-element elementor-element-68e02b2\" data-id=\"68e02b2\" data-element_type=\"column\" data-e-type=\"column\">\n\t\t\t<div class=\"elementor-widget-wrap elementor-element-populated\">\n\t\t\t\t\t\t<div class=\"elementor-element elementor-element-fb21c98 elementor-widget elementor-widget-image\" data-id=\"fb21c98\" data-element_type=\"widget\" data-e-type=\"widget\" data-widget_type=\"image.default\">\n\t\t\t\t<div class=\"elementor-widget-container\">\n\t\t\t\t\t\t\t\t\t\t\t\t\t\t\t\t<a href=\"https:\/\/ihedn.fr\/wp-content\/uploads\/2022\/11\/004-\u00aeIHEDN-Poldef-Regiment-de-Marche-du-Tchad-20221128.jpg\" data-elementor-open-lightbox=\"yes\" data-e-action-hash=\"#elementor-action%3Aaction%3Dlightbox%26settings%3DeyJpZCI6MjkwNDUsInVybCI6Imh0dHBzOlwvXC9paGVkbi5mclwvd3AtY29udGVudFwvdXBsb2Fkc1wvMjAyMlwvMTFcLzAwNC1cdTAwYWVJSEVETi1Qb2xkZWYtUmVnaW1lbnQtZGUtTWFyY2hlLWR1LVRjaGFkLTIwMjIxMTI4LmpwZyJ9\">\n\t\t\t\t\t\t\t<img decoding=\"async\" width=\"1501\" height=\"1126\" src=\"https:\/\/ihedn.fr\/wp-content\/uploads\/2022\/11\/004-\u00aeIHEDN-Poldef-Regiment-de-Marche-du-Tchad-20221128.jpg\" class=\"attachment-full size-full wp-image-29045\" alt=\"\" \/>\t\t\t\t\t\t\t\t<\/a>\n\t\t\t\t\t\t\t\t\t\t\t\t\t\t\t<\/div>\n\t\t\t\t<\/div>\n\t\t\t\t\t<\/div>\n\t\t<\/div>\n\t\t\t\t<div class=\"elementor-column elementor-col-50 elementor-inner-column elementor-element elementor-element-5e9a47d\" data-id=\"5e9a47d\" data-element_type=\"column\" data-e-type=\"column\">\n\t\t\t<div class=\"elementor-widget-wrap elementor-element-populated\">\n\t\t\t\t\t\t<div class=\"elementor-element elementor-element-4c6c226 elementor-widget elementor-widget-text-editor\" data-id=\"4c6c226\" data-element_type=\"widget\" data-e-type=\"widget\" data-widget_type=\"text-editor.default\">\n\t\t\t\t<div class=\"elementor-widget-container\">\n\t\t\t\t\t\t\t\t\t<p><strong>Saturday 26 November<\/strong>In the evening, listeners were treated to a bugle call and the raising of the colours in the parade ground at Quartier Colonel Dio.<\/p><p>They were then introduced to urban combat in the combat village and the porpoise nature trail.<\/p><p>The immersion ended with a visit to the RMT museum, where our listeners were able to discover the rich history and traditions of the R\u00e9giment de marche du Tchad.<\/p>\t\t\t\t\t\t\t\t<\/div>\n\t\t\t\t<\/div>\n\t\t\t\t\t<\/div>\n\t\t<\/div>\n\t\t\t\t\t<\/div>\n\t\t<\/section>\n\t\t\t\t\t<\/div>\n\t\t<\/div>\n\t\t\t\t\t<\/div>\n\t\t<\/section>\n\t\t\t\t<section data-particle_enable=\"false\" data-particle-mobile-disabled=\"false\" class=\"elementor-section elementor-top-section elementor-element elementor-element-7c00b2c elementor-section-boxed elementor-section-height-default elementor-section-height-default\" data-id=\"7c00b2c\" data-element_type=\"section\" data-e-type=\"section\">\n\t\t\t\t\t\t<div class=\"elementor-container elementor-column-gap-default\">\n\t\t\t\t\t<div class=\"elementor-column elementor-col-100 elementor-top-column elementor-element elementor-element-08ee14c\" data-id=\"08ee14c\" data-element_type=\"column\" data-e-type=\"column\">\n\t\t\t<div class=\"elementor-widget-wrap elementor-element-populated\">\n\t\t\t\t\t\t<div class=\"elementor-element elementor-element-a0da4a6 elementor-widget elementor-widget-text-editor\" data-id=\"a0da4a6\" data-element_type=\"widget\" data-e-type=\"widget\" data-widget_type=\"text-editor.default\">\n\t\t\t\t<div class=\"elementor-widget-container\">\n\t\t\t\t\t\t\t\t\t<p><strong>Committees 5 and 6 visited the 27<sup>e<\/sup> Battalion of Alpine Chasseurs.<\/strong><\/p><p>On this occasion, they were able to see a tactical demonstration of a combat group crossing the Grande Jeanne vertical crossing site. Afterwards, they were given a presentation on the tactical framework for implementing this vertical crossing (passage equipment, abseiling, evacuation of casualties from the wall....). Stands presenting Night Vision Binoculars and JMLR surveillance points were also set up. Finally, the day ended with a collection of rations and a meal shared around a fire, with mulled wine and songs.<\/p><p>The following day, listeners were able to talk to the Chief of Corps, <strong>Colonel Minguet<\/strong> They were also given a static presentation of equipment from the GCM (mountain commando group) in the form of 3 workshops: Intelligence acquisition; Projection: paragliding, OMGF and Action: binomial TE and GR action. Finally, the visit ended with a Tiger Raid presentation by ADC Merzougui in SVO (action in aid of the battalion's wounded).\u00a0<\/p>\t\t\t\t\t\t\t\t<\/div>\n\t\t\t\t<\/div>\n\t\t\t\t\t<\/div>\n\t\t<\/div>\n\t\t\t\t\t<\/div>\n\t\t<\/section>\n\t\t\t\t<section data-particle_enable=\"false\" data-particle-mobile-disabled=\"false\" class=\"elementor-section elementor-top-section elementor-element elementor-element-32e5490 elementor-section-boxed elementor-section-height-default elementor-section-height-default\" data-id=\"32e5490\" data-element_type=\"section\" data-e-type=\"section\">\n\t\t\t\t\t\t<div class=\"elementor-container elementor-column-gap-default\">\n\t\t\t\t\t<div class=\"elementor-column elementor-col-100 elementor-top-column elementor-element elementor-element-5164cad\" data-id=\"5164cad\" data-element_type=\"column\" data-e-type=\"column\">\n\t\t\t<div class=\"elementor-widget-wrap elementor-element-populated\">\n\t\t\t\t\t\t<div class=\"elementor-element elementor-element-4b435a6 elementor-widget elementor-widget-text-editor\" data-id=\"4b435a6\" data-element_type=\"widget\" data-e-type=\"widget\" data-widget_type=\"text-editor.default\">\n\t\t\t\t<div class=\"elementor-widget-container\">\n\t\t\t\t\t\t\t\t\t<p><strong style=\"color: var( --e-global-color-secondary ); font-size: 1.125em; letter-spacing: 0px;\">Committees 3, 4 and 7 were received at the Centre d'appui et de pr\u00e9paration au combat interarmes (CAPCIA - 51st infantry regiment), in the Mourmelon and Suippes camps.<\/strong><\/p><p><strong>Friday 25 November<\/strong>The auditors were welcomed by Lieutenant-Colonel S\u00e9bastien Pecclet, head of CAPCIA -51.<sup>e<\/sup> RI. After a presentation of the centre's activities, they were able to watch an INF section fire training on the Symphonie complex.<\/p>\t\t\t\t\t\t\t\t<\/div>\n\t\t\t\t<\/div>\n\t\t\t\t<section data-particle_enable=\"false\" data-particle-mobile-disabled=\"false\" class=\"elementor-section elementor-inner-section elementor-element elementor-element-303c0d5 elementor-section-boxed elementor-section-height-default elementor-section-height-default\" data-id=\"303c0d5\" data-element_type=\"section\" data-e-type=\"section\">\n\t\t\t\t\t\t<div class=\"elementor-container elementor-column-gap-default\">\n\t\t\t\t\t<div class=\"elementor-column elementor-col-50 elementor-inner-column elementor-element elementor-element-06fcea8\" data-id=\"06fcea8\" data-element_type=\"column\" data-e-type=\"column\">\n\t\t\t<div class=\"elementor-widget-wrap elementor-element-populated\">\n\t\t\t\t\t\t<div class=\"elementor-element elementor-element-6188dc3 elementor-widget elementor-widget-image\" data-id=\"6188dc3\" data-element_type=\"widget\" data-e-type=\"widget\" data-widget_type=\"image.default\">\n\t\t\t\t<div class=\"elementor-widget-container\">\n\t\t\t\t\t\t\t\t\t\t\t\t\t\t\t\t<a href=\"https:\/\/ihedn.fr\/wp-content\/uploads\/2022\/11\/006-\u00aeIHEDN-Poldef-Regiment-de-Marche-du-Tchad-20221130.jpg\" data-elementor-open-lightbox=\"yes\" data-e-action-hash=\"#elementor-action%3Aaction%3Dlightbox%26settings%3DeyJpZCI6MjkwNDcsInVybCI6Imh0dHBzOlwvXC9paGVkbi5mclwvd3AtY29udGVudFwvdXBsb2Fkc1wvMjAyMlwvMTFcLzAwNi1cdTAwYWVJSEVETi1Qb2xkZWYtUmVnaW1lbnQtZGUtTWFyY2hlLWR1LVRjaGFkLTIwMjIxMTMwLmpwZyJ9\">\n\t\t\t\t\t\t\t<img loading=\"lazy\" decoding=\"async\" width=\"1501\" height=\"1126\" src=\"https:\/\/ihedn.fr\/wp-content\/uploads\/2022\/11\/006-\u00aeIHEDN-Poldef-Regiment-de-Marche-du-Tchad-20221130.jpg\" class=\"attachment-full size-full wp-image-29047\" alt=\"\" \/>\t\t\t\t\t\t\t\t<\/a>\n\t\t\t\t\t\t\t\t\t\t\t\t\t\t\t<\/div>\n\t\t\t\t<\/div>\n\t\t\t\t\t<\/div>\n\t\t<\/div>\n\t\t\t\t<div class=\"elementor-column elementor-col-50 elementor-inner-column elementor-element elementor-element-c6bf192\" data-id=\"c6bf192\" data-element_type=\"column\" data-e-type=\"column\">\n\t\t\t<div class=\"elementor-widget-wrap elementor-element-populated\">\n\t\t\t\t\t\t<div class=\"elementor-element elementor-element-b42224a elementor-widget elementor-widget-image\" data-id=\"b42224a\" data-element_type=\"widget\" data-e-type=\"widget\" data-widget_type=\"image.default\">\n\t\t\t\t<div class=\"elementor-widget-container\">\n\t\t\t\t\t\t\t\t\t\t\t\t\t\t\t\t<a href=\"https:\/\/ihedn.fr\/wp-content\/uploads\/2022\/11\/005-\u00aeIHEDN-Poldef-Regiment-de-Marche-du-Tchad-20221130.jpg\" data-elementor-open-lightbox=\"yes\" data-e-action-hash=\"#elementor-action%3Aaction%3Dlightbox%26settings%3DeyJpZCI6MjkwNDYsInVybCI6Imh0dHBzOlwvXC9paGVkbi5mclwvd3AtY29udGVudFwvdXBsb2Fkc1wvMjAyMlwvMTFcLzAwNS1cdTAwYWVJSEVETi1Qb2xkZWYtUmVnaW1lbnQtZGUtTWFyY2hlLWR1LVRjaGFkLTIwMjIxMTMwLmpwZyJ9\">\n\t\t\t\t\t\t\t<img loading=\"lazy\" decoding=\"async\" width=\"1501\" height=\"899\" src=\"https:\/\/ihedn.fr\/wp-content\/uploads\/2022\/11\/005-\u00aeIHEDN-Poldef-Regiment-de-Marche-du-Tchad-20221130.jpg\" class=\"attachment-full size-full wp-image-29046\" alt=\"\" \/>\t\t\t\t\t\t\t\t<\/a>\n\t\t\t\t\t\t\t\t\t\t\t\t\t\t\t<\/div>\n\t\t\t\t<\/div>\n\t\t\t\t\t<\/div>\n\t\t<\/div>\n\t\t\t\t\t<\/div>\n\t\t<\/section>\n\t\t\t\t<div class=\"elementor-element elementor-element-7c4e1f0 elementor-widget elementor-widget-text-editor\" data-id=\"7c4e1f0\" data-element_type=\"widget\" data-e-type=\"widget\" data-widget_type=\"text-editor.default\">\n\t\t\t\t<div class=\"elementor-widget-container\">\n\t\t\t\t\t\t\t\t\t<p>The audience then had the opportunity to practise firing a MILAN (wire-guided anti-tank missile) and an ERYX (short-range anti-tank missile) on simulators, and to watch a presentation of the SICS (SCORPION Combat Information System). The dinner was held outdoors, with braziers warming up the audience, who were also able to taste the soldiers' rations.<\/p>\t\t\t\t\t\t\t\t<\/div>\n\t\t\t\t<\/div>\n\t\t\t\t<section data-particle_enable=\"false\" data-particle-mobile-disabled=\"false\" class=\"elementor-section elementor-inner-section elementor-element elementor-element-44904ed elementor-section-boxed elementor-section-height-default elementor-section-height-default\" data-id=\"44904ed\" data-element_type=\"section\" data-e-type=\"section\">\n\t\t\t\t\t\t<div class=\"elementor-container elementor-column-gap-default\">\n\t\t\t\t\t<div class=\"elementor-column elementor-col-50 elementor-inner-column elementor-element elementor-element-3112b32\" data-id=\"3112b32\" data-element_type=\"column\" data-e-type=\"column\">\n\t\t\t<div class=\"elementor-widget-wrap elementor-element-populated\">\n\t\t\t\t\t\t<div class=\"elementor-element elementor-element-64b3d46 elementor-widget elementor-widget-image\" data-id=\"64b3d46\" data-element_type=\"widget\" data-e-type=\"widget\" data-widget_type=\"image.default\">\n\t\t\t\t<div class=\"elementor-widget-container\">\n\t\t\t\t\t\t\t\t\t\t\t\t\t\t\t\t<a href=\"https:\/\/ihedn.fr\/wp-content\/uploads\/2022\/11\/008-\u00aeIHEDN-Poldef-Regiment-de-Marche-du-Tchad-20221130.jpg\" data-elementor-open-lightbox=\"yes\" data-e-action-hash=\"#elementor-action%3Aaction%3Dlightbox%26settings%3DeyJpZCI6MjkwNDksInVybCI6Imh0dHBzOlwvXC9paGVkbi5mclwvd3AtY29udGVudFwvdXBsb2Fkc1wvMjAyMlwvMTFcLzAwOC1cdTAwYWVJSEVETi1Qb2xkZWYtUmVnaW1lbnQtZGUtTWFyY2hlLWR1LVRjaGFkLTIwMjIxMTMwLmpwZyJ9\">\n\t\t\t\t\t\t\t<img loading=\"lazy\" decoding=\"async\" width=\"1501\" height=\"1178\" src=\"https:\/\/ihedn.fr\/wp-content\/uploads\/2022\/11\/008-\u00aeIHEDN-Poldef-Regiment-de-Marche-du-Tchad-20221130.jpg\" class=\"attachment-full size-full wp-image-29049\" alt=\"\" \/>\t\t\t\t\t\t\t\t<\/a>\n\t\t\t\t\t\t\t\t\t\t\t\t\t\t\t<\/div>\n\t\t\t\t<\/div>\n\t\t\t\t\t<\/div>\n\t\t<\/div>\n\t\t\t\t<div class=\"elementor-column elementor-col-50 elementor-inner-column elementor-element elementor-element-d5c10c0\" data-id=\"d5c10c0\" data-element_type=\"column\" data-e-type=\"column\">\n\t\t\t<div class=\"elementor-widget-wrap elementor-element-populated\">\n\t\t\t\t\t\t<div class=\"elementor-element elementor-element-afc32e0 elementor-widget elementor-widget-image\" data-id=\"afc32e0\" data-element_type=\"widget\" data-e-type=\"widget\" data-widget_type=\"image.default\">\n\t\t\t\t<div class=\"elementor-widget-container\">\n\t\t\t\t\t\t\t\t\t\t\t\t\t\t\t\t<a href=\"https:\/\/ihedn.fr\/wp-content\/uploads\/2022\/11\/007-\u00aeIHEDN-Poldef-Regiment-de-Marche-du-Tchad-20221130.jpg\" data-elementor-open-lightbox=\"yes\" data-e-action-hash=\"#elementor-action%3Aaction%3Dlightbox%26settings%3DeyJpZCI6MjkwNDgsInVybCI6Imh0dHBzOlwvXC9paGVkbi5mclwvd3AtY29udGVudFwvdXBsb2Fkc1wvMjAyMlwvMTFcLzAwNy1cdTAwYWVJSEVETi1Qb2xkZWYtUmVnaW1lbnQtZGUtTWFyY2hlLWR1LVRjaGFkLTIwMjIxMTMwLmpwZyJ9\">\n\t\t\t\t\t\t\t<img loading=\"lazy\" decoding=\"async\" width=\"1501\" height=\"1126\" src=\"https:\/\/ihedn.fr\/wp-content\/uploads\/2022\/11\/007-\u00aeIHEDN-Poldef-Regiment-de-Marche-du-Tchad-20221130.jpg\" class=\"attachment-full size-full wp-image-29048\" alt=\"\" \/>\t\t\t\t\t\t\t\t<\/a>\n\t\t\t\t\t\t\t\t\t\t\t\t\t\t\t<\/div>\n\t\t\t\t<\/div>\n\t\t\t\t\t<\/div>\n\t\t<\/div>\n\t\t\t\t\t<\/div>\n\t\t<\/section>\n\t\t\t\t<div class=\"elementor-element elementor-element-27d16e9 elementor-widget elementor-widget-text-editor\" data-id=\"27d16e9\" data-element_type=\"widget\" data-e-type=\"widget\" data-widget_type=\"text-editor.default\">\n\t\t\t\t<div class=\"elementor-widget-container\">\n\t\t\t\t\t\t\t\t\t<p><strong>Saturday 26 November<\/strong>The delegation was split into several groups. On the programme: presentation and test on the SERVAL track at Mourmelon (where the unique training and perception centre for the light multi-role armoured vehicle is located); training on the light weapons technical firing simulator (SITTAL). Finally, they were introduced to urban combat during an AIR-SOFT firing session in the Vadenay combat village.<\/p>\t\t\t\t\t\t\t\t<\/div>\n\t\t\t\t<\/div>\n\t\t\t\t\t<\/div>\n\t\t<\/div>\n\t\t\t\t\t<\/div>\n\t\t<\/section>\n\t\t\t\t<section data-particle_enable=\"false\" data-particle-mobile-disabled=\"false\" class=\"elementor-section elementor-top-section elementor-element elementor-element-395fe9b elementor-section-boxed elementor-section-height-default elementor-section-height-default\" data-id=\"395fe9b\" data-element_type=\"section\" data-e-type=\"section\">\n\t\t\t\t\t\t<div class=\"elementor-container elementor-column-gap-default\">\n\t\t\t\t\t<div class=\"elementor-column elementor-col-100 elementor-top-column elementor-element elementor-element-61c84c7\" data-id=\"61c84c7\" data-element_type=\"column\" data-e-type=\"column\">\n\t\t\t<div class=\"elementor-widget-wrap elementor-element-populated\">\n\t\t\t\t\t\t<div class=\"elementor-element elementor-element-09badd1 elementor-widget elementor-widget-text-editor\" data-id=\"09badd1\" data-element_type=\"widget\" data-e-type=\"widget\" data-widget_type=\"text-editor.default\">\n\t\t\t\t<div class=\"elementor-widget-container\">\n\t\t\t\t\t\t\t\t\t<p><strong>To find out more<\/strong><strong>\u00a0<\/strong><strong>:<\/strong><\/p><p><a href=\"https:\/\/www.defense.gouv.fr\/eurosatory\/combat-aeroterrestre-du-futur\">The air-land combat of the future<\/a> (Ministry of Defence)<\/p><p><a href=\"https:\/\/www.defense.gouv.fr\/eurosatory\/poles-thematiques\/scorpion\/scorpion-aujourdhui\/serval\">Le Serval<\/a> (Ministry of Defence)<\/p>\t\t\t\t\t\t\t\t<\/div>\n\t\t\t\t<\/div>\n\t\t\t\t\t<\/div>\n\t\t<\/div>\n\t\t\t\t\t<\/div>\n\t\t<\/section>\n\t\t\t\t<\/div>","protected":false},"excerpt":{"rendered":"<p>On 25 and 26 November, auditors from the \"Defence Policy\" major were welcomed by the Army regiments of Meyenheim, Mourmelon and Annecy.<\/p>","protected":false},"author":1,"featured_media":29045,"comment_status":"closed","ping_status":"closed","sticky":false,"template":"","format":"standard","meta":{"footnotes":""},"categories":[172],"tags":[],"class_list":["post-29037","post","type-post","status-publish","format-standard","has-post-thumbnail","hentry","category-notre-actualite"],"yoast_head":"<!-- This site is optimized with the Yoast SEO plugin v27.5 - https:\/\/yoast.com\/product\/yoast-seo-wordpress\/ -->\n<title>La majeure \u00ab Politique de d\u00e9fense \u00bb de la 2e session nationale de l\u2019IHEDN en immersion dans l\u2019arm\u00e9e de Terre - L&#039;IHEDN : Institut des hautes \u00e9tudes de d\u00e9fense nationale<\/title>\n<meta name=\"description\" content=\"Les 03 et 04 mars, la 221e session en r\u00e9gion de l\u2019IHEDN s\u2019est achev\u00e9e au sein de l\u2019EUROCORPS \u00e0 Strasbourg. Ces deux journ\u00e9es auront permis aux 29 auditeurs de cette session de pr\u00e9senter les conclusions des travaux r\u00e9alis\u00e9s au cours des quatre semaines qu\u2019aura dur\u00e9 cette session.\" \/>\n<meta name=\"robots\" content=\"index, follow, max-snippet:-1, max-image-preview:large, max-video-preview:-1\" \/>\n<link rel=\"canonical\" href=\"https:\/\/ihedn.fr\/en\/notre-actualite\/la-majeure-politique-de-defense-de-la-2e-session-nationale-de-lihedn-en-immersion-dans-larmee-de-terre\/\" \/>\n<meta property=\"og:locale\" content=\"en_GB\" \/>\n<meta property=\"og:type\" content=\"article\" \/>\n<meta property=\"og:title\" content=\"La majeure \u00ab Politique de d\u00e9fense \u00bb de la 2e session nationale de l\u2019IHEDN en immersion dans l\u2019arm\u00e9e de Terre - L&#039;IHEDN : Institut des hautes \u00e9tudes de d\u00e9fense nationale\" \/>\n<meta property=\"og:description\" content=\"Les 03 et 04 mars, la 221e session en r\u00e9gion de l\u2019IHEDN s\u2019est achev\u00e9e au sein de l\u2019EUROCORPS \u00e0 Strasbourg. Ces deux journ\u00e9es auront permis aux 29 auditeurs de cette session de pr\u00e9senter les conclusions des travaux r\u00e9alis\u00e9s au cours des quatre semaines qu\u2019aura dur\u00e9 cette session.\" \/>\n<meta property=\"og:url\" content=\"https:\/\/ihedn.fr\/en\/notre-actualite\/la-majeure-politique-de-defense-de-la-2e-session-nationale-de-lihedn-en-immersion-dans-larmee-de-terre\/\" \/>\n<meta property=\"og:site_name\" content=\"L&#039;IHEDN : Institut des hautes \u00e9tudes de d\u00e9fense nationale\" \/>\n<meta property=\"article:publisher\" content=\"https:\/\/www.facebook.com\/ihedn\/\" \/>\n<meta property=\"article:published_time\" content=\"2022-11-30T11:04:50+00:00\" \/>\n<meta property=\"article:modified_time\" content=\"2022-12-06T10:14:39+00:00\" \/>\n<meta property=\"og:image\" content=\"https:\/\/ihedn.fr\/wp-content\/uploads\/2022\/11\/004-\u00aeIHEDN-Poldef-Regiment-de-Marche-du-Tchad-20221128.jpg\" \/>\n\t<meta property=\"og:image:width\" content=\"1501\" \/>\n\t<meta property=\"og:image:height\" content=\"1126\" \/>\n\t<meta property=\"og:image:type\" content=\"image\/jpeg\" \/>\n<meta name=\"author\" content=\"dev\" \/>\n<meta name=\"twitter:card\" content=\"summary_large_image\" \/>\n<meta name=\"twitter:creator\" content=\"@IHEDN\" \/>\n<meta name=\"twitter:site\" content=\"@IHEDN\" \/>\n<meta name=\"twitter:label1\" content=\"Written by\" \/>\n\t<meta name=\"twitter:data1\" content=\"dev\" \/>\n\t<meta name=\"twitter:label2\" content=\"Estimated reading time\" \/>\n\t<meta name=\"twitter:data2\" content=\"5 minutes\" \/>\n<script type=\"application\/ld+json\" class=\"yoast-schema-graph\">{\"@context\":\"https:\\\/\\\/schema.org\",\"@graph\":[{\"@type\":\"Article\",\"@id\":\"https:\\\/\\\/ihedn.fr\\\/en\\\/notre-actualite\\\/la-majeure-politique-de-defense-de-la-2e-session-nationale-de-lihedn-en-immersion-dans-larmee-de-terre\\\/#article\",\"isPartOf\":{\"@id\":\"https:\\\/\\\/ihedn.fr\\\/en\\\/notre-actualite\\\/la-majeure-politique-de-defense-de-la-2e-session-nationale-de-lihedn-en-immersion-dans-larmee-de-terre\\\/\"},\"author\":{\"name\":\"dev\",\"@id\":\"https:\\\/\\\/ihedn.fr\\\/#\\\/schema\\\/person\\\/7a40155595e4efb35323447cb8c8c5a4\"},\"headline\":\"La majeure \u00ab Politique de d\u00e9fense \u00bb de la 2e session nationale de l\u2019IHEDN en immersion dans l\u2019arm\u00e9e de Terre\",\"datePublished\":\"2022-11-30T11:04:50+00:00\",\"dateModified\":\"2022-12-06T10:14:39+00:00\",\"mainEntityOfPage\":{\"@id\":\"https:\\\/\\\/ihedn.fr\\\/en\\\/notre-actualite\\\/la-majeure-politique-de-defense-de-la-2e-session-nationale-de-lihedn-en-immersion-dans-larmee-de-terre\\\/\"},\"wordCount\":693,\"publisher\":{\"@id\":\"https:\\\/\\\/ihedn.fr\\\/#organization\"},\"image\":{\"@id\":\"https:\\\/\\\/ihedn.fr\\\/en\\\/notre-actualite\\\/la-majeure-politique-de-defense-de-la-2e-session-nationale-de-lihedn-en-immersion-dans-larmee-de-terre\\\/#primaryimage\"},\"thumbnailUrl\":\"https:\\\/\\\/ihedn.fr\\\/wp-content\\\/uploads\\\/2022\\\/11\\\/004-\u00aeIHEDN-Poldef-Regiment-de-Marche-du-Tchad-20221128.jpg\",\"articleSection\":[\"Notre actualit\u00e9\"],\"inLanguage\":\"en-GB\"},{\"@type\":\"WebPage\",\"@id\":\"https:\\\/\\\/ihedn.fr\\\/en\\\/notre-actualite\\\/la-majeure-politique-de-defense-de-la-2e-session-nationale-de-lihedn-en-immersion-dans-larmee-de-terre\\\/\",\"url\":\"https:\\\/\\\/ihedn.fr\\\/en\\\/notre-actualite\\\/la-majeure-politique-de-defense-de-la-2e-session-nationale-de-lihedn-en-immersion-dans-larmee-de-terre\\\/\",\"name\":\"La majeure \u00ab Politique de d\u00e9fense \u00bb de la 2e session nationale de l\u2019IHEDN en immersion dans l\u2019arm\u00e9e de Terre - L&#039;IHEDN : Institut des hautes \u00e9tudes de d\u00e9fense nationale\",\"isPartOf\":{\"@id\":\"https:\\\/\\\/ihedn.fr\\\/#website\"},\"primaryImageOfPage\":{\"@id\":\"https:\\\/\\\/ihedn.fr\\\/en\\\/notre-actualite\\\/la-majeure-politique-de-defense-de-la-2e-session-nationale-de-lihedn-en-immersion-dans-larmee-de-terre\\\/#primaryimage\"},\"image\":{\"@id\":\"https:\\\/\\\/ihedn.fr\\\/en\\\/notre-actualite\\\/la-majeure-politique-de-defense-de-la-2e-session-nationale-de-lihedn-en-immersion-dans-larmee-de-terre\\\/#primaryimage\"},\"thumbnailUrl\":\"https:\\\/\\\/ihedn.fr\\\/wp-content\\\/uploads\\\/2022\\\/11\\\/004-\u00aeIHEDN-Poldef-Regiment-de-Marche-du-Tchad-20221128.jpg\",\"datePublished\":\"2022-11-30T11:04:50+00:00\",\"dateModified\":\"2022-12-06T10:14:39+00:00\",\"description\":\"Les 03 et 04 mars, la 221e session en r\u00e9gion de l\u2019IHEDN s\u2019est achev\u00e9e au sein de l\u2019EUROCORPS \u00e0 Strasbourg. Ces deux journ\u00e9es auront permis aux 29 auditeurs de cette session de pr\u00e9senter les conclusions des travaux r\u00e9alis\u00e9s au cours des quatre semaines qu\u2019aura dur\u00e9 cette session.\",\"breadcrumb\":{\"@id\":\"https:\\\/\\\/ihedn.fr\\\/en\\\/notre-actualite\\\/la-majeure-politique-de-defense-de-la-2e-session-nationale-de-lihedn-en-immersion-dans-larmee-de-terre\\\/#breadcrumb\"},\"inLanguage\":\"en-GB\",\"potentialAction\":[{\"@type\":\"ReadAction\",\"target\":[\"https:\\\/\\\/ihedn.fr\\\/en\\\/notre-actualite\\\/la-majeure-politique-de-defense-de-la-2e-session-nationale-de-lihedn-en-immersion-dans-larmee-de-terre\\\/\"]}]},{\"@type\":\"ImageObject\",\"inLanguage\":\"en-GB\",\"@id\":\"https:\\\/\\\/ihedn.fr\\\/en\\\/notre-actualite\\\/la-majeure-politique-de-defense-de-la-2e-session-nationale-de-lihedn-en-immersion-dans-larmee-de-terre\\\/#primaryimage\",\"url\":\"https:\\\/\\\/ihedn.fr\\\/wp-content\\\/uploads\\\/2022\\\/11\\\/004-\u00aeIHEDN-Poldef-Regiment-de-Marche-du-Tchad-20221128.jpg\",\"contentUrl\":\"https:\\\/\\\/ihedn.fr\\\/wp-content\\\/uploads\\\/2022\\\/11\\\/004-\u00aeIHEDN-Poldef-Regiment-de-Marche-du-Tchad-20221128.jpg\",\"width\":1501,\"height\":1126},{\"@type\":\"BreadcrumbList\",\"@id\":\"https:\\\/\\\/ihedn.fr\\\/en\\\/notre-actualite\\\/la-majeure-politique-de-defense-de-la-2e-session-nationale-de-lihedn-en-immersion-dans-larmee-de-terre\\\/#breadcrumb\",\"itemListElement\":[{\"@type\":\"ListItem\",\"position\":1,\"name\":\"Accueil\",\"item\":\"https:\\\/\\\/ihedn.fr\\\/\"},{\"@type\":\"ListItem\",\"position\":2,\"name\":\"La majeure \u00ab Politique de d\u00e9fense \u00bb de la 2e session nationale de l\u2019IHEDN en immersion dans l\u2019arm\u00e9e de Terre\"}]},{\"@type\":\"WebSite\",\"@id\":\"https:\\\/\\\/ihedn.fr\\\/#website\",\"url\":\"https:\\\/\\\/ihedn.fr\\\/\",\"name\":\"IHEDN : Institut des hautes \u00e9tudes de d\u00e9fense nationale |\",\"description\":\"Site officiel de l&#039;IHEDN plac\u00e9 sous la tutelle du Premier ministre.\",\"publisher\":{\"@id\":\"https:\\\/\\\/ihedn.fr\\\/#organization\"},\"potentialAction\":[{\"@type\":\"SearchAction\",\"target\":{\"@type\":\"EntryPoint\",\"urlTemplate\":\"https:\\\/\\\/ihedn.fr\\\/?s={search_term_string}\"},\"query-input\":{\"@type\":\"PropertyValueSpecification\",\"valueRequired\":true,\"valueName\":\"search_term_string\"}}],\"inLanguage\":\"en-GB\"},{\"@type\":\"Organization\",\"@id\":\"https:\\\/\\\/ihedn.fr\\\/#organization\",\"name\":\"IHEDN - Institut des Hautes Etudes de D\u00e9fense Nationale\",\"url\":\"https:\\\/\\\/ihedn.fr\\\/\",\"logo\":{\"@type\":\"ImageObject\",\"inLanguage\":\"en-GB\",\"@id\":\"https:\\\/\\\/ihedn.fr\\\/#\\\/schema\\\/logo\\\/image\\\/\",\"url\":\"https:\\\/\\\/ihedn.fr\\\/wp-content\\\/uploads\\\/2020\\\/11\\\/BLOC_RF_IHEDN_WEB.png\",\"contentUrl\":\"https:\\\/\\\/ihedn.fr\\\/wp-content\\\/uploads\\\/2020\\\/11\\\/BLOC_RF_IHEDN_WEB.png\",\"width\":500,\"height\":237,\"caption\":\"IHEDN - Institut des Hautes Etudes de D\u00e9fense Nationale\"},\"image\":{\"@id\":\"https:\\\/\\\/ihedn.fr\\\/#\\\/schema\\\/logo\\\/image\\\/\"},\"sameAs\":[\"https:\\\/\\\/www.facebook.com\\\/ihedn\\\/\",\"https:\\\/\\\/x.com\\\/IHEDN\",\"https:\\\/\\\/www.instagram.com\\\/ihedn\\\/\",\"https:\\\/\\\/www.linkedin.com\\\/school\\\/ihedn\\\/\",\"https:\\\/\\\/fr.wikipedia.org\\\/wiki\\\/Institut_des_hautes_\u00e9tudes_de_D\u00e9fense_nationale\"]},{\"@type\":\"Person\",\"@id\":\"https:\\\/\\\/ihedn.fr\\\/#\\\/schema\\\/person\\\/7a40155595e4efb35323447cb8c8c5a4\",\"name\":\"dev\",\"image\":{\"@type\":\"ImageObject\",\"inLanguage\":\"en-GB\",\"@id\":\"https:\\\/\\\/secure.gravatar.com\\\/avatar\\\/f1ffcac9ca2fa95ad3ec33e9be3ade82f752acb0cabe541e56c5889225afa88a?s=96&d=mm&r=g\",\"url\":\"https:\\\/\\\/secure.gravatar.com\\\/avatar\\\/f1ffcac9ca2fa95ad3ec33e9be3ade82f752acb0cabe541e56c5889225afa88a?s=96&d=mm&r=g\",\"contentUrl\":\"https:\\\/\\\/secure.gravatar.com\\\/avatar\\\/f1ffcac9ca2fa95ad3ec33e9be3ade82f752acb0cabe541e56c5889225afa88a?s=96&d=mm&r=g\",\"caption\":\"dev\"},\"sameAs\":[\"https:\\\/\\\/ihedn.concilium.click\"],\"url\":\"https:\\\/\\\/ihedn.fr\\\/en\\\/author\\\/dev\\\/\"}]}<\/script>\n<!-- \/ Yoast SEO plugin. -->","yoast_head_json":{"title":"The \"Defence Policy\" major of the 2nd national session of the IHEDN immersed in the French Army - L'IHEDN : Institut des hautes \u00e9tudes de d\u00e9fense nationale (Graduate Institute of National Defence Studies)","description":"On 03 and 04 March, the 221st regional session of the IHEDN came to a close at EUROCORPS in Strasbourg. These two days were an opportunity for the session's 29 auditors to present the conclusions of their work over the four weeks of the session.","robots":{"index":"index","follow":"follow","max-snippet":"max-snippet:-1","max-image-preview":"max-image-preview:large","max-video-preview":"max-video-preview:-1"},"canonical":"https:\/\/ihedn.fr\/en\/notre-actualite\/la-majeure-politique-de-defense-de-la-2e-session-nationale-de-lihedn-en-immersion-dans-larmee-de-terre\/","og_locale":"en_GB","og_type":"article","og_title":"La majeure \u00ab Politique de d\u00e9fense \u00bb de la 2e session nationale de l\u2019IHEDN en immersion dans l\u2019arm\u00e9e de Terre - L&#039;IHEDN : Institut des hautes \u00e9tudes de d\u00e9fense nationale","og_description":"Les 03 et 04 mars, la 221e session en r\u00e9gion de l\u2019IHEDN s\u2019est achev\u00e9e au sein de l\u2019EUROCORPS \u00e0 Strasbourg. Ces deux journ\u00e9es auront permis aux 29 auditeurs de cette session de pr\u00e9senter les conclusions des travaux r\u00e9alis\u00e9s au cours des quatre semaines qu\u2019aura dur\u00e9 cette session.","og_url":"https:\/\/ihedn.fr\/en\/notre-actualite\/la-majeure-politique-de-defense-de-la-2e-session-nationale-de-lihedn-en-immersion-dans-larmee-de-terre\/","og_site_name":"L&#039;IHEDN : Institut des hautes \u00e9tudes de d\u00e9fense nationale","article_publisher":"https:\/\/www.facebook.com\/ihedn\/","article_published_time":"2022-11-30T11:04:50+00:00","article_modified_time":"2022-12-06T10:14:39+00:00","og_image":[{"width":1501,"height":1126,"url":"https:\/\/ihedn.fr\/wp-content\/uploads\/2022\/11\/004-\u00aeIHEDN-Poldef-Regiment-de-Marche-du-Tchad-20221128.jpg","type":"image\/jpeg"}],"author":"dev","twitter_card":"summary_large_image","twitter_creator":"@IHEDN","twitter_site":"@IHEDN","twitter_misc":{"Written by":"dev","Estimated reading time":"5 minutes"},"schema":{"@context":"https:\/\/schema.org","@graph":[{"@type":"Article","@id":"https:\/\/ihedn.fr\/en\/notre-actualite\/la-majeure-politique-de-defense-de-la-2e-session-nationale-de-lihedn-en-immersion-dans-larmee-de-terre\/#article","isPartOf":{"@id":"https:\/\/ihedn.fr\/en\/notre-actualite\/la-majeure-politique-de-defense-de-la-2e-session-nationale-de-lihedn-en-immersion-dans-larmee-de-terre\/"},"author":{"name":"dev","@id":"https:\/\/ihedn.fr\/#\/schema\/person\/7a40155595e4efb35323447cb8c8c5a4"},"headline":"La majeure \u00ab Politique de d\u00e9fense \u00bb de la 2e session nationale de l\u2019IHEDN en immersion dans l\u2019arm\u00e9e de Terre","datePublished":"2022-11-30T11:04:50+00:00","dateModified":"2022-12-06T10:14:39+00:00","mainEntityOfPage":{"@id":"https:\/\/ihedn.fr\/en\/notre-actualite\/la-majeure-politique-de-defense-de-la-2e-session-nationale-de-lihedn-en-immersion-dans-larmee-de-terre\/"},"wordCount":693,"publisher":{"@id":"https:\/\/ihedn.fr\/#organization"},"image":{"@id":"https:\/\/ihedn.fr\/en\/notre-actualite\/la-majeure-politique-de-defense-de-la-2e-session-nationale-de-lihedn-en-immersion-dans-larmee-de-terre\/#primaryimage"},"thumbnailUrl":"https:\/\/ihedn.fr\/wp-content\/uploads\/2022\/11\/004-\u00aeIHEDN-Poldef-Regiment-de-Marche-du-Tchad-20221128.jpg","articleSection":["Notre actualit\u00e9"],"inLanguage":"en-GB"},{"@type":"WebPage","@id":"https:\/\/ihedn.fr\/en\/notre-actualite\/la-majeure-politique-de-defense-de-la-2e-session-nationale-de-lihedn-en-immersion-dans-larmee-de-terre\/","url":"https:\/\/ihedn.fr\/en\/notre-actualite\/la-majeure-politique-de-defense-de-la-2e-session-nationale-de-lihedn-en-immersion-dans-larmee-de-terre\/","name":"The \"Defence Policy\" major of the 2nd national session of the IHEDN immersed in the French Army - L'IHEDN : Institut des hautes \u00e9tudes de d\u00e9fense nationale (Graduate Institute of National Defence Studies)","isPartOf":{"@id":"https:\/\/ihedn.fr\/#website"},"primaryImageOfPage":{"@id":"https:\/\/ihedn.fr\/en\/notre-actualite\/la-majeure-politique-de-defense-de-la-2e-session-nationale-de-lihedn-en-immersion-dans-larmee-de-terre\/#primaryimage"},"image":{"@id":"https:\/\/ihedn.fr\/en\/notre-actualite\/la-majeure-politique-de-defense-de-la-2e-session-nationale-de-lihedn-en-immersion-dans-larmee-de-terre\/#primaryimage"},"thumbnailUrl":"https:\/\/ihedn.fr\/wp-content\/uploads\/2022\/11\/004-\u00aeIHEDN-Poldef-Regiment-de-Marche-du-Tchad-20221128.jpg","datePublished":"2022-11-30T11:04:50+00:00","dateModified":"2022-12-06T10:14:39+00:00","description":"On 03 and 04 March, the 221st regional session of the IHEDN came to a close at EUROCORPS in Strasbourg. These two days were an opportunity for the session's 29 auditors to present the conclusions of their work over the four weeks of the session.","breadcrumb":{"@id":"https:\/\/ihedn.fr\/en\/notre-actualite\/la-majeure-politique-de-defense-de-la-2e-session-nationale-de-lihedn-en-immersion-dans-larmee-de-terre\/#breadcrumb"},"inLanguage":"en-GB","potentialAction":[{"@type":"ReadAction","target":["https:\/\/ihedn.fr\/en\/notre-actualite\/la-majeure-politique-de-defense-de-la-2e-session-nationale-de-lihedn-en-immersion-dans-larmee-de-terre\/"]}]},{"@type":"ImageObject","inLanguage":"en-GB","@id":"https:\/\/ihedn.fr\/en\/notre-actualite\/la-majeure-politique-de-defense-de-la-2e-session-nationale-de-lihedn-en-immersion-dans-larmee-de-terre\/#primaryimage","url":"https:\/\/ihedn.fr\/wp-content\/uploads\/2022\/11\/004-\u00aeIHEDN-Poldef-Regiment-de-Marche-du-Tchad-20221128.jpg","contentUrl":"https:\/\/ihedn.fr\/wp-content\/uploads\/2022\/11\/004-\u00aeIHEDN-Poldef-Regiment-de-Marche-du-Tchad-20221128.jpg","width":1501,"height":1126},{"@type":"BreadcrumbList","@id":"https:\/\/ihedn.fr\/en\/notre-actualite\/la-majeure-politique-de-defense-de-la-2e-session-nationale-de-lihedn-en-immersion-dans-larmee-de-terre\/#breadcrumb","itemListElement":[{"@type":"ListItem","position":1,"name":"Accueil","item":"https:\/\/ihedn.fr\/"},{"@type":"ListItem","position":2,"name":"La majeure \u00ab Politique de d\u00e9fense \u00bb de la 2e session nationale de l\u2019IHEDN en immersion dans l\u2019arm\u00e9e de Terre"}]},{"@type":"WebSite","@id":"https:\/\/ihedn.fr\/#website","url":"https:\/\/ihedn.fr\/","name":"IHEDN: Institut des hautes \u00e9tudes de d\u00e9fense nationale (Institute for Higher National Defence Studies)","description":"Official website of the IHEDN under the supervision of the Prime Minister.","publisher":{"@id":"https:\/\/ihedn.fr\/#organization"},"potentialAction":[{"@type":"SearchAction","target":{"@type":"EntryPoint","urlTemplate":"https:\/\/ihedn.fr\/?s={search_term_string}"},"query-input":{"@type":"PropertyValueSpecification","valueRequired":true,"valueName":"search_term_string"}}],"inLanguage":"en-GB"},{"@type":"Organization","@id":"https:\/\/ihedn.fr\/#organization","name":"IHEDN - Institute for Higher National Defence Studies","url":"https:\/\/ihedn.fr\/","logo":{"@type":"ImageObject","inLanguage":"en-GB","@id":"https:\/\/ihedn.fr\/#\/schema\/logo\/image\/","url":"https:\/\/ihedn.fr\/wp-content\/uploads\/2020\/11\/BLOC_RF_IHEDN_WEB.png","contentUrl":"https:\/\/ihedn.fr\/wp-content\/uploads\/2020\/11\/BLOC_RF_IHEDN_WEB.png","width":500,"height":237,"caption":"IHEDN - Institut des Hautes Etudes de D\u00e9fense Nationale"},"image":{"@id":"https:\/\/ihedn.fr\/#\/schema\/logo\/image\/"},"sameAs":["https:\/\/www.facebook.com\/ihedn\/","https:\/\/x.com\/IHEDN","https:\/\/www.instagram.com\/ihedn\/","https:\/\/www.linkedin.com\/school\/ihedn\/","https:\/\/fr.wikipedia.org\/wiki\/Institut_des_hautes_\u00e9tudes_de_D\u00e9fense_nationale"]},{"@type":"Person","@id":"https:\/\/ihedn.fr\/#\/schema\/person\/7a40155595e4efb35323447cb8c8c5a4","name":"dev","image":{"@type":"ImageObject","inLanguage":"en-GB","@id":"https:\/\/secure.gravatar.com\/avatar\/f1ffcac9ca2fa95ad3ec33e9be3ade82f752acb0cabe541e56c5889225afa88a?s=96&d=mm&r=g","url":"https:\/\/secure.gravatar.com\/avatar\/f1ffcac9ca2fa95ad3ec33e9be3ade82f752acb0cabe541e56c5889225afa88a?s=96&d=mm&r=g","contentUrl":"https:\/\/secure.gravatar.com\/avatar\/f1ffcac9ca2fa95ad3ec33e9be3ade82f752acb0cabe541e56c5889225afa88a?s=96&d=mm&r=g","caption":"dev"},"sameAs":["https:\/\/ihedn.concilium.click"],"url":"https:\/\/ihedn.fr\/en\/author\/dev\/"}]}},"publishpress_future_action":{"enabled":false,"date":"2026-05-08 11:25:39","action":"change-status","newStatus":"draft","terms":[],"taxonomy":"category","extraData":[]},"publishpress_future_workflow_manual_trigger":{"enabledWorkflows":[]},"_links":{"self":[{"href":"https:\/\/ihedn.fr\/en\/wp-json\/wp\/v2\/posts\/29037","targetHints":{"allow":["GET"]}}],"collection":[{"href":"https:\/\/ihedn.fr\/en\/wp-json\/wp\/v2\/posts"}],"about":[{"href":"https:\/\/ihedn.fr\/en\/wp-json\/wp\/v2\/types\/post"}],"author":[{"embeddable":true,"href":"https:\/\/ihedn.fr\/en\/wp-json\/wp\/v2\/users\/1"}],"replies":[{"embeddable":true,"href":"https:\/\/ihedn.fr\/en\/wp-json\/wp\/v2\/comments?post=29037"}],"version-history":[{"count":25,"href":"https:\/\/ihedn.fr\/en\/wp-json\/wp\/v2\/posts\/29037\/revisions"}],"predecessor-version":[{"id":29473,"href":"https:\/\/ihedn.fr\/en\/wp-json\/wp\/v2\/posts\/29037\/revisions\/29473"}],"wp:featuredmedia":[{"embeddable":true,"href":"https:\/\/ihedn.fr\/en\/wp-json\/wp\/v2\/media\/29045"}],"wp:attachment":[{"href":"https:\/\/ihedn.fr\/en\/wp-json\/wp\/v2\/media?parent=29037"}],"wp:term":[{"taxonomy":"category","embeddable":true,"href":"https:\/\/ihedn.fr\/en\/wp-json\/wp\/v2\/categories?post=29037"},{"taxonomy":"post_tag","embeddable":true,"href":"https:\/\/ihedn.fr\/en\/wp-json\/wp\/v2\/tags?post=29037"}],"curies":[{"name":"wp","href":"https:\/\/api.w.org\/{rel}","templated":true}]}}