{"id":29205,"date":"2022-11-18T13:54:31","date_gmt":"2022-11-18T12:54:31","guid":{"rendered":"https:\/\/ihedn.fr\/?p=29205"},"modified":"2023-01-06T14:27:33","modified_gmt":"2023-01-06T13:27:33","slug":"cables-sous-marins-indispensables-invisibles-vulnerables","status":"publish","type":"post","link":"https:\/\/ihedn.fr\/en\/veille-strategique\/cables-sous-marins-indispensables-invisibles-vulnerables\/","title":{"rendered":"Submarine cables: indispensable, invisible... vulnerable?"},"content":{"rendered":"<div data-elementor-type=\"wp-post\" data-elementor-id=\"29205\" class=\"elementor elementor-29205\" data-elementor-post-type=\"post\">\n\t\t\t\t\t\t<section data-particle_enable=\"false\" data-particle-mobile-disabled=\"false\" class=\"elementor-section elementor-top-section elementor-element elementor-element-6ddff94 elementor-section-boxed elementor-section-height-default elementor-section-height-default\" data-id=\"6ddff94\" data-element_type=\"section\" data-e-type=\"section\">\n\t\t\t\t\t\t<div class=\"elementor-container elementor-column-gap-default\">\n\t\t\t\t\t<div class=\"elementor-column elementor-col-100 elementor-top-column elementor-element elementor-element-5325fbb\" data-id=\"5325fbb\" data-element_type=\"column\" data-e-type=\"column\">\n\t\t\t<div class=\"elementor-widget-wrap elementor-element-populated\">\n\t\t\t\t\t\t<div class=\"elementor-element elementor-element-6abf5cb elementor-widget elementor-widget-shortcode\" data-id=\"6abf5cb\" data-element_type=\"widget\" data-e-type=\"widget\" data-widget_type=\"shortcode.default\">\n\t\t\t\t<div class=\"elementor-widget-container\">\n\t\t\t\t\t\t\t<div class=\"elementor-shortcode\"><iframe allow=\"autoplay *; encrypted-media *; fullscreen *; clipboard-write\" frameborder=\"0\" height=\"175\" style=\"width:100%;max-width:660px;overflow:hidden;background:transparent;\" sandbox=\"allow-forms allow-popups allow-same-origin allow-scripts allow-storage-access-by-user-activation allow-top-navigation-by-user-activation\" src=\"https:\/\/embed.podcasts.apple.com\/fr\/podcast\/%C3%A9pisode-30-c%C3%A2bles-sous-marins-indispensables-invisibles\/id1549286423?i=1000586720183\"><\/iframe><\/div>\n\t\t\t\t\t\t<\/div>\n\t\t\t\t<\/div>\n\t\t\t\t<section data-particle_enable=\"false\" data-particle-mobile-disabled=\"false\" class=\"elementor-section elementor-inner-section elementor-element elementor-element-f615f60 elementor-section-boxed elementor-section-height-default elementor-section-height-default\" data-id=\"f615f60\" data-element_type=\"section\" data-e-type=\"section\">\n\t\t\t\t\t\t<div class=\"elementor-container elementor-column-gap-default\">\n\t\t\t\t\t<div class=\"elementor-column elementor-col-100 elementor-inner-column elementor-element elementor-element-36a53b1\" data-id=\"36a53b1\" data-element_type=\"column\" data-e-type=\"column\">\n\t\t\t<div class=\"elementor-widget-wrap elementor-element-populated\">\n\t\t\t\t\t\t<div class=\"elementor-element elementor-element-cdf38ae elementor-widget elementor-widget-text-editor\" data-id=\"cdf38ae\" data-element_type=\"widget\" data-e-type=\"widget\" data-widget_type=\"text-editor.default\">\n\t\t\t\t<div class=\"elementor-widget-container\">\n\t\t\t\t\t\t\t\t\t<p><strong><i>Echo<\/i> with Camille MOREL, doctor of public law, Centre d'\u00e9tudes strat\u00e9giques de la Marine, 18 November 2022.<\/strong><\/p>\t\t\t\t\t\t\t\t<\/div>\n\t\t\t\t<\/div>\n\t\t\t\t\t<\/div>\n\t\t<\/div>\n\t\t\t\t\t<\/div>\n\t\t<\/section>\n\t\t\t\t\t<\/div>\n\t\t<\/div>\n\t\t\t\t\t<\/div>\n\t\t<\/section>\n\t\t\t\t<\/div>","protected":false},"excerpt":{"rendered":"<p>Echo with Camille MOREL, Doctor of Public Law, Centre d'\u00e9tudes strat\u00e9giques de la Marine, 18 November 2022.<\/p>","protected":false},"author":1,"featured_media":0,"comment_status":"closed","ping_status":"closed","sticky":false,"template":"","format":"standard","meta":{"footnotes":""},"categories":[179,175],"tags":[],"class_list":["post-29205","post","type-post","status-publish","format-standard","hentry","category-podcast","category-veille-strategique"],"yoast_head":"<!-- This site is optimized with the Yoast SEO plugin v27.5 - https:\/\/yoast.com\/product\/yoast-seo-wordpress\/ -->\n<title>C\u00e2bles sous-marins : indispensables, invisibles\u2026 vuln\u00e9rables\u00a0? - L&#039;IHEDN : Institut des hautes \u00e9tudes de d\u00e9fense nationale<\/title>\n<meta name=\"description\" content=\"Les 03 et 04 mars, la 221e session en r\u00e9gion de l\u2019IHEDN s\u2019est achev\u00e9e au sein de l\u2019EUROCORPS \u00e0 Strasbourg. Ces deux journ\u00e9es auront permis aux 29 auditeurs de cette session de pr\u00e9senter les conclusions des travaux r\u00e9alis\u00e9s au cours des quatre semaines qu\u2019aura dur\u00e9 cette session.\" \/>\n<meta name=\"robots\" content=\"index, follow, max-snippet:-1, max-image-preview:large, max-video-preview:-1\" \/>\n<link rel=\"canonical\" href=\"https:\/\/ihedn.fr\/en\/comprendre\/veille-strategique\/cables-sous-marins-indispensables-invisibles-vulnerables\/\" \/>\n<meta property=\"og:locale\" content=\"en_GB\" \/>\n<meta property=\"og:type\" content=\"article\" \/>\n<meta property=\"og:title\" content=\"C\u00e2bles sous-marins : indispensables, invisibles\u2026 vuln\u00e9rables\u00a0? - L&#039;IHEDN : Institut des hautes \u00e9tudes de d\u00e9fense nationale\" \/>\n<meta property=\"og:description\" content=\"Les 03 et 04 mars, la 221e session en r\u00e9gion de l\u2019IHEDN s\u2019est achev\u00e9e au sein de l\u2019EUROCORPS \u00e0 Strasbourg. Ces deux journ\u00e9es auront permis aux 29 auditeurs de cette session de pr\u00e9senter les conclusions des travaux r\u00e9alis\u00e9s au cours des quatre semaines qu\u2019aura dur\u00e9 cette session.\" \/>\n<meta property=\"og:url\" content=\"https:\/\/ihedn.fr\/en\/comprendre\/veille-strategique\/cables-sous-marins-indispensables-invisibles-vulnerables\/\" \/>\n<meta property=\"og:site_name\" content=\"L&#039;IHEDN : Institut des hautes \u00e9tudes de d\u00e9fense nationale\" \/>\n<meta property=\"article:publisher\" content=\"https:\/\/www.facebook.com\/ihedn\/\" \/>\n<meta property=\"article:published_time\" content=\"2022-11-18T12:54:31+00:00\" \/>\n<meta property=\"article:modified_time\" content=\"2023-01-06T13:27:33+00:00\" \/>\n<meta name=\"author\" content=\"dev\" \/>\n<meta name=\"twitter:card\" content=\"summary_large_image\" \/>\n<meta name=\"twitter:creator\" content=\"@IHEDN\" \/>\n<meta name=\"twitter:site\" content=\"@IHEDN\" \/>\n<meta name=\"twitter:label1\" content=\"Written by\" \/>\n\t<meta name=\"twitter:data1\" content=\"dev\" \/>\n\t<meta name=\"twitter:label2\" content=\"Estimated reading time\" \/>\n\t<meta name=\"twitter:data2\" content=\"1 minute\" \/>\n<script type=\"application\/ld+json\" class=\"yoast-schema-graph\">{\"@context\":\"https:\\\/\\\/schema.org\",\"@graph\":[{\"@type\":\"Article\",\"@id\":\"https:\\\/\\\/ihedn.fr\\\/comprendre\\\/veille-strategique\\\/cables-sous-marins-indispensables-invisibles-vulnerables\\\/#article\",\"isPartOf\":{\"@id\":\"https:\\\/\\\/ihedn.fr\\\/comprendre\\\/veille-strategique\\\/cables-sous-marins-indispensables-invisibles-vulnerables\\\/\"},\"author\":{\"name\":\"dev\",\"@id\":\"https:\\\/\\\/ihedn.fr\\\/#\\\/schema\\\/person\\\/7a40155595e4efb35323447cb8c8c5a4\"},\"headline\":\"C\u00e2bles sous-marins : indispensables, invisibles\u2026 vuln\u00e9rables\u00a0?\",\"datePublished\":\"2022-11-18T12:54:31+00:00\",\"dateModified\":\"2023-01-06T13:27:33+00:00\",\"mainEntityOfPage\":{\"@id\":\"https:\\\/\\\/ihedn.fr\\\/comprendre\\\/veille-strategique\\\/cables-sous-marins-indispensables-invisibles-vulnerables\\\/\"},\"wordCount\":24,\"publisher\":{\"@id\":\"https:\\\/\\\/ihedn.fr\\\/#organization\"},\"articleSection\":[\"podcast\",\"Veille strat\u00e9gique\"],\"inLanguage\":\"en-GB\"},{\"@type\":\"WebPage\",\"@id\":\"https:\\\/\\\/ihedn.fr\\\/comprendre\\\/veille-strategique\\\/cables-sous-marins-indispensables-invisibles-vulnerables\\\/\",\"url\":\"https:\\\/\\\/ihedn.fr\\\/comprendre\\\/veille-strategique\\\/cables-sous-marins-indispensables-invisibles-vulnerables\\\/\",\"name\":\"C\u00e2bles sous-marins : indispensables, invisibles\u2026 vuln\u00e9rables\u00a0? - L&#039;IHEDN : Institut des hautes \u00e9tudes de d\u00e9fense nationale\",\"isPartOf\":{\"@id\":\"https:\\\/\\\/ihedn.fr\\\/#website\"},\"datePublished\":\"2022-11-18T12:54:31+00:00\",\"dateModified\":\"2023-01-06T13:27:33+00:00\",\"description\":\"Les 03 et 04 mars, la 221e session en r\u00e9gion de l\u2019IHEDN s\u2019est achev\u00e9e au sein de l\u2019EUROCORPS \u00e0 Strasbourg. Ces deux journ\u00e9es auront permis aux 29 auditeurs de cette session de pr\u00e9senter les conclusions des travaux r\u00e9alis\u00e9s au cours des quatre semaines qu\u2019aura dur\u00e9 cette session.\",\"breadcrumb\":{\"@id\":\"https:\\\/\\\/ihedn.fr\\\/comprendre\\\/veille-strategique\\\/cables-sous-marins-indispensables-invisibles-vulnerables\\\/#breadcrumb\"},\"inLanguage\":\"en-GB\",\"potentialAction\":[{\"@type\":\"ReadAction\",\"target\":[\"https:\\\/\\\/ihedn.fr\\\/comprendre\\\/veille-strategique\\\/cables-sous-marins-indispensables-invisibles-vulnerables\\\/\"]}]},{\"@type\":\"BreadcrumbList\",\"@id\":\"https:\\\/\\\/ihedn.fr\\\/comprendre\\\/veille-strategique\\\/cables-sous-marins-indispensables-invisibles-vulnerables\\\/#breadcrumb\",\"itemListElement\":[{\"@type\":\"ListItem\",\"position\":1,\"name\":\"Accueil\",\"item\":\"https:\\\/\\\/ihedn.fr\\\/\"},{\"@type\":\"ListItem\",\"position\":2,\"name\":\"C\u00e2bles sous-marins : indispensables, invisibles\u2026 vuln\u00e9rables\u00a0?\"}]},{\"@type\":\"WebSite\",\"@id\":\"https:\\\/\\\/ihedn.fr\\\/#website\",\"url\":\"https:\\\/\\\/ihedn.fr\\\/\",\"name\":\"IHEDN : Institut des hautes \u00e9tudes de d\u00e9fense nationale |\",\"description\":\"Site officiel de l&#039;IHEDN plac\u00e9 sous la tutelle du Premier ministre.\",\"publisher\":{\"@id\":\"https:\\\/\\\/ihedn.fr\\\/#organization\"},\"potentialAction\":[{\"@type\":\"SearchAction\",\"target\":{\"@type\":\"EntryPoint\",\"urlTemplate\":\"https:\\\/\\\/ihedn.fr\\\/?s={search_term_string}\"},\"query-input\":{\"@type\":\"PropertyValueSpecification\",\"valueRequired\":true,\"valueName\":\"search_term_string\"}}],\"inLanguage\":\"en-GB\"},{\"@type\":\"Organization\",\"@id\":\"https:\\\/\\\/ihedn.fr\\\/#organization\",\"name\":\"IHEDN - Institut des Hautes Etudes de D\u00e9fense Nationale\",\"url\":\"https:\\\/\\\/ihedn.fr\\\/\",\"logo\":{\"@type\":\"ImageObject\",\"inLanguage\":\"en-GB\",\"@id\":\"https:\\\/\\\/ihedn.fr\\\/#\\\/schema\\\/logo\\\/image\\\/\",\"url\":\"https:\\\/\\\/ihedn.fr\\\/wp-content\\\/uploads\\\/2020\\\/11\\\/BLOC_RF_IHEDN_WEB.png\",\"contentUrl\":\"https:\\\/\\\/ihedn.fr\\\/wp-content\\\/uploads\\\/2020\\\/11\\\/BLOC_RF_IHEDN_WEB.png\",\"width\":500,\"height\":237,\"caption\":\"IHEDN - Institut des Hautes Etudes de D\u00e9fense Nationale\"},\"image\":{\"@id\":\"https:\\\/\\\/ihedn.fr\\\/#\\\/schema\\\/logo\\\/image\\\/\"},\"sameAs\":[\"https:\\\/\\\/www.facebook.com\\\/ihedn\\\/\",\"https:\\\/\\\/x.com\\\/IHEDN\",\"https:\\\/\\\/www.instagram.com\\\/ihedn\\\/\",\"https:\\\/\\\/www.linkedin.com\\\/school\\\/ihedn\\\/\",\"https:\\\/\\\/fr.wikipedia.org\\\/wiki\\\/Institut_des_hautes_\u00e9tudes_de_D\u00e9fense_nationale\"]},{\"@type\":\"Person\",\"@id\":\"https:\\\/\\\/ihedn.fr\\\/#\\\/schema\\\/person\\\/7a40155595e4efb35323447cb8c8c5a4\",\"name\":\"dev\",\"image\":{\"@type\":\"ImageObject\",\"inLanguage\":\"en-GB\",\"@id\":\"https:\\\/\\\/secure.gravatar.com\\\/avatar\\\/f1ffcac9ca2fa95ad3ec33e9be3ade82f752acb0cabe541e56c5889225afa88a?s=96&d=mm&r=g\",\"url\":\"https:\\\/\\\/secure.gravatar.com\\\/avatar\\\/f1ffcac9ca2fa95ad3ec33e9be3ade82f752acb0cabe541e56c5889225afa88a?s=96&d=mm&r=g\",\"contentUrl\":\"https:\\\/\\\/secure.gravatar.com\\\/avatar\\\/f1ffcac9ca2fa95ad3ec33e9be3ade82f752acb0cabe541e56c5889225afa88a?s=96&d=mm&r=g\",\"caption\":\"dev\"},\"sameAs\":[\"https:\\\/\\\/ihedn.concilium.click\"],\"url\":\"https:\\\/\\\/ihedn.fr\\\/en\\\/author\\\/dev\\\/\"}]}<\/script>\n<!-- \/ Yoast SEO plugin. -->","yoast_head_json":{"title":"Submarine cables: indispensable, invisible... vulnerable? - IHEDN: Institute for Advanced National Defence Studies","description":"On 03 and 04 March, the 221st regional session of the IHEDN came to a close at EUROCORPS in Strasbourg. These two days were an opportunity for the session's 29 auditors to present the conclusions of their work over the four weeks of the session.","robots":{"index":"index","follow":"follow","max-snippet":"max-snippet:-1","max-image-preview":"max-image-preview:large","max-video-preview":"max-video-preview:-1"},"canonical":"https:\/\/ihedn.fr\/en\/comprendre\/veille-strategique\/cables-sous-marins-indispensables-invisibles-vulnerables\/","og_locale":"en_GB","og_type":"article","og_title":"C\u00e2bles sous-marins : indispensables, invisibles\u2026 vuln\u00e9rables\u00a0? - L&#039;IHEDN : Institut des hautes \u00e9tudes de d\u00e9fense nationale","og_description":"Les 03 et 04 mars, la 221e session en r\u00e9gion de l\u2019IHEDN s\u2019est achev\u00e9e au sein de l\u2019EUROCORPS \u00e0 Strasbourg. Ces deux journ\u00e9es auront permis aux 29 auditeurs de cette session de pr\u00e9senter les conclusions des travaux r\u00e9alis\u00e9s au cours des quatre semaines qu\u2019aura dur\u00e9 cette session.","og_url":"https:\/\/ihedn.fr\/en\/comprendre\/veille-strategique\/cables-sous-marins-indispensables-invisibles-vulnerables\/","og_site_name":"L&#039;IHEDN : Institut des hautes \u00e9tudes de d\u00e9fense nationale","article_publisher":"https:\/\/www.facebook.com\/ihedn\/","article_published_time":"2022-11-18T12:54:31+00:00","article_modified_time":"2023-01-06T13:27:33+00:00","author":"dev","twitter_card":"summary_large_image","twitter_creator":"@IHEDN","twitter_site":"@IHEDN","twitter_misc":{"Written by":"dev","Estimated reading time":"1 minute"},"schema":{"@context":"https:\/\/schema.org","@graph":[{"@type":"Article","@id":"https:\/\/ihedn.fr\/comprendre\/veille-strategique\/cables-sous-marins-indispensables-invisibles-vulnerables\/#article","isPartOf":{"@id":"https:\/\/ihedn.fr\/comprendre\/veille-strategique\/cables-sous-marins-indispensables-invisibles-vulnerables\/"},"author":{"name":"dev","@id":"https:\/\/ihedn.fr\/#\/schema\/person\/7a40155595e4efb35323447cb8c8c5a4"},"headline":"C\u00e2bles sous-marins : indispensables, invisibles\u2026 vuln\u00e9rables\u00a0?","datePublished":"2022-11-18T12:54:31+00:00","dateModified":"2023-01-06T13:27:33+00:00","mainEntityOfPage":{"@id":"https:\/\/ihedn.fr\/comprendre\/veille-strategique\/cables-sous-marins-indispensables-invisibles-vulnerables\/"},"wordCount":24,"publisher":{"@id":"https:\/\/ihedn.fr\/#organization"},"articleSection":["podcast","Veille strat\u00e9gique"],"inLanguage":"en-GB"},{"@type":"WebPage","@id":"https:\/\/ihedn.fr\/comprendre\/veille-strategique\/cables-sous-marins-indispensables-invisibles-vulnerables\/","url":"https:\/\/ihedn.fr\/comprendre\/veille-strategique\/cables-sous-marins-indispensables-invisibles-vulnerables\/","name":"Submarine cables: indispensable, invisible... vulnerable? - IHEDN: Institute for Advanced National Defence Studies","isPartOf":{"@id":"https:\/\/ihedn.fr\/#website"},"datePublished":"2022-11-18T12:54:31+00:00","dateModified":"2023-01-06T13:27:33+00:00","description":"On 03 and 04 March, the 221st regional session of the IHEDN came to a close at EUROCORPS in Strasbourg. These two days were an opportunity for the session's 29 auditors to present the conclusions of their work over the four weeks of the session.","breadcrumb":{"@id":"https:\/\/ihedn.fr\/comprendre\/veille-strategique\/cables-sous-marins-indispensables-invisibles-vulnerables\/#breadcrumb"},"inLanguage":"en-GB","potentialAction":[{"@type":"ReadAction","target":["https:\/\/ihedn.fr\/comprendre\/veille-strategique\/cables-sous-marins-indispensables-invisibles-vulnerables\/"]}]},{"@type":"BreadcrumbList","@id":"https:\/\/ihedn.fr\/comprendre\/veille-strategique\/cables-sous-marins-indispensables-invisibles-vulnerables\/#breadcrumb","itemListElement":[{"@type":"ListItem","position":1,"name":"Accueil","item":"https:\/\/ihedn.fr\/"},{"@type":"ListItem","position":2,"name":"C\u00e2bles sous-marins : indispensables, invisibles\u2026 vuln\u00e9rables\u00a0?"}]},{"@type":"WebSite","@id":"https:\/\/ihedn.fr\/#website","url":"https:\/\/ihedn.fr\/","name":"IHEDN: Institut des hautes \u00e9tudes de d\u00e9fense nationale (Institute for Higher National Defence Studies)","description":"Official website of the IHEDN under the supervision of the Prime Minister.","publisher":{"@id":"https:\/\/ihedn.fr\/#organization"},"potentialAction":[{"@type":"SearchAction","target":{"@type":"EntryPoint","urlTemplate":"https:\/\/ihedn.fr\/?s={search_term_string}"},"query-input":{"@type":"PropertyValueSpecification","valueRequired":true,"valueName":"search_term_string"}}],"inLanguage":"en-GB"},{"@type":"Organization","@id":"https:\/\/ihedn.fr\/#organization","name":"IHEDN - Institute for Higher National Defence Studies","url":"https:\/\/ihedn.fr\/","logo":{"@type":"ImageObject","inLanguage":"en-GB","@id":"https:\/\/ihedn.fr\/#\/schema\/logo\/image\/","url":"https:\/\/ihedn.fr\/wp-content\/uploads\/2020\/11\/BLOC_RF_IHEDN_WEB.png","contentUrl":"https:\/\/ihedn.fr\/wp-content\/uploads\/2020\/11\/BLOC_RF_IHEDN_WEB.png","width":500,"height":237,"caption":"IHEDN - Institut des Hautes Etudes de D\u00e9fense Nationale"},"image":{"@id":"https:\/\/ihedn.fr\/#\/schema\/logo\/image\/"},"sameAs":["https:\/\/www.facebook.com\/ihedn\/","https:\/\/x.com\/IHEDN","https:\/\/www.instagram.com\/ihedn\/","https:\/\/www.linkedin.com\/school\/ihedn\/","https:\/\/fr.wikipedia.org\/wiki\/Institut_des_hautes_\u00e9tudes_de_D\u00e9fense_nationale"]},{"@type":"Person","@id":"https:\/\/ihedn.fr\/#\/schema\/person\/7a40155595e4efb35323447cb8c8c5a4","name":"dev","image":{"@type":"ImageObject","inLanguage":"en-GB","@id":"https:\/\/secure.gravatar.com\/avatar\/f1ffcac9ca2fa95ad3ec33e9be3ade82f752acb0cabe541e56c5889225afa88a?s=96&d=mm&r=g","url":"https:\/\/secure.gravatar.com\/avatar\/f1ffcac9ca2fa95ad3ec33e9be3ade82f752acb0cabe541e56c5889225afa88a?s=96&d=mm&r=g","contentUrl":"https:\/\/secure.gravatar.com\/avatar\/f1ffcac9ca2fa95ad3ec33e9be3ade82f752acb0cabe541e56c5889225afa88a?s=96&d=mm&r=g","caption":"dev"},"sameAs":["https:\/\/ihedn.concilium.click"],"url":"https:\/\/ihedn.fr\/en\/author\/dev\/"}]}},"publishpress_future_action":{"enabled":false,"date":"2026-05-09 05:10:33","action":"change-status","newStatus":"draft","terms":[],"taxonomy":"category","extraData":[]},"publishpress_future_workflow_manual_trigger":{"enabledWorkflows":[]},"_links":{"self":[{"href":"https:\/\/ihedn.fr\/en\/wp-json\/wp\/v2\/posts\/29205","targetHints":{"allow":["GET"]}}],"collection":[{"href":"https:\/\/ihedn.fr\/en\/wp-json\/wp\/v2\/posts"}],"about":[{"href":"https:\/\/ihedn.fr\/en\/wp-json\/wp\/v2\/types\/post"}],"author":[{"embeddable":true,"href":"https:\/\/ihedn.fr\/en\/wp-json\/wp\/v2\/users\/1"}],"replies":[{"embeddable":true,"href":"https:\/\/ihedn.fr\/en\/wp-json\/wp\/v2\/comments?post=29205"}],"version-history":[{"count":4,"href":"https:\/\/ihedn.fr\/en\/wp-json\/wp\/v2\/posts\/29205\/revisions"}],"predecessor-version":[{"id":29209,"href":"https:\/\/ihedn.fr\/en\/wp-json\/wp\/v2\/posts\/29205\/revisions\/29209"}],"wp:attachment":[{"href":"https:\/\/ihedn.fr\/en\/wp-json\/wp\/v2\/media?parent=29205"}],"wp:term":[{"taxonomy":"category","embeddable":true,"href":"https:\/\/ihedn.fr\/en\/wp-json\/wp\/v2\/categories?post=29205"},{"taxonomy":"post_tag","embeddable":true,"href":"https:\/\/ihedn.fr\/en\/wp-json\/wp\/v2\/tags?post=29205"}],"curies":[{"name":"wp","href":"https:\/\/api.w.org\/{rel}","templated":true}]}}