{"id":2966,"date":"2020-10-20T10:00:12","date_gmt":"2020-10-20T08:00:12","guid":{"rendered":"https:\/\/ihedn.concilium.click\/?p=2966"},"modified":"2020-12-23T16:38:02","modified_gmt":"2020-12-23T14:38:02","slug":"gca-patick-destremau-european-advanced-strategic-course-on-security-and-defence","status":"publish","type":"post","link":"https:\/\/ihedn.fr\/en\/mediatheque\/gca-patick-destremau-european-advanced-strategic-course-on-security-and-defence\/","title":{"rendered":"GCA Patick DESTREMAU: European Advanced Strategic Course on Security and Defence"},"content":{"rendered":"<div data-elementor-type=\"wp-post\" data-elementor-id=\"2966\" class=\"elementor elementor-2966\" data-elementor-post-type=\"post\">\n\t\t\t\t\t\t<section data-particle_enable=\"false\" data-particle-mobile-disabled=\"false\" class=\"elementor-section elementor-top-section elementor-element elementor-element-550d39a elementor-section-boxed elementor-section-height-default elementor-section-height-default\" data-id=\"550d39a\" data-element_type=\"section\" data-e-type=\"section\">\n\t\t\t\t\t\t<div class=\"elementor-container elementor-column-gap-default\">\n\t\t\t\t\t<div class=\"elementor-column elementor-col-100 elementor-top-column elementor-element elementor-element-073f975\" data-id=\"073f975\" data-element_type=\"column\" data-e-type=\"column\">\n\t\t\t<div class=\"elementor-widget-wrap elementor-element-populated\">\n\t\t\t\t\t\t<div class=\"elementor-element elementor-element-e16dbc6 elementor-widget elementor-widget-video\" data-id=\"e16dbc6\" data-element_type=\"widget\" data-e-type=\"widget\" data-settings=\"{&quot;youtube_url&quot;:&quot;https:\\\/\\\/vimeo.com\\\/468884536&quot;,&quot;video_type&quot;:&quot;youtube&quot;,&quot;controls&quot;:&quot;yes&quot;}\" data-widget_type=\"video.default\">\n\t\t\t\t<div class=\"elementor-widget-container\">\n\t\t\t\t\t\t\t<div class=\"elementor-wrapper elementor-open-inline\">\n\t\t\t<div class=\"elementor-video\"><\/div>\t\t<\/div>\n\t\t\t\t\t\t<\/div>\n\t\t\t\t<\/div>\n\t\t\t\t\t<\/div>\n\t\t<\/div>\n\t\t\t\t\t<\/div>\n\t\t<\/section>\n\t\t\t\t<section data-particle_enable=\"false\" data-particle-mobile-disabled=\"false\" class=\"elementor-section elementor-top-section elementor-element elementor-element-acdb220 elementor-section-boxed elementor-section-height-default elementor-section-height-default\" data-id=\"acdb220\" data-element_type=\"section\" data-e-type=\"section\">\n\t\t\t\t\t\t<div class=\"elementor-container elementor-column-gap-default\">\n\t\t\t\t\t<div class=\"elementor-column elementor-col-100 elementor-top-column elementor-element elementor-element-920ccb8\" data-id=\"920ccb8\" data-element_type=\"column\" data-e-type=\"column\">\n\t\t\t<div class=\"elementor-widget-wrap elementor-element-populated\">\n\t\t\t\t\t\t<div class=\"elementor-element elementor-element-faaaa08 elementor-widget elementor-widget-text-editor\" data-id=\"faaaa08\" data-element_type=\"widget\" data-e-type=\"widget\" data-widget_type=\"text-editor.default\">\n\t\t\t\t<div class=\"elementor-widget-container\">\n\t\t\t\t\t\t\t\t\t<p>Speaker : <\/p><p>Lt-Gen Patick DESTREMAU<\/p>\t\t\t\t\t\t\t\t<\/div>\n\t\t\t\t<\/div>\n\t\t\t\t<div class=\"elementor-element elementor-element-e7c5e49 elementor-widget elementor-widget-text-editor\" data-id=\"e7c5e49\" data-element_type=\"widget\" data-e-type=\"widget\" data-widget_type=\"text-editor.default\">\n\t\t\t\t<div class=\"elementor-widget-container\">\n\t\t\t\t\t\t\t\t\t<p>The Institut des hautes \u00e9tudes de d\u00e9fense nationale (IHEDN) has been taking part in the second module of the European session on security and defence since Monday 19 October 2020. <strong><em>\"European Advanced Strategic Course on Security and Defence<\/em><\/strong>organised jointly by the Egmont Institute (IRRI) and the Bundesakademie f\u00fcr Sicherheitspolitik (BAKS) in partnership with the European Security and Defence College (ESDC).<\/p>\t\t\t\t\t\t\t\t<\/div>\n\t\t\t\t<\/div>\n\t\t\t\t\t<\/div>\n\t\t<\/div>\n\t\t\t\t\t<\/div>\n\t\t<\/section>\n\t\t\t\t<\/div>","protected":false},"excerpt":{"rendered":"<p>Since Monday 19 October 2020, the Institut des hautes \u00e9tudes de d\u00e9fense nationale (IHEDN) has been taking part in the second module of the European Advanced Strategic Course on Security and Defence, organised jointly with the Egmont Institute (IRRI) and the Bundesakademie f\u00fcr Sicherheitspolitik (BAKS) in partnership with the European Security and Defence College (ESDC).<\/p>","protected":false},"author":1,"featured_media":2974,"comment_status":"closed","ping_status":"closed","sticky":false,"template":"","format":"standard","meta":{"footnotes":""},"categories":[61],"tags":[],"class_list":["post-2966","post","type-post","status-publish","format-standard","has-post-thumbnail","hentry","category-mediatheque"],"yoast_head":"<!-- This site is optimized with the Yoast SEO plugin v27.5 - https:\/\/yoast.com\/product\/yoast-seo-wordpress\/ -->\n<title>GCA Patick DESTREMAU : &quot;European Advanced Strategic Course on Security and Defence&quot; - L&#039;IHEDN : Institut des hautes \u00e9tudes de d\u00e9fense nationale<\/title>\n<meta name=\"robots\" content=\"index, follow, max-snippet:-1, max-image-preview:large, max-video-preview:-1\" \/>\n<link rel=\"canonical\" href=\"https:\/\/ihedn.fr\/en\/mediatheque\/gca-patick-destremau-european-advanced-strategic-course-on-security-and-defence\/\" \/>\n<meta property=\"og:locale\" content=\"en_GB\" \/>\n<meta property=\"og:type\" content=\"article\" \/>\n<meta property=\"og:title\" content=\"GCA Patick DESTREMAU : &quot;European Advanced Strategic Course on Security and Defence&quot; - L&#039;IHEDN : Institut des hautes \u00e9tudes de d\u00e9fense nationale\" \/>\n<meta property=\"og:description\" content=\"L\u2019Institut des hautes \u00e9tudes de d\u00e9fense nationale (IHEDN) participe depuis le lundi 19 octobre 2020 au deuxi\u00e8me module de la session europ\u00e9enne sur la s\u00e9curit\u00e9 et la d\u00e9fense &quot;European Advanced Strategic Course on Security and Defence&quot;, organis\u00e9 conjointement avec L&#039;Institut Egmont (IRRI) et la Bundesakademie f\u00fcr Sicherheitspolitik (BAKS) en partenariat avec le Coll\u00e8ge Europ\u00e9en de S\u00e9curit\u00e9 et de D\u00e9fense (CESD).\" \/>\n<meta property=\"og:url\" content=\"https:\/\/ihedn.fr\/en\/mediatheque\/gca-patick-destremau-european-advanced-strategic-course-on-security-and-defence\/\" \/>\n<meta property=\"og:site_name\" content=\"L&#039;IHEDN : Institut des hautes \u00e9tudes de d\u00e9fense nationale\" \/>\n<meta property=\"article:publisher\" content=\"https:\/\/www.facebook.com\/ihedn\/\" \/>\n<meta property=\"article:published_time\" content=\"2020-10-20T08:00:12+00:00\" \/>\n<meta property=\"article:modified_time\" content=\"2020-12-23T14:38:02+00:00\" \/>\n<meta property=\"og:image\" content=\"https:\/\/ihedn.fr\/wp-content\/uploads\/2020\/10\/ihedn_-_european_advanced_strategic_course_on_security_and_defence_1.jpg\" \/>\n\t<meta property=\"og:image:width\" content=\"575\" \/>\n\t<meta property=\"og:image:height\" content=\"431\" \/>\n\t<meta property=\"og:image:type\" content=\"image\/jpeg\" \/>\n<meta name=\"author\" content=\"dev\" \/>\n<meta name=\"twitter:card\" content=\"summary_large_image\" \/>\n<meta name=\"twitter:creator\" content=\"@IHEDN\" \/>\n<meta name=\"twitter:site\" content=\"@IHEDN\" \/>\n<meta name=\"twitter:label1\" content=\"Written by\" \/>\n\t<meta name=\"twitter:data1\" content=\"dev\" \/>\n<script type=\"application\/ld+json\" class=\"yoast-schema-graph\">{\"@context\":\"https:\\\/\\\/schema.org\",\"@graph\":[{\"@type\":\"Article\",\"@id\":\"https:\\\/\\\/ihedn.fr\\\/mediatheque\\\/gca-patick-destremau-european-advanced-strategic-course-on-security-and-defence\\\/#article\",\"isPartOf\":{\"@id\":\"https:\\\/\\\/ihedn.fr\\\/mediatheque\\\/gca-patick-destremau-european-advanced-strategic-course-on-security-and-defence\\\/\"},\"author\":{\"name\":\"dev\",\"@id\":\"https:\\\/\\\/ihedn.fr\\\/#\\\/schema\\\/person\\\/7a40155595e4efb35323447cb8c8c5a4\"},\"headline\":\"GCA Patick DESTREMAU : \u00ab\u00a0European Advanced Strategic Course on Security and Defence\u00a0\u00bb\",\"datePublished\":\"2020-10-20T08:00:12+00:00\",\"dateModified\":\"2020-12-23T14:38:02+00:00\",\"mainEntityOfPage\":{\"@id\":\"https:\\\/\\\/ihedn.fr\\\/mediatheque\\\/gca-patick-destremau-european-advanced-strategic-course-on-security-and-defence\\\/\"},\"wordCount\":88,\"publisher\":{\"@id\":\"https:\\\/\\\/ihedn.fr\\\/#organization\"},\"image\":{\"@id\":\"https:\\\/\\\/ihedn.fr\\\/mediatheque\\\/gca-patick-destremau-european-advanced-strategic-course-on-security-and-defence\\\/#primaryimage\"},\"thumbnailUrl\":\"https:\\\/\\\/ihedn.fr\\\/wp-content\\\/uploads\\\/2020\\\/10\\\/ihedn_-_european_advanced_strategic_course_on_security_and_defence_1.jpg\",\"articleSection\":[\"M\u00c9DIATHEQUE\"],\"inLanguage\":\"en-GB\"},{\"@type\":\"WebPage\",\"@id\":\"https:\\\/\\\/ihedn.fr\\\/mediatheque\\\/gca-patick-destremau-european-advanced-strategic-course-on-security-and-defence\\\/\",\"url\":\"https:\\\/\\\/ihedn.fr\\\/mediatheque\\\/gca-patick-destremau-european-advanced-strategic-course-on-security-and-defence\\\/\",\"name\":\"GCA Patick DESTREMAU : \\\"European Advanced Strategic Course on Security and Defence\\\" - L&#039;IHEDN : Institut des hautes \u00e9tudes de d\u00e9fense nationale\",\"isPartOf\":{\"@id\":\"https:\\\/\\\/ihedn.fr\\\/#website\"},\"primaryImageOfPage\":{\"@id\":\"https:\\\/\\\/ihedn.fr\\\/mediatheque\\\/gca-patick-destremau-european-advanced-strategic-course-on-security-and-defence\\\/#primaryimage\"},\"image\":{\"@id\":\"https:\\\/\\\/ihedn.fr\\\/mediatheque\\\/gca-patick-destremau-european-advanced-strategic-course-on-security-and-defence\\\/#primaryimage\"},\"thumbnailUrl\":\"https:\\\/\\\/ihedn.fr\\\/wp-content\\\/uploads\\\/2020\\\/10\\\/ihedn_-_european_advanced_strategic_course_on_security_and_defence_1.jpg\",\"datePublished\":\"2020-10-20T08:00:12+00:00\",\"dateModified\":\"2020-12-23T14:38:02+00:00\",\"breadcrumb\":{\"@id\":\"https:\\\/\\\/ihedn.fr\\\/mediatheque\\\/gca-patick-destremau-european-advanced-strategic-course-on-security-and-defence\\\/#breadcrumb\"},\"inLanguage\":\"en-GB\",\"potentialAction\":[{\"@type\":\"ReadAction\",\"target\":[\"https:\\\/\\\/ihedn.fr\\\/mediatheque\\\/gca-patick-destremau-european-advanced-strategic-course-on-security-and-defence\\\/\"]}]},{\"@type\":\"ImageObject\",\"inLanguage\":\"en-GB\",\"@id\":\"https:\\\/\\\/ihedn.fr\\\/mediatheque\\\/gca-patick-destremau-european-advanced-strategic-course-on-security-and-defence\\\/#primaryimage\",\"url\":\"https:\\\/\\\/ihedn.fr\\\/wp-content\\\/uploads\\\/2020\\\/10\\\/ihedn_-_european_advanced_strategic_course_on_security_and_defence_1.jpg\",\"contentUrl\":\"https:\\\/\\\/ihedn.fr\\\/wp-content\\\/uploads\\\/2020\\\/10\\\/ihedn_-_european_advanced_strategic_course_on_security_and_defence_1.jpg\",\"width\":575,\"height\":431,\"caption\":\"\\\"European Advanced Strategic Course on Security and Defence\\\"\"},{\"@type\":\"BreadcrumbList\",\"@id\":\"https:\\\/\\\/ihedn.fr\\\/mediatheque\\\/gca-patick-destremau-european-advanced-strategic-course-on-security-and-defence\\\/#breadcrumb\",\"itemListElement\":[{\"@type\":\"ListItem\",\"position\":1,\"name\":\"Accueil\",\"item\":\"https:\\\/\\\/ihedn.fr\\\/\"},{\"@type\":\"ListItem\",\"position\":2,\"name\":\"GCA Patick DESTREMAU : \u00ab\u00a0European Advanced Strategic Course on Security and Defence\u00a0\u00bb\"}]},{\"@type\":\"WebSite\",\"@id\":\"https:\\\/\\\/ihedn.fr\\\/#website\",\"url\":\"https:\\\/\\\/ihedn.fr\\\/\",\"name\":\"IHEDN : Institut des hautes \u00e9tudes de d\u00e9fense nationale |\",\"description\":\"Site officiel de l&#039;IHEDN plac\u00e9 sous la tutelle du Premier ministre.\",\"publisher\":{\"@id\":\"https:\\\/\\\/ihedn.fr\\\/#organization\"},\"potentialAction\":[{\"@type\":\"SearchAction\",\"target\":{\"@type\":\"EntryPoint\",\"urlTemplate\":\"https:\\\/\\\/ihedn.fr\\\/?s={search_term_string}\"},\"query-input\":{\"@type\":\"PropertyValueSpecification\",\"valueRequired\":true,\"valueName\":\"search_term_string\"}}],\"inLanguage\":\"en-GB\"},{\"@type\":\"Organization\",\"@id\":\"https:\\\/\\\/ihedn.fr\\\/#organization\",\"name\":\"IHEDN - Institut des Hautes Etudes de D\u00e9fense Nationale\",\"url\":\"https:\\\/\\\/ihedn.fr\\\/\",\"logo\":{\"@type\":\"ImageObject\",\"inLanguage\":\"en-GB\",\"@id\":\"https:\\\/\\\/ihedn.fr\\\/#\\\/schema\\\/logo\\\/image\\\/\",\"url\":\"https:\\\/\\\/ihedn.fr\\\/wp-content\\\/uploads\\\/2020\\\/11\\\/BLOC_RF_IHEDN_WEB.png\",\"contentUrl\":\"https:\\\/\\\/ihedn.fr\\\/wp-content\\\/uploads\\\/2020\\\/11\\\/BLOC_RF_IHEDN_WEB.png\",\"width\":500,\"height\":237,\"caption\":\"IHEDN - Institut des Hautes Etudes de D\u00e9fense Nationale\"},\"image\":{\"@id\":\"https:\\\/\\\/ihedn.fr\\\/#\\\/schema\\\/logo\\\/image\\\/\"},\"sameAs\":[\"https:\\\/\\\/www.facebook.com\\\/ihedn\\\/\",\"https:\\\/\\\/x.com\\\/IHEDN\",\"https:\\\/\\\/www.instagram.com\\\/ihedn\\\/\",\"https:\\\/\\\/www.linkedin.com\\\/school\\\/ihedn\\\/\",\"https:\\\/\\\/fr.wikipedia.org\\\/wiki\\\/Institut_des_hautes_\u00e9tudes_de_D\u00e9fense_nationale\"]},{\"@type\":\"Person\",\"@id\":\"https:\\\/\\\/ihedn.fr\\\/#\\\/schema\\\/person\\\/7a40155595e4efb35323447cb8c8c5a4\",\"name\":\"dev\",\"image\":{\"@type\":\"ImageObject\",\"inLanguage\":\"en-GB\",\"@id\":\"https:\\\/\\\/secure.gravatar.com\\\/avatar\\\/f1ffcac9ca2fa95ad3ec33e9be3ade82f752acb0cabe541e56c5889225afa88a?s=96&d=mm&r=g\",\"url\":\"https:\\\/\\\/secure.gravatar.com\\\/avatar\\\/f1ffcac9ca2fa95ad3ec33e9be3ade82f752acb0cabe541e56c5889225afa88a?s=96&d=mm&r=g\",\"contentUrl\":\"https:\\\/\\\/secure.gravatar.com\\\/avatar\\\/f1ffcac9ca2fa95ad3ec33e9be3ade82f752acb0cabe541e56c5889225afa88a?s=96&d=mm&r=g\",\"caption\":\"dev\"},\"sameAs\":[\"https:\\\/\\\/ihedn.concilium.click\"],\"url\":\"https:\\\/\\\/ihedn.fr\\\/en\\\/author\\\/dev\\\/\"}]}<\/script>\n<!-- \/ Yoast SEO plugin. -->","yoast_head_json":{"title":"GCA Patick DESTREMAU : \"European Advanced Strategic Course on Security and Defence\" - L'IHEDN : Institut des hautes \u00e9tudes de d\u00e9fense nationale (French Institute for Higher National Defence Studies)","robots":{"index":"index","follow":"follow","max-snippet":"max-snippet:-1","max-image-preview":"max-image-preview:large","max-video-preview":"max-video-preview:-1"},"canonical":"https:\/\/ihedn.fr\/en\/mediatheque\/gca-patick-destremau-european-advanced-strategic-course-on-security-and-defence\/","og_locale":"en_GB","og_type":"article","og_title":"GCA Patick DESTREMAU : \"European Advanced Strategic Course on Security and Defence\" - L&#039;IHEDN : Institut des hautes \u00e9tudes de d\u00e9fense nationale","og_description":"L\u2019Institut des hautes \u00e9tudes de d\u00e9fense nationale (IHEDN) participe depuis le lundi 19 octobre 2020 au deuxi\u00e8me module de la session europ\u00e9enne sur la s\u00e9curit\u00e9 et la d\u00e9fense \"European Advanced Strategic Course on Security and Defence\", organis\u00e9 conjointement avec L'Institut Egmont (IRRI) et la Bundesakademie f\u00fcr Sicherheitspolitik (BAKS) en partenariat avec le Coll\u00e8ge Europ\u00e9en de S\u00e9curit\u00e9 et de D\u00e9fense (CESD).","og_url":"https:\/\/ihedn.fr\/en\/mediatheque\/gca-patick-destremau-european-advanced-strategic-course-on-security-and-defence\/","og_site_name":"L&#039;IHEDN : Institut des hautes \u00e9tudes de d\u00e9fense nationale","article_publisher":"https:\/\/www.facebook.com\/ihedn\/","article_published_time":"2020-10-20T08:00:12+00:00","article_modified_time":"2020-12-23T14:38:02+00:00","og_image":[{"width":575,"height":431,"url":"https:\/\/ihedn.fr\/wp-content\/uploads\/2020\/10\/ihedn_-_european_advanced_strategic_course_on_security_and_defence_1.jpg","type":"image\/jpeg"}],"author":"dev","twitter_card":"summary_large_image","twitter_creator":"@IHEDN","twitter_site":"@IHEDN","twitter_misc":{"Written by":"dev"},"schema":{"@context":"https:\/\/schema.org","@graph":[{"@type":"Article","@id":"https:\/\/ihedn.fr\/mediatheque\/gca-patick-destremau-european-advanced-strategic-course-on-security-and-defence\/#article","isPartOf":{"@id":"https:\/\/ihedn.fr\/mediatheque\/gca-patick-destremau-european-advanced-strategic-course-on-security-and-defence\/"},"author":{"name":"dev","@id":"https:\/\/ihedn.fr\/#\/schema\/person\/7a40155595e4efb35323447cb8c8c5a4"},"headline":"GCA Patick DESTREMAU : \u00ab\u00a0European Advanced Strategic Course on Security and Defence\u00a0\u00bb","datePublished":"2020-10-20T08:00:12+00:00","dateModified":"2020-12-23T14:38:02+00:00","mainEntityOfPage":{"@id":"https:\/\/ihedn.fr\/mediatheque\/gca-patick-destremau-european-advanced-strategic-course-on-security-and-defence\/"},"wordCount":88,"publisher":{"@id":"https:\/\/ihedn.fr\/#organization"},"image":{"@id":"https:\/\/ihedn.fr\/mediatheque\/gca-patick-destremau-european-advanced-strategic-course-on-security-and-defence\/#primaryimage"},"thumbnailUrl":"https:\/\/ihedn.fr\/wp-content\/uploads\/2020\/10\/ihedn_-_european_advanced_strategic_course_on_security_and_defence_1.jpg","articleSection":["M\u00c9DIATHEQUE"],"inLanguage":"en-GB"},{"@type":"WebPage","@id":"https:\/\/ihedn.fr\/mediatheque\/gca-patick-destremau-european-advanced-strategic-course-on-security-and-defence\/","url":"https:\/\/ihedn.fr\/mediatheque\/gca-patick-destremau-european-advanced-strategic-course-on-security-and-defence\/","name":"GCA Patick DESTREMAU : \"European Advanced Strategic Course on Security and Defence\" - L'IHEDN : Institut des hautes \u00e9tudes de d\u00e9fense nationale (French Institute for Higher National Defence Studies)","isPartOf":{"@id":"https:\/\/ihedn.fr\/#website"},"primaryImageOfPage":{"@id":"https:\/\/ihedn.fr\/mediatheque\/gca-patick-destremau-european-advanced-strategic-course-on-security-and-defence\/#primaryimage"},"image":{"@id":"https:\/\/ihedn.fr\/mediatheque\/gca-patick-destremau-european-advanced-strategic-course-on-security-and-defence\/#primaryimage"},"thumbnailUrl":"https:\/\/ihedn.fr\/wp-content\/uploads\/2020\/10\/ihedn_-_european_advanced_strategic_course_on_security_and_defence_1.jpg","datePublished":"2020-10-20T08:00:12+00:00","dateModified":"2020-12-23T14:38:02+00:00","breadcrumb":{"@id":"https:\/\/ihedn.fr\/mediatheque\/gca-patick-destremau-european-advanced-strategic-course-on-security-and-defence\/#breadcrumb"},"inLanguage":"en-GB","potentialAction":[{"@type":"ReadAction","target":["https:\/\/ihedn.fr\/mediatheque\/gca-patick-destremau-european-advanced-strategic-course-on-security-and-defence\/"]}]},{"@type":"ImageObject","inLanguage":"en-GB","@id":"https:\/\/ihedn.fr\/mediatheque\/gca-patick-destremau-european-advanced-strategic-course-on-security-and-defence\/#primaryimage","url":"https:\/\/ihedn.fr\/wp-content\/uploads\/2020\/10\/ihedn_-_european_advanced_strategic_course_on_security_and_defence_1.jpg","contentUrl":"https:\/\/ihedn.fr\/wp-content\/uploads\/2020\/10\/ihedn_-_european_advanced_strategic_course_on_security_and_defence_1.jpg","width":575,"height":431,"caption":"\"European Advanced Strategic Course on Security and Defence\""},{"@type":"BreadcrumbList","@id":"https:\/\/ihedn.fr\/mediatheque\/gca-patick-destremau-european-advanced-strategic-course-on-security-and-defence\/#breadcrumb","itemListElement":[{"@type":"ListItem","position":1,"name":"Accueil","item":"https:\/\/ihedn.fr\/"},{"@type":"ListItem","position":2,"name":"GCA Patick DESTREMAU : \u00ab\u00a0European Advanced Strategic Course on Security and Defence\u00a0\u00bb"}]},{"@type":"WebSite","@id":"https:\/\/ihedn.fr\/#website","url":"https:\/\/ihedn.fr\/","name":"IHEDN: Institut des hautes \u00e9tudes de d\u00e9fense nationale (Institute for Higher National Defence Studies)","description":"Official website of the IHEDN under the supervision of the Prime Minister.","publisher":{"@id":"https:\/\/ihedn.fr\/#organization"},"potentialAction":[{"@type":"SearchAction","target":{"@type":"EntryPoint","urlTemplate":"https:\/\/ihedn.fr\/?s={search_term_string}"},"query-input":{"@type":"PropertyValueSpecification","valueRequired":true,"valueName":"search_term_string"}}],"inLanguage":"en-GB"},{"@type":"Organization","@id":"https:\/\/ihedn.fr\/#organization","name":"IHEDN - Institute for Higher National Defence Studies","url":"https:\/\/ihedn.fr\/","logo":{"@type":"ImageObject","inLanguage":"en-GB","@id":"https:\/\/ihedn.fr\/#\/schema\/logo\/image\/","url":"https:\/\/ihedn.fr\/wp-content\/uploads\/2020\/11\/BLOC_RF_IHEDN_WEB.png","contentUrl":"https:\/\/ihedn.fr\/wp-content\/uploads\/2020\/11\/BLOC_RF_IHEDN_WEB.png","width":500,"height":237,"caption":"IHEDN - Institut des Hautes Etudes de D\u00e9fense Nationale"},"image":{"@id":"https:\/\/ihedn.fr\/#\/schema\/logo\/image\/"},"sameAs":["https:\/\/www.facebook.com\/ihedn\/","https:\/\/x.com\/IHEDN","https:\/\/www.instagram.com\/ihedn\/","https:\/\/www.linkedin.com\/school\/ihedn\/","https:\/\/fr.wikipedia.org\/wiki\/Institut_des_hautes_\u00e9tudes_de_D\u00e9fense_nationale"]},{"@type":"Person","@id":"https:\/\/ihedn.fr\/#\/schema\/person\/7a40155595e4efb35323447cb8c8c5a4","name":"dev","image":{"@type":"ImageObject","inLanguage":"en-GB","@id":"https:\/\/secure.gravatar.com\/avatar\/f1ffcac9ca2fa95ad3ec33e9be3ade82f752acb0cabe541e56c5889225afa88a?s=96&d=mm&r=g","url":"https:\/\/secure.gravatar.com\/avatar\/f1ffcac9ca2fa95ad3ec33e9be3ade82f752acb0cabe541e56c5889225afa88a?s=96&d=mm&r=g","contentUrl":"https:\/\/secure.gravatar.com\/avatar\/f1ffcac9ca2fa95ad3ec33e9be3ade82f752acb0cabe541e56c5889225afa88a?s=96&d=mm&r=g","caption":"dev"},"sameAs":["https:\/\/ihedn.concilium.click"],"url":"https:\/\/ihedn.fr\/en\/author\/dev\/"}]}},"publishpress_future_action":{"enabled":false,"date":"2026-05-06 07:05:39","action":"change-status","newStatus":"draft","terms":[],"taxonomy":"category","extraData":[]},"publishpress_future_workflow_manual_trigger":{"enabledWorkflows":[]},"_links":{"self":[{"href":"https:\/\/ihedn.fr\/en\/wp-json\/wp\/v2\/posts\/2966","targetHints":{"allow":["GET"]}}],"collection":[{"href":"https:\/\/ihedn.fr\/en\/wp-json\/wp\/v2\/posts"}],"about":[{"href":"https:\/\/ihedn.fr\/en\/wp-json\/wp\/v2\/types\/post"}],"author":[{"embeddable":true,"href":"https:\/\/ihedn.fr\/en\/wp-json\/wp\/v2\/users\/1"}],"replies":[{"embeddable":true,"href":"https:\/\/ihedn.fr\/en\/wp-json\/wp\/v2\/comments?post=2966"}],"version-history":[{"count":5,"href":"https:\/\/ihedn.fr\/en\/wp-json\/wp\/v2\/posts\/2966\/revisions"}],"predecessor-version":[{"id":2975,"href":"https:\/\/ihedn.fr\/en\/wp-json\/wp\/v2\/posts\/2966\/revisions\/2975"}],"wp:featuredmedia":[{"embeddable":true,"href":"https:\/\/ihedn.fr\/en\/wp-json\/wp\/v2\/media\/2974"}],"wp:attachment":[{"href":"https:\/\/ihedn.fr\/en\/wp-json\/wp\/v2\/media?parent=2966"}],"wp:term":[{"taxonomy":"category","embeddable":true,"href":"https:\/\/ihedn.fr\/en\/wp-json\/wp\/v2\/categories?post=2966"},{"taxonomy":"post_tag","embeddable":true,"href":"https:\/\/ihedn.fr\/en\/wp-json\/wp\/v2\/tags?post=2966"}],"curies":[{"name":"wp","href":"https:\/\/api.w.org\/{rel}","templated":true}]}}