{"id":29919,"date":"2022-12-07T15:00:10","date_gmt":"2022-12-07T14:00:10","guid":{"rendered":"https:\/\/ihedn.fr\/?p=29919"},"modified":"2025-05-27T08:30:27","modified_gmt":"2025-05-27T07:30:27","slug":"la-creation-des-trinomes-academiques-ou-une-nouvelle-impulsion-donnee-a-lenseignement-de-la-defense-par-lunion-ihedn","status":"publish","type":"post","link":"https:\/\/ihedn.fr\/en\/notre-histoire\/la-creation-des-trinomes-academiques-ou-une-nouvelle-impulsion-donnee-a-lenseignement-de-la-defense-par-lunion-ihedn\/","title":{"rendered":"The creation of \"academic trinomials\" or a new impetus given to defence education by the Union-IHEDN"},"content":{"rendered":"\t\t<div data-elementor-type=\"wp-post\" data-elementor-id=\"29919\" class=\"elementor elementor-29919\" data-elementor-post-type=\"post\">\n\t\t\t\t<div data-particle_enable=\"false\" data-particle-mobile-disabled=\"false\" class=\"elementor-element elementor-element-752115e e-flex e-con-boxed e-con e-parent\" data-id=\"752115e\" data-element_type=\"container\" data-e-type=\"container\">\n\t\t\t\t\t<div class=\"e-con-inner\">\n\t\t\t\t<div class=\"elementor-element elementor-element-f7d5372 elementor-widget elementor-widget-text-editor\" data-id=\"f7d5372\" data-element_type=\"widget\" data-e-type=\"widget\" data-widget_type=\"text-editor.default\">\n\t\t\t\t<div class=\"elementor-widget-container\">\n\t\t\t\t\t\t\t\t\t<p style=\"text-align: left;\">Quelques ann\u00e9es auparavant, un premier protocole d\u2019accord avait \u00e9t\u00e9 sign\u00e9 le 23 septembre 1982 sur la corvette <em>Montcalm<\/em>, au mouillage en baie de Cavalaire entre Charles Hernu et Alain Savary en pr\u00e9sence du chef d\u2019\u00e9tat-major des arm\u00e9es et des chefs d\u2019\u00e9tat-major de chaque arm\u00e9e. Comme le rappelle le pr\u00e9ambule du protocole <em>\u00ab\u00a0l\u2019\u00e9ducation est un acte global qui n\u2019est pas r\u00e9ductible aux activit\u00e9s scolaires, l\u2019esprit de d\u00e9fense est une attitude civique qui n\u2019est pas limit\u00e9e aux activit\u00e9s militaires\u00a0\u00bb. Une affirmation qui fait directement \u00e9cho \u00e0 la politique d\u2019ouverture des sessions r\u00e9gionales <\/em>aux repr\u00e9sentants de l\u2019enseignement primaire, secondaire et technique. Une organisation d\u00e9concentr\u00e9e au niveau des acad\u00e9mies est pr\u00e9vue sous l\u2019autorit\u00e9 d\u2019un recteur, ce dernier assist\u00e9 de l\u2019autorit\u00e9 militaire territoriale et du pr\u00e9sident de l\u2019association r\u00e9gionale de l\u2019IHEDN. Ce dispositif suscite dans les mois qui suivent une vive r\u00e9action \u00e0 gauche. Le danger d\u2019embrigadement des jeunes est point\u00e9, comme celui de m\u00e9lange des genres. \u00ab\u00a0L\u2019\u00e9cole antichambre de la caserne\u00a0?\u00a0\u00bb, interroge Alain R\u00e9mond dans <em>T\u00e9l\u00e9rama<\/em>\u2026 Une mobilisation qui n\u2019est sans doute pas \u00e9trang\u00e8re \u00e0 la faiblesse des r\u00e9sultats enregistr\u00e9s dans les ann\u00e9es qui suivent.<\/p><p style=\"text-align: left;\">Le dispositif est donc relanc\u00e9 en 1987. Trois comit\u00e9s sont r\u00e9activ\u00e9s, se souviendra Louis Quinio, alors pr\u00e9sident de l\u2019UA-IHEDN\u00a0: \u00ab\u00a0A,\u00a0pour les documents p\u00e9dagogiques\u00a0; B,\u00a0pour la formation des enseignants en mati\u00e8re de d\u00e9fense\u00a0; et C,\u00a0sur l\u2019enseignement de la d\u00e9fense \u00e0 l\u2019\u00e9cole.\u00a0\u00bb Innovation importante, on demande alors \u00e0 l\u2019UA-IHEDN de s\u2019impliquer et Quinio devient copr\u00e9sident du troisi\u00e8me groupe. Cette implication des anciens auditeurs va probablement jouer un r\u00f4le important dans la mise en route effective du syst\u00e8me. Elle permet en effet de sortir du t\u00eate-\u00e0-t\u00eate entre l\u2019\u00c9ducation nationale et la D\u00e9fense et de r\u00e9pondre \u00e0 l\u2019accusation de militarisation de l\u2019\u00e9cole puisque la majorit\u00e9 des anciens auditeurs est constitu\u00e9e de civils.<\/p><p style=\"text-align: left;\">Les rapports r\u00e9dig\u00e9s par chaque comit\u00e9 sont pr\u00e9sent\u00e9s le 8\u00a0d\u00e9cembre 1987. Ils proposent une \u00ab\u00a0organisation originale, d\u00e9centralis\u00e9e au niveau des acad\u00e9mies, associant les trois autorit\u00e9s, le recteur, le responsable militaire territorial et le pr\u00e9sident de l\u2019association r\u00e9gionale de l\u2019IHEDN. Chacune d\u00e9signe un repr\u00e9sentant charg\u00e9 de la mise en \u0153uvre des actions de formation. Ces trois repr\u00e9sentants constituent le \u201ftrin\u00f4me acad\u00e9mique\u201d en fonction de trois principes\u00a0: la notion de d\u00e9fense prise dans son sens global (militaire, civile et \u00e9conomique), une participation active des associations d\u2019anciens auditeurs de l\u2019IHEDN, une d\u00e9concentration au niveau des acad\u00e9mies. Un programme g\u00e9n\u00e9ral de vingt-huit th\u00e8mes est \u00e9tabli. Il traite de la g\u00e9opolitique et de la d\u00e9fense globale, civile et militaire. Les conf\u00e9rences seront faites par des professeurs sp\u00e9cialis\u00e9s, des officiers d\u2019active ou de r\u00e9serve, des fonctionnaires et des [anciens] auditeurs de l\u2019IHEDN b\u00e9n\u00e9voles\u00a0\u00bb.<\/p><p style=\"text-align: left;\">Du 15 au 20 f\u00e9vrier 1988, les vingt-cinq trin\u00f4mes constitu\u00e9s initialement sont r\u00e9unis pour un stage de formation. Durant l\u2019ann\u00e9e scolaire suivante, 53 op\u00e9rations sont r\u00e9alis\u00e9es, donnant lieu \u00e0 84 conf\u00e9rences, et touchant 2\u00a0643\u00a0enseignants. En 1995-1996, ce sont 96 op\u00e9rations qui ont lieu, avec 292 conf\u00e9rences et 106 visites, profitant \u00e0 4\u00a0000 enseignants au total. Entretemps, un nouveau protocole a \u00e9t\u00e9 sign\u00e9 en 1989, puis en 1995. Cette mise \u00e0 jour aura lieu par la suite selon un rythme d\u00e9cennal (2007, 2016). Imagin\u00e9s \u00e0 l\u2019heure de la Guerre froide, les trin\u00f4mes auront vu leur raison d\u2019\u00eatre renforc\u00e9e par son d\u00e9nouement, qui a provoqu\u00e9 la suspension de la conscription, d\u00e9cid\u00e9e en 1996, effective en 2001.<\/p>\t\t\t\t\t\t\t\t<\/div>\n\t\t\t\t<\/div>\n\t\t\t\t\t<\/div>\n\t\t\t\t<\/div>\n\t\t\t\t<\/div>\n\t\t","protected":false},"excerpt":{"rendered":"<p><strong><em><span style=\"color: #c80a23;\">Episode 3<\/span><\/em><\/strong><br \/>\nOn 8 December 1987, the presentation of reports by the Union of Associations of Former IHEDN Auditors (UA-IHEDN) led to the creation of \"academic trinomials\" involving the Ministries of Defence and Education and the UA-IHEDN.<\/p>","protected":false},"author":1,"featured_media":30671,"comment_status":"closed","ping_status":"closed","sticky":false,"template":"","format":"standard","meta":{"footnotes":""},"categories":[254],"tags":[],"class_list":["post-29919","post","type-post","status-publish","format-standard","has-post-thumbnail","hentry","category-notre-histoire"],"yoast_head":"<!-- This site is optimized with the Yoast SEO plugin v27.5 - https:\/\/yoast.com\/product\/yoast-seo-wordpress\/ -->\n<title>La cr\u00e9ation des \u00ab trin\u00f4mes acad\u00e9miques \u00bb ou une nouvelle impulsion donn\u00e9e \u00e0 l\u2019enseignement de la d\u00e9fense par l\u2019Union-IHEDN - L&#039;IHEDN : Institut des hautes \u00e9tudes de d\u00e9fense nationale<\/title>\n<meta name=\"description\" content=\"Le 8 d\u00e9cembre 1987, la pr\u00e9sentation des rapports pr\u00e9sent\u00e9s par l\u2019Union des associations des anciens auditeurs de l\u2019IHEDN (UA-IHEDN) instaure les \u00ab trin\u00f4mes acad\u00e9miques \u00bb en associant les minist\u00e8res de la D\u00e9fense, de l\u2019\u00c9ducation nationale et l\u2019UA-IHEDN. C\u2019est un \u00e9v\u00e9nement majeur dans l\u2019histoire de l\u2019enseignement de d\u00e9fense.\" \/>\n<meta name=\"robots\" content=\"index, follow, max-snippet:-1, max-image-preview:large, max-video-preview:-1\" \/>\n<link rel=\"canonical\" href=\"https:\/\/ihedn.fr\/en\/notre-histoire\/la-creation-des-trinomes-academiques-ou-une-nouvelle-impulsion-donnee-a-lenseignement-de-la-defense-par-lunion-ihedn\/\" \/>\n<meta property=\"og:locale\" content=\"en_GB\" \/>\n<meta property=\"og:type\" content=\"article\" \/>\n<meta property=\"og:title\" content=\"La cr\u00e9ation des \u00ab trin\u00f4mes acad\u00e9miques \u00bb ou une nouvelle impulsion donn\u00e9e \u00e0 l\u2019enseignement de la d\u00e9fense par l\u2019Union-IHEDN\" \/>\n<meta property=\"og:description\" content=\"Le 8 d\u00e9cembre 1987, la pr\u00e9sentation des rapports pr\u00e9sent\u00e9s par l\u2019Union des associations des anciens auditeurs de l\u2019IHEDN (UA-IHEDN) instaure les \u00ab trin\u00f4mes acad\u00e9miques \u00bb en associant les minist\u00e8res de la D\u00e9fense, de l\u2019\u00c9ducation nationale et l\u2019UA-IHEDN. C\u2019est un \u00e9v\u00e9nement majeur dans l\u2019histoire de l\u2019enseignement de d\u00e9fense.\" \/>\n<meta property=\"og:url\" content=\"https:\/\/ihedn.fr\/en\/notre-histoire\/la-creation-des-trinomes-academiques-ou-une-nouvelle-impulsion-donnee-a-lenseignement-de-la-defense-par-lunion-ihedn\/\" \/>\n<meta property=\"og:site_name\" content=\"L&#039;IHEDN : Institut des hautes \u00e9tudes de d\u00e9fense nationale\" \/>\n<meta property=\"article:publisher\" content=\"https:\/\/www.facebook.com\/ihedn\/\" \/>\n<meta property=\"article:published_time\" content=\"2022-12-07T14:00:10+00:00\" \/>\n<meta property=\"article:modified_time\" content=\"2025-05-27T07:30:27+00:00\" \/>\n<meta property=\"og:image\" content=\"https:\/\/ihedn.fr\/wp-content\/uploads\/2022\/12\/IHEDN_VENDREDILECTURE_TRINOMES-ACADEMIQUES.jpg\" \/>\n\t<meta property=\"og:image:width\" content=\"928\" \/>\n\t<meta property=\"og:image:height\" content=\"1294\" \/>\n\t<meta property=\"og:image:type\" content=\"image\/jpeg\" \/>\n<meta name=\"author\" content=\"dev\" \/>\n<meta name=\"twitter:card\" content=\"summary_large_image\" \/>\n<meta name=\"twitter:title\" content=\"La cr\u00e9ation des \u00ab trin\u00f4mes acad\u00e9miques \u00bb ou une nouvelle impulsion donn\u00e9e \u00e0 l\u2019enseignement de la d\u00e9fense par l\u2019Union-IHEDN\" \/>\n<meta name=\"twitter:description\" content=\"Le 8 d\u00e9cembre 1987, la pr\u00e9sentation des rapports pr\u00e9sent\u00e9s par l\u2019Union des associations des anciens auditeurs de l\u2019IHEDN (UA-IHEDN) instaure les \u00ab trin\u00f4mes acad\u00e9miques \u00bb en associant les minist\u00e8res de la D\u00e9fense, de l\u2019\u00c9ducation nationale et l\u2019UA-IHEDN. C\u2019est un \u00e9v\u00e9nement majeur dans l\u2019histoire de l\u2019enseignement de d\u00e9fense.\" \/>\n<meta name=\"twitter:image\" content=\"https:\/\/ihedn.fr\/wp-content\/uploads\/2022\/12\/IHEDN_VENDREDILECTURE_TRINOMES-ACADEMIQUES.jpg\" \/>\n<meta name=\"twitter:creator\" content=\"@IHEDN\" \/>\n<meta name=\"twitter:site\" content=\"@IHEDN\" \/>\n<meta name=\"twitter:label1\" content=\"Written by\" \/>\n\t<meta name=\"twitter:data1\" content=\"dev\" \/>\n\t<meta name=\"twitter:label2\" content=\"Estimated reading time\" \/>\n\t<meta name=\"twitter:data2\" content=\"4 minutes\" \/>\n<script type=\"application\/ld+json\" class=\"yoast-schema-graph\">{\"@context\":\"https:\\\/\\\/schema.org\",\"@graph\":[{\"@type\":\"Article\",\"@id\":\"https:\\\/\\\/ihedn.fr\\\/notre-histoire\\\/la-creation-des-trinomes-academiques-ou-une-nouvelle-impulsion-donnee-a-lenseignement-de-la-defense-par-lunion-ihedn\\\/#article\",\"isPartOf\":{\"@id\":\"https:\\\/\\\/ihedn.fr\\\/notre-histoire\\\/la-creation-des-trinomes-academiques-ou-une-nouvelle-impulsion-donnee-a-lenseignement-de-la-defense-par-lunion-ihedn\\\/\"},\"author\":{\"name\":\"dev\",\"@id\":\"https:\\\/\\\/ihedn.fr\\\/#\\\/schema\\\/person\\\/7a40155595e4efb35323447cb8c8c5a4\"},\"headline\":\"La cr\u00e9ation des \u00ab trin\u00f4mes acad\u00e9miques \u00bb ou une nouvelle impulsion donn\u00e9e \u00e0 l\u2019enseignement de la d\u00e9fense par l\u2019Union-IHEDN\",\"datePublished\":\"2022-12-07T14:00:10+00:00\",\"dateModified\":\"2025-05-27T07:30:27+00:00\",\"mainEntityOfPage\":{\"@id\":\"https:\\\/\\\/ihedn.fr\\\/notre-histoire\\\/la-creation-des-trinomes-academiques-ou-une-nouvelle-impulsion-donnee-a-lenseignement-de-la-defense-par-lunion-ihedn\\\/\"},\"wordCount\":664,\"publisher\":{\"@id\":\"https:\\\/\\\/ihedn.fr\\\/#organization\"},\"image\":{\"@id\":\"https:\\\/\\\/ihedn.fr\\\/notre-histoire\\\/la-creation-des-trinomes-academiques-ou-une-nouvelle-impulsion-donnee-a-lenseignement-de-la-defense-par-lunion-ihedn\\\/#primaryimage\"},\"thumbnailUrl\":\"https:\\\/\\\/ihedn.fr\\\/wp-content\\\/uploads\\\/2022\\\/12\\\/IHEDN_VENDREDILECTURE_TRINOMES-ACADEMIQUES-1.jpg\",\"articleSection\":[\"notre-histoire\"],\"inLanguage\":\"en-GB\"},{\"@type\":\"WebPage\",\"@id\":\"https:\\\/\\\/ihedn.fr\\\/notre-histoire\\\/la-creation-des-trinomes-academiques-ou-une-nouvelle-impulsion-donnee-a-lenseignement-de-la-defense-par-lunion-ihedn\\\/\",\"url\":\"https:\\\/\\\/ihedn.fr\\\/notre-histoire\\\/la-creation-des-trinomes-academiques-ou-une-nouvelle-impulsion-donnee-a-lenseignement-de-la-defense-par-lunion-ihedn\\\/\",\"name\":\"La cr\u00e9ation des \u00ab trin\u00f4mes acad\u00e9miques \u00bb ou une nouvelle impulsion donn\u00e9e \u00e0 l\u2019enseignement de la d\u00e9fense par l\u2019Union-IHEDN - L&#039;IHEDN : Institut des hautes \u00e9tudes de d\u00e9fense nationale\",\"isPartOf\":{\"@id\":\"https:\\\/\\\/ihedn.fr\\\/#website\"},\"primaryImageOfPage\":{\"@id\":\"https:\\\/\\\/ihedn.fr\\\/notre-histoire\\\/la-creation-des-trinomes-academiques-ou-une-nouvelle-impulsion-donnee-a-lenseignement-de-la-defense-par-lunion-ihedn\\\/#primaryimage\"},\"image\":{\"@id\":\"https:\\\/\\\/ihedn.fr\\\/notre-histoire\\\/la-creation-des-trinomes-academiques-ou-une-nouvelle-impulsion-donnee-a-lenseignement-de-la-defense-par-lunion-ihedn\\\/#primaryimage\"},\"thumbnailUrl\":\"https:\\\/\\\/ihedn.fr\\\/wp-content\\\/uploads\\\/2022\\\/12\\\/IHEDN_VENDREDILECTURE_TRINOMES-ACADEMIQUES-1.jpg\",\"datePublished\":\"2022-12-07T14:00:10+00:00\",\"dateModified\":\"2025-05-27T07:30:27+00:00\",\"description\":\"Le 8 d\u00e9cembre 1987, la pr\u00e9sentation des rapports pr\u00e9sent\u00e9s par l\u2019Union des associations des anciens auditeurs de l\u2019IHEDN (UA-IHEDN) instaure les \u00ab trin\u00f4mes acad\u00e9miques \u00bb en associant les minist\u00e8res de la D\u00e9fense, de l\u2019\u00c9ducation nationale et l\u2019UA-IHEDN. C\u2019est un \u00e9v\u00e9nement majeur dans l\u2019histoire de l\u2019enseignement de d\u00e9fense.\",\"breadcrumb\":{\"@id\":\"https:\\\/\\\/ihedn.fr\\\/notre-histoire\\\/la-creation-des-trinomes-academiques-ou-une-nouvelle-impulsion-donnee-a-lenseignement-de-la-defense-par-lunion-ihedn\\\/#breadcrumb\"},\"inLanguage\":\"en-GB\",\"potentialAction\":[{\"@type\":\"ReadAction\",\"target\":[\"https:\\\/\\\/ihedn.fr\\\/notre-histoire\\\/la-creation-des-trinomes-academiques-ou-une-nouvelle-impulsion-donnee-a-lenseignement-de-la-defense-par-lunion-ihedn\\\/\"]}]},{\"@type\":\"ImageObject\",\"inLanguage\":\"en-GB\",\"@id\":\"https:\\\/\\\/ihedn.fr\\\/notre-histoire\\\/la-creation-des-trinomes-academiques-ou-une-nouvelle-impulsion-donnee-a-lenseignement-de-la-defense-par-lunion-ihedn\\\/#primaryimage\",\"url\":\"https:\\\/\\\/ihedn.fr\\\/wp-content\\\/uploads\\\/2022\\\/12\\\/IHEDN_VENDREDILECTURE_TRINOMES-ACADEMIQUES-1.jpg\",\"contentUrl\":\"https:\\\/\\\/ihedn.fr\\\/wp-content\\\/uploads\\\/2022\\\/12\\\/IHEDN_VENDREDILECTURE_TRINOMES-ACADEMIQUES-1.jpg\",\"width\":928,\"height\":1294},{\"@type\":\"BreadcrumbList\",\"@id\":\"https:\\\/\\\/ihedn.fr\\\/notre-histoire\\\/la-creation-des-trinomes-academiques-ou-une-nouvelle-impulsion-donnee-a-lenseignement-de-la-defense-par-lunion-ihedn\\\/#breadcrumb\",\"itemListElement\":[{\"@type\":\"ListItem\",\"position\":1,\"name\":\"Accueil\",\"item\":\"https:\\\/\\\/ihedn.fr\\\/\"},{\"@type\":\"ListItem\",\"position\":2,\"name\":\"La cr\u00e9ation des \u00ab trin\u00f4mes acad\u00e9miques \u00bb ou une nouvelle impulsion donn\u00e9e \u00e0 l\u2019enseignement de la d\u00e9fense par l\u2019Union-IHEDN\"}]},{\"@type\":\"WebSite\",\"@id\":\"https:\\\/\\\/ihedn.fr\\\/#website\",\"url\":\"https:\\\/\\\/ihedn.fr\\\/\",\"name\":\"IHEDN : Institut des hautes \u00e9tudes de d\u00e9fense nationale |\",\"description\":\"Site officiel de l&#039;IHEDN plac\u00e9 sous la tutelle du Premier ministre.\",\"publisher\":{\"@id\":\"https:\\\/\\\/ihedn.fr\\\/#organization\"},\"potentialAction\":[{\"@type\":\"SearchAction\",\"target\":{\"@type\":\"EntryPoint\",\"urlTemplate\":\"https:\\\/\\\/ihedn.fr\\\/?s={search_term_string}\"},\"query-input\":{\"@type\":\"PropertyValueSpecification\",\"valueRequired\":true,\"valueName\":\"search_term_string\"}}],\"inLanguage\":\"en-GB\"},{\"@type\":\"Organization\",\"@id\":\"https:\\\/\\\/ihedn.fr\\\/#organization\",\"name\":\"IHEDN - Institut des Hautes Etudes de D\u00e9fense Nationale\",\"url\":\"https:\\\/\\\/ihedn.fr\\\/\",\"logo\":{\"@type\":\"ImageObject\",\"inLanguage\":\"en-GB\",\"@id\":\"https:\\\/\\\/ihedn.fr\\\/#\\\/schema\\\/logo\\\/image\\\/\",\"url\":\"https:\\\/\\\/ihedn.fr\\\/wp-content\\\/uploads\\\/2020\\\/11\\\/BLOC_RF_IHEDN_WEB.png\",\"contentUrl\":\"https:\\\/\\\/ihedn.fr\\\/wp-content\\\/uploads\\\/2020\\\/11\\\/BLOC_RF_IHEDN_WEB.png\",\"width\":500,\"height\":237,\"caption\":\"IHEDN - Institut des Hautes Etudes de D\u00e9fense Nationale\"},\"image\":{\"@id\":\"https:\\\/\\\/ihedn.fr\\\/#\\\/schema\\\/logo\\\/image\\\/\"},\"sameAs\":[\"https:\\\/\\\/www.facebook.com\\\/ihedn\\\/\",\"https:\\\/\\\/x.com\\\/IHEDN\",\"https:\\\/\\\/www.instagram.com\\\/ihedn\\\/\",\"https:\\\/\\\/www.linkedin.com\\\/school\\\/ihedn\\\/\",\"https:\\\/\\\/fr.wikipedia.org\\\/wiki\\\/Institut_des_hautes_\u00e9tudes_de_D\u00e9fense_nationale\"]},{\"@type\":\"Person\",\"@id\":\"https:\\\/\\\/ihedn.fr\\\/#\\\/schema\\\/person\\\/7a40155595e4efb35323447cb8c8c5a4\",\"name\":\"dev\",\"image\":{\"@type\":\"ImageObject\",\"inLanguage\":\"en-GB\",\"@id\":\"https:\\\/\\\/secure.gravatar.com\\\/avatar\\\/f1ffcac9ca2fa95ad3ec33e9be3ade82f752acb0cabe541e56c5889225afa88a?s=96&d=mm&r=g\",\"url\":\"https:\\\/\\\/secure.gravatar.com\\\/avatar\\\/f1ffcac9ca2fa95ad3ec33e9be3ade82f752acb0cabe541e56c5889225afa88a?s=96&d=mm&r=g\",\"contentUrl\":\"https:\\\/\\\/secure.gravatar.com\\\/avatar\\\/f1ffcac9ca2fa95ad3ec33e9be3ade82f752acb0cabe541e56c5889225afa88a?s=96&d=mm&r=g\",\"caption\":\"dev\"},\"sameAs\":[\"https:\\\/\\\/ihedn.concilium.click\"],\"url\":\"https:\\\/\\\/ihedn.fr\\\/en\\\/author\\\/dev\\\/\"}]}<\/script>\n<!-- \/ Yoast SEO plugin. -->","yoast_head_json":{"title":"The creation of \"academic trinomials\" or a new impetus given to defence teaching by the Union-IHEDN - L'IHEDN : Institut des hautes \u00e9tudes de d\u00e9fense nationale (Institute for Higher National Defence Studies)","description":"On 8 December 1987, the presentation of reports by the Union of Associations of Former IHEDN Auditors (UA-IHEDN) led to the creation of \"academic trinomials\" involving the Ministries of Defence, National Education and the UA-IHEDN. This was a major event in the history of defence education.","robots":{"index":"index","follow":"follow","max-snippet":"max-snippet:-1","max-image-preview":"max-image-preview:large","max-video-preview":"max-video-preview:-1"},"canonical":"https:\/\/ihedn.fr\/en\/notre-histoire\/la-creation-des-trinomes-academiques-ou-une-nouvelle-impulsion-donnee-a-lenseignement-de-la-defense-par-lunion-ihedn\/","og_locale":"en_GB","og_type":"article","og_title":"La cr\u00e9ation des \u00ab trin\u00f4mes acad\u00e9miques \u00bb ou une nouvelle impulsion donn\u00e9e \u00e0 l\u2019enseignement de la d\u00e9fense par l\u2019Union-IHEDN","og_description":"Le 8 d\u00e9cembre 1987, la pr\u00e9sentation des rapports pr\u00e9sent\u00e9s par l\u2019Union des associations des anciens auditeurs de l\u2019IHEDN (UA-IHEDN) instaure les \u00ab trin\u00f4mes acad\u00e9miques \u00bb en associant les minist\u00e8res de la D\u00e9fense, de l\u2019\u00c9ducation nationale et l\u2019UA-IHEDN. C\u2019est un \u00e9v\u00e9nement majeur dans l\u2019histoire de l\u2019enseignement de d\u00e9fense.","og_url":"https:\/\/ihedn.fr\/en\/notre-histoire\/la-creation-des-trinomes-academiques-ou-une-nouvelle-impulsion-donnee-a-lenseignement-de-la-defense-par-lunion-ihedn\/","og_site_name":"L&#039;IHEDN : Institut des hautes \u00e9tudes de d\u00e9fense nationale","article_publisher":"https:\/\/www.facebook.com\/ihedn\/","article_published_time":"2022-12-07T14:00:10+00:00","article_modified_time":"2025-05-27T07:30:27+00:00","og_image":[{"width":928,"height":1294,"url":"https:\/\/ihedn.fr\/wp-content\/uploads\/2022\/12\/IHEDN_VENDREDILECTURE_TRINOMES-ACADEMIQUES.jpg","type":"image\/jpeg"}],"author":"dev","twitter_card":"summary_large_image","twitter_title":"La cr\u00e9ation des \u00ab trin\u00f4mes acad\u00e9miques \u00bb ou une nouvelle impulsion donn\u00e9e \u00e0 l\u2019enseignement de la d\u00e9fense par l\u2019Union-IHEDN","twitter_description":"Le 8 d\u00e9cembre 1987, la pr\u00e9sentation des rapports pr\u00e9sent\u00e9s par l\u2019Union des associations des anciens auditeurs de l\u2019IHEDN (UA-IHEDN) instaure les \u00ab trin\u00f4mes acad\u00e9miques \u00bb en associant les minist\u00e8res de la D\u00e9fense, de l\u2019\u00c9ducation nationale et l\u2019UA-IHEDN. C\u2019est un \u00e9v\u00e9nement majeur dans l\u2019histoire de l\u2019enseignement de d\u00e9fense.","twitter_image":"https:\/\/ihedn.fr\/wp-content\/uploads\/2022\/12\/IHEDN_VENDREDILECTURE_TRINOMES-ACADEMIQUES.jpg","twitter_creator":"@IHEDN","twitter_site":"@IHEDN","twitter_misc":{"Written by":"dev","Estimated reading time":"4 minutes"},"schema":{"@context":"https:\/\/schema.org","@graph":[{"@type":"Article","@id":"https:\/\/ihedn.fr\/notre-histoire\/la-creation-des-trinomes-academiques-ou-une-nouvelle-impulsion-donnee-a-lenseignement-de-la-defense-par-lunion-ihedn\/#article","isPartOf":{"@id":"https:\/\/ihedn.fr\/notre-histoire\/la-creation-des-trinomes-academiques-ou-une-nouvelle-impulsion-donnee-a-lenseignement-de-la-defense-par-lunion-ihedn\/"},"author":{"name":"dev","@id":"https:\/\/ihedn.fr\/#\/schema\/person\/7a40155595e4efb35323447cb8c8c5a4"},"headline":"La cr\u00e9ation des \u00ab trin\u00f4mes acad\u00e9miques \u00bb ou une nouvelle impulsion donn\u00e9e \u00e0 l\u2019enseignement de la d\u00e9fense par l\u2019Union-IHEDN","datePublished":"2022-12-07T14:00:10+00:00","dateModified":"2025-05-27T07:30:27+00:00","mainEntityOfPage":{"@id":"https:\/\/ihedn.fr\/notre-histoire\/la-creation-des-trinomes-academiques-ou-une-nouvelle-impulsion-donnee-a-lenseignement-de-la-defense-par-lunion-ihedn\/"},"wordCount":664,"publisher":{"@id":"https:\/\/ihedn.fr\/#organization"},"image":{"@id":"https:\/\/ihedn.fr\/notre-histoire\/la-creation-des-trinomes-academiques-ou-une-nouvelle-impulsion-donnee-a-lenseignement-de-la-defense-par-lunion-ihedn\/#primaryimage"},"thumbnailUrl":"https:\/\/ihedn.fr\/wp-content\/uploads\/2022\/12\/IHEDN_VENDREDILECTURE_TRINOMES-ACADEMIQUES-1.jpg","articleSection":["notre-histoire"],"inLanguage":"en-GB"},{"@type":"WebPage","@id":"https:\/\/ihedn.fr\/notre-histoire\/la-creation-des-trinomes-academiques-ou-une-nouvelle-impulsion-donnee-a-lenseignement-de-la-defense-par-lunion-ihedn\/","url":"https:\/\/ihedn.fr\/notre-histoire\/la-creation-des-trinomes-academiques-ou-une-nouvelle-impulsion-donnee-a-lenseignement-de-la-defense-par-lunion-ihedn\/","name":"The creation of \"academic trinomials\" or a new impetus given to defence teaching by the Union-IHEDN - L'IHEDN : Institut des hautes \u00e9tudes de d\u00e9fense nationale (Institute for Higher National Defence Studies)","isPartOf":{"@id":"https:\/\/ihedn.fr\/#website"},"primaryImageOfPage":{"@id":"https:\/\/ihedn.fr\/notre-histoire\/la-creation-des-trinomes-academiques-ou-une-nouvelle-impulsion-donnee-a-lenseignement-de-la-defense-par-lunion-ihedn\/#primaryimage"},"image":{"@id":"https:\/\/ihedn.fr\/notre-histoire\/la-creation-des-trinomes-academiques-ou-une-nouvelle-impulsion-donnee-a-lenseignement-de-la-defense-par-lunion-ihedn\/#primaryimage"},"thumbnailUrl":"https:\/\/ihedn.fr\/wp-content\/uploads\/2022\/12\/IHEDN_VENDREDILECTURE_TRINOMES-ACADEMIQUES-1.jpg","datePublished":"2022-12-07T14:00:10+00:00","dateModified":"2025-05-27T07:30:27+00:00","description":"On 8 December 1987, the presentation of reports by the Union of Associations of Former IHEDN Auditors (UA-IHEDN) led to the creation of \"academic trinomials\" involving the Ministries of Defence, National Education and the UA-IHEDN. This was a major event in the history of defence education.","breadcrumb":{"@id":"https:\/\/ihedn.fr\/notre-histoire\/la-creation-des-trinomes-academiques-ou-une-nouvelle-impulsion-donnee-a-lenseignement-de-la-defense-par-lunion-ihedn\/#breadcrumb"},"inLanguage":"en-GB","potentialAction":[{"@type":"ReadAction","target":["https:\/\/ihedn.fr\/notre-histoire\/la-creation-des-trinomes-academiques-ou-une-nouvelle-impulsion-donnee-a-lenseignement-de-la-defense-par-lunion-ihedn\/"]}]},{"@type":"ImageObject","inLanguage":"en-GB","@id":"https:\/\/ihedn.fr\/notre-histoire\/la-creation-des-trinomes-academiques-ou-une-nouvelle-impulsion-donnee-a-lenseignement-de-la-defense-par-lunion-ihedn\/#primaryimage","url":"https:\/\/ihedn.fr\/wp-content\/uploads\/2022\/12\/IHEDN_VENDREDILECTURE_TRINOMES-ACADEMIQUES-1.jpg","contentUrl":"https:\/\/ihedn.fr\/wp-content\/uploads\/2022\/12\/IHEDN_VENDREDILECTURE_TRINOMES-ACADEMIQUES-1.jpg","width":928,"height":1294},{"@type":"BreadcrumbList","@id":"https:\/\/ihedn.fr\/notre-histoire\/la-creation-des-trinomes-academiques-ou-une-nouvelle-impulsion-donnee-a-lenseignement-de-la-defense-par-lunion-ihedn\/#breadcrumb","itemListElement":[{"@type":"ListItem","position":1,"name":"Accueil","item":"https:\/\/ihedn.fr\/"},{"@type":"ListItem","position":2,"name":"La cr\u00e9ation des \u00ab trin\u00f4mes acad\u00e9miques \u00bb ou une nouvelle impulsion donn\u00e9e \u00e0 l\u2019enseignement de la d\u00e9fense par l\u2019Union-IHEDN"}]},{"@type":"WebSite","@id":"https:\/\/ihedn.fr\/#website","url":"https:\/\/ihedn.fr\/","name":"IHEDN: Institut des hautes \u00e9tudes de d\u00e9fense nationale (Institute for Higher National Defence Studies)","description":"Official website of the IHEDN under the supervision of the Prime Minister.","publisher":{"@id":"https:\/\/ihedn.fr\/#organization"},"potentialAction":[{"@type":"SearchAction","target":{"@type":"EntryPoint","urlTemplate":"https:\/\/ihedn.fr\/?s={search_term_string}"},"query-input":{"@type":"PropertyValueSpecification","valueRequired":true,"valueName":"search_term_string"}}],"inLanguage":"en-GB"},{"@type":"Organization","@id":"https:\/\/ihedn.fr\/#organization","name":"IHEDN - Institute for Higher National Defence Studies","url":"https:\/\/ihedn.fr\/","logo":{"@type":"ImageObject","inLanguage":"en-GB","@id":"https:\/\/ihedn.fr\/#\/schema\/logo\/image\/","url":"https:\/\/ihedn.fr\/wp-content\/uploads\/2020\/11\/BLOC_RF_IHEDN_WEB.png","contentUrl":"https:\/\/ihedn.fr\/wp-content\/uploads\/2020\/11\/BLOC_RF_IHEDN_WEB.png","width":500,"height":237,"caption":"IHEDN - Institut des Hautes Etudes de D\u00e9fense Nationale"},"image":{"@id":"https:\/\/ihedn.fr\/#\/schema\/logo\/image\/"},"sameAs":["https:\/\/www.facebook.com\/ihedn\/","https:\/\/x.com\/IHEDN","https:\/\/www.instagram.com\/ihedn\/","https:\/\/www.linkedin.com\/school\/ihedn\/","https:\/\/fr.wikipedia.org\/wiki\/Institut_des_hautes_\u00e9tudes_de_D\u00e9fense_nationale"]},{"@type":"Person","@id":"https:\/\/ihedn.fr\/#\/schema\/person\/7a40155595e4efb35323447cb8c8c5a4","name":"dev","image":{"@type":"ImageObject","inLanguage":"en-GB","@id":"https:\/\/secure.gravatar.com\/avatar\/f1ffcac9ca2fa95ad3ec33e9be3ade82f752acb0cabe541e56c5889225afa88a?s=96&d=mm&r=g","url":"https:\/\/secure.gravatar.com\/avatar\/f1ffcac9ca2fa95ad3ec33e9be3ade82f752acb0cabe541e56c5889225afa88a?s=96&d=mm&r=g","contentUrl":"https:\/\/secure.gravatar.com\/avatar\/f1ffcac9ca2fa95ad3ec33e9be3ade82f752acb0cabe541e56c5889225afa88a?s=96&d=mm&r=g","caption":"dev"},"sameAs":["https:\/\/ihedn.concilium.click"],"url":"https:\/\/ihedn.fr\/en\/author\/dev\/"}]}},"publishpress_future_action":{"enabled":false,"date":"2026-05-06 10:41:58","action":"change-status","newStatus":"draft","terms":[],"taxonomy":"category","extraData":[]},"publishpress_future_workflow_manual_trigger":{"enabledWorkflows":[]},"_links":{"self":[{"href":"https:\/\/ihedn.fr\/en\/wp-json\/wp\/v2\/posts\/29919","targetHints":{"allow":["GET"]}}],"collection":[{"href":"https:\/\/ihedn.fr\/en\/wp-json\/wp\/v2\/posts"}],"about":[{"href":"https:\/\/ihedn.fr\/en\/wp-json\/wp\/v2\/types\/post"}],"author":[{"embeddable":true,"href":"https:\/\/ihedn.fr\/en\/wp-json\/wp\/v2\/users\/1"}],"replies":[{"embeddable":true,"href":"https:\/\/ihedn.fr\/en\/wp-json\/wp\/v2\/comments?post=29919"}],"version-history":[{"count":13,"href":"https:\/\/ihedn.fr\/en\/wp-json\/wp\/v2\/posts\/29919\/revisions"}],"predecessor-version":[{"id":54482,"href":"https:\/\/ihedn.fr\/en\/wp-json\/wp\/v2\/posts\/29919\/revisions\/54482"}],"wp:featuredmedia":[{"embeddable":true,"href":"https:\/\/ihedn.fr\/en\/wp-json\/wp\/v2\/media\/30671"}],"wp:attachment":[{"href":"https:\/\/ihedn.fr\/en\/wp-json\/wp\/v2\/media?parent=29919"}],"wp:term":[{"taxonomy":"category","embeddable":true,"href":"https:\/\/ihedn.fr\/en\/wp-json\/wp\/v2\/categories?post=29919"},{"taxonomy":"post_tag","embeddable":true,"href":"https:\/\/ihedn.fr\/en\/wp-json\/wp\/v2\/tags?post=29919"}],"curies":[{"name":"wp","href":"https:\/\/api.w.org\/{rel}","templated":true}]}}