{"id":3013,"date":"2020-03-09T18:30:36","date_gmt":"2020-03-09T16:30:36","guid":{"rendered":"https:\/\/ihedn.concilium.click\/?p=3013"},"modified":"2025-09-03T11:10:12","modified_gmt":"2025-09-03T10:10:12","slug":"peut-on-imaginer-des-reponses-nouvelles-aux-crises-et-conflits-africains","status":"publish","type":"post","link":"https:\/\/ihedn.fr\/en\/lundis-de-lihedn\/peut-on-imaginer-des-reponses-nouvelles-aux-crises-et-conflits-africains\/","title":{"rendered":"Can we imagine new responses to African crises and conflicts?"},"content":{"rendered":"<div data-elementor-type=\"wp-post\" data-elementor-id=\"3013\" class=\"elementor elementor-3013\" data-elementor-post-type=\"post\">\n\t\t\t\t<div data-particle_enable=\"false\" data-particle-mobile-disabled=\"false\" class=\"elementor-element elementor-element-fe51059 e-flex e-con-boxed e-con e-parent\" data-id=\"fe51059\" data-element_type=\"container\" data-e-type=\"container\">\n\t\t\t\t\t<div class=\"e-con-inner\">\n\t\t<div data-particle_enable=\"false\" data-particle-mobile-disabled=\"false\" class=\"elementor-element elementor-element-f804be1 e-con-full e-flex e-con e-child\" data-id=\"f804be1\" data-element_type=\"container\" data-e-type=\"container\">\n\t\t\t\t<div class=\"elementor-element elementor-element-dc3c85b elementor-widget elementor-widget-video\" data-id=\"dc3c85b\" data-element_type=\"widget\" data-e-type=\"widget\" data-settings=\"{&quot;video_type&quot;:&quot;vimeo&quot;}\" data-widget_type=\"video.default\">\n\t\t\t\t<div class=\"elementor-widget-container\">\n\t\t\t\t\t\t\t<div class=\"elementor-wrapper elementor-open-inline\">\n\t\t\t<iframe class=\"elementor-video-iframe\" allowfullscreen allow=\"clipboard-write\" title=\"vimeo Video Player\" src=\"https:\/\/player.vimeo.com\/video\/396678384?color&amp;autopause=0&amp;loop=0&amp;muted=0&amp;title=1&amp;portrait=1&amp;byline=1#t=\"><\/iframe>\t\t<\/div>\n\t\t\t\t\t\t<\/div>\n\t\t\t\t<\/div>\n\t\t\t\t<\/div>\n\t\t<div data-particle_enable=\"false\" data-particle-mobile-disabled=\"false\" class=\"elementor-element elementor-element-a126db0 e-con-full e-flex e-con e-child\" data-id=\"a126db0\" data-element_type=\"container\" data-e-type=\"container\">\n\t\t\t\t<div class=\"elementor-element elementor-element-62c3b23 elementor-widget elementor-widget-text-editor\" data-id=\"62c3b23\" data-element_type=\"widget\" data-e-type=\"widget\" data-widget_type=\"text-editor.default\">\n\t\t\t\t<div class=\"elementor-widget-container\">\n\t\t\t\t\t\t\t\t\t<p style=\"text-align: center;\"><span style=\"color: #3366ff;\"><strong>an exceptional guest<\/strong><\/span><\/p>\t\t\t\t\t\t\t\t<\/div>\n\t\t\t\t<\/div>\n\t\t\t\t<div class=\"elementor-element elementor-element-2e04a9d elementor-widget elementor-widget-image\" data-id=\"2e04a9d\" data-element_type=\"widget\" data-e-type=\"widget\" data-widget_type=\"image.default\">\n\t\t\t\t<div class=\"elementor-widget-container\">\n\t\t\t\t\t\t\t\t\t\t\t\t\t\t\t<img fetchpriority=\"high\" decoding=\"async\" width=\"230\" height=\"252\" src=\"https:\/\/ihedn.fr\/wp-content\/uploads\/2020\/03\/IHEDN-Niagale-Bagayoko.jpg\" class=\"attachment-full size-full wp-image-9321\" alt=\"IHEDN Niagal\u00e9 Bagayoko\" \/>\t\t\t\t\t\t\t\t\t\t\t\t\t\t\t<\/div>\n\t\t\t\t<\/div>\n\t\t\t\t<div class=\"elementor-element elementor-element-0a83f88 elementor-widget elementor-widget-text-editor\" data-id=\"0a83f88\" data-element_type=\"widget\" data-e-type=\"widget\" data-widget_type=\"text-editor.default\">\n\t\t\t\t<div class=\"elementor-widget-container\">\n\t\t\t\t\t\t\t\t\t<p style=\"text-align: center;\"><span style=\"color: #000000;\"><strong>Niagal\u00e9 Bagayoko<br \/><\/strong><\/span><\/p><p style=\"text-align: center;\"><em>President of the African Security Sector Network<\/em><\/p>\t\t\t\t\t\t\t\t<\/div>\n\t\t\t\t<\/div>\n\t\t\t\t<\/div>\n\t\t\t\t\t<\/div>\n\t\t\t\t<\/div>\n\t\t<div data-particle_enable=\"false\" data-particle-mobile-disabled=\"false\" class=\"elementor-element elementor-element-4a00cf9 e-flex e-con-boxed e-con e-parent\" data-id=\"4a00cf9\" data-element_type=\"container\" data-e-type=\"container\">\n\t\t\t\t\t<div class=\"e-con-inner\">\n\t\t\t\t<div class=\"elementor-element elementor-element-6b93ffd elementor-widget elementor-widget-text-editor\" data-id=\"6b93ffd\" data-element_type=\"widget\" data-e-type=\"widget\" data-widget_type=\"text-editor.default\">\n\t\t\t\t<div class=\"elementor-widget-container\">\n\t\t\t\t\t\t\t\t\t<p style=\"text-align: left;\">Specialist in the reform of security systems in French-speaking Africa, international security policies on the continent and African conflict management mechanisms,\u00a0<strong><span style=\"color: #000000;\">Niagal\u00e9 Bagayoko<\/span><\/strong> has a vision of reforming the security architecture of African countries. Convinced of the possibility of endogenous solutions to crises and conflicts, since 2018 she has headed the<strong><em>African Security Sector Network<\/em><\/strong>a pan-African organisation working to promote more democratic governance of security in Africa. She has a doctorate in political science and is a graduate of the IEP in Paris. She has worked as a researcher at the Institut de recherche pour le d\u00e9veloppement and at the Institut d'Etudes Politiques de Paris.<em><strong>Institute of Development Studies<\/strong>\u00a0<\/em>University of Sussex. She has directed the peacekeeping and peacebuilding programme of the Organisation internationale de la Francophonie. Her thesis was awarded first prize by the IHEDN in 2003.\u00a0<\/p>\t\t\t\t\t\t\t\t<\/div>\n\t\t\t\t<\/div>\n\t\t\t\t\t<\/div>\n\t\t\t\t<\/div>\n\t\t\t\t<\/div>","protected":false},"excerpt":{"rendered":"<p><strong>Speaker:<\/strong> Ms Niagal\u00e9 Bagayoko, President of the African Security Sector Network<\/p>","protected":false},"author":1,"featured_media":3015,"comment_status":"closed","ping_status":"closed","sticky":false,"template":"","format":"standard","meta":{"footnotes":""},"categories":[41,209],"tags":[],"class_list":["post-3013","post","type-post","status-publish","format-standard","has-post-thumbnail","hentry","category-lundis-de-lihedn","category-securite-internationale"],"yoast_head":"<!-- This site is optimized with the Yoast SEO plugin v27.5 - https:\/\/yoast.com\/product\/yoast-seo-wordpress\/ -->\n<title>Peut-on imaginer des r\u00e9ponses nouvelles aux crises et conflits africains - L&#039;IHEDN : Institut des hautes \u00e9tudes de d\u00e9fense nationale<\/title>\n<meta name=\"description\" content=\"Peut-on imaginer des r\u00e9ponses nouvelles aux crises et conflits africains ? Sp\u00e9cialiste de la r\u00e9forme des syst\u00e8mes de s\u00e9curit\u00e9 en Afrique francophone, des politiques de s\u00e9curit\u00e9 internationales men\u00e9es sur le continent ainsi que des m\u00e9canismes africains de gestion des conflits, Niagal\u00e9 Bagayoko porte une vision r\u00e9formatrice de l\u2019architecture de s\u00e9curit\u00e9 des pays africains.\" \/>\n<meta name=\"robots\" content=\"index, follow, max-snippet:-1, max-image-preview:large, max-video-preview:-1\" \/>\n<link rel=\"canonical\" href=\"https:\/\/ihedn.fr\/en\/lundis-de-lihedn\/peut-on-imaginer-des-reponses-nouvelles-aux-crises-et-conflits-africains\/\" \/>\n<meta property=\"og:locale\" content=\"en_GB\" \/>\n<meta property=\"og:type\" content=\"article\" \/>\n<meta property=\"og:title\" content=\"Peut-on imaginer des r\u00e9ponses nouvelles aux crises et conflits africains L&#039;IHEDN : Institut des hautes \u00e9tudes de d\u00e9fense nationale\" \/>\n<meta property=\"og:description\" content=\"Sp\u00e9cialiste de la r\u00e9forme des syst\u00e8mes de s\u00e9curit\u00e9 en Afrique francophone, des politiques de s\u00e9curit\u00e9 internationales men\u00e9es sur le continent ainsi que des m\u00e9canismes africains de gestion des conflits, Niagal\u00e9 Bagayoko porte une vision r\u00e9formatrice de l\u2019architecture de s\u00e9curit\u00e9 des pays africains.\" \/>\n<meta property=\"og:url\" content=\"https:\/\/ihedn.fr\/en\/lundis-de-lihedn\/peut-on-imaginer-des-reponses-nouvelles-aux-crises-et-conflits-africains\/\" \/>\n<meta property=\"og:site_name\" content=\"L&#039;IHEDN : Institut des hautes \u00e9tudes de d\u00e9fense nationale\" \/>\n<meta property=\"article:publisher\" content=\"https:\/\/www.facebook.com\/ihedn\/\" \/>\n<meta property=\"article:published_time\" content=\"2020-03-09T16:30:36+00:00\" \/>\n<meta property=\"article:modified_time\" content=\"2025-09-03T10:10:12+00:00\" \/>\n<meta property=\"og:image\" content=\"https:\/\/ihedn.fr\/wp-content\/uploads\/2020\/03\/9-mars-2020.jpg\" \/>\n\t<meta property=\"og:image:width\" content=\"800\" \/>\n\t<meta property=\"og:image:height\" content=\"600\" \/>\n\t<meta property=\"og:image:type\" content=\"image\/jpeg\" \/>\n<meta name=\"author\" content=\"dev\" \/>\n<meta name=\"twitter:card\" content=\"summary_large_image\" \/>\n<meta name=\"twitter:title\" content=\"Peut-on imaginer des r\u00e9ponses nouvelles aux crises et conflits africains L&#039;IHEDN : Institut des hautes \u00e9tudes de d\u00e9fense nationale\" \/>\n<meta name=\"twitter:description\" content=\"Sp\u00e9cialiste de la r\u00e9forme des syst\u00e8mes de s\u00e9curit\u00e9 en Afrique francophone, des politiques de s\u00e9curit\u00e9 internationales men\u00e9es sur le continent ainsi que des m\u00e9canismes africains de gestion des conflits, Niagal\u00e9 Bagayoko porte une vision r\u00e9formatrice de l\u2019architecture de s\u00e9curit\u00e9 des pays africains.\" \/>\n<meta name=\"twitter:creator\" content=\"@IHEDN\" \/>\n<meta name=\"twitter:site\" content=\"@IHEDN\" \/>\n<meta name=\"twitter:label1\" content=\"Written by\" \/>\n\t<meta name=\"twitter:data1\" content=\"dev\" \/>\n\t<meta name=\"twitter:label2\" content=\"Estimated reading time\" \/>\n\t<meta name=\"twitter:data2\" content=\"2 minutes\" \/>\n<script type=\"application\/ld+json\" class=\"yoast-schema-graph\">{\"@context\":\"https:\\\/\\\/schema.org\",\"@graph\":[{\"@type\":\"Article\",\"@id\":\"https:\\\/\\\/ihedn.fr\\\/lundis-de-lihedn\\\/peut-on-imaginer-des-reponses-nouvelles-aux-crises-et-conflits-africains\\\/#article\",\"isPartOf\":{\"@id\":\"https:\\\/\\\/ihedn.fr\\\/lundis-de-lihedn\\\/peut-on-imaginer-des-reponses-nouvelles-aux-crises-et-conflits-africains\\\/\"},\"author\":{\"name\":\"dev\",\"@id\":\"https:\\\/\\\/ihedn.fr\\\/#\\\/schema\\\/person\\\/7a40155595e4efb35323447cb8c8c5a4\"},\"headline\":\"Peut-on imaginer des r\u00e9ponses nouvelles aux crises et conflits africains\",\"datePublished\":\"2020-03-09T16:30:36+00:00\",\"dateModified\":\"2025-09-03T10:10:12+00:00\",\"mainEntityOfPage\":{\"@id\":\"https:\\\/\\\/ihedn.fr\\\/lundis-de-lihedn\\\/peut-on-imaginer-des-reponses-nouvelles-aux-crises-et-conflits-africains\\\/\"},\"wordCount\":183,\"publisher\":{\"@id\":\"https:\\\/\\\/ihedn.fr\\\/#organization\"},\"image\":{\"@id\":\"https:\\\/\\\/ihedn.fr\\\/lundis-de-lihedn\\\/peut-on-imaginer-des-reponses-nouvelles-aux-crises-et-conflits-africains\\\/#primaryimage\"},\"thumbnailUrl\":\"https:\\\/\\\/ihedn.fr\\\/wp-content\\\/uploads\\\/2020\\\/03\\\/9-mars-2020.jpg\",\"articleSection\":[\"Lundis de l'IHEDN\",\"s\u00e9curit\u00e9 internationale\"],\"inLanguage\":\"en-GB\"},{\"@type\":\"WebPage\",\"@id\":\"https:\\\/\\\/ihedn.fr\\\/lundis-de-lihedn\\\/peut-on-imaginer-des-reponses-nouvelles-aux-crises-et-conflits-africains\\\/\",\"url\":\"https:\\\/\\\/ihedn.fr\\\/lundis-de-lihedn\\\/peut-on-imaginer-des-reponses-nouvelles-aux-crises-et-conflits-africains\\\/\",\"name\":\"Peut-on imaginer des r\u00e9ponses nouvelles aux crises et conflits africains - L&#039;IHEDN : Institut des hautes \u00e9tudes de d\u00e9fense nationale\",\"isPartOf\":{\"@id\":\"https:\\\/\\\/ihedn.fr\\\/#website\"},\"primaryImageOfPage\":{\"@id\":\"https:\\\/\\\/ihedn.fr\\\/lundis-de-lihedn\\\/peut-on-imaginer-des-reponses-nouvelles-aux-crises-et-conflits-africains\\\/#primaryimage\"},\"image\":{\"@id\":\"https:\\\/\\\/ihedn.fr\\\/lundis-de-lihedn\\\/peut-on-imaginer-des-reponses-nouvelles-aux-crises-et-conflits-africains\\\/#primaryimage\"},\"thumbnailUrl\":\"https:\\\/\\\/ihedn.fr\\\/wp-content\\\/uploads\\\/2020\\\/03\\\/9-mars-2020.jpg\",\"datePublished\":\"2020-03-09T16:30:36+00:00\",\"dateModified\":\"2025-09-03T10:10:12+00:00\",\"description\":\"Peut-on imaginer des r\u00e9ponses nouvelles aux crises et conflits africains ? Sp\u00e9cialiste de la r\u00e9forme des syst\u00e8mes de s\u00e9curit\u00e9 en Afrique francophone, des politiques de s\u00e9curit\u00e9 internationales men\u00e9es sur le continent ainsi que des m\u00e9canismes africains de gestion des conflits, Niagal\u00e9 Bagayoko porte une vision r\u00e9formatrice de l\u2019architecture de s\u00e9curit\u00e9 des pays africains.\",\"breadcrumb\":{\"@id\":\"https:\\\/\\\/ihedn.fr\\\/lundis-de-lihedn\\\/peut-on-imaginer-des-reponses-nouvelles-aux-crises-et-conflits-africains\\\/#breadcrumb\"},\"inLanguage\":\"en-GB\",\"potentialAction\":[{\"@type\":\"ReadAction\",\"target\":[\"https:\\\/\\\/ihedn.fr\\\/lundis-de-lihedn\\\/peut-on-imaginer-des-reponses-nouvelles-aux-crises-et-conflits-africains\\\/\"]}]},{\"@type\":\"ImageObject\",\"inLanguage\":\"en-GB\",\"@id\":\"https:\\\/\\\/ihedn.fr\\\/lundis-de-lihedn\\\/peut-on-imaginer-des-reponses-nouvelles-aux-crises-et-conflits-africains\\\/#primaryimage\",\"url\":\"https:\\\/\\\/ihedn.fr\\\/wp-content\\\/uploads\\\/2020\\\/03\\\/9-mars-2020.jpg\",\"contentUrl\":\"https:\\\/\\\/ihedn.fr\\\/wp-content\\\/uploads\\\/2020\\\/03\\\/9-mars-2020.jpg\",\"width\":800,\"height\":600,\"caption\":\"Plan\u00e8te interconnect\u00e9e | visuel du lundi de l'IHEDN Peut-on imaginer des r\u00e9ponses nouvelles aux crises et conflits africains ?\"},{\"@type\":\"BreadcrumbList\",\"@id\":\"https:\\\/\\\/ihedn.fr\\\/lundis-de-lihedn\\\/peut-on-imaginer-des-reponses-nouvelles-aux-crises-et-conflits-africains\\\/#breadcrumb\",\"itemListElement\":[{\"@type\":\"ListItem\",\"position\":1,\"name\":\"Accueil\",\"item\":\"https:\\\/\\\/ihedn.fr\\\/\"},{\"@type\":\"ListItem\",\"position\":2,\"name\":\"Peut-on imaginer des r\u00e9ponses nouvelles aux crises et conflits africains\"}]},{\"@type\":\"WebSite\",\"@id\":\"https:\\\/\\\/ihedn.fr\\\/#website\",\"url\":\"https:\\\/\\\/ihedn.fr\\\/\",\"name\":\"IHEDN : Institut des hautes \u00e9tudes de d\u00e9fense nationale |\",\"description\":\"Site officiel de l&#039;IHEDN plac\u00e9 sous la tutelle du Premier ministre.\",\"publisher\":{\"@id\":\"https:\\\/\\\/ihedn.fr\\\/#organization\"},\"potentialAction\":[{\"@type\":\"SearchAction\",\"target\":{\"@type\":\"EntryPoint\",\"urlTemplate\":\"https:\\\/\\\/ihedn.fr\\\/?s={search_term_string}\"},\"query-input\":{\"@type\":\"PropertyValueSpecification\",\"valueRequired\":true,\"valueName\":\"search_term_string\"}}],\"inLanguage\":\"en-GB\"},{\"@type\":\"Organization\",\"@id\":\"https:\\\/\\\/ihedn.fr\\\/#organization\",\"name\":\"IHEDN - Institut des Hautes Etudes de D\u00e9fense Nationale\",\"url\":\"https:\\\/\\\/ihedn.fr\\\/\",\"logo\":{\"@type\":\"ImageObject\",\"inLanguage\":\"en-GB\",\"@id\":\"https:\\\/\\\/ihedn.fr\\\/#\\\/schema\\\/logo\\\/image\\\/\",\"url\":\"https:\\\/\\\/ihedn.fr\\\/wp-content\\\/uploads\\\/2020\\\/11\\\/BLOC_RF_IHEDN_WEB.png\",\"contentUrl\":\"https:\\\/\\\/ihedn.fr\\\/wp-content\\\/uploads\\\/2020\\\/11\\\/BLOC_RF_IHEDN_WEB.png\",\"width\":500,\"height\":237,\"caption\":\"IHEDN - Institut des Hautes Etudes de D\u00e9fense Nationale\"},\"image\":{\"@id\":\"https:\\\/\\\/ihedn.fr\\\/#\\\/schema\\\/logo\\\/image\\\/\"},\"sameAs\":[\"https:\\\/\\\/www.facebook.com\\\/ihedn\\\/\",\"https:\\\/\\\/x.com\\\/IHEDN\",\"https:\\\/\\\/www.instagram.com\\\/ihedn\\\/\",\"https:\\\/\\\/www.linkedin.com\\\/school\\\/ihedn\\\/\",\"https:\\\/\\\/fr.wikipedia.org\\\/wiki\\\/Institut_des_hautes_\u00e9tudes_de_D\u00e9fense_nationale\"]},{\"@type\":\"Person\",\"@id\":\"https:\\\/\\\/ihedn.fr\\\/#\\\/schema\\\/person\\\/7a40155595e4efb35323447cb8c8c5a4\",\"name\":\"dev\",\"image\":{\"@type\":\"ImageObject\",\"inLanguage\":\"en-GB\",\"@id\":\"https:\\\/\\\/secure.gravatar.com\\\/avatar\\\/f1ffcac9ca2fa95ad3ec33e9be3ade82f752acb0cabe541e56c5889225afa88a?s=96&d=mm&r=g\",\"url\":\"https:\\\/\\\/secure.gravatar.com\\\/avatar\\\/f1ffcac9ca2fa95ad3ec33e9be3ade82f752acb0cabe541e56c5889225afa88a?s=96&d=mm&r=g\",\"contentUrl\":\"https:\\\/\\\/secure.gravatar.com\\\/avatar\\\/f1ffcac9ca2fa95ad3ec33e9be3ade82f752acb0cabe541e56c5889225afa88a?s=96&d=mm&r=g\",\"caption\":\"dev\"},\"sameAs\":[\"https:\\\/\\\/ihedn.concilium.click\"],\"url\":\"https:\\\/\\\/ihedn.fr\\\/en\\\/author\\\/dev\\\/\"}]}<\/script>\n<!-- \/ Yoast SEO plugin. -->","yoast_head_json":{"title":"Can we imagine new responses to African crises and conflicts - L'IHEDN : Institut des hautes \u00e9tudes de d\u00e9fense nationale","description":"Is it possible to imagine new responses to African crises and conflicts? Niagal\u00e9 Bagayoko is a specialist in the reform of security systems in French-speaking Africa, international security policies on the continent and African conflict management mechanisms. Her vision is one of reforming the security architecture of African countries.","robots":{"index":"index","follow":"follow","max-snippet":"max-snippet:-1","max-image-preview":"max-image-preview:large","max-video-preview":"max-video-preview:-1"},"canonical":"https:\/\/ihedn.fr\/en\/lundis-de-lihedn\/peut-on-imaginer-des-reponses-nouvelles-aux-crises-et-conflits-africains\/","og_locale":"en_GB","og_type":"article","og_title":"Peut-on imaginer des r\u00e9ponses nouvelles aux crises et conflits africains L&#039;IHEDN : Institut des hautes \u00e9tudes de d\u00e9fense nationale","og_description":"Sp\u00e9cialiste de la r\u00e9forme des syst\u00e8mes de s\u00e9curit\u00e9 en Afrique francophone, des politiques de s\u00e9curit\u00e9 internationales men\u00e9es sur le continent ainsi que des m\u00e9canismes africains de gestion des conflits, Niagal\u00e9 Bagayoko porte une vision r\u00e9formatrice de l\u2019architecture de s\u00e9curit\u00e9 des pays africains.","og_url":"https:\/\/ihedn.fr\/en\/lundis-de-lihedn\/peut-on-imaginer-des-reponses-nouvelles-aux-crises-et-conflits-africains\/","og_site_name":"L&#039;IHEDN : Institut des hautes \u00e9tudes de d\u00e9fense nationale","article_publisher":"https:\/\/www.facebook.com\/ihedn\/","article_published_time":"2020-03-09T16:30:36+00:00","article_modified_time":"2025-09-03T10:10:12+00:00","og_image":[{"width":800,"height":600,"url":"https:\/\/ihedn.fr\/wp-content\/uploads\/2020\/03\/9-mars-2020.jpg","type":"image\/jpeg"}],"author":"dev","twitter_card":"summary_large_image","twitter_title":"Peut-on imaginer des r\u00e9ponses nouvelles aux crises et conflits africains L&#039;IHEDN : Institut des hautes \u00e9tudes de d\u00e9fense nationale","twitter_description":"Sp\u00e9cialiste de la r\u00e9forme des syst\u00e8mes de s\u00e9curit\u00e9 en Afrique francophone, des politiques de s\u00e9curit\u00e9 internationales men\u00e9es sur le continent ainsi que des m\u00e9canismes africains de gestion des conflits, Niagal\u00e9 Bagayoko porte une vision r\u00e9formatrice de l\u2019architecture de s\u00e9curit\u00e9 des pays africains.","twitter_creator":"@IHEDN","twitter_site":"@IHEDN","twitter_misc":{"Written by":"dev","Estimated reading time":"2 minutes"},"schema":{"@context":"https:\/\/schema.org","@graph":[{"@type":"Article","@id":"https:\/\/ihedn.fr\/lundis-de-lihedn\/peut-on-imaginer-des-reponses-nouvelles-aux-crises-et-conflits-africains\/#article","isPartOf":{"@id":"https:\/\/ihedn.fr\/lundis-de-lihedn\/peut-on-imaginer-des-reponses-nouvelles-aux-crises-et-conflits-africains\/"},"author":{"name":"dev","@id":"https:\/\/ihedn.fr\/#\/schema\/person\/7a40155595e4efb35323447cb8c8c5a4"},"headline":"Peut-on imaginer des r\u00e9ponses nouvelles aux crises et conflits africains","datePublished":"2020-03-09T16:30:36+00:00","dateModified":"2025-09-03T10:10:12+00:00","mainEntityOfPage":{"@id":"https:\/\/ihedn.fr\/lundis-de-lihedn\/peut-on-imaginer-des-reponses-nouvelles-aux-crises-et-conflits-africains\/"},"wordCount":183,"publisher":{"@id":"https:\/\/ihedn.fr\/#organization"},"image":{"@id":"https:\/\/ihedn.fr\/lundis-de-lihedn\/peut-on-imaginer-des-reponses-nouvelles-aux-crises-et-conflits-africains\/#primaryimage"},"thumbnailUrl":"https:\/\/ihedn.fr\/wp-content\/uploads\/2020\/03\/9-mars-2020.jpg","articleSection":["Lundis de l'IHEDN","s\u00e9curit\u00e9 internationale"],"inLanguage":"en-GB"},{"@type":"WebPage","@id":"https:\/\/ihedn.fr\/lundis-de-lihedn\/peut-on-imaginer-des-reponses-nouvelles-aux-crises-et-conflits-africains\/","url":"https:\/\/ihedn.fr\/lundis-de-lihedn\/peut-on-imaginer-des-reponses-nouvelles-aux-crises-et-conflits-africains\/","name":"Can we imagine new responses to African crises and conflicts - L'IHEDN : Institut des hautes \u00e9tudes de d\u00e9fense nationale","isPartOf":{"@id":"https:\/\/ihedn.fr\/#website"},"primaryImageOfPage":{"@id":"https:\/\/ihedn.fr\/lundis-de-lihedn\/peut-on-imaginer-des-reponses-nouvelles-aux-crises-et-conflits-africains\/#primaryimage"},"image":{"@id":"https:\/\/ihedn.fr\/lundis-de-lihedn\/peut-on-imaginer-des-reponses-nouvelles-aux-crises-et-conflits-africains\/#primaryimage"},"thumbnailUrl":"https:\/\/ihedn.fr\/wp-content\/uploads\/2020\/03\/9-mars-2020.jpg","datePublished":"2020-03-09T16:30:36+00:00","dateModified":"2025-09-03T10:10:12+00:00","description":"Is it possible to imagine new responses to African crises and conflicts? Niagal\u00e9 Bagayoko is a specialist in the reform of security systems in French-speaking Africa, international security policies on the continent and African conflict management mechanisms. Her vision is one of reforming the security architecture of African countries.","breadcrumb":{"@id":"https:\/\/ihedn.fr\/lundis-de-lihedn\/peut-on-imaginer-des-reponses-nouvelles-aux-crises-et-conflits-africains\/#breadcrumb"},"inLanguage":"en-GB","potentialAction":[{"@type":"ReadAction","target":["https:\/\/ihedn.fr\/lundis-de-lihedn\/peut-on-imaginer-des-reponses-nouvelles-aux-crises-et-conflits-africains\/"]}]},{"@type":"ImageObject","inLanguage":"en-GB","@id":"https:\/\/ihedn.fr\/lundis-de-lihedn\/peut-on-imaginer-des-reponses-nouvelles-aux-crises-et-conflits-africains\/#primaryimage","url":"https:\/\/ihedn.fr\/wp-content\/uploads\/2020\/03\/9-mars-2020.jpg","contentUrl":"https:\/\/ihedn.fr\/wp-content\/uploads\/2020\/03\/9-mars-2020.jpg","width":800,"height":600,"caption":"Plan\u00e8te interconnect\u00e9e | visuel du lundi de l'IHEDN Peut-on imaginer des r\u00e9ponses nouvelles aux crises et conflits africains ?"},{"@type":"BreadcrumbList","@id":"https:\/\/ihedn.fr\/lundis-de-lihedn\/peut-on-imaginer-des-reponses-nouvelles-aux-crises-et-conflits-africains\/#breadcrumb","itemListElement":[{"@type":"ListItem","position":1,"name":"Accueil","item":"https:\/\/ihedn.fr\/"},{"@type":"ListItem","position":2,"name":"Peut-on imaginer des r\u00e9ponses nouvelles aux crises et conflits africains"}]},{"@type":"WebSite","@id":"https:\/\/ihedn.fr\/#website","url":"https:\/\/ihedn.fr\/","name":"IHEDN: Institut des hautes \u00e9tudes de d\u00e9fense nationale (Institute for Higher National Defence Studies)","description":"Official website of the IHEDN under the supervision of the Prime Minister.","publisher":{"@id":"https:\/\/ihedn.fr\/#organization"},"potentialAction":[{"@type":"SearchAction","target":{"@type":"EntryPoint","urlTemplate":"https:\/\/ihedn.fr\/?s={search_term_string}"},"query-input":{"@type":"PropertyValueSpecification","valueRequired":true,"valueName":"search_term_string"}}],"inLanguage":"en-GB"},{"@type":"Organization","@id":"https:\/\/ihedn.fr\/#organization","name":"IHEDN - Institute for Higher National Defence Studies","url":"https:\/\/ihedn.fr\/","logo":{"@type":"ImageObject","inLanguage":"en-GB","@id":"https:\/\/ihedn.fr\/#\/schema\/logo\/image\/","url":"https:\/\/ihedn.fr\/wp-content\/uploads\/2020\/11\/BLOC_RF_IHEDN_WEB.png","contentUrl":"https:\/\/ihedn.fr\/wp-content\/uploads\/2020\/11\/BLOC_RF_IHEDN_WEB.png","width":500,"height":237,"caption":"IHEDN - Institut des Hautes Etudes de D\u00e9fense Nationale"},"image":{"@id":"https:\/\/ihedn.fr\/#\/schema\/logo\/image\/"},"sameAs":["https:\/\/www.facebook.com\/ihedn\/","https:\/\/x.com\/IHEDN","https:\/\/www.instagram.com\/ihedn\/","https:\/\/www.linkedin.com\/school\/ihedn\/","https:\/\/fr.wikipedia.org\/wiki\/Institut_des_hautes_\u00e9tudes_de_D\u00e9fense_nationale"]},{"@type":"Person","@id":"https:\/\/ihedn.fr\/#\/schema\/person\/7a40155595e4efb35323447cb8c8c5a4","name":"dev","image":{"@type":"ImageObject","inLanguage":"en-GB","@id":"https:\/\/secure.gravatar.com\/avatar\/f1ffcac9ca2fa95ad3ec33e9be3ade82f752acb0cabe541e56c5889225afa88a?s=96&d=mm&r=g","url":"https:\/\/secure.gravatar.com\/avatar\/f1ffcac9ca2fa95ad3ec33e9be3ade82f752acb0cabe541e56c5889225afa88a?s=96&d=mm&r=g","contentUrl":"https:\/\/secure.gravatar.com\/avatar\/f1ffcac9ca2fa95ad3ec33e9be3ade82f752acb0cabe541e56c5889225afa88a?s=96&d=mm&r=g","caption":"dev"},"sameAs":["https:\/\/ihedn.concilium.click"],"url":"https:\/\/ihedn.fr\/en\/author\/dev\/"}]}},"publishpress_future_action":{"enabled":false,"date":"2026-05-05 22:07:03","action":"change-status","newStatus":"draft","terms":[],"taxonomy":"category","extraData":[]},"publishpress_future_workflow_manual_trigger":{"enabledWorkflows":[]},"_links":{"self":[{"href":"https:\/\/ihedn.fr\/en\/wp-json\/wp\/v2\/posts\/3013","targetHints":{"allow":["GET"]}}],"collection":[{"href":"https:\/\/ihedn.fr\/en\/wp-json\/wp\/v2\/posts"}],"about":[{"href":"https:\/\/ihedn.fr\/en\/wp-json\/wp\/v2\/types\/post"}],"author":[{"embeddable":true,"href":"https:\/\/ihedn.fr\/en\/wp-json\/wp\/v2\/users\/1"}],"replies":[{"embeddable":true,"href":"https:\/\/ihedn.fr\/en\/wp-json\/wp\/v2\/comments?post=3013"}],"version-history":[{"count":9,"href":"https:\/\/ihedn.fr\/en\/wp-json\/wp\/v2\/posts\/3013\/revisions"}],"predecessor-version":[{"id":55332,"href":"https:\/\/ihedn.fr\/en\/wp-json\/wp\/v2\/posts\/3013\/revisions\/55332"}],"wp:featuredmedia":[{"embeddable":true,"href":"https:\/\/ihedn.fr\/en\/wp-json\/wp\/v2\/media\/3015"}],"wp:attachment":[{"href":"https:\/\/ihedn.fr\/en\/wp-json\/wp\/v2\/media?parent=3013"}],"wp:term":[{"taxonomy":"category","embeddable":true,"href":"https:\/\/ihedn.fr\/en\/wp-json\/wp\/v2\/categories?post=3013"},{"taxonomy":"post_tag","embeddable":true,"href":"https:\/\/ihedn.fr\/en\/wp-json\/wp\/v2\/tags?post=3013"}],"curies":[{"name":"wp","href":"https:\/\/api.w.org\/{rel}","templated":true}]}}