{"id":3037,"date":"2019-12-16T18:30:07","date_gmt":"2019-12-16T16:30:07","guid":{"rendered":"https:\/\/ihedn.concilium.click\/?p=3037"},"modified":"2021-04-06T08:45:30","modified_gmt":"2021-04-06T07:45:30","slug":"laffolement-du-monde-perspectives-geopolitiques","status":"publish","type":"post","link":"https:\/\/ihedn.fr\/en\/mediatheque\/laffolement-du-monde-perspectives-geopolitiques\/","title":{"rendered":"The world in turmoil: geopolitical perspectives."},"content":{"rendered":"<div data-elementor-type=\"wp-post\" data-elementor-id=\"3037\" class=\"elementor elementor-3037\" data-elementor-post-type=\"post\">\n\t\t\t\t\t\t<section data-particle_enable=\"false\" data-particle-mobile-disabled=\"false\" class=\"elementor-section elementor-top-section elementor-element elementor-element-550d39a elementor-section-boxed elementor-section-height-default elementor-section-height-default\" data-id=\"550d39a\" data-element_type=\"section\" data-e-type=\"section\">\n\t\t\t\t\t\t<div class=\"elementor-container elementor-column-gap-default\">\n\t\t\t\t\t<div class=\"elementor-column elementor-col-100 elementor-top-column elementor-element elementor-element-073f975\" data-id=\"073f975\" data-element_type=\"column\" data-e-type=\"column\">\n\t\t\t<div class=\"elementor-widget-wrap elementor-element-populated\">\n\t\t\t\t\t\t<div class=\"elementor-element elementor-element-e16dbc6 elementor-widget elementor-widget-video\" data-id=\"e16dbc6\" data-element_type=\"widget\" data-e-type=\"widget\" data-settings=\"{&quot;video_type&quot;:&quot;vimeo&quot;}\" data-widget_type=\"video.default\">\n\t\t\t\t<div class=\"elementor-widget-container\">\n\t\t\t\t\t\t\t<div class=\"elementor-wrapper elementor-open-inline\">\n\t\t\t<iframe class=\"elementor-video-iframe\" allowfullscreen allow=\"clipboard-write\" title=\"vimeo Video Player\" src=\"https:\/\/player.vimeo.com\/video\/380199619?color&amp;autopause=0&amp;loop=0&amp;muted=0&amp;title=1&amp;portrait=1&amp;byline=1#t=\"><\/iframe>\t\t<\/div>\n\t\t\t\t\t\t<\/div>\n\t\t\t\t<\/div>\n\t\t\t\t\t<\/div>\n\t\t<\/div>\n\t\t\t\t\t<\/div>\n\t\t<\/section>\n\t\t\t\t<section data-particle_enable=\"false\" data-particle-mobile-disabled=\"false\" class=\"elementor-section elementor-top-section elementor-element elementor-element-acdb220 elementor-section-boxed elementor-section-height-default elementor-section-height-default\" data-id=\"acdb220\" data-element_type=\"section\" data-e-type=\"section\">\n\t\t\t\t\t\t<div class=\"elementor-container elementor-column-gap-default\">\n\t\t\t\t\t<div class=\"elementor-column elementor-col-100 elementor-top-column elementor-element elementor-element-920ccb8\" data-id=\"920ccb8\" data-element_type=\"column\" data-e-type=\"column\">\n\t\t\t<div class=\"elementor-widget-wrap elementor-element-populated\">\n\t\t\t\t\t\t<div class=\"elementor-element elementor-element-e7c5e49 elementor-widget elementor-widget-text-editor\" data-id=\"e7c5e49\" data-element_type=\"widget\" data-e-type=\"widget\" data-widget_type=\"text-editor.default\">\n\t\t\t\t<div class=\"elementor-widget-container\">\n\t\t\t\t\t\t\t\t\t<p>As we approach a decisive moment in history, a turning point in which Europe's relative position is weakening, the divisions inherited from the Cold War are unravelling, and the East is emerging, we are asking ourselves about our future. The crises we are experiencing (weakened alliances, new balances of power, climate change, demographic and migratory challenges, threats linked to the development of algorithmic power, the emergence of new means of manipulating the masses, etc.), and those we need to anticipate, call for a critical renewal of strategic thinking.<\/p><p>Has the world spiralled out of control? Thomas Gomart, Director of the French Institute of International Relations, talks about \"l'affolement du monde\", the title of his latest book. This IHEDN Monday is an opportunity for the author of this major work to give us a better understanding of the major geopolitical issues of the moment, marked by the unprecedented reshaping of the international system.<\/p>\t\t\t\t\t\t\t\t<\/div>\n\t\t\t\t<\/div>\n\t\t\t\t<div class=\"elementor-element elementor-element-faaaa08 elementor-widget elementor-widget-text-editor\" data-id=\"faaaa08\" data-element_type=\"widget\" data-e-type=\"widget\" data-widget_type=\"text-editor.default\">\n\t\t\t\t<div class=\"elementor-widget-container\">\n\t\t\t\t\t\t\t\t\t<p><span style=\"color: #000000;\"><strong>Speaker: <\/strong><\/span>Thomas GOMART, Director of the French Institute of International Relations.<\/p>\t\t\t\t\t\t\t\t<\/div>\n\t\t\t\t<\/div>\n\t\t\t\t\t<\/div>\n\t\t<\/div>\n\t\t\t\t\t<\/div>\n\t\t<\/section>\n\t\t\t\t<\/div>","protected":false},"excerpt":{"rendered":"<p><strong>Speaker:<\/strong> Thomas GOMART, Director of the French Institute of International Relations.<\/p>","protected":false},"author":1,"featured_media":3039,"comment_status":"closed","ping_status":"closed","sticky":false,"template":"","format":"standard","meta":{"footnotes":""},"categories":[62,61],"tags":[],"class_list":["post-3037","post","type-post","status-publish","format-standard","has-post-thumbnail","hentry","category-lundis-de-lihedn-mediatheque","category-mediatheque"],"yoast_head":"<!-- This site is optimized with the Yoast SEO plugin v27.5 - https:\/\/yoast.com\/product\/yoast-seo-wordpress\/ -->\n<title>L&#039;affolement du monde : perspectives g\u00e9opolitiques. - L&#039;IHEDN : Institut des hautes \u00e9tudes de d\u00e9fense nationale<\/title>\n<meta name=\"robots\" content=\"index, follow, max-snippet:-1, max-image-preview:large, max-video-preview:-1\" \/>\n<link rel=\"canonical\" href=\"https:\/\/ihedn.fr\/en\/mediatheque\/laffolement-du-monde-perspectives-geopolitiques\/\" \/>\n<meta property=\"og:locale\" content=\"en_GB\" \/>\n<meta property=\"og:type\" content=\"article\" \/>\n<meta property=\"og:title\" content=\"L&#039;affolement du monde : perspectives g\u00e9opolitiques. - L&#039;IHEDN : Institut des hautes \u00e9tudes de d\u00e9fense nationale\" \/>\n<meta property=\"og:description\" content=\"Intervenant : Thomas GOMART, Directeur de l&#039;Institut fran\u00e7ais des relations internationales.\" \/>\n<meta property=\"og:url\" content=\"https:\/\/ihedn.fr\/en\/mediatheque\/laffolement-du-monde-perspectives-geopolitiques\/\" \/>\n<meta property=\"og:site_name\" content=\"L&#039;IHEDN : Institut des hautes \u00e9tudes de d\u00e9fense nationale\" \/>\n<meta property=\"article:publisher\" content=\"https:\/\/www.facebook.com\/ihedn\/\" \/>\n<meta property=\"article:published_time\" content=\"2019-12-16T16:30:07+00:00\" \/>\n<meta property=\"article:modified_time\" content=\"2021-04-06T07:45:30+00:00\" \/>\n<meta property=\"og:image\" content=\"https:\/\/ihedn.fr\/wp-content\/uploads\/2019\/12\/20191216-LUNIDSIH-GOMART.jpg\" \/>\n\t<meta property=\"og:image:width\" content=\"800\" \/>\n\t<meta property=\"og:image:height\" content=\"600\" \/>\n\t<meta property=\"og:image:type\" content=\"image\/jpeg\" \/>\n<meta name=\"author\" content=\"dev\" \/>\n<meta name=\"twitter:card\" content=\"summary_large_image\" \/>\n<meta name=\"twitter:creator\" content=\"@IHEDN\" \/>\n<meta name=\"twitter:site\" content=\"@IHEDN\" \/>\n<meta name=\"twitter:label1\" content=\"Written by\" \/>\n\t<meta name=\"twitter:data1\" content=\"dev\" \/>\n\t<meta name=\"twitter:label2\" content=\"Estimated reading time\" \/>\n\t<meta name=\"twitter:data2\" content=\"1 minute\" \/>\n<script type=\"application\/ld+json\" class=\"yoast-schema-graph\">{\"@context\":\"https:\\\/\\\/schema.org\",\"@graph\":[{\"@type\":\"Article\",\"@id\":\"https:\\\/\\\/ihedn.fr\\\/mediatheque\\\/laffolement-du-monde-perspectives-geopolitiques\\\/#article\",\"isPartOf\":{\"@id\":\"https:\\\/\\\/ihedn.fr\\\/mediatheque\\\/laffolement-du-monde-perspectives-geopolitiques\\\/\"},\"author\":{\"name\":\"dev\",\"@id\":\"https:\\\/\\\/ihedn.fr\\\/#\\\/schema\\\/person\\\/7a40155595e4efb35323447cb8c8c5a4\"},\"headline\":\"L&rsquo;affolement du monde : perspectives g\u00e9opolitiques.\",\"datePublished\":\"2019-12-16T16:30:07+00:00\",\"dateModified\":\"2021-04-06T07:45:30+00:00\",\"mainEntityOfPage\":{\"@id\":\"https:\\\/\\\/ihedn.fr\\\/mediatheque\\\/laffolement-du-monde-perspectives-geopolitiques\\\/\"},\"wordCount\":186,\"publisher\":{\"@id\":\"https:\\\/\\\/ihedn.fr\\\/#organization\"},\"image\":{\"@id\":\"https:\\\/\\\/ihedn.fr\\\/mediatheque\\\/laffolement-du-monde-perspectives-geopolitiques\\\/#primaryimage\"},\"thumbnailUrl\":\"https:\\\/\\\/ihedn.fr\\\/wp-content\\\/uploads\\\/2019\\\/12\\\/20191216-LUNIDSIH-GOMART.jpg\",\"articleSection\":[\"Lundis de l'IHedn\",\"M\u00c9DIATHEQUE\"],\"inLanguage\":\"en-GB\"},{\"@type\":\"WebPage\",\"@id\":\"https:\\\/\\\/ihedn.fr\\\/mediatheque\\\/laffolement-du-monde-perspectives-geopolitiques\\\/\",\"url\":\"https:\\\/\\\/ihedn.fr\\\/mediatheque\\\/laffolement-du-monde-perspectives-geopolitiques\\\/\",\"name\":\"L'affolement du monde : perspectives g\u00e9opolitiques. - L&#039;IHEDN : Institut des hautes \u00e9tudes de d\u00e9fense nationale\",\"isPartOf\":{\"@id\":\"https:\\\/\\\/ihedn.fr\\\/#website\"},\"primaryImageOfPage\":{\"@id\":\"https:\\\/\\\/ihedn.fr\\\/mediatheque\\\/laffolement-du-monde-perspectives-geopolitiques\\\/#primaryimage\"},\"image\":{\"@id\":\"https:\\\/\\\/ihedn.fr\\\/mediatheque\\\/laffolement-du-monde-perspectives-geopolitiques\\\/#primaryimage\"},\"thumbnailUrl\":\"https:\\\/\\\/ihedn.fr\\\/wp-content\\\/uploads\\\/2019\\\/12\\\/20191216-LUNIDSIH-GOMART.jpg\",\"datePublished\":\"2019-12-16T16:30:07+00:00\",\"dateModified\":\"2021-04-06T07:45:30+00:00\",\"breadcrumb\":{\"@id\":\"https:\\\/\\\/ihedn.fr\\\/mediatheque\\\/laffolement-du-monde-perspectives-geopolitiques\\\/#breadcrumb\"},\"inLanguage\":\"en-GB\",\"potentialAction\":[{\"@type\":\"ReadAction\",\"target\":[\"https:\\\/\\\/ihedn.fr\\\/mediatheque\\\/laffolement-du-monde-perspectives-geopolitiques\\\/\"]}]},{\"@type\":\"ImageObject\",\"inLanguage\":\"en-GB\",\"@id\":\"https:\\\/\\\/ihedn.fr\\\/mediatheque\\\/laffolement-du-monde-perspectives-geopolitiques\\\/#primaryimage\",\"url\":\"https:\\\/\\\/ihedn.fr\\\/wp-content\\\/uploads\\\/2019\\\/12\\\/20191216-LUNIDSIH-GOMART.jpg\",\"contentUrl\":\"https:\\\/\\\/ihedn.fr\\\/wp-content\\\/uploads\\\/2019\\\/12\\\/20191216-LUNIDSIH-GOMART.jpg\",\"width\":800,\"height\":600},{\"@type\":\"BreadcrumbList\",\"@id\":\"https:\\\/\\\/ihedn.fr\\\/mediatheque\\\/laffolement-du-monde-perspectives-geopolitiques\\\/#breadcrumb\",\"itemListElement\":[{\"@type\":\"ListItem\",\"position\":1,\"name\":\"Accueil\",\"item\":\"https:\\\/\\\/ihedn.fr\\\/\"},{\"@type\":\"ListItem\",\"position\":2,\"name\":\"L&rsquo;affolement du monde : perspectives g\u00e9opolitiques.\"}]},{\"@type\":\"WebSite\",\"@id\":\"https:\\\/\\\/ihedn.fr\\\/#website\",\"url\":\"https:\\\/\\\/ihedn.fr\\\/\",\"name\":\"IHEDN : Institut des hautes \u00e9tudes de d\u00e9fense nationale |\",\"description\":\"Site officiel de l&#039;IHEDN plac\u00e9 sous la tutelle du Premier ministre.\",\"publisher\":{\"@id\":\"https:\\\/\\\/ihedn.fr\\\/#organization\"},\"potentialAction\":[{\"@type\":\"SearchAction\",\"target\":{\"@type\":\"EntryPoint\",\"urlTemplate\":\"https:\\\/\\\/ihedn.fr\\\/?s={search_term_string}\"},\"query-input\":{\"@type\":\"PropertyValueSpecification\",\"valueRequired\":true,\"valueName\":\"search_term_string\"}}],\"inLanguage\":\"en-GB\"},{\"@type\":\"Organization\",\"@id\":\"https:\\\/\\\/ihedn.fr\\\/#organization\",\"name\":\"IHEDN - Institut des Hautes Etudes de D\u00e9fense Nationale\",\"url\":\"https:\\\/\\\/ihedn.fr\\\/\",\"logo\":{\"@type\":\"ImageObject\",\"inLanguage\":\"en-GB\",\"@id\":\"https:\\\/\\\/ihedn.fr\\\/#\\\/schema\\\/logo\\\/image\\\/\",\"url\":\"https:\\\/\\\/ihedn.fr\\\/wp-content\\\/uploads\\\/2020\\\/11\\\/BLOC_RF_IHEDN_WEB.png\",\"contentUrl\":\"https:\\\/\\\/ihedn.fr\\\/wp-content\\\/uploads\\\/2020\\\/11\\\/BLOC_RF_IHEDN_WEB.png\",\"width\":500,\"height\":237,\"caption\":\"IHEDN - Institut des Hautes Etudes de D\u00e9fense Nationale\"},\"image\":{\"@id\":\"https:\\\/\\\/ihedn.fr\\\/#\\\/schema\\\/logo\\\/image\\\/\"},\"sameAs\":[\"https:\\\/\\\/www.facebook.com\\\/ihedn\\\/\",\"https:\\\/\\\/x.com\\\/IHEDN\",\"https:\\\/\\\/www.instagram.com\\\/ihedn\\\/\",\"https:\\\/\\\/www.linkedin.com\\\/school\\\/ihedn\\\/\",\"https:\\\/\\\/fr.wikipedia.org\\\/wiki\\\/Institut_des_hautes_\u00e9tudes_de_D\u00e9fense_nationale\"]},{\"@type\":\"Person\",\"@id\":\"https:\\\/\\\/ihedn.fr\\\/#\\\/schema\\\/person\\\/7a40155595e4efb35323447cb8c8c5a4\",\"name\":\"dev\",\"image\":{\"@type\":\"ImageObject\",\"inLanguage\":\"en-GB\",\"@id\":\"https:\\\/\\\/secure.gravatar.com\\\/avatar\\\/f1ffcac9ca2fa95ad3ec33e9be3ade82f752acb0cabe541e56c5889225afa88a?s=96&d=mm&r=g\",\"url\":\"https:\\\/\\\/secure.gravatar.com\\\/avatar\\\/f1ffcac9ca2fa95ad3ec33e9be3ade82f752acb0cabe541e56c5889225afa88a?s=96&d=mm&r=g\",\"contentUrl\":\"https:\\\/\\\/secure.gravatar.com\\\/avatar\\\/f1ffcac9ca2fa95ad3ec33e9be3ade82f752acb0cabe541e56c5889225afa88a?s=96&d=mm&r=g\",\"caption\":\"dev\"},\"sameAs\":[\"https:\\\/\\\/ihedn.concilium.click\"],\"url\":\"https:\\\/\\\/ihedn.fr\\\/en\\\/author\\\/dev\\\/\"}]}<\/script>\n<!-- \/ Yoast SEO plugin. -->","yoast_head_json":{"title":"The world in turmoil: geopolitical perspectives. - IHEDN: Institute for Advanced Studies in National Defence","robots":{"index":"index","follow":"follow","max-snippet":"max-snippet:-1","max-image-preview":"max-image-preview:large","max-video-preview":"max-video-preview:-1"},"canonical":"https:\/\/ihedn.fr\/en\/mediatheque\/laffolement-du-monde-perspectives-geopolitiques\/","og_locale":"en_GB","og_type":"article","og_title":"L'affolement du monde : perspectives g\u00e9opolitiques. - L&#039;IHEDN : Institut des hautes \u00e9tudes de d\u00e9fense nationale","og_description":"Intervenant : Thomas GOMART, Directeur de l'Institut fran\u00e7ais des relations internationales.","og_url":"https:\/\/ihedn.fr\/en\/mediatheque\/laffolement-du-monde-perspectives-geopolitiques\/","og_site_name":"L&#039;IHEDN : Institut des hautes \u00e9tudes de d\u00e9fense nationale","article_publisher":"https:\/\/www.facebook.com\/ihedn\/","article_published_time":"2019-12-16T16:30:07+00:00","article_modified_time":"2021-04-06T07:45:30+00:00","og_image":[{"width":800,"height":600,"url":"https:\/\/ihedn.fr\/wp-content\/uploads\/2019\/12\/20191216-LUNIDSIH-GOMART.jpg","type":"image\/jpeg"}],"author":"dev","twitter_card":"summary_large_image","twitter_creator":"@IHEDN","twitter_site":"@IHEDN","twitter_misc":{"Written by":"dev","Estimated reading time":"1 minute"},"schema":{"@context":"https:\/\/schema.org","@graph":[{"@type":"Article","@id":"https:\/\/ihedn.fr\/mediatheque\/laffolement-du-monde-perspectives-geopolitiques\/#article","isPartOf":{"@id":"https:\/\/ihedn.fr\/mediatheque\/laffolement-du-monde-perspectives-geopolitiques\/"},"author":{"name":"dev","@id":"https:\/\/ihedn.fr\/#\/schema\/person\/7a40155595e4efb35323447cb8c8c5a4"},"headline":"L&rsquo;affolement du monde : perspectives g\u00e9opolitiques.","datePublished":"2019-12-16T16:30:07+00:00","dateModified":"2021-04-06T07:45:30+00:00","mainEntityOfPage":{"@id":"https:\/\/ihedn.fr\/mediatheque\/laffolement-du-monde-perspectives-geopolitiques\/"},"wordCount":186,"publisher":{"@id":"https:\/\/ihedn.fr\/#organization"},"image":{"@id":"https:\/\/ihedn.fr\/mediatheque\/laffolement-du-monde-perspectives-geopolitiques\/#primaryimage"},"thumbnailUrl":"https:\/\/ihedn.fr\/wp-content\/uploads\/2019\/12\/20191216-LUNIDSIH-GOMART.jpg","articleSection":["Lundis de l'IHedn","M\u00c9DIATHEQUE"],"inLanguage":"en-GB"},{"@type":"WebPage","@id":"https:\/\/ihedn.fr\/mediatheque\/laffolement-du-monde-perspectives-geopolitiques\/","url":"https:\/\/ihedn.fr\/mediatheque\/laffolement-du-monde-perspectives-geopolitiques\/","name":"The world in turmoil: geopolitical perspectives. - IHEDN: Institute for Advanced Studies in National Defence","isPartOf":{"@id":"https:\/\/ihedn.fr\/#website"},"primaryImageOfPage":{"@id":"https:\/\/ihedn.fr\/mediatheque\/laffolement-du-monde-perspectives-geopolitiques\/#primaryimage"},"image":{"@id":"https:\/\/ihedn.fr\/mediatheque\/laffolement-du-monde-perspectives-geopolitiques\/#primaryimage"},"thumbnailUrl":"https:\/\/ihedn.fr\/wp-content\/uploads\/2019\/12\/20191216-LUNIDSIH-GOMART.jpg","datePublished":"2019-12-16T16:30:07+00:00","dateModified":"2021-04-06T07:45:30+00:00","breadcrumb":{"@id":"https:\/\/ihedn.fr\/mediatheque\/laffolement-du-monde-perspectives-geopolitiques\/#breadcrumb"},"inLanguage":"en-GB","potentialAction":[{"@type":"ReadAction","target":["https:\/\/ihedn.fr\/mediatheque\/laffolement-du-monde-perspectives-geopolitiques\/"]}]},{"@type":"ImageObject","inLanguage":"en-GB","@id":"https:\/\/ihedn.fr\/mediatheque\/laffolement-du-monde-perspectives-geopolitiques\/#primaryimage","url":"https:\/\/ihedn.fr\/wp-content\/uploads\/2019\/12\/20191216-LUNIDSIH-GOMART.jpg","contentUrl":"https:\/\/ihedn.fr\/wp-content\/uploads\/2019\/12\/20191216-LUNIDSIH-GOMART.jpg","width":800,"height":600},{"@type":"BreadcrumbList","@id":"https:\/\/ihedn.fr\/mediatheque\/laffolement-du-monde-perspectives-geopolitiques\/#breadcrumb","itemListElement":[{"@type":"ListItem","position":1,"name":"Accueil","item":"https:\/\/ihedn.fr\/"},{"@type":"ListItem","position":2,"name":"L&rsquo;affolement du monde : perspectives g\u00e9opolitiques."}]},{"@type":"WebSite","@id":"https:\/\/ihedn.fr\/#website","url":"https:\/\/ihedn.fr\/","name":"IHEDN: Institut des hautes \u00e9tudes de d\u00e9fense nationale (Institute for Higher National Defence Studies)","description":"Official website of the IHEDN under the supervision of the Prime Minister.","publisher":{"@id":"https:\/\/ihedn.fr\/#organization"},"potentialAction":[{"@type":"SearchAction","target":{"@type":"EntryPoint","urlTemplate":"https:\/\/ihedn.fr\/?s={search_term_string}"},"query-input":{"@type":"PropertyValueSpecification","valueRequired":true,"valueName":"search_term_string"}}],"inLanguage":"en-GB"},{"@type":"Organization","@id":"https:\/\/ihedn.fr\/#organization","name":"IHEDN - Institute for Higher National Defence Studies","url":"https:\/\/ihedn.fr\/","logo":{"@type":"ImageObject","inLanguage":"en-GB","@id":"https:\/\/ihedn.fr\/#\/schema\/logo\/image\/","url":"https:\/\/ihedn.fr\/wp-content\/uploads\/2020\/11\/BLOC_RF_IHEDN_WEB.png","contentUrl":"https:\/\/ihedn.fr\/wp-content\/uploads\/2020\/11\/BLOC_RF_IHEDN_WEB.png","width":500,"height":237,"caption":"IHEDN - Institut des Hautes Etudes de D\u00e9fense Nationale"},"image":{"@id":"https:\/\/ihedn.fr\/#\/schema\/logo\/image\/"},"sameAs":["https:\/\/www.facebook.com\/ihedn\/","https:\/\/x.com\/IHEDN","https:\/\/www.instagram.com\/ihedn\/","https:\/\/www.linkedin.com\/school\/ihedn\/","https:\/\/fr.wikipedia.org\/wiki\/Institut_des_hautes_\u00e9tudes_de_D\u00e9fense_nationale"]},{"@type":"Person","@id":"https:\/\/ihedn.fr\/#\/schema\/person\/7a40155595e4efb35323447cb8c8c5a4","name":"dev","image":{"@type":"ImageObject","inLanguage":"en-GB","@id":"https:\/\/secure.gravatar.com\/avatar\/f1ffcac9ca2fa95ad3ec33e9be3ade82f752acb0cabe541e56c5889225afa88a?s=96&d=mm&r=g","url":"https:\/\/secure.gravatar.com\/avatar\/f1ffcac9ca2fa95ad3ec33e9be3ade82f752acb0cabe541e56c5889225afa88a?s=96&d=mm&r=g","contentUrl":"https:\/\/secure.gravatar.com\/avatar\/f1ffcac9ca2fa95ad3ec33e9be3ade82f752acb0cabe541e56c5889225afa88a?s=96&d=mm&r=g","caption":"dev"},"sameAs":["https:\/\/ihedn.concilium.click"],"url":"https:\/\/ihedn.fr\/en\/author\/dev\/"}]}},"publishpress_future_action":{"enabled":false,"date":"2026-05-06 05:17:39","action":"change-status","newStatus":"draft","terms":[],"taxonomy":"category","extraData":[]},"publishpress_future_workflow_manual_trigger":{"enabledWorkflows":[]},"_links":{"self":[{"href":"https:\/\/ihedn.fr\/en\/wp-json\/wp\/v2\/posts\/3037","targetHints":{"allow":["GET"]}}],"collection":[{"href":"https:\/\/ihedn.fr\/en\/wp-json\/wp\/v2\/posts"}],"about":[{"href":"https:\/\/ihedn.fr\/en\/wp-json\/wp\/v2\/types\/post"}],"author":[{"embeddable":true,"href":"https:\/\/ihedn.fr\/en\/wp-json\/wp\/v2\/users\/1"}],"replies":[{"embeddable":true,"href":"https:\/\/ihedn.fr\/en\/wp-json\/wp\/v2\/comments?post=3037"}],"version-history":[{"count":5,"href":"https:\/\/ihedn.fr\/en\/wp-json\/wp\/v2\/posts\/3037\/revisions"}],"predecessor-version":[{"id":10076,"href":"https:\/\/ihedn.fr\/en\/wp-json\/wp\/v2\/posts\/3037\/revisions\/10076"}],"wp:featuredmedia":[{"embeddable":true,"href":"https:\/\/ihedn.fr\/en\/wp-json\/wp\/v2\/media\/3039"}],"wp:attachment":[{"href":"https:\/\/ihedn.fr\/en\/wp-json\/wp\/v2\/media?parent=3037"}],"wp:term":[{"taxonomy":"category","embeddable":true,"href":"https:\/\/ihedn.fr\/en\/wp-json\/wp\/v2\/categories?post=3037"},{"taxonomy":"post_tag","embeddable":true,"href":"https:\/\/ihedn.fr\/en\/wp-json\/wp\/v2\/tags?post=3037"}],"curies":[{"name":"wp","href":"https:\/\/api.w.org\/{rel}","templated":true}]}}