{"id":30418,"date":"2022-12-10T09:23:49","date_gmt":"2022-12-10T08:23:49","guid":{"rendered":"https:\/\/ihedn.fr\/?p=30418"},"modified":"2022-12-13T10:40:03","modified_gmt":"2022-12-13T09:40:03","slug":"clap-de-fin-en-nouvelle-caledonie","status":"publish","type":"post","link":"https:\/\/ihedn.fr\/en\/notre-actualite\/clap-de-fin-en-nouvelle-caledonie\/","title":{"rendered":"Clap de fin in New Caledonia"},"content":{"rendered":"<div data-elementor-type=\"wp-post\" data-elementor-id=\"30418\" class=\"elementor elementor-30418\" data-elementor-post-type=\"post\">\n\t\t\t\t\t\t<section data-particle_enable=\"false\" data-particle-mobile-disabled=\"false\" class=\"elementor-section elementor-top-section elementor-element elementor-element-334a5f2 elementor-section-boxed elementor-section-height-default elementor-section-height-default\" data-id=\"334a5f2\" data-element_type=\"section\" data-e-type=\"section\">\n\t\t\t\t\t\t<div class=\"elementor-container elementor-column-gap-default\">\n\t\t\t\t\t<div class=\"elementor-column elementor-col-100 elementor-top-column elementor-element elementor-element-8d14533\" data-id=\"8d14533\" data-element_type=\"column\" data-e-type=\"column\">\n\t\t\t<div class=\"elementor-widget-wrap elementor-element-populated\">\n\t\t\t\t\t\t<div class=\"elementor-element elementor-element-d4e9601 elementor-widget elementor-widget-text-editor\" data-id=\"d4e9601\" data-element_type=\"widget\" data-e-type=\"widget\" data-widget_type=\"text-editor.default\">\n\t\t\t\t<div class=\"elementor-widget-container\">\n\t\t\t\t\t\t\t\t\t<p class=\"p3\" style=\"margin: 0cm; margin-bottom: .0001pt;\"><span class=\"s2\"><span style=\"color: black;\">On this final day, the 48 auditors from the regional session and the 27 young auditors from the youth cycle gathered in the CPS conference room, where they were welcomed, along with the IHEDN management team, by Johan Sebastian Berghoef, Director.<\/span><\/span><\/p><p class=\"p3\" style=\"margin: 0cm; margin-bottom: .0001pt; font-stretch: normal; caret-color: #000000; -webkit-text-size-adjust: auto;\"><span class=\"s2\"><span style=\"color: black;\">\u00a0<\/span><\/span><\/p><p class=\"p3\" style=\"margin: 0cm; margin-bottom: .0001pt; font-stretch: normal; caret-color: #000000; -webkit-text-size-adjust: auto;\"><span class=\"s2\"><span style=\"color: black;\">The 4 committees of auditors from the young people's cycle presented the conclusions of their work to the audience and the authorities present. The 5 committees of auditors from the regional session had spoken the day before.<\/span><\/span><\/p><p class=\"p3\" style=\"margin: 0cm; margin-bottom: .0001pt; font-stretch: normal; caret-color: #000000; -webkit-text-size-adjust: auto;\"><span class=\"s2\"><span style=\"color: black;\">\u00a0<\/span><\/span><\/p><p class=\"p3\" style=\"margin: 0cm; margin-bottom: .0001pt; font-stretch: normal; caret-color: #000000; -webkit-text-size-adjust: auto;\"><span class=\"s2\"><span style=\"color: black;\">The audience was then treated to the final two lectures, given by <strong>Brigadier General Val\u00e9ry Putz<\/strong>senior commander of the FANC on defence and security strategy, and from <strong>R\u00e9mi Bastille<\/strong>Secretary General of the French High Commission, on the major issues facing New Caledonia.<\/span><\/span><\/p><p class=\"p3\" style=\"margin: 0cm; margin-bottom: .0001pt; font-stretch: normal; caret-color: #000000; -webkit-text-size-adjust: auto;\"><span class=\"s2\"><span style=\"color: black;\">\u00a0<\/span><\/span><\/p><p class=\"p3\" style=\"margin: 0cm; margin-bottom: .0001pt; font-stretch: normal; caret-color: #000000; -webkit-text-size-adjust: auto;\"><span class=\"s2\"><span style=\"color: black;\">In his closing address, <strong>Jean-Michel Delvert<\/strong>In his speech, the Deputy Prefect, Head of the Department of Regional and Specialised Activities at the IHEDN, emphasised that, more than any other session, this stage in the French Overseas Territories marks the Institute's determination to spread the spirit of defence throughout all the territories of the Republic. He thanked the High Commissioner of the Republic and the Commander of the FANC, on behalf of Lieutenant General Beno\u00eet Durieux, Director of the IHEDN, for their investment and that of their departments in the preparation and implementation of these training courses, which had been organised thanks to the support of the Directorate General for Overseas France (DGOM).<\/span><\/span><\/p><p class=\"p3\" style=\"margin: 0cm; margin-bottom: .0001pt; font-stretch: normal; caret-color: #000000; -webkit-text-size-adjust: auto;\"><span class=\"s2\"><span style=\"color: black;\">\u00a0<\/span><\/span><\/p><p class=\"p3\" style=\"margin: 0cm; margin-bottom: .0001pt; font-stretch: normal; caret-color: #000000; -webkit-text-size-adjust: auto;\"><span class=\"s2\"><span style=\"color: black;\">The meeting of the regional session auditors with the Minister of the Interior and Overseas Territories on 30 November in Kon\u00e9 will remain one of the highlights of the 3 weeks.<\/span><\/span><\/p><p class=\"p3\" style=\"margin: 0cm; margin-bottom: .0001pt; font-stretch: normal; caret-color: #000000; -webkit-text-size-adjust: auto;\"><span class=\"s2\"><span style=\"color: black;\">\u00a0<\/span><\/span><\/p><p class=\"p3\" style=\"margin: 0cm; margin-bottom: .0001pt; font-stretch: normal; caret-color: #000000; -webkit-text-size-adjust: auto;\"><span class=\"s2\"><span style=\"color: black;\">The 75 new IHEDN auditors finally received the certificate that confers this quality and reinforces their desire to promote and disseminate the spirit of defence, in line with the Institute's public service mission.<\/span><\/span><\/p><p class=\"p3\" style=\"margin: 0cm; margin-bottom: .0001pt; font-stretch: normal; caret-color: #000000; -webkit-text-size-adjust: auto;\"><span class=\"s2\"><span style=\"color: black;\">\u00a0<\/span><\/span><\/p><p class=\"p3\" style=\"margin: 0cm; margin-bottom: .0001pt; font-stretch: normal; caret-color: #000000; -webkit-text-size-adjust: auto;\"><span class=\"s2\"><span style=\"color: black;\">These were two great sessions, one lasting 3 weeks (regional session) and the other lasting one week (youth cycle), which came to an end 17,000 km from the \u00c9cole Militaire.<\/span><\/span><\/p>\t\t\t\t\t\t\t\t<\/div>\n\t\t\t\t<\/div>\n\t\t\t\t\t<\/div>\n\t\t<\/div>\n\t\t\t\t\t<\/div>\n\t\t<\/section>\n\t\t\t\t<section data-particle_enable=\"false\" data-particle-mobile-disabled=\"false\" class=\"elementor-section elementor-top-section elementor-element elementor-element-580d7cc elementor-section-boxed elementor-section-height-default elementor-section-height-default\" data-id=\"580d7cc\" data-element_type=\"section\" data-e-type=\"section\">\n\t\t\t\t\t\t<div class=\"elementor-container elementor-column-gap-default\">\n\t\t\t\t\t<div class=\"elementor-column elementor-col-100 elementor-top-column elementor-element elementor-element-e07758f\" data-id=\"e07758f\" data-element_type=\"column\" data-e-type=\"column\">\n\t\t\t<div class=\"elementor-widget-wrap elementor-element-populated\">\n\t\t\t\t\t\t<div class=\"elementor-element elementor-element-bea56e1 elementor-widget elementor-widget-gallery\" data-id=\"bea56e1\" data-element_type=\"widget\" data-e-type=\"widget\" data-settings=\"{&quot;columns&quot;:3,&quot;lazyload&quot;:&quot;yes&quot;,&quot;gallery_layout&quot;:&quot;grid&quot;,&quot;columns_tablet&quot;:2,&quot;columns_mobile&quot;:1,&quot;gap&quot;:{&quot;unit&quot;:&quot;px&quot;,&quot;size&quot;:10,&quot;sizes&quot;:[]},&quot;gap_tablet&quot;:{&quot;unit&quot;:&quot;px&quot;,&quot;size&quot;:10,&quot;sizes&quot;:[]},&quot;gap_mobile&quot;:{&quot;unit&quot;:&quot;px&quot;,&quot;size&quot;:10,&quot;sizes&quot;:[]},&quot;link_to&quot;:&quot;file&quot;,&quot;aspect_ratio&quot;:&quot;3:2&quot;,&quot;overlay_background&quot;:&quot;yes&quot;,&quot;content_hover_animation&quot;:&quot;fade-in&quot;}\" data-widget_type=\"gallery.default\">\n\t\t\t\t<div class=\"elementor-widget-container\">\n\t\t\t\t\t\t\t<div class=\"elementor-gallery__container\">\n\t\t\t\t\t\t\t<a class=\"e-gallery-item elementor-gallery-item elementor-animated-content\" href=\"https:\/\/ihedn.fr\/wp-content\/uploads\/2022\/12\/012-\u00aeIHEDN-220e-Sessin-en-Region-NOUVELLE-CALEDONIE-20221213.jpg\" data-elementor-open-lightbox=\"yes\" data-elementor-lightbox-slideshow=\"bea56e1\" data-e-action-hash=\"#elementor-action%3Aaction%3Dlightbox%26settings%3DeyJpZCI6MzA0MjEsInVybCI6Imh0dHBzOlwvXC9paGVkbi5mclwvd3AtY29udGVudFwvdXBsb2Fkc1wvMjAyMlwvMTJcLzAxMi1cdTAwYWVJSEVETi0yMjBlLVNlc3Npbi1lbi1SZWdpb24tTk9VVkVMTEUtQ0FMRURPTklFLTIwMjIxMjEzLmpwZyIsInNsaWRlc2hvdyI6ImJlYTU2ZTEifQ%3D%3D\">\n\t\t\t\t\t<div class=\"e-gallery-image elementor-gallery-item__image\" data-thumbnail=\"https:\/\/ihedn.fr\/wp-content\/uploads\/2022\/12\/012-\u00aeIHEDN-220e-Sessin-en-Region-NOUVELLE-CALEDONIE-20221213-300x300.jpg\" data-width=\"300\" data-height=\"300\" aria-label=\"\" role=\"img\" ><\/div>\n\t\t\t\t\t\t\t\t\t\t\t<div class=\"elementor-gallery-item__overlay\"><\/div>\n\t\t\t\t\t\t\t\t\t\t\t\t\t\t<\/a>\n\t\t\t\t\t\t\t<a class=\"e-gallery-item elementor-gallery-item elementor-animated-content\" href=\"https:\/\/ihedn.fr\/wp-content\/uploads\/2022\/12\/015-\u00aeIHEDN-220e-Sessin-en-Region-NOUVELLE-CALEDONIE-20221213-1.jpg\" data-elementor-open-lightbox=\"yes\" data-elementor-lightbox-slideshow=\"bea56e1\" data-e-action-hash=\"#elementor-action%3Aaction%3Dlightbox%26settings%3DeyJpZCI6MzA0MjMsInVybCI6Imh0dHBzOlwvXC9paGVkbi5mclwvd3AtY29udGVudFwvdXBsb2Fkc1wvMjAyMlwvMTJcLzAxNS1cdTAwYWVJSEVETi0yMjBlLVNlc3Npbi1lbi1SZWdpb24tTk9VVkVMTEUtQ0FMRURPTklFLTIwMjIxMjEzLTEuanBnIiwic2xpZGVzaG93IjoiYmVhNTZlMSJ9\">\n\t\t\t\t\t<div class=\"e-gallery-image elementor-gallery-item__image\" data-thumbnail=\"https:\/\/ihedn.fr\/wp-content\/uploads\/2022\/12\/015-\u00aeIHEDN-220e-Sessin-en-Region-NOUVELLE-CALEDONIE-20221213-1-300x300.jpg\" data-width=\"300\" data-height=\"300\" aria-label=\"\" role=\"img\" ><\/div>\n\t\t\t\t\t\t\t\t\t\t\t<div class=\"elementor-gallery-item__overlay\"><\/div>\n\t\t\t\t\t\t\t\t\t\t\t\t\t\t<\/a>\n\t\t\t\t\t\t\t<a class=\"e-gallery-item elementor-gallery-item elementor-animated-content\" href=\"https:\/\/ihedn.fr\/wp-content\/uploads\/2022\/12\/014-\u00aeIHEDN-220e-Sessin-en-Region-NOUVELLE-CALEDONIE-20221213.jpg\" data-elementor-open-lightbox=\"yes\" data-elementor-lightbox-slideshow=\"bea56e1\" data-e-action-hash=\"#elementor-action%3Aaction%3Dlightbox%26settings%3DeyJpZCI6MzA0MjIsInVybCI6Imh0dHBzOlwvXC9paGVkbi5mclwvd3AtY29udGVudFwvdXBsb2Fkc1wvMjAyMlwvMTJcLzAxNC1cdTAwYWVJSEVETi0yMjBlLVNlc3Npbi1lbi1SZWdpb24tTk9VVkVMTEUtQ0FMRURPTklFLTIwMjIxMjEzLmpwZyIsInNsaWRlc2hvdyI6ImJlYTU2ZTEifQ%3D%3D\">\n\t\t\t\t\t<div class=\"e-gallery-image elementor-gallery-item__image\" data-thumbnail=\"https:\/\/ihedn.fr\/wp-content\/uploads\/2022\/12\/014-\u00aeIHEDN-220e-Sessin-en-Region-NOUVELLE-CALEDONIE-20221213-300x300.jpg\" data-width=\"300\" data-height=\"300\" aria-label=\"\" role=\"img\" ><\/div>\n\t\t\t\t\t\t\t\t\t\t\t<div class=\"elementor-gallery-item__overlay\"><\/div>\n\t\t\t\t\t\t\t\t\t\t\t\t\t\t<\/a>\n\t\t\t\t\t<\/div>\n\t\t\t\t\t<\/div>\n\t\t\t\t<\/div>\n\t\t\t\t\t<\/div>\n\t\t<\/div>\n\t\t\t\t\t<\/div>\n\t\t<\/section>\n\t\t\t\t<\/div>","protected":false},"excerpt":{"rendered":"<p>La 220<sup>e<\/sup> session in the New Caledonia region and the 125<sup>e<\/sup> cycle jeunes Nouvelle-Cal\u00e9donie organised by IHEDN, ended on 9 December 2022 at the Communaut\u00e9 du Pacifique (CPS) in Noum\u00e9a.<\/p>","protected":false},"author":1,"featured_media":30415,"comment_status":"closed","ping_status":"closed","sticky":false,"template":"","format":"standard","meta":{"footnotes":""},"categories":[172],"tags":[],"class_list":["post-30418","post","type-post","status-publish","format-standard","has-post-thumbnail","hentry","category-notre-actualite"],"yoast_head":"<!-- This site is optimized with the Yoast SEO plugin v27.5 - https:\/\/yoast.com\/product\/yoast-seo-wordpress\/ -->\n<title>Clap de fin en Nouvelle-Cal\u00e9donie - L&#039;IHEDN : Institut des hautes \u00e9tudes de d\u00e9fense nationale<\/title>\n<meta name=\"description\" content=\"Les 03 et 04 mars, la 221e session en r\u00e9gion de l\u2019IHEDN s\u2019est achev\u00e9e au sein de l\u2019EUROCORPS \u00e0 StrasLa 220e session en r\u00e9gion Nouvelle-Cal\u00e9donie et le 125e cycle jeunes Nouvelle-Cal\u00e9donie organis\u00e9s par l\u2019IHEDN, se sont achev\u00e9s le 9 d\u00e9cembre 2022 dans la Communaut\u00e9 du Pacifique (CPS), \u00e0 Noum\u00e9a.bourg. Ces deux journ\u00e9es auront permis aux 29 auditeurs de cette session de pr\u00e9senter les conclusions des travaux r\u00e9alis\u00e9s au cours des quatre semaines qu\u2019aura dur\u00e9 cette session.\" \/>\n<meta name=\"robots\" content=\"index, follow, max-snippet:-1, max-image-preview:large, max-video-preview:-1\" \/>\n<link rel=\"canonical\" href=\"https:\/\/ihedn.fr\/en\/notre-actualite\/clap-de-fin-en-nouvelle-caledonie\/\" \/>\n<meta property=\"og:locale\" content=\"en_GB\" \/>\n<meta property=\"og:type\" content=\"article\" \/>\n<meta property=\"og:title\" content=\"Clap de fin en Nouvelle-Cal\u00e9donie\" \/>\n<meta property=\"og:description\" content=\"La 220e session en r\u00e9gion Nouvelle-Cal\u00e9donie et le 125e cycle jeunes Nouvelle-Cal\u00e9donie organis\u00e9s par l\u2019IHEDN, se sont achev\u00e9s le 9 d\u00e9cembre 2022 dans la Communaut\u00e9 du Pacifique (CPS), \u00e0 Noum\u00e9a.\" \/>\n<meta property=\"og:url\" content=\"https:\/\/ihedn.fr\/en\/notre-actualite\/clap-de-fin-en-nouvelle-caledonie\/\" \/>\n<meta property=\"og:site_name\" content=\"L&#039;IHEDN : Institut des hautes \u00e9tudes de d\u00e9fense nationale\" \/>\n<meta property=\"article:publisher\" content=\"https:\/\/www.facebook.com\/ihedn\/\" \/>\n<meta property=\"article:published_time\" content=\"2022-12-10T08:23:49+00:00\" \/>\n<meta property=\"article:modified_time\" content=\"2022-12-13T09:40:03+00:00\" \/>\n<meta property=\"og:image\" content=\"https:\/\/ihedn.fr\/wp-content\/uploads\/2022\/12\/015-\u00aeIHEDN-220e-Sessin-en-Region-NOUVELLE-CALEDONIE-20221213.jpg\" \/>\n\t<meta property=\"og:image:width\" content=\"1288\" \/>\n\t<meta property=\"og:image:height\" content=\"966\" \/>\n\t<meta property=\"og:image:type\" content=\"image\/jpeg\" \/>\n<meta name=\"author\" content=\"dev\" \/>\n<meta name=\"twitter:card\" content=\"summary_large_image\" \/>\n<meta name=\"twitter:title\" content=\"Clap de fin en Nouvelle-Cal\u00e9donie\" \/>\n<meta name=\"twitter:description\" content=\"La 220e session en r\u00e9gion Nouvelle-Cal\u00e9donie et le 125e cycle jeunes Nouvelle-Cal\u00e9donie organis\u00e9s par l\u2019IHEDN, se sont achev\u00e9s le 9 d\u00e9cembre 2022 dans la Communaut\u00e9 du Pacifique (CPS), \u00e0 Noum\u00e9a.\" \/>\n<meta name=\"twitter:image\" content=\"https:\/\/ihedn.fr\/wp-content\/uploads\/2022\/12\/015-\u00aeIHEDN-220e-Sessin-en-Region-NOUVELLE-CALEDONIE-20221213.jpg\" \/>\n<meta name=\"twitter:creator\" content=\"@IHEDN\" \/>\n<meta name=\"twitter:site\" content=\"@IHEDN\" \/>\n<meta name=\"twitter:label1\" content=\"Written by\" \/>\n\t<meta name=\"twitter:data1\" content=\"dev\" \/>\n\t<meta name=\"twitter:label2\" content=\"Estimated reading time\" \/>\n\t<meta name=\"twitter:data2\" content=\"2 minutes\" \/>\n<script type=\"application\/ld+json\" class=\"yoast-schema-graph\">{\"@context\":\"https:\\\/\\\/schema.org\",\"@graph\":[{\"@type\":\"Article\",\"@id\":\"https:\\\/\\\/ihedn.fr\\\/notre-actualite\\\/clap-de-fin-en-nouvelle-caledonie\\\/#article\",\"isPartOf\":{\"@id\":\"https:\\\/\\\/ihedn.fr\\\/notre-actualite\\\/clap-de-fin-en-nouvelle-caledonie\\\/\"},\"author\":{\"name\":\"dev\",\"@id\":\"https:\\\/\\\/ihedn.fr\\\/#\\\/schema\\\/person\\\/7a40155595e4efb35323447cb8c8c5a4\"},\"headline\":\"Clap de fin en Nouvelle-Cal\u00e9donie\",\"datePublished\":\"2022-12-10T08:23:49+00:00\",\"dateModified\":\"2022-12-13T09:40:03+00:00\",\"mainEntityOfPage\":{\"@id\":\"https:\\\/\\\/ihedn.fr\\\/notre-actualite\\\/clap-de-fin-en-nouvelle-caledonie\\\/\"},\"wordCount\":406,\"publisher\":{\"@id\":\"https:\\\/\\\/ihedn.fr\\\/#organization\"},\"image\":{\"@id\":\"https:\\\/\\\/ihedn.fr\\\/notre-actualite\\\/clap-de-fin-en-nouvelle-caledonie\\\/#primaryimage\"},\"thumbnailUrl\":\"https:\\\/\\\/ihedn.fr\\\/wp-content\\\/uploads\\\/2022\\\/12\\\/015-\u00aeIHEDN-220e-Sessin-en-Region-NOUVELLE-CALEDONIE-20221213.jpg\",\"articleSection\":[\"Notre actualit\u00e9\"],\"inLanguage\":\"en-GB\"},{\"@type\":\"WebPage\",\"@id\":\"https:\\\/\\\/ihedn.fr\\\/notre-actualite\\\/clap-de-fin-en-nouvelle-caledonie\\\/\",\"url\":\"https:\\\/\\\/ihedn.fr\\\/notre-actualite\\\/clap-de-fin-en-nouvelle-caledonie\\\/\",\"name\":\"Clap de fin en Nouvelle-Cal\u00e9donie - L&#039;IHEDN : Institut des hautes \u00e9tudes de d\u00e9fense nationale\",\"isPartOf\":{\"@id\":\"https:\\\/\\\/ihedn.fr\\\/#website\"},\"primaryImageOfPage\":{\"@id\":\"https:\\\/\\\/ihedn.fr\\\/notre-actualite\\\/clap-de-fin-en-nouvelle-caledonie\\\/#primaryimage\"},\"image\":{\"@id\":\"https:\\\/\\\/ihedn.fr\\\/notre-actualite\\\/clap-de-fin-en-nouvelle-caledonie\\\/#primaryimage\"},\"thumbnailUrl\":\"https:\\\/\\\/ihedn.fr\\\/wp-content\\\/uploads\\\/2022\\\/12\\\/015-\u00aeIHEDN-220e-Sessin-en-Region-NOUVELLE-CALEDONIE-20221213.jpg\",\"datePublished\":\"2022-12-10T08:23:49+00:00\",\"dateModified\":\"2022-12-13T09:40:03+00:00\",\"description\":\"Les 03 et 04 mars, la 221e session en r\u00e9gion de l\u2019IHEDN s\u2019est achev\u00e9e au sein de l\u2019EUROCORPS \u00e0 StrasLa 220e session en r\u00e9gion Nouvelle-Cal\u00e9donie et le 125e cycle jeunes Nouvelle-Cal\u00e9donie organis\u00e9s par l\u2019IHEDN, se sont achev\u00e9s le 9 d\u00e9cembre 2022 dans la Communaut\u00e9 du Pacifique (CPS), \u00e0 Noum\u00e9a.bourg. Ces deux journ\u00e9es auront permis aux 29 auditeurs de cette session de pr\u00e9senter les conclusions des travaux r\u00e9alis\u00e9s au cours des quatre semaines qu\u2019aura dur\u00e9 cette session.\",\"breadcrumb\":{\"@id\":\"https:\\\/\\\/ihedn.fr\\\/notre-actualite\\\/clap-de-fin-en-nouvelle-caledonie\\\/#breadcrumb\"},\"inLanguage\":\"en-GB\",\"potentialAction\":[{\"@type\":\"ReadAction\",\"target\":[\"https:\\\/\\\/ihedn.fr\\\/notre-actualite\\\/clap-de-fin-en-nouvelle-caledonie\\\/\"]}]},{\"@type\":\"ImageObject\",\"inLanguage\":\"en-GB\",\"@id\":\"https:\\\/\\\/ihedn.fr\\\/notre-actualite\\\/clap-de-fin-en-nouvelle-caledonie\\\/#primaryimage\",\"url\":\"https:\\\/\\\/ihedn.fr\\\/wp-content\\\/uploads\\\/2022\\\/12\\\/015-\u00aeIHEDN-220e-Sessin-en-Region-NOUVELLE-CALEDONIE-20221213.jpg\",\"contentUrl\":\"https:\\\/\\\/ihedn.fr\\\/wp-content\\\/uploads\\\/2022\\\/12\\\/015-\u00aeIHEDN-220e-Sessin-en-Region-NOUVELLE-CALEDONIE-20221213.jpg\",\"width\":1288,\"height\":966,\"caption\":\"\u00aeIHEDN-220e-Sessin-en-Region-NOUVELLE-CALEDONIE\"},{\"@type\":\"BreadcrumbList\",\"@id\":\"https:\\\/\\\/ihedn.fr\\\/notre-actualite\\\/clap-de-fin-en-nouvelle-caledonie\\\/#breadcrumb\",\"itemListElement\":[{\"@type\":\"ListItem\",\"position\":1,\"name\":\"Accueil\",\"item\":\"https:\\\/\\\/ihedn.fr\\\/\"},{\"@type\":\"ListItem\",\"position\":2,\"name\":\"Clap de fin en Nouvelle-Cal\u00e9donie\"}]},{\"@type\":\"WebSite\",\"@id\":\"https:\\\/\\\/ihedn.fr\\\/#website\",\"url\":\"https:\\\/\\\/ihedn.fr\\\/\",\"name\":\"IHEDN : Institut des hautes \u00e9tudes de d\u00e9fense nationale |\",\"description\":\"Site officiel de l&#039;IHEDN plac\u00e9 sous la tutelle du Premier ministre.\",\"publisher\":{\"@id\":\"https:\\\/\\\/ihedn.fr\\\/#organization\"},\"potentialAction\":[{\"@type\":\"SearchAction\",\"target\":{\"@type\":\"EntryPoint\",\"urlTemplate\":\"https:\\\/\\\/ihedn.fr\\\/?s={search_term_string}\"},\"query-input\":{\"@type\":\"PropertyValueSpecification\",\"valueRequired\":true,\"valueName\":\"search_term_string\"}}],\"inLanguage\":\"en-GB\"},{\"@type\":\"Organization\",\"@id\":\"https:\\\/\\\/ihedn.fr\\\/#organization\",\"name\":\"IHEDN - Institut des Hautes Etudes de D\u00e9fense Nationale\",\"url\":\"https:\\\/\\\/ihedn.fr\\\/\",\"logo\":{\"@type\":\"ImageObject\",\"inLanguage\":\"en-GB\",\"@id\":\"https:\\\/\\\/ihedn.fr\\\/#\\\/schema\\\/logo\\\/image\\\/\",\"url\":\"https:\\\/\\\/ihedn.fr\\\/wp-content\\\/uploads\\\/2020\\\/11\\\/BLOC_RF_IHEDN_WEB.png\",\"contentUrl\":\"https:\\\/\\\/ihedn.fr\\\/wp-content\\\/uploads\\\/2020\\\/11\\\/BLOC_RF_IHEDN_WEB.png\",\"width\":500,\"height\":237,\"caption\":\"IHEDN - Institut des Hautes Etudes de D\u00e9fense Nationale\"},\"image\":{\"@id\":\"https:\\\/\\\/ihedn.fr\\\/#\\\/schema\\\/logo\\\/image\\\/\"},\"sameAs\":[\"https:\\\/\\\/www.facebook.com\\\/ihedn\\\/\",\"https:\\\/\\\/x.com\\\/IHEDN\",\"https:\\\/\\\/www.instagram.com\\\/ihedn\\\/\",\"https:\\\/\\\/www.linkedin.com\\\/school\\\/ihedn\\\/\",\"https:\\\/\\\/fr.wikipedia.org\\\/wiki\\\/Institut_des_hautes_\u00e9tudes_de_D\u00e9fense_nationale\"]},{\"@type\":\"Person\",\"@id\":\"https:\\\/\\\/ihedn.fr\\\/#\\\/schema\\\/person\\\/7a40155595e4efb35323447cb8c8c5a4\",\"name\":\"dev\",\"image\":{\"@type\":\"ImageObject\",\"inLanguage\":\"en-GB\",\"@id\":\"https:\\\/\\\/secure.gravatar.com\\\/avatar\\\/f1ffcac9ca2fa95ad3ec33e9be3ade82f752acb0cabe541e56c5889225afa88a?s=96&d=mm&r=g\",\"url\":\"https:\\\/\\\/secure.gravatar.com\\\/avatar\\\/f1ffcac9ca2fa95ad3ec33e9be3ade82f752acb0cabe541e56c5889225afa88a?s=96&d=mm&r=g\",\"contentUrl\":\"https:\\\/\\\/secure.gravatar.com\\\/avatar\\\/f1ffcac9ca2fa95ad3ec33e9be3ade82f752acb0cabe541e56c5889225afa88a?s=96&d=mm&r=g\",\"caption\":\"dev\"},\"sameAs\":[\"https:\\\/\\\/ihedn.concilium.click\"],\"url\":\"https:\\\/\\\/ihedn.fr\\\/en\\\/author\\\/dev\\\/\"}]}<\/script>\n<!-- \/ Yoast SEO plugin. -->","yoast_head_json":{"title":"Clap de fin in New Caledonia - IHEDN: Institut des hautes \u00e9tudes de d\u00e9fense nationale (Institute for Advanced National Defence Studies)","description":"On 03 and 04 March, the 221st regional session of the IHEDN ended at EUROCORPS in StrasThe 220th regional session in New Caledonia and the 125th New Caledonia youth cycle organised by the IHEDN ended on 9 December 2022 at the Communaut\u00e9 du Pacifique (CPS) in Noum\u00e9a.bourg. These two days will have enabled the 29 auditors of this session to present the conclusions of the work carried out over the four weeks of the session.","robots":{"index":"index","follow":"follow","max-snippet":"max-snippet:-1","max-image-preview":"max-image-preview:large","max-video-preview":"max-video-preview:-1"},"canonical":"https:\/\/ihedn.fr\/en\/notre-actualite\/clap-de-fin-en-nouvelle-caledonie\/","og_locale":"en_GB","og_type":"article","og_title":"Clap de fin en Nouvelle-Cal\u00e9donie","og_description":"La 220e session en r\u00e9gion Nouvelle-Cal\u00e9donie et le 125e cycle jeunes Nouvelle-Cal\u00e9donie organis\u00e9s par l\u2019IHEDN, se sont achev\u00e9s le 9 d\u00e9cembre 2022 dans la Communaut\u00e9 du Pacifique (CPS), \u00e0 Noum\u00e9a.","og_url":"https:\/\/ihedn.fr\/en\/notre-actualite\/clap-de-fin-en-nouvelle-caledonie\/","og_site_name":"L&#039;IHEDN : Institut des hautes \u00e9tudes de d\u00e9fense nationale","article_publisher":"https:\/\/www.facebook.com\/ihedn\/","article_published_time":"2022-12-10T08:23:49+00:00","article_modified_time":"2022-12-13T09:40:03+00:00","og_image":[{"width":1288,"height":966,"url":"https:\/\/ihedn.fr\/wp-content\/uploads\/2022\/12\/015-\u00aeIHEDN-220e-Sessin-en-Region-NOUVELLE-CALEDONIE-20221213.jpg","type":"image\/jpeg"}],"author":"dev","twitter_card":"summary_large_image","twitter_title":"Clap de fin en Nouvelle-Cal\u00e9donie","twitter_description":"La 220e session en r\u00e9gion Nouvelle-Cal\u00e9donie et le 125e cycle jeunes Nouvelle-Cal\u00e9donie organis\u00e9s par l\u2019IHEDN, se sont achev\u00e9s le 9 d\u00e9cembre 2022 dans la Communaut\u00e9 du Pacifique (CPS), \u00e0 Noum\u00e9a.","twitter_image":"https:\/\/ihedn.fr\/wp-content\/uploads\/2022\/12\/015-\u00aeIHEDN-220e-Sessin-en-Region-NOUVELLE-CALEDONIE-20221213.jpg","twitter_creator":"@IHEDN","twitter_site":"@IHEDN","twitter_misc":{"Written by":"dev","Estimated reading time":"2 minutes"},"schema":{"@context":"https:\/\/schema.org","@graph":[{"@type":"Article","@id":"https:\/\/ihedn.fr\/notre-actualite\/clap-de-fin-en-nouvelle-caledonie\/#article","isPartOf":{"@id":"https:\/\/ihedn.fr\/notre-actualite\/clap-de-fin-en-nouvelle-caledonie\/"},"author":{"name":"dev","@id":"https:\/\/ihedn.fr\/#\/schema\/person\/7a40155595e4efb35323447cb8c8c5a4"},"headline":"Clap de fin en Nouvelle-Cal\u00e9donie","datePublished":"2022-12-10T08:23:49+00:00","dateModified":"2022-12-13T09:40:03+00:00","mainEntityOfPage":{"@id":"https:\/\/ihedn.fr\/notre-actualite\/clap-de-fin-en-nouvelle-caledonie\/"},"wordCount":406,"publisher":{"@id":"https:\/\/ihedn.fr\/#organization"},"image":{"@id":"https:\/\/ihedn.fr\/notre-actualite\/clap-de-fin-en-nouvelle-caledonie\/#primaryimage"},"thumbnailUrl":"https:\/\/ihedn.fr\/wp-content\/uploads\/2022\/12\/015-\u00aeIHEDN-220e-Sessin-en-Region-NOUVELLE-CALEDONIE-20221213.jpg","articleSection":["Notre actualit\u00e9"],"inLanguage":"en-GB"},{"@type":"WebPage","@id":"https:\/\/ihedn.fr\/notre-actualite\/clap-de-fin-en-nouvelle-caledonie\/","url":"https:\/\/ihedn.fr\/notre-actualite\/clap-de-fin-en-nouvelle-caledonie\/","name":"Clap de fin in New Caledonia - IHEDN: Institut des hautes \u00e9tudes de d\u00e9fense nationale (Institute for Advanced National Defence Studies)","isPartOf":{"@id":"https:\/\/ihedn.fr\/#website"},"primaryImageOfPage":{"@id":"https:\/\/ihedn.fr\/notre-actualite\/clap-de-fin-en-nouvelle-caledonie\/#primaryimage"},"image":{"@id":"https:\/\/ihedn.fr\/notre-actualite\/clap-de-fin-en-nouvelle-caledonie\/#primaryimage"},"thumbnailUrl":"https:\/\/ihedn.fr\/wp-content\/uploads\/2022\/12\/015-\u00aeIHEDN-220e-Sessin-en-Region-NOUVELLE-CALEDONIE-20221213.jpg","datePublished":"2022-12-10T08:23:49+00:00","dateModified":"2022-12-13T09:40:03+00:00","description":"On 03 and 04 March, the 221st regional session of the IHEDN ended at EUROCORPS in StrasThe 220th regional session in New Caledonia and the 125th New Caledonia youth cycle organised by the IHEDN ended on 9 December 2022 at the Communaut\u00e9 du Pacifique (CPS) in Noum\u00e9a.bourg. These two days will have enabled the 29 auditors of this session to present the conclusions of the work carried out over the four weeks of the session.","breadcrumb":{"@id":"https:\/\/ihedn.fr\/notre-actualite\/clap-de-fin-en-nouvelle-caledonie\/#breadcrumb"},"inLanguage":"en-GB","potentialAction":[{"@type":"ReadAction","target":["https:\/\/ihedn.fr\/notre-actualite\/clap-de-fin-en-nouvelle-caledonie\/"]}]},{"@type":"ImageObject","inLanguage":"en-GB","@id":"https:\/\/ihedn.fr\/notre-actualite\/clap-de-fin-en-nouvelle-caledonie\/#primaryimage","url":"https:\/\/ihedn.fr\/wp-content\/uploads\/2022\/12\/015-\u00aeIHEDN-220e-Sessin-en-Region-NOUVELLE-CALEDONIE-20221213.jpg","contentUrl":"https:\/\/ihedn.fr\/wp-content\/uploads\/2022\/12\/015-\u00aeIHEDN-220e-Sessin-en-Region-NOUVELLE-CALEDONIE-20221213.jpg","width":1288,"height":966,"caption":"\u00aeIHEDN-220e-Sessin-en-Region-NOUVELLE-CALEDONIE"},{"@type":"BreadcrumbList","@id":"https:\/\/ihedn.fr\/notre-actualite\/clap-de-fin-en-nouvelle-caledonie\/#breadcrumb","itemListElement":[{"@type":"ListItem","position":1,"name":"Accueil","item":"https:\/\/ihedn.fr\/"},{"@type":"ListItem","position":2,"name":"Clap de fin en Nouvelle-Cal\u00e9donie"}]},{"@type":"WebSite","@id":"https:\/\/ihedn.fr\/#website","url":"https:\/\/ihedn.fr\/","name":"IHEDN: Institut des hautes \u00e9tudes de d\u00e9fense nationale (Institute for Higher National Defence Studies)","description":"Official website of the IHEDN under the supervision of the Prime Minister.","publisher":{"@id":"https:\/\/ihedn.fr\/#organization"},"potentialAction":[{"@type":"SearchAction","target":{"@type":"EntryPoint","urlTemplate":"https:\/\/ihedn.fr\/?s={search_term_string}"},"query-input":{"@type":"PropertyValueSpecification","valueRequired":true,"valueName":"search_term_string"}}],"inLanguage":"en-GB"},{"@type":"Organization","@id":"https:\/\/ihedn.fr\/#organization","name":"IHEDN - Institute for Higher National Defence Studies","url":"https:\/\/ihedn.fr\/","logo":{"@type":"ImageObject","inLanguage":"en-GB","@id":"https:\/\/ihedn.fr\/#\/schema\/logo\/image\/","url":"https:\/\/ihedn.fr\/wp-content\/uploads\/2020\/11\/BLOC_RF_IHEDN_WEB.png","contentUrl":"https:\/\/ihedn.fr\/wp-content\/uploads\/2020\/11\/BLOC_RF_IHEDN_WEB.png","width":500,"height":237,"caption":"IHEDN - Institut des Hautes Etudes de D\u00e9fense Nationale"},"image":{"@id":"https:\/\/ihedn.fr\/#\/schema\/logo\/image\/"},"sameAs":["https:\/\/www.facebook.com\/ihedn\/","https:\/\/x.com\/IHEDN","https:\/\/www.instagram.com\/ihedn\/","https:\/\/www.linkedin.com\/school\/ihedn\/","https:\/\/fr.wikipedia.org\/wiki\/Institut_des_hautes_\u00e9tudes_de_D\u00e9fense_nationale"]},{"@type":"Person","@id":"https:\/\/ihedn.fr\/#\/schema\/person\/7a40155595e4efb35323447cb8c8c5a4","name":"dev","image":{"@type":"ImageObject","inLanguage":"en-GB","@id":"https:\/\/secure.gravatar.com\/avatar\/f1ffcac9ca2fa95ad3ec33e9be3ade82f752acb0cabe541e56c5889225afa88a?s=96&d=mm&r=g","url":"https:\/\/secure.gravatar.com\/avatar\/f1ffcac9ca2fa95ad3ec33e9be3ade82f752acb0cabe541e56c5889225afa88a?s=96&d=mm&r=g","contentUrl":"https:\/\/secure.gravatar.com\/avatar\/f1ffcac9ca2fa95ad3ec33e9be3ade82f752acb0cabe541e56c5889225afa88a?s=96&d=mm&r=g","caption":"dev"},"sameAs":["https:\/\/ihedn.concilium.click"],"url":"https:\/\/ihedn.fr\/en\/author\/dev\/"}]}},"publishpress_future_action":{"enabled":false,"date":"2026-05-09 11:46:46","action":"change-status","newStatus":"draft","terms":[],"taxonomy":"category","extraData":[]},"publishpress_future_workflow_manual_trigger":{"enabledWorkflows":[]},"_links":{"self":[{"href":"https:\/\/ihedn.fr\/en\/wp-json\/wp\/v2\/posts\/30418","targetHints":{"allow":["GET"]}}],"collection":[{"href":"https:\/\/ihedn.fr\/en\/wp-json\/wp\/v2\/posts"}],"about":[{"href":"https:\/\/ihedn.fr\/en\/wp-json\/wp\/v2\/types\/post"}],"author":[{"embeddable":true,"href":"https:\/\/ihedn.fr\/en\/wp-json\/wp\/v2\/users\/1"}],"replies":[{"embeddable":true,"href":"https:\/\/ihedn.fr\/en\/wp-json\/wp\/v2\/comments?post=30418"}],"version-history":[{"count":7,"href":"https:\/\/ihedn.fr\/en\/wp-json\/wp\/v2\/posts\/30418\/revisions"}],"predecessor-version":[{"id":30432,"href":"https:\/\/ihedn.fr\/en\/wp-json\/wp\/v2\/posts\/30418\/revisions\/30432"}],"wp:featuredmedia":[{"embeddable":true,"href":"https:\/\/ihedn.fr\/en\/wp-json\/wp\/v2\/media\/30415"}],"wp:attachment":[{"href":"https:\/\/ihedn.fr\/en\/wp-json\/wp\/v2\/media?parent=30418"}],"wp:term":[{"taxonomy":"category","embeddable":true,"href":"https:\/\/ihedn.fr\/en\/wp-json\/wp\/v2\/categories?post=30418"},{"taxonomy":"post_tag","embeddable":true,"href":"https:\/\/ihedn.fr\/en\/wp-json\/wp\/v2\/tags?post=30418"}],"curies":[{"name":"wp","href":"https:\/\/api.w.org\/{rel}","templated":true}]}}