{"id":31343,"date":"2022-12-20T10:16:08","date_gmt":"2022-12-20T09:16:08","guid":{"rendered":"https:\/\/ihedn.fr\/?p=31343"},"modified":"2023-06-30T13:16:59","modified_gmt":"2023-06-30T12:16:59","slug":"la-france-et-les-pays-du-flanc-est-de-leurope-quelles-relations-de-defense","status":"publish","type":"post","link":"https:\/\/ihedn.fr\/en\/notes-danalyse\/la-france-et-les-pays-du-flanc-est-de-leurope-quelles-relations-de-defense\/","title":{"rendered":"France and the countries on Europe's eastern flank: what defence relations?"},"content":{"rendered":"<div data-elementor-type=\"wp-post\" data-elementor-id=\"31343\" class=\"elementor elementor-31343\" data-elementor-post-type=\"post\">\n\t\t\t\t\t\t<section data-particle_enable=\"false\" data-particle-mobile-disabled=\"false\" class=\"elementor-section elementor-top-section elementor-element elementor-element-784b020 elementor-section-boxed elementor-section-height-default elementor-section-height-default\" data-id=\"784b020\" data-element_type=\"section\" data-e-type=\"section\">\n\t\t\t\t\t\t<div class=\"elementor-container elementor-column-gap-default\">\n\t\t\t\t\t<div class=\"elementor-column elementor-col-100 elementor-top-column elementor-element elementor-element-32194f3\" data-id=\"32194f3\" data-element_type=\"column\" data-e-type=\"column\">\n\t\t\t<div class=\"elementor-widget-wrap elementor-element-populated\">\n\t\t\t\t\t\t<div class=\"elementor-element elementor-element-061c8f2 elementor-widget elementor-widget-text-editor\" data-id=\"061c8f2\" data-element_type=\"widget\" data-e-type=\"widget\" data-widget_type=\"text-editor.default\">\n\t\t\t\t<div class=\"elementor-widget-container\">\n\t\t\t\t\t\t\t\t\t<p style=\"text-align: right;\"><em>Confirmation of the BG eFP's full operational capability - \u00a9 \u00c9tat-major des arm\u00e9es.<\/em><\/p>\t\t\t\t\t\t\t\t<\/div>\n\t\t\t\t<\/div>\n\t\t\t\t\t<\/div>\n\t\t<\/div>\n\t\t\t\t\t<\/div>\n\t\t<\/section>\n\t\t\t\t<section data-particle_enable=\"false\" data-particle-mobile-disabled=\"false\" class=\"elementor-section elementor-top-section elementor-element elementor-element-60041bc elementor-section-boxed elementor-section-height-default elementor-section-height-default\" data-id=\"60041bc\" data-element_type=\"section\" data-e-type=\"section\">\n\t\t\t\t\t\t<div class=\"elementor-container elementor-column-gap-default\">\n\t\t\t\t\t<div class=\"elementor-column elementor-col-100 elementor-top-column elementor-element elementor-element-1e947e2\" data-id=\"1e947e2\" data-element_type=\"column\" data-e-type=\"column\">\n\t\t\t<div class=\"elementor-widget-wrap elementor-element-populated\">\n\t\t\t\t\t\t<div class=\"elementor-element elementor-element-65c2d15 elementor-widget elementor-widget-text-editor\" data-id=\"65c2d15\" data-element_type=\"widget\" data-e-type=\"widget\" data-widget_type=\"text-editor.default\">\n\t\t\t\t<div class=\"elementor-widget-container\">\n\t\t\t\t\t\t\t\t\t<div class=\"_3d-flip-book  fb3d-fullscreen-mode full-size\" data-id=\"31397\" data-mode=\"fullscreen\" data-title=\"false\" data-template=\"short-white-book-view\" data-lightbox=\"dark-shadow\" data-urlparam=\"fb3d-page\" data-page-n=\"0\" data-pdf=\"\" data-tax=\"null\" data-thumbnail=\"\" data-cols=\"3\" data-book-template=\"default\" data-trigger=\"\"><\/div><script type=\"text\/javascript\">window.FB3D_CLIENT_DATA = window.FB3D_CLIENT_DATA || [];FB3D_CLIENT_DATA.push('eyJwb3N0cyI6eyIzMTM5NyI6eyJJRCI6MzEzOTcsInRpdGxlIjoiTGEgRnJhbmNlIGV0IGxlcyBwYXlzIGR1IGZsYW5jIGVzdCBkZSBsXHUyMDE5RXVyb3BlIiwidHlwZSI6InBkZiIsInJlYWR5X2Z1bmN0aW9uIjoiIiwiYm9va19zdHlsZSI6ImZsYXQiLCJib29rX3RlbXBsYXRlIjoibm9uZSIsIm91dGxpbmUiOltdLCJkYXRhIjp7InBvc3RfSUQiOiIzMTM5NiIsImd1aWQiOiJodHRwczpcL1wvaWhlZG4uZnJcL3dwLWNvbnRlbnRcL3VwbG9hZHNcLzIwMjJcLzEyXC9MYS1GcmFuY2UtZXQtbGVzLXBheXMtZHUtZmxhbmMtZXN0LWRlLWxFdXJvcGUtLnBkZiIsInBkZl9wYWdlcyI6IjI0IiwicGFnZXNfY3VzdG9taXphdGlvbiI6Im5vbmUifSwidGh1bWJuYWlsIjp7ImRhdGEiOnsicG9zdF9JRCI6IjAifSwidHlwZSI6ImF1dG8ifSwicHJvcHMiOnsiY2FjaGVkUGFnZXMiOiJhdXRvIiwicmVuZGVySW5hY3RpdmVQYWdlcyI6ImF1dG8iLCJyZW5kZXJJbmFjdGl2ZVBhZ2VzT25Nb2JpbGUiOiJhdXRvIiwicmVuZGVyV2hpbGVGbGlwcGluZyI6ImF1dG8iLCJwcmVsb2FkUGFnZXMiOiJhdXRvIiwicnRsIjoiYXV0byIsImludGVyYWN0aXZlQ29ybmVycyI6ImF1dG8iLCJzaGVldCI6eyJzdGFydFZlbG9jaXR5IjoiYXV0byIsIndhdmUiOiJhdXRvIiwic2hhcGUiOiJhdXRvIiwid2lkdGhUZXhlbHMiOiJhdXRvIiwiY29sb3IiOiJhdXRvIiwic2lkZSI6ImF1dG8iLCJjb3JuZXJEZXZpYXRpb24iOiJhdXRvIiwiZmxleGliaWxpdHkiOiJhdXRvIiwiZmxleGlibGVDb3JuZXIiOiJhdXRvIiwiYmVuZGluZyI6ImF1dG8iLCJoZWlnaHRUZXhlbHMiOiJhdXRvIn0sImNvdmVyIjp7IndhdmUiOiJhdXRvIiwiY29sb3IiOiJhdXRvIiwiYmluZGVyVGV4dHVyZSI6ImF1dG8iLCJkZXB0aCI6ImF1dG8iLCJwYWRkaW5nIjoiYXV0byIsInN0YXJ0VmVsb2NpdHkiOiJhdXRvIiwiZmxleGliaWxpdHkiOiJhdXRvIiwiZmxleGlibGVDb3JuZXIiOiJhdXRvIiwiYmVuZGluZyI6ImF1dG8iLCJ3aWR0aFRleGVscyI6ImF1dG8iLCJoZWlnaHRUZXhlbHMiOiJhdXRvIiwibWFzcyI6ImF1dG8iLCJzaWRlIjoiYXV0byIsInNoYXBlIjoiYXV0byJ9LCJwYWdlIjp7IndhdmUiOiJhdXRvIiwiY29sb3IiOiJhdXRvIiwiZGVwdGgiOiJhdXRvIiwic3RhcnRWZWxvY2l0eSI6ImF1dG8iLCJmbGV4aWJpbGl0eSI6ImF1dG8iLCJmbGV4aWJsZUNvcm5lciI6ImF1dG8iLCJiZW5kaW5nIjoiYXV0byIsIndpZHRoVGV4ZWxzIjoiYXV0byIsImhlaWdodFRleGVscyI6ImF1dG8iLCJtYXNzIjoiYXV0byIsInNpZGUiOiJhdXRvIiwic2hhcGUiOiJhdXRvIn0sImhlaWdodCI6ImF1dG8iLCJ3aWR0aCI6ImF1dG8iLCJncmF2aXR5IjoiYXV0byIsInBhZ2VzRm9yUHJlZGljdGluZyI6ImF1dG8ifSwiY29udHJvbFByb3BzIjp7ImFjdGlvbnMiOnsiY21kU2F2ZSI6eyJlbmFibGVkIjoiYXV0byIsImVuYWJsZWRJbk5hcnJvdyI6ImF1dG8ifSwiY21kUHJpbnQiOnsiZW5hYmxlZCI6ImF1dG8iLCJlbmFibGVkSW5OYXJyb3ciOiJhdXRvIn0sImNtZFNpbmdsZVBhZ2UiOnsiZW5hYmxlZCI6ImF1dG8iLCJlbmFibGVkSW5OYXJyb3ciOiJhdXRvIiwiYWN0aXZlIjoiYXV0byIsImFjdGl2ZUZvck1vYmlsZSI6ImF1dG8ifX19LCJhdXRvVGh1bWJuYWlsIjoiaHR0cHM6XC9cL2loZWRuLmZyXC93cC1jb250ZW50XC91cGxvYWRzXC8zZC1mbGlwLWJvb2tcL2F1dG8tdGh1bWJuYWlsc1wvMzEzOTcucG5nIiwicG9zdF9uYW1lIjoibGEtZnJhbmNlLWV0LWxlcy1wYXlzLWR1LWZsYW5jLWVzdC1kZS1sZXVyb3BlIiwicG9zdF90eXBlIjoiM2QtZmxpcC1ib29rIn19LCJwYWdlcyI6W10sImZpcnN0UGFnZXMiOltdfQ==');window.FB3D_CLIENT_LOCALE && FB3D_CLIENT_LOCALE.render && FB3D_CLIENT_LOCALE.render();<\/script>\t\t\t\t\t\t\t\t<\/div>\n\t\t\t\t<\/div>\n\t\t\t\t\t<\/div>\n\t\t<\/div>\n\t\t\t\t\t<\/div>\n\t\t<\/section>\n\t\t\t\t<section data-particle_enable=\"false\" data-particle-mobile-disabled=\"false\" class=\"elementor-section elementor-top-section elementor-element elementor-element-df6627d elementor-section-boxed elementor-section-height-default elementor-section-height-default\" data-id=\"df6627d\" data-element_type=\"section\" data-e-type=\"section\">\n\t\t\t\t\t\t<div class=\"elementor-container elementor-column-gap-default\">\n\t\t\t\t\t<div class=\"elementor-column elementor-col-100 elementor-top-column elementor-element elementor-element-1e84a76\" data-id=\"1e84a76\" data-element_type=\"column\" data-e-type=\"column\">\n\t\t\t<div class=\"elementor-widget-wrap elementor-element-populated\">\n\t\t\t\t\t\t<div class=\"elementor-element elementor-element-704efb1 elementor-position-inline-end elementor-view-default elementor-mobile-position-block-start elementor-widget elementor-widget-icon-box\" data-id=\"704efb1\" data-element_type=\"widget\" data-e-type=\"widget\" data-widget_type=\"icon-box.default\">\n\t\t\t\t<div class=\"elementor-widget-container\">\n\t\t\t\t\t\t\t<div class=\"elementor-icon-box-wrapper\">\n\n\t\t\t\t\t\t<div class=\"elementor-icon-box-icon\">\n\t\t\t\t<a href=\"https:\/\/ihedn.fr\/wp-content\/uploads\/2022\/12\/La-France-et-les-pays-du-flanc-est-de-lEurope-.pdf\" target=\"_blank\" class=\"elementor-icon\" tabindex=\"-1\" aria-label=\"Download the analysis note\">\n\t\t\t\t<svg aria-hidden=\"true\" class=\"e-font-icon-svg e-fas-file-download\" viewbox=\"0 0 384 512\" xmlns=\"http:\/\/www.w3.org\/2000\/svg\"><path d=\"M224 136V0H24C10.7 0 0 10.7 0 24v464c0 13.3 10.7 24 24 24h336c13.3 0 24-10.7 24-24V160H248c-13.2 0-24-10.8-24-24zm76.45 211.36l-96.42 95.7c-6.65 6.61-17.39 6.61-24.04 0l-96.42-95.7C73.42 337.29 80.54 320 94.82 320H160v-80c0-8.84 7.16-16 16-16h32c8.84 0 16 7.16 16 16v80h65.18c14.28 0 21.4 17.29 11.27 27.36zM377 105L279.1 7c-4.5-4.5-10.6-7-17-7H256v128h128v-6.1c0-6.3-2.5-12.4-7-16.9z\"><\/path><\/svg>\t\t\t\t<\/a>\n\t\t\t<\/div>\n\t\t\t\n\t\t\t\t\t\t<div class=\"elementor-icon-box-content\">\n\n\t\t\t\t\t\t\t\t\t<h3 class=\"elementor-icon-box-title\">\n\t\t\t\t\t\t<a href=\"https:\/\/ihedn.fr\/wp-content\/uploads\/2022\/12\/La-France-et-les-pays-du-flanc-est-de-lEurope-.pdf\" target=\"_blank\" >\n\t\t\t\t\t\t\tDownload the analysis note\t\t\t\t\t\t<\/a>\n\t\t\t\t\t<\/h3>\n\t\t\t\t\n\t\t\t\t\n\t\t\t<\/div>\n\t\t\t\n\t\t<\/div>\n\t\t\t\t\t\t<\/div>\n\t\t\t\t<\/div>\n\t\t\t\t\t<\/div>\n\t\t<\/div>\n\t\t\t\t\t<\/div>\n\t\t<\/section>\n\t\t\t\t<\/div>","protected":false},"excerpt":{"rendered":"<p>Against the backdrop of the threat to European security posed by Russia's war of aggression in Ukraine, France is reaffirming its commitment to its allies on Europe's eastern flank. With a military presence in the region, it is helping to strengthen their deterrence and defence posture. This note places this support within the more general framework of defence relations between France and the States on Europe's eastern flank. It shows that, despite historically divergent strategic priorities, closer defence ties between these countries are both possible and desirable.<\/p>","protected":false},"author":1,"featured_media":31461,"comment_status":"closed","ping_status":"closed","sticky":false,"template":"","format":"standard","meta":{"footnotes":""},"categories":[208,199,171],"tags":[188,187],"class_list":["post-31343","post","type-post","status-publish","format-standard","has-post-thumbnail","hentry","category-defense-nationale","category-notes-danalyse","category-notre-selection","tag-republique-en-russie","tag-ukraine"],"yoast_head":"<!-- This site is optimized with the Yoast SEO plugin v27.5 - https:\/\/yoast.com\/product\/yoast-seo-wordpress\/ -->\n<title>La France et les pays du flanc est de l\u2019Europe : quelles relations de d\u00e9fense ? - L&#039;IHEDN : Institut des hautes \u00e9tudes de d\u00e9fense nationale<\/title>\n<meta name=\"description\" content=\"Dans le contexte de la menace port\u00e9e \u00e0 la s\u00e9curit\u00e9 europ\u00e9enne par la guerre d\u2019agression russe en Ukraine, la France r\u00e9affirme son engagement aupr\u00e8s de ses alli\u00e9s du flanc est de l\u2019Europe. Pr\u00e9sente militairement dans la r\u00e9gion, elle contribue \u00e0 renforcer leur posture de dissuasion et de d\u00e9fense. Cette note place ce soutien dans le cadre plus g\u00e9n\u00e9ral des relations de d\u00e9fense entre la France et les Etats du flanc est de l\u2019Europe. Elle montre qu\u2019en d\u00e9pit de priorit\u00e9s strat\u00e9giques historiquement divergentes, un rapprochement entre ces pays dans le domaine de la d\u00e9fense est \u00e0 la fois possible et souhaitable.\" \/>\n<meta name=\"robots\" content=\"index, follow, max-snippet:-1, max-image-preview:large, max-video-preview:-1\" \/>\n<link rel=\"canonical\" href=\"https:\/\/ihedn.fr\/en\/notre-selection\/la-france-et-les-pays-du-flanc-est-de-leurope-quelles-relations-de-defense\/\" \/>\n<meta property=\"og:locale\" content=\"en_GB\" \/>\n<meta property=\"og:type\" content=\"article\" \/>\n<meta property=\"og:title\" content=\"La France et les pays du flanc est de l\u2019Europe : quelles relations de d\u00e9fense ? - L&#039;IHEDN : Institut des hautes \u00e9tudes de d\u00e9fense nationale\" \/>\n<meta property=\"og:description\" content=\"La France et les pays du flanc est de l\u2019Europe : quelles relations de d\u00e9fense ? - Dans le contexte de la menace port\u00e9e \u00e0 la s\u00e9curit\u00e9 europ\u00e9enne par la guerre d\u2019agression russe en Ukraine, la France r\u00e9affirme son engagement aupr\u00e8s de ses alli\u00e9s du flanc est de l\u2019Europe. Pr\u00e9sente militairement dans la r\u00e9gion, elle contribue \u00e0 renforcer leur posture de dissuasion et de d\u00e9fense. Cette note place ce soutien dans le cadre plus g\u00e9n\u00e9ral des relations de d\u00e9fense entre la France et les \u00c9tats du flanc est de l\u2019Europe. Elle montre qu\u2019en d\u00e9pit de priorit\u00e9s strat\u00e9giques historiquement divergentes, un rapprochement entre ces pays dans le domaine de la d\u00e9fense est \u00e0 la fois possible et souhaitable.\" \/>\n<meta property=\"og:url\" content=\"https:\/\/ihedn.fr\/en\/notre-selection\/la-france-et-les-pays-du-flanc-est-de-leurope-quelles-relations-de-defense\/\" \/>\n<meta property=\"og:site_name\" content=\"L&#039;IHEDN : Institut des hautes \u00e9tudes de d\u00e9fense nationale\" \/>\n<meta property=\"article:publisher\" content=\"https:\/\/www.facebook.com\/ihedn\/\" \/>\n<meta property=\"article:published_time\" content=\"2022-12-20T09:16:08+00:00\" \/>\n<meta property=\"article:modified_time\" content=\"2023-06-30T12:16:59+00:00\" \/>\n<meta property=\"og:image\" content=\"https:\/\/ihedn.fr\/wp-content\/uploads\/2022\/12\/w-\u00aeIHEDN-NOTE-ANALYSE-La-France-et-les-pays-du-flanc-est-de-lEurope-visuel-00.jpg\" \/>\n\t<meta property=\"og:image:width\" content=\"1584\" \/>\n\t<meta property=\"og:image:height\" content=\"890\" \/>\n\t<meta property=\"og:image:type\" content=\"image\/jpeg\" \/>\n<meta name=\"author\" content=\"dev\" \/>\n<meta name=\"twitter:card\" content=\"summary_large_image\" \/>\n<meta name=\"twitter:description\" content=\"La France et les pays du flanc est de l\u2019Europe : quelles relations de d\u00e9fense ? - Dans le contexte de la menace port\u00e9e \u00e0 la s\u00e9curit\u00e9 europ\u00e9enne par la guerre d\u2019agression russe en Ukraine, la France r\u00e9affirme son engagement aupr\u00e8s de ses alli\u00e9s du flanc est de l\u2019Europe. Pr\u00e9sente militairement dans la r\u00e9gion, elle contribue \u00e0 renforcer leur posture de dissuasion et de d\u00e9fense. Cette note place ce soutien dans le cadre plus g\u00e9n\u00e9ral des relations de d\u00e9fense entre la France et les \u00c9tats du flanc est de l\u2019Europe. Elle montre qu\u2019en d\u00e9pit de priorit\u00e9s strat\u00e9giques historiquement divergentes, un rapprochement entre ces pays dans le domaine de la d\u00e9fense est \u00e0 la fois possible et souhaitable.\" \/>\n<meta name=\"twitter:image\" content=\"https:\/\/ihedn.fr\/wp-content\/uploads\/2022\/12\/w-\u00aeIHEDN-NOTE-ANALYSE-La-France-et-les-pays-du-flanc-est-de-lEurope-visuel-00.jpg\" \/>\n<meta name=\"twitter:creator\" content=\"@IHEDN\" \/>\n<meta name=\"twitter:site\" content=\"@IHEDN\" \/>\n<meta name=\"twitter:label1\" content=\"Written by\" \/>\n\t<meta name=\"twitter:data1\" content=\"dev\" \/>\n\t<meta name=\"twitter:label2\" content=\"Estimated reading time\" \/>\n\t<meta name=\"twitter:data2\" content=\"1 minute\" \/>\n<script type=\"application\/ld+json\" class=\"yoast-schema-graph\">{\"@context\":\"https:\\\/\\\/schema.org\",\"@graph\":[{\"@type\":\"Article\",\"@id\":\"https:\\\/\\\/ihedn.fr\\\/notre-selection\\\/la-france-et-les-pays-du-flanc-est-de-leurope-quelles-relations-de-defense\\\/#article\",\"isPartOf\":{\"@id\":\"https:\\\/\\\/ihedn.fr\\\/notre-selection\\\/la-france-et-les-pays-du-flanc-est-de-leurope-quelles-relations-de-defense\\\/\"},\"author\":{\"name\":\"dev\",\"@id\":\"https:\\\/\\\/ihedn.fr\\\/#\\\/schema\\\/person\\\/7a40155595e4efb35323447cb8c8c5a4\"},\"headline\":\"La France et les pays du flanc est de l\u2019Europe : quelles relations de d\u00e9fense ?\",\"datePublished\":\"2022-12-20T09:16:08+00:00\",\"dateModified\":\"2023-06-30T12:16:59+00:00\",\"mainEntityOfPage\":{\"@id\":\"https:\\\/\\\/ihedn.fr\\\/notre-selection\\\/la-france-et-les-pays-du-flanc-est-de-leurope-quelles-relations-de-defense\\\/\"},\"wordCount\":42,\"publisher\":{\"@id\":\"https:\\\/\\\/ihedn.fr\\\/#organization\"},\"image\":{\"@id\":\"https:\\\/\\\/ihedn.fr\\\/notre-selection\\\/la-france-et-les-pays-du-flanc-est-de-leurope-quelles-relations-de-defense\\\/#primaryimage\"},\"thumbnailUrl\":\"https:\\\/\\\/ihedn.fr\\\/wp-content\\\/uploads\\\/2022\\\/12\\\/w-\u00aeIHEDN-NOTE-ANALYSE-La-France-et-les-pays-du-flanc-est-de-lEurope-visuel-00.jpg\",\"keywords\":[\"R\u00e9publique en Russie\",\"Ukraine\"],\"articleSection\":[\"d\u00e9fense nationale\",\"Notes d'analyse\",\"Notre s\u00e9lection\"],\"inLanguage\":\"en-GB\"},{\"@type\":\"WebPage\",\"@id\":\"https:\\\/\\\/ihedn.fr\\\/notre-selection\\\/la-france-et-les-pays-du-flanc-est-de-leurope-quelles-relations-de-defense\\\/\",\"url\":\"https:\\\/\\\/ihedn.fr\\\/notre-selection\\\/la-france-et-les-pays-du-flanc-est-de-leurope-quelles-relations-de-defense\\\/\",\"name\":\"La France et les pays du flanc est de l\u2019Europe : quelles relations de d\u00e9fense ? - L&#039;IHEDN : Institut des hautes \u00e9tudes de d\u00e9fense nationale\",\"isPartOf\":{\"@id\":\"https:\\\/\\\/ihedn.fr\\\/#website\"},\"primaryImageOfPage\":{\"@id\":\"https:\\\/\\\/ihedn.fr\\\/notre-selection\\\/la-france-et-les-pays-du-flanc-est-de-leurope-quelles-relations-de-defense\\\/#primaryimage\"},\"image\":{\"@id\":\"https:\\\/\\\/ihedn.fr\\\/notre-selection\\\/la-france-et-les-pays-du-flanc-est-de-leurope-quelles-relations-de-defense\\\/#primaryimage\"},\"thumbnailUrl\":\"https:\\\/\\\/ihedn.fr\\\/wp-content\\\/uploads\\\/2022\\\/12\\\/w-\u00aeIHEDN-NOTE-ANALYSE-La-France-et-les-pays-du-flanc-est-de-lEurope-visuel-00.jpg\",\"datePublished\":\"2022-12-20T09:16:08+00:00\",\"dateModified\":\"2023-06-30T12:16:59+00:00\",\"description\":\"Dans le contexte de la menace port\u00e9e \u00e0 la s\u00e9curit\u00e9 europ\u00e9enne par la guerre d\u2019agression russe en Ukraine, la France r\u00e9affirme son engagement aupr\u00e8s de ses alli\u00e9s du flanc est de l\u2019Europe. Pr\u00e9sente militairement dans la r\u00e9gion, elle contribue \u00e0 renforcer leur posture de dissuasion et de d\u00e9fense. Cette note place ce soutien dans le cadre plus g\u00e9n\u00e9ral des relations de d\u00e9fense entre la France et les Etats du flanc est de l\u2019Europe. Elle montre qu\u2019en d\u00e9pit de priorit\u00e9s strat\u00e9giques historiquement divergentes, un rapprochement entre ces pays dans le domaine de la d\u00e9fense est \u00e0 la fois possible et souhaitable.\",\"breadcrumb\":{\"@id\":\"https:\\\/\\\/ihedn.fr\\\/notre-selection\\\/la-france-et-les-pays-du-flanc-est-de-leurope-quelles-relations-de-defense\\\/#breadcrumb\"},\"inLanguage\":\"en-GB\",\"potentialAction\":[{\"@type\":\"ReadAction\",\"target\":[\"https:\\\/\\\/ihedn.fr\\\/notre-selection\\\/la-france-et-les-pays-du-flanc-est-de-leurope-quelles-relations-de-defense\\\/\"]}]},{\"@type\":\"ImageObject\",\"inLanguage\":\"en-GB\",\"@id\":\"https:\\\/\\\/ihedn.fr\\\/notre-selection\\\/la-france-et-les-pays-du-flanc-est-de-leurope-quelles-relations-de-defense\\\/#primaryimage\",\"url\":\"https:\\\/\\\/ihedn.fr\\\/wp-content\\\/uploads\\\/2022\\\/12\\\/w-\u00aeIHEDN-NOTE-ANALYSE-La-France-et-les-pays-du-flanc-est-de-lEurope-visuel-00.jpg\",\"contentUrl\":\"https:\\\/\\\/ihedn.fr\\\/wp-content\\\/uploads\\\/2022\\\/12\\\/w-\u00aeIHEDN-NOTE-ANALYSE-La-France-et-les-pays-du-flanc-est-de-lEurope-visuel-00.jpg\",\"width\":1584,\"height\":890},{\"@type\":\"BreadcrumbList\",\"@id\":\"https:\\\/\\\/ihedn.fr\\\/notre-selection\\\/la-france-et-les-pays-du-flanc-est-de-leurope-quelles-relations-de-defense\\\/#breadcrumb\",\"itemListElement\":[{\"@type\":\"ListItem\",\"position\":1,\"name\":\"Accueil\",\"item\":\"https:\\\/\\\/ihedn.fr\\\/\"},{\"@type\":\"ListItem\",\"position\":2,\"name\":\"La France et les pays du flanc est de l\u2019Europe : quelles relations de d\u00e9fense ?\"}]},{\"@type\":\"WebSite\",\"@id\":\"https:\\\/\\\/ihedn.fr\\\/#website\",\"url\":\"https:\\\/\\\/ihedn.fr\\\/\",\"name\":\"IHEDN : Institut des hautes \u00e9tudes de d\u00e9fense nationale |\",\"description\":\"Site officiel de l&#039;IHEDN plac\u00e9 sous la tutelle du Premier ministre.\",\"publisher\":{\"@id\":\"https:\\\/\\\/ihedn.fr\\\/#organization\"},\"potentialAction\":[{\"@type\":\"SearchAction\",\"target\":{\"@type\":\"EntryPoint\",\"urlTemplate\":\"https:\\\/\\\/ihedn.fr\\\/?s={search_term_string}\"},\"query-input\":{\"@type\":\"PropertyValueSpecification\",\"valueRequired\":true,\"valueName\":\"search_term_string\"}}],\"inLanguage\":\"en-GB\"},{\"@type\":\"Organization\",\"@id\":\"https:\\\/\\\/ihedn.fr\\\/#organization\",\"name\":\"IHEDN - Institut des Hautes Etudes de D\u00e9fense Nationale\",\"url\":\"https:\\\/\\\/ihedn.fr\\\/\",\"logo\":{\"@type\":\"ImageObject\",\"inLanguage\":\"en-GB\",\"@id\":\"https:\\\/\\\/ihedn.fr\\\/#\\\/schema\\\/logo\\\/image\\\/\",\"url\":\"https:\\\/\\\/ihedn.fr\\\/wp-content\\\/uploads\\\/2020\\\/11\\\/BLOC_RF_IHEDN_WEB.png\",\"contentUrl\":\"https:\\\/\\\/ihedn.fr\\\/wp-content\\\/uploads\\\/2020\\\/11\\\/BLOC_RF_IHEDN_WEB.png\",\"width\":500,\"height\":237,\"caption\":\"IHEDN - Institut des Hautes Etudes de D\u00e9fense Nationale\"},\"image\":{\"@id\":\"https:\\\/\\\/ihedn.fr\\\/#\\\/schema\\\/logo\\\/image\\\/\"},\"sameAs\":[\"https:\\\/\\\/www.facebook.com\\\/ihedn\\\/\",\"https:\\\/\\\/x.com\\\/IHEDN\",\"https:\\\/\\\/www.instagram.com\\\/ihedn\\\/\",\"https:\\\/\\\/www.linkedin.com\\\/school\\\/ihedn\\\/\",\"https:\\\/\\\/fr.wikipedia.org\\\/wiki\\\/Institut_des_hautes_\u00e9tudes_de_D\u00e9fense_nationale\"]},{\"@type\":\"Person\",\"@id\":\"https:\\\/\\\/ihedn.fr\\\/#\\\/schema\\\/person\\\/7a40155595e4efb35323447cb8c8c5a4\",\"name\":\"dev\",\"image\":{\"@type\":\"ImageObject\",\"inLanguage\":\"en-GB\",\"@id\":\"https:\\\/\\\/secure.gravatar.com\\\/avatar\\\/f1ffcac9ca2fa95ad3ec33e9be3ade82f752acb0cabe541e56c5889225afa88a?s=96&d=mm&r=g\",\"url\":\"https:\\\/\\\/secure.gravatar.com\\\/avatar\\\/f1ffcac9ca2fa95ad3ec33e9be3ade82f752acb0cabe541e56c5889225afa88a?s=96&d=mm&r=g\",\"contentUrl\":\"https:\\\/\\\/secure.gravatar.com\\\/avatar\\\/f1ffcac9ca2fa95ad3ec33e9be3ade82f752acb0cabe541e56c5889225afa88a?s=96&d=mm&r=g\",\"caption\":\"dev\"},\"sameAs\":[\"https:\\\/\\\/ihedn.concilium.click\"],\"url\":\"https:\\\/\\\/ihedn.fr\\\/en\\\/author\\\/dev\\\/\"}]}<\/script>\n<!-- \/ Yoast SEO plugin. -->","yoast_head_json":{"title":"France and the countries of Europe's eastern flank: what defence relations? - IHEDN: Institute for Advanced National Defence Studies","description":"Against the backdrop of the threat to European security posed by Russia's war of aggression in Ukraine, France is reaffirming its commitment to its allies on Europe's eastern flank. With a military presence in the region, it is helping to strengthen their deterrence and defence posture. This note places this support within the more general framework of defence relations between France and the States on Europe's eastern flank. It shows that, despite historically divergent strategic priorities, closer defence ties between these countries are both possible and desirable.","robots":{"index":"index","follow":"follow","max-snippet":"max-snippet:-1","max-image-preview":"max-image-preview:large","max-video-preview":"max-video-preview:-1"},"canonical":"https:\/\/ihedn.fr\/en\/notre-selection\/la-france-et-les-pays-du-flanc-est-de-leurope-quelles-relations-de-defense\/","og_locale":"en_GB","og_type":"article","og_title":"La France et les pays du flanc est de l\u2019Europe : quelles relations de d\u00e9fense ? - L&#039;IHEDN : Institut des hautes \u00e9tudes de d\u00e9fense nationale","og_description":"La France et les pays du flanc est de l\u2019Europe : quelles relations de d\u00e9fense ? - Dans le contexte de la menace port\u00e9e \u00e0 la s\u00e9curit\u00e9 europ\u00e9enne par la guerre d\u2019agression russe en Ukraine, la France r\u00e9affirme son engagement aupr\u00e8s de ses alli\u00e9s du flanc est de l\u2019Europe. Pr\u00e9sente militairement dans la r\u00e9gion, elle contribue \u00e0 renforcer leur posture de dissuasion et de d\u00e9fense. Cette note place ce soutien dans le cadre plus g\u00e9n\u00e9ral des relations de d\u00e9fense entre la France et les \u00c9tats du flanc est de l\u2019Europe. Elle montre qu\u2019en d\u00e9pit de priorit\u00e9s strat\u00e9giques historiquement divergentes, un rapprochement entre ces pays dans le domaine de la d\u00e9fense est \u00e0 la fois possible et souhaitable.","og_url":"https:\/\/ihedn.fr\/en\/notre-selection\/la-france-et-les-pays-du-flanc-est-de-leurope-quelles-relations-de-defense\/","og_site_name":"L&#039;IHEDN : Institut des hautes \u00e9tudes de d\u00e9fense nationale","article_publisher":"https:\/\/www.facebook.com\/ihedn\/","article_published_time":"2022-12-20T09:16:08+00:00","article_modified_time":"2023-06-30T12:16:59+00:00","og_image":[{"width":1584,"height":890,"url":"https:\/\/ihedn.fr\/wp-content\/uploads\/2022\/12\/w-\u00aeIHEDN-NOTE-ANALYSE-La-France-et-les-pays-du-flanc-est-de-lEurope-visuel-00.jpg","type":"image\/jpeg"}],"author":"dev","twitter_card":"summary_large_image","twitter_description":"La France et les pays du flanc est de l\u2019Europe : quelles relations de d\u00e9fense ? - Dans le contexte de la menace port\u00e9e \u00e0 la s\u00e9curit\u00e9 europ\u00e9enne par la guerre d\u2019agression russe en Ukraine, la France r\u00e9affirme son engagement aupr\u00e8s de ses alli\u00e9s du flanc est de l\u2019Europe. Pr\u00e9sente militairement dans la r\u00e9gion, elle contribue \u00e0 renforcer leur posture de dissuasion et de d\u00e9fense. Cette note place ce soutien dans le cadre plus g\u00e9n\u00e9ral des relations de d\u00e9fense entre la France et les \u00c9tats du flanc est de l\u2019Europe. Elle montre qu\u2019en d\u00e9pit de priorit\u00e9s strat\u00e9giques historiquement divergentes, un rapprochement entre ces pays dans le domaine de la d\u00e9fense est \u00e0 la fois possible et souhaitable.","twitter_image":"https:\/\/ihedn.fr\/wp-content\/uploads\/2022\/12\/w-\u00aeIHEDN-NOTE-ANALYSE-La-France-et-les-pays-du-flanc-est-de-lEurope-visuel-00.jpg","twitter_creator":"@IHEDN","twitter_site":"@IHEDN","twitter_misc":{"Written by":"dev","Estimated reading time":"1 minute"},"schema":{"@context":"https:\/\/schema.org","@graph":[{"@type":"Article","@id":"https:\/\/ihedn.fr\/notre-selection\/la-france-et-les-pays-du-flanc-est-de-leurope-quelles-relations-de-defense\/#article","isPartOf":{"@id":"https:\/\/ihedn.fr\/notre-selection\/la-france-et-les-pays-du-flanc-est-de-leurope-quelles-relations-de-defense\/"},"author":{"name":"dev","@id":"https:\/\/ihedn.fr\/#\/schema\/person\/7a40155595e4efb35323447cb8c8c5a4"},"headline":"La France et les pays du flanc est de l\u2019Europe : quelles relations de d\u00e9fense ?","datePublished":"2022-12-20T09:16:08+00:00","dateModified":"2023-06-30T12:16:59+00:00","mainEntityOfPage":{"@id":"https:\/\/ihedn.fr\/notre-selection\/la-france-et-les-pays-du-flanc-est-de-leurope-quelles-relations-de-defense\/"},"wordCount":42,"publisher":{"@id":"https:\/\/ihedn.fr\/#organization"},"image":{"@id":"https:\/\/ihedn.fr\/notre-selection\/la-france-et-les-pays-du-flanc-est-de-leurope-quelles-relations-de-defense\/#primaryimage"},"thumbnailUrl":"https:\/\/ihedn.fr\/wp-content\/uploads\/2022\/12\/w-\u00aeIHEDN-NOTE-ANALYSE-La-France-et-les-pays-du-flanc-est-de-lEurope-visuel-00.jpg","keywords":["R\u00e9publique en Russie","Ukraine"],"articleSection":["d\u00e9fense nationale","Notes d'analyse","Notre s\u00e9lection"],"inLanguage":"en-GB"},{"@type":"WebPage","@id":"https:\/\/ihedn.fr\/notre-selection\/la-france-et-les-pays-du-flanc-est-de-leurope-quelles-relations-de-defense\/","url":"https:\/\/ihedn.fr\/notre-selection\/la-france-et-les-pays-du-flanc-est-de-leurope-quelles-relations-de-defense\/","name":"France and the countries of Europe's eastern flank: what defence relations? - IHEDN: Institute for Advanced National Defence Studies","isPartOf":{"@id":"https:\/\/ihedn.fr\/#website"},"primaryImageOfPage":{"@id":"https:\/\/ihedn.fr\/notre-selection\/la-france-et-les-pays-du-flanc-est-de-leurope-quelles-relations-de-defense\/#primaryimage"},"image":{"@id":"https:\/\/ihedn.fr\/notre-selection\/la-france-et-les-pays-du-flanc-est-de-leurope-quelles-relations-de-defense\/#primaryimage"},"thumbnailUrl":"https:\/\/ihedn.fr\/wp-content\/uploads\/2022\/12\/w-\u00aeIHEDN-NOTE-ANALYSE-La-France-et-les-pays-du-flanc-est-de-lEurope-visuel-00.jpg","datePublished":"2022-12-20T09:16:08+00:00","dateModified":"2023-06-30T12:16:59+00:00","description":"Against the backdrop of the threat to European security posed by Russia's war of aggression in Ukraine, France is reaffirming its commitment to its allies on Europe's eastern flank. With a military presence in the region, it is helping to strengthen their deterrence and defence posture. This note places this support within the more general framework of defence relations between France and the States on Europe's eastern flank. It shows that, despite historically divergent strategic priorities, closer defence ties between these countries are both possible and desirable.","breadcrumb":{"@id":"https:\/\/ihedn.fr\/notre-selection\/la-france-et-les-pays-du-flanc-est-de-leurope-quelles-relations-de-defense\/#breadcrumb"},"inLanguage":"en-GB","potentialAction":[{"@type":"ReadAction","target":["https:\/\/ihedn.fr\/notre-selection\/la-france-et-les-pays-du-flanc-est-de-leurope-quelles-relations-de-defense\/"]}]},{"@type":"ImageObject","inLanguage":"en-GB","@id":"https:\/\/ihedn.fr\/notre-selection\/la-france-et-les-pays-du-flanc-est-de-leurope-quelles-relations-de-defense\/#primaryimage","url":"https:\/\/ihedn.fr\/wp-content\/uploads\/2022\/12\/w-\u00aeIHEDN-NOTE-ANALYSE-La-France-et-les-pays-du-flanc-est-de-lEurope-visuel-00.jpg","contentUrl":"https:\/\/ihedn.fr\/wp-content\/uploads\/2022\/12\/w-\u00aeIHEDN-NOTE-ANALYSE-La-France-et-les-pays-du-flanc-est-de-lEurope-visuel-00.jpg","width":1584,"height":890},{"@type":"BreadcrumbList","@id":"https:\/\/ihedn.fr\/notre-selection\/la-france-et-les-pays-du-flanc-est-de-leurope-quelles-relations-de-defense\/#breadcrumb","itemListElement":[{"@type":"ListItem","position":1,"name":"Accueil","item":"https:\/\/ihedn.fr\/"},{"@type":"ListItem","position":2,"name":"La France et les pays du flanc est de l\u2019Europe : quelles relations de d\u00e9fense ?"}]},{"@type":"WebSite","@id":"https:\/\/ihedn.fr\/#website","url":"https:\/\/ihedn.fr\/","name":"IHEDN: Institut des hautes \u00e9tudes de d\u00e9fense nationale (Institute for Higher National Defence Studies)","description":"Official website of the IHEDN under the supervision of the Prime Minister.","publisher":{"@id":"https:\/\/ihedn.fr\/#organization"},"potentialAction":[{"@type":"SearchAction","target":{"@type":"EntryPoint","urlTemplate":"https:\/\/ihedn.fr\/?s={search_term_string}"},"query-input":{"@type":"PropertyValueSpecification","valueRequired":true,"valueName":"search_term_string"}}],"inLanguage":"en-GB"},{"@type":"Organization","@id":"https:\/\/ihedn.fr\/#organization","name":"IHEDN - Institute for Higher National Defence Studies","url":"https:\/\/ihedn.fr\/","logo":{"@type":"ImageObject","inLanguage":"en-GB","@id":"https:\/\/ihedn.fr\/#\/schema\/logo\/image\/","url":"https:\/\/ihedn.fr\/wp-content\/uploads\/2020\/11\/BLOC_RF_IHEDN_WEB.png","contentUrl":"https:\/\/ihedn.fr\/wp-content\/uploads\/2020\/11\/BLOC_RF_IHEDN_WEB.png","width":500,"height":237,"caption":"IHEDN - Institut des Hautes Etudes de D\u00e9fense Nationale"},"image":{"@id":"https:\/\/ihedn.fr\/#\/schema\/logo\/image\/"},"sameAs":["https:\/\/www.facebook.com\/ihedn\/","https:\/\/x.com\/IHEDN","https:\/\/www.instagram.com\/ihedn\/","https:\/\/www.linkedin.com\/school\/ihedn\/","https:\/\/fr.wikipedia.org\/wiki\/Institut_des_hautes_\u00e9tudes_de_D\u00e9fense_nationale"]},{"@type":"Person","@id":"https:\/\/ihedn.fr\/#\/schema\/person\/7a40155595e4efb35323447cb8c8c5a4","name":"dev","image":{"@type":"ImageObject","inLanguage":"en-GB","@id":"https:\/\/secure.gravatar.com\/avatar\/f1ffcac9ca2fa95ad3ec33e9be3ade82f752acb0cabe541e56c5889225afa88a?s=96&d=mm&r=g","url":"https:\/\/secure.gravatar.com\/avatar\/f1ffcac9ca2fa95ad3ec33e9be3ade82f752acb0cabe541e56c5889225afa88a?s=96&d=mm&r=g","contentUrl":"https:\/\/secure.gravatar.com\/avatar\/f1ffcac9ca2fa95ad3ec33e9be3ade82f752acb0cabe541e56c5889225afa88a?s=96&d=mm&r=g","caption":"dev"},"sameAs":["https:\/\/ihedn.concilium.click"],"url":"https:\/\/ihedn.fr\/en\/author\/dev\/"}]}},"publishpress_future_action":{"enabled":false,"date":"2026-05-06 11:42:57","action":"change-status","newStatus":"draft","terms":[],"taxonomy":"category","extraData":[]},"publishpress_future_workflow_manual_trigger":{"enabledWorkflows":[]},"_links":{"self":[{"href":"https:\/\/ihedn.fr\/en\/wp-json\/wp\/v2\/posts\/31343","targetHints":{"allow":["GET"]}}],"collection":[{"href":"https:\/\/ihedn.fr\/en\/wp-json\/wp\/v2\/posts"}],"about":[{"href":"https:\/\/ihedn.fr\/en\/wp-json\/wp\/v2\/types\/post"}],"author":[{"embeddable":true,"href":"https:\/\/ihedn.fr\/en\/wp-json\/wp\/v2\/users\/1"}],"replies":[{"embeddable":true,"href":"https:\/\/ihedn.fr\/en\/wp-json\/wp\/v2\/comments?post=31343"}],"version-history":[{"count":46,"href":"https:\/\/ihedn.fr\/en\/wp-json\/wp\/v2\/posts\/31343\/revisions"}],"predecessor-version":[{"id":31976,"href":"https:\/\/ihedn.fr\/en\/wp-json\/wp\/v2\/posts\/31343\/revisions\/31976"}],"wp:featuredmedia":[{"embeddable":true,"href":"https:\/\/ihedn.fr\/en\/wp-json\/wp\/v2\/media\/31461"}],"wp:attachment":[{"href":"https:\/\/ihedn.fr\/en\/wp-json\/wp\/v2\/media?parent=31343"}],"wp:term":[{"taxonomy":"category","embeddable":true,"href":"https:\/\/ihedn.fr\/en\/wp-json\/wp\/v2\/categories?post=31343"},{"taxonomy":"post_tag","embeddable":true,"href":"https:\/\/ihedn.fr\/en\/wp-json\/wp\/v2\/tags?post=31343"}],"curies":[{"name":"wp","href":"https:\/\/api.w.org\/{rel}","templated":true}]}}