{"id":32246,"date":"2023-01-06T14:28:28","date_gmt":"2023-01-06T13:28:28","guid":{"rendered":"https:\/\/ihedn.fr\/?p=32246"},"modified":"2023-01-06T14:48:47","modified_gmt":"2023-01-06T13:48:47","slug":"european-military-budgets-after-the-war-in-ukrainemore-cohesion-or-fragmentation","status":"publish","type":"post","link":"https:\/\/ihedn.fr\/en\/veille-strategique\/european-military-budgets-after-the-war-in-ukrainemore-cohesion-or-fragmentation\/","title":{"rendered":"European Military Budgets after the War in Ukraine:<br>more Cohesion or Fragmentation?"},"content":{"rendered":"<div data-elementor-type=\"wp-post\" data-elementor-id=\"32246\" class=\"elementor elementor-32246\" data-elementor-post-type=\"post\">\n\t\t\t\t\t\t<section data-particle_enable=\"false\" data-particle-mobile-disabled=\"false\" class=\"elementor-section elementor-top-section elementor-element elementor-element-e29a0a3 elementor-section-boxed elementor-section-height-default elementor-section-height-default\" data-id=\"e29a0a3\" data-element_type=\"section\" data-e-type=\"section\">\n\t\t\t\t\t\t<div class=\"elementor-container elementor-column-gap-default\">\n\t\t\t\t\t<div class=\"elementor-column elementor-col-100 elementor-top-column elementor-element elementor-element-697c48b\" data-id=\"697c48b\" data-element_type=\"column\" data-e-type=\"column\">\n\t\t\t<div class=\"elementor-widget-wrap elementor-element-populated\">\n\t\t\t\t\t\t<div class=\"elementor-element elementor-element-14c596b elementor-widget elementor-widget-html\" data-id=\"14c596b\" data-element_type=\"widget\" data-e-type=\"widget\" data-widget_type=\"html.default\">\n\t\t\t\t<div class=\"elementor-widget-container\">\n\t\t\t\t\t<iframe frameborder=\"0\" loading=\"lazy\" id=\"ausha-wDIx\" height=\"220\" style=\"border: none; width:100%; height:220px\" src=\"https:\/\/player.ausha.co\/index.html?playlistSlug=european-military-budgets-after-the-war-in-ukraine-more-cohesion-or-fragmentation&playlist=false&color=%23245092&v=3&playerId=ausha-wDIx\"><\/iframe><script src=\"https:\/\/player.ausha.co\/ausha-player.js\"><\/script>\n\t\t\t\t<\/div>\n\t\t\t\t<\/div>\n\t\t\t\t\t<\/div>\n\t\t<\/div>\n\t\t\t\t\t<\/div>\n\t\t<\/section>\n\t\t\t\t<\/div>","protected":false},"excerpt":{"rendered":"<p>Focus on the Netherlands, the UK, Sweden, Lithuania and Poland, The Ares podcast series.<\/p>","protected":false},"author":1,"featured_media":0,"comment_status":"closed","ping_status":"closed","sticky":false,"template":"","format":"standard","meta":{"footnotes":""},"categories":[179,175],"tags":[],"class_list":["post-32246","post","type-post","status-publish","format-standard","hentry","category-podcast","category-veille-strategique"],"yoast_head":"<!-- This site is optimized with the Yoast SEO plugin v27.5 - https:\/\/yoast.com\/product\/yoast-seo-wordpress\/ -->\n<title>European Military Budgets after the War in Ukraine:more Cohesion or Fragmentation? - L&#039;IHEDN : Institut des hautes \u00e9tudes de d\u00e9fense nationale<\/title>\n<meta name=\"description\" content=\"Les 03 et 04 mars, la 221e session en r\u00e9gion de l\u2019IHEDN s\u2019est achev\u00e9e au sein de l\u2019EUROCORPS \u00e0 Strasbourg. Ces deux journ\u00e9es auront permis aux 29 auditeurs de cette session de pr\u00e9senter les conclusions des travaux r\u00e9alis\u00e9s au cours des quatre semaines qu\u2019aura dur\u00e9 cette session.\" \/>\n<meta name=\"robots\" content=\"index, follow, max-snippet:-1, max-image-preview:large, max-video-preview:-1\" \/>\n<link rel=\"canonical\" href=\"https:\/\/ihedn.fr\/en\/comprendre\/veille-strategique\/european-military-budgets-after-the-war-in-ukrainemore-cohesion-or-fragmentation\/\" \/>\n<meta property=\"og:locale\" content=\"en_GB\" \/>\n<meta property=\"og:type\" content=\"article\" \/>\n<meta property=\"og:title\" content=\"European Military Budgets after the War in Ukraine:more Cohesion or Fragmentation? - L&#039;IHEDN : Institut des hautes \u00e9tudes de d\u00e9fense nationale\" \/>\n<meta property=\"og:description\" content=\"Les 03 et 04 mars, la 221e session en r\u00e9gion de l\u2019IHEDN s\u2019est achev\u00e9e au sein de l\u2019EUROCORPS \u00e0 Strasbourg. Ces deux journ\u00e9es auront permis aux 29 auditeurs de cette session de pr\u00e9senter les conclusions des travaux r\u00e9alis\u00e9s au cours des quatre semaines qu\u2019aura dur\u00e9 cette session.\" \/>\n<meta property=\"og:url\" content=\"https:\/\/ihedn.fr\/en\/comprendre\/veille-strategique\/european-military-budgets-after-the-war-in-ukrainemore-cohesion-or-fragmentation\/\" \/>\n<meta property=\"og:site_name\" content=\"L&#039;IHEDN : Institut des hautes \u00e9tudes de d\u00e9fense nationale\" \/>\n<meta property=\"article:publisher\" content=\"https:\/\/www.facebook.com\/ihedn\/\" \/>\n<meta property=\"article:published_time\" content=\"2023-01-06T13:28:28+00:00\" \/>\n<meta property=\"article:modified_time\" content=\"2023-01-06T13:48:47+00:00\" \/>\n<meta name=\"author\" content=\"dev\" \/>\n<meta name=\"twitter:card\" content=\"summary_large_image\" \/>\n<meta name=\"twitter:creator\" content=\"@IHEDN\" \/>\n<meta name=\"twitter:site\" content=\"@IHEDN\" \/>\n<meta name=\"twitter:label1\" content=\"Written by\" \/>\n\t<meta name=\"twitter:data1\" content=\"dev\" \/>\n<script type=\"application\/ld+json\" class=\"yoast-schema-graph\">{\"@context\":\"https:\\\/\\\/schema.org\",\"@graph\":[{\"@type\":\"Article\",\"@id\":\"https:\\\/\\\/ihedn.fr\\\/comprendre\\\/veille-strategique\\\/european-military-budgets-after-the-war-in-ukrainemore-cohesion-or-fragmentation\\\/#article\",\"isPartOf\":{\"@id\":\"https:\\\/\\\/ihedn.fr\\\/comprendre\\\/veille-strategique\\\/european-military-budgets-after-the-war-in-ukrainemore-cohesion-or-fragmentation\\\/\"},\"author\":{\"name\":\"dev\",\"@id\":\"https:\\\/\\\/ihedn.fr\\\/#\\\/schema\\\/person\\\/7a40155595e4efb35323447cb8c8c5a4\"},\"headline\":\"European Military Budgets after the War in Ukraine: more Cohesion or Fragmentation?\",\"datePublished\":\"2023-01-06T13:28:28+00:00\",\"dateModified\":\"2023-01-06T13:48:47+00:00\",\"mainEntityOfPage\":{\"@id\":\"https:\\\/\\\/ihedn.fr\\\/comprendre\\\/veille-strategique\\\/european-military-budgets-after-the-war-in-ukrainemore-cohesion-or-fragmentation\\\/\"},\"wordCount\":12,\"publisher\":{\"@id\":\"https:\\\/\\\/ihedn.fr\\\/#organization\"},\"articleSection\":[\"podcast\",\"Veille strat\u00e9gique\"],\"inLanguage\":\"en-GB\"},{\"@type\":\"WebPage\",\"@id\":\"https:\\\/\\\/ihedn.fr\\\/comprendre\\\/veille-strategique\\\/european-military-budgets-after-the-war-in-ukrainemore-cohesion-or-fragmentation\\\/\",\"url\":\"https:\\\/\\\/ihedn.fr\\\/comprendre\\\/veille-strategique\\\/european-military-budgets-after-the-war-in-ukrainemore-cohesion-or-fragmentation\\\/\",\"name\":\"European Military Budgets after the War in Ukraine: more Cohesion or Fragmentation? - L&#039;IHEDN : Institut des hautes \u00e9tudes de d\u00e9fense nationale\",\"isPartOf\":{\"@id\":\"https:\\\/\\\/ihedn.fr\\\/#website\"},\"datePublished\":\"2023-01-06T13:28:28+00:00\",\"dateModified\":\"2023-01-06T13:48:47+00:00\",\"description\":\"Les 03 et 04 mars, la 221e session en r\u00e9gion de l\u2019IHEDN s\u2019est achev\u00e9e au sein de l\u2019EUROCORPS \u00e0 Strasbourg. Ces deux journ\u00e9es auront permis aux 29 auditeurs de cette session de pr\u00e9senter les conclusions des travaux r\u00e9alis\u00e9s au cours des quatre semaines qu\u2019aura dur\u00e9 cette session.\",\"breadcrumb\":{\"@id\":\"https:\\\/\\\/ihedn.fr\\\/comprendre\\\/veille-strategique\\\/european-military-budgets-after-the-war-in-ukrainemore-cohesion-or-fragmentation\\\/#breadcrumb\"},\"inLanguage\":\"en-GB\",\"potentialAction\":[{\"@type\":\"ReadAction\",\"target\":[\"https:\\\/\\\/ihedn.fr\\\/comprendre\\\/veille-strategique\\\/european-military-budgets-after-the-war-in-ukrainemore-cohesion-or-fragmentation\\\/\"]}]},{\"@type\":\"BreadcrumbList\",\"@id\":\"https:\\\/\\\/ihedn.fr\\\/comprendre\\\/veille-strategique\\\/european-military-budgets-after-the-war-in-ukrainemore-cohesion-or-fragmentation\\\/#breadcrumb\",\"itemListElement\":[{\"@type\":\"ListItem\",\"position\":1,\"name\":\"Accueil\",\"item\":\"https:\\\/\\\/ihedn.fr\\\/\"},{\"@type\":\"ListItem\",\"position\":2,\"name\":\"European Military Budgets after the War in Ukraine:more Cohesion or Fragmentation?\"}]},{\"@type\":\"WebSite\",\"@id\":\"https:\\\/\\\/ihedn.fr\\\/#website\",\"url\":\"https:\\\/\\\/ihedn.fr\\\/\",\"name\":\"IHEDN : Institut des hautes \u00e9tudes de d\u00e9fense nationale |\",\"description\":\"Site officiel de l&#039;IHEDN plac\u00e9 sous la tutelle du Premier ministre.\",\"publisher\":{\"@id\":\"https:\\\/\\\/ihedn.fr\\\/#organization\"},\"potentialAction\":[{\"@type\":\"SearchAction\",\"target\":{\"@type\":\"EntryPoint\",\"urlTemplate\":\"https:\\\/\\\/ihedn.fr\\\/?s={search_term_string}\"},\"query-input\":{\"@type\":\"PropertyValueSpecification\",\"valueRequired\":true,\"valueName\":\"search_term_string\"}}],\"inLanguage\":\"en-GB\"},{\"@type\":\"Organization\",\"@id\":\"https:\\\/\\\/ihedn.fr\\\/#organization\",\"name\":\"IHEDN - Institut des Hautes Etudes de D\u00e9fense Nationale\",\"url\":\"https:\\\/\\\/ihedn.fr\\\/\",\"logo\":{\"@type\":\"ImageObject\",\"inLanguage\":\"en-GB\",\"@id\":\"https:\\\/\\\/ihedn.fr\\\/#\\\/schema\\\/logo\\\/image\\\/\",\"url\":\"https:\\\/\\\/ihedn.fr\\\/wp-content\\\/uploads\\\/2020\\\/11\\\/BLOC_RF_IHEDN_WEB.png\",\"contentUrl\":\"https:\\\/\\\/ihedn.fr\\\/wp-content\\\/uploads\\\/2020\\\/11\\\/BLOC_RF_IHEDN_WEB.png\",\"width\":500,\"height\":237,\"caption\":\"IHEDN - Institut des Hautes Etudes de D\u00e9fense Nationale\"},\"image\":{\"@id\":\"https:\\\/\\\/ihedn.fr\\\/#\\\/schema\\\/logo\\\/image\\\/\"},\"sameAs\":[\"https:\\\/\\\/www.facebook.com\\\/ihedn\\\/\",\"https:\\\/\\\/x.com\\\/IHEDN\",\"https:\\\/\\\/www.instagram.com\\\/ihedn\\\/\",\"https:\\\/\\\/www.linkedin.com\\\/school\\\/ihedn\\\/\",\"https:\\\/\\\/fr.wikipedia.org\\\/wiki\\\/Institut_des_hautes_\u00e9tudes_de_D\u00e9fense_nationale\"]},{\"@type\":\"Person\",\"@id\":\"https:\\\/\\\/ihedn.fr\\\/#\\\/schema\\\/person\\\/7a40155595e4efb35323447cb8c8c5a4\",\"name\":\"dev\",\"image\":{\"@type\":\"ImageObject\",\"inLanguage\":\"en-GB\",\"@id\":\"https:\\\/\\\/secure.gravatar.com\\\/avatar\\\/f1ffcac9ca2fa95ad3ec33e9be3ade82f752acb0cabe541e56c5889225afa88a?s=96&d=mm&r=g\",\"url\":\"https:\\\/\\\/secure.gravatar.com\\\/avatar\\\/f1ffcac9ca2fa95ad3ec33e9be3ade82f752acb0cabe541e56c5889225afa88a?s=96&d=mm&r=g\",\"contentUrl\":\"https:\\\/\\\/secure.gravatar.com\\\/avatar\\\/f1ffcac9ca2fa95ad3ec33e9be3ade82f752acb0cabe541e56c5889225afa88a?s=96&d=mm&r=g\",\"caption\":\"dev\"},\"sameAs\":[\"https:\\\/\\\/ihedn.concilium.click\"],\"url\":\"https:\\\/\\\/ihedn.fr\\\/en\\\/author\\\/dev\\\/\"}]}<\/script>\n<!-- \/ Yoast SEO plugin. -->","yoast_head_json":{"title":"European Military Budgets after the War in Ukraine:more Cohesion or Fragmentation? - IHEDN: Institute for Advanced Studies in National Defence","description":"On 03 and 04 March, the 221st regional session of the IHEDN came to a close at EUROCORPS in Strasbourg. These two days were an opportunity for the session's 29 auditors to present the conclusions of their work over the four weeks of the session.","robots":{"index":"index","follow":"follow","max-snippet":"max-snippet:-1","max-image-preview":"max-image-preview:large","max-video-preview":"max-video-preview:-1"},"canonical":"https:\/\/ihedn.fr\/en\/comprendre\/veille-strategique\/european-military-budgets-after-the-war-in-ukrainemore-cohesion-or-fragmentation\/","og_locale":"en_GB","og_type":"article","og_title":"European Military Budgets after the War in Ukraine:more Cohesion or Fragmentation? - L&#039;IHEDN : Institut des hautes \u00e9tudes de d\u00e9fense nationale","og_description":"Les 03 et 04 mars, la 221e session en r\u00e9gion de l\u2019IHEDN s\u2019est achev\u00e9e au sein de l\u2019EUROCORPS \u00e0 Strasbourg. Ces deux journ\u00e9es auront permis aux 29 auditeurs de cette session de pr\u00e9senter les conclusions des travaux r\u00e9alis\u00e9s au cours des quatre semaines qu\u2019aura dur\u00e9 cette session.","og_url":"https:\/\/ihedn.fr\/en\/comprendre\/veille-strategique\/european-military-budgets-after-the-war-in-ukrainemore-cohesion-or-fragmentation\/","og_site_name":"L&#039;IHEDN : Institut des hautes \u00e9tudes de d\u00e9fense nationale","article_publisher":"https:\/\/www.facebook.com\/ihedn\/","article_published_time":"2023-01-06T13:28:28+00:00","article_modified_time":"2023-01-06T13:48:47+00:00","author":"dev","twitter_card":"summary_large_image","twitter_creator":"@IHEDN","twitter_site":"@IHEDN","twitter_misc":{"Written by":"dev"},"schema":{"@context":"https:\/\/schema.org","@graph":[{"@type":"Article","@id":"https:\/\/ihedn.fr\/comprendre\/veille-strategique\/european-military-budgets-after-the-war-in-ukrainemore-cohesion-or-fragmentation\/#article","isPartOf":{"@id":"https:\/\/ihedn.fr\/comprendre\/veille-strategique\/european-military-budgets-after-the-war-in-ukrainemore-cohesion-or-fragmentation\/"},"author":{"name":"dev","@id":"https:\/\/ihedn.fr\/#\/schema\/person\/7a40155595e4efb35323447cb8c8c5a4"},"headline":"European Military Budgets after the War in Ukraine: more Cohesion or Fragmentation?","datePublished":"2023-01-06T13:28:28+00:00","dateModified":"2023-01-06T13:48:47+00:00","mainEntityOfPage":{"@id":"https:\/\/ihedn.fr\/comprendre\/veille-strategique\/european-military-budgets-after-the-war-in-ukrainemore-cohesion-or-fragmentation\/"},"wordCount":12,"publisher":{"@id":"https:\/\/ihedn.fr\/#organization"},"articleSection":["podcast","Veille strat\u00e9gique"],"inLanguage":"en-GB"},{"@type":"WebPage","@id":"https:\/\/ihedn.fr\/comprendre\/veille-strategique\/european-military-budgets-after-the-war-in-ukrainemore-cohesion-or-fragmentation\/","url":"https:\/\/ihedn.fr\/comprendre\/veille-strategique\/european-military-budgets-after-the-war-in-ukrainemore-cohesion-or-fragmentation\/","name":"European Military Budgets after the War in Ukraine: more Cohesion or Fragmentation? - IHEDN: Institute for Advanced Studies in National Defence","isPartOf":{"@id":"https:\/\/ihedn.fr\/#website"},"datePublished":"2023-01-06T13:28:28+00:00","dateModified":"2023-01-06T13:48:47+00:00","description":"On 03 and 04 March, the 221st regional session of the IHEDN came to a close at EUROCORPS in Strasbourg. These two days were an opportunity for the session's 29 auditors to present the conclusions of their work over the four weeks of the session.","breadcrumb":{"@id":"https:\/\/ihedn.fr\/comprendre\/veille-strategique\/european-military-budgets-after-the-war-in-ukrainemore-cohesion-or-fragmentation\/#breadcrumb"},"inLanguage":"en-GB","potentialAction":[{"@type":"ReadAction","target":["https:\/\/ihedn.fr\/comprendre\/veille-strategique\/european-military-budgets-after-the-war-in-ukrainemore-cohesion-or-fragmentation\/"]}]},{"@type":"BreadcrumbList","@id":"https:\/\/ihedn.fr\/comprendre\/veille-strategique\/european-military-budgets-after-the-war-in-ukrainemore-cohesion-or-fragmentation\/#breadcrumb","itemListElement":[{"@type":"ListItem","position":1,"name":"Accueil","item":"https:\/\/ihedn.fr\/"},{"@type":"ListItem","position":2,"name":"European Military Budgets after the War in Ukraine:more Cohesion or Fragmentation?"}]},{"@type":"WebSite","@id":"https:\/\/ihedn.fr\/#website","url":"https:\/\/ihedn.fr\/","name":"IHEDN: Institut des hautes \u00e9tudes de d\u00e9fense nationale (Institute for Higher National Defence Studies)","description":"Official website of the IHEDN under the supervision of the Prime Minister.","publisher":{"@id":"https:\/\/ihedn.fr\/#organization"},"potentialAction":[{"@type":"SearchAction","target":{"@type":"EntryPoint","urlTemplate":"https:\/\/ihedn.fr\/?s={search_term_string}"},"query-input":{"@type":"PropertyValueSpecification","valueRequired":true,"valueName":"search_term_string"}}],"inLanguage":"en-GB"},{"@type":"Organization","@id":"https:\/\/ihedn.fr\/#organization","name":"IHEDN - Institute for Higher National Defence Studies","url":"https:\/\/ihedn.fr\/","logo":{"@type":"ImageObject","inLanguage":"en-GB","@id":"https:\/\/ihedn.fr\/#\/schema\/logo\/image\/","url":"https:\/\/ihedn.fr\/wp-content\/uploads\/2020\/11\/BLOC_RF_IHEDN_WEB.png","contentUrl":"https:\/\/ihedn.fr\/wp-content\/uploads\/2020\/11\/BLOC_RF_IHEDN_WEB.png","width":500,"height":237,"caption":"IHEDN - Institut des Hautes Etudes de D\u00e9fense Nationale"},"image":{"@id":"https:\/\/ihedn.fr\/#\/schema\/logo\/image\/"},"sameAs":["https:\/\/www.facebook.com\/ihedn\/","https:\/\/x.com\/IHEDN","https:\/\/www.instagram.com\/ihedn\/","https:\/\/www.linkedin.com\/school\/ihedn\/","https:\/\/fr.wikipedia.org\/wiki\/Institut_des_hautes_\u00e9tudes_de_D\u00e9fense_nationale"]},{"@type":"Person","@id":"https:\/\/ihedn.fr\/#\/schema\/person\/7a40155595e4efb35323447cb8c8c5a4","name":"dev","image":{"@type":"ImageObject","inLanguage":"en-GB","@id":"https:\/\/secure.gravatar.com\/avatar\/f1ffcac9ca2fa95ad3ec33e9be3ade82f752acb0cabe541e56c5889225afa88a?s=96&d=mm&r=g","url":"https:\/\/secure.gravatar.com\/avatar\/f1ffcac9ca2fa95ad3ec33e9be3ade82f752acb0cabe541e56c5889225afa88a?s=96&d=mm&r=g","contentUrl":"https:\/\/secure.gravatar.com\/avatar\/f1ffcac9ca2fa95ad3ec33e9be3ade82f752acb0cabe541e56c5889225afa88a?s=96&d=mm&r=g","caption":"dev"},"sameAs":["https:\/\/ihedn.concilium.click"],"url":"https:\/\/ihedn.fr\/en\/author\/dev\/"}]}},"publishpress_future_action":{"enabled":false,"date":"2026-05-09 06:44:55","action":"change-status","newStatus":"draft","terms":[],"taxonomy":"category","extraData":[]},"publishpress_future_workflow_manual_trigger":{"enabledWorkflows":[]},"_links":{"self":[{"href":"https:\/\/ihedn.fr\/en\/wp-json\/wp\/v2\/posts\/32246","targetHints":{"allow":["GET"]}}],"collection":[{"href":"https:\/\/ihedn.fr\/en\/wp-json\/wp\/v2\/posts"}],"about":[{"href":"https:\/\/ihedn.fr\/en\/wp-json\/wp\/v2\/types\/post"}],"author":[{"embeddable":true,"href":"https:\/\/ihedn.fr\/en\/wp-json\/wp\/v2\/users\/1"}],"replies":[{"embeddable":true,"href":"https:\/\/ihedn.fr\/en\/wp-json\/wp\/v2\/comments?post=32246"}],"version-history":[{"count":5,"href":"https:\/\/ihedn.fr\/en\/wp-json\/wp\/v2\/posts\/32246\/revisions"}],"predecessor-version":[{"id":32257,"href":"https:\/\/ihedn.fr\/en\/wp-json\/wp\/v2\/posts\/32246\/revisions\/32257"}],"wp:attachment":[{"href":"https:\/\/ihedn.fr\/en\/wp-json\/wp\/v2\/media?parent=32246"}],"wp:term":[{"taxonomy":"category","embeddable":true,"href":"https:\/\/ihedn.fr\/en\/wp-json\/wp\/v2\/categories?post=32246"},{"taxonomy":"post_tag","embeddable":true,"href":"https:\/\/ihedn.fr\/en\/wp-json\/wp\/v2\/tags?post=32246"}],"curies":[{"name":"wp","href":"https:\/\/api.w.org\/{rel}","templated":true}]}}