{"id":3288,"date":"2020-11-04T10:27:02","date_gmt":"2020-11-04T08:27:02","guid":{"rendered":"https:\/\/ihedn.concilium.click\/?p=3288"},"modified":"2020-12-29T16:31:00","modified_gmt":"2020-12-29T14:31:00","slug":"transatlantic-relations-after-the-u-s-election-french-polish-perceptions","status":"publish","type":"post","link":"https:\/\/ihedn.fr\/en\/uncategorized\/transatlantic-relations-after-the-u-s-election-french-polish-perceptions\/","title":{"rendered":"Transatlantic Relations after the U.S. Election: French &amp; Polish Perceptions"},"content":{"rendered":"<div data-elementor-type=\"wp-post\" data-elementor-id=\"3288\" class=\"elementor elementor-3288\" data-elementor-post-type=\"post\">\n\t\t\t\t\t\t<section data-particle_enable=\"false\" data-particle-mobile-disabled=\"false\" class=\"elementor-section elementor-top-section elementor-element elementor-element-e41245a elementor-section-boxed elementor-section-height-default elementor-section-height-default\" data-id=\"e41245a\" data-element_type=\"section\" data-e-type=\"section\">\n\t\t\t\t\t\t<div class=\"elementor-container elementor-column-gap-default\">\n\t\t\t\t\t<div class=\"elementor-column elementor-col-100 elementor-top-column elementor-element elementor-element-47166b8\" data-id=\"47166b8\" data-element_type=\"column\" data-e-type=\"column\">\n\t\t\t<div class=\"elementor-widget-wrap elementor-element-populated\">\n\t\t\t\t\t\t<div class=\"elementor-element elementor-element-1618291 elementor-widget elementor-widget-text-editor\" data-id=\"1618291\" data-element_type=\"widget\" data-e-type=\"widget\" data-widget_type=\"text-editor.default\">\n\t\t\t\t<div class=\"elementor-widget-container\">\n\t\t\t\t\t\t\t\t\t<p>The Europe and International Affairs Department of the IHEDN was involved in organising the webinar on the theme of <strong>\"Transatlantic Relations after the U.S. Election: French &amp; Polish Perceptions\".<\/strong> held on 3 November, from 4.45pm to 6.15pm. The event was organised by the Centre for French Civilisation and Francophone Studies at Warsaw University, in conjunction with the French Embassy in Poland. Speakers included <strong>Mr Roman KUZNIAR<\/strong>Director of the Chair of Strategy and International Security at the University of Warsaw, and <strong>Mr Manuel LAFONT-RAPNOUIL<\/strong>Director of the Centre for Analysis, Forecasting and Strategy at the Ministry of Europe and Foreign Affairs.<\/p>\t\t\t\t\t\t\t\t<\/div>\n\t\t\t\t<\/div>\n\t\t\t\t\t<\/div>\n\t\t<\/div>\n\t\t\t\t\t<\/div>\n\t\t<\/section>\n\t\t\t\t<section data-particle_enable=\"false\" data-particle-mobile-disabled=\"false\" class=\"elementor-section elementor-top-section elementor-element elementor-element-583d828 elementor-section-boxed elementor-section-height-default elementor-section-height-default\" data-id=\"583d828\" data-element_type=\"section\" data-e-type=\"section\">\n\t\t\t\t\t\t<div class=\"elementor-container elementor-column-gap-default\">\n\t\t\t\t\t<div class=\"elementor-column elementor-col-100 elementor-top-column elementor-element elementor-element-e557f3d\" data-id=\"e557f3d\" data-element_type=\"column\" data-e-type=\"column\">\n\t\t\t<div class=\"elementor-widget-wrap elementor-element-populated\">\n\t\t\t\t\t\t<div class=\"elementor-element elementor-element-cb589d4 elementor-widget elementor-widget-image\" data-id=\"cb589d4\" data-element_type=\"widget\" data-e-type=\"widget\" data-widget_type=\"image.default\">\n\t\t\t\t<div class=\"elementor-widget-container\">\n\t\t\t\t\t\t\t\t\t\t\t\t\t\t\t<img fetchpriority=\"high\" decoding=\"async\" width=\"768\" height=\"335\" src=\"https:\/\/ihedn.fr\/wp-content\/uploads\/2020\/12\/ihedn-transatlantic_relations_after_the_u.s._election_-_french_polish_perceptions-00.jpg\" class=\"attachment-large size-large wp-image-3289\" alt=\"\" \/>\t\t\t\t\t\t\t\t\t\t\t\t\t\t\t<\/div>\n\t\t\t\t<\/div>\n\t\t\t\t\t<\/div>\n\t\t<\/div>\n\t\t\t\t\t<\/div>\n\t\t<\/section>\n\t\t\t\t<section data-particle_enable=\"false\" data-particle-mobile-disabled=\"false\" class=\"elementor-section elementor-top-section elementor-element elementor-element-53a8df3 elementor-section-boxed elementor-section-height-default elementor-section-height-default\" data-id=\"53a8df3\" data-element_type=\"section\" data-e-type=\"section\">\n\t\t\t\t\t\t<div class=\"elementor-container elementor-column-gap-default\">\n\t\t\t\t\t<div class=\"elementor-column elementor-col-100 elementor-top-column elementor-element elementor-element-3f30f07\" data-id=\"3f30f07\" data-element_type=\"column\" data-e-type=\"column\">\n\t\t\t<div class=\"elementor-widget-wrap elementor-element-populated\">\n\t\t\t\t\t\t<div class=\"elementor-element elementor-element-4f526a8 elementor-widget elementor-widget-text-editor\" data-id=\"4f526a8\" data-element_type=\"widget\" data-e-type=\"widget\" data-widget_type=\"text-editor.default\">\n\t\t\t\t<div class=\"elementor-widget-container\">\n\t\t\t\t\t\t\t\t\t<p>The debate, moderated by<strong> Prof. Olivier SCHMITT<\/strong>In the run-up to the American presidential election, the 2 speakers discussed the potential evolution of transatlantic relations in the light of a number of factors.<\/p><p>An exchange with the audience, which included diplomats from EU member states based in Paris, students from Warsaw University and French and Polish representatives from think tanks, then addressed a number of themes, including European defence, the Three Seas Initiative, the Weimar Triangle, the future development of relations with Russia and the place and influence of the Franco-German tandem on the European and international stage.<\/p>\t\t\t\t\t\t\t\t<\/div>\n\t\t\t\t<\/div>\n\t\t\t\t\t<\/div>\n\t\t<\/div>\n\t\t\t\t\t<\/div>\n\t\t<\/section>\n\t\t\t\t<section data-particle_enable=\"false\" data-particle-mobile-disabled=\"false\" class=\"elementor-section elementor-top-section elementor-element elementor-element-161912e elementor-section-boxed elementor-section-height-default elementor-section-height-default\" data-id=\"161912e\" data-element_type=\"section\" data-e-type=\"section\">\n\t\t\t\t\t\t<div class=\"elementor-container elementor-column-gap-default\">\n\t\t\t\t\t<div class=\"elementor-column elementor-col-100 elementor-top-column elementor-element elementor-element-791a305\" data-id=\"791a305\" data-element_type=\"column\" data-e-type=\"column\">\n\t\t\t<div class=\"elementor-widget-wrap\">\n\t\t\t\t\t\t\t<\/div>\n\t\t<\/div>\n\t\t\t\t\t<\/div>\n\t\t<\/section>\n\t\t\t\t<\/div>","protected":false},"excerpt":{"rendered":"<p>Le D\u00e9partement de l\u2019Europe et des Affaires internationales de l\u2019IHEDN a \u00e9t\u00e9 associ\u00e9 \u00e0 l\u2019organisation du webinaire sur le th\u00e8me \u00ab\u00a0Transatlantic Relations after the U.S. Election : French &amp; Polish Perceptions\u00a0\u00bb qui s\u2019est tenu le 3 novembre, de 16h45 \u00e0 18h15. Cette initiative \u00e9tait port\u00e9e par le Centre de civilisation fran\u00e7aise et d\u2019\u00e9tudes francophones de [&hellip;]<\/p>\n","protected":false},"author":1,"featured_media":3289,"comment_status":"closed","ping_status":"closed","sticky":false,"template":"","format":"standard","meta":{"footnotes":""},"categories":[1],"tags":[],"class_list":["post-3288","post","type-post","status-publish","format-standard","has-post-thumbnail","hentry","category-uncategorized"],"yoast_head":"<!-- This site is optimized with the Yoast SEO plugin v27.5 - https:\/\/yoast.com\/product\/yoast-seo-wordpress\/ -->\n<title>Transatlantic Relations after the U.S. Election : French &amp; Polish Perceptions - L&#039;IHEDN : Institut des hautes \u00e9tudes de d\u00e9fense nationale<\/title>\n<meta name=\"robots\" content=\"index, follow, max-snippet:-1, max-image-preview:large, max-video-preview:-1\" \/>\n<link rel=\"canonical\" href=\"https:\/\/ihedn.fr\/en\/actualites-des-sessions\/transatlantic-relations-after-the-u-s-election-french-polish-perceptions\/\" \/>\n<meta property=\"og:locale\" content=\"en_GB\" \/>\n<meta property=\"og:type\" content=\"article\" \/>\n<meta property=\"og:title\" content=\"Transatlantic Relations after the U.S. Election : French &amp; Polish Perceptions - L&#039;IHEDN : Institut des hautes \u00e9tudes de d\u00e9fense nationale\" \/>\n<meta property=\"og:description\" content=\"Le D\u00e9partement de l\u2019Europe et des Affaires internationales de l\u2019IHEDN a \u00e9t\u00e9 associ\u00e9 \u00e0 l\u2019organisation du webinaire sur le th\u00e8me \u00ab\u00a0Transatlantic Relations after the U.S. Election : French &amp; Polish Perceptions\u00a0\u00bb qui s\u2019est tenu le 3 novembre, de 16h45 \u00e0 18h15. Cette initiative \u00e9tait port\u00e9e par le Centre de civilisation fran\u00e7aise et d\u2019\u00e9tudes francophones de [&hellip;]\" \/>\n<meta property=\"og:url\" content=\"https:\/\/ihedn.fr\/en\/actualites-des-sessions\/transatlantic-relations-after-the-u-s-election-french-polish-perceptions\/\" \/>\n<meta property=\"og:site_name\" content=\"L&#039;IHEDN : Institut des hautes \u00e9tudes de d\u00e9fense nationale\" \/>\n<meta property=\"article:publisher\" content=\"https:\/\/www.facebook.com\/ihedn\/\" \/>\n<meta property=\"article:published_time\" content=\"2020-11-04T08:27:02+00:00\" \/>\n<meta property=\"article:modified_time\" content=\"2020-12-29T14:31:00+00:00\" \/>\n<meta property=\"og:image\" content=\"https:\/\/ihedn.fr\/wp-content\/uploads\/2020\/12\/ihedn-transatlantic_relations_after_the_u.s._election_-_french_polish_perceptions-00.jpg\" \/>\n\t<meta property=\"og:image:width\" content=\"768\" \/>\n\t<meta property=\"og:image:height\" content=\"335\" \/>\n\t<meta property=\"og:image:type\" content=\"image\/jpeg\" \/>\n<meta name=\"author\" content=\"dev\" \/>\n<meta name=\"twitter:card\" content=\"summary_large_image\" \/>\n<meta name=\"twitter:creator\" content=\"@IHEDN\" \/>\n<meta name=\"twitter:site\" content=\"@IHEDN\" \/>\n<meta name=\"twitter:label1\" content=\"Written by\" \/>\n\t<meta name=\"twitter:data1\" content=\"dev\" \/>\n\t<meta name=\"twitter:label2\" content=\"Estimated reading time\" \/>\n\t<meta name=\"twitter:data2\" content=\"1 minute\" \/>\n<script type=\"application\/ld+json\" class=\"yoast-schema-graph\">{\"@context\":\"https:\\\/\\\/schema.org\",\"@graph\":[{\"@type\":\"Article\",\"@id\":\"https:\\\/\\\/ihedn.fr\\\/en\\\/actualites-des-sessions\\\/transatlantic-relations-after-the-u-s-election-french-polish-perceptions\\\/#article\",\"isPartOf\":{\"@id\":\"https:\\\/\\\/ihedn.fr\\\/en\\\/actualites-des-sessions\\\/transatlantic-relations-after-the-u-s-election-french-polish-perceptions\\\/\"},\"author\":{\"name\":\"dev\",\"@id\":\"https:\\\/\\\/ihedn.fr\\\/#\\\/schema\\\/person\\\/7a40155595e4efb35323447cb8c8c5a4\"},\"headline\":\"Transatlantic Relations after the U.S. Election : French &#038; Polish Perceptions\",\"datePublished\":\"2020-11-04T08:27:02+00:00\",\"dateModified\":\"2020-12-29T14:31:00+00:00\",\"mainEntityOfPage\":{\"@id\":\"https:\\\/\\\/ihedn.fr\\\/en\\\/actualites-des-sessions\\\/transatlantic-relations-after-the-u-s-election-french-polish-perceptions\\\/\"},\"wordCount\":289,\"publisher\":{\"@id\":\"https:\\\/\\\/ihedn.fr\\\/#organization\"},\"image\":{\"@id\":\"https:\\\/\\\/ihedn.fr\\\/en\\\/actualites-des-sessions\\\/transatlantic-relations-after-the-u-s-election-french-polish-perceptions\\\/#primaryimage\"},\"thumbnailUrl\":\"https:\\\/\\\/ihedn.fr\\\/wp-content\\\/uploads\\\/2020\\\/12\\\/ihedn-transatlantic_relations_after_the_u.s._election_-_french_polish_perceptions-00.jpg\",\"articleSection\":[\"Uncategorized\"],\"inLanguage\":\"en-GB\"},{\"@type\":\"WebPage\",\"@id\":\"https:\\\/\\\/ihedn.fr\\\/en\\\/actualites-des-sessions\\\/transatlantic-relations-after-the-u-s-election-french-polish-perceptions\\\/\",\"url\":\"https:\\\/\\\/ihedn.fr\\\/en\\\/actualites-des-sessions\\\/transatlantic-relations-after-the-u-s-election-french-polish-perceptions\\\/\",\"name\":\"Transatlantic Relations after the U.S. Election : French & Polish Perceptions - L&#039;IHEDN : Institut des hautes \u00e9tudes de d\u00e9fense nationale\",\"isPartOf\":{\"@id\":\"https:\\\/\\\/ihedn.fr\\\/#website\"},\"primaryImageOfPage\":{\"@id\":\"https:\\\/\\\/ihedn.fr\\\/en\\\/actualites-des-sessions\\\/transatlantic-relations-after-the-u-s-election-french-polish-perceptions\\\/#primaryimage\"},\"image\":{\"@id\":\"https:\\\/\\\/ihedn.fr\\\/en\\\/actualites-des-sessions\\\/transatlantic-relations-after-the-u-s-election-french-polish-perceptions\\\/#primaryimage\"},\"thumbnailUrl\":\"https:\\\/\\\/ihedn.fr\\\/wp-content\\\/uploads\\\/2020\\\/12\\\/ihedn-transatlantic_relations_after_the_u.s._election_-_french_polish_perceptions-00.jpg\",\"datePublished\":\"2020-11-04T08:27:02+00:00\",\"dateModified\":\"2020-12-29T14:31:00+00:00\",\"breadcrumb\":{\"@id\":\"https:\\\/\\\/ihedn.fr\\\/en\\\/actualites-des-sessions\\\/transatlantic-relations-after-the-u-s-election-french-polish-perceptions\\\/#breadcrumb\"},\"inLanguage\":\"en-GB\",\"potentialAction\":[{\"@type\":\"ReadAction\",\"target\":[\"https:\\\/\\\/ihedn.fr\\\/en\\\/actualites-des-sessions\\\/transatlantic-relations-after-the-u-s-election-french-polish-perceptions\\\/\"]}]},{\"@type\":\"ImageObject\",\"inLanguage\":\"en-GB\",\"@id\":\"https:\\\/\\\/ihedn.fr\\\/en\\\/actualites-des-sessions\\\/transatlantic-relations-after-the-u-s-election-french-polish-perceptions\\\/#primaryimage\",\"url\":\"https:\\\/\\\/ihedn.fr\\\/wp-content\\\/uploads\\\/2020\\\/12\\\/ihedn-transatlantic_relations_after_the_u.s._election_-_french_polish_perceptions-00.jpg\",\"contentUrl\":\"https:\\\/\\\/ihedn.fr\\\/wp-content\\\/uploads\\\/2020\\\/12\\\/ihedn-transatlantic_relations_after_the_u.s._election_-_french_polish_perceptions-00.jpg\",\"width\":768,\"height\":335},{\"@type\":\"BreadcrumbList\",\"@id\":\"https:\\\/\\\/ihedn.fr\\\/en\\\/actualites-des-sessions\\\/transatlantic-relations-after-the-u-s-election-french-polish-perceptions\\\/#breadcrumb\",\"itemListElement\":[{\"@type\":\"ListItem\",\"position\":1,\"name\":\"Accueil\",\"item\":\"https:\\\/\\\/ihedn.fr\\\/\"},{\"@type\":\"ListItem\",\"position\":2,\"name\":\"Transatlantic Relations after the U.S. Election : French &#038; Polish Perceptions\"}]},{\"@type\":\"WebSite\",\"@id\":\"https:\\\/\\\/ihedn.fr\\\/#website\",\"url\":\"https:\\\/\\\/ihedn.fr\\\/\",\"name\":\"IHEDN : Institut des hautes \u00e9tudes de d\u00e9fense nationale |\",\"description\":\"Site officiel de l&#039;IHEDN plac\u00e9 sous la tutelle du Premier ministre.\",\"publisher\":{\"@id\":\"https:\\\/\\\/ihedn.fr\\\/#organization\"},\"potentialAction\":[{\"@type\":\"SearchAction\",\"target\":{\"@type\":\"EntryPoint\",\"urlTemplate\":\"https:\\\/\\\/ihedn.fr\\\/?s={search_term_string}\"},\"query-input\":{\"@type\":\"PropertyValueSpecification\",\"valueRequired\":true,\"valueName\":\"search_term_string\"}}],\"inLanguage\":\"en-GB\"},{\"@type\":\"Organization\",\"@id\":\"https:\\\/\\\/ihedn.fr\\\/#organization\",\"name\":\"IHEDN - Institut des Hautes Etudes de D\u00e9fense Nationale\",\"url\":\"https:\\\/\\\/ihedn.fr\\\/\",\"logo\":{\"@type\":\"ImageObject\",\"inLanguage\":\"en-GB\",\"@id\":\"https:\\\/\\\/ihedn.fr\\\/#\\\/schema\\\/logo\\\/image\\\/\",\"url\":\"https:\\\/\\\/ihedn.fr\\\/wp-content\\\/uploads\\\/2020\\\/11\\\/BLOC_RF_IHEDN_WEB.png\",\"contentUrl\":\"https:\\\/\\\/ihedn.fr\\\/wp-content\\\/uploads\\\/2020\\\/11\\\/BLOC_RF_IHEDN_WEB.png\",\"width\":500,\"height\":237,\"caption\":\"IHEDN - Institut des Hautes Etudes de D\u00e9fense Nationale\"},\"image\":{\"@id\":\"https:\\\/\\\/ihedn.fr\\\/#\\\/schema\\\/logo\\\/image\\\/\"},\"sameAs\":[\"https:\\\/\\\/www.facebook.com\\\/ihedn\\\/\",\"https:\\\/\\\/x.com\\\/IHEDN\",\"https:\\\/\\\/www.instagram.com\\\/ihedn\\\/\",\"https:\\\/\\\/www.linkedin.com\\\/school\\\/ihedn\\\/\",\"https:\\\/\\\/fr.wikipedia.org\\\/wiki\\\/Institut_des_hautes_\u00e9tudes_de_D\u00e9fense_nationale\"]},{\"@type\":\"Person\",\"@id\":\"https:\\\/\\\/ihedn.fr\\\/#\\\/schema\\\/person\\\/7a40155595e4efb35323447cb8c8c5a4\",\"name\":\"dev\",\"image\":{\"@type\":\"ImageObject\",\"inLanguage\":\"en-GB\",\"@id\":\"https:\\\/\\\/secure.gravatar.com\\\/avatar\\\/f1ffcac9ca2fa95ad3ec33e9be3ade82f752acb0cabe541e56c5889225afa88a?s=96&d=mm&r=g\",\"url\":\"https:\\\/\\\/secure.gravatar.com\\\/avatar\\\/f1ffcac9ca2fa95ad3ec33e9be3ade82f752acb0cabe541e56c5889225afa88a?s=96&d=mm&r=g\",\"contentUrl\":\"https:\\\/\\\/secure.gravatar.com\\\/avatar\\\/f1ffcac9ca2fa95ad3ec33e9be3ade82f752acb0cabe541e56c5889225afa88a?s=96&d=mm&r=g\",\"caption\":\"dev\"},\"sameAs\":[\"https:\\\/\\\/ihedn.concilium.click\"],\"url\":\"https:\\\/\\\/ihedn.fr\\\/en\\\/author\\\/dev\\\/\"}]}<\/script>\n<!-- \/ Yoast SEO plugin. -->","yoast_head_json":{"title":"Transatlantic Relations after the U.S. Election: French &amp; Polish Perceptions - L'IHEDN : Institut des hautes \u00e9tudes de d\u00e9fense nationale","robots":{"index":"index","follow":"follow","max-snippet":"max-snippet:-1","max-image-preview":"max-image-preview:large","max-video-preview":"max-video-preview:-1"},"canonical":"https:\/\/ihedn.fr\/en\/actualites-des-sessions\/transatlantic-relations-after-the-u-s-election-french-polish-perceptions\/","og_locale":"en_GB","og_type":"article","og_title":"Transatlantic Relations after the U.S. Election : French & Polish Perceptions - L&#039;IHEDN : Institut des hautes \u00e9tudes de d\u00e9fense nationale","og_description":"Le D\u00e9partement de l\u2019Europe et des Affaires internationales de l\u2019IHEDN a \u00e9t\u00e9 associ\u00e9 \u00e0 l\u2019organisation du webinaire sur le th\u00e8me \u00ab\u00a0Transatlantic Relations after the U.S. Election : French &amp; Polish Perceptions\u00a0\u00bb qui s\u2019est tenu le 3 novembre, de 16h45 \u00e0 18h15. Cette initiative \u00e9tait port\u00e9e par le Centre de civilisation fran\u00e7aise et d\u2019\u00e9tudes francophones de [&hellip;]","og_url":"https:\/\/ihedn.fr\/en\/actualites-des-sessions\/transatlantic-relations-after-the-u-s-election-french-polish-perceptions\/","og_site_name":"L&#039;IHEDN : Institut des hautes \u00e9tudes de d\u00e9fense nationale","article_publisher":"https:\/\/www.facebook.com\/ihedn\/","article_published_time":"2020-11-04T08:27:02+00:00","article_modified_time":"2020-12-29T14:31:00+00:00","og_image":[{"width":768,"height":335,"url":"https:\/\/ihedn.fr\/wp-content\/uploads\/2020\/12\/ihedn-transatlantic_relations_after_the_u.s._election_-_french_polish_perceptions-00.jpg","type":"image\/jpeg"}],"author":"dev","twitter_card":"summary_large_image","twitter_creator":"@IHEDN","twitter_site":"@IHEDN","twitter_misc":{"Written by":"dev","Estimated reading time":"1 minute"},"schema":{"@context":"https:\/\/schema.org","@graph":[{"@type":"Article","@id":"https:\/\/ihedn.fr\/en\/actualites-des-sessions\/transatlantic-relations-after-the-u-s-election-french-polish-perceptions\/#article","isPartOf":{"@id":"https:\/\/ihedn.fr\/en\/actualites-des-sessions\/transatlantic-relations-after-the-u-s-election-french-polish-perceptions\/"},"author":{"name":"dev","@id":"https:\/\/ihedn.fr\/#\/schema\/person\/7a40155595e4efb35323447cb8c8c5a4"},"headline":"Transatlantic Relations after the U.S. Election : French &#038; Polish Perceptions","datePublished":"2020-11-04T08:27:02+00:00","dateModified":"2020-12-29T14:31:00+00:00","mainEntityOfPage":{"@id":"https:\/\/ihedn.fr\/en\/actualites-des-sessions\/transatlantic-relations-after-the-u-s-election-french-polish-perceptions\/"},"wordCount":289,"publisher":{"@id":"https:\/\/ihedn.fr\/#organization"},"image":{"@id":"https:\/\/ihedn.fr\/en\/actualites-des-sessions\/transatlantic-relations-after-the-u-s-election-french-polish-perceptions\/#primaryimage"},"thumbnailUrl":"https:\/\/ihedn.fr\/wp-content\/uploads\/2020\/12\/ihedn-transatlantic_relations_after_the_u.s._election_-_french_polish_perceptions-00.jpg","articleSection":["Uncategorized"],"inLanguage":"en-GB"},{"@type":"WebPage","@id":"https:\/\/ihedn.fr\/en\/actualites-des-sessions\/transatlantic-relations-after-the-u-s-election-french-polish-perceptions\/","url":"https:\/\/ihedn.fr\/en\/actualites-des-sessions\/transatlantic-relations-after-the-u-s-election-french-polish-perceptions\/","name":"Transatlantic Relations after the U.S. Election: French &amp; Polish Perceptions - L'IHEDN : Institut des hautes \u00e9tudes de d\u00e9fense nationale","isPartOf":{"@id":"https:\/\/ihedn.fr\/#website"},"primaryImageOfPage":{"@id":"https:\/\/ihedn.fr\/en\/actualites-des-sessions\/transatlantic-relations-after-the-u-s-election-french-polish-perceptions\/#primaryimage"},"image":{"@id":"https:\/\/ihedn.fr\/en\/actualites-des-sessions\/transatlantic-relations-after-the-u-s-election-french-polish-perceptions\/#primaryimage"},"thumbnailUrl":"https:\/\/ihedn.fr\/wp-content\/uploads\/2020\/12\/ihedn-transatlantic_relations_after_the_u.s._election_-_french_polish_perceptions-00.jpg","datePublished":"2020-11-04T08:27:02+00:00","dateModified":"2020-12-29T14:31:00+00:00","breadcrumb":{"@id":"https:\/\/ihedn.fr\/en\/actualites-des-sessions\/transatlantic-relations-after-the-u-s-election-french-polish-perceptions\/#breadcrumb"},"inLanguage":"en-GB","potentialAction":[{"@type":"ReadAction","target":["https:\/\/ihedn.fr\/en\/actualites-des-sessions\/transatlantic-relations-after-the-u-s-election-french-polish-perceptions\/"]}]},{"@type":"ImageObject","inLanguage":"en-GB","@id":"https:\/\/ihedn.fr\/en\/actualites-des-sessions\/transatlantic-relations-after-the-u-s-election-french-polish-perceptions\/#primaryimage","url":"https:\/\/ihedn.fr\/wp-content\/uploads\/2020\/12\/ihedn-transatlantic_relations_after_the_u.s._election_-_french_polish_perceptions-00.jpg","contentUrl":"https:\/\/ihedn.fr\/wp-content\/uploads\/2020\/12\/ihedn-transatlantic_relations_after_the_u.s._election_-_french_polish_perceptions-00.jpg","width":768,"height":335},{"@type":"BreadcrumbList","@id":"https:\/\/ihedn.fr\/en\/actualites-des-sessions\/transatlantic-relations-after-the-u-s-election-french-polish-perceptions\/#breadcrumb","itemListElement":[{"@type":"ListItem","position":1,"name":"Accueil","item":"https:\/\/ihedn.fr\/"},{"@type":"ListItem","position":2,"name":"Transatlantic Relations after the U.S. Election : French &#038; Polish Perceptions"}]},{"@type":"WebSite","@id":"https:\/\/ihedn.fr\/#website","url":"https:\/\/ihedn.fr\/","name":"IHEDN: Institut des hautes \u00e9tudes de d\u00e9fense nationale (Institute for Higher National Defence Studies)","description":"Official website of the IHEDN under the supervision of the Prime Minister.","publisher":{"@id":"https:\/\/ihedn.fr\/#organization"},"potentialAction":[{"@type":"SearchAction","target":{"@type":"EntryPoint","urlTemplate":"https:\/\/ihedn.fr\/?s={search_term_string}"},"query-input":{"@type":"PropertyValueSpecification","valueRequired":true,"valueName":"search_term_string"}}],"inLanguage":"en-GB"},{"@type":"Organization","@id":"https:\/\/ihedn.fr\/#organization","name":"IHEDN - Institute for Higher National Defence Studies","url":"https:\/\/ihedn.fr\/","logo":{"@type":"ImageObject","inLanguage":"en-GB","@id":"https:\/\/ihedn.fr\/#\/schema\/logo\/image\/","url":"https:\/\/ihedn.fr\/wp-content\/uploads\/2020\/11\/BLOC_RF_IHEDN_WEB.png","contentUrl":"https:\/\/ihedn.fr\/wp-content\/uploads\/2020\/11\/BLOC_RF_IHEDN_WEB.png","width":500,"height":237,"caption":"IHEDN - Institut des Hautes Etudes de D\u00e9fense Nationale"},"image":{"@id":"https:\/\/ihedn.fr\/#\/schema\/logo\/image\/"},"sameAs":["https:\/\/www.facebook.com\/ihedn\/","https:\/\/x.com\/IHEDN","https:\/\/www.instagram.com\/ihedn\/","https:\/\/www.linkedin.com\/school\/ihedn\/","https:\/\/fr.wikipedia.org\/wiki\/Institut_des_hautes_\u00e9tudes_de_D\u00e9fense_nationale"]},{"@type":"Person","@id":"https:\/\/ihedn.fr\/#\/schema\/person\/7a40155595e4efb35323447cb8c8c5a4","name":"dev","image":{"@type":"ImageObject","inLanguage":"en-GB","@id":"https:\/\/secure.gravatar.com\/avatar\/f1ffcac9ca2fa95ad3ec33e9be3ade82f752acb0cabe541e56c5889225afa88a?s=96&d=mm&r=g","url":"https:\/\/secure.gravatar.com\/avatar\/f1ffcac9ca2fa95ad3ec33e9be3ade82f752acb0cabe541e56c5889225afa88a?s=96&d=mm&r=g","contentUrl":"https:\/\/secure.gravatar.com\/avatar\/f1ffcac9ca2fa95ad3ec33e9be3ade82f752acb0cabe541e56c5889225afa88a?s=96&d=mm&r=g","caption":"dev"},"sameAs":["https:\/\/ihedn.concilium.click"],"url":"https:\/\/ihedn.fr\/en\/author\/dev\/"}]}},"publishpress_future_action":{"enabled":false,"date":"2026-05-08 07:43:20","action":"change-status","newStatus":"draft","terms":[],"taxonomy":"category","extraData":[]},"publishpress_future_workflow_manual_trigger":{"enabledWorkflows":[]},"_links":{"self":[{"href":"https:\/\/ihedn.fr\/en\/wp-json\/wp\/v2\/posts\/3288","targetHints":{"allow":["GET"]}}],"collection":[{"href":"https:\/\/ihedn.fr\/en\/wp-json\/wp\/v2\/posts"}],"about":[{"href":"https:\/\/ihedn.fr\/en\/wp-json\/wp\/v2\/types\/post"}],"author":[{"embeddable":true,"href":"https:\/\/ihedn.fr\/en\/wp-json\/wp\/v2\/users\/1"}],"replies":[{"embeddable":true,"href":"https:\/\/ihedn.fr\/en\/wp-json\/wp\/v2\/comments?post=3288"}],"version-history":[{"count":5,"href":"https:\/\/ihedn.fr\/en\/wp-json\/wp\/v2\/posts\/3288\/revisions"}],"predecessor-version":[{"id":3308,"href":"https:\/\/ihedn.fr\/en\/wp-json\/wp\/v2\/posts\/3288\/revisions\/3308"}],"wp:featuredmedia":[{"embeddable":true,"href":"https:\/\/ihedn.fr\/en\/wp-json\/wp\/v2\/media\/3289"}],"wp:attachment":[{"href":"https:\/\/ihedn.fr\/en\/wp-json\/wp\/v2\/media?parent=3288"}],"wp:term":[{"taxonomy":"category","embeddable":true,"href":"https:\/\/ihedn.fr\/en\/wp-json\/wp\/v2\/categories?post=3288"},{"taxonomy":"post_tag","embeddable":true,"href":"https:\/\/ihedn.fr\/en\/wp-json\/wp\/v2\/tags?post=3288"}],"curies":[{"name":"wp","href":"https:\/\/api.w.org\/{rel}","templated":true}]}}