{"id":33103,"date":"2023-01-17T15:06:48","date_gmt":"2023-01-17T14:06:48","guid":{"rendered":"https:\/\/ihedn.fr\/?p=33103"},"modified":"2023-01-20T09:03:23","modified_gmt":"2023-01-20T08:03:23","slug":"cours-avance-cyberdiplomacie-bruxelles-17-19-janvier-2023","status":"publish","type":"post","link":"https:\/\/ihedn.fr\/en\/notre-actualite\/cours-avance-cyberdiplomacie-bruxelles-17-19-janvier-2023\/","title":{"rendered":"Advanced e-diplomacy course<br>Brussels, 17-19 January 2023"},"content":{"rendered":"<div data-elementor-type=\"wp-post\" data-elementor-id=\"33103\" class=\"elementor elementor-33103\" data-elementor-post-type=\"post\">\n\t\t\t\t\t\t<section data-particle_enable=\"false\" data-particle-mobile-disabled=\"false\" class=\"elementor-section elementor-top-section elementor-element elementor-element-73d8998 elementor-section-boxed elementor-section-height-default elementor-section-height-default\" data-id=\"73d8998\" data-element_type=\"section\" data-e-type=\"section\">\n\t\t\t\t\t\t<div class=\"elementor-container elementor-column-gap-default\">\n\t\t\t\t\t<div class=\"elementor-column elementor-col-100 elementor-top-column elementor-element elementor-element-7ab0143\" data-id=\"7ab0143\" data-element_type=\"column\" data-e-type=\"column\">\n\t\t\t<div class=\"elementor-widget-wrap elementor-element-populated\">\n\t\t\t\t\t\t<div class=\"elementor-element elementor-element-0fc9297 elementor-widget elementor-widget-text-editor\" data-id=\"0fc9297\" data-element_type=\"widget\" data-e-type=\"widget\" data-widget_type=\"text-editor.default\">\n\t\t\t\t<div class=\"elementor-widget-container\">\n\t\t\t\t\t\t\t\t\t<p>This module will bring together around 25 participants from the institutions, organisations and agencies of the European Union and its Member States, and will be structured around ten or so lectures and round tables. The final morning of the course will be devoted to group work on cybersecurity incidents with geopolitical consequences.<\/p><p>This course will provide an opportunity to discuss the principles and international standards governing the concept of cyber diplomacy and, more broadly, cyber space, and to look at the various geopolitical issues at stake, particularly with regard to the dynamics of disinformation and so-called influence operations. It is also an opportunity to discuss confidence-building measures and capabilities in cyberspace.<\/p><p>The course was opened on Tuesday 17 January by <strong>Colonel Josef Schroefl<\/strong>Deputy Director of Strategy and Defence at the European Centre of Excellence for Countering Hybrid Threats.  The key note speaker stressed the importance of continuing to develop common responses at EU level to cyber threats. The course will conclude with a presentation by <strong>Ambassador Lu\u00eds Manuel Barreira De Sousa<\/strong>Special Ambassador for Cybersecurity and Cyber Diplomacy at the Portuguese Ministry of Foreign Affairs.<\/p>\t\t\t\t\t\t\t\t<\/div>\n\t\t\t\t<\/div>\n\t\t\t\t\t<\/div>\n\t\t<\/div>\n\t\t\t\t\t<\/div>\n\t\t<\/section>\n\t\t\t\t<section data-particle_enable=\"false\" data-particle-mobile-disabled=\"false\" class=\"elementor-section elementor-top-section elementor-element elementor-element-bb304c4 elementor-section-boxed elementor-section-height-default elementor-section-height-default\" data-id=\"bb304c4\" data-element_type=\"section\" data-e-type=\"section\">\n\t\t\t\t\t\t<div class=\"elementor-container elementor-column-gap-default\">\n\t\t\t\t\t<div class=\"elementor-column elementor-col-100 elementor-top-column elementor-element elementor-element-82919e2\" data-id=\"82919e2\" data-element_type=\"column\" data-e-type=\"column\">\n\t\t\t<div class=\"elementor-widget-wrap elementor-element-populated\">\n\t\t\t\t\t\t<div class=\"elementor-element elementor-element-14f08fd elementor-widget elementor-widget-image\" data-id=\"14f08fd\" data-element_type=\"widget\" data-e-type=\"widget\" data-widget_type=\"image.default\">\n\t\t\t\t<div class=\"elementor-widget-container\">\n\t\t\t\t\t\t\t\t\t\t\t\t\t\t\t<img fetchpriority=\"high\" decoding=\"async\" width=\"1511\" height=\"712\" src=\"https:\/\/ihedn.fr\/wp-content\/uploads\/2023\/01\/001-\u00aeIHEDN-Cours-avance-Cyberdiplomacie-20230117.jpeg\" class=\"attachment-full size-full wp-image-33104\" alt=\"Cours avanc\u00e9 Cyberdiplomacie, Bruxelles, 17-19 janvier 2023\" \/>\t\t\t\t\t\t\t\t\t\t\t\t\t\t\t<\/div>\n\t\t\t\t<\/div>\n\t\t\t\t\t<\/div>\n\t\t<\/div>\n\t\t\t\t\t<\/div>\n\t\t<\/section>\n\t\t\t\t<section data-particle_enable=\"false\" data-particle-mobile-disabled=\"false\" class=\"elementor-section elementor-top-section elementor-element elementor-element-256f4dc elementor-section-boxed elementor-section-height-default elementor-section-height-default\" data-id=\"256f4dc\" data-element_type=\"section\" data-e-type=\"section\">\n\t\t\t\t\t\t<div class=\"elementor-container elementor-column-gap-default\">\n\t\t\t\t\t<div class=\"elementor-column elementor-col-100 elementor-top-column elementor-element elementor-element-dcd2505\" data-id=\"dcd2505\" data-element_type=\"column\" data-e-type=\"column\">\n\t\t\t<div class=\"elementor-widget-wrap elementor-element-populated\">\n\t\t\t\t\t\t<div class=\"elementor-element elementor-element-0d22dcd elementor-widget-divider--view-line elementor-widget elementor-widget-divider\" data-id=\"0d22dcd\" data-element_type=\"widget\" data-e-type=\"widget\" data-widget_type=\"divider.default\">\n\t\t\t\t<div class=\"elementor-widget-container\">\n\t\t\t\t\t\t\t<div class=\"elementor-divider\">\n\t\t\t<span class=\"elementor-divider-separator\">\n\t\t\t\t\t\t<\/span>\n\t\t<\/div>\n\t\t\t\t\t\t<\/div>\n\t\t\t\t<\/div>\n\t\t\t\t\t<\/div>\n\t\t<\/div>\n\t\t\t\t\t<\/div>\n\t\t<\/section>\n\t\t\t\t<section data-particle_enable=\"false\" data-particle-mobile-disabled=\"false\" class=\"elementor-section elementor-top-section elementor-element elementor-element-ec31437 elementor-section-boxed elementor-section-height-default elementor-section-height-default\" data-id=\"ec31437\" data-element_type=\"section\" data-e-type=\"section\">\n\t\t\t\t\t\t<div class=\"elementor-container elementor-column-gap-default\">\n\t\t\t\t\t<div class=\"elementor-column elementor-col-100 elementor-top-column elementor-element elementor-element-8ac2d31\" data-id=\"8ac2d31\" data-element_type=\"column\" data-e-type=\"column\">\n\t\t\t<div class=\"elementor-widget-wrap elementor-element-populated\">\n\t\t\t\t\t\t<div class=\"elementor-element elementor-element-f2e4f74 elementor-widget elementor-widget-text-editor\" data-id=\"f2e4f74\" data-element_type=\"widget\" data-e-type=\"widget\" data-widget_type=\"text-editor.default\">\n\t\t\t\t<div class=\"elementor-widget-container\">\n\t\t\t\t\t\t\t\t\t<p><strong><em>Advance course on Cyber Diplomacy<\/em><\/strong>Brussels, January 17-19<sup>th<\/sup> 2022<\/p><p>Hosted by the European Security and Defence College (ESDC) in Brussels, the course entitled \"\u00a0<em>Advanced course on Cyber Diplomacy<\/em>\u00a0\", jointly organized by the Department of Europe and International Affairs of the IHEDN and its Portuguese counterpart, the National Defense Institute (Instituto da Defesa Nacional - IDN), has started today in Brussels. The seminar gathers around 25 attendees from EU institutions and agencies and from the EU member states, and, it is composed of ten conferences and panels. A simulation group exercise on cyber incidents with diplomatic effects will be organized the last day of training.<\/p><p>The course represents the opportunity for the attendees to follow conferences dealing with the international law on cyber questions, evoke the different geopolitical issues related to cyber and especially regarding disinformation and influence operations. It equally provides the occasion to discuss measures of trust and capabilities reinforcement.\u00a0<\/p><p>The seminar was opened by <strong>the Colonel Josef Schroefl<\/strong>The Key Note speaker underlined the need of continuing the development of cooperation at EU level regarding cyber threats. The training seminar will end with a concluding speech given by <strong>the Ambassador Lu\u00eds Manuel Barreira De Sousa<\/strong>Special Ambassador for cyber security and cyber diplomacy in the Portuguese Ministry of Foreign Affairs.\u00a0<\/p>\t\t\t\t\t\t\t\t<\/div>\n\t\t\t\t<\/div>\n\t\t\t\t\t<\/div>\n\t\t<\/div>\n\t\t\t\t\t<\/div>\n\t\t<\/section>\n\t\t\t\t<\/div>","protected":false},"excerpt":{"rendered":"<p>Organised jointly by the IHEDN's Europe and International Affairs Department and the Instituto da Defesa Nacional (IDN Portugal), as part of the European Security and Defence College (ESDC), the course entitled \" <em>Advanced course on Cyber Diplomacy<\/em> \"began today in Brussels. <\/p>","protected":false},"author":1,"featured_media":33105,"comment_status":"closed","ping_status":"closed","sticky":false,"template":"","format":"standard","meta":{"footnotes":""},"categories":[172],"tags":[],"class_list":["post-33103","post","type-post","status-publish","format-standard","has-post-thumbnail","hentry","category-notre-actualite"],"yoast_head":"<!-- This site is optimized with the Yoast SEO plugin v27.5 - https:\/\/yoast.com\/product\/yoast-seo-wordpress\/ -->\n<title>Cours avanc\u00e9 CyberdiplomatieBruxelles, 17-19 janvier 2023 - L&#039;IHEDN : Institut des hautes \u00e9tudes de d\u00e9fense nationale<\/title>\n<meta name=\"description\" content=\"Organis\u00e9 conjointement par le D\u00e9partement de l\u2019Europe et des Affaires internationales de l\u2019IHEDN, et par l\u2019Institut de D\u00e9fense nationale (Instituto da Defesa Nacional \u2013 IDN Portugal), dans le cadre du Coll\u00e8ge Europ\u00e9en de S\u00e9curit\u00e9 et de D\u00e9fense (CESD), le cours \u00ab Advanced course on Cyber Diplomacy \u00bb a d\u00e9but\u00e9 ce jour \u00e0 Bruxelles. Ce module r\u00e9unit environ 25 participants des institutions, organisations et agences de l\u2019Union Europ\u00e9enne et de ses Etats Membres, s\u2019articulera autour d\u2019une dizaine de conf\u00e9rences et tables rondes. Un travail de groupe autour de d\u2019incidents de cybers\u00e9curit\u00e9 aux cons\u00e9quences g\u00e9opolitiques sera organis\u00e9 \u00e0 l\u2019occasion de la derni\u00e8re matin\u00e9e de cette formation.\" \/>\n<meta name=\"robots\" content=\"index, follow, max-snippet:-1, max-image-preview:large, max-video-preview:-1\" \/>\n<link rel=\"canonical\" href=\"https:\/\/ihedn.fr\/en\/notre-actualite\/cours-avance-cyberdiplomacie-bruxelles-17-19-janvier-2023\/\" \/>\n<meta property=\"og:locale\" content=\"en_GB\" \/>\n<meta property=\"og:type\" content=\"article\" \/>\n<meta property=\"og:title\" content=\"Cours avanc\u00e9 CyberdiplomatieBruxelles, 17-19 janvier 2023\" \/>\n<meta property=\"og:description\" content=\"Organis\u00e9 conjointement par le D\u00e9partement de l\u2019Europe et des Affaires internationales de l\u2019IHEDN, et par l\u2019Institut de D\u00e9fense nationale (Instituto da Defesa Nacional \u2013 IDN Portugal), dans le cadre du Coll\u00e8ge Europ\u00e9en de S\u00e9curit\u00e9 et de D\u00e9fense (CESD), le cours \u00ab Advanced course on Cyber Diplomacy \u00bb a d\u00e9but\u00e9 ce jour \u00e0 Bruxelles. Ce module r\u00e9unit environ 25 participants des institutions, organisations et agences de l\u2019Union Europ\u00e9enne et de ses Etats Membres, s\u2019articulera autour d\u2019une dizaine de conf\u00e9rences et tables rondes. Un travail de groupe autour de d\u2019incidents de cybers\u00e9curit\u00e9 aux cons\u00e9quences g\u00e9opolitiques sera organis\u00e9 \u00e0 l\u2019occasion de la derni\u00e8re matin\u00e9e de cette formation.\" \/>\n<meta property=\"og:url\" content=\"https:\/\/ihedn.fr\/en\/notre-actualite\/cours-avance-cyberdiplomacie-bruxelles-17-19-janvier-2023\/\" \/>\n<meta property=\"og:site_name\" content=\"L&#039;IHEDN : Institut des hautes \u00e9tudes de d\u00e9fense nationale\" \/>\n<meta property=\"article:publisher\" content=\"https:\/\/www.facebook.com\/ihedn\/\" \/>\n<meta property=\"article:published_time\" content=\"2023-01-17T14:06:48+00:00\" \/>\n<meta property=\"article:modified_time\" content=\"2023-01-20T08:03:23+00:00\" \/>\n<meta property=\"og:image\" content=\"https:\/\/ihedn.fr\/wp-content\/uploads\/2023\/01\/002-\u00aeIHEDN-Cours-avance-Cyberdiplomacie-20230117.jpg\" \/>\n\t<meta property=\"og:image:width\" content=\"1511\" \/>\n\t<meta property=\"og:image:height\" content=\"755\" \/>\n\t<meta property=\"og:image:type\" content=\"image\/jpeg\" \/>\n<meta name=\"author\" content=\"dev\" \/>\n<meta name=\"twitter:card\" content=\"summary_large_image\" \/>\n<meta name=\"twitter:title\" content=\"Cours avanc\u00e9 Cyberdiplomatie&lt;br&gt;Bruxelles, 17-19 janvier 2023\" \/>\n<meta name=\"twitter:description\" content=\"Organis\u00e9 conjointement par le D\u00e9partement de l\u2019Europe et des Affaires internationales de l\u2019IHEDN, et par l\u2019Institut de D\u00e9fense nationale (Instituto da Defesa Nacional \u2013 IDN Portugal), dans le cadre du Coll\u00e8ge Europ\u00e9en de S\u00e9curit\u00e9 et de D\u00e9fense (CESD), le cours \u00ab Advanced course on Cyber Diplomacy \u00bb a d\u00e9but\u00e9 ce jour \u00e0 Bruxelles. Ce module r\u00e9unit environ 25 participants des institutions, organisations et agences de l\u2019Union Europ\u00e9enne et de ses Etats Membres, s\u2019articulera autour d\u2019une dizaine de conf\u00e9rences et tables rondes. Un travail de groupe autour de d\u2019incidents de cybers\u00e9curit\u00e9 aux cons\u00e9quences g\u00e9opolitiques sera organis\u00e9 \u00e0 l\u2019occasion de la derni\u00e8re matin\u00e9e de cette formation.\" \/>\n<meta name=\"twitter:image\" content=\"https:\/\/ihedn.fr\/wp-content\/uploads\/2023\/01\/002-\u00aeIHEDN-Cours-avance-Cyberdiplomacie-20230117.jpg\" \/>\n<meta name=\"twitter:creator\" content=\"@IHEDN\" \/>\n<meta name=\"twitter:site\" content=\"@IHEDN\" \/>\n<meta name=\"twitter:label1\" content=\"Written by\" \/>\n\t<meta name=\"twitter:data1\" content=\"dev\" \/>\n\t<meta name=\"twitter:label2\" content=\"Estimated reading time\" \/>\n\t<meta name=\"twitter:data2\" content=\"3 minutes\" \/>\n<script type=\"application\/ld+json\" class=\"yoast-schema-graph\">{\"@context\":\"https:\\\/\\\/schema.org\",\"@graph\":[{\"@type\":\"Article\",\"@id\":\"https:\\\/\\\/ihedn.fr\\\/notre-actualite\\\/cours-avance-cyberdiplomacie-bruxelles-17-19-janvier-2023\\\/#article\",\"isPartOf\":{\"@id\":\"https:\\\/\\\/ihedn.fr\\\/notre-actualite\\\/cours-avance-cyberdiplomacie-bruxelles-17-19-janvier-2023\\\/\"},\"author\":{\"name\":\"dev\",\"@id\":\"https:\\\/\\\/ihedn.fr\\\/#\\\/schema\\\/person\\\/7a40155595e4efb35323447cb8c8c5a4\"},\"headline\":\"Cours avanc\u00e9 Cyberdiplomatie Bruxelles, 17-19 janvier 2023\",\"datePublished\":\"2023-01-17T14:06:48+00:00\",\"dateModified\":\"2023-01-20T08:03:23+00:00\",\"mainEntityOfPage\":{\"@id\":\"https:\\\/\\\/ihedn.fr\\\/notre-actualite\\\/cours-avance-cyberdiplomacie-bruxelles-17-19-janvier-2023\\\/\"},\"wordCount\":467,\"publisher\":{\"@id\":\"https:\\\/\\\/ihedn.fr\\\/#organization\"},\"image\":{\"@id\":\"https:\\\/\\\/ihedn.fr\\\/notre-actualite\\\/cours-avance-cyberdiplomacie-bruxelles-17-19-janvier-2023\\\/#primaryimage\"},\"thumbnailUrl\":\"https:\\\/\\\/ihedn.fr\\\/wp-content\\\/uploads\\\/2023\\\/01\\\/002-\u00aeIHEDN-Cours-avance-Cyberdiplomacie-20230117.jpg\",\"articleSection\":[\"Notre actualit\u00e9\"],\"inLanguage\":\"en-GB\"},{\"@type\":\"WebPage\",\"@id\":\"https:\\\/\\\/ihedn.fr\\\/notre-actualite\\\/cours-avance-cyberdiplomacie-bruxelles-17-19-janvier-2023\\\/\",\"url\":\"https:\\\/\\\/ihedn.fr\\\/notre-actualite\\\/cours-avance-cyberdiplomacie-bruxelles-17-19-janvier-2023\\\/\",\"name\":\"Cours avanc\u00e9 Cyberdiplomatie Bruxelles, 17-19 janvier 2023 - L&#039;IHEDN : Institut des hautes \u00e9tudes de d\u00e9fense nationale\",\"isPartOf\":{\"@id\":\"https:\\\/\\\/ihedn.fr\\\/#website\"},\"primaryImageOfPage\":{\"@id\":\"https:\\\/\\\/ihedn.fr\\\/notre-actualite\\\/cours-avance-cyberdiplomacie-bruxelles-17-19-janvier-2023\\\/#primaryimage\"},\"image\":{\"@id\":\"https:\\\/\\\/ihedn.fr\\\/notre-actualite\\\/cours-avance-cyberdiplomacie-bruxelles-17-19-janvier-2023\\\/#primaryimage\"},\"thumbnailUrl\":\"https:\\\/\\\/ihedn.fr\\\/wp-content\\\/uploads\\\/2023\\\/01\\\/002-\u00aeIHEDN-Cours-avance-Cyberdiplomacie-20230117.jpg\",\"datePublished\":\"2023-01-17T14:06:48+00:00\",\"dateModified\":\"2023-01-20T08:03:23+00:00\",\"description\":\"Organis\u00e9 conjointement par le D\u00e9partement de l\u2019Europe et des Affaires internationales de l\u2019IHEDN, et par l\u2019Institut de D\u00e9fense nationale (Instituto da Defesa Nacional \u2013 IDN Portugal), dans le cadre du Coll\u00e8ge Europ\u00e9en de S\u00e9curit\u00e9 et de D\u00e9fense (CESD), le cours \u00ab Advanced course on Cyber Diplomacy \u00bb a d\u00e9but\u00e9 ce jour \u00e0 Bruxelles. Ce module r\u00e9unit environ 25 participants des institutions, organisations et agences de l\u2019Union Europ\u00e9enne et de ses Etats Membres, s\u2019articulera autour d\u2019une dizaine de conf\u00e9rences et tables rondes. Un travail de groupe autour de d\u2019incidents de cybers\u00e9curit\u00e9 aux cons\u00e9quences g\u00e9opolitiques sera organis\u00e9 \u00e0 l\u2019occasion de la derni\u00e8re matin\u00e9e de cette formation.\",\"breadcrumb\":{\"@id\":\"https:\\\/\\\/ihedn.fr\\\/notre-actualite\\\/cours-avance-cyberdiplomacie-bruxelles-17-19-janvier-2023\\\/#breadcrumb\"},\"inLanguage\":\"en-GB\",\"potentialAction\":[{\"@type\":\"ReadAction\",\"target\":[\"https:\\\/\\\/ihedn.fr\\\/notre-actualite\\\/cours-avance-cyberdiplomacie-bruxelles-17-19-janvier-2023\\\/\"]}]},{\"@type\":\"ImageObject\",\"inLanguage\":\"en-GB\",\"@id\":\"https:\\\/\\\/ihedn.fr\\\/notre-actualite\\\/cours-avance-cyberdiplomacie-bruxelles-17-19-janvier-2023\\\/#primaryimage\",\"url\":\"https:\\\/\\\/ihedn.fr\\\/wp-content\\\/uploads\\\/2023\\\/01\\\/002-\u00aeIHEDN-Cours-avance-Cyberdiplomacie-20230117.jpg\",\"contentUrl\":\"https:\\\/\\\/ihedn.fr\\\/wp-content\\\/uploads\\\/2023\\\/01\\\/002-\u00aeIHEDN-Cours-avance-Cyberdiplomacie-20230117.jpg\",\"width\":1511,\"height\":755,\"caption\":\"Cours avanc\u00e9 Cyberdiplomacie, Bruxelles, 17-19 janvier 2023\"},{\"@type\":\"BreadcrumbList\",\"@id\":\"https:\\\/\\\/ihedn.fr\\\/notre-actualite\\\/cours-avance-cyberdiplomacie-bruxelles-17-19-janvier-2023\\\/#breadcrumb\",\"itemListElement\":[{\"@type\":\"ListItem\",\"position\":1,\"name\":\"Accueil\",\"item\":\"https:\\\/\\\/ihedn.fr\\\/\"},{\"@type\":\"ListItem\",\"position\":2,\"name\":\"Cours avanc\u00e9 CyberdiplomatieBruxelles, 17-19 janvier 2023\"}]},{\"@type\":\"WebSite\",\"@id\":\"https:\\\/\\\/ihedn.fr\\\/#website\",\"url\":\"https:\\\/\\\/ihedn.fr\\\/\",\"name\":\"IHEDN : Institut des hautes \u00e9tudes de d\u00e9fense nationale |\",\"description\":\"Site officiel de l&#039;IHEDN plac\u00e9 sous la tutelle du Premier ministre.\",\"publisher\":{\"@id\":\"https:\\\/\\\/ihedn.fr\\\/#organization\"},\"potentialAction\":[{\"@type\":\"SearchAction\",\"target\":{\"@type\":\"EntryPoint\",\"urlTemplate\":\"https:\\\/\\\/ihedn.fr\\\/?s={search_term_string}\"},\"query-input\":{\"@type\":\"PropertyValueSpecification\",\"valueRequired\":true,\"valueName\":\"search_term_string\"}}],\"inLanguage\":\"en-GB\"},{\"@type\":\"Organization\",\"@id\":\"https:\\\/\\\/ihedn.fr\\\/#organization\",\"name\":\"IHEDN - Institut des Hautes Etudes de D\u00e9fense Nationale\",\"url\":\"https:\\\/\\\/ihedn.fr\\\/\",\"logo\":{\"@type\":\"ImageObject\",\"inLanguage\":\"en-GB\",\"@id\":\"https:\\\/\\\/ihedn.fr\\\/#\\\/schema\\\/logo\\\/image\\\/\",\"url\":\"https:\\\/\\\/ihedn.fr\\\/wp-content\\\/uploads\\\/2020\\\/11\\\/BLOC_RF_IHEDN_WEB.png\",\"contentUrl\":\"https:\\\/\\\/ihedn.fr\\\/wp-content\\\/uploads\\\/2020\\\/11\\\/BLOC_RF_IHEDN_WEB.png\",\"width\":500,\"height\":237,\"caption\":\"IHEDN - Institut des Hautes Etudes de D\u00e9fense Nationale\"},\"image\":{\"@id\":\"https:\\\/\\\/ihedn.fr\\\/#\\\/schema\\\/logo\\\/image\\\/\"},\"sameAs\":[\"https:\\\/\\\/www.facebook.com\\\/ihedn\\\/\",\"https:\\\/\\\/x.com\\\/IHEDN\",\"https:\\\/\\\/www.instagram.com\\\/ihedn\\\/\",\"https:\\\/\\\/www.linkedin.com\\\/school\\\/ihedn\\\/\",\"https:\\\/\\\/fr.wikipedia.org\\\/wiki\\\/Institut_des_hautes_\u00e9tudes_de_D\u00e9fense_nationale\"]},{\"@type\":\"Person\",\"@id\":\"https:\\\/\\\/ihedn.fr\\\/#\\\/schema\\\/person\\\/7a40155595e4efb35323447cb8c8c5a4\",\"name\":\"dev\",\"image\":{\"@type\":\"ImageObject\",\"inLanguage\":\"en-GB\",\"@id\":\"https:\\\/\\\/secure.gravatar.com\\\/avatar\\\/f1ffcac9ca2fa95ad3ec33e9be3ade82f752acb0cabe541e56c5889225afa88a?s=96&d=mm&r=g\",\"url\":\"https:\\\/\\\/secure.gravatar.com\\\/avatar\\\/f1ffcac9ca2fa95ad3ec33e9be3ade82f752acb0cabe541e56c5889225afa88a?s=96&d=mm&r=g\",\"contentUrl\":\"https:\\\/\\\/secure.gravatar.com\\\/avatar\\\/f1ffcac9ca2fa95ad3ec33e9be3ade82f752acb0cabe541e56c5889225afa88a?s=96&d=mm&r=g\",\"caption\":\"dev\"},\"sameAs\":[\"https:\\\/\\\/ihedn.concilium.click\"],\"url\":\"https:\\\/\\\/ihedn.fr\\\/en\\\/author\\\/dev\\\/\"}]}<\/script>\n<!-- \/ Yoast SEO plugin. -->","yoast_head_json":{"title":"Advanced Cyberdiplomacy CourseBrussels, 17-19 January 2023 - IHEDN : Institut des hautes \u00e9tudes de d\u00e9fense nationale (Graduate Institute of National Defence)","description":"Organised jointly by the IHEDN's Europe and International Affairs Department and the Instituto da Defesa Nacional (IDN Portugal), as part of the European Security and Defence College (ESDC), the Advanced Course on Cyber Diplomacy began today in Brussels. This module will bring together around 25 participants from institutions, organisations and agencies of the European Union and its Member States, and will be based around a dozen lectures and round tables. The final morning of the course will be devoted to group work on cybersecurity incidents with geopolitical consequences.","robots":{"index":"index","follow":"follow","max-snippet":"max-snippet:-1","max-image-preview":"max-image-preview:large","max-video-preview":"max-video-preview:-1"},"canonical":"https:\/\/ihedn.fr\/en\/notre-actualite\/cours-avance-cyberdiplomacie-bruxelles-17-19-janvier-2023\/","og_locale":"en_GB","og_type":"article","og_title":"Cours avanc\u00e9 CyberdiplomatieBruxelles, 17-19 janvier 2023","og_description":"Organis\u00e9 conjointement par le D\u00e9partement de l\u2019Europe et des Affaires internationales de l\u2019IHEDN, et par l\u2019Institut de D\u00e9fense nationale (Instituto da Defesa Nacional \u2013 IDN Portugal), dans le cadre du Coll\u00e8ge Europ\u00e9en de S\u00e9curit\u00e9 et de D\u00e9fense (CESD), le cours \u00ab Advanced course on Cyber Diplomacy \u00bb a d\u00e9but\u00e9 ce jour \u00e0 Bruxelles. Ce module r\u00e9unit environ 25 participants des institutions, organisations et agences de l\u2019Union Europ\u00e9enne et de ses Etats Membres, s\u2019articulera autour d\u2019une dizaine de conf\u00e9rences et tables rondes. Un travail de groupe autour de d\u2019incidents de cybers\u00e9curit\u00e9 aux cons\u00e9quences g\u00e9opolitiques sera organis\u00e9 \u00e0 l\u2019occasion de la derni\u00e8re matin\u00e9e de cette formation.","og_url":"https:\/\/ihedn.fr\/en\/notre-actualite\/cours-avance-cyberdiplomacie-bruxelles-17-19-janvier-2023\/","og_site_name":"L&#039;IHEDN : Institut des hautes \u00e9tudes de d\u00e9fense nationale","article_publisher":"https:\/\/www.facebook.com\/ihedn\/","article_published_time":"2023-01-17T14:06:48+00:00","article_modified_time":"2023-01-20T08:03:23+00:00","og_image":[{"width":1511,"height":755,"url":"https:\/\/ihedn.fr\/wp-content\/uploads\/2023\/01\/002-\u00aeIHEDN-Cours-avance-Cyberdiplomacie-20230117.jpg","type":"image\/jpeg"}],"author":"dev","twitter_card":"summary_large_image","twitter_title":"Cours avanc\u00e9 Cyberdiplomatie<br>Bruxelles, 17-19 janvier 2023","twitter_description":"Organis\u00e9 conjointement par le D\u00e9partement de l\u2019Europe et des Affaires internationales de l\u2019IHEDN, et par l\u2019Institut de D\u00e9fense nationale (Instituto da Defesa Nacional \u2013 IDN Portugal), dans le cadre du Coll\u00e8ge Europ\u00e9en de S\u00e9curit\u00e9 et de D\u00e9fense (CESD), le cours \u00ab Advanced course on Cyber Diplomacy \u00bb a d\u00e9but\u00e9 ce jour \u00e0 Bruxelles. Ce module r\u00e9unit environ 25 participants des institutions, organisations et agences de l\u2019Union Europ\u00e9enne et de ses Etats Membres, s\u2019articulera autour d\u2019une dizaine de conf\u00e9rences et tables rondes. Un travail de groupe autour de d\u2019incidents de cybers\u00e9curit\u00e9 aux cons\u00e9quences g\u00e9opolitiques sera organis\u00e9 \u00e0 l\u2019occasion de la derni\u00e8re matin\u00e9e de cette formation.","twitter_image":"https:\/\/ihedn.fr\/wp-content\/uploads\/2023\/01\/002-\u00aeIHEDN-Cours-avance-Cyberdiplomacie-20230117.jpg","twitter_creator":"@IHEDN","twitter_site":"@IHEDN","twitter_misc":{"Written by":"dev","Estimated reading time":"3 minutes"},"schema":{"@context":"https:\/\/schema.org","@graph":[{"@type":"Article","@id":"https:\/\/ihedn.fr\/notre-actualite\/cours-avance-cyberdiplomacie-bruxelles-17-19-janvier-2023\/#article","isPartOf":{"@id":"https:\/\/ihedn.fr\/notre-actualite\/cours-avance-cyberdiplomacie-bruxelles-17-19-janvier-2023\/"},"author":{"name":"dev","@id":"https:\/\/ihedn.fr\/#\/schema\/person\/7a40155595e4efb35323447cb8c8c5a4"},"headline":"Cours avanc\u00e9 Cyberdiplomatie Bruxelles, 17-19 janvier 2023","datePublished":"2023-01-17T14:06:48+00:00","dateModified":"2023-01-20T08:03:23+00:00","mainEntityOfPage":{"@id":"https:\/\/ihedn.fr\/notre-actualite\/cours-avance-cyberdiplomacie-bruxelles-17-19-janvier-2023\/"},"wordCount":467,"publisher":{"@id":"https:\/\/ihedn.fr\/#organization"},"image":{"@id":"https:\/\/ihedn.fr\/notre-actualite\/cours-avance-cyberdiplomacie-bruxelles-17-19-janvier-2023\/#primaryimage"},"thumbnailUrl":"https:\/\/ihedn.fr\/wp-content\/uploads\/2023\/01\/002-\u00aeIHEDN-Cours-avance-Cyberdiplomacie-20230117.jpg","articleSection":["Notre actualit\u00e9"],"inLanguage":"en-GB"},{"@type":"WebPage","@id":"https:\/\/ihedn.fr\/notre-actualite\/cours-avance-cyberdiplomacie-bruxelles-17-19-janvier-2023\/","url":"https:\/\/ihedn.fr\/notre-actualite\/cours-avance-cyberdiplomacie-bruxelles-17-19-janvier-2023\/","name":"Advanced Cyberdiplomacy Course Brussels, 17-19 January 2023 - L'IHEDN : Institut des hautes \u00e9tudes de d\u00e9fense nationale","isPartOf":{"@id":"https:\/\/ihedn.fr\/#website"},"primaryImageOfPage":{"@id":"https:\/\/ihedn.fr\/notre-actualite\/cours-avance-cyberdiplomacie-bruxelles-17-19-janvier-2023\/#primaryimage"},"image":{"@id":"https:\/\/ihedn.fr\/notre-actualite\/cours-avance-cyberdiplomacie-bruxelles-17-19-janvier-2023\/#primaryimage"},"thumbnailUrl":"https:\/\/ihedn.fr\/wp-content\/uploads\/2023\/01\/002-\u00aeIHEDN-Cours-avance-Cyberdiplomacie-20230117.jpg","datePublished":"2023-01-17T14:06:48+00:00","dateModified":"2023-01-20T08:03:23+00:00","description":"Organised jointly by the IHEDN's Europe and International Affairs Department and the Instituto da Defesa Nacional (IDN Portugal), as part of the European Security and Defence College (ESDC), the Advanced Course on Cyber Diplomacy began today in Brussels. This module will bring together around 25 participants from institutions, organisations and agencies of the European Union and its Member States, and will be based around a dozen lectures and round tables. The final morning of the course will be devoted to group work on cybersecurity incidents with geopolitical consequences.","breadcrumb":{"@id":"https:\/\/ihedn.fr\/notre-actualite\/cours-avance-cyberdiplomacie-bruxelles-17-19-janvier-2023\/#breadcrumb"},"inLanguage":"en-GB","potentialAction":[{"@type":"ReadAction","target":["https:\/\/ihedn.fr\/notre-actualite\/cours-avance-cyberdiplomacie-bruxelles-17-19-janvier-2023\/"]}]},{"@type":"ImageObject","inLanguage":"en-GB","@id":"https:\/\/ihedn.fr\/notre-actualite\/cours-avance-cyberdiplomacie-bruxelles-17-19-janvier-2023\/#primaryimage","url":"https:\/\/ihedn.fr\/wp-content\/uploads\/2023\/01\/002-\u00aeIHEDN-Cours-avance-Cyberdiplomacie-20230117.jpg","contentUrl":"https:\/\/ihedn.fr\/wp-content\/uploads\/2023\/01\/002-\u00aeIHEDN-Cours-avance-Cyberdiplomacie-20230117.jpg","width":1511,"height":755,"caption":"Cours avanc\u00e9 Cyberdiplomacie, Bruxelles, 17-19 janvier 2023"},{"@type":"BreadcrumbList","@id":"https:\/\/ihedn.fr\/notre-actualite\/cours-avance-cyberdiplomacie-bruxelles-17-19-janvier-2023\/#breadcrumb","itemListElement":[{"@type":"ListItem","position":1,"name":"Accueil","item":"https:\/\/ihedn.fr\/"},{"@type":"ListItem","position":2,"name":"Cours avanc\u00e9 CyberdiplomatieBruxelles, 17-19 janvier 2023"}]},{"@type":"WebSite","@id":"https:\/\/ihedn.fr\/#website","url":"https:\/\/ihedn.fr\/","name":"IHEDN: Institut des hautes \u00e9tudes de d\u00e9fense nationale (Institute for Higher National Defence Studies)","description":"Official website of the IHEDN under the supervision of the Prime Minister.","publisher":{"@id":"https:\/\/ihedn.fr\/#organization"},"potentialAction":[{"@type":"SearchAction","target":{"@type":"EntryPoint","urlTemplate":"https:\/\/ihedn.fr\/?s={search_term_string}"},"query-input":{"@type":"PropertyValueSpecification","valueRequired":true,"valueName":"search_term_string"}}],"inLanguage":"en-GB"},{"@type":"Organization","@id":"https:\/\/ihedn.fr\/#organization","name":"IHEDN - Institute for Higher National Defence Studies","url":"https:\/\/ihedn.fr\/","logo":{"@type":"ImageObject","inLanguage":"en-GB","@id":"https:\/\/ihedn.fr\/#\/schema\/logo\/image\/","url":"https:\/\/ihedn.fr\/wp-content\/uploads\/2020\/11\/BLOC_RF_IHEDN_WEB.png","contentUrl":"https:\/\/ihedn.fr\/wp-content\/uploads\/2020\/11\/BLOC_RF_IHEDN_WEB.png","width":500,"height":237,"caption":"IHEDN - Institut des Hautes Etudes de D\u00e9fense Nationale"},"image":{"@id":"https:\/\/ihedn.fr\/#\/schema\/logo\/image\/"},"sameAs":["https:\/\/www.facebook.com\/ihedn\/","https:\/\/x.com\/IHEDN","https:\/\/www.instagram.com\/ihedn\/","https:\/\/www.linkedin.com\/school\/ihedn\/","https:\/\/fr.wikipedia.org\/wiki\/Institut_des_hautes_\u00e9tudes_de_D\u00e9fense_nationale"]},{"@type":"Person","@id":"https:\/\/ihedn.fr\/#\/schema\/person\/7a40155595e4efb35323447cb8c8c5a4","name":"dev","image":{"@type":"ImageObject","inLanguage":"en-GB","@id":"https:\/\/secure.gravatar.com\/avatar\/f1ffcac9ca2fa95ad3ec33e9be3ade82f752acb0cabe541e56c5889225afa88a?s=96&d=mm&r=g","url":"https:\/\/secure.gravatar.com\/avatar\/f1ffcac9ca2fa95ad3ec33e9be3ade82f752acb0cabe541e56c5889225afa88a?s=96&d=mm&r=g","contentUrl":"https:\/\/secure.gravatar.com\/avatar\/f1ffcac9ca2fa95ad3ec33e9be3ade82f752acb0cabe541e56c5889225afa88a?s=96&d=mm&r=g","caption":"dev"},"sameAs":["https:\/\/ihedn.concilium.click"],"url":"https:\/\/ihedn.fr\/en\/author\/dev\/"}]}},"publishpress_future_action":{"enabled":false,"date":"2026-05-09 11:45:29","action":"change-status","newStatus":"draft","terms":[],"taxonomy":"category","extraData":[]},"publishpress_future_workflow_manual_trigger":{"enabledWorkflows":[]},"_links":{"self":[{"href":"https:\/\/ihedn.fr\/en\/wp-json\/wp\/v2\/posts\/33103","targetHints":{"allow":["GET"]}}],"collection":[{"href":"https:\/\/ihedn.fr\/en\/wp-json\/wp\/v2\/posts"}],"about":[{"href":"https:\/\/ihedn.fr\/en\/wp-json\/wp\/v2\/types\/post"}],"author":[{"embeddable":true,"href":"https:\/\/ihedn.fr\/en\/wp-json\/wp\/v2\/users\/1"}],"replies":[{"embeddable":true,"href":"https:\/\/ihedn.fr\/en\/wp-json\/wp\/v2\/comments?post=33103"}],"version-history":[{"count":33,"href":"https:\/\/ihedn.fr\/en\/wp-json\/wp\/v2\/posts\/33103\/revisions"}],"predecessor-version":[{"id":33239,"href":"https:\/\/ihedn.fr\/en\/wp-json\/wp\/v2\/posts\/33103\/revisions\/33239"}],"wp:featuredmedia":[{"embeddable":true,"href":"https:\/\/ihedn.fr\/en\/wp-json\/wp\/v2\/media\/33105"}],"wp:attachment":[{"href":"https:\/\/ihedn.fr\/en\/wp-json\/wp\/v2\/media?parent=33103"}],"wp:term":[{"taxonomy":"category","embeddable":true,"href":"https:\/\/ihedn.fr\/en\/wp-json\/wp\/v2\/categories?post=33103"},{"taxonomy":"post_tag","embeddable":true,"href":"https:\/\/ihedn.fr\/en\/wp-json\/wp\/v2\/tags?post=33103"}],"curies":[{"name":"wp","href":"https:\/\/api.w.org\/{rel}","templated":true}]}}