{"id":33256,"date":"2023-02-13T11:26:52","date_gmt":"2023-02-13T10:26:52","guid":{"rendered":"https:\/\/ihedn.fr\/?p=33256"},"modified":"2023-06-08T13:03:45","modified_gmt":"2023-06-08T12:03:45","slug":"la-defense-a-lepreuve-du-changement-climatique","status":"publish","type":"post","link":"https:\/\/ihedn.fr\/en\/lundis-de-lihedn\/precedents-conferences\/la-defense-a-lepreuve-du-changement-climatique\/","title":{"rendered":"La D\u00e9fense in the face of climate change"},"content":{"rendered":"<div data-elementor-type=\"wp-post\" data-elementor-id=\"33256\" class=\"elementor elementor-33256\" data-elementor-post-type=\"post\">\n\t\t\t\t\t\t<section data-particle_enable=\"false\" data-particle-mobile-disabled=\"false\" class=\"elementor-section elementor-top-section elementor-element elementor-element-ce1d7a4 elementor-section-boxed elementor-section-height-default elementor-section-height-default\" data-id=\"ce1d7a4\" data-element_type=\"section\" data-e-type=\"section\">\n\t\t\t\t\t\t<div class=\"elementor-container elementor-column-gap-default\">\n\t\t\t\t\t<div class=\"elementor-column elementor-col-100 elementor-top-column elementor-element elementor-element-0400973\" data-id=\"0400973\" data-element_type=\"column\" data-e-type=\"column\">\n\t\t\t<div class=\"elementor-widget-wrap elementor-element-populated\">\n\t\t\t\t\t\t<div class=\"elementor-element elementor-element-16a62f1 elementor-widget elementor-widget-text-editor\" data-id=\"16a62f1\" data-element_type=\"widget\" data-e-type=\"widget\" data-widget_type=\"text-editor.default\">\n\t\t\t\t<div class=\"elementor-widget-container\">\n\t\t\t\t\t\t\t\t\t<p>Climate change is not only having a multiplier effect on threats to global security and stability.<\/p><p>This is a structural and lasting transformation for defence: whether it's a question of anticipating the new conflicts arising from rising temperatures and difficulties in accessing certain resources, preparing armed forces for operations in extreme conditions or adapting military infrastructure in certain particularly affected areas, the entire strategic landscape needs to be rethought.<\/p><p>The rise in commodity prices (particularly energy) over the last few months, Russia's aggression in Ukraine and the publication of the third part of the IPCC's sixth report have even precipitated questions about another lever that has hitherto been little considered or even disqualified: sobriety.<\/p><p>Consequently, considering power issues from the perspective of a carbon transition in defence and a reduction in our energy dependence may help to redefine the very terms of the notion of sovereignty.<\/p>\t\t\t\t\t\t\t\t<\/div>\n\t\t\t\t<\/div>\n\t\t\t\t\t<\/div>\n\t\t<\/div>\n\t\t\t\t\t<\/div>\n\t\t<\/section>\n\t\t\t\t<section data-particle_enable=\"false\" data-particle-mobile-disabled=\"false\" class=\"elementor-section elementor-top-section elementor-element elementor-element-04a1049 elementor-section-boxed elementor-section-height-default elementor-section-height-default\" data-id=\"04a1049\" data-element_type=\"section\" data-e-type=\"section\">\n\t\t\t\t\t\t<div class=\"elementor-container elementor-column-gap-default\">\n\t\t\t\t\t<div class=\"elementor-column elementor-col-100 elementor-top-column elementor-element elementor-element-4717623\" data-id=\"4717623\" data-element_type=\"column\" data-e-type=\"column\">\n\t\t\t<div class=\"elementor-widget-wrap elementor-element-populated\">\n\t\t\t\t\t\t<div class=\"elementor-element elementor-element-5e998d3 elementor-widget elementor-widget-text-editor\" data-id=\"5e998d3\" data-element_type=\"widget\" data-e-type=\"widget\" data-widget_type=\"text-editor.default\">\n\t\t\t\t<div class=\"elementor-widget-container\">\n\t\t\t\t\t\t\t\t\t<p>With :<\/p><ul><li><strong>Fran\u00e7ois Gemenne<\/strong>co-director of the Defence and Climate Observatory, researcher in environmental geopolitics at the University of Li\u00e8ge, member of the IPCC and chairman of Climate Voices.<\/li><li><strong>Julia Tasse<\/strong>She is co-director of the Defence and Climate Observatory, and a researcher and head of the Climate, Energy and Security programme at IRIS.<\/li><\/ul><p>Hosted by <strong>Julien Le Bot<\/strong>a journalist, author and film-maker (Arte, France Culture, RFI, Actes Sud).<\/p><p>\u00a0<\/p><p>Stay tuned to<strong> YouTube from 7.30pm<\/strong> &gt;\u00a0<\/p>\t\t\t\t\t\t\t\t<\/div>\n\t\t\t\t<\/div>\n\t\t\t\t\t<\/div>\n\t\t<\/div>\n\t\t\t\t\t<\/div>\n\t\t<\/section>\n\t\t\t\t<section data-particle_enable=\"false\" data-particle-mobile-disabled=\"false\" class=\"elementor-section elementor-top-section elementor-element elementor-element-ec40920 elementor-section-boxed elementor-section-height-default elementor-section-height-default\" data-id=\"ec40920\" data-element_type=\"section\" data-e-type=\"section\">\n\t\t\t\t\t\t<div class=\"elementor-container elementor-column-gap-default\">\n\t\t\t\t\t<div class=\"elementor-column elementor-col-100 elementor-top-column elementor-element elementor-element-7ac3219\" data-id=\"7ac3219\" data-element_type=\"column\" data-e-type=\"column\">\n\t\t\t<div class=\"elementor-widget-wrap elementor-element-populated\">\n\t\t\t\t\t\t<div class=\"elementor-element elementor-element-a7c6e18 elementor-widget elementor-widget-video\" data-id=\"a7c6e18\" data-element_type=\"widget\" data-e-type=\"widget\" data-settings=\"{&quot;youtube_url&quot;:&quot;https:\\\/\\\/www.youtube.com\\\/watch?v=NhoF8LWLraM&quot;,&quot;video_type&quot;:&quot;youtube&quot;,&quot;controls&quot;:&quot;yes&quot;}\" data-widget_type=\"video.default\">\n\t\t\t\t<div class=\"elementor-widget-container\">\n\t\t\t\t\t\t\t<div class=\"elementor-wrapper elementor-open-inline\">\n\t\t\t<div class=\"elementor-video\"><\/div>\t\t<\/div>\n\t\t\t\t\t\t<\/div>\n\t\t\t\t<\/div>\n\t\t\t\t\t<\/div>\n\t\t<\/div>\n\t\t\t\t\t<\/div>\n\t\t<\/section>\n\t\t\t\t<\/div>","protected":false},"excerpt":{"rendered":"<p><span style=\"color: #c80a23;\"><strong>13 February 2023 - 7.30pm<\/strong><\/span> at the \u00c9cole Militaire, Foch amphitheatre<\/p>","protected":false},"author":1,"featured_media":33295,"comment_status":"closed","ping_status":"closed","sticky":false,"template":"","format":"standard","meta":{"footnotes":""},"categories":[45],"tags":[],"class_list":["post-33256","post","type-post","status-publish","format-standard","has-post-thumbnail","hentry","category-precedents-conferences"],"yoast_head":"<!-- This site is optimized with the Yoast SEO plugin v27.5 - https:\/\/yoast.com\/product\/yoast-seo-wordpress\/ -->\n<title>L&#039;IHEDN : Institut des hautes \u00e9tudes de d\u00e9fense nationale | La D\u00e9fense \u00e0 l\u2019\u00e9preuve du changement climatique<\/title>\n<meta name=\"description\" content=\"Le changement climatique n\u2019a pas seulement un effet d\u00e9multiplicateur des menaces pour la s\u00e9curit\u00e9 et la stabilit\u00e9 mondiale. C\u2019est une transformation structurelle et durable pour la d\u00e9fense : qu\u2019il s\u2019agisse d\u2019anticiper les nouvelles conflictualit\u00e9s n\u00e9es de l\u2019augmentation des temp\u00e9ratures et des difficult\u00e9s d\u2019acc\u00e8s \u00e0 certaines ressources, de pr\u00e9parer les forces arm\u00e9es \u00e0 des op\u00e9rations dans des conditions extr\u00eames ou d\u2019adapter l\u2019infrastructure militaire dans certaines zones particuli\u00e8rement affect\u00e9es, c\u2019est tout le paysage strat\u00e9gique qui est \u00e0 repenser. La hausse des prix des mati\u00e8res premi\u00e8res (notamment \u00e9nerg\u00e9tiques) de ces derniers mois, l\u2019agression russe en Ukraine et la parution du troisi\u00e8me volet du sixi\u00e8me rapport du GIEC ont m\u00eame pr\u00e9cipit\u00e9 les questionnements autour d\u2019un autre levier, jusqu\u2019ici peu pris en compte, voire disqualifi\u00e9 : celui de la sobri\u00e9t\u00e9. D\u00e8s lors, consid\u00e9rer les enjeux de puissance en y int\u00e9grant la perspective d\u2019une transition carbone de la d\u00e9fense et d\u2019une r\u00e9duction de nos d\u00e9pendances \u00e9nerg\u00e9tiques peut contribuer \u00e0 red\u00e9finir les termes m\u00eame de la notion de souverainet\u00e9.\" \/>\n<meta name=\"robots\" content=\"index, follow, max-snippet:-1, max-image-preview:large, max-video-preview:-1\" \/>\n<link rel=\"canonical\" href=\"https:\/\/ihedn.fr\/en\/lundis-de-lihedn\/precedents-conferences\/la-defense-a-lepreuve-du-changement-climatique\/\" \/>\n<meta property=\"og:locale\" content=\"en_GB\" \/>\n<meta property=\"og:type\" content=\"article\" \/>\n<meta property=\"og:title\" content=\"L&#039;IHEDN : Institut des hautes \u00e9tudes de d\u00e9fense nationale | La D\u00e9fense \u00e0 l\u2019\u00e9preuve du changement climatique\" \/>\n<meta property=\"og:description\" content=\"Le changement climatique n\u2019a pas seulement un effet d\u00e9multiplicateur des menaces pour la s\u00e9curit\u00e9 et la stabilit\u00e9 mondiale. C\u2019est une transformation structurelle et durable pour la d\u00e9fense : qu\u2019il s\u2019agisse d\u2019anticiper les nouvelles conflictualit\u00e9s n\u00e9es de l\u2019augmentation des temp\u00e9ratures et des difficult\u00e9s d\u2019acc\u00e8s \u00e0 certaines ressources, de pr\u00e9parer les forces arm\u00e9es \u00e0 des op\u00e9rations dans des conditions extr\u00eames ou d\u2019adapter l\u2019infrastructure militaire dans certaines zones particuli\u00e8rement affect\u00e9es, c\u2019est tout le paysage strat\u00e9gique qui est \u00e0 repenser.\" \/>\n<meta property=\"og:url\" content=\"https:\/\/ihedn.fr\/en\/lundis-de-lihedn\/precedents-conferences\/la-defense-a-lepreuve-du-changement-climatique\/\" \/>\n<meta property=\"og:site_name\" content=\"L&#039;IHEDN : Institut des hautes \u00e9tudes de d\u00e9fense nationale\" \/>\n<meta property=\"article:publisher\" content=\"https:\/\/www.facebook.com\/ihedn\/\" \/>\n<meta property=\"article:published_time\" content=\"2023-02-13T10:26:52+00:00\" \/>\n<meta property=\"article:modified_time\" content=\"2023-06-08T12:03:45+00:00\" \/>\n<meta property=\"og:image\" content=\"https:\/\/ihedn.fr\/wp-content\/uploads\/1923\/02\/Lundi-IHEDN-13-fevrier.jpg\" \/>\n\t<meta property=\"og:image:width\" content=\"640\" \/>\n\t<meta property=\"og:image:height\" content=\"320\" \/>\n\t<meta property=\"og:image:type\" content=\"image\/jpeg\" \/>\n<meta name=\"author\" content=\"dev\" \/>\n<meta name=\"twitter:card\" content=\"summary_large_image\" \/>\n<meta name=\"twitter:description\" content=\"Le changement climatique n\u2019a pas seulement un effet d\u00e9multiplicateur des menaces pour la s\u00e9curit\u00e9 et la stabilit\u00e9 mondiale. C\u2019est une transformation structurelle et durable pour la d\u00e9fense : qu\u2019il s\u2019agisse d\u2019anticiper les nouvelles conflictualit\u00e9s n\u00e9es de l\u2019augmentation des temp\u00e9ratures et des difficult\u00e9s d\u2019acc\u00e8s \u00e0 certaines ressources, de pr\u00e9parer les forces arm\u00e9es \u00e0 des op\u00e9rations dans des conditions extr\u00eames ou d\u2019adapter l\u2019infrastructure militaire dans certaines zones particuli\u00e8rement affect\u00e9es, c\u2019est tout le paysage strat\u00e9gique qui est \u00e0 repenser.\" \/>\n<meta name=\"twitter:image\" content=\"https:\/\/ihedn.fr\/wp-content\/uploads\/1923\/02\/Lundi-IHEDN-13-fevrier.jpg\" \/>\n<meta name=\"twitter:creator\" content=\"@IHEDN\" \/>\n<meta name=\"twitter:site\" content=\"@IHEDN\" \/>\n<meta name=\"twitter:label1\" content=\"Written by\" \/>\n\t<meta name=\"twitter:data1\" content=\"dev\" \/>\n\t<meta name=\"twitter:label2\" content=\"Estimated reading time\" \/>\n\t<meta name=\"twitter:data2\" content=\"2 minutes\" \/>\n<script type=\"application\/ld+json\" class=\"yoast-schema-graph\">{\"@context\":\"https:\\\/\\\/schema.org\",\"@graph\":[{\"@type\":\"Article\",\"@id\":\"https:\\\/\\\/ihedn.fr\\\/lundis-de-lihedn\\\/precedents-conferences\\\/la-defense-a-lepreuve-du-changement-climatique\\\/#article\",\"isPartOf\":{\"@id\":\"https:\\\/\\\/ihedn.fr\\\/lundis-de-lihedn\\\/precedents-conferences\\\/la-defense-a-lepreuve-du-changement-climatique\\\/\"},\"author\":{\"name\":\"dev\",\"@id\":\"https:\\\/\\\/ihedn.fr\\\/#\\\/schema\\\/person\\\/7a40155595e4efb35323447cb8c8c5a4\"},\"headline\":\"La D\u00e9fense \u00e0 l\u2019\u00e9preuve du changement climatique\",\"datePublished\":\"2023-02-13T10:26:52+00:00\",\"dateModified\":\"2023-06-08T12:03:45+00:00\",\"mainEntityOfPage\":{\"@id\":\"https:\\\/\\\/ihedn.fr\\\/lundis-de-lihedn\\\/precedents-conferences\\\/la-defense-a-lepreuve-du-changement-climatique\\\/\"},\"wordCount\":296,\"publisher\":{\"@id\":\"https:\\\/\\\/ihedn.fr\\\/#organization\"},\"image\":{\"@id\":\"https:\\\/\\\/ihedn.fr\\\/lundis-de-lihedn\\\/precedents-conferences\\\/la-defense-a-lepreuve-du-changement-climatique\\\/#primaryimage\"},\"thumbnailUrl\":\"https:\\\/\\\/ihedn.fr\\\/wp-content\\\/uploads\\\/1923\\\/02\\\/Lundi-IHEDN-13-fevrier-00.jpg\",\"articleSection\":[\"Pr\u00e9c\u00e9dents conf\u00e9rences\"],\"inLanguage\":\"en-GB\"},{\"@type\":\"WebPage\",\"@id\":\"https:\\\/\\\/ihedn.fr\\\/lundis-de-lihedn\\\/precedents-conferences\\\/la-defense-a-lepreuve-du-changement-climatique\\\/\",\"url\":\"https:\\\/\\\/ihedn.fr\\\/lundis-de-lihedn\\\/precedents-conferences\\\/la-defense-a-lepreuve-du-changement-climatique\\\/\",\"name\":\"L&#039;IHEDN : Institut des hautes \u00e9tudes de d\u00e9fense nationale | La D\u00e9fense \u00e0 l\u2019\u00e9preuve du changement climatique\",\"isPartOf\":{\"@id\":\"https:\\\/\\\/ihedn.fr\\\/#website\"},\"primaryImageOfPage\":{\"@id\":\"https:\\\/\\\/ihedn.fr\\\/lundis-de-lihedn\\\/precedents-conferences\\\/la-defense-a-lepreuve-du-changement-climatique\\\/#primaryimage\"},\"image\":{\"@id\":\"https:\\\/\\\/ihedn.fr\\\/lundis-de-lihedn\\\/precedents-conferences\\\/la-defense-a-lepreuve-du-changement-climatique\\\/#primaryimage\"},\"thumbnailUrl\":\"https:\\\/\\\/ihedn.fr\\\/wp-content\\\/uploads\\\/1923\\\/02\\\/Lundi-IHEDN-13-fevrier-00.jpg\",\"datePublished\":\"2023-02-13T10:26:52+00:00\",\"dateModified\":\"2023-06-08T12:03:45+00:00\",\"description\":\"Le changement climatique n\u2019a pas seulement un effet d\u00e9multiplicateur des menaces pour la s\u00e9curit\u00e9 et la stabilit\u00e9 mondiale. C\u2019est une transformation structurelle et durable pour la d\u00e9fense : qu\u2019il s\u2019agisse d\u2019anticiper les nouvelles conflictualit\u00e9s n\u00e9es de l\u2019augmentation des temp\u00e9ratures et des difficult\u00e9s d\u2019acc\u00e8s \u00e0 certaines ressources, de pr\u00e9parer les forces arm\u00e9es \u00e0 des op\u00e9rations dans des conditions extr\u00eames ou d\u2019adapter l\u2019infrastructure militaire dans certaines zones particuli\u00e8rement affect\u00e9es, c\u2019est tout le paysage strat\u00e9gique qui est \u00e0 repenser. La hausse des prix des mati\u00e8res premi\u00e8res (notamment \u00e9nerg\u00e9tiques) de ces derniers mois, l\u2019agression russe en Ukraine et la parution du troisi\u00e8me volet du sixi\u00e8me rapport du GIEC ont m\u00eame pr\u00e9cipit\u00e9 les questionnements autour d\u2019un autre levier, jusqu\u2019ici peu pris en compte, voire disqualifi\u00e9 : celui de la sobri\u00e9t\u00e9. D\u00e8s lors, consid\u00e9rer les enjeux de puissance en y int\u00e9grant la perspective d\u2019une transition carbone de la d\u00e9fense et d\u2019une r\u00e9duction de nos d\u00e9pendances \u00e9nerg\u00e9tiques peut contribuer \u00e0 red\u00e9finir les termes m\u00eame de la notion de souverainet\u00e9.\",\"breadcrumb\":{\"@id\":\"https:\\\/\\\/ihedn.fr\\\/lundis-de-lihedn\\\/precedents-conferences\\\/la-defense-a-lepreuve-du-changement-climatique\\\/#breadcrumb\"},\"inLanguage\":\"en-GB\",\"potentialAction\":[{\"@type\":\"ReadAction\",\"target\":[\"https:\\\/\\\/ihedn.fr\\\/lundis-de-lihedn\\\/precedents-conferences\\\/la-defense-a-lepreuve-du-changement-climatique\\\/\"]}]},{\"@type\":\"ImageObject\",\"inLanguage\":\"en-GB\",\"@id\":\"https:\\\/\\\/ihedn.fr\\\/lundis-de-lihedn\\\/precedents-conferences\\\/la-defense-a-lepreuve-du-changement-climatique\\\/#primaryimage\",\"url\":\"https:\\\/\\\/ihedn.fr\\\/wp-content\\\/uploads\\\/1923\\\/02\\\/Lundi-IHEDN-13-fevrier-00.jpg\",\"contentUrl\":\"https:\\\/\\\/ihedn.fr\\\/wp-content\\\/uploads\\\/1923\\\/02\\\/Lundi-IHEDN-13-fevrier-00.jpg\",\"width\":1600,\"height\":800},{\"@type\":\"BreadcrumbList\",\"@id\":\"https:\\\/\\\/ihedn.fr\\\/lundis-de-lihedn\\\/precedents-conferences\\\/la-defense-a-lepreuve-du-changement-climatique\\\/#breadcrumb\",\"itemListElement\":[{\"@type\":\"ListItem\",\"position\":1,\"name\":\"Accueil\",\"item\":\"https:\\\/\\\/ihedn.fr\\\/\"},{\"@type\":\"ListItem\",\"position\":2,\"name\":\"La D\u00e9fense \u00e0 l\u2019\u00e9preuve du changement climatique\"}]},{\"@type\":\"WebSite\",\"@id\":\"https:\\\/\\\/ihedn.fr\\\/#website\",\"url\":\"https:\\\/\\\/ihedn.fr\\\/\",\"name\":\"IHEDN : Institut des hautes \u00e9tudes de d\u00e9fense nationale |\",\"description\":\"Site officiel de l&#039;IHEDN plac\u00e9 sous la tutelle du Premier ministre.\",\"publisher\":{\"@id\":\"https:\\\/\\\/ihedn.fr\\\/#organization\"},\"potentialAction\":[{\"@type\":\"SearchAction\",\"target\":{\"@type\":\"EntryPoint\",\"urlTemplate\":\"https:\\\/\\\/ihedn.fr\\\/?s={search_term_string}\"},\"query-input\":{\"@type\":\"PropertyValueSpecification\",\"valueRequired\":true,\"valueName\":\"search_term_string\"}}],\"inLanguage\":\"en-GB\"},{\"@type\":\"Organization\",\"@id\":\"https:\\\/\\\/ihedn.fr\\\/#organization\",\"name\":\"IHEDN - Institut des Hautes Etudes de D\u00e9fense Nationale\",\"url\":\"https:\\\/\\\/ihedn.fr\\\/\",\"logo\":{\"@type\":\"ImageObject\",\"inLanguage\":\"en-GB\",\"@id\":\"https:\\\/\\\/ihedn.fr\\\/#\\\/schema\\\/logo\\\/image\\\/\",\"url\":\"https:\\\/\\\/ihedn.fr\\\/wp-content\\\/uploads\\\/2020\\\/11\\\/BLOC_RF_IHEDN_WEB.png\",\"contentUrl\":\"https:\\\/\\\/ihedn.fr\\\/wp-content\\\/uploads\\\/2020\\\/11\\\/BLOC_RF_IHEDN_WEB.png\",\"width\":500,\"height\":237,\"caption\":\"IHEDN - Institut des Hautes Etudes de D\u00e9fense Nationale\"},\"image\":{\"@id\":\"https:\\\/\\\/ihedn.fr\\\/#\\\/schema\\\/logo\\\/image\\\/\"},\"sameAs\":[\"https:\\\/\\\/www.facebook.com\\\/ihedn\\\/\",\"https:\\\/\\\/x.com\\\/IHEDN\",\"https:\\\/\\\/www.instagram.com\\\/ihedn\\\/\",\"https:\\\/\\\/www.linkedin.com\\\/school\\\/ihedn\\\/\",\"https:\\\/\\\/fr.wikipedia.org\\\/wiki\\\/Institut_des_hautes_\u00e9tudes_de_D\u00e9fense_nationale\"]},{\"@type\":\"Person\",\"@id\":\"https:\\\/\\\/ihedn.fr\\\/#\\\/schema\\\/person\\\/7a40155595e4efb35323447cb8c8c5a4\",\"name\":\"dev\",\"image\":{\"@type\":\"ImageObject\",\"inLanguage\":\"en-GB\",\"@id\":\"https:\\\/\\\/secure.gravatar.com\\\/avatar\\\/f1ffcac9ca2fa95ad3ec33e9be3ade82f752acb0cabe541e56c5889225afa88a?s=96&d=mm&r=g\",\"url\":\"https:\\\/\\\/secure.gravatar.com\\\/avatar\\\/f1ffcac9ca2fa95ad3ec33e9be3ade82f752acb0cabe541e56c5889225afa88a?s=96&d=mm&r=g\",\"contentUrl\":\"https:\\\/\\\/secure.gravatar.com\\\/avatar\\\/f1ffcac9ca2fa95ad3ec33e9be3ade82f752acb0cabe541e56c5889225afa88a?s=96&d=mm&r=g\",\"caption\":\"dev\"},\"sameAs\":[\"https:\\\/\\\/ihedn.concilium.click\"],\"url\":\"https:\\\/\\\/ihedn.fr\\\/en\\\/author\\\/dev\\\/\"}]}<\/script>\n<!-- \/ Yoast SEO plugin. -->","yoast_head_json":{"title":"IHEDN: Institut des hautes \u00e9tudes de d\u00e9fense nationale | Defence in the face of climate change","description":"Climate change is not only having a multiplier effect on threats to global security and stability. It is a structural and lasting transformation for defence: whether it's a question of anticipating new conflicts arising from rising temperatures and difficulties in accessing certain resources, preparing armed forces for operations in extreme conditions or adapting military infrastructure in certain particularly affected areas, the entire strategic landscape needs to be rethought. The rise in commodity prices (particularly energy) over the last few months, Russia's aggression in Ukraine and the publication of the third part of the IPCC's sixth report have even precipitated questions around another lever, hitherto little taken into account or even disqualified: that of sobriety. Looking at power issues from the perspective of a carbon transition for defence and a reduction in our energy dependency may therefore help to redefine the very terms of the notion of sovereignty.","robots":{"index":"index","follow":"follow","max-snippet":"max-snippet:-1","max-image-preview":"max-image-preview:large","max-video-preview":"max-video-preview:-1"},"canonical":"https:\/\/ihedn.fr\/en\/lundis-de-lihedn\/precedents-conferences\/la-defense-a-lepreuve-du-changement-climatique\/","og_locale":"en_GB","og_type":"article","og_title":"L&#039;IHEDN : Institut des hautes \u00e9tudes de d\u00e9fense nationale | La D\u00e9fense \u00e0 l\u2019\u00e9preuve du changement climatique","og_description":"Le changement climatique n\u2019a pas seulement un effet d\u00e9multiplicateur des menaces pour la s\u00e9curit\u00e9 et la stabilit\u00e9 mondiale. C\u2019est une transformation structurelle et durable pour la d\u00e9fense : qu\u2019il s\u2019agisse d\u2019anticiper les nouvelles conflictualit\u00e9s n\u00e9es de l\u2019augmentation des temp\u00e9ratures et des difficult\u00e9s d\u2019acc\u00e8s \u00e0 certaines ressources, de pr\u00e9parer les forces arm\u00e9es \u00e0 des op\u00e9rations dans des conditions extr\u00eames ou d\u2019adapter l\u2019infrastructure militaire dans certaines zones particuli\u00e8rement affect\u00e9es, c\u2019est tout le paysage strat\u00e9gique qui est \u00e0 repenser.","og_url":"https:\/\/ihedn.fr\/en\/lundis-de-lihedn\/precedents-conferences\/la-defense-a-lepreuve-du-changement-climatique\/","og_site_name":"L&#039;IHEDN : Institut des hautes \u00e9tudes de d\u00e9fense nationale","article_publisher":"https:\/\/www.facebook.com\/ihedn\/","article_published_time":"2023-02-13T10:26:52+00:00","article_modified_time":"2023-06-08T12:03:45+00:00","og_image":[{"width":640,"height":320,"url":"https:\/\/ihedn.fr\/wp-content\/uploads\/1923\/02\/Lundi-IHEDN-13-fevrier.jpg","type":"image\/jpeg"}],"author":"dev","twitter_card":"summary_large_image","twitter_description":"Le changement climatique n\u2019a pas seulement un effet d\u00e9multiplicateur des menaces pour la s\u00e9curit\u00e9 et la stabilit\u00e9 mondiale. C\u2019est une transformation structurelle et durable pour la d\u00e9fense : qu\u2019il s\u2019agisse d\u2019anticiper les nouvelles conflictualit\u00e9s n\u00e9es de l\u2019augmentation des temp\u00e9ratures et des difficult\u00e9s d\u2019acc\u00e8s \u00e0 certaines ressources, de pr\u00e9parer les forces arm\u00e9es \u00e0 des op\u00e9rations dans des conditions extr\u00eames ou d\u2019adapter l\u2019infrastructure militaire dans certaines zones particuli\u00e8rement affect\u00e9es, c\u2019est tout le paysage strat\u00e9gique qui est \u00e0 repenser.","twitter_image":"https:\/\/ihedn.fr\/wp-content\/uploads\/1923\/02\/Lundi-IHEDN-13-fevrier.jpg","twitter_creator":"@IHEDN","twitter_site":"@IHEDN","twitter_misc":{"Written by":"dev","Estimated reading time":"2 minutes"},"schema":{"@context":"https:\/\/schema.org","@graph":[{"@type":"Article","@id":"https:\/\/ihedn.fr\/lundis-de-lihedn\/precedents-conferences\/la-defense-a-lepreuve-du-changement-climatique\/#article","isPartOf":{"@id":"https:\/\/ihedn.fr\/lundis-de-lihedn\/precedents-conferences\/la-defense-a-lepreuve-du-changement-climatique\/"},"author":{"name":"dev","@id":"https:\/\/ihedn.fr\/#\/schema\/person\/7a40155595e4efb35323447cb8c8c5a4"},"headline":"La D\u00e9fense \u00e0 l\u2019\u00e9preuve du changement climatique","datePublished":"2023-02-13T10:26:52+00:00","dateModified":"2023-06-08T12:03:45+00:00","mainEntityOfPage":{"@id":"https:\/\/ihedn.fr\/lundis-de-lihedn\/precedents-conferences\/la-defense-a-lepreuve-du-changement-climatique\/"},"wordCount":296,"publisher":{"@id":"https:\/\/ihedn.fr\/#organization"},"image":{"@id":"https:\/\/ihedn.fr\/lundis-de-lihedn\/precedents-conferences\/la-defense-a-lepreuve-du-changement-climatique\/#primaryimage"},"thumbnailUrl":"https:\/\/ihedn.fr\/wp-content\/uploads\/1923\/02\/Lundi-IHEDN-13-fevrier-00.jpg","articleSection":["Pr\u00e9c\u00e9dents conf\u00e9rences"],"inLanguage":"en-GB"},{"@type":"WebPage","@id":"https:\/\/ihedn.fr\/lundis-de-lihedn\/precedents-conferences\/la-defense-a-lepreuve-du-changement-climatique\/","url":"https:\/\/ihedn.fr\/lundis-de-lihedn\/precedents-conferences\/la-defense-a-lepreuve-du-changement-climatique\/","name":"IHEDN: Institut des hautes \u00e9tudes de d\u00e9fense nationale | Defence in the face of climate change","isPartOf":{"@id":"https:\/\/ihedn.fr\/#website"},"primaryImageOfPage":{"@id":"https:\/\/ihedn.fr\/lundis-de-lihedn\/precedents-conferences\/la-defense-a-lepreuve-du-changement-climatique\/#primaryimage"},"image":{"@id":"https:\/\/ihedn.fr\/lundis-de-lihedn\/precedents-conferences\/la-defense-a-lepreuve-du-changement-climatique\/#primaryimage"},"thumbnailUrl":"https:\/\/ihedn.fr\/wp-content\/uploads\/1923\/02\/Lundi-IHEDN-13-fevrier-00.jpg","datePublished":"2023-02-13T10:26:52+00:00","dateModified":"2023-06-08T12:03:45+00:00","description":"Climate change is not only having a multiplier effect on threats to global security and stability. It is a structural and lasting transformation for defence: whether it's a question of anticipating new conflicts arising from rising temperatures and difficulties in accessing certain resources, preparing armed forces for operations in extreme conditions or adapting military infrastructure in certain particularly affected areas, the entire strategic landscape needs to be rethought. The rise in commodity prices (particularly energy) over the last few months, Russia's aggression in Ukraine and the publication of the third part of the IPCC's sixth report have even precipitated questions around another lever, hitherto little taken into account or even disqualified: that of sobriety. Looking at power issues from the perspective of a carbon transition for defence and a reduction in our energy dependency may therefore help to redefine the very terms of the notion of sovereignty.","breadcrumb":{"@id":"https:\/\/ihedn.fr\/lundis-de-lihedn\/precedents-conferences\/la-defense-a-lepreuve-du-changement-climatique\/#breadcrumb"},"inLanguage":"en-GB","potentialAction":[{"@type":"ReadAction","target":["https:\/\/ihedn.fr\/lundis-de-lihedn\/precedents-conferences\/la-defense-a-lepreuve-du-changement-climatique\/"]}]},{"@type":"ImageObject","inLanguage":"en-GB","@id":"https:\/\/ihedn.fr\/lundis-de-lihedn\/precedents-conferences\/la-defense-a-lepreuve-du-changement-climatique\/#primaryimage","url":"https:\/\/ihedn.fr\/wp-content\/uploads\/1923\/02\/Lundi-IHEDN-13-fevrier-00.jpg","contentUrl":"https:\/\/ihedn.fr\/wp-content\/uploads\/1923\/02\/Lundi-IHEDN-13-fevrier-00.jpg","width":1600,"height":800},{"@type":"BreadcrumbList","@id":"https:\/\/ihedn.fr\/lundis-de-lihedn\/precedents-conferences\/la-defense-a-lepreuve-du-changement-climatique\/#breadcrumb","itemListElement":[{"@type":"ListItem","position":1,"name":"Accueil","item":"https:\/\/ihedn.fr\/"},{"@type":"ListItem","position":2,"name":"La D\u00e9fense \u00e0 l\u2019\u00e9preuve du changement climatique"}]},{"@type":"WebSite","@id":"https:\/\/ihedn.fr\/#website","url":"https:\/\/ihedn.fr\/","name":"IHEDN: Institut des hautes \u00e9tudes de d\u00e9fense nationale (Institute for Higher National Defence Studies)","description":"Official website of the IHEDN under the supervision of the Prime Minister.","publisher":{"@id":"https:\/\/ihedn.fr\/#organization"},"potentialAction":[{"@type":"SearchAction","target":{"@type":"EntryPoint","urlTemplate":"https:\/\/ihedn.fr\/?s={search_term_string}"},"query-input":{"@type":"PropertyValueSpecification","valueRequired":true,"valueName":"search_term_string"}}],"inLanguage":"en-GB"},{"@type":"Organization","@id":"https:\/\/ihedn.fr\/#organization","name":"IHEDN - Institute for Higher National Defence Studies","url":"https:\/\/ihedn.fr\/","logo":{"@type":"ImageObject","inLanguage":"en-GB","@id":"https:\/\/ihedn.fr\/#\/schema\/logo\/image\/","url":"https:\/\/ihedn.fr\/wp-content\/uploads\/2020\/11\/BLOC_RF_IHEDN_WEB.png","contentUrl":"https:\/\/ihedn.fr\/wp-content\/uploads\/2020\/11\/BLOC_RF_IHEDN_WEB.png","width":500,"height":237,"caption":"IHEDN - Institut des Hautes Etudes de D\u00e9fense Nationale"},"image":{"@id":"https:\/\/ihedn.fr\/#\/schema\/logo\/image\/"},"sameAs":["https:\/\/www.facebook.com\/ihedn\/","https:\/\/x.com\/IHEDN","https:\/\/www.instagram.com\/ihedn\/","https:\/\/www.linkedin.com\/school\/ihedn\/","https:\/\/fr.wikipedia.org\/wiki\/Institut_des_hautes_\u00e9tudes_de_D\u00e9fense_nationale"]},{"@type":"Person","@id":"https:\/\/ihedn.fr\/#\/schema\/person\/7a40155595e4efb35323447cb8c8c5a4","name":"dev","image":{"@type":"ImageObject","inLanguage":"en-GB","@id":"https:\/\/secure.gravatar.com\/avatar\/f1ffcac9ca2fa95ad3ec33e9be3ade82f752acb0cabe541e56c5889225afa88a?s=96&d=mm&r=g","url":"https:\/\/secure.gravatar.com\/avatar\/f1ffcac9ca2fa95ad3ec33e9be3ade82f752acb0cabe541e56c5889225afa88a?s=96&d=mm&r=g","contentUrl":"https:\/\/secure.gravatar.com\/avatar\/f1ffcac9ca2fa95ad3ec33e9be3ade82f752acb0cabe541e56c5889225afa88a?s=96&d=mm&r=g","caption":"dev"},"sameAs":["https:\/\/ihedn.concilium.click"],"url":"https:\/\/ihedn.fr\/en\/author\/dev\/"}]}},"publishpress_future_action":{"enabled":false,"date":"2026-05-08 04:58:18","action":"change-status","newStatus":"draft","terms":[],"taxonomy":"category","extraData":[]},"publishpress_future_workflow_manual_trigger":{"enabledWorkflows":[]},"_links":{"self":[{"href":"https:\/\/ihedn.fr\/en\/wp-json\/wp\/v2\/posts\/33256","targetHints":{"allow":["GET"]}}],"collection":[{"href":"https:\/\/ihedn.fr\/en\/wp-json\/wp\/v2\/posts"}],"about":[{"href":"https:\/\/ihedn.fr\/en\/wp-json\/wp\/v2\/types\/post"}],"author":[{"embeddable":true,"href":"https:\/\/ihedn.fr\/en\/wp-json\/wp\/v2\/users\/1"}],"replies":[{"embeddable":true,"href":"https:\/\/ihedn.fr\/en\/wp-json\/wp\/v2\/comments?post=33256"}],"version-history":[{"count":49,"href":"https:\/\/ihedn.fr\/en\/wp-json\/wp\/v2\/posts\/33256\/revisions"}],"predecessor-version":[{"id":40379,"href":"https:\/\/ihedn.fr\/en\/wp-json\/wp\/v2\/posts\/33256\/revisions\/40379"}],"wp:featuredmedia":[{"embeddable":true,"href":"https:\/\/ihedn.fr\/en\/wp-json\/wp\/v2\/media\/33295"}],"wp:attachment":[{"href":"https:\/\/ihedn.fr\/en\/wp-json\/wp\/v2\/media?parent=33256"}],"wp:term":[{"taxonomy":"category","embeddable":true,"href":"https:\/\/ihedn.fr\/en\/wp-json\/wp\/v2\/categories?post=33256"},{"taxonomy":"post_tag","embeddable":true,"href":"https:\/\/ihedn.fr\/en\/wp-json\/wp\/v2\/tags?post=33256"}],"curies":[{"name":"wp","href":"https:\/\/api.w.org\/{rel}","templated":true}]}}