{"id":33306,"date":"2023-01-20T14:48:08","date_gmt":"2023-01-20T13:48:08","guid":{"rendered":"https:\/\/ihedn.fr\/?p=33306"},"modified":"2023-01-20T14:59:44","modified_gmt":"2023-01-20T13:59:44","slug":"2e-cycle-des-assistants-parlementaires","status":"publish","type":"post","link":"https:\/\/ihedn.fr\/en\/notre-actualite\/2e-cycle-des-assistants-parlementaires\/","title":{"rendered":"2<sup>e<\/sup> parliamentary assistant cycle"},"content":{"rendered":"<div data-elementor-type=\"wp-post\" data-elementor-id=\"33306\" class=\"elementor elementor-33306\" data-elementor-post-type=\"post\">\n\t\t\t\t\t\t<section data-particle_enable=\"false\" data-particle-mobile-disabled=\"false\" class=\"elementor-section elementor-top-section elementor-element elementor-element-7bca1d7 elementor-section-boxed elementor-section-height-default elementor-section-height-default\" data-id=\"7bca1d7\" data-element_type=\"section\" data-e-type=\"section\">\n\t\t\t\t\t\t<div class=\"elementor-container elementor-column-gap-default\">\n\t\t\t\t\t<div class=\"elementor-column elementor-col-100 elementor-top-column elementor-element elementor-element-d01d263\" data-id=\"d01d263\" data-element_type=\"column\" data-e-type=\"column\">\n\t\t\t<div class=\"elementor-widget-wrap elementor-element-populated\">\n\t\t\t\t\t\t<div class=\"elementor-element elementor-element-8baee8a elementor-widget elementor-widget-text-editor\" data-id=\"8baee8a\" data-element_type=\"widget\" data-e-type=\"widget\" data-widget_type=\"text-editor.default\">\n\t\t\t\t<div class=\"elementor-widget-container\">\n\t\t\t\t\t\t\t\t\t<p>The cycle also welcomed 9 government administrators from the Ministry of the Armed Forces as part of their integration programme.<\/p><p>The programme included high-level lectures on the major issues in national defence and security, the institutional functioning of defence, an overview of the contemporary world, France's defence strategy, Europe, NATO, the missions of the armed forces at home and abroad, and the defence budget.<\/p><p>The final day was devoted to two visits to defence-related sites: on 12<sup>e<\/sup> regiment of Cuirassiers; BA 123 at Orl\u00e9ans-Bricy, where parliamentary assistants had access to the impressive Airbus A400M Atlas.<\/p>\t\t\t\t\t\t\t\t<\/div>\n\t\t\t\t<\/div>\n\t\t\t\t\t<\/div>\n\t\t<\/div>\n\t\t\t\t\t<\/div>\n\t\t<\/section>\n\t\t\t\t<section data-particle_enable=\"false\" data-particle-mobile-disabled=\"false\" class=\"elementor-section elementor-top-section elementor-element elementor-element-2fb00a8 elementor-section-boxed elementor-section-height-default elementor-section-height-default\" data-id=\"2fb00a8\" data-element_type=\"section\" data-e-type=\"section\">\n\t\t\t\t\t\t<div class=\"elementor-container elementor-column-gap-default\">\n\t\t\t\t\t<div class=\"elementor-column elementor-col-100 elementor-top-column elementor-element elementor-element-4681402\" data-id=\"4681402\" data-element_type=\"column\" data-e-type=\"column\">\n\t\t\t<div class=\"elementor-widget-wrap elementor-element-populated\">\n\t\t\t\t\t\t<div class=\"elementor-element elementor-element-fe0b326 elementor-widget elementor-widget-gallery\" data-id=\"fe0b326\" data-element_type=\"widget\" data-e-type=\"widget\" data-settings=\"{&quot;columns&quot;:2,&quot;lazyload&quot;:&quot;yes&quot;,&quot;gallery_layout&quot;:&quot;grid&quot;,&quot;columns_tablet&quot;:2,&quot;columns_mobile&quot;:1,&quot;gap&quot;:{&quot;unit&quot;:&quot;px&quot;,&quot;size&quot;:10,&quot;sizes&quot;:[]},&quot;gap_tablet&quot;:{&quot;unit&quot;:&quot;px&quot;,&quot;size&quot;:10,&quot;sizes&quot;:[]},&quot;gap_mobile&quot;:{&quot;unit&quot;:&quot;px&quot;,&quot;size&quot;:10,&quot;sizes&quot;:[]},&quot;link_to&quot;:&quot;file&quot;,&quot;aspect_ratio&quot;:&quot;3:2&quot;,&quot;overlay_background&quot;:&quot;yes&quot;,&quot;content_hover_animation&quot;:&quot;fade-in&quot;}\" data-widget_type=\"gallery.default\">\n\t\t\t\t<div class=\"elementor-widget-container\">\n\t\t\t\t\t\t\t<div class=\"elementor-gallery__container\">\n\t\t\t\t\t\t\t<a class=\"e-gallery-item elementor-gallery-item elementor-animated-content\" href=\"https:\/\/ihedn.fr\/wp-content\/uploads\/2023\/01\/004-\u00aeIHEDN-2e-cycle-des-assistants-parlementaires-20230120.jpeg\" data-elementor-open-lightbox=\"yes\" data-elementor-lightbox-slideshow=\"fe0b326\" data-e-action-hash=\"#elementor-action%3Aaction%3Dlightbox%26settings%3DeyJpZCI6MzMzMTEsInVybCI6Imh0dHBzOlwvXC9paGVkbi5mclwvd3AtY29udGVudFwvdXBsb2Fkc1wvMjAyM1wvMDFcLzAwNC1cdTAwYWVJSEVETi0yZS1jeWNsZS1kZXMtYXNzaXN0YW50cy1wYXJsZW1lbnRhaXJlcy0yMDIzMDEyMC5qcGVnIiwic2xpZGVzaG93IjoiZmUwYjMyNiJ9\">\n\t\t\t\t\t<div class=\"e-gallery-image elementor-gallery-item__image\" data-thumbnail=\"https:\/\/ihedn.fr\/wp-content\/uploads\/2023\/01\/004-\u00aeIHEDN-2e-cycle-des-assistants-parlementaires-20230120.jpeg\" data-width=\"960\" data-height=\"719\" aria-label=\"\" role=\"img\" ><\/div>\n\t\t\t\t\t\t\t\t\t\t\t<div class=\"elementor-gallery-item__overlay\"><\/div>\n\t\t\t\t\t\t\t\t\t\t\t\t\t\t<\/a>\n\t\t\t\t\t\t\t<a class=\"e-gallery-item elementor-gallery-item elementor-animated-content\" href=\"https:\/\/ihedn.fr\/wp-content\/uploads\/2023\/01\/001-\u00aeIHEDN-2e-cycle-des-assistants-parlementaires-20230120.jpeg\" data-elementor-open-lightbox=\"yes\" data-elementor-lightbox-slideshow=\"fe0b326\" data-e-action-hash=\"#elementor-action%3Aaction%3Dlightbox%26settings%3DeyJpZCI6MzMzMDgsInVybCI6Imh0dHBzOlwvXC9paGVkbi5mclwvd3AtY29udGVudFwvdXBsb2Fkc1wvMjAyM1wvMDFcLzAwMS1cdTAwYWVJSEVETi0yZS1jeWNsZS1kZXMtYXNzaXN0YW50cy1wYXJsZW1lbnRhaXJlcy0yMDIzMDEyMC5qcGVnIiwic2xpZGVzaG93IjoiZmUwYjMyNiJ9\">\n\t\t\t\t\t<div class=\"e-gallery-image elementor-gallery-item__image\" data-thumbnail=\"https:\/\/ihedn.fr\/wp-content\/uploads\/2023\/01\/001-\u00aeIHEDN-2e-cycle-des-assistants-parlementaires-20230120.jpeg\" data-width=\"960\" data-height=\"719\" aria-label=\"\" role=\"img\" ><\/div>\n\t\t\t\t\t\t\t\t\t\t\t<div class=\"elementor-gallery-item__overlay\"><\/div>\n\t\t\t\t\t\t\t\t\t\t\t\t\t\t<\/a>\n\t\t\t\t\t<\/div>\n\t\t\t\t\t<\/div>\n\t\t\t\t<\/div>\n\t\t\t\t\t<\/div>\n\t\t<\/div>\n\t\t\t\t\t<\/div>\n\t\t<\/section>\n\t\t\t\t<\/div>","protected":false},"excerpt":{"rendered":"<p>From 10 to 12 January, the IHEDN organised the 2<sup>e<\/sup> cycle for parliamentary assistants. The course, which was opened by Prefect Denis Conus, Deputy Director of the IHEDN, enabled 36 parliamentary assistants to gain a comprehensive understanding of defence and security issues and challenges in relation to current affairs.<\/p>","protected":false},"author":1,"featured_media":33309,"comment_status":"closed","ping_status":"closed","sticky":false,"template":"","format":"standard","meta":{"footnotes":""},"categories":[172],"tags":[],"class_list":["post-33306","post","type-post","status-publish","format-standard","has-post-thumbnail","hentry","category-notre-actualite"],"yoast_head":"<!-- This site is optimized with the Yoast SEO plugin v27.5 - https:\/\/yoast.com\/product\/yoast-seo-wordpress\/ -->\n<title>2e cycle des assistants parlementaires - L&#039;IHEDN : Institut des hautes \u00e9tudes de d\u00e9fense nationale<\/title>\n<meta name=\"description\" content=\"Du 10 au 12 janvier dernier, l\u2019IHEDN a organis\u00e9 le 2e cycle destin\u00e9 aux assistants parlementaires. Cette formation, qui a \u00e9t\u00e9 ouverte par le pr\u00e9fet Denis Conus, directeur adjoint de l\u2019IHEDN, a permis \u00e0 36 assistants parlementaires d\u2019appr\u00e9hender les sujets et les enjeux de d\u00e9fense et de s\u00e9curit\u00e9 dans leur globalit\u00e9, en lien avec les questions que pose l\u2019actualit\u00e9.\" \/>\n<meta name=\"robots\" content=\"index, follow, max-snippet:-1, max-image-preview:large, max-video-preview:-1\" \/>\n<link rel=\"canonical\" href=\"https:\/\/ihedn.fr\/en\/notre-actualite\/2e-cycle-des-assistants-parlementaires\/\" \/>\n<meta property=\"og:locale\" content=\"en_GB\" \/>\n<meta property=\"og:type\" content=\"article\" \/>\n<meta property=\"og:title\" content=\"2e cycle des assistants parlementaires\" \/>\n<meta property=\"og:description\" content=\"Du 10 au 12 janvier dernier, l\u2019IHEDN a organis\u00e9 le 2e cycle destin\u00e9 aux assistants parlementaires. Cette formation, qui a \u00e9t\u00e9 ouverte par le pr\u00e9fet Denis Conus, directeur adjoint de l\u2019IHEDN, a permis \u00e0 36 assistants parlementaires d\u2019appr\u00e9hender les sujets et les enjeux de d\u00e9fense et de s\u00e9curit\u00e9 dans leur globalit\u00e9, en lien avec les questions que pose l\u2019actualit\u00e9.\" \/>\n<meta property=\"og:url\" content=\"https:\/\/ihedn.fr\/en\/notre-actualite\/2e-cycle-des-assistants-parlementaires\/\" \/>\n<meta property=\"og:site_name\" content=\"L&#039;IHEDN : Institut des hautes \u00e9tudes de d\u00e9fense nationale\" \/>\n<meta property=\"article:publisher\" content=\"https:\/\/www.facebook.com\/ihedn\/\" \/>\n<meta property=\"article:published_time\" content=\"2023-01-20T13:48:08+00:00\" \/>\n<meta property=\"article:modified_time\" content=\"2023-01-20T13:59:44+00:00\" \/>\n<meta property=\"og:image\" content=\"https:\/\/ihedn.fr\/wp-content\/uploads\/2023\/01\/003-\u00aeIHEDN-2e-cycle-des-assistants-parlementaires-20230120.jpeg\" \/>\n\t<meta property=\"og:image:width\" content=\"949\" \/>\n\t<meta property=\"og:image:height\" content=\"597\" \/>\n\t<meta property=\"og:image:type\" content=\"image\/jpeg\" \/>\n<meta name=\"author\" content=\"dev\" \/>\n<meta name=\"twitter:card\" content=\"summary_large_image\" \/>\n<meta name=\"twitter:title\" content=\"2&lt;sup&gt;e&lt;\/sup&gt; cycle des assistants parlementaires\" \/>\n<meta name=\"twitter:description\" content=\"Du 10 au 12 janvier dernier, l\u2019IHEDN a organis\u00e9 le 2e cycle destin\u00e9 aux assistants parlementaires. Cette formation, qui a \u00e9t\u00e9 ouverte par le pr\u00e9fet Denis Conus, directeur adjoint de l\u2019IHEDN, a permis \u00e0 36 assistants parlementaires d\u2019appr\u00e9hender les sujets et les enjeux de d\u00e9fense et de s\u00e9curit\u00e9 dans leur globalit\u00e9, en lien avec les questions que pose l\u2019actualit\u00e9.\" \/>\n<meta name=\"twitter:image\" content=\"https:\/\/ihedn.fr\/wp-content\/uploads\/2023\/01\/003-\u00aeIHEDN-2e-cycle-des-assistants-parlementaires-20230120.jpeg\" \/>\n<meta name=\"twitter:creator\" content=\"@IHEDN\" \/>\n<meta name=\"twitter:site\" content=\"@IHEDN\" \/>\n<meta name=\"twitter:label1\" content=\"Written by\" \/>\n\t<meta name=\"twitter:data1\" content=\"dev\" \/>\n\t<meta name=\"twitter:label2\" content=\"Estimated reading time\" \/>\n\t<meta name=\"twitter:data2\" content=\"1 minute\" \/>\n<script type=\"application\/ld+json\" class=\"yoast-schema-graph\">{\"@context\":\"https:\\\/\\\/schema.org\",\"@graph\":[{\"@type\":\"Article\",\"@id\":\"https:\\\/\\\/ihedn.fr\\\/notre-actualite\\\/2e-cycle-des-assistants-parlementaires\\\/#article\",\"isPartOf\":{\"@id\":\"https:\\\/\\\/ihedn.fr\\\/notre-actualite\\\/2e-cycle-des-assistants-parlementaires\\\/\"},\"author\":{\"name\":\"dev\",\"@id\":\"https:\\\/\\\/ihedn.fr\\\/#\\\/schema\\\/person\\\/7a40155595e4efb35323447cb8c8c5a4\"},\"headline\":\"2e cycle des assistants parlementaires\",\"datePublished\":\"2023-01-20T13:48:08+00:00\",\"dateModified\":\"2023-01-20T13:59:44+00:00\",\"mainEntityOfPage\":{\"@id\":\"https:\\\/\\\/ihedn.fr\\\/notre-actualite\\\/2e-cycle-des-assistants-parlementaires\\\/\"},\"wordCount\":128,\"publisher\":{\"@id\":\"https:\\\/\\\/ihedn.fr\\\/#organization\"},\"image\":{\"@id\":\"https:\\\/\\\/ihedn.fr\\\/notre-actualite\\\/2e-cycle-des-assistants-parlementaires\\\/#primaryimage\"},\"thumbnailUrl\":\"https:\\\/\\\/ihedn.fr\\\/wp-content\\\/uploads\\\/2023\\\/01\\\/002-\u00aeIHEDN-2e-cycle-des-assistants-parlementaires-20230120.jpg\",\"articleSection\":[\"Notre actualit\u00e9\"],\"inLanguage\":\"en-GB\"},{\"@type\":\"WebPage\",\"@id\":\"https:\\\/\\\/ihedn.fr\\\/notre-actualite\\\/2e-cycle-des-assistants-parlementaires\\\/\",\"url\":\"https:\\\/\\\/ihedn.fr\\\/notre-actualite\\\/2e-cycle-des-assistants-parlementaires\\\/\",\"name\":\"2e cycle des assistants parlementaires - L&#039;IHEDN : Institut des hautes \u00e9tudes de d\u00e9fense nationale\",\"isPartOf\":{\"@id\":\"https:\\\/\\\/ihedn.fr\\\/#website\"},\"primaryImageOfPage\":{\"@id\":\"https:\\\/\\\/ihedn.fr\\\/notre-actualite\\\/2e-cycle-des-assistants-parlementaires\\\/#primaryimage\"},\"image\":{\"@id\":\"https:\\\/\\\/ihedn.fr\\\/notre-actualite\\\/2e-cycle-des-assistants-parlementaires\\\/#primaryimage\"},\"thumbnailUrl\":\"https:\\\/\\\/ihedn.fr\\\/wp-content\\\/uploads\\\/2023\\\/01\\\/002-\u00aeIHEDN-2e-cycle-des-assistants-parlementaires-20230120.jpg\",\"datePublished\":\"2023-01-20T13:48:08+00:00\",\"dateModified\":\"2023-01-20T13:59:44+00:00\",\"description\":\"Du 10 au 12 janvier dernier, l\u2019IHEDN a organis\u00e9 le 2e cycle destin\u00e9 aux assistants parlementaires. Cette formation, qui a \u00e9t\u00e9 ouverte par le pr\u00e9fet Denis Conus, directeur adjoint de l\u2019IHEDN, a permis \u00e0 36 assistants parlementaires d\u2019appr\u00e9hender les sujets et les enjeux de d\u00e9fense et de s\u00e9curit\u00e9 dans leur globalit\u00e9, en lien avec les questions que pose l\u2019actualit\u00e9.\",\"breadcrumb\":{\"@id\":\"https:\\\/\\\/ihedn.fr\\\/notre-actualite\\\/2e-cycle-des-assistants-parlementaires\\\/#breadcrumb\"},\"inLanguage\":\"en-GB\",\"potentialAction\":[{\"@type\":\"ReadAction\",\"target\":[\"https:\\\/\\\/ihedn.fr\\\/notre-actualite\\\/2e-cycle-des-assistants-parlementaires\\\/\"]}]},{\"@type\":\"ImageObject\",\"inLanguage\":\"en-GB\",\"@id\":\"https:\\\/\\\/ihedn.fr\\\/notre-actualite\\\/2e-cycle-des-assistants-parlementaires\\\/#primaryimage\",\"url\":\"https:\\\/\\\/ihedn.fr\\\/wp-content\\\/uploads\\\/2023\\\/01\\\/002-\u00aeIHEDN-2e-cycle-des-assistants-parlementaires-20230120.jpg\",\"contentUrl\":\"https:\\\/\\\/ihedn.fr\\\/wp-content\\\/uploads\\\/2023\\\/01\\\/002-\u00aeIHEDN-2e-cycle-des-assistants-parlementaires-20230120.jpg\",\"width\":1511,\"height\":951},{\"@type\":\"BreadcrumbList\",\"@id\":\"https:\\\/\\\/ihedn.fr\\\/notre-actualite\\\/2e-cycle-des-assistants-parlementaires\\\/#breadcrumb\",\"itemListElement\":[{\"@type\":\"ListItem\",\"position\":1,\"name\":\"Accueil\",\"item\":\"https:\\\/\\\/ihedn.fr\\\/\"},{\"@type\":\"ListItem\",\"position\":2,\"name\":\"2e cycle des assistants parlementaires\"}]},{\"@type\":\"WebSite\",\"@id\":\"https:\\\/\\\/ihedn.fr\\\/#website\",\"url\":\"https:\\\/\\\/ihedn.fr\\\/\",\"name\":\"IHEDN : Institut des hautes \u00e9tudes de d\u00e9fense nationale |\",\"description\":\"Site officiel de l&#039;IHEDN plac\u00e9 sous la tutelle du Premier ministre.\",\"publisher\":{\"@id\":\"https:\\\/\\\/ihedn.fr\\\/#organization\"},\"potentialAction\":[{\"@type\":\"SearchAction\",\"target\":{\"@type\":\"EntryPoint\",\"urlTemplate\":\"https:\\\/\\\/ihedn.fr\\\/?s={search_term_string}\"},\"query-input\":{\"@type\":\"PropertyValueSpecification\",\"valueRequired\":true,\"valueName\":\"search_term_string\"}}],\"inLanguage\":\"en-GB\"},{\"@type\":\"Organization\",\"@id\":\"https:\\\/\\\/ihedn.fr\\\/#organization\",\"name\":\"IHEDN - Institut des Hautes Etudes de D\u00e9fense Nationale\",\"url\":\"https:\\\/\\\/ihedn.fr\\\/\",\"logo\":{\"@type\":\"ImageObject\",\"inLanguage\":\"en-GB\",\"@id\":\"https:\\\/\\\/ihedn.fr\\\/#\\\/schema\\\/logo\\\/image\\\/\",\"url\":\"https:\\\/\\\/ihedn.fr\\\/wp-content\\\/uploads\\\/2020\\\/11\\\/BLOC_RF_IHEDN_WEB.png\",\"contentUrl\":\"https:\\\/\\\/ihedn.fr\\\/wp-content\\\/uploads\\\/2020\\\/11\\\/BLOC_RF_IHEDN_WEB.png\",\"width\":500,\"height\":237,\"caption\":\"IHEDN - Institut des Hautes Etudes de D\u00e9fense Nationale\"},\"image\":{\"@id\":\"https:\\\/\\\/ihedn.fr\\\/#\\\/schema\\\/logo\\\/image\\\/\"},\"sameAs\":[\"https:\\\/\\\/www.facebook.com\\\/ihedn\\\/\",\"https:\\\/\\\/x.com\\\/IHEDN\",\"https:\\\/\\\/www.instagram.com\\\/ihedn\\\/\",\"https:\\\/\\\/www.linkedin.com\\\/school\\\/ihedn\\\/\",\"https:\\\/\\\/fr.wikipedia.org\\\/wiki\\\/Institut_des_hautes_\u00e9tudes_de_D\u00e9fense_nationale\"]},{\"@type\":\"Person\",\"@id\":\"https:\\\/\\\/ihedn.fr\\\/#\\\/schema\\\/person\\\/7a40155595e4efb35323447cb8c8c5a4\",\"name\":\"dev\",\"image\":{\"@type\":\"ImageObject\",\"inLanguage\":\"en-GB\",\"@id\":\"https:\\\/\\\/secure.gravatar.com\\\/avatar\\\/f1ffcac9ca2fa95ad3ec33e9be3ade82f752acb0cabe541e56c5889225afa88a?s=96&d=mm&r=g\",\"url\":\"https:\\\/\\\/secure.gravatar.com\\\/avatar\\\/f1ffcac9ca2fa95ad3ec33e9be3ade82f752acb0cabe541e56c5889225afa88a?s=96&d=mm&r=g\",\"contentUrl\":\"https:\\\/\\\/secure.gravatar.com\\\/avatar\\\/f1ffcac9ca2fa95ad3ec33e9be3ade82f752acb0cabe541e56c5889225afa88a?s=96&d=mm&r=g\",\"caption\":\"dev\"},\"sameAs\":[\"https:\\\/\\\/ihedn.concilium.click\"],\"url\":\"https:\\\/\\\/ihedn.fr\\\/en\\\/author\\\/dev\\\/\"}]}<\/script>\n<!-- \/ Yoast SEO plugin. -->","yoast_head_json":{"title":"2nd cycle of parliamentary assistants - L'IHEDN : Institut des hautes \u00e9tudes de d\u00e9fense nationale (Institute for Advanced National Defence Studies)","description":"From 10 to 12 January, the IHEDN organised the 2nd cycle for parliamentary assistants. The course, which was opened by Prefect Denis Conus, Deputy Director of the IHEDN, enabled 36 parliamentary assistants to gain a comprehensive understanding of defence and security issues and challenges, in relation to current affairs.","robots":{"index":"index","follow":"follow","max-snippet":"max-snippet:-1","max-image-preview":"max-image-preview:large","max-video-preview":"max-video-preview:-1"},"canonical":"https:\/\/ihedn.fr\/en\/notre-actualite\/2e-cycle-des-assistants-parlementaires\/","og_locale":"en_GB","og_type":"article","og_title":"2e cycle des assistants parlementaires","og_description":"Du 10 au 12 janvier dernier, l\u2019IHEDN a organis\u00e9 le 2e cycle destin\u00e9 aux assistants parlementaires. Cette formation, qui a \u00e9t\u00e9 ouverte par le pr\u00e9fet Denis Conus, directeur adjoint de l\u2019IHEDN, a permis \u00e0 36 assistants parlementaires d\u2019appr\u00e9hender les sujets et les enjeux de d\u00e9fense et de s\u00e9curit\u00e9 dans leur globalit\u00e9, en lien avec les questions que pose l\u2019actualit\u00e9.","og_url":"https:\/\/ihedn.fr\/en\/notre-actualite\/2e-cycle-des-assistants-parlementaires\/","og_site_name":"L&#039;IHEDN : Institut des hautes \u00e9tudes de d\u00e9fense nationale","article_publisher":"https:\/\/www.facebook.com\/ihedn\/","article_published_time":"2023-01-20T13:48:08+00:00","article_modified_time":"2023-01-20T13:59:44+00:00","og_image":[{"width":949,"height":597,"url":"https:\/\/ihedn.fr\/wp-content\/uploads\/2023\/01\/003-\u00aeIHEDN-2e-cycle-des-assistants-parlementaires-20230120.jpeg","type":"image\/jpeg"}],"author":"dev","twitter_card":"summary_large_image","twitter_title":"2<sup>e<\/sup> cycle des assistants parlementaires","twitter_description":"Du 10 au 12 janvier dernier, l\u2019IHEDN a organis\u00e9 le 2e cycle destin\u00e9 aux assistants parlementaires. Cette formation, qui a \u00e9t\u00e9 ouverte par le pr\u00e9fet Denis Conus, directeur adjoint de l\u2019IHEDN, a permis \u00e0 36 assistants parlementaires d\u2019appr\u00e9hender les sujets et les enjeux de d\u00e9fense et de s\u00e9curit\u00e9 dans leur globalit\u00e9, en lien avec les questions que pose l\u2019actualit\u00e9.","twitter_image":"https:\/\/ihedn.fr\/wp-content\/uploads\/2023\/01\/003-\u00aeIHEDN-2e-cycle-des-assistants-parlementaires-20230120.jpeg","twitter_creator":"@IHEDN","twitter_site":"@IHEDN","twitter_misc":{"Written by":"dev","Estimated reading time":"1 minute"},"schema":{"@context":"https:\/\/schema.org","@graph":[{"@type":"Article","@id":"https:\/\/ihedn.fr\/notre-actualite\/2e-cycle-des-assistants-parlementaires\/#article","isPartOf":{"@id":"https:\/\/ihedn.fr\/notre-actualite\/2e-cycle-des-assistants-parlementaires\/"},"author":{"name":"dev","@id":"https:\/\/ihedn.fr\/#\/schema\/person\/7a40155595e4efb35323447cb8c8c5a4"},"headline":"2e cycle des assistants parlementaires","datePublished":"2023-01-20T13:48:08+00:00","dateModified":"2023-01-20T13:59:44+00:00","mainEntityOfPage":{"@id":"https:\/\/ihedn.fr\/notre-actualite\/2e-cycle-des-assistants-parlementaires\/"},"wordCount":128,"publisher":{"@id":"https:\/\/ihedn.fr\/#organization"},"image":{"@id":"https:\/\/ihedn.fr\/notre-actualite\/2e-cycle-des-assistants-parlementaires\/#primaryimage"},"thumbnailUrl":"https:\/\/ihedn.fr\/wp-content\/uploads\/2023\/01\/002-\u00aeIHEDN-2e-cycle-des-assistants-parlementaires-20230120.jpg","articleSection":["Notre actualit\u00e9"],"inLanguage":"en-GB"},{"@type":"WebPage","@id":"https:\/\/ihedn.fr\/notre-actualite\/2e-cycle-des-assistants-parlementaires\/","url":"https:\/\/ihedn.fr\/notre-actualite\/2e-cycle-des-assistants-parlementaires\/","name":"2nd cycle of parliamentary assistants - L'IHEDN : Institut des hautes \u00e9tudes de d\u00e9fense nationale (Institute for Advanced National Defence Studies)","isPartOf":{"@id":"https:\/\/ihedn.fr\/#website"},"primaryImageOfPage":{"@id":"https:\/\/ihedn.fr\/notre-actualite\/2e-cycle-des-assistants-parlementaires\/#primaryimage"},"image":{"@id":"https:\/\/ihedn.fr\/notre-actualite\/2e-cycle-des-assistants-parlementaires\/#primaryimage"},"thumbnailUrl":"https:\/\/ihedn.fr\/wp-content\/uploads\/2023\/01\/002-\u00aeIHEDN-2e-cycle-des-assistants-parlementaires-20230120.jpg","datePublished":"2023-01-20T13:48:08+00:00","dateModified":"2023-01-20T13:59:44+00:00","description":"From 10 to 12 January, the IHEDN organised the 2nd cycle for parliamentary assistants. The course, which was opened by Prefect Denis Conus, Deputy Director of the IHEDN, enabled 36 parliamentary assistants to gain a comprehensive understanding of defence and security issues and challenges, in relation to current affairs.","breadcrumb":{"@id":"https:\/\/ihedn.fr\/notre-actualite\/2e-cycle-des-assistants-parlementaires\/#breadcrumb"},"inLanguage":"en-GB","potentialAction":[{"@type":"ReadAction","target":["https:\/\/ihedn.fr\/notre-actualite\/2e-cycle-des-assistants-parlementaires\/"]}]},{"@type":"ImageObject","inLanguage":"en-GB","@id":"https:\/\/ihedn.fr\/notre-actualite\/2e-cycle-des-assistants-parlementaires\/#primaryimage","url":"https:\/\/ihedn.fr\/wp-content\/uploads\/2023\/01\/002-\u00aeIHEDN-2e-cycle-des-assistants-parlementaires-20230120.jpg","contentUrl":"https:\/\/ihedn.fr\/wp-content\/uploads\/2023\/01\/002-\u00aeIHEDN-2e-cycle-des-assistants-parlementaires-20230120.jpg","width":1511,"height":951},{"@type":"BreadcrumbList","@id":"https:\/\/ihedn.fr\/notre-actualite\/2e-cycle-des-assistants-parlementaires\/#breadcrumb","itemListElement":[{"@type":"ListItem","position":1,"name":"Accueil","item":"https:\/\/ihedn.fr\/"},{"@type":"ListItem","position":2,"name":"2e cycle des assistants parlementaires"}]},{"@type":"WebSite","@id":"https:\/\/ihedn.fr\/#website","url":"https:\/\/ihedn.fr\/","name":"IHEDN: Institut des hautes \u00e9tudes de d\u00e9fense nationale (Institute for Higher National Defence Studies)","description":"Official website of the IHEDN under the supervision of the Prime Minister.","publisher":{"@id":"https:\/\/ihedn.fr\/#organization"},"potentialAction":[{"@type":"SearchAction","target":{"@type":"EntryPoint","urlTemplate":"https:\/\/ihedn.fr\/?s={search_term_string}"},"query-input":{"@type":"PropertyValueSpecification","valueRequired":true,"valueName":"search_term_string"}}],"inLanguage":"en-GB"},{"@type":"Organization","@id":"https:\/\/ihedn.fr\/#organization","name":"IHEDN - Institute for Higher National Defence Studies","url":"https:\/\/ihedn.fr\/","logo":{"@type":"ImageObject","inLanguage":"en-GB","@id":"https:\/\/ihedn.fr\/#\/schema\/logo\/image\/","url":"https:\/\/ihedn.fr\/wp-content\/uploads\/2020\/11\/BLOC_RF_IHEDN_WEB.png","contentUrl":"https:\/\/ihedn.fr\/wp-content\/uploads\/2020\/11\/BLOC_RF_IHEDN_WEB.png","width":500,"height":237,"caption":"IHEDN - Institut des Hautes Etudes de D\u00e9fense Nationale"},"image":{"@id":"https:\/\/ihedn.fr\/#\/schema\/logo\/image\/"},"sameAs":["https:\/\/www.facebook.com\/ihedn\/","https:\/\/x.com\/IHEDN","https:\/\/www.instagram.com\/ihedn\/","https:\/\/www.linkedin.com\/school\/ihedn\/","https:\/\/fr.wikipedia.org\/wiki\/Institut_des_hautes_\u00e9tudes_de_D\u00e9fense_nationale"]},{"@type":"Person","@id":"https:\/\/ihedn.fr\/#\/schema\/person\/7a40155595e4efb35323447cb8c8c5a4","name":"dev","image":{"@type":"ImageObject","inLanguage":"en-GB","@id":"https:\/\/secure.gravatar.com\/avatar\/f1ffcac9ca2fa95ad3ec33e9be3ade82f752acb0cabe541e56c5889225afa88a?s=96&d=mm&r=g","url":"https:\/\/secure.gravatar.com\/avatar\/f1ffcac9ca2fa95ad3ec33e9be3ade82f752acb0cabe541e56c5889225afa88a?s=96&d=mm&r=g","contentUrl":"https:\/\/secure.gravatar.com\/avatar\/f1ffcac9ca2fa95ad3ec33e9be3ade82f752acb0cabe541e56c5889225afa88a?s=96&d=mm&r=g","caption":"dev"},"sameAs":["https:\/\/ihedn.concilium.click"],"url":"https:\/\/ihedn.fr\/en\/author\/dev\/"}]}},"publishpress_future_action":{"enabled":false,"date":"2026-05-09 11:36:25","action":"change-status","newStatus":"draft","terms":[],"taxonomy":"category","extraData":[]},"publishpress_future_workflow_manual_trigger":{"enabledWorkflows":[]},"_links":{"self":[{"href":"https:\/\/ihedn.fr\/en\/wp-json\/wp\/v2\/posts\/33306","targetHints":{"allow":["GET"]}}],"collection":[{"href":"https:\/\/ihedn.fr\/en\/wp-json\/wp\/v2\/posts"}],"about":[{"href":"https:\/\/ihedn.fr\/en\/wp-json\/wp\/v2\/types\/post"}],"author":[{"embeddable":true,"href":"https:\/\/ihedn.fr\/en\/wp-json\/wp\/v2\/users\/1"}],"replies":[{"embeddable":true,"href":"https:\/\/ihedn.fr\/en\/wp-json\/wp\/v2\/comments?post=33306"}],"version-history":[{"count":6,"href":"https:\/\/ihedn.fr\/en\/wp-json\/wp\/v2\/posts\/33306\/revisions"}],"predecessor-version":[{"id":33316,"href":"https:\/\/ihedn.fr\/en\/wp-json\/wp\/v2\/posts\/33306\/revisions\/33316"}],"wp:featuredmedia":[{"embeddable":true,"href":"https:\/\/ihedn.fr\/en\/wp-json\/wp\/v2\/media\/33309"}],"wp:attachment":[{"href":"https:\/\/ihedn.fr\/en\/wp-json\/wp\/v2\/media?parent=33306"}],"wp:term":[{"taxonomy":"category","embeddable":true,"href":"https:\/\/ihedn.fr\/en\/wp-json\/wp\/v2\/categories?post=33306"},{"taxonomy":"post_tag","embeddable":true,"href":"https:\/\/ihedn.fr\/en\/wp-json\/wp\/v2\/tags?post=33306"}],"curies":[{"name":"wp","href":"https:\/\/api.w.org\/{rel}","templated":true}]}}