{"id":33360,"date":"2023-01-24T10:04:40","date_gmt":"2023-01-24T09:04:40","guid":{"rendered":"https:\/\/ihedn.fr\/?p=33360"},"modified":"2023-01-25T11:28:50","modified_gmt":"2023-01-25T10:28:50","slug":"mission-djibouti-pour-les-auditeurs-de-lihedn","status":"publish","type":"post","link":"https:\/\/ihedn.fr\/en\/notre-actualite\/mission-djibouti-pour-les-auditeurs-de-lihedn\/","title":{"rendered":"Djibouti mission for IHEDN auditors"},"content":{"rendered":"<div data-elementor-type=\"wp-post\" data-elementor-id=\"33360\" class=\"elementor elementor-33360\" data-elementor-post-type=\"post\">\n\t\t\t\t\t\t<section data-particle_enable=\"false\" data-particle-mobile-disabled=\"false\" class=\"elementor-section elementor-top-section elementor-element elementor-element-5604ed3 elementor-section-boxed elementor-section-height-default elementor-section-height-default\" data-id=\"5604ed3\" data-element_type=\"section\" data-e-type=\"section\">\n\t\t\t\t\t\t<div class=\"elementor-container elementor-column-gap-default\">\n\t\t\t\t\t<div class=\"elementor-column elementor-col-100 elementor-top-column elementor-element elementor-element-d097fef\" data-id=\"d097fef\" data-element_type=\"column\" data-e-type=\"column\">\n\t\t\t<div class=\"elementor-widget-wrap elementor-element-populated\">\n\t\t\t\t\t\t<div class=\"elementor-element elementor-element-cc7ead1 elementor-widget elementor-widget-text-editor\" data-id=\"cc7ead1\" data-element_type=\"widget\" data-e-type=\"widget\" data-widget_type=\"text-editor.default\">\n\t\t\t\t<div class=\"elementor-widget-container\">\n\t\t\t\t\t\t\t\t\t<p>These four intense days enabled them to discover first-hand France's political and military objectives and challenges in this region of the Horn of Africa. As the gateway to the Indo-Pacific region, which is so strategic for the future of the world, and home to the world's most important seaway, the umbilical cord between Europe and Asia, the participants were also able to see the extent to which the world's centre of gravity has shifted eastwards. Finally, it was an opportunity for them to meet a people who, despite the difficulties associated with a harsh nature and a very difficult climate far removed from their own sweet France, gave them a very warm welcome as friends.<\/p><p>After landing at 6am on Friday, a public holiday in Djibouti as in all Muslim countries, the listeners took up residence in the hotel and were briefed by the French forces stationed in Djibouti, culminating in a speech by their commander, <strong><span style=\"color: #000091;\">Major General Laurent BOITE<\/span><\/strong>. The fatigue of the night flight, the prospect of leaving for the field at dawn the next day and the short nights ahead meant that listeners were quick to throw themselves into the arms of Morpheus.<\/p>\t\t\t\t\t\t\t\t<\/div>\n\t\t\t\t<\/div>\n\t\t\t\t\t<\/div>\n\t\t<\/div>\n\t\t\t\t\t<\/div>\n\t\t<\/section>\n\t\t\t\t<section data-particle_enable=\"false\" data-particle-mobile-disabled=\"false\" class=\"elementor-section elementor-top-section elementor-element elementor-element-ebd3fbd elementor-section-boxed elementor-section-height-default elementor-section-height-default\" data-id=\"ebd3fbd\" data-element_type=\"section\" data-e-type=\"section\">\n\t\t\t\t\t\t<div class=\"elementor-container elementor-column-gap-default\">\n\t\t\t\t\t<div class=\"elementor-column elementor-col-100 elementor-top-column elementor-element elementor-element-dffc794\" data-id=\"dffc794\" data-element_type=\"column\" data-e-type=\"column\">\n\t\t\t<div class=\"elementor-widget-wrap elementor-element-populated\">\n\t\t\t\t\t\t<div class=\"elementor-element elementor-element-38be8c2 elementor-widget elementor-widget-image\" data-id=\"38be8c2\" data-element_type=\"widget\" data-e-type=\"widget\" data-widget_type=\"image.default\">\n\t\t\t\t<div class=\"elementor-widget-container\">\n\t\t\t\t\t\t\t\t\t\t\t\t<figure class=\"wp-caption\">\n\t\t\t\t\t\t\t\t\t\t<img fetchpriority=\"high\" decoding=\"async\" width=\"1511\" height=\"1009\" src=\"https:\/\/ihedn.fr\/wp-content\/uploads\/2023\/01\/COMFOR.jpg\" class=\"attachment-full size-full wp-image-33371\" alt=\"Le g\u00e9n\u00e9ral de division a\u00e9rienne Laurent BOITE accueillant les auditeurs\" \/>\t\t\t\t\t\t\t\t\t\t\t<figcaption class=\"widget-image-caption wp-caption-text\">Air Force Major General Laurent BOITE welcoming the auditors<\/figcaption>\n\t\t\t\t\t\t\t\t\t\t<\/figure>\n\t\t\t\t\t\t\t\t\t<\/div>\n\t\t\t\t<\/div>\n\t\t\t\t\t<\/div>\n\t\t<\/div>\n\t\t\t\t\t<\/div>\n\t\t<\/section>\n\t\t\t\t<section data-particle_enable=\"false\" data-particle-mobile-disabled=\"false\" class=\"elementor-section elementor-top-section elementor-element elementor-element-d2b513d elementor-section-boxed elementor-section-height-default elementor-section-height-default\" data-id=\"d2b513d\" data-element_type=\"section\" data-e-type=\"section\">\n\t\t\t\t\t\t<div class=\"elementor-container elementor-column-gap-default\">\n\t\t\t\t\t<div class=\"elementor-column elementor-col-100 elementor-top-column elementor-element elementor-element-c894a79\" data-id=\"c894a79\" data-element_type=\"column\" data-e-type=\"column\">\n\t\t\t<div class=\"elementor-widget-wrap elementor-element-populated\">\n\t\t\t\t\t\t<div class=\"elementor-element elementor-element-45d8e97 elementor-widget elementor-widget-text-editor\" data-id=\"45d8e97\" data-element_type=\"widget\" data-e-type=\"widget\" data-widget_type=\"text-editor.default\">\n\t\t\t\t<div class=\"elementor-widget-container\">\n\t\t\t\t\t\t\t\t\t<p>After a quick breakfast, the audience set off for Arta, the venue for the first of three dynamic joint demonstrations of the capabilities of the FFDj. Half of them were able to transit by sea on a French Navy amphibious ship, while the others travelled by lorry over bumpy tracks, experiencing first-hand the rustic conditions experienced by our soldiers, but also benefiting from Djibouti's magnificent wild landscapes.<\/p>\t\t\t\t\t\t\t\t<\/div>\n\t\t\t\t<\/div>\n\t\t\t\t\t<\/div>\n\t\t<\/div>\n\t\t\t\t\t<\/div>\n\t\t<\/section>\n\t\t\t\t<section data-particle_enable=\"false\" data-particle-mobile-disabled=\"false\" class=\"elementor-section elementor-top-section elementor-element elementor-element-46ca6e6 elementor-section-boxed elementor-section-height-default elementor-section-height-default\" data-id=\"46ca6e6\" data-element_type=\"section\" data-e-type=\"section\">\n\t\t\t\t\t\t<div class=\"elementor-container elementor-column-gap-default\">\n\t\t\t\t\t<div class=\"elementor-column elementor-col-100 elementor-top-column elementor-element elementor-element-6b9c2f5\" data-id=\"6b9c2f5\" data-element_type=\"column\" data-e-type=\"column\">\n\t\t\t<div class=\"elementor-widget-wrap elementor-element-populated\">\n\t\t\t\t\t\t<div class=\"elementor-element elementor-element-8d92d2b elementor-widget elementor-widget-image\" data-id=\"8d92d2b\" data-element_type=\"widget\" data-e-type=\"widget\" data-widget_type=\"image.default\">\n\t\t\t\t<div class=\"elementor-widget-container\">\n\t\t\t\t\t\t\t\t\t\t\t\t<figure class=\"wp-caption\">\n\t\t\t\t\t\t\t\t\t\t<img decoding=\"async\" width=\"1511\" height=\"489\" src=\"https:\/\/ihedn.fr\/wp-content\/uploads\/2023\/01\/Convoi.jpg\" class=\"attachment-full size-full wp-image-33372\" alt=\"\" \/>\t\t\t\t\t\t\t\t\t\t\t<figcaption class=\"widget-image-caption wp-caption-text\">Transit by truck through an impressive mineral landscape<\/figcaption>\n\t\t\t\t\t\t\t\t\t\t<\/figure>\n\t\t\t\t\t\t\t\t\t<\/div>\n\t\t\t\t<\/div>\n\t\t\t\t\t<\/div>\n\t\t<\/div>\n\t\t\t\t\t<\/div>\n\t\t<\/section>\n\t\t\t\t<section data-particle_enable=\"false\" data-particle-mobile-disabled=\"false\" class=\"elementor-section elementor-top-section elementor-element elementor-element-a04aaf7 elementor-section-boxed elementor-section-height-default elementor-section-height-default\" data-id=\"a04aaf7\" data-element_type=\"section\" data-e-type=\"section\">\n\t\t\t\t\t\t<div class=\"elementor-container elementor-column-gap-default\">\n\t\t\t\t\t<div class=\"elementor-column elementor-col-100 elementor-top-column elementor-element elementor-element-c752c6e\" data-id=\"c752c6e\" data-element_type=\"column\" data-e-type=\"column\">\n\t\t\t<div class=\"elementor-widget-wrap elementor-element-populated\">\n\t\t\t\t\t\t<div class=\"elementor-element elementor-element-58ceec6 elementor-widget elementor-widget-text-editor\" data-id=\"58ceec6\" data-element_type=\"widget\" data-e-type=\"widget\" data-widget_type=\"text-editor.default\">\n\t\t\t\t<div class=\"elementor-widget-container\">\n\t\t\t\t\t\t\t\t\t<p>On this extraordinary site, with the Gulf of Tadjourah as a backdrop, listeners were able to witness the first \"sea to land\" operation to free a French hostage several thousand kilometres from France, recalling the operations to free the hostages of Le Ponant, Le Carr\u00e9 d'As and La Tanit off the coast of Somalia in 2008 and 2009.<\/p><p>Listeners were able to witness a real joint operation in which the marine commandos of the Jaubert commando, assisted by Army helicopters and an Air Force fighter jet, parachuted in with their equipment, attacked the terrorist camp, freed the hostage and were then exfiltrated, all in record time and with a total element of surprise.<\/p>\t\t\t\t\t\t\t\t<\/div>\n\t\t\t\t<\/div>\n\t\t\t\t\t<\/div>\n\t\t<\/div>\n\t\t\t\t\t<\/div>\n\t\t<\/section>\n\t\t\t\t<section data-particle_enable=\"false\" data-particle-mobile-disabled=\"false\" class=\"elementor-section elementor-top-section elementor-element elementor-element-459100b elementor-section-boxed elementor-section-height-default elementor-section-height-default\" data-id=\"459100b\" data-element_type=\"section\" data-e-type=\"section\">\n\t\t\t\t\t\t<div class=\"elementor-container elementor-column-gap-default\">\n\t\t\t\t\t<div class=\"elementor-column elementor-col-50 elementor-top-column elementor-element elementor-element-c3d3a30\" data-id=\"c3d3a30\" data-element_type=\"column\" data-e-type=\"column\">\n\t\t\t<div class=\"elementor-widget-wrap\">\n\t\t\t\t\t\t\t<\/div>\n\t\t<\/div>\n\t\t\t\t<div class=\"elementor-column elementor-col-50 elementor-top-column elementor-element elementor-element-cdbe8c0\" data-id=\"cdbe8c0\" data-element_type=\"column\" data-e-type=\"column\">\n\t\t\t<div class=\"elementor-widget-wrap\">\n\t\t\t\t\t\t\t<\/div>\n\t\t<\/div>\n\t\t\t\t\t<\/div>\n\t\t<\/section>\n\t\t\t\t<section data-particle_enable=\"false\" data-particle-mobile-disabled=\"false\" class=\"elementor-section elementor-top-section elementor-element elementor-element-40385fc elementor-section-boxed elementor-section-height-default elementor-section-height-default\" data-id=\"40385fc\" data-element_type=\"section\" data-e-type=\"section\">\n\t\t\t\t\t\t<div class=\"elementor-container elementor-column-gap-default\">\n\t\t\t\t\t<div class=\"elementor-column elementor-col-100 elementor-top-column elementor-element elementor-element-b4d5bb9\" data-id=\"b4d5bb9\" data-element_type=\"column\" data-e-type=\"column\">\n\t\t\t<div class=\"elementor-widget-wrap elementor-element-populated\">\n\t\t\t\t\t\t<section data-particle_enable=\"false\" data-particle-mobile-disabled=\"false\" class=\"elementor-section elementor-inner-section elementor-element elementor-element-cf9b00a elementor-section-boxed elementor-section-height-default elementor-section-height-default\" data-id=\"cf9b00a\" data-element_type=\"section\" data-e-type=\"section\">\n\t\t\t\t\t\t<div class=\"elementor-container elementor-column-gap-default\">\n\t\t\t\t\t<div class=\"elementor-column elementor-col-50 elementor-inner-column elementor-element elementor-element-ae54432\" data-id=\"ae54432\" data-element_type=\"column\" data-e-type=\"column\">\n\t\t\t<div class=\"elementor-widget-wrap elementor-element-populated\">\n\t\t\t\t\t\t<div class=\"elementor-element elementor-element-673dd36 elementor-widget elementor-widget-image\" data-id=\"673dd36\" data-element_type=\"widget\" data-e-type=\"widget\" data-widget_type=\"image.default\">\n\t\t\t\t<div class=\"elementor-widget-container\">\n\t\t\t\t\t\t\t\t\t\t\t\t\t\t\t<img decoding=\"async\" src=\"https:\/\/ihedn.fr\/wp-content\/uploads\/2023\/01\/Grappe-Arta.jpg\" title=\"Arta cluster\" alt=\"Exfiltration en grappe des commandos marine et de l\u2019otage lib\u00e9r\u00e9 par un Puma de l\u2019arm\u00e9e de Terre\u2026\" loading=\"lazy\" \/>\t\t\t\t\t\t\t\t\t\t\t\t\t\t\t<\/div>\n\t\t\t\t<\/div>\n\t\t\t\t\t<\/div>\n\t\t<\/div>\n\t\t\t\t<div class=\"elementor-column elementor-col-50 elementor-inner-column elementor-element elementor-element-004a853\" data-id=\"004a853\" data-element_type=\"column\" data-e-type=\"column\">\n\t\t\t<div class=\"elementor-widget-wrap elementor-element-populated\">\n\t\t\t\t\t\t<div class=\"elementor-element elementor-element-38be974 elementor-widget elementor-widget-image\" data-id=\"38be974\" data-element_type=\"widget\" data-e-type=\"widget\" data-widget_type=\"image.default\">\n\t\t\t\t<div class=\"elementor-widget-container\">\n\t\t\t\t\t\t\t\t\t\t\t\t\t\t\t<img decoding=\"async\" src=\"https:\/\/ihedn.fr\/wp-content\/uploads\/2023\/01\/Auditeurs-Arta.jpg\" title=\"Arta listeners\" alt=\"\u2026 devant des auditeurs admiratifs\" loading=\"lazy\" \/>\t\t\t\t\t\t\t\t\t\t\t\t\t\t\t<\/div>\n\t\t\t\t<\/div>\n\t\t\t\t\t<\/div>\n\t\t<\/div>\n\t\t\t\t\t<\/div>\n\t\t<\/section>\n\t\t\t\t<div class=\"elementor-element elementor-element-a640769 elementor-widget elementor-widget-text-editor\" data-id=\"a640769\" data-element_type=\"widget\" data-e-type=\"widget\" data-widget_type=\"text-editor.default\">\n\t\t\t\t<div class=\"elementor-widget-container\">\n\t\t\t\t\t\t\t\t\t<p><em>Cluster exfiltration of the marine commandos and the hostage freed by an Army Puma <\/em><em>in front of an admiring audience.<\/em><\/p>\t\t\t\t\t\t\t\t<\/div>\n\t\t\t\t<\/div>\n\t\t\t\t\t<\/div>\n\t\t<\/div>\n\t\t\t\t\t<\/div>\n\t\t<\/section>\n\t\t\t\t<section data-particle_enable=\"false\" data-particle-mobile-disabled=\"false\" class=\"elementor-section elementor-top-section elementor-element elementor-element-c6507b8 elementor-section-boxed elementor-section-height-default elementor-section-height-default\" data-id=\"c6507b8\" data-element_type=\"section\" data-e-type=\"section\">\n\t\t\t\t\t\t<div class=\"elementor-container elementor-column-gap-default\">\n\t\t\t\t\t<div class=\"elementor-column elementor-col-100 elementor-top-column elementor-element elementor-element-d4a2e05\" data-id=\"d4a2e05\" data-element_type=\"column\" data-e-type=\"column\">\n\t\t\t<div class=\"elementor-widget-wrap elementor-element-populated\">\n\t\t\t\t\t\t<div class=\"elementor-element elementor-element-00871bb elementor-widget elementor-widget-text-editor\" data-id=\"00871bb\" data-element_type=\"widget\" data-e-type=\"widget\" data-widget_type=\"text-editor.default\">\n\t\t\t\t<div class=\"elementor-widget-container\">\n\t\t\t\t\t\t\t\t\t<p>After a rousing wake-up call by the marine commandos, the audience moved on to the Koron area to watch a joint demonstration of \"Air-land combat in desert areas\" by the 5th RIAOM and the Djibouti Armed Forces (FAD), supported once again by Army helicopters and combat aircraft from the Air Force and Space Agency.<\/p><p>After visiting the army's equipment and talking to the soldiers who use it, the auditors were particularly impressed by the deployment of a joint battle group (GTIA) presented by <span style=\"color: #000091;\"><strong>Colonel S\u00e9bastien Botheron<\/strong><\/span>Commander of the 5<sup>e<\/sup> RIAOM. Comprising AMX 10 RCR tanks, CAESAR guns, infantry fighting vehicles (VBCI), light armoured vehicles (VBL), and PUMA and Gazelle helicopters, this GTIA fought a fictitious enemy with live fire in one of the few training areas in the world offering this possibility.o.<\/p>\t\t\t\t\t\t\t\t<\/div>\n\t\t\t\t<\/div>\n\t\t\t\t\t<\/div>\n\t\t<\/div>\n\t\t\t\t\t<\/div>\n\t\t<\/section>\n\t\t\t\t<section data-particle_enable=\"false\" data-particle-mobile-disabled=\"false\" class=\"elementor-section elementor-top-section elementor-element elementor-element-ba49a6c elementor-section-boxed elementor-section-height-default elementor-section-height-default\" data-id=\"ba49a6c\" data-element_type=\"section\" data-e-type=\"section\">\n\t\t\t\t\t\t<div class=\"elementor-container elementor-column-gap-default\">\n\t\t\t\t\t<div class=\"elementor-column elementor-col-100 elementor-top-column elementor-element elementor-element-e43145d\" data-id=\"e43145d\" data-element_type=\"column\" data-e-type=\"column\">\n\t\t\t<div class=\"elementor-widget-wrap elementor-element-populated\">\n\t\t\t\t\t\t<div class=\"elementor-element elementor-element-4c8a3a2 elementor-widget elementor-widget-gallery\" data-id=\"4c8a3a2\" data-element_type=\"widget\" data-e-type=\"widget\" data-settings=\"{&quot;columns&quot;:3,&quot;gap&quot;:{&quot;unit&quot;:&quot;px&quot;,&quot;size&quot;:5,&quot;sizes&quot;:[]},&quot;overlay_description&quot;:&quot;caption&quot;,&quot;lazyload&quot;:&quot;yes&quot;,&quot;gallery_layout&quot;:&quot;grid&quot;,&quot;columns_tablet&quot;:2,&quot;columns_mobile&quot;:1,&quot;gap_tablet&quot;:{&quot;unit&quot;:&quot;px&quot;,&quot;size&quot;:10,&quot;sizes&quot;:[]},&quot;gap_mobile&quot;:{&quot;unit&quot;:&quot;px&quot;,&quot;size&quot;:10,&quot;sizes&quot;:[]},&quot;link_to&quot;:&quot;file&quot;,&quot;aspect_ratio&quot;:&quot;3:2&quot;,&quot;overlay_background&quot;:&quot;yes&quot;,&quot;content_hover_animation&quot;:&quot;fade-in&quot;}\" data-widget_type=\"gallery.default\">\n\t\t\t\t<div class=\"elementor-widget-container\">\n\t\t\t\t\t\t\t<div class=\"elementor-gallery__container\">\n\t\t\t\t\t\t\t<a class=\"e-gallery-item elementor-gallery-item elementor-animated-content\" href=\"https:\/\/ihedn.fr\/wp-content\/uploads\/2023\/01\/Briefin-CDT-RIAOM.jpg\" data-elementor-open-lightbox=\"yes\" data-elementor-lightbox-slideshow=\"4c8a3a2\" data-elementor-lightbox-description=\"Les auditeurs attentifs au briefing du Colonel S\u00e9bastien Botheron\" data-e-action-hash=\"#elementor-action%3Aaction%3Dlightbox%26settings%3DeyJpZCI6MzMzNzAsInVybCI6Imh0dHBzOlwvXC9paGVkbi5mclwvd3AtY29udGVudFwvdXBsb2Fkc1wvMjAyM1wvMDFcL0JyaWVmaW4tQ0RULVJJQU9NLmpwZyIsInNsaWRlc2hvdyI6IjRjOGEzYTIifQ%3D%3D\">\n\t\t\t\t\t<div class=\"e-gallery-image elementor-gallery-item__image\" data-thumbnail=\"https:\/\/ihedn.fr\/wp-content\/uploads\/2023\/01\/Briefin-CDT-RIAOM.jpg\" data-width=\"1511\" data-height=\"581\" aria-label=\"\" role=\"img\" ><\/div>\n\t\t\t\t\t\t\t\t\t\t\t<div class=\"elementor-gallery-item__overlay\"><\/div>\n\t\t\t\t\t\t\t\t\t\t\t\t\t\t\t<div class=\"elementor-gallery-item__content\">\n\t\t\t\t\t\t\t\t\t\t\t\t\t\t<div class=\"elementor-gallery-item__description\">\n\t\t\t\t\t\t\t\t\t\t\t\t\t\t\t\t\t\tThe audience listens attentively to Colonel S\u00e9bastien Botheron's briefing\t\t\t\t\t\t\t\t<\/div>\n\t\t\t\t\t\t\t\t\t\t\t\t<\/div>\n\t\t\t\t\t\t\t\t\t<\/a>\n\t\t\t\t\t\t\t<a class=\"e-gallery-item elementor-gallery-item elementor-animated-content\" href=\"https:\/\/ihedn.fr\/wp-content\/uploads\/2023\/01\/IMG_0080.jpg\" data-elementor-open-lightbox=\"yes\" data-elementor-lightbox-slideshow=\"4c8a3a2\" data-elementor-lightbox-description=\"Tir fictif d\u2019un canon CAESAR\" data-e-action-hash=\"#elementor-action%3Aaction%3Dlightbox%26settings%3DeyJpZCI6MzMzNzUsInVybCI6Imh0dHBzOlwvXC9paGVkbi5mclwvd3AtY29udGVudFwvdXBsb2Fkc1wvMjAyM1wvMDFcL0lNR18wMDgwLmpwZyIsInNsaWRlc2hvdyI6IjRjOGEzYTIifQ%3D%3D\">\n\t\t\t\t\t<div class=\"e-gallery-image elementor-gallery-item__image\" data-thumbnail=\"https:\/\/ihedn.fr\/wp-content\/uploads\/2023\/01\/IMG_0080.jpg\" data-width=\"1511\" data-height=\"1133\" aria-label=\"\" role=\"img\" ><\/div>\n\t\t\t\t\t\t\t\t\t\t\t<div class=\"elementor-gallery-item__overlay\"><\/div>\n\t\t\t\t\t\t\t\t\t\t\t\t\t\t\t<div class=\"elementor-gallery-item__content\">\n\t\t\t\t\t\t\t\t\t\t\t\t\t\t<div class=\"elementor-gallery-item__description\">\n\t\t\t\t\t\t\t\t\t\t\t\t\t\t\t\t\t\tMock firing of a CAESAR cannon\t\t\t\t\t\t\t\t<\/div>\n\t\t\t\t\t\t\t\t\t\t\t\t<\/div>\n\t\t\t\t\t\t\t\t\t<\/a>\n\t\t\t\t\t\t\t<a class=\"e-gallery-item elementor-gallery-item elementor-animated-content\" href=\"https:\/\/ihedn.fr\/wp-content\/uploads\/2023\/01\/IMG_0109.jpg\" data-elementor-open-lightbox=\"yes\" data-elementor-lightbox-slideshow=\"4c8a3a2\" data-elementor-lightbox-description=\"Un soldat des forces arm\u00e9es djiboutiennes d\u00e9crivant les capacit\u00e9s de son engin blind\u00e9\" data-e-action-hash=\"#elementor-action%3Aaction%3Dlightbox%26settings%3DeyJpZCI6MzMzNzcsInVybCI6Imh0dHBzOlwvXC9paGVkbi5mclwvd3AtY29udGVudFwvdXBsb2Fkc1wvMjAyM1wvMDFcL0lNR18wMTA5LmpwZyIsInNsaWRlc2hvdyI6IjRjOGEzYTIifQ%3D%3D\">\n\t\t\t\t\t<div class=\"e-gallery-image elementor-gallery-item__image\" data-thumbnail=\"https:\/\/ihedn.fr\/wp-content\/uploads\/2023\/01\/IMG_0109.jpg\" data-width=\"1511\" data-height=\"1133\" aria-label=\"\" role=\"img\" ><\/div>\n\t\t\t\t\t\t\t\t\t\t\t<div class=\"elementor-gallery-item__overlay\"><\/div>\n\t\t\t\t\t\t\t\t\t\t\t\t\t\t\t<div class=\"elementor-gallery-item__content\">\n\t\t\t\t\t\t\t\t\t\t\t\t\t\t<div class=\"elementor-gallery-item__description\">\n\t\t\t\t\t\t\t\t\t\t\t\t\t\t\t\t\t\tA soldier from the Djibouti armed forces describing the capabilities of his armoured vehicle\t\t\t\t\t\t\t\t<\/div>\n\t\t\t\t\t\t\t\t\t\t\t\t<\/div>\n\t\t\t\t\t\t\t\t\t<\/a>\n\t\t\t\t\t\t\t<a class=\"e-gallery-item elementor-gallery-item elementor-animated-content\" href=\"https:\/\/ihedn.fr\/wp-content\/uploads\/2023\/01\/IMG_0091.jpg\" data-elementor-open-lightbox=\"yes\" data-elementor-lightbox-slideshow=\"4c8a3a2\" data-elementor-lightbox-description=\"D\u00e9monstration d\u2019une op\u00e9ration de d\u00e9minage\" data-e-action-hash=\"#elementor-action%3Aaction%3Dlightbox%26settings%3DeyJpZCI6MzMzNzYsInVybCI6Imh0dHBzOlwvXC9paGVkbi5mclwvd3AtY29udGVudFwvdXBsb2Fkc1wvMjAyM1wvMDFcL0lNR18wMDkxLmpwZyIsInNsaWRlc2hvdyI6IjRjOGEzYTIifQ%3D%3D\">\n\t\t\t\t\t<div class=\"e-gallery-image elementor-gallery-item__image\" data-thumbnail=\"https:\/\/ihedn.fr\/wp-content\/uploads\/2023\/01\/IMG_0091.jpg\" data-width=\"1511\" data-height=\"1133\" aria-label=\"\" role=\"img\" ><\/div>\n\t\t\t\t\t\t\t\t\t\t\t<div class=\"elementor-gallery-item__overlay\"><\/div>\n\t\t\t\t\t\t\t\t\t\t\t\t\t\t\t<div class=\"elementor-gallery-item__content\">\n\t\t\t\t\t\t\t\t\t\t\t\t\t\t<div class=\"elementor-gallery-item__description\">\n\t\t\t\t\t\t\t\t\t\t\t\t\t\t\t\t\t\tDemonstration of a mine clearance operation\t\t\t\t\t\t\t\t<\/div>\n\t\t\t\t\t\t\t\t\t\t\t\t<\/div>\n\t\t\t\t\t\t\t\t\t<\/a>\n\t\t\t\t\t\t\t<a class=\"e-gallery-item elementor-gallery-item elementor-animated-content\" href=\"https:\/\/ihedn.fr\/wp-content\/uploads\/2023\/01\/GOPR4502.jpg\" data-elementor-open-lightbox=\"yes\" data-elementor-lightbox-slideshow=\"4c8a3a2\" data-elementor-lightbox-description=\"Engagement d\u2019un GTIA avec tirs r\u00e9els en zone d\u00e9sertique\" data-e-action-hash=\"#elementor-action%3Aaction%3Dlightbox%26settings%3DeyJpZCI6MzMzNzMsInVybCI6Imh0dHBzOlwvXC9paGVkbi5mclwvd3AtY29udGVudFwvdXBsb2Fkc1wvMjAyM1wvMDFcL0dPUFI0NTAyLmpwZyIsInNsaWRlc2hvdyI6IjRjOGEzYTIifQ%3D%3D\">\n\t\t\t\t\t<div class=\"e-gallery-image elementor-gallery-item__image\" data-thumbnail=\"https:\/\/ihedn.fr\/wp-content\/uploads\/2023\/01\/GOPR4502.jpg\" data-width=\"1511\" data-height=\"1133\" aria-label=\"\" role=\"img\" ><\/div>\n\t\t\t\t\t\t\t\t\t\t\t<div class=\"elementor-gallery-item__overlay\"><\/div>\n\t\t\t\t\t\t\t\t\t\t\t\t\t\t\t<div class=\"elementor-gallery-item__content\">\n\t\t\t\t\t\t\t\t\t\t\t\t\t\t<div class=\"elementor-gallery-item__description\">\n\t\t\t\t\t\t\t\t\t\t\t\t\t\t\t\t\t\tEngagement of an ERTG with live firing in a desert zone\t\t\t\t\t\t\t\t<\/div>\n\t\t\t\t\t\t\t\t\t\t\t\t<\/div>\n\t\t\t\t\t\t\t\t\t<\/a>\n\t\t\t\t\t\t\t<a class=\"e-gallery-item elementor-gallery-item elementor-animated-content\" href=\"https:\/\/ihedn.fr\/wp-content\/uploads\/2023\/01\/Tireurs-delite.jpg\" data-elementor-open-lightbox=\"yes\" data-elementor-lightbox-slideshow=\"4c8a3a2\" data-elementor-lightbox-description=\"Tireurs d\u2019\u00e9lite en position de tir\" data-e-action-hash=\"#elementor-action%3Aaction%3Dlightbox%26settings%3DeyJpZCI6MzMzODIsInVybCI6Imh0dHBzOlwvXC9paGVkbi5mclwvd3AtY29udGVudFwvdXBsb2Fkc1wvMjAyM1wvMDFcL1RpcmV1cnMtZGVsaXRlLmpwZyIsInNsaWRlc2hvdyI6IjRjOGEzYTIifQ%3D%3D\">\n\t\t\t\t\t<div class=\"e-gallery-image elementor-gallery-item__image\" data-thumbnail=\"https:\/\/ihedn.fr\/wp-content\/uploads\/2023\/01\/Tireurs-delite.jpg\" data-width=\"1511\" data-height=\"1123\" aria-label=\"\" role=\"img\" ><\/div>\n\t\t\t\t\t\t\t\t\t\t\t<div class=\"elementor-gallery-item__overlay\"><\/div>\n\t\t\t\t\t\t\t\t\t\t\t\t\t\t\t<div class=\"elementor-gallery-item__content\">\n\t\t\t\t\t\t\t\t\t\t\t\t\t\t<div class=\"elementor-gallery-item__description\">\n\t\t\t\t\t\t\t\t\t\t\t\t\t\t\t\t\t\tSnipers in firing position\t\t\t\t\t\t\t\t<\/div>\n\t\t\t\t\t\t\t\t\t\t\t\t<\/div>\n\t\t\t\t\t\t\t\t\t<\/a>\n\t\t\t\t\t<\/div>\n\t\t\t\t\t<\/div>\n\t\t\t\t<\/div>\n\t\t\t\t\t<\/div>\n\t\t<\/div>\n\t\t\t\t\t<\/div>\n\t\t<\/section>\n\t\t\t\t<section data-particle_enable=\"false\" data-particle-mobile-disabled=\"false\" class=\"elementor-section elementor-top-section elementor-element elementor-element-1e57f85 elementor-section-boxed elementor-section-height-default elementor-section-height-default\" data-id=\"1e57f85\" data-element_type=\"section\" data-e-type=\"section\">\n\t\t\t\t\t\t<div class=\"elementor-container elementor-column-gap-default\">\n\t\t\t\t\t<div class=\"elementor-column elementor-col-100 elementor-top-column elementor-element elementor-element-40637bb\" data-id=\"40637bb\" data-element_type=\"column\" data-e-type=\"column\">\n\t\t\t<div class=\"elementor-widget-wrap elementor-element-populated\">\n\t\t\t\t\t\t<div class=\"elementor-element elementor-element-f753152 elementor-widget elementor-widget-text-editor\" data-id=\"f753152\" data-element_type=\"widget\" data-e-type=\"widget\" data-widget_type=\"text-editor.default\">\n\t\t\t\t<div class=\"elementor-widget-container\">\n\t\t\t\t\t\t\t\t\t<p>Finally, at sunset, presented by <span style=\"color: #000091;\"><strong>Colonel Fabien Coulibaly<\/strong><\/span>The final highlight of the day, which was devoted to the capabilities of the armed forces, was a third-dimensional interaction between air force and space force resources, supported by French army helicopters. To the roar of jet engines, the audience was treated to a succession of breathtaking aerial demonstrations, during which they were able to admire the exceptional manoeuvrability of the Rafale multirole fighter aircraft used by the French Navy and Air Force. \u00a0<\/p><p>One last, and by no means least, capability of the French Armed Forces, which was of direct benefit to the listeners, was the ability to set up a bivouac in the middle of the desert to house and feed 500 soldiers, providing them with all the necessary logistical support, not forgetting the traditional flagpole at the top of which flew proudly the Djiboutian and French flags.<\/p><p>After a dinner in the desert in the purest tradition of the French armies, topped off with a few victuals brought by the listeners to thank their Djiboutian hosts and concluded with the traditional songs of the marsouins, legionnaires and sailors, the listeners fell asleep in their tents; it had been a long and hectic day!<\/p>\t\t\t\t\t\t\t\t<\/div>\n\t\t\t\t<\/div>\n\t\t\t\t\t<\/div>\n\t\t<\/div>\n\t\t\t\t\t<\/div>\n\t\t<\/section>\n\t\t\t\t<section data-particle_enable=\"false\" data-particle-mobile-disabled=\"false\" class=\"elementor-section elementor-top-section elementor-element elementor-element-2a5a109 elementor-section-boxed elementor-section-height-default elementor-section-height-default\" data-id=\"2a5a109\" data-element_type=\"section\" data-e-type=\"section\">\n\t\t\t\t\t\t<div class=\"elementor-container elementor-column-gap-default\">\n\t\t\t\t\t<div class=\"elementor-column elementor-col-100 elementor-top-column elementor-element elementor-element-5651964\" data-id=\"5651964\" data-element_type=\"column\" data-e-type=\"column\">\n\t\t\t<div class=\"elementor-widget-wrap elementor-element-populated\">\n\t\t\t\t\t\t<section data-particle_enable=\"false\" data-particle-mobile-disabled=\"false\" class=\"elementor-section elementor-inner-section elementor-element elementor-element-9fbf354 elementor-section-boxed elementor-section-height-default elementor-section-height-default\" data-id=\"9fbf354\" data-element_type=\"section\" data-e-type=\"section\">\n\t\t\t\t\t\t<div class=\"elementor-container elementor-column-gap-default\">\n\t\t\t\t\t<div class=\"elementor-column elementor-col-50 elementor-inner-column elementor-element elementor-element-bb7cba0\" data-id=\"bb7cba0\" data-element_type=\"column\" data-e-type=\"column\">\n\t\t\t<div class=\"elementor-widget-wrap elementor-element-populated\">\n\t\t\t\t\t\t<div class=\"elementor-element elementor-element-670d20f elementor-widget elementor-widget-image\" data-id=\"670d20f\" data-element_type=\"widget\" data-e-type=\"widget\" data-widget_type=\"image.default\">\n\t\t\t\t<div class=\"elementor-widget-container\">\n\t\t\t\t\t\t\t\t\t\t\t\t<figure class=\"wp-caption\">\n\t\t\t\t\t\t\t\t\t\t<img decoding=\"async\" width=\"1511\" height=\"1058\" src=\"https:\/\/ihedn.fr\/wp-content\/uploads\/2023\/01\/XYLH3769.jpg\" class=\"attachment-full size-full wp-image-33383\" alt=\"\" \/>\t\t\t\t\t\t\t\t\t\t\t<figcaption class=\"widget-image-caption wp-caption-text\">Listeners settle into their tents <\/figcaption>\n\t\t\t\t\t\t\t\t\t\t<\/figure>\n\t\t\t\t\t\t\t\t\t<\/div>\n\t\t\t\t<\/div>\n\t\t\t\t\t<\/div>\n\t\t<\/div>\n\t\t\t\t<div class=\"elementor-column elementor-col-50 elementor-inner-column elementor-element elementor-element-0c8a319\" data-id=\"0c8a319\" data-element_type=\"column\" data-e-type=\"column\">\n\t\t\t<div class=\"elementor-widget-wrap elementor-element-populated\">\n\t\t\t\t\t\t<div class=\"elementor-element elementor-element-6404299 elementor-widget elementor-widget-image\" data-id=\"6404299\" data-element_type=\"widget\" data-e-type=\"widget\" data-widget_type=\"image.default\">\n\t\t\t\t<div class=\"elementor-widget-container\">\n\t\t\t\t\t\t\t\t\t\t\t\t<figure class=\"wp-caption\">\n\t\t\t\t\t\t\t\t\t\t<img loading=\"lazy\" decoding=\"async\" width=\"767\" height=\"392\" src=\"https:\/\/ihedn.fr\/wp-content\/uploads\/2023\/01\/Bivouac.jpg\" class=\"attachment-full size-full wp-image-33369\" alt=\"\" \/>\t\t\t\t\t\t\t\t\t\t\t<figcaption class=\"widget-image-caption wp-caption-text\">Dinner at a desert bivouac<\/figcaption>\n\t\t\t\t\t\t\t\t\t\t<\/figure>\n\t\t\t\t\t\t\t\t\t<\/div>\n\t\t\t\t<\/div>\n\t\t\t\t\t<\/div>\n\t\t<\/div>\n\t\t\t\t\t<\/div>\n\t\t<\/section>\n\t\t\t\t\t<\/div>\n\t\t<\/div>\n\t\t\t\t\t<\/div>\n\t\t<\/section>\n\t\t\t\t<section data-particle_enable=\"false\" data-particle-mobile-disabled=\"false\" class=\"elementor-section elementor-top-section elementor-element elementor-element-6ae8af5 elementor-section-boxed elementor-section-height-default elementor-section-height-default\" data-id=\"6ae8af5\" data-element_type=\"section\" data-e-type=\"section\">\n\t\t\t\t\t\t<div class=\"elementor-container elementor-column-gap-default\">\n\t\t\t\t\t<div class=\"elementor-column elementor-col-100 elementor-top-column elementor-element elementor-element-e13d455\" data-id=\"e13d455\" data-element_type=\"column\" data-e-type=\"column\">\n\t\t\t<div class=\"elementor-widget-wrap elementor-element-populated\">\n\t\t\t\t\t\t<div class=\"elementor-element elementor-element-f5ed41b elementor-widget elementor-widget-text-editor\" data-id=\"f5ed41b\" data-element_type=\"widget\" data-e-type=\"widget\" data-widget_type=\"text-editor.default\">\n\t\t\t\t<div class=\"elementor-widget-container\">\n\t\t\t\t\t\t\t\t\t<p>But it was a short night, as the listeners were rudely awakened by the bugle call at 3.45am on Sunday morning! After a quick wash in the communal washbasins outside the tents and a quick breakfast, they had to get back in the lorries to get back on the track and head back to the hotel.<\/p>\t\t\t\t\t\t\t\t<\/div>\n\t\t\t\t<\/div>\n\t\t\t\t\t<\/div>\n\t\t<\/div>\n\t\t\t\t\t<\/div>\n\t\t<\/section>\n\t\t\t\t<section data-particle_enable=\"false\" data-particle-mobile-disabled=\"false\" class=\"elementor-section elementor-top-section elementor-element elementor-element-de04720 elementor-section-boxed elementor-section-height-default elementor-section-height-default\" data-id=\"de04720\" data-element_type=\"section\" data-e-type=\"section\">\n\t\t\t\t\t\t<div class=\"elementor-container elementor-column-gap-default\">\n\t\t\t\t\t<div class=\"elementor-column elementor-col-100 elementor-top-column elementor-element elementor-element-3802666\" data-id=\"3802666\" data-element_type=\"column\" data-e-type=\"column\">\n\t\t\t<div class=\"elementor-widget-wrap elementor-element-populated\">\n\t\t\t\t\t\t<div class=\"elementor-element elementor-element-51b620e elementor-widget elementor-widget-image\" data-id=\"51b620e\" data-element_type=\"widget\" data-e-type=\"widget\" data-widget_type=\"image.default\">\n\t\t\t\t<div class=\"elementor-widget-container\">\n\t\t\t\t\t\t\t\t\t\t\t\t<figure class=\"wp-caption\">\n\t\t\t\t\t\t\t\t\t\t<img loading=\"lazy\" decoding=\"async\" width=\"1511\" height=\"510\" src=\"https:\/\/ihedn.fr\/wp-content\/uploads\/2023\/01\/Retour-camions.jpg\" class=\"attachment-full size-full wp-image-33381\" alt=\"\" \/>\t\t\t\t\t\t\t\t\t\t\t<figcaption class=\"widget-image-caption wp-caption-text\">Back in the truck after a short night<\/figcaption>\n\t\t\t\t\t\t\t\t\t\t<\/figure>\n\t\t\t\t\t\t\t\t\t<\/div>\n\t\t\t\t<\/div>\n\t\t\t\t\t<\/div>\n\t\t<\/div>\n\t\t\t\t\t<\/div>\n\t\t<\/section>\n\t\t\t\t<section data-particle_enable=\"false\" data-particle-mobile-disabled=\"false\" class=\"elementor-section elementor-top-section elementor-element elementor-element-98cbe47 elementor-section-boxed elementor-section-height-default elementor-section-height-default\" data-id=\"98cbe47\" data-element_type=\"section\" data-e-type=\"section\">\n\t\t\t\t\t\t<div class=\"elementor-container elementor-column-gap-default\">\n\t\t\t\t\t<div class=\"elementor-column elementor-col-100 elementor-top-column elementor-element elementor-element-842adfc\" data-id=\"842adfc\" data-element_type=\"column\" data-e-type=\"column\">\n\t\t\t<div class=\"elementor-widget-wrap elementor-element-populated\">\n\t\t\t\t\t\t<div class=\"elementor-element elementor-element-65fa972 elementor-widget elementor-widget-text-editor\" data-id=\"65fa972\" data-element_type=\"widget\" data-e-type=\"widget\" data-widget_type=\"text-editor.default\">\n\t\t\t\t<div class=\"elementor-widget-container\">\n\t\t\t\t\t\t\t\t\t<p>After a short refresher course, it was time for a change of scenery as the audience moved from the practicalities of the field to the theory of conferences and strategic debates with the highest local authorities.<\/p><p>These were launched by an intervention from <strong><span style=\"color: #000091;\">H.E. Mrs Dana PURCARESCU<\/span><\/strong>France's ambassador to Djibouti. \u00a0<\/p><p>This was followed by a round table discussion on the major challenges facing the Indo-Pacific region, bringing together <strong><span style=\"color: #000091;\">H.E. Umio OTSUKA<\/span><\/strong>Ambassador of Japan, <strong><span style=\"color: #000091;\">H.E. Mr Ramachandran CHANDRAMOULI<\/span><\/strong>Ambassador of India and <strong><span style=\"color: #000091;\">Ms Andrea TOMASZEWICZ<\/span><\/strong>Charg\u00e9 d'affaires a.i. of the United States Embassy to the Republic of Djibouti. The auditors were thus able to improve their knowledge of the major issues at stake in this strategic zone and the perception of some of France's main partners.<\/p>\t\t\t\t\t\t\t\t<\/div>\n\t\t\t\t<\/div>\n\t\t\t\t\t<\/div>\n\t\t<\/div>\n\t\t\t\t\t<\/div>\n\t\t<\/section>\n\t\t\t\t<section data-particle_enable=\"false\" data-particle-mobile-disabled=\"false\" class=\"elementor-section elementor-top-section elementor-element elementor-element-4f8eec9 elementor-section-boxed elementor-section-height-default elementor-section-height-default\" data-id=\"4f8eec9\" data-element_type=\"section\" data-e-type=\"section\">\n\t\t\t\t\t\t<div class=\"elementor-container elementor-column-gap-default\">\n\t\t\t\t\t<div class=\"elementor-column elementor-col-100 elementor-top-column elementor-element elementor-element-527faaf\" data-id=\"527faaf\" data-element_type=\"column\" data-e-type=\"column\">\n\t\t\t<div class=\"elementor-widget-wrap elementor-element-populated\">\n\t\t\t\t\t\t<div class=\"elementor-element elementor-element-acabbd0 elementor-widget elementor-widget-image\" data-id=\"acabbd0\" data-element_type=\"widget\" data-e-type=\"widget\" data-widget_type=\"image.default\">\n\t\t\t\t<div class=\"elementor-widget-container\">\n\t\t\t\t\t\t\t\t\t\t\t\t<figure class=\"wp-caption\">\n\t\t\t\t\t\t\t\t\t\t<img loading=\"lazy\" decoding=\"async\" width=\"1074\" height=\"712\" src=\"https:\/\/ihedn.fr\/wp-content\/uploads\/2023\/01\/Umio-OTSUKA.jpg\" class=\"attachment-full size-full wp-image-33393\" alt=\"\" \/>\t\t\t\t\t\t\t\t\t\t\t<figcaption class=\"widget-image-caption wp-caption-text\">H.E. Umio OTSUKA at the round table on the challenges facing the Indo-Pacific region<\/figcaption>\n\t\t\t\t\t\t\t\t\t\t<\/figure>\n\t\t\t\t\t\t\t\t\t<\/div>\n\t\t\t\t<\/div>\n\t\t\t\t\t<\/div>\n\t\t<\/div>\n\t\t\t\t\t<\/div>\n\t\t<\/section>\n\t\t\t\t<section data-particle_enable=\"false\" data-particle-mobile-disabled=\"false\" class=\"elementor-section elementor-top-section elementor-element elementor-element-7a0d37f elementor-section-boxed elementor-section-height-default elementor-section-height-default\" data-id=\"7a0d37f\" data-element_type=\"section\" data-e-type=\"section\">\n\t\t\t\t\t\t<div class=\"elementor-container elementor-column-gap-default\">\n\t\t\t\t\t<div class=\"elementor-column elementor-col-100 elementor-top-column elementor-element elementor-element-06f9b7b\" data-id=\"06f9b7b\" data-element_type=\"column\" data-e-type=\"column\">\n\t\t\t<div class=\"elementor-widget-wrap elementor-element-populated\">\n\t\t\t\t\t\t<div class=\"elementor-element elementor-element-2827173 elementor-widget elementor-widget-text-editor\" data-id=\"2827173\" data-element_type=\"widget\" data-e-type=\"widget\" data-widget_type=\"text-editor.default\">\n\t\t\t\t<div class=\"elementor-widget-container\">\n\t\t\t\t\t\t\t\t\t<p>This was followed by a second round-table discussion on \"Djibouti in its international environment\" with <strong><span style=\"color: #000091;\">H.E. Mr Bin HU<\/span><\/strong>Ambassador of China to the Republic of Djibouti, <span style=\"color: #000091;\"><strong>Mr Jos\u00e9 BARAHONA<\/strong><\/span>UN Resident Coordinator in Djibouti and <span style=\"color: #000091;\"><strong>Mr Mohamed Idriss Farah<\/strong><\/span>Special Advisor to the Special Representative of the President of the Commission for the Horn of Africa. The audience was able to appreciate the extent to which Djibouti, despite its small size, is a haven of peace in a very turbulent region and an important diplomatic player on the international stage.<\/p>\t\t\t\t\t\t\t\t<\/div>\n\t\t\t\t<\/div>\n\t\t\t\t\t<\/div>\n\t\t<\/div>\n\t\t\t\t\t<\/div>\n\t\t<\/section>\n\t\t\t\t<section data-particle_enable=\"false\" data-particle-mobile-disabled=\"false\" class=\"elementor-section elementor-top-section elementor-element elementor-element-ad334e4 elementor-section-boxed elementor-section-height-default elementor-section-height-default\" data-id=\"ad334e4\" data-element_type=\"section\" data-e-type=\"section\">\n\t\t\t\t\t\t<div class=\"elementor-container elementor-column-gap-default\">\n\t\t\t\t\t<div class=\"elementor-column elementor-col-100 elementor-top-column elementor-element elementor-element-0552513\" data-id=\"0552513\" data-element_type=\"column\" data-e-type=\"column\">\n\t\t\t<div class=\"elementor-widget-wrap elementor-element-populated\">\n\t\t\t\t\t\t<div class=\"elementor-element elementor-element-66895f4 elementor-widget elementor-widget-image\" data-id=\"66895f4\" data-element_type=\"widget\" data-e-type=\"widget\" data-widget_type=\"image.default\">\n\t\t\t\t<div class=\"elementor-widget-container\">\n\t\t\t\t\t\t\t\t\t\t\t\t<figure class=\"wp-caption\">\n\t\t\t\t\t\t\t\t\t\t<img loading=\"lazy\" decoding=\"async\" width=\"1160\" height=\"699\" src=\"https:\/\/ihedn.fr\/wp-content\/uploads\/2023\/01\/S.E.M.-Bi-Hu-exposant-la-vision-chinoise-du-role-international-de-Djibouti.jpg\" class=\"attachment-full size-full wp-image-33394\" alt=\"\" \/>\t\t\t\t\t\t\t\t\t\t\t<figcaption class=\"widget-image-caption wp-caption-text\">H.E. Mr Bi Hu outlines China's vision of Djibouti's international role<\/figcaption>\n\t\t\t\t\t\t\t\t\t\t<\/figure>\n\t\t\t\t\t\t\t\t\t<\/div>\n\t\t\t\t<\/div>\n\t\t\t\t\t<\/div>\n\t\t<\/div>\n\t\t\t\t\t<\/div>\n\t\t<\/section>\n\t\t\t\t<section data-particle_enable=\"false\" data-particle-mobile-disabled=\"false\" class=\"elementor-section elementor-top-section elementor-element elementor-element-d61ac71 elementor-section-boxed elementor-section-height-default elementor-section-height-default\" data-id=\"d61ac71\" data-element_type=\"section\" data-e-type=\"section\">\n\t\t\t\t\t\t<div class=\"elementor-container elementor-column-gap-default\">\n\t\t\t\t\t<div class=\"elementor-column elementor-col-100 elementor-top-column elementor-element elementor-element-aa8c16c\" data-id=\"aa8c16c\" data-element_type=\"column\" data-e-type=\"column\">\n\t\t\t<div class=\"elementor-widget-wrap elementor-element-populated\">\n\t\t\t\t\t\t<div class=\"elementor-element elementor-element-e107aaf elementor-widget elementor-widget-text-editor\" data-id=\"e107aaf\" data-element_type=\"widget\" data-e-type=\"widget\" data-widget_type=\"text-editor.default\">\n\t\t\t\t<div class=\"elementor-widget-container\">\n\t\t\t\t\t\t\t\t\t<p>After a well-deserved lunch, the audience was treated to \"A look at the strategic challenges facing the Horn of Africa\" from the following speakers <strong><span style=\"color: #000091;\">Major General Laurent BOITE<\/span><\/strong>and <strong><span style=\"color: #000091;\">Brigadier General Valerie A. JACKSON<\/span><\/strong>Deputy Commanding General CJTF - HOA accompanied by <strong><span style=\"color: #000091;\">Colonel Andy PITT<\/span><\/strong>J5 director. The listeners were able to appreciate the complexity of this area, but also to identify a few glimmers of hope for its future. \u00a0\u00a0<\/p>\t\t\t\t\t\t\t\t<\/div>\n\t\t\t\t<\/div>\n\t\t\t\t\t<\/div>\n\t\t<\/div>\n\t\t\t\t\t<\/div>\n\t\t<\/section>\n\t\t\t\t<section data-particle_enable=\"false\" data-particle-mobile-disabled=\"false\" class=\"elementor-section elementor-top-section elementor-element elementor-element-60757a9 elementor-section-boxed elementor-section-height-default elementor-section-height-default\" data-id=\"60757a9\" data-element_type=\"section\" data-e-type=\"section\">\n\t\t\t\t\t\t<div class=\"elementor-container elementor-column-gap-default\">\n\t\t\t\t\t<div class=\"elementor-column elementor-col-100 elementor-top-column elementor-element elementor-element-9ee4f39\" data-id=\"9ee4f39\" data-element_type=\"column\" data-e-type=\"column\">\n\t\t\t<div class=\"elementor-widget-wrap elementor-element-populated\">\n\t\t\t\t\t\t<div class=\"elementor-element elementor-element-c511150 elementor-widget elementor-widget-image\" data-id=\"c511150\" data-element_type=\"widget\" data-e-type=\"widget\" data-widget_type=\"image.default\">\n\t\t\t\t<div class=\"elementor-widget-container\">\n\t\t\t\t\t\t\t\t\t\t\t\t<figure class=\"wp-caption\">\n\t\t\t\t\t\t\t\t\t\t<img loading=\"lazy\" decoding=\"async\" width=\"1278\" height=\"744\" src=\"https:\/\/ihedn.fr\/wp-content\/uploads\/2023\/01\/La-Brigadier-general-Valerie-A.-Jackson-exposant-sa-vision-de-la-corne-de-lAfrique.jpg\" class=\"attachment-full size-full wp-image-33395\" alt=\"\" \/>\t\t\t\t\t\t\t\t\t\t\t<figcaption class=\"widget-image-caption wp-caption-text\">Brigadier General Valerie A. Jackson outlines her vision for the Horn of Africa <\/figcaption>\n\t\t\t\t\t\t\t\t\t\t<\/figure>\n\t\t\t\t\t\t\t\t\t<\/div>\n\t\t\t\t<\/div>\n\t\t\t\t\t<\/div>\n\t\t<\/div>\n\t\t\t\t\t<\/div>\n\t\t<\/section>\n\t\t\t\t<section data-particle_enable=\"false\" data-particle-mobile-disabled=\"false\" class=\"elementor-section elementor-top-section elementor-element elementor-element-d27b0ce elementor-section-boxed elementor-section-height-default elementor-section-height-default\" data-id=\"d27b0ce\" data-element_type=\"section\" data-e-type=\"section\">\n\t\t\t\t\t\t<div class=\"elementor-container elementor-column-gap-default\">\n\t\t\t\t\t<div class=\"elementor-column elementor-col-100 elementor-top-column elementor-element elementor-element-626236f\" data-id=\"626236f\" data-element_type=\"column\" data-e-type=\"column\">\n\t\t\t<div class=\"elementor-widget-wrap elementor-element-populated\">\n\t\t\t\t\t\t<div class=\"elementor-element elementor-element-c03c8aa elementor-widget elementor-widget-text-editor\" data-id=\"c03c8aa\" data-element_type=\"widget\" data-e-type=\"widget\" data-widget_type=\"text-editor.default\">\n\t\t\t\t<div class=\"elementor-widget-container\">\n\t\t\t\t\t\t\t\t\t<p>After a short break, listeners were treated to a speech by <strong><span style=\"color: #000091;\">Mr Mahmoud ALI YOUSSOUF<\/span><\/strong>Djibouti's Minister of Foreign Affairs and International Cooperation and government spokesman, who came to present the major issues of his country's foreign policy. The audience was impressed by the frankness of the answers given to their many questions, and the exceptional diplomatic influence of the Republic of Djibouti in relation to the size of the country.<\/p>\t\t\t\t\t\t\t\t<\/div>\n\t\t\t\t<\/div>\n\t\t\t\t\t<\/div>\n\t\t<\/div>\n\t\t\t\t\t<\/div>\n\t\t<\/section>\n\t\t\t\t<section data-particle_enable=\"false\" data-particle-mobile-disabled=\"false\" class=\"elementor-section elementor-top-section elementor-element elementor-element-8597e74 elementor-section-boxed elementor-section-height-default elementor-section-height-default\" data-id=\"8597e74\" data-element_type=\"section\" data-e-type=\"section\">\n\t\t\t\t\t\t<div class=\"elementor-container elementor-column-gap-default\">\n\t\t\t\t\t<div class=\"elementor-column elementor-col-100 elementor-top-column elementor-element elementor-element-744ef31\" data-id=\"744ef31\" data-element_type=\"column\" data-e-type=\"column\">\n\t\t\t<div class=\"elementor-widget-wrap elementor-element-populated\">\n\t\t\t\t\t\t<div class=\"elementor-element elementor-element-bee2fcf elementor-widget elementor-widget-image\" data-id=\"bee2fcf\" data-element_type=\"widget\" data-e-type=\"widget\" data-widget_type=\"image.default\">\n\t\t\t\t<div class=\"elementor-widget-container\">\n\t\t\t\t\t\t\t\t\t\t\t\t<figure class=\"wp-caption\">\n\t\t\t\t\t\t\t\t\t\t<img loading=\"lazy\" decoding=\"async\" width=\"1511\" height=\"1103\" src=\"https:\/\/ihedn.fr\/wp-content\/uploads\/2023\/01\/Youssouf.jpg\" class=\"attachment-full size-full wp-image-33384\" alt=\"\" \/>\t\t\t\t\t\t\t\t\t\t\t<figcaption class=\"widget-image-caption wp-caption-text\">Mr Mahmoud ALI YOUSSOUF answers a question from a listener<\/figcaption>\n\t\t\t\t\t\t\t\t\t\t<\/figure>\n\t\t\t\t\t\t\t\t\t<\/div>\n\t\t\t\t<\/div>\n\t\t\t\t\t<\/div>\n\t\t<\/div>\n\t\t\t\t\t<\/div>\n\t\t<\/section>\n\t\t\t\t<section data-particle_enable=\"false\" data-particle-mobile-disabled=\"false\" class=\"elementor-section elementor-top-section elementor-element elementor-element-46d3cca elementor-section-boxed elementor-section-height-default elementor-section-height-default\" data-id=\"46d3cca\" data-element_type=\"section\" data-e-type=\"section\">\n\t\t\t\t\t\t<div class=\"elementor-container elementor-column-gap-default\">\n\t\t\t\t\t<div class=\"elementor-column elementor-col-100 elementor-top-column elementor-element elementor-element-d7ff056\" data-id=\"d7ff056\" data-element_type=\"column\" data-e-type=\"column\">\n\t\t\t<div class=\"elementor-widget-wrap elementor-element-populated\">\n\t\t\t\t\t\t<div class=\"elementor-element elementor-element-502c2fd elementor-widget elementor-widget-text-editor\" data-id=\"502c2fd\" data-element_type=\"widget\" data-e-type=\"widget\" data-widget_type=\"text-editor.default\">\n\t\t\t\t<div class=\"elementor-widget-container\">\n\t\t\t\t\t\t\t\t\t<p>The day ended with a final round table discussion on the economic challenges and prospects facing the Republic of Djibouti, bringing together three major players in the local economy: <strong><span style=\"color: #000091;\">Mr Ahmed Osman Ali<\/span><\/strong>Governor of the Central Bank, <span style=\"color: #000091;\"><strong>Mr R\u00e9gis Barriac<\/strong><\/span>Director of the Banque pour le Commerce et l'Industrie - Mer Rouge (BCIMR), and <span style=\"color: #000091;\"><strong>Mr Abdillahi Adaweh Sigad<\/strong><\/span>Managing Director of Soci\u00e9t\u00e9 de Gestion du Terminal Conteneur (SGTD).<\/p>\t\t\t\t\t\t\t\t<\/div>\n\t\t\t\t<\/div>\n\t\t\t\t\t<\/div>\n\t\t<\/div>\n\t\t\t\t\t<\/div>\n\t\t<\/section>\n\t\t\t\t<section data-particle_enable=\"false\" data-particle-mobile-disabled=\"false\" class=\"elementor-section elementor-top-section elementor-element elementor-element-e5f69b0 elementor-section-boxed elementor-section-height-default elementor-section-height-default\" data-id=\"e5f69b0\" data-element_type=\"section\" data-e-type=\"section\">\n\t\t\t\t\t\t<div class=\"elementor-container elementor-column-gap-default\">\n\t\t\t\t\t<div class=\"elementor-column elementor-col-100 elementor-top-column elementor-element elementor-element-c88b2da\" data-id=\"c88b2da\" data-element_type=\"column\" data-e-type=\"column\">\n\t\t\t<div class=\"elementor-widget-wrap elementor-element-populated\">\n\t\t\t\t\t\t<div class=\"elementor-element elementor-element-b63d8ea elementor-widget elementor-widget-image\" data-id=\"b63d8ea\" data-element_type=\"widget\" data-e-type=\"widget\" data-widget_type=\"image.default\">\n\t\t\t\t<div class=\"elementor-widget-container\">\n\t\t\t\t\t\t\t\t\t\t\t\t<figure class=\"wp-caption\">\n\t\t\t\t\t\t\t\t\t\t<img loading=\"lazy\" decoding=\"async\" width=\"1511\" height=\"942\" src=\"https:\/\/ihedn.fr\/wp-content\/uploads\/2023\/01\/IMG_0191.jpg\" class=\"attachment-full size-full wp-image-33378\" alt=\"\" \/>\t\t\t\t\t\t\t\t\t\t\t<figcaption class=\"widget-image-caption wp-caption-text\">Mr Ahmed Osman Ali explaining the economic outlook for the Republic of Djibouti<\/figcaption>\n\t\t\t\t\t\t\t\t\t\t<\/figure>\n\t\t\t\t\t\t\t\t\t<\/div>\n\t\t\t\t<\/div>\n\t\t\t\t\t<\/div>\n\t\t<\/div>\n\t\t\t\t\t<\/div>\n\t\t<\/section>\n\t\t\t\t<section data-particle_enable=\"false\" data-particle-mobile-disabled=\"false\" class=\"elementor-section elementor-top-section elementor-element elementor-element-7583da1 elementor-section-boxed elementor-section-height-default elementor-section-height-default\" data-id=\"7583da1\" data-element_type=\"section\" data-e-type=\"section\">\n\t\t\t\t\t\t<div class=\"elementor-container elementor-column-gap-default\">\n\t\t\t\t\t<div class=\"elementor-column elementor-col-100 elementor-top-column elementor-element elementor-element-83a8170\" data-id=\"83a8170\" data-element_type=\"column\" data-e-type=\"column\">\n\t\t\t<div class=\"elementor-widget-wrap elementor-element-populated\">\n\t\t\t\t\t\t<div class=\"elementor-element elementor-element-13bca2d elementor-widget elementor-widget-text-editor\" data-id=\"13bca2d\" data-element_type=\"widget\" data-e-type=\"widget\" data-widget_type=\"text-editor.default\">\n\t\t\t\t<div class=\"elementor-widget-container\">\n\t\t\t\t\t\t\t\t\t<p>On Sunday morning, after two busy days and a little rest, the auditors were divided into several groups to visit a number of sites: the International School for Advanced Training in Criminal Investigation, the American, Japanese and Operation Atalanta bases, the port of Doraleh and the desalination plant built by the French group Eiffage.<\/p><p>The fruit of a Franco-Djiboutian collaboration developed by the two heads of state during a meeting at the \u00c9lys\u00e9e Palace in 2018 and inaugurated in March 2020 with its first trainees, the International School for the Advanced Training of Judicial Police Practices is located on a campus on the outskirts of Djibouti city. The trainees, one third of whom are Djibouti nationals and one third of whom come from a number of mainly French-speaking African countries, take part in 4- to 6-week sessions in groups of around ten to learn about best practice in judicial police and forensic science. Hosted by <span style=\"color: #000091;\"><strong>Lieutenant-Colonel Houssein Mohammed Kayad<\/strong><\/span>After visiting several buildings, including fingerprint analysis training laboratories, and attending an investigation procedure course, the auditors were able to assess the high quality of the teaching provided.\u00a0<\/p><p>Located at Camp Lemonnier, the former French headquarters of the Foreign Legion, the American base is the American logistical and operational base for the Horn of Africa. The very convivial round table discussion led by <span style=\"color: #000091;\"><strong>Major General Val\u00e9rie A. Jackson<\/strong><\/span> gave the audience a better understanding of the US strategic vision for the region, particularly in the light of the regional context and the global geopolitical crisis. The dynamic tour of the base that followed made the audience realise the gigantic logistical footprint of an American force projection.<\/p>\t\t\t\t\t\t\t\t<\/div>\n\t\t\t\t<\/div>\n\t\t\t\t\t<\/div>\n\t\t<\/div>\n\t\t\t\t\t<\/div>\n\t\t<\/section>\n\t\t\t\t<section data-particle_enable=\"false\" data-particle-mobile-disabled=\"false\" class=\"elementor-section elementor-top-section elementor-element elementor-element-6f5a1a6 elementor-section-boxed elementor-section-height-default elementor-section-height-default\" data-id=\"6f5a1a6\" data-element_type=\"section\" data-e-type=\"section\">\n\t\t\t\t\t\t<div class=\"elementor-container elementor-column-gap-default\">\n\t\t\t\t\t<div class=\"elementor-column elementor-col-100 elementor-top-column elementor-element elementor-element-50ab254\" data-id=\"50ab254\" data-element_type=\"column\" data-e-type=\"column\">\n\t\t\t<div class=\"elementor-widget-wrap elementor-element-populated\">\n\t\t\t\t\t\t<div class=\"elementor-element elementor-element-d3b67ba elementor-widget elementor-widget-image\" data-id=\"d3b67ba\" data-element_type=\"widget\" data-e-type=\"widget\" data-widget_type=\"image.default\">\n\t\t\t\t<div class=\"elementor-widget-container\">\n\t\t\t\t\t\t\t\t\t\t\t\t\t\t\t<img loading=\"lazy\" decoding=\"async\" width=\"1057\" height=\"588\" src=\"https:\/\/ihedn.fr\/wp-content\/uploads\/2023\/01\/Base-US.jpg\" class=\"attachment-full size-full wp-image-33368\" alt=\"\" \/>\t\t\t\t\t\t\t\t\t\t\t\t\t\t\t<\/div>\n\t\t\t\t<\/div>\n\t\t\t\t\t<\/div>\n\t\t<\/div>\n\t\t\t\t\t<\/div>\n\t\t<\/section>\n\t\t\t\t<section data-particle_enable=\"false\" data-particle-mobile-disabled=\"false\" class=\"elementor-section elementor-top-section elementor-element elementor-element-2708d4c elementor-section-boxed elementor-section-height-default elementor-section-height-default\" data-id=\"2708d4c\" data-element_type=\"section\" data-e-type=\"section\">\n\t\t\t\t\t\t<div class=\"elementor-container elementor-column-gap-default\">\n\t\t\t\t\t<div class=\"elementor-column elementor-col-100 elementor-top-column elementor-element elementor-element-99b5446\" data-id=\"99b5446\" data-element_type=\"column\" data-e-type=\"column\">\n\t\t\t<div class=\"elementor-widget-wrap elementor-element-populated\">\n\t\t\t\t\t\t<div class=\"elementor-element elementor-element-8d59a94 elementor-widget elementor-widget-text-editor\" data-id=\"8d59a94\" data-element_type=\"widget\" data-e-type=\"widget\" data-widget_type=\"text-editor.default\">\n\t\t\t\t<div class=\"elementor-widget-container\">\n\t\t\t\t\t\t\t\t\t<p>On a completely different scale is the Japanese base opened in 2011 to mark Japan's involvement in the fight against piracy and housing a detachment of maritime patrol aircraft. After a brief tour of its main facilities, the audience was treated to demonstrations of close combat and kendo by the Japanese self-defence forces, with the various regulation bugle calls and a taiko (Japanese drum) session. The Japanese base commander then gave the audience an overview of the base's activities before answering any questions. The rich exchanges between the Japanese military personnel and the auditors enabled the latter to appreciate the synergy and the particularly close links between France and Japan in Djibouti.<\/p>\t\t\t\t\t\t\t\t<\/div>\n\t\t\t\t<\/div>\n\t\t\t\t\t<\/div>\n\t\t<\/div>\n\t\t\t\t\t<\/div>\n\t\t<\/section>\n\t\t\t\t<section data-particle_enable=\"false\" data-particle-mobile-disabled=\"false\" class=\"elementor-section elementor-top-section elementor-element elementor-element-04007a6 elementor-section-boxed elementor-section-height-default elementor-section-height-default\" data-id=\"04007a6\" data-element_type=\"section\" data-e-type=\"section\">\n\t\t\t\t\t\t<div class=\"elementor-container elementor-column-gap-default\">\n\t\t\t\t\t<div class=\"elementor-column elementor-col-100 elementor-top-column elementor-element elementor-element-91cac14\" data-id=\"91cac14\" data-element_type=\"column\" data-e-type=\"column\">\n\t\t\t<div class=\"elementor-widget-wrap elementor-element-populated\">\n\t\t\t\t\t\t<div class=\"elementor-element elementor-element-b7845f6 elementor-widget elementor-widget-image\" data-id=\"b7845f6\" data-element_type=\"widget\" data-e-type=\"widget\" data-widget_type=\"image.default\">\n\t\t\t\t<div class=\"elementor-widget-container\">\n\t\t\t\t\t\t\t\t\t\t\t\t<figure class=\"wp-caption\">\n\t\t\t\t\t\t\t\t\t\t<img loading=\"lazy\" decoding=\"async\" width=\"852\" height=\"225\" src=\"https:\/\/ihedn.fr\/wp-content\/uploads\/2023\/01\/Base-japonaise.jpg\" class=\"attachment-full size-full wp-image-33367\" alt=\"\" \/>\t\t\t\t\t\t\t\t\t\t\t<figcaption class=\"widget-image-caption wp-caption-text\">Photo welcoming listeners to the Japanese base<\/figcaption>\n\t\t\t\t\t\t\t\t\t\t<\/figure>\n\t\t\t\t\t\t\t\t\t<\/div>\n\t\t\t\t<\/div>\n\t\t\t\t<div class=\"elementor-element elementor-element-bd08e25 elementor-widget elementor-widget-image\" data-id=\"bd08e25\" data-element_type=\"widget\" data-e-type=\"widget\" data-widget_type=\"image.default\">\n\t\t\t\t<div class=\"elementor-widget-container\">\n\t\t\t\t\t\t\t\t\t\t\t\t<figure class=\"wp-caption\">\n\t\t\t\t\t\t\t\t\t\t<img loading=\"lazy\" decoding=\"async\" width=\"1511\" height=\"904\" src=\"https:\/\/ihedn.fr\/wp-content\/uploads\/2023\/01\/IMG_0230.jpg\" class=\"attachment-full size-full wp-image-33379\" alt=\"\" \/>\t\t\t\t\t\t\t\t\t\t\t<figcaption class=\"widget-image-caption wp-caption-text\">Kendo demonstration at the Japanese base<\/figcaption>\n\t\t\t\t\t\t\t\t\t\t<\/figure>\n\t\t\t\t\t\t\t\t\t<\/div>\n\t\t\t\t<\/div>\n\t\t\t\t\t<\/div>\n\t\t<\/div>\n\t\t\t\t\t<\/div>\n\t\t<\/section>\n\t\t\t\t<section data-particle_enable=\"false\" data-particle-mobile-disabled=\"false\" class=\"elementor-section elementor-top-section elementor-element elementor-element-b0d0ad0 elementor-section-boxed elementor-section-height-default elementor-section-height-default\" data-id=\"b0d0ad0\" data-element_type=\"section\" data-e-type=\"section\">\n\t\t\t\t\t\t<div class=\"elementor-container elementor-column-gap-default\">\n\t\t\t\t\t<div class=\"elementor-column elementor-col-100 elementor-top-column elementor-element elementor-element-d79ace7\" data-id=\"d79ace7\" data-element_type=\"column\" data-e-type=\"column\">\n\t\t\t<div class=\"elementor-widget-wrap elementor-element-populated\">\n\t\t\t\t\t\t<div class=\"elementor-element elementor-element-269c50b elementor-widget elementor-widget-text-editor\" data-id=\"269c50b\" data-element_type=\"widget\" data-e-type=\"widget\" data-widget_type=\"text-editor.default\">\n\t\t\t\t<div class=\"elementor-widget-container\">\n\t\t\t\t\t\t\t\t\t<p>As part of the European naval force (Eunavfor) deployed as part of Operation Atalanta, the Spanish frigate Santa Maria welcomed the audience on board. This military operation against piracy in the Indian Ocean was initiated by France and implemented by the European Union as part of the Common Security and Defence Policy (CSDP). The auditors attended a strategic and tactical briefing on the operation and Europe's positioning in the Indian Ocean, and then visited the frigate. This visit to a combat ship taking part in Europe's first naval operation confirmed to the auditors the importance of the European Union's involvement in this strategic area.<\/p>\t\t\t\t\t\t\t\t<\/div>\n\t\t\t\t<\/div>\n\t\t\t\t\t<\/div>\n\t\t<\/div>\n\t\t\t\t\t<\/div>\n\t\t<\/section>\n\t\t\t\t<section data-particle_enable=\"false\" data-particle-mobile-disabled=\"false\" class=\"elementor-section elementor-top-section elementor-element elementor-element-60897e7 elementor-section-boxed elementor-section-height-default elementor-section-height-default\" data-id=\"60897e7\" data-element_type=\"section\" data-e-type=\"section\">\n\t\t\t\t\t\t<div class=\"elementor-container elementor-column-gap-default\">\n\t\t\t\t\t<div class=\"elementor-column elementor-col-100 elementor-top-column elementor-element elementor-element-010595f\" data-id=\"010595f\" data-element_type=\"column\" data-e-type=\"column\">\n\t\t\t<div class=\"elementor-widget-wrap elementor-element-populated\">\n\t\t\t\t\t\t<div class=\"elementor-element elementor-element-07d1a9d elementor-widget elementor-widget-gallery\" data-id=\"07d1a9d\" data-element_type=\"widget\" data-e-type=\"widget\" data-settings=\"{&quot;columns&quot;:2,&quot;overlay_description&quot;:&quot;caption&quot;,&quot;lazyload&quot;:&quot;yes&quot;,&quot;gallery_layout&quot;:&quot;grid&quot;,&quot;columns_tablet&quot;:2,&quot;columns_mobile&quot;:1,&quot;gap&quot;:{&quot;unit&quot;:&quot;px&quot;,&quot;size&quot;:10,&quot;sizes&quot;:[]},&quot;gap_tablet&quot;:{&quot;unit&quot;:&quot;px&quot;,&quot;size&quot;:10,&quot;sizes&quot;:[]},&quot;gap_mobile&quot;:{&quot;unit&quot;:&quot;px&quot;,&quot;size&quot;:10,&quot;sizes&quot;:[]},&quot;link_to&quot;:&quot;file&quot;,&quot;aspect_ratio&quot;:&quot;3:2&quot;,&quot;overlay_background&quot;:&quot;yes&quot;,&quot;content_hover_animation&quot;:&quot;fade-in&quot;}\" data-widget_type=\"gallery.default\">\n\t\t\t\t<div class=\"elementor-widget-container\">\n\t\t\t\t\t\t\t<div class=\"elementor-gallery__container\">\n\t\t\t\t\t\t\t<a class=\"e-gallery-item elementor-gallery-item elementor-animated-content\" href=\"https:\/\/ihedn.fr\/wp-content\/uploads\/2023\/01\/Atalante-3.jpg\" data-elementor-open-lightbox=\"yes\" data-elementor-lightbox-slideshow=\"07d1a9d\" data-elementor-lightbox-description=\"A la passerelle de la fr\u00e9gate espagnole \u00ab Santa Maria \u00bb autour de son commandant\" data-e-action-hash=\"#elementor-action%3Aaction%3Dlightbox%26settings%3DeyJpZCI6MzMzNjMsInVybCI6Imh0dHBzOlwvXC9paGVkbi5mclwvd3AtY29udGVudFwvdXBsb2Fkc1wvMjAyM1wvMDFcL0F0YWxhbnRlLTMuanBnIiwic2xpZGVzaG93IjoiMDdkMWE5ZCJ9\">\n\t\t\t\t\t<div class=\"e-gallery-image elementor-gallery-item__image\" data-thumbnail=\"https:\/\/ihedn.fr\/wp-content\/uploads\/2023\/01\/Atalante-3.jpg\" data-width=\"1023\" data-height=\"528\" aria-label=\"\" role=\"img\" ><\/div>\n\t\t\t\t\t\t\t\t\t\t\t<div class=\"elementor-gallery-item__overlay\"><\/div>\n\t\t\t\t\t\t\t\t\t\t\t\t\t\t\t<div class=\"elementor-gallery-item__content\">\n\t\t\t\t\t\t\t\t\t\t\t\t\t\t<div class=\"elementor-gallery-item__description\">\n\t\t\t\t\t\t\t\t\t\t\t\t\t\t\t\t\t\tOn the bridge of the Spanish frigate \"Santa Maria\" with its commander\t\t\t\t\t\t\t\t<\/div>\n\t\t\t\t\t\t\t\t\t\t\t\t<\/div>\n\t\t\t\t\t\t\t\t\t<\/a>\n\t\t\t\t\t\t\t<a class=\"e-gallery-item elementor-gallery-item elementor-animated-content\" href=\"https:\/\/ihedn.fr\/wp-content\/uploads\/2023\/01\/Atalante-5.jpg\" data-elementor-open-lightbox=\"yes\" data-elementor-lightbox-slideshow=\"07d1a9d\" data-elementor-lightbox-description=\"Les auditeurs devant la fr\u00e9gate espagnole \u00ab Santa Maria \u00bb\" data-e-action-hash=\"#elementor-action%3Aaction%3Dlightbox%26settings%3DeyJpZCI6MzMzNjUsInVybCI6Imh0dHBzOlwvXC9paGVkbi5mclwvd3AtY29udGVudFwvdXBsb2Fkc1wvMjAyM1wvMDFcL0F0YWxhbnRlLTUuanBnIiwic2xpZGVzaG93IjoiMDdkMWE5ZCJ9\">\n\t\t\t\t\t<div class=\"e-gallery-image elementor-gallery-item__image\" data-thumbnail=\"https:\/\/ihedn.fr\/wp-content\/uploads\/2023\/01\/Atalante-5.jpg\" data-width=\"1507\" data-height=\"1147\" aria-label=\"\" role=\"img\" ><\/div>\n\t\t\t\t\t\t\t\t\t\t\t<div class=\"elementor-gallery-item__overlay\"><\/div>\n\t\t\t\t\t\t\t\t\t\t\t\t\t\t\t<div class=\"elementor-gallery-item__content\">\n\t\t\t\t\t\t\t\t\t\t\t\t\t\t<div class=\"elementor-gallery-item__description\">\n\t\t\t\t\t\t\t\t\t\t\t\t\t\t\t\t\t\tThe audience in front of the Spanish frigate Santa Maria\t\t\t\t\t\t\t\t<\/div>\n\t\t\t\t\t\t\t\t\t\t\t\t<\/div>\n\t\t\t\t\t\t\t\t\t<\/a>\n\t\t\t\t\t<\/div>\n\t\t\t\t\t<\/div>\n\t\t\t\t<\/div>\n\t\t\t\t\t<\/div>\n\t\t<\/div>\n\t\t\t\t\t<\/div>\n\t\t<\/section>\n\t\t\t\t<section data-particle_enable=\"false\" data-particle-mobile-disabled=\"false\" class=\"elementor-section elementor-top-section elementor-element elementor-element-c702743 elementor-section-boxed elementor-section-height-default elementor-section-height-default\" data-id=\"c702743\" data-element_type=\"section\" data-e-type=\"section\">\n\t\t\t\t\t\t<div class=\"elementor-container elementor-column-gap-default\">\n\t\t\t\t\t<div class=\"elementor-column elementor-col-100 elementor-top-column elementor-element elementor-element-dd26c4f\" data-id=\"dd26c4f\" data-element_type=\"column\" data-e-type=\"column\">\n\t\t\t<div class=\"elementor-widget-wrap elementor-element-populated\">\n\t\t\t\t\t\t<div class=\"elementor-element elementor-element-6d23579 elementor-widget elementor-widget-text-editor\" data-id=\"6d23579\" data-element_type=\"widget\" data-e-type=\"widget\" data-widget_type=\"text-editor.default\">\n\t\t\t\t<div class=\"elementor-widget-container\">\n\t\t\t\t\t\t\t\t\t<p>Those who had the opportunity to visit the desalination plant located near the port of Doraleh, close to the Chinese base, realised the strategic importance of this facility in a particularly arid country that previously depended entirely on a single pipeline linking it to Ethiopia for its water supply. The result of a European project, this very modern plant - which opened in 2017 - operates on the principle of reverse osmosis. Although far from covering all the needs estimated at 110,000 m3 per day, this efficient process nevertheless provides a daily production of 23,000 m<sup>3<\/sup> to help the most disadvantaged neighbourhoods, and this will soon be increased to 45,000 m<sup>3<\/sup> with the installation of the 2<sup>e<\/sup> instalment already planned. The audience was also able to taste this water, which has nothing to envy certain Parisian \"Ch\u00e2teau Lapompe\".<\/p><p>Finally, a group of auditors visited the Doraleh Multi-Purpose Port. They were given a very warm welcome by its Managing Director, <span style=\"color: #000091;\"><strong>Mr Djama Ibrahim Darar<\/strong><\/span> and his senior subordinates, they enjoyed an exceptional briefing and exchange of views. This large multi-purpose port (dry and liquid bulk, containers, Ro-Ro, <em>general cargo<\/em>), located on one of the world's most important maritime routes linking Europe and Asia, and virtually the sole gateway to Ethiopia for the majority of that country's goods, is experiencing strong economic growth.  The listeners were particularly impressed by its capacity and its exceptional development prospects, accentuated by its position on China's strategic \"Maritime Silk Road\". With a draught of 20 metres, the port will be able to accommodate the largest ships, and its transhipment facilities are among the most efficient in the world. The future city centre port will house a business centre, data centre, marina and luxury hotel, in line with the country's ambitions to develop tourism.<\/p>\t\t\t\t\t\t\t\t<\/div>\n\t\t\t\t<\/div>\n\t\t\t\t\t<\/div>\n\t\t<\/div>\n\t\t\t\t\t<\/div>\n\t\t<\/section>\n\t\t\t\t<section data-particle_enable=\"false\" data-particle-mobile-disabled=\"false\" class=\"elementor-section elementor-top-section elementor-element elementor-element-d7bfb50 elementor-section-boxed elementor-section-height-default elementor-section-height-default\" data-id=\"d7bfb50\" data-element_type=\"section\" data-e-type=\"section\">\n\t\t\t\t\t\t<div class=\"elementor-container elementor-column-gap-default\">\n\t\t\t\t\t<div class=\"elementor-column elementor-col-100 elementor-top-column elementor-element elementor-element-1b321e4\" data-id=\"1b321e4\" data-element_type=\"column\" data-e-type=\"column\">\n\t\t\t<div class=\"elementor-widget-wrap elementor-element-populated\">\n\t\t\t\t\t\t<div class=\"elementor-element elementor-element-9ff2f94 elementor-widget elementor-widget-image\" data-id=\"9ff2f94\" data-element_type=\"widget\" data-e-type=\"widget\" data-widget_type=\"image.default\">\n\t\t\t\t<div class=\"elementor-widget-container\">\n\t\t\t\t\t\t\t\t\t\t\t\t<figure class=\"wp-caption\">\n\t\t\t\t\t\t\t\t\t\t<img loading=\"lazy\" decoding=\"async\" width=\"960\" height=\"460\" src=\"https:\/\/ihedn.fr\/wp-content\/uploads\/2023\/01\/Les-auditeurs-rassembles-autour-de-M.-Djama-Ibrahim-Darar.jpg\" class=\"attachment-full size-full wp-image-33400\" alt=\"\" \/>\t\t\t\t\t\t\t\t\t\t\t<figcaption class=\"widget-image-caption wp-caption-text\">Listeners gathered around Djama Ibrahim Darar<\/figcaption>\n\t\t\t\t\t\t\t\t\t\t<\/figure>\n\t\t\t\t\t\t\t\t\t<\/div>\n\t\t\t\t<\/div>\n\t\t\t\t\t<\/div>\n\t\t<\/div>\n\t\t\t\t\t<\/div>\n\t\t<\/section>\n\t\t\t\t<section data-particle_enable=\"false\" data-particle-mobile-disabled=\"false\" class=\"elementor-section elementor-top-section elementor-element elementor-element-3d4f3a9 elementor-section-boxed elementor-section-height-default elementor-section-height-default\" data-id=\"3d4f3a9\" data-element_type=\"section\" data-e-type=\"section\">\n\t\t\t\t\t\t<div class=\"elementor-container elementor-column-gap-default\">\n\t\t\t\t\t<div class=\"elementor-column elementor-col-100 elementor-top-column elementor-element elementor-element-a237304\" data-id=\"a237304\" data-element_type=\"column\" data-e-type=\"column\">\n\t\t\t<div class=\"elementor-widget-wrap elementor-element-populated\">\n\t\t\t\t\t\t<div class=\"elementor-element elementor-element-b249294 elementor-widget elementor-widget-text-editor\" data-id=\"b249294\" data-element_type=\"widget\" data-e-type=\"widget\" data-widget_type=\"text-editor.default\">\n\t\t\t\t<div class=\"elementor-widget-container\">\n\t\t\t\t\t\t\t\t\t<p>Having just returned from their various field visits, some of the auditors went to the French embassy at the invitation of <strong><span style=\"color: #000091;\">H.E. Mrs Dana PURCARESCU <\/span><\/strong>who organised a working lunch on two themes, \"the blue economy\" and \"health\". Their meetings with key Djiboutian players in these sectors led to particularly fruitful exchanges and promising contacts for future bilateral cooperation.<\/p><p>Finally, an open discussion led by H.E. the Ambassador of France, the COMFOR FFDj and the Director of the IHEDN brought this instructive mission to a close.<\/p>\t\t\t\t\t\t\t\t<\/div>\n\t\t\t\t<\/div>\n\t\t\t\t\t<\/div>\n\t\t<\/div>\n\t\t\t\t\t<\/div>\n\t\t<\/section>\n\t\t\t\t<section data-particle_enable=\"false\" data-particle-mobile-disabled=\"false\" class=\"elementor-section elementor-top-section elementor-element elementor-element-bd3ce64 elementor-section-boxed elementor-section-height-default elementor-section-height-default\" data-id=\"bd3ce64\" data-element_type=\"section\" data-e-type=\"section\">\n\t\t\t\t\t\t<div class=\"elementor-container elementor-column-gap-default\">\n\t\t\t\t\t<div class=\"elementor-column elementor-col-100 elementor-top-column elementor-element elementor-element-9cfaa37\" data-id=\"9cfaa37\" data-element_type=\"column\" data-e-type=\"column\">\n\t\t\t<div class=\"elementor-widget-wrap elementor-element-populated\">\n\t\t\t\t\t\t<div class=\"elementor-element elementor-element-3a40b74 elementor-widget elementor-widget-image\" data-id=\"3a40b74\" data-element_type=\"widget\" data-e-type=\"widget\" data-widget_type=\"image.default\">\n\t\t\t\t<div class=\"elementor-widget-container\">\n\t\t\t\t\t\t\t\t\t\t\t\t<figure class=\"wp-caption\">\n\t\t\t\t\t\t\t\t\t\t<img loading=\"lazy\" decoding=\"async\" width=\"1511\" height=\"682\" src=\"https:\/\/ihedn.fr\/wp-content\/uploads\/2023\/01\/Derniers-echanges-avec-S.E.-Mme-lAmbassadrice-de-France-le-COMFOR-FFDj-et-le-directeur-de-lIHEDN.jpg\" class=\"attachment-full size-full wp-image-33401\" alt=\"\" \/>\t\t\t\t\t\t\t\t\t\t\t<figcaption class=\"widget-image-caption wp-caption-text\">Final discussions with H.E. the French Ambassador, COMFOR FFDj and the Director of IHEDN<\/figcaption>\n\t\t\t\t\t\t\t\t\t\t<\/figure>\n\t\t\t\t\t\t\t\t\t<\/div>\n\t\t\t\t<\/div>\n\t\t\t\t\t<\/div>\n\t\t<\/div>\n\t\t\t\t\t<\/div>\n\t\t<\/section>\n\t\t\t\t<section data-particle_enable=\"false\" data-particle-mobile-disabled=\"false\" class=\"elementor-section elementor-top-section elementor-element elementor-element-cbe82a1 elementor-section-boxed elementor-section-height-default elementor-section-height-default\" data-id=\"cbe82a1\" data-element_type=\"section\" data-e-type=\"section\">\n\t\t\t\t\t\t<div class=\"elementor-container elementor-column-gap-default\">\n\t\t\t\t\t<div class=\"elementor-column elementor-col-100 elementor-top-column elementor-element elementor-element-3f81dbe\" data-id=\"3f81dbe\" data-element_type=\"column\" data-e-type=\"column\">\n\t\t\t<div class=\"elementor-widget-wrap elementor-element-populated\">\n\t\t\t\t\t\t<div class=\"elementor-element elementor-element-31cebee elementor-widget elementor-widget-text-editor\" data-id=\"31cebee\" data-element_type=\"widget\" data-e-type=\"widget\" data-widget_type=\"text-editor.default\">\n\t\t\t\t<div class=\"elementor-widget-container\">\n\t\t\t\t\t\t\t\t\t<p>Finally, the listeners who still had a little energy left went into town to meet the Djibouti people and were able to find out more about the French bases in Djibouti and the daily lives of FFDJ soldiers and their families.<\/p><p>It was an unforgettable experience, impressed by the quality of the welcome they received and proud of the capabilities and professionalism of their armies that, in the evening, the listeners took off for the mainland for another night flight. Sleep came very quickly with the sudden end of the continuous flow of activities of the last four days. Tired but happy, the listeners will long remember this unique mission on Djibouti soil, of which they are now new ambassadors.<\/p>\t\t\t\t\t\t\t\t<\/div>\n\t\t\t\t<\/div>\n\t\t\t\t\t<\/div>\n\t\t<\/div>\n\t\t\t\t\t<\/div>\n\t\t<\/section>\n\t\t\t\t<\/div>","protected":false},"excerpt":{"rendered":"<p>Heading for the warm seas under the command of the <strong>Lieutenant General Beno\u00eet Durieux<\/strong>IHEDN's Director, for the auditors of IHEDN's \"Maritime Issues and Strategies\" and \"Defence Policy\" majors on their mission to the Republic of Djibouti from 13 to 16 January 2023.<\/p>","protected":false},"author":1,"featured_media":33370,"comment_status":"closed","ping_status":"closed","sticky":false,"template":"","format":"standard","meta":{"footnotes":""},"categories":[172],"tags":[],"class_list":["post-33360","post","type-post","status-publish","format-standard","has-post-thumbnail","hentry","category-notre-actualite"],"yoast_head":"<!-- This site is optimized with the Yoast SEO plugin v27.5 - https:\/\/yoast.com\/product\/yoast-seo-wordpress\/ -->\n<title>Mission Djibouti pour les auditeurs de l\u2019IHEDN - L&#039;IHEDN : Institut des hautes \u00e9tudes de d\u00e9fense nationale<\/title>\n<meta name=\"description\" content=\"Cap vers les mers chaudes sous le commandement du g\u00e9n\u00e9ral de corps d\u2019arm\u00e9e Beno\u00eet Durieux, directeur de l\u2019IHEDN, pour les auditeurs des majeures \u00ab Enjeux et Strat\u00e9gies Maritimes \u00bb et \u00ab Politique de d\u00e9fense \u00bb de l\u2019IHEDN en mission en R\u00e9publique de Djibouti du 13 au 16 janvier 2023.\" \/>\n<meta name=\"robots\" content=\"index, follow, max-snippet:-1, max-image-preview:large, max-video-preview:-1\" \/>\n<link rel=\"canonical\" href=\"https:\/\/ihedn.fr\/en\/notre-actualite\/mission-djibouti-pour-les-auditeurs-de-lihedn\/\" \/>\n<meta property=\"og:locale\" content=\"en_GB\" \/>\n<meta property=\"og:type\" content=\"article\" \/>\n<meta property=\"og:title\" content=\"Mission Djibouti pour les auditeurs de l\u2019IHEDN\" \/>\n<meta property=\"og:description\" content=\"Cap vers les mers chaudes sous le commandement du g\u00e9n\u00e9ral de corps d\u2019arm\u00e9e Beno\u00eet Durieux, directeur de l\u2019IHEDN, pour les auditeurs des majeures \u00ab Enjeux et Strat\u00e9gies Maritimes \u00bb et \u00ab Politique de d\u00e9fense \u00bb de l\u2019IHEDN en mission en R\u00e9publique de Djibouti du 13 au 16 janvier 2023.\" \/>\n<meta property=\"og:url\" content=\"https:\/\/ihedn.fr\/en\/notre-actualite\/mission-djibouti-pour-les-auditeurs-de-lihedn\/\" \/>\n<meta property=\"og:site_name\" content=\"L&#039;IHEDN : Institut des hautes \u00e9tudes de d\u00e9fense nationale\" \/>\n<meta property=\"article:publisher\" content=\"https:\/\/www.facebook.com\/ihedn\/\" \/>\n<meta property=\"article:published_time\" content=\"2023-01-24T09:04:40+00:00\" \/>\n<meta property=\"article:modified_time\" content=\"2023-01-25T10:28:50+00:00\" \/>\n<meta property=\"og:image\" content=\"https:\/\/ihedn.fr\/wp-content\/uploads\/2023\/01\/Briefin-CDT-RIAOM.jpg\" \/>\n\t<meta property=\"og:image:width\" content=\"1511\" \/>\n\t<meta property=\"og:image:height\" content=\"581\" \/>\n\t<meta property=\"og:image:type\" content=\"image\/jpeg\" \/>\n<meta name=\"author\" content=\"dev\" \/>\n<meta name=\"twitter:card\" content=\"summary_large_image\" \/>\n<meta name=\"twitter:title\" content=\"Mission Djibouti pour les auditeurs de l\u2019IHEDN\" \/>\n<meta name=\"twitter:description\" content=\"Cap vers les mers chaudes sous le commandement du g\u00e9n\u00e9ral de corps d\u2019arm\u00e9e Beno\u00eet Durieux, directeur de l\u2019IHEDN, pour les auditeurs des majeures \u00ab Enjeux et Strat\u00e9gies Maritimes \u00bb et \u00ab Politique de d\u00e9fense \u00bb de l\u2019IHEDN en mission en R\u00e9publique de Djibouti du 13 au 16 janvier 2023.\" \/>\n<meta name=\"twitter:image\" content=\"https:\/\/ihedn.fr\/wp-content\/uploads\/2023\/01\/Briefin-CDT-RIAOM.jpg\" \/>\n<meta name=\"twitter:creator\" content=\"@IHEDN\" \/>\n<meta name=\"twitter:site\" content=\"@IHEDN\" \/>\n<meta name=\"twitter:label1\" content=\"Written by\" \/>\n\t<meta name=\"twitter:data1\" content=\"dev\" \/>\n\t<meta name=\"twitter:label2\" content=\"Estimated reading time\" \/>\n\t<meta name=\"twitter:data2\" content=\"17 minutes\" \/>\n<script type=\"application\/ld+json\" class=\"yoast-schema-graph\">{\"@context\":\"https:\\\/\\\/schema.org\",\"@graph\":[{\"@type\":\"Article\",\"@id\":\"https:\\\/\\\/ihedn.fr\\\/en\\\/notre-actualite\\\/mission-djibouti-pour-les-auditeurs-de-lihedn\\\/#article\",\"isPartOf\":{\"@id\":\"https:\\\/\\\/ihedn.fr\\\/en\\\/notre-actualite\\\/mission-djibouti-pour-les-auditeurs-de-lihedn\\\/\"},\"author\":{\"name\":\"dev\",\"@id\":\"https:\\\/\\\/ihedn.fr\\\/#\\\/schema\\\/person\\\/7a40155595e4efb35323447cb8c8c5a4\"},\"headline\":\"Mission Djibouti pour les auditeurs de l\u2019IHEDN\",\"datePublished\":\"2023-01-24T09:04:40+00:00\",\"dateModified\":\"2023-01-25T10:28:50+00:00\",\"mainEntityOfPage\":{\"@id\":\"https:\\\/\\\/ihedn.fr\\\/en\\\/notre-actualite\\\/mission-djibouti-pour-les-auditeurs-de-lihedn\\\/\"},\"wordCount\":3018,\"publisher\":{\"@id\":\"https:\\\/\\\/ihedn.fr\\\/#organization\"},\"image\":{\"@id\":\"https:\\\/\\\/ihedn.fr\\\/en\\\/notre-actualite\\\/mission-djibouti-pour-les-auditeurs-de-lihedn\\\/#primaryimage\"},\"thumbnailUrl\":\"https:\\\/\\\/ihedn.fr\\\/wp-content\\\/uploads\\\/2023\\\/01\\\/Briefin-CDT-RIAOM.jpg\",\"articleSection\":[\"Notre actualit\u00e9\"],\"inLanguage\":\"en-GB\"},{\"@type\":\"WebPage\",\"@id\":\"https:\\\/\\\/ihedn.fr\\\/en\\\/notre-actualite\\\/mission-djibouti-pour-les-auditeurs-de-lihedn\\\/\",\"url\":\"https:\\\/\\\/ihedn.fr\\\/en\\\/notre-actualite\\\/mission-djibouti-pour-les-auditeurs-de-lihedn\\\/\",\"name\":\"Mission Djibouti pour les auditeurs de l\u2019IHEDN - L&#039;IHEDN : Institut des hautes \u00e9tudes de d\u00e9fense nationale\",\"isPartOf\":{\"@id\":\"https:\\\/\\\/ihedn.fr\\\/#website\"},\"primaryImageOfPage\":{\"@id\":\"https:\\\/\\\/ihedn.fr\\\/en\\\/notre-actualite\\\/mission-djibouti-pour-les-auditeurs-de-lihedn\\\/#primaryimage\"},\"image\":{\"@id\":\"https:\\\/\\\/ihedn.fr\\\/en\\\/notre-actualite\\\/mission-djibouti-pour-les-auditeurs-de-lihedn\\\/#primaryimage\"},\"thumbnailUrl\":\"https:\\\/\\\/ihedn.fr\\\/wp-content\\\/uploads\\\/2023\\\/01\\\/Briefin-CDT-RIAOM.jpg\",\"datePublished\":\"2023-01-24T09:04:40+00:00\",\"dateModified\":\"2023-01-25T10:28:50+00:00\",\"description\":\"Cap vers les mers chaudes sous le commandement du g\u00e9n\u00e9ral de corps d\u2019arm\u00e9e Beno\u00eet Durieux, directeur de l\u2019IHEDN, pour les auditeurs des majeures \u00ab Enjeux et Strat\u00e9gies Maritimes \u00bb et \u00ab Politique de d\u00e9fense \u00bb de l\u2019IHEDN en mission en R\u00e9publique de Djibouti du 13 au 16 janvier 2023.\",\"breadcrumb\":{\"@id\":\"https:\\\/\\\/ihedn.fr\\\/en\\\/notre-actualite\\\/mission-djibouti-pour-les-auditeurs-de-lihedn\\\/#breadcrumb\"},\"inLanguage\":\"en-GB\",\"potentialAction\":[{\"@type\":\"ReadAction\",\"target\":[\"https:\\\/\\\/ihedn.fr\\\/en\\\/notre-actualite\\\/mission-djibouti-pour-les-auditeurs-de-lihedn\\\/\"]}]},{\"@type\":\"ImageObject\",\"inLanguage\":\"en-GB\",\"@id\":\"https:\\\/\\\/ihedn.fr\\\/en\\\/notre-actualite\\\/mission-djibouti-pour-les-auditeurs-de-lihedn\\\/#primaryimage\",\"url\":\"https:\\\/\\\/ihedn.fr\\\/wp-content\\\/uploads\\\/2023\\\/01\\\/Briefin-CDT-RIAOM.jpg\",\"contentUrl\":\"https:\\\/\\\/ihedn.fr\\\/wp-content\\\/uploads\\\/2023\\\/01\\\/Briefin-CDT-RIAOM.jpg\",\"width\":1511,\"height\":581,\"caption\":\"Les auditeurs attentifs au briefing du Colonel S\u00e9bastien Botheron\"},{\"@type\":\"BreadcrumbList\",\"@id\":\"https:\\\/\\\/ihedn.fr\\\/en\\\/notre-actualite\\\/mission-djibouti-pour-les-auditeurs-de-lihedn\\\/#breadcrumb\",\"itemListElement\":[{\"@type\":\"ListItem\",\"position\":1,\"name\":\"Accueil\",\"item\":\"https:\\\/\\\/ihedn.fr\\\/\"},{\"@type\":\"ListItem\",\"position\":2,\"name\":\"Mission Djibouti pour les auditeurs de l\u2019IHEDN\"}]},{\"@type\":\"WebSite\",\"@id\":\"https:\\\/\\\/ihedn.fr\\\/#website\",\"url\":\"https:\\\/\\\/ihedn.fr\\\/\",\"name\":\"IHEDN : Institut des hautes \u00e9tudes de d\u00e9fense nationale |\",\"description\":\"Site officiel de l&#039;IHEDN plac\u00e9 sous la tutelle du Premier ministre.\",\"publisher\":{\"@id\":\"https:\\\/\\\/ihedn.fr\\\/#organization\"},\"potentialAction\":[{\"@type\":\"SearchAction\",\"target\":{\"@type\":\"EntryPoint\",\"urlTemplate\":\"https:\\\/\\\/ihedn.fr\\\/?s={search_term_string}\"},\"query-input\":{\"@type\":\"PropertyValueSpecification\",\"valueRequired\":true,\"valueName\":\"search_term_string\"}}],\"inLanguage\":\"en-GB\"},{\"@type\":\"Organization\",\"@id\":\"https:\\\/\\\/ihedn.fr\\\/#organization\",\"name\":\"IHEDN - Institut des Hautes Etudes de D\u00e9fense Nationale\",\"url\":\"https:\\\/\\\/ihedn.fr\\\/\",\"logo\":{\"@type\":\"ImageObject\",\"inLanguage\":\"en-GB\",\"@id\":\"https:\\\/\\\/ihedn.fr\\\/#\\\/schema\\\/logo\\\/image\\\/\",\"url\":\"https:\\\/\\\/ihedn.fr\\\/wp-content\\\/uploads\\\/2020\\\/11\\\/BLOC_RF_IHEDN_WEB.png\",\"contentUrl\":\"https:\\\/\\\/ihedn.fr\\\/wp-content\\\/uploads\\\/2020\\\/11\\\/BLOC_RF_IHEDN_WEB.png\",\"width\":500,\"height\":237,\"caption\":\"IHEDN - Institut des Hautes Etudes de D\u00e9fense Nationale\"},\"image\":{\"@id\":\"https:\\\/\\\/ihedn.fr\\\/#\\\/schema\\\/logo\\\/image\\\/\"},\"sameAs\":[\"https:\\\/\\\/www.facebook.com\\\/ihedn\\\/\",\"https:\\\/\\\/x.com\\\/IHEDN\",\"https:\\\/\\\/www.instagram.com\\\/ihedn\\\/\",\"https:\\\/\\\/www.linkedin.com\\\/school\\\/ihedn\\\/\",\"https:\\\/\\\/fr.wikipedia.org\\\/wiki\\\/Institut_des_hautes_\u00e9tudes_de_D\u00e9fense_nationale\"]},{\"@type\":\"Person\",\"@id\":\"https:\\\/\\\/ihedn.fr\\\/#\\\/schema\\\/person\\\/7a40155595e4efb35323447cb8c8c5a4\",\"name\":\"dev\",\"image\":{\"@type\":\"ImageObject\",\"inLanguage\":\"en-GB\",\"@id\":\"https:\\\/\\\/secure.gravatar.com\\\/avatar\\\/f1ffcac9ca2fa95ad3ec33e9be3ade82f752acb0cabe541e56c5889225afa88a?s=96&d=mm&r=g\",\"url\":\"https:\\\/\\\/secure.gravatar.com\\\/avatar\\\/f1ffcac9ca2fa95ad3ec33e9be3ade82f752acb0cabe541e56c5889225afa88a?s=96&d=mm&r=g\",\"contentUrl\":\"https:\\\/\\\/secure.gravatar.com\\\/avatar\\\/f1ffcac9ca2fa95ad3ec33e9be3ade82f752acb0cabe541e56c5889225afa88a?s=96&d=mm&r=g\",\"caption\":\"dev\"},\"sameAs\":[\"https:\\\/\\\/ihedn.concilium.click\"],\"url\":\"https:\\\/\\\/ihedn.fr\\\/en\\\/author\\\/dev\\\/\"}]}<\/script>\n<!-- \/ Yoast SEO plugin. -->","yoast_head_json":{"title":"Djibouti mission for IHEDN auditors - L'IHEDN : Institut des hautes \u00e9tudes de d\u00e9fense nationale","description":"Heading for the warm seas under the command of Lieutenant General Beno\u00eet Durieux, Director of the IHEDN, for the auditors of the IHEDN's \"Maritime Issues and Strategies\" and \"Defence Policy\" majors on a mission to the Republic of Djibouti from 13 to 16 January 2023.","robots":{"index":"index","follow":"follow","max-snippet":"max-snippet:-1","max-image-preview":"max-image-preview:large","max-video-preview":"max-video-preview:-1"},"canonical":"https:\/\/ihedn.fr\/en\/notre-actualite\/mission-djibouti-pour-les-auditeurs-de-lihedn\/","og_locale":"en_GB","og_type":"article","og_title":"Mission Djibouti pour les auditeurs de l\u2019IHEDN","og_description":"Cap vers les mers chaudes sous le commandement du g\u00e9n\u00e9ral de corps d\u2019arm\u00e9e Beno\u00eet Durieux, directeur de l\u2019IHEDN, pour les auditeurs des majeures \u00ab Enjeux et Strat\u00e9gies Maritimes \u00bb et \u00ab Politique de d\u00e9fense \u00bb de l\u2019IHEDN en mission en R\u00e9publique de Djibouti du 13 au 16 janvier 2023.","og_url":"https:\/\/ihedn.fr\/en\/notre-actualite\/mission-djibouti-pour-les-auditeurs-de-lihedn\/","og_site_name":"L&#039;IHEDN : Institut des hautes \u00e9tudes de d\u00e9fense nationale","article_publisher":"https:\/\/www.facebook.com\/ihedn\/","article_published_time":"2023-01-24T09:04:40+00:00","article_modified_time":"2023-01-25T10:28:50+00:00","og_image":[{"width":1511,"height":581,"url":"https:\/\/ihedn.fr\/wp-content\/uploads\/2023\/01\/Briefin-CDT-RIAOM.jpg","type":"image\/jpeg"}],"author":"dev","twitter_card":"summary_large_image","twitter_title":"Mission Djibouti pour les auditeurs de l\u2019IHEDN","twitter_description":"Cap vers les mers chaudes sous le commandement du g\u00e9n\u00e9ral de corps d\u2019arm\u00e9e Beno\u00eet Durieux, directeur de l\u2019IHEDN, pour les auditeurs des majeures \u00ab Enjeux et Strat\u00e9gies Maritimes \u00bb et \u00ab Politique de d\u00e9fense \u00bb de l\u2019IHEDN en mission en R\u00e9publique de Djibouti du 13 au 16 janvier 2023.","twitter_image":"https:\/\/ihedn.fr\/wp-content\/uploads\/2023\/01\/Briefin-CDT-RIAOM.jpg","twitter_creator":"@IHEDN","twitter_site":"@IHEDN","twitter_misc":{"Written by":"dev","Estimated reading time":"17 minutes"},"schema":{"@context":"https:\/\/schema.org","@graph":[{"@type":"Article","@id":"https:\/\/ihedn.fr\/en\/notre-actualite\/mission-djibouti-pour-les-auditeurs-de-lihedn\/#article","isPartOf":{"@id":"https:\/\/ihedn.fr\/en\/notre-actualite\/mission-djibouti-pour-les-auditeurs-de-lihedn\/"},"author":{"name":"dev","@id":"https:\/\/ihedn.fr\/#\/schema\/person\/7a40155595e4efb35323447cb8c8c5a4"},"headline":"Mission Djibouti pour les auditeurs de l\u2019IHEDN","datePublished":"2023-01-24T09:04:40+00:00","dateModified":"2023-01-25T10:28:50+00:00","mainEntityOfPage":{"@id":"https:\/\/ihedn.fr\/en\/notre-actualite\/mission-djibouti-pour-les-auditeurs-de-lihedn\/"},"wordCount":3018,"publisher":{"@id":"https:\/\/ihedn.fr\/#organization"},"image":{"@id":"https:\/\/ihedn.fr\/en\/notre-actualite\/mission-djibouti-pour-les-auditeurs-de-lihedn\/#primaryimage"},"thumbnailUrl":"https:\/\/ihedn.fr\/wp-content\/uploads\/2023\/01\/Briefin-CDT-RIAOM.jpg","articleSection":["Notre actualit\u00e9"],"inLanguage":"en-GB"},{"@type":"WebPage","@id":"https:\/\/ihedn.fr\/en\/notre-actualite\/mission-djibouti-pour-les-auditeurs-de-lihedn\/","url":"https:\/\/ihedn.fr\/en\/notre-actualite\/mission-djibouti-pour-les-auditeurs-de-lihedn\/","name":"Djibouti mission for IHEDN auditors - L'IHEDN : Institut des hautes \u00e9tudes de d\u00e9fense nationale","isPartOf":{"@id":"https:\/\/ihedn.fr\/#website"},"primaryImageOfPage":{"@id":"https:\/\/ihedn.fr\/en\/notre-actualite\/mission-djibouti-pour-les-auditeurs-de-lihedn\/#primaryimage"},"image":{"@id":"https:\/\/ihedn.fr\/en\/notre-actualite\/mission-djibouti-pour-les-auditeurs-de-lihedn\/#primaryimage"},"thumbnailUrl":"https:\/\/ihedn.fr\/wp-content\/uploads\/2023\/01\/Briefin-CDT-RIAOM.jpg","datePublished":"2023-01-24T09:04:40+00:00","dateModified":"2023-01-25T10:28:50+00:00","description":"Heading for the warm seas under the command of Lieutenant General Beno\u00eet Durieux, Director of the IHEDN, for the auditors of the IHEDN's \"Maritime Issues and Strategies\" and \"Defence Policy\" majors on a mission to the Republic of Djibouti from 13 to 16 January 2023.","breadcrumb":{"@id":"https:\/\/ihedn.fr\/en\/notre-actualite\/mission-djibouti-pour-les-auditeurs-de-lihedn\/#breadcrumb"},"inLanguage":"en-GB","potentialAction":[{"@type":"ReadAction","target":["https:\/\/ihedn.fr\/en\/notre-actualite\/mission-djibouti-pour-les-auditeurs-de-lihedn\/"]}]},{"@type":"ImageObject","inLanguage":"en-GB","@id":"https:\/\/ihedn.fr\/en\/notre-actualite\/mission-djibouti-pour-les-auditeurs-de-lihedn\/#primaryimage","url":"https:\/\/ihedn.fr\/wp-content\/uploads\/2023\/01\/Briefin-CDT-RIAOM.jpg","contentUrl":"https:\/\/ihedn.fr\/wp-content\/uploads\/2023\/01\/Briefin-CDT-RIAOM.jpg","width":1511,"height":581,"caption":"Les auditeurs attentifs au briefing du Colonel S\u00e9bastien Botheron"},{"@type":"BreadcrumbList","@id":"https:\/\/ihedn.fr\/en\/notre-actualite\/mission-djibouti-pour-les-auditeurs-de-lihedn\/#breadcrumb","itemListElement":[{"@type":"ListItem","position":1,"name":"Accueil","item":"https:\/\/ihedn.fr\/"},{"@type":"ListItem","position":2,"name":"Mission Djibouti pour les auditeurs de l\u2019IHEDN"}]},{"@type":"WebSite","@id":"https:\/\/ihedn.fr\/#website","url":"https:\/\/ihedn.fr\/","name":"IHEDN: Institut des hautes \u00e9tudes de d\u00e9fense nationale (Institute for Higher National Defence Studies)","description":"Official website of the IHEDN under the supervision of the Prime Minister.","publisher":{"@id":"https:\/\/ihedn.fr\/#organization"},"potentialAction":[{"@type":"SearchAction","target":{"@type":"EntryPoint","urlTemplate":"https:\/\/ihedn.fr\/?s={search_term_string}"},"query-input":{"@type":"PropertyValueSpecification","valueRequired":true,"valueName":"search_term_string"}}],"inLanguage":"en-GB"},{"@type":"Organization","@id":"https:\/\/ihedn.fr\/#organization","name":"IHEDN - Institute for Higher National Defence Studies","url":"https:\/\/ihedn.fr\/","logo":{"@type":"ImageObject","inLanguage":"en-GB","@id":"https:\/\/ihedn.fr\/#\/schema\/logo\/image\/","url":"https:\/\/ihedn.fr\/wp-content\/uploads\/2020\/11\/BLOC_RF_IHEDN_WEB.png","contentUrl":"https:\/\/ihedn.fr\/wp-content\/uploads\/2020\/11\/BLOC_RF_IHEDN_WEB.png","width":500,"height":237,"caption":"IHEDN - Institut des Hautes Etudes de D\u00e9fense Nationale"},"image":{"@id":"https:\/\/ihedn.fr\/#\/schema\/logo\/image\/"},"sameAs":["https:\/\/www.facebook.com\/ihedn\/","https:\/\/x.com\/IHEDN","https:\/\/www.instagram.com\/ihedn\/","https:\/\/www.linkedin.com\/school\/ihedn\/","https:\/\/fr.wikipedia.org\/wiki\/Institut_des_hautes_\u00e9tudes_de_D\u00e9fense_nationale"]},{"@type":"Person","@id":"https:\/\/ihedn.fr\/#\/schema\/person\/7a40155595e4efb35323447cb8c8c5a4","name":"dev","image":{"@type":"ImageObject","inLanguage":"en-GB","@id":"https:\/\/secure.gravatar.com\/avatar\/f1ffcac9ca2fa95ad3ec33e9be3ade82f752acb0cabe541e56c5889225afa88a?s=96&d=mm&r=g","url":"https:\/\/secure.gravatar.com\/avatar\/f1ffcac9ca2fa95ad3ec33e9be3ade82f752acb0cabe541e56c5889225afa88a?s=96&d=mm&r=g","contentUrl":"https:\/\/secure.gravatar.com\/avatar\/f1ffcac9ca2fa95ad3ec33e9be3ade82f752acb0cabe541e56c5889225afa88a?s=96&d=mm&r=g","caption":"dev"},"sameAs":["https:\/\/ihedn.concilium.click"],"url":"https:\/\/ihedn.fr\/en\/author\/dev\/"}]}},"publishpress_future_action":{"enabled":false,"date":"2026-05-09 11:43:40","action":"change-status","newStatus":"draft","terms":[],"taxonomy":"category","extraData":[]},"publishpress_future_workflow_manual_trigger":{"enabledWorkflows":[]},"_links":{"self":[{"href":"https:\/\/ihedn.fr\/en\/wp-json\/wp\/v2\/posts\/33360","targetHints":{"allow":["GET"]}}],"collection":[{"href":"https:\/\/ihedn.fr\/en\/wp-json\/wp\/v2\/posts"}],"about":[{"href":"https:\/\/ihedn.fr\/en\/wp-json\/wp\/v2\/types\/post"}],"author":[{"embeddable":true,"href":"https:\/\/ihedn.fr\/en\/wp-json\/wp\/v2\/users\/1"}],"replies":[{"embeddable":true,"href":"https:\/\/ihedn.fr\/en\/wp-json\/wp\/v2\/comments?post=33360"}],"version-history":[{"count":23,"href":"https:\/\/ihedn.fr\/en\/wp-json\/wp\/v2\/posts\/33360\/revisions"}],"predecessor-version":[{"id":33522,"href":"https:\/\/ihedn.fr\/en\/wp-json\/wp\/v2\/posts\/33360\/revisions\/33522"}],"wp:featuredmedia":[{"embeddable":true,"href":"https:\/\/ihedn.fr\/en\/wp-json\/wp\/v2\/media\/33370"}],"wp:attachment":[{"href":"https:\/\/ihedn.fr\/en\/wp-json\/wp\/v2\/media?parent=33360"}],"wp:term":[{"taxonomy":"category","embeddable":true,"href":"https:\/\/ihedn.fr\/en\/wp-json\/wp\/v2\/categories?post=33360"},{"taxonomy":"post_tag","embeddable":true,"href":"https:\/\/ihedn.fr\/en\/wp-json\/wp\/v2\/tags?post=33360"}],"curies":[{"name":"wp","href":"https:\/\/api.w.org\/{rel}","templated":true}]}}