{"id":33497,"date":"2023-02-15T11:00:45","date_gmt":"2023-02-15T10:00:45","guid":{"rendered":"https:\/\/ihedn.fr\/?p=33497"},"modified":"2023-02-28T11:50:14","modified_gmt":"2023-02-28T10:50:14","slug":"la-230e-session-en-region-normandie","status":"publish","type":"post","link":"https:\/\/ihedn.fr\/en\/notre-actualite\/la-230e-session-en-region-normandie\/","title":{"rendered":"La 230<sup>e<\/sup> session in Normandy"},"content":{"rendered":"<div data-elementor-type=\"wp-post\" data-elementor-id=\"33497\" class=\"elementor elementor-33497\" data-elementor-post-type=\"post\">\n\t\t\t\t\t\t<section data-particle_enable=\"false\" data-particle-mobile-disabled=\"false\" class=\"elementor-section elementor-top-section elementor-element elementor-element-4457aa1 elementor-section-boxed elementor-section-height-default elementor-section-height-default\" data-id=\"4457aa1\" data-element_type=\"section\" data-e-type=\"section\">\n\t\t\t\t\t\t<div class=\"elementor-container elementor-column-gap-default\">\n\t\t\t\t\t<div class=\"elementor-column elementor-col-20 elementor-top-column elementor-element elementor-element-994d45f\" data-id=\"994d45f\" data-element_type=\"column\" data-e-type=\"column\">\n\t\t\t<div class=\"elementor-widget-wrap elementor-element-populated\">\n\t\t\t\t\t\t<div class=\"elementor-element elementor-element-e1bb712 elementor-align-center elementor-widget elementor-widget-button\" data-id=\"e1bb712\" data-element_type=\"widget\" data-e-type=\"widget\" data-widget_type=\"button.default\">\n\t\t\t\t<div class=\"elementor-widget-container\">\n\t\t\t\t\t\t\t\t\t<div class=\"elementor-button-wrapper\">\n\t\t\t\t\t<a class=\"elementor-button elementor-button-link elementor-size-xs\" href=\"#SR230ouverture\">\n\t\t\t\t\t\t<span class=\"elementor-button-content-wrapper\">\n\t\t\t\t\t\t\t\t\t<span class=\"elementor-button-text\">  Opening  <\/span>\n\t\t\t\t\t<\/span>\n\t\t\t\t\t<\/a>\n\t\t\t\t<\/div>\n\t\t\t\t\t\t\t\t<\/div>\n\t\t\t\t<\/div>\n\t\t\t\t\t<\/div>\n\t\t<\/div>\n\t\t\t\t<div class=\"elementor-column elementor-col-20 elementor-top-column elementor-element elementor-element-fb6c14b\" data-id=\"fb6c14b\" data-element_type=\"column\" data-e-type=\"column\">\n\t\t\t<div class=\"elementor-widget-wrap elementor-element-populated\">\n\t\t\t\t\t\t<div class=\"elementor-element elementor-element-6db002a elementor-align-center elementor-widget elementor-widget-button\" data-id=\"6db002a\" data-element_type=\"widget\" data-e-type=\"widget\" data-widget_type=\"button.default\">\n\t\t\t\t<div class=\"elementor-widget-container\">\n\t\t\t\t\t\t\t\t\t<div class=\"elementor-button-wrapper\">\n\t\t\t\t\t<a class=\"elementor-button elementor-button-link elementor-size-xs\" href=\"#SR230S1\">\n\t\t\t\t\t\t<span class=\"elementor-button-content-wrapper\">\n\t\t\t\t\t\t\t\t\t<span class=\"elementor-button-text\">First week<\/span>\n\t\t\t\t\t<\/span>\n\t\t\t\t\t<\/a>\n\t\t\t\t<\/div>\n\t\t\t\t\t\t\t\t<\/div>\n\t\t\t\t<\/div>\n\t\t\t\t\t<\/div>\n\t\t<\/div>\n\t\t\t\t<div class=\"elementor-column elementor-col-20 elementor-top-column elementor-element elementor-element-bee4753\" data-id=\"bee4753\" data-element_type=\"column\" data-e-type=\"column\">\n\t\t\t<div class=\"elementor-widget-wrap elementor-element-populated\">\n\t\t\t\t\t\t<div class=\"elementor-element elementor-element-7442fc4 elementor-align-center elementor-widget elementor-widget-button\" data-id=\"7442fc4\" data-element_type=\"widget\" data-e-type=\"widget\" data-widget_type=\"button.default\">\n\t\t\t\t<div class=\"elementor-widget-container\">\n\t\t\t\t\t\t\t\t\t<div class=\"elementor-button-wrapper\">\n\t\t\t\t\t<a class=\"elementor-button elementor-button-link elementor-size-xs\" href=\"#SR230S2\">\n\t\t\t\t\t\t<span class=\"elementor-button-content-wrapper\">\n\t\t\t\t\t\t\t\t\t<span class=\"elementor-button-text\">Second week<\/span>\n\t\t\t\t\t<\/span>\n\t\t\t\t\t<\/a>\n\t\t\t\t<\/div>\n\t\t\t\t\t\t\t\t<\/div>\n\t\t\t\t<\/div>\n\t\t\t\t\t<\/div>\n\t\t<\/div>\n\t\t\t\t<div class=\"elementor-column elementor-col-20 elementor-top-column elementor-element elementor-element-38e5148\" data-id=\"38e5148\" data-element_type=\"column\" data-e-type=\"column\">\n\t\t\t<div class=\"elementor-widget-wrap elementor-element-populated\">\n\t\t\t\t\t\t<div class=\"elementor-element elementor-element-5a0979f elementor-align-center elementor-widget elementor-widget-button\" data-id=\"5a0979f\" data-element_type=\"widget\" data-e-type=\"widget\" data-widget_type=\"button.default\">\n\t\t\t\t<div class=\"elementor-widget-container\">\n\t\t\t\t\t\t\t\t\t<div class=\"elementor-button-wrapper\">\n\t\t\t\t\t<a class=\"elementor-button elementor-button-link elementor-size-xs\" href=\"#SR230S3\">\n\t\t\t\t\t\t<span class=\"elementor-button-content-wrapper\">\n\t\t\t\t\t\t\t\t\t<span class=\"elementor-button-text\">Third week<\/span>\n\t\t\t\t\t<\/span>\n\t\t\t\t\t<\/a>\n\t\t\t\t<\/div>\n\t\t\t\t\t\t\t\t<\/div>\n\t\t\t\t<\/div>\n\t\t\t\t\t<\/div>\n\t\t<\/div>\n\t\t\t\t<div class=\"elementor-column elementor-col-20 elementor-top-column elementor-element elementor-element-40b037c\" data-id=\"40b037c\" data-element_type=\"column\" data-e-type=\"column\">\n\t\t\t<div class=\"elementor-widget-wrap elementor-element-populated\">\n\t\t\t\t\t\t<div class=\"elementor-element elementor-element-f41e452 elementor-align-center elementor-widget elementor-widget-button\" data-id=\"f41e452\" data-element_type=\"widget\" data-e-type=\"widget\" data-widget_type=\"button.default\">\n\t\t\t\t<div class=\"elementor-widget-container\">\n\t\t\t\t\t\t\t\t\t<div class=\"elementor-button-wrapper\">\n\t\t\t\t\t<a class=\"elementor-button elementor-button-link elementor-size-xs\" href=\"#SR230S4\">\n\t\t\t\t\t\t<span class=\"elementor-button-content-wrapper\">\n\t\t\t\t\t\t\t\t\t<span class=\"elementor-button-text\">Fourth week<\/span>\n\t\t\t\t\t<\/span>\n\t\t\t\t\t<\/a>\n\t\t\t\t<\/div>\n\t\t\t\t\t\t\t\t<\/div>\n\t\t\t\t<\/div>\n\t\t\t\t\t<\/div>\n\t\t<\/div>\n\t\t\t\t\t<\/div>\n\t\t<\/section>\n\t\t\t\t<section data-particle_enable=\"false\" data-particle-mobile-disabled=\"false\" class=\"elementor-section elementor-top-section elementor-element elementor-element-d81d965 elementor-section-boxed elementor-section-height-default elementor-section-height-default\" data-id=\"d81d965\" data-element_type=\"section\" data-e-type=\"section\">\n\t\t\t\t\t\t<div class=\"elementor-container elementor-column-gap-default\">\n\t\t\t\t\t<div class=\"elementor-column elementor-col-100 elementor-top-column elementor-element elementor-element-be61383\" data-id=\"be61383\" data-element_type=\"column\" data-e-type=\"column\">\n\t\t\t<div class=\"elementor-widget-wrap elementor-element-populated\">\n\t\t\t\t\t\t<div class=\"elementor-element elementor-element-3525138 elementor-widget elementor-widget-menu-anchor\" data-id=\"3525138\" data-element_type=\"widget\" data-e-type=\"widget\" data-widget_type=\"menu-anchor.default\">\n\t\t\t\t<div class=\"elementor-widget-container\">\n\t\t\t\t\t\t\t<div class=\"elementor-menu-anchor\" id=\"SR230S4\"><\/div>\n\t\t\t\t\t\t<\/div>\n\t\t\t\t<\/div>\n\t\t\t\t\t<\/div>\n\t\t<\/div>\n\t\t\t\t\t<\/div>\n\t\t<\/section>\n\t\t\t\t<section data-particle_enable=\"false\" data-particle-mobile-disabled=\"false\" class=\"elementor-section elementor-top-section elementor-element elementor-element-95d55b7 elementor-section-boxed elementor-section-height-default elementor-section-height-default\" data-id=\"95d55b7\" data-element_type=\"section\" data-e-type=\"section\">\n\t\t\t\t\t\t<div class=\"elementor-container elementor-column-gap-default\">\n\t\t\t\t\t<div class=\"elementor-column elementor-col-100 elementor-top-column elementor-element elementor-element-869f623\" data-id=\"869f623\" data-element_type=\"column\" data-e-type=\"column\">\n\t\t\t<div class=\"elementor-widget-wrap elementor-element-populated\">\n\t\t\t\t\t\t<div class=\"elementor-element elementor-element-796b21a elementor-widget elementor-widget-text-editor\" data-id=\"796b21a\" data-element_type=\"widget\" data-e-type=\"widget\" data-widget_type=\"text-editor.default\">\n\t\t\t\t<div class=\"elementor-widget-container\">\n\t\t\t\t\t\t\t\t\t<p><strong>The fourth and final week of the 230<sup>e<\/sup> session in the Normandy region of the IHEDN offered listeners a perspective on international cooperation and conflict through high-level lectures.<\/strong><\/p><p><strong><span style=\"color: #000091;\">Mr Pascal Allizard<\/span><\/strong>Senator for Calvados and an expert on China, presented the major challenges facing this country in the current context. <strong><span style=\"color: #000091;\">Lieutenant General (2S) Michel Yakovleff<\/span><\/strong> spoke about transatlantic relations and <strong><span style=\"color: #000091;\">Mr Jean-Marie Rippert<\/span><\/strong>France's former ambassador to Russia, on Europe's response to the Russian invasion of Ukraine.<\/p><p>The challenges of remembering the Second World War were also highlighted with <strong><span style=\"color: #000091;\">Colonel Thierry Noulens<\/span><\/strong>DMD for Calvados and a doctor in modern and contemporary history, to the site of the Merville Battery and Pegasus Bridge, before laying a wreath in tribute to the men of the Kieffer Commando. A visit to the Caen Memorial and a meeting with its director <strong><span style=\"color: #000091;\">Mr Kl\u00e9ber Arhoul<\/span><\/strong>was another highlight of the week.<\/p><p>Friday 17 February saw the end of the session, after 4 weeks of training in Normandy, in the towns of Evreux, Cherbourg, Le Havre and Caen. On this occasion, the auditors of the 230<sup>e<\/sup>\u00a0session had the honour of being welcomed in the lounges of the H\u00f4tel Pr\u00e9fectoral by <strong><span style=\"color: #000091;\">Mr Thierry Mosimann<\/span><\/strong>Prefect of Calvados. The auditors from the four committees presented their findings to the audience and the various authorities present,<strong><span style=\"color: #000091;\"> Lieutenant General Laurent Michon<\/span><\/strong>OGZDS West, <strong><span style=\"color: #000091;\">Sub-prefect Jean-Michel Delvert<\/span><\/strong>Head of Regional and Specialised Activities, representing<strong><span style=\"color: #000091;\"> Lieutenant General Benoit Durieux<\/span><\/strong>Director of IHEDN, and General Officers 2S <strong><span style=\"color: #000091;\">Philippe Sidos<\/span><\/strong>session director, and <span style=\"color: #000091;\"><strong>J\u00e9r\u00f4me Pellistrandi<\/strong><\/span>educational consultant.<\/p><p>The 30 new IHEDN auditors then received the certificate that confers this quality on them and reinforces their desire to promote and disseminate the spirit of defence, in line with the Institute's mission.<\/p>\t\t\t\t\t\t\t\t<\/div>\n\t\t\t\t<\/div>\n\t\t\t\t<div class=\"elementor-element elementor-element-56f1966 elementor-widget elementor-widget-gallery\" data-id=\"56f1966\" data-element_type=\"widget\" data-e-type=\"widget\" data-settings=\"{&quot;columns&quot;:5,&quot;lazyload&quot;:&quot;yes&quot;,&quot;gallery_layout&quot;:&quot;grid&quot;,&quot;columns_tablet&quot;:2,&quot;columns_mobile&quot;:1,&quot;gap&quot;:{&quot;unit&quot;:&quot;px&quot;,&quot;size&quot;:10,&quot;sizes&quot;:[]},&quot;gap_tablet&quot;:{&quot;unit&quot;:&quot;px&quot;,&quot;size&quot;:10,&quot;sizes&quot;:[]},&quot;gap_mobile&quot;:{&quot;unit&quot;:&quot;px&quot;,&quot;size&quot;:10,&quot;sizes&quot;:[]},&quot;link_to&quot;:&quot;file&quot;,&quot;aspect_ratio&quot;:&quot;3:2&quot;,&quot;overlay_background&quot;:&quot;yes&quot;,&quot;content_hover_animation&quot;:&quot;fade-in&quot;}\" data-widget_type=\"gallery.default\">\n\t\t\t\t<div class=\"elementor-widget-container\">\n\t\t\t\t\t\t\t<div class=\"elementor-gallery__container\">\n\t\t\t\t\t\t\t<a class=\"e-gallery-item elementor-gallery-item elementor-animated-content\" href=\"https:\/\/ihedn.fr\/wp-content\/uploads\/2023\/02\/image0.jpeg\" data-elementor-open-lightbox=\"yes\" data-elementor-lightbox-slideshow=\"56f1966\" data-e-action-hash=\"#elementor-action%3Aaction%3Dlightbox%26settings%3DeyJpZCI6MzU0NDcsInVybCI6Imh0dHBzOlwvXC9paGVkbi5mclwvd3AtY29udGVudFwvdXBsb2Fkc1wvMjAyM1wvMDJcL2ltYWdlMC5qcGVnIiwic2xpZGVzaG93IjoiNTZmMTk2NiJ9\">\n\t\t\t\t\t<div class=\"e-gallery-image elementor-gallery-item__image\" data-thumbnail=\"https:\/\/ihedn.fr\/wp-content\/uploads\/2023\/02\/image0.jpeg\" data-width=\"1511\" data-height=\"1128\" aria-label=\"\" role=\"img\" ><\/div>\n\t\t\t\t\t\t\t\t\t\t\t<div class=\"elementor-gallery-item__overlay\"><\/div>\n\t\t\t\t\t\t\t\t\t\t\t\t\t\t<\/a>\n\t\t\t\t\t\t\t<a class=\"e-gallery-item elementor-gallery-item elementor-animated-content\" href=\"https:\/\/ihedn.fr\/wp-content\/uploads\/2023\/02\/image1.jpeg\" data-elementor-open-lightbox=\"yes\" data-elementor-lightbox-slideshow=\"56f1966\" data-e-action-hash=\"#elementor-action%3Aaction%3Dlightbox%26settings%3DeyJpZCI6MzU0NDgsInVybCI6Imh0dHBzOlwvXC9paGVkbi5mclwvd3AtY29udGVudFwvdXBsb2Fkc1wvMjAyM1wvMDJcL2ltYWdlMS5qcGVnIiwic2xpZGVzaG93IjoiNTZmMTk2NiJ9\">\n\t\t\t\t\t<div class=\"e-gallery-image elementor-gallery-item__image\" data-thumbnail=\"https:\/\/ihedn.fr\/wp-content\/uploads\/2023\/02\/image1.jpeg\" data-width=\"1500\" data-height=\"1432\" aria-label=\"\" role=\"img\" ><\/div>\n\t\t\t\t\t\t\t\t\t\t\t<div class=\"elementor-gallery-item__overlay\"><\/div>\n\t\t\t\t\t\t\t\t\t\t\t\t\t\t<\/a>\n\t\t\t\t\t\t\t<a class=\"e-gallery-item elementor-gallery-item elementor-animated-content\" href=\"https:\/\/ihedn.fr\/wp-content\/uploads\/2023\/02\/image2.jpeg\" data-elementor-open-lightbox=\"yes\" data-elementor-lightbox-slideshow=\"56f1966\" data-e-action-hash=\"#elementor-action%3Aaction%3Dlightbox%26settings%3DeyJpZCI6MzU0NDksInVybCI6Imh0dHBzOlwvXC9paGVkbi5mclwvd3AtY29udGVudFwvdXBsb2Fkc1wvMjAyM1wvMDJcL2ltYWdlMi5qcGVnIiwic2xpZGVzaG93IjoiNTZmMTk2NiJ9\">\n\t\t\t\t\t<div class=\"e-gallery-image elementor-gallery-item__image\" data-thumbnail=\"https:\/\/ihedn.fr\/wp-content\/uploads\/2023\/02\/image2.jpeg\" data-width=\"1511\" data-height=\"1133\" aria-label=\"\" role=\"img\" ><\/div>\n\t\t\t\t\t\t\t\t\t\t\t<div class=\"elementor-gallery-item__overlay\"><\/div>\n\t\t\t\t\t\t\t\t\t\t\t\t\t\t<\/a>\n\t\t\t\t\t\t\t<a class=\"e-gallery-item elementor-gallery-item elementor-animated-content\" href=\"https:\/\/ihedn.fr\/wp-content\/uploads\/2023\/02\/IMG_6853-004-1.jpg\" data-elementor-open-lightbox=\"yes\" data-elementor-lightbox-slideshow=\"56f1966\" data-e-action-hash=\"#elementor-action%3Aaction%3Dlightbox%26settings%3DeyJpZCI6MzU0NTIsInVybCI6Imh0dHBzOlwvXC9paGVkbi5mclwvd3AtY29udGVudFwvdXBsb2Fkc1wvMjAyM1wvMDJcL0lNR182ODUzLTAwNC0xLmpwZyIsInNsaWRlc2hvdyI6IjU2ZjE5NjYifQ%3D%3D\">\n\t\t\t\t\t<div class=\"e-gallery-image elementor-gallery-item__image\" data-thumbnail=\"https:\/\/ihedn.fr\/wp-content\/uploads\/2023\/02\/IMG_6853-004-1.jpg\" data-width=\"1511\" data-height=\"1238\" aria-label=\"\" role=\"img\" ><\/div>\n\t\t\t\t\t\t\t\t\t\t\t<div class=\"elementor-gallery-item__overlay\"><\/div>\n\t\t\t\t\t\t\t\t\t\t\t\t\t\t<\/a>\n\t\t\t\t\t\t\t<a class=\"e-gallery-item elementor-gallery-item elementor-animated-content\" href=\"https:\/\/ihedn.fr\/wp-content\/uploads\/2023\/02\/IMG_7040.jpg\" data-elementor-open-lightbox=\"yes\" data-elementor-lightbox-slideshow=\"56f1966\" data-e-action-hash=\"#elementor-action%3Aaction%3Dlightbox%26settings%3DeyJpZCI6MzU0NTMsInVybCI6Imh0dHBzOlwvXC9paGVkbi5mclwvd3AtY29udGVudFwvdXBsb2Fkc1wvMjAyM1wvMDJcL0lNR183MDQwLmpwZyIsInNsaWRlc2hvdyI6IjU2ZjE5NjYifQ%3D%3D\">\n\t\t\t\t\t<div class=\"e-gallery-image elementor-gallery-item__image\" data-thumbnail=\"https:\/\/ihedn.fr\/wp-content\/uploads\/2023\/02\/IMG_7040.jpg\" data-width=\"1511\" data-height=\"1133\" aria-label=\"\" role=\"img\" ><\/div>\n\t\t\t\t\t\t\t\t\t\t\t<div class=\"elementor-gallery-item__overlay\"><\/div>\n\t\t\t\t\t\t\t\t\t\t\t\t\t\t<\/a>\n\t\t\t\t\t<\/div>\n\t\t\t\t\t<\/div>\n\t\t\t\t<\/div>\n\t\t\t\t\t<\/div>\n\t\t<\/div>\n\t\t\t\t\t<\/div>\n\t\t<\/section>\n\t\t\t\t<section data-particle_enable=\"false\" data-particle-mobile-disabled=\"false\" class=\"elementor-section elementor-top-section elementor-element elementor-element-c97e4e7 elementor-section-boxed elementor-section-height-default elementor-section-height-default\" data-id=\"c97e4e7\" data-element_type=\"section\" data-e-type=\"section\">\n\t\t\t\t\t\t<div class=\"elementor-container elementor-column-gap-default\">\n\t\t\t\t\t<div class=\"elementor-column elementor-col-100 elementor-top-column elementor-element elementor-element-f5b39e1\" data-id=\"f5b39e1\" data-element_type=\"column\" data-e-type=\"column\">\n\t\t\t<div class=\"elementor-widget-wrap elementor-element-populated\">\n\t\t\t\t\t\t<div class=\"elementor-element elementor-element-2a16521 elementor-widget elementor-widget-menu-anchor\" data-id=\"2a16521\" data-element_type=\"widget\" data-e-type=\"widget\" data-widget_type=\"menu-anchor.default\">\n\t\t\t\t<div class=\"elementor-widget-container\">\n\t\t\t\t\t\t\t<div class=\"elementor-menu-anchor\" id=\"SR230S3\"><\/div>\n\t\t\t\t\t\t<\/div>\n\t\t\t\t<\/div>\n\t\t\t\t\t<\/div>\n\t\t<\/div>\n\t\t\t\t\t<\/div>\n\t\t<\/section>\n\t\t\t\t<section data-particle_enable=\"false\" data-particle-mobile-disabled=\"false\" class=\"elementor-section elementor-top-section elementor-element elementor-element-1b301cb elementor-section-boxed elementor-section-height-default elementor-section-height-default\" data-id=\"1b301cb\" data-element_type=\"section\" data-e-type=\"section\">\n\t\t\t\t\t\t<div class=\"elementor-container elementor-column-gap-default\">\n\t\t\t\t\t<div class=\"elementor-column elementor-col-100 elementor-top-column elementor-element elementor-element-579e835\" data-id=\"579e835\" data-element_type=\"column\" data-e-type=\"column\">\n\t\t\t<div class=\"elementor-widget-wrap elementor-element-populated\">\n\t\t\t\t\t\t<div class=\"elementor-element elementor-element-922413e elementor-widget elementor-widget-text-editor\" data-id=\"922413e\" data-element_type=\"widget\" data-e-type=\"widget\" data-widget_type=\"text-editor.default\">\n\t\t\t\t<div class=\"elementor-widget-container\">\n\t\t\t\t\t\t\t\t\t<p><strong>To mark the 3<sup>e<\/sup> 230 week<sup>e<\/sup> session in the Normandy region, listeners were able to discover the different strategic locations of the port of Le Havre and learn more about maritime issues.<\/strong><\/p><p><strong><span style=\"color: #000091;\">Florian Weyer<\/span><\/strong>The meeting focused on the major projects and the safety, economic and ecological challenges that HAROPA port, the merger of the ports of Paris, Rouen and Le Havre, must take into account.<br \/>The auditors also discovered the Ecole Nationale Sup\u00e9rieure Maritime (ENSM), the flagship of merchant navy officer training. It helps to strengthen France's strategic autonomy in the maritime field. After a reception in the salons of the Commandant de la Marine (COMAR) in Le Havre, Captain <strong><span style=\"color: #000091;\">Fr\u00e9d\u00e9ric Janci<\/span><\/strong>During their visit, the auditors met with the maritime gendarmerie and the regional customs directorate, major players in the State's action at sea. An embarkation on board the coastguard launch put the lessons learned into perspective.<\/p><p>Conferences on cybersecurity and the state of play in the war in Ukraine highlighted other strategic issues.<\/p><p>The week ended in the salons of Le Havre town hall, at the invitation of its mayor and former prime minister, <strong><span style=\"color: #000091;\">Mr \u00c9douard Philippe<\/span><\/strong>. He congratulated each of the auditors on the time they devote during this session to defence and national security issues, and encouraged them to continue this commitment beyond the training.<\/p>\t\t\t\t\t\t\t\t<\/div>\n\t\t\t\t<\/div>\n\t\t\t\t<div class=\"elementor-element elementor-element-a67b42f elementor-widget elementor-widget-gallery\" data-id=\"a67b42f\" data-element_type=\"widget\" data-e-type=\"widget\" data-settings=\"{&quot;lazyload&quot;:&quot;yes&quot;,&quot;gallery_layout&quot;:&quot;grid&quot;,&quot;columns&quot;:4,&quot;columns_tablet&quot;:2,&quot;columns_mobile&quot;:1,&quot;gap&quot;:{&quot;unit&quot;:&quot;px&quot;,&quot;size&quot;:10,&quot;sizes&quot;:[]},&quot;gap_tablet&quot;:{&quot;unit&quot;:&quot;px&quot;,&quot;size&quot;:10,&quot;sizes&quot;:[]},&quot;gap_mobile&quot;:{&quot;unit&quot;:&quot;px&quot;,&quot;size&quot;:10,&quot;sizes&quot;:[]},&quot;link_to&quot;:&quot;file&quot;,&quot;aspect_ratio&quot;:&quot;3:2&quot;,&quot;overlay_background&quot;:&quot;yes&quot;,&quot;content_hover_animation&quot;:&quot;fade-in&quot;}\" data-widget_type=\"gallery.default\">\n\t\t\t\t<div class=\"elementor-widget-container\">\n\t\t\t\t\t\t\t<div class=\"elementor-gallery__container\">\n\t\t\t\t\t\t\t<a class=\"e-gallery-item elementor-gallery-item elementor-animated-content\" href=\"https:\/\/ihedn.fr\/wp-content\/uploads\/2023\/02\/007-\u00aeIHEDN-La-230e-session-en-region-Normandie-20230214.jpeg\" data-elementor-open-lightbox=\"yes\" data-elementor-lightbox-slideshow=\"a67b42f\" data-elementor-lightbox-description=\"\u00aeIHEDN-La 230e session en r\u00e9gion Normandie\" data-e-action-hash=\"#elementor-action%3Aaction%3Dlightbox%26settings%3DeyJpZCI6MzQ3NzAsInVybCI6Imh0dHBzOlwvXC9paGVkbi5mclwvd3AtY29udGVudFwvdXBsb2Fkc1wvMjAyM1wvMDJcLzAwNy1cdTAwYWVJSEVETi1MYS0yMzBlLXNlc3Npb24tZW4tcmVnaW9uLU5vcm1hbmRpZS0yMDIzMDIxNC5qcGVnIiwic2xpZGVzaG93IjoiYTY3YjQyZiJ9\">\n\t\t\t\t\t<div class=\"e-gallery-image elementor-gallery-item__image\" data-thumbnail=\"https:\/\/ihedn.fr\/wp-content\/uploads\/2023\/02\/007-\u00aeIHEDN-La-230e-session-en-region-Normandie-20230214.jpeg\" data-width=\"1511\" data-height=\"1107\" aria-label=\"\u00aeIHEDN-The 230th session in the Normandy region\" role=\"img\" ><\/div>\n\t\t\t\t\t\t\t\t\t\t\t<div class=\"elementor-gallery-item__overlay\"><\/div>\n\t\t\t\t\t\t\t\t\t\t\t\t\t\t<\/a>\n\t\t\t\t\t\t\t<a class=\"e-gallery-item elementor-gallery-item elementor-animated-content\" href=\"https:\/\/ihedn.fr\/wp-content\/uploads\/2023\/02\/005-\u00aeIHEDN-La-230e-session-en-region-Normandie-20230214.jpeg\" data-elementor-open-lightbox=\"yes\" data-elementor-lightbox-slideshow=\"a67b42f\" data-elementor-lightbox-description=\"\u00aeIHEDN-La 230e session en r\u00e9gion Normandie\" data-e-action-hash=\"#elementor-action%3Aaction%3Dlightbox%26settings%3DeyJpZCI6MzQ3NjgsInVybCI6Imh0dHBzOlwvXC9paGVkbi5mclwvd3AtY29udGVudFwvdXBsb2Fkc1wvMjAyM1wvMDJcLzAwNS1cdTAwYWVJSEVETi1MYS0yMzBlLXNlc3Npb24tZW4tcmVnaW9uLU5vcm1hbmRpZS0yMDIzMDIxNC5qcGVnIiwic2xpZGVzaG93IjoiYTY3YjQyZiJ9\">\n\t\t\t\t\t<div class=\"e-gallery-image elementor-gallery-item__image\" data-thumbnail=\"https:\/\/ihedn.fr\/wp-content\/uploads\/2023\/02\/005-\u00aeIHEDN-La-230e-session-en-region-Normandie-20230214.jpeg\" data-width=\"1511\" data-height=\"794\" aria-label=\"\u00aeIHEDN-The 230th session in the Normandy region\" role=\"img\" ><\/div>\n\t\t\t\t\t\t\t\t\t\t\t<div class=\"elementor-gallery-item__overlay\"><\/div>\n\t\t\t\t\t\t\t\t\t\t\t\t\t\t<\/a>\n\t\t\t\t\t\t\t<a class=\"e-gallery-item elementor-gallery-item elementor-animated-content\" href=\"https:\/\/ihedn.fr\/wp-content\/uploads\/2023\/02\/006-\u00aeIHEDN-La-230e-session-en-region-Normandie-20230214.jpeg\" data-elementor-open-lightbox=\"yes\" data-elementor-lightbox-slideshow=\"a67b42f\" data-elementor-lightbox-description=\"\u00aeIHEDN-La 230e session en r\u00e9gion Normandie\" data-e-action-hash=\"#elementor-action%3Aaction%3Dlightbox%26settings%3DeyJpZCI6MzQ3NjksInVybCI6Imh0dHBzOlwvXC9paGVkbi5mclwvd3AtY29udGVudFwvdXBsb2Fkc1wvMjAyM1wvMDJcLzAwNi1cdTAwYWVJSEVETi1MYS0yMzBlLXNlc3Npb24tZW4tcmVnaW9uLU5vcm1hbmRpZS0yMDIzMDIxNC5qcGVnIiwic2xpZGVzaG93IjoiYTY3YjQyZiJ9\">\n\t\t\t\t\t<div class=\"e-gallery-image elementor-gallery-item__image\" data-thumbnail=\"https:\/\/ihedn.fr\/wp-content\/uploads\/2023\/02\/006-\u00aeIHEDN-La-230e-session-en-region-Normandie-20230214.jpeg\" data-width=\"1511\" data-height=\"1133\" aria-label=\"\u00aeIHEDN-The 230th session in the Normandy region\" role=\"img\" ><\/div>\n\t\t\t\t\t\t\t\t\t\t\t<div class=\"elementor-gallery-item__overlay\"><\/div>\n\t\t\t\t\t\t\t\t\t\t\t\t\t\t<\/a>\n\t\t\t\t\t\t\t<a class=\"e-gallery-item elementor-gallery-item elementor-animated-content\" href=\"https:\/\/ihedn.fr\/wp-content\/uploads\/2023\/02\/004-\u00aeIHEDN-La-230e-session-en-region-Normandie-20230214.jpeg\" data-elementor-open-lightbox=\"yes\" data-elementor-lightbox-slideshow=\"a67b42f\" data-elementor-lightbox-description=\"\u00aeIHEDN-La 230e session en r\u00e9gion Normandie\" data-e-action-hash=\"#elementor-action%3Aaction%3Dlightbox%26settings%3DeyJpZCI6MzQ3NjcsInVybCI6Imh0dHBzOlwvXC9paGVkbi5mclwvd3AtY29udGVudFwvdXBsb2Fkc1wvMjAyM1wvMDJcLzAwNC1cdTAwYWVJSEVETi1MYS0yMzBlLXNlc3Npb24tZW4tcmVnaW9uLU5vcm1hbmRpZS0yMDIzMDIxNC5qcGVnIiwic2xpZGVzaG93IjoiYTY3YjQyZiJ9\">\n\t\t\t\t\t<div class=\"e-gallery-image elementor-gallery-item__image\" data-thumbnail=\"https:\/\/ihedn.fr\/wp-content\/uploads\/2023\/02\/004-\u00aeIHEDN-La-230e-session-en-region-Normandie-20230214.jpeg\" data-width=\"1511\" data-height=\"895\" aria-label=\"\u00aeIHEDN-The 230th session in the Normandy region\" role=\"img\" ><\/div>\n\t\t\t\t\t\t\t\t\t\t\t<div class=\"elementor-gallery-item__overlay\"><\/div>\n\t\t\t\t\t\t\t\t\t\t\t\t\t\t<\/a>\n\t\t\t\t\t<\/div>\n\t\t\t\t\t<\/div>\n\t\t\t\t<\/div>\n\t\t\t\t<div class=\"elementor-element elementor-element-1cace35 elementor-widget elementor-widget-menu-anchor\" data-id=\"1cace35\" data-element_type=\"widget\" data-e-type=\"widget\" data-widget_type=\"menu-anchor.default\">\n\t\t\t\t<div class=\"elementor-widget-container\">\n\t\t\t\t\t\t\t<div class=\"elementor-menu-anchor\" id=\"SR230S2\"><\/div>\n\t\t\t\t\t\t<\/div>\n\t\t\t\t<\/div>\n\t\t\t\t\t<\/div>\n\t\t<\/div>\n\t\t\t\t\t<\/div>\n\t\t<\/section>\n\t\t\t\t<section data-particle_enable=\"false\" data-particle-mobile-disabled=\"false\" class=\"elementor-section elementor-top-section elementor-element elementor-element-54f8e6a elementor-section-boxed elementor-section-height-default elementor-section-height-default\" data-id=\"54f8e6a\" data-element_type=\"section\" data-e-type=\"section\">\n\t\t\t\t\t\t<div class=\"elementor-container elementor-column-gap-default\">\n\t\t\t\t\t<div class=\"elementor-column elementor-col-100 elementor-top-column elementor-element elementor-element-0e903aa\" data-id=\"0e903aa\" data-element_type=\"column\" data-e-type=\"column\">\n\t\t\t<div class=\"elementor-widget-wrap\">\n\t\t\t\t\t\t\t<\/div>\n\t\t<\/div>\n\t\t\t\t\t<\/div>\n\t\t<\/section>\n\t\t\t\t<section data-particle_enable=\"false\" data-particle-mobile-disabled=\"false\" class=\"elementor-section elementor-top-section elementor-element elementor-element-75f66ba elementor-section-boxed elementor-section-height-default elementor-section-height-default\" data-id=\"75f66ba\" data-element_type=\"section\" data-e-type=\"section\">\n\t\t\t\t\t\t<div class=\"elementor-container elementor-column-gap-default\">\n\t\t\t\t\t<div class=\"elementor-column elementor-col-100 elementor-top-column elementor-element elementor-element-ff983bd\" data-id=\"ff983bd\" data-element_type=\"column\" data-e-type=\"column\">\n\t\t\t<div class=\"elementor-widget-wrap elementor-element-populated\">\n\t\t\t\t\t\t<div class=\"elementor-element elementor-element-b7bf01f elementor-widget elementor-widget-text-editor\" data-id=\"b7bf01f\" data-element_type=\"widget\" data-e-type=\"widget\" data-widget_type=\"text-editor.default\">\n\t\t\t\t<div class=\"elementor-widget-container\">\n\t\t\t\t\t\t\t\t\t<p><strong>The second week of the 230<sup>e<\/sup> session in the Normandy region was marked by 4 major visits, in addition to the conferences.<\/strong><\/p><p>Naval Group is building the new generation of nuclear attack submarines in Cherbourg, such as the Suffren, the first of which was launched on 6 November 2020. On 2 November, the audience had the opportunity to discover the immense naval halls of Cherbourg.<sup>e<\/sup> This class of ANS is nearing completion, and the next 4 are at various stages of construction.<\/p><p><strong><span style=\"color: #000091;\">Captain Carron<\/span><\/strong>The Commander of the Cherbourg Naval Base, presented the major maritime issues to the audience before introducing them to an unsuspected aspect of submarine dismantling, which can be recycled to the tune of over 95 %.<\/p><p>The visit to Constructions M\u00e9caniques de Normandie, a BITD company, once again highlighted a leading shipbuilding company.<\/p><p>Finally, the week ended with a visit to ORANO, a reprocessing site for French and foreign civil nuclear waste. Dressed in clothing appropriate for the environment potentially exposed to radioactivity, the auditors were able to access the monitoring and control station, the pools where radioactive waste is stored and understand the uranium reprocessing process.<\/p><p>The auditors now have a week off. They can take advantage of this to make progress on their committee work, before meeting again in Le Havre for the 3<sup>e<\/sup> week of the session.<\/p>\t\t\t\t\t\t\t\t<\/div>\n\t\t\t\t<\/div>\n\t\t\t\t<div class=\"elementor-element elementor-element-29d49f9 elementor-widget elementor-widget-gallery\" data-id=\"29d49f9\" data-element_type=\"widget\" data-e-type=\"widget\" data-settings=\"{&quot;gap&quot;:{&quot;unit&quot;:&quot;px&quot;,&quot;size&quot;:5,&quot;sizes&quot;:[]},&quot;aspect_ratio&quot;:&quot;16:9&quot;,&quot;columns&quot;:3,&quot;lazyload&quot;:&quot;yes&quot;,&quot;gallery_layout&quot;:&quot;grid&quot;,&quot;columns_tablet&quot;:2,&quot;columns_mobile&quot;:1,&quot;gap_tablet&quot;:{&quot;unit&quot;:&quot;px&quot;,&quot;size&quot;:10,&quot;sizes&quot;:[]},&quot;gap_mobile&quot;:{&quot;unit&quot;:&quot;px&quot;,&quot;size&quot;:10,&quot;sizes&quot;:[]},&quot;link_to&quot;:&quot;file&quot;,&quot;overlay_background&quot;:&quot;yes&quot;,&quot;content_hover_animation&quot;:&quot;fade-in&quot;}\" data-widget_type=\"gallery.default\">\n\t\t\t\t<div class=\"elementor-widget-container\">\n\t\t\t\t\t\t\t<div class=\"elementor-gallery__container\">\n\t\t\t\t\t\t\t<a class=\"e-gallery-item elementor-gallery-item elementor-animated-content\" href=\"https:\/\/ihedn.fr\/wp-content\/uploads\/2023\/02\/003-\u00aeIHEDN-230e-sessioan-en-region-NORMANDIE-20230125.jpg\" data-elementor-open-lightbox=\"yes\" data-elementor-lightbox-slideshow=\"29d49f9\" data-e-action-hash=\"#elementor-action%3Aaction%3Dlightbox%26settings%3DeyJpZCI6MzM3NTcsInVybCI6Imh0dHBzOlwvXC9paGVkbi5mclwvd3AtY29udGVudFwvdXBsb2Fkc1wvMjAyM1wvMDJcLzAwMy1cdTAwYWVJSEVETi0yMzBlLXNlc3Npb2FuLWVuLXJlZ2lvbi1OT1JNQU5ESUUtMjAyMzAxMjUuanBnIiwic2xpZGVzaG93IjoiMjlkNDlmOSJ9\">\n\t\t\t\t\t<div class=\"e-gallery-image elementor-gallery-item__image\" data-thumbnail=\"https:\/\/ihedn.fr\/wp-content\/uploads\/2023\/02\/003-\u00aeIHEDN-230e-sessioan-en-region-NORMANDIE-20230125.jpg\" data-width=\"1511\" data-height=\"850\" aria-label=\"\" role=\"img\" ><\/div>\n\t\t\t\t\t\t\t\t\t\t\t<div class=\"elementor-gallery-item__overlay\"><\/div>\n\t\t\t\t\t\t\t\t\t\t\t\t\t\t<\/a>\n\t\t\t\t\t\t\t<a class=\"e-gallery-item elementor-gallery-item elementor-animated-content\" href=\"https:\/\/ihedn.fr\/wp-content\/uploads\/2023\/02\/002-\u00aeIHEDN-230e-sessioan-en-region-NORMANDIE-20230124.jpg\" data-elementor-open-lightbox=\"yes\" data-elementor-lightbox-slideshow=\"29d49f9\" data-e-action-hash=\"#elementor-action%3Aaction%3Dlightbox%26settings%3DeyJpZCI6MzM3NTYsInVybCI6Imh0dHBzOlwvXC9paGVkbi5mclwvd3AtY29udGVudFwvdXBsb2Fkc1wvMjAyM1wvMDJcLzAwMi1cdTAwYWVJSEVETi0yMzBlLXNlc3Npb2FuLWVuLXJlZ2lvbi1OT1JNQU5ESUUtMjAyMzAxMjQuanBnIiwic2xpZGVzaG93IjoiMjlkNDlmOSJ9\">\n\t\t\t\t\t<div class=\"e-gallery-image elementor-gallery-item__image\" data-thumbnail=\"https:\/\/ihedn.fr\/wp-content\/uploads\/2023\/02\/002-\u00aeIHEDN-230e-sessioan-en-region-NORMANDIE-20230124.jpg\" data-width=\"1511\" data-height=\"850\" aria-label=\"\" role=\"img\" ><\/div>\n\t\t\t\t\t\t\t\t\t\t\t<div class=\"elementor-gallery-item__overlay\"><\/div>\n\t\t\t\t\t\t\t\t\t\t\t\t\t\t<\/a>\n\t\t\t\t\t\t\t<a class=\"e-gallery-item elementor-gallery-item elementor-animated-content\" href=\"https:\/\/ihedn.fr\/wp-content\/uploads\/2023\/02\/004-\u00aeIHEDN-230e-sessioan-en-region-NORMANDIE-20230127.jpg\" data-elementor-open-lightbox=\"yes\" data-elementor-lightbox-slideshow=\"29d49f9\" data-e-action-hash=\"#elementor-action%3Aaction%3Dlightbox%26settings%3DeyJpZCI6MzM3NTgsInVybCI6Imh0dHBzOlwvXC9paGVkbi5mclwvd3AtY29udGVudFwvdXBsb2Fkc1wvMjAyM1wvMDJcLzAwNC1cdTAwYWVJSEVETi0yMzBlLXNlc3Npb2FuLWVuLXJlZ2lvbi1OT1JNQU5ESUUtMjAyMzAxMjcuanBnIiwic2xpZGVzaG93IjoiMjlkNDlmOSJ9\">\n\t\t\t\t\t<div class=\"e-gallery-image elementor-gallery-item__image\" data-thumbnail=\"https:\/\/ihedn.fr\/wp-content\/uploads\/2023\/02\/004-\u00aeIHEDN-230e-sessioan-en-region-NORMANDIE-20230127.jpg\" data-width=\"1511\" data-height=\"722\" aria-label=\"\" role=\"img\" ><\/div>\n\t\t\t\t\t\t\t\t\t\t\t<div class=\"elementor-gallery-item__overlay\"><\/div>\n\t\t\t\t\t\t\t\t\t\t\t\t\t\t<\/a>\n\t\t\t\t\t<\/div>\n\t\t\t\t\t<\/div>\n\t\t\t\t<\/div>\n\t\t\t\t<div class=\"elementor-element elementor-element-aa085e7 elementor-widget elementor-widget-menu-anchor\" data-id=\"aa085e7\" data-element_type=\"widget\" data-e-type=\"widget\" data-widget_type=\"menu-anchor.default\">\n\t\t\t\t<div class=\"elementor-widget-container\">\n\t\t\t\t\t\t\t<div class=\"elementor-menu-anchor\" id=\"SR230S1\"><\/div>\n\t\t\t\t\t\t<\/div>\n\t\t\t\t<\/div>\n\t\t\t\t\t<\/div>\n\t\t<\/div>\n\t\t\t\t\t<\/div>\n\t\t<\/section>\n\t\t\t\t<section data-particle_enable=\"false\" data-particle-mobile-disabled=\"false\" class=\"elementor-section elementor-top-section elementor-element elementor-element-334a5f2 elementor-section-boxed elementor-section-height-default elementor-section-height-default\" data-id=\"334a5f2\" data-element_type=\"section\" data-e-type=\"section\">\n\t\t\t\t\t\t<div class=\"elementor-container elementor-column-gap-default\">\n\t\t\t\t\t<div class=\"elementor-column elementor-col-100 elementor-top-column elementor-element elementor-element-8d14533\" data-id=\"8d14533\" data-element_type=\"column\" data-e-type=\"column\">\n\t\t\t<div class=\"elementor-widget-wrap elementor-element-populated\">\n\t\t\t\t\t\t<div class=\"elementor-element elementor-element-d4e9601 elementor-widget elementor-widget-text-editor\" data-id=\"d4e9601\" data-element_type=\"widget\" data-e-type=\"widget\" data-widget_type=\"text-editor.default\">\n\t\t\t\t<div class=\"elementor-widget-container\">\n\t\t\t\t\t\t\t\t\t<p><strong>To mark the 1<sup>re<\/sup> 230 week<sup>e<\/sup> session of the IHEDN in the French regions, the students were immediately immersed in the Institute's unique educational triptych: lectures, committee work and visits to military and industrial sites.<\/strong><\/p><p>On Wednesday 18\/01, listeners were welcomed to Evreux Air Base 105 by Colonel Le Floch, the base commander. This day devoted to the airmen and airwomen of the French Air Force and space forces was an opportunity to discover what goes on behind the scenes and the specialities of a 'transport' base.<\/p><p>The following day, a visit to the DGA Hydrodynamic Technique site took the audience into a little-known world that brings together cutting-edge skills and expertise. Ship models are put to the test in various basins, including one 600 m long where swell and many other maritime conditions are reproduced. After a visit to the Thales Ymare site, which specialises in the construction of primary and secondary radars, the day ended in Rouen.<\/p><p>The auditors had the honour of being received at the regional prefecture, where they were shown the crisis management room. They then had the privilege of meeting the regional prefect, <strong><span style=\"color: #000091;\">Mr Pierre-Andr\u00e9 Durand<\/span><\/strong>who shared his experience of managing the Lubrizol fire on 26 September 2019.<\/p>\t\t\t\t\t\t\t\t<\/div>\n\t\t\t\t<\/div>\n\t\t\t\t\t<\/div>\n\t\t<\/div>\n\t\t\t\t\t<\/div>\n\t\t<\/section>\n\t\t\t\t<section data-particle_enable=\"false\" data-particle-mobile-disabled=\"false\" class=\"elementor-section elementor-top-section elementor-element elementor-element-95b7a6f elementor-section-boxed elementor-section-height-default elementor-section-height-default\" data-id=\"95b7a6f\" data-element_type=\"section\" data-e-type=\"section\">\n\t\t\t\t\t\t<div class=\"elementor-container elementor-column-gap-default\">\n\t\t\t\t\t<div class=\"elementor-column elementor-col-100 elementor-top-column elementor-element elementor-element-1c030c8\" data-id=\"1c030c8\" data-element_type=\"column\" data-e-type=\"column\">\n\t\t\t<div class=\"elementor-widget-wrap elementor-element-populated\">\n\t\t\t\t\t\t<div class=\"elementor-element elementor-element-c8fd261 elementor-widget elementor-widget-image\" data-id=\"c8fd261\" data-element_type=\"widget\" data-e-type=\"widget\" data-widget_type=\"image.default\">\n\t\t\t\t<div class=\"elementor-widget-container\">\n\t\t\t\t\t\t\t\t\t\t\t\t\t\t\t<img fetchpriority=\"high\" decoding=\"async\" width=\"800\" height=\"800\" src=\"https:\/\/ihedn.fr\/wp-content\/uploads\/2023\/01\/20230119_180924-1024x1024.jpg\" class=\"attachment-large size-large wp-image-33899\" alt=\"\" srcset=\"https:\/\/ihedn.fr\/wp-content\/uploads\/2023\/01\/20230119_180924-1024x1024.jpg 1024w, https:\/\/ihedn.fr\/wp-content\/uploads\/2023\/01\/20230119_180924-300x300.jpg 300w, https:\/\/ihedn.fr\/wp-content\/uploads\/2023\/01\/20230119_180924-150x150.jpg 150w, https:\/\/ihedn.fr\/wp-content\/uploads\/2023\/01\/20230119_180924-768x768.jpg 768w\" sizes=\"(max-width: 800px) 100vw, 800px\" \/>\t\t\t\t\t\t\t\t\t\t\t\t\t\t\t<\/div>\n\t\t\t\t<\/div>\n\t\t\t\t<div class=\"elementor-element elementor-element-5e94b2b elementor-widget elementor-widget-menu-anchor\" data-id=\"5e94b2b\" data-element_type=\"widget\" data-e-type=\"widget\" data-widget_type=\"menu-anchor.default\">\n\t\t\t\t<div class=\"elementor-widget-container\">\n\t\t\t\t\t\t\t<div class=\"elementor-menu-anchor\" id=\"SR230ouverture\"><\/div>\n\t\t\t\t\t\t<\/div>\n\t\t\t\t<\/div>\n\t\t\t\t\t<\/div>\n\t\t<\/div>\n\t\t\t\t\t<\/div>\n\t\t<\/section>\n\t\t\t\t<section data-particle_enable=\"false\" data-particle-mobile-disabled=\"false\" class=\"elementor-section elementor-top-section elementor-element elementor-element-096c100 elementor-section-boxed elementor-section-height-default elementor-section-height-default\" data-id=\"096c100\" data-element_type=\"section\" data-e-type=\"section\">\n\t\t\t\t\t\t<div class=\"elementor-container elementor-column-gap-default\">\n\t\t\t\t\t<div class=\"elementor-column elementor-col-100 elementor-top-column elementor-element elementor-element-a66a020\" data-id=\"a66a020\" data-element_type=\"column\" data-e-type=\"column\">\n\t\t\t<div class=\"elementor-widget-wrap elementor-element-populated\">\n\t\t\t\t\t\t<div class=\"elementor-element elementor-element-a6a9802 elementor-widget elementor-widget-text-editor\" data-id=\"a6a9802\" data-element_type=\"widget\" data-e-type=\"widget\" data-widget_type=\"text-editor.default\">\n\t\t\t\t<div class=\"elementor-widget-container\">\n\t\t\t\t\t\t\t\t\t<p style=\"vertical-align: baseline;\"><strong>The 30 auditors selected to follow the 230<sup>e<\/sup>\u00a0session in the Normandy region met in \u00c9vreux on Tuesday 17 January 2022 for the opening day.<\/strong><\/p><p style=\"vertical-align: baseline;\">They were warmly welcomed to the Eure departmental council by <strong><span style=\"color: #000091;\">Mr Xavier Hubert<\/span><\/strong>Vice-President for Security and Crime Prevention. <strong><span style=\"color: #000091;\">Brigadier General Guillaume Cou\u00ebtoux<\/span><\/strong>Deputy General Officer for the Western Defence and Security Zone and <span style=\"color: #000091;\"><strong>Lt-Gen Laurent Michon<\/strong><\/span> then congratulated the auditors on their commitment. They recalled how much the regional sessions of the IHEDN contribute to the link between the army and the nation. <strong><span style=\"color: #000091;\">The Prefect Denis Conus<\/span><\/strong>The Deputy Director of the IHEDN then gave the opening address of the regional session and launched the students into 4 weeks of intense training based on visits to industrial and military sites, high-level conferences and committee work. In the afternoon, the students got to the heart of the matter, thanks to an overview of the contemporary world provided by <span style=\"color: #000091;\"><strong>Mr Guillaume Lasconjarias<\/strong><\/span>head of the studies and research department at the IHEDN.  The day ended in the lounges of the Eure prefecture, where the auditors had the privilege of being received by <strong><span style=\"color: #000091;\">The Prefect of Eure, Simon Babre<\/span><\/strong>. The exchanges were particularly rewarding.<\/p><p style=\"vertical-align: baseline;\">After a first week in Eure and Seine Maritime, where they had the honour of being received on 19 January by <strong><span style=\"color: #000091;\">Pierre-Andr\u00e9 Durand, Prefect of the Normandy Region, Prefect of Seine-Maritime<\/span><\/strong> for a highly instructive conference on crisis management, listeners will be travelling to Cherbourg, Le Havre and Caen over the following weeks.<\/p>\t\t\t\t\t\t\t\t<\/div>\n\t\t\t\t<\/div>\n\t\t\t\t\t<\/div>\n\t\t<\/div>\n\t\t\t\t\t<\/div>\n\t\t<\/section>\n\t\t\t\t<section data-particle_enable=\"false\" data-particle-mobile-disabled=\"false\" class=\"elementor-section elementor-top-section elementor-element elementor-element-5f00d57 elementor-section-boxed elementor-section-height-default elementor-section-height-default\" data-id=\"5f00d57\" data-element_type=\"section\" data-e-type=\"section\">\n\t\t\t\t\t\t<div class=\"elementor-container elementor-column-gap-default\">\n\t\t\t\t\t<div class=\"elementor-column elementor-col-100 elementor-top-column elementor-element elementor-element-fa15d31\" data-id=\"fa15d31\" data-element_type=\"column\" data-e-type=\"column\">\n\t\t\t<div class=\"elementor-widget-wrap elementor-element-populated\">\n\t\t\t\t\t\t<div class=\"elementor-element elementor-element-9c6a5c2 elementor-widget elementor-widget-gallery\" data-id=\"9c6a5c2\" data-element_type=\"widget\" data-e-type=\"widget\" data-settings=\"{&quot;columns&quot;:3,&quot;aspect_ratio&quot;:&quot;16:9&quot;,&quot;overlay_description&quot;:&quot;caption&quot;,&quot;lazyload&quot;:&quot;yes&quot;,&quot;gallery_layout&quot;:&quot;grid&quot;,&quot;columns_tablet&quot;:2,&quot;columns_mobile&quot;:1,&quot;gap&quot;:{&quot;unit&quot;:&quot;px&quot;,&quot;size&quot;:10,&quot;sizes&quot;:[]},&quot;gap_tablet&quot;:{&quot;unit&quot;:&quot;px&quot;,&quot;size&quot;:10,&quot;sizes&quot;:[]},&quot;gap_mobile&quot;:{&quot;unit&quot;:&quot;px&quot;,&quot;size&quot;:10,&quot;sizes&quot;:[]},&quot;link_to&quot;:&quot;file&quot;,&quot;overlay_background&quot;:&quot;yes&quot;,&quot;content_hover_animation&quot;:&quot;fade-in&quot;}\" data-widget_type=\"gallery.default\">\n\t\t\t\t<div class=\"elementor-widget-container\">\n\t\t\t\t\t\t\t<div class=\"elementor-gallery__container\">\n\t\t\t\t\t\t\t<a class=\"e-gallery-item elementor-gallery-item elementor-animated-content\" href=\"https:\/\/ihedn.fr\/wp-content\/uploads\/2023\/01\/003-\u00aeIHEDN-La-230e-session-en-region-Normandie-20230124.jpg\" data-elementor-open-lightbox=\"yes\" data-elementor-lightbox-slideshow=\"9c6a5c2\" data-elementor-lightbox-description=\"\u00aeIHEDN-La 230e session en r\u00e9gion Normandie\" data-e-action-hash=\"#elementor-action%3Aaction%3Dlightbox%26settings%3DeyJpZCI6MzM1MDIsInVybCI6Imh0dHBzOlwvXC9paGVkbi5mclwvd3AtY29udGVudFwvdXBsb2Fkc1wvMjAyM1wvMDFcLzAwMy1cdTAwYWVJSEVETi1MYS0yMzBlLXNlc3Npb24tZW4tcmVnaW9uLU5vcm1hbmRpZS0yMDIzMDEyNC5qcGciLCJzbGlkZXNob3ciOiI5YzZhNWMyIn0%3D\">\n\t\t\t\t\t<div class=\"e-gallery-image elementor-gallery-item__image\" data-thumbnail=\"https:\/\/ihedn.fr\/wp-content\/uploads\/2023\/01\/003-\u00aeIHEDN-La-230e-session-en-region-Normandie-20230124.jpg\" data-width=\"1511\" data-height=\"1127\" aria-label=\"\u00aeIHEDN-The 230th session in the Normandy region\" role=\"img\" ><\/div>\n\t\t\t\t\t\t\t\t\t\t\t<div class=\"elementor-gallery-item__overlay\"><\/div>\n\t\t\t\t\t\t\t\t\t\t\t\t\t\t\t<div class=\"elementor-gallery-item__content\">\n\t\t\t\t\t\t\t\t\t\t\t\t\t\t<div class=\"elementor-gallery-item__description\">\n\t\t\t\t\t\t\t\t\t\t\t\t\t\t\t\t\t\tSpeech by Brigadier General Guillaume Cou\u00ebtoux, Deputy General Officer of the Western Defence and Security Zone.\t\t\t\t\t\t\t\t<\/div>\n\t\t\t\t\t\t\t\t\t\t\t\t<\/div>\n\t\t\t\t\t\t\t\t\t<\/a>\n\t\t\t\t\t\t\t<a class=\"e-gallery-item elementor-gallery-item elementor-animated-content\" href=\"https:\/\/ihedn.fr\/wp-content\/uploads\/2023\/01\/001-\u00aeIHEDN-La-230e-session-en-region-Normandie-20230118.jpg\" data-elementor-open-lightbox=\"yes\" data-elementor-lightbox-slideshow=\"9c6a5c2\" data-elementor-lightbox-description=\"\u00aeIHEDN-La 230e session en r\u00e9gion Normandie\" data-e-action-hash=\"#elementor-action%3Aaction%3Dlightbox%26settings%3DeyJpZCI6MzM1MDAsInVybCI6Imh0dHBzOlwvXC9paGVkbi5mclwvd3AtY29udGVudFwvdXBsb2Fkc1wvMjAyM1wvMDFcLzAwMS1cdTAwYWVJSEVETi1MYS0yMzBlLXNlc3Npb24tZW4tcmVnaW9uLU5vcm1hbmRpZS0yMDIzMDExOC5qcGciLCJzbGlkZXNob3ciOiI5YzZhNWMyIn0%3D\">\n\t\t\t\t\t<div class=\"e-gallery-image elementor-gallery-item__image\" data-thumbnail=\"https:\/\/ihedn.fr\/wp-content\/uploads\/2023\/01\/001-\u00aeIHEDN-La-230e-session-en-region-Normandie-20230118.jpg\" data-width=\"1511\" data-height=\"877\" aria-label=\"\u00aeIHEDN-The 230th session in the Normandy region\" role=\"img\" ><\/div>\n\t\t\t\t\t\t\t\t\t\t\t<div class=\"elementor-gallery-item__overlay\"><\/div>\n\t\t\t\t\t\t\t\t\t\t\t\t\t\t\t<div class=\"elementor-gallery-item__content\">\n\t\t\t\t\t\t\t\t\t\t\t<\/div>\n\t\t\t\t\t\t\t\t\t<\/a>\n\t\t\t\t\t\t\t<a class=\"e-gallery-item elementor-gallery-item elementor-animated-content\" href=\"https:\/\/ihedn.fr\/wp-content\/uploads\/2023\/01\/002-\u00aeIHEDN-La-230e-session-en-region-Normandie-20230118.jpg\" data-elementor-open-lightbox=\"yes\" data-elementor-lightbox-slideshow=\"9c6a5c2\" data-elementor-lightbox-description=\"\u00aeIHEDN-La 230e session en r\u00e9gion Normandie\" data-e-action-hash=\"#elementor-action%3Aaction%3Dlightbox%26settings%3DeyJpZCI6MzM1MDEsInVybCI6Imh0dHBzOlwvXC9paGVkbi5mclwvd3AtY29udGVudFwvdXBsb2Fkc1wvMjAyM1wvMDFcLzAwMi1cdTAwYWVJSEVETi1MYS0yMzBlLXNlc3Npb24tZW4tcmVnaW9uLU5vcm1hbmRpZS0yMDIzMDExOC5qcGciLCJzbGlkZXNob3ciOiI5YzZhNWMyIn0%3D\">\n\t\t\t\t\t<div class=\"e-gallery-image elementor-gallery-item__image\" data-thumbnail=\"https:\/\/ihedn.fr\/wp-content\/uploads\/2023\/01\/002-\u00aeIHEDN-La-230e-session-en-region-Normandie-20230118.jpg\" data-width=\"1240\" data-height=\"975\" aria-label=\"\u00aeIHEDN-The 230th session in the Normandy region: Simon Babre, Prefect of Eure and Denis Conus, Deputy Director of IHEDN.\" role=\"img\" ><\/div>\n\t\t\t\t\t\t\t\t\t\t\t<div class=\"elementor-gallery-item__overlay\"><\/div>\n\t\t\t\t\t\t\t\t\t\t\t\t\t\t\t<div class=\"elementor-gallery-item__content\">\n\t\t\t\t\t\t\t\t\t\t\t\t\t\t<div class=\"elementor-gallery-item__description\">\n\t\t\t\t\t\t\t\t\t\t\t\t\t\t\t\t\t\tSimon Babre, Prefect of Eure and Denis Conus, Deputy Director of IHEDN.\t\t\t\t\t\t\t\t<\/div>\n\t\t\t\t\t\t\t\t\t\t\t\t<\/div>\n\t\t\t\t\t\t\t\t\t<\/a>\n\t\t\t\t\t<\/div>\n\t\t\t\t\t<\/div>\n\t\t\t\t<\/div>\n\t\t\t\t\t<\/div>\n\t\t<\/div>\n\t\t\t\t\t<\/div>\n\t\t<\/section>\n\t\t\t\t<\/div>","protected":false},"excerpt":{"rendered":"<p>The fourth and final week of the 230<sup>e<\/sup> session in the Normandy region of the IHEDN offered listeners a perspective on international cooperation and conflict through high-level lectures. <\/p>","protected":false},"author":1,"featured_media":35450,"comment_status":"closed","ping_status":"closed","sticky":false,"template":"","format":"standard","meta":{"footnotes":""},"categories":[172],"tags":[],"class_list":["post-33497","post","type-post","status-publish","format-standard","has-post-thumbnail","hentry","category-notre-actualite"],"yoast_head":"<!-- This site is optimized with the Yoast SEO plugin v27.5 - https:\/\/yoast.com\/product\/yoast-seo-wordpress\/ -->\n<title>La 230e session en r\u00e9gion Normandie - L&#039;IHEDN : Institut des hautes \u00e9tudes de d\u00e9fense nationale<\/title>\n<meta name=\"description\" content=\"La quatri\u00e8me et derni\u00e8re semaine de la 230e session en r\u00e9gion Normandie de l\u2019IHEDN a propos\u00e9 aux auditeurs une mise en perspective des coop\u00e9rations et des conflits internationaux au travers notamment de conf\u00e9rences de haut niveau.\" \/>\n<meta name=\"robots\" content=\"index, follow, max-snippet:-1, max-image-preview:large, max-video-preview:-1\" \/>\n<link rel=\"canonical\" href=\"https:\/\/ihedn.fr\/en\/actualites-des-sessions\/regionale\/la-230e-session-en-region-normandie\/\" \/>\n<meta property=\"og:locale\" content=\"en_GB\" \/>\n<meta property=\"og:type\" content=\"article\" \/>\n<meta property=\"og:title\" content=\"La 230e session en r\u00e9gion Normandie\" \/>\n<meta property=\"og:description\" content=\"La quatri\u00e8me et derni\u00e8re semaine de la 230e session en r\u00e9gion Normandie de l\u2019IHEDN a propos\u00e9 aux auditeurs une mise en perspective des coop\u00e9rations et des conflits internationaux au travers notamment de conf\u00e9rences de haut niveau.\" \/>\n<meta property=\"og:url\" content=\"https:\/\/ihedn.fr\/en\/actualites-des-sessions\/regionale\/la-230e-session-en-region-normandie\/\" \/>\n<meta property=\"og:site_name\" content=\"L&#039;IHEDN : Institut des hautes \u00e9tudes de d\u00e9fense nationale\" \/>\n<meta property=\"article:publisher\" content=\"https:\/\/www.facebook.com\/ihedn\/\" \/>\n<meta property=\"article:published_time\" content=\"2023-02-15T10:00:45+00:00\" \/>\n<meta property=\"article:modified_time\" content=\"2023-02-28T10:50:14+00:00\" \/>\n<meta property=\"og:image\" content=\"https:\/\/ihedn.fr\/wp-content\/uploads\/2023\/02\/image3.jpeg\" \/>\n\t<meta property=\"og:image:width\" content=\"1511\" \/>\n\t<meta property=\"og:image:height\" content=\"1133\" \/>\n\t<meta property=\"og:image:type\" content=\"image\/jpeg\" \/>\n<meta name=\"author\" content=\"dev\" \/>\n<meta name=\"twitter:card\" content=\"summary_large_image\" \/>\n<meta name=\"twitter:title\" content=\"La 230&lt;sup&gt;e&lt;\/sup&gt; session en r\u00e9gion Normandie\" \/>\n<meta name=\"twitter:description\" content=\"La quatri\u00e8me et derni\u00e8re semaine de la 230e session en r\u00e9gion Normandie de l\u2019IHEDN a propos\u00e9 aux auditeurs une mise en perspective des coop\u00e9rations et des conflits internationaux au travers notamment de conf\u00e9rences de haut niveau.\" \/>\n<meta name=\"twitter:image\" content=\"https:\/\/ihedn.fr\/wp-content\/uploads\/2023\/02\/image3.jpeg\" \/>\n<meta name=\"twitter:creator\" content=\"@IHEDN\" \/>\n<meta name=\"twitter:site\" content=\"@IHEDN\" \/>\n<meta name=\"twitter:label1\" content=\"Written by\" \/>\n\t<meta name=\"twitter:data1\" content=\"dev\" \/>\n\t<meta name=\"twitter:label2\" content=\"Estimated reading time\" \/>\n\t<meta name=\"twitter:data2\" content=\"8 minutes\" \/>\n<script type=\"application\/ld+json\" class=\"yoast-schema-graph\">{\"@context\":\"https:\\\/\\\/schema.org\",\"@graph\":[{\"@type\":\"Article\",\"@id\":\"https:\\\/\\\/ihedn.fr\\\/actualites-des-sessions\\\/regionale\\\/la-230e-session-en-region-normandie\\\/#article\",\"isPartOf\":{\"@id\":\"https:\\\/\\\/ihedn.fr\\\/actualites-des-sessions\\\/regionale\\\/la-230e-session-en-region-normandie\\\/\"},\"author\":{\"name\":\"dev\",\"@id\":\"https:\\\/\\\/ihedn.fr\\\/#\\\/schema\\\/person\\\/7a40155595e4efb35323447cb8c8c5a4\"},\"headline\":\"La 230e session en r\u00e9gion Normandie\",\"datePublished\":\"2023-02-15T10:00:45+00:00\",\"dateModified\":\"2023-02-28T10:50:14+00:00\",\"mainEntityOfPage\":{\"@id\":\"https:\\\/\\\/ihedn.fr\\\/actualites-des-sessions\\\/regionale\\\/la-230e-session-en-region-normandie\\\/\"},\"wordCount\":1581,\"publisher\":{\"@id\":\"https:\\\/\\\/ihedn.fr\\\/#organization\"},\"image\":{\"@id\":\"https:\\\/\\\/ihedn.fr\\\/actualites-des-sessions\\\/regionale\\\/la-230e-session-en-region-normandie\\\/#primaryimage\"},\"thumbnailUrl\":\"https:\\\/\\\/ihedn.fr\\\/wp-content\\\/uploads\\\/2023\\\/02\\\/image3.jpeg\",\"articleSection\":[\"Notre actualit\u00e9\"],\"inLanguage\":\"en-GB\"},{\"@type\":\"WebPage\",\"@id\":\"https:\\\/\\\/ihedn.fr\\\/actualites-des-sessions\\\/regionale\\\/la-230e-session-en-region-normandie\\\/\",\"url\":\"https:\\\/\\\/ihedn.fr\\\/actualites-des-sessions\\\/regionale\\\/la-230e-session-en-region-normandie\\\/\",\"name\":\"La 230e session en r\u00e9gion Normandie - L&#039;IHEDN : Institut des hautes \u00e9tudes de d\u00e9fense nationale\",\"isPartOf\":{\"@id\":\"https:\\\/\\\/ihedn.fr\\\/#website\"},\"primaryImageOfPage\":{\"@id\":\"https:\\\/\\\/ihedn.fr\\\/actualites-des-sessions\\\/regionale\\\/la-230e-session-en-region-normandie\\\/#primaryimage\"},\"image\":{\"@id\":\"https:\\\/\\\/ihedn.fr\\\/actualites-des-sessions\\\/regionale\\\/la-230e-session-en-region-normandie\\\/#primaryimage\"},\"thumbnailUrl\":\"https:\\\/\\\/ihedn.fr\\\/wp-content\\\/uploads\\\/2023\\\/02\\\/image3.jpeg\",\"datePublished\":\"2023-02-15T10:00:45+00:00\",\"dateModified\":\"2023-02-28T10:50:14+00:00\",\"description\":\"La quatri\u00e8me et derni\u00e8re semaine de la 230e session en r\u00e9gion Normandie de l\u2019IHEDN a propos\u00e9 aux auditeurs une mise en perspective des coop\u00e9rations et des conflits internationaux au travers notamment de conf\u00e9rences de haut niveau.\",\"breadcrumb\":{\"@id\":\"https:\\\/\\\/ihedn.fr\\\/actualites-des-sessions\\\/regionale\\\/la-230e-session-en-region-normandie\\\/#breadcrumb\"},\"inLanguage\":\"en-GB\",\"potentialAction\":[{\"@type\":\"ReadAction\",\"target\":[\"https:\\\/\\\/ihedn.fr\\\/actualites-des-sessions\\\/regionale\\\/la-230e-session-en-region-normandie\\\/\"]}]},{\"@type\":\"ImageObject\",\"inLanguage\":\"en-GB\",\"@id\":\"https:\\\/\\\/ihedn.fr\\\/actualites-des-sessions\\\/regionale\\\/la-230e-session-en-region-normandie\\\/#primaryimage\",\"url\":\"https:\\\/\\\/ihedn.fr\\\/wp-content\\\/uploads\\\/2023\\\/02\\\/image3.jpeg\",\"contentUrl\":\"https:\\\/\\\/ihedn.fr\\\/wp-content\\\/uploads\\\/2023\\\/02\\\/image3.jpeg\",\"width\":1511,\"height\":1133,\"caption\":\"La 230e session en r\u00e9gion Normandie\"},{\"@type\":\"BreadcrumbList\",\"@id\":\"https:\\\/\\\/ihedn.fr\\\/actualites-des-sessions\\\/regionale\\\/la-230e-session-en-region-normandie\\\/#breadcrumb\",\"itemListElement\":[{\"@type\":\"ListItem\",\"position\":1,\"name\":\"Accueil\",\"item\":\"https:\\\/\\\/ihedn.fr\\\/\"},{\"@type\":\"ListItem\",\"position\":2,\"name\":\"La 230e session en r\u00e9gion Normandie\"}]},{\"@type\":\"WebSite\",\"@id\":\"https:\\\/\\\/ihedn.fr\\\/#website\",\"url\":\"https:\\\/\\\/ihedn.fr\\\/\",\"name\":\"IHEDN : Institut des hautes \u00e9tudes de d\u00e9fense nationale |\",\"description\":\"Site officiel de l&#039;IHEDN plac\u00e9 sous la tutelle du Premier ministre.\",\"publisher\":{\"@id\":\"https:\\\/\\\/ihedn.fr\\\/#organization\"},\"potentialAction\":[{\"@type\":\"SearchAction\",\"target\":{\"@type\":\"EntryPoint\",\"urlTemplate\":\"https:\\\/\\\/ihedn.fr\\\/?s={search_term_string}\"},\"query-input\":{\"@type\":\"PropertyValueSpecification\",\"valueRequired\":true,\"valueName\":\"search_term_string\"}}],\"inLanguage\":\"en-GB\"},{\"@type\":\"Organization\",\"@id\":\"https:\\\/\\\/ihedn.fr\\\/#organization\",\"name\":\"IHEDN - Institut des Hautes Etudes de D\u00e9fense Nationale\",\"url\":\"https:\\\/\\\/ihedn.fr\\\/\",\"logo\":{\"@type\":\"ImageObject\",\"inLanguage\":\"en-GB\",\"@id\":\"https:\\\/\\\/ihedn.fr\\\/#\\\/schema\\\/logo\\\/image\\\/\",\"url\":\"https:\\\/\\\/ihedn.fr\\\/wp-content\\\/uploads\\\/2020\\\/11\\\/BLOC_RF_IHEDN_WEB.png\",\"contentUrl\":\"https:\\\/\\\/ihedn.fr\\\/wp-content\\\/uploads\\\/2020\\\/11\\\/BLOC_RF_IHEDN_WEB.png\",\"width\":500,\"height\":237,\"caption\":\"IHEDN - Institut des Hautes Etudes de D\u00e9fense Nationale\"},\"image\":{\"@id\":\"https:\\\/\\\/ihedn.fr\\\/#\\\/schema\\\/logo\\\/image\\\/\"},\"sameAs\":[\"https:\\\/\\\/www.facebook.com\\\/ihedn\\\/\",\"https:\\\/\\\/x.com\\\/IHEDN\",\"https:\\\/\\\/www.instagram.com\\\/ihedn\\\/\",\"https:\\\/\\\/www.linkedin.com\\\/school\\\/ihedn\\\/\",\"https:\\\/\\\/fr.wikipedia.org\\\/wiki\\\/Institut_des_hautes_\u00e9tudes_de_D\u00e9fense_nationale\"]},{\"@type\":\"Person\",\"@id\":\"https:\\\/\\\/ihedn.fr\\\/#\\\/schema\\\/person\\\/7a40155595e4efb35323447cb8c8c5a4\",\"name\":\"dev\",\"image\":{\"@type\":\"ImageObject\",\"inLanguage\":\"en-GB\",\"@id\":\"https:\\\/\\\/secure.gravatar.com\\\/avatar\\\/f1ffcac9ca2fa95ad3ec33e9be3ade82f752acb0cabe541e56c5889225afa88a?s=96&d=mm&r=g\",\"url\":\"https:\\\/\\\/secure.gravatar.com\\\/avatar\\\/f1ffcac9ca2fa95ad3ec33e9be3ade82f752acb0cabe541e56c5889225afa88a?s=96&d=mm&r=g\",\"contentUrl\":\"https:\\\/\\\/secure.gravatar.com\\\/avatar\\\/f1ffcac9ca2fa95ad3ec33e9be3ade82f752acb0cabe541e56c5889225afa88a?s=96&d=mm&r=g\",\"caption\":\"dev\"},\"sameAs\":[\"https:\\\/\\\/ihedn.concilium.click\"],\"url\":\"https:\\\/\\\/ihedn.fr\\\/en\\\/author\\\/dev\\\/\"}]}<\/script>\n<!-- \/ Yoast SEO plugin. -->","yoast_head_json":{"title":"The 230th session in the Normandy region - L'IHEDN : Institut des hautes \u00e9tudes de d\u00e9fense nationale","description":"The fourth and final week of the 230th session of the IHEDN in the Normandy region provided an opportunity to put international cooperation and conflict into perspective through a series of high-level conferences.","robots":{"index":"index","follow":"follow","max-snippet":"max-snippet:-1","max-image-preview":"max-image-preview:large","max-video-preview":"max-video-preview:-1"},"canonical":"https:\/\/ihedn.fr\/en\/actualites-des-sessions\/regionale\/la-230e-session-en-region-normandie\/","og_locale":"en_GB","og_type":"article","og_title":"La 230e session en r\u00e9gion Normandie","og_description":"La quatri\u00e8me et derni\u00e8re semaine de la 230e session en r\u00e9gion Normandie de l\u2019IHEDN a propos\u00e9 aux auditeurs une mise en perspective des coop\u00e9rations et des conflits internationaux au travers notamment de conf\u00e9rences de haut niveau.","og_url":"https:\/\/ihedn.fr\/en\/actualites-des-sessions\/regionale\/la-230e-session-en-region-normandie\/","og_site_name":"L&#039;IHEDN : Institut des hautes \u00e9tudes de d\u00e9fense nationale","article_publisher":"https:\/\/www.facebook.com\/ihedn\/","article_published_time":"2023-02-15T10:00:45+00:00","article_modified_time":"2023-02-28T10:50:14+00:00","og_image":[{"width":1511,"height":1133,"url":"https:\/\/ihedn.fr\/wp-content\/uploads\/2023\/02\/image3.jpeg","type":"image\/jpeg"}],"author":"dev","twitter_card":"summary_large_image","twitter_title":"La 230<sup>e<\/sup> session en r\u00e9gion Normandie","twitter_description":"La quatri\u00e8me et derni\u00e8re semaine de la 230e session en r\u00e9gion Normandie de l\u2019IHEDN a propos\u00e9 aux auditeurs une mise en perspective des coop\u00e9rations et des conflits internationaux au travers notamment de conf\u00e9rences de haut niveau.","twitter_image":"https:\/\/ihedn.fr\/wp-content\/uploads\/2023\/02\/image3.jpeg","twitter_creator":"@IHEDN","twitter_site":"@IHEDN","twitter_misc":{"Written by":"dev","Estimated reading time":"8 minutes"},"schema":{"@context":"https:\/\/schema.org","@graph":[{"@type":"Article","@id":"https:\/\/ihedn.fr\/actualites-des-sessions\/regionale\/la-230e-session-en-region-normandie\/#article","isPartOf":{"@id":"https:\/\/ihedn.fr\/actualites-des-sessions\/regionale\/la-230e-session-en-region-normandie\/"},"author":{"name":"dev","@id":"https:\/\/ihedn.fr\/#\/schema\/person\/7a40155595e4efb35323447cb8c8c5a4"},"headline":"La 230e session en r\u00e9gion Normandie","datePublished":"2023-02-15T10:00:45+00:00","dateModified":"2023-02-28T10:50:14+00:00","mainEntityOfPage":{"@id":"https:\/\/ihedn.fr\/actualites-des-sessions\/regionale\/la-230e-session-en-region-normandie\/"},"wordCount":1581,"publisher":{"@id":"https:\/\/ihedn.fr\/#organization"},"image":{"@id":"https:\/\/ihedn.fr\/actualites-des-sessions\/regionale\/la-230e-session-en-region-normandie\/#primaryimage"},"thumbnailUrl":"https:\/\/ihedn.fr\/wp-content\/uploads\/2023\/02\/image3.jpeg","articleSection":["Notre actualit\u00e9"],"inLanguage":"en-GB"},{"@type":"WebPage","@id":"https:\/\/ihedn.fr\/actualites-des-sessions\/regionale\/la-230e-session-en-region-normandie\/","url":"https:\/\/ihedn.fr\/actualites-des-sessions\/regionale\/la-230e-session-en-region-normandie\/","name":"The 230th session in the Normandy region - L'IHEDN : Institut des hautes \u00e9tudes de d\u00e9fense nationale","isPartOf":{"@id":"https:\/\/ihedn.fr\/#website"},"primaryImageOfPage":{"@id":"https:\/\/ihedn.fr\/actualites-des-sessions\/regionale\/la-230e-session-en-region-normandie\/#primaryimage"},"image":{"@id":"https:\/\/ihedn.fr\/actualites-des-sessions\/regionale\/la-230e-session-en-region-normandie\/#primaryimage"},"thumbnailUrl":"https:\/\/ihedn.fr\/wp-content\/uploads\/2023\/02\/image3.jpeg","datePublished":"2023-02-15T10:00:45+00:00","dateModified":"2023-02-28T10:50:14+00:00","description":"The fourth and final week of the 230th session of the IHEDN in the Normandy region provided an opportunity to put international cooperation and conflict into perspective through a series of high-level conferences.","breadcrumb":{"@id":"https:\/\/ihedn.fr\/actualites-des-sessions\/regionale\/la-230e-session-en-region-normandie\/#breadcrumb"},"inLanguage":"en-GB","potentialAction":[{"@type":"ReadAction","target":["https:\/\/ihedn.fr\/actualites-des-sessions\/regionale\/la-230e-session-en-region-normandie\/"]}]},{"@type":"ImageObject","inLanguage":"en-GB","@id":"https:\/\/ihedn.fr\/actualites-des-sessions\/regionale\/la-230e-session-en-region-normandie\/#primaryimage","url":"https:\/\/ihedn.fr\/wp-content\/uploads\/2023\/02\/image3.jpeg","contentUrl":"https:\/\/ihedn.fr\/wp-content\/uploads\/2023\/02\/image3.jpeg","width":1511,"height":1133,"caption":"La 230e session en r\u00e9gion Normandie"},{"@type":"BreadcrumbList","@id":"https:\/\/ihedn.fr\/actualites-des-sessions\/regionale\/la-230e-session-en-region-normandie\/#breadcrumb","itemListElement":[{"@type":"ListItem","position":1,"name":"Accueil","item":"https:\/\/ihedn.fr\/"},{"@type":"ListItem","position":2,"name":"La 230e session en r\u00e9gion Normandie"}]},{"@type":"WebSite","@id":"https:\/\/ihedn.fr\/#website","url":"https:\/\/ihedn.fr\/","name":"IHEDN: Institut des hautes \u00e9tudes de d\u00e9fense nationale (Institute for Higher National Defence Studies)","description":"Official website of the IHEDN under the supervision of the Prime Minister.","publisher":{"@id":"https:\/\/ihedn.fr\/#organization"},"potentialAction":[{"@type":"SearchAction","target":{"@type":"EntryPoint","urlTemplate":"https:\/\/ihedn.fr\/?s={search_term_string}"},"query-input":{"@type":"PropertyValueSpecification","valueRequired":true,"valueName":"search_term_string"}}],"inLanguage":"en-GB"},{"@type":"Organization","@id":"https:\/\/ihedn.fr\/#organization","name":"IHEDN - Institute for Higher National Defence Studies","url":"https:\/\/ihedn.fr\/","logo":{"@type":"ImageObject","inLanguage":"en-GB","@id":"https:\/\/ihedn.fr\/#\/schema\/logo\/image\/","url":"https:\/\/ihedn.fr\/wp-content\/uploads\/2020\/11\/BLOC_RF_IHEDN_WEB.png","contentUrl":"https:\/\/ihedn.fr\/wp-content\/uploads\/2020\/11\/BLOC_RF_IHEDN_WEB.png","width":500,"height":237,"caption":"IHEDN - Institut des Hautes Etudes de D\u00e9fense Nationale"},"image":{"@id":"https:\/\/ihedn.fr\/#\/schema\/logo\/image\/"},"sameAs":["https:\/\/www.facebook.com\/ihedn\/","https:\/\/x.com\/IHEDN","https:\/\/www.instagram.com\/ihedn\/","https:\/\/www.linkedin.com\/school\/ihedn\/","https:\/\/fr.wikipedia.org\/wiki\/Institut_des_hautes_\u00e9tudes_de_D\u00e9fense_nationale"]},{"@type":"Person","@id":"https:\/\/ihedn.fr\/#\/schema\/person\/7a40155595e4efb35323447cb8c8c5a4","name":"dev","image":{"@type":"ImageObject","inLanguage":"en-GB","@id":"https:\/\/secure.gravatar.com\/avatar\/f1ffcac9ca2fa95ad3ec33e9be3ade82f752acb0cabe541e56c5889225afa88a?s=96&d=mm&r=g","url":"https:\/\/secure.gravatar.com\/avatar\/f1ffcac9ca2fa95ad3ec33e9be3ade82f752acb0cabe541e56c5889225afa88a?s=96&d=mm&r=g","contentUrl":"https:\/\/secure.gravatar.com\/avatar\/f1ffcac9ca2fa95ad3ec33e9be3ade82f752acb0cabe541e56c5889225afa88a?s=96&d=mm&r=g","caption":"dev"},"sameAs":["https:\/\/ihedn.concilium.click"],"url":"https:\/\/ihedn.fr\/en\/author\/dev\/"}]}},"publishpress_future_action":{"enabled":false,"date":"2026-05-09 10:08:28","action":"change-status","newStatus":"draft","terms":[],"taxonomy":"category","extraData":[]},"publishpress_future_workflow_manual_trigger":{"enabledWorkflows":[]},"_links":{"self":[{"href":"https:\/\/ihedn.fr\/en\/wp-json\/wp\/v2\/posts\/33497","targetHints":{"allow":["GET"]}}],"collection":[{"href":"https:\/\/ihedn.fr\/en\/wp-json\/wp\/v2\/posts"}],"about":[{"href":"https:\/\/ihedn.fr\/en\/wp-json\/wp\/v2\/types\/post"}],"author":[{"embeddable":true,"href":"https:\/\/ihedn.fr\/en\/wp-json\/wp\/v2\/users\/1"}],"replies":[{"embeddable":true,"href":"https:\/\/ihedn.fr\/en\/wp-json\/wp\/v2\/comments?post=33497"}],"version-history":[{"count":103,"href":"https:\/\/ihedn.fr\/en\/wp-json\/wp\/v2\/posts\/33497\/revisions"}],"predecessor-version":[{"id":35464,"href":"https:\/\/ihedn.fr\/en\/wp-json\/wp\/v2\/posts\/33497\/revisions\/35464"}],"wp:featuredmedia":[{"embeddable":true,"href":"https:\/\/ihedn.fr\/en\/wp-json\/wp\/v2\/media\/35450"}],"wp:attachment":[{"href":"https:\/\/ihedn.fr\/en\/wp-json\/wp\/v2\/media?parent=33497"}],"wp:term":[{"taxonomy":"category","embeddable":true,"href":"https:\/\/ihedn.fr\/en\/wp-json\/wp\/v2\/categories?post=33497"},{"taxonomy":"post_tag","embeddable":true,"href":"https:\/\/ihedn.fr\/en\/wp-json\/wp\/v2\/tags?post=33497"}],"curies":[{"name":"wp","href":"https:\/\/api.w.org\/{rel}","templated":true}]}}