{"id":33607,"date":"2023-01-29T12:04:41","date_gmt":"2023-01-29T11:04:41","guid":{"rendered":"https:\/\/ihedn.fr\/?p=33607"},"modified":"2024-02-20T15:03:50","modified_gmt":"2024-02-20T14:03:50","slug":"le-gca-benoit-durieux-la-guerre-en-ukraine-rappelle-que-nous-ne-pouvons-pas-nous-desinteresser-de-la-haute-intensite","status":"publish","type":"post","link":"https:\/\/ihedn.fr\/en\/notre-selection\/le-gca-benoit-durieux-la-guerre-en-ukraine-rappelle-que-nous-ne-pouvons-pas-nous-desinteresser-de-la-haute-intensite\/","title":{"rendered":"Lt-Gen Beno\u00eet Durieux: \"The war in Ukraine is a reminder that we cannot ignore high-intensity warfare."},"content":{"rendered":"<div data-elementor-type=\"wp-post\" data-elementor-id=\"33607\" class=\"elementor elementor-33607\" data-elementor-post-type=\"post\">\n\t\t\t\t\t\t<section data-particle_enable=\"false\" data-particle-mobile-disabled=\"false\" class=\"elementor-section elementor-top-section elementor-element elementor-element-be90fda elementor-section-boxed elementor-section-height-default elementor-section-height-default\" data-id=\"be90fda\" data-element_type=\"section\" data-e-type=\"section\">\n\t\t\t\t\t\t<div class=\"elementor-container elementor-column-gap-default\">\n\t\t\t\t\t<div class=\"elementor-column elementor-col-100 elementor-top-column elementor-element elementor-element-5d9b13e\" data-id=\"5d9b13e\" data-element_type=\"column\" data-e-type=\"column\">\n\t\t\t<div class=\"elementor-widget-wrap elementor-element-populated\">\n\t\t\t\t\t\t<div class=\"elementor-element elementor-element-03c23bf elementor-widget elementor-widget-heading\" data-id=\"03c23bf\" data-element_type=\"widget\" data-e-type=\"widget\" data-widget_type=\"heading.default\">\n\t\t\t\t<div class=\"elementor-widget-container\">\n\t\t\t\t\t<h4 class=\"elementor-heading-title elementor-size-default\">WHAT IS HIGH-INTENSITY WARFARE, AND WHY IS IT RELEVANT TODAY?<\/h4>\t\t\t\t<\/div>\n\t\t\t\t<\/div>\n\t\t\t\t<div class=\"elementor-element elementor-element-9adc1ca elementor-widget-divider--view-line elementor-widget elementor-widget-divider\" data-id=\"9adc1ca\" data-element_type=\"widget\" data-e-type=\"widget\" data-widget_type=\"divider.default\">\n\t\t\t\t<div class=\"elementor-widget-container\">\n\t\t\t\t\t\t\t<div class=\"elementor-divider\">\n\t\t\t<span class=\"elementor-divider-separator\">\n\t\t\t\t\t\t<\/span>\n\t\t<\/div>\n\t\t\t\t\t\t<\/div>\n\t\t\t\t<\/div>\n\t\t\t\t<div class=\"elementor-element elementor-element-9508bb8 elementor-widget elementor-widget-text-editor\" data-id=\"9508bb8\" data-element_type=\"widget\" data-e-type=\"widget\" data-widget_type=\"text-editor.default\">\n\t\t\t\t<div class=\"elementor-widget-container\">\n\t\t\t\t\t\t\t\t\t<p>Every day on television we see images, some of them tragic, of the war in Ukraine, and there is much talk of \"high-intensity warfare\". To understand this concept, we need to look at what is happening on the ground, and understand the challenges faced by the units engaged in battle. You also need to know at what level you want to analyse the phenomenon of war.<\/p><p>On the ground, therefore, at the tactical level, high-intensity warfare is - not a definition, but a distinguishing criterion - where the third dimension comes into its own:<\/p><p>- Firstly, in the air, there is competition for air superiority, and very often neither of the two sides facing each other will succeed in retaining it. So there will always be a danger in the skies.<\/p><p>- On land, it's much the same: forces have to fight under the threat of air strikes, drones and artillery fire, which will generate permanent psychological pressure in addition to the physical effect. In addition, large units will be manoeuvring and there will be attempts to encircle or break lines of communication.<\/p><p>- At sea, high intensity is also characterised by the third dimension, i.e. the air and underwater threat, which calls for very demanding detection postures for crews.<\/p><p>Finally, there is perhaps also a fourth dimension, which is that of time: we are fighting over time, which is very demanding for all our forces.<\/p>\t\t\t\t\t\t\t\t<\/div>\n\t\t\t\t<\/div>\n\t\t\t\t\t<\/div>\n\t\t<\/div>\n\t\t\t\t\t<\/div>\n\t\t<\/section>\n\t\t\t\t<section data-particle_enable=\"false\" data-particle-mobile-disabled=\"false\" class=\"elementor-section elementor-top-section elementor-element elementor-element-c021fe5 elementor-section-boxed elementor-section-height-default elementor-section-height-default\" data-id=\"c021fe5\" data-element_type=\"section\" data-e-type=\"section\">\n\t\t\t\t\t\t<div class=\"elementor-container elementor-column-gap-default\">\n\t\t\t\t\t<div class=\"elementor-column elementor-col-100 elementor-top-column elementor-element elementor-element-30cf0ee\" data-id=\"30cf0ee\" data-element_type=\"column\" data-e-type=\"column\">\n\t\t\t<div class=\"elementor-widget-wrap elementor-element-populated\">\n\t\t\t\t\t\t<div class=\"elementor-element elementor-element-df7099e elementor-widget elementor-widget-heading\" data-id=\"df7099e\" data-element_type=\"widget\" data-e-type=\"widget\" data-widget_type=\"heading.default\">\n\t\t\t\t<div class=\"elementor-widget-container\">\n\t\t\t\t\t<h4 class=\"elementor-heading-title elementor-size-default\">WHAT DOES HIGH INTENSITY MEAN IN TERMS OF MILITARY RESULTS?<\/h4>\t\t\t\t<\/div>\n\t\t\t\t<\/div>\n\t\t\t\t<div class=\"elementor-element elementor-element-3c3dad5 elementor-widget-divider--view-line elementor-widget elementor-widget-divider\" data-id=\"3c3dad5\" data-element_type=\"widget\" data-e-type=\"widget\" data-widget_type=\"divider.default\">\n\t\t\t\t<div class=\"elementor-widget-container\">\n\t\t\t\t\t\t\t<div class=\"elementor-divider\">\n\t\t\t<span class=\"elementor-divider-separator\">\n\t\t\t\t\t\t<\/span>\n\t\t<\/div>\n\t\t\t\t\t\t<\/div>\n\t\t\t\t<\/div>\n\t\t\t\t<div class=\"elementor-element elementor-element-5075d0e elementor-widget elementor-widget-text-editor\" data-id=\"5075d0e\" data-element_type=\"widget\" data-e-type=\"widget\" data-widget_type=\"text-editor.default\">\n\t\t\t\t<div class=\"elementor-widget-container\">\n\t\t\t\t\t\t\t\t\t<p>This is reflected in two ways at operational level. Firstly, significant losses, probably at least a few hundred soldiers, although these figures depend on each conflict; in the air, the loss of a large number of aircraft, several dozen; at sea, one or more first-rate ships will be sunk.<\/p><p>Then, the second aspect of high intensity at the operational level, the fighting results in the seizure of a major objective in space, with a certain symbolic significance: for example, the town of Kherson, recently in Ukraine.<\/p><p>Finally, high intensity is not free, and it has strategic and even political results, of two kinds. Either regime change, as in Iraq with Saddam Hussein or in Libya with Muammar Gaddafi. As Vladimir Putin has also threatened in Ukraine. Or an imposed territorial settlement: one of the two belligerents is forced to lose a territory, or on the contrary manages to keep it, as was the case in the Korean or Falklands wars, or more recently - and even if the settlement is probably not final - between Armenia and Azerbaijan.<\/p>\t\t\t\t\t\t\t\t<\/div>\n\t\t\t\t<\/div>\n\t\t\t\t\t<\/div>\n\t\t<\/div>\n\t\t\t\t\t<\/div>\n\t\t<\/section>\n\t\t\t\t<section data-particle_enable=\"false\" data-particle-mobile-disabled=\"false\" class=\"elementor-section elementor-top-section elementor-element elementor-element-7183f0a elementor-section-boxed elementor-section-height-default elementor-section-height-default\" data-id=\"7183f0a\" data-element_type=\"section\" data-e-type=\"section\">\n\t\t\t\t\t\t<div class=\"elementor-container elementor-column-gap-default\">\n\t\t\t\t\t<div class=\"elementor-column elementor-col-100 elementor-top-column elementor-element elementor-element-148e7af\" data-id=\"148e7af\" data-element_type=\"column\" data-e-type=\"column\">\n\t\t\t<div class=\"elementor-widget-wrap elementor-element-populated\">\n\t\t\t\t\t\t<div class=\"elementor-element elementor-element-3de7802 elementor-widget elementor-widget-heading\" data-id=\"3de7802\" data-element_type=\"widget\" data-e-type=\"widget\" data-widget_type=\"heading.default\">\n\t\t\t\t<div class=\"elementor-widget-container\">\n\t\t\t\t\t<h4 class=\"elementor-heading-title elementor-size-default\">IS THIS POSSIBILITY CURRENTLY LOW, OR EVEN NON-EXISTENT, FOR FRANCE, AS SOME COMMENTATORS MAINTAIN?<\/h4>\t\t\t\t<\/div>\n\t\t\t\t<\/div>\n\t\t\t\t<div class=\"elementor-element elementor-element-a6f9a8c elementor-widget-divider--view-line elementor-widget elementor-widget-divider\" data-id=\"a6f9a8c\" data-element_type=\"widget\" data-e-type=\"widget\" data-widget_type=\"divider.default\">\n\t\t\t\t<div class=\"elementor-widget-container\">\n\t\t\t\t\t\t\t<div class=\"elementor-divider\">\n\t\t\t<span class=\"elementor-divider-separator\">\n\t\t\t\t\t\t<\/span>\n\t\t<\/div>\n\t\t\t\t\t\t<\/div>\n\t\t\t\t<\/div>\n\t\t\t\t<div class=\"elementor-element elementor-element-7bfd5b9 elementor-widget elementor-widget-text-editor\" data-id=\"7bfd5b9\" data-element_type=\"widget\" data-e-type=\"widget\" data-widget_type=\"text-editor.default\">\n\t\t\t\t<div class=\"elementor-widget-container\">\n\t\t\t\t\t\t\t\t\t<p>We haven't seen a high-intensity war in Europe since 1945, and for the French army, it goes back at least to the Indochina War. That was a long time ago, and it is no doubt for this reason that a number of commentators are dismissing this possibility for our country today.<\/p><p>When I hear this kind of reasoning, it reminds me of some risky predictions from the past. Aristide Briand, Minister of Justice, on 31 July 1914: <em>\"What I do know is that the Germans are not going to declare war on us. They're not idiots. They're not mad. I'm telling you, they won't go to war.<\/em> Or that of Golda Meir, Prime Minister of Israel, a few months before the 1973 Yom Kippur War: <em>\"The idea that the Arabs could cross the Suez Canal is an insult to intelligence.<\/em> They crossed it.<\/p><p>Beyond that, this is not the position of the French political authorities, as demonstrated by the French President's speech on 17 January 2020. He mentioned the hypothesis of a \"<em>climbing no <\/em><em>controlled, hostile power<\/em>\"justifying<em>the involvement of our land, naval or air forces in a major conflict<\/em>\".<\/p>\t\t\t\t\t\t\t\t<\/div>\n\t\t\t\t<\/div>\n\t\t\t\t\t<\/div>\n\t\t<\/div>\n\t\t\t\t\t<\/div>\n\t\t<\/section>\n\t\t\t\t<section data-particle_enable=\"false\" data-particle-mobile-disabled=\"false\" class=\"elementor-section elementor-top-section elementor-element elementor-element-bdfcd5a elementor-section-boxed elementor-section-height-default elementor-section-height-default\" data-id=\"bdfcd5a\" data-element_type=\"section\" data-e-type=\"section\">\n\t\t\t\t\t\t<div class=\"elementor-container elementor-column-gap-default\">\n\t\t\t\t\t<div class=\"elementor-column elementor-col-100 elementor-top-column elementor-element elementor-element-1457181\" data-id=\"1457181\" data-element_type=\"column\" data-e-type=\"column\">\n\t\t\t<div class=\"elementor-widget-wrap elementor-element-populated\">\n\t\t\t\t\t\t<div class=\"elementor-element elementor-element-2d348e0 elementor-widget elementor-widget-heading\" data-id=\"2d348e0\" data-element_type=\"widget\" data-e-type=\"widget\" data-widget_type=\"heading.default\">\n\t\t\t\t<div class=\"elementor-widget-container\">\n\t\t\t\t\t<h4 class=\"elementor-heading-title elementor-size-default\">COULD THE WAR IN UKRAINE LEAD US INTO A HIGH-INTENSITY CONFLICT?<\/h4>\t\t\t\t<\/div>\n\t\t\t\t<\/div>\n\t\t\t\t<div class=\"elementor-element elementor-element-ea630f4 elementor-widget-divider--view-line elementor-widget elementor-widget-divider\" data-id=\"ea630f4\" data-element_type=\"widget\" data-e-type=\"widget\" data-widget_type=\"divider.default\">\n\t\t\t\t<div class=\"elementor-widget-container\">\n\t\t\t\t\t\t\t<div class=\"elementor-divider\">\n\t\t\t<span class=\"elementor-divider-separator\">\n\t\t\t\t\t\t<\/span>\n\t\t<\/div>\n\t\t\t\t\t\t<\/div>\n\t\t\t\t<\/div>\n\t\t\t\t<div class=\"elementor-element elementor-element-b868250 elementor-widget elementor-widget-text-editor\" data-id=\"b868250\" data-element_type=\"widget\" data-e-type=\"widget\" data-widget_type=\"text-editor.default\">\n\t\t\t\t<div class=\"elementor-widget-container\">\n\t\t\t\t\t\t\t\t\t<p>I would say that while it does not herald a high-intensity confrontation, it does reinforce that possibility. Firstly because we do not know the outcome, and it is unlikely that it will not have consequences for security in Europe.<\/p><p>Secondly, the lesson I personally draw from this conflict is that its outbreak alone shows that improbable or irrational events are possible, and we would be wrong not to take this warning seriously.<\/p><p>High-intensity warfare is basically war in all its rigour, with its tragic side. To avoid it, or at least to control it, and in any case to achieve our ultimate objective, which remains the protection of the French people, we need to study it, we need to prepare for it in line with our national defence strategy, the ultimate keystone of which remains nuclear deterrence.<\/p>\t\t\t\t\t\t\t\t<\/div>\n\t\t\t\t<\/div>\n\t\t\t\t\t<\/div>\n\t\t<\/div>\n\t\t\t\t\t<\/div>\n\t\t<\/section>\n\t\t\t\t<section data-particle_enable=\"false\" data-particle-mobile-disabled=\"false\" class=\"elementor-section elementor-top-section elementor-element elementor-element-eddc29f elementor-section-boxed elementor-section-height-default elementor-section-height-default\" data-id=\"eddc29f\" data-element_type=\"section\" data-e-type=\"section\">\n\t\t\t\t\t\t<div class=\"elementor-container elementor-column-gap-default\">\n\t\t\t\t\t<div class=\"elementor-column elementor-col-100 elementor-top-column elementor-element elementor-element-fa4a19f\" data-id=\"fa4a19f\" data-element_type=\"column\" data-e-type=\"column\">\n\t\t\t<div class=\"elementor-widget-wrap elementor-element-populated\">\n\t\t\t\t\t\t<div class=\"elementor-element elementor-element-bd0a138 elementor-widget elementor-widget-video\" data-id=\"bd0a138\" data-element_type=\"widget\" data-e-type=\"widget\" data-settings=\"{&quot;youtube_url&quot;:&quot;https:\\\/\\\/www.youtube.com\\\/watch?v=wKFg6rID1jM&quot;,&quot;video_type&quot;:&quot;youtube&quot;,&quot;controls&quot;:&quot;yes&quot;}\" data-widget_type=\"video.default\">\n\t\t\t\t<div class=\"elementor-widget-container\">\n\t\t\t\t\t\t\t<div class=\"elementor-wrapper elementor-open-inline\">\n\t\t\t<div class=\"elementor-video\"><\/div>\t\t<\/div>\n\t\t\t\t\t\t<\/div>\n\t\t\t\t<\/div>\n\t\t\t\t\t<\/div>\n\t\t<\/div>\n\t\t\t\t\t<\/div>\n\t\t<\/section>\n\t\t\t\t<\/div>","protected":false},"excerpt":{"rendered":"<p>Since the outbreak of the conflict in Eastern Europe, the concept of \"high-intensity warfare\" has regularly been mentioned by commentators. Lieutenant General Beno\u00eet Durieux, Director of the IHEDN, looks at how it has been defined, both in operations and historically.<\/p>","protected":false},"author":1,"featured_media":33627,"comment_status":"closed","ping_status":"closed","sticky":false,"template":"","format":"standard","meta":{"footnotes":""},"categories":[207,41,171],"tags":[218],"class_list":["post-33607","post","type-post","status-publish","format-standard","has-post-thumbnail","hentry","category-defense-militaire","category-lundis-de-lihedn","category-notre-selection","tag-guerreukraine"],"yoast_head":"<!-- This site is optimized with the Yoast SEO plugin v27.5 - https:\/\/yoast.com\/product\/yoast-seo-wordpress\/ -->\n<title>Le GCA Beno\u00eet Durieux : \u00ab\u2009La guerre en Ukraine rappelle que nous ne pouvons pas nous d\u00e9sint\u00e9resser de la haute intensit\u00e9.\u2009\u00bb - L&#039;IHEDN : Institut des hautes \u00e9tudes de d\u00e9fense nationale<\/title>\n<meta name=\"description\" content=\"Le GCA Beno\u00eet Durieux : \u00ab\u2009La guerre en Ukraine rappelle que nous ne pouvons pas nous d\u00e9sint\u00e9resser de la haute intensit\u00e9.\u2009\u00bb\" \/>\n<meta name=\"robots\" content=\"index, follow, max-snippet:-1, max-image-preview:large, max-video-preview:-1\" \/>\n<link rel=\"canonical\" href=\"https:\/\/ihedn.fr\/en\/lundis-de-lihedn\/le-gca-benoit-durieux-la-guerre-en-ukraine-rappelle-que-nous-ne-pouvons-pas-nous-desinteresser-de-la-haute-intensite\/\" \/>\n<meta property=\"og:locale\" content=\"en_GB\" \/>\n<meta property=\"og:type\" content=\"article\" \/>\n<meta property=\"og:title\" content=\"Le GCA Beno\u00eet Durieux : \u00ab\u2009La guerre en Ukraine rappelle que nous ne pouvons pas nous d\u00e9sint\u00e9resser de la haute intensit\u00e9.\u2009\u00bb\" \/>\n<meta property=\"og:description\" content=\"Le GCA Beno\u00eet Durieux : \u00ab\u2009La guerre en Ukraine rappelle que nous ne pouvons pas nous d\u00e9sint\u00e9resser de la haute intensit\u00e9.\u2009\u00bb\" \/>\n<meta property=\"og:url\" content=\"https:\/\/ihedn.fr\/en\/lundis-de-lihedn\/le-gca-benoit-durieux-la-guerre-en-ukraine-rappelle-que-nous-ne-pouvons-pas-nous-desinteresser-de-la-haute-intensite\/\" \/>\n<meta property=\"og:site_name\" content=\"L&#039;IHEDN : Institut des hautes \u00e9tudes de d\u00e9fense nationale\" \/>\n<meta property=\"article:publisher\" content=\"https:\/\/www.facebook.com\/ihedn\/\" \/>\n<meta property=\"article:published_time\" content=\"2023-01-29T11:04:41+00:00\" \/>\n<meta property=\"article:modified_time\" content=\"2024-02-20T14:03:50+00:00\" \/>\n<meta property=\"og:image\" content=\"https:\/\/ihedn.fr\/wp-content\/uploads\/2023\/01\/haute-intensite.jpg\" \/>\n\t<meta property=\"og:image:width\" content=\"1112\" \/>\n\t<meta property=\"og:image:height\" content=\"625\" \/>\n\t<meta property=\"og:image:type\" content=\"image\/jpeg\" \/>\n<meta name=\"author\" content=\"dev\" \/>\n<meta name=\"twitter:card\" content=\"summary_large_image\" \/>\n<meta name=\"twitter:title\" content=\"Le GCA Beno\u00eet Durieux : \u00ab\u2009La guerre en Ukraine rappelle que nous ne pouvons pas nous d\u00e9sint\u00e9resser de la haute intensit\u00e9.\u2009\u00bb\" \/>\n<meta name=\"twitter:description\" content=\"Le GCA Beno\u00eet Durieux : \u00ab\u2009La guerre en Ukraine rappelle que nous ne pouvons pas nous d\u00e9sint\u00e9resser de la haute intensit\u00e9.\u2009\u00bb\" \/>\n<meta name=\"twitter:image\" content=\"https:\/\/ihedn.fr\/wp-content\/uploads\/2023\/01\/haute-intensite.jpg\" \/>\n<meta name=\"twitter:creator\" content=\"@IHEDN\" \/>\n<meta name=\"twitter:site\" content=\"@IHEDN\" \/>\n<meta name=\"twitter:label1\" content=\"Written by\" \/>\n\t<meta name=\"twitter:data1\" content=\"dev\" \/>\n\t<meta name=\"twitter:label2\" content=\"Estimated reading time\" \/>\n\t<meta name=\"twitter:data2\" content=\"5 minutes\" \/>\n<script type=\"application\/ld+json\" class=\"yoast-schema-graph\">{\"@context\":\"https:\\\/\\\/schema.org\",\"@graph\":[{\"@type\":\"Article\",\"@id\":\"https:\\\/\\\/ihedn.fr\\\/lundis-de-lihedn\\\/le-gca-benoit-durieux-la-guerre-en-ukraine-rappelle-que-nous-ne-pouvons-pas-nous-desinteresser-de-la-haute-intensite\\\/#article\",\"isPartOf\":{\"@id\":\"https:\\\/\\\/ihedn.fr\\\/lundis-de-lihedn\\\/le-gca-benoit-durieux-la-guerre-en-ukraine-rappelle-que-nous-ne-pouvons-pas-nous-desinteresser-de-la-haute-intensite\\\/\"},\"author\":{\"name\":\"dev\",\"@id\":\"https:\\\/\\\/ihedn.fr\\\/#\\\/schema\\\/person\\\/7a40155595e4efb35323447cb8c8c5a4\"},\"headline\":\"Le GCA Beno\u00eet Durieux : \u00ab\u2009La guerre en Ukraine rappelle que nous ne pouvons pas nous d\u00e9sint\u00e9resser de la haute intensit\u00e9.\u2009\u00bb\",\"datePublished\":\"2023-01-29T11:04:41+00:00\",\"dateModified\":\"2024-02-20T14:03:50+00:00\",\"mainEntityOfPage\":{\"@id\":\"https:\\\/\\\/ihedn.fr\\\/lundis-de-lihedn\\\/le-gca-benoit-durieux-la-guerre-en-ukraine-rappelle-que-nous-ne-pouvons-pas-nous-desinteresser-de-la-haute-intensite\\\/\"},\"wordCount\":991,\"publisher\":{\"@id\":\"https:\\\/\\\/ihedn.fr\\\/#organization\"},\"image\":{\"@id\":\"https:\\\/\\\/ihedn.fr\\\/lundis-de-lihedn\\\/le-gca-benoit-durieux-la-guerre-en-ukraine-rappelle-que-nous-ne-pouvons-pas-nous-desinteresser-de-la-haute-intensite\\\/#primaryimage\"},\"thumbnailUrl\":\"https:\\\/\\\/ihedn.fr\\\/wp-content\\\/uploads\\\/2023\\\/01\\\/HI.jpg\",\"keywords\":[\"guerreUkraine\"],\"articleSection\":[\"d\u00e9fense militaire\",\"Lundis de l'IHEDN\",\"Notre s\u00e9lection\"],\"inLanguage\":\"en-GB\"},{\"@type\":\"WebPage\",\"@id\":\"https:\\\/\\\/ihedn.fr\\\/lundis-de-lihedn\\\/le-gca-benoit-durieux-la-guerre-en-ukraine-rappelle-que-nous-ne-pouvons-pas-nous-desinteresser-de-la-haute-intensite\\\/\",\"url\":\"https:\\\/\\\/ihedn.fr\\\/lundis-de-lihedn\\\/le-gca-benoit-durieux-la-guerre-en-ukraine-rappelle-que-nous-ne-pouvons-pas-nous-desinteresser-de-la-haute-intensite\\\/\",\"name\":\"Le GCA Beno\u00eet Durieux : \u00ab\u2009La guerre en Ukraine rappelle que nous ne pouvons pas nous d\u00e9sint\u00e9resser de la haute intensit\u00e9.\u2009\u00bb - L&#039;IHEDN : Institut des hautes \u00e9tudes de d\u00e9fense nationale\",\"isPartOf\":{\"@id\":\"https:\\\/\\\/ihedn.fr\\\/#website\"},\"primaryImageOfPage\":{\"@id\":\"https:\\\/\\\/ihedn.fr\\\/lundis-de-lihedn\\\/le-gca-benoit-durieux-la-guerre-en-ukraine-rappelle-que-nous-ne-pouvons-pas-nous-desinteresser-de-la-haute-intensite\\\/#primaryimage\"},\"image\":{\"@id\":\"https:\\\/\\\/ihedn.fr\\\/lundis-de-lihedn\\\/le-gca-benoit-durieux-la-guerre-en-ukraine-rappelle-que-nous-ne-pouvons-pas-nous-desinteresser-de-la-haute-intensite\\\/#primaryimage\"},\"thumbnailUrl\":\"https:\\\/\\\/ihedn.fr\\\/wp-content\\\/uploads\\\/2023\\\/01\\\/HI.jpg\",\"datePublished\":\"2023-01-29T11:04:41+00:00\",\"dateModified\":\"2024-02-20T14:03:50+00:00\",\"description\":\"Le GCA Beno\u00eet Durieux : \u00ab\u2009La guerre en Ukraine rappelle que nous ne pouvons pas nous d\u00e9sint\u00e9resser de la haute intensit\u00e9.\u2009\u00bb\",\"breadcrumb\":{\"@id\":\"https:\\\/\\\/ihedn.fr\\\/lundis-de-lihedn\\\/le-gca-benoit-durieux-la-guerre-en-ukraine-rappelle-que-nous-ne-pouvons-pas-nous-desinteresser-de-la-haute-intensite\\\/#breadcrumb\"},\"inLanguage\":\"en-GB\",\"potentialAction\":[{\"@type\":\"ReadAction\",\"target\":[\"https:\\\/\\\/ihedn.fr\\\/lundis-de-lihedn\\\/le-gca-benoit-durieux-la-guerre-en-ukraine-rappelle-que-nous-ne-pouvons-pas-nous-desinteresser-de-la-haute-intensite\\\/\"]}]},{\"@type\":\"ImageObject\",\"inLanguage\":\"en-GB\",\"@id\":\"https:\\\/\\\/ihedn.fr\\\/lundis-de-lihedn\\\/le-gca-benoit-durieux-la-guerre-en-ukraine-rappelle-que-nous-ne-pouvons-pas-nous-desinteresser-de-la-haute-intensite\\\/#primaryimage\",\"url\":\"https:\\\/\\\/ihedn.fr\\\/wp-content\\\/uploads\\\/2023\\\/01\\\/HI.jpg\",\"contentUrl\":\"https:\\\/\\\/ihedn.fr\\\/wp-content\\\/uploads\\\/2023\\\/01\\\/HI.jpg\",\"width\":1024,\"height\":512},{\"@type\":\"BreadcrumbList\",\"@id\":\"https:\\\/\\\/ihedn.fr\\\/lundis-de-lihedn\\\/le-gca-benoit-durieux-la-guerre-en-ukraine-rappelle-que-nous-ne-pouvons-pas-nous-desinteresser-de-la-haute-intensite\\\/#breadcrumb\",\"itemListElement\":[{\"@type\":\"ListItem\",\"position\":1,\"name\":\"Accueil\",\"item\":\"https:\\\/\\\/ihedn.fr\\\/\"},{\"@type\":\"ListItem\",\"position\":2,\"name\":\"Le GCA Beno\u00eet Durieux : \u00ab\u2009La guerre en Ukraine rappelle que nous ne pouvons pas nous d\u00e9sint\u00e9resser de la haute intensit\u00e9.\u2009\u00bb\"}]},{\"@type\":\"WebSite\",\"@id\":\"https:\\\/\\\/ihedn.fr\\\/#website\",\"url\":\"https:\\\/\\\/ihedn.fr\\\/\",\"name\":\"IHEDN : Institut des hautes \u00e9tudes de d\u00e9fense nationale |\",\"description\":\"Site officiel de l&#039;IHEDN plac\u00e9 sous la tutelle du Premier ministre.\",\"publisher\":{\"@id\":\"https:\\\/\\\/ihedn.fr\\\/#organization\"},\"potentialAction\":[{\"@type\":\"SearchAction\",\"target\":{\"@type\":\"EntryPoint\",\"urlTemplate\":\"https:\\\/\\\/ihedn.fr\\\/?s={search_term_string}\"},\"query-input\":{\"@type\":\"PropertyValueSpecification\",\"valueRequired\":true,\"valueName\":\"search_term_string\"}}],\"inLanguage\":\"en-GB\"},{\"@type\":\"Organization\",\"@id\":\"https:\\\/\\\/ihedn.fr\\\/#organization\",\"name\":\"IHEDN - Institut des Hautes Etudes de D\u00e9fense Nationale\",\"url\":\"https:\\\/\\\/ihedn.fr\\\/\",\"logo\":{\"@type\":\"ImageObject\",\"inLanguage\":\"en-GB\",\"@id\":\"https:\\\/\\\/ihedn.fr\\\/#\\\/schema\\\/logo\\\/image\\\/\",\"url\":\"https:\\\/\\\/ihedn.fr\\\/wp-content\\\/uploads\\\/2020\\\/11\\\/BLOC_RF_IHEDN_WEB.png\",\"contentUrl\":\"https:\\\/\\\/ihedn.fr\\\/wp-content\\\/uploads\\\/2020\\\/11\\\/BLOC_RF_IHEDN_WEB.png\",\"width\":500,\"height\":237,\"caption\":\"IHEDN - Institut des Hautes Etudes de D\u00e9fense Nationale\"},\"image\":{\"@id\":\"https:\\\/\\\/ihedn.fr\\\/#\\\/schema\\\/logo\\\/image\\\/\"},\"sameAs\":[\"https:\\\/\\\/www.facebook.com\\\/ihedn\\\/\",\"https:\\\/\\\/x.com\\\/IHEDN\",\"https:\\\/\\\/www.instagram.com\\\/ihedn\\\/\",\"https:\\\/\\\/www.linkedin.com\\\/school\\\/ihedn\\\/\",\"https:\\\/\\\/fr.wikipedia.org\\\/wiki\\\/Institut_des_hautes_\u00e9tudes_de_D\u00e9fense_nationale\"]},{\"@type\":\"Person\",\"@id\":\"https:\\\/\\\/ihedn.fr\\\/#\\\/schema\\\/person\\\/7a40155595e4efb35323447cb8c8c5a4\",\"name\":\"dev\",\"image\":{\"@type\":\"ImageObject\",\"inLanguage\":\"en-GB\",\"@id\":\"https:\\\/\\\/secure.gravatar.com\\\/avatar\\\/f1ffcac9ca2fa95ad3ec33e9be3ade82f752acb0cabe541e56c5889225afa88a?s=96&d=mm&r=g\",\"url\":\"https:\\\/\\\/secure.gravatar.com\\\/avatar\\\/f1ffcac9ca2fa95ad3ec33e9be3ade82f752acb0cabe541e56c5889225afa88a?s=96&d=mm&r=g\",\"contentUrl\":\"https:\\\/\\\/secure.gravatar.com\\\/avatar\\\/f1ffcac9ca2fa95ad3ec33e9be3ade82f752acb0cabe541e56c5889225afa88a?s=96&d=mm&r=g\",\"caption\":\"dev\"},\"sameAs\":[\"https:\\\/\\\/ihedn.concilium.click\"],\"url\":\"https:\\\/\\\/ihedn.fr\\\/en\\\/author\\\/dev\\\/\"}]}<\/script>\n<!-- \/ Yoast SEO plugin. -->","yoast_head_json":{"title":"Lt-Gen Beno\u00eet Durieux: \"The war in Ukraine is a reminder that we cannot ignore high-intensity warfare\". - IHEDN: Institut des hautes \u00e9tudes de d\u00e9fense nationale (Institute for Advanced National Defence Studies)","description":"Lt-Gen Beno\u00eet Durieux: \"The war in Ukraine is a reminder that we cannot ignore high-intensity warfare.","robots":{"index":"index","follow":"follow","max-snippet":"max-snippet:-1","max-image-preview":"max-image-preview:large","max-video-preview":"max-video-preview:-1"},"canonical":"https:\/\/ihedn.fr\/en\/lundis-de-lihedn\/le-gca-benoit-durieux-la-guerre-en-ukraine-rappelle-que-nous-ne-pouvons-pas-nous-desinteresser-de-la-haute-intensite\/","og_locale":"en_GB","og_type":"article","og_title":"Le GCA Beno\u00eet Durieux : \u00ab\u2009La guerre en Ukraine rappelle que nous ne pouvons pas nous d\u00e9sint\u00e9resser de la haute intensit\u00e9.\u2009\u00bb","og_description":"Le GCA Beno\u00eet Durieux : \u00ab\u2009La guerre en Ukraine rappelle que nous ne pouvons pas nous d\u00e9sint\u00e9resser de la haute intensit\u00e9.\u2009\u00bb","og_url":"https:\/\/ihedn.fr\/en\/lundis-de-lihedn\/le-gca-benoit-durieux-la-guerre-en-ukraine-rappelle-que-nous-ne-pouvons-pas-nous-desinteresser-de-la-haute-intensite\/","og_site_name":"L&#039;IHEDN : Institut des hautes \u00e9tudes de d\u00e9fense nationale","article_publisher":"https:\/\/www.facebook.com\/ihedn\/","article_published_time":"2023-01-29T11:04:41+00:00","article_modified_time":"2024-02-20T14:03:50+00:00","og_image":[{"width":1112,"height":625,"url":"https:\/\/ihedn.fr\/wp-content\/uploads\/2023\/01\/haute-intensite.jpg","type":"image\/jpeg"}],"author":"dev","twitter_card":"summary_large_image","twitter_title":"Le GCA Beno\u00eet Durieux : \u00ab\u2009La guerre en Ukraine rappelle que nous ne pouvons pas nous d\u00e9sint\u00e9resser de la haute intensit\u00e9.\u2009\u00bb","twitter_description":"Le GCA Beno\u00eet Durieux : \u00ab\u2009La guerre en Ukraine rappelle que nous ne pouvons pas nous d\u00e9sint\u00e9resser de la haute intensit\u00e9.\u2009\u00bb","twitter_image":"https:\/\/ihedn.fr\/wp-content\/uploads\/2023\/01\/haute-intensite.jpg","twitter_creator":"@IHEDN","twitter_site":"@IHEDN","twitter_misc":{"Written by":"dev","Estimated reading time":"5 minutes"},"schema":{"@context":"https:\/\/schema.org","@graph":[{"@type":"Article","@id":"https:\/\/ihedn.fr\/lundis-de-lihedn\/le-gca-benoit-durieux-la-guerre-en-ukraine-rappelle-que-nous-ne-pouvons-pas-nous-desinteresser-de-la-haute-intensite\/#article","isPartOf":{"@id":"https:\/\/ihedn.fr\/lundis-de-lihedn\/le-gca-benoit-durieux-la-guerre-en-ukraine-rappelle-que-nous-ne-pouvons-pas-nous-desinteresser-de-la-haute-intensite\/"},"author":{"name":"dev","@id":"https:\/\/ihedn.fr\/#\/schema\/person\/7a40155595e4efb35323447cb8c8c5a4"},"headline":"Le GCA Beno\u00eet Durieux : \u00ab\u2009La guerre en Ukraine rappelle que nous ne pouvons pas nous d\u00e9sint\u00e9resser de la haute intensit\u00e9.\u2009\u00bb","datePublished":"2023-01-29T11:04:41+00:00","dateModified":"2024-02-20T14:03:50+00:00","mainEntityOfPage":{"@id":"https:\/\/ihedn.fr\/lundis-de-lihedn\/le-gca-benoit-durieux-la-guerre-en-ukraine-rappelle-que-nous-ne-pouvons-pas-nous-desinteresser-de-la-haute-intensite\/"},"wordCount":991,"publisher":{"@id":"https:\/\/ihedn.fr\/#organization"},"image":{"@id":"https:\/\/ihedn.fr\/lundis-de-lihedn\/le-gca-benoit-durieux-la-guerre-en-ukraine-rappelle-que-nous-ne-pouvons-pas-nous-desinteresser-de-la-haute-intensite\/#primaryimage"},"thumbnailUrl":"https:\/\/ihedn.fr\/wp-content\/uploads\/2023\/01\/HI.jpg","keywords":["guerreUkraine"],"articleSection":["d\u00e9fense militaire","Lundis de l'IHEDN","Notre s\u00e9lection"],"inLanguage":"en-GB"},{"@type":"WebPage","@id":"https:\/\/ihedn.fr\/lundis-de-lihedn\/le-gca-benoit-durieux-la-guerre-en-ukraine-rappelle-que-nous-ne-pouvons-pas-nous-desinteresser-de-la-haute-intensite\/","url":"https:\/\/ihedn.fr\/lundis-de-lihedn\/le-gca-benoit-durieux-la-guerre-en-ukraine-rappelle-que-nous-ne-pouvons-pas-nous-desinteresser-de-la-haute-intensite\/","name":"Lt-Gen Beno\u00eet Durieux: \"The war in Ukraine is a reminder that we cannot ignore high-intensity warfare\". - IHEDN: Institut des hautes \u00e9tudes de d\u00e9fense nationale (Institute for Advanced National Defence Studies)","isPartOf":{"@id":"https:\/\/ihedn.fr\/#website"},"primaryImageOfPage":{"@id":"https:\/\/ihedn.fr\/lundis-de-lihedn\/le-gca-benoit-durieux-la-guerre-en-ukraine-rappelle-que-nous-ne-pouvons-pas-nous-desinteresser-de-la-haute-intensite\/#primaryimage"},"image":{"@id":"https:\/\/ihedn.fr\/lundis-de-lihedn\/le-gca-benoit-durieux-la-guerre-en-ukraine-rappelle-que-nous-ne-pouvons-pas-nous-desinteresser-de-la-haute-intensite\/#primaryimage"},"thumbnailUrl":"https:\/\/ihedn.fr\/wp-content\/uploads\/2023\/01\/HI.jpg","datePublished":"2023-01-29T11:04:41+00:00","dateModified":"2024-02-20T14:03:50+00:00","description":"Lt-Gen Beno\u00eet Durieux: \"The war in Ukraine is a reminder that we cannot ignore high-intensity warfare.","breadcrumb":{"@id":"https:\/\/ihedn.fr\/lundis-de-lihedn\/le-gca-benoit-durieux-la-guerre-en-ukraine-rappelle-que-nous-ne-pouvons-pas-nous-desinteresser-de-la-haute-intensite\/#breadcrumb"},"inLanguage":"en-GB","potentialAction":[{"@type":"ReadAction","target":["https:\/\/ihedn.fr\/lundis-de-lihedn\/le-gca-benoit-durieux-la-guerre-en-ukraine-rappelle-que-nous-ne-pouvons-pas-nous-desinteresser-de-la-haute-intensite\/"]}]},{"@type":"ImageObject","inLanguage":"en-GB","@id":"https:\/\/ihedn.fr\/lundis-de-lihedn\/le-gca-benoit-durieux-la-guerre-en-ukraine-rappelle-que-nous-ne-pouvons-pas-nous-desinteresser-de-la-haute-intensite\/#primaryimage","url":"https:\/\/ihedn.fr\/wp-content\/uploads\/2023\/01\/HI.jpg","contentUrl":"https:\/\/ihedn.fr\/wp-content\/uploads\/2023\/01\/HI.jpg","width":1024,"height":512},{"@type":"BreadcrumbList","@id":"https:\/\/ihedn.fr\/lundis-de-lihedn\/le-gca-benoit-durieux-la-guerre-en-ukraine-rappelle-que-nous-ne-pouvons-pas-nous-desinteresser-de-la-haute-intensite\/#breadcrumb","itemListElement":[{"@type":"ListItem","position":1,"name":"Accueil","item":"https:\/\/ihedn.fr\/"},{"@type":"ListItem","position":2,"name":"Le GCA Beno\u00eet Durieux : \u00ab\u2009La guerre en Ukraine rappelle que nous ne pouvons pas nous d\u00e9sint\u00e9resser de la haute intensit\u00e9.\u2009\u00bb"}]},{"@type":"WebSite","@id":"https:\/\/ihedn.fr\/#website","url":"https:\/\/ihedn.fr\/","name":"IHEDN: Institut des hautes \u00e9tudes de d\u00e9fense nationale (Institute for Higher National Defence Studies)","description":"Official website of the IHEDN under the supervision of the Prime Minister.","publisher":{"@id":"https:\/\/ihedn.fr\/#organization"},"potentialAction":[{"@type":"SearchAction","target":{"@type":"EntryPoint","urlTemplate":"https:\/\/ihedn.fr\/?s={search_term_string}"},"query-input":{"@type":"PropertyValueSpecification","valueRequired":true,"valueName":"search_term_string"}}],"inLanguage":"en-GB"},{"@type":"Organization","@id":"https:\/\/ihedn.fr\/#organization","name":"IHEDN - Institute for Higher National Defence Studies","url":"https:\/\/ihedn.fr\/","logo":{"@type":"ImageObject","inLanguage":"en-GB","@id":"https:\/\/ihedn.fr\/#\/schema\/logo\/image\/","url":"https:\/\/ihedn.fr\/wp-content\/uploads\/2020\/11\/BLOC_RF_IHEDN_WEB.png","contentUrl":"https:\/\/ihedn.fr\/wp-content\/uploads\/2020\/11\/BLOC_RF_IHEDN_WEB.png","width":500,"height":237,"caption":"IHEDN - Institut des Hautes Etudes de D\u00e9fense Nationale"},"image":{"@id":"https:\/\/ihedn.fr\/#\/schema\/logo\/image\/"},"sameAs":["https:\/\/www.facebook.com\/ihedn\/","https:\/\/x.com\/IHEDN","https:\/\/www.instagram.com\/ihedn\/","https:\/\/www.linkedin.com\/school\/ihedn\/","https:\/\/fr.wikipedia.org\/wiki\/Institut_des_hautes_\u00e9tudes_de_D\u00e9fense_nationale"]},{"@type":"Person","@id":"https:\/\/ihedn.fr\/#\/schema\/person\/7a40155595e4efb35323447cb8c8c5a4","name":"dev","image":{"@type":"ImageObject","inLanguage":"en-GB","@id":"https:\/\/secure.gravatar.com\/avatar\/f1ffcac9ca2fa95ad3ec33e9be3ade82f752acb0cabe541e56c5889225afa88a?s=96&d=mm&r=g","url":"https:\/\/secure.gravatar.com\/avatar\/f1ffcac9ca2fa95ad3ec33e9be3ade82f752acb0cabe541e56c5889225afa88a?s=96&d=mm&r=g","contentUrl":"https:\/\/secure.gravatar.com\/avatar\/f1ffcac9ca2fa95ad3ec33e9be3ade82f752acb0cabe541e56c5889225afa88a?s=96&d=mm&r=g","caption":"dev"},"sameAs":["https:\/\/ihedn.concilium.click"],"url":"https:\/\/ihedn.fr\/en\/author\/dev\/"}]}},"publishpress_future_action":{"enabled":false,"date":"2026-05-06 18:53:25","action":"change-status","newStatus":"draft","terms":[],"taxonomy":"category","extraData":[]},"publishpress_future_workflow_manual_trigger":{"enabledWorkflows":[]},"_links":{"self":[{"href":"https:\/\/ihedn.fr\/en\/wp-json\/wp\/v2\/posts\/33607","targetHints":{"allow":["GET"]}}],"collection":[{"href":"https:\/\/ihedn.fr\/en\/wp-json\/wp\/v2\/posts"}],"about":[{"href":"https:\/\/ihedn.fr\/en\/wp-json\/wp\/v2\/types\/post"}],"author":[{"embeddable":true,"href":"https:\/\/ihedn.fr\/en\/wp-json\/wp\/v2\/users\/1"}],"replies":[{"embeddable":true,"href":"https:\/\/ihedn.fr\/en\/wp-json\/wp\/v2\/comments?post=33607"}],"version-history":[{"count":15,"href":"https:\/\/ihedn.fr\/en\/wp-json\/wp\/v2\/posts\/33607\/revisions"}],"predecessor-version":[{"id":34927,"href":"https:\/\/ihedn.fr\/en\/wp-json\/wp\/v2\/posts\/33607\/revisions\/34927"}],"wp:featuredmedia":[{"embeddable":true,"href":"https:\/\/ihedn.fr\/en\/wp-json\/wp\/v2\/media\/33627"}],"wp:attachment":[{"href":"https:\/\/ihedn.fr\/en\/wp-json\/wp\/v2\/media?parent=33607"}],"wp:term":[{"taxonomy":"category","embeddable":true,"href":"https:\/\/ihedn.fr\/en\/wp-json\/wp\/v2\/categories?post=33607"},{"taxonomy":"post_tag","embeddable":true,"href":"https:\/\/ihedn.fr\/en\/wp-json\/wp\/v2\/tags?post=33607"}],"curies":[{"name":"wp","href":"https:\/\/api.w.org\/{rel}","templated":true}]}}