{"id":33813,"date":"2023-02-01T17:30:40","date_gmt":"2023-02-01T16:30:40","guid":{"rendered":"https:\/\/ihedn.fr\/?p=33813"},"modified":"2023-02-03T12:06:27","modified_gmt":"2023-02-03T11:06:27","slug":"radicalization-in-theory-and-practice-understanding-religious-violence-in-western-europe","status":"publish","type":"post","link":"https:\/\/ihedn.fr\/en\/nos-lectures\/radicalization-in-theory-and-practice-understanding-religious-violence-in-western-europe\/","title":{"rendered":"Radicalization in Theory and Practice: Understanding Religious Violence in Western Europe"},"content":{"rendered":"<div data-elementor-type=\"wp-post\" data-elementor-id=\"33813\" class=\"elementor elementor-33813\" data-elementor-post-type=\"post\">\n\t\t\t\t\t\t<section data-particle_enable=\"false\" data-particle-mobile-disabled=\"false\" class=\"elementor-section elementor-top-section elementor-element elementor-element-5d6f96b elementor-section-boxed elementor-section-height-default elementor-section-height-default\" data-id=\"5d6f96b\" data-element_type=\"section\" data-e-type=\"section\">\n\t\t\t\t\t\t<div class=\"elementor-container elementor-column-gap-default\">\n\t\t\t\t\t<div class=\"elementor-column elementor-col-100 elementor-top-column elementor-element elementor-element-8ffe5ed\" data-id=\"8ffe5ed\" data-element_type=\"column\" data-e-type=\"column\">\n\t\t\t<div class=\"elementor-widget-wrap elementor-element-populated\">\n\t\t\t\t\t\t<div class=\"elementor-element elementor-element-1334bf9 elementor-widget elementor-widget-text-editor\" data-id=\"1334bf9\" data-element_type=\"widget\" data-e-type=\"widget\" data-widget_type=\"text-editor.default\">\n\t\t\t\t<div class=\"elementor-widget-container\">\n\t\t\t\t\t\t\t\t\tThis book aims to help policy-makers and researchers address and assess radicalism. To this end, the authors study the mechanisms linking religious beliefs and radical actions, drawing on detailed empirical investigations.\t\t\t\t\t\t\t\t<\/div>\n\t\t\t\t<\/div>\n\t\t\t\t\t<\/div>\n\t\t<\/div>\n\t\t\t\t\t<\/div>\n\t\t<\/section>\n\t\t\t\t<section data-particle_enable=\"false\" data-particle-mobile-disabled=\"false\" class=\"elementor-section elementor-top-section elementor-element elementor-element-307dca8 elementor-section-boxed elementor-section-height-default elementor-section-height-default\" data-id=\"307dca8\" data-element_type=\"section\" data-e-type=\"section\">\n\t\t\t\t\t\t<div class=\"elementor-container elementor-column-gap-default\">\n\t\t\t\t\t<div class=\"elementor-column elementor-col-100 elementor-top-column elementor-element elementor-element-acdef6f\" data-id=\"acdef6f\" data-element_type=\"column\" data-e-type=\"column\">\n\t\t\t<div class=\"elementor-widget-wrap elementor-element-populated\">\n\t\t\t\t\t\t<div class=\"elementor-element elementor-element-bd0ae7c elementor-widget elementor-widget-text-editor\" data-id=\"bd0ae7c\" data-element_type=\"widget\" data-e-type=\"widget\" data-widget_type=\"text-editor.default\">\n\t\t\t\t<div class=\"elementor-widget-container\">\n\t\t\t\t\t\t\t\t\t<p>BALZACQ Thierry, SETTOUL Elyamine<strong><em>, <a href=\"https:\/\/www.fulcrum.org\/concern\/monographs\/r494vn453\">Radicalization in Theory and Practice<\/a><\/em><\/strong><strong><em>\u00a0Understanding Religious Violence in Western Europe<\/em><\/strong>University of Michigan Press, 2022.<\/p>\t\t\t\t\t\t\t\t<\/div>\n\t\t\t\t<\/div>\n\t\t\t\t\t<\/div>\n\t\t<\/div>\n\t\t\t\t\t<\/div>\n\t\t<\/section>\n\t\t\t\t<\/div>","protected":false},"excerpt":{"rendered":"<p>Cet ouvrage vise \u00e0 aider les d\u00e9cideurs politiques et les chercheurs \u00e0 aborder et \u00e9valuer le radicalisme. Pour ce faire,\u00a0les auteurs \u00e9tudient les m\u00e9canismes reliant les croyances religieuses et les actions radicales en s\u2019appuyant notamment sur des investigations empiriques d\u00e9taill\u00e9es. BALZACQ Thierry, SETTOUL Elyamine, Radicalization in Theory and Practice\u00a0: Understanding Religious Violence in Western Europe, [&hellip;]<\/p>\n","protected":false},"author":1,"featured_media":33814,"comment_status":"closed","ping_status":"closed","sticky":false,"template":"","format":"standard","meta":{"footnotes":""},"categories":[92],"tags":[],"class_list":["post-33813","post","type-post","status-publish","format-standard","has-post-thumbnail","hentry","category-nos-lectures"],"yoast_head":"<!-- This site is optimized with the Yoast SEO plugin v27.5 - https:\/\/yoast.com\/product\/yoast-seo-wordpress\/ -->\n<title>Radicalization in Theory and Practice : Understanding Religious Violence in Western Europe - L&#039;IHEDN : Institut des hautes \u00e9tudes de d\u00e9fense nationale<\/title>\n<meta name=\"robots\" content=\"index, follow, max-snippet:-1, max-image-preview:large, max-video-preview:-1\" \/>\n<link rel=\"canonical\" href=\"https:\/\/ihedn.fr\/en\/publications\/radicalization-in-theory-and-practice-understanding-religious-violence-in-western-europe\/\" \/>\n<meta property=\"og:locale\" content=\"en_GB\" \/>\n<meta property=\"og:type\" content=\"article\" \/>\n<meta property=\"og:title\" content=\"Radicalization in Theory and Practice : Understanding Religious Violence in Western Europe - L&#039;IHEDN : Institut des hautes \u00e9tudes de d\u00e9fense nationale\" \/>\n<meta property=\"og:description\" content=\"Cet ouvrage vise \u00e0 aider les d\u00e9cideurs politiques et les chercheurs \u00e0 aborder et \u00e9valuer le radicalisme. Pour ce faire,\u00a0les auteurs \u00e9tudient les m\u00e9canismes reliant les croyances religieuses et les actions radicales en s\u2019appuyant notamment sur des investigations empiriques d\u00e9taill\u00e9es. BALZACQ Thierry, SETTOUL Elyamine, Radicalization in Theory and Practice\u00a0: Understanding Religious Violence in Western Europe, [&hellip;]\" \/>\n<meta property=\"og:url\" content=\"https:\/\/ihedn.fr\/en\/publications\/radicalization-in-theory-and-practice-understanding-religious-violence-in-western-europe\/\" \/>\n<meta property=\"og:site_name\" content=\"L&#039;IHEDN : Institut des hautes \u00e9tudes de d\u00e9fense nationale\" \/>\n<meta property=\"article:publisher\" content=\"https:\/\/www.facebook.com\/ihedn\/\" \/>\n<meta property=\"article:published_time\" content=\"2023-02-01T16:30:40+00:00\" \/>\n<meta property=\"article:modified_time\" content=\"2023-02-03T11:06:27+00:00\" \/>\n<meta property=\"og:image\" content=\"https:\/\/ihedn.fr\/wp-content\/uploads\/2023\/02\/Radicalization-in-Theory-and-Practice-Understanding-Religious-Violence-in-Western-Europe.png\" \/>\n\t<meta property=\"og:image:width\" content=\"534\" \/>\n\t<meta property=\"og:image:height\" content=\"800\" \/>\n\t<meta property=\"og:image:type\" content=\"image\/png\" \/>\n<meta name=\"author\" content=\"dev\" \/>\n<meta name=\"twitter:card\" content=\"summary_large_image\" \/>\n<meta name=\"twitter:creator\" content=\"@IHEDN\" \/>\n<meta name=\"twitter:site\" content=\"@IHEDN\" \/>\n<meta name=\"twitter:label1\" content=\"Written by\" \/>\n\t<meta name=\"twitter:data1\" content=\"dev\" \/>\n\t<meta name=\"twitter:label2\" content=\"Estimated reading time\" \/>\n\t<meta name=\"twitter:data2\" content=\"1 minute\" \/>\n<script type=\"application\/ld+json\" class=\"yoast-schema-graph\">{\"@context\":\"https:\\\/\\\/schema.org\",\"@graph\":[{\"@type\":\"Article\",\"@id\":\"https:\\\/\\\/ihedn.fr\\\/publications\\\/radicalization-in-theory-and-practice-understanding-religious-violence-in-western-europe\\\/#article\",\"isPartOf\":{\"@id\":\"https:\\\/\\\/ihedn.fr\\\/publications\\\/radicalization-in-theory-and-practice-understanding-religious-violence-in-western-europe\\\/\"},\"author\":{\"name\":\"dev\",\"@id\":\"https:\\\/\\\/ihedn.fr\\\/#\\\/schema\\\/person\\\/7a40155595e4efb35323447cb8c8c5a4\"},\"headline\":\"Radicalization in Theory and Practice : Understanding Religious Violence in Western Europe\",\"datePublished\":\"2023-02-01T16:30:40+00:00\",\"dateModified\":\"2023-02-03T11:06:27+00:00\",\"mainEntityOfPage\":{\"@id\":\"https:\\\/\\\/ihedn.fr\\\/publications\\\/radicalization-in-theory-and-practice-understanding-religious-violence-in-western-europe\\\/\"},\"wordCount\":74,\"publisher\":{\"@id\":\"https:\\\/\\\/ihedn.fr\\\/#organization\"},\"image\":{\"@id\":\"https:\\\/\\\/ihedn.fr\\\/publications\\\/radicalization-in-theory-and-practice-understanding-religious-violence-in-western-europe\\\/#primaryimage\"},\"thumbnailUrl\":\"https:\\\/\\\/ihedn.fr\\\/wp-content\\\/uploads\\\/2023\\\/02\\\/Radicalization-in-Theory-and-Practice-Understanding-Religious-Violence-in-Western-Europe.png\",\"articleSection\":[\"nos lectures\"],\"inLanguage\":\"en-GB\"},{\"@type\":\"WebPage\",\"@id\":\"https:\\\/\\\/ihedn.fr\\\/publications\\\/radicalization-in-theory-and-practice-understanding-religious-violence-in-western-europe\\\/\",\"url\":\"https:\\\/\\\/ihedn.fr\\\/publications\\\/radicalization-in-theory-and-practice-understanding-religious-violence-in-western-europe\\\/\",\"name\":\"Radicalization in Theory and Practice : Understanding Religious Violence in Western Europe - L&#039;IHEDN : Institut des hautes \u00e9tudes de d\u00e9fense nationale\",\"isPartOf\":{\"@id\":\"https:\\\/\\\/ihedn.fr\\\/#website\"},\"primaryImageOfPage\":{\"@id\":\"https:\\\/\\\/ihedn.fr\\\/publications\\\/radicalization-in-theory-and-practice-understanding-religious-violence-in-western-europe\\\/#primaryimage\"},\"image\":{\"@id\":\"https:\\\/\\\/ihedn.fr\\\/publications\\\/radicalization-in-theory-and-practice-understanding-religious-violence-in-western-europe\\\/#primaryimage\"},\"thumbnailUrl\":\"https:\\\/\\\/ihedn.fr\\\/wp-content\\\/uploads\\\/2023\\\/02\\\/Radicalization-in-Theory-and-Practice-Understanding-Religious-Violence-in-Western-Europe.png\",\"datePublished\":\"2023-02-01T16:30:40+00:00\",\"dateModified\":\"2023-02-03T11:06:27+00:00\",\"breadcrumb\":{\"@id\":\"https:\\\/\\\/ihedn.fr\\\/publications\\\/radicalization-in-theory-and-practice-understanding-religious-violence-in-western-europe\\\/#breadcrumb\"},\"inLanguage\":\"en-GB\",\"potentialAction\":[{\"@type\":\"ReadAction\",\"target\":[\"https:\\\/\\\/ihedn.fr\\\/publications\\\/radicalization-in-theory-and-practice-understanding-religious-violence-in-western-europe\\\/\"]}]},{\"@type\":\"ImageObject\",\"inLanguage\":\"en-GB\",\"@id\":\"https:\\\/\\\/ihedn.fr\\\/publications\\\/radicalization-in-theory-and-practice-understanding-religious-violence-in-western-europe\\\/#primaryimage\",\"url\":\"https:\\\/\\\/ihedn.fr\\\/wp-content\\\/uploads\\\/2023\\\/02\\\/Radicalization-in-Theory-and-Practice-Understanding-Religious-Violence-in-Western-Europe.png\",\"contentUrl\":\"https:\\\/\\\/ihedn.fr\\\/wp-content\\\/uploads\\\/2023\\\/02\\\/Radicalization-in-Theory-and-Practice-Understanding-Religious-Violence-in-Western-Europe.png\",\"width\":534,\"height\":800},{\"@type\":\"BreadcrumbList\",\"@id\":\"https:\\\/\\\/ihedn.fr\\\/publications\\\/radicalization-in-theory-and-practice-understanding-religious-violence-in-western-europe\\\/#breadcrumb\",\"itemListElement\":[{\"@type\":\"ListItem\",\"position\":1,\"name\":\"Accueil\",\"item\":\"https:\\\/\\\/ihedn.fr\\\/\"},{\"@type\":\"ListItem\",\"position\":2,\"name\":\"Radicalization in Theory and Practice : Understanding Religious Violence in Western Europe\"}]},{\"@type\":\"WebSite\",\"@id\":\"https:\\\/\\\/ihedn.fr\\\/#website\",\"url\":\"https:\\\/\\\/ihedn.fr\\\/\",\"name\":\"IHEDN : Institut des hautes \u00e9tudes de d\u00e9fense nationale |\",\"description\":\"Site officiel de l&#039;IHEDN plac\u00e9 sous la tutelle du Premier ministre.\",\"publisher\":{\"@id\":\"https:\\\/\\\/ihedn.fr\\\/#organization\"},\"potentialAction\":[{\"@type\":\"SearchAction\",\"target\":{\"@type\":\"EntryPoint\",\"urlTemplate\":\"https:\\\/\\\/ihedn.fr\\\/?s={search_term_string}\"},\"query-input\":{\"@type\":\"PropertyValueSpecification\",\"valueRequired\":true,\"valueName\":\"search_term_string\"}}],\"inLanguage\":\"en-GB\"},{\"@type\":\"Organization\",\"@id\":\"https:\\\/\\\/ihedn.fr\\\/#organization\",\"name\":\"IHEDN - Institut des Hautes Etudes de D\u00e9fense Nationale\",\"url\":\"https:\\\/\\\/ihedn.fr\\\/\",\"logo\":{\"@type\":\"ImageObject\",\"inLanguage\":\"en-GB\",\"@id\":\"https:\\\/\\\/ihedn.fr\\\/#\\\/schema\\\/logo\\\/image\\\/\",\"url\":\"https:\\\/\\\/ihedn.fr\\\/wp-content\\\/uploads\\\/2020\\\/11\\\/BLOC_RF_IHEDN_WEB.png\",\"contentUrl\":\"https:\\\/\\\/ihedn.fr\\\/wp-content\\\/uploads\\\/2020\\\/11\\\/BLOC_RF_IHEDN_WEB.png\",\"width\":500,\"height\":237,\"caption\":\"IHEDN - Institut des Hautes Etudes de D\u00e9fense Nationale\"},\"image\":{\"@id\":\"https:\\\/\\\/ihedn.fr\\\/#\\\/schema\\\/logo\\\/image\\\/\"},\"sameAs\":[\"https:\\\/\\\/www.facebook.com\\\/ihedn\\\/\",\"https:\\\/\\\/x.com\\\/IHEDN\",\"https:\\\/\\\/www.instagram.com\\\/ihedn\\\/\",\"https:\\\/\\\/www.linkedin.com\\\/school\\\/ihedn\\\/\",\"https:\\\/\\\/fr.wikipedia.org\\\/wiki\\\/Institut_des_hautes_\u00e9tudes_de_D\u00e9fense_nationale\"]},{\"@type\":\"Person\",\"@id\":\"https:\\\/\\\/ihedn.fr\\\/#\\\/schema\\\/person\\\/7a40155595e4efb35323447cb8c8c5a4\",\"name\":\"dev\",\"image\":{\"@type\":\"ImageObject\",\"inLanguage\":\"en-GB\",\"@id\":\"https:\\\/\\\/secure.gravatar.com\\\/avatar\\\/f1ffcac9ca2fa95ad3ec33e9be3ade82f752acb0cabe541e56c5889225afa88a?s=96&d=mm&r=g\",\"url\":\"https:\\\/\\\/secure.gravatar.com\\\/avatar\\\/f1ffcac9ca2fa95ad3ec33e9be3ade82f752acb0cabe541e56c5889225afa88a?s=96&d=mm&r=g\",\"contentUrl\":\"https:\\\/\\\/secure.gravatar.com\\\/avatar\\\/f1ffcac9ca2fa95ad3ec33e9be3ade82f752acb0cabe541e56c5889225afa88a?s=96&d=mm&r=g\",\"caption\":\"dev\"},\"sameAs\":[\"https:\\\/\\\/ihedn.concilium.click\"],\"url\":\"https:\\\/\\\/ihedn.fr\\\/en\\\/author\\\/dev\\\/\"}]}<\/script>\n<!-- \/ Yoast SEO plugin. -->","yoast_head_json":{"title":"Radicalization in Theory and Practice: Understanding Religious Violence in Western Europe - L'IHEDN : Institut des hautes \u00e9tudes de d\u00e9fense nationale","robots":{"index":"index","follow":"follow","max-snippet":"max-snippet:-1","max-image-preview":"max-image-preview:large","max-video-preview":"max-video-preview:-1"},"canonical":"https:\/\/ihedn.fr\/en\/publications\/radicalization-in-theory-and-practice-understanding-religious-violence-in-western-europe\/","og_locale":"en_GB","og_type":"article","og_title":"Radicalization in Theory and Practice : Understanding Religious Violence in Western Europe - L&#039;IHEDN : Institut des hautes \u00e9tudes de d\u00e9fense nationale","og_description":"Cet ouvrage vise \u00e0 aider les d\u00e9cideurs politiques et les chercheurs \u00e0 aborder et \u00e9valuer le radicalisme. Pour ce faire,\u00a0les auteurs \u00e9tudient les m\u00e9canismes reliant les croyances religieuses et les actions radicales en s\u2019appuyant notamment sur des investigations empiriques d\u00e9taill\u00e9es. BALZACQ Thierry, SETTOUL Elyamine, Radicalization in Theory and Practice\u00a0: Understanding Religious Violence in Western Europe, [&hellip;]","og_url":"https:\/\/ihedn.fr\/en\/publications\/radicalization-in-theory-and-practice-understanding-religious-violence-in-western-europe\/","og_site_name":"L&#039;IHEDN : Institut des hautes \u00e9tudes de d\u00e9fense nationale","article_publisher":"https:\/\/www.facebook.com\/ihedn\/","article_published_time":"2023-02-01T16:30:40+00:00","article_modified_time":"2023-02-03T11:06:27+00:00","og_image":[{"width":534,"height":800,"url":"https:\/\/ihedn.fr\/wp-content\/uploads\/2023\/02\/Radicalization-in-Theory-and-Practice-Understanding-Religious-Violence-in-Western-Europe.png","type":"image\/png"}],"author":"dev","twitter_card":"summary_large_image","twitter_creator":"@IHEDN","twitter_site":"@IHEDN","twitter_misc":{"Written by":"dev","Estimated reading time":"1 minute"},"schema":{"@context":"https:\/\/schema.org","@graph":[{"@type":"Article","@id":"https:\/\/ihedn.fr\/publications\/radicalization-in-theory-and-practice-understanding-religious-violence-in-western-europe\/#article","isPartOf":{"@id":"https:\/\/ihedn.fr\/publications\/radicalization-in-theory-and-practice-understanding-religious-violence-in-western-europe\/"},"author":{"name":"dev","@id":"https:\/\/ihedn.fr\/#\/schema\/person\/7a40155595e4efb35323447cb8c8c5a4"},"headline":"Radicalization in Theory and Practice : Understanding Religious Violence in Western Europe","datePublished":"2023-02-01T16:30:40+00:00","dateModified":"2023-02-03T11:06:27+00:00","mainEntityOfPage":{"@id":"https:\/\/ihedn.fr\/publications\/radicalization-in-theory-and-practice-understanding-religious-violence-in-western-europe\/"},"wordCount":74,"publisher":{"@id":"https:\/\/ihedn.fr\/#organization"},"image":{"@id":"https:\/\/ihedn.fr\/publications\/radicalization-in-theory-and-practice-understanding-religious-violence-in-western-europe\/#primaryimage"},"thumbnailUrl":"https:\/\/ihedn.fr\/wp-content\/uploads\/2023\/02\/Radicalization-in-Theory-and-Practice-Understanding-Religious-Violence-in-Western-Europe.png","articleSection":["nos lectures"],"inLanguage":"en-GB"},{"@type":"WebPage","@id":"https:\/\/ihedn.fr\/publications\/radicalization-in-theory-and-practice-understanding-religious-violence-in-western-europe\/","url":"https:\/\/ihedn.fr\/publications\/radicalization-in-theory-and-practice-understanding-religious-violence-in-western-europe\/","name":"Radicalization in Theory and Practice: Understanding Religious Violence in Western Europe - L'IHEDN : Institut des hautes \u00e9tudes de d\u00e9fense nationale","isPartOf":{"@id":"https:\/\/ihedn.fr\/#website"},"primaryImageOfPage":{"@id":"https:\/\/ihedn.fr\/publications\/radicalization-in-theory-and-practice-understanding-religious-violence-in-western-europe\/#primaryimage"},"image":{"@id":"https:\/\/ihedn.fr\/publications\/radicalization-in-theory-and-practice-understanding-religious-violence-in-western-europe\/#primaryimage"},"thumbnailUrl":"https:\/\/ihedn.fr\/wp-content\/uploads\/2023\/02\/Radicalization-in-Theory-and-Practice-Understanding-Religious-Violence-in-Western-Europe.png","datePublished":"2023-02-01T16:30:40+00:00","dateModified":"2023-02-03T11:06:27+00:00","breadcrumb":{"@id":"https:\/\/ihedn.fr\/publications\/radicalization-in-theory-and-practice-understanding-religious-violence-in-western-europe\/#breadcrumb"},"inLanguage":"en-GB","potentialAction":[{"@type":"ReadAction","target":["https:\/\/ihedn.fr\/publications\/radicalization-in-theory-and-practice-understanding-religious-violence-in-western-europe\/"]}]},{"@type":"ImageObject","inLanguage":"en-GB","@id":"https:\/\/ihedn.fr\/publications\/radicalization-in-theory-and-practice-understanding-religious-violence-in-western-europe\/#primaryimage","url":"https:\/\/ihedn.fr\/wp-content\/uploads\/2023\/02\/Radicalization-in-Theory-and-Practice-Understanding-Religious-Violence-in-Western-Europe.png","contentUrl":"https:\/\/ihedn.fr\/wp-content\/uploads\/2023\/02\/Radicalization-in-Theory-and-Practice-Understanding-Religious-Violence-in-Western-Europe.png","width":534,"height":800},{"@type":"BreadcrumbList","@id":"https:\/\/ihedn.fr\/publications\/radicalization-in-theory-and-practice-understanding-religious-violence-in-western-europe\/#breadcrumb","itemListElement":[{"@type":"ListItem","position":1,"name":"Accueil","item":"https:\/\/ihedn.fr\/"},{"@type":"ListItem","position":2,"name":"Radicalization in Theory and Practice : Understanding Religious Violence in Western Europe"}]},{"@type":"WebSite","@id":"https:\/\/ihedn.fr\/#website","url":"https:\/\/ihedn.fr\/","name":"IHEDN: Institut des hautes \u00e9tudes de d\u00e9fense nationale (Institute for Higher National Defence Studies)","description":"Official website of the IHEDN under the supervision of the Prime Minister.","publisher":{"@id":"https:\/\/ihedn.fr\/#organization"},"potentialAction":[{"@type":"SearchAction","target":{"@type":"EntryPoint","urlTemplate":"https:\/\/ihedn.fr\/?s={search_term_string}"},"query-input":{"@type":"PropertyValueSpecification","valueRequired":true,"valueName":"search_term_string"}}],"inLanguage":"en-GB"},{"@type":"Organization","@id":"https:\/\/ihedn.fr\/#organization","name":"IHEDN - Institute for Higher National Defence Studies","url":"https:\/\/ihedn.fr\/","logo":{"@type":"ImageObject","inLanguage":"en-GB","@id":"https:\/\/ihedn.fr\/#\/schema\/logo\/image\/","url":"https:\/\/ihedn.fr\/wp-content\/uploads\/2020\/11\/BLOC_RF_IHEDN_WEB.png","contentUrl":"https:\/\/ihedn.fr\/wp-content\/uploads\/2020\/11\/BLOC_RF_IHEDN_WEB.png","width":500,"height":237,"caption":"IHEDN - Institut des Hautes Etudes de D\u00e9fense Nationale"},"image":{"@id":"https:\/\/ihedn.fr\/#\/schema\/logo\/image\/"},"sameAs":["https:\/\/www.facebook.com\/ihedn\/","https:\/\/x.com\/IHEDN","https:\/\/www.instagram.com\/ihedn\/","https:\/\/www.linkedin.com\/school\/ihedn\/","https:\/\/fr.wikipedia.org\/wiki\/Institut_des_hautes_\u00e9tudes_de_D\u00e9fense_nationale"]},{"@type":"Person","@id":"https:\/\/ihedn.fr\/#\/schema\/person\/7a40155595e4efb35323447cb8c8c5a4","name":"dev","image":{"@type":"ImageObject","inLanguage":"en-GB","@id":"https:\/\/secure.gravatar.com\/avatar\/f1ffcac9ca2fa95ad3ec33e9be3ade82f752acb0cabe541e56c5889225afa88a?s=96&d=mm&r=g","url":"https:\/\/secure.gravatar.com\/avatar\/f1ffcac9ca2fa95ad3ec33e9be3ade82f752acb0cabe541e56c5889225afa88a?s=96&d=mm&r=g","contentUrl":"https:\/\/secure.gravatar.com\/avatar\/f1ffcac9ca2fa95ad3ec33e9be3ade82f752acb0cabe541e56c5889225afa88a?s=96&d=mm&r=g","caption":"dev"},"sameAs":["https:\/\/ihedn.concilium.click"],"url":"https:\/\/ihedn.fr\/en\/author\/dev\/"}]}},"publishpress_future_action":{"enabled":false,"date":"2026-05-06 20:50:20","action":"change-status","newStatus":"draft","terms":[],"taxonomy":"category","extraData":[]},"publishpress_future_workflow_manual_trigger":{"enabledWorkflows":[]},"_links":{"self":[{"href":"https:\/\/ihedn.fr\/en\/wp-json\/wp\/v2\/posts\/33813","targetHints":{"allow":["GET"]}}],"collection":[{"href":"https:\/\/ihedn.fr\/en\/wp-json\/wp\/v2\/posts"}],"about":[{"href":"https:\/\/ihedn.fr\/en\/wp-json\/wp\/v2\/types\/post"}],"author":[{"embeddable":true,"href":"https:\/\/ihedn.fr\/en\/wp-json\/wp\/v2\/users\/1"}],"replies":[{"embeddable":true,"href":"https:\/\/ihedn.fr\/en\/wp-json\/wp\/v2\/comments?post=33813"}],"version-history":[{"count":5,"href":"https:\/\/ihedn.fr\/en\/wp-json\/wp\/v2\/posts\/33813\/revisions"}],"predecessor-version":[{"id":33819,"href":"https:\/\/ihedn.fr\/en\/wp-json\/wp\/v2\/posts\/33813\/revisions\/33819"}],"wp:featuredmedia":[{"embeddable":true,"href":"https:\/\/ihedn.fr\/en\/wp-json\/wp\/v2\/media\/33814"}],"wp:attachment":[{"href":"https:\/\/ihedn.fr\/en\/wp-json\/wp\/v2\/media?parent=33813"}],"wp:term":[{"taxonomy":"category","embeddable":true,"href":"https:\/\/ihedn.fr\/en\/wp-json\/wp\/v2\/categories?post=33813"},{"taxonomy":"post_tag","embeddable":true,"href":"https:\/\/ihedn.fr\/en\/wp-json\/wp\/v2\/tags?post=33813"}],"curies":[{"name":"wp","href":"https:\/\/api.w.org\/{rel}","templated":true}]}}