{"id":34280,"date":"2023-02-06T14:58:03","date_gmt":"2023-02-06T13:58:03","guid":{"rendered":"https:\/\/ihedn.fr\/?p=34280"},"modified":"2023-02-07T09:50:55","modified_gmt":"2023-02-07T08:50:55","slug":"apres-une-journee-a-paris-sur-les-nouveaux-enjeux-cap-sur-la-mediterranee-pour-leur-declinaison-dans-leconomie-bleue-pour-les-auditeurs-de-la-majeure-enjeux-et-strategies-maritimes","status":"publish","type":"post","link":"https:\/\/ihedn.fr\/en\/notre-actualite\/apres-une-journee-a-paris-sur-les-nouveaux-enjeux-cap-sur-la-mediterranee-pour-leur-declinaison-dans-leconomie-bleue-pour-les-auditeurs-de-la-majeure-enjeux-et-strategies-maritimes\/","title":{"rendered":"After a day in Paris on the new challenges, the students in the \"Maritime Challenges and Strategies\" major at the IHEDN national session set sail for the Mediterranean to explore the implications for the blue economy."},"content":{"rendered":"<div data-elementor-type=\"wp-post\" data-elementor-id=\"34280\" class=\"elementor elementor-34280\" data-elementor-post-type=\"post\">\n\t\t\t\t\t\t<section data-particle_enable=\"false\" data-particle-mobile-disabled=\"false\" class=\"elementor-section elementor-top-section elementor-element elementor-element-5604ed3 elementor-section-boxed elementor-section-height-default elementor-section-height-default\" data-id=\"5604ed3\" data-element_type=\"section\" data-e-type=\"section\">\n\t\t\t\t\t\t<div class=\"elementor-container elementor-column-gap-default\">\n\t\t\t\t\t<div class=\"elementor-column elementor-col-100 elementor-top-column elementor-element elementor-element-d097fef\" data-id=\"d097fef\" data-element_type=\"column\" data-e-type=\"column\">\n\t\t\t<div class=\"elementor-widget-wrap elementor-element-populated\">\n\t\t\t\t\t\t<div class=\"elementor-element elementor-element-cc7ead1 elementor-widget elementor-widget-text-editor\" data-id=\"cc7ead1\" data-element_type=\"widget\" data-e-type=\"widget\" data-widget_type=\"text-editor.default\">\n\t\t\t\t<div class=\"elementor-widget-container\">\n\t\t\t\t\t\t\t\t\t<p>Then, throughout the day, there were debates with listeners: <strong>Fran\u00e7ois Gemenne<\/strong> (Sciences-Po, IPCC) on major climate issues, <strong>Jean-Fran\u00e7ois Gaillaud<\/strong>\u00a0(Ministry of Energy Transition) and <strong>Rapha\u00ebl Danino-Perraud<\/strong> (IFRI) on the issue of rare metals, and <strong>Jean-Marc Rickli<\/strong>\u00a0(Geneva Center for Security Policy) on the new technologies of conflict.<\/p><p>After a day of theory on these new challenges, the audience jumped on the TGV and headed for the Mediterranean to find out how they are being applied in practice by companies in the blue economy. The major themes on offer included the deep seabed, naval technologies and innovations, transport and maritime routes, submarine cables, data centres and yachting.<\/p><p>Welcomed at EXAIL from the crack of dawn on Friday 27 January, the listeners were immediately plunged into the depths of the ocean, whose knowledge and capacity for action represent a real strategic challenge for France. They were shown a whole range of robots and debated with <strong>Daniel Scourzic<\/strong>Vice-President, Major Programmes and Partnerships, <strong>Philippe Novelli<\/strong>David Barre, Technical Director, <strong>Fabrice Bosch<\/strong>Major Programme Director <strong>Alain Fidani<\/strong>Head of Partnerships and Innovation Financing <strong>vice-admiral (2s) St\u00e9phane Boivin<\/strong>Councillor, and <strong>Fran\u00e7ois Falcou<\/strong>Managing Director. The auditors were definitively convinced of the strategic importance of the deep seabed and EXAIL's ability to provide a sovereign French response to our country's needs with a complete range of very high-tech robots capable of operating at depths of up to 6,000 metres.<\/p>\t\t\t\t\t\t\t\t<\/div>\n\t\t\t\t<\/div>\n\t\t\t\t\t<\/div>\n\t\t<\/div>\n\t\t\t\t\t<\/div>\n\t\t<\/section>\n\t\t\t\t<section data-particle_enable=\"false\" data-particle-mobile-disabled=\"false\" class=\"elementor-section elementor-top-section elementor-element elementor-element-ebd3fbd elementor-section-boxed elementor-section-height-default elementor-section-height-default\" data-id=\"ebd3fbd\" data-element_type=\"section\" data-e-type=\"section\">\n\t\t\t\t\t\t<div class=\"elementor-container elementor-column-gap-default\">\n\t\t\t\t\t<div class=\"elementor-column elementor-col-100 elementor-top-column elementor-element elementor-element-dffc794\" data-id=\"dffc794\" data-element_type=\"column\" data-e-type=\"column\">\n\t\t\t<div class=\"elementor-widget-wrap elementor-element-populated\">\n\t\t\t\t\t\t<div class=\"elementor-element elementor-element-d3b98c6 elementor-widget elementor-widget-gallery\" data-id=\"d3b98c6\" data-element_type=\"widget\" data-e-type=\"widget\" data-settings=\"{&quot;columns&quot;:2,&quot;overlay_title&quot;:&quot;caption&quot;,&quot;lazyload&quot;:&quot;yes&quot;,&quot;gallery_layout&quot;:&quot;grid&quot;,&quot;columns_tablet&quot;:2,&quot;columns_mobile&quot;:1,&quot;gap&quot;:{&quot;unit&quot;:&quot;px&quot;,&quot;size&quot;:10,&quot;sizes&quot;:[]},&quot;gap_tablet&quot;:{&quot;unit&quot;:&quot;px&quot;,&quot;size&quot;:10,&quot;sizes&quot;:[]},&quot;gap_mobile&quot;:{&quot;unit&quot;:&quot;px&quot;,&quot;size&quot;:10,&quot;sizes&quot;:[]},&quot;link_to&quot;:&quot;file&quot;,&quot;aspect_ratio&quot;:&quot;3:2&quot;,&quot;overlay_background&quot;:&quot;yes&quot;,&quot;content_hover_animation&quot;:&quot;fade-in&quot;}\" data-widget_type=\"gallery.default\">\n\t\t\t\t<div class=\"elementor-widget-container\">\n\t\t\t\t\t\t\t<div class=\"elementor-gallery__container\">\n\t\t\t\t\t\t\t<a class=\"e-gallery-item elementor-gallery-item elementor-animated-content\" href=\"https:\/\/ihedn.fr\/wp-content\/uploads\/2023\/02\/eca2-scaled.jpg\" data-elementor-open-lightbox=\"yes\" data-elementor-lightbox-slideshow=\"d3b98c6\" data-e-action-hash=\"#elementor-action%3Aaction%3Dlightbox%26settings%3DeyJpZCI6MzQyODgsInVybCI6Imh0dHBzOlwvXC9paGVkbi5mclwvd3AtY29udGVudFwvdXBsb2Fkc1wvMjAyM1wvMDJcL2VjYTItc2NhbGVkLmpwZyIsInNsaWRlc2hvdyI6ImQzYjk4YzYifQ%3D%3D\">\n\t\t\t\t\t<div class=\"e-gallery-image elementor-gallery-item__image\" data-thumbnail=\"https:\/\/ihedn.fr\/wp-content\/uploads\/2023\/02\/eca2-300x300.jpg\" data-width=\"300\" data-height=\"300\" aria-label=\"\" role=\"img\" ><\/div>\n\t\t\t\t\t\t\t\t\t\t\t<div class=\"elementor-gallery-item__overlay\"><\/div>\n\t\t\t\t\t\t\t\t\t\t\t\t\t\t\t<div class=\"elementor-gallery-item__content\">\n\t\t\t\t\t\t\t\t\t\t\t\t\t\t<div class=\"elementor-gallery-item__title\">\n\t\t\t\t\t\t\t\t\t\t\t\t\t\t\t\t\t\tSt\u00e9phane Boivin explaining the challenges of the deep seabed\t\t\t\t\t\t\t\t<\/div>\n\t\t\t\t\t\t\t\t\t\t\t\t<\/div>\n\t\t\t\t\t\t\t\t\t<\/a>\n\t\t\t\t\t\t\t<a class=\"e-gallery-item elementor-gallery-item elementor-animated-content\" href=\"https:\/\/ihedn.fr\/wp-content\/uploads\/2023\/02\/eca1-scaled.jpg\" data-elementor-open-lightbox=\"yes\" data-elementor-lightbox-slideshow=\"d3b98c6\" data-e-action-hash=\"#elementor-action%3Aaction%3Dlightbox%26settings%3DeyJpZCI6MzQyODcsInVybCI6Imh0dHBzOlwvXC9paGVkbi5mclwvd3AtY29udGVudFwvdXBsb2Fkc1wvMjAyM1wvMDJcL2VjYTEtc2NhbGVkLmpwZyIsInNsaWRlc2hvdyI6ImQzYjk4YzYifQ%3D%3D\">\n\t\t\t\t\t<div class=\"e-gallery-image elementor-gallery-item__image\" data-thumbnail=\"https:\/\/ihedn.fr\/wp-content\/uploads\/2023\/02\/eca1-300x300.jpg\" data-width=\"300\" data-height=\"300\" aria-label=\"\" role=\"img\" ><\/div>\n\t\t\t\t\t\t\t\t\t\t\t<div class=\"elementor-gallery-item__overlay\"><\/div>\n\t\t\t\t\t\t\t\t\t\t\t\t\t\t\t<div class=\"elementor-gallery-item__content\">\n\t\t\t\t\t\t\t\t\t\t\t\t\t\t<div class=\"elementor-gallery-item__title\">\n\t\t\t\t\t\t\t\t\t\t\t\t\t\t\t\t\t\tFran\u00e7ois Falcou answering listeners' questions under the watchful eye of Philippe Novelli \t\t\t\t\t\t\t\t<\/div>\n\t\t\t\t\t\t\t\t\t\t\t\t<\/div>\n\t\t\t\t\t\t\t\t\t<\/a>\n\t\t\t\t\t<\/div>\n\t\t\t\t\t<\/div>\n\t\t\t\t<\/div>\n\t\t\t\t<div class=\"elementor-element elementor-element-38be8c2 elementor-widget elementor-widget-image\" data-id=\"38be8c2\" data-element_type=\"widget\" data-e-type=\"widget\" data-widget_type=\"image.default\">\n\t\t\t\t<div class=\"elementor-widget-container\">\n\t\t\t\t\t\t\t\t\t\t\t\t<figure class=\"wp-caption\">\n\t\t\t\t\t\t\t\t\t\t<img fetchpriority=\"high\" decoding=\"async\" width=\"2560\" height=\"843\" src=\"https:\/\/ihedn.fr\/wp-content\/uploads\/2023\/02\/ECA13-scaled.jpg\" class=\"attachment-full size-full wp-image-34309\" alt=\"\" srcset=\"https:\/\/ihedn.fr\/wp-content\/uploads\/2023\/02\/ECA13-scaled.jpg 2560w, https:\/\/ihedn.fr\/wp-content\/uploads\/2023\/02\/ECA13-1536x506.jpg 1536w, https:\/\/ihedn.fr\/wp-content\/uploads\/2023\/02\/ECA13-2048x674.jpg 2048w\" sizes=\"(max-width: 2560px) 100vw, 2560px\" \/>\t\t\t\t\t\t\t\t\t\t\t<figcaption class=\"widget-image-caption wp-caption-text\">Daniel Scourzic, describing the role of each of the drones in the full range offered by EXAIL<\/figcaption>\n\t\t\t\t\t\t\t\t\t\t<\/figure>\n\t\t\t\t\t\t\t\t\t<\/div>\n\t\t\t\t<\/div>\n\t\t\t\t\t<\/div>\n\t\t<\/div>\n\t\t\t\t\t<\/div>\n\t\t<\/section>\n\t\t\t\t<section data-particle_enable=\"false\" data-particle-mobile-disabled=\"false\" class=\"elementor-section elementor-top-section elementor-element elementor-element-d2b513d elementor-section-boxed elementor-section-height-default elementor-section-height-default\" data-id=\"d2b513d\" data-element_type=\"section\" data-e-type=\"section\">\n\t\t\t\t\t\t<div class=\"elementor-container elementor-column-gap-default\">\n\t\t\t\t\t<div class=\"elementor-column elementor-col-100 elementor-top-column elementor-element elementor-element-c894a79\" data-id=\"c894a79\" data-element_type=\"column\" data-e-type=\"column\">\n\t\t\t<div class=\"elementor-widget-wrap elementor-element-populated\">\n\t\t\t\t\t\t<div class=\"elementor-element elementor-element-45d8e97 elementor-widget elementor-widget-text-editor\" data-id=\"45d8e97\" data-element_type=\"widget\" data-e-type=\"widget\" data-widget_type=\"text-editor.default\">\n\t\t\t\t<div class=\"elementor-widget-container\">\n\t\t\t\t\t\t\t\t\t<p>In addition to this deep-sea immersion, the audience was also able to take part in a round table discussion on the major challenges of R&amp;T, innovation and possible green breakthroughs in the naval industry with the ICA. <strong>Jean-Louis Mori<\/strong>head of the UM\/NAV branch in Toulon, <strong>David Barre<\/strong>, <strong>Alain Fidani<\/strong> and <strong>Hugues Martel<\/strong>who attended a previous session and is in charge of the new-generation aircraft carrier at Chantiers de l'Atlantique.<\/p>\t\t\t\t\t\t\t\t<\/div>\n\t\t\t\t<\/div>\n\t\t\t\t\t<\/div>\n\t\t<\/div>\n\t\t\t\t\t<\/div>\n\t\t<\/section>\n\t\t\t\t<section data-particle_enable=\"false\" data-particle-mobile-disabled=\"false\" class=\"elementor-section elementor-top-section elementor-element elementor-element-46ca6e6 elementor-section-boxed elementor-section-height-default elementor-section-height-default\" data-id=\"46ca6e6\" data-element_type=\"section\" data-e-type=\"section\">\n\t\t\t\t\t\t<div class=\"elementor-container elementor-column-gap-default\">\n\t\t\t\t\t<div class=\"elementor-column elementor-col-100 elementor-top-column elementor-element elementor-element-6b9c2f5\" data-id=\"6b9c2f5\" data-element_type=\"column\" data-e-type=\"column\">\n\t\t\t<div class=\"elementor-widget-wrap elementor-element-populated\">\n\t\t\t\t\t\t<div class=\"elementor-element elementor-element-8d92d2b elementor-widget elementor-widget-image\" data-id=\"8d92d2b\" data-element_type=\"widget\" data-e-type=\"widget\" data-widget_type=\"image.default\">\n\t\t\t\t<div class=\"elementor-widget-container\">\n\t\t\t\t\t\t\t\t\t\t\t\t<figure class=\"wp-caption\">\n\t\t\t\t\t\t\t\t\t\t<img decoding=\"async\" width=\"1033\" height=\"493\" src=\"https:\/\/ihedn.fr\/wp-content\/uploads\/2023\/02\/TR-ECA.jpg\" class=\"attachment-full size-full wp-image-34324\" alt=\"\" \/>\t\t\t\t\t\t\t\t\t\t\t<figcaption class=\"widget-image-caption wp-caption-text\">Round table on R&amp;T and innovation in the shipbuilding industry<\/figcaption>\n\t\t\t\t\t\t\t\t\t\t<\/figure>\n\t\t\t\t\t\t\t\t\t<\/div>\n\t\t\t\t<\/div>\n\t\t\t\t\t<\/div>\n\t\t<\/div>\n\t\t\t\t\t<\/div>\n\t\t<\/section>\n\t\t\t\t<section data-particle_enable=\"false\" data-particle-mobile-disabled=\"false\" class=\"elementor-section elementor-top-section elementor-element elementor-element-a04aaf7 elementor-section-boxed elementor-section-height-default elementor-section-height-default\" data-id=\"a04aaf7\" data-element_type=\"section\" data-e-type=\"section\">\n\t\t\t\t\t\t<div class=\"elementor-container elementor-column-gap-default\">\n\t\t\t\t\t<div class=\"elementor-column elementor-col-100 elementor-top-column elementor-element elementor-element-c752c6e\" data-id=\"c752c6e\" data-element_type=\"column\" data-e-type=\"column\">\n\t\t\t<div class=\"elementor-widget-wrap elementor-element-populated\">\n\t\t\t\t\t\t<div class=\"elementor-element elementor-element-58ceec6 elementor-widget elementor-widget-text-editor\" data-id=\"58ceec6\" data-element_type=\"widget\" data-e-type=\"widget\" data-widget_type=\"text-editor.default\">\n\t\t\t\t<div class=\"elementor-widget-container\">\n\t\t\t\t\t\t\t\t\t<p>Then it was on to Marseilles, where listeners were able to visit the prestigious CMA-CGM tower overlooking the city to discuss the major challenges facing maritime transport. <strong>Patrice Bergamini<\/strong>VP Institutional, <strong>Guillaume Lath\u00e9lise<\/strong>CEO CMA CGM AIR CARGO, <strong>Guillaume Col<\/strong> (Deputy CEO) and <strong>Claire Martin<\/strong>VP CSR, took turns to discuss with listeners the major issues in this sector, which is now at the heart of our societies' prosperity. The auditors paid close attention to the development of this family-owned group founded by <strong>Jacques Saad\u00e9<\/strong> as well as the Group's particularly proactive sustainable development policy, demonstrating that protecting the environment is fully compatible with economic development.<\/p>\t\t\t\t\t\t\t\t<\/div>\n\t\t\t\t<\/div>\n\t\t\t\t<div class=\"elementor-element elementor-element-d472f33 elementor-widget elementor-widget-image\" data-id=\"d472f33\" data-element_type=\"widget\" data-e-type=\"widget\" data-widget_type=\"image.default\">\n\t\t\t\t<div class=\"elementor-widget-container\">\n\t\t\t\t\t\t\t\t\t\t\t\t<figure class=\"wp-caption\">\n\t\t\t\t\t\t\t\t\t\t<img decoding=\"async\" width=\"800\" height=\"519\" src=\"https:\/\/ihedn.fr\/wp-content\/uploads\/2023\/02\/CMA-CGM-1024x664.jpg\" class=\"attachment-large size-large wp-image-34283\" alt=\"\" \/>\t\t\t\t\t\t\t\t\t\t\t<figcaption class=\"widget-image-caption wp-caption-text\">Patrice Bergamini in debate with listeners<\/figcaption>\n\t\t\t\t\t\t\t\t\t\t<\/figure>\n\t\t\t\t\t\t\t\t\t<\/div>\n\t\t\t\t<\/div>\n\t\t\t\t\t<\/div>\n\t\t<\/div>\n\t\t\t\t\t<\/div>\n\t\t<\/section>\n\t\t\t\t<section data-particle_enable=\"false\" data-particle-mobile-disabled=\"false\" class=\"elementor-section elementor-top-section elementor-element elementor-element-c6507b8 elementor-section-boxed elementor-section-height-default elementor-section-height-default\" data-id=\"c6507b8\" data-element_type=\"section\" data-e-type=\"section\">\n\t\t\t\t\t\t<div class=\"elementor-container elementor-column-gap-default\">\n\t\t\t\t\t<div class=\"elementor-column elementor-col-100 elementor-top-column elementor-element elementor-element-d4a2e05\" data-id=\"d4a2e05\" data-element_type=\"column\" data-e-type=\"column\">\n\t\t\t<div class=\"elementor-widget-wrap elementor-element-populated\">\n\t\t\t\t\t\t<div class=\"elementor-element elementor-element-00871bb elementor-widget elementor-widget-text-editor\" data-id=\"00871bb\" data-element_type=\"widget\" data-e-type=\"widget\" data-widget_type=\"text-editor.default\">\n\t\t\t\t<div class=\"elementor-widget-container\">\n\t\t\t\t\t\t\t\t\t<p>Interxion, now Digital Reality, the world's leading data centre operator, has turned its attention from shipping to the major challenges of digital technology. The audience was welcomed by <strong>Claire Chadourne<\/strong>Marketing Director at Interxion and<strong> Delphine Nainani<\/strong>Our team, led by our Communications Director, plunged them into another ocean, that of data and the world of Big Data, with its challenges of an unsuspected dimension.<\/p><p>None of the auditors had realised that the value of data had exceeded that of goods. They were impressed by the size and level of security of the installations, by the meteoric growth of this sector and, above all, by the future implications of the digital revolution, the scale of which they had never imagined.<\/p>\t\t\t\t\t\t\t\t<\/div>\n\t\t\t\t<\/div>\n\t\t\t\t\t<\/div>\n\t\t<\/div>\n\t\t\t\t\t<\/div>\n\t\t<\/section>\n\t\t\t\t<section data-particle_enable=\"false\" data-particle-mobile-disabled=\"false\" class=\"elementor-section elementor-top-section elementor-element elementor-element-ba49a6c elementor-section-boxed elementor-section-height-default elementor-section-height-default\" data-id=\"ba49a6c\" data-element_type=\"section\" data-e-type=\"section\">\n\t\t\t\t\t\t<div class=\"elementor-container elementor-column-gap-default\">\n\t\t\t\t\t<div class=\"elementor-column elementor-col-100 elementor-top-column elementor-element elementor-element-e43145d\" data-id=\"e43145d\" data-element_type=\"column\" data-e-type=\"column\">\n\t\t\t<div class=\"elementor-widget-wrap elementor-element-populated\">\n\t\t\t\t\t\t<div class=\"elementor-element elementor-element-4c8a3a2 elementor-widget elementor-widget-gallery\" data-id=\"4c8a3a2\" data-element_type=\"widget\" data-e-type=\"widget\" data-settings=\"{&quot;columns&quot;:2,&quot;gap&quot;:{&quot;unit&quot;:&quot;px&quot;,&quot;size&quot;:5,&quot;sizes&quot;:[]},&quot;overlay_description&quot;:&quot;caption&quot;,&quot;lazyload&quot;:&quot;yes&quot;,&quot;gallery_layout&quot;:&quot;grid&quot;,&quot;columns_tablet&quot;:2,&quot;columns_mobile&quot;:1,&quot;gap_tablet&quot;:{&quot;unit&quot;:&quot;px&quot;,&quot;size&quot;:10,&quot;sizes&quot;:[]},&quot;gap_mobile&quot;:{&quot;unit&quot;:&quot;px&quot;,&quot;size&quot;:10,&quot;sizes&quot;:[]},&quot;link_to&quot;:&quot;file&quot;,&quot;aspect_ratio&quot;:&quot;3:2&quot;,&quot;overlay_background&quot;:&quot;yes&quot;,&quot;content_hover_animation&quot;:&quot;fade-in&quot;}\" data-widget_type=\"gallery.default\">\n\t\t\t\t<div class=\"elementor-widget-container\">\n\t\t\t\t\t\t\t<div class=\"elementor-gallery__container\">\n\t\t\t\t\t\t\t<a class=\"e-gallery-item elementor-gallery-item elementor-animated-content\" href=\"https:\/\/ihedn.fr\/wp-content\/uploads\/2023\/02\/Interxion-1-scaled.jpg\" data-elementor-open-lightbox=\"yes\" data-elementor-lightbox-slideshow=\"4c8a3a2\" data-e-action-hash=\"#elementor-action%3Aaction%3Dlightbox%26settings%3DeyJpZCI6MzQzMTgsInVybCI6Imh0dHBzOlwvXC9paGVkbi5mclwvd3AtY29udGVudFwvdXBsb2Fkc1wvMjAyM1wvMDJcL0ludGVyeGlvbi0xLXNjYWxlZC5qcGciLCJzbGlkZXNob3ciOiI0YzhhM2EyIn0%3D\">\n\t\t\t\t\t<div class=\"e-gallery-image elementor-gallery-item__image\" data-thumbnail=\"https:\/\/ihedn.fr\/wp-content\/uploads\/2023\/02\/Interxion-1-scaled.jpg\" data-width=\"2560\" data-height=\"1416\" aria-label=\"\" role=\"img\" ><\/div>\n\t\t\t\t\t\t\t\t\t\t\t<div class=\"elementor-gallery-item__overlay\"><\/div>\n\t\t\t\t\t\t\t\t\t\t\t\t\t\t\t<div class=\"elementor-gallery-item__content\">\n\t\t\t\t\t\t\t\t\t\t\t\t\t\t<div class=\"elementor-gallery-item__description\">\n\t\t\t\t\t\t\t\t\t\t\t\t\t\t\t\t\t\tClaire Chadourne guides listeners through impressive infrastructures \t\t\t\t\t\t\t\t<\/div>\n\t\t\t\t\t\t\t\t\t\t\t\t<\/div>\n\t\t\t\t\t\t\t\t\t<\/a>\n\t\t\t\t\t\t\t<a class=\"e-gallery-item elementor-gallery-item elementor-animated-content\" href=\"https:\/\/ihedn.fr\/wp-content\/uploads\/2023\/02\/Interxion-2-scaled.jpg\" data-elementor-open-lightbox=\"yes\" data-elementor-lightbox-slideshow=\"4c8a3a2\" data-e-action-hash=\"#elementor-action%3Aaction%3Dlightbox%26settings%3DeyJpZCI6MzQzMTksInVybCI6Imh0dHBzOlwvXC9paGVkbi5mclwvd3AtY29udGVudFwvdXBsb2Fkc1wvMjAyM1wvMDJcL0ludGVyeGlvbi0yLXNjYWxlZC5qcGciLCJzbGlkZXNob3ciOiI0YzhhM2EyIn0%3D\">\n\t\t\t\t\t<div class=\"e-gallery-image elementor-gallery-item__image\" data-thumbnail=\"https:\/\/ihedn.fr\/wp-content\/uploads\/2023\/02\/Interxion-2-scaled.jpg\" data-width=\"2560\" data-height=\"1166\" aria-label=\"\" role=\"img\" ><\/div>\n\t\t\t\t\t\t\t\t\t\t\t<div class=\"elementor-gallery-item__overlay\"><\/div>\n\t\t\t\t\t\t\t\t\t\t\t\t\t\t\t<div class=\"elementor-gallery-item__content\">\n\t\t\t\t\t\t\t\t\t\t\t\t\t\t<div class=\"elementor-gallery-item__description\">\n\t\t\t\t\t\t\t\t\t\t\t\t\t\t\t\t\t\tListeners were particularly attentive to Claire Chadourne's explanations. \t\t\t\t\t\t\t\t<\/div>\n\t\t\t\t\t\t\t\t\t\t\t\t<\/div>\n\t\t\t\t\t\t\t\t\t<\/a>\n\t\t\t\t\t<\/div>\n\t\t\t\t\t<\/div>\n\t\t\t\t<\/div>\n\t\t\t\t\t<\/div>\n\t\t<\/div>\n\t\t\t\t\t<\/div>\n\t\t<\/section>\n\t\t\t\t<section data-particle_enable=\"false\" data-particle-mobile-disabled=\"false\" class=\"elementor-section elementor-top-section elementor-element elementor-element-1e57f85 elementor-section-boxed elementor-section-height-default elementor-section-height-default\" data-id=\"1e57f85\" data-element_type=\"section\" data-e-type=\"section\">\n\t\t\t\t\t\t<div class=\"elementor-container elementor-column-gap-default\">\n\t\t\t\t\t<div class=\"elementor-column elementor-col-100 elementor-top-column elementor-element elementor-element-40637bb\" data-id=\"40637bb\" data-element_type=\"column\" data-e-type=\"column\">\n\t\t\t<div class=\"elementor-widget-wrap elementor-element-populated\">\n\t\t\t\t\t\t<div class=\"elementor-element elementor-element-f753152 elementor-widget elementor-widget-text-editor\" data-id=\"f753152\" data-element_type=\"widget\" data-e-type=\"widget\" data-widget_type=\"text-editor.default\">\n\t\t\t\t<div class=\"elementor-widget-container\">\n\t\t\t\t\t\t\t\t\t<p>On their return to Toulon late in the evening, the listeners quickly threw themselves into the arms of Morpheus to be in good shape for the following day, which promised to be just as busy as the one they had just experienced.<\/p><p>After a quick breakfast on Saturday morning, listeners were welcomed to the Salon Cl\u00e9menceau in the town hall by <strong>Yannick Chenevard<\/strong>Deputy Mayor and Member of Parliament for the Var, who is also the French National Assembly's rapporteur for the Navy budget. They discovered the potential for economic development offered by one of Europe's most beautiful harbours and France's leading region in terms of maritime employment. But above all, they were able to appreciate the impressive support for the blue economy provided by this region and the Toulon-Provence-M\u00e9diterran\u00e9e (TPM) urban community, particularly in the area of human resources, to provide the maritime industries with the talent they need.<\/p>\t\t\t\t\t\t\t\t<\/div>\n\t\t\t\t<\/div>\n\t\t\t\t\t<\/div>\n\t\t<\/div>\n\t\t\t\t\t<\/div>\n\t\t<\/section>\n\t\t\t\t<section data-particle_enable=\"false\" data-particle-mobile-disabled=\"false\" class=\"elementor-section elementor-top-section elementor-element elementor-element-2a5a109 elementor-section-boxed elementor-section-height-default elementor-section-height-default\" data-id=\"2a5a109\" data-element_type=\"section\" data-e-type=\"section\">\n\t\t\t\t\t\t<div class=\"elementor-container elementor-column-gap-default\">\n\t\t\t\t\t<div class=\"elementor-column elementor-col-100 elementor-top-column elementor-element elementor-element-5651964\" data-id=\"5651964\" data-element_type=\"column\" data-e-type=\"column\">\n\t\t\t<div class=\"elementor-widget-wrap elementor-element-populated\">\n\t\t\t\t\t\t<div class=\"elementor-element elementor-element-2cdf8c7 elementor-widget elementor-widget-image\" data-id=\"2cdf8c7\" data-element_type=\"widget\" data-e-type=\"widget\" data-widget_type=\"image.default\">\n\t\t\t\t<div class=\"elementor-widget-container\">\n\t\t\t\t\t\t\t\t\t\t\t\t<figure class=\"wp-caption\">\n\t\t\t\t\t\t\t\t\t\t<img loading=\"lazy\" decoding=\"async\" width=\"800\" height=\"738\" src=\"https:\/\/ihedn.fr\/wp-content\/uploads\/2023\/02\/Yannick-1024x945.jpg\" class=\"attachment-large size-large wp-image-34325\" alt=\"Yannick Chenevard expliquant les atouts maritimes de la m\u00e9tropole Toulon-Provence-M\u00e9diterran\u00e9e\" \/>\t\t\t\t\t\t\t\t\t\t\t<figcaption class=\"widget-image-caption wp-caption-text\">Yannick Chenevard explaining the maritime assets of the Toulon-Provence-M\u00e9diterran\u00e9e metropolitan area<\/figcaption>\n\t\t\t\t\t\t\t\t\t\t<\/figure>\n\t\t\t\t\t\t\t\t\t<\/div>\n\t\t\t\t<\/div>\n\t\t\t\t\t<\/div>\n\t\t<\/div>\n\t\t\t\t\t<\/div>\n\t\t<\/section>\n\t\t\t\t<section data-particle_enable=\"false\" data-particle-mobile-disabled=\"false\" class=\"elementor-section elementor-top-section elementor-element elementor-element-6ae8af5 elementor-section-boxed elementor-section-height-default elementor-section-height-default\" data-id=\"6ae8af5\" data-element_type=\"section\" data-e-type=\"section\">\n\t\t\t\t\t\t<div class=\"elementor-container elementor-column-gap-default\">\n\t\t\t\t\t<div class=\"elementor-column elementor-col-100 elementor-top-column elementor-element elementor-element-e13d455\" data-id=\"e13d455\" data-element_type=\"column\" data-e-type=\"column\">\n\t\t\t<div class=\"elementor-widget-wrap elementor-element-populated\">\n\t\t\t\t\t\t<div class=\"elementor-element elementor-element-f5ed41b elementor-widget elementor-widget-text-editor\" data-id=\"f5ed41b\" data-element_type=\"widget\" data-e-type=\"widget\" data-widget_type=\"text-editor.default\">\n\t\t\t\t<div class=\"elementor-widget-container\">\n\t\t\t\t\t\t\t\t\t<p>The theory was quickly put into practice with a trip around the harbour in glorious sunshine and calm seas. The audience was surprised by an unannounced check by the Gendarmerie Maritime, followed by a dynamic demonstration of the team's intervention capabilities at sea, with Lucky the dog and his handler being hauled in to investigate suspicious luggage and to forcibly restrain a dangerous individual.<\/p>\t\t\t\t\t\t\t\t<\/div>\n\t\t\t\t<\/div>\n\t\t\t\t\t<\/div>\n\t\t<\/div>\n\t\t\t\t\t<\/div>\n\t\t<\/section>\n\t\t\t\t<section data-particle_enable=\"false\" data-particle-mobile-disabled=\"false\" class=\"elementor-section elementor-top-section elementor-element elementor-element-de04720 elementor-section-boxed elementor-section-height-default elementor-section-height-default\" data-id=\"de04720\" data-element_type=\"section\" data-e-type=\"section\">\n\t\t\t\t\t\t<div class=\"elementor-container elementor-column-gap-default\">\n\t\t\t\t\t<div class=\"elementor-column elementor-col-100 elementor-top-column elementor-element elementor-element-3802666\" data-id=\"3802666\" data-element_type=\"column\" data-e-type=\"column\">\n\t\t\t<div class=\"elementor-widget-wrap elementor-element-populated\">\n\t\t\t\t\t\t<div class=\"elementor-element elementor-element-6c658c3 elementor-widget elementor-widget-gallery\" data-id=\"6c658c3\" data-element_type=\"widget\" data-e-type=\"widget\" data-settings=\"{&quot;columns&quot;:3,&quot;gap&quot;:{&quot;unit&quot;:&quot;px&quot;,&quot;size&quot;:7,&quot;sizes&quot;:[]},&quot;overlay_title&quot;:&quot;caption&quot;,&quot;lazyload&quot;:&quot;yes&quot;,&quot;gallery_layout&quot;:&quot;grid&quot;,&quot;columns_tablet&quot;:2,&quot;columns_mobile&quot;:1,&quot;gap_tablet&quot;:{&quot;unit&quot;:&quot;px&quot;,&quot;size&quot;:10,&quot;sizes&quot;:[]},&quot;gap_mobile&quot;:{&quot;unit&quot;:&quot;px&quot;,&quot;size&quot;:10,&quot;sizes&quot;:[]},&quot;link_to&quot;:&quot;file&quot;,&quot;aspect_ratio&quot;:&quot;3:2&quot;,&quot;overlay_background&quot;:&quot;yes&quot;,&quot;content_hover_animation&quot;:&quot;fade-in&quot;}\" data-widget_type=\"gallery.default\">\n\t\t\t\t<div class=\"elementor-widget-container\">\n\t\t\t\t\t\t\t<div class=\"elementor-gallery__container\">\n\t\t\t\t\t\t\t<a class=\"e-gallery-item elementor-gallery-item elementor-animated-content\" href=\"https:\/\/ihedn.fr\/wp-content\/uploads\/2023\/02\/1-1.jpg\" data-elementor-open-lightbox=\"yes\" data-elementor-lightbox-slideshow=\"6c658c3\" data-elementor-lightbox-description=\"Accostage en mer de la gendarmerie maritime \" data-e-action-hash=\"#elementor-action%3Aaction%3Dlightbox%26settings%3DeyJpZCI6MzQyOTQsInVybCI6Imh0dHBzOlwvXC9paGVkbi5mclwvd3AtY29udGVudFwvdXBsb2Fkc1wvMjAyM1wvMDJcLzEtMS5qcGciLCJzbGlkZXNob3ciOiI2YzY1OGMzIn0%3D\">\n\t\t\t\t\t<div class=\"e-gallery-image elementor-gallery-item__image\" data-thumbnail=\"https:\/\/ihedn.fr\/wp-content\/uploads\/2023\/02\/1-1.jpg\" data-width=\"1500\" data-height=\"2000\" aria-label=\"Maritime Gendarmerie docking at sea\" role=\"img\" ><\/div>\n\t\t\t\t\t\t\t\t\t\t\t<div class=\"elementor-gallery-item__overlay\"><\/div>\n\t\t\t\t\t\t\t\t\t\t\t\t\t\t\t<div class=\"elementor-gallery-item__content\">\n\t\t\t\t\t\t\t\t\t\t\t\t\t\t<div class=\"elementor-gallery-item__title\">\n\t\t\t\t\t\t\t\t\t\t\t\t\t\t\t\t\t\tMaritime Gendarmerie docking at sea \t\t\t\t\t\t\t\t<\/div>\n\t\t\t\t\t\t\t\t\t\t\t\t<\/div>\n\t\t\t\t\t\t\t\t\t<\/a>\n\t\t\t\t\t\t\t<a class=\"e-gallery-item elementor-gallery-item elementor-animated-content\" href=\"https:\/\/ihedn.fr\/wp-content\/uploads\/2023\/02\/Gendarme12.jpg\" data-elementor-open-lightbox=\"yes\" data-elementor-lightbox-slideshow=\"6c658c3\" data-elementor-lightbox-description=\"H\u00e9litreuillage de Lucky et de son ma\u00eetre\" data-e-action-hash=\"#elementor-action%3Aaction%3Dlightbox%26settings%3DeyJpZCI6MzQzMTcsInVybCI6Imh0dHBzOlwvXC9paGVkbi5mclwvd3AtY29udGVudFwvdXBsb2Fkc1wvMjAyM1wvMDJcL0dlbmRhcm1lMTIuanBnIiwic2xpZGVzaG93IjoiNmM2NThjMyJ9\">\n\t\t\t\t\t<div class=\"e-gallery-image elementor-gallery-item__image\" data-thumbnail=\"https:\/\/ihedn.fr\/wp-content\/uploads\/2023\/02\/Gendarme12.jpg\" data-width=\"376\" data-height=\"278\" aria-label=\"Lucky and his master winched out of the water\" role=\"img\" ><\/div>\n\t\t\t\t\t\t\t\t\t\t\t<div class=\"elementor-gallery-item__overlay\"><\/div>\n\t\t\t\t\t\t\t\t\t\t\t\t\t\t\t<div class=\"elementor-gallery-item__content\">\n\t\t\t\t\t\t\t\t\t\t\t\t\t\t<div class=\"elementor-gallery-item__title\">\n\t\t\t\t\t\t\t\t\t\t\t\t\t\t\t\t\t\tLucky and his master winched out of the water\t\t\t\t\t\t\t\t<\/div>\n\t\t\t\t\t\t\t\t\t\t\t\t<\/div>\n\t\t\t\t\t\t\t\t\t<\/a>\n\t\t\t\t\t\t\t<a class=\"e-gallery-item elementor-gallery-item elementor-animated-content\" href=\"https:\/\/ihedn.fr\/wp-content\/uploads\/2023\/02\/Gendarme3-scaled.jpg\" data-elementor-open-lightbox=\"yes\" data-elementor-lightbox-slideshow=\"6c658c3\" data-elementor-lightbox-description=\"Lucky en investigation d\u2019un bagage suspect \" data-e-action-hash=\"#elementor-action%3Aaction%3Dlightbox%26settings%3DeyJpZCI6MzQzMTUsInVybCI6Imh0dHBzOlwvXC9paGVkbi5mclwvd3AtY29udGVudFwvdXBsb2Fkc1wvMjAyM1wvMDJcL0dlbmRhcm1lMy1zY2FsZWQuanBnIiwic2xpZGVzaG93IjoiNmM2NThjMyJ9\">\n\t\t\t\t\t<div class=\"e-gallery-image elementor-gallery-item__image\" data-thumbnail=\"https:\/\/ihedn.fr\/wp-content\/uploads\/2023\/02\/Gendarme3-scaled.jpg\" data-width=\"2369\" data-height=\"2560\" aria-label=\"Lucky investigating suspicious luggage\" role=\"img\" ><\/div>\n\t\t\t\t\t\t\t\t\t\t\t<div class=\"elementor-gallery-item__overlay\"><\/div>\n\t\t\t\t\t\t\t\t\t\t\t\t\t\t\t<div class=\"elementor-gallery-item__content\">\n\t\t\t\t\t\t\t\t\t\t\t\t\t\t<div class=\"elementor-gallery-item__title\">\n\t\t\t\t\t\t\t\t\t\t\t\t\t\t\t\t\t\tLucky investigating suspicious luggage \t\t\t\t\t\t\t\t<\/div>\n\t\t\t\t\t\t\t\t\t\t\t\t<\/div>\n\t\t\t\t\t\t\t\t\t<\/a>\n\t\t\t\t\t\t\t<a class=\"e-gallery-item elementor-gallery-item elementor-animated-content\" href=\"https:\/\/ihedn.fr\/wp-content\/uploads\/2023\/02\/Gendarme-15-scaled.jpg\" data-elementor-open-lightbox=\"yes\" data-elementor-lightbox-slideshow=\"6c658c3\" data-elementor-lightbox-description=\"D\u00e9sarmement et interpellation muscl\u00e9e d\u2019un individu dangereux \" data-e-action-hash=\"#elementor-action%3Aaction%3Dlightbox%26settings%3DeyJpZCI6MzQzMTIsInVybCI6Imh0dHBzOlwvXC9paGVkbi5mclwvd3AtY29udGVudFwvdXBsb2Fkc1wvMjAyM1wvMDJcL0dlbmRhcm1lLTE1LXNjYWxlZC5qcGciLCJzbGlkZXNob3ciOiI2YzY1OGMzIn0%3D\">\n\t\t\t\t\t<div class=\"e-gallery-image elementor-gallery-item__image\" data-thumbnail=\"https:\/\/ihedn.fr\/wp-content\/uploads\/2023\/02\/Gendarme-15-scaled.jpg\" data-width=\"2560\" data-height=\"1605\" aria-label=\"Disarming and forceful arrest of a dangerous individual\" role=\"img\" ><\/div>\n\t\t\t\t\t\t\t\t\t\t\t<div class=\"elementor-gallery-item__overlay\"><\/div>\n\t\t\t\t\t\t\t\t\t\t\t\t\t\t\t<div class=\"elementor-gallery-item__content\">\n\t\t\t\t\t\t\t\t\t\t\t\t\t\t<div class=\"elementor-gallery-item__title\">\n\t\t\t\t\t\t\t\t\t\t\t\t\t\t\t\t\t\tDisarming and forceful arrest of a dangerous individual \t\t\t\t\t\t\t\t<\/div>\n\t\t\t\t\t\t\t\t\t\t\t\t<\/div>\n\t\t\t\t\t\t\t\t\t<\/a>\n\t\t\t\t\t\t\t<a class=\"e-gallery-item elementor-gallery-item elementor-animated-content\" href=\"https:\/\/ihedn.fr\/wp-content\/uploads\/2023\/02\/Gendarme5-scaled.jpg\" data-elementor-open-lightbox=\"yes\" data-elementor-lightbox-slideshow=\"6c658c3\" data-elementor-lightbox-description=\"Lucky et son ma\u00eetre entour\u00e9 par des auditeurs conquis \" data-e-action-hash=\"#elementor-action%3Aaction%3Dlightbox%26settings%3DeyJpZCI6MzQzMTYsInVybCI6Imh0dHBzOlwvXC9paGVkbi5mclwvd3AtY29udGVudFwvdXBsb2Fkc1wvMjAyM1wvMDJcL0dlbmRhcm1lNS1zY2FsZWQuanBnIiwic2xpZGVzaG93IjoiNmM2NThjMyJ9\">\n\t\t\t\t\t<div class=\"e-gallery-image elementor-gallery-item__image\" data-thumbnail=\"https:\/\/ihedn.fr\/wp-content\/uploads\/2023\/02\/Gendarme5-scaled.jpg\" data-width=\"2426\" data-height=\"2560\" aria-label=\"Lucky and his master surrounded by delighted listeners\" role=\"img\" ><\/div>\n\t\t\t\t\t\t\t\t\t\t\t<div class=\"elementor-gallery-item__overlay\"><\/div>\n\t\t\t\t\t\t\t\t\t\t\t\t\t\t\t<div class=\"elementor-gallery-item__content\">\n\t\t\t\t\t\t\t\t\t\t\t\t\t\t<div class=\"elementor-gallery-item__title\">\n\t\t\t\t\t\t\t\t\t\t\t\t\t\t\t\t\t\tLucky and his master surrounded by delighted listeners \t\t\t\t\t\t\t\t<\/div>\n\t\t\t\t\t\t\t\t\t\t\t\t<\/div>\n\t\t\t\t\t\t\t\t\t<\/a>\n\t\t\t\t\t<\/div>\n\t\t\t\t\t<\/div>\n\t\t\t\t<\/div>\n\t\t\t\t\t<\/div>\n\t\t<\/div>\n\t\t\t\t\t<\/div>\n\t\t<\/section>\n\t\t\t\t<section data-particle_enable=\"false\" data-particle-mobile-disabled=\"false\" class=\"elementor-section elementor-top-section elementor-element elementor-element-98cbe47 elementor-section-boxed elementor-section-height-default elementor-section-height-default\" data-id=\"98cbe47\" data-element_type=\"section\" data-e-type=\"section\">\n\t\t\t\t\t\t<div class=\"elementor-container elementor-column-gap-default\">\n\t\t\t\t\t<div class=\"elementor-column elementor-col-100 elementor-top-column elementor-element elementor-element-842adfc\" data-id=\"842adfc\" data-element_type=\"column\" data-e-type=\"column\">\n\t\t\t<div class=\"elementor-widget-wrap elementor-element-populated\">\n\t\t\t\t\t\t<div class=\"elementor-element elementor-element-65fa972 elementor-widget elementor-widget-text-editor\" data-id=\"65fa972\" data-element_type=\"widget\" data-e-type=\"widget\" data-widget_type=\"text-editor.default\">\n\t\t\t\t<div class=\"elementor-widget-container\">\n\t\t\t\t\t\t\t\t\t<p>After this impressive demonstration, the audience docked at the Orange Marine dock, where they were welcomed by <strong>Cyril Defais<\/strong>Director of the Orange Marine site at La Seyne sur Mer. Thanks to his remarkable presentation and the fascinating debates that followed, listeners now know all about the major challenges of submarine cables, which account for more than 99 % of the world's Internet communications, and the high level of expertise and technical skills of the French industry in this strategic field.<\/p>\t\t\t\t\t\t\t\t<\/div>\n\t\t\t\t<\/div>\n\t\t\t\t\t<\/div>\n\t\t<\/div>\n\t\t\t\t\t<\/div>\n\t\t<\/section>\n\t\t\t\t<section data-particle_enable=\"false\" data-particle-mobile-disabled=\"false\" class=\"elementor-section elementor-top-section elementor-element elementor-element-4f8eec9 elementor-section-boxed elementor-section-height-default elementor-section-height-default\" data-id=\"4f8eec9\" data-element_type=\"section\" data-e-type=\"section\">\n\t\t\t\t\t\t<div class=\"elementor-container elementor-column-gap-default\">\n\t\t\t\t\t<div class=\"elementor-column elementor-col-100 elementor-top-column elementor-element elementor-element-527faaf\" data-id=\"527faaf\" data-element_type=\"column\" data-e-type=\"column\">\n\t\t\t<div class=\"elementor-widget-wrap elementor-element-populated\">\n\t\t\t\t\t\t<div class=\"elementor-element elementor-element-bea9136 elementor-widget elementor-widget-gallery\" data-id=\"bea9136\" data-element_type=\"widget\" data-e-type=\"widget\" data-settings=\"{&quot;columns&quot;:3,&quot;gap&quot;:{&quot;unit&quot;:&quot;px&quot;,&quot;size&quot;:7,&quot;sizes&quot;:[]},&quot;overlay_title&quot;:&quot;caption&quot;,&quot;lazyload&quot;:&quot;yes&quot;,&quot;gallery_layout&quot;:&quot;grid&quot;,&quot;columns_tablet&quot;:2,&quot;columns_mobile&quot;:1,&quot;gap_tablet&quot;:{&quot;unit&quot;:&quot;px&quot;,&quot;size&quot;:10,&quot;sizes&quot;:[]},&quot;gap_mobile&quot;:{&quot;unit&quot;:&quot;px&quot;,&quot;size&quot;:10,&quot;sizes&quot;:[]},&quot;link_to&quot;:&quot;file&quot;,&quot;aspect_ratio&quot;:&quot;3:2&quot;,&quot;overlay_background&quot;:&quot;yes&quot;,&quot;content_hover_animation&quot;:&quot;fade-in&quot;}\" data-widget_type=\"gallery.default\">\n\t\t\t\t<div class=\"elementor-widget-container\">\n\t\t\t\t\t\t\t<div class=\"elementor-gallery__container\">\n\t\t\t\t\t\t\t<a class=\"e-gallery-item elementor-gallery-item elementor-animated-content\" href=\"https:\/\/ihedn.fr\/wp-content\/uploads\/2023\/02\/Orange-Marine.jpg\" data-elementor-open-lightbox=\"yes\" data-elementor-lightbox-slideshow=\"bea9136\" data-elementor-lightbox-description=\"Cyril Defais r\u00e9pondant au flot de questions des auditeurs\" data-e-action-hash=\"#elementor-action%3Aaction%3Dlightbox%26settings%3DeyJpZCI6MzQzMjIsInVybCI6Imh0dHBzOlwvXC9paGVkbi5mclwvd3AtY29udGVudFwvdXBsb2Fkc1wvMjAyM1wvMDJcL09yYW5nZS1NYXJpbmUuanBnIiwic2xpZGVzaG93IjoiYmVhOTEzNiJ9\">\n\t\t\t\t\t<div class=\"e-gallery-image elementor-gallery-item__image\" data-thumbnail=\"https:\/\/ihedn.fr\/wp-content\/uploads\/2023\/02\/Orange-Marine.jpg\" data-width=\"765\" data-height=\"567\" aria-label=\"Cyril Defais answering the flood of questions from listeners\" role=\"img\" ><\/div>\n\t\t\t\t\t\t\t\t\t\t\t<div class=\"elementor-gallery-item__overlay\"><\/div>\n\t\t\t\t\t\t\t\t\t\t\t\t\t\t\t<div class=\"elementor-gallery-item__content\">\n\t\t\t\t\t\t\t\t\t\t\t\t\t\t<div class=\"elementor-gallery-item__title\">\n\t\t\t\t\t\t\t\t\t\t\t\t\t\t\t\t\t\tCyril Defais answering the flood of questions from listeners\t\t\t\t\t\t\t\t<\/div>\n\t\t\t\t\t\t\t\t\t\t\t\t<\/div>\n\t\t\t\t\t\t\t\t\t<\/a>\n\t\t\t\t\t\t\t<a class=\"e-gallery-item elementor-gallery-item elementor-animated-content\" href=\"https:\/\/ihedn.fr\/wp-content\/uploads\/2023\/02\/Orange-2.jpg\" data-elementor-open-lightbox=\"yes\" data-elementor-lightbox-slideshow=\"bea9136\" data-elementor-lightbox-description=\"Visite des impressionnantes installations de stockage des c\u00e2bles \" data-e-action-hash=\"#elementor-action%3Aaction%3Dlightbox%26settings%3DeyJpZCI6MzQzMjAsInVybCI6Imh0dHBzOlwvXC9paGVkbi5mclwvd3AtY29udGVudFwvdXBsb2Fkc1wvMjAyM1wvMDJcL09yYW5nZS0yLmpwZyIsInNsaWRlc2hvdyI6ImJlYTkxMzYifQ%3D%3D\">\n\t\t\t\t\t<div class=\"e-gallery-image elementor-gallery-item__image\" data-thumbnail=\"https:\/\/ihedn.fr\/wp-content\/uploads\/2023\/02\/Orange-2.jpg\" data-width=\"1033\" data-height=\"593\" aria-label=\"Visit the impressive cable storage facilities\" role=\"img\" ><\/div>\n\t\t\t\t\t\t\t\t\t\t\t<div class=\"elementor-gallery-item__overlay\"><\/div>\n\t\t\t\t\t\t\t\t\t\t\t\t\t\t\t<div class=\"elementor-gallery-item__content\">\n\t\t\t\t\t\t\t\t\t\t\t\t\t\t<div class=\"elementor-gallery-item__title\">\n\t\t\t\t\t\t\t\t\t\t\t\t\t\t\t\t\t\tVisit the impressive cable storage facilities \t\t\t\t\t\t\t\t<\/div>\n\t\t\t\t\t\t\t\t\t\t\t\t<\/div>\n\t\t\t\t\t\t\t\t\t<\/a>\n\t\t\t\t\t\t\t<a class=\"e-gallery-item elementor-gallery-item elementor-animated-content\" href=\"https:\/\/ihedn.fr\/wp-content\/uploads\/2023\/02\/Orange-Cables-scaled.jpg\" data-elementor-open-lightbox=\"yes\" data-elementor-lightbox-slideshow=\"bea9136\" data-elementor-lightbox-description=\"Dans l\u2019atelier de fonctionnement des c\u00e2bles sous-marins\" data-e-action-hash=\"#elementor-action%3Aaction%3Dlightbox%26settings%3DeyJpZCI6MzQzMjEsInVybCI6Imh0dHBzOlwvXC9paGVkbi5mclwvd3AtY29udGVudFwvdXBsb2Fkc1wvMjAyM1wvMDJcL09yYW5nZS1DYWJsZXMtc2NhbGVkLmpwZyIsInNsaWRlc2hvdyI6ImJlYTkxMzYifQ%3D%3D\">\n\t\t\t\t\t<div class=\"e-gallery-image elementor-gallery-item__image\" data-thumbnail=\"https:\/\/ihedn.fr\/wp-content\/uploads\/2023\/02\/Orange-Cables-scaled.jpg\" data-width=\"2560\" data-height=\"1276\" aria-label=\"In the submarine cable workshop\" role=\"img\" ><\/div>\n\t\t\t\t\t\t\t\t\t\t\t<div class=\"elementor-gallery-item__overlay\"><\/div>\n\t\t\t\t\t\t\t\t\t\t\t\t\t\t\t<div class=\"elementor-gallery-item__content\">\n\t\t\t\t\t\t\t\t\t\t\t\t\t\t<div class=\"elementor-gallery-item__title\">\n\t\t\t\t\t\t\t\t\t\t\t\t\t\t\t\t\t\tIn the submarine cable workshop\t\t\t\t\t\t\t\t<\/div>\n\t\t\t\t\t\t\t\t\t\t\t\t<\/div>\n\t\t\t\t\t\t\t\t\t<\/a>\n\t\t\t\t\t<\/div>\n\t\t\t\t\t<\/div>\n\t\t\t\t<\/div>\n\t\t\t\t\t<\/div>\n\t\t<\/div>\n\t\t\t\t\t<\/div>\n\t\t<\/section>\n\t\t\t\t<section data-particle_enable=\"false\" data-particle-mobile-disabled=\"false\" class=\"elementor-section elementor-top-section elementor-element elementor-element-7a0d37f elementor-section-boxed elementor-section-height-default elementor-section-height-default\" data-id=\"7a0d37f\" data-element_type=\"section\" data-e-type=\"section\">\n\t\t\t\t\t\t<div class=\"elementor-container elementor-column-gap-default\">\n\t\t\t\t\t<div class=\"elementor-column elementor-col-100 elementor-top-column elementor-element elementor-element-06f9b7b\" data-id=\"06f9b7b\" data-element_type=\"column\" data-e-type=\"column\">\n\t\t\t<div class=\"elementor-widget-wrap elementor-element-populated\">\n\t\t\t\t\t\t<div class=\"elementor-element elementor-element-2827173 elementor-widget elementor-widget-text-editor\" data-id=\"2827173\" data-element_type=\"widget\" data-e-type=\"widget\" data-widget_type=\"text-editor.default\">\n\t\t\t\t<div class=\"elementor-widget-container\">\n\t\t\t\t\t\t\t\t\t<p>With Nicolas Aubry, his commanding officer, listeners also had the chance to visit the cable yard. <strong>Raymond Croze<\/strong> for a possible cable repair in the Mediterranean. They were surprised to discover that some age-old techniques could be used alongside the most modern technologies.\u00a0\u00a0<\/p>\t\t\t\t\t\t\t\t<\/div>\n\t\t\t\t<\/div>\n\t\t\t\t\t<\/div>\n\t\t<\/div>\n\t\t\t\t\t<\/div>\n\t\t<\/section>\n\t\t\t\t<section data-particle_enable=\"false\" data-particle-mobile-disabled=\"false\" class=\"elementor-section elementor-top-section elementor-element elementor-element-ad334e4 elementor-section-boxed elementor-section-height-default elementor-section-height-default\" data-id=\"ad334e4\" data-element_type=\"section\" data-e-type=\"section\">\n\t\t\t\t\t\t<div class=\"elementor-container elementor-column-gap-default\">\n\t\t\t\t\t<div class=\"elementor-column elementor-col-100 elementor-top-column elementor-element elementor-element-0552513\" data-id=\"0552513\" data-element_type=\"column\" data-e-type=\"column\">\n\t\t\t<div class=\"elementor-widget-wrap elementor-element-populated\">\n\t\t\t\t\t\t<div class=\"elementor-element elementor-element-66895f4 elementor-widget elementor-widget-image\" data-id=\"66895f4\" data-element_type=\"widget\" data-e-type=\"widget\" data-widget_type=\"image.default\">\n\t\t\t\t<div class=\"elementor-widget-container\">\n\t\t\t\t\t\t\t\t\t\t\t\t<figure class=\"wp-caption\">\n\t\t\t\t\t\t\t\t\t\t<img loading=\"lazy\" decoding=\"async\" width=\"1311\" height=\"903\" src=\"https:\/\/ihedn.fr\/wp-content\/uploads\/2023\/02\/Raymond-Croze.jpg\" class=\"attachment-full size-full wp-image-34323\" alt=\"Les auditeurs autour de Nicolas Aubry devant le c\u00e2blier Raymond Croze d\u2019Orange-Marine\" \/>\t\t\t\t\t\t\t\t\t\t\t<figcaption class=\"widget-image-caption wp-caption-text\">Listeners with Nicolas Aubry in front of Orange-Marine's Raymond Croze cable ship<\/figcaption>\n\t\t\t\t\t\t\t\t\t\t<\/figure>\n\t\t\t\t\t\t\t\t\t<\/div>\n\t\t\t\t<\/div>\n\t\t\t\t\t<\/div>\n\t\t<\/div>\n\t\t\t\t\t<\/div>\n\t\t<\/section>\n\t\t\t\t<section data-particle_enable=\"false\" data-particle-mobile-disabled=\"false\" class=\"elementor-section elementor-top-section elementor-element elementor-element-d61ac71 elementor-section-boxed elementor-section-height-default elementor-section-height-default\" data-id=\"d61ac71\" data-element_type=\"section\" data-e-type=\"section\">\n\t\t\t\t\t\t<div class=\"elementor-container elementor-column-gap-default\">\n\t\t\t\t\t<div class=\"elementor-column elementor-col-100 elementor-top-column elementor-element elementor-element-aa8c16c\" data-id=\"aa8c16c\" data-element_type=\"column\" data-e-type=\"column\">\n\t\t\t<div class=\"elementor-widget-wrap elementor-element-populated\">\n\t\t\t\t\t\t<div class=\"elementor-element elementor-element-e107aaf elementor-widget elementor-widget-text-editor\" data-id=\"e107aaf\" data-element_type=\"widget\" data-e-type=\"widget\" data-widget_type=\"text-editor.default\">\n\t\t\t\t<div class=\"elementor-widget-container\">\n\t\t\t\t\t\t\t\t\t<p>After lunch at Orange Marine, Saturday afternoon was devoted to the presentation of the auditors' work in committees, in the work rooms provided by Orange Marine. This was an opportunity for the auditors to give an interim review of their work to the session supervisors, first and foremost among whom were <strong>Guillaume Lasconjarias<\/strong>Head of the Studies and Research Department at the IHEDN, who accompanied the auditors throughout their seminar.<\/p>\t\t\t\t\t\t\t\t<\/div>\n\t\t\t\t<\/div>\n\t\t\t\t\t<\/div>\n\t\t<\/div>\n\t\t\t\t\t<\/div>\n\t\t<\/section>\n\t\t\t\t<section data-particle_enable=\"false\" data-particle-mobile-disabled=\"false\" class=\"elementor-section elementor-top-section elementor-element elementor-element-60757a9 elementor-section-boxed elementor-section-height-default elementor-section-height-default\" data-id=\"60757a9\" data-element_type=\"section\" data-e-type=\"section\">\n\t\t\t\t\t\t<div class=\"elementor-container elementor-column-gap-default\">\n\t\t\t\t\t<div class=\"elementor-column elementor-col-100 elementor-top-column elementor-element elementor-element-9ee4f39\" data-id=\"9ee4f39\" data-element_type=\"column\" data-e-type=\"column\">\n\t\t\t<div class=\"elementor-widget-wrap elementor-element-populated\">\n\t\t\t\t\t\t<div class=\"elementor-element elementor-element-c511150 elementor-widget elementor-widget-image\" data-id=\"c511150\" data-element_type=\"widget\" data-e-type=\"widget\" data-widget_type=\"image.default\">\n\t\t\t\t<div class=\"elementor-widget-container\">\n\t\t\t\t\t\t\t\t\t\t\t\t<figure class=\"wp-caption\">\n\t\t\t\t\t\t\t\t\t\t<img loading=\"lazy\" decoding=\"async\" width=\"1521\" height=\"683\" src=\"https:\/\/ihedn.fr\/wp-content\/uploads\/2023\/02\/DER.jpg\" class=\"attachment-full size-full wp-image-34284\" alt=\"Les auditeurs particuli\u00e8rement attentifs aux observations de Guillaume Lasconjarias\" \/>\t\t\t\t\t\t\t\t\t\t\t<figcaption class=\"widget-image-caption wp-caption-text\">The audience paid particular attention to Guillaume Lasconjarias' observations<\/figcaption>\n\t\t\t\t\t\t\t\t\t\t<\/figure>\n\t\t\t\t\t\t\t\t\t<\/div>\n\t\t\t\t<\/div>\n\t\t\t\t\t<\/div>\n\t\t<\/div>\n\t\t\t\t\t<\/div>\n\t\t<\/section>\n\t\t\t\t<section data-particle_enable=\"false\" data-particle-mobile-disabled=\"false\" class=\"elementor-section elementor-top-section elementor-element elementor-element-d27b0ce elementor-section-boxed elementor-section-height-default elementor-section-height-default\" data-id=\"d27b0ce\" data-element_type=\"section\" data-e-type=\"section\">\n\t\t\t\t\t\t<div class=\"elementor-container elementor-column-gap-default\">\n\t\t\t\t\t<div class=\"elementor-column elementor-col-100 elementor-top-column elementor-element elementor-element-626236f\" data-id=\"626236f\" data-element_type=\"column\" data-e-type=\"column\">\n\t\t\t<div class=\"elementor-widget-wrap elementor-element-populated\">\n\t\t\t\t\t\t<div class=\"elementor-element elementor-element-c03c8aa elementor-widget elementor-widget-text-editor\" data-id=\"c03c8aa\" data-element_type=\"widget\" data-e-type=\"widget\" data-widget_type=\"text-editor.default\">\n\t\t\t\t<div class=\"elementor-widget-container\">\n\t\t\t\t\t\t\t\t\t<p>After two very busy days, during which they were able to take a very practical look at many of the strategic issues facing the maritime world, it was with a little tiredness but happiness that the listeners returned to their rooms to finish off a weekend that was already well under way.<\/p>\t\t\t\t\t\t\t\t<\/div>\n\t\t\t\t<\/div>\n\t\t\t\t\t<\/div>\n\t\t<\/div>\n\t\t\t\t\t<\/div>\n\t\t<\/section>\n\t\t\t\t<\/div>","protected":false},"excerpt":{"rendered":"<p>After the opening of the 4th strategy module on the new challenges in the Foch amphitheatre of the \u00c9cole militaire by Lieutenant General Beno\u00eet Durieux, Director of the IHEDN, the listeners were plunged into the fight against information and debated with three high-level personalities involved in this new field of combat: General Aymeric de Bonnemaison (COMCYBER), Gabriel FERRIOL (VIGINUM) and Charles THEPAUT (MEAE). The audience was thus able to appreciate the major challenge of combating constantly evolving threats while respecting the individual freedom that is consubstantial with our democracy.  <\/p>","protected":false},"author":7,"featured_media":34298,"comment_status":"closed","ping_status":"closed","sticky":false,"template":"","format":"standard","meta":{"footnotes":""},"categories":[172],"tags":[],"class_list":["post-34280","post","type-post","status-publish","format-standard","has-post-thumbnail","hentry","category-notre-actualite"],"yoast_head":"<!-- This site is optimized with the Yoast SEO plugin v27.5 - https:\/\/yoast.com\/product\/yoast-seo-wordpress\/ -->\n<title>Apr\u00e8s une journ\u00e9e \u00e0 Paris sur les nouveaux enjeux, cap sur la M\u00e9diterran\u00e9e pour leur d\u00e9clinaison dans l\u2019\u00e9conomie bleue pour les auditeurs de la majeure \u00ab Enjeux et strat\u00e9gies maritimes \u00bb de la session nationale de l\u2019IHEDN - L&#039;IHEDN : Institut des hautes \u00e9tudes de d\u00e9fense nationale<\/title>\n<meta name=\"description\" content=\"Apr\u00e8s une ouverture du 4e module de la strat\u00e9gie sur les nouveaux enjeux en amphith\u00e9\u00e2tre Foch de l\u2019\u00c9cole militaire par le g\u00e9n\u00e9ral de corps d\u2019arm\u00e9e Beno\u00eet Durieux, directeur de l\u2019IHEDN, les auditeurs ont \u00e9t\u00e9 plong\u00e9s dans la lutte informationnelle et d\u00e9battre avec trois personnalit\u00e9s de haut niveau impliqu\u00e9es dans ce nouveau domaine de lutte : le g\u00e9n\u00e9ral Aymeric de Bonnemaison (COMCYBER), Gabriel FERRIOL (VIGINUM) et Charles THEPAUT (MEAE). Les auditeurs ont ainsi pu mesurer l\u2019enjeu majeur que repr\u00e9sente cette lutte contre des menaces en permanente \u00e9volution tout en respectant la libert\u00e9 individuelle consubstantielle \u00e0 notre d\u00e9mocratie.\" \/>\n<meta name=\"robots\" content=\"index, follow, max-snippet:-1, max-image-preview:large, max-video-preview:-1\" \/>\n<link rel=\"canonical\" href=\"https:\/\/ihedn.fr\/en\/notre-actualite\/apres-une-journee-a-paris-sur-les-nouveaux-enjeux-cap-sur-la-mediterranee-pour-leur-declinaison-dans-leconomie-bleue-pour-les-auditeurs-de-la-majeure-enjeux-et-strategies-maritimes\/\" \/>\n<meta property=\"og:locale\" content=\"en_GB\" \/>\n<meta property=\"og:type\" content=\"article\" \/>\n<meta property=\"og:title\" content=\"Apr\u00e8s une journ\u00e9e \u00e0 Paris sur les nouveaux enjeux, cap sur la M\u00e9diterran\u00e9e pour leur d\u00e9clinaison dans l\u2019\u00e9conomie bleue pour les auditeurs de la majeure \u00ab Enjeux et strat\u00e9gies maritimes \u00bb de la session nationale de l\u2019IHEDN\" \/>\n<meta property=\"og:description\" content=\"Cap vers les mers chaudes sous le commandement du g\u00e9n\u00e9ral de corps d\u2019arm\u00e9e Beno\u00eet Durieux, directeur de l\u2019IHEDN, pour les auditeurs des majeures \u00ab Enjeux et Strat\u00e9gies Maritimes \u00bb et \u00ab Politique de d\u00e9fense \u00bb de l\u2019IHEDN en mission en R\u00e9publique de Djibouti du 13 au 16 janvier 2023.Apr\u00e8s une ouverture du 4e module de la strat\u00e9gie sur les nouveaux enjeux en amphith\u00e9\u00e2tre Foch de l\u2019\u00c9cole militaire par le g\u00e9n\u00e9ral de corps d\u2019arm\u00e9e Beno\u00eet Durieux, directeur de l\u2019IHEDN, les auditeurs ont \u00e9t\u00e9 plong\u00e9s dans la lutte informationnelle et d\u00e9battre avec trois personnalit\u00e9s de haut niveau impliqu\u00e9es dans ce nouveau domaine de lutte : le g\u00e9n\u00e9ral Aymeric de Bonnemaison (COMCYBER), Gabriel FERRIOL (VIGINUM) et Charles THEPAUT (MEAE). Les auditeurs ont ainsi pu mesurer l\u2019enjeu majeur que repr\u00e9sente cette lutte contre des menaces en permanente \u00e9volution tout en respectant la libert\u00e9 individuelle consubstantielle \u00e0 notre d\u00e9mocratie.\" \/>\n<meta property=\"og:url\" content=\"https:\/\/ihedn.fr\/en\/notre-actualite\/apres-une-journee-a-paris-sur-les-nouveaux-enjeux-cap-sur-la-mediterranee-pour-leur-declinaison-dans-leconomie-bleue-pour-les-auditeurs-de-la-majeure-enjeux-et-strategies-maritimes\/\" \/>\n<meta property=\"og:site_name\" content=\"L&#039;IHEDN : Institut des hautes \u00e9tudes de d\u00e9fense nationale\" \/>\n<meta property=\"article:publisher\" content=\"https:\/\/www.facebook.com\/ihedn\/\" \/>\n<meta property=\"article:published_time\" content=\"2023-02-06T13:58:03+00:00\" \/>\n<meta property=\"article:modified_time\" content=\"2023-02-07T08:50:55+00:00\" \/>\n<meta property=\"og:image\" content=\"https:\/\/ihedn.fr\/wp-content\/uploads\/2023\/02\/Dir-scaled.jpg\" \/>\n\t<meta property=\"og:image:width\" content=\"2480\" \/>\n\t<meta property=\"og:image:height\" content=\"2560\" \/>\n\t<meta property=\"og:image:type\" content=\"image\/jpeg\" \/>\n<meta name=\"author\" content=\"alexia\" \/>\n<meta name=\"twitter:card\" content=\"summary_large_image\" \/>\n<meta name=\"twitter:title\" content=\"Apr\u00e8s une journ\u00e9e \u00e0 Paris sur les nouveaux enjeux, cap sur la M\u00e9diterran\u00e9e pour leur d\u00e9clinaison dans l\u2019\u00e9conomie bleue pour les auditeurs de la majeure \u00ab Enjeux et strat\u00e9gies maritimes \u00bb de la session nationale de l\u2019IHEDN\" \/>\n<meta name=\"twitter:description\" content=\"Cap vers les mers chaudes sous le commandement du g\u00e9n\u00e9ral de corps d\u2019arm\u00e9e Beno\u00eet Durieux, directeur de l\u2019IHEDN, pour les auditeurs des majeures \u00ab Enjeux et Strat\u00e9gies Maritimes \u00bb et \u00ab Politique de d\u00e9fense \u00bb de l\u2019IHEDN en mission en R\u00e9publique de Djibouti du 13 au 16 janvier 2023.Apr\u00e8s une ouverture du 4e module de la strat\u00e9gie sur les nouveaux enjeux en amphith\u00e9\u00e2tre Foch de l\u2019\u00c9cole militaire par le g\u00e9n\u00e9ral de corps d\u2019arm\u00e9e Beno\u00eet Durieux, directeur de l\u2019IHEDN, les auditeurs ont \u00e9t\u00e9 plong\u00e9s dans la lutte informationnelle et d\u00e9battre avec trois personnalit\u00e9s de haut niveau impliqu\u00e9es dans ce nouveau domaine de lutte : le g\u00e9n\u00e9ral Aymeric de Bonnemaison (COMCYBER), Gabriel FERRIOL (VIGINUM) et Charles THEPAUT (MEAE). Les auditeurs ont ainsi pu mesurer l\u2019enjeu majeur que repr\u00e9sente cette lutte contre des menaces en permanente \u00e9volution tout en respectant la libert\u00e9 individuelle consubstantielle \u00e0 notre d\u00e9mocratie.\" \/>\n<meta name=\"twitter:image\" content=\"https:\/\/ihedn.fr\/wp-content\/uploads\/2023\/02\/Dir-scaled.jpg\" \/>\n<meta name=\"twitter:creator\" content=\"@IHEDN\" \/>\n<meta name=\"twitter:site\" content=\"@IHEDN\" \/>\n<meta name=\"twitter:label1\" content=\"Written by\" \/>\n\t<meta name=\"twitter:data1\" content=\"alexia\" \/>\n\t<meta name=\"twitter:label2\" content=\"Estimated reading time\" \/>\n\t<meta name=\"twitter:data2\" content=\"8 minutes\" \/>\n<script type=\"application\/ld+json\" class=\"yoast-schema-graph\">{\"@context\":\"https:\\\/\\\/schema.org\",\"@graph\":[{\"@type\":\"Article\",\"@id\":\"https:\\\/\\\/ihedn.fr\\\/notre-actualite\\\/apres-une-journee-a-paris-sur-les-nouveaux-enjeux-cap-sur-la-mediterranee-pour-leur-declinaison-dans-leconomie-bleue-pour-les-auditeurs-de-la-majeure-enjeux-et-strategies-maritimes\\\/#article\",\"isPartOf\":{\"@id\":\"https:\\\/\\\/ihedn.fr\\\/notre-actualite\\\/apres-une-journee-a-paris-sur-les-nouveaux-enjeux-cap-sur-la-mediterranee-pour-leur-declinaison-dans-leconomie-bleue-pour-les-auditeurs-de-la-majeure-enjeux-et-strategies-maritimes\\\/\"},\"author\":{\"name\":\"alexia\",\"@id\":\"https:\\\/\\\/ihedn.fr\\\/#\\\/schema\\\/person\\\/f5fdd32c2827287accbcbc33f74121b5\"},\"headline\":\"Apr\u00e8s une journ\u00e9e \u00e0 Paris sur les nouveaux enjeux, cap sur la M\u00e9diterran\u00e9e pour leur d\u00e9clinaison dans l\u2019\u00e9conomie bleue pour les auditeurs de la majeure \u00ab Enjeux et strat\u00e9gies maritimes \u00bb de la session nationale de l\u2019IHEDN\",\"datePublished\":\"2023-02-06T13:58:03+00:00\",\"dateModified\":\"2023-02-07T08:50:55+00:00\",\"mainEntityOfPage\":{\"@id\":\"https:\\\/\\\/ihedn.fr\\\/notre-actualite\\\/apres-une-journee-a-paris-sur-les-nouveaux-enjeux-cap-sur-la-mediterranee-pour-leur-declinaison-dans-leconomie-bleue-pour-les-auditeurs-de-la-majeure-enjeux-et-strategies-maritimes\\\/\"},\"wordCount\":1427,\"publisher\":{\"@id\":\"https:\\\/\\\/ihedn.fr\\\/#organization\"},\"image\":{\"@id\":\"https:\\\/\\\/ihedn.fr\\\/notre-actualite\\\/apres-une-journee-a-paris-sur-les-nouveaux-enjeux-cap-sur-la-mediterranee-pour-leur-declinaison-dans-leconomie-bleue-pour-les-auditeurs-de-la-majeure-enjeux-et-strategies-maritimes\\\/#primaryimage\"},\"thumbnailUrl\":\"https:\\\/\\\/ihedn.fr\\\/wp-content\\\/uploads\\\/2023\\\/02\\\/Dir-1-scaled.jpg\",\"articleSection\":[\"Notre actualit\u00e9\"],\"inLanguage\":\"en-GB\"},{\"@type\":\"WebPage\",\"@id\":\"https:\\\/\\\/ihedn.fr\\\/notre-actualite\\\/apres-une-journee-a-paris-sur-les-nouveaux-enjeux-cap-sur-la-mediterranee-pour-leur-declinaison-dans-leconomie-bleue-pour-les-auditeurs-de-la-majeure-enjeux-et-strategies-maritimes\\\/\",\"url\":\"https:\\\/\\\/ihedn.fr\\\/notre-actualite\\\/apres-une-journee-a-paris-sur-les-nouveaux-enjeux-cap-sur-la-mediterranee-pour-leur-declinaison-dans-leconomie-bleue-pour-les-auditeurs-de-la-majeure-enjeux-et-strategies-maritimes\\\/\",\"name\":\"Apr\u00e8s une journ\u00e9e \u00e0 Paris sur les nouveaux enjeux, cap sur la M\u00e9diterran\u00e9e pour leur d\u00e9clinaison dans l\u2019\u00e9conomie bleue pour les auditeurs de la majeure \u00ab Enjeux et strat\u00e9gies maritimes \u00bb de la session nationale de l\u2019IHEDN - L&#039;IHEDN : Institut des hautes \u00e9tudes de d\u00e9fense nationale\",\"isPartOf\":{\"@id\":\"https:\\\/\\\/ihedn.fr\\\/#website\"},\"primaryImageOfPage\":{\"@id\":\"https:\\\/\\\/ihedn.fr\\\/notre-actualite\\\/apres-une-journee-a-paris-sur-les-nouveaux-enjeux-cap-sur-la-mediterranee-pour-leur-declinaison-dans-leconomie-bleue-pour-les-auditeurs-de-la-majeure-enjeux-et-strategies-maritimes\\\/#primaryimage\"},\"image\":{\"@id\":\"https:\\\/\\\/ihedn.fr\\\/notre-actualite\\\/apres-une-journee-a-paris-sur-les-nouveaux-enjeux-cap-sur-la-mediterranee-pour-leur-declinaison-dans-leconomie-bleue-pour-les-auditeurs-de-la-majeure-enjeux-et-strategies-maritimes\\\/#primaryimage\"},\"thumbnailUrl\":\"https:\\\/\\\/ihedn.fr\\\/wp-content\\\/uploads\\\/2023\\\/02\\\/Dir-1-scaled.jpg\",\"datePublished\":\"2023-02-06T13:58:03+00:00\",\"dateModified\":\"2023-02-07T08:50:55+00:00\",\"description\":\"Apr\u00e8s une ouverture du 4e module de la strat\u00e9gie sur les nouveaux enjeux en amphith\u00e9\u00e2tre Foch de l\u2019\u00c9cole militaire par le g\u00e9n\u00e9ral de corps d\u2019arm\u00e9e Beno\u00eet Durieux, directeur de l\u2019IHEDN, les auditeurs ont \u00e9t\u00e9 plong\u00e9s dans la lutte informationnelle et d\u00e9battre avec trois personnalit\u00e9s de haut niveau impliqu\u00e9es dans ce nouveau domaine de lutte : le g\u00e9n\u00e9ral Aymeric de Bonnemaison (COMCYBER), Gabriel FERRIOL (VIGINUM) et Charles THEPAUT (MEAE). Les auditeurs ont ainsi pu mesurer l\u2019enjeu majeur que repr\u00e9sente cette lutte contre des menaces en permanente \u00e9volution tout en respectant la libert\u00e9 individuelle consubstantielle \u00e0 notre d\u00e9mocratie.\",\"breadcrumb\":{\"@id\":\"https:\\\/\\\/ihedn.fr\\\/notre-actualite\\\/apres-une-journee-a-paris-sur-les-nouveaux-enjeux-cap-sur-la-mediterranee-pour-leur-declinaison-dans-leconomie-bleue-pour-les-auditeurs-de-la-majeure-enjeux-et-strategies-maritimes\\\/#breadcrumb\"},\"inLanguage\":\"en-GB\",\"potentialAction\":[{\"@type\":\"ReadAction\",\"target\":[\"https:\\\/\\\/ihedn.fr\\\/notre-actualite\\\/apres-une-journee-a-paris-sur-les-nouveaux-enjeux-cap-sur-la-mediterranee-pour-leur-declinaison-dans-leconomie-bleue-pour-les-auditeurs-de-la-majeure-enjeux-et-strategies-maritimes\\\/\"]}]},{\"@type\":\"ImageObject\",\"inLanguage\":\"en-GB\",\"@id\":\"https:\\\/\\\/ihedn.fr\\\/notre-actualite\\\/apres-une-journee-a-paris-sur-les-nouveaux-enjeux-cap-sur-la-mediterranee-pour-leur-declinaison-dans-leconomie-bleue-pour-les-auditeurs-de-la-majeure-enjeux-et-strategies-maritimes\\\/#primaryimage\",\"url\":\"https:\\\/\\\/ihedn.fr\\\/wp-content\\\/uploads\\\/2023\\\/02\\\/Dir-1-scaled.jpg\",\"contentUrl\":\"https:\\\/\\\/ihedn.fr\\\/wp-content\\\/uploads\\\/2023\\\/02\\\/Dir-1-scaled.jpg\",\"width\":2480,\"height\":2560,\"caption\":\"Le directeur ouvrant le module sur les nouveaux enjeux\"},{\"@type\":\"BreadcrumbList\",\"@id\":\"https:\\\/\\\/ihedn.fr\\\/notre-actualite\\\/apres-une-journee-a-paris-sur-les-nouveaux-enjeux-cap-sur-la-mediterranee-pour-leur-declinaison-dans-leconomie-bleue-pour-les-auditeurs-de-la-majeure-enjeux-et-strategies-maritimes\\\/#breadcrumb\",\"itemListElement\":[{\"@type\":\"ListItem\",\"position\":1,\"name\":\"Accueil\",\"item\":\"https:\\\/\\\/ihedn.fr\\\/\"},{\"@type\":\"ListItem\",\"position\":2,\"name\":\"Apr\u00e8s une journ\u00e9e \u00e0 Paris sur les nouveaux enjeux, cap sur la M\u00e9diterran\u00e9e pour leur d\u00e9clinaison dans l\u2019\u00e9conomie bleue pour les auditeurs de la majeure \u00ab Enjeux et strat\u00e9gies maritimes \u00bb de la session nationale de l\u2019IHEDN\"}]},{\"@type\":\"WebSite\",\"@id\":\"https:\\\/\\\/ihedn.fr\\\/#website\",\"url\":\"https:\\\/\\\/ihedn.fr\\\/\",\"name\":\"IHEDN : Institut des hautes \u00e9tudes de d\u00e9fense nationale |\",\"description\":\"Site officiel de l&#039;IHEDN plac\u00e9 sous la tutelle du Premier ministre.\",\"publisher\":{\"@id\":\"https:\\\/\\\/ihedn.fr\\\/#organization\"},\"potentialAction\":[{\"@type\":\"SearchAction\",\"target\":{\"@type\":\"EntryPoint\",\"urlTemplate\":\"https:\\\/\\\/ihedn.fr\\\/?s={search_term_string}\"},\"query-input\":{\"@type\":\"PropertyValueSpecification\",\"valueRequired\":true,\"valueName\":\"search_term_string\"}}],\"inLanguage\":\"en-GB\"},{\"@type\":\"Organization\",\"@id\":\"https:\\\/\\\/ihedn.fr\\\/#organization\",\"name\":\"IHEDN - Institut des Hautes Etudes de D\u00e9fense Nationale\",\"url\":\"https:\\\/\\\/ihedn.fr\\\/\",\"logo\":{\"@type\":\"ImageObject\",\"inLanguage\":\"en-GB\",\"@id\":\"https:\\\/\\\/ihedn.fr\\\/#\\\/schema\\\/logo\\\/image\\\/\",\"url\":\"https:\\\/\\\/ihedn.fr\\\/wp-content\\\/uploads\\\/2020\\\/11\\\/BLOC_RF_IHEDN_WEB.png\",\"contentUrl\":\"https:\\\/\\\/ihedn.fr\\\/wp-content\\\/uploads\\\/2020\\\/11\\\/BLOC_RF_IHEDN_WEB.png\",\"width\":500,\"height\":237,\"caption\":\"IHEDN - Institut des Hautes Etudes de D\u00e9fense Nationale\"},\"image\":{\"@id\":\"https:\\\/\\\/ihedn.fr\\\/#\\\/schema\\\/logo\\\/image\\\/\"},\"sameAs\":[\"https:\\\/\\\/www.facebook.com\\\/ihedn\\\/\",\"https:\\\/\\\/x.com\\\/IHEDN\",\"https:\\\/\\\/www.instagram.com\\\/ihedn\\\/\",\"https:\\\/\\\/www.linkedin.com\\\/school\\\/ihedn\\\/\",\"https:\\\/\\\/fr.wikipedia.org\\\/wiki\\\/Institut_des_hautes_\u00e9tudes_de_D\u00e9fense_nationale\"]},{\"@type\":\"Person\",\"@id\":\"https:\\\/\\\/ihedn.fr\\\/#\\\/schema\\\/person\\\/f5fdd32c2827287accbcbc33f74121b5\",\"name\":\"alexia\",\"image\":{\"@type\":\"ImageObject\",\"inLanguage\":\"en-GB\",\"@id\":\"https:\\\/\\\/secure.gravatar.com\\\/avatar\\\/85eb8ccdb2990af9e1d5b99962700286b212c6b84c155ade95bbe0703f9c9001?s=96&d=mm&r=g\",\"url\":\"https:\\\/\\\/secure.gravatar.com\\\/avatar\\\/85eb8ccdb2990af9e1d5b99962700286b212c6b84c155ade95bbe0703f9c9001?s=96&d=mm&r=g\",\"contentUrl\":\"https:\\\/\\\/secure.gravatar.com\\\/avatar\\\/85eb8ccdb2990af9e1d5b99962700286b212c6b84c155ade95bbe0703f9c9001?s=96&d=mm&r=g\",\"caption\":\"alexia\"},\"url\":\"https:\\\/\\\/ihedn.fr\\\/en\\\/author\\\/alexia\\\/\"}]}<\/script>\n<!-- \/ Yoast SEO plugin. -->","yoast_head_json":{"title":"After a day in Paris on the new challenges, students in the \"Maritime Challenges and Strategies\" major at the national session of the IHEDN set sail for the Mediterranean to explore their role in the blue economy - L'IHEDN : Institut des hautes \u00e9tudes de d\u00e9fense nationale (Institute for Advanced Studies in National Defence)","description":"After the opening of the 4th strategy module on the new challenges in the Foch amphitheatre of the \u00c9cole militaire by Lieutenant General Beno\u00eet Durieux, Director of the IHEDN, the listeners were plunged into the fight against information and debated with three high-level personalities involved in this new field of combat: General Aymeric de Bonnemaison (COMCYBER), Gabriel FERRIOL (VIGINUM) and Charles THEPAUT (MEAE). The audience was thus able to appreciate the major challenge of combating constantly evolving threats while respecting the individual freedom that is consubstantial with our democracy.","robots":{"index":"index","follow":"follow","max-snippet":"max-snippet:-1","max-image-preview":"max-image-preview:large","max-video-preview":"max-video-preview:-1"},"canonical":"https:\/\/ihedn.fr\/en\/notre-actualite\/apres-une-journee-a-paris-sur-les-nouveaux-enjeux-cap-sur-la-mediterranee-pour-leur-declinaison-dans-leconomie-bleue-pour-les-auditeurs-de-la-majeure-enjeux-et-strategies-maritimes\/","og_locale":"en_GB","og_type":"article","og_title":"Apr\u00e8s une journ\u00e9e \u00e0 Paris sur les nouveaux enjeux, cap sur la M\u00e9diterran\u00e9e pour leur d\u00e9clinaison dans l\u2019\u00e9conomie bleue pour les auditeurs de la majeure \u00ab Enjeux et strat\u00e9gies maritimes \u00bb de la session nationale de l\u2019IHEDN","og_description":"Cap vers les mers chaudes sous le commandement du g\u00e9n\u00e9ral de corps d\u2019arm\u00e9e Beno\u00eet Durieux, directeur de l\u2019IHEDN, pour les auditeurs des majeures \u00ab Enjeux et Strat\u00e9gies Maritimes \u00bb et \u00ab Politique de d\u00e9fense \u00bb de l\u2019IHEDN en mission en R\u00e9publique de Djibouti du 13 au 16 janvier 2023.Apr\u00e8s une ouverture du 4e module de la strat\u00e9gie sur les nouveaux enjeux en amphith\u00e9\u00e2tre Foch de l\u2019\u00c9cole militaire par le g\u00e9n\u00e9ral de corps d\u2019arm\u00e9e Beno\u00eet Durieux, directeur de l\u2019IHEDN, les auditeurs ont \u00e9t\u00e9 plong\u00e9s dans la lutte informationnelle et d\u00e9battre avec trois personnalit\u00e9s de haut niveau impliqu\u00e9es dans ce nouveau domaine de lutte : le g\u00e9n\u00e9ral Aymeric de Bonnemaison (COMCYBER), Gabriel FERRIOL (VIGINUM) et Charles THEPAUT (MEAE). Les auditeurs ont ainsi pu mesurer l\u2019enjeu majeur que repr\u00e9sente cette lutte contre des menaces en permanente \u00e9volution tout en respectant la libert\u00e9 individuelle consubstantielle \u00e0 notre d\u00e9mocratie.","og_url":"https:\/\/ihedn.fr\/en\/notre-actualite\/apres-une-journee-a-paris-sur-les-nouveaux-enjeux-cap-sur-la-mediterranee-pour-leur-declinaison-dans-leconomie-bleue-pour-les-auditeurs-de-la-majeure-enjeux-et-strategies-maritimes\/","og_site_name":"L&#039;IHEDN : Institut des hautes \u00e9tudes de d\u00e9fense nationale","article_publisher":"https:\/\/www.facebook.com\/ihedn\/","article_published_time":"2023-02-06T13:58:03+00:00","article_modified_time":"2023-02-07T08:50:55+00:00","og_image":[{"width":2480,"height":2560,"url":"https:\/\/ihedn.fr\/wp-content\/uploads\/2023\/02\/Dir-scaled.jpg","type":"image\/jpeg"}],"author":"alexia","twitter_card":"summary_large_image","twitter_title":"Apr\u00e8s une journ\u00e9e \u00e0 Paris sur les nouveaux enjeux, cap sur la M\u00e9diterran\u00e9e pour leur d\u00e9clinaison dans l\u2019\u00e9conomie bleue pour les auditeurs de la majeure \u00ab Enjeux et strat\u00e9gies maritimes \u00bb de la session nationale de l\u2019IHEDN","twitter_description":"Cap vers les mers chaudes sous le commandement du g\u00e9n\u00e9ral de corps d\u2019arm\u00e9e Beno\u00eet Durieux, directeur de l\u2019IHEDN, pour les auditeurs des majeures \u00ab Enjeux et Strat\u00e9gies Maritimes \u00bb et \u00ab Politique de d\u00e9fense \u00bb de l\u2019IHEDN en mission en R\u00e9publique de Djibouti du 13 au 16 janvier 2023.Apr\u00e8s une ouverture du 4e module de la strat\u00e9gie sur les nouveaux enjeux en amphith\u00e9\u00e2tre Foch de l\u2019\u00c9cole militaire par le g\u00e9n\u00e9ral de corps d\u2019arm\u00e9e Beno\u00eet Durieux, directeur de l\u2019IHEDN, les auditeurs ont \u00e9t\u00e9 plong\u00e9s dans la lutte informationnelle et d\u00e9battre avec trois personnalit\u00e9s de haut niveau impliqu\u00e9es dans ce nouveau domaine de lutte : le g\u00e9n\u00e9ral Aymeric de Bonnemaison (COMCYBER), Gabriel FERRIOL (VIGINUM) et Charles THEPAUT (MEAE). Les auditeurs ont ainsi pu mesurer l\u2019enjeu majeur que repr\u00e9sente cette lutte contre des menaces en permanente \u00e9volution tout en respectant la libert\u00e9 individuelle consubstantielle \u00e0 notre d\u00e9mocratie.","twitter_image":"https:\/\/ihedn.fr\/wp-content\/uploads\/2023\/02\/Dir-scaled.jpg","twitter_creator":"@IHEDN","twitter_site":"@IHEDN","twitter_misc":{"Written by":"alexia","Estimated reading time":"8 minutes"},"schema":{"@context":"https:\/\/schema.org","@graph":[{"@type":"Article","@id":"https:\/\/ihedn.fr\/notre-actualite\/apres-une-journee-a-paris-sur-les-nouveaux-enjeux-cap-sur-la-mediterranee-pour-leur-declinaison-dans-leconomie-bleue-pour-les-auditeurs-de-la-majeure-enjeux-et-strategies-maritimes\/#article","isPartOf":{"@id":"https:\/\/ihedn.fr\/notre-actualite\/apres-une-journee-a-paris-sur-les-nouveaux-enjeux-cap-sur-la-mediterranee-pour-leur-declinaison-dans-leconomie-bleue-pour-les-auditeurs-de-la-majeure-enjeux-et-strategies-maritimes\/"},"author":{"name":"alexia","@id":"https:\/\/ihedn.fr\/#\/schema\/person\/f5fdd32c2827287accbcbc33f74121b5"},"headline":"Apr\u00e8s une journ\u00e9e \u00e0 Paris sur les nouveaux enjeux, cap sur la M\u00e9diterran\u00e9e pour leur d\u00e9clinaison dans l\u2019\u00e9conomie bleue pour les auditeurs de la majeure \u00ab Enjeux et strat\u00e9gies maritimes \u00bb de la session nationale de l\u2019IHEDN","datePublished":"2023-02-06T13:58:03+00:00","dateModified":"2023-02-07T08:50:55+00:00","mainEntityOfPage":{"@id":"https:\/\/ihedn.fr\/notre-actualite\/apres-une-journee-a-paris-sur-les-nouveaux-enjeux-cap-sur-la-mediterranee-pour-leur-declinaison-dans-leconomie-bleue-pour-les-auditeurs-de-la-majeure-enjeux-et-strategies-maritimes\/"},"wordCount":1427,"publisher":{"@id":"https:\/\/ihedn.fr\/#organization"},"image":{"@id":"https:\/\/ihedn.fr\/notre-actualite\/apres-une-journee-a-paris-sur-les-nouveaux-enjeux-cap-sur-la-mediterranee-pour-leur-declinaison-dans-leconomie-bleue-pour-les-auditeurs-de-la-majeure-enjeux-et-strategies-maritimes\/#primaryimage"},"thumbnailUrl":"https:\/\/ihedn.fr\/wp-content\/uploads\/2023\/02\/Dir-1-scaled.jpg","articleSection":["Notre actualit\u00e9"],"inLanguage":"en-GB"},{"@type":"WebPage","@id":"https:\/\/ihedn.fr\/notre-actualite\/apres-une-journee-a-paris-sur-les-nouveaux-enjeux-cap-sur-la-mediterranee-pour-leur-declinaison-dans-leconomie-bleue-pour-les-auditeurs-de-la-majeure-enjeux-et-strategies-maritimes\/","url":"https:\/\/ihedn.fr\/notre-actualite\/apres-une-journee-a-paris-sur-les-nouveaux-enjeux-cap-sur-la-mediterranee-pour-leur-declinaison-dans-leconomie-bleue-pour-les-auditeurs-de-la-majeure-enjeux-et-strategies-maritimes\/","name":"After a day in Paris on the new challenges, students in the \"Maritime Challenges and Strategies\" major at the national session of the IHEDN set sail for the Mediterranean to explore their role in the blue economy - L'IHEDN : Institut des hautes \u00e9tudes de d\u00e9fense nationale (Institute for Advanced Studies in National Defence)","isPartOf":{"@id":"https:\/\/ihedn.fr\/#website"},"primaryImageOfPage":{"@id":"https:\/\/ihedn.fr\/notre-actualite\/apres-une-journee-a-paris-sur-les-nouveaux-enjeux-cap-sur-la-mediterranee-pour-leur-declinaison-dans-leconomie-bleue-pour-les-auditeurs-de-la-majeure-enjeux-et-strategies-maritimes\/#primaryimage"},"image":{"@id":"https:\/\/ihedn.fr\/notre-actualite\/apres-une-journee-a-paris-sur-les-nouveaux-enjeux-cap-sur-la-mediterranee-pour-leur-declinaison-dans-leconomie-bleue-pour-les-auditeurs-de-la-majeure-enjeux-et-strategies-maritimes\/#primaryimage"},"thumbnailUrl":"https:\/\/ihedn.fr\/wp-content\/uploads\/2023\/02\/Dir-1-scaled.jpg","datePublished":"2023-02-06T13:58:03+00:00","dateModified":"2023-02-07T08:50:55+00:00","description":"After the opening of the 4th strategy module on the new challenges in the Foch amphitheatre of the \u00c9cole militaire by Lieutenant General Beno\u00eet Durieux, Director of the IHEDN, the listeners were plunged into the fight against information and debated with three high-level personalities involved in this new field of combat: General Aymeric de Bonnemaison (COMCYBER), Gabriel FERRIOL (VIGINUM) and Charles THEPAUT (MEAE). The audience was thus able to appreciate the major challenge of combating constantly evolving threats while respecting the individual freedom that is consubstantial with our democracy.","breadcrumb":{"@id":"https:\/\/ihedn.fr\/notre-actualite\/apres-une-journee-a-paris-sur-les-nouveaux-enjeux-cap-sur-la-mediterranee-pour-leur-declinaison-dans-leconomie-bleue-pour-les-auditeurs-de-la-majeure-enjeux-et-strategies-maritimes\/#breadcrumb"},"inLanguage":"en-GB","potentialAction":[{"@type":"ReadAction","target":["https:\/\/ihedn.fr\/notre-actualite\/apres-une-journee-a-paris-sur-les-nouveaux-enjeux-cap-sur-la-mediterranee-pour-leur-declinaison-dans-leconomie-bleue-pour-les-auditeurs-de-la-majeure-enjeux-et-strategies-maritimes\/"]}]},{"@type":"ImageObject","inLanguage":"en-GB","@id":"https:\/\/ihedn.fr\/notre-actualite\/apres-une-journee-a-paris-sur-les-nouveaux-enjeux-cap-sur-la-mediterranee-pour-leur-declinaison-dans-leconomie-bleue-pour-les-auditeurs-de-la-majeure-enjeux-et-strategies-maritimes\/#primaryimage","url":"https:\/\/ihedn.fr\/wp-content\/uploads\/2023\/02\/Dir-1-scaled.jpg","contentUrl":"https:\/\/ihedn.fr\/wp-content\/uploads\/2023\/02\/Dir-1-scaled.jpg","width":2480,"height":2560,"caption":"Le directeur ouvrant le module sur les nouveaux enjeux"},{"@type":"BreadcrumbList","@id":"https:\/\/ihedn.fr\/notre-actualite\/apres-une-journee-a-paris-sur-les-nouveaux-enjeux-cap-sur-la-mediterranee-pour-leur-declinaison-dans-leconomie-bleue-pour-les-auditeurs-de-la-majeure-enjeux-et-strategies-maritimes\/#breadcrumb","itemListElement":[{"@type":"ListItem","position":1,"name":"Accueil","item":"https:\/\/ihedn.fr\/"},{"@type":"ListItem","position":2,"name":"Apr\u00e8s une journ\u00e9e \u00e0 Paris sur les nouveaux enjeux, cap sur la M\u00e9diterran\u00e9e pour leur d\u00e9clinaison dans l\u2019\u00e9conomie bleue pour les auditeurs de la majeure \u00ab Enjeux et strat\u00e9gies maritimes \u00bb de la session nationale de l\u2019IHEDN"}]},{"@type":"WebSite","@id":"https:\/\/ihedn.fr\/#website","url":"https:\/\/ihedn.fr\/","name":"IHEDN: Institut des hautes \u00e9tudes de d\u00e9fense nationale (Institute for Higher National Defence Studies)","description":"Official website of the IHEDN under the supervision of the Prime Minister.","publisher":{"@id":"https:\/\/ihedn.fr\/#organization"},"potentialAction":[{"@type":"SearchAction","target":{"@type":"EntryPoint","urlTemplate":"https:\/\/ihedn.fr\/?s={search_term_string}"},"query-input":{"@type":"PropertyValueSpecification","valueRequired":true,"valueName":"search_term_string"}}],"inLanguage":"en-GB"},{"@type":"Organization","@id":"https:\/\/ihedn.fr\/#organization","name":"IHEDN - Institute for Higher National Defence Studies","url":"https:\/\/ihedn.fr\/","logo":{"@type":"ImageObject","inLanguage":"en-GB","@id":"https:\/\/ihedn.fr\/#\/schema\/logo\/image\/","url":"https:\/\/ihedn.fr\/wp-content\/uploads\/2020\/11\/BLOC_RF_IHEDN_WEB.png","contentUrl":"https:\/\/ihedn.fr\/wp-content\/uploads\/2020\/11\/BLOC_RF_IHEDN_WEB.png","width":500,"height":237,"caption":"IHEDN - Institut des Hautes Etudes de D\u00e9fense Nationale"},"image":{"@id":"https:\/\/ihedn.fr\/#\/schema\/logo\/image\/"},"sameAs":["https:\/\/www.facebook.com\/ihedn\/","https:\/\/x.com\/IHEDN","https:\/\/www.instagram.com\/ihedn\/","https:\/\/www.linkedin.com\/school\/ihedn\/","https:\/\/fr.wikipedia.org\/wiki\/Institut_des_hautes_\u00e9tudes_de_D\u00e9fense_nationale"]},{"@type":"Person","@id":"https:\/\/ihedn.fr\/#\/schema\/person\/f5fdd32c2827287accbcbc33f74121b5","name":"alexia","image":{"@type":"ImageObject","inLanguage":"en-GB","@id":"https:\/\/secure.gravatar.com\/avatar\/85eb8ccdb2990af9e1d5b99962700286b212c6b84c155ade95bbe0703f9c9001?s=96&d=mm&r=g","url":"https:\/\/secure.gravatar.com\/avatar\/85eb8ccdb2990af9e1d5b99962700286b212c6b84c155ade95bbe0703f9c9001?s=96&d=mm&r=g","contentUrl":"https:\/\/secure.gravatar.com\/avatar\/85eb8ccdb2990af9e1d5b99962700286b212c6b84c155ade95bbe0703f9c9001?s=96&d=mm&r=g","caption":"alexia"},"url":"https:\/\/ihedn.fr\/en\/author\/alexia\/"}]}},"publishpress_future_action":{"enabled":false,"date":"2026-05-09 11:43:19","action":"change-status","newStatus":"draft","terms":[],"taxonomy":"category","extraData":[]},"publishpress_future_workflow_manual_trigger":{"enabledWorkflows":[]},"_links":{"self":[{"href":"https:\/\/ihedn.fr\/en\/wp-json\/wp\/v2\/posts\/34280","targetHints":{"allow":["GET"]}}],"collection":[{"href":"https:\/\/ihedn.fr\/en\/wp-json\/wp\/v2\/posts"}],"about":[{"href":"https:\/\/ihedn.fr\/en\/wp-json\/wp\/v2\/types\/post"}],"author":[{"embeddable":true,"href":"https:\/\/ihedn.fr\/en\/wp-json\/wp\/v2\/users\/7"}],"replies":[{"embeddable":true,"href":"https:\/\/ihedn.fr\/en\/wp-json\/wp\/v2\/comments?post=34280"}],"version-history":[{"count":36,"href":"https:\/\/ihedn.fr\/en\/wp-json\/wp\/v2\/posts\/34280\/revisions"}],"predecessor-version":[{"id":34378,"href":"https:\/\/ihedn.fr\/en\/wp-json\/wp\/v2\/posts\/34280\/revisions\/34378"}],"wp:featuredmedia":[{"embeddable":true,"href":"https:\/\/ihedn.fr\/en\/wp-json\/wp\/v2\/media\/34298"}],"wp:attachment":[{"href":"https:\/\/ihedn.fr\/en\/wp-json\/wp\/v2\/media?parent=34280"}],"wp:term":[{"taxonomy":"category","embeddable":true,"href":"https:\/\/ihedn.fr\/en\/wp-json\/wp\/v2\/categories?post=34280"},{"taxonomy":"post_tag","embeddable":true,"href":"https:\/\/ihedn.fr\/en\/wp-json\/wp\/v2\/tags?post=34280"}],"curies":[{"name":"wp","href":"https:\/\/api.w.org\/{rel}","templated":true}]}}