{"id":34414,"date":"2023-02-07T10:37:15","date_gmt":"2023-02-07T09:37:15","guid":{"rendered":"https:\/\/ihedn.fr\/?p=34414"},"modified":"2023-02-07T14:19:32","modified_gmt":"2023-02-07T13:19:32","slug":"seminaire-conjoint-de-formation-de-diplomates-britanniques-et-francais","status":"publish","type":"post","link":"https:\/\/ihedn.fr\/en\/notre-actualite\/seminaire-conjoint-de-formation-de-diplomates-britanniques-et-francais\/","title":{"rendered":"Joint training seminar for British and French diplomats"},"content":{"rendered":"<div data-elementor-type=\"wp-post\" data-elementor-id=\"34414\" class=\"elementor elementor-34414\" data-elementor-post-type=\"post\">\n\t\t\t\t\t\t<section data-particle_enable=\"false\" data-particle-mobile-disabled=\"false\" class=\"elementor-section elementor-top-section elementor-element elementor-element-6dff956 elementor-section-boxed elementor-section-height-default elementor-section-height-default\" data-id=\"6dff956\" data-element_type=\"section\" data-e-type=\"section\">\n\t\t\t\t\t\t<div class=\"elementor-container elementor-column-gap-default\">\n\t\t\t\t\t<div class=\"elementor-column elementor-col-100 elementor-top-column elementor-element elementor-element-8362d44\" data-id=\"8362d44\" data-element_type=\"column\" data-e-type=\"column\">\n\t\t\t<div class=\"elementor-widget-wrap elementor-element-populated\">\n\t\t\t\t\t\t<div class=\"elementor-element elementor-element-81ffbf2 elementor-widget elementor-widget-text-editor\" data-id=\"81ffbf2\" data-element_type=\"widget\" data-e-type=\"widget\" data-widget_type=\"text-editor.default\">\n\t\t\t\t<div class=\"elementor-widget-container\">\n\t\t\t\t\t\t\t\t\t<p>Opened by Lieutenant General Beno\u00eet Durieux, Director of the IHEDN, the event aims to address security and defence issues that are crucial for both the UK and France. Ambassador Marc Abensour, ambassador in charge of the Indo-Pacific, and Captain Guillaume Arnoux, from the French Ministry of Defence's Directorate General for International Relations and Strategy (DGRIS), will present France's strategy in the Indo-Pacific. Marie Dumoulin, head of the 'Wider Europe' programme at the<em>European Council for Foreign Relations<\/em> and Major General \u00c9ric Peltier, General Officer in charge of international military relations, will take stock of the war in Ukraine, one year after the start of the conflict. These two lectures will be followed by discussions between the various speakers and the young diplomats in training. The afternoon will then be devoted to a visit to the MBDA company, a symbol of success in terms of capability cooperation in Europe.<\/p><p>This event is part of the special defence relations between our two countries.<\/p>\t\t\t\t\t\t\t\t<\/div>\n\t\t\t\t<\/div>\n\t\t\t\t\t<\/div>\n\t\t<\/div>\n\t\t\t\t\t<\/div>\n\t\t<\/section>\n\t\t\t\t<section data-particle_enable=\"false\" data-particle-mobile-disabled=\"false\" class=\"elementor-section elementor-top-section elementor-element elementor-element-9293ed4 elementor-section-boxed elementor-section-height-default elementor-section-height-default\" data-id=\"9293ed4\" data-element_type=\"section\" data-e-type=\"section\">\n\t\t\t\t\t\t<div class=\"elementor-container elementor-column-gap-default\">\n\t\t\t\t\t<div class=\"elementor-column elementor-col-100 elementor-top-column elementor-element elementor-element-d1ee4e8\" data-id=\"d1ee4e8\" data-element_type=\"column\" data-e-type=\"column\">\n\t\t\t<div class=\"elementor-widget-wrap elementor-element-populated\">\n\t\t\t\t\t\t<div class=\"elementor-element elementor-element-992e949 elementor-widget elementor-widget-gallery\" data-id=\"992e949\" data-element_type=\"widget\" data-e-type=\"widget\" data-settings=\"{&quot;columns&quot;:2,&quot;gap&quot;:{&quot;unit&quot;:&quot;px&quot;,&quot;size&quot;:7,&quot;sizes&quot;:[]},&quot;aspect_ratio&quot;:&quot;16:9&quot;,&quot;lazyload&quot;:&quot;yes&quot;,&quot;gallery_layout&quot;:&quot;grid&quot;,&quot;columns_tablet&quot;:2,&quot;columns_mobile&quot;:1,&quot;gap_tablet&quot;:{&quot;unit&quot;:&quot;px&quot;,&quot;size&quot;:10,&quot;sizes&quot;:[]},&quot;gap_mobile&quot;:{&quot;unit&quot;:&quot;px&quot;,&quot;size&quot;:10,&quot;sizes&quot;:[]},&quot;link_to&quot;:&quot;file&quot;,&quot;overlay_background&quot;:&quot;yes&quot;,&quot;content_hover_animation&quot;:&quot;fade-in&quot;}\" data-widget_type=\"gallery.default\">\n\t\t\t\t<div class=\"elementor-widget-container\">\n\t\t\t\t\t\t\t<div class=\"elementor-gallery__container\">\n\t\t\t\t\t\t\t<a class=\"e-gallery-item elementor-gallery-item elementor-animated-content\" href=\"https:\/\/ihedn.fr\/wp-content\/uploads\/2023\/02\/001-\u00aeIHEDN-Seminaire-conjoint-de-formation-de-diplomates-britanniques-et-francais-20230207.jpg\" data-elementor-open-lightbox=\"yes\" data-elementor-lightbox-slideshow=\"992e949\" data-elementor-lightbox-description=\"\u00aeIHEDN-S\u00e9minaire conjoint de formation de diplomates britanniques et fran\u00e7ais\" data-e-action-hash=\"#elementor-action%3Aaction%3Dlightbox%26settings%3DeyJpZCI6MzQ0MTcsInVybCI6Imh0dHBzOlwvXC9paGVkbi5mclwvd3AtY29udGVudFwvdXBsb2Fkc1wvMjAyM1wvMDJcLzAwMS1cdTAwYWVJSEVETi1TZW1pbmFpcmUtY29uam9pbnQtZGUtZm9ybWF0aW9uLWRlLWRpcGxvbWF0ZXMtYnJpdGFubmlxdWVzLWV0LWZyYW5jYWlzLTIwMjMwMjA3LmpwZyIsInNsaWRlc2hvdyI6Ijk5MmU5NDkifQ%3D%3D\">\n\t\t\t\t\t<div class=\"e-gallery-image elementor-gallery-item__image\" data-thumbnail=\"https:\/\/ihedn.fr\/wp-content\/uploads\/2023\/02\/001-\u00aeIHEDN-Seminaire-conjoint-de-formation-de-diplomates-britanniques-et-francais-20230207.jpg\" data-width=\"1511\" data-height=\"854\" aria-label=\"\u00aeIHEDN-Joint training seminar for British and French diplomats\" role=\"img\" ><\/div>\n\t\t\t\t\t\t\t\t\t\t\t<div class=\"elementor-gallery-item__overlay\"><\/div>\n\t\t\t\t\t\t\t\t\t\t\t\t\t\t<\/a>\n\t\t\t\t\t\t\t<a class=\"e-gallery-item elementor-gallery-item elementor-animated-content\" href=\"https:\/\/ihedn.fr\/wp-content\/uploads\/2023\/02\/003-\u00aeIHEDN-Seminaire-conjoint-de-formation-de-diplomates-britanniques-et-francais-20230207.jpg\" data-elementor-open-lightbox=\"yes\" data-elementor-lightbox-slideshow=\"992e949\" data-e-action-hash=\"#elementor-action%3Aaction%3Dlightbox%26settings%3DeyJpZCI6MzQ0MzgsInVybCI6Imh0dHBzOlwvXC9paGVkbi5mclwvd3AtY29udGVudFwvdXBsb2Fkc1wvMjAyM1wvMDJcLzAwMy1cdTAwYWVJSEVETi1TZW1pbmFpcmUtY29uam9pbnQtZGUtZm9ybWF0aW9uLWRlLWRpcGxvbWF0ZXMtYnJpdGFubmlxdWVzLWV0LWZyYW5jYWlzLTIwMjMwMjA3LmpwZyIsInNsaWRlc2hvdyI6Ijk5MmU5NDkifQ%3D%3D\">\n\t\t\t\t\t<div class=\"e-gallery-image elementor-gallery-item__image\" data-thumbnail=\"https:\/\/ihedn.fr\/wp-content\/uploads\/2023\/02\/003-\u00aeIHEDN-Seminaire-conjoint-de-formation-de-diplomates-britanniques-et-francais-20230207.jpg\" data-width=\"1511\" data-height=\"949\" aria-label=\"\" role=\"img\" ><\/div>\n\t\t\t\t\t\t\t\t\t\t\t<div class=\"elementor-gallery-item__overlay\"><\/div>\n\t\t\t\t\t\t\t\t\t\t\t\t\t\t<\/a>\n\t\t\t\t\t<\/div>\n\t\t\t\t\t<\/div>\n\t\t\t\t<\/div>\n\t\t\t\t\t<\/div>\n\t\t<\/div>\n\t\t\t\t\t<\/div>\n\t\t<\/section>\n\t\t\t\t<section data-particle_enable=\"false\" data-particle-mobile-disabled=\"false\" class=\"elementor-section elementor-top-section elementor-element elementor-element-7f02ad2 elementor-section-boxed elementor-section-height-default elementor-section-height-default\" data-id=\"7f02ad2\" data-element_type=\"section\" data-e-type=\"section\">\n\t\t\t\t\t\t<div class=\"elementor-container elementor-column-gap-default\">\n\t\t\t\t\t<div class=\"elementor-column elementor-col-100 elementor-top-column elementor-element elementor-element-ffb8e9b\" data-id=\"ffb8e9b\" data-element_type=\"column\" data-e-type=\"column\">\n\t\t\t<div class=\"elementor-widget-wrap elementor-element-populated\">\n\t\t\t\t\t\t<div class=\"elementor-element elementor-element-8289d83 elementor-widget elementor-widget-image\" data-id=\"8289d83\" data-element_type=\"widget\" data-e-type=\"widget\" data-widget_type=\"image.default\">\n\t\t\t\t<div class=\"elementor-widget-container\">\n\t\t\t\t\t\t\t\t\t\t\t\t\t\t\t<img fetchpriority=\"high\" decoding=\"async\" width=\"1511\" height=\"1068\" src=\"https:\/\/ihedn.fr\/wp-content\/uploads\/2023\/02\/web-IHEDN-Seminaire-conjoint-de-formation-de-diplomates-britanniques-et-francais-officielle.jpg\" class=\"attachment-full size-full wp-image-34444\" alt=\"IHEDN-S\u00e9minaire conjoint de formation de diplomates britanniques et fran\u00e7ais\" \/>\t\t\t\t\t\t\t\t\t\t\t\t\t\t\t<\/div>\n\t\t\t\t<\/div>\n\t\t\t\t\t<\/div>\n\t\t<\/div>\n\t\t\t\t\t<\/div>\n\t\t<\/section>\n\t\t\t\t<\/div>","protected":false},"excerpt":{"rendered":"<p>On Tuesday 7 February 2023, the Institut des hautes \u00e9tudes de d\u00e9fense nationale (IHEDN), in partnership with the Institut diplomatique consulaire (IDC) of the \u00c9cole pratique des m\u00e9tiers de la diplomatie (EDI), is organising a module of the joint training seminar for British and French diplomats.<\/p>","protected":false},"author":1,"featured_media":34418,"comment_status":"closed","ping_status":"closed","sticky":false,"template":"","format":"standard","meta":{"footnotes":""},"categories":[172],"tags":[],"class_list":["post-34414","post","type-post","status-publish","format-standard","has-post-thumbnail","hentry","category-notre-actualite"],"yoast_head":"<!-- This site is optimized with the Yoast SEO plugin v27.5 - https:\/\/yoast.com\/product\/yoast-seo-wordpress\/ -->\n<title>S\u00e9minaire conjoint de formation de diplomates britanniques et fran\u00e7ais - L&#039;IHEDN : Institut des hautes \u00e9tudes de d\u00e9fense nationale<\/title>\n<meta name=\"description\" content=\"Ce mardi 7 f\u00e9vrier 2023, l&#039;Institut des hautes \u00e9tudes de d\u00e9fense nationale (IHEDN) organise, en partenariat avec l\u2019Institut diplomatique consulaire (IDC) de l\u2019Ecole pratique des m\u00e9tiers de la diplomatie (EDI), un module du s\u00e9minaire conjoint de formation de diplomates britanniques et fran\u00e7ais.\" \/>\n<meta name=\"robots\" content=\"index, follow, max-snippet:-1, max-image-preview:large, max-video-preview:-1\" \/>\n<link rel=\"canonical\" href=\"https:\/\/ihedn.fr\/en\/notre-actualite\/seminaire-conjoint-de-formation-de-diplomates-britanniques-et-francais\/\" \/>\n<meta property=\"og:locale\" content=\"en_GB\" \/>\n<meta property=\"og:type\" content=\"article\" \/>\n<meta property=\"og:title\" content=\"S\u00e9minaire conjoint de formation de diplomates britanniques et fran\u00e7ais\" \/>\n<meta property=\"og:description\" content=\"Ce mardi 7 f\u00e9vrier 2023, l&#039;Institut des hautes \u00e9tudes de d\u00e9fense nationale (IHEDN) organise, en partenariat avec l\u2019Institut diplomatique consulaire (IDC) de l\u2019Ecole pratique des m\u00e9tiers de la diplomatie (EDI), un module du s\u00e9minaire conjoint de formation de diplomates britanniques et fran\u00e7ais.\" \/>\n<meta property=\"og:url\" content=\"https:\/\/ihedn.fr\/en\/notre-actualite\/seminaire-conjoint-de-formation-de-diplomates-britanniques-et-francais\/\" \/>\n<meta property=\"og:site_name\" content=\"L&#039;IHEDN : Institut des hautes \u00e9tudes de d\u00e9fense nationale\" \/>\n<meta property=\"article:publisher\" content=\"https:\/\/www.facebook.com\/ihedn\/\" \/>\n<meta property=\"article:published_time\" content=\"2023-02-07T09:37:15+00:00\" \/>\n<meta property=\"article:modified_time\" content=\"2023-02-07T13:19:32+00:00\" \/>\n<meta property=\"og:image\" content=\"https:\/\/ihedn.fr\/wp-content\/uploads\/2023\/02\/002-\u00aeIHEDN-Seminaire-conjoint-de-formation-de-diplomates-britanniques-et-francais-20230207.jpg\" \/>\n\t<meta property=\"og:image:width\" content=\"1511\" \/>\n\t<meta property=\"og:image:height\" content=\"976\" \/>\n\t<meta property=\"og:image:type\" content=\"image\/jpeg\" \/>\n<meta name=\"author\" content=\"dev\" \/>\n<meta name=\"twitter:card\" content=\"summary_large_image\" \/>\n<meta name=\"twitter:title\" content=\"S\u00e9minaire conjoint de formation de diplomates britanniques et fran\u00e7ais\" \/>\n<meta name=\"twitter:description\" content=\"Ce mardi 7 f\u00e9vrier 2023, l&#039;Institut des hautes \u00e9tudes de d\u00e9fense nationale (IHEDN) organise, en partenariat avec l\u2019Institut diplomatique consulaire (IDC) de l\u2019Ecole pratique des m\u00e9tiers de la diplomatie (EDI), un module du s\u00e9minaire conjoint de formation de diplomates britanniques et fran\u00e7ais.\" \/>\n<meta name=\"twitter:image\" content=\"https:\/\/ihedn.fr\/wp-content\/uploads\/2023\/02\/002-\u00aeIHEDN-Seminaire-conjoint-de-formation-de-diplomates-britanniques-et-francais-20230207.jpg\" \/>\n<meta name=\"twitter:creator\" content=\"@IHEDN\" \/>\n<meta name=\"twitter:site\" content=\"@IHEDN\" \/>\n<meta name=\"twitter:label1\" content=\"Written by\" \/>\n\t<meta name=\"twitter:data1\" content=\"dev\" \/>\n\t<meta name=\"twitter:label2\" content=\"Estimated reading time\" \/>\n\t<meta name=\"twitter:data2\" content=\"2 minutes\" \/>\n<script type=\"application\/ld+json\" class=\"yoast-schema-graph\">{\"@context\":\"https:\\\/\\\/schema.org\",\"@graph\":[{\"@type\":\"Article\",\"@id\":\"https:\\\/\\\/ihedn.fr\\\/en\\\/notre-actualite\\\/seminaire-conjoint-de-formation-de-diplomates-britanniques-et-francais\\\/#article\",\"isPartOf\":{\"@id\":\"https:\\\/\\\/ihedn.fr\\\/en\\\/notre-actualite\\\/seminaire-conjoint-de-formation-de-diplomates-britanniques-et-francais\\\/\"},\"author\":{\"name\":\"dev\",\"@id\":\"https:\\\/\\\/ihedn.fr\\\/#\\\/schema\\\/person\\\/7a40155595e4efb35323447cb8c8c5a4\"},\"headline\":\"S\u00e9minaire conjoint de formation de diplomates britanniques et fran\u00e7ais\",\"datePublished\":\"2023-02-07T09:37:15+00:00\",\"dateModified\":\"2023-02-07T13:19:32+00:00\",\"mainEntityOfPage\":{\"@id\":\"https:\\\/\\\/ihedn.fr\\\/en\\\/notre-actualite\\\/seminaire-conjoint-de-formation-de-diplomates-britanniques-et-francais\\\/\"},\"wordCount\":227,\"publisher\":{\"@id\":\"https:\\\/\\\/ihedn.fr\\\/#organization\"},\"image\":{\"@id\":\"https:\\\/\\\/ihedn.fr\\\/en\\\/notre-actualite\\\/seminaire-conjoint-de-formation-de-diplomates-britanniques-et-francais\\\/#primaryimage\"},\"thumbnailUrl\":\"https:\\\/\\\/ihedn.fr\\\/wp-content\\\/uploads\\\/2023\\\/02\\\/002-\u00aeIHEDN-Seminaire-conjoint-de-formation-de-diplomates-britanniques-et-francais-20230207.jpg\",\"articleSection\":[\"Notre actualit\u00e9\"],\"inLanguage\":\"en-GB\"},{\"@type\":\"WebPage\",\"@id\":\"https:\\\/\\\/ihedn.fr\\\/en\\\/notre-actualite\\\/seminaire-conjoint-de-formation-de-diplomates-britanniques-et-francais\\\/\",\"url\":\"https:\\\/\\\/ihedn.fr\\\/en\\\/notre-actualite\\\/seminaire-conjoint-de-formation-de-diplomates-britanniques-et-francais\\\/\",\"name\":\"S\u00e9minaire conjoint de formation de diplomates britanniques et fran\u00e7ais - L&#039;IHEDN : Institut des hautes \u00e9tudes de d\u00e9fense nationale\",\"isPartOf\":{\"@id\":\"https:\\\/\\\/ihedn.fr\\\/#website\"},\"primaryImageOfPage\":{\"@id\":\"https:\\\/\\\/ihedn.fr\\\/en\\\/notre-actualite\\\/seminaire-conjoint-de-formation-de-diplomates-britanniques-et-francais\\\/#primaryimage\"},\"image\":{\"@id\":\"https:\\\/\\\/ihedn.fr\\\/en\\\/notre-actualite\\\/seminaire-conjoint-de-formation-de-diplomates-britanniques-et-francais\\\/#primaryimage\"},\"thumbnailUrl\":\"https:\\\/\\\/ihedn.fr\\\/wp-content\\\/uploads\\\/2023\\\/02\\\/002-\u00aeIHEDN-Seminaire-conjoint-de-formation-de-diplomates-britanniques-et-francais-20230207.jpg\",\"datePublished\":\"2023-02-07T09:37:15+00:00\",\"dateModified\":\"2023-02-07T13:19:32+00:00\",\"description\":\"Ce mardi 7 f\u00e9vrier 2023, l'Institut des hautes \u00e9tudes de d\u00e9fense nationale (IHEDN) organise, en partenariat avec l\u2019Institut diplomatique consulaire (IDC) de l\u2019Ecole pratique des m\u00e9tiers de la diplomatie (EDI), un module du s\u00e9minaire conjoint de formation de diplomates britanniques et fran\u00e7ais.\",\"breadcrumb\":{\"@id\":\"https:\\\/\\\/ihedn.fr\\\/en\\\/notre-actualite\\\/seminaire-conjoint-de-formation-de-diplomates-britanniques-et-francais\\\/#breadcrumb\"},\"inLanguage\":\"en-GB\",\"potentialAction\":[{\"@type\":\"ReadAction\",\"target\":[\"https:\\\/\\\/ihedn.fr\\\/en\\\/notre-actualite\\\/seminaire-conjoint-de-formation-de-diplomates-britanniques-et-francais\\\/\"]}]},{\"@type\":\"ImageObject\",\"inLanguage\":\"en-GB\",\"@id\":\"https:\\\/\\\/ihedn.fr\\\/en\\\/notre-actualite\\\/seminaire-conjoint-de-formation-de-diplomates-britanniques-et-francais\\\/#primaryimage\",\"url\":\"https:\\\/\\\/ihedn.fr\\\/wp-content\\\/uploads\\\/2023\\\/02\\\/002-\u00aeIHEDN-Seminaire-conjoint-de-formation-de-diplomates-britanniques-et-francais-20230207.jpg\",\"contentUrl\":\"https:\\\/\\\/ihedn.fr\\\/wp-content\\\/uploads\\\/2023\\\/02\\\/002-\u00aeIHEDN-Seminaire-conjoint-de-formation-de-diplomates-britanniques-et-francais-20230207.jpg\",\"width\":1511,\"height\":976,\"caption\":\"\u00aeIHEDN-S\u00e9minaire conjoint de formation de diplomates britanniques et fran\u00e7ais\"},{\"@type\":\"BreadcrumbList\",\"@id\":\"https:\\\/\\\/ihedn.fr\\\/en\\\/notre-actualite\\\/seminaire-conjoint-de-formation-de-diplomates-britanniques-et-francais\\\/#breadcrumb\",\"itemListElement\":[{\"@type\":\"ListItem\",\"position\":1,\"name\":\"Accueil\",\"item\":\"https:\\\/\\\/ihedn.fr\\\/\"},{\"@type\":\"ListItem\",\"position\":2,\"name\":\"S\u00e9minaire conjoint de formation de diplomates britanniques et fran\u00e7ais\"}]},{\"@type\":\"WebSite\",\"@id\":\"https:\\\/\\\/ihedn.fr\\\/#website\",\"url\":\"https:\\\/\\\/ihedn.fr\\\/\",\"name\":\"IHEDN : Institut des hautes \u00e9tudes de d\u00e9fense nationale |\",\"description\":\"Site officiel de l&#039;IHEDN plac\u00e9 sous la tutelle du Premier ministre.\",\"publisher\":{\"@id\":\"https:\\\/\\\/ihedn.fr\\\/#organization\"},\"potentialAction\":[{\"@type\":\"SearchAction\",\"target\":{\"@type\":\"EntryPoint\",\"urlTemplate\":\"https:\\\/\\\/ihedn.fr\\\/?s={search_term_string}\"},\"query-input\":{\"@type\":\"PropertyValueSpecification\",\"valueRequired\":true,\"valueName\":\"search_term_string\"}}],\"inLanguage\":\"en-GB\"},{\"@type\":\"Organization\",\"@id\":\"https:\\\/\\\/ihedn.fr\\\/#organization\",\"name\":\"IHEDN - Institut des Hautes Etudes de D\u00e9fense Nationale\",\"url\":\"https:\\\/\\\/ihedn.fr\\\/\",\"logo\":{\"@type\":\"ImageObject\",\"inLanguage\":\"en-GB\",\"@id\":\"https:\\\/\\\/ihedn.fr\\\/#\\\/schema\\\/logo\\\/image\\\/\",\"url\":\"https:\\\/\\\/ihedn.fr\\\/wp-content\\\/uploads\\\/2020\\\/11\\\/BLOC_RF_IHEDN_WEB.png\",\"contentUrl\":\"https:\\\/\\\/ihedn.fr\\\/wp-content\\\/uploads\\\/2020\\\/11\\\/BLOC_RF_IHEDN_WEB.png\",\"width\":500,\"height\":237,\"caption\":\"IHEDN - Institut des Hautes Etudes de D\u00e9fense Nationale\"},\"image\":{\"@id\":\"https:\\\/\\\/ihedn.fr\\\/#\\\/schema\\\/logo\\\/image\\\/\"},\"sameAs\":[\"https:\\\/\\\/www.facebook.com\\\/ihedn\\\/\",\"https:\\\/\\\/x.com\\\/IHEDN\",\"https:\\\/\\\/www.instagram.com\\\/ihedn\\\/\",\"https:\\\/\\\/www.linkedin.com\\\/school\\\/ihedn\\\/\",\"https:\\\/\\\/fr.wikipedia.org\\\/wiki\\\/Institut_des_hautes_\u00e9tudes_de_D\u00e9fense_nationale\"]},{\"@type\":\"Person\",\"@id\":\"https:\\\/\\\/ihedn.fr\\\/#\\\/schema\\\/person\\\/7a40155595e4efb35323447cb8c8c5a4\",\"name\":\"dev\",\"image\":{\"@type\":\"ImageObject\",\"inLanguage\":\"en-GB\",\"@id\":\"https:\\\/\\\/secure.gravatar.com\\\/avatar\\\/f1ffcac9ca2fa95ad3ec33e9be3ade82f752acb0cabe541e56c5889225afa88a?s=96&d=mm&r=g\",\"url\":\"https:\\\/\\\/secure.gravatar.com\\\/avatar\\\/f1ffcac9ca2fa95ad3ec33e9be3ade82f752acb0cabe541e56c5889225afa88a?s=96&d=mm&r=g\",\"contentUrl\":\"https:\\\/\\\/secure.gravatar.com\\\/avatar\\\/f1ffcac9ca2fa95ad3ec33e9be3ade82f752acb0cabe541e56c5889225afa88a?s=96&d=mm&r=g\",\"caption\":\"dev\"},\"sameAs\":[\"https:\\\/\\\/ihedn.concilium.click\"],\"url\":\"https:\\\/\\\/ihedn.fr\\\/en\\\/author\\\/dev\\\/\"}]}<\/script>\n<!-- \/ Yoast SEO plugin. -->","yoast_head_json":{"title":"Joint training seminar for British and French diplomats - L'IHEDN : Institut des hautes \u00e9tudes de d\u00e9fense nationale","description":"On Tuesday 7 February 2023, the Institut des hautes \u00e9tudes de d\u00e9fense nationale (IHEDN), in partnership with the Institut diplomatique consulaire (IDC) of the Ecole pratique des m\u00e9tiers de la diplomatie (EDI), is organising a module of the joint training seminar for British and French diplomats.","robots":{"index":"index","follow":"follow","max-snippet":"max-snippet:-1","max-image-preview":"max-image-preview:large","max-video-preview":"max-video-preview:-1"},"canonical":"https:\/\/ihedn.fr\/en\/notre-actualite\/seminaire-conjoint-de-formation-de-diplomates-britanniques-et-francais\/","og_locale":"en_GB","og_type":"article","og_title":"S\u00e9minaire conjoint de formation de diplomates britanniques et fran\u00e7ais","og_description":"Ce mardi 7 f\u00e9vrier 2023, l'Institut des hautes \u00e9tudes de d\u00e9fense nationale (IHEDN) organise, en partenariat avec l\u2019Institut diplomatique consulaire (IDC) de l\u2019Ecole pratique des m\u00e9tiers de la diplomatie (EDI), un module du s\u00e9minaire conjoint de formation de diplomates britanniques et fran\u00e7ais.","og_url":"https:\/\/ihedn.fr\/en\/notre-actualite\/seminaire-conjoint-de-formation-de-diplomates-britanniques-et-francais\/","og_site_name":"L&#039;IHEDN : Institut des hautes \u00e9tudes de d\u00e9fense nationale","article_publisher":"https:\/\/www.facebook.com\/ihedn\/","article_published_time":"2023-02-07T09:37:15+00:00","article_modified_time":"2023-02-07T13:19:32+00:00","og_image":[{"width":1511,"height":976,"url":"https:\/\/ihedn.fr\/wp-content\/uploads\/2023\/02\/002-\u00aeIHEDN-Seminaire-conjoint-de-formation-de-diplomates-britanniques-et-francais-20230207.jpg","type":"image\/jpeg"}],"author":"dev","twitter_card":"summary_large_image","twitter_title":"S\u00e9minaire conjoint de formation de diplomates britanniques et fran\u00e7ais","twitter_description":"Ce mardi 7 f\u00e9vrier 2023, l'Institut des hautes \u00e9tudes de d\u00e9fense nationale (IHEDN) organise, en partenariat avec l\u2019Institut diplomatique consulaire (IDC) de l\u2019Ecole pratique des m\u00e9tiers de la diplomatie (EDI), un module du s\u00e9minaire conjoint de formation de diplomates britanniques et fran\u00e7ais.","twitter_image":"https:\/\/ihedn.fr\/wp-content\/uploads\/2023\/02\/002-\u00aeIHEDN-Seminaire-conjoint-de-formation-de-diplomates-britanniques-et-francais-20230207.jpg","twitter_creator":"@IHEDN","twitter_site":"@IHEDN","twitter_misc":{"Written by":"dev","Estimated reading time":"2 minutes"},"schema":{"@context":"https:\/\/schema.org","@graph":[{"@type":"Article","@id":"https:\/\/ihedn.fr\/en\/notre-actualite\/seminaire-conjoint-de-formation-de-diplomates-britanniques-et-francais\/#article","isPartOf":{"@id":"https:\/\/ihedn.fr\/en\/notre-actualite\/seminaire-conjoint-de-formation-de-diplomates-britanniques-et-francais\/"},"author":{"name":"dev","@id":"https:\/\/ihedn.fr\/#\/schema\/person\/7a40155595e4efb35323447cb8c8c5a4"},"headline":"S\u00e9minaire conjoint de formation de diplomates britanniques et fran\u00e7ais","datePublished":"2023-02-07T09:37:15+00:00","dateModified":"2023-02-07T13:19:32+00:00","mainEntityOfPage":{"@id":"https:\/\/ihedn.fr\/en\/notre-actualite\/seminaire-conjoint-de-formation-de-diplomates-britanniques-et-francais\/"},"wordCount":227,"publisher":{"@id":"https:\/\/ihedn.fr\/#organization"},"image":{"@id":"https:\/\/ihedn.fr\/en\/notre-actualite\/seminaire-conjoint-de-formation-de-diplomates-britanniques-et-francais\/#primaryimage"},"thumbnailUrl":"https:\/\/ihedn.fr\/wp-content\/uploads\/2023\/02\/002-\u00aeIHEDN-Seminaire-conjoint-de-formation-de-diplomates-britanniques-et-francais-20230207.jpg","articleSection":["Notre actualit\u00e9"],"inLanguage":"en-GB"},{"@type":"WebPage","@id":"https:\/\/ihedn.fr\/en\/notre-actualite\/seminaire-conjoint-de-formation-de-diplomates-britanniques-et-francais\/","url":"https:\/\/ihedn.fr\/en\/notre-actualite\/seminaire-conjoint-de-formation-de-diplomates-britanniques-et-francais\/","name":"Joint training seminar for British and French diplomats - L'IHEDN : Institut des hautes \u00e9tudes de d\u00e9fense nationale","isPartOf":{"@id":"https:\/\/ihedn.fr\/#website"},"primaryImageOfPage":{"@id":"https:\/\/ihedn.fr\/en\/notre-actualite\/seminaire-conjoint-de-formation-de-diplomates-britanniques-et-francais\/#primaryimage"},"image":{"@id":"https:\/\/ihedn.fr\/en\/notre-actualite\/seminaire-conjoint-de-formation-de-diplomates-britanniques-et-francais\/#primaryimage"},"thumbnailUrl":"https:\/\/ihedn.fr\/wp-content\/uploads\/2023\/02\/002-\u00aeIHEDN-Seminaire-conjoint-de-formation-de-diplomates-britanniques-et-francais-20230207.jpg","datePublished":"2023-02-07T09:37:15+00:00","dateModified":"2023-02-07T13:19:32+00:00","description":"On Tuesday 7 February 2023, the Institut des hautes \u00e9tudes de d\u00e9fense nationale (IHEDN), in partnership with the Institut diplomatique consulaire (IDC) of the Ecole pratique des m\u00e9tiers de la diplomatie (EDI), is organising a module of the joint training seminar for British and French diplomats.","breadcrumb":{"@id":"https:\/\/ihedn.fr\/en\/notre-actualite\/seminaire-conjoint-de-formation-de-diplomates-britanniques-et-francais\/#breadcrumb"},"inLanguage":"en-GB","potentialAction":[{"@type":"ReadAction","target":["https:\/\/ihedn.fr\/en\/notre-actualite\/seminaire-conjoint-de-formation-de-diplomates-britanniques-et-francais\/"]}]},{"@type":"ImageObject","inLanguage":"en-GB","@id":"https:\/\/ihedn.fr\/en\/notre-actualite\/seminaire-conjoint-de-formation-de-diplomates-britanniques-et-francais\/#primaryimage","url":"https:\/\/ihedn.fr\/wp-content\/uploads\/2023\/02\/002-\u00aeIHEDN-Seminaire-conjoint-de-formation-de-diplomates-britanniques-et-francais-20230207.jpg","contentUrl":"https:\/\/ihedn.fr\/wp-content\/uploads\/2023\/02\/002-\u00aeIHEDN-Seminaire-conjoint-de-formation-de-diplomates-britanniques-et-francais-20230207.jpg","width":1511,"height":976,"caption":"\u00aeIHEDN-S\u00e9minaire conjoint de formation de diplomates britanniques et fran\u00e7ais"},{"@type":"BreadcrumbList","@id":"https:\/\/ihedn.fr\/en\/notre-actualite\/seminaire-conjoint-de-formation-de-diplomates-britanniques-et-francais\/#breadcrumb","itemListElement":[{"@type":"ListItem","position":1,"name":"Accueil","item":"https:\/\/ihedn.fr\/"},{"@type":"ListItem","position":2,"name":"S\u00e9minaire conjoint de formation de diplomates britanniques et fran\u00e7ais"}]},{"@type":"WebSite","@id":"https:\/\/ihedn.fr\/#website","url":"https:\/\/ihedn.fr\/","name":"IHEDN: Institut des hautes \u00e9tudes de d\u00e9fense nationale (Institute for Higher National Defence Studies)","description":"Official website of the IHEDN under the supervision of the Prime Minister.","publisher":{"@id":"https:\/\/ihedn.fr\/#organization"},"potentialAction":[{"@type":"SearchAction","target":{"@type":"EntryPoint","urlTemplate":"https:\/\/ihedn.fr\/?s={search_term_string}"},"query-input":{"@type":"PropertyValueSpecification","valueRequired":true,"valueName":"search_term_string"}}],"inLanguage":"en-GB"},{"@type":"Organization","@id":"https:\/\/ihedn.fr\/#organization","name":"IHEDN - Institute for Higher National Defence Studies","url":"https:\/\/ihedn.fr\/","logo":{"@type":"ImageObject","inLanguage":"en-GB","@id":"https:\/\/ihedn.fr\/#\/schema\/logo\/image\/","url":"https:\/\/ihedn.fr\/wp-content\/uploads\/2020\/11\/BLOC_RF_IHEDN_WEB.png","contentUrl":"https:\/\/ihedn.fr\/wp-content\/uploads\/2020\/11\/BLOC_RF_IHEDN_WEB.png","width":500,"height":237,"caption":"IHEDN - Institut des Hautes Etudes de D\u00e9fense Nationale"},"image":{"@id":"https:\/\/ihedn.fr\/#\/schema\/logo\/image\/"},"sameAs":["https:\/\/www.facebook.com\/ihedn\/","https:\/\/x.com\/IHEDN","https:\/\/www.instagram.com\/ihedn\/","https:\/\/www.linkedin.com\/school\/ihedn\/","https:\/\/fr.wikipedia.org\/wiki\/Institut_des_hautes_\u00e9tudes_de_D\u00e9fense_nationale"]},{"@type":"Person","@id":"https:\/\/ihedn.fr\/#\/schema\/person\/7a40155595e4efb35323447cb8c8c5a4","name":"dev","image":{"@type":"ImageObject","inLanguage":"en-GB","@id":"https:\/\/secure.gravatar.com\/avatar\/f1ffcac9ca2fa95ad3ec33e9be3ade82f752acb0cabe541e56c5889225afa88a?s=96&d=mm&r=g","url":"https:\/\/secure.gravatar.com\/avatar\/f1ffcac9ca2fa95ad3ec33e9be3ade82f752acb0cabe541e56c5889225afa88a?s=96&d=mm&r=g","contentUrl":"https:\/\/secure.gravatar.com\/avatar\/f1ffcac9ca2fa95ad3ec33e9be3ade82f752acb0cabe541e56c5889225afa88a?s=96&d=mm&r=g","caption":"dev"},"sameAs":["https:\/\/ihedn.concilium.click"],"url":"https:\/\/ihedn.fr\/en\/author\/dev\/"}]}},"publishpress_future_action":{"enabled":false,"date":"2026-05-09 11:43:19","action":"change-status","newStatus":"draft","terms":[],"taxonomy":"category","extraData":[]},"publishpress_future_workflow_manual_trigger":{"enabledWorkflows":[]},"_links":{"self":[{"href":"https:\/\/ihedn.fr\/en\/wp-json\/wp\/v2\/posts\/34414","targetHints":{"allow":["GET"]}}],"collection":[{"href":"https:\/\/ihedn.fr\/en\/wp-json\/wp\/v2\/posts"}],"about":[{"href":"https:\/\/ihedn.fr\/en\/wp-json\/wp\/v2\/types\/post"}],"author":[{"embeddable":true,"href":"https:\/\/ihedn.fr\/en\/wp-json\/wp\/v2\/users\/1"}],"replies":[{"embeddable":true,"href":"https:\/\/ihedn.fr\/en\/wp-json\/wp\/v2\/comments?post=34414"}],"version-history":[{"count":18,"href":"https:\/\/ihedn.fr\/en\/wp-json\/wp\/v2\/posts\/34414\/revisions"}],"predecessor-version":[{"id":34448,"href":"https:\/\/ihedn.fr\/en\/wp-json\/wp\/v2\/posts\/34414\/revisions\/34448"}],"wp:featuredmedia":[{"embeddable":true,"href":"https:\/\/ihedn.fr\/en\/wp-json\/wp\/v2\/media\/34418"}],"wp:attachment":[{"href":"https:\/\/ihedn.fr\/en\/wp-json\/wp\/v2\/media?parent=34414"}],"wp:term":[{"taxonomy":"category","embeddable":true,"href":"https:\/\/ihedn.fr\/en\/wp-json\/wp\/v2\/categories?post=34414"},{"taxonomy":"post_tag","embeddable":true,"href":"https:\/\/ihedn.fr\/en\/wp-json\/wp\/v2\/tags?post=34414"}],"curies":[{"name":"wp","href":"https:\/\/api.w.org\/{rel}","templated":true}]}}