{"id":3454,"date":"2021-03-22T16:00:00","date_gmt":"2021-03-22T15:00:00","guid":{"rendered":"https:\/\/ihedn.concilium.click\/?p=3454"},"modified":"2022-11-25T15:23:02","modified_gmt":"2022-11-25T14:23:02","slug":"seminaire-de-mars-de-la-3e-session-nationale-session-nationale-souverainete-numerique-et-cybersecurite","status":"publish","type":"post","link":"https:\/\/ihedn.fr\/en\/notre-actualite\/seminaire-de-mars-de-la-3e-session-nationale-session-nationale-souverainete-numerique-et-cybersecurite\/","title":{"rendered":"March seminar of the 3rd national session on \"Digital Sovereignty and Cybersecurity\"."},"content":{"rendered":"<div data-elementor-type=\"wp-post\" data-elementor-id=\"3454\" class=\"elementor elementor-3454\" data-elementor-post-type=\"post\">\n\t\t\t\t\t\t<section data-particle_enable=\"false\" data-particle-mobile-disabled=\"false\" class=\"elementor-section elementor-top-section elementor-element elementor-element-5669227 elementor-section-boxed elementor-section-height-default elementor-section-height-default\" data-id=\"5669227\" data-element_type=\"section\" data-e-type=\"section\">\n\t\t\t\t\t\t<div class=\"elementor-container elementor-column-gap-default\">\n\t\t\t\t\t<div class=\"elementor-column elementor-col-100 elementor-top-column elementor-element elementor-element-ff96a05\" data-id=\"ff96a05\" data-element_type=\"column\" data-e-type=\"column\">\n\t\t\t<div class=\"elementor-widget-wrap elementor-element-populated\">\n\t\t\t\t\t\t<div class=\"elementor-element elementor-element-6cc69f0 elementor-widget elementor-widget-text-editor\" data-id=\"6cc69f0\" data-element_type=\"widget\" data-e-type=\"widget\" data-widget_type=\"text-editor.default\">\n\t\t\t\t<div class=\"elementor-widget-container\">\n\t\t\t\t\t\t\t\t\t<p>The 3<sup>e<\/sup> he \"Digital Sovereignty and Cybersecurity\" national session has been able to cover many aspects of the programme over the last few months, despite health constraints which have meant that the conferences have been held remotely. From the presentation of foreign cyber strategies, including that of Israel led by Etaviar Matania, former Director General of the Israel National Cyber Directorate, to the law of armed conflict in cyberspace, not forgetting presentations on cryptography, blockchain and cyber risk management by businesses, listeners were able to gain access to a wide range of issues affecting cyberspace.<\/p>\t\t\t\t\t\t\t\t<\/div>\n\t\t\t\t<\/div>\n\t\t\t\t\t<\/div>\n\t\t<\/div>\n\t\t\t\t\t<\/div>\n\t\t<\/section>\n\t\t\t\t<section data-particle_enable=\"false\" data-particle-mobile-disabled=\"false\" class=\"elementor-section elementor-top-section elementor-element elementor-element-013e569 elementor-section-boxed elementor-section-height-default elementor-section-height-default\" data-id=\"013e569\" data-element_type=\"section\" data-e-type=\"section\">\n\t\t\t\t\t\t<div class=\"elementor-container elementor-column-gap-default\">\n\t\t\t\t\t<div class=\"elementor-column elementor-col-100 elementor-top-column elementor-element elementor-element-d191749\" data-id=\"d191749\" data-element_type=\"column\" data-e-type=\"column\">\n\t\t\t<div class=\"elementor-widget-wrap elementor-element-populated\">\n\t\t\t\t\t\t<div class=\"elementor-element elementor-element-dea5135 elementor-widget elementor-widget-image\" data-id=\"dea5135\" data-element_type=\"widget\" data-e-type=\"widget\" data-widget_type=\"image.default\">\n\t\t\t\t<div class=\"elementor-widget-container\">\n\t\t\t\t\t\t\t\t\t\t\t\t\t\t\t<img fetchpriority=\"high\" decoding=\"async\" width=\"1369\" height=\"710\" src=\"https:\/\/ihedn.fr\/wp-content\/uploads\/2020\/09\/3e-SNC.jpg\" class=\"attachment-full size-full wp-image-9521\" alt=\"La 3e session nationale \u00ab Souverainet\u00e9 num\u00e9rique et cybers\u00e9curit\u00e9 \u00bb\" \/>\t\t\t\t\t\t\t\t\t\t\t\t\t\t\t<\/div>\n\t\t\t\t<\/div>\n\t\t\t\t\t<\/div>\n\t\t<\/div>\n\t\t\t\t\t<\/div>\n\t\t<\/section>\n\t\t\t\t<section data-particle_enable=\"false\" data-particle-mobile-disabled=\"false\" class=\"elementor-section elementor-top-section elementor-element elementor-element-4d6eecc elementor-section-boxed elementor-section-height-default elementor-section-height-default\" data-id=\"4d6eecc\" data-element_type=\"section\" data-e-type=\"section\">\n\t\t\t\t\t\t<div class=\"elementor-container elementor-column-gap-default\">\n\t\t\t\t\t<div class=\"elementor-column elementor-col-100 elementor-top-column elementor-element elementor-element-b78d279\" data-id=\"b78d279\" data-element_type=\"column\" data-e-type=\"column\">\n\t\t\t<div class=\"elementor-widget-wrap elementor-element-populated\">\n\t\t\t\t\t\t<div class=\"elementor-element elementor-element-02a11fd elementor-widget elementor-widget-text-editor\" data-id=\"02a11fd\" data-element_type=\"widget\" data-e-type=\"widget\" data-widget_type=\"text-editor.default\">\n\t\t\t\t<div class=\"elementor-widget-container\">\n\t\t\t\t\t\t\t\t\t<p>This week, they had the pleasure of meeting up again to discuss crisis management and tackle the issue of cyber in Europe.<\/p>\t\t\t\t\t\t\t\t<\/div>\n\t\t\t\t<\/div>\n\t\t\t\t\t<\/div>\n\t\t<\/div>\n\t\t\t\t\t<\/div>\n\t\t<\/section>\n\t\t\t\t<section data-particle_enable=\"false\" data-particle-mobile-disabled=\"false\" class=\"elementor-section elementor-top-section elementor-element elementor-element-8bb852b elementor-section-boxed elementor-section-height-default elementor-section-height-default\" data-id=\"8bb852b\" data-element_type=\"section\" data-e-type=\"section\">\n\t\t\t\t\t\t<div class=\"elementor-container elementor-column-gap-default\">\n\t\t\t\t\t<div class=\"elementor-column elementor-col-100 elementor-top-column elementor-element elementor-element-f9ab0d4\" data-id=\"f9ab0d4\" data-element_type=\"column\" data-e-type=\"column\">\n\t\t\t<div class=\"elementor-widget-wrap elementor-element-populated\">\n\t\t\t\t\t\t<div class=\"elementor-element elementor-element-0c3543d elementor-widget elementor-widget-text-editor\" data-id=\"0c3543d\" data-element_type=\"widget\" data-e-type=\"widget\" data-widget_type=\"text-editor.default\">\n\t\t\t\t<div class=\"elementor-widget-container\">\n\t\t\t\t\t\t\t\t\t<p>On Wednesday and Thursday, the class, divided into two groups for health reasons, carried out a crisis management exercise. This role-playing and real-time simulation exercise, conducted jointly by the Institut des Hautes \u00c9tudes du Minist\u00e8re de l'Int\u00e9rieur (IHEMI) and ANSSI, plunged them into the heart of a crisis and enabled them to apply the knowledge they had acquired since September, but above all to leave with a set of best practices for the future.<\/p>\t\t\t\t\t\t\t\t<\/div>\n\t\t\t\t<\/div>\n\t\t\t\t\t<\/div>\n\t\t<\/div>\n\t\t\t\t\t<\/div>\n\t\t<\/section>\n\t\t\t\t<section data-particle_enable=\"false\" data-particle-mobile-disabled=\"false\" class=\"elementor-section elementor-top-section elementor-element elementor-element-db12df8 elementor-section-boxed elementor-section-height-default elementor-section-height-default\" data-id=\"db12df8\" data-element_type=\"section\" data-e-type=\"section\">\n\t\t\t\t\t\t<div class=\"elementor-container elementor-column-gap-default\">\n\t\t\t\t\t<div class=\"elementor-column elementor-col-100 elementor-top-column elementor-element elementor-element-06e48ad\" data-id=\"06e48ad\" data-element_type=\"column\" data-e-type=\"column\">\n\t\t\t<div class=\"elementor-widget-wrap elementor-element-populated\">\n\t\t\t\t\t\t<div class=\"elementor-element elementor-element-6ffde11 elementor-widget elementor-widget-text-editor\" data-id=\"6ffde11\" data-element_type=\"widget\" data-e-type=\"widget\" data-widget_type=\"text-editor.default\">\n\t\t\t\t<div class=\"elementor-widget-container\">\n\t\t\t\t\t\t\t\t\t<p>Friday was devoted to the European Union's cyber strategy. After a presentation by NATO, the civil and military cyber domains at EU level were discussed. These presentations gave listeners the opportunity to discuss both national and European digital sovereignty, the links between them and their future. The conference scheduled for April by Thierry BRETON, European Commissioner for Industrial Policy, Internal Market, Digital Agenda, Defence and Space, will shed further light on the means and feasibility of implementing a cyber strategy in the EU.<\/p>\t\t\t\t\t\t\t\t<\/div>\n\t\t\t\t<\/div>\n\t\t\t\t\t<\/div>\n\t\t<\/div>\n\t\t\t\t\t<\/div>\n\t\t<\/section>\n\t\t\t\t<\/div>","protected":false},"excerpt":{"rendered":"<p>La 3e session nationale \u00ab\u00a0Souverainet\u00e9 num\u00e9rique et cybers\u00e9curit\u00e9\u00a0\u00bb a pu durant ces derniers mois aborder de nombreux pans du programme, en d\u00e9pit des contraintes sanitaires qui ont vu les conf\u00e9rences se d\u00e9rouler en distanciel. De la pr\u00e9sentation des strat\u00e9gies cyber \u00e9trang\u00e8res, dont notamment celle d\u2019Isra\u00ebl men\u00e9e par Etaviar Matania, ancien directeur g\u00e9n\u00e9ral du Israel National [&hellip;]<\/p>\n","protected":false},"author":1,"featured_media":9521,"comment_status":"closed","ping_status":"closed","sticky":false,"template":"","format":"standard","meta":{"footnotes":""},"categories":[172],"tags":[],"class_list":["post-3454","post","type-post","status-publish","format-standard","has-post-thumbnail","hentry","category-notre-actualite"],"yoast_head":"<!-- This site is optimized with the Yoast SEO plugin v27.5 - https:\/\/yoast.com\/product\/yoast-seo-wordpress\/ -->\n<title>S\u00e9minaire de mars de la 3e session nationale session nationale &quot;Souverainet\u00e9 num\u00e9rique et cybers\u00e9curit\u00e9&quot; - L&#039;IHEDN : Institut des hautes \u00e9tudes de d\u00e9fense nationale<\/title>\n<meta name=\"robots\" content=\"index, follow, max-snippet:-1, max-image-preview:large, max-video-preview:-1\" \/>\n<link rel=\"canonical\" href=\"https:\/\/ihedn.fr\/en\/actualites-des-sessions\/seminaire-de-mars-de-la-3e-session-nationale-session-nationale-souverainete-numerique-et-cybersecurite\/\" \/>\n<meta property=\"og:locale\" content=\"en_GB\" \/>\n<meta property=\"og:type\" content=\"article\" \/>\n<meta property=\"og:title\" content=\"S\u00e9minaire de mars de la 3e session nationale session nationale &quot;Souverainet\u00e9 num\u00e9rique et cybers\u00e9curit\u00e9&quot; - L&#039;IHEDN : Institut des hautes \u00e9tudes de d\u00e9fense nationale\" \/>\n<meta property=\"og:description\" content=\"La 3e session nationale \u00ab\u00a0Souverainet\u00e9 num\u00e9rique et cybers\u00e9curit\u00e9\u00a0\u00bb a pu durant ces derniers mois aborder de nombreux pans du programme, en d\u00e9pit des contraintes sanitaires qui ont vu les conf\u00e9rences se d\u00e9rouler en distanciel. De la pr\u00e9sentation des strat\u00e9gies cyber \u00e9trang\u00e8res, dont notamment celle d\u2019Isra\u00ebl men\u00e9e par Etaviar Matania, ancien directeur g\u00e9n\u00e9ral du Israel National [&hellip;]\" \/>\n<meta property=\"og:url\" content=\"https:\/\/ihedn.fr\/en\/actualites-des-sessions\/seminaire-de-mars-de-la-3e-session-nationale-session-nationale-souverainete-numerique-et-cybersecurite\/\" \/>\n<meta property=\"og:site_name\" content=\"L&#039;IHEDN : Institut des hautes \u00e9tudes de d\u00e9fense nationale\" \/>\n<meta property=\"article:publisher\" content=\"https:\/\/www.facebook.com\/ihedn\/\" \/>\n<meta property=\"article:published_time\" content=\"2021-03-22T15:00:00+00:00\" \/>\n<meta property=\"article:modified_time\" content=\"2022-11-25T14:23:02+00:00\" \/>\n<meta property=\"og:image\" content=\"https:\/\/ihedn.fr\/wp-content\/uploads\/2020\/09\/3e-SNC.jpg\" \/>\n\t<meta property=\"og:image:width\" content=\"1369\" \/>\n\t<meta property=\"og:image:height\" content=\"710\" \/>\n\t<meta property=\"og:image:type\" content=\"image\/jpeg\" \/>\n<meta name=\"author\" content=\"dev\" \/>\n<meta name=\"twitter:card\" content=\"summary_large_image\" \/>\n<meta name=\"twitter:creator\" content=\"@IHEDN\" \/>\n<meta name=\"twitter:site\" content=\"@IHEDN\" \/>\n<meta name=\"twitter:label1\" content=\"Written by\" \/>\n\t<meta name=\"twitter:data1\" content=\"dev\" \/>\n\t<meta name=\"twitter:label2\" content=\"Estimated reading time\" \/>\n\t<meta name=\"twitter:data2\" content=\"2 minutes\" \/>\n<script type=\"application\/ld+json\" class=\"yoast-schema-graph\">{\"@context\":\"https:\\\/\\\/schema.org\",\"@graph\":[{\"@type\":\"Article\",\"@id\":\"https:\\\/\\\/ihedn.fr\\\/actualites-des-sessions\\\/seminaire-de-mars-de-la-3e-session-nationale-session-nationale-souverainete-numerique-et-cybersecurite\\\/#article\",\"isPartOf\":{\"@id\":\"https:\\\/\\\/ihedn.fr\\\/actualites-des-sessions\\\/seminaire-de-mars-de-la-3e-session-nationale-session-nationale-souverainete-numerique-et-cybersecurite\\\/\"},\"author\":{\"name\":\"dev\",\"@id\":\"https:\\\/\\\/ihedn.fr\\\/#\\\/schema\\\/person\\\/7a40155595e4efb35323447cb8c8c5a4\"},\"headline\":\"S\u00e9minaire de mars de la 3e session nationale session nationale \u00ab\u00a0Souverainet\u00e9 num\u00e9rique et cybers\u00e9curit\u00e9\u00a0\u00bb\",\"datePublished\":\"2021-03-22T15:00:00+00:00\",\"dateModified\":\"2022-11-25T14:23:02+00:00\",\"mainEntityOfPage\":{\"@id\":\"https:\\\/\\\/ihedn.fr\\\/actualites-des-sessions\\\/seminaire-de-mars-de-la-3e-session-nationale-session-nationale-souverainete-numerique-et-cybersecurite\\\/\"},\"wordCount\":390,\"publisher\":{\"@id\":\"https:\\\/\\\/ihedn.fr\\\/#organization\"},\"image\":{\"@id\":\"https:\\\/\\\/ihedn.fr\\\/actualites-des-sessions\\\/seminaire-de-mars-de-la-3e-session-nationale-session-nationale-souverainete-numerique-et-cybersecurite\\\/#primaryimage\"},\"thumbnailUrl\":\"https:\\\/\\\/ihedn.fr\\\/wp-content\\\/uploads\\\/2020\\\/09\\\/3e-SNC.jpg\",\"articleSection\":[\"Notre actualit\u00e9\"],\"inLanguage\":\"en-GB\"},{\"@type\":\"WebPage\",\"@id\":\"https:\\\/\\\/ihedn.fr\\\/actualites-des-sessions\\\/seminaire-de-mars-de-la-3e-session-nationale-session-nationale-souverainete-numerique-et-cybersecurite\\\/\",\"url\":\"https:\\\/\\\/ihedn.fr\\\/actualites-des-sessions\\\/seminaire-de-mars-de-la-3e-session-nationale-session-nationale-souverainete-numerique-et-cybersecurite\\\/\",\"name\":\"S\u00e9minaire de mars de la 3e session nationale session nationale \\\"Souverainet\u00e9 num\u00e9rique et cybers\u00e9curit\u00e9\\\" - L&#039;IHEDN : Institut des hautes \u00e9tudes de d\u00e9fense nationale\",\"isPartOf\":{\"@id\":\"https:\\\/\\\/ihedn.fr\\\/#website\"},\"primaryImageOfPage\":{\"@id\":\"https:\\\/\\\/ihedn.fr\\\/actualites-des-sessions\\\/seminaire-de-mars-de-la-3e-session-nationale-session-nationale-souverainete-numerique-et-cybersecurite\\\/#primaryimage\"},\"image\":{\"@id\":\"https:\\\/\\\/ihedn.fr\\\/actualites-des-sessions\\\/seminaire-de-mars-de-la-3e-session-nationale-session-nationale-souverainete-numerique-et-cybersecurite\\\/#primaryimage\"},\"thumbnailUrl\":\"https:\\\/\\\/ihedn.fr\\\/wp-content\\\/uploads\\\/2020\\\/09\\\/3e-SNC.jpg\",\"datePublished\":\"2021-03-22T15:00:00+00:00\",\"dateModified\":\"2022-11-25T14:23:02+00:00\",\"breadcrumb\":{\"@id\":\"https:\\\/\\\/ihedn.fr\\\/actualites-des-sessions\\\/seminaire-de-mars-de-la-3e-session-nationale-session-nationale-souverainete-numerique-et-cybersecurite\\\/#breadcrumb\"},\"inLanguage\":\"en-GB\",\"potentialAction\":[{\"@type\":\"ReadAction\",\"target\":[\"https:\\\/\\\/ihedn.fr\\\/actualites-des-sessions\\\/seminaire-de-mars-de-la-3e-session-nationale-session-nationale-souverainete-numerique-et-cybersecurite\\\/\"]}]},{\"@type\":\"ImageObject\",\"inLanguage\":\"en-GB\",\"@id\":\"https:\\\/\\\/ihedn.fr\\\/actualites-des-sessions\\\/seminaire-de-mars-de-la-3e-session-nationale-session-nationale-souverainete-numerique-et-cybersecurite\\\/#primaryimage\",\"url\":\"https:\\\/\\\/ihedn.fr\\\/wp-content\\\/uploads\\\/2020\\\/09\\\/3e-SNC.jpg\",\"contentUrl\":\"https:\\\/\\\/ihedn.fr\\\/wp-content\\\/uploads\\\/2020\\\/09\\\/3e-SNC.jpg\",\"width\":1369,\"height\":710,\"caption\":\"La 3e session nationale \u00ab Souverainet\u00e9 num\u00e9rique et cybers\u00e9curit\u00e9 \u00bb\"},{\"@type\":\"BreadcrumbList\",\"@id\":\"https:\\\/\\\/ihedn.fr\\\/actualites-des-sessions\\\/seminaire-de-mars-de-la-3e-session-nationale-session-nationale-souverainete-numerique-et-cybersecurite\\\/#breadcrumb\",\"itemListElement\":[{\"@type\":\"ListItem\",\"position\":1,\"name\":\"Accueil\",\"item\":\"https:\\\/\\\/ihedn.fr\\\/\"},{\"@type\":\"ListItem\",\"position\":2,\"name\":\"S\u00e9minaire de mars de la 3e session nationale session nationale \u00ab\u00a0Souverainet\u00e9 num\u00e9rique et cybers\u00e9curit\u00e9\u00a0\u00bb\"}]},{\"@type\":\"WebSite\",\"@id\":\"https:\\\/\\\/ihedn.fr\\\/#website\",\"url\":\"https:\\\/\\\/ihedn.fr\\\/\",\"name\":\"IHEDN : Institut des hautes \u00e9tudes de d\u00e9fense nationale |\",\"description\":\"Site officiel de l&#039;IHEDN plac\u00e9 sous la tutelle du Premier ministre.\",\"publisher\":{\"@id\":\"https:\\\/\\\/ihedn.fr\\\/#organization\"},\"potentialAction\":[{\"@type\":\"SearchAction\",\"target\":{\"@type\":\"EntryPoint\",\"urlTemplate\":\"https:\\\/\\\/ihedn.fr\\\/?s={search_term_string}\"},\"query-input\":{\"@type\":\"PropertyValueSpecification\",\"valueRequired\":true,\"valueName\":\"search_term_string\"}}],\"inLanguage\":\"en-GB\"},{\"@type\":\"Organization\",\"@id\":\"https:\\\/\\\/ihedn.fr\\\/#organization\",\"name\":\"IHEDN - Institut des Hautes Etudes de D\u00e9fense Nationale\",\"url\":\"https:\\\/\\\/ihedn.fr\\\/\",\"logo\":{\"@type\":\"ImageObject\",\"inLanguage\":\"en-GB\",\"@id\":\"https:\\\/\\\/ihedn.fr\\\/#\\\/schema\\\/logo\\\/image\\\/\",\"url\":\"https:\\\/\\\/ihedn.fr\\\/wp-content\\\/uploads\\\/2020\\\/11\\\/BLOC_RF_IHEDN_WEB.png\",\"contentUrl\":\"https:\\\/\\\/ihedn.fr\\\/wp-content\\\/uploads\\\/2020\\\/11\\\/BLOC_RF_IHEDN_WEB.png\",\"width\":500,\"height\":237,\"caption\":\"IHEDN - Institut des Hautes Etudes de D\u00e9fense Nationale\"},\"image\":{\"@id\":\"https:\\\/\\\/ihedn.fr\\\/#\\\/schema\\\/logo\\\/image\\\/\"},\"sameAs\":[\"https:\\\/\\\/www.facebook.com\\\/ihedn\\\/\",\"https:\\\/\\\/x.com\\\/IHEDN\",\"https:\\\/\\\/www.instagram.com\\\/ihedn\\\/\",\"https:\\\/\\\/www.linkedin.com\\\/school\\\/ihedn\\\/\",\"https:\\\/\\\/fr.wikipedia.org\\\/wiki\\\/Institut_des_hautes_\u00e9tudes_de_D\u00e9fense_nationale\"]},{\"@type\":\"Person\",\"@id\":\"https:\\\/\\\/ihedn.fr\\\/#\\\/schema\\\/person\\\/7a40155595e4efb35323447cb8c8c5a4\",\"name\":\"dev\",\"image\":{\"@type\":\"ImageObject\",\"inLanguage\":\"en-GB\",\"@id\":\"https:\\\/\\\/secure.gravatar.com\\\/avatar\\\/f1ffcac9ca2fa95ad3ec33e9be3ade82f752acb0cabe541e56c5889225afa88a?s=96&d=mm&r=g\",\"url\":\"https:\\\/\\\/secure.gravatar.com\\\/avatar\\\/f1ffcac9ca2fa95ad3ec33e9be3ade82f752acb0cabe541e56c5889225afa88a?s=96&d=mm&r=g\",\"contentUrl\":\"https:\\\/\\\/secure.gravatar.com\\\/avatar\\\/f1ffcac9ca2fa95ad3ec33e9be3ade82f752acb0cabe541e56c5889225afa88a?s=96&d=mm&r=g\",\"caption\":\"dev\"},\"sameAs\":[\"https:\\\/\\\/ihedn.concilium.click\"],\"url\":\"https:\\\/\\\/ihedn.fr\\\/en\\\/author\\\/dev\\\/\"}]}<\/script>\n<!-- \/ Yoast SEO plugin. -->","yoast_head_json":{"title":"March seminar of the 3rd national session \"Digital Sovereignty and Cybersecurity\" - L'IHEDN : Institut des hautes \u00e9tudes de d\u00e9fense nationale","robots":{"index":"index","follow":"follow","max-snippet":"max-snippet:-1","max-image-preview":"max-image-preview:large","max-video-preview":"max-video-preview:-1"},"canonical":"https:\/\/ihedn.fr\/en\/actualites-des-sessions\/seminaire-de-mars-de-la-3e-session-nationale-session-nationale-souverainete-numerique-et-cybersecurite\/","og_locale":"en_GB","og_type":"article","og_title":"S\u00e9minaire de mars de la 3e session nationale session nationale \"Souverainet\u00e9 num\u00e9rique et cybers\u00e9curit\u00e9\" - L&#039;IHEDN : Institut des hautes \u00e9tudes de d\u00e9fense nationale","og_description":"La 3e session nationale \u00ab\u00a0Souverainet\u00e9 num\u00e9rique et cybers\u00e9curit\u00e9\u00a0\u00bb a pu durant ces derniers mois aborder de nombreux pans du programme, en d\u00e9pit des contraintes sanitaires qui ont vu les conf\u00e9rences se d\u00e9rouler en distanciel. De la pr\u00e9sentation des strat\u00e9gies cyber \u00e9trang\u00e8res, dont notamment celle d\u2019Isra\u00ebl men\u00e9e par Etaviar Matania, ancien directeur g\u00e9n\u00e9ral du Israel National [&hellip;]","og_url":"https:\/\/ihedn.fr\/en\/actualites-des-sessions\/seminaire-de-mars-de-la-3e-session-nationale-session-nationale-souverainete-numerique-et-cybersecurite\/","og_site_name":"L&#039;IHEDN : Institut des hautes \u00e9tudes de d\u00e9fense nationale","article_publisher":"https:\/\/www.facebook.com\/ihedn\/","article_published_time":"2021-03-22T15:00:00+00:00","article_modified_time":"2022-11-25T14:23:02+00:00","og_image":[{"width":1369,"height":710,"url":"https:\/\/ihedn.fr\/wp-content\/uploads\/2020\/09\/3e-SNC.jpg","type":"image\/jpeg"}],"author":"dev","twitter_card":"summary_large_image","twitter_creator":"@IHEDN","twitter_site":"@IHEDN","twitter_misc":{"Written by":"dev","Estimated reading time":"2 minutes"},"schema":{"@context":"https:\/\/schema.org","@graph":[{"@type":"Article","@id":"https:\/\/ihedn.fr\/actualites-des-sessions\/seminaire-de-mars-de-la-3e-session-nationale-session-nationale-souverainete-numerique-et-cybersecurite\/#article","isPartOf":{"@id":"https:\/\/ihedn.fr\/actualites-des-sessions\/seminaire-de-mars-de-la-3e-session-nationale-session-nationale-souverainete-numerique-et-cybersecurite\/"},"author":{"name":"dev","@id":"https:\/\/ihedn.fr\/#\/schema\/person\/7a40155595e4efb35323447cb8c8c5a4"},"headline":"S\u00e9minaire de mars de la 3e session nationale session nationale \u00ab\u00a0Souverainet\u00e9 num\u00e9rique et cybers\u00e9curit\u00e9\u00a0\u00bb","datePublished":"2021-03-22T15:00:00+00:00","dateModified":"2022-11-25T14:23:02+00:00","mainEntityOfPage":{"@id":"https:\/\/ihedn.fr\/actualites-des-sessions\/seminaire-de-mars-de-la-3e-session-nationale-session-nationale-souverainete-numerique-et-cybersecurite\/"},"wordCount":390,"publisher":{"@id":"https:\/\/ihedn.fr\/#organization"},"image":{"@id":"https:\/\/ihedn.fr\/actualites-des-sessions\/seminaire-de-mars-de-la-3e-session-nationale-session-nationale-souverainete-numerique-et-cybersecurite\/#primaryimage"},"thumbnailUrl":"https:\/\/ihedn.fr\/wp-content\/uploads\/2020\/09\/3e-SNC.jpg","articleSection":["Notre actualit\u00e9"],"inLanguage":"en-GB"},{"@type":"WebPage","@id":"https:\/\/ihedn.fr\/actualites-des-sessions\/seminaire-de-mars-de-la-3e-session-nationale-session-nationale-souverainete-numerique-et-cybersecurite\/","url":"https:\/\/ihedn.fr\/actualites-des-sessions\/seminaire-de-mars-de-la-3e-session-nationale-session-nationale-souverainete-numerique-et-cybersecurite\/","name":"March seminar of the 3rd national session \"Digital Sovereignty and Cybersecurity\" - L'IHEDN : Institut des hautes \u00e9tudes de d\u00e9fense nationale","isPartOf":{"@id":"https:\/\/ihedn.fr\/#website"},"primaryImageOfPage":{"@id":"https:\/\/ihedn.fr\/actualites-des-sessions\/seminaire-de-mars-de-la-3e-session-nationale-session-nationale-souverainete-numerique-et-cybersecurite\/#primaryimage"},"image":{"@id":"https:\/\/ihedn.fr\/actualites-des-sessions\/seminaire-de-mars-de-la-3e-session-nationale-session-nationale-souverainete-numerique-et-cybersecurite\/#primaryimage"},"thumbnailUrl":"https:\/\/ihedn.fr\/wp-content\/uploads\/2020\/09\/3e-SNC.jpg","datePublished":"2021-03-22T15:00:00+00:00","dateModified":"2022-11-25T14:23:02+00:00","breadcrumb":{"@id":"https:\/\/ihedn.fr\/actualites-des-sessions\/seminaire-de-mars-de-la-3e-session-nationale-session-nationale-souverainete-numerique-et-cybersecurite\/#breadcrumb"},"inLanguage":"en-GB","potentialAction":[{"@type":"ReadAction","target":["https:\/\/ihedn.fr\/actualites-des-sessions\/seminaire-de-mars-de-la-3e-session-nationale-session-nationale-souverainete-numerique-et-cybersecurite\/"]}]},{"@type":"ImageObject","inLanguage":"en-GB","@id":"https:\/\/ihedn.fr\/actualites-des-sessions\/seminaire-de-mars-de-la-3e-session-nationale-session-nationale-souverainete-numerique-et-cybersecurite\/#primaryimage","url":"https:\/\/ihedn.fr\/wp-content\/uploads\/2020\/09\/3e-SNC.jpg","contentUrl":"https:\/\/ihedn.fr\/wp-content\/uploads\/2020\/09\/3e-SNC.jpg","width":1369,"height":710,"caption":"La 3e session nationale \u00ab Souverainet\u00e9 num\u00e9rique et cybers\u00e9curit\u00e9 \u00bb"},{"@type":"BreadcrumbList","@id":"https:\/\/ihedn.fr\/actualites-des-sessions\/seminaire-de-mars-de-la-3e-session-nationale-session-nationale-souverainete-numerique-et-cybersecurite\/#breadcrumb","itemListElement":[{"@type":"ListItem","position":1,"name":"Accueil","item":"https:\/\/ihedn.fr\/"},{"@type":"ListItem","position":2,"name":"S\u00e9minaire de mars de la 3e session nationale session nationale \u00ab\u00a0Souverainet\u00e9 num\u00e9rique et cybers\u00e9curit\u00e9\u00a0\u00bb"}]},{"@type":"WebSite","@id":"https:\/\/ihedn.fr\/#website","url":"https:\/\/ihedn.fr\/","name":"IHEDN: Institut des hautes \u00e9tudes de d\u00e9fense nationale (Institute for Higher National Defence Studies)","description":"Official website of the IHEDN under the supervision of the Prime Minister.","publisher":{"@id":"https:\/\/ihedn.fr\/#organization"},"potentialAction":[{"@type":"SearchAction","target":{"@type":"EntryPoint","urlTemplate":"https:\/\/ihedn.fr\/?s={search_term_string}"},"query-input":{"@type":"PropertyValueSpecification","valueRequired":true,"valueName":"search_term_string"}}],"inLanguage":"en-GB"},{"@type":"Organization","@id":"https:\/\/ihedn.fr\/#organization","name":"IHEDN - Institute for Higher National Defence Studies","url":"https:\/\/ihedn.fr\/","logo":{"@type":"ImageObject","inLanguage":"en-GB","@id":"https:\/\/ihedn.fr\/#\/schema\/logo\/image\/","url":"https:\/\/ihedn.fr\/wp-content\/uploads\/2020\/11\/BLOC_RF_IHEDN_WEB.png","contentUrl":"https:\/\/ihedn.fr\/wp-content\/uploads\/2020\/11\/BLOC_RF_IHEDN_WEB.png","width":500,"height":237,"caption":"IHEDN - Institut des Hautes Etudes de D\u00e9fense Nationale"},"image":{"@id":"https:\/\/ihedn.fr\/#\/schema\/logo\/image\/"},"sameAs":["https:\/\/www.facebook.com\/ihedn\/","https:\/\/x.com\/IHEDN","https:\/\/www.instagram.com\/ihedn\/","https:\/\/www.linkedin.com\/school\/ihedn\/","https:\/\/fr.wikipedia.org\/wiki\/Institut_des_hautes_\u00e9tudes_de_D\u00e9fense_nationale"]},{"@type":"Person","@id":"https:\/\/ihedn.fr\/#\/schema\/person\/7a40155595e4efb35323447cb8c8c5a4","name":"dev","image":{"@type":"ImageObject","inLanguage":"en-GB","@id":"https:\/\/secure.gravatar.com\/avatar\/f1ffcac9ca2fa95ad3ec33e9be3ade82f752acb0cabe541e56c5889225afa88a?s=96&d=mm&r=g","url":"https:\/\/secure.gravatar.com\/avatar\/f1ffcac9ca2fa95ad3ec33e9be3ade82f752acb0cabe541e56c5889225afa88a?s=96&d=mm&r=g","contentUrl":"https:\/\/secure.gravatar.com\/avatar\/f1ffcac9ca2fa95ad3ec33e9be3ade82f752acb0cabe541e56c5889225afa88a?s=96&d=mm&r=g","caption":"dev"},"sameAs":["https:\/\/ihedn.concilium.click"],"url":"https:\/\/ihedn.fr\/en\/author\/dev\/"}]}},"publishpress_future_action":{"enabled":false,"date":"2026-05-10 13:39:13","action":"change-status","newStatus":"draft","terms":[],"taxonomy":"category","extraData":[]},"publishpress_future_workflow_manual_trigger":{"enabledWorkflows":[]},"_links":{"self":[{"href":"https:\/\/ihedn.fr\/en\/wp-json\/wp\/v2\/posts\/3454","targetHints":{"allow":["GET"]}}],"collection":[{"href":"https:\/\/ihedn.fr\/en\/wp-json\/wp\/v2\/posts"}],"about":[{"href":"https:\/\/ihedn.fr\/en\/wp-json\/wp\/v2\/types\/post"}],"author":[{"embeddable":true,"href":"https:\/\/ihedn.fr\/en\/wp-json\/wp\/v2\/users\/1"}],"replies":[{"embeddable":true,"href":"https:\/\/ihedn.fr\/en\/wp-json\/wp\/v2\/comments?post=3454"}],"version-history":[{"count":5,"href":"https:\/\/ihedn.fr\/en\/wp-json\/wp\/v2\/posts\/3454\/revisions"}],"predecessor-version":[{"id":9552,"href":"https:\/\/ihedn.fr\/en\/wp-json\/wp\/v2\/posts\/3454\/revisions\/9552"}],"wp:featuredmedia":[{"embeddable":true,"href":"https:\/\/ihedn.fr\/en\/wp-json\/wp\/v2\/media\/9521"}],"wp:attachment":[{"href":"https:\/\/ihedn.fr\/en\/wp-json\/wp\/v2\/media?parent=3454"}],"wp:term":[{"taxonomy":"category","embeddable":true,"href":"https:\/\/ihedn.fr\/en\/wp-json\/wp\/v2\/categories?post=3454"},{"taxonomy":"post_tag","embeddable":true,"href":"https:\/\/ihedn.fr\/en\/wp-json\/wp\/v2\/tags?post=3454"}],"curies":[{"name":"wp","href":"https:\/\/api.w.org\/{rel}","templated":true}]}}