{"id":34654,"date":"2023-02-13T14:28:58","date_gmt":"2023-02-13T13:28:58","guid":{"rendered":"https:\/\/ihedn.fr\/?p=34654"},"modified":"2023-02-13T14:36:22","modified_gmt":"2023-02-13T13:36:22","slug":"mission-a-bruxelles-pour-la-majeure-souverainete-numerique-et-cybersecurite","status":"publish","type":"post","link":"https:\/\/ihedn.fr\/en\/notre-actualite\/mission-a-bruxelles-pour-la-majeure-souverainete-numerique-et-cybersecurite\/","title":{"rendered":"Mission to Brussels for the Digital Sovereignty and Cybersecurity major"},"content":{"rendered":"<div data-elementor-type=\"wp-post\" data-elementor-id=\"34654\" class=\"elementor elementor-34654\" data-elementor-post-type=\"post\">\n\t\t\t\t\t\t<section data-particle_enable=\"false\" data-particle-mobile-disabled=\"false\" class=\"elementor-section elementor-top-section elementor-element elementor-element-fed6d9b elementor-section-boxed elementor-section-height-default elementor-section-height-default\" data-id=\"fed6d9b\" data-element_type=\"section\" data-e-type=\"section\">\n\t\t\t\t\t\t<div class=\"elementor-container elementor-column-gap-default\">\n\t\t\t\t\t<div class=\"elementor-column elementor-col-100 elementor-top-column elementor-element elementor-element-3496690\" data-id=\"3496690\" data-element_type=\"column\" data-e-type=\"column\">\n\t\t\t<div class=\"elementor-widget-wrap elementor-element-populated\">\n\t\t\t\t\t\t<div class=\"elementor-element elementor-element-304a18a elementor-widget elementor-widget-text-editor\" data-id=\"304a18a\" data-element_type=\"widget\" data-e-type=\"widget\" data-widget_type=\"text-editor.default\">\n\t\t\t\t<div class=\"elementor-widget-container\">\n\t\t\t\t\t\t\t\t\t<p>The auditors were first received at France's Permanent Representation to the EU, where they held discussions with representatives from several European bodies, including Lorena Boix Alonso, Cyber Director at DG Connect. Then, on the military side, the majority of the SNC were successively received in Mons at NATO and then at the new Belgian Cyber Command. This was an opportunity for the auditors to familiarise themselves with both the organisations and the doctrines.<\/p><p>The second part of the mission took most of the SNC to The Hague. For this occasion, the NCSC, the Dutch equivalent of the ANSSI, had organised a very high-level programme with various representatives of the cyber ecosystem (Port of Rotterdam, Ministry of Defence, University, private sector). The SNC was welcomed by the Dutch cyber ambassador, Nathalie Jaarsma, and the director of the NCSC, Hans De Vries, with whom the audience had the opportunity to talk. The rich discussion focused in particular on philosophical and organisational comparisons of cyber strategies between France and the Netherlands.<\/p><p>On the final day, the listeners were welcomed successively to Europol and Eurojust, to get a better idea of European police and judicial cooperation in cyber matters. Drug trafficking, money laundering via cryptoassets and the gathering of digital evidence are just some of the areas in which investigators and the engineers working in the innovation laboratory are at work.<\/p><p>The SNC warmly thanks all the organisations that agreed to open their doors and share their experience with us.<\/p>\t\t\t\t\t\t\t\t<\/div>\n\t\t\t\t<\/div>\n\t\t\t\t<div class=\"elementor-element elementor-element-0172e95 elementor-widget elementor-widget-gallery\" data-id=\"0172e95\" data-element_type=\"widget\" data-e-type=\"widget\" data-settings=\"{&quot;columns&quot;:2,&quot;gap&quot;:{&quot;unit&quot;:&quot;px&quot;,&quot;size&quot;:7,&quot;sizes&quot;:[]},&quot;lazyload&quot;:&quot;yes&quot;,&quot;gallery_layout&quot;:&quot;grid&quot;,&quot;columns_tablet&quot;:2,&quot;columns_mobile&quot;:1,&quot;gap_tablet&quot;:{&quot;unit&quot;:&quot;px&quot;,&quot;size&quot;:10,&quot;sizes&quot;:[]},&quot;gap_mobile&quot;:{&quot;unit&quot;:&quot;px&quot;,&quot;size&quot;:10,&quot;sizes&quot;:[]},&quot;link_to&quot;:&quot;file&quot;,&quot;aspect_ratio&quot;:&quot;3:2&quot;,&quot;overlay_background&quot;:&quot;yes&quot;,&quot;content_hover_animation&quot;:&quot;fade-in&quot;}\" data-widget_type=\"gallery.default\">\n\t\t\t\t<div class=\"elementor-widget-container\">\n\t\t\t\t\t\t\t<div class=\"elementor-gallery__container\">\n\t\t\t\t\t\t\t<a class=\"e-gallery-item elementor-gallery-item elementor-animated-content\" href=\"https:\/\/ihedn.fr\/wp-content\/uploads\/2023\/02\/Raphaelle-Bail-Eurojust.jpg\" data-elementor-open-lightbox=\"yes\" data-elementor-lightbox-slideshow=\"0172e95\" data-e-action-hash=\"#elementor-action%3Aaction%3Dlightbox%26settings%3DeyJpZCI6MzQ2NTksInVybCI6Imh0dHBzOlwvXC9paGVkbi5mclwvd3AtY29udGVudFwvdXBsb2Fkc1wvMjAyM1wvMDJcL1JhcGhhZWxsZS1CYWlsLUV1cm9qdXN0LmpwZyIsInNsaWRlc2hvdyI6IjAxNzJlOTUifQ%3D%3D\">\n\t\t\t\t\t<div class=\"e-gallery-image elementor-gallery-item__image\" data-thumbnail=\"https:\/\/ihedn.fr\/wp-content\/uploads\/2023\/02\/Raphaelle-Bail-Eurojust.jpg\" data-width=\"1376\" data-height=\"1600\" aria-label=\"\" role=\"img\" ><\/div>\n\t\t\t\t\t\t\t\t\t\t\t<div class=\"elementor-gallery-item__overlay\"><\/div>\n\t\t\t\t\t\t\t\t\t\t\t\t\t\t<\/a>\n\t\t\t\t\t\t\t<a class=\"e-gallery-item elementor-gallery-item elementor-animated-content\" href=\"https:\/\/ihedn.fr\/wp-content\/uploads\/2023\/02\/MWA-avec-la-senatrice-Morin-Desailly-et-Estelle-Guyon-Abinal-auditrices.jpeg\" data-elementor-open-lightbox=\"yes\" data-elementor-lightbox-slideshow=\"0172e95\" data-e-action-hash=\"#elementor-action%3Aaction%3Dlightbox%26settings%3DeyJpZCI6MzQ2NjAsInVybCI6Imh0dHBzOlwvXC9paGVkbi5mclwvd3AtY29udGVudFwvdXBsb2Fkc1wvMjAyM1wvMDJcL01XQS1hdmVjLWxhLXNlbmF0cmljZS1Nb3Jpbi1EZXNhaWxseS1ldC1Fc3RlbGxlLUd1eW9uLUFiaW5hbC1hdWRpdHJpY2VzLmpwZWciLCJzbGlkZXNob3ciOiIwMTcyZTk1In0%3D\">\n\t\t\t\t\t<div class=\"e-gallery-image elementor-gallery-item__image\" data-thumbnail=\"https:\/\/ihedn.fr\/wp-content\/uploads\/2023\/02\/MWA-avec-la-senatrice-Morin-Desailly-et-Estelle-Guyon-Abinal-auditrices.jpeg\" data-width=\"1536\" data-height=\"2048\" aria-label=\"\" role=\"img\" ><\/div>\n\t\t\t\t\t\t\t\t\t\t\t<div class=\"elementor-gallery-item__overlay\"><\/div>\n\t\t\t\t\t\t\t\t\t\t\t\t\t\t<\/a>\n\t\t\t\t\t\t\t<a class=\"e-gallery-item elementor-gallery-item elementor-animated-content\" href=\"https:\/\/ihedn.fr\/wp-content\/uploads\/2023\/02\/Lorena-Boix-Alonso-DG-Connect.jpg\" data-elementor-open-lightbox=\"yes\" data-elementor-lightbox-slideshow=\"0172e95\" data-e-action-hash=\"#elementor-action%3Aaction%3Dlightbox%26settings%3DeyJpZCI6MzQ2NjEsInVybCI6Imh0dHBzOlwvXC9paGVkbi5mclwvd3AtY29udGVudFwvdXBsb2Fkc1wvMjAyM1wvMDJcL0xvcmVuYS1Cb2l4LUFsb25zby1ERy1Db25uZWN0LmpwZyIsInNsaWRlc2hvdyI6IjAxNzJlOTUifQ%3D%3D\">\n\t\t\t\t\t<div class=\"e-gallery-image elementor-gallery-item__image\" data-thumbnail=\"https:\/\/ihedn.fr\/wp-content\/uploads\/2023\/02\/Lorena-Boix-Alonso-DG-Connect.jpg\" data-width=\"1134\" data-height=\"1600\" aria-label=\"\" role=\"img\" ><\/div>\n\t\t\t\t\t\t\t\t\t\t\t<div class=\"elementor-gallery-item__overlay\"><\/div>\n\t\t\t\t\t\t\t\t\t\t\t\t\t\t<\/a>\n\t\t\t\t\t\t\t<a class=\"e-gallery-item elementor-gallery-item elementor-animated-content\" href=\"https:\/\/ihedn.fr\/wp-content\/uploads\/2023\/02\/Commandant-Michel-Van-Strythem.jpg\" data-elementor-open-lightbox=\"yes\" data-elementor-lightbox-slideshow=\"0172e95\" data-e-action-hash=\"#elementor-action%3Aaction%3Dlightbox%26settings%3DeyJpZCI6MzQ2NjIsInVybCI6Imh0dHBzOlwvXC9paGVkbi5mclwvd3AtY29udGVudFwvdXBsb2Fkc1wvMjAyM1wvMDJcL0NvbW1hbmRhbnQtTWljaGVsLVZhbi1TdHJ5dGhlbS5qcGciLCJzbGlkZXNob3ciOiIwMTcyZTk1In0%3D\">\n\t\t\t\t\t<div class=\"e-gallery-image elementor-gallery-item__image\" data-thumbnail=\"https:\/\/ihedn.fr\/wp-content\/uploads\/2023\/02\/Commandant-Michel-Van-Strythem.jpg\" data-width=\"1600\" data-height=\"1560\" aria-label=\"\" role=\"img\" ><\/div>\n\t\t\t\t\t\t\t\t\t\t\t<div class=\"elementor-gallery-item__overlay\"><\/div>\n\t\t\t\t\t\t\t\t\t\t\t\t\t\t<\/a>\n\t\t\t\t\t\t\t<a class=\"e-gallery-item elementor-gallery-item elementor-animated-content\" href=\"https:\/\/ihedn.fr\/wp-content\/uploads\/2023\/02\/Hans-De-Vries.jpg\" data-elementor-open-lightbox=\"yes\" data-elementor-lightbox-slideshow=\"0172e95\" data-e-action-hash=\"#elementor-action%3Aaction%3Dlightbox%26settings%3DeyJpZCI6MzQ2NjMsInVybCI6Imh0dHBzOlwvXC9paGVkbi5mclwvd3AtY29udGVudFwvdXBsb2Fkc1wvMjAyM1wvMDJcL0hhbnMtRGUtVnJpZXMuanBnIiwic2xpZGVzaG93IjoiMDE3MmU5NSJ9\">\n\t\t\t\t\t<div class=\"e-gallery-image elementor-gallery-item__image\" data-thumbnail=\"https:\/\/ihedn.fr\/wp-content\/uploads\/2023\/02\/Hans-De-Vries.jpg\" data-width=\"1200\" data-height=\"1600\" aria-label=\"\" role=\"img\" ><\/div>\n\t\t\t\t\t\t\t\t\t\t\t<div class=\"elementor-gallery-item__overlay\"><\/div>\n\t\t\t\t\t\t\t\t\t\t\t\t\t\t<\/a>\n\t\t\t\t\t\t\t<a class=\"e-gallery-item elementor-gallery-item elementor-animated-content\" href=\"https:\/\/ihedn.fr\/wp-content\/uploads\/2023\/02\/photo-groupe-NCSC.jpg\" data-elementor-open-lightbox=\"yes\" data-elementor-lightbox-slideshow=\"0172e95\" data-e-action-hash=\"#elementor-action%3Aaction%3Dlightbox%26settings%3DeyJpZCI6MzQ2NjQsInVybCI6Imh0dHBzOlwvXC9paGVkbi5mclwvd3AtY29udGVudFwvdXBsb2Fkc1wvMjAyM1wvMDJcL3Bob3RvLWdyb3VwZS1OQ1NDLmpwZyIsInNsaWRlc2hvdyI6IjAxNzJlOTUifQ%3D%3D\">\n\t\t\t\t\t<div class=\"e-gallery-image elementor-gallery-item__image\" data-thumbnail=\"https:\/\/ihedn.fr\/wp-content\/uploads\/2023\/02\/photo-groupe-NCSC.jpg\" data-width=\"1600\" data-height=\"1200\" aria-label=\"\" role=\"img\" ><\/div>\n\t\t\t\t\t\t\t\t\t\t\t<div class=\"elementor-gallery-item__overlay\"><\/div>\n\t\t\t\t\t\t\t\t\t\t\t\t\t\t<\/a>\n\t\t\t\t\t<\/div>\n\t\t\t\t\t<\/div>\n\t\t\t\t<\/div>\n\t\t\t\t\t<\/div>\n\t\t<\/div>\n\t\t\t\t\t<\/div>\n\t\t<\/section>\n\t\t\t\t<\/div>","protected":false},"excerpt":{"rendered":"<p>Auditors from the Digital Sovereignty and Cybersecurity major went on a study trip to Brussels and The Hague from 8 to 10 February. <\/p>","protected":false},"author":7,"featured_media":34660,"comment_status":"closed","ping_status":"closed","sticky":false,"template":"","format":"standard","meta":{"footnotes":""},"categories":[172],"tags":[],"class_list":["post-34654","post","type-post","status-publish","format-standard","has-post-thumbnail","hentry","category-notre-actualite"],"yoast_head":"<!-- This site is optimized with the Yoast SEO plugin v27.5 - https:\/\/yoast.com\/product\/yoast-seo-wordpress\/ -->\n<title>Mission \u00e0 Bruxelles pour la majeure Souverainet\u00e9 Num\u00e9rique et Cybers\u00e9curit\u00e9 - L&#039;IHEDN : Institut des hautes \u00e9tudes de d\u00e9fense nationale<\/title>\n<meta name=\"description\" content=\"Les auditeurs de la majeure Souverainet\u00e9 Num\u00e9rique et Cybers\u00e9curit\u00e9 ont effectu\u00e9 une mission d\u2019\u00e9tudes \u00e0 Bruxelles et La Haye du 8 au 10 f\u00e9vrier dernier.\" \/>\n<meta name=\"robots\" content=\"index, follow, max-snippet:-1, max-image-preview:large, max-video-preview:-1\" \/>\n<link rel=\"canonical\" href=\"https:\/\/ihedn.fr\/en\/actualites-des-sessions\/snc\/mission-a-bruxelles-pour-la-majeure-souverainete-numerique-et-cybersecurite\/\" \/>\n<meta property=\"og:locale\" content=\"en_GB\" \/>\n<meta property=\"og:type\" content=\"article\" \/>\n<meta property=\"og:title\" content=\"Mission \u00e0 Bruxelles pour la majeure Souverainet\u00e9 Num\u00e9rique et Cybers\u00e9curit\u00e9\" \/>\n<meta property=\"og:description\" content=\"L\u2019IHEDN a organis\u00e9 du 31 janvier au 8 f\u00e9vrier 2023, le 79e cycle en Intelligence \u00e9conomique et strat\u00e9gique (IES), au sein de l\u2019\u00c9cole militaire.\" \/>\n<meta property=\"og:url\" content=\"https:\/\/ihedn.fr\/en\/actualites-des-sessions\/snc\/mission-a-bruxelles-pour-la-majeure-souverainete-numerique-et-cybersecurite\/\" \/>\n<meta property=\"og:site_name\" content=\"L&#039;IHEDN : Institut des hautes \u00e9tudes de d\u00e9fense nationale\" \/>\n<meta property=\"article:publisher\" content=\"https:\/\/www.facebook.com\/ihedn\/\" \/>\n<meta property=\"article:published_time\" content=\"2023-02-13T13:28:58+00:00\" \/>\n<meta property=\"article:modified_time\" content=\"2023-02-13T13:36:22+00:00\" \/>\n<meta property=\"og:image\" content=\"https:\/\/ihedn.fr\/wp-content\/uploads\/2023\/02\/MWA-avec-la-senatrice-Morin-Desailly-et-Estelle-Guyon-Abinal-auditrices.jpeg\" \/>\n\t<meta property=\"og:image:width\" content=\"1536\" \/>\n\t<meta property=\"og:image:height\" content=\"2048\" \/>\n\t<meta property=\"og:image:type\" content=\"image\/jpeg\" \/>\n<meta name=\"author\" content=\"alexia\" \/>\n<meta name=\"twitter:card\" content=\"summary_large_image\" \/>\n<meta name=\"twitter:title\" content=\"Mission \u00e0 Bruxelles pour la majeure Souverainet\u00e9 Num\u00e9rique et Cybers\u00e9curit\u00e9\" \/>\n<meta name=\"twitter:description\" content=\"Les auditeurs de la majeure Souverainet\u00e9 Num\u00e9rique et Cybers\u00e9curit\u00e9 ont effectu\u00e9 une mission d\u2019\u00e9tudes \u00e0 Bruxelles et La Haye du 8 au 10 f\u00e9vrier dernier.\" \/>\n<meta name=\"twitter:image\" content=\"https:\/\/ihedn.fr\/wp-content\/uploads\/2023\/02\/MWA-avec-la-senatrice-Morin-Desailly-et-Estelle-Guyon-Abinal-auditrices.jpeg\" \/>\n<meta name=\"twitter:creator\" content=\"@IHEDN\" \/>\n<meta name=\"twitter:site\" content=\"@IHEDN\" \/>\n<meta name=\"twitter:label1\" content=\"Written by\" \/>\n\t<meta name=\"twitter:data1\" content=\"alexia\" \/>\n\t<meta name=\"twitter:label2\" content=\"Estimated reading time\" \/>\n\t<meta name=\"twitter:data2\" content=\"2 minutes\" \/>\n<script type=\"application\/ld+json\" class=\"yoast-schema-graph\">{\"@context\":\"https:\\\/\\\/schema.org\",\"@graph\":[{\"@type\":\"Article\",\"@id\":\"https:\\\/\\\/ihedn.fr\\\/en\\\/actualites-des-sessions\\\/snc\\\/mission-a-bruxelles-pour-la-majeure-souverainete-numerique-et-cybersecurite\\\/#article\",\"isPartOf\":{\"@id\":\"https:\\\/\\\/ihedn.fr\\\/en\\\/actualites-des-sessions\\\/snc\\\/mission-a-bruxelles-pour-la-majeure-souverainete-numerique-et-cybersecurite\\\/\"},\"author\":{\"name\":\"alexia\",\"@id\":\"https:\\\/\\\/ihedn.fr\\\/#\\\/schema\\\/person\\\/f5fdd32c2827287accbcbc33f74121b5\"},\"headline\":\"Mission \u00e0 Bruxelles pour la majeure Souverainet\u00e9 Num\u00e9rique et Cybers\u00e9curit\u00e9\",\"datePublished\":\"2023-02-13T13:28:58+00:00\",\"dateModified\":\"2023-02-13T13:36:22+00:00\",\"mainEntityOfPage\":{\"@id\":\"https:\\\/\\\/ihedn.fr\\\/en\\\/actualites-des-sessions\\\/snc\\\/mission-a-bruxelles-pour-la-majeure-souverainete-numerique-et-cybersecurite\\\/\"},\"wordCount\":312,\"publisher\":{\"@id\":\"https:\\\/\\\/ihedn.fr\\\/#organization\"},\"image\":{\"@id\":\"https:\\\/\\\/ihedn.fr\\\/en\\\/actualites-des-sessions\\\/snc\\\/mission-a-bruxelles-pour-la-majeure-souverainete-numerique-et-cybersecurite\\\/#primaryimage\"},\"thumbnailUrl\":\"https:\\\/\\\/ihedn.fr\\\/wp-content\\\/uploads\\\/2023\\\/02\\\/MWA-avec-la-senatrice-Morin-Desailly-et-Estelle-Guyon-Abinal-auditrices.jpeg\",\"articleSection\":[\"Notre actualit\u00e9\"],\"inLanguage\":\"en-GB\"},{\"@type\":\"WebPage\",\"@id\":\"https:\\\/\\\/ihedn.fr\\\/en\\\/actualites-des-sessions\\\/snc\\\/mission-a-bruxelles-pour-la-majeure-souverainete-numerique-et-cybersecurite\\\/\",\"url\":\"https:\\\/\\\/ihedn.fr\\\/en\\\/actualites-des-sessions\\\/snc\\\/mission-a-bruxelles-pour-la-majeure-souverainete-numerique-et-cybersecurite\\\/\",\"name\":\"Mission \u00e0 Bruxelles pour la majeure Souverainet\u00e9 Num\u00e9rique et Cybers\u00e9curit\u00e9 - L&#039;IHEDN : Institut des hautes \u00e9tudes de d\u00e9fense nationale\",\"isPartOf\":{\"@id\":\"https:\\\/\\\/ihedn.fr\\\/#website\"},\"primaryImageOfPage\":{\"@id\":\"https:\\\/\\\/ihedn.fr\\\/en\\\/actualites-des-sessions\\\/snc\\\/mission-a-bruxelles-pour-la-majeure-souverainete-numerique-et-cybersecurite\\\/#primaryimage\"},\"image\":{\"@id\":\"https:\\\/\\\/ihedn.fr\\\/en\\\/actualites-des-sessions\\\/snc\\\/mission-a-bruxelles-pour-la-majeure-souverainete-numerique-et-cybersecurite\\\/#primaryimage\"},\"thumbnailUrl\":\"https:\\\/\\\/ihedn.fr\\\/wp-content\\\/uploads\\\/2023\\\/02\\\/MWA-avec-la-senatrice-Morin-Desailly-et-Estelle-Guyon-Abinal-auditrices.jpeg\",\"datePublished\":\"2023-02-13T13:28:58+00:00\",\"dateModified\":\"2023-02-13T13:36:22+00:00\",\"description\":\"Les auditeurs de la majeure Souverainet\u00e9 Num\u00e9rique et Cybers\u00e9curit\u00e9 ont effectu\u00e9 une mission d\u2019\u00e9tudes \u00e0 Bruxelles et La Haye du 8 au 10 f\u00e9vrier dernier.\",\"breadcrumb\":{\"@id\":\"https:\\\/\\\/ihedn.fr\\\/en\\\/actualites-des-sessions\\\/snc\\\/mission-a-bruxelles-pour-la-majeure-souverainete-numerique-et-cybersecurite\\\/#breadcrumb\"},\"inLanguage\":\"en-GB\",\"potentialAction\":[{\"@type\":\"ReadAction\",\"target\":[\"https:\\\/\\\/ihedn.fr\\\/en\\\/actualites-des-sessions\\\/snc\\\/mission-a-bruxelles-pour-la-majeure-souverainete-numerique-et-cybersecurite\\\/\"]}]},{\"@type\":\"ImageObject\",\"inLanguage\":\"en-GB\",\"@id\":\"https:\\\/\\\/ihedn.fr\\\/en\\\/actualites-des-sessions\\\/snc\\\/mission-a-bruxelles-pour-la-majeure-souverainete-numerique-et-cybersecurite\\\/#primaryimage\",\"url\":\"https:\\\/\\\/ihedn.fr\\\/wp-content\\\/uploads\\\/2023\\\/02\\\/MWA-avec-la-senatrice-Morin-Desailly-et-Estelle-Guyon-Abinal-auditrices.jpeg\",\"contentUrl\":\"https:\\\/\\\/ihedn.fr\\\/wp-content\\\/uploads\\\/2023\\\/02\\\/MWA-avec-la-senatrice-Morin-Desailly-et-Estelle-Guyon-Abinal-auditrices.jpeg\",\"width\":1536,\"height\":2048},{\"@type\":\"BreadcrumbList\",\"@id\":\"https:\\\/\\\/ihedn.fr\\\/en\\\/actualites-des-sessions\\\/snc\\\/mission-a-bruxelles-pour-la-majeure-souverainete-numerique-et-cybersecurite\\\/#breadcrumb\",\"itemListElement\":[{\"@type\":\"ListItem\",\"position\":1,\"name\":\"Accueil\",\"item\":\"https:\\\/\\\/ihedn.fr\\\/\"},{\"@type\":\"ListItem\",\"position\":2,\"name\":\"Mission \u00e0 Bruxelles pour la majeure Souverainet\u00e9 Num\u00e9rique et Cybers\u00e9curit\u00e9\"}]},{\"@type\":\"WebSite\",\"@id\":\"https:\\\/\\\/ihedn.fr\\\/#website\",\"url\":\"https:\\\/\\\/ihedn.fr\\\/\",\"name\":\"IHEDN : Institut des hautes \u00e9tudes de d\u00e9fense nationale |\",\"description\":\"Site officiel de l&#039;IHEDN plac\u00e9 sous la tutelle du Premier ministre.\",\"publisher\":{\"@id\":\"https:\\\/\\\/ihedn.fr\\\/#organization\"},\"potentialAction\":[{\"@type\":\"SearchAction\",\"target\":{\"@type\":\"EntryPoint\",\"urlTemplate\":\"https:\\\/\\\/ihedn.fr\\\/?s={search_term_string}\"},\"query-input\":{\"@type\":\"PropertyValueSpecification\",\"valueRequired\":true,\"valueName\":\"search_term_string\"}}],\"inLanguage\":\"en-GB\"},{\"@type\":\"Organization\",\"@id\":\"https:\\\/\\\/ihedn.fr\\\/#organization\",\"name\":\"IHEDN - Institut des Hautes Etudes de D\u00e9fense Nationale\",\"url\":\"https:\\\/\\\/ihedn.fr\\\/\",\"logo\":{\"@type\":\"ImageObject\",\"inLanguage\":\"en-GB\",\"@id\":\"https:\\\/\\\/ihedn.fr\\\/#\\\/schema\\\/logo\\\/image\\\/\",\"url\":\"https:\\\/\\\/ihedn.fr\\\/wp-content\\\/uploads\\\/2020\\\/11\\\/BLOC_RF_IHEDN_WEB.png\",\"contentUrl\":\"https:\\\/\\\/ihedn.fr\\\/wp-content\\\/uploads\\\/2020\\\/11\\\/BLOC_RF_IHEDN_WEB.png\",\"width\":500,\"height\":237,\"caption\":\"IHEDN - Institut des Hautes Etudes de D\u00e9fense Nationale\"},\"image\":{\"@id\":\"https:\\\/\\\/ihedn.fr\\\/#\\\/schema\\\/logo\\\/image\\\/\"},\"sameAs\":[\"https:\\\/\\\/www.facebook.com\\\/ihedn\\\/\",\"https:\\\/\\\/x.com\\\/IHEDN\",\"https:\\\/\\\/www.instagram.com\\\/ihedn\\\/\",\"https:\\\/\\\/www.linkedin.com\\\/school\\\/ihedn\\\/\",\"https:\\\/\\\/fr.wikipedia.org\\\/wiki\\\/Institut_des_hautes_\u00e9tudes_de_D\u00e9fense_nationale\"]},{\"@type\":\"Person\",\"@id\":\"https:\\\/\\\/ihedn.fr\\\/#\\\/schema\\\/person\\\/f5fdd32c2827287accbcbc33f74121b5\",\"name\":\"alexia\",\"image\":{\"@type\":\"ImageObject\",\"inLanguage\":\"en-GB\",\"@id\":\"https:\\\/\\\/secure.gravatar.com\\\/avatar\\\/85eb8ccdb2990af9e1d5b99962700286b212c6b84c155ade95bbe0703f9c9001?s=96&d=mm&r=g\",\"url\":\"https:\\\/\\\/secure.gravatar.com\\\/avatar\\\/85eb8ccdb2990af9e1d5b99962700286b212c6b84c155ade95bbe0703f9c9001?s=96&d=mm&r=g\",\"contentUrl\":\"https:\\\/\\\/secure.gravatar.com\\\/avatar\\\/85eb8ccdb2990af9e1d5b99962700286b212c6b84c155ade95bbe0703f9c9001?s=96&d=mm&r=g\",\"caption\":\"alexia\"},\"url\":\"https:\\\/\\\/ihedn.fr\\\/en\\\/author\\\/alexia\\\/\"}]}<\/script>\n<!-- \/ Yoast SEO plugin. -->","yoast_head_json":{"title":"Mission to Brussels for the Digital Sovereignty and Cybersecurity major - L'IHEDN : Institut des hautes \u00e9tudes de d\u00e9fense nationale","description":"Auditors from the Digital Sovereignty and Cybersecurity major went on a study trip to Brussels and The Hague from 8 to 10 February.","robots":{"index":"index","follow":"follow","max-snippet":"max-snippet:-1","max-image-preview":"max-image-preview:large","max-video-preview":"max-video-preview:-1"},"canonical":"https:\/\/ihedn.fr\/en\/actualites-des-sessions\/snc\/mission-a-bruxelles-pour-la-majeure-souverainete-numerique-et-cybersecurite\/","og_locale":"en_GB","og_type":"article","og_title":"Mission \u00e0 Bruxelles pour la majeure Souverainet\u00e9 Num\u00e9rique et Cybers\u00e9curit\u00e9","og_description":"L\u2019IHEDN a organis\u00e9 du 31 janvier au 8 f\u00e9vrier 2023, le 79e cycle en Intelligence \u00e9conomique et strat\u00e9gique (IES), au sein de l\u2019\u00c9cole militaire.","og_url":"https:\/\/ihedn.fr\/en\/actualites-des-sessions\/snc\/mission-a-bruxelles-pour-la-majeure-souverainete-numerique-et-cybersecurite\/","og_site_name":"L&#039;IHEDN : Institut des hautes \u00e9tudes de d\u00e9fense nationale","article_publisher":"https:\/\/www.facebook.com\/ihedn\/","article_published_time":"2023-02-13T13:28:58+00:00","article_modified_time":"2023-02-13T13:36:22+00:00","og_image":[{"width":1536,"height":2048,"url":"https:\/\/ihedn.fr\/wp-content\/uploads\/2023\/02\/MWA-avec-la-senatrice-Morin-Desailly-et-Estelle-Guyon-Abinal-auditrices.jpeg","type":"image\/jpeg"}],"author":"alexia","twitter_card":"summary_large_image","twitter_title":"Mission \u00e0 Bruxelles pour la majeure Souverainet\u00e9 Num\u00e9rique et Cybers\u00e9curit\u00e9","twitter_description":"Les auditeurs de la majeure Souverainet\u00e9 Num\u00e9rique et Cybers\u00e9curit\u00e9 ont effectu\u00e9 une mission d\u2019\u00e9tudes \u00e0 Bruxelles et La Haye du 8 au 10 f\u00e9vrier dernier.","twitter_image":"https:\/\/ihedn.fr\/wp-content\/uploads\/2023\/02\/MWA-avec-la-senatrice-Morin-Desailly-et-Estelle-Guyon-Abinal-auditrices.jpeg","twitter_creator":"@IHEDN","twitter_site":"@IHEDN","twitter_misc":{"Written by":"alexia","Estimated reading time":"2 minutes"},"schema":{"@context":"https:\/\/schema.org","@graph":[{"@type":"Article","@id":"https:\/\/ihedn.fr\/en\/actualites-des-sessions\/snc\/mission-a-bruxelles-pour-la-majeure-souverainete-numerique-et-cybersecurite\/#article","isPartOf":{"@id":"https:\/\/ihedn.fr\/en\/actualites-des-sessions\/snc\/mission-a-bruxelles-pour-la-majeure-souverainete-numerique-et-cybersecurite\/"},"author":{"name":"alexia","@id":"https:\/\/ihedn.fr\/#\/schema\/person\/f5fdd32c2827287accbcbc33f74121b5"},"headline":"Mission \u00e0 Bruxelles pour la majeure Souverainet\u00e9 Num\u00e9rique et Cybers\u00e9curit\u00e9","datePublished":"2023-02-13T13:28:58+00:00","dateModified":"2023-02-13T13:36:22+00:00","mainEntityOfPage":{"@id":"https:\/\/ihedn.fr\/en\/actualites-des-sessions\/snc\/mission-a-bruxelles-pour-la-majeure-souverainete-numerique-et-cybersecurite\/"},"wordCount":312,"publisher":{"@id":"https:\/\/ihedn.fr\/#organization"},"image":{"@id":"https:\/\/ihedn.fr\/en\/actualites-des-sessions\/snc\/mission-a-bruxelles-pour-la-majeure-souverainete-numerique-et-cybersecurite\/#primaryimage"},"thumbnailUrl":"https:\/\/ihedn.fr\/wp-content\/uploads\/2023\/02\/MWA-avec-la-senatrice-Morin-Desailly-et-Estelle-Guyon-Abinal-auditrices.jpeg","articleSection":["Notre actualit\u00e9"],"inLanguage":"en-GB"},{"@type":"WebPage","@id":"https:\/\/ihedn.fr\/en\/actualites-des-sessions\/snc\/mission-a-bruxelles-pour-la-majeure-souverainete-numerique-et-cybersecurite\/","url":"https:\/\/ihedn.fr\/en\/actualites-des-sessions\/snc\/mission-a-bruxelles-pour-la-majeure-souverainete-numerique-et-cybersecurite\/","name":"Mission to Brussels for the Digital Sovereignty and Cybersecurity major - L'IHEDN : Institut des hautes \u00e9tudes de d\u00e9fense nationale","isPartOf":{"@id":"https:\/\/ihedn.fr\/#website"},"primaryImageOfPage":{"@id":"https:\/\/ihedn.fr\/en\/actualites-des-sessions\/snc\/mission-a-bruxelles-pour-la-majeure-souverainete-numerique-et-cybersecurite\/#primaryimage"},"image":{"@id":"https:\/\/ihedn.fr\/en\/actualites-des-sessions\/snc\/mission-a-bruxelles-pour-la-majeure-souverainete-numerique-et-cybersecurite\/#primaryimage"},"thumbnailUrl":"https:\/\/ihedn.fr\/wp-content\/uploads\/2023\/02\/MWA-avec-la-senatrice-Morin-Desailly-et-Estelle-Guyon-Abinal-auditrices.jpeg","datePublished":"2023-02-13T13:28:58+00:00","dateModified":"2023-02-13T13:36:22+00:00","description":"Auditors from the Digital Sovereignty and Cybersecurity major went on a study trip to Brussels and The Hague from 8 to 10 February.","breadcrumb":{"@id":"https:\/\/ihedn.fr\/en\/actualites-des-sessions\/snc\/mission-a-bruxelles-pour-la-majeure-souverainete-numerique-et-cybersecurite\/#breadcrumb"},"inLanguage":"en-GB","potentialAction":[{"@type":"ReadAction","target":["https:\/\/ihedn.fr\/en\/actualites-des-sessions\/snc\/mission-a-bruxelles-pour-la-majeure-souverainete-numerique-et-cybersecurite\/"]}]},{"@type":"ImageObject","inLanguage":"en-GB","@id":"https:\/\/ihedn.fr\/en\/actualites-des-sessions\/snc\/mission-a-bruxelles-pour-la-majeure-souverainete-numerique-et-cybersecurite\/#primaryimage","url":"https:\/\/ihedn.fr\/wp-content\/uploads\/2023\/02\/MWA-avec-la-senatrice-Morin-Desailly-et-Estelle-Guyon-Abinal-auditrices.jpeg","contentUrl":"https:\/\/ihedn.fr\/wp-content\/uploads\/2023\/02\/MWA-avec-la-senatrice-Morin-Desailly-et-Estelle-Guyon-Abinal-auditrices.jpeg","width":1536,"height":2048},{"@type":"BreadcrumbList","@id":"https:\/\/ihedn.fr\/en\/actualites-des-sessions\/snc\/mission-a-bruxelles-pour-la-majeure-souverainete-numerique-et-cybersecurite\/#breadcrumb","itemListElement":[{"@type":"ListItem","position":1,"name":"Accueil","item":"https:\/\/ihedn.fr\/"},{"@type":"ListItem","position":2,"name":"Mission \u00e0 Bruxelles pour la majeure Souverainet\u00e9 Num\u00e9rique et Cybers\u00e9curit\u00e9"}]},{"@type":"WebSite","@id":"https:\/\/ihedn.fr\/#website","url":"https:\/\/ihedn.fr\/","name":"IHEDN: Institut des hautes \u00e9tudes de d\u00e9fense nationale (Institute for Higher National Defence Studies)","description":"Official website of the IHEDN under the supervision of the Prime Minister.","publisher":{"@id":"https:\/\/ihedn.fr\/#organization"},"potentialAction":[{"@type":"SearchAction","target":{"@type":"EntryPoint","urlTemplate":"https:\/\/ihedn.fr\/?s={search_term_string}"},"query-input":{"@type":"PropertyValueSpecification","valueRequired":true,"valueName":"search_term_string"}}],"inLanguage":"en-GB"},{"@type":"Organization","@id":"https:\/\/ihedn.fr\/#organization","name":"IHEDN - Institute for Higher National Defence Studies","url":"https:\/\/ihedn.fr\/","logo":{"@type":"ImageObject","inLanguage":"en-GB","@id":"https:\/\/ihedn.fr\/#\/schema\/logo\/image\/","url":"https:\/\/ihedn.fr\/wp-content\/uploads\/2020\/11\/BLOC_RF_IHEDN_WEB.png","contentUrl":"https:\/\/ihedn.fr\/wp-content\/uploads\/2020\/11\/BLOC_RF_IHEDN_WEB.png","width":500,"height":237,"caption":"IHEDN - Institut des Hautes Etudes de D\u00e9fense Nationale"},"image":{"@id":"https:\/\/ihedn.fr\/#\/schema\/logo\/image\/"},"sameAs":["https:\/\/www.facebook.com\/ihedn\/","https:\/\/x.com\/IHEDN","https:\/\/www.instagram.com\/ihedn\/","https:\/\/www.linkedin.com\/school\/ihedn\/","https:\/\/fr.wikipedia.org\/wiki\/Institut_des_hautes_\u00e9tudes_de_D\u00e9fense_nationale"]},{"@type":"Person","@id":"https:\/\/ihedn.fr\/#\/schema\/person\/f5fdd32c2827287accbcbc33f74121b5","name":"alexia","image":{"@type":"ImageObject","inLanguage":"en-GB","@id":"https:\/\/secure.gravatar.com\/avatar\/85eb8ccdb2990af9e1d5b99962700286b212c6b84c155ade95bbe0703f9c9001?s=96&d=mm&r=g","url":"https:\/\/secure.gravatar.com\/avatar\/85eb8ccdb2990af9e1d5b99962700286b212c6b84c155ade95bbe0703f9c9001?s=96&d=mm&r=g","contentUrl":"https:\/\/secure.gravatar.com\/avatar\/85eb8ccdb2990af9e1d5b99962700286b212c6b84c155ade95bbe0703f9c9001?s=96&d=mm&r=g","caption":"alexia"},"url":"https:\/\/ihedn.fr\/en\/author\/alexia\/"}]}},"publishpress_future_action":{"enabled":false,"date":"2026-05-08 22:03:50","action":"change-status","newStatus":"draft","terms":[],"taxonomy":"category","extraData":[]},"publishpress_future_workflow_manual_trigger":{"enabledWorkflows":[]},"_links":{"self":[{"href":"https:\/\/ihedn.fr\/en\/wp-json\/wp\/v2\/posts\/34654","targetHints":{"allow":["GET"]}}],"collection":[{"href":"https:\/\/ihedn.fr\/en\/wp-json\/wp\/v2\/posts"}],"about":[{"href":"https:\/\/ihedn.fr\/en\/wp-json\/wp\/v2\/types\/post"}],"author":[{"embeddable":true,"href":"https:\/\/ihedn.fr\/en\/wp-json\/wp\/v2\/users\/7"}],"replies":[{"embeddable":true,"href":"https:\/\/ihedn.fr\/en\/wp-json\/wp\/v2\/comments?post=34654"}],"version-history":[{"count":16,"href":"https:\/\/ihedn.fr\/en\/wp-json\/wp\/v2\/posts\/34654\/revisions"}],"predecessor-version":[{"id":34676,"href":"https:\/\/ihedn.fr\/en\/wp-json\/wp\/v2\/posts\/34654\/revisions\/34676"}],"wp:featuredmedia":[{"embeddable":true,"href":"https:\/\/ihedn.fr\/en\/wp-json\/wp\/v2\/media\/34660"}],"wp:attachment":[{"href":"https:\/\/ihedn.fr\/en\/wp-json\/wp\/v2\/media?parent=34654"}],"wp:term":[{"taxonomy":"category","embeddable":true,"href":"https:\/\/ihedn.fr\/en\/wp-json\/wp\/v2\/categories?post=34654"},{"taxonomy":"post_tag","embeddable":true,"href":"https:\/\/ihedn.fr\/en\/wp-json\/wp\/v2\/tags?post=34654"}],"curies":[{"name":"wp","href":"https:\/\/api.w.org\/{rel}","templated":true}]}}