{"id":34679,"date":"2023-02-13T17:05:41","date_gmt":"2023-02-13T16:05:41","guid":{"rendered":"https:\/\/ihedn.fr\/?p=34679"},"modified":"2023-03-01T09:54:02","modified_gmt":"2023-03-01T08:54:02","slug":"134eme-cycle-jeunes-en-bourgogne-franche-comte","status":"publish","type":"post","link":"https:\/\/ihedn.fr\/en\/notre-actualite\/134eme-cycle-jeunes-en-bourgogne-franche-comte\/","title":{"rendered":"134<sup>e<\/sup> Young people's cycle in Burgundy-Franche-Comt\u00e9"},"content":{"rendered":"<div data-elementor-type=\"wp-post\" data-elementor-id=\"34679\" class=\"elementor elementor-34679\" data-elementor-post-type=\"post\">\n\t\t\t\t\t\t<section data-particle_enable=\"false\" data-particle-mobile-disabled=\"false\" class=\"elementor-section elementor-top-section elementor-element elementor-element-fed6d9b elementor-section-boxed elementor-section-height-default elementor-section-height-default\" data-id=\"fed6d9b\" data-element_type=\"section\" data-e-type=\"section\">\n\t\t\t\t\t\t<div class=\"elementor-container elementor-column-gap-default\">\n\t\t\t\t\t<div class=\"elementor-column elementor-col-100 elementor-top-column elementor-element elementor-element-3496690\" data-id=\"3496690\" data-element_type=\"column\" data-e-type=\"column\">\n\t\t\t<div class=\"elementor-widget-wrap elementor-element-populated\">\n\t\t\t\t\t\t<div class=\"elementor-element elementor-element-304a18a elementor-widget elementor-widget-text-editor\" data-id=\"304a18a\" data-element_type=\"widget\" data-e-type=\"widget\" data-widget_type=\"text-editor.default\">\n\t\t\t\t<div class=\"elementor-widget-container\">\n\t\t\t\t\t\t\t\t\t<p>Over 6 days, it brings together 80 young people aged between 20 and 30, students and young professionals from different business sectors.<\/p><p>The young people's cycle gives them the opportunity to enhance their knowledge of the world of defence and international relations.<\/p><p>It comprises three phases, in line with the IHEDN's educational triptych: high-level lectures, committee work and visits to a military site and an industrial site.<\/p><p>If you are aged between 20 and 30 and would like to gain a better understanding of defence and national security issues, it's your turn to apply here:<\/p><p><a href=\"https:\/\/candidatures.ihedn.fr\/formation\/inscription?id=146&amp;_ga=2.202956054.663021740.1676275691-1219809122.1659343552&amp;_gl=1*zk80ju*_ga*MTIxOTgwOTEyMi4xNjU5MzQzNTUy*_ga_G5FJQ26GC6*MTY3NjI5NTUyOC4xOTEuMC4xNjc2Mjk1NTI4LjAuMC4w\">Registration training: cycle 1 form | Institut des hautes \u00e9tudes de d\u00e9fense nationale (ihedn.fr)<\/a><\/p>\t\t\t\t\t\t\t\t<\/div>\n\t\t\t\t<\/div>\n\t\t\t\t<div class=\"elementor-element elementor-element-0172e95 elementor-widget elementor-widget-gallery\" data-id=\"0172e95\" data-element_type=\"widget\" data-e-type=\"widget\" data-settings=\"{&quot;columns&quot;:2,&quot;gap&quot;:{&quot;unit&quot;:&quot;px&quot;,&quot;size&quot;:7,&quot;sizes&quot;:[]},&quot;lazyload&quot;:&quot;yes&quot;,&quot;gallery_layout&quot;:&quot;grid&quot;,&quot;columns_tablet&quot;:2,&quot;columns_mobile&quot;:1,&quot;gap_tablet&quot;:{&quot;unit&quot;:&quot;px&quot;,&quot;size&quot;:10,&quot;sizes&quot;:[]},&quot;gap_mobile&quot;:{&quot;unit&quot;:&quot;px&quot;,&quot;size&quot;:10,&quot;sizes&quot;:[]},&quot;link_to&quot;:&quot;file&quot;,&quot;aspect_ratio&quot;:&quot;3:2&quot;,&quot;overlay_background&quot;:&quot;yes&quot;,&quot;content_hover_animation&quot;:&quot;fade-in&quot;}\" data-widget_type=\"gallery.default\">\n\t\t\t\t<div class=\"elementor-widget-container\">\n\t\t\t\t\t\t\t<div class=\"elementor-gallery__container\">\n\t\t\t\t\t\t\t<a class=\"e-gallery-item elementor-gallery-item elementor-animated-content\" href=\"https:\/\/ihedn.fr\/wp-content\/uploads\/2023\/02\/20230213_100718-1-scaled.jpg\" data-elementor-open-lightbox=\"yes\" data-elementor-lightbox-slideshow=\"0172e95\" data-e-action-hash=\"#elementor-action%3Aaction%3Dlightbox%26settings%3DeyJpZCI6MzQ2OTIsInVybCI6Imh0dHBzOlwvXC9paGVkbi5mclwvd3AtY29udGVudFwvdXBsb2Fkc1wvMjAyM1wvMDJcLzIwMjMwMjEzXzEwMDcxOC0xLXNjYWxlZC5qcGciLCJzbGlkZXNob3ciOiIwMTcyZTk1In0%3D\">\n\t\t\t\t\t<div class=\"e-gallery-image elementor-gallery-item__image\" data-thumbnail=\"https:\/\/ihedn.fr\/wp-content\/uploads\/2023\/02\/20230213_100718-1-scaled.jpg\" data-width=\"2560\" data-height=\"1920\" aria-label=\"\" role=\"img\" ><\/div>\n\t\t\t\t\t\t\t\t\t\t\t<div class=\"elementor-gallery-item__overlay\"><\/div>\n\t\t\t\t\t\t\t\t\t\t\t\t\t\t<\/a>\n\t\t\t\t\t\t\t<a class=\"e-gallery-item elementor-gallery-item elementor-animated-content\" href=\"https:\/\/ihedn.fr\/wp-content\/uploads\/2023\/02\/20230213_100753-1-scaled.jpg\" data-elementor-open-lightbox=\"yes\" data-elementor-lightbox-slideshow=\"0172e95\" data-e-action-hash=\"#elementor-action%3Aaction%3Dlightbox%26settings%3DeyJpZCI6MzQ2OTQsInVybCI6Imh0dHBzOlwvXC9paGVkbi5mclwvd3AtY29udGVudFwvdXBsb2Fkc1wvMjAyM1wvMDJcLzIwMjMwMjEzXzEwMDc1My0xLXNjYWxlZC5qcGciLCJzbGlkZXNob3ciOiIwMTcyZTk1In0%3D\">\n\t\t\t\t\t<div class=\"e-gallery-image elementor-gallery-item__image\" data-thumbnail=\"https:\/\/ihedn.fr\/wp-content\/uploads\/2023\/02\/20230213_100753-1-scaled.jpg\" data-width=\"2560\" data-height=\"1920\" aria-label=\"\" role=\"img\" ><\/div>\n\t\t\t\t\t\t\t\t\t\t\t<div class=\"elementor-gallery-item__overlay\"><\/div>\n\t\t\t\t\t\t\t\t\t\t\t\t\t\t<\/a>\n\t\t\t\t\t<\/div>\n\t\t\t\t\t<\/div>\n\t\t\t\t<\/div>\n\t\t\t\t\t<\/div>\n\t\t<\/div>\n\t\t\t\t\t<\/div>\n\t\t<\/section>\n\t\t\t\t<\/div>","protected":false},"excerpt":{"rendered":"<p>Le 134<sup>e<\/sup> cycle Jeunes organised by the IHEDN in Dijon, was launched on 13 February 2023 by prefect Denis Conus, deputy director of the institute.<\/p>","protected":false},"author":7,"featured_media":34686,"comment_status":"closed","ping_status":"closed","sticky":false,"template":"","format":"standard","meta":{"footnotes":""},"categories":[172],"tags":[],"class_list":["post-34679","post","type-post","status-publish","format-standard","has-post-thumbnail","hentry","category-notre-actualite"],"yoast_head":"<!-- This site is optimized with the Yoast SEO plugin v27.5 - https:\/\/yoast.com\/product\/yoast-seo-wordpress\/ -->\n<title>134e cycle Jeunes en Bourgogne-Franche-Comt\u00e9 - L&#039;IHEDN : Institut des hautes \u00e9tudes de d\u00e9fense nationale<\/title>\n<meta name=\"description\" content=\"Les auditeurs de la majeure Souverainet\u00e9 Num\u00e9rique et Cybers\u00e9curit\u00e9 ont effectu\u00e9 une mission d\u2019\u00e9tudes \u00e0 Bruxelles et La Haye du 8 au 10 f\u00e9vrier dernier.\" \/>\n<meta name=\"robots\" content=\"index, follow, max-snippet:-1, max-image-preview:large, max-video-preview:-1\" \/>\n<link rel=\"canonical\" href=\"https:\/\/ihedn.fr\/en\/actualites-des-sessions\/snc\/134eme-cycle-jeunes-en-bourgogne-franche-comte\/\" \/>\n<meta property=\"og:locale\" content=\"en_GB\" \/>\n<meta property=\"og:type\" content=\"article\" \/>\n<meta property=\"og:title\" content=\"134e cycle Jeunes en Bourgogne-Franche-Comt\u00e9\" \/>\n<meta property=\"og:description\" content=\"Le 134\u00e8me cycle Jeunes organis\u00e9 par l\u2019IHEDN \u00e0 Dijon, a \u00e9t\u00e9 lanc\u00e9 le 13 f\u00e9vrier 2023 par le pr\u00e9fet Denis Conus, directeur adjoint de l\u2019institut.\" \/>\n<meta property=\"og:url\" content=\"https:\/\/ihedn.fr\/en\/actualites-des-sessions\/snc\/134eme-cycle-jeunes-en-bourgogne-franche-comte\/\" \/>\n<meta property=\"og:site_name\" content=\"L&#039;IHEDN : Institut des hautes \u00e9tudes de d\u00e9fense nationale\" \/>\n<meta property=\"article:publisher\" content=\"https:\/\/www.facebook.com\/ihedn\/\" \/>\n<meta property=\"article:published_time\" content=\"2023-02-13T16:05:41+00:00\" \/>\n<meta property=\"article:modified_time\" content=\"2023-03-01T08:54:02+00:00\" \/>\n<meta property=\"og:image\" content=\"https:\/\/ihedn.fr\/wp-content\/uploads\/2023\/02\/20230213_145728-scaled.jpg\" \/>\n\t<meta property=\"og:image:width\" content=\"2560\" \/>\n\t<meta property=\"og:image:height\" content=\"1920\" \/>\n\t<meta property=\"og:image:type\" content=\"image\/jpeg\" \/>\n<meta name=\"author\" content=\"alexia\" \/>\n<meta name=\"twitter:card\" content=\"summary_large_image\" \/>\n<meta name=\"twitter:title\" content=\"134&lt;sup&gt;e&lt;\/sup&gt; cycle Jeunes en Bourgogne-Franche-Comt\u00e9\" \/>\n<meta name=\"twitter:description\" content=\"Le 134\u00e8me cycle Jeunes organis\u00e9 par l\u2019IHEDN \u00e0 Dijon, a \u00e9t\u00e9 lanc\u00e9 le 13 f\u00e9vrier 2023 par le pr\u00e9fet Denis Conus, directeur adjoint de l\u2019institut.\" \/>\n<meta name=\"twitter:image\" content=\"https:\/\/ihedn.fr\/wp-content\/uploads\/2023\/02\/20230213_145728-scaled.jpg\" \/>\n<meta name=\"twitter:creator\" content=\"@IHEDN\" \/>\n<meta name=\"twitter:site\" content=\"@IHEDN\" \/>\n<meta name=\"twitter:label1\" content=\"Written by\" \/>\n\t<meta name=\"twitter:data1\" content=\"alexia\" \/>\n\t<meta name=\"twitter:label2\" content=\"Estimated reading time\" \/>\n\t<meta name=\"twitter:data2\" content=\"1 minute\" \/>\n<script type=\"application\/ld+json\" class=\"yoast-schema-graph\">{\"@context\":\"https:\\\/\\\/schema.org\",\"@graph\":[{\"@type\":\"Article\",\"@id\":\"https:\\\/\\\/ihedn.fr\\\/actualites-des-sessions\\\/snc\\\/134eme-cycle-jeunes-en-bourgogne-franche-comte\\\/#article\",\"isPartOf\":{\"@id\":\"https:\\\/\\\/ihedn.fr\\\/actualites-des-sessions\\\/snc\\\/134eme-cycle-jeunes-en-bourgogne-franche-comte\\\/\"},\"author\":{\"name\":\"alexia\",\"@id\":\"https:\\\/\\\/ihedn.fr\\\/#\\\/schema\\\/person\\\/f5fdd32c2827287accbcbc33f74121b5\"},\"headline\":\"134e cycle Jeunes en Bourgogne-Franche-Comt\u00e9\",\"datePublished\":\"2023-02-13T16:05:41+00:00\",\"dateModified\":\"2023-03-01T08:54:02+00:00\",\"mainEntityOfPage\":{\"@id\":\"https:\\\/\\\/ihedn.fr\\\/actualites-des-sessions\\\/snc\\\/134eme-cycle-jeunes-en-bourgogne-franche-comte\\\/\"},\"wordCount\":124,\"publisher\":{\"@id\":\"https:\\\/\\\/ihedn.fr\\\/#organization\"},\"image\":{\"@id\":\"https:\\\/\\\/ihedn.fr\\\/actualites-des-sessions\\\/snc\\\/134eme-cycle-jeunes-en-bourgogne-franche-comte\\\/#primaryimage\"},\"thumbnailUrl\":\"https:\\\/\\\/ihedn.fr\\\/wp-content\\\/uploads\\\/2023\\\/02\\\/20230213_145728-scaled.jpg\",\"articleSection\":[\"Notre actualit\u00e9\"],\"inLanguage\":\"en-GB\"},{\"@type\":\"WebPage\",\"@id\":\"https:\\\/\\\/ihedn.fr\\\/actualites-des-sessions\\\/snc\\\/134eme-cycle-jeunes-en-bourgogne-franche-comte\\\/\",\"url\":\"https:\\\/\\\/ihedn.fr\\\/actualites-des-sessions\\\/snc\\\/134eme-cycle-jeunes-en-bourgogne-franche-comte\\\/\",\"name\":\"134e cycle Jeunes en Bourgogne-Franche-Comt\u00e9 - L&#039;IHEDN : Institut des hautes \u00e9tudes de d\u00e9fense nationale\",\"isPartOf\":{\"@id\":\"https:\\\/\\\/ihedn.fr\\\/#website\"},\"primaryImageOfPage\":{\"@id\":\"https:\\\/\\\/ihedn.fr\\\/actualites-des-sessions\\\/snc\\\/134eme-cycle-jeunes-en-bourgogne-franche-comte\\\/#primaryimage\"},\"image\":{\"@id\":\"https:\\\/\\\/ihedn.fr\\\/actualites-des-sessions\\\/snc\\\/134eme-cycle-jeunes-en-bourgogne-franche-comte\\\/#primaryimage\"},\"thumbnailUrl\":\"https:\\\/\\\/ihedn.fr\\\/wp-content\\\/uploads\\\/2023\\\/02\\\/20230213_145728-scaled.jpg\",\"datePublished\":\"2023-02-13T16:05:41+00:00\",\"dateModified\":\"2023-03-01T08:54:02+00:00\",\"description\":\"Les auditeurs de la majeure Souverainet\u00e9 Num\u00e9rique et Cybers\u00e9curit\u00e9 ont effectu\u00e9 une mission d\u2019\u00e9tudes \u00e0 Bruxelles et La Haye du 8 au 10 f\u00e9vrier dernier.\",\"breadcrumb\":{\"@id\":\"https:\\\/\\\/ihedn.fr\\\/actualites-des-sessions\\\/snc\\\/134eme-cycle-jeunes-en-bourgogne-franche-comte\\\/#breadcrumb\"},\"inLanguage\":\"en-GB\",\"potentialAction\":[{\"@type\":\"ReadAction\",\"target\":[\"https:\\\/\\\/ihedn.fr\\\/actualites-des-sessions\\\/snc\\\/134eme-cycle-jeunes-en-bourgogne-franche-comte\\\/\"]}]},{\"@type\":\"ImageObject\",\"inLanguage\":\"en-GB\",\"@id\":\"https:\\\/\\\/ihedn.fr\\\/actualites-des-sessions\\\/snc\\\/134eme-cycle-jeunes-en-bourgogne-franche-comte\\\/#primaryimage\",\"url\":\"https:\\\/\\\/ihedn.fr\\\/wp-content\\\/uploads\\\/2023\\\/02\\\/20230213_145728-scaled.jpg\",\"contentUrl\":\"https:\\\/\\\/ihedn.fr\\\/wp-content\\\/uploads\\\/2023\\\/02\\\/20230213_145728-scaled.jpg\",\"width\":2560,\"height\":1920},{\"@type\":\"BreadcrumbList\",\"@id\":\"https:\\\/\\\/ihedn.fr\\\/actualites-des-sessions\\\/snc\\\/134eme-cycle-jeunes-en-bourgogne-franche-comte\\\/#breadcrumb\",\"itemListElement\":[{\"@type\":\"ListItem\",\"position\":1,\"name\":\"Accueil\",\"item\":\"https:\\\/\\\/ihedn.fr\\\/\"},{\"@type\":\"ListItem\",\"position\":2,\"name\":\"134e cycle Jeunes en Bourgogne-Franche-Comt\u00e9\"}]},{\"@type\":\"WebSite\",\"@id\":\"https:\\\/\\\/ihedn.fr\\\/#website\",\"url\":\"https:\\\/\\\/ihedn.fr\\\/\",\"name\":\"IHEDN : Institut des hautes \u00e9tudes de d\u00e9fense nationale |\",\"description\":\"Site officiel de l&#039;IHEDN plac\u00e9 sous la tutelle du Premier ministre.\",\"publisher\":{\"@id\":\"https:\\\/\\\/ihedn.fr\\\/#organization\"},\"potentialAction\":[{\"@type\":\"SearchAction\",\"target\":{\"@type\":\"EntryPoint\",\"urlTemplate\":\"https:\\\/\\\/ihedn.fr\\\/?s={search_term_string}\"},\"query-input\":{\"@type\":\"PropertyValueSpecification\",\"valueRequired\":true,\"valueName\":\"search_term_string\"}}],\"inLanguage\":\"en-GB\"},{\"@type\":\"Organization\",\"@id\":\"https:\\\/\\\/ihedn.fr\\\/#organization\",\"name\":\"IHEDN - Institut des Hautes Etudes de D\u00e9fense Nationale\",\"url\":\"https:\\\/\\\/ihedn.fr\\\/\",\"logo\":{\"@type\":\"ImageObject\",\"inLanguage\":\"en-GB\",\"@id\":\"https:\\\/\\\/ihedn.fr\\\/#\\\/schema\\\/logo\\\/image\\\/\",\"url\":\"https:\\\/\\\/ihedn.fr\\\/wp-content\\\/uploads\\\/2020\\\/11\\\/BLOC_RF_IHEDN_WEB.png\",\"contentUrl\":\"https:\\\/\\\/ihedn.fr\\\/wp-content\\\/uploads\\\/2020\\\/11\\\/BLOC_RF_IHEDN_WEB.png\",\"width\":500,\"height\":237,\"caption\":\"IHEDN - Institut des Hautes Etudes de D\u00e9fense Nationale\"},\"image\":{\"@id\":\"https:\\\/\\\/ihedn.fr\\\/#\\\/schema\\\/logo\\\/image\\\/\"},\"sameAs\":[\"https:\\\/\\\/www.facebook.com\\\/ihedn\\\/\",\"https:\\\/\\\/x.com\\\/IHEDN\",\"https:\\\/\\\/www.instagram.com\\\/ihedn\\\/\",\"https:\\\/\\\/www.linkedin.com\\\/school\\\/ihedn\\\/\",\"https:\\\/\\\/fr.wikipedia.org\\\/wiki\\\/Institut_des_hautes_\u00e9tudes_de_D\u00e9fense_nationale\"]},{\"@type\":\"Person\",\"@id\":\"https:\\\/\\\/ihedn.fr\\\/#\\\/schema\\\/person\\\/f5fdd32c2827287accbcbc33f74121b5\",\"name\":\"alexia\",\"image\":{\"@type\":\"ImageObject\",\"inLanguage\":\"en-GB\",\"@id\":\"https:\\\/\\\/secure.gravatar.com\\\/avatar\\\/85eb8ccdb2990af9e1d5b99962700286b212c6b84c155ade95bbe0703f9c9001?s=96&d=mm&r=g\",\"url\":\"https:\\\/\\\/secure.gravatar.com\\\/avatar\\\/85eb8ccdb2990af9e1d5b99962700286b212c6b84c155ade95bbe0703f9c9001?s=96&d=mm&r=g\",\"contentUrl\":\"https:\\\/\\\/secure.gravatar.com\\\/avatar\\\/85eb8ccdb2990af9e1d5b99962700286b212c6b84c155ade95bbe0703f9c9001?s=96&d=mm&r=g\",\"caption\":\"alexia\"},\"url\":\"https:\\\/\\\/ihedn.fr\\\/en\\\/author\\\/alexia\\\/\"}]}<\/script>\n<!-- \/ Yoast SEO plugin. -->","yoast_head_json":{"title":"134e cycle Jeunes en Bourgogne-Franche-Comt\u00e9 - IHEDN : Institut des hautes \u00e9tudes de d\u00e9fense nationale (Graduate Institute of National Defence)","description":"Auditors from the Digital Sovereignty and Cybersecurity major went on a study trip to Brussels and The Hague from 8 to 10 February.","robots":{"index":"index","follow":"follow","max-snippet":"max-snippet:-1","max-image-preview":"max-image-preview:large","max-video-preview":"max-video-preview:-1"},"canonical":"https:\/\/ihedn.fr\/en\/actualites-des-sessions\/snc\/134eme-cycle-jeunes-en-bourgogne-franche-comte\/","og_locale":"en_GB","og_type":"article","og_title":"134e cycle Jeunes en Bourgogne-Franche-Comt\u00e9","og_description":"Le 134\u00e8me cycle Jeunes organis\u00e9 par l\u2019IHEDN \u00e0 Dijon, a \u00e9t\u00e9 lanc\u00e9 le 13 f\u00e9vrier 2023 par le pr\u00e9fet Denis Conus, directeur adjoint de l\u2019institut.","og_url":"https:\/\/ihedn.fr\/en\/actualites-des-sessions\/snc\/134eme-cycle-jeunes-en-bourgogne-franche-comte\/","og_site_name":"L&#039;IHEDN : Institut des hautes \u00e9tudes de d\u00e9fense nationale","article_publisher":"https:\/\/www.facebook.com\/ihedn\/","article_published_time":"2023-02-13T16:05:41+00:00","article_modified_time":"2023-03-01T08:54:02+00:00","og_image":[{"width":2560,"height":1920,"url":"https:\/\/ihedn.fr\/wp-content\/uploads\/2023\/02\/20230213_145728-scaled.jpg","type":"image\/jpeg"}],"author":"alexia","twitter_card":"summary_large_image","twitter_title":"134<sup>e<\/sup> cycle Jeunes en Bourgogne-Franche-Comt\u00e9","twitter_description":"Le 134\u00e8me cycle Jeunes organis\u00e9 par l\u2019IHEDN \u00e0 Dijon, a \u00e9t\u00e9 lanc\u00e9 le 13 f\u00e9vrier 2023 par le pr\u00e9fet Denis Conus, directeur adjoint de l\u2019institut.","twitter_image":"https:\/\/ihedn.fr\/wp-content\/uploads\/2023\/02\/20230213_145728-scaled.jpg","twitter_creator":"@IHEDN","twitter_site":"@IHEDN","twitter_misc":{"Written by":"alexia","Estimated reading time":"1 minute"},"schema":{"@context":"https:\/\/schema.org","@graph":[{"@type":"Article","@id":"https:\/\/ihedn.fr\/actualites-des-sessions\/snc\/134eme-cycle-jeunes-en-bourgogne-franche-comte\/#article","isPartOf":{"@id":"https:\/\/ihedn.fr\/actualites-des-sessions\/snc\/134eme-cycle-jeunes-en-bourgogne-franche-comte\/"},"author":{"name":"alexia","@id":"https:\/\/ihedn.fr\/#\/schema\/person\/f5fdd32c2827287accbcbc33f74121b5"},"headline":"134e cycle Jeunes en Bourgogne-Franche-Comt\u00e9","datePublished":"2023-02-13T16:05:41+00:00","dateModified":"2023-03-01T08:54:02+00:00","mainEntityOfPage":{"@id":"https:\/\/ihedn.fr\/actualites-des-sessions\/snc\/134eme-cycle-jeunes-en-bourgogne-franche-comte\/"},"wordCount":124,"publisher":{"@id":"https:\/\/ihedn.fr\/#organization"},"image":{"@id":"https:\/\/ihedn.fr\/actualites-des-sessions\/snc\/134eme-cycle-jeunes-en-bourgogne-franche-comte\/#primaryimage"},"thumbnailUrl":"https:\/\/ihedn.fr\/wp-content\/uploads\/2023\/02\/20230213_145728-scaled.jpg","articleSection":["Notre actualit\u00e9"],"inLanguage":"en-GB"},{"@type":"WebPage","@id":"https:\/\/ihedn.fr\/actualites-des-sessions\/snc\/134eme-cycle-jeunes-en-bourgogne-franche-comte\/","url":"https:\/\/ihedn.fr\/actualites-des-sessions\/snc\/134eme-cycle-jeunes-en-bourgogne-franche-comte\/","name":"134e cycle Jeunes en Bourgogne-Franche-Comt\u00e9 - IHEDN : Institut des hautes \u00e9tudes de d\u00e9fense nationale (Graduate Institute of National Defence)","isPartOf":{"@id":"https:\/\/ihedn.fr\/#website"},"primaryImageOfPage":{"@id":"https:\/\/ihedn.fr\/actualites-des-sessions\/snc\/134eme-cycle-jeunes-en-bourgogne-franche-comte\/#primaryimage"},"image":{"@id":"https:\/\/ihedn.fr\/actualites-des-sessions\/snc\/134eme-cycle-jeunes-en-bourgogne-franche-comte\/#primaryimage"},"thumbnailUrl":"https:\/\/ihedn.fr\/wp-content\/uploads\/2023\/02\/20230213_145728-scaled.jpg","datePublished":"2023-02-13T16:05:41+00:00","dateModified":"2023-03-01T08:54:02+00:00","description":"Auditors from the Digital Sovereignty and Cybersecurity major went on a study trip to Brussels and The Hague from 8 to 10 February.","breadcrumb":{"@id":"https:\/\/ihedn.fr\/actualites-des-sessions\/snc\/134eme-cycle-jeunes-en-bourgogne-franche-comte\/#breadcrumb"},"inLanguage":"en-GB","potentialAction":[{"@type":"ReadAction","target":["https:\/\/ihedn.fr\/actualites-des-sessions\/snc\/134eme-cycle-jeunes-en-bourgogne-franche-comte\/"]}]},{"@type":"ImageObject","inLanguage":"en-GB","@id":"https:\/\/ihedn.fr\/actualites-des-sessions\/snc\/134eme-cycle-jeunes-en-bourgogne-franche-comte\/#primaryimage","url":"https:\/\/ihedn.fr\/wp-content\/uploads\/2023\/02\/20230213_145728-scaled.jpg","contentUrl":"https:\/\/ihedn.fr\/wp-content\/uploads\/2023\/02\/20230213_145728-scaled.jpg","width":2560,"height":1920},{"@type":"BreadcrumbList","@id":"https:\/\/ihedn.fr\/actualites-des-sessions\/snc\/134eme-cycle-jeunes-en-bourgogne-franche-comte\/#breadcrumb","itemListElement":[{"@type":"ListItem","position":1,"name":"Accueil","item":"https:\/\/ihedn.fr\/"},{"@type":"ListItem","position":2,"name":"134e cycle Jeunes en Bourgogne-Franche-Comt\u00e9"}]},{"@type":"WebSite","@id":"https:\/\/ihedn.fr\/#website","url":"https:\/\/ihedn.fr\/","name":"IHEDN: Institut des hautes \u00e9tudes de d\u00e9fense nationale (Institute for Higher National Defence Studies)","description":"Official website of the IHEDN under the supervision of the Prime Minister.","publisher":{"@id":"https:\/\/ihedn.fr\/#organization"},"potentialAction":[{"@type":"SearchAction","target":{"@type":"EntryPoint","urlTemplate":"https:\/\/ihedn.fr\/?s={search_term_string}"},"query-input":{"@type":"PropertyValueSpecification","valueRequired":true,"valueName":"search_term_string"}}],"inLanguage":"en-GB"},{"@type":"Organization","@id":"https:\/\/ihedn.fr\/#organization","name":"IHEDN - Institute for Higher National Defence Studies","url":"https:\/\/ihedn.fr\/","logo":{"@type":"ImageObject","inLanguage":"en-GB","@id":"https:\/\/ihedn.fr\/#\/schema\/logo\/image\/","url":"https:\/\/ihedn.fr\/wp-content\/uploads\/2020\/11\/BLOC_RF_IHEDN_WEB.png","contentUrl":"https:\/\/ihedn.fr\/wp-content\/uploads\/2020\/11\/BLOC_RF_IHEDN_WEB.png","width":500,"height":237,"caption":"IHEDN - Institut des Hautes Etudes de D\u00e9fense Nationale"},"image":{"@id":"https:\/\/ihedn.fr\/#\/schema\/logo\/image\/"},"sameAs":["https:\/\/www.facebook.com\/ihedn\/","https:\/\/x.com\/IHEDN","https:\/\/www.instagram.com\/ihedn\/","https:\/\/www.linkedin.com\/school\/ihedn\/","https:\/\/fr.wikipedia.org\/wiki\/Institut_des_hautes_\u00e9tudes_de_D\u00e9fense_nationale"]},{"@type":"Person","@id":"https:\/\/ihedn.fr\/#\/schema\/person\/f5fdd32c2827287accbcbc33f74121b5","name":"alexia","image":{"@type":"ImageObject","inLanguage":"en-GB","@id":"https:\/\/secure.gravatar.com\/avatar\/85eb8ccdb2990af9e1d5b99962700286b212c6b84c155ade95bbe0703f9c9001?s=96&d=mm&r=g","url":"https:\/\/secure.gravatar.com\/avatar\/85eb8ccdb2990af9e1d5b99962700286b212c6b84c155ade95bbe0703f9c9001?s=96&d=mm&r=g","contentUrl":"https:\/\/secure.gravatar.com\/avatar\/85eb8ccdb2990af9e1d5b99962700286b212c6b84c155ade95bbe0703f9c9001?s=96&d=mm&r=g","caption":"alexia"},"url":"https:\/\/ihedn.fr\/en\/author\/alexia\/"}]}},"publishpress_future_action":{"enabled":false,"date":"2026-05-09 10:06:29","action":"change-status","newStatus":"draft","terms":[],"taxonomy":"category","extraData":[]},"publishpress_future_workflow_manual_trigger":{"enabledWorkflows":[]},"_links":{"self":[{"href":"https:\/\/ihedn.fr\/en\/wp-json\/wp\/v2\/posts\/34679","targetHints":{"allow":["GET"]}}],"collection":[{"href":"https:\/\/ihedn.fr\/en\/wp-json\/wp\/v2\/posts"}],"about":[{"href":"https:\/\/ihedn.fr\/en\/wp-json\/wp\/v2\/types\/post"}],"author":[{"embeddable":true,"href":"https:\/\/ihedn.fr\/en\/wp-json\/wp\/v2\/users\/7"}],"replies":[{"embeddable":true,"href":"https:\/\/ihedn.fr\/en\/wp-json\/wp\/v2\/comments?post=34679"}],"version-history":[{"count":16,"href":"https:\/\/ihedn.fr\/en\/wp-json\/wp\/v2\/posts\/34679\/revisions"}],"predecessor-version":[{"id":35522,"href":"https:\/\/ihedn.fr\/en\/wp-json\/wp\/v2\/posts\/34679\/revisions\/35522"}],"wp:featuredmedia":[{"embeddable":true,"href":"https:\/\/ihedn.fr\/en\/wp-json\/wp\/v2\/media\/34686"}],"wp:attachment":[{"href":"https:\/\/ihedn.fr\/en\/wp-json\/wp\/v2\/media?parent=34679"}],"wp:term":[{"taxonomy":"category","embeddable":true,"href":"https:\/\/ihedn.fr\/en\/wp-json\/wp\/v2\/categories?post=34679"},{"taxonomy":"post_tag","embeddable":true,"href":"https:\/\/ihedn.fr\/en\/wp-json\/wp\/v2\/tags?post=34679"}],"curies":[{"name":"wp","href":"https:\/\/api.w.org\/{rel}","templated":true}]}}