{"id":34705,"date":"2023-02-14T12:15:58","date_gmt":"2023-02-14T11:15:58","guid":{"rendered":"https:\/\/ihedn.fr\/?p=34705"},"modified":"2023-02-14T12:31:18","modified_gmt":"2023-02-14T11:31:18","slug":"cours-the-challenges-of-space-for-the-european-union-csdp","status":"publish","type":"post","link":"https:\/\/ihedn.fr\/en\/notre-actualite\/cours-the-challenges-of-space-for-the-european-union-csdp\/","title":{"rendered":"The challenges of space for the European union &amp; CSDP\" course"},"content":{"rendered":"<div data-elementor-type=\"wp-post\" data-elementor-id=\"34705\" class=\"elementor elementor-34705\" data-elementor-post-type=\"post\">\n\t\t\t\t\t\t<section data-particle_enable=\"false\" data-particle-mobile-disabled=\"false\" class=\"elementor-section elementor-top-section elementor-element elementor-element-5077e07 elementor-section-boxed elementor-section-height-default elementor-section-height-default\" data-id=\"5077e07\" data-element_type=\"section\" data-e-type=\"section\">\n\t\t\t\t\t\t<div class=\"elementor-container elementor-column-gap-default\">\n\t\t\t\t\t<div class=\"elementor-column elementor-col-100 elementor-top-column elementor-element elementor-element-47bce8c\" data-id=\"47bce8c\" data-element_type=\"column\" data-e-type=\"column\">\n\t\t\t<div class=\"elementor-widget-wrap elementor-element-populated\">\n\t\t\t\t\t\t<div class=\"elementor-element elementor-element-27e4aa6 elementor-widget elementor-widget-text-editor\" data-id=\"27e4aa6\" data-element_type=\"widget\" data-e-type=\"widget\" data-widget_type=\"text-editor.default\">\n\t\t\t\t<div class=\"elementor-widget-container\">\n\t\t\t\t\t\t\t\t\t<p>Organised by the IHEDN's Department of Europe and International Affairs as part of the European Security and Defence College (ESDC), the \"\u00a0<em>The challenges of space for the European union &amp; CSDP<\/em> \"began today at the \u00c9cole Militaire - Paris. This module will bring together around 35 participants from the institutions, organisations and agencies of the European Union and its Member States, and will be structured around a dozen lectures and round tables.<\/p><p>This course will provide an opportunity to discuss the challenges of the space sector for the EU and its Member States, and to reflect together on the means to ensure our strategic autonomy in this area, in particular the need to forge a common vision of these challenges and to provide effective responses in the military and industrial fields, based on partnerships.<\/p><p>The course was opened on Tuesday 14 February by <strong><span style=\"color: #000091;\">Mr Patrick Chatard Moulin<\/span><\/strong>Deputy Special Envoy for Space at the European External Action Service. He stressed the importance of continuing to develop common responses at EU level in the space sector. The course will conclude with a speech by <strong><span style=\"color: #000091;\">Xavier Pasco<\/span><\/strong>Director of the Foundation for Strategic Research (FRS).<\/p>\t\t\t\t\t\t\t\t<\/div>\n\t\t\t\t<\/div>\n\t\t\t\t\t<\/div>\n\t\t<\/div>\n\t\t\t\t\t<\/div>\n\t\t<\/section>\n\t\t\t\t<section data-particle_enable=\"false\" data-particle-mobile-disabled=\"false\" class=\"elementor-section elementor-top-section elementor-element elementor-element-399d808 elementor-section-boxed elementor-section-height-default elementor-section-height-default\" data-id=\"399d808\" data-element_type=\"section\" data-e-type=\"section\">\n\t\t\t\t\t\t<div class=\"elementor-container elementor-column-gap-default\">\n\t\t\t\t\t<div class=\"elementor-column elementor-col-100 elementor-top-column elementor-element elementor-element-ad788ee\" data-id=\"ad788ee\" data-element_type=\"column\" data-e-type=\"column\">\n\t\t\t<div class=\"elementor-widget-wrap elementor-element-populated\">\n\t\t\t\t\t\t<div class=\"elementor-element elementor-element-fa80ef0 elementor-widget elementor-widget-gallery\" data-id=\"fa80ef0\" data-element_type=\"widget\" data-e-type=\"widget\" data-settings=\"{&quot;gap&quot;:{&quot;unit&quot;:&quot;px&quot;,&quot;size&quot;:7,&quot;sizes&quot;:[]},&quot;lazyload&quot;:&quot;yes&quot;,&quot;gallery_layout&quot;:&quot;grid&quot;,&quot;columns&quot;:4,&quot;columns_tablet&quot;:2,&quot;columns_mobile&quot;:1,&quot;gap_tablet&quot;:{&quot;unit&quot;:&quot;px&quot;,&quot;size&quot;:10,&quot;sizes&quot;:[]},&quot;gap_mobile&quot;:{&quot;unit&quot;:&quot;px&quot;,&quot;size&quot;:10,&quot;sizes&quot;:[]},&quot;link_to&quot;:&quot;file&quot;,&quot;aspect_ratio&quot;:&quot;3:2&quot;,&quot;overlay_background&quot;:&quot;yes&quot;,&quot;content_hover_animation&quot;:&quot;fade-in&quot;}\" data-widget_type=\"gallery.default\">\n\t\t\t\t<div class=\"elementor-widget-container\">\n\t\t\t\t\t\t\t<div class=\"elementor-gallery__container\">\n\t\t\t\t\t\t\t<a class=\"e-gallery-item elementor-gallery-item elementor-animated-content\" href=\"https:\/\/ihedn.fr\/wp-content\/uploads\/2023\/02\/005-\u00aeIHEDN-Cours-The-challenges-of-space-for-the-European-union-CSDP-20230214.jpeg\" data-elementor-open-lightbox=\"yes\" data-elementor-lightbox-slideshow=\"fa80ef0\" data-elementor-lightbox-description=\"\u00aeIHEDN-Cours The challenges of space for the European union &amp; CSDP\" data-e-action-hash=\"#elementor-action%3Aaction%3Dlightbox%26settings%3DeyJpZCI6MzQ3MTAsInVybCI6Imh0dHBzOlwvXC9paGVkbi5mclwvd3AtY29udGVudFwvdXBsb2Fkc1wvMjAyM1wvMDJcLzAwNS1cdTAwYWVJSEVETi1Db3Vycy1UaGUtY2hhbGxlbmdlcy1vZi1zcGFjZS1mb3ItdGhlLUV1cm9wZWFuLXVuaW9uLUNTRFAtMjAyMzAyMTQuanBlZyIsInNsaWRlc2hvdyI6ImZhODBlZjAifQ%3D%3D\">\n\t\t\t\t\t<div class=\"e-gallery-image elementor-gallery-item__image\" data-thumbnail=\"https:\/\/ihedn.fr\/wp-content\/uploads\/2023\/02\/005-\u00aeIHEDN-Cours-The-challenges-of-space-for-the-European-union-CSDP-20230214.jpeg\" data-width=\"910\" data-height=\"708\" aria-label=\"IHEDN-Course The challenges of space for the European union &amp; CSDP\" role=\"img\" ><\/div>\n\t\t\t\t\t\t\t\t\t\t\t<div class=\"elementor-gallery-item__overlay\"><\/div>\n\t\t\t\t\t\t\t\t\t\t\t\t\t\t<\/a>\n\t\t\t\t\t\t\t<a class=\"e-gallery-item elementor-gallery-item elementor-animated-content\" href=\"https:\/\/ihedn.fr\/wp-content\/uploads\/2023\/02\/004-\u00aeIHEDN-Cours-The-challenges-of-space-for-the-European-union-CSDP-20230214.jpeg\" data-elementor-open-lightbox=\"yes\" data-elementor-lightbox-slideshow=\"fa80ef0\" data-elementor-lightbox-description=\"\u00aeIHEDN-Cours The challenges of space for the European union &amp; CSDP\" data-e-action-hash=\"#elementor-action%3Aaction%3Dlightbox%26settings%3DeyJpZCI6MzQ3MDksInVybCI6Imh0dHBzOlwvXC9paGVkbi5mclwvd3AtY29udGVudFwvdXBsb2Fkc1wvMjAyM1wvMDJcLzAwNC1cdTAwYWVJSEVETi1Db3Vycy1UaGUtY2hhbGxlbmdlcy1vZi1zcGFjZS1mb3ItdGhlLUV1cm9wZWFuLXVuaW9uLUNTRFAtMjAyMzAyMTQuanBlZyIsInNsaWRlc2hvdyI6ImZhODBlZjAifQ%3D%3D\">\n\t\t\t\t\t<div class=\"e-gallery-image elementor-gallery-item__image\" data-thumbnail=\"https:\/\/ihedn.fr\/wp-content\/uploads\/2023\/02\/004-\u00aeIHEDN-Cours-The-challenges-of-space-for-the-European-union-CSDP-20230214.jpeg\" data-width=\"1498\" data-height=\"1079\" aria-label=\"IHEDN-Course The challenges of space for the European union &amp; CSDP\" role=\"img\" ><\/div>\n\t\t\t\t\t\t\t\t\t\t\t<div class=\"elementor-gallery-item__overlay\"><\/div>\n\t\t\t\t\t\t\t\t\t\t\t\t\t\t<\/a>\n\t\t\t\t\t\t\t<a class=\"e-gallery-item elementor-gallery-item elementor-animated-content\" href=\"https:\/\/ihedn.fr\/wp-content\/uploads\/2023\/02\/003-\u00aeIHEDN-Cours-The-challenges-of-space-for-the-European-union-CSDP-20230214.jpeg\" data-elementor-open-lightbox=\"yes\" data-elementor-lightbox-slideshow=\"fa80ef0\" data-elementor-lightbox-description=\"\u00aeIHEDN-Cours The challenges of space for the European union &amp; CSDP\" data-e-action-hash=\"#elementor-action%3Aaction%3Dlightbox%26settings%3DeyJpZCI6MzQ3MDgsInVybCI6Imh0dHBzOlwvXC9paGVkbi5mclwvd3AtY29udGVudFwvdXBsb2Fkc1wvMjAyM1wvMDJcLzAwMy1cdTAwYWVJSEVETi1Db3Vycy1UaGUtY2hhbGxlbmdlcy1vZi1zcGFjZS1mb3ItdGhlLUV1cm9wZWFuLXVuaW9uLUNTRFAtMjAyMzAyMTQuanBlZyIsInNsaWRlc2hvdyI6ImZhODBlZjAifQ%3D%3D\">\n\t\t\t\t\t<div class=\"e-gallery-image elementor-gallery-item__image\" data-thumbnail=\"https:\/\/ihedn.fr\/wp-content\/uploads\/2023\/02\/003-\u00aeIHEDN-Cours-The-challenges-of-space-for-the-European-union-CSDP-20230214.jpeg\" data-width=\"1511\" data-height=\"896\" aria-label=\"IHEDN-Course The challenges of space for the European union &amp; CSDP\" role=\"img\" ><\/div>\n\t\t\t\t\t\t\t\t\t\t\t<div class=\"elementor-gallery-item__overlay\"><\/div>\n\t\t\t\t\t\t\t\t\t\t\t\t\t\t<\/a>\n\t\t\t\t\t\t\t<a class=\"e-gallery-item elementor-gallery-item elementor-animated-content\" href=\"https:\/\/ihedn.fr\/wp-content\/uploads\/2023\/02\/001-\u00aeIHEDN-Cours-The-challenges-of-space-for-the-European-union-CSDP-20230214.jpg\" data-elementor-open-lightbox=\"yes\" data-elementor-lightbox-slideshow=\"fa80ef0\" data-elementor-lightbox-description=\"\u00aeIHEDN-Cours The challenges of space for the European union &amp; CSDP\" data-e-action-hash=\"#elementor-action%3Aaction%3Dlightbox%26settings%3DeyJpZCI6MzQ3MDYsInVybCI6Imh0dHBzOlwvXC9paGVkbi5mclwvd3AtY29udGVudFwvdXBsb2Fkc1wvMjAyM1wvMDJcLzAwMS1cdTAwYWVJSEVETi1Db3Vycy1UaGUtY2hhbGxlbmdlcy1vZi1zcGFjZS1mb3ItdGhlLUV1cm9wZWFuLXVuaW9uLUNTRFAtMjAyMzAyMTQuanBnIiwic2xpZGVzaG93IjoiZmE4MGVmMCJ9\">\n\t\t\t\t\t<div class=\"e-gallery-image elementor-gallery-item__image\" data-thumbnail=\"https:\/\/ihedn.fr\/wp-content\/uploads\/2023\/02\/001-\u00aeIHEDN-Cours-The-challenges-of-space-for-the-European-union-CSDP-20230214.jpg\" data-width=\"1511\" data-height=\"1068\" aria-label=\"IHEDN-Course The challenges of space for the European union &amp; CSDP\" role=\"img\" ><\/div>\n\t\t\t\t\t\t\t\t\t\t\t<div class=\"elementor-gallery-item__overlay\"><\/div>\n\t\t\t\t\t\t\t\t\t\t\t\t\t\t<\/a>\n\t\t\t\t\t<\/div>\n\t\t\t\t\t<\/div>\n\t\t\t\t<\/div>\n\t\t\t\t\t<\/div>\n\t\t<\/div>\n\t\t\t\t\t<\/div>\n\t\t<\/section>\n\t\t\t\t<section data-particle_enable=\"false\" data-particle-mobile-disabled=\"false\" class=\"elementor-section elementor-top-section elementor-element elementor-element-a8b1505 elementor-section-boxed elementor-section-height-default elementor-section-height-default\" data-id=\"a8b1505\" data-element_type=\"section\" data-e-type=\"section\">\n\t\t\t\t\t\t<div class=\"elementor-container elementor-column-gap-default\">\n\t\t\t\t\t<div class=\"elementor-column elementor-col-100 elementor-top-column elementor-element elementor-element-aed63dc\" data-id=\"aed63dc\" data-element_type=\"column\" data-e-type=\"column\">\n\t\t\t<div class=\"elementor-widget-wrap elementor-element-populated\">\n\t\t\t\t\t\t<div class=\"elementor-element elementor-element-a4c0a04 elementor-widget-divider--view-line elementor-widget elementor-widget-divider\" data-id=\"a4c0a04\" data-element_type=\"widget\" data-e-type=\"widget\" data-widget_type=\"divider.default\">\n\t\t\t\t<div class=\"elementor-widget-container\">\n\t\t\t\t\t\t\t<div class=\"elementor-divider\">\n\t\t\t<span class=\"elementor-divider-separator\">\n\t\t\t\t\t\t<\/span>\n\t\t<\/div>\n\t\t\t\t\t\t<\/div>\n\t\t\t\t<\/div>\n\t\t\t\t\t<\/div>\n\t\t<\/div>\n\t\t\t\t\t<\/div>\n\t\t<\/section>\n\t\t\t\t<section data-particle_enable=\"false\" data-particle-mobile-disabled=\"false\" class=\"elementor-section elementor-top-section elementor-element elementor-element-4e4dd35 elementor-section-boxed elementor-section-height-default elementor-section-height-default\" data-id=\"4e4dd35\" data-element_type=\"section\" data-e-type=\"section\">\n\t\t\t\t\t\t<div class=\"elementor-container elementor-column-gap-default\">\n\t\t\t\t\t<div class=\"elementor-column elementor-col-100 elementor-top-column elementor-element elementor-element-d5c9baf\" data-id=\"d5c9baf\" data-element_type=\"column\" data-e-type=\"column\">\n\t\t\t<div class=\"elementor-widget-wrap elementor-element-populated\">\n\t\t\t\t\t\t<div class=\"elementor-element elementor-element-7756bd6 elementor-widget elementor-widget-text-editor\" data-id=\"7756bd6\" data-element_type=\"widget\" data-e-type=\"widget\" data-widget_type=\"text-editor.default\">\n\t\t\t\t<div class=\"elementor-widget-container\">\n\t\t\t\t\t\t\t\t\t<p><strong><em>Course on \"The challenges of space for the European union &amp; CSDP\".<\/em><\/strong><\/p><p>Military school - Paris, February 14 -16<sup>th <\/sup>2023<\/p><p>Hosted by the European Security and Defence College (ESDC), the course entitled \"\u00a0<em>The challenges of space for the European union &amp; CSDP <\/em>\"organised by the Department of Europe and International Affairs of the IHEDN has started today in Paris. The seminar gathers around 35 attendees from EU institutions, bodies and agencies and from the EU member states, and is composed of ten conferences and panels.<\/p><p>The course represents the opportunity for the attendees to touch upon the many challenges of space security, and explore the capabilities for the EU and its member states to ensure strategic autonomy in that field, especially by forging a common understanding of these challenges, and develop common responses in terms of military, industry, innovation and research.<\/p><p>The seminar was opened by M. Patrick Chatard Moulin, Deputy Special Envoy for Space at the European External Action Service. The Key Note speaker underlined the importance and cooperation at EU level in the development of a common vision and strategy. The seminar will end with a concluding speech given by Xavier Pasco, Director of the Strategic Research Foundation (FRS).<\/p>\t\t\t\t\t\t\t\t<\/div>\n\t\t\t\t<\/div>\n\t\t\t\t\t<\/div>\n\t\t<\/div>\n\t\t\t\t\t<\/div>\n\t\t<\/section>\n\t\t\t\t<\/div>","protected":false},"excerpt":{"rendered":"<p>\u00c9cole militaire - Paris, 14-16 February 2023<\/p>","protected":false},"author":1,"featured_media":34707,"comment_status":"closed","ping_status":"closed","sticky":false,"template":"","format":"standard","meta":{"footnotes":""},"categories":[172],"tags":[],"class_list":["post-34705","post","type-post","status-publish","format-standard","has-post-thumbnail","hentry","category-notre-actualite"],"yoast_head":"<!-- This site is optimized with the Yoast SEO plugin v27.5 - https:\/\/yoast.com\/product\/yoast-seo-wordpress\/ -->\n<title>Cours \u00ab The challenges of space for the European union &amp; CSDP \u00bb - L&#039;IHEDN : Institut des hautes \u00e9tudes de d\u00e9fense nationale<\/title>\n<meta name=\"description\" content=\"Organis\u00e9 par le D\u00e9partement de l\u2019Europe et des Affaires internationales de l\u2019IHEDN dans le cadre du Coll\u00e8ge Europ\u00e9en de S\u00e9curit\u00e9 et de D\u00e9fense (CESD), le cours \u00ab The challenges of space for the European union &amp; CSDP \u00bb a d\u00e9but\u00e9 ce jour \u00e0 l\u2019\u00c9cole militaire - Paris. Ce module r\u00e9unit environ 35 participants des institutions, organisations et agences de l\u2019Union Europ\u00e9enne et de ses \u00c9tats Membres, et s\u2019articulera autour d\u2019une dizaine de conf\u00e9rences et tables rondes.\" \/>\n<meta name=\"robots\" content=\"index, follow, max-snippet:-1, max-image-preview:large, max-video-preview:-1\" \/>\n<link rel=\"canonical\" href=\"https:\/\/ihedn.fr\/en\/notre-actualite\/cours-the-challenges-of-space-for-the-european-union-csdp\/\" \/>\n<meta property=\"og:locale\" content=\"en_GB\" \/>\n<meta property=\"og:type\" content=\"article\" \/>\n<meta property=\"og:title\" content=\"Cours \u00ab The challenges of space for the European union &amp; CSDP \u00bb\" \/>\n<meta property=\"og:description\" content=\"Organis\u00e9 par le D\u00e9partement de l\u2019Europe et des Affaires internationales de l\u2019IHEDN dans le cadre du Coll\u00e8ge Europ\u00e9en de S\u00e9curit\u00e9 et de D\u00e9fense (CESD), le cours \u00ab The challenges of space for the European union &amp; CSDP \u00bb a d\u00e9but\u00e9 ce jour \u00e0 l\u2019\u00c9cole militaire - Paris. Ce module r\u00e9unit environ 35 participants des institutions, organisations et agences de l\u2019Union Europ\u00e9enne et de ses \u00c9tats Membres, et s\u2019articulera autour d\u2019une dizaine de conf\u00e9rences et tables rondes.\" \/>\n<meta property=\"og:url\" content=\"https:\/\/ihedn.fr\/en\/notre-actualite\/cours-the-challenges-of-space-for-the-european-union-csdp\/\" \/>\n<meta property=\"og:site_name\" content=\"L&#039;IHEDN : Institut des hautes \u00e9tudes de d\u00e9fense nationale\" \/>\n<meta property=\"article:publisher\" content=\"https:\/\/www.facebook.com\/ihedn\/\" \/>\n<meta property=\"article:published_time\" content=\"2023-02-14T11:15:58+00:00\" \/>\n<meta property=\"article:modified_time\" content=\"2023-02-14T11:31:18+00:00\" \/>\n<meta property=\"og:image\" content=\"https:\/\/ihedn.fr\/wp-content\/uploads\/2023\/02\/005-\u00aeIHEDN-Cours-The-challenges-of-space-for-the-European-union-CSDP-20230214.jpeg\" \/>\n\t<meta property=\"og:image:width\" content=\"910\" \/>\n\t<meta property=\"og:image:height\" content=\"708\" \/>\n\t<meta property=\"og:image:type\" content=\"image\/jpeg\" \/>\n<meta name=\"author\" content=\"dev\" \/>\n<meta name=\"twitter:card\" content=\"summary_large_image\" \/>\n<meta name=\"twitter:title\" content=\"Cours \u00ab The challenges of space for the European union &amp; CSDP \u00bb\" \/>\n<meta name=\"twitter:description\" content=\"Organis\u00e9 par le D\u00e9partement de l\u2019Europe et des Affaires internationales de l\u2019IHEDN dans le cadre du Coll\u00e8ge Europ\u00e9en de S\u00e9curit\u00e9 et de D\u00e9fense (CESD), le cours \u00ab The challenges of space for the European union &amp; CSDP \u00bb a d\u00e9but\u00e9 ce jour \u00e0 l\u2019\u00c9cole militaire - Paris. Ce module r\u00e9unit environ 35 participants des institutions, organisations et agences de l\u2019Union Europ\u00e9enne et de ses \u00c9tats Membres, et s\u2019articulera autour d\u2019une dizaine de conf\u00e9rences et tables rondes.\" \/>\n<meta name=\"twitter:image\" content=\"https:\/\/ihedn.fr\/wp-content\/uploads\/2023\/02\/005-\u00aeIHEDN-Cours-The-challenges-of-space-for-the-European-union-CSDP-20230214.jpeg\" \/>\n<meta name=\"twitter:creator\" content=\"@IHEDN\" \/>\n<meta name=\"twitter:site\" content=\"@IHEDN\" \/>\n<meta name=\"twitter:label1\" content=\"Written by\" \/>\n\t<meta name=\"twitter:data1\" content=\"dev\" \/>\n\t<meta name=\"twitter:label2\" content=\"Estimated reading time\" \/>\n\t<meta name=\"twitter:data2\" content=\"3 minutes\" \/>\n<script type=\"application\/ld+json\" class=\"yoast-schema-graph\">{\"@context\":\"https:\\\/\\\/schema.org\",\"@graph\":[{\"@type\":\"Article\",\"@id\":\"https:\\\/\\\/ihedn.fr\\\/notre-actualite\\\/cours-the-challenges-of-space-for-the-european-union-csdp\\\/#article\",\"isPartOf\":{\"@id\":\"https:\\\/\\\/ihedn.fr\\\/notre-actualite\\\/cours-the-challenges-of-space-for-the-european-union-csdp\\\/\"},\"author\":{\"name\":\"dev\",\"@id\":\"https:\\\/\\\/ihedn.fr\\\/#\\\/schema\\\/person\\\/7a40155595e4efb35323447cb8c8c5a4\"},\"headline\":\"Cours \u00ab The challenges of space for the European union &#038; CSDP \u00bb\",\"datePublished\":\"2023-02-14T11:15:58+00:00\",\"dateModified\":\"2023-02-14T11:31:18+00:00\",\"mainEntityOfPage\":{\"@id\":\"https:\\\/\\\/ihedn.fr\\\/notre-actualite\\\/cours-the-challenges-of-space-for-the-european-union-csdp\\\/\"},\"wordCount\":439,\"publisher\":{\"@id\":\"https:\\\/\\\/ihedn.fr\\\/#organization\"},\"image\":{\"@id\":\"https:\\\/\\\/ihedn.fr\\\/notre-actualite\\\/cours-the-challenges-of-space-for-the-european-union-csdp\\\/#primaryimage\"},\"thumbnailUrl\":\"https:\\\/\\\/ihedn.fr\\\/wp-content\\\/uploads\\\/2023\\\/02\\\/002-\u00aeIHEDN-Cours-The-challenges-of-space-for-the-European-union-CSDP-20230214.jpeg\",\"articleSection\":[\"Notre actualit\u00e9\"],\"inLanguage\":\"en-GB\"},{\"@type\":\"WebPage\",\"@id\":\"https:\\\/\\\/ihedn.fr\\\/notre-actualite\\\/cours-the-challenges-of-space-for-the-european-union-csdp\\\/\",\"url\":\"https:\\\/\\\/ihedn.fr\\\/notre-actualite\\\/cours-the-challenges-of-space-for-the-european-union-csdp\\\/\",\"name\":\"Cours \u00ab The challenges of space for the European union & CSDP \u00bb - L&#039;IHEDN : Institut des hautes \u00e9tudes de d\u00e9fense nationale\",\"isPartOf\":{\"@id\":\"https:\\\/\\\/ihedn.fr\\\/#website\"},\"primaryImageOfPage\":{\"@id\":\"https:\\\/\\\/ihedn.fr\\\/notre-actualite\\\/cours-the-challenges-of-space-for-the-european-union-csdp\\\/#primaryimage\"},\"image\":{\"@id\":\"https:\\\/\\\/ihedn.fr\\\/notre-actualite\\\/cours-the-challenges-of-space-for-the-european-union-csdp\\\/#primaryimage\"},\"thumbnailUrl\":\"https:\\\/\\\/ihedn.fr\\\/wp-content\\\/uploads\\\/2023\\\/02\\\/002-\u00aeIHEDN-Cours-The-challenges-of-space-for-the-European-union-CSDP-20230214.jpeg\",\"datePublished\":\"2023-02-14T11:15:58+00:00\",\"dateModified\":\"2023-02-14T11:31:18+00:00\",\"description\":\"Organis\u00e9 par le D\u00e9partement de l\u2019Europe et des Affaires internationales de l\u2019IHEDN dans le cadre du Coll\u00e8ge Europ\u00e9en de S\u00e9curit\u00e9 et de D\u00e9fense (CESD), le cours \u00ab The challenges of space for the European union & CSDP \u00bb a d\u00e9but\u00e9 ce jour \u00e0 l\u2019\u00c9cole militaire - Paris. Ce module r\u00e9unit environ 35 participants des institutions, organisations et agences de l\u2019Union Europ\u00e9enne et de ses \u00c9tats Membres, et s\u2019articulera autour d\u2019une dizaine de conf\u00e9rences et tables rondes.\",\"breadcrumb\":{\"@id\":\"https:\\\/\\\/ihedn.fr\\\/notre-actualite\\\/cours-the-challenges-of-space-for-the-european-union-csdp\\\/#breadcrumb\"},\"inLanguage\":\"en-GB\",\"potentialAction\":[{\"@type\":\"ReadAction\",\"target\":[\"https:\\\/\\\/ihedn.fr\\\/notre-actualite\\\/cours-the-challenges-of-space-for-the-european-union-csdp\\\/\"]}]},{\"@type\":\"ImageObject\",\"inLanguage\":\"en-GB\",\"@id\":\"https:\\\/\\\/ihedn.fr\\\/notre-actualite\\\/cours-the-challenges-of-space-for-the-european-union-csdp\\\/#primaryimage\",\"url\":\"https:\\\/\\\/ihedn.fr\\\/wp-content\\\/uploads\\\/2023\\\/02\\\/002-\u00aeIHEDN-Cours-The-challenges-of-space-for-the-European-union-CSDP-20230214.jpeg\",\"contentUrl\":\"https:\\\/\\\/ihedn.fr\\\/wp-content\\\/uploads\\\/2023\\\/02\\\/002-\u00aeIHEDN-Cours-The-challenges-of-space-for-the-European-union-CSDP-20230214.jpeg\",\"width\":1425,\"height\":1013,\"caption\":\"\u00aeIHEDN-Cours The challenges of space for the European union & CSDP\"},{\"@type\":\"BreadcrumbList\",\"@id\":\"https:\\\/\\\/ihedn.fr\\\/notre-actualite\\\/cours-the-challenges-of-space-for-the-european-union-csdp\\\/#breadcrumb\",\"itemListElement\":[{\"@type\":\"ListItem\",\"position\":1,\"name\":\"Accueil\",\"item\":\"https:\\\/\\\/ihedn.fr\\\/\"},{\"@type\":\"ListItem\",\"position\":2,\"name\":\"Cours \u00ab The challenges of space for the European union &#038; CSDP \u00bb\"}]},{\"@type\":\"WebSite\",\"@id\":\"https:\\\/\\\/ihedn.fr\\\/#website\",\"url\":\"https:\\\/\\\/ihedn.fr\\\/\",\"name\":\"IHEDN : Institut des hautes \u00e9tudes de d\u00e9fense nationale |\",\"description\":\"Site officiel de l&#039;IHEDN plac\u00e9 sous la tutelle du Premier ministre.\",\"publisher\":{\"@id\":\"https:\\\/\\\/ihedn.fr\\\/#organization\"},\"potentialAction\":[{\"@type\":\"SearchAction\",\"target\":{\"@type\":\"EntryPoint\",\"urlTemplate\":\"https:\\\/\\\/ihedn.fr\\\/?s={search_term_string}\"},\"query-input\":{\"@type\":\"PropertyValueSpecification\",\"valueRequired\":true,\"valueName\":\"search_term_string\"}}],\"inLanguage\":\"en-GB\"},{\"@type\":\"Organization\",\"@id\":\"https:\\\/\\\/ihedn.fr\\\/#organization\",\"name\":\"IHEDN - Institut des Hautes Etudes de D\u00e9fense Nationale\",\"url\":\"https:\\\/\\\/ihedn.fr\\\/\",\"logo\":{\"@type\":\"ImageObject\",\"inLanguage\":\"en-GB\",\"@id\":\"https:\\\/\\\/ihedn.fr\\\/#\\\/schema\\\/logo\\\/image\\\/\",\"url\":\"https:\\\/\\\/ihedn.fr\\\/wp-content\\\/uploads\\\/2020\\\/11\\\/BLOC_RF_IHEDN_WEB.png\",\"contentUrl\":\"https:\\\/\\\/ihedn.fr\\\/wp-content\\\/uploads\\\/2020\\\/11\\\/BLOC_RF_IHEDN_WEB.png\",\"width\":500,\"height\":237,\"caption\":\"IHEDN - Institut des Hautes Etudes de D\u00e9fense Nationale\"},\"image\":{\"@id\":\"https:\\\/\\\/ihedn.fr\\\/#\\\/schema\\\/logo\\\/image\\\/\"},\"sameAs\":[\"https:\\\/\\\/www.facebook.com\\\/ihedn\\\/\",\"https:\\\/\\\/x.com\\\/IHEDN\",\"https:\\\/\\\/www.instagram.com\\\/ihedn\\\/\",\"https:\\\/\\\/www.linkedin.com\\\/school\\\/ihedn\\\/\",\"https:\\\/\\\/fr.wikipedia.org\\\/wiki\\\/Institut_des_hautes_\u00e9tudes_de_D\u00e9fense_nationale\"]},{\"@type\":\"Person\",\"@id\":\"https:\\\/\\\/ihedn.fr\\\/#\\\/schema\\\/person\\\/7a40155595e4efb35323447cb8c8c5a4\",\"name\":\"dev\",\"image\":{\"@type\":\"ImageObject\",\"inLanguage\":\"en-GB\",\"@id\":\"https:\\\/\\\/secure.gravatar.com\\\/avatar\\\/f1ffcac9ca2fa95ad3ec33e9be3ade82f752acb0cabe541e56c5889225afa88a?s=96&d=mm&r=g\",\"url\":\"https:\\\/\\\/secure.gravatar.com\\\/avatar\\\/f1ffcac9ca2fa95ad3ec33e9be3ade82f752acb0cabe541e56c5889225afa88a?s=96&d=mm&r=g\",\"contentUrl\":\"https:\\\/\\\/secure.gravatar.com\\\/avatar\\\/f1ffcac9ca2fa95ad3ec33e9be3ade82f752acb0cabe541e56c5889225afa88a?s=96&d=mm&r=g\",\"caption\":\"dev\"},\"sameAs\":[\"https:\\\/\\\/ihedn.concilium.click\"],\"url\":\"https:\\\/\\\/ihedn.fr\\\/en\\\/author\\\/dev\\\/\"}]}<\/script>\n<!-- \/ Yoast SEO plugin. -->","yoast_head_json":{"title":"Course \"The challenges of space for the European union &amp; CSDP\" - L'IHEDN : Institut des hautes \u00e9tudes de d\u00e9fense nationale (French Institute for Higher National Defence Studies)","description":"Organised by the IHEDN's Department of Europe and International Affairs as part of the European Security and Defence College (ESDC), the course \"The challenges of space for the European union &amp; CSDP\" began today at the \u00c9cole militaire - Paris. This module will bring together around 35 participants from the institutions, organisations and agencies of the European Union and its Member States, and will be based around ten lectures and round tables.","robots":{"index":"index","follow":"follow","max-snippet":"max-snippet:-1","max-image-preview":"max-image-preview:large","max-video-preview":"max-video-preview:-1"},"canonical":"https:\/\/ihedn.fr\/en\/notre-actualite\/cours-the-challenges-of-space-for-the-european-union-csdp\/","og_locale":"en_GB","og_type":"article","og_title":"Cours \u00ab The challenges of space for the European union & CSDP \u00bb","og_description":"Organis\u00e9 par le D\u00e9partement de l\u2019Europe et des Affaires internationales de l\u2019IHEDN dans le cadre du Coll\u00e8ge Europ\u00e9en de S\u00e9curit\u00e9 et de D\u00e9fense (CESD), le cours \u00ab The challenges of space for the European union & CSDP \u00bb a d\u00e9but\u00e9 ce jour \u00e0 l\u2019\u00c9cole militaire - Paris. Ce module r\u00e9unit environ 35 participants des institutions, organisations et agences de l\u2019Union Europ\u00e9enne et de ses \u00c9tats Membres, et s\u2019articulera autour d\u2019une dizaine de conf\u00e9rences et tables rondes.","og_url":"https:\/\/ihedn.fr\/en\/notre-actualite\/cours-the-challenges-of-space-for-the-european-union-csdp\/","og_site_name":"L&#039;IHEDN : Institut des hautes \u00e9tudes de d\u00e9fense nationale","article_publisher":"https:\/\/www.facebook.com\/ihedn\/","article_published_time":"2023-02-14T11:15:58+00:00","article_modified_time":"2023-02-14T11:31:18+00:00","og_image":[{"width":910,"height":708,"url":"https:\/\/ihedn.fr\/wp-content\/uploads\/2023\/02\/005-\u00aeIHEDN-Cours-The-challenges-of-space-for-the-European-union-CSDP-20230214.jpeg","type":"image\/jpeg"}],"author":"dev","twitter_card":"summary_large_image","twitter_title":"Cours \u00ab The challenges of space for the European union & CSDP \u00bb","twitter_description":"Organis\u00e9 par le D\u00e9partement de l\u2019Europe et des Affaires internationales de l\u2019IHEDN dans le cadre du Coll\u00e8ge Europ\u00e9en de S\u00e9curit\u00e9 et de D\u00e9fense (CESD), le cours \u00ab The challenges of space for the European union & CSDP \u00bb a d\u00e9but\u00e9 ce jour \u00e0 l\u2019\u00c9cole militaire - Paris. Ce module r\u00e9unit environ 35 participants des institutions, organisations et agences de l\u2019Union Europ\u00e9enne et de ses \u00c9tats Membres, et s\u2019articulera autour d\u2019une dizaine de conf\u00e9rences et tables rondes.","twitter_image":"https:\/\/ihedn.fr\/wp-content\/uploads\/2023\/02\/005-\u00aeIHEDN-Cours-The-challenges-of-space-for-the-European-union-CSDP-20230214.jpeg","twitter_creator":"@IHEDN","twitter_site":"@IHEDN","twitter_misc":{"Written by":"dev","Estimated reading time":"3 minutes"},"schema":{"@context":"https:\/\/schema.org","@graph":[{"@type":"Article","@id":"https:\/\/ihedn.fr\/notre-actualite\/cours-the-challenges-of-space-for-the-european-union-csdp\/#article","isPartOf":{"@id":"https:\/\/ihedn.fr\/notre-actualite\/cours-the-challenges-of-space-for-the-european-union-csdp\/"},"author":{"name":"dev","@id":"https:\/\/ihedn.fr\/#\/schema\/person\/7a40155595e4efb35323447cb8c8c5a4"},"headline":"Cours \u00ab The challenges of space for the European union &#038; CSDP \u00bb","datePublished":"2023-02-14T11:15:58+00:00","dateModified":"2023-02-14T11:31:18+00:00","mainEntityOfPage":{"@id":"https:\/\/ihedn.fr\/notre-actualite\/cours-the-challenges-of-space-for-the-european-union-csdp\/"},"wordCount":439,"publisher":{"@id":"https:\/\/ihedn.fr\/#organization"},"image":{"@id":"https:\/\/ihedn.fr\/notre-actualite\/cours-the-challenges-of-space-for-the-european-union-csdp\/#primaryimage"},"thumbnailUrl":"https:\/\/ihedn.fr\/wp-content\/uploads\/2023\/02\/002-\u00aeIHEDN-Cours-The-challenges-of-space-for-the-European-union-CSDP-20230214.jpeg","articleSection":["Notre actualit\u00e9"],"inLanguage":"en-GB"},{"@type":"WebPage","@id":"https:\/\/ihedn.fr\/notre-actualite\/cours-the-challenges-of-space-for-the-european-union-csdp\/","url":"https:\/\/ihedn.fr\/notre-actualite\/cours-the-challenges-of-space-for-the-european-union-csdp\/","name":"Course \"The challenges of space for the European union &amp; CSDP\" - L'IHEDN : Institut des hautes \u00e9tudes de d\u00e9fense nationale (French Institute for Higher National Defence Studies)","isPartOf":{"@id":"https:\/\/ihedn.fr\/#website"},"primaryImageOfPage":{"@id":"https:\/\/ihedn.fr\/notre-actualite\/cours-the-challenges-of-space-for-the-european-union-csdp\/#primaryimage"},"image":{"@id":"https:\/\/ihedn.fr\/notre-actualite\/cours-the-challenges-of-space-for-the-european-union-csdp\/#primaryimage"},"thumbnailUrl":"https:\/\/ihedn.fr\/wp-content\/uploads\/2023\/02\/002-\u00aeIHEDN-Cours-The-challenges-of-space-for-the-European-union-CSDP-20230214.jpeg","datePublished":"2023-02-14T11:15:58+00:00","dateModified":"2023-02-14T11:31:18+00:00","description":"Organised by the IHEDN's Department of Europe and International Affairs as part of the European Security and Defence College (ESDC), the course \"The challenges of space for the European union &amp; CSDP\" began today at the \u00c9cole militaire - Paris. This module will bring together around 35 participants from the institutions, organisations and agencies of the European Union and its Member States, and will be based around ten lectures and round tables.","breadcrumb":{"@id":"https:\/\/ihedn.fr\/notre-actualite\/cours-the-challenges-of-space-for-the-european-union-csdp\/#breadcrumb"},"inLanguage":"en-GB","potentialAction":[{"@type":"ReadAction","target":["https:\/\/ihedn.fr\/notre-actualite\/cours-the-challenges-of-space-for-the-european-union-csdp\/"]}]},{"@type":"ImageObject","inLanguage":"en-GB","@id":"https:\/\/ihedn.fr\/notre-actualite\/cours-the-challenges-of-space-for-the-european-union-csdp\/#primaryimage","url":"https:\/\/ihedn.fr\/wp-content\/uploads\/2023\/02\/002-\u00aeIHEDN-Cours-The-challenges-of-space-for-the-European-union-CSDP-20230214.jpeg","contentUrl":"https:\/\/ihedn.fr\/wp-content\/uploads\/2023\/02\/002-\u00aeIHEDN-Cours-The-challenges-of-space-for-the-European-union-CSDP-20230214.jpeg","width":1425,"height":1013,"caption":"\u00aeIHEDN-Cours The challenges of space for the European union & CSDP"},{"@type":"BreadcrumbList","@id":"https:\/\/ihedn.fr\/notre-actualite\/cours-the-challenges-of-space-for-the-european-union-csdp\/#breadcrumb","itemListElement":[{"@type":"ListItem","position":1,"name":"Accueil","item":"https:\/\/ihedn.fr\/"},{"@type":"ListItem","position":2,"name":"Cours \u00ab The challenges of space for the European union &#038; CSDP \u00bb"}]},{"@type":"WebSite","@id":"https:\/\/ihedn.fr\/#website","url":"https:\/\/ihedn.fr\/","name":"IHEDN: Institut des hautes \u00e9tudes de d\u00e9fense nationale (Institute for Higher National Defence Studies)","description":"Official website of the IHEDN under the supervision of the Prime Minister.","publisher":{"@id":"https:\/\/ihedn.fr\/#organization"},"potentialAction":[{"@type":"SearchAction","target":{"@type":"EntryPoint","urlTemplate":"https:\/\/ihedn.fr\/?s={search_term_string}"},"query-input":{"@type":"PropertyValueSpecification","valueRequired":true,"valueName":"search_term_string"}}],"inLanguage":"en-GB"},{"@type":"Organization","@id":"https:\/\/ihedn.fr\/#organization","name":"IHEDN - Institute for Higher National Defence Studies","url":"https:\/\/ihedn.fr\/","logo":{"@type":"ImageObject","inLanguage":"en-GB","@id":"https:\/\/ihedn.fr\/#\/schema\/logo\/image\/","url":"https:\/\/ihedn.fr\/wp-content\/uploads\/2020\/11\/BLOC_RF_IHEDN_WEB.png","contentUrl":"https:\/\/ihedn.fr\/wp-content\/uploads\/2020\/11\/BLOC_RF_IHEDN_WEB.png","width":500,"height":237,"caption":"IHEDN - Institut des Hautes Etudes de D\u00e9fense Nationale"},"image":{"@id":"https:\/\/ihedn.fr\/#\/schema\/logo\/image\/"},"sameAs":["https:\/\/www.facebook.com\/ihedn\/","https:\/\/x.com\/IHEDN","https:\/\/www.instagram.com\/ihedn\/","https:\/\/www.linkedin.com\/school\/ihedn\/","https:\/\/fr.wikipedia.org\/wiki\/Institut_des_hautes_\u00e9tudes_de_D\u00e9fense_nationale"]},{"@type":"Person","@id":"https:\/\/ihedn.fr\/#\/schema\/person\/7a40155595e4efb35323447cb8c8c5a4","name":"dev","image":{"@type":"ImageObject","inLanguage":"en-GB","@id":"https:\/\/secure.gravatar.com\/avatar\/f1ffcac9ca2fa95ad3ec33e9be3ade82f752acb0cabe541e56c5889225afa88a?s=96&d=mm&r=g","url":"https:\/\/secure.gravatar.com\/avatar\/f1ffcac9ca2fa95ad3ec33e9be3ade82f752acb0cabe541e56c5889225afa88a?s=96&d=mm&r=g","contentUrl":"https:\/\/secure.gravatar.com\/avatar\/f1ffcac9ca2fa95ad3ec33e9be3ade82f752acb0cabe541e56c5889225afa88a?s=96&d=mm&r=g","caption":"dev"},"sameAs":["https:\/\/ihedn.concilium.click"],"url":"https:\/\/ihedn.fr\/en\/author\/dev\/"}]}},"publishpress_future_action":{"enabled":false,"date":"2026-05-09 02:43:52","action":"change-status","newStatus":"draft","terms":[],"taxonomy":"category","extraData":[]},"publishpress_future_workflow_manual_trigger":{"enabledWorkflows":[]},"_links":{"self":[{"href":"https:\/\/ihedn.fr\/en\/wp-json\/wp\/v2\/posts\/34705","targetHints":{"allow":["GET"]}}],"collection":[{"href":"https:\/\/ihedn.fr\/en\/wp-json\/wp\/v2\/posts"}],"about":[{"href":"https:\/\/ihedn.fr\/en\/wp-json\/wp\/v2\/types\/post"}],"author":[{"embeddable":true,"href":"https:\/\/ihedn.fr\/en\/wp-json\/wp\/v2\/users\/1"}],"replies":[{"embeddable":true,"href":"https:\/\/ihedn.fr\/en\/wp-json\/wp\/v2\/comments?post=34705"}],"version-history":[{"count":9,"href":"https:\/\/ihedn.fr\/en\/wp-json\/wp\/v2\/posts\/34705\/revisions"}],"predecessor-version":[{"id":34723,"href":"https:\/\/ihedn.fr\/en\/wp-json\/wp\/v2\/posts\/34705\/revisions\/34723"}],"wp:featuredmedia":[{"embeddable":true,"href":"https:\/\/ihedn.fr\/en\/wp-json\/wp\/v2\/media\/34707"}],"wp:attachment":[{"href":"https:\/\/ihedn.fr\/en\/wp-json\/wp\/v2\/media?parent=34705"}],"wp:term":[{"taxonomy":"category","embeddable":true,"href":"https:\/\/ihedn.fr\/en\/wp-json\/wp\/v2\/categories?post=34705"},{"taxonomy":"post_tag","embeddable":true,"href":"https:\/\/ihedn.fr\/en\/wp-json\/wp\/v2\/tags?post=34705"}],"curies":[{"name":"wp","href":"https:\/\/api.w.org\/{rel}","templated":true}]}}