{"id":3476,"date":"2020-09-17T10:17:00","date_gmt":"2020-09-17T09:17:00","guid":{"rendered":"https:\/\/ihedn.concilium.click\/?p=3476"},"modified":"2021-01-13T17:05:41","modified_gmt":"2021-01-13T16:05:41","slug":"la-73e-sn-poldef-au-centre-national-dentrainement-commando-de-collioure","status":"publish","type":"post","link":"https:\/\/ihedn.fr\/en\/uncategorized\/la-73e-sn-poldef-au-centre-national-dentrainement-commando-de-collioure\/","title":{"rendered":"The 73rd SN POLDEF at the Collioure National Commando Training Centre"},"content":{"rendered":"<div data-elementor-type=\"wp-post\" data-elementor-id=\"3476\" class=\"elementor elementor-3476\" data-elementor-post-type=\"post\">\n\t\t\t\t\t\t<section data-particle_enable=\"false\" data-particle-mobile-disabled=\"false\" class=\"elementor-section elementor-top-section elementor-element elementor-element-a1d5e32 elementor-section-boxed elementor-section-height-default elementor-section-height-default\" data-id=\"a1d5e32\" data-element_type=\"section\" data-e-type=\"section\">\n\t\t\t\t\t\t<div class=\"elementor-container elementor-column-gap-default\">\n\t\t\t\t\t<div class=\"elementor-column elementor-col-100 elementor-top-column elementor-element elementor-element-ff95c41\" data-id=\"ff95c41\" data-element_type=\"column\" data-e-type=\"column\">\n\t\t\t<div class=\"elementor-widget-wrap elementor-element-populated\">\n\t\t\t\t\t\t<div class=\"elementor-element elementor-element-5dec576 elementor-widget elementor-widget-image\" data-id=\"5dec576\" data-element_type=\"widget\" data-e-type=\"widget\" data-widget_type=\"image.default\">\n\t\t\t\t<div class=\"elementor-widget-container\">\n\t\t\t\t\t\t\t\t\t\t\t\t\t\t\t<img fetchpriority=\"high\" decoding=\"async\" width=\"1000\" height=\"676\" src=\"https:\/\/ihedn.fr\/wp-content\/uploads\/2020\/09\/20200916-POLDEF-Collioure-062-web.jpg\" class=\"attachment-full size-full wp-image-3479\" alt=\"\u00a9IHEDN | La 73e SN POLDEF au Centre national d&#039;entra\u00eenement commando de Collioure\" \/>\t\t\t\t\t\t\t\t\t\t\t\t\t\t\t<\/div>\n\t\t\t\t<\/div>\n\t\t\t\t<div class=\"elementor-element elementor-element-c9b4a72 elementor-widget elementor-widget-text-editor\" data-id=\"c9b4a72\" data-element_type=\"widget\" data-e-type=\"widget\" data-widget_type=\"text-editor.default\">\n\t\t\t\t<div class=\"elementor-widget-container\">\n\t\t\t\t\t\t\t\t\t<p>The 73rd POLDEF left Perpignan on board an Air Force A310 and headed for Collioure, where the 99 auditors were welcomed by Guy LLOBET, Mayor of Collioure, and by the head of the National Commando Training Centre (CNEC), Lieutenant-Colonel J\u00e9r\u00f4me PASCAL, whose hospitality we would like to thank.<\/p>\t\t\t\t\t\t\t\t<\/div>\n\t\t\t\t<\/div>\n\t\t\t\t<div class=\"elementor-element elementor-element-d3f9998 elementor-widget elementor-widget-image\" data-id=\"d3f9998\" data-element_type=\"widget\" data-e-type=\"widget\" data-widget_type=\"image.default\">\n\t\t\t\t<div class=\"elementor-widget-container\">\n\t\t\t\t\t\t\t\t\t\t\t\t\t\t\t<img decoding=\"async\" width=\"1000\" height=\"667\" src=\"https:\/\/ihedn.fr\/wp-content\/uploads\/2020\/09\/20200916-POLDEF-Collioure-142-web.jpg\" class=\"attachment-full size-full wp-image-3483\" alt=\"\u00a9IHEDN | M. Guy LLOBET, maire de Collioure\" \/>\t\t\t\t\t\t\t\t\t\t\t\t\t\t\t<\/div>\n\t\t\t\t<\/div>\n\t\t\t\t\t<\/div>\n\t\t<\/div>\n\t\t\t\t\t<\/div>\n\t\t<\/section>\n\t\t\t\t<section data-particle_enable=\"false\" data-particle-mobile-disabled=\"false\" class=\"elementor-section elementor-top-section elementor-element elementor-element-505d785 elementor-section-boxed elementor-section-height-default elementor-section-height-default\" data-id=\"505d785\" data-element_type=\"section\" data-e-type=\"section\">\n\t\t\t\t\t\t<div class=\"elementor-container elementor-column-gap-default\">\n\t\t\t\t\t<div class=\"elementor-column elementor-col-100 elementor-top-column elementor-element elementor-element-222be77\" data-id=\"222be77\" data-element_type=\"column\" data-e-type=\"column\">\n\t\t\t<div class=\"elementor-widget-wrap elementor-element-populated\">\n\t\t\t\t\t\t<div class=\"elementor-element elementor-element-e52c6d5 elementor-widget elementor-widget-text-editor\" data-id=\"e52c6d5\" data-element_type=\"widget\" data-e-type=\"widget\" data-widget_type=\"text-editor.default\">\n\t\t\t\t<div class=\"elementor-widget-container\">\n\t\t\t\t\t\t\t\t\t<p>Reserve colonel Etienne Sesmat gave a presentation on the history of the town and its military infrastructure.<\/p>\t\t\t\t\t\t\t\t<\/div>\n\t\t\t\t<\/div>\n\t\t\t\t\t<\/div>\n\t\t<\/div>\n\t\t\t\t\t<\/div>\n\t\t<\/section>\n\t\t\t\t<section data-particle_enable=\"false\" data-particle-mobile-disabled=\"false\" class=\"elementor-section elementor-top-section elementor-element elementor-element-15f5f08 elementor-section-boxed elementor-section-height-default elementor-section-height-default\" data-id=\"15f5f08\" data-element_type=\"section\" data-e-type=\"section\">\n\t\t\t\t\t\t<div class=\"elementor-container elementor-column-gap-default\">\n\t\t\t\t\t<div class=\"elementor-column elementor-col-100 elementor-top-column elementor-element elementor-element-a3d51ea\" data-id=\"a3d51ea\" data-element_type=\"column\" data-e-type=\"column\">\n\t\t\t<div class=\"elementor-widget-wrap elementor-element-populated\">\n\t\t\t\t\t\t<div class=\"elementor-element elementor-element-7c22d7a elementor-widget elementor-widget-image\" data-id=\"7c22d7a\" data-element_type=\"widget\" data-e-type=\"widget\" data-widget_type=\"image.default\">\n\t\t\t\t<div class=\"elementor-widget-container\">\n\t\t\t\t\t\t\t\t\t\t\t\t<figure class=\"wp-caption\">\n\t\t\t\t\t\t\t\t\t\t<img decoding=\"async\" width=\"1000\" height=\"728\" src=\"https:\/\/ihedn.fr\/wp-content\/uploads\/2020\/09\/20200916-POLDEF-Collioure-242-web.jpg\" class=\"attachment-full size-full wp-image-3485\" alt=\"\u00a9IHEDN | Le colonel de r\u00e9serve Etienne Sesmat\" \/>\t\t\t\t\t\t\t\t\t\t\t<figcaption class=\"widget-image-caption wp-caption-text\">IHEDN | Reserve Colonel Etienne Sesmat<\/figcaption>\n\t\t\t\t\t\t\t\t\t\t<\/figure>\n\t\t\t\t\t\t\t\t\t<\/div>\n\t\t\t\t<\/div>\n\t\t\t\t\t<\/div>\n\t\t<\/div>\n\t\t\t\t\t<\/div>\n\t\t<\/section>\n\t\t\t\t<section data-particle_enable=\"false\" data-particle-mobile-disabled=\"false\" class=\"elementor-section elementor-top-section elementor-element elementor-element-75e51f1 elementor-section-boxed elementor-section-height-default elementor-section-height-default\" data-id=\"75e51f1\" data-element_type=\"section\" data-e-type=\"section\">\n\t\t\t\t\t\t<div class=\"elementor-container elementor-column-gap-default\">\n\t\t\t\t\t<div class=\"elementor-column elementor-col-100 elementor-top-column elementor-element elementor-element-ad57cbe\" data-id=\"ad57cbe\" data-element_type=\"column\" data-e-type=\"column\">\n\t\t\t<div class=\"elementor-widget-wrap elementor-element-populated\">\n\t\t\t\t\t\t<div class=\"elementor-element elementor-element-afbbdfa elementor-widget elementor-widget-text-editor\" data-id=\"afbbdfa\" data-element_type=\"widget\" data-e-type=\"widget\" data-widget_type=\"text-editor.default\">\n\t\t\t\t<div class=\"elementor-widget-container\">\n\t\t\t\t\t\t\t\t\t<p>The next morning, in combat dress (fatigues), the audience sang the national anthem as the colours were raised in the CNEC courtyard.<\/p>\t\t\t\t\t\t\t\t<\/div>\n\t\t\t\t<\/div>\n\t\t\t\t\t<\/div>\n\t\t<\/div>\n\t\t\t\t\t<\/div>\n\t\t<\/section>\n\t\t\t\t<section data-particle_enable=\"false\" data-particle-mobile-disabled=\"false\" class=\"elementor-section elementor-top-section elementor-element elementor-element-08e3e49 elementor-section-boxed elementor-section-height-default elementor-section-height-default\" data-id=\"08e3e49\" data-element_type=\"section\" data-e-type=\"section\">\n\t\t\t\t\t\t<div class=\"elementor-container elementor-column-gap-default\">\n\t\t\t\t\t<div class=\"elementor-column elementor-col-100 elementor-top-column elementor-element elementor-element-c667430\" data-id=\"c667430\" data-element_type=\"column\" data-e-type=\"column\">\n\t\t\t<div class=\"elementor-widget-wrap elementor-element-populated\">\n\t\t\t\t\t\t<div class=\"elementor-element elementor-element-6bd6409 elementor-widget elementor-widget-image\" data-id=\"6bd6409\" data-element_type=\"widget\" data-e-type=\"widget\" data-widget_type=\"image.default\">\n\t\t\t\t<div class=\"elementor-widget-container\">\n\t\t\t\t\t\t\t\t\t\t\t\t<figure class=\"wp-caption\">\n\t\t\t\t\t\t\t\t\t\t<img loading=\"lazy\" decoding=\"async\" width=\"1000\" height=\"667\" src=\"https:\/\/ihedn.fr\/wp-content\/uploads\/2020\/09\/20200917-POLDEF-Collioure-0128-web.jpg\" class=\"attachment-full size-full wp-image-3496\" alt=\"\u00a9IHEDN | La 73e SN POLDEF : la mont\u00e9e des couleurs dans la cour du CNEC\" \/>\t\t\t\t\t\t\t\t\t\t\t<figcaption class=\"widget-image-caption wp-caption-text\">\u00a9IHEDN | The 73rd SN POLDEF: the colours fly in the CNEC courtyard<\/figcaption>\n\t\t\t\t\t\t\t\t\t\t<\/figure>\n\t\t\t\t\t\t\t\t\t<\/div>\n\t\t\t\t<\/div>\n\t\t\t\t\t<\/div>\n\t\t<\/div>\n\t\t\t\t\t<\/div>\n\t\t<\/section>\n\t\t\t\t<section data-particle_enable=\"false\" data-particle-mobile-disabled=\"false\" class=\"elementor-section elementor-top-section elementor-element elementor-element-1a51568 elementor-section-boxed elementor-section-height-default elementor-section-height-default\" data-id=\"1a51568\" data-element_type=\"section\" data-e-type=\"section\">\n\t\t\t\t\t\t<div class=\"elementor-container elementor-column-gap-default\">\n\t\t\t\t\t<div class=\"elementor-column elementor-col-100 elementor-top-column elementor-element elementor-element-feca0bd\" data-id=\"feca0bd\" data-element_type=\"column\" data-e-type=\"column\">\n\t\t\t<div class=\"elementor-widget-wrap elementor-element-populated\">\n\t\t\t\t\t\t<div class=\"elementor-element elementor-element-a688cdc elementor-widget elementor-widget-text-editor\" data-id=\"a688cdc\" data-element_type=\"widget\" data-e-type=\"widget\" data-widget_type=\"text-editor.default\">\n\t\t\t\t<div class=\"elementor-widget-container\">\n\t\t\t\t\t\t\t\t\t<p>High-flying\" activities, prepared with care and professionalism by the commando centre's officers and instructors, enabled the trainees to strengthen their group cohesion and very often to surpass themselves. Vertiginous courses on cables and tyrolean traverses over the reefs, abseiling, speedboat rides, commando swimming... these were some of the highlights for the 73 participants.<sup>e<\/sup> national \"Defence Policy\" session will long remember.<\/p>\t\t\t\t\t\t\t\t<\/div>\n\t\t\t\t<\/div>\n\t\t\t\t\t<\/div>\n\t\t<\/div>\n\t\t\t\t\t<\/div>\n\t\t<\/section>\n\t\t\t\t<section data-particle_enable=\"false\" data-particle-mobile-disabled=\"false\" class=\"elementor-section elementor-top-section elementor-element elementor-element-d8e9e6f elementor-section-boxed elementor-section-height-default elementor-section-height-default\" data-id=\"d8e9e6f\" data-element_type=\"section\" data-e-type=\"section\">\n\t\t\t\t\t\t<div class=\"elementor-container elementor-column-gap-default\">\n\t\t\t\t\t<div class=\"elementor-column elementor-col-100 elementor-top-column elementor-element elementor-element-2481b6b\" data-id=\"2481b6b\" data-element_type=\"column\" data-e-type=\"column\">\n\t\t\t<div class=\"elementor-widget-wrap elementor-element-populated\">\n\t\t\t\t\t\t<div class=\"elementor-element elementor-element-482b4cd elementor-widget elementor-widget-image\" data-id=\"482b4cd\" data-element_type=\"widget\" data-e-type=\"widget\" data-widget_type=\"image.default\">\n\t\t\t\t<div class=\"elementor-widget-container\">\n\t\t\t\t\t\t\t\t\t\t\t\t<figure class=\"wp-caption\">\n\t\t\t\t\t\t\t\t\t\t<img loading=\"lazy\" decoding=\"async\" width=\"1000\" height=\"424\" src=\"https:\/\/ihedn.fr\/wp-content\/uploads\/2020\/09\/20200917-POLDEF-Collioure-1528-web.jpg\" class=\"attachment-full size-full wp-image-3501\" alt=\"\u00a9IHEDN | La 73e SN POLDEF au Centre national d&#039;entra\u00eenement commando de Collioure\" \/>\t\t\t\t\t\t\t\t\t\t\t<figcaption class=\"widget-image-caption wp-caption-text\">\u00a9IHEDN | The 73rd SN POLDEF at the Collioure National Commando Training Centre<\/figcaption>\n\t\t\t\t\t\t\t\t\t\t<\/figure>\n\t\t\t\t\t\t\t\t\t<\/div>\n\t\t\t\t<\/div>\n\t\t\t\t\t<\/div>\n\t\t<\/div>\n\t\t\t\t\t<\/div>\n\t\t<\/section>\n\t\t\t\t<section data-particle_enable=\"false\" data-particle-mobile-disabled=\"false\" class=\"elementor-section elementor-top-section elementor-element elementor-element-1a6a6e4 elementor-section-boxed elementor-section-height-default elementor-section-height-default\" data-id=\"1a6a6e4\" data-element_type=\"section\" data-e-type=\"section\">\n\t\t\t\t\t\t<div class=\"elementor-container elementor-column-gap-default\">\n\t\t\t\t\t<div class=\"elementor-column elementor-col-100 elementor-top-column elementor-element elementor-element-439b7e8\" data-id=\"439b7e8\" data-element_type=\"column\" data-e-type=\"column\">\n\t\t\t<div class=\"elementor-widget-wrap elementor-element-populated\">\n\t\t\t\t\t\t<div class=\"elementor-element elementor-element-8045179 elementor-skin-carousel elementor-arrows-yes elementor-pagination-type-bullets elementor-pagination-position-outside elementor-widget elementor-widget-media-carousel\" data-id=\"8045179\" data-element_type=\"widget\" data-e-type=\"widget\" data-settings=\"{&quot;slides_per_view&quot;:&quot;2&quot;,&quot;skin&quot;:&quot;carousel&quot;,&quot;effect&quot;:&quot;slide&quot;,&quot;show_arrows&quot;:&quot;yes&quot;,&quot;pagination&quot;:&quot;bullets&quot;,&quot;speed&quot;:500,&quot;autoplay&quot;:&quot;yes&quot;,&quot;autoplay_speed&quot;:5000,&quot;loop&quot;:&quot;yes&quot;,&quot;pause_on_hover&quot;:&quot;yes&quot;,&quot;pause_on_interaction&quot;:&quot;yes&quot;,&quot;space_between&quot;:{&quot;unit&quot;:&quot;px&quot;,&quot;size&quot;:10,&quot;sizes&quot;:[]},&quot;space_between_tablet&quot;:{&quot;unit&quot;:&quot;px&quot;,&quot;size&quot;:10,&quot;sizes&quot;:[]},&quot;space_between_mobile&quot;:{&quot;unit&quot;:&quot;px&quot;,&quot;size&quot;:10,&quot;sizes&quot;:[]}}\" data-widget_type=\"media-carousel.default\">\n\t\t\t\t<div class=\"elementor-widget-container\">\n\t\t\t\t\t\t\t\t\t<div class=\"elementor-swiper\">\n\t\t\t\t\t<div class=\"elementor-main-swiper swiper\" role=\"region\" aria-roledescription=\"carousel\" aria-label=\"Slides\">\n\t\t\t\t<div class=\"swiper-wrapper\">\n\t\t\t\t\t\t\t\t\t\t\t<div class=\"swiper-slide\" role=\"group\" aria-roledescription=\"slide\">\n\t\t\t\t\t\t\t<a href=\"https:\/\/ihedn.fr\/wp-content\/uploads\/2020\/09\/20200917-POLDEF-Collioure-0545-web.jpg\" data-elementor-open-lightbox=\"yes\" data-elementor-lightbox-slideshow=\"8045179\" data-e-action-hash=\"#elementor-action%3Aaction%3Dlightbox%26settings%3DeyJpZCI6MzUxMSwidXJsIjoiaHR0cHM6XC9cL2loZWRuLmZyXC93cC1jb250ZW50XC91cGxvYWRzXC8yMDIwXC8wOVwvMjAyMDA5MTctUE9MREVGLUNvbGxpb3VyZS0wNTQ1LXdlYi5qcGciLCJzbGlkZXNob3ciOiI4MDQ1MTc5In0%3D\">\t\t<div class=\"elementor-carousel-image\" role=\"img\" aria-label=\"\u00a9IHEDN | The 73rd SN POLDEF at the Collioure National Commando Training Centre\" style=\"background-image: url(&#039;https:\/\/ihedn.fr\/wp-content\/uploads\/2020\/09\/20200917-POLDEF-Collioure-0545-web.jpg&#039;)\">\n\n\t\t\t\n\t\t\t\t\t<\/div>\n\t\t<\/a>\t\t\t\t\t\t<\/div>\n\t\t\t\t\t\t\t\t\t\t\t<div class=\"swiper-slide\" role=\"group\" aria-roledescription=\"slide\">\n\t\t\t\t\t\t\t<a href=\"https:\/\/ihedn.fr\/wp-content\/uploads\/2020\/09\/20200917-POLDEF-Collioure-0681-web.jpg\" data-elementor-open-lightbox=\"yes\" data-elementor-lightbox-slideshow=\"8045179\" data-e-action-hash=\"#elementor-action%3Aaction%3Dlightbox%26settings%3DeyJpZCI6MzUwOCwidXJsIjoiaHR0cHM6XC9cL2loZWRuLmZyXC93cC1jb250ZW50XC91cGxvYWRzXC8yMDIwXC8wOVwvMjAyMDA5MTctUE9MREVGLUNvbGxpb3VyZS0wNjgxLXdlYi5qcGciLCJzbGlkZXNob3ciOiI4MDQ1MTc5In0%3D\">\t\t<div class=\"elementor-carousel-image\" role=\"img\" aria-label=\"\u00a9IHEDN | The 73rd SN POLDEF at the Collioure National Commando Training Centre\" style=\"background-image: url(&#039;https:\/\/ihedn.fr\/wp-content\/uploads\/2020\/09\/20200917-POLDEF-Collioure-0681-web.jpg&#039;)\">\n\n\t\t\t\n\t\t\t\t\t<\/div>\n\t\t<\/a>\t\t\t\t\t\t<\/div>\n\t\t\t\t\t\t\t\t\t\t\t<div class=\"swiper-slide\" role=\"group\" aria-roledescription=\"slide\">\n\t\t\t\t\t\t\t<a href=\"https:\/\/ihedn.fr\/wp-content\/uploads\/2020\/09\/20200917-POLDEF-Collioure-0982-web.jpg\" data-elementor-open-lightbox=\"yes\" data-elementor-lightbox-slideshow=\"8045179\" data-e-action-hash=\"#elementor-action%3Aaction%3Dlightbox%26settings%3DeyJpZCI6MzUwOSwidXJsIjoiaHR0cHM6XC9cL2loZWRuLmZyXC93cC1jb250ZW50XC91cGxvYWRzXC8yMDIwXC8wOVwvMjAyMDA5MTctUE9MREVGLUNvbGxpb3VyZS0wOTgyLXdlYi5qcGciLCJzbGlkZXNob3ciOiI4MDQ1MTc5In0%3D\">\t\t<div class=\"elementor-carousel-image\" role=\"img\" aria-label=\"\u00a9IHEDN | The 73rd SN POLDEF at the Collioure National Commando Training Centre\" style=\"background-image: url(&#039;https:\/\/ihedn.fr\/wp-content\/uploads\/2020\/09\/20200917-POLDEF-Collioure-0982-web.jpg&#039;)\">\n\n\t\t\t\n\t\t\t\t\t<\/div>\n\t\t<\/a>\t\t\t\t\t\t<\/div>\n\t\t\t\t\t\t\t\t\t\t\t<div class=\"swiper-slide\" role=\"group\" aria-roledescription=\"slide\">\n\t\t\t\t\t\t\t<a href=\"https:\/\/ihedn.fr\/wp-content\/uploads\/2020\/09\/20200917-POLDEF-Collioure-0729-web.jpg\" data-elementor-open-lightbox=\"yes\" data-elementor-lightbox-slideshow=\"8045179\" data-e-action-hash=\"#elementor-action%3Aaction%3Dlightbox%26settings%3DeyJpZCI6MzUxMCwidXJsIjoiaHR0cHM6XC9cL2loZWRuLmZyXC93cC1jb250ZW50XC91cGxvYWRzXC8yMDIwXC8wOVwvMjAyMDA5MTctUE9MREVGLUNvbGxpb3VyZS0wNzI5LXdlYi5qcGciLCJzbGlkZXNob3ciOiI4MDQ1MTc5In0%3D\">\t\t<div class=\"elementor-carousel-image\" role=\"img\" aria-label=\"\u00a9IHEDN | The 73rd SN POLDEF at the Collioure National Commando Training Centre\" style=\"background-image: url(&#039;https:\/\/ihedn.fr\/wp-content\/uploads\/2020\/09\/20200917-POLDEF-Collioure-0729-web.jpg&#039;)\">\n\n\t\t\t\n\t\t\t\t\t<\/div>\n\t\t<\/a>\t\t\t\t\t\t<\/div>\n\t\t\t\t\t\t\t\t\t<\/div>\n\t\t\t\t\t\t\t\t\t\t\t\t\t\t\t<div class=\"elementor-swiper-button elementor-swiper-button-prev\" role=\"button\" tabindex=\"0\" aria-label=\"Previous\">\n\t\t\t\t\t\t\t<svg aria-hidden=\"true\" class=\"e-font-icon-svg e-eicon-chevron-left\" viewbox=\"0 0 1000 1000\" xmlns=\"http:\/\/www.w3.org\/2000\/svg\"><path d=\"M646 125C629 125 613 133 604 142L308 442C296 454 292 471 292 487 292 504 296 521 308 533L604 854C617 867 629 875 646 875 663 875 679 871 692 858 704 846 713 829 713 812 713 796 708 779 692 767L438 487 692 225C700 217 708 204 708 187 708 171 704 154 692 142 675 129 663 125 646 125Z\"><\/path><\/svg>\t\t\t\t\t\t<\/div>\n\t\t\t\t\t\t<div class=\"elementor-swiper-button elementor-swiper-button-next\" role=\"button\" tabindex=\"0\" aria-label=\"Next\">\n\t\t\t\t\t\t\t<svg aria-hidden=\"true\" class=\"e-font-icon-svg e-eicon-chevron-right\" viewbox=\"0 0 1000 1000\" xmlns=\"http:\/\/www.w3.org\/2000\/svg\"><path d=\"M696 533C708 521 713 504 713 487 713 471 708 454 696 446L400 146C388 133 375 125 354 125 338 125 325 129 313 142 300 154 292 171 292 187 292 204 296 221 308 233L563 492 304 771C292 783 288 800 288 817 288 833 296 850 308 863 321 871 338 875 354 875 371 875 388 867 400 854L696 533Z\"><\/path><\/svg>\t\t\t\t\t\t<\/div>\n\t\t\t\t\t\t\t\t\t\t\t\t\t\t\t\t<div class=\"swiper-pagination\"><\/div>\n\t\t\t\t\t\t\t\t\t\t\t\t<\/div>\n\t\t\t\t<\/div>\n\t\t\t\t\t\t\t\t<\/div>\n\t\t\t\t<\/div>\n\t\t\t\t\t<\/div>\n\t\t<\/div>\n\t\t\t\t\t<\/div>\n\t\t<\/section>\n\t\t\t\t<section data-particle_enable=\"false\" data-particle-mobile-disabled=\"false\" class=\"elementor-section elementor-top-section elementor-element elementor-element-67a480e elementor-section-boxed elementor-section-height-default elementor-section-height-default\" data-id=\"67a480e\" data-element_type=\"section\" data-e-type=\"section\">\n\t\t\t\t\t\t<div class=\"elementor-container elementor-column-gap-default\">\n\t\t\t\t\t<div class=\"elementor-column elementor-col-100 elementor-top-column elementor-element elementor-element-058a0a7\" data-id=\"058a0a7\" data-element_type=\"column\" data-e-type=\"column\">\n\t\t\t<div class=\"elementor-widget-wrap elementor-element-populated\">\n\t\t\t\t\t\t<div class=\"elementor-element elementor-element-518fde8 elementor-widget elementor-widget-text-editor\" data-id=\"518fde8\" data-element_type=\"widget\" data-e-type=\"widget\" data-widget_type=\"text-editor.default\">\n\t\t\t\t<div class=\"elementor-widget-container\">\n\t\t\t\t\t\t\t\t\t<p>A get-together dinner was held at the Fr\u00e9gate restaurant, in the presence of the mayor of Collioure: an opportunity to discover the local specialities that are the pride of the \"Catalans du Nord\".<\/p>\t\t\t\t\t\t\t\t<\/div>\n\t\t\t\t<\/div>\n\t\t\t\t\t<\/div>\n\t\t<\/div>\n\t\t\t\t\t<\/div>\n\t\t<\/section>\n\t\t\t\t<section data-particle_enable=\"false\" data-particle-mobile-disabled=\"false\" class=\"elementor-section elementor-top-section elementor-element elementor-element-0c19196 elementor-section-boxed elementor-section-height-default elementor-section-height-default\" data-id=\"0c19196\" data-element_type=\"section\" data-e-type=\"section\">\n\t\t\t\t\t\t<div class=\"elementor-container elementor-column-gap-default\">\n\t\t\t\t\t<div class=\"elementor-column elementor-col-100 elementor-top-column elementor-element elementor-element-2984530\" data-id=\"2984530\" data-element_type=\"column\" data-e-type=\"column\">\n\t\t\t<div class=\"elementor-widget-wrap elementor-element-populated\">\n\t\t\t\t\t\t<div class=\"elementor-element elementor-element-06f4de1 elementor-widget elementor-widget-image\" data-id=\"06f4de1\" data-element_type=\"widget\" data-e-type=\"widget\" data-widget_type=\"image.default\">\n\t\t\t\t<div class=\"elementor-widget-container\">\n\t\t\t\t\t\t\t\t\t\t\t\t<figure class=\"wp-caption\">\n\t\t\t\t\t\t\t\t\t\t<img loading=\"lazy\" decoding=\"async\" width=\"1000\" height=\"667\" src=\"https:\/\/ihedn.fr\/wp-content\/uploads\/2020\/09\/20200917-POLDEF-Collioure-1685-web.jpg\" class=\"attachment-full size-full wp-image-3530\" alt=\"\u00a9IHEDN | La 73e SN POLDEF au Centre national d&#039;entra\u00eenement commando de Collioure\" \/>\t\t\t\t\t\t\t\t\t\t\t<figcaption class=\"widget-image-caption wp-caption-text\">\u00a9IHEDN | The 73rd SN POLDEF at the Collioure National Commando Training Centre<\/figcaption>\n\t\t\t\t\t\t\t\t\t\t<\/figure>\n\t\t\t\t\t\t\t\t\t<\/div>\n\t\t\t\t<\/div>\n\t\t\t\t\t<\/div>\n\t\t<\/div>\n\t\t\t\t\t<\/div>\n\t\t<\/section>\n\t\t\t\t<section data-particle_enable=\"false\" data-particle-mobile-disabled=\"false\" class=\"elementor-section elementor-top-section elementor-element elementor-element-2039126 elementor-section-boxed elementor-section-height-default elementor-section-height-default\" data-id=\"2039126\" data-element_type=\"section\" data-e-type=\"section\">\n\t\t\t\t\t\t<div class=\"elementor-container elementor-column-gap-default\">\n\t\t\t\t\t<div class=\"elementor-column elementor-col-100 elementor-top-column elementor-element elementor-element-bc54314\" data-id=\"bc54314\" data-element_type=\"column\" data-e-type=\"column\">\n\t\t\t<div class=\"elementor-widget-wrap elementor-element-populated\">\n\t\t\t\t\t\t<div class=\"elementor-element elementor-element-d215bfd elementor-widget elementor-widget-text-editor\" data-id=\"d215bfd\" data-element_type=\"widget\" data-e-type=\"widget\" data-widget_type=\"text-editor.default\">\n\t\t\t\t<div class=\"elementor-widget-container\">\n\t\t\t\t\t\t\t\t\t<p>We would like to thank the CNEC's chef de corps and all the skinny cats for their patience and kindness.<\/p>\t\t\t\t\t\t\t\t<\/div>\n\t\t\t\t<\/div>\n\t\t\t\t\t<\/div>\n\t\t<\/div>\n\t\t\t\t\t<\/div>\n\t\t<\/section>\n\t\t\t\t<section data-particle_enable=\"false\" data-particle-mobile-disabled=\"false\" class=\"elementor-section elementor-top-section elementor-element elementor-element-5ac8d3a elementor-section-boxed elementor-section-height-default elementor-section-height-default\" data-id=\"5ac8d3a\" data-element_type=\"section\" data-e-type=\"section\">\n\t\t\t\t\t\t<div class=\"elementor-container elementor-column-gap-default\">\n\t\t\t\t\t<div class=\"elementor-column elementor-col-100 elementor-top-column elementor-element elementor-element-082c5aa\" data-id=\"082c5aa\" data-element_type=\"column\" data-e-type=\"column\">\n\t\t\t<div class=\"elementor-widget-wrap elementor-element-populated\">\n\t\t\t\t\t\t<div class=\"elementor-element elementor-element-210f003 elementor-widget elementor-widget-image\" data-id=\"210f003\" data-element_type=\"widget\" data-e-type=\"widget\" data-widget_type=\"image.default\">\n\t\t\t\t<div class=\"elementor-widget-container\">\n\t\t\t\t\t\t\t\t\t\t\t\t<figure class=\"wp-caption\">\n\t\t\t\t\t\t\t\t\t\t<img loading=\"lazy\" decoding=\"async\" width=\"800\" height=\"780\" src=\"https:\/\/ihedn.fr\/wp-content\/uploads\/2020\/09\/20200917-POLDEF-Collioure-0972-web2.jpg\" class=\"attachment-full size-full wp-image-3531\" alt=\"\u00a9IHEDN | La 73e SN POLDEF au Centre national d&#039;entra\u00eenement commando de Collioure\" \/>\t\t\t\t\t\t\t\t\t\t\t<figcaption class=\"widget-image-caption wp-caption-text\">\u00a9IHEDN | The 73rd SN POLDEF at the Collioure National Commando Training Centre<\/figcaption>\n\t\t\t\t\t\t\t\t\t\t<\/figure>\n\t\t\t\t\t\t\t\t\t<\/div>\n\t\t\t\t<\/div>\n\t\t\t\t\t<\/div>\n\t\t<\/div>\n\t\t\t\t\t<\/div>\n\t\t<\/section>\n\t\t\t\t<section data-particle_enable=\"false\" data-particle-mobile-disabled=\"false\" class=\"elementor-section elementor-top-section elementor-element elementor-element-5751fed elementor-section-boxed elementor-section-height-default elementor-section-height-default\" data-id=\"5751fed\" data-element_type=\"section\" data-e-type=\"section\">\n\t\t\t\t\t\t<div class=\"elementor-container elementor-column-gap-default\">\n\t\t\t\t\t<div class=\"elementor-column elementor-col-100 elementor-top-column elementor-element elementor-element-d9bbfcb\" data-id=\"d9bbfcb\" data-element_type=\"column\" data-e-type=\"column\">\n\t\t\t<div class=\"elementor-widget-wrap elementor-element-populated\">\n\t\t\t\t\t\t\t<\/div>\n\t\t<\/div>\n\t\t\t\t\t<\/div>\n\t\t<\/section>\n\t\t\t\t<\/div>","protected":false},"excerpt":{"rendered":"<p>La 73e POLDEF a rejoint Perpignan \u00e0 bord d&rsquo;un un A310 de l\u2019arm\u00e9e de l\u2019air pour se diriger vers Collioure o\u00f9 les 99 auditeurs ont \u00e9t\u00e9 re\u00e7us par M. Guy LLOBET, maire de Collioure, et par le chef de corps du Centre national d\u2019entra\u00eenement commando (CNEC), le lieutenant-colonel J\u00e9r\u00f4me PASCAL dont nous remercions l&rsquo;hospitalit\u00e9. Le [&hellip;]<\/p>\n","protected":false},"author":1,"featured_media":3496,"comment_status":"closed","ping_status":"closed","sticky":false,"template":"","format":"standard","meta":{"footnotes":""},"categories":[1],"tags":[],"class_list":["post-3476","post","type-post","status-publish","format-standard","has-post-thumbnail","hentry","category-uncategorized"],"yoast_head":"<!-- This site is optimized with the Yoast SEO plugin v27.5 - https:\/\/yoast.com\/product\/yoast-seo-wordpress\/ -->\n<title>La 73e SN POLDEF au Centre national d&#039;entra\u00eenement commando de Collioure - L&#039;IHEDN : Institut des hautes \u00e9tudes de d\u00e9fense nationale<\/title>\n<meta name=\"robots\" content=\"index, follow, max-snippet:-1, max-image-preview:large, max-video-preview:-1\" \/>\n<link rel=\"canonical\" href=\"https:\/\/ihedn.fr\/en\/actualites-des-sessions\/poldef\/la-73e-sn-poldef-au-centre-national-dentrainement-commando-de-collioure\/\" \/>\n<meta property=\"og:locale\" content=\"en_GB\" \/>\n<meta property=\"og:type\" content=\"article\" \/>\n<meta property=\"og:title\" content=\"La 73e SN POLDEF au Centre national d&#039;entra\u00eenement commando de Collioure - L&#039;IHEDN : Institut des hautes \u00e9tudes de d\u00e9fense nationale\" \/>\n<meta property=\"og:description\" content=\"La 73e POLDEF a rejoint Perpignan \u00e0 bord d&rsquo;un un A310 de l\u2019arm\u00e9e de l\u2019air pour se diriger vers Collioure o\u00f9 les 99 auditeurs ont \u00e9t\u00e9 re\u00e7us par M. Guy LLOBET, maire de Collioure, et par le chef de corps du Centre national d\u2019entra\u00eenement commando (CNEC), le lieutenant-colonel J\u00e9r\u00f4me PASCAL dont nous remercions l&rsquo;hospitalit\u00e9. Le [&hellip;]\" \/>\n<meta property=\"og:url\" content=\"https:\/\/ihedn.fr\/en\/actualites-des-sessions\/poldef\/la-73e-sn-poldef-au-centre-national-dentrainement-commando-de-collioure\/\" \/>\n<meta property=\"og:site_name\" content=\"L&#039;IHEDN : Institut des hautes \u00e9tudes de d\u00e9fense nationale\" \/>\n<meta property=\"article:publisher\" content=\"https:\/\/www.facebook.com\/ihedn\/\" \/>\n<meta property=\"article:published_time\" content=\"2020-09-17T09:17:00+00:00\" \/>\n<meta property=\"article:modified_time\" content=\"2021-01-13T16:05:41+00:00\" \/>\n<meta property=\"og:image\" content=\"https:\/\/ihedn.fr\/wp-content\/uploads\/2020\/09\/20200917-POLDEF-Collioure-0128-web.jpg\" \/>\n\t<meta property=\"og:image:width\" content=\"1000\" \/>\n\t<meta property=\"og:image:height\" content=\"667\" \/>\n\t<meta property=\"og:image:type\" content=\"image\/jpeg\" \/>\n<meta name=\"author\" content=\"dev\" \/>\n<meta name=\"twitter:card\" content=\"summary_large_image\" \/>\n<meta name=\"twitter:creator\" content=\"@IHEDN\" \/>\n<meta name=\"twitter:site\" content=\"@IHEDN\" \/>\n<meta name=\"twitter:label1\" content=\"Written by\" \/>\n\t<meta name=\"twitter:data1\" content=\"dev\" \/>\n\t<meta name=\"twitter:label2\" content=\"Estimated reading time\" \/>\n\t<meta name=\"twitter:data2\" content=\"2 minutes\" \/>\n<script type=\"application\/ld+json\" class=\"yoast-schema-graph\">{\"@context\":\"https:\\\/\\\/schema.org\",\"@graph\":[{\"@type\":\"Article\",\"@id\":\"https:\\\/\\\/ihedn.fr\\\/actualites-des-sessions\\\/poldef\\\/la-73e-sn-poldef-au-centre-national-dentrainement-commando-de-collioure\\\/#article\",\"isPartOf\":{\"@id\":\"https:\\\/\\\/ihedn.fr\\\/actualites-des-sessions\\\/poldef\\\/la-73e-sn-poldef-au-centre-national-dentrainement-commando-de-collioure\\\/\"},\"author\":{\"name\":\"dev\",\"@id\":\"https:\\\/\\\/ihedn.fr\\\/#\\\/schema\\\/person\\\/7a40155595e4efb35323447cb8c8c5a4\"},\"headline\":\"La 73e SN POLDEF au Centre national d&rsquo;entra\u00eenement commando de Collioure\",\"datePublished\":\"2020-09-17T09:17:00+00:00\",\"dateModified\":\"2021-01-13T16:05:41+00:00\",\"mainEntityOfPage\":{\"@id\":\"https:\\\/\\\/ihedn.fr\\\/actualites-des-sessions\\\/poldef\\\/la-73e-sn-poldef-au-centre-national-dentrainement-commando-de-collioure\\\/\"},\"wordCount\":332,\"publisher\":{\"@id\":\"https:\\\/\\\/ihedn.fr\\\/#organization\"},\"image\":{\"@id\":\"https:\\\/\\\/ihedn.fr\\\/actualites-des-sessions\\\/poldef\\\/la-73e-sn-poldef-au-centre-national-dentrainement-commando-de-collioure\\\/#primaryimage\"},\"thumbnailUrl\":\"https:\\\/\\\/ihedn.fr\\\/wp-content\\\/uploads\\\/2020\\\/09\\\/20200917-POLDEF-Collioure-0128-web.jpg\",\"articleSection\":[\"Uncategorized\"],\"inLanguage\":\"en-GB\"},{\"@type\":\"WebPage\",\"@id\":\"https:\\\/\\\/ihedn.fr\\\/actualites-des-sessions\\\/poldef\\\/la-73e-sn-poldef-au-centre-national-dentrainement-commando-de-collioure\\\/\",\"url\":\"https:\\\/\\\/ihedn.fr\\\/actualites-des-sessions\\\/poldef\\\/la-73e-sn-poldef-au-centre-national-dentrainement-commando-de-collioure\\\/\",\"name\":\"La 73e SN POLDEF au Centre national d'entra\u00eenement commando de Collioure - L&#039;IHEDN : Institut des hautes \u00e9tudes de d\u00e9fense nationale\",\"isPartOf\":{\"@id\":\"https:\\\/\\\/ihedn.fr\\\/#website\"},\"primaryImageOfPage\":{\"@id\":\"https:\\\/\\\/ihedn.fr\\\/actualites-des-sessions\\\/poldef\\\/la-73e-sn-poldef-au-centre-national-dentrainement-commando-de-collioure\\\/#primaryimage\"},\"image\":{\"@id\":\"https:\\\/\\\/ihedn.fr\\\/actualites-des-sessions\\\/poldef\\\/la-73e-sn-poldef-au-centre-national-dentrainement-commando-de-collioure\\\/#primaryimage\"},\"thumbnailUrl\":\"https:\\\/\\\/ihedn.fr\\\/wp-content\\\/uploads\\\/2020\\\/09\\\/20200917-POLDEF-Collioure-0128-web.jpg\",\"datePublished\":\"2020-09-17T09:17:00+00:00\",\"dateModified\":\"2021-01-13T16:05:41+00:00\",\"breadcrumb\":{\"@id\":\"https:\\\/\\\/ihedn.fr\\\/actualites-des-sessions\\\/poldef\\\/la-73e-sn-poldef-au-centre-national-dentrainement-commando-de-collioure\\\/#breadcrumb\"},\"inLanguage\":\"en-GB\",\"potentialAction\":[{\"@type\":\"ReadAction\",\"target\":[\"https:\\\/\\\/ihedn.fr\\\/actualites-des-sessions\\\/poldef\\\/la-73e-sn-poldef-au-centre-national-dentrainement-commando-de-collioure\\\/\"]}]},{\"@type\":\"ImageObject\",\"inLanguage\":\"en-GB\",\"@id\":\"https:\\\/\\\/ihedn.fr\\\/actualites-des-sessions\\\/poldef\\\/la-73e-sn-poldef-au-centre-national-dentrainement-commando-de-collioure\\\/#primaryimage\",\"url\":\"https:\\\/\\\/ihedn.fr\\\/wp-content\\\/uploads\\\/2020\\\/09\\\/20200917-POLDEF-Collioure-0128-web.jpg\",\"contentUrl\":\"https:\\\/\\\/ihedn.fr\\\/wp-content\\\/uploads\\\/2020\\\/09\\\/20200917-POLDEF-Collioure-0128-web.jpg\",\"width\":1000,\"height\":667,\"caption\":\"\u00a9IHEDN | La 73e SN POLDEF : la mont\u00e9e des couleurs dans la cour du CNEC\"},{\"@type\":\"BreadcrumbList\",\"@id\":\"https:\\\/\\\/ihedn.fr\\\/actualites-des-sessions\\\/poldef\\\/la-73e-sn-poldef-au-centre-national-dentrainement-commando-de-collioure\\\/#breadcrumb\",\"itemListElement\":[{\"@type\":\"ListItem\",\"position\":1,\"name\":\"Accueil\",\"item\":\"https:\\\/\\\/ihedn.fr\\\/\"},{\"@type\":\"ListItem\",\"position\":2,\"name\":\"La 73e SN POLDEF au Centre national d&rsquo;entra\u00eenement commando de Collioure\"}]},{\"@type\":\"WebSite\",\"@id\":\"https:\\\/\\\/ihedn.fr\\\/#website\",\"url\":\"https:\\\/\\\/ihedn.fr\\\/\",\"name\":\"IHEDN : Institut des hautes \u00e9tudes de d\u00e9fense nationale |\",\"description\":\"Site officiel de l&#039;IHEDN plac\u00e9 sous la tutelle du Premier ministre.\",\"publisher\":{\"@id\":\"https:\\\/\\\/ihedn.fr\\\/#organization\"},\"potentialAction\":[{\"@type\":\"SearchAction\",\"target\":{\"@type\":\"EntryPoint\",\"urlTemplate\":\"https:\\\/\\\/ihedn.fr\\\/?s={search_term_string}\"},\"query-input\":{\"@type\":\"PropertyValueSpecification\",\"valueRequired\":true,\"valueName\":\"search_term_string\"}}],\"inLanguage\":\"en-GB\"},{\"@type\":\"Organization\",\"@id\":\"https:\\\/\\\/ihedn.fr\\\/#organization\",\"name\":\"IHEDN - Institut des Hautes Etudes de D\u00e9fense Nationale\",\"url\":\"https:\\\/\\\/ihedn.fr\\\/\",\"logo\":{\"@type\":\"ImageObject\",\"inLanguage\":\"en-GB\",\"@id\":\"https:\\\/\\\/ihedn.fr\\\/#\\\/schema\\\/logo\\\/image\\\/\",\"url\":\"https:\\\/\\\/ihedn.fr\\\/wp-content\\\/uploads\\\/2020\\\/11\\\/BLOC_RF_IHEDN_WEB.png\",\"contentUrl\":\"https:\\\/\\\/ihedn.fr\\\/wp-content\\\/uploads\\\/2020\\\/11\\\/BLOC_RF_IHEDN_WEB.png\",\"width\":500,\"height\":237,\"caption\":\"IHEDN - Institut des Hautes Etudes de D\u00e9fense Nationale\"},\"image\":{\"@id\":\"https:\\\/\\\/ihedn.fr\\\/#\\\/schema\\\/logo\\\/image\\\/\"},\"sameAs\":[\"https:\\\/\\\/www.facebook.com\\\/ihedn\\\/\",\"https:\\\/\\\/x.com\\\/IHEDN\",\"https:\\\/\\\/www.instagram.com\\\/ihedn\\\/\",\"https:\\\/\\\/www.linkedin.com\\\/school\\\/ihedn\\\/\",\"https:\\\/\\\/fr.wikipedia.org\\\/wiki\\\/Institut_des_hautes_\u00e9tudes_de_D\u00e9fense_nationale\"]},{\"@type\":\"Person\",\"@id\":\"https:\\\/\\\/ihedn.fr\\\/#\\\/schema\\\/person\\\/7a40155595e4efb35323447cb8c8c5a4\",\"name\":\"dev\",\"image\":{\"@type\":\"ImageObject\",\"inLanguage\":\"en-GB\",\"@id\":\"https:\\\/\\\/secure.gravatar.com\\\/avatar\\\/f1ffcac9ca2fa95ad3ec33e9be3ade82f752acb0cabe541e56c5889225afa88a?s=96&d=mm&r=g\",\"url\":\"https:\\\/\\\/secure.gravatar.com\\\/avatar\\\/f1ffcac9ca2fa95ad3ec33e9be3ade82f752acb0cabe541e56c5889225afa88a?s=96&d=mm&r=g\",\"contentUrl\":\"https:\\\/\\\/secure.gravatar.com\\\/avatar\\\/f1ffcac9ca2fa95ad3ec33e9be3ade82f752acb0cabe541e56c5889225afa88a?s=96&d=mm&r=g\",\"caption\":\"dev\"},\"sameAs\":[\"https:\\\/\\\/ihedn.concilium.click\"],\"url\":\"https:\\\/\\\/ihedn.fr\\\/en\\\/author\\\/dev\\\/\"}]}<\/script>\n<!-- \/ Yoast SEO plugin. -->","yoast_head_json":{"title":"The 73rd SN POLDEF at the Collioure National Commando Training Centre - L'IHEDN : Institut des hautes \u00e9tudes de d\u00e9fense nationale","robots":{"index":"index","follow":"follow","max-snippet":"max-snippet:-1","max-image-preview":"max-image-preview:large","max-video-preview":"max-video-preview:-1"},"canonical":"https:\/\/ihedn.fr\/en\/actualites-des-sessions\/poldef\/la-73e-sn-poldef-au-centre-national-dentrainement-commando-de-collioure\/","og_locale":"en_GB","og_type":"article","og_title":"La 73e SN POLDEF au Centre national d'entra\u00eenement commando de Collioure - L&#039;IHEDN : Institut des hautes \u00e9tudes de d\u00e9fense nationale","og_description":"La 73e POLDEF a rejoint Perpignan \u00e0 bord d&rsquo;un un A310 de l\u2019arm\u00e9e de l\u2019air pour se diriger vers Collioure o\u00f9 les 99 auditeurs ont \u00e9t\u00e9 re\u00e7us par M. Guy LLOBET, maire de Collioure, et par le chef de corps du Centre national d\u2019entra\u00eenement commando (CNEC), le lieutenant-colonel J\u00e9r\u00f4me PASCAL dont nous remercions l&rsquo;hospitalit\u00e9. Le [&hellip;]","og_url":"https:\/\/ihedn.fr\/en\/actualites-des-sessions\/poldef\/la-73e-sn-poldef-au-centre-national-dentrainement-commando-de-collioure\/","og_site_name":"L&#039;IHEDN : Institut des hautes \u00e9tudes de d\u00e9fense nationale","article_publisher":"https:\/\/www.facebook.com\/ihedn\/","article_published_time":"2020-09-17T09:17:00+00:00","article_modified_time":"2021-01-13T16:05:41+00:00","og_image":[{"width":1000,"height":667,"url":"https:\/\/ihedn.fr\/wp-content\/uploads\/2020\/09\/20200917-POLDEF-Collioure-0128-web.jpg","type":"image\/jpeg"}],"author":"dev","twitter_card":"summary_large_image","twitter_creator":"@IHEDN","twitter_site":"@IHEDN","twitter_misc":{"Written by":"dev","Estimated reading time":"2 minutes"},"schema":{"@context":"https:\/\/schema.org","@graph":[{"@type":"Article","@id":"https:\/\/ihedn.fr\/actualites-des-sessions\/poldef\/la-73e-sn-poldef-au-centre-national-dentrainement-commando-de-collioure\/#article","isPartOf":{"@id":"https:\/\/ihedn.fr\/actualites-des-sessions\/poldef\/la-73e-sn-poldef-au-centre-national-dentrainement-commando-de-collioure\/"},"author":{"name":"dev","@id":"https:\/\/ihedn.fr\/#\/schema\/person\/7a40155595e4efb35323447cb8c8c5a4"},"headline":"La 73e SN POLDEF au Centre national d&rsquo;entra\u00eenement commando de Collioure","datePublished":"2020-09-17T09:17:00+00:00","dateModified":"2021-01-13T16:05:41+00:00","mainEntityOfPage":{"@id":"https:\/\/ihedn.fr\/actualites-des-sessions\/poldef\/la-73e-sn-poldef-au-centre-national-dentrainement-commando-de-collioure\/"},"wordCount":332,"publisher":{"@id":"https:\/\/ihedn.fr\/#organization"},"image":{"@id":"https:\/\/ihedn.fr\/actualites-des-sessions\/poldef\/la-73e-sn-poldef-au-centre-national-dentrainement-commando-de-collioure\/#primaryimage"},"thumbnailUrl":"https:\/\/ihedn.fr\/wp-content\/uploads\/2020\/09\/20200917-POLDEF-Collioure-0128-web.jpg","articleSection":["Uncategorized"],"inLanguage":"en-GB"},{"@type":"WebPage","@id":"https:\/\/ihedn.fr\/actualites-des-sessions\/poldef\/la-73e-sn-poldef-au-centre-national-dentrainement-commando-de-collioure\/","url":"https:\/\/ihedn.fr\/actualites-des-sessions\/poldef\/la-73e-sn-poldef-au-centre-national-dentrainement-commando-de-collioure\/","name":"The 73rd SN POLDEF at the Collioure National Commando Training Centre - L'IHEDN : Institut des hautes \u00e9tudes de d\u00e9fense nationale","isPartOf":{"@id":"https:\/\/ihedn.fr\/#website"},"primaryImageOfPage":{"@id":"https:\/\/ihedn.fr\/actualites-des-sessions\/poldef\/la-73e-sn-poldef-au-centre-national-dentrainement-commando-de-collioure\/#primaryimage"},"image":{"@id":"https:\/\/ihedn.fr\/actualites-des-sessions\/poldef\/la-73e-sn-poldef-au-centre-national-dentrainement-commando-de-collioure\/#primaryimage"},"thumbnailUrl":"https:\/\/ihedn.fr\/wp-content\/uploads\/2020\/09\/20200917-POLDEF-Collioure-0128-web.jpg","datePublished":"2020-09-17T09:17:00+00:00","dateModified":"2021-01-13T16:05:41+00:00","breadcrumb":{"@id":"https:\/\/ihedn.fr\/actualites-des-sessions\/poldef\/la-73e-sn-poldef-au-centre-national-dentrainement-commando-de-collioure\/#breadcrumb"},"inLanguage":"en-GB","potentialAction":[{"@type":"ReadAction","target":["https:\/\/ihedn.fr\/actualites-des-sessions\/poldef\/la-73e-sn-poldef-au-centre-national-dentrainement-commando-de-collioure\/"]}]},{"@type":"ImageObject","inLanguage":"en-GB","@id":"https:\/\/ihedn.fr\/actualites-des-sessions\/poldef\/la-73e-sn-poldef-au-centre-national-dentrainement-commando-de-collioure\/#primaryimage","url":"https:\/\/ihedn.fr\/wp-content\/uploads\/2020\/09\/20200917-POLDEF-Collioure-0128-web.jpg","contentUrl":"https:\/\/ihedn.fr\/wp-content\/uploads\/2020\/09\/20200917-POLDEF-Collioure-0128-web.jpg","width":1000,"height":667,"caption":"\u00a9IHEDN | La 73e SN POLDEF : la mont\u00e9e des couleurs dans la cour du CNEC"},{"@type":"BreadcrumbList","@id":"https:\/\/ihedn.fr\/actualites-des-sessions\/poldef\/la-73e-sn-poldef-au-centre-national-dentrainement-commando-de-collioure\/#breadcrumb","itemListElement":[{"@type":"ListItem","position":1,"name":"Accueil","item":"https:\/\/ihedn.fr\/"},{"@type":"ListItem","position":2,"name":"La 73e SN POLDEF au Centre national d&rsquo;entra\u00eenement commando de Collioure"}]},{"@type":"WebSite","@id":"https:\/\/ihedn.fr\/#website","url":"https:\/\/ihedn.fr\/","name":"IHEDN: Institut des hautes \u00e9tudes de d\u00e9fense nationale (Institute for Higher National Defence Studies)","description":"Official website of the IHEDN under the supervision of the Prime Minister.","publisher":{"@id":"https:\/\/ihedn.fr\/#organization"},"potentialAction":[{"@type":"SearchAction","target":{"@type":"EntryPoint","urlTemplate":"https:\/\/ihedn.fr\/?s={search_term_string}"},"query-input":{"@type":"PropertyValueSpecification","valueRequired":true,"valueName":"search_term_string"}}],"inLanguage":"en-GB"},{"@type":"Organization","@id":"https:\/\/ihedn.fr\/#organization","name":"IHEDN - Institute for Higher National Defence Studies","url":"https:\/\/ihedn.fr\/","logo":{"@type":"ImageObject","inLanguage":"en-GB","@id":"https:\/\/ihedn.fr\/#\/schema\/logo\/image\/","url":"https:\/\/ihedn.fr\/wp-content\/uploads\/2020\/11\/BLOC_RF_IHEDN_WEB.png","contentUrl":"https:\/\/ihedn.fr\/wp-content\/uploads\/2020\/11\/BLOC_RF_IHEDN_WEB.png","width":500,"height":237,"caption":"IHEDN - Institut des Hautes Etudes de D\u00e9fense Nationale"},"image":{"@id":"https:\/\/ihedn.fr\/#\/schema\/logo\/image\/"},"sameAs":["https:\/\/www.facebook.com\/ihedn\/","https:\/\/x.com\/IHEDN","https:\/\/www.instagram.com\/ihedn\/","https:\/\/www.linkedin.com\/school\/ihedn\/","https:\/\/fr.wikipedia.org\/wiki\/Institut_des_hautes_\u00e9tudes_de_D\u00e9fense_nationale"]},{"@type":"Person","@id":"https:\/\/ihedn.fr\/#\/schema\/person\/7a40155595e4efb35323447cb8c8c5a4","name":"dev","image":{"@type":"ImageObject","inLanguage":"en-GB","@id":"https:\/\/secure.gravatar.com\/avatar\/f1ffcac9ca2fa95ad3ec33e9be3ade82f752acb0cabe541e56c5889225afa88a?s=96&d=mm&r=g","url":"https:\/\/secure.gravatar.com\/avatar\/f1ffcac9ca2fa95ad3ec33e9be3ade82f752acb0cabe541e56c5889225afa88a?s=96&d=mm&r=g","contentUrl":"https:\/\/secure.gravatar.com\/avatar\/f1ffcac9ca2fa95ad3ec33e9be3ade82f752acb0cabe541e56c5889225afa88a?s=96&d=mm&r=g","caption":"dev"},"sameAs":["https:\/\/ihedn.concilium.click"],"url":"https:\/\/ihedn.fr\/en\/author\/dev\/"}]}},"publishpress_future_action":{"enabled":false,"date":"2026-05-07 05:30:19","action":"change-status","newStatus":"draft","terms":[],"taxonomy":"category","extraData":[]},"publishpress_future_workflow_manual_trigger":{"enabledWorkflows":[]},"_links":{"self":[{"href":"https:\/\/ihedn.fr\/en\/wp-json\/wp\/v2\/posts\/3476","targetHints":{"allow":["GET"]}}],"collection":[{"href":"https:\/\/ihedn.fr\/en\/wp-json\/wp\/v2\/posts"}],"about":[{"href":"https:\/\/ihedn.fr\/en\/wp-json\/wp\/v2\/types\/post"}],"author":[{"embeddable":true,"href":"https:\/\/ihedn.fr\/en\/wp-json\/wp\/v2\/users\/1"}],"replies":[{"embeddable":true,"href":"https:\/\/ihedn.fr\/en\/wp-json\/wp\/v2\/comments?post=3476"}],"version-history":[{"count":5,"href":"https:\/\/ihedn.fr\/en\/wp-json\/wp\/v2\/posts\/3476\/revisions"}],"predecessor-version":[{"id":3775,"href":"https:\/\/ihedn.fr\/en\/wp-json\/wp\/v2\/posts\/3476\/revisions\/3775"}],"wp:featuredmedia":[{"embeddable":true,"href":"https:\/\/ihedn.fr\/en\/wp-json\/wp\/v2\/media\/3496"}],"wp:attachment":[{"href":"https:\/\/ihedn.fr\/en\/wp-json\/wp\/v2\/media?parent=3476"}],"wp:term":[{"taxonomy":"category","embeddable":true,"href":"https:\/\/ihedn.fr\/en\/wp-json\/wp\/v2\/categories?post=3476"},{"taxonomy":"post_tag","embeddable":true,"href":"https:\/\/ihedn.fr\/en\/wp-json\/wp\/v2\/tags?post=3476"}],"curies":[{"name":"wp","href":"https:\/\/api.w.org\/{rel}","templated":true}]}}