{"id":34924,"date":"2023-02-15T17:37:23","date_gmt":"2023-02-15T16:37:23","guid":{"rendered":"https:\/\/ihedn.fr\/?p=34924"},"modified":"2023-06-30T13:20:26","modified_gmt":"2023-06-30T12:20:26","slug":"changement-climatique-comment-les-armees-sadaptent","status":"publish","type":"post","link":"https:\/\/ihedn.fr\/en\/notre-selection\/changement-climatique-comment-les-armees-sadaptent\/","title":{"rendered":"Climate change: how the armed forces are adapting"},"content":{"rendered":"<div data-elementor-type=\"wp-post\" data-elementor-id=\"34924\" class=\"elementor elementor-34924\" data-elementor-post-type=\"post\">\n\t\t\t\t\t\t<section data-particle_enable=\"false\" data-particle-mobile-disabled=\"false\" class=\"elementor-section elementor-top-section elementor-element elementor-element-f321b28 elementor-section-boxed elementor-section-height-default elementor-section-height-default\" data-id=\"f321b28\" data-element_type=\"section\" data-e-type=\"section\">\n\t\t\t\t\t\t<div class=\"elementor-container elementor-column-gap-default\">\n\t\t\t\t\t<div class=\"elementor-column elementor-col-100 elementor-top-column elementor-element elementor-element-d3012ba\" data-id=\"d3012ba\" data-element_type=\"column\" data-e-type=\"column\">\n\t\t\t<div class=\"elementor-widget-wrap elementor-element-populated\">\n\t\t\t\t\t\t<div class=\"elementor-element elementor-element-e755f61 elementor-widget elementor-widget-text-editor\" data-id=\"e755f61\" data-element_type=\"widget\" data-e-type=\"widget\" data-widget_type=\"text-editor.default\">\n\t\t\t\t<div class=\"elementor-widget-container\">\n\t\t\t\t\t\t\t\t\t<p>Sign of the times: in September 2021, at the World Congress of the International Union for Conservation of Nature (IUCN) in Marseille, the French government presented \"the biodiversity conservation strategy of the Ministry of the Armed Forces\".<\/p><p>The minister at the time, Florence Parly, <a href=\"https:\/\/www.vie-publique.fr\/discours\/281488-florence-parly-09092021-biodiversite\">warned<\/a> Let's be aware that the depletion of natural resources, droughts, floods, rising sea levels and the erosion of coral reefs are not just natural events, or even just human events. They are also strategic events. They redraw the maps. They create new tensions. They displace populations, create new fault lines, new conflicts. They amplify traditional threats.<\/p>\t\t\t\t\t\t\t\t<\/div>\n\t\t\t\t<\/div>\n\t\t\t\t\t<\/div>\n\t\t<\/div>\n\t\t\t\t\t<\/div>\n\t\t<\/section>\n\t\t\t\t<section data-particle_enable=\"false\" data-particle-mobile-disabled=\"false\" class=\"elementor-section elementor-top-section elementor-element elementor-element-5c41116 elementor-section-boxed elementor-section-height-default elementor-section-height-default\" data-id=\"5c41116\" data-element_type=\"section\" data-e-type=\"section\">\n\t\t\t\t\t\t<div class=\"elementor-container elementor-column-gap-default\">\n\t\t\t\t\t<div class=\"elementor-column elementor-col-100 elementor-top-column elementor-element elementor-element-c46a849\" data-id=\"c46a849\" data-element_type=\"column\" data-e-type=\"column\">\n\t\t\t<div class=\"elementor-widget-wrap elementor-element-populated\">\n\t\t\t\t\t\t<div class=\"elementor-element elementor-element-4b1f637 elementor-widget elementor-widget-heading\" data-id=\"4b1f637\" data-element_type=\"widget\" data-e-type=\"widget\" data-widget_type=\"heading.default\">\n\t\t\t\t<div class=\"elementor-widget-container\">\n\t\t\t\t\t<h4 class=\"elementor-heading-title elementor-size-default\">CLIMATE CHANGE AMPLIFIES THREATS TO GLOBAL SECURITY<\/h4>\t\t\t\t<\/div>\n\t\t\t\t<\/div>\n\t\t\t\t<div class=\"elementor-element elementor-element-5979e1e elementor-widget-divider--view-line elementor-widget elementor-widget-divider\" data-id=\"5979e1e\" data-element_type=\"widget\" data-e-type=\"widget\" data-widget_type=\"divider.default\">\n\t\t\t\t<div class=\"elementor-widget-container\">\n\t\t\t\t\t\t\t<div class=\"elementor-divider\">\n\t\t\t<span class=\"elementor-divider-separator\">\n\t\t\t\t\t\t<\/span>\n\t\t<\/div>\n\t\t\t\t\t\t<\/div>\n\t\t\t\t<\/div>\n\t\t\t\t<div class=\"elementor-element elementor-element-f25dbf0 elementor-widget elementor-widget-text-editor\" data-id=\"f25dbf0\" data-element_type=\"widget\" data-e-type=\"widget\" data-widget_type=\"text-editor.default\">\n\t\t\t\t<div class=\"elementor-widget-container\">\n\t\t\t\t\t\t\t\t\t<p>This changing climate is affecting the defence sector in a number of ways: strategically; in terms of the armed forces themselves and their equipment; and finally, in terms of Humanitarian Assistance and Disaster Relief (HADR).<\/p><p>From a strategic point of view, the Anthropocene (\"the age of man\") \"marks not only a change of geological era, but also a change in power relations and political systems\", notes researcher Fran\u00e7ois Gemenne.<\/p><p>By multiplying the occurrence of meteorological events and increasing their violence, climate change is putting additional pressure on already conflict-ridden areas and exacerbating tensions, in sub-Saharan Africa for example. As a result, these areas are approaching a \"threshold of social breakdown\", as noted by researchers Julia Tasse and Fran\u00e7ois Gemenne, co-directors of the<a href=\"https:\/\/defenseclimat.fr\/\">Defence and Climate Observatory<\/a>at the last <a href=\"https:\/\/www.youtube.com\/watch?v=8Q964zxWQTE\">\"IHEDN Monday<\/a>.<\/p><p>Another consequence is in the Arctic, where melting ice is fuelling international economic competition, particularly for mining and energy resources. \"Over the last fifteen years or so, we've seen a boom in military capabilities in this sector,\" notes Nicolas Regaud, climate adviser to the Major General of the French Armed Forces, in the dossier devoted to the subject by <a href=\"https:\/\/www.defense.gouv.fr\/sites\/default\/files\/esprit-defense-numero-4-ete-2022_0.pdf\">Esprit D\u00e9fense magazine in summer 2022<\/a>.\u00a0<\/p><p>Nicolas Regaud explains: \"In 2013, when we arrived in the Sahel as part of Operation Serval, computers broke down because of the heat, and the soles of shoes came unstuck. In some countries, particularly in the Middle East, dust storms are both more frequent and more intense. The sand prevents you from seeing, complicates your progress and has major effects on engines and health.<\/p>\t\t\t\t\t\t\t\t<\/div>\n\t\t\t\t<\/div>\n\t\t\t\t\t<\/div>\n\t\t<\/div>\n\t\t\t\t\t<\/div>\n\t\t<\/section>\n\t\t\t\t<section data-particle_enable=\"false\" data-particle-mobile-disabled=\"false\" class=\"elementor-section elementor-top-section elementor-element elementor-element-d17b37d elementor-section-boxed elementor-section-height-default elementor-section-height-default\" data-id=\"d17b37d\" data-element_type=\"section\" data-e-type=\"section\">\n\t\t\t\t\t\t<div class=\"elementor-container elementor-column-gap-default\">\n\t\t\t\t\t<div class=\"elementor-column elementor-col-100 elementor-top-column elementor-element elementor-element-22572c6\" data-id=\"22572c6\" data-element_type=\"column\" data-e-type=\"column\">\n\t\t\t<div class=\"elementor-widget-wrap elementor-element-populated\">\n\t\t\t\t\t\t<div class=\"elementor-element elementor-element-293c834 elementor-widget elementor-widget-heading\" data-id=\"293c834\" data-element_type=\"widget\" data-e-type=\"widget\" data-widget_type=\"heading.default\">\n\t\t\t\t<div class=\"elementor-widget-container\">\n\t\t\t\t\t<h4 class=\"elementor-heading-title elementor-size-default\">GLOBAL WARMING SLOWS SHIPS DOWN<\/h4>\t\t\t\t<\/div>\n\t\t\t\t<\/div>\n\t\t\t\t<div class=\"elementor-element elementor-element-3f8ad8d elementor-widget-divider--view-line elementor-widget elementor-widget-divider\" data-id=\"3f8ad8d\" data-element_type=\"widget\" data-e-type=\"widget\" data-widget_type=\"divider.default\">\n\t\t\t\t<div class=\"elementor-widget-container\">\n\t\t\t\t\t\t\t<div class=\"elementor-divider\">\n\t\t\t<span class=\"elementor-divider-separator\">\n\t\t\t\t\t\t<\/span>\n\t\t<\/div>\n\t\t\t\t\t\t<\/div>\n\t\t\t\t<\/div>\n\t\t\t\t<div class=\"elementor-element elementor-element-f11a805 elementor-widget elementor-widget-text-editor\" data-id=\"f11a805\" data-element_type=\"widget\" data-e-type=\"widget\" data-widget_type=\"text-editor.default\">\n\t\t\t\t<div class=\"elementor-widget-container\">\n\t\t\t\t\t\t\t\t\t<p>In another example, warmer marine waters cause micro-organisms to accumulate on ships' hulls, slowing their progress, increasing their energy consumption and necessitating more port calls. With military bases all over the world, France is subject to \"the full range of climatic risks - rising sea levels, cyclones, forest fires, flood waves, extreme heat\", says Nicolas Regaud.<\/p><p>Of course, it is not alone. In early 2019, the Pentagon published an alarming report on the vulnerability of US bases to climate change. In October 2018, Hurricane Michael devastated Tyndall Air Force Base in Florida, causing an estimated $4.7 billion in damage. In March 2019, the Offutt air base in Nebraska was completely paralysed by flooding on the Mississippi.<\/p><p>But the world's poorest regions are the most affected, with the West Indies, the Indo-Pacific and sub-Saharan Africa in the lead. In 2020 alone, 30 million people were displaced by natural disasters. In the Nile basin, access to water is causing increasing tension between populations and states (Sudan, Egypt and Ethiopia).<\/p>\t\t\t\t\t\t\t\t<\/div>\n\t\t\t\t<\/div>\n\t\t\t\t<section data-particle_enable=\"false\" data-particle-mobile-disabled=\"false\" class=\"elementor-section elementor-inner-section elementor-element elementor-element-d6a9160 elementor-section-boxed elementor-section-height-default elementor-section-height-default\" data-id=\"d6a9160\" data-element_type=\"section\" data-e-type=\"section\">\n\t\t\t\t\t\t<div class=\"elementor-container elementor-column-gap-default\">\n\t\t\t\t\t<div class=\"elementor-column elementor-col-50 elementor-inner-column elementor-element elementor-element-8fdaa3a\" data-id=\"8fdaa3a\" data-element_type=\"column\" data-e-type=\"column\">\n\t\t\t<div class=\"elementor-widget-wrap elementor-element-populated\">\n\t\t\t\t\t\t<div class=\"elementor-element elementor-element-9fabf54 elementor-widget elementor-widget-text-editor\" data-id=\"9fabf54\" data-element_type=\"widget\" data-e-type=\"widget\" data-widget_type=\"text-editor.default\">\n\t\t\t\t<div class=\"elementor-widget-container\">\n\t\t\t\t\t\t\t\t\t<p>Lake Chad, on the borders of Chad, Niger, Nigeria and Cameroon, has lost 90% of its surface area in 60 years, and could disappear within 20 years. The jihadist group Boko Haram, in particular, is taking advantage of this to expand, causing 2.3 million displaced persons to date.<\/p>\t\t\t\t\t\t\t\t<\/div>\n\t\t\t\t<\/div>\n\t\t\t\t\t<\/div>\n\t\t<\/div>\n\t\t\t\t<div class=\"elementor-column elementor-col-50 elementor-inner-column elementor-element elementor-element-3e396bc\" data-id=\"3e396bc\" data-element_type=\"column\" data-e-type=\"column\">\n\t\t\t<div class=\"elementor-widget-wrap elementor-element-populated\">\n\t\t\t\t\t\t<div class=\"elementor-element elementor-element-21c255d elementor-widget elementor-widget-image\" data-id=\"21c255d\" data-element_type=\"widget\" data-e-type=\"widget\" data-widget_type=\"image.default\">\n\t\t\t\t<div class=\"elementor-widget-container\">\n\t\t\t\t\t\t\t\t\t\t\t\t\t\t\t<img fetchpriority=\"high\" decoding=\"async\" width=\"1379\" height=\"1379\" src=\"https:\/\/ihedn.fr\/wp-content\/uploads\/2023\/02\/cas-du-Lac-Tchad.jpg\" class=\"attachment-full size-full wp-image-34937\" alt=\"\" srcset=\"https:\/\/ihedn.fr\/wp-content\/uploads\/2023\/02\/cas-du-Lac-Tchad.jpg 1379w, https:\/\/ihedn.fr\/wp-content\/uploads\/2023\/02\/cas-du-Lac-Tchad-300x300.jpg 300w, https:\/\/ihedn.fr\/wp-content\/uploads\/2023\/02\/cas-du-Lac-Tchad-1024x1024.jpg 1024w, https:\/\/ihedn.fr\/wp-content\/uploads\/2023\/02\/cas-du-Lac-Tchad-150x150.jpg 150w, https:\/\/ihedn.fr\/wp-content\/uploads\/2023\/02\/cas-du-Lac-Tchad-768x768.jpg 768w\" sizes=\"(max-width: 1379px) 100vw, 1379px\" \/>\t\t\t\t\t\t\t\t\t\t\t\t\t\t\t<\/div>\n\t\t\t\t<\/div>\n\t\t\t\t\t<\/div>\n\t\t<\/div>\n\t\t\t\t\t<\/div>\n\t\t<\/section>\n\t\t\t\t<div class=\"elementor-element elementor-element-70e2c0b elementor-widget elementor-widget-text-editor\" data-id=\"70e2c0b\" data-element_type=\"widget\" data-e-type=\"widget\" data-widget_type=\"text-editor.default\">\n\t\t\t\t<div class=\"elementor-widget-container\">\n\t\t\t\t\t\t\t\t\t<p>The HADR dimension of armed forces missions is therefore increasingly in demand. For example, when Cyclone Idai hit Mozambique, Malawi and Zimbabwe in March 2019, the French Navy sent three ships to help deliver food aid and evacuate at-risk areas: the frigates Lafayette and Niv\u00f4se, and the helicopter carrier Tonnerre. This event, the most violent for 20 years in southern Africa, caused 1,000 deaths and 2 million people were affected.<\/p>\t\t\t\t\t\t\t\t<\/div>\n\t\t\t\t<\/div>\n\t\t\t\t\t<\/div>\n\t\t<\/div>\n\t\t\t\t\t<\/div>\n\t\t<\/section>\n\t\t\t\t<section data-particle_enable=\"false\" data-particle-mobile-disabled=\"false\" class=\"elementor-section elementor-top-section elementor-element elementor-element-4822654 elementor-section-boxed elementor-section-height-default elementor-section-height-default\" data-id=\"4822654\" data-element_type=\"section\" data-e-type=\"section\">\n\t\t\t\t\t\t<div class=\"elementor-container elementor-column-gap-default\">\n\t\t\t\t\t<div class=\"elementor-column elementor-col-100 elementor-top-column elementor-element elementor-element-1ff291d\" data-id=\"1ff291d\" data-element_type=\"column\" data-e-type=\"column\">\n\t\t\t<div class=\"elementor-widget-wrap elementor-element-populated\">\n\t\t\t\t\t\t<div class=\"elementor-element elementor-element-72d068a elementor-widget elementor-widget-heading\" data-id=\"72d068a\" data-element_type=\"widget\" data-e-type=\"widget\" data-widget_type=\"heading.default\">\n\t\t\t\t<div class=\"elementor-widget-container\">\n\t\t\t\t\t<h4 class=\"elementor-heading-title elementor-size-default\">A STRUCTURAL AND SUSTAINABLE TRANSFORMATION FOR DEFENCE<\/h4>\t\t\t\t<\/div>\n\t\t\t\t<\/div>\n\t\t\t\t<div class=\"elementor-element elementor-element-80596ac elementor-widget-divider--view-line elementor-widget elementor-widget-divider\" data-id=\"80596ac\" data-element_type=\"widget\" data-e-type=\"widget\" data-widget_type=\"divider.default\">\n\t\t\t\t<div class=\"elementor-widget-container\">\n\t\t\t\t\t\t\t<div class=\"elementor-divider\">\n\t\t\t<span class=\"elementor-divider-separator\">\n\t\t\t\t\t\t<\/span>\n\t\t<\/div>\n\t\t\t\t\t\t<\/div>\n\t\t\t\t<\/div>\n\t\t\t\t<div class=\"elementor-element elementor-element-b879c16 elementor-widget elementor-widget-text-editor\" data-id=\"b879c16\" data-element_type=\"widget\" data-e-type=\"widget\" data-widget_type=\"text-editor.default\">\n\t\t\t\t<div class=\"elementor-widget-container\">\n\t\t\t\t\t\t\t\t\t<p>In November 2021, at the Paris Peace Forum, the defence ministers of 22 countries published a <a href=\"https:\/\/parispeaceforum.org\/initiatives\/les-forces-armees-sengagent-pour-reduire-leur-impact-sur-le-climat\/\">joint declaration<\/a> \"Climate change and armed forces\". Four other States have since joined, and in France, this declaration led to the adoption in spring 2022 of the <a href=\"https:\/\/www.defense.gouv.fr\/strategie-climat-defense\">Climate and Defence strategy<\/a> of the Ministry of Defence.<\/p><p>It focuses on four areas:<\/p><ul><li>to develop knowledge and the ability to anticipate the strategic challenges of climate change;<\/li><li>adapting defence systems to the foreseeable upheavals caused by climate change;<\/li><li>continue the contribution of the Ministry of the Armed Forces to collective efforts in the area of mitigation and energy transition;<\/li><li>Intensify cooperation on defence issues relating to climate change within the Ministry, interdepartmentally and internationally.<\/li><\/ul><p>\u00a0<\/p><p>According to Nicolas Regaud, \"the key word is to ensure the resilience of combatants, infrastructure and equipment, so that we can conduct operations anywhere and under any circumstances, despite an increasingly restrictive environmental context. This new situation applies to both hot and cold weather.<\/p><p>In practical terms, the actions already underway cover a number of areas. In terms of infrastructure, greenhouse gas emissions from the French armed forces have been cut by a third since 2010. This is accompanied by an energy strategy to combat the armed forces' dependence on fossil fuels: in addition to the electrification of mobility, research and development into biofuels is a major focus. Seven types of synthetic fuel are already certified (from wood residues, vegetable or animal oils, etc.).<\/p>\t\t\t\t\t\t\t\t<\/div>\n\t\t\t\t<\/div>\n\t\t\t\t\t<\/div>\n\t\t<\/div>\n\t\t\t\t\t<\/div>\n\t\t<\/section>\n\t\t\t\t<section data-particle_enable=\"false\" data-particle-mobile-disabled=\"false\" class=\"elementor-section elementor-top-section elementor-element elementor-element-5dd53b3 elementor-section-boxed elementor-section-height-default elementor-section-height-default\" data-id=\"5dd53b3\" data-element_type=\"section\" data-e-type=\"section\">\n\t\t\t\t\t\t<div class=\"elementor-container elementor-column-gap-default\">\n\t\t\t\t\t<div class=\"elementor-column elementor-col-100 elementor-top-column elementor-element elementor-element-d70ac46\" data-id=\"d70ac46\" data-element_type=\"column\" data-e-type=\"column\">\n\t\t\t<div class=\"elementor-widget-wrap elementor-element-populated\">\n\t\t\t\t\t\t<div class=\"elementor-element elementor-element-aec28c4 elementor-widget elementor-widget-heading\" data-id=\"aec28c4\" data-element_type=\"widget\" data-e-type=\"widget\" data-widget_type=\"heading.default\">\n\t\t\t\t<div class=\"elementor-widget-container\">\n\t\t\t\t\t<h4 class=\"elementor-heading-title elementor-size-default\">MIGRATORY BIRDS PUT TO WORK<\/h4>\t\t\t\t<\/div>\n\t\t\t\t<\/div>\n\t\t\t\t<div class=\"elementor-element elementor-element-008dacb elementor-widget-divider--view-line elementor-widget elementor-widget-divider\" data-id=\"008dacb\" data-element_type=\"widget\" data-e-type=\"widget\" data-widget_type=\"divider.default\">\n\t\t\t\t<div class=\"elementor-widget-container\">\n\t\t\t\t\t\t\t<div class=\"elementor-divider\">\n\t\t\t<span class=\"elementor-divider-separator\">\n\t\t\t\t\t\t<\/span>\n\t\t<\/div>\n\t\t\t\t\t\t<\/div>\n\t\t\t\t<\/div>\n\t\t\t\t<div class=\"elementor-element elementor-element-24b5d7f elementor-widget elementor-widget-text-editor\" data-id=\"24b5d7f\" data-element_type=\"widget\" data-e-type=\"widget\" data-widget_type=\"text-editor.default\">\n\t\t\t\t<div class=\"elementor-widget-container\">\n\t\t\t\t\t\t\t\t\t<p>The 'long-term emergency' dimension has also been strengthened: the French Navy is heavily involved in the fight against illegal fishing, and has recognised expertise in responding to marine pollution and other environmental disasters.<\/p><p>More generally, our armed forces' know-how is an asset when it comes to structural change, and gives them a great capacity for innovation. This is particularly evident in the development of low-carbon technologies and the eco-design of equipment.<\/p><p>This is the case with the \"eco-camp\" concept. In external operations (OPEX), the implementation of a specific petroleum support system requires a large-scale logistical manoeuvre, a factor of vulnerability to the actions of the adversary. With equipment and systems becoming increasingly energy-hungry, the challenge is to control the use of fossil fuels, thereby reducing the carbon footprint. With this in mind, the Defence Infrastructure Service is developing an eco-camp model capable of reducing consumption by 40% by 2030, while increasing energy and water self-sufficiency. This system will be tested this year in OPEX.<\/p><p>In the Indo-Pacific, where sea levels are rising four times faster than elsewhere (and where the security impact of climate change is France's number one strategic priority), the army is also benefiting from scientific research involving... birds. The Kivi Kuaka programme in French Polynesia involves ringing migratory birds to observe their behaviour in the run-up to climatic events such as cyclones and tsunamis. Ultimately, this programme could help the armed forces to be better prepared for such disasters, and thus better protect the population.<\/p>\t\t\t\t\t\t\t\t<\/div>\n\t\t\t\t<\/div>\n\t\t\t\t\t<\/div>\n\t\t<\/div>\n\t\t\t\t\t<\/div>\n\t\t<\/section>\n\t\t\t\t<\/div>","protected":false},"excerpt":{"rendered":"<p>Natural disasters and the depletion of resources not only have an ecological impact: they also increase the threat to global security, prompting the defence sector to undergo a lasting structural transformation. <\/p>","protected":false},"author":1,"featured_media":34966,"comment_status":"closed","ping_status":"closed","sticky":false,"template":"","format":"standard","meta":{"footnotes":""},"categories":[171,210],"tags":[],"class_list":["post-34924","post","type-post","status-publish","format-standard","has-post-thumbnail","hentry","category-notre-selection","category-securite-nationale"],"yoast_head":"<!-- This site is optimized with the Yoast SEO plugin v27.5 - https:\/\/yoast.com\/product\/yoast-seo-wordpress\/ -->\n<title>Changement climatique : comment les arm\u00e9es s\u2019adaptent - L&#039;IHEDN : Institut des hautes \u00e9tudes de d\u00e9fense nationale<\/title>\n<meta name=\"description\" content=\"Catastrophes naturelles et \u00e9puisement des ressources n\u2019ont pas seulement un impact \u00e9cologique : ces ph\u00e9nom\u00e8nes augmentent aussi les menaces sur la s\u00e9curit\u00e9 globale, ce qui pousse le secteur de la d\u00e9fense \u00e0 une transformation structurelle durable.\" \/>\n<meta name=\"robots\" content=\"index, follow, max-snippet:-1, max-image-preview:large, max-video-preview:-1\" \/>\n<link rel=\"canonical\" href=\"https:\/\/ihedn.fr\/en\/notre-selection\/changement-climatique-comment-les-armees-sadaptent\/\" \/>\n<meta property=\"og:locale\" content=\"en_GB\" \/>\n<meta property=\"og:type\" content=\"article\" \/>\n<meta property=\"og:title\" content=\"Changement climatique : comment les arm\u00e9es s\u2019adaptent\" \/>\n<meta property=\"og:description\" content=\"Catastrophes naturelles et \u00e9puisement des ressources n\u2019ont pas seulement un impact \u00e9cologique : ces ph\u00e9nom\u00e8nes augmentent aussi les menaces sur la s\u00e9curit\u00e9 globale, ce qui pousse le secteur de la d\u00e9fense \u00e0 une transformation structurelle durable.\" \/>\n<meta property=\"og:url\" content=\"https:\/\/ihedn.fr\/en\/notre-selection\/changement-climatique-comment-les-armees-sadaptent\/\" \/>\n<meta property=\"og:site_name\" content=\"L&#039;IHEDN : Institut des hautes \u00e9tudes de d\u00e9fense nationale\" \/>\n<meta property=\"article:publisher\" content=\"https:\/\/www.facebook.com\/ihedn\/\" \/>\n<meta property=\"article:published_time\" content=\"2023-02-15T16:37:23+00:00\" \/>\n<meta property=\"article:modified_time\" content=\"2023-06-30T12:20:26+00:00\" \/>\n<meta property=\"og:image\" content=\"https:\/\/ihedn.fr\/wp-content\/uploads\/2023\/02\/IHEDN-Changement-climatique-comment-les-armees-sadaptent-01.jpg\" \/>\n\t<meta property=\"og:image:width\" content=\"1511\" \/>\n\t<meta property=\"og:image:height\" content=\"756\" \/>\n\t<meta property=\"og:image:type\" content=\"image\/jpeg\" \/>\n<meta name=\"author\" content=\"dev\" \/>\n<meta name=\"twitter:card\" content=\"summary_large_image\" \/>\n<meta name=\"twitter:title\" content=\"Changement climatique : comment les arm\u00e9es s\u2019adaptent\" \/>\n<meta name=\"twitter:description\" content=\"Catastrophes naturelles et \u00e9puisement des ressources n\u2019ont pas seulement un impact \u00e9cologique : ces ph\u00e9nom\u00e8nes augmentent aussi les menaces sur la s\u00e9curit\u00e9 globale, ce qui pousse le secteur de la d\u00e9fense \u00e0 une transformation structurelle durable.\" \/>\n<meta name=\"twitter:image\" content=\"https:\/\/ihedn.fr\/wp-content\/uploads\/2023\/02\/IHEDN-Changement-climatique-comment-les-armees-sadaptent-01.jpg\" \/>\n<meta name=\"twitter:creator\" content=\"@IHEDN\" \/>\n<meta name=\"twitter:site\" content=\"@IHEDN\" \/>\n<meta name=\"twitter:label1\" content=\"Written by\" \/>\n\t<meta name=\"twitter:data1\" content=\"dev\" \/>\n\t<meta name=\"twitter:label2\" content=\"Estimated reading time\" \/>\n\t<meta name=\"twitter:data2\" content=\"7 minutes\" \/>\n<script type=\"application\/ld+json\" class=\"yoast-schema-graph\">{\"@context\":\"https:\\\/\\\/schema.org\",\"@graph\":[{\"@type\":\"Article\",\"@id\":\"https:\\\/\\\/ihedn.fr\\\/notre-selection\\\/changement-climatique-comment-les-armees-sadaptent\\\/#article\",\"isPartOf\":{\"@id\":\"https:\\\/\\\/ihedn.fr\\\/notre-selection\\\/changement-climatique-comment-les-armees-sadaptent\\\/\"},\"author\":{\"name\":\"dev\",\"@id\":\"https:\\\/\\\/ihedn.fr\\\/#\\\/schema\\\/person\\\/7a40155595e4efb35323447cb8c8c5a4\"},\"headline\":\"Changement climatique : comment les arm\u00e9es s\u2019adaptent\",\"datePublished\":\"2023-02-15T16:37:23+00:00\",\"dateModified\":\"2023-06-30T12:20:26+00:00\",\"mainEntityOfPage\":{\"@id\":\"https:\\\/\\\/ihedn.fr\\\/notre-selection\\\/changement-climatique-comment-les-armees-sadaptent\\\/\"},\"wordCount\":1519,\"publisher\":{\"@id\":\"https:\\\/\\\/ihedn.fr\\\/#organization\"},\"image\":{\"@id\":\"https:\\\/\\\/ihedn.fr\\\/notre-selection\\\/changement-climatique-comment-les-armees-sadaptent\\\/#primaryimage\"},\"thumbnailUrl\":\"https:\\\/\\\/ihedn.fr\\\/wp-content\\\/uploads\\\/2023\\\/02\\\/IHEDN-Changement-climatique-comment-les-armees-sadaptent-01.jpg\",\"articleSection\":[\"Notre s\u00e9lection\",\"s\u00e9curit\u00e9 nationale\"],\"inLanguage\":\"en-GB\"},{\"@type\":\"WebPage\",\"@id\":\"https:\\\/\\\/ihedn.fr\\\/notre-selection\\\/changement-climatique-comment-les-armees-sadaptent\\\/\",\"url\":\"https:\\\/\\\/ihedn.fr\\\/notre-selection\\\/changement-climatique-comment-les-armees-sadaptent\\\/\",\"name\":\"Changement climatique : comment les arm\u00e9es s\u2019adaptent - L&#039;IHEDN : Institut des hautes \u00e9tudes de d\u00e9fense nationale\",\"isPartOf\":{\"@id\":\"https:\\\/\\\/ihedn.fr\\\/#website\"},\"primaryImageOfPage\":{\"@id\":\"https:\\\/\\\/ihedn.fr\\\/notre-selection\\\/changement-climatique-comment-les-armees-sadaptent\\\/#primaryimage\"},\"image\":{\"@id\":\"https:\\\/\\\/ihedn.fr\\\/notre-selection\\\/changement-climatique-comment-les-armees-sadaptent\\\/#primaryimage\"},\"thumbnailUrl\":\"https:\\\/\\\/ihedn.fr\\\/wp-content\\\/uploads\\\/2023\\\/02\\\/IHEDN-Changement-climatique-comment-les-armees-sadaptent-01.jpg\",\"datePublished\":\"2023-02-15T16:37:23+00:00\",\"dateModified\":\"2023-06-30T12:20:26+00:00\",\"description\":\"Catastrophes naturelles et \u00e9puisement des ressources n\u2019ont pas seulement un impact \u00e9cologique : ces ph\u00e9nom\u00e8nes augmentent aussi les menaces sur la s\u00e9curit\u00e9 globale, ce qui pousse le secteur de la d\u00e9fense \u00e0 une transformation structurelle durable.\",\"breadcrumb\":{\"@id\":\"https:\\\/\\\/ihedn.fr\\\/notre-selection\\\/changement-climatique-comment-les-armees-sadaptent\\\/#breadcrumb\"},\"inLanguage\":\"en-GB\",\"potentialAction\":[{\"@type\":\"ReadAction\",\"target\":[\"https:\\\/\\\/ihedn.fr\\\/notre-selection\\\/changement-climatique-comment-les-armees-sadaptent\\\/\"]}]},{\"@type\":\"ImageObject\",\"inLanguage\":\"en-GB\",\"@id\":\"https:\\\/\\\/ihedn.fr\\\/notre-selection\\\/changement-climatique-comment-les-armees-sadaptent\\\/#primaryimage\",\"url\":\"https:\\\/\\\/ihedn.fr\\\/wp-content\\\/uploads\\\/2023\\\/02\\\/IHEDN-Changement-climatique-comment-les-armees-sadaptent-01.jpg\",\"contentUrl\":\"https:\\\/\\\/ihedn.fr\\\/wp-content\\\/uploads\\\/2023\\\/02\\\/IHEDN-Changement-climatique-comment-les-armees-sadaptent-01.jpg\",\"width\":1511,\"height\":756,\"caption\":\"IHEDN - Changement climatique - comment les arm\u00e9es s\u2019adaptent\"},{\"@type\":\"BreadcrumbList\",\"@id\":\"https:\\\/\\\/ihedn.fr\\\/notre-selection\\\/changement-climatique-comment-les-armees-sadaptent\\\/#breadcrumb\",\"itemListElement\":[{\"@type\":\"ListItem\",\"position\":1,\"name\":\"Accueil\",\"item\":\"https:\\\/\\\/ihedn.fr\\\/\"},{\"@type\":\"ListItem\",\"position\":2,\"name\":\"Changement climatique : comment les arm\u00e9es s\u2019adaptent\"}]},{\"@type\":\"WebSite\",\"@id\":\"https:\\\/\\\/ihedn.fr\\\/#website\",\"url\":\"https:\\\/\\\/ihedn.fr\\\/\",\"name\":\"IHEDN : Institut des hautes \u00e9tudes de d\u00e9fense nationale |\",\"description\":\"Site officiel de l&#039;IHEDN plac\u00e9 sous la tutelle du Premier ministre.\",\"publisher\":{\"@id\":\"https:\\\/\\\/ihedn.fr\\\/#organization\"},\"potentialAction\":[{\"@type\":\"SearchAction\",\"target\":{\"@type\":\"EntryPoint\",\"urlTemplate\":\"https:\\\/\\\/ihedn.fr\\\/?s={search_term_string}\"},\"query-input\":{\"@type\":\"PropertyValueSpecification\",\"valueRequired\":true,\"valueName\":\"search_term_string\"}}],\"inLanguage\":\"en-GB\"},{\"@type\":\"Organization\",\"@id\":\"https:\\\/\\\/ihedn.fr\\\/#organization\",\"name\":\"IHEDN - Institut des Hautes Etudes de D\u00e9fense Nationale\",\"url\":\"https:\\\/\\\/ihedn.fr\\\/\",\"logo\":{\"@type\":\"ImageObject\",\"inLanguage\":\"en-GB\",\"@id\":\"https:\\\/\\\/ihedn.fr\\\/#\\\/schema\\\/logo\\\/image\\\/\",\"url\":\"https:\\\/\\\/ihedn.fr\\\/wp-content\\\/uploads\\\/2020\\\/11\\\/BLOC_RF_IHEDN_WEB.png\",\"contentUrl\":\"https:\\\/\\\/ihedn.fr\\\/wp-content\\\/uploads\\\/2020\\\/11\\\/BLOC_RF_IHEDN_WEB.png\",\"width\":500,\"height\":237,\"caption\":\"IHEDN - Institut des Hautes Etudes de D\u00e9fense Nationale\"},\"image\":{\"@id\":\"https:\\\/\\\/ihedn.fr\\\/#\\\/schema\\\/logo\\\/image\\\/\"},\"sameAs\":[\"https:\\\/\\\/www.facebook.com\\\/ihedn\\\/\",\"https:\\\/\\\/x.com\\\/IHEDN\",\"https:\\\/\\\/www.instagram.com\\\/ihedn\\\/\",\"https:\\\/\\\/www.linkedin.com\\\/school\\\/ihedn\\\/\",\"https:\\\/\\\/fr.wikipedia.org\\\/wiki\\\/Institut_des_hautes_\u00e9tudes_de_D\u00e9fense_nationale\"]},{\"@type\":\"Person\",\"@id\":\"https:\\\/\\\/ihedn.fr\\\/#\\\/schema\\\/person\\\/7a40155595e4efb35323447cb8c8c5a4\",\"name\":\"dev\",\"image\":{\"@type\":\"ImageObject\",\"inLanguage\":\"en-GB\",\"@id\":\"https:\\\/\\\/secure.gravatar.com\\\/avatar\\\/f1ffcac9ca2fa95ad3ec33e9be3ade82f752acb0cabe541e56c5889225afa88a?s=96&d=mm&r=g\",\"url\":\"https:\\\/\\\/secure.gravatar.com\\\/avatar\\\/f1ffcac9ca2fa95ad3ec33e9be3ade82f752acb0cabe541e56c5889225afa88a?s=96&d=mm&r=g\",\"contentUrl\":\"https:\\\/\\\/secure.gravatar.com\\\/avatar\\\/f1ffcac9ca2fa95ad3ec33e9be3ade82f752acb0cabe541e56c5889225afa88a?s=96&d=mm&r=g\",\"caption\":\"dev\"},\"sameAs\":[\"https:\\\/\\\/ihedn.concilium.click\"],\"url\":\"https:\\\/\\\/ihedn.fr\\\/en\\\/author\\\/dev\\\/\"}]}<\/script>\n<!-- \/ Yoast SEO plugin. -->","yoast_head_json":{"title":"Climate change: how the armed forces are adapting - IHEDN : Institut des hautes \u00e9tudes de d\u00e9fense nationale (Graduate Institute of National Defence)","description":"Natural disasters and the depletion of resources not only have an ecological impact: they also increase the threat to global security, prompting the defence sector to undergo a lasting structural transformation.","robots":{"index":"index","follow":"follow","max-snippet":"max-snippet:-1","max-image-preview":"max-image-preview:large","max-video-preview":"max-video-preview:-1"},"canonical":"https:\/\/ihedn.fr\/en\/notre-selection\/changement-climatique-comment-les-armees-sadaptent\/","og_locale":"en_GB","og_type":"article","og_title":"Changement climatique : comment les arm\u00e9es s\u2019adaptent","og_description":"Catastrophes naturelles et \u00e9puisement des ressources n\u2019ont pas seulement un impact \u00e9cologique : ces ph\u00e9nom\u00e8nes augmentent aussi les menaces sur la s\u00e9curit\u00e9 globale, ce qui pousse le secteur de la d\u00e9fense \u00e0 une transformation structurelle durable.","og_url":"https:\/\/ihedn.fr\/en\/notre-selection\/changement-climatique-comment-les-armees-sadaptent\/","og_site_name":"L&#039;IHEDN : Institut des hautes \u00e9tudes de d\u00e9fense nationale","article_publisher":"https:\/\/www.facebook.com\/ihedn\/","article_published_time":"2023-02-15T16:37:23+00:00","article_modified_time":"2023-06-30T12:20:26+00:00","og_image":[{"width":1511,"height":756,"url":"https:\/\/ihedn.fr\/wp-content\/uploads\/2023\/02\/IHEDN-Changement-climatique-comment-les-armees-sadaptent-01.jpg","type":"image\/jpeg"}],"author":"dev","twitter_card":"summary_large_image","twitter_title":"Changement climatique : comment les arm\u00e9es s\u2019adaptent","twitter_description":"Catastrophes naturelles et \u00e9puisement des ressources n\u2019ont pas seulement un impact \u00e9cologique : ces ph\u00e9nom\u00e8nes augmentent aussi les menaces sur la s\u00e9curit\u00e9 globale, ce qui pousse le secteur de la d\u00e9fense \u00e0 une transformation structurelle durable.","twitter_image":"https:\/\/ihedn.fr\/wp-content\/uploads\/2023\/02\/IHEDN-Changement-climatique-comment-les-armees-sadaptent-01.jpg","twitter_creator":"@IHEDN","twitter_site":"@IHEDN","twitter_misc":{"Written by":"dev","Estimated reading time":"7 minutes"},"schema":{"@context":"https:\/\/schema.org","@graph":[{"@type":"Article","@id":"https:\/\/ihedn.fr\/notre-selection\/changement-climatique-comment-les-armees-sadaptent\/#article","isPartOf":{"@id":"https:\/\/ihedn.fr\/notre-selection\/changement-climatique-comment-les-armees-sadaptent\/"},"author":{"name":"dev","@id":"https:\/\/ihedn.fr\/#\/schema\/person\/7a40155595e4efb35323447cb8c8c5a4"},"headline":"Changement climatique : comment les arm\u00e9es s\u2019adaptent","datePublished":"2023-02-15T16:37:23+00:00","dateModified":"2023-06-30T12:20:26+00:00","mainEntityOfPage":{"@id":"https:\/\/ihedn.fr\/notre-selection\/changement-climatique-comment-les-armees-sadaptent\/"},"wordCount":1519,"publisher":{"@id":"https:\/\/ihedn.fr\/#organization"},"image":{"@id":"https:\/\/ihedn.fr\/notre-selection\/changement-climatique-comment-les-armees-sadaptent\/#primaryimage"},"thumbnailUrl":"https:\/\/ihedn.fr\/wp-content\/uploads\/2023\/02\/IHEDN-Changement-climatique-comment-les-armees-sadaptent-01.jpg","articleSection":["Notre s\u00e9lection","s\u00e9curit\u00e9 nationale"],"inLanguage":"en-GB"},{"@type":"WebPage","@id":"https:\/\/ihedn.fr\/notre-selection\/changement-climatique-comment-les-armees-sadaptent\/","url":"https:\/\/ihedn.fr\/notre-selection\/changement-climatique-comment-les-armees-sadaptent\/","name":"Climate change: how the armed forces are adapting - IHEDN : Institut des hautes \u00e9tudes de d\u00e9fense nationale (Graduate Institute of National Defence)","isPartOf":{"@id":"https:\/\/ihedn.fr\/#website"},"primaryImageOfPage":{"@id":"https:\/\/ihedn.fr\/notre-selection\/changement-climatique-comment-les-armees-sadaptent\/#primaryimage"},"image":{"@id":"https:\/\/ihedn.fr\/notre-selection\/changement-climatique-comment-les-armees-sadaptent\/#primaryimage"},"thumbnailUrl":"https:\/\/ihedn.fr\/wp-content\/uploads\/2023\/02\/IHEDN-Changement-climatique-comment-les-armees-sadaptent-01.jpg","datePublished":"2023-02-15T16:37:23+00:00","dateModified":"2023-06-30T12:20:26+00:00","description":"Natural disasters and the depletion of resources not only have an ecological impact: they also increase the threat to global security, prompting the defence sector to undergo a lasting structural transformation.","breadcrumb":{"@id":"https:\/\/ihedn.fr\/notre-selection\/changement-climatique-comment-les-armees-sadaptent\/#breadcrumb"},"inLanguage":"en-GB","potentialAction":[{"@type":"ReadAction","target":["https:\/\/ihedn.fr\/notre-selection\/changement-climatique-comment-les-armees-sadaptent\/"]}]},{"@type":"ImageObject","inLanguage":"en-GB","@id":"https:\/\/ihedn.fr\/notre-selection\/changement-climatique-comment-les-armees-sadaptent\/#primaryimage","url":"https:\/\/ihedn.fr\/wp-content\/uploads\/2023\/02\/IHEDN-Changement-climatique-comment-les-armees-sadaptent-01.jpg","contentUrl":"https:\/\/ihedn.fr\/wp-content\/uploads\/2023\/02\/IHEDN-Changement-climatique-comment-les-armees-sadaptent-01.jpg","width":1511,"height":756,"caption":"IHEDN - Changement climatique - comment les arm\u00e9es s\u2019adaptent"},{"@type":"BreadcrumbList","@id":"https:\/\/ihedn.fr\/notre-selection\/changement-climatique-comment-les-armees-sadaptent\/#breadcrumb","itemListElement":[{"@type":"ListItem","position":1,"name":"Accueil","item":"https:\/\/ihedn.fr\/"},{"@type":"ListItem","position":2,"name":"Changement climatique : comment les arm\u00e9es s\u2019adaptent"}]},{"@type":"WebSite","@id":"https:\/\/ihedn.fr\/#website","url":"https:\/\/ihedn.fr\/","name":"IHEDN: Institut des hautes \u00e9tudes de d\u00e9fense nationale (Institute for Higher National Defence Studies)","description":"Official website of the IHEDN under the supervision of the Prime Minister.","publisher":{"@id":"https:\/\/ihedn.fr\/#organization"},"potentialAction":[{"@type":"SearchAction","target":{"@type":"EntryPoint","urlTemplate":"https:\/\/ihedn.fr\/?s={search_term_string}"},"query-input":{"@type":"PropertyValueSpecification","valueRequired":true,"valueName":"search_term_string"}}],"inLanguage":"en-GB"},{"@type":"Organization","@id":"https:\/\/ihedn.fr\/#organization","name":"IHEDN - Institute for Higher National Defence Studies","url":"https:\/\/ihedn.fr\/","logo":{"@type":"ImageObject","inLanguage":"en-GB","@id":"https:\/\/ihedn.fr\/#\/schema\/logo\/image\/","url":"https:\/\/ihedn.fr\/wp-content\/uploads\/2020\/11\/BLOC_RF_IHEDN_WEB.png","contentUrl":"https:\/\/ihedn.fr\/wp-content\/uploads\/2020\/11\/BLOC_RF_IHEDN_WEB.png","width":500,"height":237,"caption":"IHEDN - Institut des Hautes Etudes de D\u00e9fense Nationale"},"image":{"@id":"https:\/\/ihedn.fr\/#\/schema\/logo\/image\/"},"sameAs":["https:\/\/www.facebook.com\/ihedn\/","https:\/\/x.com\/IHEDN","https:\/\/www.instagram.com\/ihedn\/","https:\/\/www.linkedin.com\/school\/ihedn\/","https:\/\/fr.wikipedia.org\/wiki\/Institut_des_hautes_\u00e9tudes_de_D\u00e9fense_nationale"]},{"@type":"Person","@id":"https:\/\/ihedn.fr\/#\/schema\/person\/7a40155595e4efb35323447cb8c8c5a4","name":"dev","image":{"@type":"ImageObject","inLanguage":"en-GB","@id":"https:\/\/secure.gravatar.com\/avatar\/f1ffcac9ca2fa95ad3ec33e9be3ade82f752acb0cabe541e56c5889225afa88a?s=96&d=mm&r=g","url":"https:\/\/secure.gravatar.com\/avatar\/f1ffcac9ca2fa95ad3ec33e9be3ade82f752acb0cabe541e56c5889225afa88a?s=96&d=mm&r=g","contentUrl":"https:\/\/secure.gravatar.com\/avatar\/f1ffcac9ca2fa95ad3ec33e9be3ade82f752acb0cabe541e56c5889225afa88a?s=96&d=mm&r=g","caption":"dev"},"sameAs":["https:\/\/ihedn.concilium.click"],"url":"https:\/\/ihedn.fr\/en\/author\/dev\/"}]}},"publishpress_future_action":{"enabled":false,"date":"2026-05-07 22:13:15","action":"change-status","newStatus":"draft","terms":[],"taxonomy":"category","extraData":[]},"publishpress_future_workflow_manual_trigger":{"enabledWorkflows":[]},"_links":{"self":[{"href":"https:\/\/ihedn.fr\/en\/wp-json\/wp\/v2\/posts\/34924","targetHints":{"allow":["GET"]}}],"collection":[{"href":"https:\/\/ihedn.fr\/en\/wp-json\/wp\/v2\/posts"}],"about":[{"href":"https:\/\/ihedn.fr\/en\/wp-json\/wp\/v2\/types\/post"}],"author":[{"embeddable":true,"href":"https:\/\/ihedn.fr\/en\/wp-json\/wp\/v2\/users\/1"}],"replies":[{"embeddable":true,"href":"https:\/\/ihedn.fr\/en\/wp-json\/wp\/v2\/comments?post=34924"}],"version-history":[{"count":46,"href":"https:\/\/ihedn.fr\/en\/wp-json\/wp\/v2\/posts\/34924\/revisions"}],"predecessor-version":[{"id":35118,"href":"https:\/\/ihedn.fr\/en\/wp-json\/wp\/v2\/posts\/34924\/revisions\/35118"}],"wp:featuredmedia":[{"embeddable":true,"href":"https:\/\/ihedn.fr\/en\/wp-json\/wp\/v2\/media\/34966"}],"wp:attachment":[{"href":"https:\/\/ihedn.fr\/en\/wp-json\/wp\/v2\/media?parent=34924"}],"wp:term":[{"taxonomy":"category","embeddable":true,"href":"https:\/\/ihedn.fr\/en\/wp-json\/wp\/v2\/categories?post=34924"},{"taxonomy":"post_tag","embeddable":true,"href":"https:\/\/ihedn.fr\/en\/wp-json\/wp\/v2\/tags?post=34924"}],"curies":[{"name":"wp","href":"https:\/\/api.w.org\/{rel}","templated":true}]}}