{"id":35137,"date":"2023-02-17T19:46:53","date_gmt":"2023-02-17T18:46:53","guid":{"rendered":"https:\/\/ihedn.fr\/?p=35137"},"modified":"2023-02-17T19:53:24","modified_gmt":"2023-02-17T18:53:24","slug":"le-gca-durieux-il-faut-reflechir-a-la-guerre-en-ukraine","status":"publish","type":"post","link":"https:\/\/ihedn.fr\/en\/uncategorized\/le-gca-durieux-il-faut-reflechir-a-la-guerre-en-ukraine\/","title":{"rendered":"Lt-Gen Durieux: \"We need to think about the war in Ukraine, to avoid being surprised by a new tipping point in the world\"."},"content":{"rendered":"<div data-elementor-type=\"wp-post\" data-elementor-id=\"35137\" class=\"elementor elementor-35137\" data-elementor-post-type=\"post\">\n\t\t\t\t\t\t<section data-particle_enable=\"false\" data-particle-mobile-disabled=\"false\" class=\"elementor-section elementor-top-section elementor-element elementor-element-53a7891 elementor-section-boxed elementor-section-height-default elementor-section-height-default\" data-id=\"53a7891\" data-element_type=\"section\" data-e-type=\"section\">\n\t\t\t\t\t\t<div class=\"elementor-container elementor-column-gap-default\">\n\t\t\t\t\t<div class=\"elementor-column elementor-col-100 elementor-top-column elementor-element elementor-element-38394a8\" data-id=\"38394a8\" data-element_type=\"column\" data-e-type=\"column\">\n\t\t\t<div class=\"elementor-widget-wrap elementor-element-populated\">\n\t\t\t\t\t\t<div class=\"elementor-element elementor-element-6b9d2fc elementor-widget elementor-widget-heading\" data-id=\"6b9d2fc\" data-element_type=\"widget\" data-e-type=\"widget\" data-widget_type=\"heading.default\">\n\t\t\t\t<div class=\"elementor-widget-container\">\n\t\t\t\t\t<h4 class=\"elementor-heading-title elementor-size-default\">THIS WAR WAS NOT UNFORESEEABLE<\/h4>\t\t\t\t<\/div>\n\t\t\t\t<\/div>\n\t\t\t\t<div class=\"elementor-element elementor-element-791cbd8 elementor-widget-divider--view-line elementor-widget elementor-widget-divider\" data-id=\"791cbd8\" data-element_type=\"widget\" data-e-type=\"widget\" data-widget_type=\"divider.default\">\n\t\t\t\t<div class=\"elementor-widget-container\">\n\t\t\t\t\t\t\t<div class=\"elementor-divider\">\n\t\t\t<span class=\"elementor-divider-separator\">\n\t\t\t\t\t\t<\/span>\n\t\t<\/div>\n\t\t\t\t\t\t<\/div>\n\t\t\t\t<\/div>\n\t\t\t\t<div class=\"elementor-element elementor-element-fa10ac2 elementor-widget elementor-widget-text-editor\" data-id=\"fa10ac2\" data-element_type=\"widget\" data-e-type=\"widget\" data-widget_type=\"text-editor.default\">\n\t\t\t\t<div class=\"elementor-widget-container\">\n\t\t\t\t\t\t\t\t\t<p>Before 24 February 2022, who would have imagined that, one year later, in Europe, several hundred thousand people would be killed and wounded, cities destroyed, dozens of fighter planes shot down, warships sunk and even threats of the use of nuclear weapons made or at least implied? Who would have imagined that four Member States of the European Union would be bordering a country at war, under attack, itself a candidate for membership? Who would have imagined that we French would actually have war on our borders if we took the European idea seriously?<\/p><p>It was improbable and yet, we can agree, it was not unforeseeable. A strategic surprise is not something we failed to foresee. A strategic surprise is something we didn't want to see.<\/p><p>We don't want to see it because, often, the decision to go to war seems irrational to us and yet it is taken by an actor whose rationality escapes us. We don't want to see it because we ourselves are prisoners of our passions, our prejudices and our interests. To see war for what it is, a phenomenon that is not very rational and rarely linear, you actually have to be extremely rational.<\/p><p>We've been surprised once; if we don't want to be surprised a second time, if we don't want to be surprised by a new world upheaval on an even greater scale than that of 24 February, we have to take note, we have to study, we have to think, we have to deduce.<\/p>\t\t\t\t\t\t\t\t<\/div>\n\t\t\t\t<\/div>\n\t\t\t\t\t<\/div>\n\t\t<\/div>\n\t\t\t\t\t<\/div>\n\t\t<\/section>\n\t\t\t\t<section data-particle_enable=\"false\" data-particle-mobile-disabled=\"false\" class=\"elementor-section elementor-top-section elementor-element elementor-element-c63d0f9 elementor-section-boxed elementor-section-height-default elementor-section-height-default\" data-id=\"c63d0f9\" data-element_type=\"section\" data-e-type=\"section\">\n\t\t\t\t\t\t<div class=\"elementor-container elementor-column-gap-default\">\n\t\t\t\t\t<div class=\"elementor-column elementor-col-100 elementor-top-column elementor-element elementor-element-4f6cd4a\" data-id=\"4f6cd4a\" data-element_type=\"column\" data-e-type=\"column\">\n\t\t\t<div class=\"elementor-widget-wrap elementor-element-populated\">\n\t\t\t\t\t\t<div class=\"elementor-element elementor-element-1b6b5fa elementor-widget elementor-widget-heading\" data-id=\"1b6b5fa\" data-element_type=\"widget\" data-e-type=\"widget\" data-widget_type=\"heading.default\">\n\t\t\t\t<div class=\"elementor-widget-container\">\n\t\t\t\t\t<h4 class=\"elementor-heading-title elementor-size-default\">FRANCE'S CAPACITY FOR STRATEGIC THINKING IS UNIQUE IN EUROPE<\/h4>\t\t\t\t<\/div>\n\t\t\t\t<\/div>\n\t\t\t\t<div class=\"elementor-element elementor-element-3ec4cf3 elementor-widget-divider--view-line elementor-widget elementor-widget-divider\" data-id=\"3ec4cf3\" data-element_type=\"widget\" data-e-type=\"widget\" data-widget_type=\"divider.default\">\n\t\t\t\t<div class=\"elementor-widget-container\">\n\t\t\t\t\t\t\t<div class=\"elementor-divider\">\n\t\t\t<span class=\"elementor-divider-separator\">\n\t\t\t\t\t\t<\/span>\n\t\t<\/div>\n\t\t\t\t\t\t<\/div>\n\t\t\t\t<\/div>\n\t\t\t\t<div class=\"elementor-element elementor-element-d60872b elementor-widget elementor-widget-text-editor\" data-id=\"d60872b\" data-element_type=\"widget\" data-e-type=\"widget\" data-widget_type=\"text-editor.default\">\n\t\t\t\t<div class=\"elementor-widget-container\">\n\t\t\t\t\t\t\t\t\t<p>For a year, this is what the officers of the Ministry of the Armed Forces, generals and captains alike, civilian researchers, doctors and professors, the doctrine centres of the three armed forces, the Strategic Research Institute of the Military Academy (IRSEM), the war colleges, the Centre for Advanced Military Studies and the Institute for Advanced Studies of the Ministry of the Interior (IHEMI) have been doing. These organisations represent a strategic thinking capacity that is unique in Europe.<\/p><p>And for the past year, they have been observing the unfolding of events, comparing analyses, exploiting open sources of intelligence as well as more confidential information; for the past year, they have been interacting with French and foreign researchers, taking part in international conferences with our partners and allies. For the past year, they have been interacting with French and foreign researchers, and taking part in international conferences with our partners and allies. For the past year, they have been examining, each in their own speciality, this sprawling event in its tactical and strategic, civil and military, European and global dimensions.<\/p><p>And this is at the heart of the IHEDN's mission: \"To understand in order to act, to understand each other in order to act together\". We invite you to reflect on this conflict to avoid being surprised by what is taking shape before our very eyes.<\/p><p>Your opinions, analyses and thoughts count. National defence, in other words defence in all its civil and military dimensions, is everybody's business. So get involved, express yourself and keep thinking. Because this war is also a war of ideas.<\/p>\t\t\t\t\t\t\t\t<\/div>\n\t\t\t\t<\/div>\n\t\t\t\t\t<\/div>\n\t\t<\/div>\n\t\t\t\t\t<\/div>\n\t\t<\/section>\n\t\t\t\t<\/div>","protected":false},"excerpt":{"rendered":"<p>Everyone remembers that moment on 24 February 2022 when they heard the news of Russia's attack on Ukraine. Someone told you or you looked at your phone, but whichever way, you were gripped. You could hardly believe it.<\/p>","protected":false},"author":1,"featured_media":35117,"comment_status":"closed","ping_status":"closed","sticky":false,"template":"","format":"standard","meta":{"footnotes":""},"categories":[1],"tags":[],"class_list":["post-35137","post","type-post","status-publish","format-standard","has-post-thumbnail","hentry","category-uncategorized"],"yoast_head":"<!-- This site is optimized with the Yoast SEO plugin v27.5 - https:\/\/yoast.com\/product\/yoast-seo-wordpress\/ -->\n<title>Le GCA Durieux : \u201cIl faut r\u00e9fl\u00e9chir \u00e0 la guerre en Ukraine, pour \u00e9viter d\u2019\u00eatre surpris par une nouvelle bascule du monde\u201d - L&#039;IHEDN : Institut des hautes \u00e9tudes de d\u00e9fense nationale<\/title>\n<meta name=\"description\" content=\"Le GCA Durieux : \u201cIl faut r\u00e9fl\u00e9chir \u00e0 la guerre en Ukraine, pour \u00e9viter d\u2019\u00eatre surpris par une nouvelle bascule du monde\u201dChacun se rappelle ce moment o\u00f9, le 24 f\u00e9vrier 2022, il a appris la nouvelle de l\u2019attaque de la Russie contre l\u2019Ukraine. Quelqu\u2019un vous l\u2019a appris ou bien vous avez regard\u00e9 votre t\u00e9l\u00e9phone, mais quel que soit le moyen, vous avez \u00e9t\u00e9 saisi. Vous avez eu du mal \u00e0 le croir\" \/>\n<meta name=\"robots\" content=\"index, follow, max-snippet:-1, max-image-preview:large, max-video-preview:-1\" \/>\n<link rel=\"canonical\" href=\"https:\/\/ihedn.fr\/en\/ukraine-2\/le-gca-durieux-il-faut-reflechir-a-la-guerre-en-ukraine\/\" \/>\n<meta property=\"og:locale\" content=\"en_GB\" \/>\n<meta property=\"og:type\" content=\"article\" \/>\n<meta property=\"og:title\" content=\"Le GCA Durieux : \u201cIl faut r\u00e9fl\u00e9chir \u00e0 la guerre en Ukraine, pour \u00e9viter d\u2019\u00eatre surpris par une nouvelle bascule du monde\u201d\" \/>\n<meta property=\"og:description\" content=\"Chacun se rappelle ce moment o\u00f9, le 24 f\u00e9vrier 2022, il a appris la nouvelle de l\u2019attaque de la Russie contre l\u2019Ukraine. Quelqu\u2019un vous l\u2019a appris ou bien vous avez regard\u00e9 votre t\u00e9l\u00e9phone, mais quel que soit le moyen, vous avez \u00e9t\u00e9 saisi. Vous avez eu du mal \u00e0 le croire.\" \/>\n<meta property=\"og:url\" content=\"https:\/\/ihedn.fr\/en\/ukraine-2\/le-gca-durieux-il-faut-reflechir-a-la-guerre-en-ukraine\/\" \/>\n<meta property=\"og:site_name\" content=\"L&#039;IHEDN : Institut des hautes \u00e9tudes de d\u00e9fense nationale\" \/>\n<meta property=\"article:publisher\" content=\"https:\/\/www.facebook.com\/ihedn\/\" \/>\n<meta property=\"article:published_time\" content=\"2023-02-17T18:46:53+00:00\" \/>\n<meta property=\"article:modified_time\" content=\"2023-02-17T18:53:24+00:00\" \/>\n<meta property=\"og:image\" content=\"https:\/\/ihedn.fr\/wp-content\/uploads\/2023\/02\/Durieux-Ukraine.jpg\" \/>\n\t<meta property=\"og:image:width\" content=\"640\" \/>\n\t<meta property=\"og:image:height\" content=\"320\" \/>\n\t<meta property=\"og:image:type\" content=\"image\/jpeg\" \/>\n<meta name=\"author\" content=\"dev\" \/>\n<meta name=\"twitter:card\" content=\"summary_large_image\" \/>\n<meta name=\"twitter:title\" content=\"Le GCA Durieux : \u201cIl faut r\u00e9fl\u00e9chir \u00e0 la guerre en Ukraine, pour \u00e9viter d\u2019\u00eatre surpris par une nouvelle bascule du monde\u201d\" \/>\n<meta name=\"twitter:description\" content=\"Chacun se rappelle ce moment o\u00f9, le 24 f\u00e9vrier 2022, il a appris la nouvelle de l\u2019attaque de la Russie contre l\u2019Ukraine. Quelqu\u2019un vous l\u2019a appris ou bien vous avez regard\u00e9 votre t\u00e9l\u00e9phone, mais quel que soit le moyen, vous avez \u00e9t\u00e9 saisi. Vous avez eu du mal \u00e0 le croir\" \/>\n<meta name=\"twitter:image\" content=\"https:\/\/ihedn.fr\/wp-content\/uploads\/2023\/02\/Durieux-Ukraine.jpg\" \/>\n<meta name=\"twitter:creator\" content=\"@IHEDN\" \/>\n<meta name=\"twitter:site\" content=\"@IHEDN\" \/>\n<meta name=\"twitter:label1\" content=\"Written by\" \/>\n\t<meta name=\"twitter:data1\" content=\"dev\" \/>\n\t<meta name=\"twitter:label2\" content=\"Estimated reading time\" \/>\n\t<meta name=\"twitter:data2\" content=\"3 minutes\" \/>\n<script type=\"application\/ld+json\" class=\"yoast-schema-graph\">{\"@context\":\"https:\\\/\\\/schema.org\",\"@graph\":[{\"@type\":\"Article\",\"@id\":\"https:\\\/\\\/ihedn.fr\\\/ukraine-2\\\/le-gca-durieux-il-faut-reflechir-a-la-guerre-en-ukraine\\\/#article\",\"isPartOf\":{\"@id\":\"https:\\\/\\\/ihedn.fr\\\/ukraine-2\\\/le-gca-durieux-il-faut-reflechir-a-la-guerre-en-ukraine\\\/\"},\"author\":{\"name\":\"dev\",\"@id\":\"https:\\\/\\\/ihedn.fr\\\/#\\\/schema\\\/person\\\/7a40155595e4efb35323447cb8c8c5a4\"},\"headline\":\"Le GCA Durieux : \u201cIl faut r\u00e9fl\u00e9chir \u00e0 la guerre en Ukraine, pour \u00e9viter d\u2019\u00eatre surpris par une nouvelle bascule du monde\u201d\",\"datePublished\":\"2023-02-17T18:46:53+00:00\",\"dateModified\":\"2023-02-17T18:53:24+00:00\",\"mainEntityOfPage\":{\"@id\":\"https:\\\/\\\/ihedn.fr\\\/ukraine-2\\\/le-gca-durieux-il-faut-reflechir-a-la-guerre-en-ukraine\\\/\"},\"wordCount\":612,\"publisher\":{\"@id\":\"https:\\\/\\\/ihedn.fr\\\/#organization\"},\"image\":{\"@id\":\"https:\\\/\\\/ihedn.fr\\\/ukraine-2\\\/le-gca-durieux-il-faut-reflechir-a-la-guerre-en-ukraine\\\/#primaryimage\"},\"thumbnailUrl\":\"https:\\\/\\\/ihedn.fr\\\/wp-content\\\/uploads\\\/2023\\\/02\\\/Durieux-Ukraine.jpg\",\"articleSection\":[\"Uncategorized\"],\"inLanguage\":\"en-GB\"},{\"@type\":\"WebPage\",\"@id\":\"https:\\\/\\\/ihedn.fr\\\/ukraine-2\\\/le-gca-durieux-il-faut-reflechir-a-la-guerre-en-ukraine\\\/\",\"url\":\"https:\\\/\\\/ihedn.fr\\\/ukraine-2\\\/le-gca-durieux-il-faut-reflechir-a-la-guerre-en-ukraine\\\/\",\"name\":\"Le GCA Durieux : \u201cIl faut r\u00e9fl\u00e9chir \u00e0 la guerre en Ukraine, pour \u00e9viter d\u2019\u00eatre surpris par une nouvelle bascule du monde\u201d - L&#039;IHEDN : Institut des hautes \u00e9tudes de d\u00e9fense nationale\",\"isPartOf\":{\"@id\":\"https:\\\/\\\/ihedn.fr\\\/#website\"},\"primaryImageOfPage\":{\"@id\":\"https:\\\/\\\/ihedn.fr\\\/ukraine-2\\\/le-gca-durieux-il-faut-reflechir-a-la-guerre-en-ukraine\\\/#primaryimage\"},\"image\":{\"@id\":\"https:\\\/\\\/ihedn.fr\\\/ukraine-2\\\/le-gca-durieux-il-faut-reflechir-a-la-guerre-en-ukraine\\\/#primaryimage\"},\"thumbnailUrl\":\"https:\\\/\\\/ihedn.fr\\\/wp-content\\\/uploads\\\/2023\\\/02\\\/Durieux-Ukraine.jpg\",\"datePublished\":\"2023-02-17T18:46:53+00:00\",\"dateModified\":\"2023-02-17T18:53:24+00:00\",\"description\":\"Le GCA Durieux : \u201cIl faut r\u00e9fl\u00e9chir \u00e0 la guerre en Ukraine, pour \u00e9viter d\u2019\u00eatre surpris par une nouvelle bascule du monde\u201dChacun se rappelle ce moment o\u00f9, le 24 f\u00e9vrier 2022, il a appris la nouvelle de l\u2019attaque de la Russie contre l\u2019Ukraine. Quelqu\u2019un vous l\u2019a appris ou bien vous avez regard\u00e9 votre t\u00e9l\u00e9phone, mais quel que soit le moyen, vous avez \u00e9t\u00e9 saisi. Vous avez eu du mal \u00e0 le croir\",\"breadcrumb\":{\"@id\":\"https:\\\/\\\/ihedn.fr\\\/ukraine-2\\\/le-gca-durieux-il-faut-reflechir-a-la-guerre-en-ukraine\\\/#breadcrumb\"},\"inLanguage\":\"en-GB\",\"potentialAction\":[{\"@type\":\"ReadAction\",\"target\":[\"https:\\\/\\\/ihedn.fr\\\/ukraine-2\\\/le-gca-durieux-il-faut-reflechir-a-la-guerre-en-ukraine\\\/\"]}]},{\"@type\":\"ImageObject\",\"inLanguage\":\"en-GB\",\"@id\":\"https:\\\/\\\/ihedn.fr\\\/ukraine-2\\\/le-gca-durieux-il-faut-reflechir-a-la-guerre-en-ukraine\\\/#primaryimage\",\"url\":\"https:\\\/\\\/ihedn.fr\\\/wp-content\\\/uploads\\\/2023\\\/02\\\/Durieux-Ukraine.jpg\",\"contentUrl\":\"https:\\\/\\\/ihedn.fr\\\/wp-content\\\/uploads\\\/2023\\\/02\\\/Durieux-Ukraine.jpg\",\"width\":640,\"height\":320,\"caption\":\"IHEDN | Le GCA Durieux : \u201cIl faut r\u00e9fl\u00e9chir \u00e0 la guerre en Ukraine, pour \u00e9viter d\u2019\u00eatre surpris par une nouvelle bascule du monde\u201d\"},{\"@type\":\"BreadcrumbList\",\"@id\":\"https:\\\/\\\/ihedn.fr\\\/ukraine-2\\\/le-gca-durieux-il-faut-reflechir-a-la-guerre-en-ukraine\\\/#breadcrumb\",\"itemListElement\":[{\"@type\":\"ListItem\",\"position\":1,\"name\":\"Accueil\",\"item\":\"https:\\\/\\\/ihedn.fr\\\/\"},{\"@type\":\"ListItem\",\"position\":2,\"name\":\"Le GCA Durieux : \u201cIl faut r\u00e9fl\u00e9chir \u00e0 la guerre en Ukraine, pour \u00e9viter d\u2019\u00eatre surpris par une nouvelle bascule du monde\u201d\"}]},{\"@type\":\"WebSite\",\"@id\":\"https:\\\/\\\/ihedn.fr\\\/#website\",\"url\":\"https:\\\/\\\/ihedn.fr\\\/\",\"name\":\"IHEDN : Institut des hautes \u00e9tudes de d\u00e9fense nationale |\",\"description\":\"Site officiel de l&#039;IHEDN plac\u00e9 sous la tutelle du Premier ministre.\",\"publisher\":{\"@id\":\"https:\\\/\\\/ihedn.fr\\\/#organization\"},\"potentialAction\":[{\"@type\":\"SearchAction\",\"target\":{\"@type\":\"EntryPoint\",\"urlTemplate\":\"https:\\\/\\\/ihedn.fr\\\/?s={search_term_string}\"},\"query-input\":{\"@type\":\"PropertyValueSpecification\",\"valueRequired\":true,\"valueName\":\"search_term_string\"}}],\"inLanguage\":\"en-GB\"},{\"@type\":\"Organization\",\"@id\":\"https:\\\/\\\/ihedn.fr\\\/#organization\",\"name\":\"IHEDN - Institut des Hautes Etudes de D\u00e9fense Nationale\",\"url\":\"https:\\\/\\\/ihedn.fr\\\/\",\"logo\":{\"@type\":\"ImageObject\",\"inLanguage\":\"en-GB\",\"@id\":\"https:\\\/\\\/ihedn.fr\\\/#\\\/schema\\\/logo\\\/image\\\/\",\"url\":\"https:\\\/\\\/ihedn.fr\\\/wp-content\\\/uploads\\\/2020\\\/11\\\/BLOC_RF_IHEDN_WEB.png\",\"contentUrl\":\"https:\\\/\\\/ihedn.fr\\\/wp-content\\\/uploads\\\/2020\\\/11\\\/BLOC_RF_IHEDN_WEB.png\",\"width\":500,\"height\":237,\"caption\":\"IHEDN - Institut des Hautes Etudes de D\u00e9fense Nationale\"},\"image\":{\"@id\":\"https:\\\/\\\/ihedn.fr\\\/#\\\/schema\\\/logo\\\/image\\\/\"},\"sameAs\":[\"https:\\\/\\\/www.facebook.com\\\/ihedn\\\/\",\"https:\\\/\\\/x.com\\\/IHEDN\",\"https:\\\/\\\/www.instagram.com\\\/ihedn\\\/\",\"https:\\\/\\\/www.linkedin.com\\\/school\\\/ihedn\\\/\",\"https:\\\/\\\/fr.wikipedia.org\\\/wiki\\\/Institut_des_hautes_\u00e9tudes_de_D\u00e9fense_nationale\"]},{\"@type\":\"Person\",\"@id\":\"https:\\\/\\\/ihedn.fr\\\/#\\\/schema\\\/person\\\/7a40155595e4efb35323447cb8c8c5a4\",\"name\":\"dev\",\"image\":{\"@type\":\"ImageObject\",\"inLanguage\":\"en-GB\",\"@id\":\"https:\\\/\\\/secure.gravatar.com\\\/avatar\\\/f1ffcac9ca2fa95ad3ec33e9be3ade82f752acb0cabe541e56c5889225afa88a?s=96&d=mm&r=g\",\"url\":\"https:\\\/\\\/secure.gravatar.com\\\/avatar\\\/f1ffcac9ca2fa95ad3ec33e9be3ade82f752acb0cabe541e56c5889225afa88a?s=96&d=mm&r=g\",\"contentUrl\":\"https:\\\/\\\/secure.gravatar.com\\\/avatar\\\/f1ffcac9ca2fa95ad3ec33e9be3ade82f752acb0cabe541e56c5889225afa88a?s=96&d=mm&r=g\",\"caption\":\"dev\"},\"sameAs\":[\"https:\\\/\\\/ihedn.concilium.click\"],\"url\":\"https:\\\/\\\/ihedn.fr\\\/en\\\/author\\\/dev\\\/\"}]}<\/script>\n<!-- \/ Yoast SEO plugin. -->","yoast_head_json":{"title":"Lt-Gen Durieux: \"We need to think about the war in Ukraine, to avoid being surprised by a new world tipping point\" - L'IHEDN : Institut des hautes \u00e9tudes de d\u00e9fense nationale (Graduate Institute of National Defence)","description":"Lt-Gen Durieux: \"We need to think about the war in Ukraine, to avoid being surprised by a new tipping point in the world \"Everyone remembers the moment, on 24 February 2022, when they heard the news of Russia's attack on Ukraine. Someone told you, or you looked at your phone, but whichever way, you were gripped. You found it hard to believe","robots":{"index":"index","follow":"follow","max-snippet":"max-snippet:-1","max-image-preview":"max-image-preview:large","max-video-preview":"max-video-preview:-1"},"canonical":"https:\/\/ihedn.fr\/en\/ukraine-2\/le-gca-durieux-il-faut-reflechir-a-la-guerre-en-ukraine\/","og_locale":"en_GB","og_type":"article","og_title":"Le GCA Durieux : \u201cIl faut r\u00e9fl\u00e9chir \u00e0 la guerre en Ukraine, pour \u00e9viter d\u2019\u00eatre surpris par une nouvelle bascule du monde\u201d","og_description":"Chacun se rappelle ce moment o\u00f9, le 24 f\u00e9vrier 2022, il a appris la nouvelle de l\u2019attaque de la Russie contre l\u2019Ukraine. Quelqu\u2019un vous l\u2019a appris ou bien vous avez regard\u00e9 votre t\u00e9l\u00e9phone, mais quel que soit le moyen, vous avez \u00e9t\u00e9 saisi. Vous avez eu du mal \u00e0 le croire.","og_url":"https:\/\/ihedn.fr\/en\/ukraine-2\/le-gca-durieux-il-faut-reflechir-a-la-guerre-en-ukraine\/","og_site_name":"L&#039;IHEDN : Institut des hautes \u00e9tudes de d\u00e9fense nationale","article_publisher":"https:\/\/www.facebook.com\/ihedn\/","article_published_time":"2023-02-17T18:46:53+00:00","article_modified_time":"2023-02-17T18:53:24+00:00","og_image":[{"width":640,"height":320,"url":"https:\/\/ihedn.fr\/wp-content\/uploads\/2023\/02\/Durieux-Ukraine.jpg","type":"image\/jpeg"}],"author":"dev","twitter_card":"summary_large_image","twitter_title":"Le GCA Durieux : \u201cIl faut r\u00e9fl\u00e9chir \u00e0 la guerre en Ukraine, pour \u00e9viter d\u2019\u00eatre surpris par une nouvelle bascule du monde\u201d","twitter_description":"Chacun se rappelle ce moment o\u00f9, le 24 f\u00e9vrier 2022, il a appris la nouvelle de l\u2019attaque de la Russie contre l\u2019Ukraine. Quelqu\u2019un vous l\u2019a appris ou bien vous avez regard\u00e9 votre t\u00e9l\u00e9phone, mais quel que soit le moyen, vous avez \u00e9t\u00e9 saisi. Vous avez eu du mal \u00e0 le croir","twitter_image":"https:\/\/ihedn.fr\/wp-content\/uploads\/2023\/02\/Durieux-Ukraine.jpg","twitter_creator":"@IHEDN","twitter_site":"@IHEDN","twitter_misc":{"Written by":"dev","Estimated reading time":"3 minutes"},"schema":{"@context":"https:\/\/schema.org","@graph":[{"@type":"Article","@id":"https:\/\/ihedn.fr\/ukraine-2\/le-gca-durieux-il-faut-reflechir-a-la-guerre-en-ukraine\/#article","isPartOf":{"@id":"https:\/\/ihedn.fr\/ukraine-2\/le-gca-durieux-il-faut-reflechir-a-la-guerre-en-ukraine\/"},"author":{"name":"dev","@id":"https:\/\/ihedn.fr\/#\/schema\/person\/7a40155595e4efb35323447cb8c8c5a4"},"headline":"Le GCA Durieux : \u201cIl faut r\u00e9fl\u00e9chir \u00e0 la guerre en Ukraine, pour \u00e9viter d\u2019\u00eatre surpris par une nouvelle bascule du monde\u201d","datePublished":"2023-02-17T18:46:53+00:00","dateModified":"2023-02-17T18:53:24+00:00","mainEntityOfPage":{"@id":"https:\/\/ihedn.fr\/ukraine-2\/le-gca-durieux-il-faut-reflechir-a-la-guerre-en-ukraine\/"},"wordCount":612,"publisher":{"@id":"https:\/\/ihedn.fr\/#organization"},"image":{"@id":"https:\/\/ihedn.fr\/ukraine-2\/le-gca-durieux-il-faut-reflechir-a-la-guerre-en-ukraine\/#primaryimage"},"thumbnailUrl":"https:\/\/ihedn.fr\/wp-content\/uploads\/2023\/02\/Durieux-Ukraine.jpg","articleSection":["Uncategorized"],"inLanguage":"en-GB"},{"@type":"WebPage","@id":"https:\/\/ihedn.fr\/ukraine-2\/le-gca-durieux-il-faut-reflechir-a-la-guerre-en-ukraine\/","url":"https:\/\/ihedn.fr\/ukraine-2\/le-gca-durieux-il-faut-reflechir-a-la-guerre-en-ukraine\/","name":"Lt-Gen Durieux: \"We need to think about the war in Ukraine, to avoid being surprised by a new world tipping point\" - L'IHEDN : Institut des hautes \u00e9tudes de d\u00e9fense nationale (Graduate Institute of National Defence)","isPartOf":{"@id":"https:\/\/ihedn.fr\/#website"},"primaryImageOfPage":{"@id":"https:\/\/ihedn.fr\/ukraine-2\/le-gca-durieux-il-faut-reflechir-a-la-guerre-en-ukraine\/#primaryimage"},"image":{"@id":"https:\/\/ihedn.fr\/ukraine-2\/le-gca-durieux-il-faut-reflechir-a-la-guerre-en-ukraine\/#primaryimage"},"thumbnailUrl":"https:\/\/ihedn.fr\/wp-content\/uploads\/2023\/02\/Durieux-Ukraine.jpg","datePublished":"2023-02-17T18:46:53+00:00","dateModified":"2023-02-17T18:53:24+00:00","description":"Lt-Gen Durieux: \"We need to think about the war in Ukraine, to avoid being surprised by a new tipping point in the world \"Everyone remembers the moment, on 24 February 2022, when they heard the news of Russia's attack on Ukraine. Someone told you, or you looked at your phone, but whichever way, you were gripped. You found it hard to believe","breadcrumb":{"@id":"https:\/\/ihedn.fr\/ukraine-2\/le-gca-durieux-il-faut-reflechir-a-la-guerre-en-ukraine\/#breadcrumb"},"inLanguage":"en-GB","potentialAction":[{"@type":"ReadAction","target":["https:\/\/ihedn.fr\/ukraine-2\/le-gca-durieux-il-faut-reflechir-a-la-guerre-en-ukraine\/"]}]},{"@type":"ImageObject","inLanguage":"en-GB","@id":"https:\/\/ihedn.fr\/ukraine-2\/le-gca-durieux-il-faut-reflechir-a-la-guerre-en-ukraine\/#primaryimage","url":"https:\/\/ihedn.fr\/wp-content\/uploads\/2023\/02\/Durieux-Ukraine.jpg","contentUrl":"https:\/\/ihedn.fr\/wp-content\/uploads\/2023\/02\/Durieux-Ukraine.jpg","width":640,"height":320,"caption":"IHEDN | Le GCA Durieux : \u201cIl faut r\u00e9fl\u00e9chir \u00e0 la guerre en Ukraine, pour \u00e9viter d\u2019\u00eatre surpris par une nouvelle bascule du monde\u201d"},{"@type":"BreadcrumbList","@id":"https:\/\/ihedn.fr\/ukraine-2\/le-gca-durieux-il-faut-reflechir-a-la-guerre-en-ukraine\/#breadcrumb","itemListElement":[{"@type":"ListItem","position":1,"name":"Accueil","item":"https:\/\/ihedn.fr\/"},{"@type":"ListItem","position":2,"name":"Le GCA Durieux : \u201cIl faut r\u00e9fl\u00e9chir \u00e0 la guerre en Ukraine, pour \u00e9viter d\u2019\u00eatre surpris par une nouvelle bascule du monde\u201d"}]},{"@type":"WebSite","@id":"https:\/\/ihedn.fr\/#website","url":"https:\/\/ihedn.fr\/","name":"IHEDN: Institut des hautes \u00e9tudes de d\u00e9fense nationale (Institute for Higher National Defence Studies)","description":"Official website of the IHEDN under the supervision of the Prime Minister.","publisher":{"@id":"https:\/\/ihedn.fr\/#organization"},"potentialAction":[{"@type":"SearchAction","target":{"@type":"EntryPoint","urlTemplate":"https:\/\/ihedn.fr\/?s={search_term_string}"},"query-input":{"@type":"PropertyValueSpecification","valueRequired":true,"valueName":"search_term_string"}}],"inLanguage":"en-GB"},{"@type":"Organization","@id":"https:\/\/ihedn.fr\/#organization","name":"IHEDN - Institute for Higher National Defence Studies","url":"https:\/\/ihedn.fr\/","logo":{"@type":"ImageObject","inLanguage":"en-GB","@id":"https:\/\/ihedn.fr\/#\/schema\/logo\/image\/","url":"https:\/\/ihedn.fr\/wp-content\/uploads\/2020\/11\/BLOC_RF_IHEDN_WEB.png","contentUrl":"https:\/\/ihedn.fr\/wp-content\/uploads\/2020\/11\/BLOC_RF_IHEDN_WEB.png","width":500,"height":237,"caption":"IHEDN - Institut des Hautes Etudes de D\u00e9fense Nationale"},"image":{"@id":"https:\/\/ihedn.fr\/#\/schema\/logo\/image\/"},"sameAs":["https:\/\/www.facebook.com\/ihedn\/","https:\/\/x.com\/IHEDN","https:\/\/www.instagram.com\/ihedn\/","https:\/\/www.linkedin.com\/school\/ihedn\/","https:\/\/fr.wikipedia.org\/wiki\/Institut_des_hautes_\u00e9tudes_de_D\u00e9fense_nationale"]},{"@type":"Person","@id":"https:\/\/ihedn.fr\/#\/schema\/person\/7a40155595e4efb35323447cb8c8c5a4","name":"dev","image":{"@type":"ImageObject","inLanguage":"en-GB","@id":"https:\/\/secure.gravatar.com\/avatar\/f1ffcac9ca2fa95ad3ec33e9be3ade82f752acb0cabe541e56c5889225afa88a?s=96&d=mm&r=g","url":"https:\/\/secure.gravatar.com\/avatar\/f1ffcac9ca2fa95ad3ec33e9be3ade82f752acb0cabe541e56c5889225afa88a?s=96&d=mm&r=g","contentUrl":"https:\/\/secure.gravatar.com\/avatar\/f1ffcac9ca2fa95ad3ec33e9be3ade82f752acb0cabe541e56c5889225afa88a?s=96&d=mm&r=g","caption":"dev"},"sameAs":["https:\/\/ihedn.concilium.click"],"url":"https:\/\/ihedn.fr\/en\/author\/dev\/"}]}},"publishpress_future_action":{"enabled":false,"date":"2026-05-06 21:44:13","action":"change-status","newStatus":"draft","terms":[],"taxonomy":"category","extraData":[]},"publishpress_future_workflow_manual_trigger":{"enabledWorkflows":[]},"_links":{"self":[{"href":"https:\/\/ihedn.fr\/en\/wp-json\/wp\/v2\/posts\/35137","targetHints":{"allow":["GET"]}}],"collection":[{"href":"https:\/\/ihedn.fr\/en\/wp-json\/wp\/v2\/posts"}],"about":[{"href":"https:\/\/ihedn.fr\/en\/wp-json\/wp\/v2\/types\/post"}],"author":[{"embeddable":true,"href":"https:\/\/ihedn.fr\/en\/wp-json\/wp\/v2\/users\/1"}],"replies":[{"embeddable":true,"href":"https:\/\/ihedn.fr\/en\/wp-json\/wp\/v2\/comments?post=35137"}],"version-history":[{"count":11,"href":"https:\/\/ihedn.fr\/en\/wp-json\/wp\/v2\/posts\/35137\/revisions"}],"predecessor-version":[{"id":35151,"href":"https:\/\/ihedn.fr\/en\/wp-json\/wp\/v2\/posts\/35137\/revisions\/35151"}],"wp:featuredmedia":[{"embeddable":true,"href":"https:\/\/ihedn.fr\/en\/wp-json\/wp\/v2\/media\/35117"}],"wp:attachment":[{"href":"https:\/\/ihedn.fr\/en\/wp-json\/wp\/v2\/media?parent=35137"}],"wp:term":[{"taxonomy":"category","embeddable":true,"href":"https:\/\/ihedn.fr\/en\/wp-json\/wp\/v2\/categories?post=35137"},{"taxonomy":"post_tag","embeddable":true,"href":"https:\/\/ihedn.fr\/en\/wp-json\/wp\/v2\/tags?post=35137"}],"curies":[{"name":"wp","href":"https:\/\/api.w.org\/{rel}","templated":true}]}}