{"id":35293,"date":"2023-02-22T15:12:38","date_gmt":"2023-02-22T14:12:38","guid":{"rendered":"https:\/\/ihedn.fr\/?p=35293"},"modified":"2023-06-30T13:21:15","modified_gmt":"2023-06-30T12:21:15","slug":"a-lheure-de-la-guerre-en-ukraine-peut-on-encore-parler-de-couple-franco-allemand","status":"publish","type":"post","link":"https:\/\/ihedn.fr\/en\/notre-selection\/a-lheure-de-la-guerre-en-ukraine-peut-on-encore-parler-de-couple-franco-allemand\/","title":{"rendered":"At a time of war in Ukraine, can we still speak of a \"Franco-German couple\"?"},"content":{"rendered":"<div data-elementor-type=\"wp-post\" data-elementor-id=\"35293\" class=\"elementor elementor-35293\" data-elementor-post-type=\"post\">\n\t\t\t\t\t\t<section data-particle_enable=\"false\" data-particle-mobile-disabled=\"false\" class=\"elementor-section elementor-top-section elementor-element elementor-element-784b020 elementor-section-boxed elementor-section-height-default elementor-section-height-default\" data-id=\"784b020\" data-element_type=\"section\" data-e-type=\"section\">\n\t\t\t\t\t\t<div class=\"elementor-container elementor-column-gap-default\">\n\t\t\t\t\t<div class=\"elementor-column elementor-col-100 elementor-top-column elementor-element elementor-element-32194f3\" data-id=\"32194f3\" data-element_type=\"column\" data-e-type=\"column\">\n\t\t\t<div class=\"elementor-widget-wrap elementor-element-populated\">\n\t\t\t\t\t\t\t<\/div>\n\t\t<\/div>\n\t\t\t\t\t<\/div>\n\t\t<\/section>\n\t\t\t\t<section data-particle_enable=\"false\" data-particle-mobile-disabled=\"false\" class=\"elementor-section elementor-top-section elementor-element elementor-element-fa9c296 elementor-section-boxed elementor-section-height-default elementor-section-height-default\" data-id=\"fa9c296\" data-element_type=\"section\" data-e-type=\"section\">\n\t\t\t\t\t\t<div class=\"elementor-container elementor-column-gap-default\">\n\t\t\t\t\t<div class=\"elementor-column elementor-col-100 elementor-top-column elementor-element elementor-element-2d3f433\" data-id=\"2d3f433\" data-element_type=\"column\" data-e-type=\"column\">\n\t\t\t<div class=\"elementor-widget-wrap elementor-element-populated\">\n\t\t\t\t\t\t<div class=\"elementor-element elementor-element-ea03354 elementor-widget elementor-widget-text-editor\" data-id=\"ea03354\" data-element_type=\"widget\" data-e-type=\"widget\" data-widget_type=\"text-editor.default\">\n\t\t\t\t<div class=\"elementor-widget-container\">\n\t\t\t\t\t\t\t\t\t<div class=\"_3d-flip-book  fb3d-fullscreen-mode full-size\" data-id=\"35295\" data-mode=\"fullscreen\" data-title=\"false\" data-template=\"short-white-book-view\" data-lightbox=\"dark-shadow\" data-urlparam=\"fb3d-page\" data-page-n=\"0\" data-pdf=\"\" data-tax=\"null\" data-thumbnail=\"\" data-cols=\"3\" data-book-template=\"default\" data-trigger=\"\"><\/div><script type=\"text\/javascript\">window.FB3D_CLIENT_DATA = window.FB3D_CLIENT_DATA || [];FB3D_CLIENT_DATA.push('eyJwb3N0cyI6eyIzNTI5NSI6eyJJRCI6MzUyOTUsInRpdGxlIjoiQSBsXHUyMDE5aGV1cmUgZGUgbGEgZ3VlcnJlIGVuIFVrcmFpbmUsIHBldXQtb24gZW5jb3JlIHBhcmxlciBkZSBcdTAwYWIgY291cGxlIGZyYW5jby1hbGxlbWFuZCBcdTAwYmIgPyIsInR5cGUiOiJwZGYiLCJyZWFkeV9mdW5jdGlvbiI6IiIsImJvb2tfc3R5bGUiOiJmbGF0IiwiYm9va190ZW1wbGF0ZSI6Im5vbmUiLCJvdXRsaW5lIjpbXSwiZGF0YSI6eyJwb3N0X0lEIjoiMzUzNTEiLCJndWlkIjoiaHR0cHM6XC9cL2loZWRuLmZyXC93cC1jb250ZW50XC91cGxvYWRzXC8yMDIzXC8wMlwvQS1saGV1cmUtZGUtbGEtZ3VlcnJlLWVuLVVrcmFpbmUtcGV1dC1vbi1lbmNvcmUtcGFybGVyLWRlLWNvdXBsZS1mcmFuY28tYWxsZW1hbmRfdjMucGRmIiwicGRmX3BhZ2VzIjoiMTkiLCJwYWdlc19jdXN0b21pemF0aW9uIjoibm9uZSJ9LCJ0aHVtYm5haWwiOnsiZGF0YSI6eyJwb3N0X0lEIjoiMCJ9LCJ0eXBlIjoiYXV0byJ9LCJwcm9wcyI6eyJiYWNrZ3JvdW5kQ29sb3IiOiJhdXRvIiwiYmFja2dyb3VuZEltYWdlIjoiYXV0byIsImJhY2tncm91bmRTdHlsZSI6ImF1dG8iLCJoaWdobGlnaHRMaW5rcyI6ImF1dG8iLCJsaWdodGluZyI6ImF1dG8iLCJjYWNoZWRQYWdlcyI6ImF1dG8iLCJyZW5kZXJJbmFjdGl2ZVBhZ2VzIjoiYXV0byIsInJlbmRlckluYWN0aXZlUGFnZXNPbk1vYmlsZSI6ImF1dG8iLCJyZW5kZXJXaGlsZUZsaXBwaW5nIjoiYXV0byIsInByZWxvYWRQYWdlcyI6ImF1dG8iLCJhdXRvUGxheUR1cmF0aW9uIjoiYXV0byIsInJ0bCI6ImF1dG8iLCJpbnRlcmFjdGl2ZUNvcm5lcnMiOiJhdXRvIiwibWF4RGVwdGgiOiJhdXRvIiwic2hlZXQiOnsic3RhcnRWZWxvY2l0eSI6ImF1dG8iLCJ3YXZlIjoiYXV0byIsInNoYXBlIjoiYXV0byIsIndpZHRoVGV4ZWxzIjoiYXV0byIsImNvbG9yIjoiYXV0byIsInNpZGUiOiJhdXRvIiwiY29ybmVyRGV2aWF0aW9uIjoiYXV0byIsImZsZXhpYmlsaXR5IjoiYXV0byIsImZsZXhpYmxlQ29ybmVyIjoiYXV0byIsImJlbmRpbmciOiJhdXRvIiwiaGVpZ2h0VGV4ZWxzIjoiYXV0byJ9LCJjb3ZlciI6eyJ3YXZlIjoiYXV0byIsImNvbG9yIjoiYXV0byIsImJpbmRlclRleHR1cmUiOiJhdXRvIiwiZGVwdGgiOiJhdXRvIiwicGFkZGluZyI6ImF1dG8iLCJzdGFydFZlbG9jaXR5IjoiYXV0byIsImZsZXhpYmlsaXR5IjoiYXV0byIsImZsZXhpYmxlQ29ybmVyIjoiYXV0byIsImJlbmRpbmciOiJhdXRvIiwid2lkdGhUZXhlbHMiOiJhdXRvIiwiaGVpZ2h0VGV4ZWxzIjoiYXV0byIsIm1hc3MiOiJhdXRvIiwic2lkZSI6ImF1dG8iLCJzaGFwZSI6ImF1dG8ifSwicGFnZSI6eyJ3YXZlIjoiYXV0byIsImNvbG9yIjoiYXV0byIsImRlcHRoIjoiYXV0byIsInN0YXJ0VmVsb2NpdHkiOiJhdXRvIiwiZmxleGliaWxpdHkiOiJhdXRvIiwiZmxleGlibGVDb3JuZXIiOiJhdXRvIiwiYmVuZGluZyI6ImF1dG8iLCJ3aWR0aFRleGVscyI6ImF1dG8iLCJoZWlnaHRUZXhlbHMiOiJhdXRvIiwibWFzcyI6ImF1dG8iLCJzaWRlIjoiYXV0byIsInNoYXBlIjoiYXV0byJ9LCJoZWlnaHQiOiJhdXRvIiwid2lkdGgiOiJhdXRvIiwiZ3Jhdml0eSI6ImF1dG8iLCJwYWdlc0ZvclByZWRpY3RpbmciOiJhdXRvIn0sImNvbnRyb2xQcm9wcyI6eyJhY3Rpb25zIjp7ImNtZFRvYyI6eyJlbmFibGVkIjoiYXV0byIsImVuYWJsZWRJbk5hcnJvdyI6ImF1dG8iLCJhY3RpdmUiOiJhdXRvIiwiZGVmYXVsdFRhYiI6ImF1dG8ifSwiY21kQXV0b1BsYXkiOnsiZW5hYmxlZCI6ImF1dG8iLCJlbmFibGVkSW5OYXJyb3ciOiJhdXRvIiwiYWN0aXZlIjoiYXV0byJ9LCJjbWRTYXZlIjp7ImVuYWJsZWQiOiJhdXRvIiwiZW5hYmxlZEluTmFycm93IjoiYXV0byJ9LCJjbWRQcmludCI6eyJlbmFibGVkIjoiYXV0byIsImVuYWJsZWRJbk5hcnJvdyI6ImF1dG8ifSwiY21kU2luZ2xlUGFnZSI6eyJlbmFibGVkIjoiYXV0byIsImVuYWJsZWRJbk5hcnJvdyI6ImF1dG8iLCJhY3RpdmUiOiJhdXRvIiwiYWN0aXZlRm9yTW9iaWxlIjoiYXV0byJ9LCJ3aWRUb29sYmFyIjp7ImVuYWJsZWQiOiJhdXRvIiwiZW5hYmxlZEluTmFycm93IjoiYXV0byJ9fX0sImF1dG9UaHVtYm5haWwiOm51bGwsInBvc3RfbmFtZSI6ImEtbGhldXJlLWRlLWxhLWd1ZXJyZS1lbi11a3JhaW5lLXBldXQtb24tZW5jb3JlLXBhcmxlci1kZS1jb3VwbGUtZnJhbmNvLWFsbGVtYW5kIiwicG9zdF90eXBlIjoiM2QtZmxpcC1ib29rIn19LCJwYWdlcyI6W10sImZpcnN0UGFnZXMiOltdfQ==');window.FB3D_CLIENT_LOCALE && FB3D_CLIENT_LOCALE.render && FB3D_CLIENT_LOCALE.render();<\/script>\t\t\t\t\t\t\t\t<\/div>\n\t\t\t\t<\/div>\n\t\t\t\t\t<\/div>\n\t\t<\/div>\n\t\t\t\t\t<\/div>\n\t\t<\/section>\n\t\t\t\t<section data-particle_enable=\"false\" data-particle-mobile-disabled=\"false\" class=\"elementor-section elementor-top-section elementor-element elementor-element-40ebea7 elementor-section-boxed elementor-section-height-default elementor-section-height-default\" data-id=\"40ebea7\" data-element_type=\"section\" data-e-type=\"section\">\n\t\t\t\t\t\t<div class=\"elementor-container elementor-column-gap-default\">\n\t\t\t\t\t<div class=\"elementor-column elementor-col-100 elementor-top-column elementor-element elementor-element-d5a396a\" data-id=\"d5a396a\" data-element_type=\"column\" data-e-type=\"column\">\n\t\t\t<div class=\"elementor-widget-wrap elementor-element-populated\">\n\t\t\t\t\t\t<div class=\"elementor-element elementor-element-bddcd7b elementor-position-inline-end elementor-view-default elementor-mobile-position-block-start elementor-widget elementor-widget-icon-box\" data-id=\"bddcd7b\" data-element_type=\"widget\" data-e-type=\"widget\" data-widget_type=\"icon-box.default\">\n\t\t\t\t<div class=\"elementor-widget-container\">\n\t\t\t\t\t\t\t<div class=\"elementor-icon-box-wrapper\">\n\n\t\t\t\t\t\t<div class=\"elementor-icon-box-icon\">\n\t\t\t\t<a href=\"https:\/\/ihedn.fr\/wp-content\/uploads\/2023\/02\/A-lheure-de-la-guerre-en-Ukraine-peut-on-encore-parler-de-couple-franco-allemand_v3.pdf\" target=\"_blank\" class=\"elementor-icon\" tabindex=\"-1\" aria-label=\"Download the analysis note\">\n\t\t\t\t<svg aria-hidden=\"true\" class=\"e-font-icon-svg e-fas-file-download\" viewbox=\"0 0 384 512\" xmlns=\"http:\/\/www.w3.org\/2000\/svg\"><path d=\"M224 136V0H24C10.7 0 0 10.7 0 24v464c0 13.3 10.7 24 24 24h336c13.3 0 24-10.7 24-24V160H248c-13.2 0-24-10.8-24-24zm76.45 211.36l-96.42 95.7c-6.65 6.61-17.39 6.61-24.04 0l-96.42-95.7C73.42 337.29 80.54 320 94.82 320H160v-80c0-8.84 7.16-16 16-16h32c8.84 0 16 7.16 16 16v80h65.18c14.28 0 21.4 17.29 11.27 27.36zM377 105L279.1 7c-4.5-4.5-10.6-7-17-7H256v128h128v-6.1c0-6.3-2.5-12.4-7-16.9z\"><\/path><\/svg>\t\t\t\t<\/a>\n\t\t\t<\/div>\n\t\t\t\n\t\t\t\t\t\t<div class=\"elementor-icon-box-content\">\n\n\t\t\t\t\t\t\t\t\t<h3 class=\"elementor-icon-box-title\">\n\t\t\t\t\t\t<a href=\"https:\/\/ihedn.fr\/wp-content\/uploads\/2023\/02\/A-lheure-de-la-guerre-en-Ukraine-peut-on-encore-parler-de-couple-franco-allemand_v3.pdf\" target=\"_blank\" >\n\t\t\t\t\t\t\tDownload the analysis note\t\t\t\t\t\t<\/a>\n\t\t\t\t\t<\/h3>\n\t\t\t\t\n\t\t\t\t\n\t\t\t<\/div>\n\t\t\t\n\t\t<\/div>\n\t\t\t\t\t\t<\/div>\n\t\t\t\t<\/div>\n\t\t\t\t\t<\/div>\n\t\t<\/div>\n\t\t\t\t\t<\/div>\n\t\t<\/section>\n\t\t\t\t<\/div>","protected":false},"excerpt":{"rendered":"<p>To avoid the possibility of the end of the Franco-German relationship, the French and Germans must not take for granted the results achieved by the post-war generation, but continue to maintain and develop a relationship that is essential for both countries. This is what the IHEDN and its German counterpart, the <em>Bundesakademie f\u00fcr Sicherheit<\/em>.<\/p>","protected":false},"author":1,"featured_media":35297,"comment_status":"closed","ping_status":"closed","sticky":false,"template":"","format":"standard","meta":{"footnotes":""},"categories":[208,199,171,209],"tags":[],"class_list":["post-35293","post","type-post","status-publish","format-standard","has-post-thumbnail","hentry","category-defense-nationale","category-notes-danalyse","category-notre-selection","category-securite-internationale"],"yoast_head":"<!-- This site is optimized with the Yoast SEO plugin v27.5 - https:\/\/yoast.com\/product\/yoast-seo-wordpress\/ -->\n<title>A l\u2019heure de la guerre en Ukraine, peut-on encore parler de \u00ab couple franco-allemand \u00bb ? - L&#039;IHEDN : Institut des hautes \u00e9tudes de d\u00e9fense nationale<\/title>\n<meta name=\"description\" content=\"Pour \u00e9viter l\u2019hypoth\u00e8se d\u2019une fin du couple franco-allemand, Fran\u00e7ais et Allemands ne doivent tenir pour acquis les r\u00e9sultats obtenus par la g\u00e9n\u00e9ration qui a suivi la guerre mais continuer \u00e0 entretenir et d\u00e9velopper une relation essentielle pour les deux pays. C\u2019est ce \u00e0 quoi s\u2019emploient l\u2019IHEDN et son homologue allemand, la Bundesakademie f\u00fcr Sicherheit.\" \/>\n<meta name=\"robots\" content=\"index, follow, max-snippet:-1, max-image-preview:large, max-video-preview:-1\" \/>\n<link rel=\"canonical\" href=\"https:\/\/ihedn.fr\/en\/notre-selection\/a-lheure-de-la-guerre-en-ukraine-peut-on-encore-parler-de-couple-franco-allemand\/\" \/>\n<meta property=\"og:locale\" content=\"en_GB\" \/>\n<meta property=\"og:type\" content=\"article\" \/>\n<meta property=\"og:title\" content=\"A l\u2019heure de la guerre en Ukraine, peut-on encore parler de \u00ab couple franco-allemand \u00bb ?\" \/>\n<meta property=\"og:description\" content=\"Pour \u00e9viter l\u2019hypoth\u00e8se d\u2019une fin du couple franco-allemand, Fran\u00e7ais et Allemands ne doivent tenir pour acquis les r\u00e9sultats obtenus par la g\u00e9n\u00e9ration qui a suivi la guerre mais continuer \u00e0 entretenir et d\u00e9velopper une relation essentielle pour les deux pays. C\u2019est ce \u00e0 quoi s\u2019emploient l\u2019IHEDN et son homologue allemand, la Bundesakademie f\u00fcr Sicherheit.\" \/>\n<meta property=\"og:url\" content=\"https:\/\/ihedn.fr\/en\/notre-selection\/a-lheure-de-la-guerre-en-ukraine-peut-on-encore-parler-de-couple-franco-allemand\/\" \/>\n<meta property=\"og:site_name\" content=\"L&#039;IHEDN : Institut des hautes \u00e9tudes de d\u00e9fense nationale\" \/>\n<meta property=\"article:publisher\" content=\"https:\/\/www.facebook.com\/ihedn\/\" \/>\n<meta property=\"article:published_time\" content=\"2023-02-22T14:12:38+00:00\" \/>\n<meta property=\"article:modified_time\" content=\"2023-06-30T12:21:15+00:00\" \/>\n<meta property=\"og:image\" content=\"https:\/\/ihedn.fr\/wp-content\/uploads\/2023\/02\/IHEDN-Note-danalyse-n\u00b03.jpg\" \/>\n\t<meta property=\"og:image:width\" content=\"1511\" \/>\n\t<meta property=\"og:image:height\" content=\"850\" \/>\n\t<meta property=\"og:image:type\" content=\"image\/jpeg\" \/>\n<meta name=\"author\" content=\"dev\" \/>\n<meta name=\"twitter:card\" content=\"summary_large_image\" \/>\n<meta name=\"twitter:title\" content=\"A l\u2019heure de la guerre en Ukraine, peut-on encore parler de \u00ab couple franco-allemand \u00bb ?\" \/>\n<meta name=\"twitter:description\" content=\"Pour \u00e9viter l\u2019hypoth\u00e8se d\u2019une fin du couple franco-allemand, Fran\u00e7ais et Allemands ne doivent tenir pour acquis les r\u00e9sultats obtenus par la g\u00e9n\u00e9ration qui a suivi la guerre mais continuer \u00e0 entretenir et d\u00e9velopper une relation essentielle pour les deux pays. C\u2019est ce \u00e0 quoi s\u2019emploient l\u2019IHEDN et son homologue allemand, la Bundesakademie f\u00fcr Sicherheit.\" \/>\n<meta name=\"twitter:image\" content=\"https:\/\/ihedn.fr\/wp-content\/uploads\/2023\/02\/IHEDN-Note-danalyse-n\u00b03.jpg\" \/>\n<meta name=\"twitter:creator\" content=\"@IHEDN\" \/>\n<meta name=\"twitter:site\" content=\"@IHEDN\" \/>\n<meta name=\"twitter:label1\" content=\"Written by\" \/>\n\t<meta name=\"twitter:data1\" content=\"dev\" \/>\n\t<meta name=\"twitter:label2\" content=\"Estimated reading time\" \/>\n\t<meta name=\"twitter:data2\" content=\"1 minute\" \/>\n<script type=\"application\/ld+json\" class=\"yoast-schema-graph\">{\"@context\":\"https:\\\/\\\/schema.org\",\"@graph\":[{\"@type\":\"Article\",\"@id\":\"https:\\\/\\\/ihedn.fr\\\/notre-selection\\\/a-lheure-de-la-guerre-en-ukraine-peut-on-encore-parler-de-couple-franco-allemand\\\/#article\",\"isPartOf\":{\"@id\":\"https:\\\/\\\/ihedn.fr\\\/notre-selection\\\/a-lheure-de-la-guerre-en-ukraine-peut-on-encore-parler-de-couple-franco-allemand\\\/\"},\"author\":{\"name\":\"dev\",\"@id\":\"https:\\\/\\\/ihedn.fr\\\/#\\\/schema\\\/person\\\/7a40155595e4efb35323447cb8c8c5a4\"},\"headline\":\"A l\u2019heure de la guerre en Ukraine, peut-on encore parler de \u00ab couple franco-allemand \u00bb ?\",\"datePublished\":\"2023-02-22T14:12:38+00:00\",\"dateModified\":\"2023-06-30T12:21:15+00:00\",\"mainEntityOfPage\":{\"@id\":\"https:\\\/\\\/ihedn.fr\\\/notre-selection\\\/a-lheure-de-la-guerre-en-ukraine-peut-on-encore-parler-de-couple-franco-allemand\\\/\"},\"wordCount\":24,\"publisher\":{\"@id\":\"https:\\\/\\\/ihedn.fr\\\/#organization\"},\"image\":{\"@id\":\"https:\\\/\\\/ihedn.fr\\\/notre-selection\\\/a-lheure-de-la-guerre-en-ukraine-peut-on-encore-parler-de-couple-franco-allemand\\\/#primaryimage\"},\"thumbnailUrl\":\"https:\\\/\\\/ihedn.fr\\\/wp-content\\\/uploads\\\/2023\\\/02\\\/IHEDN-Note-danalyse-n\u00b03.jpg\",\"articleSection\":[\"d\u00e9fense nationale\",\"Notes d'analyse\",\"Notre s\u00e9lection\",\"s\u00e9curit\u00e9 internationale\"],\"inLanguage\":\"en-GB\"},{\"@type\":\"WebPage\",\"@id\":\"https:\\\/\\\/ihedn.fr\\\/notre-selection\\\/a-lheure-de-la-guerre-en-ukraine-peut-on-encore-parler-de-couple-franco-allemand\\\/\",\"url\":\"https:\\\/\\\/ihedn.fr\\\/notre-selection\\\/a-lheure-de-la-guerre-en-ukraine-peut-on-encore-parler-de-couple-franco-allemand\\\/\",\"name\":\"A l\u2019heure de la guerre en Ukraine, peut-on encore parler de \u00ab couple franco-allemand \u00bb ? - L&#039;IHEDN : Institut des hautes \u00e9tudes de d\u00e9fense nationale\",\"isPartOf\":{\"@id\":\"https:\\\/\\\/ihedn.fr\\\/#website\"},\"primaryImageOfPage\":{\"@id\":\"https:\\\/\\\/ihedn.fr\\\/notre-selection\\\/a-lheure-de-la-guerre-en-ukraine-peut-on-encore-parler-de-couple-franco-allemand\\\/#primaryimage\"},\"image\":{\"@id\":\"https:\\\/\\\/ihedn.fr\\\/notre-selection\\\/a-lheure-de-la-guerre-en-ukraine-peut-on-encore-parler-de-couple-franco-allemand\\\/#primaryimage\"},\"thumbnailUrl\":\"https:\\\/\\\/ihedn.fr\\\/wp-content\\\/uploads\\\/2023\\\/02\\\/IHEDN-Note-danalyse-n\u00b03.jpg\",\"datePublished\":\"2023-02-22T14:12:38+00:00\",\"dateModified\":\"2023-06-30T12:21:15+00:00\",\"description\":\"Pour \u00e9viter l\u2019hypoth\u00e8se d\u2019une fin du couple franco-allemand, Fran\u00e7ais et Allemands ne doivent tenir pour acquis les r\u00e9sultats obtenus par la g\u00e9n\u00e9ration qui a suivi la guerre mais continuer \u00e0 entretenir et d\u00e9velopper une relation essentielle pour les deux pays. C\u2019est ce \u00e0 quoi s\u2019emploient l\u2019IHEDN et son homologue allemand, la Bundesakademie f\u00fcr Sicherheit.\",\"breadcrumb\":{\"@id\":\"https:\\\/\\\/ihedn.fr\\\/notre-selection\\\/a-lheure-de-la-guerre-en-ukraine-peut-on-encore-parler-de-couple-franco-allemand\\\/#breadcrumb\"},\"inLanguage\":\"en-GB\",\"potentialAction\":[{\"@type\":\"ReadAction\",\"target\":[\"https:\\\/\\\/ihedn.fr\\\/notre-selection\\\/a-lheure-de-la-guerre-en-ukraine-peut-on-encore-parler-de-couple-franco-allemand\\\/\"]}]},{\"@type\":\"ImageObject\",\"inLanguage\":\"en-GB\",\"@id\":\"https:\\\/\\\/ihedn.fr\\\/notre-selection\\\/a-lheure-de-la-guerre-en-ukraine-peut-on-encore-parler-de-couple-franco-allemand\\\/#primaryimage\",\"url\":\"https:\\\/\\\/ihedn.fr\\\/wp-content\\\/uploads\\\/2023\\\/02\\\/IHEDN-Note-danalyse-n\u00b03.jpg\",\"contentUrl\":\"https:\\\/\\\/ihedn.fr\\\/wp-content\\\/uploads\\\/2023\\\/02\\\/IHEDN-Note-danalyse-n\u00b03.jpg\",\"width\":1511,\"height\":850,\"caption\":\"IHEDN-Note d'analyse n\u00b03 | Pour \u00e9viter l\u2019hypoth\u00e8se d\u2019une fin du couple franco-allemand, Fran\u00e7ais et Allemands ne doivent tenir pour acquis les r\u00e9sultats obtenus par la g\u00e9n\u00e9ration qui a suivi la guerre mais continuer \u00e0 entretenir et d\u00e9velopper une relation essentielle pour les deux pays. C\u2019est ce \u00e0 quoi s\u2019emploient l\u2019IHEDN et son homologue allemand, la Bundesakademie f\u00fcr Sicherheit.\"},{\"@type\":\"BreadcrumbList\",\"@id\":\"https:\\\/\\\/ihedn.fr\\\/notre-selection\\\/a-lheure-de-la-guerre-en-ukraine-peut-on-encore-parler-de-couple-franco-allemand\\\/#breadcrumb\",\"itemListElement\":[{\"@type\":\"ListItem\",\"position\":1,\"name\":\"Accueil\",\"item\":\"https:\\\/\\\/ihedn.fr\\\/\"},{\"@type\":\"ListItem\",\"position\":2,\"name\":\"A l\u2019heure de la guerre en Ukraine, peut-on encore parler de \u00ab couple franco-allemand \u00bb ?\"}]},{\"@type\":\"WebSite\",\"@id\":\"https:\\\/\\\/ihedn.fr\\\/#website\",\"url\":\"https:\\\/\\\/ihedn.fr\\\/\",\"name\":\"IHEDN : Institut des hautes \u00e9tudes de d\u00e9fense nationale |\",\"description\":\"Site officiel de l&#039;IHEDN plac\u00e9 sous la tutelle du Premier ministre.\",\"publisher\":{\"@id\":\"https:\\\/\\\/ihedn.fr\\\/#organization\"},\"potentialAction\":[{\"@type\":\"SearchAction\",\"target\":{\"@type\":\"EntryPoint\",\"urlTemplate\":\"https:\\\/\\\/ihedn.fr\\\/?s={search_term_string}\"},\"query-input\":{\"@type\":\"PropertyValueSpecification\",\"valueRequired\":true,\"valueName\":\"search_term_string\"}}],\"inLanguage\":\"en-GB\"},{\"@type\":\"Organization\",\"@id\":\"https:\\\/\\\/ihedn.fr\\\/#organization\",\"name\":\"IHEDN - Institut des Hautes Etudes de D\u00e9fense Nationale\",\"url\":\"https:\\\/\\\/ihedn.fr\\\/\",\"logo\":{\"@type\":\"ImageObject\",\"inLanguage\":\"en-GB\",\"@id\":\"https:\\\/\\\/ihedn.fr\\\/#\\\/schema\\\/logo\\\/image\\\/\",\"url\":\"https:\\\/\\\/ihedn.fr\\\/wp-content\\\/uploads\\\/2020\\\/11\\\/BLOC_RF_IHEDN_WEB.png\",\"contentUrl\":\"https:\\\/\\\/ihedn.fr\\\/wp-content\\\/uploads\\\/2020\\\/11\\\/BLOC_RF_IHEDN_WEB.png\",\"width\":500,\"height\":237,\"caption\":\"IHEDN - Institut des Hautes Etudes de D\u00e9fense Nationale\"},\"image\":{\"@id\":\"https:\\\/\\\/ihedn.fr\\\/#\\\/schema\\\/logo\\\/image\\\/\"},\"sameAs\":[\"https:\\\/\\\/www.facebook.com\\\/ihedn\\\/\",\"https:\\\/\\\/x.com\\\/IHEDN\",\"https:\\\/\\\/www.instagram.com\\\/ihedn\\\/\",\"https:\\\/\\\/www.linkedin.com\\\/school\\\/ihedn\\\/\",\"https:\\\/\\\/fr.wikipedia.org\\\/wiki\\\/Institut_des_hautes_\u00e9tudes_de_D\u00e9fense_nationale\"]},{\"@type\":\"Person\",\"@id\":\"https:\\\/\\\/ihedn.fr\\\/#\\\/schema\\\/person\\\/7a40155595e4efb35323447cb8c8c5a4\",\"name\":\"dev\",\"image\":{\"@type\":\"ImageObject\",\"inLanguage\":\"en-GB\",\"@id\":\"https:\\\/\\\/secure.gravatar.com\\\/avatar\\\/f1ffcac9ca2fa95ad3ec33e9be3ade82f752acb0cabe541e56c5889225afa88a?s=96&d=mm&r=g\",\"url\":\"https:\\\/\\\/secure.gravatar.com\\\/avatar\\\/f1ffcac9ca2fa95ad3ec33e9be3ade82f752acb0cabe541e56c5889225afa88a?s=96&d=mm&r=g\",\"contentUrl\":\"https:\\\/\\\/secure.gravatar.com\\\/avatar\\\/f1ffcac9ca2fa95ad3ec33e9be3ade82f752acb0cabe541e56c5889225afa88a?s=96&d=mm&r=g\",\"caption\":\"dev\"},\"sameAs\":[\"https:\\\/\\\/ihedn.concilium.click\"],\"url\":\"https:\\\/\\\/ihedn.fr\\\/en\\\/author\\\/dev\\\/\"}]}<\/script>\n<!-- \/ Yoast SEO plugin. -->","yoast_head_json":{"title":"At a time of war in Ukraine, can we still speak of a \"Franco-German couple\"? - IHEDN: Institute for Advanced National Defence Studies","description":"To avoid the possibility of the end of the Franco-German relationship, the French and Germans must not take for granted the results achieved by the post-war generation, but continue to maintain and develop a relationship that is essential for both countries. This is what the IHEDN and its German counterpart, the Bundesakademie f\u00fcr Sicherheit, are working towards.","robots":{"index":"index","follow":"follow","max-snippet":"max-snippet:-1","max-image-preview":"max-image-preview:large","max-video-preview":"max-video-preview:-1"},"canonical":"https:\/\/ihedn.fr\/en\/notre-selection\/a-lheure-de-la-guerre-en-ukraine-peut-on-encore-parler-de-couple-franco-allemand\/","og_locale":"en_GB","og_type":"article","og_title":"A l\u2019heure de la guerre en Ukraine, peut-on encore parler de \u00ab couple franco-allemand \u00bb ?","og_description":"Pour \u00e9viter l\u2019hypoth\u00e8se d\u2019une fin du couple franco-allemand, Fran\u00e7ais et Allemands ne doivent tenir pour acquis les r\u00e9sultats obtenus par la g\u00e9n\u00e9ration qui a suivi la guerre mais continuer \u00e0 entretenir et d\u00e9velopper une relation essentielle pour les deux pays. C\u2019est ce \u00e0 quoi s\u2019emploient l\u2019IHEDN et son homologue allemand, la Bundesakademie f\u00fcr Sicherheit.","og_url":"https:\/\/ihedn.fr\/en\/notre-selection\/a-lheure-de-la-guerre-en-ukraine-peut-on-encore-parler-de-couple-franco-allemand\/","og_site_name":"L&#039;IHEDN : Institut des hautes \u00e9tudes de d\u00e9fense nationale","article_publisher":"https:\/\/www.facebook.com\/ihedn\/","article_published_time":"2023-02-22T14:12:38+00:00","article_modified_time":"2023-06-30T12:21:15+00:00","og_image":[{"width":1511,"height":850,"url":"https:\/\/ihedn.fr\/wp-content\/uploads\/2023\/02\/IHEDN-Note-danalyse-n\u00b03.jpg","type":"image\/jpeg"}],"author":"dev","twitter_card":"summary_large_image","twitter_title":"A l\u2019heure de la guerre en Ukraine, peut-on encore parler de \u00ab couple franco-allemand \u00bb ?","twitter_description":"Pour \u00e9viter l\u2019hypoth\u00e8se d\u2019une fin du couple franco-allemand, Fran\u00e7ais et Allemands ne doivent tenir pour acquis les r\u00e9sultats obtenus par la g\u00e9n\u00e9ration qui a suivi la guerre mais continuer \u00e0 entretenir et d\u00e9velopper une relation essentielle pour les deux pays. C\u2019est ce \u00e0 quoi s\u2019emploient l\u2019IHEDN et son homologue allemand, la Bundesakademie f\u00fcr Sicherheit.","twitter_image":"https:\/\/ihedn.fr\/wp-content\/uploads\/2023\/02\/IHEDN-Note-danalyse-n\u00b03.jpg","twitter_creator":"@IHEDN","twitter_site":"@IHEDN","twitter_misc":{"Written by":"dev","Estimated reading time":"1 minute"},"schema":{"@context":"https:\/\/schema.org","@graph":[{"@type":"Article","@id":"https:\/\/ihedn.fr\/notre-selection\/a-lheure-de-la-guerre-en-ukraine-peut-on-encore-parler-de-couple-franco-allemand\/#article","isPartOf":{"@id":"https:\/\/ihedn.fr\/notre-selection\/a-lheure-de-la-guerre-en-ukraine-peut-on-encore-parler-de-couple-franco-allemand\/"},"author":{"name":"dev","@id":"https:\/\/ihedn.fr\/#\/schema\/person\/7a40155595e4efb35323447cb8c8c5a4"},"headline":"A l\u2019heure de la guerre en Ukraine, peut-on encore parler de \u00ab couple franco-allemand \u00bb ?","datePublished":"2023-02-22T14:12:38+00:00","dateModified":"2023-06-30T12:21:15+00:00","mainEntityOfPage":{"@id":"https:\/\/ihedn.fr\/notre-selection\/a-lheure-de-la-guerre-en-ukraine-peut-on-encore-parler-de-couple-franco-allemand\/"},"wordCount":24,"publisher":{"@id":"https:\/\/ihedn.fr\/#organization"},"image":{"@id":"https:\/\/ihedn.fr\/notre-selection\/a-lheure-de-la-guerre-en-ukraine-peut-on-encore-parler-de-couple-franco-allemand\/#primaryimage"},"thumbnailUrl":"https:\/\/ihedn.fr\/wp-content\/uploads\/2023\/02\/IHEDN-Note-danalyse-n\u00b03.jpg","articleSection":["d\u00e9fense nationale","Notes d'analyse","Notre s\u00e9lection","s\u00e9curit\u00e9 internationale"],"inLanguage":"en-GB"},{"@type":"WebPage","@id":"https:\/\/ihedn.fr\/notre-selection\/a-lheure-de-la-guerre-en-ukraine-peut-on-encore-parler-de-couple-franco-allemand\/","url":"https:\/\/ihedn.fr\/notre-selection\/a-lheure-de-la-guerre-en-ukraine-peut-on-encore-parler-de-couple-franco-allemand\/","name":"At a time of war in Ukraine, can we still speak of a \"Franco-German couple\"? - IHEDN: Institute for Advanced National Defence Studies","isPartOf":{"@id":"https:\/\/ihedn.fr\/#website"},"primaryImageOfPage":{"@id":"https:\/\/ihedn.fr\/notre-selection\/a-lheure-de-la-guerre-en-ukraine-peut-on-encore-parler-de-couple-franco-allemand\/#primaryimage"},"image":{"@id":"https:\/\/ihedn.fr\/notre-selection\/a-lheure-de-la-guerre-en-ukraine-peut-on-encore-parler-de-couple-franco-allemand\/#primaryimage"},"thumbnailUrl":"https:\/\/ihedn.fr\/wp-content\/uploads\/2023\/02\/IHEDN-Note-danalyse-n\u00b03.jpg","datePublished":"2023-02-22T14:12:38+00:00","dateModified":"2023-06-30T12:21:15+00:00","description":"To avoid the possibility of the end of the Franco-German relationship, the French and Germans must not take for granted the results achieved by the post-war generation, but continue to maintain and develop a relationship that is essential for both countries. This is what the IHEDN and its German counterpart, the Bundesakademie f\u00fcr Sicherheit, are working towards.","breadcrumb":{"@id":"https:\/\/ihedn.fr\/notre-selection\/a-lheure-de-la-guerre-en-ukraine-peut-on-encore-parler-de-couple-franco-allemand\/#breadcrumb"},"inLanguage":"en-GB","potentialAction":[{"@type":"ReadAction","target":["https:\/\/ihedn.fr\/notre-selection\/a-lheure-de-la-guerre-en-ukraine-peut-on-encore-parler-de-couple-franco-allemand\/"]}]},{"@type":"ImageObject","inLanguage":"en-GB","@id":"https:\/\/ihedn.fr\/notre-selection\/a-lheure-de-la-guerre-en-ukraine-peut-on-encore-parler-de-couple-franco-allemand\/#primaryimage","url":"https:\/\/ihedn.fr\/wp-content\/uploads\/2023\/02\/IHEDN-Note-danalyse-n\u00b03.jpg","contentUrl":"https:\/\/ihedn.fr\/wp-content\/uploads\/2023\/02\/IHEDN-Note-danalyse-n\u00b03.jpg","width":1511,"height":850,"caption":"IHEDN-Note d'analyse n\u00b03 | Pour \u00e9viter l\u2019hypoth\u00e8se d\u2019une fin du couple franco-allemand, Fran\u00e7ais et Allemands ne doivent tenir pour acquis les r\u00e9sultats obtenus par la g\u00e9n\u00e9ration qui a suivi la guerre mais continuer \u00e0 entretenir et d\u00e9velopper une relation essentielle pour les deux pays. C\u2019est ce \u00e0 quoi s\u2019emploient l\u2019IHEDN et son homologue allemand, la Bundesakademie f\u00fcr Sicherheit."},{"@type":"BreadcrumbList","@id":"https:\/\/ihedn.fr\/notre-selection\/a-lheure-de-la-guerre-en-ukraine-peut-on-encore-parler-de-couple-franco-allemand\/#breadcrumb","itemListElement":[{"@type":"ListItem","position":1,"name":"Accueil","item":"https:\/\/ihedn.fr\/"},{"@type":"ListItem","position":2,"name":"A l\u2019heure de la guerre en Ukraine, peut-on encore parler de \u00ab couple franco-allemand \u00bb ?"}]},{"@type":"WebSite","@id":"https:\/\/ihedn.fr\/#website","url":"https:\/\/ihedn.fr\/","name":"IHEDN: Institut des hautes \u00e9tudes de d\u00e9fense nationale (Institute for Higher National Defence Studies)","description":"Official website of the IHEDN under the supervision of the Prime Minister.","publisher":{"@id":"https:\/\/ihedn.fr\/#organization"},"potentialAction":[{"@type":"SearchAction","target":{"@type":"EntryPoint","urlTemplate":"https:\/\/ihedn.fr\/?s={search_term_string}"},"query-input":{"@type":"PropertyValueSpecification","valueRequired":true,"valueName":"search_term_string"}}],"inLanguage":"en-GB"},{"@type":"Organization","@id":"https:\/\/ihedn.fr\/#organization","name":"IHEDN - Institute for Higher National Defence Studies","url":"https:\/\/ihedn.fr\/","logo":{"@type":"ImageObject","inLanguage":"en-GB","@id":"https:\/\/ihedn.fr\/#\/schema\/logo\/image\/","url":"https:\/\/ihedn.fr\/wp-content\/uploads\/2020\/11\/BLOC_RF_IHEDN_WEB.png","contentUrl":"https:\/\/ihedn.fr\/wp-content\/uploads\/2020\/11\/BLOC_RF_IHEDN_WEB.png","width":500,"height":237,"caption":"IHEDN - Institut des Hautes Etudes de D\u00e9fense Nationale"},"image":{"@id":"https:\/\/ihedn.fr\/#\/schema\/logo\/image\/"},"sameAs":["https:\/\/www.facebook.com\/ihedn\/","https:\/\/x.com\/IHEDN","https:\/\/www.instagram.com\/ihedn\/","https:\/\/www.linkedin.com\/school\/ihedn\/","https:\/\/fr.wikipedia.org\/wiki\/Institut_des_hautes_\u00e9tudes_de_D\u00e9fense_nationale"]},{"@type":"Person","@id":"https:\/\/ihedn.fr\/#\/schema\/person\/7a40155595e4efb35323447cb8c8c5a4","name":"dev","image":{"@type":"ImageObject","inLanguage":"en-GB","@id":"https:\/\/secure.gravatar.com\/avatar\/f1ffcac9ca2fa95ad3ec33e9be3ade82f752acb0cabe541e56c5889225afa88a?s=96&d=mm&r=g","url":"https:\/\/secure.gravatar.com\/avatar\/f1ffcac9ca2fa95ad3ec33e9be3ade82f752acb0cabe541e56c5889225afa88a?s=96&d=mm&r=g","contentUrl":"https:\/\/secure.gravatar.com\/avatar\/f1ffcac9ca2fa95ad3ec33e9be3ade82f752acb0cabe541e56c5889225afa88a?s=96&d=mm&r=g","caption":"dev"},"sameAs":["https:\/\/ihedn.concilium.click"],"url":"https:\/\/ihedn.fr\/en\/author\/dev\/"}]}},"publishpress_future_action":{"enabled":false,"date":"2026-05-08 09:59:40","action":"change-status","newStatus":"draft","terms":[],"taxonomy":"category","extraData":[]},"publishpress_future_workflow_manual_trigger":{"enabledWorkflows":[]},"_links":{"self":[{"href":"https:\/\/ihedn.fr\/en\/wp-json\/wp\/v2\/posts\/35293","targetHints":{"allow":["GET"]}}],"collection":[{"href":"https:\/\/ihedn.fr\/en\/wp-json\/wp\/v2\/posts"}],"about":[{"href":"https:\/\/ihedn.fr\/en\/wp-json\/wp\/v2\/types\/post"}],"author":[{"embeddable":true,"href":"https:\/\/ihedn.fr\/en\/wp-json\/wp\/v2\/users\/1"}],"replies":[{"embeddable":true,"href":"https:\/\/ihedn.fr\/en\/wp-json\/wp\/v2\/comments?post=35293"}],"version-history":[{"count":41,"href":"https:\/\/ihedn.fr\/en\/wp-json\/wp\/v2\/posts\/35293\/revisions"}],"predecessor-version":[{"id":35368,"href":"https:\/\/ihedn.fr\/en\/wp-json\/wp\/v2\/posts\/35293\/revisions\/35368"}],"wp:featuredmedia":[{"embeddable":true,"href":"https:\/\/ihedn.fr\/en\/wp-json\/wp\/v2\/media\/35297"}],"wp:attachment":[{"href":"https:\/\/ihedn.fr\/en\/wp-json\/wp\/v2\/media?parent=35293"}],"wp:term":[{"taxonomy":"category","embeddable":true,"href":"https:\/\/ihedn.fr\/en\/wp-json\/wp\/v2\/categories?post=35293"},{"taxonomy":"post_tag","embeddable":true,"href":"https:\/\/ihedn.fr\/en\/wp-json\/wp\/v2\/tags?post=35293"}],"curies":[{"name":"wp","href":"https:\/\/api.w.org\/{rel}","templated":true}]}}