{"id":35465,"date":"2023-02-28T12:24:05","date_gmt":"2023-02-28T11:24:05","guid":{"rendered":"https:\/\/ihedn.fr\/?p=35465"},"modified":"2023-12-22T09:59:13","modified_gmt":"2023-12-22T08:59:13","slug":"guerre-en-ukraine-un-an-denseignements-strategiques","status":"publish","type":"post","link":"https:\/\/ihedn.fr\/en\/notre-selection\/guerre-en-ukraine-un-an-denseignements-strategiques\/","title":{"rendered":"War in Ukraine: a year of strategic lessons"},"content":{"rendered":"<div data-elementor-type=\"wp-post\" data-elementor-id=\"35465\" class=\"elementor elementor-35465\" data-elementor-post-type=\"post\">\n\t\t\t\t\t\t<section data-particle_enable=\"false\" data-particle-mobile-disabled=\"false\" class=\"elementor-section elementor-top-section elementor-element elementor-element-a9aca10 elementor-section-boxed elementor-section-height-default elementor-section-height-default\" data-id=\"a9aca10\" data-element_type=\"section\" data-e-type=\"section\">\n\t\t\t\t\t\t<div class=\"elementor-container elementor-column-gap-default\">\n\t\t\t\t\t<div class=\"elementor-column elementor-col-100 elementor-top-column elementor-element elementor-element-b7b8637\" data-id=\"b7b8637\" data-element_type=\"column\" data-e-type=\"column\">\n\t\t\t<div class=\"elementor-widget-wrap elementor-element-populated\">\n\t\t\t\t\t\t<div class=\"elementor-element elementor-element-a53dba3 elementor-widget elementor-widget-text-editor\" data-id=\"a53dba3\" data-element_type=\"widget\" data-e-type=\"widget\" data-widget_type=\"text-editor.default\">\n\t\t\t\t<div class=\"elementor-widget-container\">\n\t\t\t\t\t\t\t\t\t<p><em>\"War in Ukraine: one year on, what lessons can we learn?\"<\/em> This was the title of the conference organised on 16 February at the \u00c9cole Militaire by several organisations, including the IHEDN and the IRSEM.<a href=\"https:\/\/ihedn.fr\/en\/2023\/02\/17\/le-gca-durieux-il-faut-reflechir-a-la-guerre-en-ukraine\/\"> Opened by Lieutenant General Beno\u00eet Durieux<\/a>Thierry Burkhard, Chief of Staff of the French Armed Forces, brought together specialists from a wide range of civilian and military disciplines, researchers, doctors and officers from the three services, who shared their analyses of the lessons to be learned from the conflict.<\/p>\t\t\t\t\t\t\t\t<\/div>\n\t\t\t\t<\/div>\n\t\t\t\t\t<\/div>\n\t\t<\/div>\n\t\t\t\t\t<\/div>\n\t\t<\/section>\n\t\t\t\t<section data-particle_enable=\"false\" data-particle-mobile-disabled=\"false\" class=\"elementor-section elementor-top-section elementor-element elementor-element-0ffd42a elementor-hidden-desktop elementor-hidden-tablet elementor-hidden-mobile elementor-section-boxed elementor-section-height-default elementor-section-height-default\" data-id=\"0ffd42a\" data-element_type=\"section\" data-e-type=\"section\">\n\t\t\t\t\t\t<div class=\"elementor-container elementor-column-gap-default\">\n\t\t\t\t\t<div class=\"elementor-column elementor-col-100 elementor-top-column elementor-element elementor-element-d1ba389\" data-id=\"d1ba389\" data-element_type=\"column\" data-e-type=\"column\">\n\t\t\t<div class=\"elementor-widget-wrap elementor-element-populated\">\n\t\t\t\t\t\t<div class=\"elementor-element elementor-element-fe735c4 elementor-widget elementor-widget-text-editor\" data-id=\"fe735c4\" data-element_type=\"widget\" data-e-type=\"widget\" data-widget_type=\"text-editor.default\">\n\t\t\t\t<div class=\"elementor-widget-container\">\n\t\t\t\t\t\t\t\t\t<p>Here is a selection of\u00a0<a href=\"https:\/\/www.youtube.com\/playlist?list=PLtOyR1zqP2v5Ovi2OxgBT3w6qOpaBaQTC\">rich, dense material<\/a>Here are some of the key points raised by five speakers over the course of the day.<\/p>\t\t\t\t\t\t\t\t<\/div>\n\t\t\t\t<\/div>\n\t\t\t\t\t<\/div>\n\t\t<\/div>\n\t\t\t\t\t<\/div>\n\t\t<\/section>\n\t\t\t\t<section data-particle_enable=\"false\" data-particle-mobile-disabled=\"false\" class=\"elementor-section elementor-top-section elementor-element elementor-element-47fc9ae elementor-section-boxed elementor-section-height-default elementor-section-height-default\" data-id=\"47fc9ae\" data-element_type=\"section\" data-e-type=\"section\">\n\t\t\t\t\t\t<div class=\"elementor-container elementor-column-gap-default\">\n\t\t\t\t\t<div class=\"elementor-column elementor-col-100 elementor-top-column elementor-element elementor-element-7607956\" data-id=\"7607956\" data-element_type=\"column\" data-e-type=\"column\">\n\t\t\t<div class=\"elementor-widget-wrap elementor-element-populated\">\n\t\t\t\t\t\t<div class=\"elementor-element elementor-element-84268e4 elementor-grid-1 e-transform elementor-posts--thumbnail-left elementor-grid-tablet-2 elementor-grid-mobile-1 load-more-align-center elementor-widget elementor-widget-posts\" data-id=\"84268e4\" data-element_type=\"widget\" data-e-type=\"widget\" data-settings=\"{&quot;classic_columns&quot;:&quot;1&quot;,&quot;_transform_translateY_effect_hover&quot;:{&quot;unit&quot;:&quot;px&quot;,&quot;size&quot;:0,&quot;sizes&quot;:[]},&quot;pagination_type&quot;:&quot;load_more_on_click&quot;,&quot;classic_columns_tablet&quot;:&quot;2&quot;,&quot;classic_columns_mobile&quot;:&quot;1&quot;,&quot;classic_row_gap&quot;:{&quot;unit&quot;:&quot;px&quot;,&quot;size&quot;:35,&quot;sizes&quot;:[]},&quot;classic_row_gap_tablet&quot;:{&quot;unit&quot;:&quot;px&quot;,&quot;size&quot;:&quot;&quot;,&quot;sizes&quot;:[]},&quot;classic_row_gap_mobile&quot;:{&quot;unit&quot;:&quot;px&quot;,&quot;size&quot;:&quot;&quot;,&quot;sizes&quot;:[]},&quot;load_more_spinner&quot;:{&quot;value&quot;:&quot;fas fa-spinner&quot;,&quot;library&quot;:&quot;fa-solid&quot;},&quot;_transform_translateX_effect_hover&quot;:{&quot;unit&quot;:&quot;px&quot;,&quot;size&quot;:&quot;&quot;,&quot;sizes&quot;:[]},&quot;_transform_translateX_effect_hover_tablet&quot;:{&quot;unit&quot;:&quot;px&quot;,&quot;size&quot;:&quot;&quot;,&quot;sizes&quot;:[]},&quot;_transform_translateX_effect_hover_mobile&quot;:{&quot;unit&quot;:&quot;px&quot;,&quot;size&quot;:&quot;&quot;,&quot;sizes&quot;:[]},&quot;_transform_translateY_effect_hover_tablet&quot;:{&quot;unit&quot;:&quot;px&quot;,&quot;size&quot;:&quot;&quot;,&quot;sizes&quot;:[]},&quot;_transform_translateY_effect_hover_mobile&quot;:{&quot;unit&quot;:&quot;px&quot;,&quot;size&quot;:&quot;&quot;,&quot;sizes&quot;:[]}}\" data-widget_type=\"posts.classic\">\n\t\t\t\t<div class=\"elementor-widget-container\">\n\t\t\t\t\t\t\t<div class=\"elementor-posts-container elementor-posts elementor-posts--skin-classic elementor-grid\" role=\"list\">\n\t\t\t\t<article class=\"elementor-post elementor-grid-item post-59730 post type-post status-publish format-standard has-post-thumbnail hentry category-lundis-de-lihedn category-notre-selection\" role=\"listitem\">\n\t\t\t\t<a class=\"elementor-post__thumbnail__link\" href=\"https:\/\/ihedn.fr\/en\/lundis-de-lihedn\/la-formation-a-larmement-une-contribution-strategique-de-lihedn\/\" tabindex=\"-1\" >\n\t\t\t<div class=\"elementor-post__thumbnail\"><img fetchpriority=\"high\" decoding=\"async\" width=\"1920\" height=\"1280\" src=\"https:\/\/ihedn.fr\/wp-content\/uploads\/2026\/04\/DSC_5511.jpg\" class=\"attachment-full size-full wp-image-59742\" alt=\"\" srcset=\"https:\/\/ihedn.fr\/wp-content\/uploads\/2026\/04\/DSC_5511.jpg 1920w, https:\/\/ihedn.fr\/wp-content\/uploads\/2026\/04\/DSC_5511-1536x1024.jpg 1536w, https:\/\/ihedn.fr\/wp-content\/uploads\/2026\/04\/DSC_5511-18x12.jpg 18w\" sizes=\"(max-width: 1920px) 100vw, 1920px\" \/><\/div>\n\t\t<\/a>\n\t\t\t\t<div class=\"elementor-post__text\">\n\t\t\t\t<h3 class=\"elementor-post__title\">\n\t\t\t<a href=\"https:\/\/ihedn.fr\/en\/lundis-de-lihedn\/la-formation-a-larmement-une-contribution-strategique-de-lihedn\/\" >\n\t\t\t\tArmaments training, a strategic contribution from IHEDN\t\t\t<\/a>\n\t\t<\/h3>\n\t\t\t\t<div class=\"elementor-post__meta-data\">\n\t\t\t\t\t<span class=\"elementor-post-date\">\n\t\t\t24 April 2026\t\t<\/span>\n\t\t\t\t<\/div>\n\t\t\t\t<div class=\"elementor-post__excerpt\">\n\t\t\t<p>To mark the Institute's 90th anniversary and the 19th Entretiens Armement &amp; Souverainet\u00e9, we focus on one of the major themes of the national session: Armaments and the Defence Economy. Bringing together engineers, officers, business executives and legal experts, it covers all aspects of this field, providing a crucial forum for sharing views in the context of high-intensity warfare.<\/p>\n\t\t<\/div>\n\t\t\n\t\t<a class=\"elementor-post__read-more\" href=\"https:\/\/ihedn.fr\/en\/lundis-de-lihedn\/la-formation-a-larmement-une-contribution-strategique-de-lihedn\/\" aria-label=\"Read more about La formation \u00e0 l\u2019armement, une contribution strat\u00e9gique de l&rsquo;IHEDN\" tabindex=\"-1\" >\n\t\t\tRead more \"\t\t<\/a>\n\n\t\t\t\t<\/div>\n\t\t\t\t<\/article>\n\t\t\t\t<article class=\"elementor-post elementor-grid-item post-59679 post type-post status-publish format-standard has-post-thumbnail hentry category-lundis-de-lihedn category-notre-selection\" role=\"listitem\">\n\t\t\t\t<a class=\"elementor-post__thumbnail__link\" href=\"https:\/\/ihedn.fr\/en\/lundis-de-lihedn\/europe-otan-ministeres-comment-le-service-de-sante-des-armees-anticipe-un-eventuel-conflit\/\" tabindex=\"-1\" >\n\t\t\t<div class=\"elementor-post__thumbnail\"><img decoding=\"async\" width=\"1920\" height=\"1080\" src=\"https:\/\/ihedn.fr\/wp-content\/uploads\/2026\/04\/BANDEAU_LIH_SSA.jpg\" class=\"attachment-full size-full wp-image-59681\" alt=\"Europe, OTAN, minist\u00e8res : comment le Service de sant\u00e9 des arm\u00e9es anticipe un \u00e9ventuel conflit\" srcset=\"https:\/\/ihedn.fr\/wp-content\/uploads\/2026\/04\/BANDEAU_LIH_SSA.jpg 1920w, https:\/\/ihedn.fr\/wp-content\/uploads\/2026\/04\/BANDEAU_LIH_SSA-1536x864.jpg 1536w, https:\/\/ihedn.fr\/wp-content\/uploads\/2026\/04\/BANDEAU_LIH_SSA-18x10.jpg 18w\" sizes=\"(max-width: 1920px) 100vw, 1920px\" \/><\/div>\n\t\t<\/a>\n\t\t\t\t<div class=\"elementor-post__text\">\n\t\t\t\t<h3 class=\"elementor-post__title\">\n\t\t\t<a href=\"https:\/\/ihedn.fr\/en\/lundis-de-lihedn\/europe-otan-ministeres-comment-le-service-de-sante-des-armees-anticipe-un-eventuel-conflit\/\" >\n\t\t\t\tEurope, NATO, ministries: how the armed forces health service anticipates a possible conflict\t\t\t<\/a>\n\t\t<\/h3>\n\t\t\t\t<div class=\"elementor-post__meta-data\">\n\t\t\t\t\t<span class=\"elementor-post-date\">\n\t\t\t17 April 2026\t\t<\/span>\n\t\t\t\t<\/div>\n\t\t\t\t<div class=\"elementor-post__excerpt\">\n\t\t\t<p>How can we prepare for what the military call a \u00abmajor engagement scenario\u00bb? The field of health is a good example of this: in recent years, the French armed forces' dedicated service has been stepping up cooperation at national, European and international interdepartmental levels. Focus on a resilience project.<\/p>\n\t\t<\/div>\n\t\t\n\t\t<a class=\"elementor-post__read-more\" href=\"https:\/\/ihedn.fr\/en\/lundis-de-lihedn\/europe-otan-ministeres-comment-le-service-de-sante-des-armees-anticipe-un-eventuel-conflit\/\" aria-label=\"Read more about Europe, NATO, ministries: how the Army Medical Corps anticipates a possible conflict\" tabindex=\"-1\" >\n\t\t\tRead more \"\t\t<\/a>\n\n\t\t\t\t<\/div>\n\t\t\t\t<\/article>\n\t\t\t\t<article class=\"elementor-post elementor-grid-item post-59626 post type-post status-publish format-standard has-post-thumbnail hentry category-notre-actualite\" role=\"listitem\">\n\t\t\t\t<a class=\"elementor-post__thumbnail__link\" href=\"https:\/\/ihedn.fr\/en\/notre-actualite\/renforcer-lesprit-de-defense-dans-lenseignement-superieur-francilien\/\" tabindex=\"-1\" >\n\t\t\t<div class=\"elementor-post__thumbnail\"><img decoding=\"async\" width=\"1920\" height=\"1280\" src=\"https:\/\/ihedn.fr\/wp-content\/uploads\/2026\/04\/20260104_GMP_E135_001_010.jpg.jpeg\" class=\"attachment-full size-full wp-image-59628\" alt=\"\" srcset=\"https:\/\/ihedn.fr\/wp-content\/uploads\/2026\/04\/20260104_GMP_E135_001_010.jpg.jpeg 1920w, https:\/\/ihedn.fr\/wp-content\/uploads\/2026\/04\/20260104_GMP_E135_001_010.jpg-1536x1024.jpeg 1536w, https:\/\/ihedn.fr\/wp-content\/uploads\/2026\/04\/20260104_GMP_E135_001_010.jpg-18x12.jpeg 18w\" sizes=\"(max-width: 1920px) 100vw, 1920px\" \/><\/div>\n\t\t<\/a>\n\t\t\t\t<div class=\"elementor-post__text\">\n\t\t\t\t<h3 class=\"elementor-post__title\">\n\t\t\t<a href=\"https:\/\/ihedn.fr\/en\/notre-actualite\/renforcer-lesprit-de-defense-dans-lenseignement-superieur-francilien\/\" >\n\t\t\t\tReinforcing the spirit of defence in higher education in the Paris region\t\t\t<\/a>\n\t\t<\/h3>\n\t\t\t\t<div class=\"elementor-post__meta-data\">\n\t\t\t\t\t<span class=\"elementor-post-date\">\n\t\t\t14 April 2026\t\t<\/span>\n\t\t\t\t<\/div>\n\t\t\t\t<div class=\"elementor-post__excerpt\">\n\t\t\t<p>The Institut des Hautes \u00c9tudes de D\u00e9fense Nationale, the \u00cele-de-France Academic Region and the Paris Defence and Security Zone have signed an ambitious partnership agreement to develop the spirit and culture of defence among students in the \u00cele-de-France region. A joint commitment to forge lasting links between academia, the armed forces and young people.<\/p>\n\t\t<\/div>\n\t\t\n\t\t<a class=\"elementor-post__read-more\" href=\"https:\/\/ihedn.fr\/en\/notre-actualite\/renforcer-lesprit-de-defense-dans-lenseignement-superieur-francilien\/\" aria-label=\"Read more about Renforcer l\u2019esprit de d\u00e9fense dans l\u2019enseignement sup\u00e9rieur francilien\" tabindex=\"-1\" >\n\t\t\tRead more \"\t\t<\/a>\n\n\t\t\t\t<\/div>\n\t\t\t\t<\/article>\n\t\t\t\t<article class=\"elementor-post elementor-grid-item post-59595 post type-post status-publish format-standard has-post-thumbnail hentry category-notre-actualite\" role=\"listitem\">\n\t\t\t\t<a class=\"elementor-post__thumbnail__link\" href=\"https:\/\/ihedn.fr\/en\/notre-actualite\/un-nouveau-partenariat-pour-promouvoir-legalite-des-chances-et-lengagement-citoyen\/\" tabindex=\"-1\" >\n\t\t\t<div class=\"elementor-post__thumbnail\"><img loading=\"lazy\" decoding=\"async\" width=\"1920\" height=\"1281\" src=\"https:\/\/ihedn.fr\/wp-content\/uploads\/2026\/04\/IHE_0346.jpg\" class=\"attachment-full size-full wp-image-59598\" alt=\"\" srcset=\"https:\/\/ihedn.fr\/wp-content\/uploads\/2026\/04\/IHE_0346.jpg 1920w, https:\/\/ihedn.fr\/wp-content\/uploads\/2026\/04\/IHE_0346-1536x1025.jpg 1536w, https:\/\/ihedn.fr\/wp-content\/uploads\/2026\/04\/IHE_0346-18x12.jpg 18w\" sizes=\"(max-width: 1920px) 100vw, 1920px\" \/><\/div>\n\t\t<\/a>\n\t\t\t\t<div class=\"elementor-post__text\">\n\t\t\t\t<h3 class=\"elementor-post__title\">\n\t\t\t<a href=\"https:\/\/ihedn.fr\/en\/notre-actualite\/un-nouveau-partenariat-pour-promouvoir-legalite-des-chances-et-lengagement-citoyen\/\" >\n\t\t\t\tA new partnership to promote equal opportunities and civic engagement\t\t\t<\/a>\n\t\t<\/h3>\n\t\t\t\t<div class=\"elementor-post__meta-data\">\n\t\t\t\t\t<span class=\"elementor-post-date\">\n\t\t\t14 April 2026\t\t<\/span>\n\t\t\t\t<\/div>\n\t\t\t\t<div class=\"elementor-post__excerpt\">\n\t\t\t<p>The Institut des Hautes \u00c9tudes de D\u00e9fense Nationale and the Un Avenir Ensemble foundation have signed a partnership agreement designed to encourage the diversification of audiences and strengthen the civic commitment of young people. This cooperation is based on shared values: equal opportunities, national cohesion and a spirit of defence.<\/p>\n\t\t<\/div>\n\t\t\n\t\t<a class=\"elementor-post__read-more\" href=\"https:\/\/ihedn.fr\/en\/notre-actualite\/un-nouveau-partenariat-pour-promouvoir-legalite-des-chances-et-lengagement-citoyen\/\" aria-label=\"Read more about Un nouveau partenariat pour promouvoir l\u2019\u00e9galit\u00e9 des chances et l\u2019engagement citoyen\" tabindex=\"-1\" >\n\t\t\tRead more \"\t\t<\/a>\n\n\t\t\t\t<\/div>\n\t\t\t\t<\/article>\n\t\t\t\t<article class=\"elementor-post elementor-grid-item post-59498 post type-post status-publish format-standard has-post-thumbnail hentry category-lundis-de-lihedn category-notre-selection\" role=\"listitem\">\n\t\t\t\t<a class=\"elementor-post__thumbnail__link\" href=\"https:\/\/ihedn.fr\/en\/lundis-de-lihedn\/martial-foucault-la-mondialisation-est-de-plus-en-plus-percue-comme-un-espace-de-rivalite\/\" tabindex=\"-1\" >\n\t\t\t<div class=\"elementor-post__thumbnail\"><img loading=\"lazy\" decoding=\"async\" width=\"1920\" height=\"960\" src=\"https:\/\/ihedn.fr\/wp-content\/uploads\/2026\/04\/Bandeau_ITW_FOUCAULT.jpg\" class=\"attachment-full size-full wp-image-59521\" alt=\"\" srcset=\"https:\/\/ihedn.fr\/wp-content\/uploads\/2026\/04\/Bandeau_ITW_FOUCAULT.jpg 1920w, https:\/\/ihedn.fr\/wp-content\/uploads\/2026\/04\/Bandeau_ITW_FOUCAULT-1536x768.jpg 1536w, https:\/\/ihedn.fr\/wp-content\/uploads\/2026\/04\/Bandeau_ITW_FOUCAULT-18x9.jpg 18w\" sizes=\"(max-width: 1920px) 100vw, 1920px\" \/><\/div>\n\t\t<\/a>\n\t\t\t\t<div class=\"elementor-post__text\">\n\t\t\t\t<h3 class=\"elementor-post__title\">\n\t\t\t<a href=\"https:\/\/ihedn.fr\/en\/lundis-de-lihedn\/martial-foucault-la-mondialisation-est-de-plus-en-plus-percue-comme-un-espace-de-rivalite\/\" >\n\t\t\t\tMartial Foucault: \u00abGlobalisation is increasingly perceived as an area of rivalry\u00bb.\u00bb\t\t\t<\/a>\n\t\t<\/h3>\n\t\t\t\t<div class=\"elementor-post__meta-data\">\n\t\t\t\t\t<span class=\"elementor-post-date\">\n\t\t\t10 April 2026\t\t<\/span>\n\t\t\t\t<\/div>\n\t\t\t\t<div class=\"elementor-post__excerpt\">\n\t\t\t<p>At a time when \u00abstates are pursuing strategic objectives using economic instruments\u00bb, Martial Foucault, a political economy researcher and Director of the Strategic Research Institute at the \u00c9cole Militaire, puts the spotlight back on the notion of \u2019militarised interdependence\u00ab or the \u00bbweaponisation of globalisation\u00ab. Interview.<\/p>\n\t\t<\/div>\n\t\t\n\t\t<a class=\"elementor-post__read-more\" href=\"https:\/\/ihedn.fr\/en\/lundis-de-lihedn\/martial-foucault-la-mondialisation-est-de-plus-en-plus-percue-comme-un-espace-de-rivalite\/\" aria-label=\"Read more about Martial Foucault: \u00abGlobalisation is increasingly perceived as an area of rivalry\u00bb.\u00bb\" tabindex=\"-1\" >\n\t\t\tRead more \"\t\t<\/a>\n\n\t\t\t\t<\/div>\n\t\t\t\t<\/article>\n\t\t\t\t<article class=\"elementor-post elementor-grid-item post-59536 post type-post status-publish format-standard has-post-thumbnail hentry category-les-debats-strategiques category-prochain-debat tag-prochain-evenement tag-prochain-debat-strategique\" role=\"listitem\">\n\t\t\t\t<a class=\"elementor-post__thumbnail__link\" href=\"https:\/\/ihedn.fr\/en\/les-debats-strategiques\/teheran-washington-1979-2025-le-grand-satan-a-lepreuve-de-la-revolution-islamique\/\" tabindex=\"-1\" >\n\t\t\t<div class=\"elementor-post__thumbnail\"><img loading=\"lazy\" decoding=\"async\" width=\"1600\" height=\"900\" src=\"https:\/\/ihedn.fr\/wp-content\/uploads\/2026\/04\/Pensez-Strategique-XLinkedin.png\" class=\"attachment-full size-full wp-image-59675\" alt=\"\" srcset=\"https:\/\/ihedn.fr\/wp-content\/uploads\/2026\/04\/Pensez-Strategique-XLinkedin.png 1600w, https:\/\/ihedn.fr\/wp-content\/uploads\/2026\/04\/Pensez-Strategique-XLinkedin-1536x864.png 1536w, https:\/\/ihedn.fr\/wp-content\/uploads\/2026\/04\/Pensez-Strategique-XLinkedin-18x10.png 18w\" sizes=\"(max-width: 1600px) 100vw, 1600px\" \/><\/div>\n\t\t<\/a>\n\t\t\t\t<div class=\"elementor-post__text\">\n\t\t\t\t<h3 class=\"elementor-post__title\">\n\t\t\t<a href=\"https:\/\/ihedn.fr\/en\/les-debats-strategiques\/teheran-washington-1979-2025-le-grand-satan-a-lepreuve-de-la-revolution-islamique\/\" >\n\t\t\t\tTehran-Washington 1979-2025. The Great Satan put to the test by the Islamic Revolution\t\t\t<\/a>\n\t\t<\/h3>\n\t\t\t\t<div class=\"elementor-post__meta-data\">\n\t\t\t\t\t<span class=\"elementor-post-date\">\n\t\t\t10 April 2026\t\t<\/span>\n\t\t\t\t<\/div>\n\t\t\t\t<div class=\"elementor-post__excerpt\">\n\t\t\t<p><span style=\"color: #c80a23;\"><strong> 18 May 2026 | 18:30 <\/strong><\/span> at the \u00c9cole militaire<\/p>\n\t\t<\/div>\n\t\t\n\t\t<a class=\"elementor-post__read-more\" href=\"https:\/\/ihedn.fr\/en\/les-debats-strategiques\/teheran-washington-1979-2025-le-grand-satan-a-lepreuve-de-la-revolution-islamique\/\" aria-label=\"Read more about Tehran-Washington 1979-2025. The Great Satan put to the test by the Islamic Revolution\" tabindex=\"-1\" >\n\t\t\tRead more \"\t\t<\/a>\n\n\t\t\t\t<\/div>\n\t\t\t\t<\/article>\n\t\t\t\t<article class=\"elementor-post elementor-grid-item post-59347 post type-post status-publish format-standard has-post-thumbnail hentry category-fiches-actualite tag-fiche-actualite tag-royaume-uni\" role=\"listitem\">\n\t\t\t\t<a class=\"elementor-post__thumbnail__link\" href=\"https:\/\/ihedn.fr\/en\/fiches-actualite\/politique-de-defense-britannique\/\" tabindex=\"-1\" >\n\t\t\t<div class=\"elementor-post__thumbnail\"><img loading=\"lazy\" decoding=\"async\" width=\"1600\" height=\"900\" src=\"https:\/\/ihedn.fr\/wp-content\/uploads\/2026\/04\/Fiches-dactualite-34.png\" class=\"attachment-full size-full wp-image-59349\" alt=\"\" srcset=\"https:\/\/ihedn.fr\/wp-content\/uploads\/2026\/04\/Fiches-dactualite-34.png 1600w, https:\/\/ihedn.fr\/wp-content\/uploads\/2026\/04\/Fiches-dactualite-34-1536x864.png 1536w, https:\/\/ihedn.fr\/wp-content\/uploads\/2026\/04\/Fiches-dactualite-34-18x10.png 18w\" sizes=\"(max-width: 1600px) 100vw, 1600px\" \/><\/div>\n\t\t<\/a>\n\t\t\t\t<div class=\"elementor-post__text\">\n\t\t\t\t<h3 class=\"elementor-post__title\">\n\t\t\t<a href=\"https:\/\/ihedn.fr\/en\/fiches-actualite\/politique-de-defense-britannique\/\" >\n\t\t\t\tBritish defence policy\t\t\t<\/a>\n\t\t<\/h3>\n\t\t\t\t<div class=\"elementor-post__meta-data\">\n\t\t\t\t\t<span class=\"elementor-post-date\">\n\t\t\t3 April 2026\t\t<\/span>\n\t\t\t\t<\/div>\n\t\t\t\t<div class=\"elementor-post__excerpt\">\n\t\t\t<p>This fact sheet looks at the history and foundations of British defence policy, reviewing the development of the \u00abspecial relationship\u00bb with the United States and the United Kingdom's anchorage in NATO. It then shows how the Strategic Defence Review published in 2025 represents a turning point, establishing a \u00abNATO-First\u00bb posture, refocusing on Euro-Atlantic security and explicitly preparing for a high-intensity conflict. Finally, it highlights the strategic role that the UK could play in the defence of Europe, particularly at the interface between NATO and the EU, as the transatlantic link recomposes itself.<\/p>\n\t\t<\/div>\n\t\t\n\t\t<a class=\"elementor-post__read-more\" href=\"https:\/\/ihedn.fr\/en\/fiches-actualite\/politique-de-defense-britannique\/\" aria-label=\"Read more about British defence policy\" tabindex=\"-1\" >\n\t\t\tRead more \"\t\t<\/a>\n\n\t\t\t\t<\/div>\n\t\t\t\t<\/article>\n\t\t\t\t<article class=\"elementor-post elementor-grid-item post-59270 post type-post status-publish format-standard has-post-thumbnail hentry category-lundis-de-lihedn category-notre-selection tag-dossier-90-ans\" role=\"listitem\">\n\t\t\t\t<a class=\"elementor-post__thumbnail__link\" href=\"https:\/\/ihedn.fr\/en\/lundis-de-lihedn\/raoul-castex-un-amiral-stratege-au-coeur-de-lesprit-de-defense\/\" tabindex=\"-1\" >\n\t\t\t<div class=\"elementor-post__thumbnail\"><img loading=\"lazy\" decoding=\"async\" width=\"1920\" height=\"1261\" src=\"https:\/\/ihedn.fr\/wp-content\/uploads\/2026\/04\/EM_CASTEX-2.jpg\" class=\"attachment-full size-full wp-image-59323\" alt=\"LIH : Raoul Castex : un amiral strat\u00e8ge au c\u0153ur de l\u2019esprit de d\u00e9fense\" srcset=\"https:\/\/ihedn.fr\/wp-content\/uploads\/2026\/04\/EM_CASTEX-2.jpg 1920w, https:\/\/ihedn.fr\/wp-content\/uploads\/2026\/04\/EM_CASTEX-2-1536x1009.jpg 1536w, https:\/\/ihedn.fr\/wp-content\/uploads\/2026\/04\/EM_CASTEX-2-18x12.jpg 18w\" sizes=\"(max-width: 1920px) 100vw, 1920px\" \/><\/div>\n\t\t<\/a>\n\t\t\t\t<div class=\"elementor-post__text\">\n\t\t\t\t<h3 class=\"elementor-post__title\">\n\t\t\t<a href=\"https:\/\/ihedn.fr\/en\/lundis-de-lihedn\/raoul-castex-un-amiral-stratege-au-coeur-de-lesprit-de-defense\/\" >\n\t\t\t\tRaoul Castex: an admiral strategist at the heart of the spirit of defence\t\t\t<\/a>\n\t\t<\/h3>\n\t\t\t\t<div class=\"elementor-post__meta-data\">\n\t\t\t\t\t<span class=\"elementor-post-date\">\n\t\t\t3 April 2026\t\t<\/span>\n\t\t\t\t<\/div>\n\t\t\t\t<div class=\"elementor-post__excerpt\">\n\t\t\t<p>To mark the 90<sup>e<\/sup> As the IHEDN celebrates its 400th anniversary and the French Navy celebrates its 400th anniversary, we look back at the life of Admiral Raoul Castex (1878-1968), founder of the Institute. An exceptional sailor and major military theorist, he was able to impose a global vision of strategy that still informs our thinking today.<\/p>\n\t\t<\/div>\n\t\t\n\t\t<a class=\"elementor-post__read-more\" href=\"https:\/\/ihedn.fr\/en\/lundis-de-lihedn\/raoul-castex-un-amiral-stratege-au-coeur-de-lesprit-de-defense\/\" aria-label=\"Read more about Raoul Castex: an admiral strategist at the heart of the spirit of defence\" tabindex=\"-1\" >\n\t\t\tRead more \"\t\t<\/a>\n\n\t\t\t\t<\/div>\n\t\t\t\t<\/article>\n\t\t\t\t<article class=\"elementor-post elementor-grid-item post-59334 post type-post status-publish format-standard has-post-thumbnail hentry category-fiches-actualite tag-fiche-actualite tag-royaume-uni\" role=\"listitem\">\n\t\t\t\t<a class=\"elementor-post__thumbnail__link\" href=\"https:\/\/ihedn.fr\/en\/fiches-actualite\/la-cooperation-de-defense-franco-britannique\/\" tabindex=\"-1\" >\n\t\t\t<div class=\"elementor-post__thumbnail\"><img loading=\"lazy\" decoding=\"async\" width=\"1600\" height=\"900\" src=\"https:\/\/ihedn.fr\/wp-content\/uploads\/2026\/04\/Fiches-dactualite-35.png\" class=\"attachment-full size-full wp-image-59339\" alt=\"\" srcset=\"https:\/\/ihedn.fr\/wp-content\/uploads\/2026\/04\/Fiches-dactualite-35.png 1600w, https:\/\/ihedn.fr\/wp-content\/uploads\/2026\/04\/Fiches-dactualite-35-1536x864.png 1536w, https:\/\/ihedn.fr\/wp-content\/uploads\/2026\/04\/Fiches-dactualite-35-18x10.png 18w\" sizes=\"(max-width: 1600px) 100vw, 1600px\" \/><\/div>\n\t\t<\/a>\n\t\t\t\t<div class=\"elementor-post__text\">\n\t\t\t\t<h3 class=\"elementor-post__title\">\n\t\t\t<a href=\"https:\/\/ihedn.fr\/en\/fiches-actualite\/la-cooperation-de-defense-franco-britannique\/\" >\n\t\t\t\tFranco-British defence cooperation\t\t\t<\/a>\n\t\t<\/h3>\n\t\t\t\t<div class=\"elementor-post__meta-data\">\n\t\t\t\t\t<span class=\"elementor-post-date\">\n\t\t\t3 April 2026\t\t<\/span>\n\t\t\t\t<\/div>\n\t\t\t\t<div class=\"elementor-post__excerpt\">\n\t\t\t<p>This fact sheet focuses on Franco-British military cooperation, from its historical foundations marked by the Entente Cordiale of 1904, the First World War, the Battle of Dunkirk (1940) and the Suez Crisis (1956) to post-Cold War operational rapprochement. It analyses the role of the Treaties of Lancaster House (2010) and Lancaster 2.0 (2025), which institutionalise the Franco-British Joint Expeditionary Force (CJEF) and strengthen nuclear and capability coordination, while highlighting the limits of this solidarity in the face of national trade-offs and divergent industrial choices. Finally, it sheds light on the prospects for the relationship, between opportunities for European rapprochement post-Brexit and the challenges posed by competition in the development of military capabilities. It also sheds light on the differing approaches of Paris and London to Ukraine, in a context of strategic recomposition of European defence.<\/p>\n\t\t<\/div>\n\t\t\n\t\t<a class=\"elementor-post__read-more\" href=\"https:\/\/ihedn.fr\/en\/fiches-actualite\/la-cooperation-de-defense-franco-britannique\/\" aria-label=\"Read more about Franco-British defence cooperation\" tabindex=\"-1\" >\n\t\t\tRead more \"\t\t<\/a>\n\n\t\t\t\t<\/div>\n\t\t\t\t<\/article>\n\t\t\t\t<article class=\"elementor-post elementor-grid-item post-59181 post type-post status-publish format-standard has-post-thumbnail hentry category-notre-actualite\" role=\"listitem\">\n\t\t\t\t<a class=\"elementor-post__thumbnail__link\" href=\"https:\/\/ihedn.fr\/en\/notre-actualite\/decollage-reussi-pour-la-248e-session-en-region-bourgogne-franche-comte-2\/\" tabindex=\"-1\" >\n\t\t\t<div class=\"elementor-post__thumbnail\"><img loading=\"lazy\" decoding=\"async\" width=\"1920\" height=\"1280\" src=\"https:\/\/ihedn.fr\/wp-content\/uploads\/2026\/03\/2026_A116_032_B_001_004.jpg\" class=\"attachment-full size-full wp-image-59076\" alt=\"\" srcset=\"https:\/\/ihedn.fr\/wp-content\/uploads\/2026\/03\/2026_A116_032_B_001_004.jpg 1920w, https:\/\/ihedn.fr\/wp-content\/uploads\/2026\/03\/2026_A116_032_B_001_004-1536x1024.jpg 1536w, https:\/\/ihedn.fr\/wp-content\/uploads\/2026\/03\/2026_A116_032_B_001_004-18x12.jpg 18w\" sizes=\"(max-width: 1920px) 100vw, 1920px\" \/><\/div>\n\t\t<\/a>\n\t\t\t\t<div class=\"elementor-post__text\">\n\t\t\t\t<h3 class=\"elementor-post__title\">\n\t\t\t<a href=\"https:\/\/ihedn.fr\/en\/notre-actualite\/decollage-reussi-pour-la-248e-session-en-region-bourgogne-franche-comte-2\/\" >\n\t\t\t\tSuccessful take-off for the 248<sup>e <\/sup> session in the Bourgogne-Franche-Comt\u00e9 region\t\t\t<\/a>\n\t\t<\/h3>\n\t\t\t\t<div class=\"elementor-post__meta-data\">\n\t\t\t\t\t<span class=\"elementor-post-date\">\n\t\t\t31 March 2026\t\t<\/span>\n\t\t\t\t<\/div>\n\t\t\t\t<div class=\"elementor-post__excerpt\">\n\t\t\t<p>From 17 March to 17 April, 46 students from a wide range of backgrounds will be meeting in Belfort, Besan\u00e7on, Chalon-sur-Sa\u00f4ne and Dijon to gain a deeper understanding of the defence, security and resilience issues shaping our strategic environment and having a direct impact on our regions.<\/p>\n\t\t<\/div>\n\t\t\n\t\t<a class=\"elementor-post__read-more\" href=\"https:\/\/ihedn.fr\/en\/notre-actualite\/decollage-reussi-pour-la-248e-session-en-region-bourgogne-franche-comte-2\/\" aria-label=\"Read more about Successful take-off for the 248th session in the Bourgogne-Franche-Comt\u00e9 region\" tabindex=\"-1\" >\n\t\t\tRead more \"\t\t<\/a>\n\n\t\t\t\t<\/div>\n\t\t\t\t<\/article>\n\t\t\t\t<\/div>\n\t\t\t\t\t<span class=\"e-load-more-spinner\">\n\t\t\t\t<svg aria-hidden=\"true\" class=\"e-font-icon-svg e-fas-spinner\" viewbox=\"0 0 512 512\" xmlns=\"http:\/\/www.w3.org\/2000\/svg\"><path d=\"M304 48c0 26.51-21.49 48-48 48s-48-21.49-48-48 21.49-48 48-48 48 21.49 48 48zm-48 368c-26.51 0-48 21.49-48 48s21.49 48 48 48 48-21.49 48-48-21.49-48-48-48zm208-208c-26.51 0-48 21.49-48 48s21.49 48 48 48 48-21.49 48-48-21.49-48-48-48zM96 256c0-26.51-21.49-48-48-48S0 229.49 0 256s21.49 48 48 48 48-21.49 48-48zm12.922 99.078c-26.51 0-48 21.49-48 48s21.49 48 48 48 48-21.49 48-48c0-26.509-21.491-48-48-48zm294.156 0c-26.51 0-48 21.49-48 48s21.49 48 48 48 48-21.49 48-48c0-26.509-21.49-48-48-48zM108.922 60.922c-26.51 0-48 21.49-48 48s21.49 48 48 48 48-21.49 48-48-21.491-48-48-48z\"><\/path><\/svg>\t\t\t<\/span>\n\t\t\n\t\t\t\t<div class=\"e-load-more-anchor\" data-page=\"1\" data-max-page=\"117\" data-next-page=\"https:\/\/ihedn.fr\/en\/wp-json\/wp\/v2\/posts\/35465\/page\/2\/\"><\/div>\n\t\t\t\t<div class=\"elementor-button-wrapper\">\n\t\t\t<a class=\"elementor-button elementor-size-sm\" role=\"button\">\n\t\t\t\t\t\t<span class=\"elementor-button-content-wrapper\">\n\t\t\t\t\t\t\t\t\t<span class=\"elementor-button-text\">Load more<\/span>\n\t\t\t\t\t<\/span>\n\t\t\t\t\t<\/a>\n\t\t<\/div>\n\t\t\t\t<div class=\"e-load-more-message\"><\/div>\n\t\t\t\t\t\t<\/div>\n\t\t\t\t<\/div>\n\t\t\t\t\t<\/div>\n\t\t<\/div>\n\t\t\t\t\t<\/div>\n\t\t<\/section>\n\t\t\t\t<\/div>","protected":false},"excerpt":{"rendered":"<p>A number of specialists gave an initial assessment of the conflict at a conference at the \u00c9cole Militaire. Strategy, land, cyber, space, NATO... a selection of their analyses of the return of high-intensity warfare to Europe.<\/p>","protected":false},"author":1,"featured_media":35489,"comment_status":"closed","ping_status":"closed","sticky":false,"template":"","format":"standard","meta":{"footnotes":""},"categories":[208,171,209],"tags":[],"class_list":["post-35465","post","type-post","status-publish","format-standard","has-post-thumbnail","hentry","category-defense-nationale","category-notre-selection","category-securite-internationale"],"yoast_head":"<!-- This site is optimized with the Yoast SEO plugin v27.5 - https:\/\/yoast.com\/product\/yoast-seo-wordpress\/ -->\n<title>Guerre en Ukraine : un an d&#039;enseignements strat\u00e9giques - L&#039;IHEDN : Institut des hautes \u00e9tudes de d\u00e9fense nationale<\/title>\n<meta name=\"description\" content=\"De nombreux sp\u00e9cialistes ont dress\u00e9 un premier bilan du conflit, lors d\u2019un colloque \u00e0 l\u2019\u00c9cole militaire. Strat\u00e9gie, terre, cyber, espace, OTAN\u2026 morceaux choisis de leurs analyses sur ce retour de la guerre de haute intensit\u00e9 en Europe.\u201cGuerre en Ukraine : un an apr\u00e8s, quelles le\u00e7ons ?\u201d Tel \u00e9tait l\u2019intitul\u00e9 du colloque organis\u00e9 le 16 f\u00e9vrier \u00e0 l\u2019\u00c9cole militaire, par plusieurs organismes, dont l\u2019IHEDN et l\u2019IRSEM. Ouvert par le g\u00e9n\u00e9ral de corps d\u2019arm\u00e9e Beno\u00eet Durieux, directeur de l\u2019IHEDN et de l\u2019Enseignement militaire sup\u00e9rieur, et cl\u00f4tur\u00e9 par le g\u00e9n\u00e9ral d\u2019arm\u00e9e Thierry Burkhard, Chef d\u2019\u00e9tat-major des arm\u00e9es, il a rassembl\u00e9 des sp\u00e9cialistes, issus de nombreux champs disciplinaires, civils et militaires, chercheurs, docteurs, officiers des trois arm\u00e9es, qui ont partag\u00e9 leurs analyses sur les enseignements \u00e0 tirer du conflit. Voici, parmi une mati\u00e8re riche et dense, quelques points importants abord\u00e9s par cinq intervenants au cours de cette journ\u00e9e.\" \/>\n<meta name=\"robots\" content=\"index, follow, max-snippet:-1, max-image-preview:large, max-video-preview:-1\" \/>\n<link rel=\"canonical\" href=\"https:\/\/ihedn.fr\/en\/notre-selection\/guerre-en-ukraine-un-an-denseignements-strategiques\/\" \/>\n<meta property=\"og:locale\" content=\"en_GB\" \/>\n<meta property=\"og:type\" content=\"article\" \/>\n<meta property=\"og:title\" content=\"Guerre en Ukraine : un an d&#039;enseignements strat\u00e9giques\" \/>\n<meta property=\"og:description\" content=\"De nombreux sp\u00e9cialistes ont dress\u00e9 un premier bilan du conflit, lors d\u2019un colloque \u00e0 l\u2019\u00c9cole militaire. Strat\u00e9gie, terre, cyber, espace, OTAN\u2026 morceaux choisis de leurs analyses sur ce retour de la guerre de haute intensit\u00e9 en Europe.\u201cGuerre en Ukraine : un an apr\u00e8s, quelles le\u00e7ons ?\u201d Tel \u00e9tait l\u2019intitul\u00e9 du colloque organis\u00e9 le 16 f\u00e9vrier \u00e0 l\u2019\u00c9cole militaire, par plusieurs organismes, dont l\u2019IHEDN et l\u2019IRSEM. Ouvert par le g\u00e9n\u00e9ral de corps d\u2019arm\u00e9e Beno\u00eet Durieux, directeur de l\u2019IHEDN et de l\u2019Enseignement militaire sup\u00e9rieur, et cl\u00f4tur\u00e9 par le g\u00e9n\u00e9ral d\u2019arm\u00e9e Thierry Burkhard, Chef d\u2019\u00e9tat-major des arm\u00e9es, il a rassembl\u00e9 des sp\u00e9cialistes, issus de nombreux champs disciplinaires, civils et militaires, chercheurs, docteurs, officiers des trois arm\u00e9es, qui ont partag\u00e9 leurs analyses sur les enseignements \u00e0 tirer du conflit. Voici, parmi une mati\u00e8re riche et dense, quelques points importants abord\u00e9s par cinq intervenants au cours de cette journ\u00e9e.\" \/>\n<meta property=\"og:url\" content=\"https:\/\/ihedn.fr\/en\/notre-selection\/guerre-en-ukraine-un-an-denseignements-strategiques\/\" \/>\n<meta property=\"og:site_name\" content=\"L&#039;IHEDN : Institut des hautes \u00e9tudes de d\u00e9fense nationale\" \/>\n<meta property=\"article:publisher\" content=\"https:\/\/www.facebook.com\/ihedn\/\" \/>\n<meta property=\"article:published_time\" content=\"2023-02-28T11:24:05+00:00\" \/>\n<meta property=\"article:modified_time\" content=\"2023-12-22T08:59:13+00:00\" \/>\n<meta property=\"og:image\" content=\"https:\/\/ihedn.fr\/wp-content\/uploads\/2023\/02\/IHEDN-Guerre-en-Ukraine-un-an-denseignements-strategiques-01-1.jpg\" \/>\n\t<meta property=\"og:image:width\" content=\"1511\" \/>\n\t<meta property=\"og:image:height\" content=\"850\" \/>\n\t<meta property=\"og:image:type\" content=\"image\/jpeg\" \/>\n<meta name=\"author\" content=\"dev\" \/>\n<meta name=\"twitter:card\" content=\"summary_large_image\" \/>\n<meta name=\"twitter:title\" content=\"Guerre en Ukraine : un an d&#039;enseignements strat\u00e9giques\" \/>\n<meta name=\"twitter:description\" content=\"De nombreux sp\u00e9cialistes ont dress\u00e9 un premier bilan du conflit, lors d\u2019un colloque \u00e0 l\u2019\u00c9cole militaire. Strat\u00e9gie, terre, cyber, espace, OTAN\u2026 morceaux choisis de leurs analyses sur ce retour de la guerre de haute intensit\u00e9 en Europe.\u201cGuerre en Ukraine : un an apr\u00e8s, quelles le\u00e7ons ?\u201d Tel \u00e9tait l\u2019intitul\u00e9 du colloque organis\u00e9 le 16 f\u00e9vrier \u00e0 l\u2019\u00c9cole militaire, par plusieurs organismes, dont l\u2019IHEDN et l\u2019IRSEM. Ouvert par le g\u00e9n\u00e9ral de corps d\u2019arm\u00e9e Beno\u00eet Durieux, directeur de l\u2019IHEDN et de l\u2019Enseignement militaire sup\u00e9rieur, et cl\u00f4tur\u00e9 par le g\u00e9n\u00e9ral d\u2019arm\u00e9e Thierry Burkhard, Chef d\u2019\u00e9tat-major des arm\u00e9es, il a rassembl\u00e9 des sp\u00e9cialistes, issus de nombreux champs disciplinaires, civils et militaires, chercheurs, docteurs, officiers des trois arm\u00e9es, qui ont partag\u00e9 leurs analyses sur les enseignements \u00e0 tirer du conflit. Voici, parmi une mati\u00e8re riche et dense, quelques points importants abord\u00e9s par cinq intervenants au cours de cette journ\u00e9e.\" \/>\n<meta name=\"twitter:image\" content=\"https:\/\/ihedn.fr\/wp-content\/uploads\/2023\/02\/IHEDN-Guerre-en-Ukraine-un-an-denseignements-strategiques-01-1.jpg\" \/>\n<meta name=\"twitter:creator\" content=\"@IHEDN\" \/>\n<meta name=\"twitter:site\" content=\"@IHEDN\" \/>\n<meta name=\"twitter:label1\" content=\"Written by\" \/>\n\t<meta name=\"twitter:data1\" content=\"dev\" \/>\n\t<meta name=\"twitter:label2\" content=\"Estimated reading time\" \/>\n\t<meta name=\"twitter:data2\" content=\"5 minutes\" \/>\n<script type=\"application\/ld+json\" class=\"yoast-schema-graph\">{\"@context\":\"https:\\\/\\\/schema.org\",\"@graph\":[{\"@type\":\"Article\",\"@id\":\"https:\\\/\\\/ihedn.fr\\\/notre-selection\\\/guerre-en-ukraine-un-an-denseignements-strategiques\\\/#article\",\"isPartOf\":{\"@id\":\"https:\\\/\\\/ihedn.fr\\\/notre-selection\\\/guerre-en-ukraine-un-an-denseignements-strategiques\\\/\"},\"author\":{\"name\":\"dev\",\"@id\":\"https:\\\/\\\/ihedn.fr\\\/#\\\/schema\\\/person\\\/7a40155595e4efb35323447cb8c8c5a4\"},\"headline\":\"Guerre en Ukraine : un an d&rsquo;enseignements strat\u00e9giques\",\"datePublished\":\"2023-02-28T11:24:05+00:00\",\"dateModified\":\"2023-12-22T08:59:13+00:00\",\"mainEntityOfPage\":{\"@id\":\"https:\\\/\\\/ihedn.fr\\\/notre-selection\\\/guerre-en-ukraine-un-an-denseignements-strategiques\\\/\"},\"wordCount\":139,\"publisher\":{\"@id\":\"https:\\\/\\\/ihedn.fr\\\/#organization\"},\"image\":{\"@id\":\"https:\\\/\\\/ihedn.fr\\\/notre-selection\\\/guerre-en-ukraine-un-an-denseignements-strategiques\\\/#primaryimage\"},\"thumbnailUrl\":\"https:\\\/\\\/ihedn.fr\\\/wp-content\\\/uploads\\\/2023\\\/02\\\/IHEDN-Guerre-en-Ukraine-un-an-denseignements-strategiques-01-1.jpg\",\"articleSection\":[\"d\u00e9fense nationale\",\"Notre s\u00e9lection\",\"s\u00e9curit\u00e9 internationale\"],\"inLanguage\":\"en-GB\"},{\"@type\":\"WebPage\",\"@id\":\"https:\\\/\\\/ihedn.fr\\\/notre-selection\\\/guerre-en-ukraine-un-an-denseignements-strategiques\\\/\",\"url\":\"https:\\\/\\\/ihedn.fr\\\/notre-selection\\\/guerre-en-ukraine-un-an-denseignements-strategiques\\\/\",\"name\":\"Guerre en Ukraine : un an d'enseignements strat\u00e9giques - L&#039;IHEDN : Institut des hautes \u00e9tudes de d\u00e9fense nationale\",\"isPartOf\":{\"@id\":\"https:\\\/\\\/ihedn.fr\\\/#website\"},\"primaryImageOfPage\":{\"@id\":\"https:\\\/\\\/ihedn.fr\\\/notre-selection\\\/guerre-en-ukraine-un-an-denseignements-strategiques\\\/#primaryimage\"},\"image\":{\"@id\":\"https:\\\/\\\/ihedn.fr\\\/notre-selection\\\/guerre-en-ukraine-un-an-denseignements-strategiques\\\/#primaryimage\"},\"thumbnailUrl\":\"https:\\\/\\\/ihedn.fr\\\/wp-content\\\/uploads\\\/2023\\\/02\\\/IHEDN-Guerre-en-Ukraine-un-an-denseignements-strategiques-01-1.jpg\",\"datePublished\":\"2023-02-28T11:24:05+00:00\",\"dateModified\":\"2023-12-22T08:59:13+00:00\",\"description\":\"De nombreux sp\u00e9cialistes ont dress\u00e9 un premier bilan du conflit, lors d\u2019un colloque \u00e0 l\u2019\u00c9cole militaire. Strat\u00e9gie, terre, cyber, espace, OTAN\u2026 morceaux choisis de leurs analyses sur ce retour de la guerre de haute intensit\u00e9 en Europe.\u201cGuerre en Ukraine : un an apr\u00e8s, quelles le\u00e7ons ?\u201d Tel \u00e9tait l\u2019intitul\u00e9 du colloque organis\u00e9 le 16 f\u00e9vrier \u00e0 l\u2019\u00c9cole militaire, par plusieurs organismes, dont l\u2019IHEDN et l\u2019IRSEM. Ouvert par le g\u00e9n\u00e9ral de corps d\u2019arm\u00e9e Beno\u00eet Durieux, directeur de l\u2019IHEDN et de l\u2019Enseignement militaire sup\u00e9rieur, et cl\u00f4tur\u00e9 par le g\u00e9n\u00e9ral d\u2019arm\u00e9e Thierry Burkhard, Chef d\u2019\u00e9tat-major des arm\u00e9es, il a rassembl\u00e9 des sp\u00e9cialistes, issus de nombreux champs disciplinaires, civils et militaires, chercheurs, docteurs, officiers des trois arm\u00e9es, qui ont partag\u00e9 leurs analyses sur les enseignements \u00e0 tirer du conflit. Voici, parmi une mati\u00e8re riche et dense, quelques points importants abord\u00e9s par cinq intervenants au cours de cette journ\u00e9e.\",\"breadcrumb\":{\"@id\":\"https:\\\/\\\/ihedn.fr\\\/notre-selection\\\/guerre-en-ukraine-un-an-denseignements-strategiques\\\/#breadcrumb\"},\"inLanguage\":\"en-GB\",\"potentialAction\":[{\"@type\":\"ReadAction\",\"target\":[\"https:\\\/\\\/ihedn.fr\\\/notre-selection\\\/guerre-en-ukraine-un-an-denseignements-strategiques\\\/\"]}]},{\"@type\":\"ImageObject\",\"inLanguage\":\"en-GB\",\"@id\":\"https:\\\/\\\/ihedn.fr\\\/notre-selection\\\/guerre-en-ukraine-un-an-denseignements-strategiques\\\/#primaryimage\",\"url\":\"https:\\\/\\\/ihedn.fr\\\/wp-content\\\/uploads\\\/2023\\\/02\\\/IHEDN-Guerre-en-Ukraine-un-an-denseignements-strategiques-01-1.jpg\",\"contentUrl\":\"https:\\\/\\\/ihedn.fr\\\/wp-content\\\/uploads\\\/2023\\\/02\\\/IHEDN-Guerre-en-Ukraine-un-an-denseignements-strategiques-01-1.jpg\",\"width\":1511,\"height\":850},{\"@type\":\"BreadcrumbList\",\"@id\":\"https:\\\/\\\/ihedn.fr\\\/notre-selection\\\/guerre-en-ukraine-un-an-denseignements-strategiques\\\/#breadcrumb\",\"itemListElement\":[{\"@type\":\"ListItem\",\"position\":1,\"name\":\"Accueil\",\"item\":\"https:\\\/\\\/ihedn.fr\\\/\"},{\"@type\":\"ListItem\",\"position\":2,\"name\":\"Guerre en Ukraine : un an d&rsquo;enseignements strat\u00e9giques\"}]},{\"@type\":\"WebSite\",\"@id\":\"https:\\\/\\\/ihedn.fr\\\/#website\",\"url\":\"https:\\\/\\\/ihedn.fr\\\/\",\"name\":\"IHEDN : Institut des hautes \u00e9tudes de d\u00e9fense nationale |\",\"description\":\"Site officiel de l&#039;IHEDN plac\u00e9 sous la tutelle du Premier ministre.\",\"publisher\":{\"@id\":\"https:\\\/\\\/ihedn.fr\\\/#organization\"},\"potentialAction\":[{\"@type\":\"SearchAction\",\"target\":{\"@type\":\"EntryPoint\",\"urlTemplate\":\"https:\\\/\\\/ihedn.fr\\\/?s={search_term_string}\"},\"query-input\":{\"@type\":\"PropertyValueSpecification\",\"valueRequired\":true,\"valueName\":\"search_term_string\"}}],\"inLanguage\":\"en-GB\"},{\"@type\":\"Organization\",\"@id\":\"https:\\\/\\\/ihedn.fr\\\/#organization\",\"name\":\"IHEDN - Institut des Hautes Etudes de D\u00e9fense Nationale\",\"url\":\"https:\\\/\\\/ihedn.fr\\\/\",\"logo\":{\"@type\":\"ImageObject\",\"inLanguage\":\"en-GB\",\"@id\":\"https:\\\/\\\/ihedn.fr\\\/#\\\/schema\\\/logo\\\/image\\\/\",\"url\":\"https:\\\/\\\/ihedn.fr\\\/wp-content\\\/uploads\\\/2020\\\/11\\\/BLOC_RF_IHEDN_WEB.png\",\"contentUrl\":\"https:\\\/\\\/ihedn.fr\\\/wp-content\\\/uploads\\\/2020\\\/11\\\/BLOC_RF_IHEDN_WEB.png\",\"width\":500,\"height\":237,\"caption\":\"IHEDN - Institut des Hautes Etudes de D\u00e9fense Nationale\"},\"image\":{\"@id\":\"https:\\\/\\\/ihedn.fr\\\/#\\\/schema\\\/logo\\\/image\\\/\"},\"sameAs\":[\"https:\\\/\\\/www.facebook.com\\\/ihedn\\\/\",\"https:\\\/\\\/x.com\\\/IHEDN\",\"https:\\\/\\\/www.instagram.com\\\/ihedn\\\/\",\"https:\\\/\\\/www.linkedin.com\\\/school\\\/ihedn\\\/\",\"https:\\\/\\\/fr.wikipedia.org\\\/wiki\\\/Institut_des_hautes_\u00e9tudes_de_D\u00e9fense_nationale\"]},{\"@type\":\"Person\",\"@id\":\"https:\\\/\\\/ihedn.fr\\\/#\\\/schema\\\/person\\\/7a40155595e4efb35323447cb8c8c5a4\",\"name\":\"dev\",\"image\":{\"@type\":\"ImageObject\",\"inLanguage\":\"en-GB\",\"@id\":\"https:\\\/\\\/secure.gravatar.com\\\/avatar\\\/f1ffcac9ca2fa95ad3ec33e9be3ade82f752acb0cabe541e56c5889225afa88a?s=96&d=mm&r=g\",\"url\":\"https:\\\/\\\/secure.gravatar.com\\\/avatar\\\/f1ffcac9ca2fa95ad3ec33e9be3ade82f752acb0cabe541e56c5889225afa88a?s=96&d=mm&r=g\",\"contentUrl\":\"https:\\\/\\\/secure.gravatar.com\\\/avatar\\\/f1ffcac9ca2fa95ad3ec33e9be3ade82f752acb0cabe541e56c5889225afa88a?s=96&d=mm&r=g\",\"caption\":\"dev\"},\"sameAs\":[\"https:\\\/\\\/ihedn.concilium.click\"],\"url\":\"https:\\\/\\\/ihedn.fr\\\/en\\\/author\\\/dev\\\/\"}]}<\/script>\n<!-- \/ Yoast SEO plugin. -->","yoast_head_json":{"title":"War in Ukraine: a year of strategic lessons - IHEDN : Institut des hautes \u00e9tudes de d\u00e9fense nationale (Graduate Institute of National Defence)","description":"A number of specialists gave an initial assessment of the conflict at a conference at the \u00c9cole Militaire. Strategy, land, cyber, space, NATO... a selection of their analyses of the return of high-intensity warfare to Europe. \"War in Ukraine: one year on, what lessons can be learned? This was the title of the conference organised on 16 February at the \u00c9cole Militaire by several organisations, including the IHEDN and the IRSEM. Opened by Lieutenant General Beno\u00eet Durieux, Director of the IHEDN and Higher Military Education, and closed by Army General Thierry Burkhard, Chief of Staff of the Armed Forces, the conference brought together specialists from a wide range of disciplines, both civilian and military, researchers, doctors and officers from the three services, who shared their analyses of the lessons to be learned from the conflict. The following are some of the key points raised by five speakers during the day's proceedings.","robots":{"index":"index","follow":"follow","max-snippet":"max-snippet:-1","max-image-preview":"max-image-preview:large","max-video-preview":"max-video-preview:-1"},"canonical":"https:\/\/ihedn.fr\/en\/notre-selection\/guerre-en-ukraine-un-an-denseignements-strategiques\/","og_locale":"en_GB","og_type":"article","og_title":"Guerre en Ukraine : un an d'enseignements strat\u00e9giques","og_description":"De nombreux sp\u00e9cialistes ont dress\u00e9 un premier bilan du conflit, lors d\u2019un colloque \u00e0 l\u2019\u00c9cole militaire. Strat\u00e9gie, terre, cyber, espace, OTAN\u2026 morceaux choisis de leurs analyses sur ce retour de la guerre de haute intensit\u00e9 en Europe.\u201cGuerre en Ukraine : un an apr\u00e8s, quelles le\u00e7ons ?\u201d Tel \u00e9tait l\u2019intitul\u00e9 du colloque organis\u00e9 le 16 f\u00e9vrier \u00e0 l\u2019\u00c9cole militaire, par plusieurs organismes, dont l\u2019IHEDN et l\u2019IRSEM. Ouvert par le g\u00e9n\u00e9ral de corps d\u2019arm\u00e9e Beno\u00eet Durieux, directeur de l\u2019IHEDN et de l\u2019Enseignement militaire sup\u00e9rieur, et cl\u00f4tur\u00e9 par le g\u00e9n\u00e9ral d\u2019arm\u00e9e Thierry Burkhard, Chef d\u2019\u00e9tat-major des arm\u00e9es, il a rassembl\u00e9 des sp\u00e9cialistes, issus de nombreux champs disciplinaires, civils et militaires, chercheurs, docteurs, officiers des trois arm\u00e9es, qui ont partag\u00e9 leurs analyses sur les enseignements \u00e0 tirer du conflit. Voici, parmi une mati\u00e8re riche et dense, quelques points importants abord\u00e9s par cinq intervenants au cours de cette journ\u00e9e.","og_url":"https:\/\/ihedn.fr\/en\/notre-selection\/guerre-en-ukraine-un-an-denseignements-strategiques\/","og_site_name":"L&#039;IHEDN : Institut des hautes \u00e9tudes de d\u00e9fense nationale","article_publisher":"https:\/\/www.facebook.com\/ihedn\/","article_published_time":"2023-02-28T11:24:05+00:00","article_modified_time":"2023-12-22T08:59:13+00:00","og_image":[{"width":1511,"height":850,"url":"https:\/\/ihedn.fr\/wp-content\/uploads\/2023\/02\/IHEDN-Guerre-en-Ukraine-un-an-denseignements-strategiques-01-1.jpg","type":"image\/jpeg"}],"author":"dev","twitter_card":"summary_large_image","twitter_title":"Guerre en Ukraine : un an d'enseignements strat\u00e9giques","twitter_description":"De nombreux sp\u00e9cialistes ont dress\u00e9 un premier bilan du conflit, lors d\u2019un colloque \u00e0 l\u2019\u00c9cole militaire. Strat\u00e9gie, terre, cyber, espace, OTAN\u2026 morceaux choisis de leurs analyses sur ce retour de la guerre de haute intensit\u00e9 en Europe.\u201cGuerre en Ukraine : un an apr\u00e8s, quelles le\u00e7ons ?\u201d Tel \u00e9tait l\u2019intitul\u00e9 du colloque organis\u00e9 le 16 f\u00e9vrier \u00e0 l\u2019\u00c9cole militaire, par plusieurs organismes, dont l\u2019IHEDN et l\u2019IRSEM. Ouvert par le g\u00e9n\u00e9ral de corps d\u2019arm\u00e9e Beno\u00eet Durieux, directeur de l\u2019IHEDN et de l\u2019Enseignement militaire sup\u00e9rieur, et cl\u00f4tur\u00e9 par le g\u00e9n\u00e9ral d\u2019arm\u00e9e Thierry Burkhard, Chef d\u2019\u00e9tat-major des arm\u00e9es, il a rassembl\u00e9 des sp\u00e9cialistes, issus de nombreux champs disciplinaires, civils et militaires, chercheurs, docteurs, officiers des trois arm\u00e9es, qui ont partag\u00e9 leurs analyses sur les enseignements \u00e0 tirer du conflit. Voici, parmi une mati\u00e8re riche et dense, quelques points importants abord\u00e9s par cinq intervenants au cours de cette journ\u00e9e.","twitter_image":"https:\/\/ihedn.fr\/wp-content\/uploads\/2023\/02\/IHEDN-Guerre-en-Ukraine-un-an-denseignements-strategiques-01-1.jpg","twitter_creator":"@IHEDN","twitter_site":"@IHEDN","twitter_misc":{"Written by":"dev","Estimated reading time":"5 minutes"},"schema":{"@context":"https:\/\/schema.org","@graph":[{"@type":"Article","@id":"https:\/\/ihedn.fr\/notre-selection\/guerre-en-ukraine-un-an-denseignements-strategiques\/#article","isPartOf":{"@id":"https:\/\/ihedn.fr\/notre-selection\/guerre-en-ukraine-un-an-denseignements-strategiques\/"},"author":{"name":"dev","@id":"https:\/\/ihedn.fr\/#\/schema\/person\/7a40155595e4efb35323447cb8c8c5a4"},"headline":"Guerre en Ukraine : un an d&rsquo;enseignements strat\u00e9giques","datePublished":"2023-02-28T11:24:05+00:00","dateModified":"2023-12-22T08:59:13+00:00","mainEntityOfPage":{"@id":"https:\/\/ihedn.fr\/notre-selection\/guerre-en-ukraine-un-an-denseignements-strategiques\/"},"wordCount":139,"publisher":{"@id":"https:\/\/ihedn.fr\/#organization"},"image":{"@id":"https:\/\/ihedn.fr\/notre-selection\/guerre-en-ukraine-un-an-denseignements-strategiques\/#primaryimage"},"thumbnailUrl":"https:\/\/ihedn.fr\/wp-content\/uploads\/2023\/02\/IHEDN-Guerre-en-Ukraine-un-an-denseignements-strategiques-01-1.jpg","articleSection":["d\u00e9fense nationale","Notre s\u00e9lection","s\u00e9curit\u00e9 internationale"],"inLanguage":"en-GB"},{"@type":"WebPage","@id":"https:\/\/ihedn.fr\/notre-selection\/guerre-en-ukraine-un-an-denseignements-strategiques\/","url":"https:\/\/ihedn.fr\/notre-selection\/guerre-en-ukraine-un-an-denseignements-strategiques\/","name":"War in Ukraine: a year of strategic lessons - IHEDN : Institut des hautes \u00e9tudes de d\u00e9fense nationale (Graduate Institute of National Defence)","isPartOf":{"@id":"https:\/\/ihedn.fr\/#website"},"primaryImageOfPage":{"@id":"https:\/\/ihedn.fr\/notre-selection\/guerre-en-ukraine-un-an-denseignements-strategiques\/#primaryimage"},"image":{"@id":"https:\/\/ihedn.fr\/notre-selection\/guerre-en-ukraine-un-an-denseignements-strategiques\/#primaryimage"},"thumbnailUrl":"https:\/\/ihedn.fr\/wp-content\/uploads\/2023\/02\/IHEDN-Guerre-en-Ukraine-un-an-denseignements-strategiques-01-1.jpg","datePublished":"2023-02-28T11:24:05+00:00","dateModified":"2023-12-22T08:59:13+00:00","description":"A number of specialists gave an initial assessment of the conflict at a conference at the \u00c9cole Militaire. Strategy, land, cyber, space, NATO... a selection of their analyses of the return of high-intensity warfare to Europe. \"War in Ukraine: one year on, what lessons can be learned? This was the title of the conference organised on 16 February at the \u00c9cole Militaire by several organisations, including the IHEDN and the IRSEM. Opened by Lieutenant General Beno\u00eet Durieux, Director of the IHEDN and Higher Military Education, and closed by Army General Thierry Burkhard, Chief of Staff of the Armed Forces, the conference brought together specialists from a wide range of disciplines, both civilian and military, researchers, doctors and officers from the three services, who shared their analyses of the lessons to be learned from the conflict. The following are some of the key points raised by five speakers during the day's proceedings.","breadcrumb":{"@id":"https:\/\/ihedn.fr\/notre-selection\/guerre-en-ukraine-un-an-denseignements-strategiques\/#breadcrumb"},"inLanguage":"en-GB","potentialAction":[{"@type":"ReadAction","target":["https:\/\/ihedn.fr\/notre-selection\/guerre-en-ukraine-un-an-denseignements-strategiques\/"]}]},{"@type":"ImageObject","inLanguage":"en-GB","@id":"https:\/\/ihedn.fr\/notre-selection\/guerre-en-ukraine-un-an-denseignements-strategiques\/#primaryimage","url":"https:\/\/ihedn.fr\/wp-content\/uploads\/2023\/02\/IHEDN-Guerre-en-Ukraine-un-an-denseignements-strategiques-01-1.jpg","contentUrl":"https:\/\/ihedn.fr\/wp-content\/uploads\/2023\/02\/IHEDN-Guerre-en-Ukraine-un-an-denseignements-strategiques-01-1.jpg","width":1511,"height":850},{"@type":"BreadcrumbList","@id":"https:\/\/ihedn.fr\/notre-selection\/guerre-en-ukraine-un-an-denseignements-strategiques\/#breadcrumb","itemListElement":[{"@type":"ListItem","position":1,"name":"Accueil","item":"https:\/\/ihedn.fr\/"},{"@type":"ListItem","position":2,"name":"Guerre en Ukraine : un an d&rsquo;enseignements strat\u00e9giques"}]},{"@type":"WebSite","@id":"https:\/\/ihedn.fr\/#website","url":"https:\/\/ihedn.fr\/","name":"IHEDN: Institut des hautes \u00e9tudes de d\u00e9fense nationale (Institute for Higher National Defence Studies)","description":"Official website of the IHEDN under the supervision of the Prime Minister.","publisher":{"@id":"https:\/\/ihedn.fr\/#organization"},"potentialAction":[{"@type":"SearchAction","target":{"@type":"EntryPoint","urlTemplate":"https:\/\/ihedn.fr\/?s={search_term_string}"},"query-input":{"@type":"PropertyValueSpecification","valueRequired":true,"valueName":"search_term_string"}}],"inLanguage":"en-GB"},{"@type":"Organization","@id":"https:\/\/ihedn.fr\/#organization","name":"IHEDN - Institute for Higher National Defence Studies","url":"https:\/\/ihedn.fr\/","logo":{"@type":"ImageObject","inLanguage":"en-GB","@id":"https:\/\/ihedn.fr\/#\/schema\/logo\/image\/","url":"https:\/\/ihedn.fr\/wp-content\/uploads\/2020\/11\/BLOC_RF_IHEDN_WEB.png","contentUrl":"https:\/\/ihedn.fr\/wp-content\/uploads\/2020\/11\/BLOC_RF_IHEDN_WEB.png","width":500,"height":237,"caption":"IHEDN - Institut des Hautes Etudes de D\u00e9fense Nationale"},"image":{"@id":"https:\/\/ihedn.fr\/#\/schema\/logo\/image\/"},"sameAs":["https:\/\/www.facebook.com\/ihedn\/","https:\/\/x.com\/IHEDN","https:\/\/www.instagram.com\/ihedn\/","https:\/\/www.linkedin.com\/school\/ihedn\/","https:\/\/fr.wikipedia.org\/wiki\/Institut_des_hautes_\u00e9tudes_de_D\u00e9fense_nationale"]},{"@type":"Person","@id":"https:\/\/ihedn.fr\/#\/schema\/person\/7a40155595e4efb35323447cb8c8c5a4","name":"dev","image":{"@type":"ImageObject","inLanguage":"en-GB","@id":"https:\/\/secure.gravatar.com\/avatar\/f1ffcac9ca2fa95ad3ec33e9be3ade82f752acb0cabe541e56c5889225afa88a?s=96&d=mm&r=g","url":"https:\/\/secure.gravatar.com\/avatar\/f1ffcac9ca2fa95ad3ec33e9be3ade82f752acb0cabe541e56c5889225afa88a?s=96&d=mm&r=g","contentUrl":"https:\/\/secure.gravatar.com\/avatar\/f1ffcac9ca2fa95ad3ec33e9be3ade82f752acb0cabe541e56c5889225afa88a?s=96&d=mm&r=g","caption":"dev"},"sameAs":["https:\/\/ihedn.concilium.click"],"url":"https:\/\/ihedn.fr\/en\/author\/dev\/"}]}},"publishpress_future_action":{"enabled":false,"date":"2026-05-06 20:17:04","action":"change-status","newStatus":"draft","terms":[],"taxonomy":"category","extraData":[]},"publishpress_future_workflow_manual_trigger":{"enabledWorkflows":[]},"_links":{"self":[{"href":"https:\/\/ihedn.fr\/en\/wp-json\/wp\/v2\/posts\/35465","targetHints":{"allow":["GET"]}}],"collection":[{"href":"https:\/\/ihedn.fr\/en\/wp-json\/wp\/v2\/posts"}],"about":[{"href":"https:\/\/ihedn.fr\/en\/wp-json\/wp\/v2\/types\/post"}],"author":[{"embeddable":true,"href":"https:\/\/ihedn.fr\/en\/wp-json\/wp\/v2\/users\/1"}],"replies":[{"embeddable":true,"href":"https:\/\/ihedn.fr\/en\/wp-json\/wp\/v2\/comments?post=35465"}],"version-history":[{"count":19,"href":"https:\/\/ihedn.fr\/en\/wp-json\/wp\/v2\/posts\/35465\/revisions"}],"predecessor-version":[{"id":45603,"href":"https:\/\/ihedn.fr\/en\/wp-json\/wp\/v2\/posts\/35465\/revisions\/45603"}],"wp:featuredmedia":[{"embeddable":true,"href":"https:\/\/ihedn.fr\/en\/wp-json\/wp\/v2\/media\/35489"}],"wp:attachment":[{"href":"https:\/\/ihedn.fr\/en\/wp-json\/wp\/v2\/media?parent=35465"}],"wp:term":[{"taxonomy":"category","embeddable":true,"href":"https:\/\/ihedn.fr\/en\/wp-json\/wp\/v2\/categories?post=35465"},{"taxonomy":"post_tag","embeddable":true,"href":"https:\/\/ihedn.fr\/en\/wp-json\/wp\/v2\/tags?post=35465"}],"curies":[{"name":"wp","href":"https:\/\/api.w.org\/{rel}","templated":true}]}}