{"id":35627,"date":"2023-03-03T10:41:13","date_gmt":"2023-03-03T09:41:13","guid":{"rendered":"https:\/\/ihedn.fr\/?p=35627"},"modified":"2023-03-03T10:43:11","modified_gmt":"2023-03-03T09:43:11","slug":"integration-a-lotan-guerre-en-ukraine-quels-nouveaux-enjeux-de-securite-pour-la-suede-et-la-finlande","status":"publish","type":"post","link":"https:\/\/ihedn.fr\/en\/veille-strategique\/integration-a-lotan-guerre-en-ukraine-quels-nouveaux-enjeux-de-securite-pour-la-suede-et-la-finlande\/","title":{"rendered":"NATO integration, war in Ukraine: what are the new security challenges for Sweden and Finland?"},"content":{"rendered":"<div data-elementor-type=\"wp-post\" data-elementor-id=\"35627\" class=\"elementor elementor-35627\" data-elementor-post-type=\"post\">\n\t\t\t\t\t\t<section data-particle_enable=\"false\" data-particle-mobile-disabled=\"false\" class=\"elementor-section elementor-top-section elementor-element elementor-element-6ca1599 elementor-section-boxed elementor-section-height-default elementor-section-height-default\" data-id=\"6ca1599\" data-element_type=\"section\" data-e-type=\"section\">\n\t\t\t\t\t\t<div class=\"elementor-container elementor-column-gap-default\">\n\t\t\t\t\t<div class=\"elementor-column elementor-col-100 elementor-top-column elementor-element elementor-element-822f658\" data-id=\"822f658\" data-element_type=\"column\" data-e-type=\"column\">\n\t\t\t<div class=\"elementor-widget-wrap elementor-element-populated\">\n\t\t\t\t\t\t<div class=\"elementor-element elementor-element-1afccc1 elementor-widget elementor-widget-text-editor\" data-id=\"1afccc1\" data-element_type=\"widget\" data-e-type=\"widget\" data-widget_type=\"text-editor.default\">\n\t\t\t\t<div class=\"elementor-widget-container\">\n\t\t\t\t\t\t\t\t\t<p><em>With<\/em> Esa Pulkkinnen (Permanent Secretary of the Finnish Ministry of Defence) and Peter Sandwall (State Secretary to the Swedish Minister of Defence), 9 February 2023.<\/p>\t\t\t\t\t\t\t\t<\/div>\n\t\t\t\t<\/div>\n\t\t\t\t<div class=\"elementor-element elementor-element-042cc09 elementor-widget elementor-widget-video\" data-id=\"042cc09\" data-element_type=\"widget\" data-e-type=\"widget\" data-settings=\"{&quot;youtube_url&quot;:&quot;https:\\\/\\\/youtu.be\\\/HLUMq689nJQ&quot;,&quot;video_type&quot;:&quot;youtube&quot;,&quot;controls&quot;:&quot;yes&quot;}\" data-widget_type=\"video.default\">\n\t\t\t\t<div class=\"elementor-widget-container\">\n\t\t\t\t\t\t\t<div class=\"elementor-wrapper elementor-open-inline\">\n\t\t\t<div class=\"elementor-video\"><\/div>\t\t<\/div>\n\t\t\t\t\t\t<\/div>\n\t\t\t\t<\/div>\n\t\t\t\t\t<\/div>\n\t\t<\/div>\n\t\t\t\t\t<\/div>\n\t\t<\/section>\n\t\t\t\t<\/div>","protected":false},"excerpt":{"rendered":"<p>With Esa Pulkkinnen (Permanent Secretary of the Finnish Ministry of Defence) and Peter Sandwall (State Secretary to the Swedish Minister of Defence), 9 February 2023. https:\/\/youtu.be\/HLUMq689nJQ<\/p>","protected":false},"author":1,"featured_media":0,"comment_status":"closed","ping_status":"closed","sticky":false,"template":"","format":"standard","meta":{"footnotes":""},"categories":[179,175],"tags":[],"class_list":["post-35627","post","type-post","status-publish","format-standard","hentry","category-podcast","category-veille-strategique"],"yoast_head":"<!-- This site is optimized with the Yoast SEO plugin v27.5 - https:\/\/yoast.com\/product\/yoast-seo-wordpress\/ -->\n<title>Int\u00e9gration \u00e0 l\u2019Otan, guerre en Ukraine : quels nouveaux enjeux de s\u00e9curit\u00e9 pour la Su\u00e8de et la Finlande ? - L&#039;IHEDN : Institut des hautes \u00e9tudes de d\u00e9fense nationale<\/title>\n<meta name=\"description\" content=\"Une s\u00e9rie de 4 podcasts avec l\u2019accent mis sur la Russie, les pays nordiques et baltes, Ta\u00efwan et Isra\u00ebl. Cultures monde de France culture, janvier 2023.\" \/>\n<meta name=\"robots\" content=\"index, follow, max-snippet:-1, max-image-preview:large, max-video-preview:-1\" \/>\n<link rel=\"canonical\" href=\"https:\/\/ihedn.fr\/en\/comprendre\/veille-strategique\/integration-a-lotan-guerre-en-ukraine-quels-nouveaux-enjeux-de-securite-pour-la-suede-et-la-finlande\/\" \/>\n<meta property=\"og:locale\" content=\"en_GB\" \/>\n<meta property=\"og:type\" content=\"article\" \/>\n<meta property=\"og:title\" content=\"Int\u00e9gration \u00e0 l\u2019Otan, guerre en Ukraine : quels nouveaux enjeux de s\u00e9curit\u00e9 pour la Su\u00e8de et la Finlande ? - L&#039;IHEDN : Institut des hautes \u00e9tudes de d\u00e9fense nationale\" \/>\n<meta property=\"og:description\" content=\"Une s\u00e9rie de 4 podcasts avec l\u2019accent mis sur la Russie, les pays nordiques et baltes, Ta\u00efwan et Isra\u00ebl. Cultures monde de France culture, janvier 2023.\" \/>\n<meta property=\"og:url\" content=\"https:\/\/ihedn.fr\/en\/comprendre\/veille-strategique\/integration-a-lotan-guerre-en-ukraine-quels-nouveaux-enjeux-de-securite-pour-la-suede-et-la-finlande\/\" \/>\n<meta property=\"og:site_name\" content=\"L&#039;IHEDN : Institut des hautes \u00e9tudes de d\u00e9fense nationale\" \/>\n<meta property=\"article:publisher\" content=\"https:\/\/www.facebook.com\/ihedn\/\" \/>\n<meta property=\"article:published_time\" content=\"2023-03-03T09:41:13+00:00\" \/>\n<meta property=\"article:modified_time\" content=\"2023-03-03T09:43:11+00:00\" \/>\n<meta name=\"author\" content=\"dev\" \/>\n<meta name=\"twitter:card\" content=\"summary_large_image\" \/>\n<meta name=\"twitter:creator\" content=\"@IHEDN\" \/>\n<meta name=\"twitter:site\" content=\"@IHEDN\" \/>\n<meta name=\"twitter:label1\" content=\"Written by\" \/>\n\t<meta name=\"twitter:data1\" content=\"dev\" \/>\n\t<meta name=\"twitter:label2\" content=\"Estimated reading time\" \/>\n\t<meta name=\"twitter:data2\" content=\"1 minute\" \/>\n<script type=\"application\/ld+json\" class=\"yoast-schema-graph\">{\"@context\":\"https:\\\/\\\/schema.org\",\"@graph\":[{\"@type\":\"Article\",\"@id\":\"https:\\\/\\\/ihedn.fr\\\/comprendre\\\/veille-strategique\\\/integration-a-lotan-guerre-en-ukraine-quels-nouveaux-enjeux-de-securite-pour-la-suede-et-la-finlande\\\/#article\",\"isPartOf\":{\"@id\":\"https:\\\/\\\/ihedn.fr\\\/comprendre\\\/veille-strategique\\\/integration-a-lotan-guerre-en-ukraine-quels-nouveaux-enjeux-de-securite-pour-la-suede-et-la-finlande\\\/\"},\"author\":{\"name\":\"dev\",\"@id\":\"https:\\\/\\\/ihedn.fr\\\/#\\\/schema\\\/person\\\/7a40155595e4efb35323447cb8c8c5a4\"},\"headline\":\"Int\u00e9gration \u00e0 l\u2019Otan, guerre en Ukraine : quels nouveaux enjeux de s\u00e9curit\u00e9 pour la Su\u00e8de et la Finlande ?\",\"datePublished\":\"2023-03-03T09:41:13+00:00\",\"dateModified\":\"2023-03-03T09:43:11+00:00\",\"mainEntityOfPage\":{\"@id\":\"https:\\\/\\\/ihedn.fr\\\/comprendre\\\/veille-strategique\\\/integration-a-lotan-guerre-en-ukraine-quels-nouveaux-enjeux-de-securite-pour-la-suede-et-la-finlande\\\/\"},\"wordCount\":59,\"publisher\":{\"@id\":\"https:\\\/\\\/ihedn.fr\\\/#organization\"},\"articleSection\":[\"podcast\",\"Veille strat\u00e9gique\"],\"inLanguage\":\"en-GB\"},{\"@type\":\"WebPage\",\"@id\":\"https:\\\/\\\/ihedn.fr\\\/comprendre\\\/veille-strategique\\\/integration-a-lotan-guerre-en-ukraine-quels-nouveaux-enjeux-de-securite-pour-la-suede-et-la-finlande\\\/\",\"url\":\"https:\\\/\\\/ihedn.fr\\\/comprendre\\\/veille-strategique\\\/integration-a-lotan-guerre-en-ukraine-quels-nouveaux-enjeux-de-securite-pour-la-suede-et-la-finlande\\\/\",\"name\":\"Int\u00e9gration \u00e0 l\u2019Otan, guerre en Ukraine : quels nouveaux enjeux de s\u00e9curit\u00e9 pour la Su\u00e8de et la Finlande ? - L&#039;IHEDN : Institut des hautes \u00e9tudes de d\u00e9fense nationale\",\"isPartOf\":{\"@id\":\"https:\\\/\\\/ihedn.fr\\\/#website\"},\"datePublished\":\"2023-03-03T09:41:13+00:00\",\"dateModified\":\"2023-03-03T09:43:11+00:00\",\"description\":\"Une s\u00e9rie de 4 podcasts avec l\u2019accent mis sur la Russie, les pays nordiques et baltes, Ta\u00efwan et Isra\u00ebl. Cultures monde de France culture, janvier 2023.\",\"breadcrumb\":{\"@id\":\"https:\\\/\\\/ihedn.fr\\\/comprendre\\\/veille-strategique\\\/integration-a-lotan-guerre-en-ukraine-quels-nouveaux-enjeux-de-securite-pour-la-suede-et-la-finlande\\\/#breadcrumb\"},\"inLanguage\":\"en-GB\",\"potentialAction\":[{\"@type\":\"ReadAction\",\"target\":[\"https:\\\/\\\/ihedn.fr\\\/comprendre\\\/veille-strategique\\\/integration-a-lotan-guerre-en-ukraine-quels-nouveaux-enjeux-de-securite-pour-la-suede-et-la-finlande\\\/\"]}]},{\"@type\":\"BreadcrumbList\",\"@id\":\"https:\\\/\\\/ihedn.fr\\\/comprendre\\\/veille-strategique\\\/integration-a-lotan-guerre-en-ukraine-quels-nouveaux-enjeux-de-securite-pour-la-suede-et-la-finlande\\\/#breadcrumb\",\"itemListElement\":[{\"@type\":\"ListItem\",\"position\":1,\"name\":\"Accueil\",\"item\":\"https:\\\/\\\/ihedn.fr\\\/\"},{\"@type\":\"ListItem\",\"position\":2,\"name\":\"Int\u00e9gration \u00e0 l\u2019Otan, guerre en Ukraine : quels nouveaux enjeux de s\u00e9curit\u00e9 pour la Su\u00e8de et la Finlande ?\"}]},{\"@type\":\"WebSite\",\"@id\":\"https:\\\/\\\/ihedn.fr\\\/#website\",\"url\":\"https:\\\/\\\/ihedn.fr\\\/\",\"name\":\"IHEDN : Institut des hautes \u00e9tudes de d\u00e9fense nationale |\",\"description\":\"Site officiel de l&#039;IHEDN plac\u00e9 sous la tutelle du Premier ministre.\",\"publisher\":{\"@id\":\"https:\\\/\\\/ihedn.fr\\\/#organization\"},\"potentialAction\":[{\"@type\":\"SearchAction\",\"target\":{\"@type\":\"EntryPoint\",\"urlTemplate\":\"https:\\\/\\\/ihedn.fr\\\/?s={search_term_string}\"},\"query-input\":{\"@type\":\"PropertyValueSpecification\",\"valueRequired\":true,\"valueName\":\"search_term_string\"}}],\"inLanguage\":\"en-GB\"},{\"@type\":\"Organization\",\"@id\":\"https:\\\/\\\/ihedn.fr\\\/#organization\",\"name\":\"IHEDN - Institut des Hautes Etudes de D\u00e9fense Nationale\",\"url\":\"https:\\\/\\\/ihedn.fr\\\/\",\"logo\":{\"@type\":\"ImageObject\",\"inLanguage\":\"en-GB\",\"@id\":\"https:\\\/\\\/ihedn.fr\\\/#\\\/schema\\\/logo\\\/image\\\/\",\"url\":\"https:\\\/\\\/ihedn.fr\\\/wp-content\\\/uploads\\\/2020\\\/11\\\/BLOC_RF_IHEDN_WEB.png\",\"contentUrl\":\"https:\\\/\\\/ihedn.fr\\\/wp-content\\\/uploads\\\/2020\\\/11\\\/BLOC_RF_IHEDN_WEB.png\",\"width\":500,\"height\":237,\"caption\":\"IHEDN - Institut des Hautes Etudes de D\u00e9fense Nationale\"},\"image\":{\"@id\":\"https:\\\/\\\/ihedn.fr\\\/#\\\/schema\\\/logo\\\/image\\\/\"},\"sameAs\":[\"https:\\\/\\\/www.facebook.com\\\/ihedn\\\/\",\"https:\\\/\\\/x.com\\\/IHEDN\",\"https:\\\/\\\/www.instagram.com\\\/ihedn\\\/\",\"https:\\\/\\\/www.linkedin.com\\\/school\\\/ihedn\\\/\",\"https:\\\/\\\/fr.wikipedia.org\\\/wiki\\\/Institut_des_hautes_\u00e9tudes_de_D\u00e9fense_nationale\"]},{\"@type\":\"Person\",\"@id\":\"https:\\\/\\\/ihedn.fr\\\/#\\\/schema\\\/person\\\/7a40155595e4efb35323447cb8c8c5a4\",\"name\":\"dev\",\"image\":{\"@type\":\"ImageObject\",\"inLanguage\":\"en-GB\",\"@id\":\"https:\\\/\\\/secure.gravatar.com\\\/avatar\\\/f1ffcac9ca2fa95ad3ec33e9be3ade82f752acb0cabe541e56c5889225afa88a?s=96&d=mm&r=g\",\"url\":\"https:\\\/\\\/secure.gravatar.com\\\/avatar\\\/f1ffcac9ca2fa95ad3ec33e9be3ade82f752acb0cabe541e56c5889225afa88a?s=96&d=mm&r=g\",\"contentUrl\":\"https:\\\/\\\/secure.gravatar.com\\\/avatar\\\/f1ffcac9ca2fa95ad3ec33e9be3ade82f752acb0cabe541e56c5889225afa88a?s=96&d=mm&r=g\",\"caption\":\"dev\"},\"sameAs\":[\"https:\\\/\\\/ihedn.concilium.click\"],\"url\":\"https:\\\/\\\/ihedn.fr\\\/en\\\/author\\\/dev\\\/\"}]}<\/script>\n<!-- \/ Yoast SEO plugin. -->","yoast_head_json":{"title":"NATO integration, war in Ukraine: what new security challenges for Sweden and Finland? - IHEDN: Institute for Advanced National Defence Studies","description":"A series of 4 podcasts focusing on Russia, the Nordic and Baltic countries, Taiwan and Israel. Cultures monde by France culture, January 2023.","robots":{"index":"index","follow":"follow","max-snippet":"max-snippet:-1","max-image-preview":"max-image-preview:large","max-video-preview":"max-video-preview:-1"},"canonical":"https:\/\/ihedn.fr\/en\/comprendre\/veille-strategique\/integration-a-lotan-guerre-en-ukraine-quels-nouveaux-enjeux-de-securite-pour-la-suede-et-la-finlande\/","og_locale":"en_GB","og_type":"article","og_title":"Int\u00e9gration \u00e0 l\u2019Otan, guerre en Ukraine : quels nouveaux enjeux de s\u00e9curit\u00e9 pour la Su\u00e8de et la Finlande ? - L&#039;IHEDN : Institut des hautes \u00e9tudes de d\u00e9fense nationale","og_description":"Une s\u00e9rie de 4 podcasts avec l\u2019accent mis sur la Russie, les pays nordiques et baltes, Ta\u00efwan et Isra\u00ebl. Cultures monde de France culture, janvier 2023.","og_url":"https:\/\/ihedn.fr\/en\/comprendre\/veille-strategique\/integration-a-lotan-guerre-en-ukraine-quels-nouveaux-enjeux-de-securite-pour-la-suede-et-la-finlande\/","og_site_name":"L&#039;IHEDN : Institut des hautes \u00e9tudes de d\u00e9fense nationale","article_publisher":"https:\/\/www.facebook.com\/ihedn\/","article_published_time":"2023-03-03T09:41:13+00:00","article_modified_time":"2023-03-03T09:43:11+00:00","author":"dev","twitter_card":"summary_large_image","twitter_creator":"@IHEDN","twitter_site":"@IHEDN","twitter_misc":{"Written by":"dev","Estimated reading time":"1 minute"},"schema":{"@context":"https:\/\/schema.org","@graph":[{"@type":"Article","@id":"https:\/\/ihedn.fr\/comprendre\/veille-strategique\/integration-a-lotan-guerre-en-ukraine-quels-nouveaux-enjeux-de-securite-pour-la-suede-et-la-finlande\/#article","isPartOf":{"@id":"https:\/\/ihedn.fr\/comprendre\/veille-strategique\/integration-a-lotan-guerre-en-ukraine-quels-nouveaux-enjeux-de-securite-pour-la-suede-et-la-finlande\/"},"author":{"name":"dev","@id":"https:\/\/ihedn.fr\/#\/schema\/person\/7a40155595e4efb35323447cb8c8c5a4"},"headline":"Int\u00e9gration \u00e0 l\u2019Otan, guerre en Ukraine : quels nouveaux enjeux de s\u00e9curit\u00e9 pour la Su\u00e8de et la Finlande ?","datePublished":"2023-03-03T09:41:13+00:00","dateModified":"2023-03-03T09:43:11+00:00","mainEntityOfPage":{"@id":"https:\/\/ihedn.fr\/comprendre\/veille-strategique\/integration-a-lotan-guerre-en-ukraine-quels-nouveaux-enjeux-de-securite-pour-la-suede-et-la-finlande\/"},"wordCount":59,"publisher":{"@id":"https:\/\/ihedn.fr\/#organization"},"articleSection":["podcast","Veille strat\u00e9gique"],"inLanguage":"en-GB"},{"@type":"WebPage","@id":"https:\/\/ihedn.fr\/comprendre\/veille-strategique\/integration-a-lotan-guerre-en-ukraine-quels-nouveaux-enjeux-de-securite-pour-la-suede-et-la-finlande\/","url":"https:\/\/ihedn.fr\/comprendre\/veille-strategique\/integration-a-lotan-guerre-en-ukraine-quels-nouveaux-enjeux-de-securite-pour-la-suede-et-la-finlande\/","name":"NATO integration, war in Ukraine: what new security challenges for Sweden and Finland? - IHEDN: Institute for Advanced National Defence Studies","isPartOf":{"@id":"https:\/\/ihedn.fr\/#website"},"datePublished":"2023-03-03T09:41:13+00:00","dateModified":"2023-03-03T09:43:11+00:00","description":"A series of 4 podcasts focusing on Russia, the Nordic and Baltic countries, Taiwan and Israel. Cultures monde by France culture, January 2023.","breadcrumb":{"@id":"https:\/\/ihedn.fr\/comprendre\/veille-strategique\/integration-a-lotan-guerre-en-ukraine-quels-nouveaux-enjeux-de-securite-pour-la-suede-et-la-finlande\/#breadcrumb"},"inLanguage":"en-GB","potentialAction":[{"@type":"ReadAction","target":["https:\/\/ihedn.fr\/comprendre\/veille-strategique\/integration-a-lotan-guerre-en-ukraine-quels-nouveaux-enjeux-de-securite-pour-la-suede-et-la-finlande\/"]}]},{"@type":"BreadcrumbList","@id":"https:\/\/ihedn.fr\/comprendre\/veille-strategique\/integration-a-lotan-guerre-en-ukraine-quels-nouveaux-enjeux-de-securite-pour-la-suede-et-la-finlande\/#breadcrumb","itemListElement":[{"@type":"ListItem","position":1,"name":"Accueil","item":"https:\/\/ihedn.fr\/"},{"@type":"ListItem","position":2,"name":"Int\u00e9gration \u00e0 l\u2019Otan, guerre en Ukraine : quels nouveaux enjeux de s\u00e9curit\u00e9 pour la Su\u00e8de et la Finlande ?"}]},{"@type":"WebSite","@id":"https:\/\/ihedn.fr\/#website","url":"https:\/\/ihedn.fr\/","name":"IHEDN: Institut des hautes \u00e9tudes de d\u00e9fense nationale (Institute for Higher National Defence Studies)","description":"Official website of the IHEDN under the supervision of the Prime Minister.","publisher":{"@id":"https:\/\/ihedn.fr\/#organization"},"potentialAction":[{"@type":"SearchAction","target":{"@type":"EntryPoint","urlTemplate":"https:\/\/ihedn.fr\/?s={search_term_string}"},"query-input":{"@type":"PropertyValueSpecification","valueRequired":true,"valueName":"search_term_string"}}],"inLanguage":"en-GB"},{"@type":"Organization","@id":"https:\/\/ihedn.fr\/#organization","name":"IHEDN - Institute for Higher National Defence Studies","url":"https:\/\/ihedn.fr\/","logo":{"@type":"ImageObject","inLanguage":"en-GB","@id":"https:\/\/ihedn.fr\/#\/schema\/logo\/image\/","url":"https:\/\/ihedn.fr\/wp-content\/uploads\/2020\/11\/BLOC_RF_IHEDN_WEB.png","contentUrl":"https:\/\/ihedn.fr\/wp-content\/uploads\/2020\/11\/BLOC_RF_IHEDN_WEB.png","width":500,"height":237,"caption":"IHEDN - Institut des Hautes Etudes de D\u00e9fense Nationale"},"image":{"@id":"https:\/\/ihedn.fr\/#\/schema\/logo\/image\/"},"sameAs":["https:\/\/www.facebook.com\/ihedn\/","https:\/\/x.com\/IHEDN","https:\/\/www.instagram.com\/ihedn\/","https:\/\/www.linkedin.com\/school\/ihedn\/","https:\/\/fr.wikipedia.org\/wiki\/Institut_des_hautes_\u00e9tudes_de_D\u00e9fense_nationale"]},{"@type":"Person","@id":"https:\/\/ihedn.fr\/#\/schema\/person\/7a40155595e4efb35323447cb8c8c5a4","name":"dev","image":{"@type":"ImageObject","inLanguage":"en-GB","@id":"https:\/\/secure.gravatar.com\/avatar\/f1ffcac9ca2fa95ad3ec33e9be3ade82f752acb0cabe541e56c5889225afa88a?s=96&d=mm&r=g","url":"https:\/\/secure.gravatar.com\/avatar\/f1ffcac9ca2fa95ad3ec33e9be3ade82f752acb0cabe541e56c5889225afa88a?s=96&d=mm&r=g","contentUrl":"https:\/\/secure.gravatar.com\/avatar\/f1ffcac9ca2fa95ad3ec33e9be3ade82f752acb0cabe541e56c5889225afa88a?s=96&d=mm&r=g","caption":"dev"},"sameAs":["https:\/\/ihedn.concilium.click"],"url":"https:\/\/ihedn.fr\/en\/author\/dev\/"}]}},"publishpress_future_action":{"enabled":false,"date":"2026-05-08 13:20:53","action":"change-status","newStatus":"draft","terms":[],"taxonomy":"category","extraData":[]},"publishpress_future_workflow_manual_trigger":{"enabledWorkflows":[]},"_links":{"self":[{"href":"https:\/\/ihedn.fr\/en\/wp-json\/wp\/v2\/posts\/35627","targetHints":{"allow":["GET"]}}],"collection":[{"href":"https:\/\/ihedn.fr\/en\/wp-json\/wp\/v2\/posts"}],"about":[{"href":"https:\/\/ihedn.fr\/en\/wp-json\/wp\/v2\/types\/post"}],"author":[{"embeddable":true,"href":"https:\/\/ihedn.fr\/en\/wp-json\/wp\/v2\/users\/1"}],"replies":[{"embeddable":true,"href":"https:\/\/ihedn.fr\/en\/wp-json\/wp\/v2\/comments?post=35627"}],"version-history":[{"count":4,"href":"https:\/\/ihedn.fr\/en\/wp-json\/wp\/v2\/posts\/35627\/revisions"}],"predecessor-version":[{"id":35631,"href":"https:\/\/ihedn.fr\/en\/wp-json\/wp\/v2\/posts\/35627\/revisions\/35631"}],"wp:attachment":[{"href":"https:\/\/ihedn.fr\/en\/wp-json\/wp\/v2\/media?parent=35627"}],"wp:term":[{"taxonomy":"category","embeddable":true,"href":"https:\/\/ihedn.fr\/en\/wp-json\/wp\/v2\/categories?post=35627"},{"taxonomy":"post_tag","embeddable":true,"href":"https:\/\/ihedn.fr\/en\/wp-json\/wp\/v2\/tags?post=35627"}],"curies":[{"name":"wp","href":"https:\/\/api.w.org\/{rel}","templated":true}]}}