{"id":35644,"date":"2023-03-03T10:49:09","date_gmt":"2023-03-03T09:49:09","guid":{"rendered":"https:\/\/ihedn.fr\/?p=35644"},"modified":"2023-03-03T10:51:33","modified_gmt":"2023-03-03T09:51:33","slug":"la-chine-face-a-la-guerre-dukraine","status":"publish","type":"post","link":"https:\/\/ihedn.fr\/en\/veille-strategique\/la-chine-face-a-la-guerre-dukraine\/","title":{"rendered":"China and the war in Ukraine"},"content":{"rendered":"<div data-elementor-type=\"wp-post\" data-elementor-id=\"35644\" class=\"elementor elementor-35644\" data-elementor-post-type=\"post\">\n\t\t\t\t\t\t<section data-particle_enable=\"false\" data-particle-mobile-disabled=\"false\" class=\"elementor-section elementor-top-section elementor-element elementor-element-b88d249 elementor-section-boxed elementor-section-height-default elementor-section-height-default\" data-id=\"b88d249\" data-element_type=\"section\" data-e-type=\"section\">\n\t\t\t\t\t\t<div class=\"elementor-container elementor-column-gap-default\">\n\t\t\t\t\t<div class=\"elementor-column elementor-col-50 elementor-top-column elementor-element elementor-element-1540d59\" data-id=\"1540d59\" data-element_type=\"column\" data-e-type=\"column\">\n\t\t\t<div class=\"elementor-widget-wrap elementor-element-populated\">\n\t\t\t\t\t\t<div class=\"elementor-element elementor-element-2e4b219 elementor-widget elementor-widget-text-editor\" data-id=\"2e4b219\" data-element_type=\"widget\" data-e-type=\"widget\" data-widget_type=\"text-editor.default\">\n\t\t\t\t<div class=\"elementor-widget-container\">\n\t\t\t\t\t\t\t\t\t<p><em><strong><a href=\"https:\/\/soundcloud.com\/le-collimateur\/la-chine-face-a-la-guerre-dukraine?utm_source=Email&amp;utm_campaign=social_sharing&amp;utm_medium=widgetutm_content=https%3A%2F%2Fsoundcloud.com%2Fle-collimateur%2Fla-chine-face-a-la-guerre-dukraine\">The Collimator<\/a><\/strong> with Alice EKMAN (EUISS), 8 February 2023<\/em><\/p>\t\t\t\t\t\t\t\t<\/div>\n\t\t\t\t<\/div>\n\t\t\t\t\t<\/div>\n\t\t<\/div>\n\t\t\t\t<div class=\"elementor-column elementor-col-50 elementor-top-column elementor-element elementor-element-6f71538\" data-id=\"6f71538\" data-element_type=\"column\" data-e-type=\"column\">\n\t\t\t<div class=\"elementor-widget-wrap elementor-element-populated\">\n\t\t\t\t\t\t<div class=\"elementor-element elementor-element-eabf657 elementor-widget elementor-widget-image\" data-id=\"eabf657\" data-element_type=\"widget\" data-e-type=\"widget\" data-widget_type=\"image.default\">\n\t\t\t\t<div class=\"elementor-widget-container\">\n\t\t\t\t\t\t\t\t\t\t\t\t\t\t\t\t<a href=\"https:\/\/soundcloud.com\/le-collimateur\/la-chine-face-a-la-guerre-dukraine?utm_source=Email&#038;utm_campaign=social_sharing&#038;utm_medium=widgetutm_content=https%3A%2F%2Fsoundcloud.com%2Fle-collimateur%2Fla-chine-face-a-la-guerre-dukraine\">\n\t\t\t\t\t\t\t<img fetchpriority=\"high\" decoding=\"async\" width=\"500\" height=\"500\" src=\"https:\/\/ihedn.fr\/wp-content\/uploads\/2021\/12\/IRSEM-le-collimateur.jpg\" class=\"attachment-full size-full wp-image-17204\" alt=\"\" srcset=\"https:\/\/ihedn.fr\/wp-content\/uploads\/2021\/12\/IRSEM-le-collimateur.jpg 500w, https:\/\/ihedn.fr\/wp-content\/uploads\/2021\/12\/IRSEM-le-collimateur-300x300.jpg 300w, https:\/\/ihedn.fr\/wp-content\/uploads\/2021\/12\/IRSEM-le-collimateur-150x150.jpg 150w, https:\/\/ihedn.fr\/wp-content\/uploads\/2021\/12\/IRSEM-le-collimateur-100x100.jpg 100w\" sizes=\"(max-width: 500px) 100vw, 500px\" \/>\t\t\t\t\t\t\t\t<\/a>\n\t\t\t\t\t\t\t\t\t\t\t\t\t\t\t<\/div>\n\t\t\t\t<\/div>\n\t\t\t\t\t<\/div>\n\t\t<\/div>\n\t\t\t\t\t<\/div>\n\t\t<\/section>\n\t\t\t\t<\/div>","protected":false},"excerpt":{"rendered":"<p>Le Collimateur with Alice EKMAN (EUISS), 8 February 2023<\/p>","protected":false},"author":1,"featured_media":0,"comment_status":"closed","ping_status":"closed","sticky":false,"template":"","format":"standard","meta":{"footnotes":""},"categories":[179,175],"tags":[],"class_list":["post-35644","post","type-post","status-publish","format-standard","hentry","category-podcast","category-veille-strategique"],"yoast_head":"<!-- This site is optimized with the Yoast SEO plugin v27.5 - https:\/\/yoast.com\/product\/yoast-seo-wordpress\/ -->\n<title>La Chine face \u00e0 la guerre d&#039;Ukraine - L&#039;IHEDN : Institut des hautes \u00e9tudes de d\u00e9fense nationale<\/title>\n<meta name=\"description\" content=\"Une s\u00e9rie de 4 podcasts avec l\u2019accent mis sur la Russie, les pays nordiques et baltes, Ta\u00efwan et Isra\u00ebl. Cultures monde de France culture, janvier 2023.\" \/>\n<meta name=\"robots\" content=\"index, follow, max-snippet:-1, max-image-preview:large, max-video-preview:-1\" \/>\n<link rel=\"canonical\" href=\"https:\/\/ihedn.fr\/en\/comprendre\/veille-strategique\/la-chine-face-a-la-guerre-dukraine\/\" \/>\n<meta property=\"og:locale\" content=\"en_GB\" \/>\n<meta property=\"og:type\" content=\"article\" \/>\n<meta property=\"og:title\" content=\"La Chine face \u00e0 la guerre d&#039;Ukraine - L&#039;IHEDN : Institut des hautes \u00e9tudes de d\u00e9fense nationale\" \/>\n<meta property=\"og:description\" content=\"Une s\u00e9rie de 4 podcasts avec l\u2019accent mis sur la Russie, les pays nordiques et baltes, Ta\u00efwan et Isra\u00ebl. Cultures monde de France culture, janvier 2023.\" \/>\n<meta property=\"og:url\" content=\"https:\/\/ihedn.fr\/en\/comprendre\/veille-strategique\/la-chine-face-a-la-guerre-dukraine\/\" \/>\n<meta property=\"og:site_name\" content=\"L&#039;IHEDN : Institut des hautes \u00e9tudes de d\u00e9fense nationale\" \/>\n<meta property=\"article:publisher\" content=\"https:\/\/www.facebook.com\/ihedn\/\" \/>\n<meta property=\"article:published_time\" content=\"2023-03-03T09:49:09+00:00\" \/>\n<meta property=\"article:modified_time\" content=\"2023-03-03T09:51:33+00:00\" \/>\n<meta property=\"og:image\" content=\"https:\/\/ihedn.fr\/wp-content\/uploads\/2021\/12\/IRSEM-le-collimateur.jpg\" \/>\n<meta name=\"author\" content=\"dev\" \/>\n<meta name=\"twitter:card\" content=\"summary_large_image\" \/>\n<meta name=\"twitter:creator\" content=\"@IHEDN\" \/>\n<meta name=\"twitter:site\" content=\"@IHEDN\" \/>\n<meta name=\"twitter:label1\" content=\"Written by\" \/>\n\t<meta name=\"twitter:data1\" content=\"dev\" \/>\n\t<meta name=\"twitter:label2\" content=\"Estimated reading time\" \/>\n\t<meta name=\"twitter:data2\" content=\"1 minute\" \/>\n<script type=\"application\/ld+json\" class=\"yoast-schema-graph\">{\"@context\":\"https:\\\/\\\/schema.org\",\"@graph\":[{\"@type\":\"Article\",\"@id\":\"https:\\\/\\\/ihedn.fr\\\/comprendre\\\/veille-strategique\\\/la-chine-face-a-la-guerre-dukraine\\\/#article\",\"isPartOf\":{\"@id\":\"https:\\\/\\\/ihedn.fr\\\/comprendre\\\/veille-strategique\\\/la-chine-face-a-la-guerre-dukraine\\\/\"},\"author\":{\"name\":\"dev\",\"@id\":\"https:\\\/\\\/ihedn.fr\\\/#\\\/schema\\\/person\\\/7a40155595e4efb35323447cb8c8c5a4\"},\"headline\":\"La Chine face \u00e0 la guerre d&rsquo;Ukraine\",\"datePublished\":\"2023-03-03T09:49:09+00:00\",\"dateModified\":\"2023-03-03T09:51:33+00:00\",\"mainEntityOfPage\":{\"@id\":\"https:\\\/\\\/ihedn.fr\\\/comprendre\\\/veille-strategique\\\/la-chine-face-a-la-guerre-dukraine\\\/\"},\"wordCount\":15,\"publisher\":{\"@id\":\"https:\\\/\\\/ihedn.fr\\\/#organization\"},\"image\":{\"@id\":\"https:\\\/\\\/ihedn.fr\\\/comprendre\\\/veille-strategique\\\/la-chine-face-a-la-guerre-dukraine\\\/#primaryimage\"},\"thumbnailUrl\":\"https:\\\/\\\/ihedn.fr\\\/wp-content\\\/uploads\\\/2021\\\/12\\\/IRSEM-le-collimateur.jpg\",\"articleSection\":[\"podcast\",\"Veille strat\u00e9gique\"],\"inLanguage\":\"en-GB\"},{\"@type\":\"WebPage\",\"@id\":\"https:\\\/\\\/ihedn.fr\\\/comprendre\\\/veille-strategique\\\/la-chine-face-a-la-guerre-dukraine\\\/\",\"url\":\"https:\\\/\\\/ihedn.fr\\\/comprendre\\\/veille-strategique\\\/la-chine-face-a-la-guerre-dukraine\\\/\",\"name\":\"La Chine face \u00e0 la guerre d'Ukraine - L&#039;IHEDN : Institut des hautes \u00e9tudes de d\u00e9fense nationale\",\"isPartOf\":{\"@id\":\"https:\\\/\\\/ihedn.fr\\\/#website\"},\"primaryImageOfPage\":{\"@id\":\"https:\\\/\\\/ihedn.fr\\\/comprendre\\\/veille-strategique\\\/la-chine-face-a-la-guerre-dukraine\\\/#primaryimage\"},\"image\":{\"@id\":\"https:\\\/\\\/ihedn.fr\\\/comprendre\\\/veille-strategique\\\/la-chine-face-a-la-guerre-dukraine\\\/#primaryimage\"},\"thumbnailUrl\":\"https:\\\/\\\/ihedn.fr\\\/wp-content\\\/uploads\\\/2021\\\/12\\\/IRSEM-le-collimateur.jpg\",\"datePublished\":\"2023-03-03T09:49:09+00:00\",\"dateModified\":\"2023-03-03T09:51:33+00:00\",\"description\":\"Une s\u00e9rie de 4 podcasts avec l\u2019accent mis sur la Russie, les pays nordiques et baltes, Ta\u00efwan et Isra\u00ebl. Cultures monde de France culture, janvier 2023.\",\"breadcrumb\":{\"@id\":\"https:\\\/\\\/ihedn.fr\\\/comprendre\\\/veille-strategique\\\/la-chine-face-a-la-guerre-dukraine\\\/#breadcrumb\"},\"inLanguage\":\"en-GB\",\"potentialAction\":[{\"@type\":\"ReadAction\",\"target\":[\"https:\\\/\\\/ihedn.fr\\\/comprendre\\\/veille-strategique\\\/la-chine-face-a-la-guerre-dukraine\\\/\"]}]},{\"@type\":\"ImageObject\",\"inLanguage\":\"en-GB\",\"@id\":\"https:\\\/\\\/ihedn.fr\\\/comprendre\\\/veille-strategique\\\/la-chine-face-a-la-guerre-dukraine\\\/#primaryimage\",\"url\":\"https:\\\/\\\/ihedn.fr\\\/wp-content\\\/uploads\\\/2021\\\/12\\\/IRSEM-le-collimateur.jpg\",\"contentUrl\":\"https:\\\/\\\/ihedn.fr\\\/wp-content\\\/uploads\\\/2021\\\/12\\\/IRSEM-le-collimateur.jpg\"},{\"@type\":\"BreadcrumbList\",\"@id\":\"https:\\\/\\\/ihedn.fr\\\/comprendre\\\/veille-strategique\\\/la-chine-face-a-la-guerre-dukraine\\\/#breadcrumb\",\"itemListElement\":[{\"@type\":\"ListItem\",\"position\":1,\"name\":\"Accueil\",\"item\":\"https:\\\/\\\/ihedn.fr\\\/\"},{\"@type\":\"ListItem\",\"position\":2,\"name\":\"La Chine face \u00e0 la guerre d&rsquo;Ukraine\"}]},{\"@type\":\"WebSite\",\"@id\":\"https:\\\/\\\/ihedn.fr\\\/#website\",\"url\":\"https:\\\/\\\/ihedn.fr\\\/\",\"name\":\"IHEDN : Institut des hautes \u00e9tudes de d\u00e9fense nationale |\",\"description\":\"Site officiel de l&#039;IHEDN plac\u00e9 sous la tutelle du Premier ministre.\",\"publisher\":{\"@id\":\"https:\\\/\\\/ihedn.fr\\\/#organization\"},\"potentialAction\":[{\"@type\":\"SearchAction\",\"target\":{\"@type\":\"EntryPoint\",\"urlTemplate\":\"https:\\\/\\\/ihedn.fr\\\/?s={search_term_string}\"},\"query-input\":{\"@type\":\"PropertyValueSpecification\",\"valueRequired\":true,\"valueName\":\"search_term_string\"}}],\"inLanguage\":\"en-GB\"},{\"@type\":\"Organization\",\"@id\":\"https:\\\/\\\/ihedn.fr\\\/#organization\",\"name\":\"IHEDN - Institut des Hautes Etudes de D\u00e9fense Nationale\",\"url\":\"https:\\\/\\\/ihedn.fr\\\/\",\"logo\":{\"@type\":\"ImageObject\",\"inLanguage\":\"en-GB\",\"@id\":\"https:\\\/\\\/ihedn.fr\\\/#\\\/schema\\\/logo\\\/image\\\/\",\"url\":\"https:\\\/\\\/ihedn.fr\\\/wp-content\\\/uploads\\\/2020\\\/11\\\/BLOC_RF_IHEDN_WEB.png\",\"contentUrl\":\"https:\\\/\\\/ihedn.fr\\\/wp-content\\\/uploads\\\/2020\\\/11\\\/BLOC_RF_IHEDN_WEB.png\",\"width\":500,\"height\":237,\"caption\":\"IHEDN - Institut des Hautes Etudes de D\u00e9fense Nationale\"},\"image\":{\"@id\":\"https:\\\/\\\/ihedn.fr\\\/#\\\/schema\\\/logo\\\/image\\\/\"},\"sameAs\":[\"https:\\\/\\\/www.facebook.com\\\/ihedn\\\/\",\"https:\\\/\\\/x.com\\\/IHEDN\",\"https:\\\/\\\/www.instagram.com\\\/ihedn\\\/\",\"https:\\\/\\\/www.linkedin.com\\\/school\\\/ihedn\\\/\",\"https:\\\/\\\/fr.wikipedia.org\\\/wiki\\\/Institut_des_hautes_\u00e9tudes_de_D\u00e9fense_nationale\"]},{\"@type\":\"Person\",\"@id\":\"https:\\\/\\\/ihedn.fr\\\/#\\\/schema\\\/person\\\/7a40155595e4efb35323447cb8c8c5a4\",\"name\":\"dev\",\"image\":{\"@type\":\"ImageObject\",\"inLanguage\":\"en-GB\",\"@id\":\"https:\\\/\\\/secure.gravatar.com\\\/avatar\\\/f1ffcac9ca2fa95ad3ec33e9be3ade82f752acb0cabe541e56c5889225afa88a?s=96&d=mm&r=g\",\"url\":\"https:\\\/\\\/secure.gravatar.com\\\/avatar\\\/f1ffcac9ca2fa95ad3ec33e9be3ade82f752acb0cabe541e56c5889225afa88a?s=96&d=mm&r=g\",\"contentUrl\":\"https:\\\/\\\/secure.gravatar.com\\\/avatar\\\/f1ffcac9ca2fa95ad3ec33e9be3ade82f752acb0cabe541e56c5889225afa88a?s=96&d=mm&r=g\",\"caption\":\"dev\"},\"sameAs\":[\"https:\\\/\\\/ihedn.concilium.click\"],\"url\":\"https:\\\/\\\/ihedn.fr\\\/en\\\/author\\\/dev\\\/\"}]}<\/script>\n<!-- \/ Yoast SEO plugin. -->","yoast_head_json":{"title":"China and the war in Ukraine - L'IHEDN : Institut des hautes \u00e9tudes de d\u00e9fense nationale (French Institute for Advanced National Defence Studies)","description":"A series of 4 podcasts focusing on Russia, the Nordic and Baltic countries, Taiwan and Israel. Cultures monde by France culture, January 2023.","robots":{"index":"index","follow":"follow","max-snippet":"max-snippet:-1","max-image-preview":"max-image-preview:large","max-video-preview":"max-video-preview:-1"},"canonical":"https:\/\/ihedn.fr\/en\/comprendre\/veille-strategique\/la-chine-face-a-la-guerre-dukraine\/","og_locale":"en_GB","og_type":"article","og_title":"La Chine face \u00e0 la guerre d'Ukraine - L&#039;IHEDN : Institut des hautes \u00e9tudes de d\u00e9fense nationale","og_description":"Une s\u00e9rie de 4 podcasts avec l\u2019accent mis sur la Russie, les pays nordiques et baltes, Ta\u00efwan et Isra\u00ebl. Cultures monde de France culture, janvier 2023.","og_url":"https:\/\/ihedn.fr\/en\/comprendre\/veille-strategique\/la-chine-face-a-la-guerre-dukraine\/","og_site_name":"L&#039;IHEDN : Institut des hautes \u00e9tudes de d\u00e9fense nationale","article_publisher":"https:\/\/www.facebook.com\/ihedn\/","article_published_time":"2023-03-03T09:49:09+00:00","article_modified_time":"2023-03-03T09:51:33+00:00","og_image":[{"url":"https:\/\/ihedn.fr\/wp-content\/uploads\/2021\/12\/IRSEM-le-collimateur.jpg","type":"","width":"","height":""}],"author":"dev","twitter_card":"summary_large_image","twitter_creator":"@IHEDN","twitter_site":"@IHEDN","twitter_misc":{"Written by":"dev","Estimated reading time":"1 minute"},"schema":{"@context":"https:\/\/schema.org","@graph":[{"@type":"Article","@id":"https:\/\/ihedn.fr\/comprendre\/veille-strategique\/la-chine-face-a-la-guerre-dukraine\/#article","isPartOf":{"@id":"https:\/\/ihedn.fr\/comprendre\/veille-strategique\/la-chine-face-a-la-guerre-dukraine\/"},"author":{"name":"dev","@id":"https:\/\/ihedn.fr\/#\/schema\/person\/7a40155595e4efb35323447cb8c8c5a4"},"headline":"La Chine face \u00e0 la guerre d&rsquo;Ukraine","datePublished":"2023-03-03T09:49:09+00:00","dateModified":"2023-03-03T09:51:33+00:00","mainEntityOfPage":{"@id":"https:\/\/ihedn.fr\/comprendre\/veille-strategique\/la-chine-face-a-la-guerre-dukraine\/"},"wordCount":15,"publisher":{"@id":"https:\/\/ihedn.fr\/#organization"},"image":{"@id":"https:\/\/ihedn.fr\/comprendre\/veille-strategique\/la-chine-face-a-la-guerre-dukraine\/#primaryimage"},"thumbnailUrl":"https:\/\/ihedn.fr\/wp-content\/uploads\/2021\/12\/IRSEM-le-collimateur.jpg","articleSection":["podcast","Veille strat\u00e9gique"],"inLanguage":"en-GB"},{"@type":"WebPage","@id":"https:\/\/ihedn.fr\/comprendre\/veille-strategique\/la-chine-face-a-la-guerre-dukraine\/","url":"https:\/\/ihedn.fr\/comprendre\/veille-strategique\/la-chine-face-a-la-guerre-dukraine\/","name":"China and the war in Ukraine - L'IHEDN : Institut des hautes \u00e9tudes de d\u00e9fense nationale (French Institute for Advanced National Defence Studies)","isPartOf":{"@id":"https:\/\/ihedn.fr\/#website"},"primaryImageOfPage":{"@id":"https:\/\/ihedn.fr\/comprendre\/veille-strategique\/la-chine-face-a-la-guerre-dukraine\/#primaryimage"},"image":{"@id":"https:\/\/ihedn.fr\/comprendre\/veille-strategique\/la-chine-face-a-la-guerre-dukraine\/#primaryimage"},"thumbnailUrl":"https:\/\/ihedn.fr\/wp-content\/uploads\/2021\/12\/IRSEM-le-collimateur.jpg","datePublished":"2023-03-03T09:49:09+00:00","dateModified":"2023-03-03T09:51:33+00:00","description":"A series of 4 podcasts focusing on Russia, the Nordic and Baltic countries, Taiwan and Israel. Cultures monde by France culture, January 2023.","breadcrumb":{"@id":"https:\/\/ihedn.fr\/comprendre\/veille-strategique\/la-chine-face-a-la-guerre-dukraine\/#breadcrumb"},"inLanguage":"en-GB","potentialAction":[{"@type":"ReadAction","target":["https:\/\/ihedn.fr\/comprendre\/veille-strategique\/la-chine-face-a-la-guerre-dukraine\/"]}]},{"@type":"ImageObject","inLanguage":"en-GB","@id":"https:\/\/ihedn.fr\/comprendre\/veille-strategique\/la-chine-face-a-la-guerre-dukraine\/#primaryimage","url":"https:\/\/ihedn.fr\/wp-content\/uploads\/2021\/12\/IRSEM-le-collimateur.jpg","contentUrl":"https:\/\/ihedn.fr\/wp-content\/uploads\/2021\/12\/IRSEM-le-collimateur.jpg"},{"@type":"BreadcrumbList","@id":"https:\/\/ihedn.fr\/comprendre\/veille-strategique\/la-chine-face-a-la-guerre-dukraine\/#breadcrumb","itemListElement":[{"@type":"ListItem","position":1,"name":"Accueil","item":"https:\/\/ihedn.fr\/"},{"@type":"ListItem","position":2,"name":"La Chine face \u00e0 la guerre d&rsquo;Ukraine"}]},{"@type":"WebSite","@id":"https:\/\/ihedn.fr\/#website","url":"https:\/\/ihedn.fr\/","name":"IHEDN: Institut des hautes \u00e9tudes de d\u00e9fense nationale (Institute for Higher National Defence Studies)","description":"Official website of the IHEDN under the supervision of the Prime Minister.","publisher":{"@id":"https:\/\/ihedn.fr\/#organization"},"potentialAction":[{"@type":"SearchAction","target":{"@type":"EntryPoint","urlTemplate":"https:\/\/ihedn.fr\/?s={search_term_string}"},"query-input":{"@type":"PropertyValueSpecification","valueRequired":true,"valueName":"search_term_string"}}],"inLanguage":"en-GB"},{"@type":"Organization","@id":"https:\/\/ihedn.fr\/#organization","name":"IHEDN - Institute for Higher National Defence Studies","url":"https:\/\/ihedn.fr\/","logo":{"@type":"ImageObject","inLanguage":"en-GB","@id":"https:\/\/ihedn.fr\/#\/schema\/logo\/image\/","url":"https:\/\/ihedn.fr\/wp-content\/uploads\/2020\/11\/BLOC_RF_IHEDN_WEB.png","contentUrl":"https:\/\/ihedn.fr\/wp-content\/uploads\/2020\/11\/BLOC_RF_IHEDN_WEB.png","width":500,"height":237,"caption":"IHEDN - Institut des Hautes Etudes de D\u00e9fense Nationale"},"image":{"@id":"https:\/\/ihedn.fr\/#\/schema\/logo\/image\/"},"sameAs":["https:\/\/www.facebook.com\/ihedn\/","https:\/\/x.com\/IHEDN","https:\/\/www.instagram.com\/ihedn\/","https:\/\/www.linkedin.com\/school\/ihedn\/","https:\/\/fr.wikipedia.org\/wiki\/Institut_des_hautes_\u00e9tudes_de_D\u00e9fense_nationale"]},{"@type":"Person","@id":"https:\/\/ihedn.fr\/#\/schema\/person\/7a40155595e4efb35323447cb8c8c5a4","name":"dev","image":{"@type":"ImageObject","inLanguage":"en-GB","@id":"https:\/\/secure.gravatar.com\/avatar\/f1ffcac9ca2fa95ad3ec33e9be3ade82f752acb0cabe541e56c5889225afa88a?s=96&d=mm&r=g","url":"https:\/\/secure.gravatar.com\/avatar\/f1ffcac9ca2fa95ad3ec33e9be3ade82f752acb0cabe541e56c5889225afa88a?s=96&d=mm&r=g","contentUrl":"https:\/\/secure.gravatar.com\/avatar\/f1ffcac9ca2fa95ad3ec33e9be3ade82f752acb0cabe541e56c5889225afa88a?s=96&d=mm&r=g","caption":"dev"},"sameAs":["https:\/\/ihedn.concilium.click"],"url":"https:\/\/ihedn.fr\/en\/author\/dev\/"}]}},"publishpress_future_action":{"enabled":false,"date":"2026-05-08 10:51:36","action":"change-status","newStatus":"draft","terms":[],"taxonomy":"category","extraData":[]},"publishpress_future_workflow_manual_trigger":{"enabledWorkflows":[]},"_links":{"self":[{"href":"https:\/\/ihedn.fr\/en\/wp-json\/wp\/v2\/posts\/35644","targetHints":{"allow":["GET"]}}],"collection":[{"href":"https:\/\/ihedn.fr\/en\/wp-json\/wp\/v2\/posts"}],"about":[{"href":"https:\/\/ihedn.fr\/en\/wp-json\/wp\/v2\/types\/post"}],"author":[{"embeddable":true,"href":"https:\/\/ihedn.fr\/en\/wp-json\/wp\/v2\/users\/1"}],"replies":[{"embeddable":true,"href":"https:\/\/ihedn.fr\/en\/wp-json\/wp\/v2\/comments?post=35644"}],"version-history":[{"count":4,"href":"https:\/\/ihedn.fr\/en\/wp-json\/wp\/v2\/posts\/35644\/revisions"}],"predecessor-version":[{"id":35648,"href":"https:\/\/ihedn.fr\/en\/wp-json\/wp\/v2\/posts\/35644\/revisions\/35648"}],"wp:attachment":[{"href":"https:\/\/ihedn.fr\/en\/wp-json\/wp\/v2\/media?parent=35644"}],"wp:term":[{"taxonomy":"category","embeddable":true,"href":"https:\/\/ihedn.fr\/en\/wp-json\/wp\/v2\/categories?post=35644"},{"taxonomy":"post_tag","embeddable":true,"href":"https:\/\/ihedn.fr\/en\/wp-json\/wp\/v2\/tags?post=35644"}],"curies":[{"name":"wp","href":"https:\/\/api.w.org\/{rel}","templated":true}]}}