{"id":35706,"date":"2023-03-06T11:38:56","date_gmt":"2023-03-06T10:38:56","guid":{"rendered":"https:\/\/ihedn.fr\/?p=35706"},"modified":"2023-03-06T16:28:03","modified_gmt":"2023-03-06T15:28:03","slug":"ouverture-de-la-3e-session-internationale-pour-les-balkans-et-leurope-du-sud-est","status":"publish","type":"post","link":"https:\/\/ihedn.fr\/en\/notre-actualite\/ouverture-de-la-3e-session-internationale-pour-les-balkans-et-leurope-du-sud-est\/","title":{"rendered":"Opening of the 3<sup>e<\/sup> International Session for the Balkans and South-East Europe"},"content":{"rendered":"<div data-elementor-type=\"wp-post\" data-elementor-id=\"35706\" class=\"elementor elementor-35706\" data-elementor-post-type=\"post\">\n\t\t\t\t\t\t<section data-particle_enable=\"false\" data-particle-mobile-disabled=\"false\" class=\"elementor-section elementor-top-section elementor-element elementor-element-95d55b7 elementor-section-boxed elementor-section-height-default elementor-section-height-default\" data-id=\"95d55b7\" data-element_type=\"section\" data-e-type=\"section\">\n\t\t\t\t\t\t<div class=\"elementor-container elementor-column-gap-default\">\n\t\t\t\t\t<div class=\"elementor-column elementor-col-100 elementor-top-column elementor-element elementor-element-869f623\" data-id=\"869f623\" data-element_type=\"column\" data-e-type=\"column\">\n\t\t\t<div class=\"elementor-widget-wrap elementor-element-populated\">\n\t\t\t\t\t\t<div class=\"elementor-element elementor-element-796b21a elementor-widget elementor-widget-text-editor\" data-id=\"796b21a\" data-element_type=\"widget\" data-e-type=\"widget\" data-widget_type=\"text-editor.default\">\n\t\t\t\t<div class=\"elementor-widget-container\">\n\t\t\t\t\t\t\t\t\t<p>This session, punctuated by ten plenary lectures, a visit to a manufacturer's facilities and committee work, has as its theme: \"Faced with shared threats, a new commitment from France and the EU in the Western Balkans\". The aim is to raise awareness of French defence and security policies among 39 students from 14 countries in South-East Europe and the Western Balkans, as well as from international organisations, and to help create a common strategic culture in Europe. The region shares concerns with France and the European Union about cyber security, organised crime, migration and foreign influences.<\/p><p>This session is part of a series of recurring dialogue activities with the Western Balkans and South-East Europe. A \"Balkans Strategic Dialogue\" is due to be held in 2023.<\/p>\t\t\t\t\t\t\t\t<\/div>\n\t\t\t\t<\/div>\n\t\t\t\t\t<\/div>\n\t\t<\/div>\n\t\t\t\t\t<\/div>\n\t\t<\/section>\n\t\t\t\t<section data-particle_enable=\"false\" data-particle-mobile-disabled=\"false\" class=\"elementor-section elementor-top-section elementor-element elementor-element-4172064 elementor-section-boxed elementor-section-height-default elementor-section-height-default\" data-id=\"4172064\" data-element_type=\"section\" data-e-type=\"section\">\n\t\t\t\t\t\t<div class=\"elementor-container elementor-column-gap-default\">\n\t\t\t\t\t<div class=\"elementor-column elementor-col-100 elementor-top-column elementor-element elementor-element-3cdacdf\" data-id=\"3cdacdf\" data-element_type=\"column\" data-e-type=\"column\">\n\t\t\t<div class=\"elementor-widget-wrap elementor-element-populated\">\n\t\t\t\t\t\t<div class=\"elementor-element elementor-element-49eb968 elementor-widget elementor-widget-gallery\" data-id=\"49eb968\" data-element_type=\"widget\" data-e-type=\"widget\" data-settings=\"{&quot;lazyload&quot;:&quot;yes&quot;,&quot;gallery_layout&quot;:&quot;grid&quot;,&quot;columns&quot;:4,&quot;columns_tablet&quot;:2,&quot;columns_mobile&quot;:1,&quot;gap&quot;:{&quot;unit&quot;:&quot;px&quot;,&quot;size&quot;:10,&quot;sizes&quot;:[]},&quot;gap_tablet&quot;:{&quot;unit&quot;:&quot;px&quot;,&quot;size&quot;:10,&quot;sizes&quot;:[]},&quot;gap_mobile&quot;:{&quot;unit&quot;:&quot;px&quot;,&quot;size&quot;:10,&quot;sizes&quot;:[]},&quot;link_to&quot;:&quot;file&quot;,&quot;aspect_ratio&quot;:&quot;3:2&quot;,&quot;overlay_background&quot;:&quot;yes&quot;,&quot;content_hover_animation&quot;:&quot;fade-in&quot;}\" data-widget_type=\"gallery.default\">\n\t\t\t\t<div class=\"elementor-widget-container\">\n\t\t\t\t\t\t\t<div class=\"elementor-gallery__container\">\n\t\t\t\t\t\t\t<a class=\"e-gallery-item elementor-gallery-item elementor-animated-content\" href=\"https:\/\/ihedn.fr\/wp-content\/uploads\/2023\/03\/sib-1.jpg\" data-elementor-open-lightbox=\"yes\" data-elementor-lightbox-slideshow=\"49eb968\" data-e-action-hash=\"#elementor-action%3Aaction%3Dlightbox%26settings%3DeyJpZCI6MzU3MDcsInVybCI6Imh0dHBzOlwvXC9paGVkbi5mclwvd3AtY29udGVudFwvdXBsb2Fkc1wvMjAyM1wvMDNcL3NpYi0xLmpwZyIsInNsaWRlc2hvdyI6IjQ5ZWI5NjgifQ%3D%3D\">\n\t\t\t\t\t<div class=\"e-gallery-image elementor-gallery-item__image\" data-thumbnail=\"https:\/\/ihedn.fr\/wp-content\/uploads\/2023\/03\/sib-1-300x300.jpg\" data-width=\"300\" data-height=\"300\" aria-label=\"\" role=\"img\" ><\/div>\n\t\t\t\t\t\t\t\t\t\t\t<div class=\"elementor-gallery-item__overlay\"><\/div>\n\t\t\t\t\t\t\t\t\t\t\t\t\t\t<\/a>\n\t\t\t\t\t\t\t<a class=\"e-gallery-item elementor-gallery-item elementor-animated-content\" href=\"https:\/\/ihedn.fr\/wp-content\/uploads\/2023\/03\/sib-2.jpg\" data-elementor-open-lightbox=\"yes\" data-elementor-lightbox-slideshow=\"49eb968\" data-e-action-hash=\"#elementor-action%3Aaction%3Dlightbox%26settings%3DeyJpZCI6MzU3MDgsInVybCI6Imh0dHBzOlwvXC9paGVkbi5mclwvd3AtY29udGVudFwvdXBsb2Fkc1wvMjAyM1wvMDNcL3NpYi0yLmpwZyIsInNsaWRlc2hvdyI6IjQ5ZWI5NjgifQ%3D%3D\">\n\t\t\t\t\t<div class=\"e-gallery-image elementor-gallery-item__image\" data-thumbnail=\"https:\/\/ihedn.fr\/wp-content\/uploads\/2023\/03\/sib-2-300x300.jpg\" data-width=\"300\" data-height=\"300\" aria-label=\"\" role=\"img\" ><\/div>\n\t\t\t\t\t\t\t\t\t\t\t<div class=\"elementor-gallery-item__overlay\"><\/div>\n\t\t\t\t\t\t\t\t\t\t\t\t\t\t<\/a>\n\t\t\t\t\t\t\t<a class=\"e-gallery-item elementor-gallery-item elementor-animated-content\" href=\"https:\/\/ihedn.fr\/wp-content\/uploads\/2023\/03\/sib-3.jpg\" data-elementor-open-lightbox=\"yes\" data-elementor-lightbox-slideshow=\"49eb968\" data-e-action-hash=\"#elementor-action%3Aaction%3Dlightbox%26settings%3DeyJpZCI6MzU3MDksInVybCI6Imh0dHBzOlwvXC9paGVkbi5mclwvd3AtY29udGVudFwvdXBsb2Fkc1wvMjAyM1wvMDNcL3NpYi0zLmpwZyIsInNsaWRlc2hvdyI6IjQ5ZWI5NjgifQ%3D%3D\">\n\t\t\t\t\t<div class=\"e-gallery-image elementor-gallery-item__image\" data-thumbnail=\"https:\/\/ihedn.fr\/wp-content\/uploads\/2023\/03\/sib-3-300x300.jpg\" data-width=\"300\" data-height=\"300\" aria-label=\"\" role=\"img\" ><\/div>\n\t\t\t\t\t\t\t\t\t\t\t<div class=\"elementor-gallery-item__overlay\"><\/div>\n\t\t\t\t\t\t\t\t\t\t\t\t\t\t<\/a>\n\t\t\t\t\t\t\t<a class=\"e-gallery-item elementor-gallery-item elementor-animated-content\" href=\"https:\/\/ihedn.fr\/wp-content\/uploads\/2023\/03\/sib-4.jpg\" data-elementor-open-lightbox=\"yes\" data-elementor-lightbox-slideshow=\"49eb968\" data-e-action-hash=\"#elementor-action%3Aaction%3Dlightbox%26settings%3DeyJpZCI6MzU3MTAsInVybCI6Imh0dHBzOlwvXC9paGVkbi5mclwvd3AtY29udGVudFwvdXBsb2Fkc1wvMjAyM1wvMDNcL3NpYi00LmpwZyIsInNsaWRlc2hvdyI6IjQ5ZWI5NjgifQ%3D%3D\">\n\t\t\t\t\t<div class=\"e-gallery-image elementor-gallery-item__image\" data-thumbnail=\"https:\/\/ihedn.fr\/wp-content\/uploads\/2023\/03\/sib-4-300x300.jpg\" data-width=\"300\" data-height=\"300\" aria-label=\"\" role=\"img\" ><\/div>\n\t\t\t\t\t\t\t\t\t\t\t<div class=\"elementor-gallery-item__overlay\"><\/div>\n\t\t\t\t\t\t\t\t\t\t\t\t\t\t<\/a>\n\t\t\t\t\t<\/div>\n\t\t\t\t\t<\/div>\n\t\t\t\t<\/div>\n\t\t\t\t\t<\/div>\n\t\t<\/div>\n\t\t\t\t\t<\/div>\n\t\t<\/section>\n\t\t\t\t<\/div>","protected":false},"excerpt":{"rendered":"<p>On Monday 6 March 2023, Lieutenant General Beno\u00eet Durieux, Director of the Institut des Hautes Etudes de D\u00e9fense Nationale (IHEDN), and Mr J\u00e9r\u00f4me Bresson, Deputy Director of the Directorate for Security and Defence Cooperation (DCSD), opened the 3rd International Session for the Balkans and South-East Europe (SIB), which the IHEDN organises every two years in partnership with the DCSD.<\/p>","protected":false},"author":7,"featured_media":35711,"comment_status":"closed","ping_status":"closed","sticky":false,"template":"","format":"standard","meta":{"footnotes":""},"categories":[172],"tags":[],"class_list":["post-35706","post","type-post","status-publish","format-standard","has-post-thumbnail","hentry","category-notre-actualite"],"yoast_head":"<!-- This site is optimized with the Yoast SEO plugin v27.5 - https:\/\/yoast.com\/product\/yoast-seo-wordpress\/ -->\n<title>Ouverture de la 3e Session internationale pour les Balkans et l\u2019Europe du Sud-Est - L&#039;IHEDN : Institut des hautes \u00e9tudes de d\u00e9fense nationale<\/title>\n<meta name=\"description\" content=\"La quatri\u00e8me et derni\u00e8re semaine de la 230e session en r\u00e9gion Normandie de l\u2019IHEDN a propos\u00e9 aux auditeurs une mise en perspective des coop\u00e9rations et des conflits internationaux au travers notamment de conf\u00e9rences de haut niveau.\" \/>\n<meta name=\"robots\" content=\"index, follow, max-snippet:-1, max-image-preview:large, max-video-preview:-1\" \/>\n<link rel=\"canonical\" href=\"https:\/\/ihedn.fr\/en\/actualites-des-sessions\/regionale\/ouverture-de-la-3e-session-internationale-pour-les-balkans-et-leurope-du-sud-est\/\" \/>\n<meta property=\"og:locale\" content=\"en_GB\" \/>\n<meta property=\"og:type\" content=\"article\" \/>\n<meta property=\"og:title\" content=\"Ouverture de la 3e Session internationale pour les Balkans et l\u2019Europe du Sud-Est\" \/>\n<meta property=\"og:description\" content=\"Ce lundi 6 mars 2023, le G\u00e9n\u00e9ral de corps d\u2019arm\u00e9e Beno\u00eet Durieux, directeur de l\u2019Institut des Hautes Etudes de D\u00e9fense nationale (IHEDN) et Monsieur J\u00e9r\u00f4me Bresson, directeur adjoint de la Direction de Coop\u00e9ration de S\u00e9curit\u00e9 et de D\u00e9fense (DCSD) ont ouvert la 3e Session internationale pour les Balkans et l\u2019Europe du Sud-Est (SIB) que l\u2019IHEDN organise tous les deux ans en partenariat avec la DCSD.\" \/>\n<meta property=\"og:url\" content=\"https:\/\/ihedn.fr\/en\/actualites-des-sessions\/regionale\/ouverture-de-la-3e-session-internationale-pour-les-balkans-et-leurope-du-sud-est\/\" \/>\n<meta property=\"og:site_name\" content=\"L&#039;IHEDN : Institut des hautes \u00e9tudes de d\u00e9fense nationale\" \/>\n<meta property=\"article:publisher\" content=\"https:\/\/www.facebook.com\/ihedn\/\" \/>\n<meta property=\"article:published_time\" content=\"2023-03-06T10:38:56+00:00\" \/>\n<meta property=\"article:modified_time\" content=\"2023-03-06T15:28:03+00:00\" \/>\n<meta property=\"og:image\" content=\"https:\/\/ihedn.fr\/wp-content\/uploads\/2023\/03\/sib-5.jpg\" \/>\n\t<meta property=\"og:image:width\" content=\"1324\" \/>\n\t<meta property=\"og:image:height\" content=\"1076\" \/>\n\t<meta property=\"og:image:type\" content=\"image\/jpeg\" \/>\n<meta name=\"author\" content=\"alexia\" \/>\n<meta name=\"twitter:card\" content=\"summary_large_image\" \/>\n<meta name=\"twitter:title\" content=\"Ouverture de la 3&lt;sup&gt;e&lt;\/sup&gt; Session internationale pour les Balkans et l\u2019Europe du Sud-Est\" \/>\n<meta name=\"twitter:description\" content=\"Ce lundi 6 mars 2023, le G\u00e9n\u00e9ral de corps d\u2019arm\u00e9e Beno\u00eet Durieux, directeur de l\u2019Institut des Hautes Etudes de D\u00e9fense nationale (IHEDN) et Monsieur J\u00e9r\u00f4me Bresson, directeur adjoint de la Direction de Coop\u00e9ration de S\u00e9curit\u00e9 et de D\u00e9fense (DCSD) ont ouvert la 3e Session internationale pour les Balkans et l\u2019Europe du Sud-Est (SIB) que l\u2019IHEDN organise tous les deux ans en partenariat avec la DCSD.\" \/>\n<meta name=\"twitter:image\" content=\"https:\/\/ihedn.fr\/wp-content\/uploads\/2023\/03\/sib-5.jpg\" \/>\n<meta name=\"twitter:creator\" content=\"@IHEDN\" \/>\n<meta name=\"twitter:site\" content=\"@IHEDN\" \/>\n<meta name=\"twitter:label1\" content=\"Written by\" \/>\n\t<meta name=\"twitter:data1\" content=\"alexia\" \/>\n\t<meta name=\"twitter:label2\" content=\"Estimated reading time\" \/>\n\t<meta name=\"twitter:data2\" content=\"1 minute\" \/>\n<script type=\"application\/ld+json\" class=\"yoast-schema-graph\">{\"@context\":\"https:\\\/\\\/schema.org\",\"@graph\":[{\"@type\":\"Article\",\"@id\":\"https:\\\/\\\/ihedn.fr\\\/en\\\/actualites-des-sessions\\\/regionale\\\/ouverture-de-la-3e-session-internationale-pour-les-balkans-et-leurope-du-sud-est\\\/#article\",\"isPartOf\":{\"@id\":\"https:\\\/\\\/ihedn.fr\\\/en\\\/actualites-des-sessions\\\/regionale\\\/ouverture-de-la-3e-session-internationale-pour-les-balkans-et-leurope-du-sud-est\\\/\"},\"author\":{\"name\":\"alexia\",\"@id\":\"https:\\\/\\\/ihedn.fr\\\/#\\\/schema\\\/person\\\/f5fdd32c2827287accbcbc33f74121b5\"},\"headline\":\"Ouverture de la 3e Session internationale pour les Balkans et l\u2019Europe du Sud-Est\",\"datePublished\":\"2023-03-06T10:38:56+00:00\",\"dateModified\":\"2023-03-06T15:28:03+00:00\",\"mainEntityOfPage\":{\"@id\":\"https:\\\/\\\/ihedn.fr\\\/en\\\/actualites-des-sessions\\\/regionale\\\/ouverture-de-la-3e-session-internationale-pour-les-balkans-et-leurope-du-sud-est\\\/\"},\"wordCount\":180,\"publisher\":{\"@id\":\"https:\\\/\\\/ihedn.fr\\\/#organization\"},\"image\":{\"@id\":\"https:\\\/\\\/ihedn.fr\\\/en\\\/actualites-des-sessions\\\/regionale\\\/ouverture-de-la-3e-session-internationale-pour-les-balkans-et-leurope-du-sud-est\\\/#primaryimage\"},\"thumbnailUrl\":\"https:\\\/\\\/ihedn.fr\\\/wp-content\\\/uploads\\\/2023\\\/03\\\/sib-5.jpg\",\"articleSection\":[\"Notre actualit\u00e9\"],\"inLanguage\":\"en-GB\"},{\"@type\":\"WebPage\",\"@id\":\"https:\\\/\\\/ihedn.fr\\\/en\\\/actualites-des-sessions\\\/regionale\\\/ouverture-de-la-3e-session-internationale-pour-les-balkans-et-leurope-du-sud-est\\\/\",\"url\":\"https:\\\/\\\/ihedn.fr\\\/en\\\/actualites-des-sessions\\\/regionale\\\/ouverture-de-la-3e-session-internationale-pour-les-balkans-et-leurope-du-sud-est\\\/\",\"name\":\"Ouverture de la 3e Session internationale pour les Balkans et l\u2019Europe du Sud-Est - L&#039;IHEDN : Institut des hautes \u00e9tudes de d\u00e9fense nationale\",\"isPartOf\":{\"@id\":\"https:\\\/\\\/ihedn.fr\\\/#website\"},\"primaryImageOfPage\":{\"@id\":\"https:\\\/\\\/ihedn.fr\\\/en\\\/actualites-des-sessions\\\/regionale\\\/ouverture-de-la-3e-session-internationale-pour-les-balkans-et-leurope-du-sud-est\\\/#primaryimage\"},\"image\":{\"@id\":\"https:\\\/\\\/ihedn.fr\\\/en\\\/actualites-des-sessions\\\/regionale\\\/ouverture-de-la-3e-session-internationale-pour-les-balkans-et-leurope-du-sud-est\\\/#primaryimage\"},\"thumbnailUrl\":\"https:\\\/\\\/ihedn.fr\\\/wp-content\\\/uploads\\\/2023\\\/03\\\/sib-5.jpg\",\"datePublished\":\"2023-03-06T10:38:56+00:00\",\"dateModified\":\"2023-03-06T15:28:03+00:00\",\"description\":\"La quatri\u00e8me et derni\u00e8re semaine de la 230e session en r\u00e9gion Normandie de l\u2019IHEDN a propos\u00e9 aux auditeurs une mise en perspective des coop\u00e9rations et des conflits internationaux au travers notamment de conf\u00e9rences de haut niveau.\",\"breadcrumb\":{\"@id\":\"https:\\\/\\\/ihedn.fr\\\/en\\\/actualites-des-sessions\\\/regionale\\\/ouverture-de-la-3e-session-internationale-pour-les-balkans-et-leurope-du-sud-est\\\/#breadcrumb\"},\"inLanguage\":\"en-GB\",\"potentialAction\":[{\"@type\":\"ReadAction\",\"target\":[\"https:\\\/\\\/ihedn.fr\\\/en\\\/actualites-des-sessions\\\/regionale\\\/ouverture-de-la-3e-session-internationale-pour-les-balkans-et-leurope-du-sud-est\\\/\"]}]},{\"@type\":\"ImageObject\",\"inLanguage\":\"en-GB\",\"@id\":\"https:\\\/\\\/ihedn.fr\\\/en\\\/actualites-des-sessions\\\/regionale\\\/ouverture-de-la-3e-session-internationale-pour-les-balkans-et-leurope-du-sud-est\\\/#primaryimage\",\"url\":\"https:\\\/\\\/ihedn.fr\\\/wp-content\\\/uploads\\\/2023\\\/03\\\/sib-5.jpg\",\"contentUrl\":\"https:\\\/\\\/ihedn.fr\\\/wp-content\\\/uploads\\\/2023\\\/03\\\/sib-5.jpg\",\"width\":1324,\"height\":1076},{\"@type\":\"BreadcrumbList\",\"@id\":\"https:\\\/\\\/ihedn.fr\\\/en\\\/actualites-des-sessions\\\/regionale\\\/ouverture-de-la-3e-session-internationale-pour-les-balkans-et-leurope-du-sud-est\\\/#breadcrumb\",\"itemListElement\":[{\"@type\":\"ListItem\",\"position\":1,\"name\":\"Accueil\",\"item\":\"https:\\\/\\\/ihedn.fr\\\/\"},{\"@type\":\"ListItem\",\"position\":2,\"name\":\"Ouverture de la 3e Session internationale pour les Balkans et l\u2019Europe du Sud-Est\"}]},{\"@type\":\"WebSite\",\"@id\":\"https:\\\/\\\/ihedn.fr\\\/#website\",\"url\":\"https:\\\/\\\/ihedn.fr\\\/\",\"name\":\"IHEDN : Institut des hautes \u00e9tudes de d\u00e9fense nationale |\",\"description\":\"Site officiel de l&#039;IHEDN plac\u00e9 sous la tutelle du Premier ministre.\",\"publisher\":{\"@id\":\"https:\\\/\\\/ihedn.fr\\\/#organization\"},\"potentialAction\":[{\"@type\":\"SearchAction\",\"target\":{\"@type\":\"EntryPoint\",\"urlTemplate\":\"https:\\\/\\\/ihedn.fr\\\/?s={search_term_string}\"},\"query-input\":{\"@type\":\"PropertyValueSpecification\",\"valueRequired\":true,\"valueName\":\"search_term_string\"}}],\"inLanguage\":\"en-GB\"},{\"@type\":\"Organization\",\"@id\":\"https:\\\/\\\/ihedn.fr\\\/#organization\",\"name\":\"IHEDN - Institut des Hautes Etudes de D\u00e9fense Nationale\",\"url\":\"https:\\\/\\\/ihedn.fr\\\/\",\"logo\":{\"@type\":\"ImageObject\",\"inLanguage\":\"en-GB\",\"@id\":\"https:\\\/\\\/ihedn.fr\\\/#\\\/schema\\\/logo\\\/image\\\/\",\"url\":\"https:\\\/\\\/ihedn.fr\\\/wp-content\\\/uploads\\\/2020\\\/11\\\/BLOC_RF_IHEDN_WEB.png\",\"contentUrl\":\"https:\\\/\\\/ihedn.fr\\\/wp-content\\\/uploads\\\/2020\\\/11\\\/BLOC_RF_IHEDN_WEB.png\",\"width\":500,\"height\":237,\"caption\":\"IHEDN - Institut des Hautes Etudes de D\u00e9fense Nationale\"},\"image\":{\"@id\":\"https:\\\/\\\/ihedn.fr\\\/#\\\/schema\\\/logo\\\/image\\\/\"},\"sameAs\":[\"https:\\\/\\\/www.facebook.com\\\/ihedn\\\/\",\"https:\\\/\\\/x.com\\\/IHEDN\",\"https:\\\/\\\/www.instagram.com\\\/ihedn\\\/\",\"https:\\\/\\\/www.linkedin.com\\\/school\\\/ihedn\\\/\",\"https:\\\/\\\/fr.wikipedia.org\\\/wiki\\\/Institut_des_hautes_\u00e9tudes_de_D\u00e9fense_nationale\"]},{\"@type\":\"Person\",\"@id\":\"https:\\\/\\\/ihedn.fr\\\/#\\\/schema\\\/person\\\/f5fdd32c2827287accbcbc33f74121b5\",\"name\":\"alexia\",\"image\":{\"@type\":\"ImageObject\",\"inLanguage\":\"en-GB\",\"@id\":\"https:\\\/\\\/secure.gravatar.com\\\/avatar\\\/85eb8ccdb2990af9e1d5b99962700286b212c6b84c155ade95bbe0703f9c9001?s=96&d=mm&r=g\",\"url\":\"https:\\\/\\\/secure.gravatar.com\\\/avatar\\\/85eb8ccdb2990af9e1d5b99962700286b212c6b84c155ade95bbe0703f9c9001?s=96&d=mm&r=g\",\"contentUrl\":\"https:\\\/\\\/secure.gravatar.com\\\/avatar\\\/85eb8ccdb2990af9e1d5b99962700286b212c6b84c155ade95bbe0703f9c9001?s=96&d=mm&r=g\",\"caption\":\"alexia\"},\"url\":\"https:\\\/\\\/ihedn.fr\\\/en\\\/author\\\/alexia\\\/\"}]}<\/script>\n<!-- \/ Yoast SEO plugin. -->","yoast_head_json":{"title":"Opening of the 3rd International Session for the Balkans and South-East Europe - L'IHEDN : Institut des hautes \u00e9tudes de d\u00e9fense nationale","description":"The fourth and final week of the 230th session of the IHEDN in the Normandy region provided an opportunity to put international cooperation and conflict into perspective through a series of high-level conferences.","robots":{"index":"index","follow":"follow","max-snippet":"max-snippet:-1","max-image-preview":"max-image-preview:large","max-video-preview":"max-video-preview:-1"},"canonical":"https:\/\/ihedn.fr\/en\/actualites-des-sessions\/regionale\/ouverture-de-la-3e-session-internationale-pour-les-balkans-et-leurope-du-sud-est\/","og_locale":"en_GB","og_type":"article","og_title":"Ouverture de la 3e Session internationale pour les Balkans et l\u2019Europe du Sud-Est","og_description":"Ce lundi 6 mars 2023, le G\u00e9n\u00e9ral de corps d\u2019arm\u00e9e Beno\u00eet Durieux, directeur de l\u2019Institut des Hautes Etudes de D\u00e9fense nationale (IHEDN) et Monsieur J\u00e9r\u00f4me Bresson, directeur adjoint de la Direction de Coop\u00e9ration de S\u00e9curit\u00e9 et de D\u00e9fense (DCSD) ont ouvert la 3e Session internationale pour les Balkans et l\u2019Europe du Sud-Est (SIB) que l\u2019IHEDN organise tous les deux ans en partenariat avec la DCSD.","og_url":"https:\/\/ihedn.fr\/en\/actualites-des-sessions\/regionale\/ouverture-de-la-3e-session-internationale-pour-les-balkans-et-leurope-du-sud-est\/","og_site_name":"L&#039;IHEDN : Institut des hautes \u00e9tudes de d\u00e9fense nationale","article_publisher":"https:\/\/www.facebook.com\/ihedn\/","article_published_time":"2023-03-06T10:38:56+00:00","article_modified_time":"2023-03-06T15:28:03+00:00","og_image":[{"width":1324,"height":1076,"url":"https:\/\/ihedn.fr\/wp-content\/uploads\/2023\/03\/sib-5.jpg","type":"image\/jpeg"}],"author":"alexia","twitter_card":"summary_large_image","twitter_title":"Ouverture de la 3<sup>e<\/sup> Session internationale pour les Balkans et l\u2019Europe du Sud-Est","twitter_description":"Ce lundi 6 mars 2023, le G\u00e9n\u00e9ral de corps d\u2019arm\u00e9e Beno\u00eet Durieux, directeur de l\u2019Institut des Hautes Etudes de D\u00e9fense nationale (IHEDN) et Monsieur J\u00e9r\u00f4me Bresson, directeur adjoint de la Direction de Coop\u00e9ration de S\u00e9curit\u00e9 et de D\u00e9fense (DCSD) ont ouvert la 3e Session internationale pour les Balkans et l\u2019Europe du Sud-Est (SIB) que l\u2019IHEDN organise tous les deux ans en partenariat avec la DCSD.","twitter_image":"https:\/\/ihedn.fr\/wp-content\/uploads\/2023\/03\/sib-5.jpg","twitter_creator":"@IHEDN","twitter_site":"@IHEDN","twitter_misc":{"Written by":"alexia","Estimated reading time":"1 minute"},"schema":{"@context":"https:\/\/schema.org","@graph":[{"@type":"Article","@id":"https:\/\/ihedn.fr\/en\/actualites-des-sessions\/regionale\/ouverture-de-la-3e-session-internationale-pour-les-balkans-et-leurope-du-sud-est\/#article","isPartOf":{"@id":"https:\/\/ihedn.fr\/en\/actualites-des-sessions\/regionale\/ouverture-de-la-3e-session-internationale-pour-les-balkans-et-leurope-du-sud-est\/"},"author":{"name":"alexia","@id":"https:\/\/ihedn.fr\/#\/schema\/person\/f5fdd32c2827287accbcbc33f74121b5"},"headline":"Ouverture de la 3e Session internationale pour les Balkans et l\u2019Europe du Sud-Est","datePublished":"2023-03-06T10:38:56+00:00","dateModified":"2023-03-06T15:28:03+00:00","mainEntityOfPage":{"@id":"https:\/\/ihedn.fr\/en\/actualites-des-sessions\/regionale\/ouverture-de-la-3e-session-internationale-pour-les-balkans-et-leurope-du-sud-est\/"},"wordCount":180,"publisher":{"@id":"https:\/\/ihedn.fr\/#organization"},"image":{"@id":"https:\/\/ihedn.fr\/en\/actualites-des-sessions\/regionale\/ouverture-de-la-3e-session-internationale-pour-les-balkans-et-leurope-du-sud-est\/#primaryimage"},"thumbnailUrl":"https:\/\/ihedn.fr\/wp-content\/uploads\/2023\/03\/sib-5.jpg","articleSection":["Notre actualit\u00e9"],"inLanguage":"en-GB"},{"@type":"WebPage","@id":"https:\/\/ihedn.fr\/en\/actualites-des-sessions\/regionale\/ouverture-de-la-3e-session-internationale-pour-les-balkans-et-leurope-du-sud-est\/","url":"https:\/\/ihedn.fr\/en\/actualites-des-sessions\/regionale\/ouverture-de-la-3e-session-internationale-pour-les-balkans-et-leurope-du-sud-est\/","name":"Opening of the 3rd International Session for the Balkans and South-East Europe - L'IHEDN : Institut des hautes \u00e9tudes de d\u00e9fense nationale","isPartOf":{"@id":"https:\/\/ihedn.fr\/#website"},"primaryImageOfPage":{"@id":"https:\/\/ihedn.fr\/en\/actualites-des-sessions\/regionale\/ouverture-de-la-3e-session-internationale-pour-les-balkans-et-leurope-du-sud-est\/#primaryimage"},"image":{"@id":"https:\/\/ihedn.fr\/en\/actualites-des-sessions\/regionale\/ouverture-de-la-3e-session-internationale-pour-les-balkans-et-leurope-du-sud-est\/#primaryimage"},"thumbnailUrl":"https:\/\/ihedn.fr\/wp-content\/uploads\/2023\/03\/sib-5.jpg","datePublished":"2023-03-06T10:38:56+00:00","dateModified":"2023-03-06T15:28:03+00:00","description":"The fourth and final week of the 230th session of the IHEDN in the Normandy region provided an opportunity to put international cooperation and conflict into perspective through a series of high-level conferences.","breadcrumb":{"@id":"https:\/\/ihedn.fr\/en\/actualites-des-sessions\/regionale\/ouverture-de-la-3e-session-internationale-pour-les-balkans-et-leurope-du-sud-est\/#breadcrumb"},"inLanguage":"en-GB","potentialAction":[{"@type":"ReadAction","target":["https:\/\/ihedn.fr\/en\/actualites-des-sessions\/regionale\/ouverture-de-la-3e-session-internationale-pour-les-balkans-et-leurope-du-sud-est\/"]}]},{"@type":"ImageObject","inLanguage":"en-GB","@id":"https:\/\/ihedn.fr\/en\/actualites-des-sessions\/regionale\/ouverture-de-la-3e-session-internationale-pour-les-balkans-et-leurope-du-sud-est\/#primaryimage","url":"https:\/\/ihedn.fr\/wp-content\/uploads\/2023\/03\/sib-5.jpg","contentUrl":"https:\/\/ihedn.fr\/wp-content\/uploads\/2023\/03\/sib-5.jpg","width":1324,"height":1076},{"@type":"BreadcrumbList","@id":"https:\/\/ihedn.fr\/en\/actualites-des-sessions\/regionale\/ouverture-de-la-3e-session-internationale-pour-les-balkans-et-leurope-du-sud-est\/#breadcrumb","itemListElement":[{"@type":"ListItem","position":1,"name":"Accueil","item":"https:\/\/ihedn.fr\/"},{"@type":"ListItem","position":2,"name":"Ouverture de la 3e Session internationale pour les Balkans et l\u2019Europe du Sud-Est"}]},{"@type":"WebSite","@id":"https:\/\/ihedn.fr\/#website","url":"https:\/\/ihedn.fr\/","name":"IHEDN: Institut des hautes \u00e9tudes de d\u00e9fense nationale (Institute for Higher National Defence Studies)","description":"Official website of the IHEDN under the supervision of the Prime Minister.","publisher":{"@id":"https:\/\/ihedn.fr\/#organization"},"potentialAction":[{"@type":"SearchAction","target":{"@type":"EntryPoint","urlTemplate":"https:\/\/ihedn.fr\/?s={search_term_string}"},"query-input":{"@type":"PropertyValueSpecification","valueRequired":true,"valueName":"search_term_string"}}],"inLanguage":"en-GB"},{"@type":"Organization","@id":"https:\/\/ihedn.fr\/#organization","name":"IHEDN - Institute for Higher National Defence Studies","url":"https:\/\/ihedn.fr\/","logo":{"@type":"ImageObject","inLanguage":"en-GB","@id":"https:\/\/ihedn.fr\/#\/schema\/logo\/image\/","url":"https:\/\/ihedn.fr\/wp-content\/uploads\/2020\/11\/BLOC_RF_IHEDN_WEB.png","contentUrl":"https:\/\/ihedn.fr\/wp-content\/uploads\/2020\/11\/BLOC_RF_IHEDN_WEB.png","width":500,"height":237,"caption":"IHEDN - Institut des Hautes Etudes de D\u00e9fense Nationale"},"image":{"@id":"https:\/\/ihedn.fr\/#\/schema\/logo\/image\/"},"sameAs":["https:\/\/www.facebook.com\/ihedn\/","https:\/\/x.com\/IHEDN","https:\/\/www.instagram.com\/ihedn\/","https:\/\/www.linkedin.com\/school\/ihedn\/","https:\/\/fr.wikipedia.org\/wiki\/Institut_des_hautes_\u00e9tudes_de_D\u00e9fense_nationale"]},{"@type":"Person","@id":"https:\/\/ihedn.fr\/#\/schema\/person\/f5fdd32c2827287accbcbc33f74121b5","name":"alexia","image":{"@type":"ImageObject","inLanguage":"en-GB","@id":"https:\/\/secure.gravatar.com\/avatar\/85eb8ccdb2990af9e1d5b99962700286b212c6b84c155ade95bbe0703f9c9001?s=96&d=mm&r=g","url":"https:\/\/secure.gravatar.com\/avatar\/85eb8ccdb2990af9e1d5b99962700286b212c6b84c155ade95bbe0703f9c9001?s=96&d=mm&r=g","contentUrl":"https:\/\/secure.gravatar.com\/avatar\/85eb8ccdb2990af9e1d5b99962700286b212c6b84c155ade95bbe0703f9c9001?s=96&d=mm&r=g","caption":"alexia"},"url":"https:\/\/ihedn.fr\/en\/author\/alexia\/"}]}},"publishpress_future_action":{"enabled":false,"date":"2026-05-08 05:33:41","action":"change-status","newStatus":"draft","terms":[],"taxonomy":"category","extraData":[]},"publishpress_future_workflow_manual_trigger":{"enabledWorkflows":[]},"_links":{"self":[{"href":"https:\/\/ihedn.fr\/en\/wp-json\/wp\/v2\/posts\/35706","targetHints":{"allow":["GET"]}}],"collection":[{"href":"https:\/\/ihedn.fr\/en\/wp-json\/wp\/v2\/posts"}],"about":[{"href":"https:\/\/ihedn.fr\/en\/wp-json\/wp\/v2\/types\/post"}],"author":[{"embeddable":true,"href":"https:\/\/ihedn.fr\/en\/wp-json\/wp\/v2\/users\/7"}],"replies":[{"embeddable":true,"href":"https:\/\/ihedn.fr\/en\/wp-json\/wp\/v2\/comments?post=35706"}],"version-history":[{"count":5,"href":"https:\/\/ihedn.fr\/en\/wp-json\/wp\/v2\/posts\/35706\/revisions"}],"predecessor-version":[{"id":35722,"href":"https:\/\/ihedn.fr\/en\/wp-json\/wp\/v2\/posts\/35706\/revisions\/35722"}],"wp:featuredmedia":[{"embeddable":true,"href":"https:\/\/ihedn.fr\/en\/wp-json\/wp\/v2\/media\/35711"}],"wp:attachment":[{"href":"https:\/\/ihedn.fr\/en\/wp-json\/wp\/v2\/media?parent=35706"}],"wp:term":[{"taxonomy":"category","embeddable":true,"href":"https:\/\/ihedn.fr\/en\/wp-json\/wp\/v2\/categories?post=35706"},{"taxonomy":"post_tag","embeddable":true,"href":"https:\/\/ihedn.fr\/en\/wp-json\/wp\/v2\/tags?post=35706"}],"curies":[{"name":"wp","href":"https:\/\/api.w.org\/{rel}","templated":true}]}}