{"id":35742,"date":"2023-03-08T09:59:01","date_gmt":"2023-03-08T08:59:01","guid":{"rendered":"https:\/\/ihedn.fr\/?p=35742"},"modified":"2023-06-30T13:22:48","modified_gmt":"2023-06-30T12:22:48","slug":"gbr-ortemann-je-nai-jamais-voulu-quon-me-dicte-mes-choix","status":"publish","type":"post","link":"https:\/\/ihedn.fr\/en\/notre-selection\/gbr-ortemann-je-nai-jamais-voulu-quon-me-dicte-mes-choix\/","title":{"rendered":"GBR Ortemann: \"I never wanted to be dictated to."},"content":{"rendered":"<div data-elementor-type=\"wp-post\" data-elementor-id=\"35742\" class=\"elementor elementor-35742\" data-elementor-post-type=\"post\">\n\t\t\t\t\t\t<section data-particle_enable=\"false\" data-particle-mobile-disabled=\"false\" class=\"elementor-section elementor-top-section elementor-element elementor-element-9aff6a4 elementor-section-boxed elementor-section-height-default elementor-section-height-default\" data-id=\"9aff6a4\" data-element_type=\"section\" data-e-type=\"section\">\n\t\t\t\t\t\t<div class=\"elementor-container elementor-column-gap-default\">\n\t\t\t\t\t<div class=\"elementor-column elementor-col-100 elementor-top-column elementor-element elementor-element-a0f1165\" data-id=\"a0f1165\" data-element_type=\"column\" data-e-type=\"column\">\n\t\t\t<div class=\"elementor-widget-wrap elementor-element-populated\">\n\t\t\t\t\t\t<div class=\"elementor-element elementor-element-24e0611 elementor-widget elementor-widget-heading\" data-id=\"24e0611\" data-element_type=\"widget\" data-e-type=\"widget\" data-widget_type=\"heading.default\">\n\t\t\t\t<div class=\"elementor-widget-container\">\n\t\t\t\t\t<h4 class=\"elementor-heading-title elementor-size-default\">What obstacles have you faced as a woman in the course of your career?<\/h4>\t\t\t\t<\/div>\n\t\t\t\t<\/div>\n\t\t\t\t<div class=\"elementor-element elementor-element-a5fbcc1 elementor-widget-divider--view-line elementor-widget elementor-widget-divider\" data-id=\"a5fbcc1\" data-element_type=\"widget\" data-e-type=\"widget\" data-widget_type=\"divider.default\">\n\t\t\t\t<div class=\"elementor-widget-container\">\n\t\t\t\t\t\t\t<div class=\"elementor-divider\">\n\t\t\t<span class=\"elementor-divider-separator\">\n\t\t\t\t\t\t<\/span>\n\t\t<\/div>\n\t\t\t\t\t\t<\/div>\n\t\t\t\t<\/div>\n\t\t\t\t<div class=\"elementor-element elementor-element-01f3b3b elementor-widget elementor-widget-text-editor\" data-id=\"01f3b3b\" data-element_type=\"widget\" data-e-type=\"widget\" data-widget_type=\"text-editor.default\">\n\t\t\t\t<div class=\"elementor-widget-container\">\n\t\t\t\t\t\t\t\t\t<p>I chose to join the military at the age of 19. I realised quite quickly that entering, staying and wanting to progress as a woman in a man's world was not a smooth ride.<\/p><p>I had to argue quite regularly, justify my choices, demonstrate my motivation and persevere. I didn't want or need a man's job, I wanted and want to aspire to interesting positions or positions of responsibility for which I feel I have the necessary skills and qualities.<\/p><p>I never wanted anyone to dictate my choices.<\/p>\t\t\t\t\t\t\t\t<\/div>\n\t\t\t\t<\/div>\n\t\t\t\t\t<\/div>\n\t\t<\/div>\n\t\t\t\t\t<\/div>\n\t\t<\/section>\n\t\t\t\t<section data-particle_enable=\"false\" data-particle-mobile-disabled=\"false\" class=\"elementor-section elementor-top-section elementor-element elementor-element-74c0816 elementor-section-boxed elementor-section-height-default elementor-section-height-default\" data-id=\"74c0816\" data-element_type=\"section\" data-e-type=\"section\">\n\t\t\t\t\t\t<div class=\"elementor-container elementor-column-gap-default\">\n\t\t\t\t\t<div class=\"elementor-column elementor-col-100 elementor-top-column elementor-element elementor-element-201570d\" data-id=\"201570d\" data-element_type=\"column\" data-e-type=\"column\">\n\t\t\t<div class=\"elementor-widget-wrap elementor-element-populated\">\n\t\t\t\t\t\t<div class=\"elementor-element elementor-element-f954ac7 elementor-widget elementor-widget-heading\" data-id=\"f954ac7\" data-element_type=\"widget\" data-e-type=\"widget\" data-widget_type=\"heading.default\">\n\t\t\t\t<div class=\"elementor-widget-container\">\n\t\t\t\t\t<h4 class=\"elementor-heading-title elementor-size-default\">How can we ensure that women feel legitimate enough to start a career in the defence industry? <\/h4>\t\t\t\t<\/div>\n\t\t\t\t<\/div>\n\t\t\t\t<div class=\"elementor-element elementor-element-7754195 elementor-widget-divider--view-line elementor-widget elementor-widget-divider\" data-id=\"7754195\" data-element_type=\"widget\" data-e-type=\"widget\" data-widget_type=\"divider.default\">\n\t\t\t\t<div class=\"elementor-widget-container\">\n\t\t\t\t\t\t\t<div class=\"elementor-divider\">\n\t\t\t<span class=\"elementor-divider-separator\">\n\t\t\t\t\t\t<\/span>\n\t\t<\/div>\n\t\t\t\t\t\t<\/div>\n\t\t\t\t<\/div>\n\t\t\t\t<div class=\"elementor-element elementor-element-51314a9 elementor-widget elementor-widget-text-editor\" data-id=\"51314a9\" data-element_type=\"widget\" data-e-type=\"widget\" data-widget_type=\"text-editor.default\">\n\t\t\t\t<div class=\"elementor-widget-container\">\n\t\t\t\t\t\t\t\t\t<p>Defence is not a domain reserved for men. When we think of defence, we think of war and the military. Women have been taking part in wars for a long time, but above all the world of Defence is vast. It offers a wide range of commitments. Women have their rightful place in it, as citizens who want to get involved for their country. This is true in every country.<\/p>\t\t\t\t\t\t\t\t<\/div>\n\t\t\t\t<\/div>\n\t\t\t\t\t<\/div>\n\t\t<\/div>\n\t\t\t\t\t<\/div>\n\t\t<\/section>\n\t\t\t\t<section data-particle_enable=\"false\" data-particle-mobile-disabled=\"false\" class=\"elementor-section elementor-top-section elementor-element elementor-element-d90436c elementor-section-boxed elementor-section-height-default elementor-section-height-default\" data-id=\"d90436c\" data-element_type=\"section\" data-e-type=\"section\">\n\t\t\t\t\t\t<div class=\"elementor-container elementor-column-gap-default\">\n\t\t\t\t\t<div class=\"elementor-column elementor-col-100 elementor-top-column elementor-element elementor-element-a1f3cb7\" data-id=\"a1f3cb7\" data-element_type=\"column\" data-e-type=\"column\">\n\t\t\t<div class=\"elementor-widget-wrap elementor-element-populated\">\n\t\t\t\t\t\t<div class=\"elementor-element elementor-element-24a2bdf elementor-widget elementor-widget-heading\" data-id=\"24a2bdf\" data-element_type=\"widget\" data-e-type=\"widget\" data-widget_type=\"heading.default\">\n\t\t\t\t<div class=\"elementor-widget-container\">\n\t\t\t\t\t<h4 class=\"elementor-heading-title elementor-size-default\">Are you in favour of positive discrimination?<\/h4>\t\t\t\t<\/div>\n\t\t\t\t<\/div>\n\t\t\t\t<div class=\"elementor-element elementor-element-425550e elementor-widget-divider--view-line elementor-widget elementor-widget-divider\" data-id=\"425550e\" data-element_type=\"widget\" data-e-type=\"widget\" data-widget_type=\"divider.default\">\n\t\t\t\t<div class=\"elementor-widget-container\">\n\t\t\t\t\t\t\t<div class=\"elementor-divider\">\n\t\t\t<span class=\"elementor-divider-separator\">\n\t\t\t\t\t\t<\/span>\n\t\t<\/div>\n\t\t\t\t\t\t<\/div>\n\t\t\t\t<\/div>\n\t\t\t\t<div class=\"elementor-element elementor-element-210bce1 elementor-widget elementor-widget-text-editor\" data-id=\"210bce1\" data-element_type=\"widget\" data-e-type=\"widget\" data-widget_type=\"text-editor.default\">\n\t\t\t\t<div class=\"elementor-widget-container\">\n\t\t\t\t\t\t\t\t\t<p>It's a difficult question, because I'd like to give a blunt \"no\". I'd like us to choose women for their skills, for what they bring to the table, for their qualities.<\/p><p>Even then, they would have to be part of the pool from which we look for candidates for certain positions. Added to this is the fact that some women put the brakes on themselves, fearing that they are not up to the job or cannot take on everything.<\/p><p>So yes, I'm in favour of positive discrimination, but in a measured way. We mustn't unbalance the system, but we mustn't deprive ourselves of talent. So when a female candidate comes forward - and we also need to encourage this - we need to pay particular attention to her, without denying the needs expressed for the position.<\/p><p>You have the right to want it all! A fulfilling professional and personal life! To achieve this, women need to have confidence in themselves. We need to help them do this, probably through mentoring and coaching.<\/p><p>Personally, my family and friends have always supported me, and I've had a few male sponsors who have helped me to imagine a career path in line with my desires and profile.<\/p><p>Belonging to a network for exchange and debate can be a tool for finding keys or measuring the \"possible\".<\/p>\t\t\t\t\t\t\t\t<\/div>\n\t\t\t\t<\/div>\n\t\t\t\t\t<\/div>\n\t\t<\/div>\n\t\t\t\t\t<\/div>\n\t\t<\/section>\n\t\t\t\t<\/div>","protected":false},"excerpt":{"rendered":"<p>Men are no more predisposed than women to take an interest in defence and national security issues. To mark International Women's Day on 8 March, Brigadier General Anne-C\u00e9cile Ortemann answered our questions.<\/p>","protected":false},"author":7,"featured_media":35744,"comment_status":"closed","ping_status":"closed","sticky":false,"template":"","format":"standard","meta":{"footnotes":""},"categories":[207,208,41,171,209,210],"tags":[],"class_list":["post-35742","post","type-post","status-publish","format-standard","has-post-thumbnail","hentry","category-defense-militaire","category-defense-nationale","category-lundis-de-lihedn","category-notre-selection","category-securite-internationale","category-securite-nationale"],"yoast_head":"<!-- This site is optimized with the Yoast SEO plugin v27.5 - https:\/\/yoast.com\/product\/yoast-seo-wordpress\/ -->\n<title>GBR Ortemann : &quot;Je n\u2019ai jamais voulu qu\u2019on me dicte mes choix&quot;. - L&#039;IHEDN : Institut des hautes \u00e9tudes de d\u00e9fense nationale<\/title>\n<meta name=\"description\" content=\"Les hommes ne sont pas davantage pr\u00e9dispos\u00e9s que les femmes \u00e0 s\u2019int\u00e9resser aux questions de d\u00e9fense et de s\u00e9curit\u00e9 nationale. \u00c0 l\u2019occasion du 8 mars, Journ\u00e9e internationale des femmes, le G\u00e9n\u00e9ral de brigade Anne-C\u00e9cile Ortemann a r\u00e9pondu \u00e0 nos questions.\" \/>\n<meta name=\"robots\" content=\"index, follow, max-snippet:-1, max-image-preview:large, max-video-preview:-1\" \/>\n<link rel=\"canonical\" href=\"https:\/\/ihedn.fr\/en\/lundis-de-lihedn\/gbr-ortemann-je-nai-jamais-voulu-quon-me-dicte-mes-choix\/\" \/>\n<meta property=\"og:locale\" content=\"en_GB\" \/>\n<meta property=\"og:type\" content=\"article\" \/>\n<meta property=\"og:title\" content=\"GBR Ortemann : &quot;Je n\u2019ai jamais voulu qu\u2019on me dicte mes choix&quot;.\" \/>\n<meta property=\"og:description\" content=\"Les hommes ne sont pas davantage pr\u00e9dispos\u00e9s que les femmes \u00e0 s\u2019int\u00e9resser aux questions de d\u00e9fense et de s\u00e9curit\u00e9 nationale. \u00c0 l\u2019occasion du 8 mars, Journ\u00e9e internationale des femmes, le G\u00e9n\u00e9ral de brigade Anne-C\u00e9cile Ortemann a r\u00e9pondu \u00e0 nos questions.\" \/>\n<meta property=\"og:url\" content=\"https:\/\/ihedn.fr\/en\/lundis-de-lihedn\/gbr-ortemann-je-nai-jamais-voulu-quon-me-dicte-mes-choix\/\" \/>\n<meta property=\"og:site_name\" content=\"L&#039;IHEDN : Institut des hautes \u00e9tudes de d\u00e9fense nationale\" \/>\n<meta property=\"article:publisher\" content=\"https:\/\/www.facebook.com\/ihedn\/\" \/>\n<meta property=\"article:published_time\" content=\"2023-03-08T08:59:01+00:00\" \/>\n<meta property=\"article:modified_time\" content=\"2023-06-30T12:22:48+00:00\" \/>\n<meta property=\"og:image\" content=\"https:\/\/ihedn.fr\/wp-content\/uploads\/2023\/03\/Bandeau_ANNE_CECILE_ORTEMANN_1600x9002.jpg\" \/>\n\t<meta property=\"og:image:width\" content=\"1365\" \/>\n\t<meta property=\"og:image:height\" content=\"683\" \/>\n\t<meta property=\"og:image:type\" content=\"image\/jpeg\" \/>\n<meta name=\"author\" content=\"alexia\" \/>\n<meta name=\"twitter:card\" content=\"summary_large_image\" \/>\n<meta name=\"twitter:title\" content=\"GBR Ortemann : &quot;Je n\u2019ai jamais voulu qu\u2019on me dicte mes choix&quot;.\" \/>\n<meta name=\"twitter:description\" content=\"Les hommes ne sont pas davantage pr\u00e9dispos\u00e9s que les femmes \u00e0 s\u2019int\u00e9resser aux questions de d\u00e9fense et de s\u00e9curit\u00e9 nationale. \u00c0 l\u2019occasion du 8 mars, Journ\u00e9e internationale des femmes, le G\u00e9n\u00e9ral de brigade Anne-C\u00e9cile Ortemann a r\u00e9pondu \u00e0 nos questions.\" \/>\n<meta name=\"twitter:image\" content=\"https:\/\/ihedn.fr\/wp-content\/uploads\/2023\/03\/Bandeau_ANNE_CECILE_ORTEMANN_1600x9002.jpg\" \/>\n<meta name=\"twitter:creator\" content=\"@IHEDN\" \/>\n<meta name=\"twitter:site\" content=\"@IHEDN\" \/>\n<meta name=\"twitter:label1\" content=\"Written by\" \/>\n\t<meta name=\"twitter:data1\" content=\"alexia\" \/>\n\t<meta name=\"twitter:label2\" content=\"Estimated reading time\" \/>\n\t<meta name=\"twitter:data2\" content=\"3 minutes\" \/>\n<script type=\"application\/ld+json\" class=\"yoast-schema-graph\">{\"@context\":\"https:\\\/\\\/schema.org\",\"@graph\":[{\"@type\":\"Article\",\"@id\":\"https:\\\/\\\/ihedn.fr\\\/lundis-de-lihedn\\\/gbr-ortemann-je-nai-jamais-voulu-quon-me-dicte-mes-choix\\\/#article\",\"isPartOf\":{\"@id\":\"https:\\\/\\\/ihedn.fr\\\/lundis-de-lihedn\\\/gbr-ortemann-je-nai-jamais-voulu-quon-me-dicte-mes-choix\\\/\"},\"author\":{\"name\":\"alexia\",\"@id\":\"https:\\\/\\\/ihedn.fr\\\/#\\\/schema\\\/person\\\/f5fdd32c2827287accbcbc33f74121b5\"},\"headline\":\"GBR Ortemann : \u00ab\u00a0Je n\u2019ai jamais voulu qu\u2019on me dicte mes choix\u00a0\u00bb.\",\"datePublished\":\"2023-03-08T08:59:01+00:00\",\"dateModified\":\"2023-06-30T12:22:48+00:00\",\"mainEntityOfPage\":{\"@id\":\"https:\\\/\\\/ihedn.fr\\\/lundis-de-lihedn\\\/gbr-ortemann-je-nai-jamais-voulu-quon-me-dicte-mes-choix\\\/\"},\"wordCount\":473,\"publisher\":{\"@id\":\"https:\\\/\\\/ihedn.fr\\\/#organization\"},\"image\":{\"@id\":\"https:\\\/\\\/ihedn.fr\\\/lundis-de-lihedn\\\/gbr-ortemann-je-nai-jamais-voulu-quon-me-dicte-mes-choix\\\/#primaryimage\"},\"thumbnailUrl\":\"https:\\\/\\\/ihedn.fr\\\/wp-content\\\/uploads\\\/2023\\\/03\\\/Bandeau_ANNE_CECILE_ORTEMANN_1600x9002.jpg\",\"articleSection\":[\"d\u00e9fense militaire\",\"d\u00e9fense nationale\",\"Lundis de l'IHEDN\",\"Notre s\u00e9lection\",\"s\u00e9curit\u00e9 internationale\",\"s\u00e9curit\u00e9 nationale\"],\"inLanguage\":\"en-GB\"},{\"@type\":\"WebPage\",\"@id\":\"https:\\\/\\\/ihedn.fr\\\/lundis-de-lihedn\\\/gbr-ortemann-je-nai-jamais-voulu-quon-me-dicte-mes-choix\\\/\",\"url\":\"https:\\\/\\\/ihedn.fr\\\/lundis-de-lihedn\\\/gbr-ortemann-je-nai-jamais-voulu-quon-me-dicte-mes-choix\\\/\",\"name\":\"GBR Ortemann : \\\"Je n\u2019ai jamais voulu qu\u2019on me dicte mes choix\\\". - L&#039;IHEDN : Institut des hautes \u00e9tudes de d\u00e9fense nationale\",\"isPartOf\":{\"@id\":\"https:\\\/\\\/ihedn.fr\\\/#website\"},\"primaryImageOfPage\":{\"@id\":\"https:\\\/\\\/ihedn.fr\\\/lundis-de-lihedn\\\/gbr-ortemann-je-nai-jamais-voulu-quon-me-dicte-mes-choix\\\/#primaryimage\"},\"image\":{\"@id\":\"https:\\\/\\\/ihedn.fr\\\/lundis-de-lihedn\\\/gbr-ortemann-je-nai-jamais-voulu-quon-me-dicte-mes-choix\\\/#primaryimage\"},\"thumbnailUrl\":\"https:\\\/\\\/ihedn.fr\\\/wp-content\\\/uploads\\\/2023\\\/03\\\/Bandeau_ANNE_CECILE_ORTEMANN_1600x9002.jpg\",\"datePublished\":\"2023-03-08T08:59:01+00:00\",\"dateModified\":\"2023-06-30T12:22:48+00:00\",\"description\":\"Les hommes ne sont pas davantage pr\u00e9dispos\u00e9s que les femmes \u00e0 s\u2019int\u00e9resser aux questions de d\u00e9fense et de s\u00e9curit\u00e9 nationale. \u00c0 l\u2019occasion du 8 mars, Journ\u00e9e internationale des femmes, le G\u00e9n\u00e9ral de brigade Anne-C\u00e9cile Ortemann a r\u00e9pondu \u00e0 nos questions.\",\"breadcrumb\":{\"@id\":\"https:\\\/\\\/ihedn.fr\\\/lundis-de-lihedn\\\/gbr-ortemann-je-nai-jamais-voulu-quon-me-dicte-mes-choix\\\/#breadcrumb\"},\"inLanguage\":\"en-GB\",\"potentialAction\":[{\"@type\":\"ReadAction\",\"target\":[\"https:\\\/\\\/ihedn.fr\\\/lundis-de-lihedn\\\/gbr-ortemann-je-nai-jamais-voulu-quon-me-dicte-mes-choix\\\/\"]}]},{\"@type\":\"ImageObject\",\"inLanguage\":\"en-GB\",\"@id\":\"https:\\\/\\\/ihedn.fr\\\/lundis-de-lihedn\\\/gbr-ortemann-je-nai-jamais-voulu-quon-me-dicte-mes-choix\\\/#primaryimage\",\"url\":\"https:\\\/\\\/ihedn.fr\\\/wp-content\\\/uploads\\\/2023\\\/03\\\/Bandeau_ANNE_CECILE_ORTEMANN_1600x9002.jpg\",\"contentUrl\":\"https:\\\/\\\/ihedn.fr\\\/wp-content\\\/uploads\\\/2023\\\/03\\\/Bandeau_ANNE_CECILE_ORTEMANN_1600x9002.jpg\",\"width\":1365,\"height\":683},{\"@type\":\"BreadcrumbList\",\"@id\":\"https:\\\/\\\/ihedn.fr\\\/lundis-de-lihedn\\\/gbr-ortemann-je-nai-jamais-voulu-quon-me-dicte-mes-choix\\\/#breadcrumb\",\"itemListElement\":[{\"@type\":\"ListItem\",\"position\":1,\"name\":\"Accueil\",\"item\":\"https:\\\/\\\/ihedn.fr\\\/\"},{\"@type\":\"ListItem\",\"position\":2,\"name\":\"GBR Ortemann : \u00ab\u00a0Je n\u2019ai jamais voulu qu\u2019on me dicte mes choix\u00a0\u00bb.\"}]},{\"@type\":\"WebSite\",\"@id\":\"https:\\\/\\\/ihedn.fr\\\/#website\",\"url\":\"https:\\\/\\\/ihedn.fr\\\/\",\"name\":\"IHEDN : Institut des hautes \u00e9tudes de d\u00e9fense nationale |\",\"description\":\"Site officiel de l&#039;IHEDN plac\u00e9 sous la tutelle du Premier ministre.\",\"publisher\":{\"@id\":\"https:\\\/\\\/ihedn.fr\\\/#organization\"},\"potentialAction\":[{\"@type\":\"SearchAction\",\"target\":{\"@type\":\"EntryPoint\",\"urlTemplate\":\"https:\\\/\\\/ihedn.fr\\\/?s={search_term_string}\"},\"query-input\":{\"@type\":\"PropertyValueSpecification\",\"valueRequired\":true,\"valueName\":\"search_term_string\"}}],\"inLanguage\":\"en-GB\"},{\"@type\":\"Organization\",\"@id\":\"https:\\\/\\\/ihedn.fr\\\/#organization\",\"name\":\"IHEDN - Institut des Hautes Etudes de D\u00e9fense Nationale\",\"url\":\"https:\\\/\\\/ihedn.fr\\\/\",\"logo\":{\"@type\":\"ImageObject\",\"inLanguage\":\"en-GB\",\"@id\":\"https:\\\/\\\/ihedn.fr\\\/#\\\/schema\\\/logo\\\/image\\\/\",\"url\":\"https:\\\/\\\/ihedn.fr\\\/wp-content\\\/uploads\\\/2020\\\/11\\\/BLOC_RF_IHEDN_WEB.png\",\"contentUrl\":\"https:\\\/\\\/ihedn.fr\\\/wp-content\\\/uploads\\\/2020\\\/11\\\/BLOC_RF_IHEDN_WEB.png\",\"width\":500,\"height\":237,\"caption\":\"IHEDN - Institut des Hautes Etudes de D\u00e9fense Nationale\"},\"image\":{\"@id\":\"https:\\\/\\\/ihedn.fr\\\/#\\\/schema\\\/logo\\\/image\\\/\"},\"sameAs\":[\"https:\\\/\\\/www.facebook.com\\\/ihedn\\\/\",\"https:\\\/\\\/x.com\\\/IHEDN\",\"https:\\\/\\\/www.instagram.com\\\/ihedn\\\/\",\"https:\\\/\\\/www.linkedin.com\\\/school\\\/ihedn\\\/\",\"https:\\\/\\\/fr.wikipedia.org\\\/wiki\\\/Institut_des_hautes_\u00e9tudes_de_D\u00e9fense_nationale\"]},{\"@type\":\"Person\",\"@id\":\"https:\\\/\\\/ihedn.fr\\\/#\\\/schema\\\/person\\\/f5fdd32c2827287accbcbc33f74121b5\",\"name\":\"alexia\",\"image\":{\"@type\":\"ImageObject\",\"inLanguage\":\"en-GB\",\"@id\":\"https:\\\/\\\/secure.gravatar.com\\\/avatar\\\/85eb8ccdb2990af9e1d5b99962700286b212c6b84c155ade95bbe0703f9c9001?s=96&d=mm&r=g\",\"url\":\"https:\\\/\\\/secure.gravatar.com\\\/avatar\\\/85eb8ccdb2990af9e1d5b99962700286b212c6b84c155ade95bbe0703f9c9001?s=96&d=mm&r=g\",\"contentUrl\":\"https:\\\/\\\/secure.gravatar.com\\\/avatar\\\/85eb8ccdb2990af9e1d5b99962700286b212c6b84c155ade95bbe0703f9c9001?s=96&d=mm&r=g\",\"caption\":\"alexia\"},\"url\":\"https:\\\/\\\/ihedn.fr\\\/en\\\/author\\\/alexia\\\/\"}]}<\/script>\n<!-- \/ Yoast SEO plugin. -->","yoast_head_json":{"title":"GBR Ortemann: \"I never wanted anyone to dictate my choices\". - IHEDN: Institute for Advanced National Defence Studies","description":"Men are no more predisposed than women to take an interest in defence and national security issues. To mark International Women's Day on 8 March, Brigadier General Anne-C\u00e9cile Ortemann answered our questions.","robots":{"index":"index","follow":"follow","max-snippet":"max-snippet:-1","max-image-preview":"max-image-preview:large","max-video-preview":"max-video-preview:-1"},"canonical":"https:\/\/ihedn.fr\/en\/lundis-de-lihedn\/gbr-ortemann-je-nai-jamais-voulu-quon-me-dicte-mes-choix\/","og_locale":"en_GB","og_type":"article","og_title":"GBR Ortemann : \"Je n\u2019ai jamais voulu qu\u2019on me dicte mes choix\".","og_description":"Les hommes ne sont pas davantage pr\u00e9dispos\u00e9s que les femmes \u00e0 s\u2019int\u00e9resser aux questions de d\u00e9fense et de s\u00e9curit\u00e9 nationale. \u00c0 l\u2019occasion du 8 mars, Journ\u00e9e internationale des femmes, le G\u00e9n\u00e9ral de brigade Anne-C\u00e9cile Ortemann a r\u00e9pondu \u00e0 nos questions.","og_url":"https:\/\/ihedn.fr\/en\/lundis-de-lihedn\/gbr-ortemann-je-nai-jamais-voulu-quon-me-dicte-mes-choix\/","og_site_name":"L&#039;IHEDN : Institut des hautes \u00e9tudes de d\u00e9fense nationale","article_publisher":"https:\/\/www.facebook.com\/ihedn\/","article_published_time":"2023-03-08T08:59:01+00:00","article_modified_time":"2023-06-30T12:22:48+00:00","og_image":[{"width":1365,"height":683,"url":"https:\/\/ihedn.fr\/wp-content\/uploads\/2023\/03\/Bandeau_ANNE_CECILE_ORTEMANN_1600x9002.jpg","type":"image\/jpeg"}],"author":"alexia","twitter_card":"summary_large_image","twitter_title":"GBR Ortemann : \"Je n\u2019ai jamais voulu qu\u2019on me dicte mes choix\".","twitter_description":"Les hommes ne sont pas davantage pr\u00e9dispos\u00e9s que les femmes \u00e0 s\u2019int\u00e9resser aux questions de d\u00e9fense et de s\u00e9curit\u00e9 nationale. \u00c0 l\u2019occasion du 8 mars, Journ\u00e9e internationale des femmes, le G\u00e9n\u00e9ral de brigade Anne-C\u00e9cile Ortemann a r\u00e9pondu \u00e0 nos questions.","twitter_image":"https:\/\/ihedn.fr\/wp-content\/uploads\/2023\/03\/Bandeau_ANNE_CECILE_ORTEMANN_1600x9002.jpg","twitter_creator":"@IHEDN","twitter_site":"@IHEDN","twitter_misc":{"Written by":"alexia","Estimated reading time":"3 minutes"},"schema":{"@context":"https:\/\/schema.org","@graph":[{"@type":"Article","@id":"https:\/\/ihedn.fr\/lundis-de-lihedn\/gbr-ortemann-je-nai-jamais-voulu-quon-me-dicte-mes-choix\/#article","isPartOf":{"@id":"https:\/\/ihedn.fr\/lundis-de-lihedn\/gbr-ortemann-je-nai-jamais-voulu-quon-me-dicte-mes-choix\/"},"author":{"name":"alexia","@id":"https:\/\/ihedn.fr\/#\/schema\/person\/f5fdd32c2827287accbcbc33f74121b5"},"headline":"GBR Ortemann : \u00ab\u00a0Je n\u2019ai jamais voulu qu\u2019on me dicte mes choix\u00a0\u00bb.","datePublished":"2023-03-08T08:59:01+00:00","dateModified":"2023-06-30T12:22:48+00:00","mainEntityOfPage":{"@id":"https:\/\/ihedn.fr\/lundis-de-lihedn\/gbr-ortemann-je-nai-jamais-voulu-quon-me-dicte-mes-choix\/"},"wordCount":473,"publisher":{"@id":"https:\/\/ihedn.fr\/#organization"},"image":{"@id":"https:\/\/ihedn.fr\/lundis-de-lihedn\/gbr-ortemann-je-nai-jamais-voulu-quon-me-dicte-mes-choix\/#primaryimage"},"thumbnailUrl":"https:\/\/ihedn.fr\/wp-content\/uploads\/2023\/03\/Bandeau_ANNE_CECILE_ORTEMANN_1600x9002.jpg","articleSection":["d\u00e9fense militaire","d\u00e9fense nationale","Lundis de l'IHEDN","Notre s\u00e9lection","s\u00e9curit\u00e9 internationale","s\u00e9curit\u00e9 nationale"],"inLanguage":"en-GB"},{"@type":"WebPage","@id":"https:\/\/ihedn.fr\/lundis-de-lihedn\/gbr-ortemann-je-nai-jamais-voulu-quon-me-dicte-mes-choix\/","url":"https:\/\/ihedn.fr\/lundis-de-lihedn\/gbr-ortemann-je-nai-jamais-voulu-quon-me-dicte-mes-choix\/","name":"GBR Ortemann: \"I never wanted anyone to dictate my choices\". - IHEDN: Institute for Advanced National Defence Studies","isPartOf":{"@id":"https:\/\/ihedn.fr\/#website"},"primaryImageOfPage":{"@id":"https:\/\/ihedn.fr\/lundis-de-lihedn\/gbr-ortemann-je-nai-jamais-voulu-quon-me-dicte-mes-choix\/#primaryimage"},"image":{"@id":"https:\/\/ihedn.fr\/lundis-de-lihedn\/gbr-ortemann-je-nai-jamais-voulu-quon-me-dicte-mes-choix\/#primaryimage"},"thumbnailUrl":"https:\/\/ihedn.fr\/wp-content\/uploads\/2023\/03\/Bandeau_ANNE_CECILE_ORTEMANN_1600x9002.jpg","datePublished":"2023-03-08T08:59:01+00:00","dateModified":"2023-06-30T12:22:48+00:00","description":"Men are no more predisposed than women to take an interest in defence and national security issues. To mark International Women's Day on 8 March, Brigadier General Anne-C\u00e9cile Ortemann answered our questions.","breadcrumb":{"@id":"https:\/\/ihedn.fr\/lundis-de-lihedn\/gbr-ortemann-je-nai-jamais-voulu-quon-me-dicte-mes-choix\/#breadcrumb"},"inLanguage":"en-GB","potentialAction":[{"@type":"ReadAction","target":["https:\/\/ihedn.fr\/lundis-de-lihedn\/gbr-ortemann-je-nai-jamais-voulu-quon-me-dicte-mes-choix\/"]}]},{"@type":"ImageObject","inLanguage":"en-GB","@id":"https:\/\/ihedn.fr\/lundis-de-lihedn\/gbr-ortemann-je-nai-jamais-voulu-quon-me-dicte-mes-choix\/#primaryimage","url":"https:\/\/ihedn.fr\/wp-content\/uploads\/2023\/03\/Bandeau_ANNE_CECILE_ORTEMANN_1600x9002.jpg","contentUrl":"https:\/\/ihedn.fr\/wp-content\/uploads\/2023\/03\/Bandeau_ANNE_CECILE_ORTEMANN_1600x9002.jpg","width":1365,"height":683},{"@type":"BreadcrumbList","@id":"https:\/\/ihedn.fr\/lundis-de-lihedn\/gbr-ortemann-je-nai-jamais-voulu-quon-me-dicte-mes-choix\/#breadcrumb","itemListElement":[{"@type":"ListItem","position":1,"name":"Accueil","item":"https:\/\/ihedn.fr\/"},{"@type":"ListItem","position":2,"name":"GBR Ortemann : \u00ab\u00a0Je n\u2019ai jamais voulu qu\u2019on me dicte mes choix\u00a0\u00bb."}]},{"@type":"WebSite","@id":"https:\/\/ihedn.fr\/#website","url":"https:\/\/ihedn.fr\/","name":"IHEDN: Institut des hautes \u00e9tudes de d\u00e9fense nationale (Institute for Higher National Defence Studies)","description":"Official website of the IHEDN under the supervision of the Prime Minister.","publisher":{"@id":"https:\/\/ihedn.fr\/#organization"},"potentialAction":[{"@type":"SearchAction","target":{"@type":"EntryPoint","urlTemplate":"https:\/\/ihedn.fr\/?s={search_term_string}"},"query-input":{"@type":"PropertyValueSpecification","valueRequired":true,"valueName":"search_term_string"}}],"inLanguage":"en-GB"},{"@type":"Organization","@id":"https:\/\/ihedn.fr\/#organization","name":"IHEDN - Institute for Higher National Defence Studies","url":"https:\/\/ihedn.fr\/","logo":{"@type":"ImageObject","inLanguage":"en-GB","@id":"https:\/\/ihedn.fr\/#\/schema\/logo\/image\/","url":"https:\/\/ihedn.fr\/wp-content\/uploads\/2020\/11\/BLOC_RF_IHEDN_WEB.png","contentUrl":"https:\/\/ihedn.fr\/wp-content\/uploads\/2020\/11\/BLOC_RF_IHEDN_WEB.png","width":500,"height":237,"caption":"IHEDN - Institut des Hautes Etudes de D\u00e9fense Nationale"},"image":{"@id":"https:\/\/ihedn.fr\/#\/schema\/logo\/image\/"},"sameAs":["https:\/\/www.facebook.com\/ihedn\/","https:\/\/x.com\/IHEDN","https:\/\/www.instagram.com\/ihedn\/","https:\/\/www.linkedin.com\/school\/ihedn\/","https:\/\/fr.wikipedia.org\/wiki\/Institut_des_hautes_\u00e9tudes_de_D\u00e9fense_nationale"]},{"@type":"Person","@id":"https:\/\/ihedn.fr\/#\/schema\/person\/f5fdd32c2827287accbcbc33f74121b5","name":"alexia","image":{"@type":"ImageObject","inLanguage":"en-GB","@id":"https:\/\/secure.gravatar.com\/avatar\/85eb8ccdb2990af9e1d5b99962700286b212c6b84c155ade95bbe0703f9c9001?s=96&d=mm&r=g","url":"https:\/\/secure.gravatar.com\/avatar\/85eb8ccdb2990af9e1d5b99962700286b212c6b84c155ade95bbe0703f9c9001?s=96&d=mm&r=g","contentUrl":"https:\/\/secure.gravatar.com\/avatar\/85eb8ccdb2990af9e1d5b99962700286b212c6b84c155ade95bbe0703f9c9001?s=96&d=mm&r=g","caption":"alexia"},"url":"https:\/\/ihedn.fr\/en\/author\/alexia\/"}]}},"publishpress_future_action":{"enabled":false,"date":"2026-05-06 20:27:48","action":"change-status","newStatus":"draft","terms":[],"taxonomy":"category","extraData":[]},"publishpress_future_workflow_manual_trigger":{"enabledWorkflows":[]},"_links":{"self":[{"href":"https:\/\/ihedn.fr\/en\/wp-json\/wp\/v2\/posts\/35742","targetHints":{"allow":["GET"]}}],"collection":[{"href":"https:\/\/ihedn.fr\/en\/wp-json\/wp\/v2\/posts"}],"about":[{"href":"https:\/\/ihedn.fr\/en\/wp-json\/wp\/v2\/types\/post"}],"author":[{"embeddable":true,"href":"https:\/\/ihedn.fr\/en\/wp-json\/wp\/v2\/users\/7"}],"replies":[{"embeddable":true,"href":"https:\/\/ihedn.fr\/en\/wp-json\/wp\/v2\/comments?post=35742"}],"version-history":[{"count":14,"href":"https:\/\/ihedn.fr\/en\/wp-json\/wp\/v2\/posts\/35742\/revisions"}],"predecessor-version":[{"id":40374,"href":"https:\/\/ihedn.fr\/en\/wp-json\/wp\/v2\/posts\/35742\/revisions\/40374"}],"wp:featuredmedia":[{"embeddable":true,"href":"https:\/\/ihedn.fr\/en\/wp-json\/wp\/v2\/media\/35744"}],"wp:attachment":[{"href":"https:\/\/ihedn.fr\/en\/wp-json\/wp\/v2\/media?parent=35742"}],"wp:term":[{"taxonomy":"category","embeddable":true,"href":"https:\/\/ihedn.fr\/en\/wp-json\/wp\/v2\/categories?post=35742"},{"taxonomy":"post_tag","embeddable":true,"href":"https:\/\/ihedn.fr\/en\/wp-json\/wp\/v2\/tags?post=35742"}],"curies":[{"name":"wp","href":"https:\/\/api.w.org\/{rel}","templated":true}]}}