{"id":35757,"date":"2023-03-09T10:34:08","date_gmt":"2023-03-09T09:34:08","guid":{"rendered":"https:\/\/ihedn.fr\/?p=35757"},"modified":"2023-06-30T13:22:59","modified_gmt":"2023-06-30T12:22:59","slug":"non-loin-de-lukraine-lautre-enjeu-europeen-des-balkans","status":"publish","type":"post","link":"https:\/\/ihedn.fr\/en\/notre-selection\/non-loin-de-lukraine-lautre-enjeu-europeen-des-balkans\/","title":{"rendered":"Not far from Ukraine, the other European issue in the Balkans"},"content":{"rendered":"<div data-elementor-type=\"wp-post\" data-elementor-id=\"35757\" class=\"elementor elementor-35757\" data-elementor-post-type=\"post\">\n\t\t\t\t\t\t<section data-particle_enable=\"false\" data-particle-mobile-disabled=\"false\" class=\"elementor-section elementor-top-section elementor-element elementor-element-9aff6a4 elementor-section-boxed elementor-section-height-default elementor-section-height-default\" data-id=\"9aff6a4\" data-element_type=\"section\" data-e-type=\"section\">\n\t\t\t\t\t\t<div class=\"elementor-container elementor-column-gap-default\">\n\t\t\t\t\t<div class=\"elementor-column elementor-col-100 elementor-top-column elementor-element elementor-element-a0f1165\" data-id=\"a0f1165\" data-element_type=\"column\" data-e-type=\"column\">\n\t\t\t<div class=\"elementor-widget-wrap elementor-element-populated\">\n\t\t\t\t\t\t<div class=\"elementor-element elementor-element-24e0611 elementor-widget elementor-widget-heading\" data-id=\"24e0611\" data-element_type=\"widget\" data-e-type=\"widget\" data-widget_type=\"heading.default\">\n\t\t\t\t<div class=\"elementor-widget-container\">\n\t\t\t\t\t<h4 class=\"elementor-heading-title elementor-size-default\">A MOSAIC OF PEOPLES SHAKEN BY HISTORY<\/h4>\t\t\t\t<\/div>\n\t\t\t\t<\/div>\n\t\t\t\t<div class=\"elementor-element elementor-element-a5fbcc1 elementor-widget-divider--view-line elementor-widget elementor-widget-divider\" data-id=\"a5fbcc1\" data-element_type=\"widget\" data-e-type=\"widget\" data-widget_type=\"divider.default\">\n\t\t\t\t<div class=\"elementor-widget-container\">\n\t\t\t\t\t\t\t<div class=\"elementor-divider\">\n\t\t\t<span class=\"elementor-divider-separator\">\n\t\t\t\t\t\t<\/span>\n\t\t<\/div>\n\t\t\t\t\t\t<\/div>\n\t\t\t\t<\/div>\n\t\t\t\t<div class=\"elementor-element elementor-element-01f3b3b elementor-widget elementor-widget-text-editor\" data-id=\"01f3b3b\" data-element_type=\"widget\" data-e-type=\"widget\" data-widget_type=\"text-editor.default\">\n\t\t\t\t<div class=\"elementor-widget-container\">\n\t\t\t\t\t\t\t\t\t<p>Since the start of the war in Ukraine, we have often heard that it is the first event of this intensity in Europe since the end of the Second World War: this is what researcher Lo\u00efc Tr\u00e9gour\u00e8s, head of teaching at the IHEDN national session, calls <a href=\"https:\/\/lerubicon.org\/publication\/guerre-en-ukraine-de-quoi-loubli-yougoslave-est-il-le-nom\/\">\"Yugoslav oblivion\".<\/a> This week, the region is the focus of the International Session on the Balkans and South-East Europe (SIB) 2023, organised by the IHEDN and the Directorate for Security and Defence Cooperation.<\/p><p>Before 1914, the Balkans were the \"powder keg of Europe\", which exploded in Sarajevo on 28 June of that year with the assassination of the heir to the Austro-Hungarian Empire, triggering the First World War.<\/p><p>After the conflict, this mosaic of Catholic and Orthodox Christian peoples, Muslims, Slavs and non-Slavs, merged into a kingdom, then into socialist Yugoslavia (soon to be \"non-aligned\" with the USSR), living together for more than seven decades. But between 1991 and 2001, Yugoslavia was torn apart in a series of wars, marked in particular by NATO strikes, leading to its break-up into a myriad of states.<\/p><p>Geographically, the Balkans refers to the peninsula that forms the south-east of Europe, between the Black, Marmara and Adriatic Seas, with the Danube to the north. In the broadest sense, they therefore include Bulgaria, Greece and the European part of Turkey, as well as Romania and Moldavia. But the European Union distinguishes between the Western Balkans, with Bosnia-Herzegovina, Kosovo, Northern Macedonia, Montenegro and Serbia.<\/p>\t\t\t\t\t\t\t\t<\/div>\n\t\t\t\t<\/div>\n\t\t\t\t\t<\/div>\n\t\t<\/div>\n\t\t\t\t\t<\/div>\n\t\t<\/section>\n\t\t\t\t<section data-particle_enable=\"false\" data-particle-mobile-disabled=\"false\" class=\"elementor-section elementor-top-section elementor-element elementor-element-74c0816 elementor-section-boxed elementor-section-height-default elementor-section-height-default\" data-id=\"74c0816\" data-element_type=\"section\" data-e-type=\"section\">\n\t\t\t\t\t\t<div class=\"elementor-container elementor-column-gap-default\">\n\t\t\t\t\t<div class=\"elementor-column elementor-col-100 elementor-top-column elementor-element elementor-element-201570d\" data-id=\"201570d\" data-element_type=\"column\" data-e-type=\"column\">\n\t\t\t<div class=\"elementor-widget-wrap elementor-element-populated\">\n\t\t\t\t\t\t<div class=\"elementor-element elementor-element-f954ac7 elementor-widget elementor-widget-heading\" data-id=\"f954ac7\" data-element_type=\"widget\" data-e-type=\"widget\" data-widget_type=\"heading.default\">\n\t\t\t\t<div class=\"elementor-widget-container\">\n\t\t\t\t\t<h4 class=\"elementor-heading-title elementor-size-default\">A STRATEGIC REGION FOR EUROPE AND FRANCE<\/h4>\t\t\t\t<\/div>\n\t\t\t\t<\/div>\n\t\t\t\t<div class=\"elementor-element elementor-element-7754195 elementor-widget-divider--view-line elementor-widget elementor-widget-divider\" data-id=\"7754195\" data-element_type=\"widget\" data-e-type=\"widget\" data-widget_type=\"divider.default\">\n\t\t\t\t<div class=\"elementor-widget-container\">\n\t\t\t\t\t\t\t<div class=\"elementor-divider\">\n\t\t\t<span class=\"elementor-divider-separator\">\n\t\t\t\t\t\t<\/span>\n\t\t<\/div>\n\t\t\t\t\t\t<\/div>\n\t\t\t\t<\/div>\n\t\t\t\t<div class=\"elementor-element elementor-element-51314a9 elementor-widget elementor-widget-text-editor\" data-id=\"51314a9\" data-element_type=\"widget\" data-e-type=\"widget\" data-widget_type=\"text-editor.default\">\n\t\t\t\t<div class=\"elementor-widget-container\">\n\t\t\t\t\t\t\t\t\t<p>At present, only Bulgaria, Slovenia and Croatia are members of the EU. Montenegro, Serbia, Albania, Northern Macedonia and Bosnia-Herzegovina are recognised candidates to join the Union; Kosovo has declared itself, but is not yet recognised by 5 of the 27 States, and is therefore not an official candidate.<\/p><p>In Berlin in April 2019, President Macron called on France to develop a genuine <a href=\"https:\/\/www.diplomatie.gouv.fr\/fr\/dossiers-pays\/europe\/balkans-occidentaux\/strategie-francaise-pour-les-balkans-occidentaux\/\">strategy for the Western Balkans<\/a>After a decade of disinvestment in the region, due to other strategic priorities, notably in Africa, the European Union has adopted a roadmap for the region. The roadmap aims to achieve \"lasting stability\" in the region, and to address political (unresolved disputes between Serbia and Kosovo, for example), economic and social challenges, including the rule of law, security and \"external influences that are distracting the region from its European vocation\".<\/p><p>In terms of defence, the IHEDN welcomes officers from the region. On the civilian side, the French Development Agency (AFD) has been asked to support stabilisation and development, ecological transition, youth, gender equality, etc.<\/p><p>In a region where mafias are powerful and migration routes numerous, the \"justice\" aspect includes \"continuing technical cooperation in the fight against drug trafficking, arms trafficking and trafficking in human beings, and in the fight against organised crime and corruption\", as well as \"setting up new cooperation in financial and economic crime, and in the fight against trafficking in cultural goods and protected species, which can also be sources of funding for terrorism\".<\/p><p>Under the French Presidency of the EU in 2022, Emmanuel Macron is pushing for the creation of a European Political Community (EPC). While it is still too early to draw conclusions, many people in the Balkans believe that this will be a permanent second division rather than a gateway to the EU. And while the question of enlargement until 2021 only concerned the Western Balkans, Russia's aggression has opened the door to Ukraine, Moldova and even Georgia.<\/p>\t\t\t\t\t\t\t\t<\/div>\n\t\t\t\t<\/div>\n\t\t\t\t\t<\/div>\n\t\t<\/div>\n\t\t\t\t\t<\/div>\n\t\t<\/section>\n\t\t\t\t<section data-particle_enable=\"false\" data-particle-mobile-disabled=\"false\" class=\"elementor-section elementor-top-section elementor-element elementor-element-d90436c elementor-section-boxed elementor-section-height-default elementor-section-height-default\" data-id=\"d90436c\" data-element_type=\"section\" data-e-type=\"section\">\n\t\t\t\t\t\t<div class=\"elementor-container elementor-column-gap-default\">\n\t\t\t\t\t<div class=\"elementor-column elementor-col-100 elementor-top-column elementor-element elementor-element-a1f3cb7\" data-id=\"a1f3cb7\" data-element_type=\"column\" data-e-type=\"column\">\n\t\t\t<div class=\"elementor-widget-wrap elementor-element-populated\">\n\t\t\t\t\t\t<div class=\"elementor-element elementor-element-24a2bdf elementor-widget elementor-widget-heading\" data-id=\"24a2bdf\" data-element_type=\"widget\" data-e-type=\"widget\" data-widget_type=\"heading.default\">\n\t\t\t\t<div class=\"elementor-widget-container\">\n\t\t\t\t\t<h4 class=\"elementor-heading-title elementor-size-default\">IN THE CURRENT WAR AND BEYOND<\/h4>\t\t\t\t<\/div>\n\t\t\t\t<\/div>\n\t\t\t\t<div class=\"elementor-element elementor-element-425550e elementor-widget-divider--view-line elementor-widget elementor-widget-divider\" data-id=\"425550e\" data-element_type=\"widget\" data-e-type=\"widget\" data-widget_type=\"divider.default\">\n\t\t\t\t<div class=\"elementor-widget-container\">\n\t\t\t\t\t\t\t<div class=\"elementor-divider\">\n\t\t\t<span class=\"elementor-divider-separator\">\n\t\t\t\t\t\t<\/span>\n\t\t<\/div>\n\t\t\t\t\t\t<\/div>\n\t\t\t\t<\/div>\n\t\t\t\t<div class=\"elementor-element elementor-element-210bce1 elementor-widget elementor-widget-text-editor\" data-id=\"210bce1\" data-element_type=\"widget\" data-e-type=\"widget\" data-widget_type=\"text-editor.default\">\n\t\t\t\t<div class=\"elementor-widget-container\">\n\t\t\t\t\t\t\t\t\t<p>There are several NATO members in the Balkans: Albania, Croatia, Northern Macedonia, Montenegro and Slovenia, while Bosnia-Herzegovina has been a member of NATO's Membership Action Plan (MAP) since 2010. But the region is not free from Turkish, Chinese or Russian influences.<\/p><p>While Serbia joined the Europeans in condemning the Russian invasion of Ukraine at the UN, it decided not to apply the European sanctions. The Serbian media, which is close to the government, has been very pro-Russian and critical of the EU for the last ten years, and this is reflected in public opinion.<\/p><p>Since the conflict in Ukraine, several countries have fallen victim to cyber attacks: in August, Montenegro, a supporter of European sanctions, <a href=\"https:\/\/www.francetvinfo.fr\/replay-radio\/un-monde-d-avance\/balkans-victime-d-une-cyberattaque-le-montenegro-accuse-la-russie_5322763.html\">accused Russia<\/a>observers also pointed the finger at Moscow for operations in Albania in July, but Tirana <a href=\"https:\/\/www.lemonde.fr\/pixels\/article\/2022\/09\/07\/l-albanie-rompt-ses-relations-diplomatiques-avec-l-iran-apres-une-cyberattaque_6140624_4408996.html\">finally pointed the finger at Iran<\/a>.<\/p><p>In this new context, various international bodies are continuing to cooperate in the region: the EU, AFD, OSCE, etc. Some have been doing so for a long time, like the military in Kosovo: KFOR, deployed by NATO (with contingents from non-NATO countries), has been present since the UN resolution authorising it in 1999. France, several of whose generals had commanded it, withdrew its troops in 2013.<\/p>\t\t\t\t\t\t\t\t<\/div>\n\t\t\t\t<\/div>\n\t\t\t\t\t<\/div>\n\t\t<\/div>\n\t\t\t\t\t<\/div>\n\t\t<\/section>\n\t\t\t\t<\/div>","protected":false},"excerpt":{"rendered":"<p>To mark the 3<sup>e<\/sup> International session on the Balkans and South-East Europe (SIB), focusing on this border region that has long been affected by conflict and is increasingly integrated into the EU. <\/p>","protected":false},"author":7,"featured_media":35758,"comment_status":"closed","ping_status":"closed","sticky":false,"template":"","format":"standard","meta":{"footnotes":""},"categories":[208,41,171,209],"tags":[],"class_list":["post-35757","post","type-post","status-publish","format-standard","has-post-thumbnail","hentry","category-defense-nationale","category-lundis-de-lihedn","category-notre-selection","category-securite-internationale"],"yoast_head":"<!-- This site is optimized with the Yoast SEO plugin v27.5 - https:\/\/yoast.com\/product\/yoast-seo-wordpress\/ -->\n<title>Non loin de l\u2019Ukraine, l\u2019autre enjeu europ\u00e9en des Balkans - L&#039;IHEDN : Institut des hautes \u00e9tudes de d\u00e9fense nationale<\/title>\n<meta name=\"description\" content=\"\u00c0 l\u2019occasion de la 3e Session internationale sur les Balkans et l\u2019Europe du Sud-est (SIB), focus sur cette r\u00e9gion-fronti\u00e8re impact\u00e9e de longue date par les conflits, et de plus en plus int\u00e9gr\u00e9e \u00e0 l\u2019UE.\" \/>\n<meta name=\"robots\" content=\"index, follow, max-snippet:-1, max-image-preview:large, max-video-preview:-1\" \/>\n<link rel=\"canonical\" href=\"https:\/\/ihedn.fr\/en\/lundis-de-lihedn\/non-loin-de-lukraine-lautre-enjeu-europeen-des-balkans\/\" \/>\n<meta property=\"og:locale\" content=\"en_GB\" \/>\n<meta property=\"og:type\" content=\"article\" \/>\n<meta property=\"og:title\" content=\"Non loin de l\u2019Ukraine, l\u2019autre enjeu europ\u00e9en des Balkans\" \/>\n<meta property=\"og:description\" content=\"\u00c0 l\u2019occasion de la 3e Session internationale sur les Balkans et l\u2019Europe du Sud-est (SIB), focus sur cette r\u00e9gion-fronti\u00e8re impact\u00e9e de longue date par les conflits, et de plus en plus int\u00e9gr\u00e9e \u00e0 l\u2019UE.\" \/>\n<meta property=\"og:url\" content=\"https:\/\/ihedn.fr\/en\/lundis-de-lihedn\/non-loin-de-lukraine-lautre-enjeu-europeen-des-balkans\/\" \/>\n<meta property=\"og:site_name\" content=\"L&#039;IHEDN : Institut des hautes \u00e9tudes de d\u00e9fense nationale\" \/>\n<meta property=\"article:publisher\" content=\"https:\/\/www.facebook.com\/ihedn\/\" \/>\n<meta property=\"article:published_time\" content=\"2023-03-09T09:34:08+00:00\" \/>\n<meta property=\"article:modified_time\" content=\"2023-06-30T12:22:59+00:00\" \/>\n<meta property=\"og:image\" content=\"https:\/\/ihedn.fr\/wp-content\/uploads\/2023\/03\/balkans.jpg\" \/>\n\t<meta property=\"og:image:width\" content=\"1380\" \/>\n\t<meta property=\"og:image:height\" content=\"776\" \/>\n\t<meta property=\"og:image:type\" content=\"image\/jpeg\" \/>\n<meta name=\"author\" content=\"alexia\" \/>\n<meta name=\"twitter:card\" content=\"summary_large_image\" \/>\n<meta name=\"twitter:title\" content=\"Non loin de l\u2019Ukraine, l\u2019autre enjeu europ\u00e9en des Balkans\" \/>\n<meta name=\"twitter:description\" content=\"\u00c0 l\u2019occasion de la 3e Session internationale sur les Balkans et l\u2019Europe du Sud-est (SIB), focus sur cette r\u00e9gion-fronti\u00e8re impact\u00e9e de longue date par les conflits, et de plus en plus int\u00e9gr\u00e9e \u00e0 l\u2019UE.\" \/>\n<meta name=\"twitter:image\" content=\"https:\/\/ihedn.fr\/wp-content\/uploads\/2023\/03\/balkans.jpg\" \/>\n<meta name=\"twitter:creator\" content=\"@IHEDN\" \/>\n<meta name=\"twitter:site\" content=\"@IHEDN\" \/>\n<meta name=\"twitter:label1\" content=\"Written by\" \/>\n\t<meta name=\"twitter:data1\" content=\"alexia\" \/>\n\t<meta name=\"twitter:label2\" content=\"Estimated reading time\" \/>\n\t<meta name=\"twitter:data2\" content=\"5 minutes\" \/>\n<script type=\"application\/ld+json\" class=\"yoast-schema-graph\">{\"@context\":\"https:\\\/\\\/schema.org\",\"@graph\":[{\"@type\":\"Article\",\"@id\":\"https:\\\/\\\/ihedn.fr\\\/lundis-de-lihedn\\\/non-loin-de-lukraine-lautre-enjeu-europeen-des-balkans\\\/#article\",\"isPartOf\":{\"@id\":\"https:\\\/\\\/ihedn.fr\\\/lundis-de-lihedn\\\/non-loin-de-lukraine-lautre-enjeu-europeen-des-balkans\\\/\"},\"author\":{\"name\":\"alexia\",\"@id\":\"https:\\\/\\\/ihedn.fr\\\/#\\\/schema\\\/person\\\/f5fdd32c2827287accbcbc33f74121b5\"},\"headline\":\"Non loin de l\u2019Ukraine, l\u2019autre enjeu europ\u00e9en des Balkans\",\"datePublished\":\"2023-03-09T09:34:08+00:00\",\"dateModified\":\"2023-06-30T12:22:59+00:00\",\"mainEntityOfPage\":{\"@id\":\"https:\\\/\\\/ihedn.fr\\\/lundis-de-lihedn\\\/non-loin-de-lukraine-lautre-enjeu-europeen-des-balkans\\\/\"},\"wordCount\":981,\"publisher\":{\"@id\":\"https:\\\/\\\/ihedn.fr\\\/#organization\"},\"image\":{\"@id\":\"https:\\\/\\\/ihedn.fr\\\/lundis-de-lihedn\\\/non-loin-de-lukraine-lautre-enjeu-europeen-des-balkans\\\/#primaryimage\"},\"thumbnailUrl\":\"https:\\\/\\\/ihedn.fr\\\/wp-content\\\/uploads\\\/2023\\\/03\\\/balkans.jpg\",\"articleSection\":[\"d\u00e9fense nationale\",\"Lundis de l'IHEDN\",\"Notre s\u00e9lection\",\"s\u00e9curit\u00e9 internationale\"],\"inLanguage\":\"en-GB\"},{\"@type\":\"WebPage\",\"@id\":\"https:\\\/\\\/ihedn.fr\\\/lundis-de-lihedn\\\/non-loin-de-lukraine-lautre-enjeu-europeen-des-balkans\\\/\",\"url\":\"https:\\\/\\\/ihedn.fr\\\/lundis-de-lihedn\\\/non-loin-de-lukraine-lautre-enjeu-europeen-des-balkans\\\/\",\"name\":\"Non loin de l\u2019Ukraine, l\u2019autre enjeu europ\u00e9en des Balkans - L&#039;IHEDN : Institut des hautes \u00e9tudes de d\u00e9fense nationale\",\"isPartOf\":{\"@id\":\"https:\\\/\\\/ihedn.fr\\\/#website\"},\"primaryImageOfPage\":{\"@id\":\"https:\\\/\\\/ihedn.fr\\\/lundis-de-lihedn\\\/non-loin-de-lukraine-lautre-enjeu-europeen-des-balkans\\\/#primaryimage\"},\"image\":{\"@id\":\"https:\\\/\\\/ihedn.fr\\\/lundis-de-lihedn\\\/non-loin-de-lukraine-lautre-enjeu-europeen-des-balkans\\\/#primaryimage\"},\"thumbnailUrl\":\"https:\\\/\\\/ihedn.fr\\\/wp-content\\\/uploads\\\/2023\\\/03\\\/balkans.jpg\",\"datePublished\":\"2023-03-09T09:34:08+00:00\",\"dateModified\":\"2023-06-30T12:22:59+00:00\",\"description\":\"\u00c0 l\u2019occasion de la 3e Session internationale sur les Balkans et l\u2019Europe du Sud-est (SIB), focus sur cette r\u00e9gion-fronti\u00e8re impact\u00e9e de longue date par les conflits, et de plus en plus int\u00e9gr\u00e9e \u00e0 l\u2019UE.\",\"breadcrumb\":{\"@id\":\"https:\\\/\\\/ihedn.fr\\\/lundis-de-lihedn\\\/non-loin-de-lukraine-lautre-enjeu-europeen-des-balkans\\\/#breadcrumb\"},\"inLanguage\":\"en-GB\",\"potentialAction\":[{\"@type\":\"ReadAction\",\"target\":[\"https:\\\/\\\/ihedn.fr\\\/lundis-de-lihedn\\\/non-loin-de-lukraine-lautre-enjeu-europeen-des-balkans\\\/\"]}]},{\"@type\":\"ImageObject\",\"inLanguage\":\"en-GB\",\"@id\":\"https:\\\/\\\/ihedn.fr\\\/lundis-de-lihedn\\\/non-loin-de-lukraine-lautre-enjeu-europeen-des-balkans\\\/#primaryimage\",\"url\":\"https:\\\/\\\/ihedn.fr\\\/wp-content\\\/uploads\\\/2023\\\/03\\\/balkans.jpg\",\"contentUrl\":\"https:\\\/\\\/ihedn.fr\\\/wp-content\\\/uploads\\\/2023\\\/03\\\/balkans.jpg\",\"width\":1380,\"height\":776},{\"@type\":\"BreadcrumbList\",\"@id\":\"https:\\\/\\\/ihedn.fr\\\/lundis-de-lihedn\\\/non-loin-de-lukraine-lautre-enjeu-europeen-des-balkans\\\/#breadcrumb\",\"itemListElement\":[{\"@type\":\"ListItem\",\"position\":1,\"name\":\"Accueil\",\"item\":\"https:\\\/\\\/ihedn.fr\\\/\"},{\"@type\":\"ListItem\",\"position\":2,\"name\":\"Non loin de l\u2019Ukraine, l\u2019autre enjeu europ\u00e9en des Balkans\"}]},{\"@type\":\"WebSite\",\"@id\":\"https:\\\/\\\/ihedn.fr\\\/#website\",\"url\":\"https:\\\/\\\/ihedn.fr\\\/\",\"name\":\"IHEDN : Institut des hautes \u00e9tudes de d\u00e9fense nationale |\",\"description\":\"Site officiel de l&#039;IHEDN plac\u00e9 sous la tutelle du Premier ministre.\",\"publisher\":{\"@id\":\"https:\\\/\\\/ihedn.fr\\\/#organization\"},\"potentialAction\":[{\"@type\":\"SearchAction\",\"target\":{\"@type\":\"EntryPoint\",\"urlTemplate\":\"https:\\\/\\\/ihedn.fr\\\/?s={search_term_string}\"},\"query-input\":{\"@type\":\"PropertyValueSpecification\",\"valueRequired\":true,\"valueName\":\"search_term_string\"}}],\"inLanguage\":\"en-GB\"},{\"@type\":\"Organization\",\"@id\":\"https:\\\/\\\/ihedn.fr\\\/#organization\",\"name\":\"IHEDN - Institut des Hautes Etudes de D\u00e9fense Nationale\",\"url\":\"https:\\\/\\\/ihedn.fr\\\/\",\"logo\":{\"@type\":\"ImageObject\",\"inLanguage\":\"en-GB\",\"@id\":\"https:\\\/\\\/ihedn.fr\\\/#\\\/schema\\\/logo\\\/image\\\/\",\"url\":\"https:\\\/\\\/ihedn.fr\\\/wp-content\\\/uploads\\\/2020\\\/11\\\/BLOC_RF_IHEDN_WEB.png\",\"contentUrl\":\"https:\\\/\\\/ihedn.fr\\\/wp-content\\\/uploads\\\/2020\\\/11\\\/BLOC_RF_IHEDN_WEB.png\",\"width\":500,\"height\":237,\"caption\":\"IHEDN - Institut des Hautes Etudes de D\u00e9fense Nationale\"},\"image\":{\"@id\":\"https:\\\/\\\/ihedn.fr\\\/#\\\/schema\\\/logo\\\/image\\\/\"},\"sameAs\":[\"https:\\\/\\\/www.facebook.com\\\/ihedn\\\/\",\"https:\\\/\\\/x.com\\\/IHEDN\",\"https:\\\/\\\/www.instagram.com\\\/ihedn\\\/\",\"https:\\\/\\\/www.linkedin.com\\\/school\\\/ihedn\\\/\",\"https:\\\/\\\/fr.wikipedia.org\\\/wiki\\\/Institut_des_hautes_\u00e9tudes_de_D\u00e9fense_nationale\"]},{\"@type\":\"Person\",\"@id\":\"https:\\\/\\\/ihedn.fr\\\/#\\\/schema\\\/person\\\/f5fdd32c2827287accbcbc33f74121b5\",\"name\":\"alexia\",\"image\":{\"@type\":\"ImageObject\",\"inLanguage\":\"en-GB\",\"@id\":\"https:\\\/\\\/secure.gravatar.com\\\/avatar\\\/85eb8ccdb2990af9e1d5b99962700286b212c6b84c155ade95bbe0703f9c9001?s=96&d=mm&r=g\",\"url\":\"https:\\\/\\\/secure.gravatar.com\\\/avatar\\\/85eb8ccdb2990af9e1d5b99962700286b212c6b84c155ade95bbe0703f9c9001?s=96&d=mm&r=g\",\"contentUrl\":\"https:\\\/\\\/secure.gravatar.com\\\/avatar\\\/85eb8ccdb2990af9e1d5b99962700286b212c6b84c155ade95bbe0703f9c9001?s=96&d=mm&r=g\",\"caption\":\"alexia\"},\"url\":\"https:\\\/\\\/ihedn.fr\\\/en\\\/author\\\/alexia\\\/\"}]}<\/script>\n<!-- \/ Yoast SEO plugin. -->","yoast_head_json":{"title":"Not far from Ukraine, the other European issue in the Balkans - L'IHEDN : Institut des hautes \u00e9tudes de d\u00e9fense nationale (French Institute for Higher National Defence Studies)","description":"On the occasion of the 3rd International Session on the Balkans and South-East Europe (SIB), we focus on this border region, which has long been affected by conflict and is increasingly integrated into the EU.","robots":{"index":"index","follow":"follow","max-snippet":"max-snippet:-1","max-image-preview":"max-image-preview:large","max-video-preview":"max-video-preview:-1"},"canonical":"https:\/\/ihedn.fr\/en\/lundis-de-lihedn\/non-loin-de-lukraine-lautre-enjeu-europeen-des-balkans\/","og_locale":"en_GB","og_type":"article","og_title":"Non loin de l\u2019Ukraine, l\u2019autre enjeu europ\u00e9en des Balkans","og_description":"\u00c0 l\u2019occasion de la 3e Session internationale sur les Balkans et l\u2019Europe du Sud-est (SIB), focus sur cette r\u00e9gion-fronti\u00e8re impact\u00e9e de longue date par les conflits, et de plus en plus int\u00e9gr\u00e9e \u00e0 l\u2019UE.","og_url":"https:\/\/ihedn.fr\/en\/lundis-de-lihedn\/non-loin-de-lukraine-lautre-enjeu-europeen-des-balkans\/","og_site_name":"L&#039;IHEDN : Institut des hautes \u00e9tudes de d\u00e9fense nationale","article_publisher":"https:\/\/www.facebook.com\/ihedn\/","article_published_time":"2023-03-09T09:34:08+00:00","article_modified_time":"2023-06-30T12:22:59+00:00","og_image":[{"width":1380,"height":776,"url":"https:\/\/ihedn.fr\/wp-content\/uploads\/2023\/03\/balkans.jpg","type":"image\/jpeg"}],"author":"alexia","twitter_card":"summary_large_image","twitter_title":"Non loin de l\u2019Ukraine, l\u2019autre enjeu europ\u00e9en des Balkans","twitter_description":"\u00c0 l\u2019occasion de la 3e Session internationale sur les Balkans et l\u2019Europe du Sud-est (SIB), focus sur cette r\u00e9gion-fronti\u00e8re impact\u00e9e de longue date par les conflits, et de plus en plus int\u00e9gr\u00e9e \u00e0 l\u2019UE.","twitter_image":"https:\/\/ihedn.fr\/wp-content\/uploads\/2023\/03\/balkans.jpg","twitter_creator":"@IHEDN","twitter_site":"@IHEDN","twitter_misc":{"Written by":"alexia","Estimated reading time":"5 minutes"},"schema":{"@context":"https:\/\/schema.org","@graph":[{"@type":"Article","@id":"https:\/\/ihedn.fr\/lundis-de-lihedn\/non-loin-de-lukraine-lautre-enjeu-europeen-des-balkans\/#article","isPartOf":{"@id":"https:\/\/ihedn.fr\/lundis-de-lihedn\/non-loin-de-lukraine-lautre-enjeu-europeen-des-balkans\/"},"author":{"name":"alexia","@id":"https:\/\/ihedn.fr\/#\/schema\/person\/f5fdd32c2827287accbcbc33f74121b5"},"headline":"Non loin de l\u2019Ukraine, l\u2019autre enjeu europ\u00e9en des Balkans","datePublished":"2023-03-09T09:34:08+00:00","dateModified":"2023-06-30T12:22:59+00:00","mainEntityOfPage":{"@id":"https:\/\/ihedn.fr\/lundis-de-lihedn\/non-loin-de-lukraine-lautre-enjeu-europeen-des-balkans\/"},"wordCount":981,"publisher":{"@id":"https:\/\/ihedn.fr\/#organization"},"image":{"@id":"https:\/\/ihedn.fr\/lundis-de-lihedn\/non-loin-de-lukraine-lautre-enjeu-europeen-des-balkans\/#primaryimage"},"thumbnailUrl":"https:\/\/ihedn.fr\/wp-content\/uploads\/2023\/03\/balkans.jpg","articleSection":["d\u00e9fense nationale","Lundis de l'IHEDN","Notre s\u00e9lection","s\u00e9curit\u00e9 internationale"],"inLanguage":"en-GB"},{"@type":"WebPage","@id":"https:\/\/ihedn.fr\/lundis-de-lihedn\/non-loin-de-lukraine-lautre-enjeu-europeen-des-balkans\/","url":"https:\/\/ihedn.fr\/lundis-de-lihedn\/non-loin-de-lukraine-lautre-enjeu-europeen-des-balkans\/","name":"Not far from Ukraine, the other European issue in the Balkans - L'IHEDN : Institut des hautes \u00e9tudes de d\u00e9fense nationale (French Institute for Higher National Defence Studies)","isPartOf":{"@id":"https:\/\/ihedn.fr\/#website"},"primaryImageOfPage":{"@id":"https:\/\/ihedn.fr\/lundis-de-lihedn\/non-loin-de-lukraine-lautre-enjeu-europeen-des-balkans\/#primaryimage"},"image":{"@id":"https:\/\/ihedn.fr\/lundis-de-lihedn\/non-loin-de-lukraine-lautre-enjeu-europeen-des-balkans\/#primaryimage"},"thumbnailUrl":"https:\/\/ihedn.fr\/wp-content\/uploads\/2023\/03\/balkans.jpg","datePublished":"2023-03-09T09:34:08+00:00","dateModified":"2023-06-30T12:22:59+00:00","description":"On the occasion of the 3rd International Session on the Balkans and South-East Europe (SIB), we focus on this border region, which has long been affected by conflict and is increasingly integrated into the EU.","breadcrumb":{"@id":"https:\/\/ihedn.fr\/lundis-de-lihedn\/non-loin-de-lukraine-lautre-enjeu-europeen-des-balkans\/#breadcrumb"},"inLanguage":"en-GB","potentialAction":[{"@type":"ReadAction","target":["https:\/\/ihedn.fr\/lundis-de-lihedn\/non-loin-de-lukraine-lautre-enjeu-europeen-des-balkans\/"]}]},{"@type":"ImageObject","inLanguage":"en-GB","@id":"https:\/\/ihedn.fr\/lundis-de-lihedn\/non-loin-de-lukraine-lautre-enjeu-europeen-des-balkans\/#primaryimage","url":"https:\/\/ihedn.fr\/wp-content\/uploads\/2023\/03\/balkans.jpg","contentUrl":"https:\/\/ihedn.fr\/wp-content\/uploads\/2023\/03\/balkans.jpg","width":1380,"height":776},{"@type":"BreadcrumbList","@id":"https:\/\/ihedn.fr\/lundis-de-lihedn\/non-loin-de-lukraine-lautre-enjeu-europeen-des-balkans\/#breadcrumb","itemListElement":[{"@type":"ListItem","position":1,"name":"Accueil","item":"https:\/\/ihedn.fr\/"},{"@type":"ListItem","position":2,"name":"Non loin de l\u2019Ukraine, l\u2019autre enjeu europ\u00e9en des Balkans"}]},{"@type":"WebSite","@id":"https:\/\/ihedn.fr\/#website","url":"https:\/\/ihedn.fr\/","name":"IHEDN: Institut des hautes \u00e9tudes de d\u00e9fense nationale (Institute for Higher National Defence Studies)","description":"Official website of the IHEDN under the supervision of the Prime Minister.","publisher":{"@id":"https:\/\/ihedn.fr\/#organization"},"potentialAction":[{"@type":"SearchAction","target":{"@type":"EntryPoint","urlTemplate":"https:\/\/ihedn.fr\/?s={search_term_string}"},"query-input":{"@type":"PropertyValueSpecification","valueRequired":true,"valueName":"search_term_string"}}],"inLanguage":"en-GB"},{"@type":"Organization","@id":"https:\/\/ihedn.fr\/#organization","name":"IHEDN - Institute for Higher National Defence Studies","url":"https:\/\/ihedn.fr\/","logo":{"@type":"ImageObject","inLanguage":"en-GB","@id":"https:\/\/ihedn.fr\/#\/schema\/logo\/image\/","url":"https:\/\/ihedn.fr\/wp-content\/uploads\/2020\/11\/BLOC_RF_IHEDN_WEB.png","contentUrl":"https:\/\/ihedn.fr\/wp-content\/uploads\/2020\/11\/BLOC_RF_IHEDN_WEB.png","width":500,"height":237,"caption":"IHEDN - Institut des Hautes Etudes de D\u00e9fense Nationale"},"image":{"@id":"https:\/\/ihedn.fr\/#\/schema\/logo\/image\/"},"sameAs":["https:\/\/www.facebook.com\/ihedn\/","https:\/\/x.com\/IHEDN","https:\/\/www.instagram.com\/ihedn\/","https:\/\/www.linkedin.com\/school\/ihedn\/","https:\/\/fr.wikipedia.org\/wiki\/Institut_des_hautes_\u00e9tudes_de_D\u00e9fense_nationale"]},{"@type":"Person","@id":"https:\/\/ihedn.fr\/#\/schema\/person\/f5fdd32c2827287accbcbc33f74121b5","name":"alexia","image":{"@type":"ImageObject","inLanguage":"en-GB","@id":"https:\/\/secure.gravatar.com\/avatar\/85eb8ccdb2990af9e1d5b99962700286b212c6b84c155ade95bbe0703f9c9001?s=96&d=mm&r=g","url":"https:\/\/secure.gravatar.com\/avatar\/85eb8ccdb2990af9e1d5b99962700286b212c6b84c155ade95bbe0703f9c9001?s=96&d=mm&r=g","contentUrl":"https:\/\/secure.gravatar.com\/avatar\/85eb8ccdb2990af9e1d5b99962700286b212c6b84c155ade95bbe0703f9c9001?s=96&d=mm&r=g","caption":"alexia"},"url":"https:\/\/ihedn.fr\/en\/author\/alexia\/"}]}},"publishpress_future_action":{"enabled":false,"date":"2026-05-06 20:28:13","action":"change-status","newStatus":"draft","terms":[],"taxonomy":"category","extraData":[]},"publishpress_future_workflow_manual_trigger":{"enabledWorkflows":[]},"_links":{"self":[{"href":"https:\/\/ihedn.fr\/en\/wp-json\/wp\/v2\/posts\/35757","targetHints":{"allow":["GET"]}}],"collection":[{"href":"https:\/\/ihedn.fr\/en\/wp-json\/wp\/v2\/posts"}],"about":[{"href":"https:\/\/ihedn.fr\/en\/wp-json\/wp\/v2\/types\/post"}],"author":[{"embeddable":true,"href":"https:\/\/ihedn.fr\/en\/wp-json\/wp\/v2\/users\/7"}],"replies":[{"embeddable":true,"href":"https:\/\/ihedn.fr\/en\/wp-json\/wp\/v2\/comments?post=35757"}],"version-history":[{"count":22,"href":"https:\/\/ihedn.fr\/en\/wp-json\/wp\/v2\/posts\/35757\/revisions"}],"predecessor-version":[{"id":36926,"href":"https:\/\/ihedn.fr\/en\/wp-json\/wp\/v2\/posts\/35757\/revisions\/36926"}],"wp:featuredmedia":[{"embeddable":true,"href":"https:\/\/ihedn.fr\/en\/wp-json\/wp\/v2\/media\/35758"}],"wp:attachment":[{"href":"https:\/\/ihedn.fr\/en\/wp-json\/wp\/v2\/media?parent=35757"}],"wp:term":[{"taxonomy":"category","embeddable":true,"href":"https:\/\/ihedn.fr\/en\/wp-json\/wp\/v2\/categories?post=35757"},{"taxonomy":"post_tag","embeddable":true,"href":"https:\/\/ihedn.fr\/en\/wp-json\/wp\/v2\/tags?post=35757"}],"curies":[{"name":"wp","href":"https:\/\/api.w.org\/{rel}","templated":true}]}}