{"id":36245,"date":"2023-03-15T14:39:11","date_gmt":"2023-03-15T13:39:11","guid":{"rendered":"https:\/\/ihedn.fr\/?p=36245"},"modified":"2026-01-22T16:59:44","modified_gmt":"2026-01-22T15:59:44","slug":"cycle-maitrise-des-risques-a-linternational-ethique-et-conformite","status":"publish","type":"post","link":"https:\/\/ihedn.fr\/en\/notre-actualite\/cycle-maitrise-des-risques-a-linternational-ethique-et-conformite\/","title":{"rendered":"International Risk Management, Ethics and Compliance Cycle"},"content":{"rendered":"<div data-elementor-type=\"wp-post\" data-elementor-id=\"36245\" class=\"elementor elementor-36245\" data-elementor-post-type=\"post\">\n\t\t\t\t\t\t<section data-particle_enable=\"false\" data-particle-mobile-disabled=\"false\" class=\"elementor-section elementor-top-section elementor-element elementor-element-95d55b7 elementor-section-boxed elementor-section-height-default elementor-section-height-default\" data-id=\"95d55b7\" data-element_type=\"section\" data-e-type=\"section\">\n\t\t\t\t\t\t<div class=\"elementor-container elementor-column-gap-default\">\n\t\t\t\t\t<div class=\"elementor-column elementor-col-100 elementor-top-column elementor-element elementor-element-869f623\" data-id=\"869f623\" data-element_type=\"column\" data-e-type=\"column\">\n\t\t\t<div class=\"elementor-widget-wrap elementor-element-populated\">\n\t\t\t\t\t\t<div class=\"elementor-element elementor-element-796b21a elementor-widget elementor-widget-text-editor\" data-id=\"796b21a\" data-element_type=\"widget\" data-e-type=\"widget\" data-widget_type=\"text-editor.default\">\n\t\t\t\t<div class=\"elementor-widget-container\">\n\t\t\t\t\t\t\t\t\t<p>The aim of the course is to acquire a global vision of developments in the international business context (multiplication of legislation, growing importance of soft law, extraterritoriality of standards and legislation, etc.) and to broaden the understanding of ethics in business, going beyond the simple framework of regulatory compliance.<\/p><p>The Director of IHEDN thanked the French Anti-Corruption Agency and TRACFIN for their support with the training.<\/p><p>If you would like to find out more about business intelligence, click here (<a href=\"https:\/\/ihedn.fr\/en\/formations\/formation-intelligence-economique\/\">Business intelligence training - IHEDN : Institut des hautes \u00e9tudes de d\u00e9fense nationale (French Institute for Higher National Defence Studies)<\/a>) the various IE training courses.<\/p><p>IHEDN, a public body under the authority of the Prime Minister, organises 7-day training courses on the various themes of EI (ethics and compliance, influence, cybersecurity, economic intelligence and security) three times a year, as well as two-day courses on one of these themes.<\/p><p>The next Economic Security training course will take place on 16 and 17 March with the support of government departments such as the DGSI, DGSE, SGDSN and ANSSI.<\/p>\t\t\t\t\t\t\t\t<\/div>\n\t\t\t\t<\/div>\n\t\t\t\t\t<\/div>\n\t\t<\/div>\n\t\t\t\t\t<\/div>\n\t\t<\/section>\n\t\t\t\t<\/div>","protected":false},"excerpt":{"rendered":"<p>From 14 to 15 March 2023, the IHEDN is organising a training course in international risk management, ethics and compliance. During 12 hours of training at the \u00c9cole Militaire, participants will reflect on the challenges of compliance and legal intelligence. <\/p>","protected":false},"author":7,"featured_media":36246,"comment_status":"closed","ping_status":"closed","sticky":false,"template":"","format":"standard","meta":{"footnotes":""},"categories":[172],"tags":[],"class_list":["post-36245","post","type-post","status-publish","format-standard","has-post-thumbnail","hentry","category-notre-actualite"],"yoast_head":"<!-- This site is optimized with the Yoast SEO plugin v27.5 - https:\/\/yoast.com\/product\/yoast-seo-wordpress\/ -->\n<title>Cycle Maitrise des risques \u00e0 l&#039;international, \u00e9thique et conformit\u00e9 - L&#039;IHEDN : Institut des hautes \u00e9tudes de d\u00e9fense nationale<\/title>\n<meta name=\"description\" content=\"Les 15 et 16 mars 2023, l\u2019Institut des hautes \u00e9tudes de d\u00e9fense nationale organise, en partenariat avec l\u2019Institut diplomatique et consulaire, un s\u00e9minaire au profit des agents \u00e0 mi-carri\u00e8re du Minist\u00e8re de l\u2019Europe et des Affaires \u00e9trang\u00e8res.\" \/>\n<meta name=\"robots\" content=\"index, follow, max-snippet:-1, max-image-preview:large, max-video-preview:-1\" \/>\n<link rel=\"canonical\" href=\"https:\/\/ihedn.fr\/en\/se-former\/intelligence-economique\/cycles-courts\/\" \/>\n<meta property=\"og:locale\" content=\"en_GB\" \/>\n<meta property=\"og:type\" content=\"article\" \/>\n<meta property=\"og:title\" content=\"Cycle Maitrise des risques \u00e0 l&#039;international, \u00e9thique et conformit\u00e9\" \/>\n<meta property=\"og:description\" content=\"Du 14 au 15 mars 2023, l\u2019IHEDN organise un cycle de formation en maitrise des risques \u00e0 l\u2019international, \u00e9thique et conformit\u00e9. Sur 12 heures de formation au sein de l\u2019\u00c9cole militaire, les participants r\u00e9fl\u00e9chissent aux enjeux de la conformit\u00e9 et de l\u2019intelligence juridique.\" \/>\n<meta property=\"og:url\" content=\"https:\/\/ihedn.fr\/en\/se-former\/intelligence-economique\/cycles-courts\/\" \/>\n<meta property=\"og:site_name\" content=\"L&#039;IHEDN : Institut des hautes \u00e9tudes de d\u00e9fense nationale\" \/>\n<meta property=\"article:publisher\" content=\"https:\/\/www.facebook.com\/ihedn\/\" \/>\n<meta property=\"article:published_time\" content=\"2023-03-15T13:39:11+00:00\" \/>\n<meta property=\"article:modified_time\" content=\"2026-01-22T15:59:44+00:00\" \/>\n<meta property=\"og:image\" content=\"https:\/\/ihedn.fr\/wp-content\/uploads\/2023\/03\/w-20230315-IHEDN-IE-Cycle-Ethique-et-compliance-001.jpg\" \/>\n\t<meta property=\"og:image:width\" content=\"800\" \/>\n\t<meta property=\"og:image:height\" content=\"533\" \/>\n\t<meta property=\"og:image:type\" content=\"image\/jpeg\" \/>\n<meta name=\"author\" content=\"alexia\" \/>\n<meta name=\"twitter:card\" content=\"summary_large_image\" \/>\n<meta name=\"twitter:title\" content=\"Cycle Maitrise des risques \u00e0 l&#039;international, \u00e9thique et conformit\u00e9\" \/>\n<meta name=\"twitter:description\" content=\"Du 14 au 15 mars 2023, l\u2019IHEDN organise un cycle de formation en maitrise des risques \u00e0 l\u2019international, \u00e9thique et conformit\u00e9. Sur 12 heures de formation au sein de l\u2019\u00c9cole militaire, les participants r\u00e9fl\u00e9chissent aux enjeux de la conformit\u00e9 et de l\u2019intelligence juridique.\" \/>\n<meta name=\"twitter:image\" content=\"https:\/\/ihedn.fr\/wp-content\/uploads\/2023\/03\/w-20230315-IHEDN-IE-Cycle-Ethique-et-compliance-001.jpg\" \/>\n<meta name=\"twitter:creator\" content=\"@IHEDN\" \/>\n<meta name=\"twitter:site\" content=\"@IHEDN\" \/>\n<meta name=\"twitter:label1\" content=\"Written by\" \/>\n\t<meta name=\"twitter:data1\" content=\"alexia\" \/>\n\t<meta name=\"twitter:label2\" content=\"Estimated reading time\" \/>\n\t<meta name=\"twitter:data2\" content=\"2 minutes\" \/>\n<script type=\"application\/ld+json\" class=\"yoast-schema-graph\">{\"@context\":\"https:\\\/\\\/schema.org\",\"@graph\":[{\"@type\":\"Article\",\"@id\":\"https:\\\/\\\/ihedn.fr\\\/se-former\\\/intelligence-economique\\\/cycles-courts\\\/#article\",\"isPartOf\":{\"@id\":\"https:\\\/\\\/ihedn.fr\\\/notre-actualite\\\/cycle-maitrise-des-risques-a-linternational-ethique-et-conformite\\\/\"},\"author\":{\"name\":\"alexia\",\"@id\":\"https:\\\/\\\/ihedn.fr\\\/#\\\/schema\\\/person\\\/f5fdd32c2827287accbcbc33f74121b5\"},\"headline\":\"Cycle Maitrise des risques \u00e0 l&rsquo;international, \u00e9thique et conformit\u00e9\",\"datePublished\":\"2023-03-15T13:39:11+00:00\",\"dateModified\":\"2026-01-22T15:59:44+00:00\",\"mainEntityOfPage\":{\"@id\":\"https:\\\/\\\/ihedn.fr\\\/notre-actualite\\\/cycle-maitrise-des-risques-a-linternational-ethique-et-conformite\\\/\"},\"wordCount\":206,\"publisher\":{\"@id\":\"https:\\\/\\\/ihedn.fr\\\/#organization\"},\"image\":{\"@id\":\"https:\\\/\\\/ihedn.fr\\\/se-former\\\/intelligence-economique\\\/cycles-courts\\\/#primaryimage\"},\"thumbnailUrl\":\"https:\\\/\\\/ihedn.fr\\\/wp-content\\\/uploads\\\/2023\\\/03\\\/w-20230315-IHEDN-IE-Cycle-Ethique-et-compliance-001.jpg\",\"articleSection\":[\"Notre actualit\u00e9\"],\"inLanguage\":\"en-GB\"},{\"@type\":\"WebPage\",\"@id\":\"https:\\\/\\\/ihedn.fr\\\/notre-actualite\\\/cycle-maitrise-des-risques-a-linternational-ethique-et-conformite\\\/\",\"url\":\"https:\\\/\\\/ihedn.fr\\\/se-former\\\/intelligence-economique\\\/cycles-courts\\\/\",\"name\":\"Cycle Maitrise des risques \u00e0 l'international, \u00e9thique et conformit\u00e9 - L&#039;IHEDN : Institut des hautes \u00e9tudes de d\u00e9fense nationale\",\"isPartOf\":{\"@id\":\"https:\\\/\\\/ihedn.fr\\\/#website\"},\"primaryImageOfPage\":{\"@id\":\"https:\\\/\\\/ihedn.fr\\\/se-former\\\/intelligence-economique\\\/cycles-courts\\\/#primaryimage\"},\"image\":{\"@id\":\"https:\\\/\\\/ihedn.fr\\\/se-former\\\/intelligence-economique\\\/cycles-courts\\\/#primaryimage\"},\"thumbnailUrl\":\"https:\\\/\\\/ihedn.fr\\\/wp-content\\\/uploads\\\/2023\\\/03\\\/w-20230315-IHEDN-IE-Cycle-Ethique-et-compliance-001.jpg\",\"datePublished\":\"2023-03-15T13:39:11+00:00\",\"dateModified\":\"2026-01-22T15:59:44+00:00\",\"description\":\"Les 15 et 16 mars 2023, l\u2019Institut des hautes \u00e9tudes de d\u00e9fense nationale organise, en partenariat avec l\u2019Institut diplomatique et consulaire, un s\u00e9minaire au profit des agents \u00e0 mi-carri\u00e8re du Minist\u00e8re de l\u2019Europe et des Affaires \u00e9trang\u00e8res.\",\"breadcrumb\":{\"@id\":\"https:\\\/\\\/ihedn.fr\\\/se-former\\\/intelligence-economique\\\/cycles-courts\\\/#breadcrumb\"},\"inLanguage\":\"en-GB\",\"potentialAction\":[{\"@type\":\"ReadAction\",\"target\":[\"https:\\\/\\\/ihedn.fr\\\/se-former\\\/intelligence-economique\\\/cycles-courts\\\/\"]}]},{\"@type\":\"ImageObject\",\"inLanguage\":\"en-GB\",\"@id\":\"https:\\\/\\\/ihedn.fr\\\/se-former\\\/intelligence-economique\\\/cycles-courts\\\/#primaryimage\",\"url\":\"https:\\\/\\\/ihedn.fr\\\/wp-content\\\/uploads\\\/2023\\\/03\\\/w-20230315-IHEDN-IE-Cycle-Ethique-et-compliance-001.jpg\",\"contentUrl\":\"https:\\\/\\\/ihedn.fr\\\/wp-content\\\/uploads\\\/2023\\\/03\\\/w-20230315-IHEDN-IE-Cycle-Ethique-et-compliance-001.jpg\",\"width\":800,\"height\":533},{\"@type\":\"BreadcrumbList\",\"@id\":\"https:\\\/\\\/ihedn.fr\\\/se-former\\\/intelligence-economique\\\/cycles-courts\\\/#breadcrumb\",\"itemListElement\":[{\"@type\":\"ListItem\",\"position\":1,\"name\":\"Accueil\",\"item\":\"https:\\\/\\\/ihedn.fr\\\/\"},{\"@type\":\"ListItem\",\"position\":2,\"name\":\"Cycle Maitrise des risques \u00e0 l&rsquo;international, \u00e9thique et conformit\u00e9\"}]},{\"@type\":\"WebSite\",\"@id\":\"https:\\\/\\\/ihedn.fr\\\/#website\",\"url\":\"https:\\\/\\\/ihedn.fr\\\/\",\"name\":\"IHEDN : Institut des hautes \u00e9tudes de d\u00e9fense nationale |\",\"description\":\"Site officiel de l&#039;IHEDN plac\u00e9 sous la tutelle du Premier ministre.\",\"publisher\":{\"@id\":\"https:\\\/\\\/ihedn.fr\\\/#organization\"},\"potentialAction\":[{\"@type\":\"SearchAction\",\"target\":{\"@type\":\"EntryPoint\",\"urlTemplate\":\"https:\\\/\\\/ihedn.fr\\\/?s={search_term_string}\"},\"query-input\":{\"@type\":\"PropertyValueSpecification\",\"valueRequired\":true,\"valueName\":\"search_term_string\"}}],\"inLanguage\":\"en-GB\"},{\"@type\":\"Organization\",\"@id\":\"https:\\\/\\\/ihedn.fr\\\/#organization\",\"name\":\"IHEDN - Institut des Hautes Etudes de D\u00e9fense Nationale\",\"url\":\"https:\\\/\\\/ihedn.fr\\\/\",\"logo\":{\"@type\":\"ImageObject\",\"inLanguage\":\"en-GB\",\"@id\":\"https:\\\/\\\/ihedn.fr\\\/#\\\/schema\\\/logo\\\/image\\\/\",\"url\":\"https:\\\/\\\/ihedn.fr\\\/wp-content\\\/uploads\\\/2020\\\/11\\\/BLOC_RF_IHEDN_WEB.png\",\"contentUrl\":\"https:\\\/\\\/ihedn.fr\\\/wp-content\\\/uploads\\\/2020\\\/11\\\/BLOC_RF_IHEDN_WEB.png\",\"width\":500,\"height\":237,\"caption\":\"IHEDN - Institut des Hautes Etudes de D\u00e9fense Nationale\"},\"image\":{\"@id\":\"https:\\\/\\\/ihedn.fr\\\/#\\\/schema\\\/logo\\\/image\\\/\"},\"sameAs\":[\"https:\\\/\\\/www.facebook.com\\\/ihedn\\\/\",\"https:\\\/\\\/x.com\\\/IHEDN\",\"https:\\\/\\\/www.instagram.com\\\/ihedn\\\/\",\"https:\\\/\\\/www.linkedin.com\\\/school\\\/ihedn\\\/\",\"https:\\\/\\\/fr.wikipedia.org\\\/wiki\\\/Institut_des_hautes_\u00e9tudes_de_D\u00e9fense_nationale\"]},{\"@type\":\"Person\",\"@id\":\"https:\\\/\\\/ihedn.fr\\\/#\\\/schema\\\/person\\\/f5fdd32c2827287accbcbc33f74121b5\",\"name\":\"alexia\",\"image\":{\"@type\":\"ImageObject\",\"inLanguage\":\"en-GB\",\"@id\":\"https:\\\/\\\/secure.gravatar.com\\\/avatar\\\/85eb8ccdb2990af9e1d5b99962700286b212c6b84c155ade95bbe0703f9c9001?s=96&d=mm&r=g\",\"url\":\"https:\\\/\\\/secure.gravatar.com\\\/avatar\\\/85eb8ccdb2990af9e1d5b99962700286b212c6b84c155ade95bbe0703f9c9001?s=96&d=mm&r=g\",\"contentUrl\":\"https:\\\/\\\/secure.gravatar.com\\\/avatar\\\/85eb8ccdb2990af9e1d5b99962700286b212c6b84c155ade95bbe0703f9c9001?s=96&d=mm&r=g\",\"caption\":\"alexia\"},\"url\":\"https:\\\/\\\/ihedn.fr\\\/en\\\/author\\\/alexia\\\/\"}]}<\/script>\n<!-- \/ Yoast SEO plugin. -->","yoast_head_json":{"title":"International Risk Management, Ethics and Compliance Cycle - L'IHEDN : Institut des hautes \u00e9tudes de d\u00e9fense nationale (French Institute for Higher National Defence Studies)","description":"On 15 and 16 March 2023, the Institut des hautes \u00e9tudes de d\u00e9fense nationale, in partnership with the Institut diplomatique et consulaire, is organising a seminar for mid-career staff of the Ministry of Europe and Foreign Affairs.","robots":{"index":"index","follow":"follow","max-snippet":"max-snippet:-1","max-image-preview":"max-image-preview:large","max-video-preview":"max-video-preview:-1"},"canonical":"https:\/\/ihedn.fr\/en\/se-former\/intelligence-economique\/cycles-courts\/","og_locale":"en_GB","og_type":"article","og_title":"Cycle Maitrise des risques \u00e0 l'international, \u00e9thique et conformit\u00e9","og_description":"Du 14 au 15 mars 2023, l\u2019IHEDN organise un cycle de formation en maitrise des risques \u00e0 l\u2019international, \u00e9thique et conformit\u00e9. Sur 12 heures de formation au sein de l\u2019\u00c9cole militaire, les participants r\u00e9fl\u00e9chissent aux enjeux de la conformit\u00e9 et de l\u2019intelligence juridique.","og_url":"https:\/\/ihedn.fr\/en\/se-former\/intelligence-economique\/cycles-courts\/","og_site_name":"L&#039;IHEDN : Institut des hautes \u00e9tudes de d\u00e9fense nationale","article_publisher":"https:\/\/www.facebook.com\/ihedn\/","article_published_time":"2023-03-15T13:39:11+00:00","article_modified_time":"2026-01-22T15:59:44+00:00","og_image":[{"width":800,"height":533,"url":"https:\/\/ihedn.fr\/wp-content\/uploads\/2023\/03\/w-20230315-IHEDN-IE-Cycle-Ethique-et-compliance-001.jpg","type":"image\/jpeg"}],"author":"alexia","twitter_card":"summary_large_image","twitter_title":"Cycle Maitrise des risques \u00e0 l'international, \u00e9thique et conformit\u00e9","twitter_description":"Du 14 au 15 mars 2023, l\u2019IHEDN organise un cycle de formation en maitrise des risques \u00e0 l\u2019international, \u00e9thique et conformit\u00e9. Sur 12 heures de formation au sein de l\u2019\u00c9cole militaire, les participants r\u00e9fl\u00e9chissent aux enjeux de la conformit\u00e9 et de l\u2019intelligence juridique.","twitter_image":"https:\/\/ihedn.fr\/wp-content\/uploads\/2023\/03\/w-20230315-IHEDN-IE-Cycle-Ethique-et-compliance-001.jpg","twitter_creator":"@IHEDN","twitter_site":"@IHEDN","twitter_misc":{"Written by":"alexia","Estimated reading time":"2 minutes"},"schema":{"@context":"https:\/\/schema.org","@graph":[{"@type":"Article","@id":"https:\/\/ihedn.fr\/se-former\/intelligence-economique\/cycles-courts\/#article","isPartOf":{"@id":"https:\/\/ihedn.fr\/notre-actualite\/cycle-maitrise-des-risques-a-linternational-ethique-et-conformite\/"},"author":{"name":"alexia","@id":"https:\/\/ihedn.fr\/#\/schema\/person\/f5fdd32c2827287accbcbc33f74121b5"},"headline":"Cycle Maitrise des risques \u00e0 l&rsquo;international, \u00e9thique et conformit\u00e9","datePublished":"2023-03-15T13:39:11+00:00","dateModified":"2026-01-22T15:59:44+00:00","mainEntityOfPage":{"@id":"https:\/\/ihedn.fr\/notre-actualite\/cycle-maitrise-des-risques-a-linternational-ethique-et-conformite\/"},"wordCount":206,"publisher":{"@id":"https:\/\/ihedn.fr\/#organization"},"image":{"@id":"https:\/\/ihedn.fr\/se-former\/intelligence-economique\/cycles-courts\/#primaryimage"},"thumbnailUrl":"https:\/\/ihedn.fr\/wp-content\/uploads\/2023\/03\/w-20230315-IHEDN-IE-Cycle-Ethique-et-compliance-001.jpg","articleSection":["Notre actualit\u00e9"],"inLanguage":"en-GB"},{"@type":"WebPage","@id":"https:\/\/ihedn.fr\/notre-actualite\/cycle-maitrise-des-risques-a-linternational-ethique-et-conformite\/","url":"https:\/\/ihedn.fr\/se-former\/intelligence-economique\/cycles-courts\/","name":"International Risk Management, Ethics and Compliance Cycle - L'IHEDN : Institut des hautes \u00e9tudes de d\u00e9fense nationale (French Institute for Higher National Defence Studies)","isPartOf":{"@id":"https:\/\/ihedn.fr\/#website"},"primaryImageOfPage":{"@id":"https:\/\/ihedn.fr\/se-former\/intelligence-economique\/cycles-courts\/#primaryimage"},"image":{"@id":"https:\/\/ihedn.fr\/se-former\/intelligence-economique\/cycles-courts\/#primaryimage"},"thumbnailUrl":"https:\/\/ihedn.fr\/wp-content\/uploads\/2023\/03\/w-20230315-IHEDN-IE-Cycle-Ethique-et-compliance-001.jpg","datePublished":"2023-03-15T13:39:11+00:00","dateModified":"2026-01-22T15:59:44+00:00","description":"On 15 and 16 March 2023, the Institut des hautes \u00e9tudes de d\u00e9fense nationale, in partnership with the Institut diplomatique et consulaire, is organising a seminar for mid-career staff of the Ministry of Europe and Foreign Affairs.","breadcrumb":{"@id":"https:\/\/ihedn.fr\/se-former\/intelligence-economique\/cycles-courts\/#breadcrumb"},"inLanguage":"en-GB","potentialAction":[{"@type":"ReadAction","target":["https:\/\/ihedn.fr\/se-former\/intelligence-economique\/cycles-courts\/"]}]},{"@type":"ImageObject","inLanguage":"en-GB","@id":"https:\/\/ihedn.fr\/se-former\/intelligence-economique\/cycles-courts\/#primaryimage","url":"https:\/\/ihedn.fr\/wp-content\/uploads\/2023\/03\/w-20230315-IHEDN-IE-Cycle-Ethique-et-compliance-001.jpg","contentUrl":"https:\/\/ihedn.fr\/wp-content\/uploads\/2023\/03\/w-20230315-IHEDN-IE-Cycle-Ethique-et-compliance-001.jpg","width":800,"height":533},{"@type":"BreadcrumbList","@id":"https:\/\/ihedn.fr\/se-former\/intelligence-economique\/cycles-courts\/#breadcrumb","itemListElement":[{"@type":"ListItem","position":1,"name":"Accueil","item":"https:\/\/ihedn.fr\/"},{"@type":"ListItem","position":2,"name":"Cycle Maitrise des risques \u00e0 l&rsquo;international, \u00e9thique et conformit\u00e9"}]},{"@type":"WebSite","@id":"https:\/\/ihedn.fr\/#website","url":"https:\/\/ihedn.fr\/","name":"IHEDN: Institut des hautes \u00e9tudes de d\u00e9fense nationale (Institute for Higher National Defence Studies)","description":"Official website of the IHEDN under the supervision of the Prime Minister.","publisher":{"@id":"https:\/\/ihedn.fr\/#organization"},"potentialAction":[{"@type":"SearchAction","target":{"@type":"EntryPoint","urlTemplate":"https:\/\/ihedn.fr\/?s={search_term_string}"},"query-input":{"@type":"PropertyValueSpecification","valueRequired":true,"valueName":"search_term_string"}}],"inLanguage":"en-GB"},{"@type":"Organization","@id":"https:\/\/ihedn.fr\/#organization","name":"IHEDN - Institute for Higher National Defence Studies","url":"https:\/\/ihedn.fr\/","logo":{"@type":"ImageObject","inLanguage":"en-GB","@id":"https:\/\/ihedn.fr\/#\/schema\/logo\/image\/","url":"https:\/\/ihedn.fr\/wp-content\/uploads\/2020\/11\/BLOC_RF_IHEDN_WEB.png","contentUrl":"https:\/\/ihedn.fr\/wp-content\/uploads\/2020\/11\/BLOC_RF_IHEDN_WEB.png","width":500,"height":237,"caption":"IHEDN - Institut des Hautes Etudes de D\u00e9fense Nationale"},"image":{"@id":"https:\/\/ihedn.fr\/#\/schema\/logo\/image\/"},"sameAs":["https:\/\/www.facebook.com\/ihedn\/","https:\/\/x.com\/IHEDN","https:\/\/www.instagram.com\/ihedn\/","https:\/\/www.linkedin.com\/school\/ihedn\/","https:\/\/fr.wikipedia.org\/wiki\/Institut_des_hautes_\u00e9tudes_de_D\u00e9fense_nationale"]},{"@type":"Person","@id":"https:\/\/ihedn.fr\/#\/schema\/person\/f5fdd32c2827287accbcbc33f74121b5","name":"alexia","image":{"@type":"ImageObject","inLanguage":"en-GB","@id":"https:\/\/secure.gravatar.com\/avatar\/85eb8ccdb2990af9e1d5b99962700286b212c6b84c155ade95bbe0703f9c9001?s=96&d=mm&r=g","url":"https:\/\/secure.gravatar.com\/avatar\/85eb8ccdb2990af9e1d5b99962700286b212c6b84c155ade95bbe0703f9c9001?s=96&d=mm&r=g","contentUrl":"https:\/\/secure.gravatar.com\/avatar\/85eb8ccdb2990af9e1d5b99962700286b212c6b84c155ade95bbe0703f9c9001?s=96&d=mm&r=g","caption":"alexia"},"url":"https:\/\/ihedn.fr\/en\/author\/alexia\/"}]}},"publishpress_future_action":{"enabled":false,"date":"2026-05-08 08:14:41","action":"change-status","newStatus":"draft","terms":[],"taxonomy":"category","extraData":[]},"publishpress_future_workflow_manual_trigger":{"enabledWorkflows":[]},"_links":{"self":[{"href":"https:\/\/ihedn.fr\/en\/wp-json\/wp\/v2\/posts\/36245","targetHints":{"allow":["GET"]}}],"collection":[{"href":"https:\/\/ihedn.fr\/en\/wp-json\/wp\/v2\/posts"}],"about":[{"href":"https:\/\/ihedn.fr\/en\/wp-json\/wp\/v2\/types\/post"}],"author":[{"embeddable":true,"href":"https:\/\/ihedn.fr\/en\/wp-json\/wp\/v2\/users\/7"}],"replies":[{"embeddable":true,"href":"https:\/\/ihedn.fr\/en\/wp-json\/wp\/v2\/comments?post=36245"}],"version-history":[{"count":5,"href":"https:\/\/ihedn.fr\/en\/wp-json\/wp\/v2\/posts\/36245\/revisions"}],"predecessor-version":[{"id":58009,"href":"https:\/\/ihedn.fr\/en\/wp-json\/wp\/v2\/posts\/36245\/revisions\/58009"}],"wp:featuredmedia":[{"embeddable":true,"href":"https:\/\/ihedn.fr\/en\/wp-json\/wp\/v2\/media\/36246"}],"wp:attachment":[{"href":"https:\/\/ihedn.fr\/en\/wp-json\/wp\/v2\/media?parent=36245"}],"wp:term":[{"taxonomy":"category","embeddable":true,"href":"https:\/\/ihedn.fr\/en\/wp-json\/wp\/v2\/categories?post=36245"},{"taxonomy":"post_tag","embeddable":true,"href":"https:\/\/ihedn.fr\/en\/wp-json\/wp\/v2\/tags?post=36245"}],"curies":[{"name":"wp","href":"https:\/\/api.w.org\/{rel}","templated":true}]}}