{"id":36251,"date":"2023-03-15T15:01:37","date_gmt":"2023-03-15T14:01:37","guid":{"rendered":"https:\/\/ihedn.fr\/?p=36251"},"modified":"2023-03-15T15:25:11","modified_gmt":"2023-03-15T14:25:11","slug":"apres-une-journee-a-paris-sur-les-enjeux-internationauxcap-au-nord-pour-la-majeure-enjeux-et-strategies-maritimes-de-la-2e-session-nationale","status":"publish","type":"post","link":"https:\/\/ihedn.fr\/en\/notre-actualite\/apres-une-journee-a-paris-sur-les-enjeux-internationauxcap-au-nord-pour-la-majeure-enjeux-et-strategies-maritimes-de-la-2e-session-nationale\/","title":{"rendered":"After a day in Paris focusing on international issues,<br>heading north for the \"Maritime issues and strategies\" major<br>of the 2<sup>e<\/sup> national session"},"content":{"rendered":"<div data-elementor-type=\"wp-post\" data-elementor-id=\"36251\" class=\"elementor elementor-36251\" data-elementor-post-type=\"post\">\n\t\t\t\t\t\t<section data-particle_enable=\"false\" data-particle-mobile-disabled=\"false\" class=\"elementor-section elementor-top-section elementor-element elementor-element-40f159a elementor-section-boxed elementor-section-height-default elementor-section-height-default\" data-id=\"40f159a\" data-element_type=\"section\" data-e-type=\"section\">\n\t\t\t\t\t\t<div class=\"elementor-container elementor-column-gap-default\">\n\t\t\t\t\t<div class=\"elementor-column elementor-col-100 elementor-top-column elementor-element elementor-element-336ba20\" data-id=\"336ba20\" data-element_type=\"column\" data-e-type=\"column\">\n\t\t\t<div class=\"elementor-widget-wrap elementor-element-populated\">\n\t\t\t\t\t\t<div class=\"elementor-element elementor-element-8fe8788 elementor-widget elementor-widget-text-editor\" data-id=\"8fe8788\" data-element_type=\"widget\" data-e-type=\"widget\" data-widget_type=\"text-editor.default\">\n\t\t\t\t<div class=\"elementor-widget-container\">\n\t\t\t\t\t\t\t\t\t<p>They were able to debate with a number of high-level personalities involved in these international issues: <strong><span style=\"color: #000091;\">Emmanuel PUISAIS-JAUVIN<\/span><\/strong>Secretary General for European Affairs, <strong><span style=\"color: #000091;\">Jean-Vincent HOLLEINDRE<\/span><\/strong>from the Thucydides Centre (Panth\u00e9on - Assas), <strong><span style=\"color: #000091;\">Brigadier General (2s) Fr\u00e9d\u00e9ric PESME<\/span><\/strong> and <span style=\"color: #000091;\"><strong>H.E. the Ambassador of France Alain LEROY<\/strong><\/span>. The auditors were thus able to gauge the complexity of these international issues and gain a better understanding of France's position in this environment.<\/p>\t\t\t\t\t\t\t\t<\/div>\n\t\t\t\t<\/div>\n\t\t\t\t\t<\/div>\n\t\t<\/div>\n\t\t\t\t\t<\/div>\n\t\t<\/section>\n\t\t\t\t<section data-particle_enable=\"false\" data-particle-mobile-disabled=\"false\" class=\"elementor-section elementor-top-section elementor-element elementor-element-58be0b0 elementor-section-boxed elementor-section-height-default elementor-section-height-default\" data-id=\"58be0b0\" data-element_type=\"section\" data-e-type=\"section\">\n\t\t\t\t\t\t<div class=\"elementor-container elementor-column-gap-default\">\n\t\t\t\t\t<div class=\"elementor-column elementor-col-100 elementor-top-column elementor-element elementor-element-f831913\" data-id=\"f831913\" data-element_type=\"column\" data-e-type=\"column\">\n\t\t\t<div class=\"elementor-widget-wrap elementor-element-populated\">\n\t\t\t\t\t\t<div class=\"elementor-element elementor-element-c6ae690 elementor-widget elementor-widget-gallery\" data-id=\"c6ae690\" data-element_type=\"widget\" data-e-type=\"widget\" data-settings=\"{&quot;columns&quot;:3,&quot;gap&quot;:{&quot;unit&quot;:&quot;px&quot;,&quot;size&quot;:7,&quot;sizes&quot;:[]},&quot;overlay_description&quot;:&quot;caption&quot;,&quot;lazyload&quot;:&quot;yes&quot;,&quot;gallery_layout&quot;:&quot;grid&quot;,&quot;columns_tablet&quot;:2,&quot;columns_mobile&quot;:1,&quot;gap_tablet&quot;:{&quot;unit&quot;:&quot;px&quot;,&quot;size&quot;:10,&quot;sizes&quot;:[]},&quot;gap_mobile&quot;:{&quot;unit&quot;:&quot;px&quot;,&quot;size&quot;:10,&quot;sizes&quot;:[]},&quot;link_to&quot;:&quot;file&quot;,&quot;aspect_ratio&quot;:&quot;3:2&quot;,&quot;overlay_background&quot;:&quot;yes&quot;,&quot;content_hover_animation&quot;:&quot;fade-in&quot;}\" data-widget_type=\"gallery.default\">\n\t\t\t\t<div class=\"elementor-widget-container\">\n\t\t\t\t\t\t\t<div class=\"elementor-gallery__container\">\n\t\t\t\t\t\t\t<a class=\"e-gallery-item elementor-gallery-item elementor-animated-content\" href=\"https:\/\/ihedn.fr\/wp-content\/uploads\/2023\/03\/Dir.jpg\" data-elementor-open-lightbox=\"yes\" data-elementor-lightbox-slideshow=\"c6ae690\" data-elementor-lightbox-description=\"Le directeur ouvrant le module sur les enjeux internationaux\" data-e-action-hash=\"#elementor-action%3Aaction%3Dlightbox%26settings%3DeyJpZCI6MzYyNTUsInVybCI6Imh0dHBzOlwvXC9paGVkbi5mclwvd3AtY29udGVudFwvdXBsb2Fkc1wvMjAyM1wvMDNcL0Rpci5qcGciLCJzbGlkZXNob3ciOiJjNmFlNjkwIn0%3D\">\n\t\t\t\t\t<div class=\"e-gallery-image elementor-gallery-item__image\" data-thumbnail=\"https:\/\/ihedn.fr\/wp-content\/uploads\/2023\/03\/Dir.jpg\" data-width=\"1511\" data-height=\"1058\" aria-label=\"The director opens the module on international issues\" role=\"img\" ><\/div>\n\t\t\t\t\t\t\t\t\t\t\t<div class=\"elementor-gallery-item__overlay\"><\/div>\n\t\t\t\t\t\t\t\t\t\t\t\t\t\t\t<div class=\"elementor-gallery-item__content\">\n\t\t\t\t\t\t\t\t\t\t\t\t\t\t<div class=\"elementor-gallery-item__description\">\n\t\t\t\t\t\t\t\t\t\t\t\t\t\t\t\t\t\tThe director opens the module on international issues\t\t\t\t\t\t\t\t<\/div>\n\t\t\t\t\t\t\t\t\t\t\t\t<\/div>\n\t\t\t\t\t\t\t\t\t<\/a>\n\t\t\t\t\t\t\t<a class=\"e-gallery-item elementor-gallery-item elementor-animated-content\" href=\"https:\/\/ihedn.fr\/wp-content\/uploads\/2023\/03\/SGAE-2.jpg\" data-elementor-open-lightbox=\"yes\" data-elementor-lightbox-slideshow=\"c6ae690\" data-elementor-lightbox-description=\"Emmanuel Puisais-Jauvin s\u2019adressant aux auditeurs\" data-e-action-hash=\"#elementor-action%3Aaction%3Dlightbox%26settings%3DeyJpZCI6MzYyNjEsInVybCI6Imh0dHBzOlwvXC9paGVkbi5mclwvd3AtY29udGVudFwvdXBsb2Fkc1wvMjAyM1wvMDNcL1NHQUUtMi5qcGciLCJzbGlkZXNob3ciOiJjNmFlNjkwIn0%3D\">\n\t\t\t\t\t<div class=\"e-gallery-image elementor-gallery-item__image\" data-thumbnail=\"https:\/\/ihedn.fr\/wp-content\/uploads\/2023\/03\/SGAE-2.jpg\" data-width=\"1189\" data-height=\"775\" aria-label=\"Emmanuel Puisais-Jauvin addressing the audience\" role=\"img\" ><\/div>\n\t\t\t\t\t\t\t\t\t\t\t<div class=\"elementor-gallery-item__overlay\"><\/div>\n\t\t\t\t\t\t\t\t\t\t\t\t\t\t\t<div class=\"elementor-gallery-item__content\">\n\t\t\t\t\t\t\t\t\t\t\t\t\t\t<div class=\"elementor-gallery-item__description\">\n\t\t\t\t\t\t\t\t\t\t\t\t\t\t\t\t\t\tEmmanuel Puisais-Jauvin addressing the audience\t\t\t\t\t\t\t\t<\/div>\n\t\t\t\t\t\t\t\t\t\t\t\t<\/div>\n\t\t\t\t\t\t\t\t\t<\/a>\n\t\t\t\t\t\t\t<a class=\"e-gallery-item elementor-gallery-item elementor-animated-content\" href=\"https:\/\/ihedn.fr\/wp-content\/uploads\/2023\/03\/Alain-Leroy.jpg\" data-elementor-open-lightbox=\"yes\" data-elementor-lightbox-slideshow=\"c6ae690\" data-elementor-lightbox-description=\"S.E.M. Alain Leroy en plein d\u00e9bat avec les auditeurs\" data-e-action-hash=\"#elementor-action%3Aaction%3Dlightbox%26settings%3DeyJpZCI6MzYyNTIsInVybCI6Imh0dHBzOlwvXC9paGVkbi5mclwvd3AtY29udGVudFwvdXBsb2Fkc1wvMjAyM1wvMDNcL0FsYWluLUxlcm95LmpwZyIsInNsaWRlc2hvdyI6ImM2YWU2OTAifQ%3D%3D\">\n\t\t\t\t\t<div class=\"e-gallery-image elementor-gallery-item__image\" data-thumbnail=\"https:\/\/ihedn.fr\/wp-content\/uploads\/2023\/03\/Alain-Leroy.jpg\" data-width=\"1511\" data-height=\"1133\" aria-label=\"H.E. Alain Leroy in debate with listeners\" role=\"img\" ><\/div>\n\t\t\t\t\t\t\t\t\t\t\t<div class=\"elementor-gallery-item__overlay\"><\/div>\n\t\t\t\t\t\t\t\t\t\t\t\t\t\t\t<div class=\"elementor-gallery-item__content\">\n\t\t\t\t\t\t\t\t\t\t\t\t\t\t<div class=\"elementor-gallery-item__description\">\n\t\t\t\t\t\t\t\t\t\t\t\t\t\t\t\t\t\tH.E. Alain Leroy in debate with listeners\t\t\t\t\t\t\t\t<\/div>\n\t\t\t\t\t\t\t\t\t\t\t\t<\/div>\n\t\t\t\t\t\t\t\t\t<\/a>\n\t\t\t\t\t<\/div>\n\t\t\t\t\t<\/div>\n\t\t\t\t<\/div>\n\t\t\t\t\t<\/div>\n\t\t<\/div>\n\t\t\t\t\t<\/div>\n\t\t<\/section>\n\t\t\t\t<section data-particle_enable=\"false\" data-particle-mobile-disabled=\"false\" class=\"elementor-section elementor-top-section elementor-element elementor-element-2c0b022 elementor-section-boxed elementor-section-height-default elementor-section-height-default\" data-id=\"2c0b022\" data-element_type=\"section\" data-e-type=\"section\">\n\t\t\t\t\t\t<div class=\"elementor-container elementor-column-gap-default\">\n\t\t\t\t\t<div class=\"elementor-column elementor-col-100 elementor-top-column elementor-element elementor-element-eed2664\" data-id=\"eed2664\" data-element_type=\"column\" data-e-type=\"column\">\n\t\t\t<div class=\"elementor-widget-wrap elementor-element-populated\">\n\t\t\t\t\t\t<div class=\"elementor-element elementor-element-915fa09 elementor-widget elementor-widget-text-editor\" data-id=\"915fa09\" data-element_type=\"widget\" data-e-type=\"widget\" data-widget_type=\"text-editor.default\">\n\t\t\t\t<div class=\"elementor-widget-container\">\n\t\t\t\t\t\t\t\t\t<p>After a day of theory on international issues, the heavy weather brought on by the gust of strikes did not stop the sailors in the 'Maritime Issues and Strategies' major from setting sail for Hauts-de-France, where their pilot, Captain (Navy) <span style=\"color: #000091;\"><strong>Jean-Louis MARCOUREL<\/strong><\/span>who commands the Navy there. He and his crew guided listeners through the harbours of the Opal Coast on Friday 10 and Saturday 11 March.<\/p><p>The auditors stopped off at Dunkirk, Calais and Boulogne-sur-Mer to study the major strategic issues for France linked to ports and the exploitation of seafood products. The sheer number of players rubbing shoulders and sometimes clashing in the particularly tight maritime spaces of the English Channel and North Sea are creating difficulties in terms of security and planning their activities, which are all the more crucial now that the issues surrounding illegal immigration and Brexit are heightening concerns and tensions. As key elements in the economy's bloodstream, French ports are at the heart of France's resilience and sovereignty.\u00a0\u00a0\u00a0\u00a0<\/p><p><span style=\"color: #000091;\"><strong>Maurice GEORGES<\/strong><\/span>Chairman of the Management Board of the Grand Port Maritime de Dunkerque (GPMD), kicked off the day early by outlining his strategy for tackling the major challenges facing the GPMD in the face of strong international competition. This strategy is based on the complementarity between the two pillars of its activity, with maritime transport feeding into industrial activities conceived as part of a circular economy approach.<\/p>\t\t\t\t\t\t\t\t<\/div>\n\t\t\t\t<\/div>\n\t\t\t\t\t<\/div>\n\t\t<\/div>\n\t\t\t\t\t<\/div>\n\t\t<\/section>\n\t\t\t\t<section data-particle_enable=\"false\" data-particle-mobile-disabled=\"false\" class=\"elementor-section elementor-top-section elementor-element elementor-element-5c889ad elementor-section-boxed elementor-section-height-default elementor-section-height-default\" data-id=\"5c889ad\" data-element_type=\"section\" data-e-type=\"section\">\n\t\t\t\t\t\t<div class=\"elementor-container elementor-column-gap-default\">\n\t\t\t\t\t<div class=\"elementor-column elementor-col-100 elementor-top-column elementor-element elementor-element-a290731\" data-id=\"a290731\" data-element_type=\"column\" data-e-type=\"column\">\n\t\t\t<div class=\"elementor-widget-wrap elementor-element-populated\">\n\t\t\t\t\t\t<div class=\"elementor-element elementor-element-382db16 elementor-widget elementor-widget-image\" data-id=\"382db16\" data-element_type=\"widget\" data-e-type=\"widget\" data-widget_type=\"image.default\">\n\t\t\t\t<div class=\"elementor-widget-container\">\n\t\t\t\t\t\t\t\t\t\t\t\t<figure class=\"wp-caption\">\n\t\t\t\t\t\t\t\t\t\t<img fetchpriority=\"high\" decoding=\"async\" width=\"1511\" height=\"888\" src=\"https:\/\/ihedn.fr\/wp-content\/uploads\/2023\/03\/Maurice-Georges.jpg\" class=\"attachment-full size-full wp-image-36259\" alt=\"Maurice Georges en pleine d\u00e9monstration aux auditeurs\" \/>\t\t\t\t\t\t\t\t\t\t\t<figcaption class=\"widget-image-caption wp-caption-text\">Maurice Georges demonstrates to the audience <\/figcaption>\n\t\t\t\t\t\t\t\t\t\t<\/figure>\n\t\t\t\t\t\t\t\t\t<\/div>\n\t\t\t\t<\/div>\n\t\t\t\t\t<\/div>\n\t\t<\/div>\n\t\t\t\t\t<\/div>\n\t\t<\/section>\n\t\t\t\t<section data-particle_enable=\"false\" data-particle-mobile-disabled=\"false\" class=\"elementor-section elementor-top-section elementor-element elementor-element-0a13c91 elementor-section-boxed elementor-section-height-default elementor-section-height-default\" data-id=\"0a13c91\" data-element_type=\"section\" data-e-type=\"section\">\n\t\t\t\t\t\t<div class=\"elementor-container elementor-column-gap-default\">\n\t\t\t\t\t<div class=\"elementor-column elementor-col-100 elementor-top-column elementor-element elementor-element-6db33f6\" data-id=\"6db33f6\" data-element_type=\"column\" data-e-type=\"column\">\n\t\t\t<div class=\"elementor-widget-wrap elementor-element-populated\">\n\t\t\t\t\t\t<div class=\"elementor-element elementor-element-6df15e1 elementor-widget elementor-widget-text-editor\" data-id=\"6df15e1\" data-element_type=\"widget\" data-e-type=\"widget\" data-widget_type=\"text-editor.default\">\n\t\t\t\t<div class=\"elementor-widget-container\">\n\t\t\t\t\t\t\t\t\t<p>The ship's captain <span style=\"color: #000091;\"><strong>Jean-Louis MARCOUREL<\/strong><\/span> then presented the major defence and security challenges facing the English Channel and the North Sea, particularly small and busy maritime areas located close to the United Kingdom, a highly coveted destination for many illegal immigrants.<\/p>\t\t\t\t\t\t\t\t<\/div>\n\t\t\t\t<\/div>\n\t\t\t\t\t<\/div>\n\t\t<\/div>\n\t\t\t\t\t<\/div>\n\t\t<\/section>\n\t\t\t\t<section data-particle_enable=\"false\" data-particle-mobile-disabled=\"false\" class=\"elementor-section elementor-top-section elementor-element elementor-element-79fb3fe elementor-section-boxed elementor-section-height-default elementor-section-height-default\" data-id=\"79fb3fe\" data-element_type=\"section\" data-e-type=\"section\">\n\t\t\t\t\t\t<div class=\"elementor-container elementor-column-gap-default\">\n\t\t\t\t\t<div class=\"elementor-column elementor-col-100 elementor-top-column elementor-element elementor-element-6077e32\" data-id=\"6077e32\" data-element_type=\"column\" data-e-type=\"column\">\n\t\t\t<div class=\"elementor-widget-wrap elementor-element-populated\">\n\t\t\t\t\t\t<div class=\"elementor-element elementor-element-6bca1b5 elementor-widget elementor-widget-image\" data-id=\"6bca1b5\" data-element_type=\"widget\" data-e-type=\"widget\" data-widget_type=\"image.default\">\n\t\t\t\t<div class=\"elementor-widget-container\">\n\t\t\t\t\t\t\t\t\t\t\t\t\t\t\t<img decoding=\"async\" width=\"1511\" height=\"1064\" src=\"https:\/\/ihedn.fr\/wp-content\/uploads\/2023\/03\/COMAR.jpg\" class=\"attachment-full size-full wp-image-36253\" alt=\"Le capitaine de Vaisseau Jean-Louis Marcourel r\u00e9pondant aux questions des auditeurs\" \/>\t\t\t\t\t\t\t\t\t\t\t\t\t\t\t<\/div>\n\t\t\t\t<\/div>\n\t\t\t\t\t<\/div>\n\t\t<\/div>\n\t\t\t\t\t<\/div>\n\t\t<\/section>\n\t\t\t\t<section data-particle_enable=\"false\" data-particle-mobile-disabled=\"false\" class=\"elementor-section elementor-top-section elementor-element elementor-element-1971bb4 elementor-section-boxed elementor-section-height-default elementor-section-height-default\" data-id=\"1971bb4\" data-element_type=\"section\" data-e-type=\"section\">\n\t\t\t\t\t\t<div class=\"elementor-container elementor-column-gap-default\">\n\t\t\t\t\t<div class=\"elementor-column elementor-col-100 elementor-top-column elementor-element elementor-element-bbb3c3a\" data-id=\"bbb3c3a\" data-element_type=\"column\" data-e-type=\"column\">\n\t\t\t<div class=\"elementor-widget-wrap elementor-element-populated\">\n\t\t\t\t\t\t<div class=\"elementor-element elementor-element-c007b96 elementor-widget elementor-widget-text-editor\" data-id=\"c007b96\" data-element_type=\"widget\" data-e-type=\"widget\" data-widget_type=\"text-editor.default\">\n\t\t\t\t<div class=\"elementor-widget-container\">\n\t\t\t\t\t\t\t\t\t<p>Guided tour of the GPMD by <span style=\"color: #000091;\"><strong>Dominique LAMMIN<\/strong><\/span>The presentation by the Chairman of the Board of GPMD, who is responsible for public relations, was well illustrated. The audience was able to see the concrete expression of the strategy implemented by the GPMD to seize the opportunities of the blue economy and face up to the competition from foreign ports with determination, based on remarkable foresight and an exceptional land asset. \u00a0<\/p>\t\t\t\t\t\t\t\t<\/div>\n\t\t\t\t<\/div>\n\t\t\t\t\t<\/div>\n\t\t<\/div>\n\t\t\t\t\t<\/div>\n\t\t<\/section>\n\t\t\t\t<section data-particle_enable=\"false\" data-particle-mobile-disabled=\"false\" class=\"elementor-section elementor-top-section elementor-element elementor-element-2125329 elementor-section-boxed elementor-section-height-default elementor-section-height-default\" data-id=\"2125329\" data-element_type=\"section\" data-e-type=\"section\">\n\t\t\t\t\t\t<div class=\"elementor-container elementor-column-gap-default\">\n\t\t\t\t\t<div class=\"elementor-column elementor-col-100 elementor-top-column elementor-element elementor-element-0c3636b\" data-id=\"0c3636b\" data-element_type=\"column\" data-e-type=\"column\">\n\t\t\t<div class=\"elementor-widget-wrap elementor-element-populated\">\n\t\t\t\t\t\t<section data-particle_enable=\"false\" data-particle-mobile-disabled=\"false\" class=\"elementor-section elementor-inner-section elementor-element elementor-element-1a8bc0d elementor-section-boxed elementor-section-height-default elementor-section-height-default\" data-id=\"1a8bc0d\" data-element_type=\"section\" data-e-type=\"section\">\n\t\t\t\t\t\t<div class=\"elementor-container elementor-column-gap-default\">\n\t\t\t\t\t<div class=\"elementor-column elementor-col-50 elementor-inner-column elementor-element elementor-element-9a44533\" data-id=\"9a44533\" data-element_type=\"column\" data-e-type=\"column\">\n\t\t\t<div class=\"elementor-widget-wrap elementor-element-populated\">\n\t\t\t\t\t\t<div class=\"elementor-element elementor-element-1f1c980 elementor-widget elementor-widget-image\" data-id=\"1f1c980\" data-element_type=\"widget\" data-e-type=\"widget\" data-widget_type=\"image.default\">\n\t\t\t\t<div class=\"elementor-widget-container\">\n\t\t\t\t\t\t\t\t\t\t\t\t<figure class=\"wp-caption\">\n\t\t\t\t\t\t\t\t\t\t<img decoding=\"async\" width=\"1511\" height=\"902\" src=\"https:\/\/ihedn.fr\/wp-content\/uploads\/2023\/03\/Lammin.jpg\" class=\"attachment-full size-full wp-image-36258\" alt=\"Visite guid\u00e9e du grand port maritime de Dunkerque par Dominique Lammin\" \/>\t\t\t\t\t\t\t\t\t\t\t<figcaption class=\"widget-image-caption wp-caption-text\">Guided tour of the Grand Port Maritime de Dunkerque by Dominique Lammin<\/figcaption>\n\t\t\t\t\t\t\t\t\t\t<\/figure>\n\t\t\t\t\t\t\t\t\t<\/div>\n\t\t\t\t<\/div>\n\t\t\t\t\t<\/div>\n\t\t<\/div>\n\t\t\t\t<div class=\"elementor-column elementor-col-50 elementor-inner-column elementor-element elementor-element-2cd552f\" data-id=\"2cd552f\" data-element_type=\"column\" data-e-type=\"column\">\n\t\t\t<div class=\"elementor-widget-wrap elementor-element-populated\">\n\t\t\t\t\t\t<div class=\"elementor-element elementor-element-a664a48 elementor-widget elementor-widget-image\" data-id=\"a664a48\" data-element_type=\"widget\" data-e-type=\"widget\" data-widget_type=\"image.default\">\n\t\t\t\t<div class=\"elementor-widget-container\">\n\t\t\t\t\t\t\t\t\t\t\t\t<figure class=\"wp-caption\">\n\t\t\t\t\t\t\t\t\t\t<img loading=\"lazy\" decoding=\"async\" width=\"1511\" height=\"440\" src=\"https:\/\/ihedn.fr\/wp-content\/uploads\/2023\/03\/Jacques-Saade.jpg\" class=\"attachment-full size-full wp-image-36257\" alt=\"Le Jacques Saad\u00e9 de CMA CGM, l\u2019un des plus grands porte-conteneurs du monde, en plein d\u00e9chargement\" \/>\t\t\t\t\t\t\t\t\t\t\t<figcaption class=\"widget-image-caption wp-caption-text\">CMA CGM's Jacques Saad\u00e9, one of the world's largest container ships, in full unloading mode<\/figcaption>\n\t\t\t\t\t\t\t\t\t\t<\/figure>\n\t\t\t\t\t\t\t\t\t<\/div>\n\t\t\t\t<\/div>\n\t\t\t\t\t<\/div>\n\t\t<\/div>\n\t\t\t\t\t<\/div>\n\t\t<\/section>\n\t\t\t\t\t<\/div>\n\t\t<\/div>\n\t\t\t\t\t<\/div>\n\t\t<\/section>\n\t\t\t\t<section data-particle_enable=\"false\" data-particle-mobile-disabled=\"false\" class=\"elementor-section elementor-top-section elementor-element elementor-element-601c51c elementor-section-boxed elementor-section-height-default elementor-section-height-default\" data-id=\"601c51c\" data-element_type=\"section\" data-e-type=\"section\">\n\t\t\t\t\t\t<div class=\"elementor-container elementor-column-gap-default\">\n\t\t\t\t\t<div class=\"elementor-column elementor-col-100 elementor-top-column elementor-element elementor-element-c1cba6d\" data-id=\"c1cba6d\" data-element_type=\"column\" data-e-type=\"column\">\n\t\t\t<div class=\"elementor-widget-wrap elementor-element-populated\">\n\t\t\t\t\t\t<div class=\"elementor-element elementor-element-064865e elementor-widget elementor-widget-text-editor\" data-id=\"064865e\" data-element_type=\"widget\" data-e-type=\"widget\" data-widget_type=\"text-editor.default\">\n\t\t\t\t<div class=\"elementor-widget-container\">\n\t\t\t\t\t\t\t\t\t<p>After a lunch hosted by the GPMD, during which the auditors were able to exchange views with all the members of the GPMD's Supervisory Board, they headed for Calais, where they were welcomed to the port's brand new facilities by the sub-prefect. <span style=\"color: #000091;\"><strong>V\u00e9ronique DEPREZ-BOUDIER<\/strong><\/span>accompanied by<strong><span style=\"color: #000091;\">Herv\u00e9 DERACHE<\/span><\/strong>the Area Director of the Border Police (FP), the Police Commander <span style=\"color: #000091;\"><strong>David BETHEGNIES<\/strong><\/span> in charge of border services and <span style=\"color: #000091;\"><strong>Benoit ROCHET<\/strong><\/span>Managing Director of the Port of Boulogne-Calais. \u00a0<\/p><p>The round table that followed on security issues in the port of Calais gave listeners an idea of the scale of the challenges posed by illegal immigration. They discovered the extent to which this human tragedy, which affects a population in extremely precarious circumstances who are prepared to risk their lives to cross the Channel, does not spare the agents of the State. The professionalism, dedication and humanity with which they deal with this situation is truly admirable. \u00a0\u00a0<\/p>\t\t\t\t\t\t\t\t<\/div>\n\t\t\t\t<\/div>\n\t\t\t\t\t<\/div>\n\t\t<\/div>\n\t\t\t\t\t<\/div>\n\t\t<\/section>\n\t\t\t\t<section data-particle_enable=\"false\" data-particle-mobile-disabled=\"false\" class=\"elementor-section elementor-top-section elementor-element elementor-element-8d25ad2 elementor-section-boxed elementor-section-height-default elementor-section-height-default\" data-id=\"8d25ad2\" data-element_type=\"section\" data-e-type=\"section\">\n\t\t\t\t\t\t<div class=\"elementor-container elementor-column-gap-default\">\n\t\t\t\t\t<div class=\"elementor-column elementor-col-100 elementor-top-column elementor-element elementor-element-056e5dd\" data-id=\"056e5dd\" data-element_type=\"column\" data-e-type=\"column\">\n\t\t\t<div class=\"elementor-widget-wrap elementor-element-populated\">\n\t\t\t\t\t\t<div class=\"elementor-element elementor-element-4f710db elementor-widget elementor-widget-image\" data-id=\"4f710db\" data-element_type=\"widget\" data-e-type=\"widget\" data-widget_type=\"image.default\">\n\t\t\t\t<div class=\"elementor-widget-container\">\n\t\t\t\t\t\t\t\t\t\t\t\t<figure class=\"wp-caption\">\n\t\t\t\t\t\t\t\t\t\t<img loading=\"lazy\" decoding=\"async\" width=\"1511\" height=\"941\" src=\"https:\/\/ihedn.fr\/wp-content\/uploads\/2023\/03\/Sous-prefete.jpg\" class=\"attachment-full size-full wp-image-36262\" alt=\"V\u00e9ronique DEPREZ-BOUDIER expliquant les accords franco-britanniques concernant l\u2019immigration clandestine\" \/>\t\t\t\t\t\t\t\t\t\t\t<figcaption class=\"widget-image-caption wp-caption-text\">V\u00e9ronique DEPREZ-BOUDIER explaining the Franco-British agreements on illegal immigration<\/figcaption>\n\t\t\t\t\t\t\t\t\t\t<\/figure>\n\t\t\t\t\t\t\t\t\t<\/div>\n\t\t\t\t<\/div>\n\t\t\t\t\t<\/div>\n\t\t<\/div>\n\t\t\t\t\t<\/div>\n\t\t<\/section>\n\t\t\t\t<section data-particle_enable=\"false\" data-particle-mobile-disabled=\"false\" class=\"elementor-section elementor-top-section elementor-element elementor-element-4f9b470 elementor-section-boxed elementor-section-height-default elementor-section-height-default\" data-id=\"4f9b470\" data-element_type=\"section\" data-e-type=\"section\">\n\t\t\t\t\t\t<div class=\"elementor-container elementor-column-gap-default\">\n\t\t\t\t\t<div class=\"elementor-column elementor-col-100 elementor-top-column elementor-element elementor-element-4b614bd\" data-id=\"4b614bd\" data-element_type=\"column\" data-e-type=\"column\">\n\t\t\t<div class=\"elementor-widget-wrap elementor-element-populated\">\n\t\t\t\t\t\t<div class=\"elementor-element elementor-element-8282a98 elementor-widget elementor-widget-text-editor\" data-id=\"8282a98\" data-element_type=\"widget\" data-e-type=\"widget\" data-widget_type=\"text-editor.default\">\n\t\t\t\t<div class=\"elementor-widget-container\">\n\t\t\t\t\t\t\t\t\t<p>The port tour led by <span style=\"color: #000091;\"><strong>Beno\u00eet ROCHER<\/strong><\/span> was a perfect illustration of the exemplary way in which security, customs and health formalities were handled while maintaining the free flow of people and goods that is vital to maintaining economic activity.<\/p><p>On Saturday, all hell broke loose at 3am! Listeners were expected at the Boulogne fish market by <span style=\"color: #000091;\"><strong>Gildas DUBOIS<\/strong><\/span>Head of the Tides Department and Director of the fish auction in France's largest fishing port in terms of volume.<\/p>\t\t\t\t\t\t\t\t<\/div>\n\t\t\t\t<\/div>\n\t\t\t\t\t<\/div>\n\t\t<\/div>\n\t\t\t\t\t<\/div>\n\t\t<\/section>\n\t\t\t\t<section data-particle_enable=\"false\" data-particle-mobile-disabled=\"false\" class=\"elementor-section elementor-top-section elementor-element elementor-element-2b10521 elementor-section-boxed elementor-section-height-default elementor-section-height-default\" data-id=\"2b10521\" data-element_type=\"section\" data-e-type=\"section\">\n\t\t\t\t\t\t<div class=\"elementor-container elementor-column-gap-default\">\n\t\t\t\t\t<div class=\"elementor-column elementor-col-100 elementor-top-column elementor-element elementor-element-b089f5d\" data-id=\"b089f5d\" data-element_type=\"column\" data-e-type=\"column\">\n\t\t\t<div class=\"elementor-widget-wrap elementor-element-populated\">\n\t\t\t\t\t\t<div class=\"elementor-element elementor-element-ae07b16 elementor-widget elementor-widget-image\" data-id=\"ae07b16\" data-element_type=\"widget\" data-e-type=\"widget\" data-widget_type=\"image.default\">\n\t\t\t\t<div class=\"elementor-widget-container\">\n\t\t\t\t\t\t\t\t\t\t\t\t<figure class=\"wp-caption\">\n\t\t\t\t\t\t\t\t\t\t<img loading=\"lazy\" decoding=\"async\" width=\"1511\" height=\"961\" src=\"https:\/\/ihedn.fr\/wp-content\/uploads\/2023\/03\/Criee.jpg\" class=\"attachment-full size-full wp-image-36254\" alt=\"Les auditeurs devant la cri\u00e9e de Boulogne \u00e0 quatre heures du matin\" \/>\t\t\t\t\t\t\t\t\t\t\t<figcaption class=\"widget-image-caption wp-caption-text\">Listeners in front of the Boulogne fish market at four in the morning<\/figcaption>\n\t\t\t\t\t\t\t\t\t\t<\/figure>\n\t\t\t\t\t\t\t\t\t<\/div>\n\t\t\t\t<\/div>\n\t\t\t\t\t<\/div>\n\t\t<\/div>\n\t\t\t\t\t<\/div>\n\t\t<\/section>\n\t\t\t\t<section data-particle_enable=\"false\" data-particle-mobile-disabled=\"false\" class=\"elementor-section elementor-top-section elementor-element elementor-element-d5bcbbd elementor-section-boxed elementor-section-height-default elementor-section-height-default\" data-id=\"d5bcbbd\" data-element_type=\"section\" data-e-type=\"section\">\n\t\t\t\t\t\t<div class=\"elementor-container elementor-column-gap-default\">\n\t\t\t\t\t<div class=\"elementor-column elementor-col-100 elementor-top-column elementor-element elementor-element-44cd90f\" data-id=\"44cd90f\" data-element_type=\"column\" data-e-type=\"column\">\n\t\t\t<div class=\"elementor-widget-wrap elementor-element-populated\">\n\t\t\t\t\t\t<div class=\"elementor-element elementor-element-03de108 elementor-widget elementor-widget-text-editor\" data-id=\"03de108\" data-element_type=\"widget\" data-e-type=\"widget\" data-widget_type=\"text-editor.default\">\n\t\t\t\t<div class=\"elementor-widget-container\">\n\t\t\t\t\t\t\t\t\t<p>After admiring the freshly caught fish during the night, listeners were treated to a very modern, fully computerised auction, where technology has silenced the picturesque frenzy of yesteryear.<\/p>\t\t\t\t\t\t\t\t<\/div>\n\t\t\t\t<\/div>\n\t\t\t\t\t<\/div>\n\t\t<\/div>\n\t\t\t\t\t<\/div>\n\t\t<\/section>\n\t\t\t\t<section data-particle_enable=\"false\" data-particle-mobile-disabled=\"false\" class=\"elementor-section elementor-top-section elementor-element elementor-element-db9196b elementor-section-boxed elementor-section-height-default elementor-section-height-default\" data-id=\"db9196b\" data-element_type=\"section\" data-e-type=\"section\">\n\t\t\t\t\t\t<div class=\"elementor-container elementor-column-gap-default\">\n\t\t\t\t\t<div class=\"elementor-column elementor-col-100 elementor-top-column elementor-element elementor-element-df19cbe\" data-id=\"df19cbe\" data-element_type=\"column\" data-e-type=\"column\">\n\t\t\t<div class=\"elementor-widget-wrap elementor-element-populated\">\n\t\t\t\t\t\t<div class=\"elementor-element elementor-element-5ca590d elementor-widget elementor-widget-image\" data-id=\"5ca590d\" data-element_type=\"widget\" data-e-type=\"widget\" data-widget_type=\"image.default\">\n\t\t\t\t<div class=\"elementor-widget-container\">\n\t\t\t\t\t\t\t\t\t\t\t\t<figure class=\"wp-caption\">\n\t\t\t\t\t\t\t\t\t\t<img loading=\"lazy\" decoding=\"async\" width=\"1511\" height=\"1133\" src=\"https:\/\/ihedn.fr\/wp-content\/uploads\/2023\/03\/IMG_1009.jpg\" class=\"attachment-full size-full wp-image-36256\" alt=\"Gildas DUBOIS expliquant aux auditeurs les crit\u00e8res de fraicheur du poisson\" \/>\t\t\t\t\t\t\t\t\t\t\t<figcaption class=\"widget-image-caption wp-caption-text\">Gildas DUBOIS explaining to listeners the criteria for fresh fish <\/figcaption>\n\t\t\t\t\t\t\t\t\t\t<\/figure>\n\t\t\t\t\t\t\t\t\t<\/div>\n\t\t\t\t<\/div>\n\t\t\t\t\t<\/div>\n\t\t<\/div>\n\t\t\t\t\t<\/div>\n\t\t<\/section>\n\t\t\t\t<section data-particle_enable=\"false\" data-particle-mobile-disabled=\"false\" class=\"elementor-section elementor-top-section elementor-element elementor-element-7550ef4 elementor-section-boxed elementor-section-height-default elementor-section-height-default\" data-id=\"7550ef4\" data-element_type=\"section\" data-e-type=\"section\">\n\t\t\t\t\t\t<div class=\"elementor-container elementor-column-gap-default\">\n\t\t\t\t\t<div class=\"elementor-column elementor-col-100 elementor-top-column elementor-element elementor-element-bc1730c\" data-id=\"bc1730c\" data-element_type=\"column\" data-e-type=\"column\">\n\t\t\t<div class=\"elementor-widget-wrap elementor-element-populated\">\n\t\t\t\t\t\t<div class=\"elementor-element elementor-element-6f9eeb0 elementor-widget elementor-widget-text-editor\" data-id=\"6f9eeb0\" data-element_type=\"widget\" data-e-type=\"widget\" data-widget_type=\"text-editor.default\">\n\t\t\t\t<div class=\"elementor-widget-container\">\n\t\t\t\t\t\t\t\t\t<p>Afterwards, buoyed by the traditional Boulonnais breakfast and its tasting of the morning's catch, the audience was carried along by <span style=\"color: #000091;\"><strong>Gildas DUBOIS<\/strong><\/span> through the Cap\u00e9cure, the traditional name for the port of Boulogne. This visit to Europe's leading seafood processing centre - some 300,000 tonnes a year - which brings together 140 companies, definitively convinced them of the strategic importance of the fishing industry for France.<\/p><p>The second part of the morning took place in the beautiful premises of the Communaut\u00e9 d'agglom\u00e9ration du Boulonnais (CAB), made available to the audience by its chairman, <span style=\"color: #000091;\"><strong>Fr\u00e9d\u00e9ric CUVILLIER<\/strong><\/span>. A fascinating round table discussion on the major challenges facing the fishing industry brought together <span style=\"color: #000091;\"><strong>Thierry MISSONIER<\/strong><\/span>director of From nord, <span style=\"color: #000091;\"><strong>Gildas DUBOIS<\/strong><\/span> with <span style=\"color: #000091;\"><strong>Yvan GUITON<\/strong><\/span>Deputy Director for Maritime and Coastal Affairs. The auditors were given all the information they needed to explain the importance of the fisheries sector in the Brexit negotiations between Europe and Great Britain.\u00a0\u00a0<\/p>\t\t\t\t\t\t\t\t<\/div>\n\t\t\t\t<\/div>\n\t\t\t\t\t<\/div>\n\t\t<\/div>\n\t\t\t\t\t<\/div>\n\t\t<\/section>\n\t\t\t\t<section data-particle_enable=\"false\" data-particle-mobile-disabled=\"false\" class=\"elementor-section elementor-top-section elementor-element elementor-element-6d85f99 elementor-section-boxed elementor-section-height-default elementor-section-height-default\" data-id=\"6d85f99\" data-element_type=\"section\" data-e-type=\"section\">\n\t\t\t\t\t\t<div class=\"elementor-container elementor-column-gap-default\">\n\t\t\t\t\t<div class=\"elementor-column elementor-col-100 elementor-top-column elementor-element elementor-element-2752bd4\" data-id=\"2752bd4\" data-element_type=\"column\" data-e-type=\"column\">\n\t\t\t<div class=\"elementor-widget-wrap elementor-element-populated\">\n\t\t\t\t\t\t<div class=\"elementor-element elementor-element-9cce615 elementor-widget elementor-widget-image\" data-id=\"9cce615\" data-element_type=\"widget\" data-e-type=\"widget\" data-widget_type=\"image.default\">\n\t\t\t\t<div class=\"elementor-widget-container\">\n\t\t\t\t\t\t\t\t\t\t\t\t<figure class=\"wp-caption\">\n\t\t\t\t\t\t\t\t\t\t<img loading=\"lazy\" decoding=\"async\" width=\"1511\" height=\"830\" src=\"https:\/\/ihedn.fr\/wp-content\/uploads\/2023\/03\/TR-Brexit.jpg\" class=\"attachment-full size-full wp-image-36263\" alt=\"Table ronde avec Thierry Missonnier, Gildas Dubois et Yvan Guiton\" \/>\t\t\t\t\t\t\t\t\t\t\t<figcaption class=\"widget-image-caption wp-caption-text\">Round table with Thierry Missonnier, Gildas Dubois and Yvan Guiton<\/figcaption>\n\t\t\t\t\t\t\t\t\t\t<\/figure>\n\t\t\t\t\t\t\t\t\t<\/div>\n\t\t\t\t<\/div>\n\t\t\t\t\t<\/div>\n\t\t<\/div>\n\t\t\t\t\t<\/div>\n\t\t<\/section>\n\t\t\t\t<section data-particle_enable=\"false\" data-particle-mobile-disabled=\"false\" class=\"elementor-section elementor-top-section elementor-element elementor-element-f240737 elementor-section-boxed elementor-section-height-default elementor-section-height-default\" data-id=\"f240737\" data-element_type=\"section\" data-e-type=\"section\">\n\t\t\t\t\t\t<div class=\"elementor-container elementor-column-gap-default\">\n\t\t\t\t\t<div class=\"elementor-column elementor-col-100 elementor-top-column elementor-element elementor-element-cc7690b\" data-id=\"cc7690b\" data-element_type=\"column\" data-e-type=\"column\">\n\t\t\t<div class=\"elementor-widget-wrap elementor-element-populated\">\n\t\t\t\t\t\t<div class=\"elementor-element elementor-element-a4d10e5 elementor-widget elementor-widget-text-editor\" data-id=\"a4d10e5\" data-element_type=\"widget\" data-e-type=\"widget\" data-widget_type=\"text-editor.default\">\n\t\t\t\t<div class=\"elementor-widget-container\">\n\t\t\t\t\t\t\t\t\t<p>To round off this long and eventful morning, <span style=\"color: #000091;\"><strong>Jean-Michel THILLIER<\/strong><\/span>In a video conference, the inter-regional director of customs for Hauts-de-France and national Brexit coordinator for French customs presented the major challenges of Brexit and the \"smart border\" invented and successfully implemented by French customs. This \"smart border\" has enabled France to be resilient and maintain the flow of goods and passengers while dealing with the customs and health formalities imposed by the Brexit.<\/p><p>\u00a0<\/p><p>To conclude the seminar, the auditors spent the afternoon presenting their committee work to their peers and, above all, to Lieutenant General Lt. <span style=\"color: #000091;\"><strong>Beno\u00eet DURIEUX<\/strong><\/span>Director of the IHEDN and of Higher Education, and <span style=\"color: #000091;\"><strong>Guillaume LASCONJARIAS<\/strong><\/span>Head of the Studies and Research Department at IHEDN, who joined them for the occasion.<\/p>\t\t\t\t\t\t\t\t<\/div>\n\t\t\t\t<\/div>\n\t\t\t\t\t<\/div>\n\t\t<\/div>\n\t\t\t\t\t<\/div>\n\t\t<\/section>\n\t\t\t\t<section data-particle_enable=\"false\" data-particle-mobile-disabled=\"false\" class=\"elementor-section elementor-top-section elementor-element elementor-element-62627ef elementor-section-boxed elementor-section-height-default elementor-section-height-default\" data-id=\"62627ef\" data-element_type=\"section\" data-e-type=\"section\">\n\t\t\t\t\t\t<div class=\"elementor-container elementor-column-gap-default\">\n\t\t\t\t\t<div class=\"elementor-column elementor-col-100 elementor-top-column elementor-element elementor-element-3752770\" data-id=\"3752770\" data-element_type=\"column\" data-e-type=\"column\">\n\t\t\t<div class=\"elementor-widget-wrap elementor-element-populated\">\n\t\t\t\t\t\t<div class=\"elementor-element elementor-element-5c9614b elementor-widget elementor-widget-image\" data-id=\"5c9614b\" data-element_type=\"widget\" data-e-type=\"widget\" data-widget_type=\"image.default\">\n\t\t\t\t<div class=\"elementor-widget-container\">\n\t\t\t\t\t\t\t\t\t\t\t\t<figure class=\"wp-caption\">\n\t\t\t\t\t\t\t\t\t\t<img loading=\"lazy\" decoding=\"async\" width=\"1511\" height=\"694\" src=\"https:\/\/ihedn.fr\/wp-content\/uploads\/2023\/03\/Restitution.jpg\" class=\"attachment-full size-full wp-image-36260\" alt=\"Pr\u00e9sentation de leurs travaux par un comit\u00e9 d\u2019auditeurs\" \/>\t\t\t\t\t\t\t\t\t\t\t<figcaption class=\"widget-image-caption wp-caption-text\">Presentation of their work by a committee of auditors<\/figcaption>\n\t\t\t\t\t\t\t\t\t\t<\/figure>\n\t\t\t\t\t\t\t\t\t<\/div>\n\t\t\t\t<\/div>\n\t\t\t\t\t<\/div>\n\t\t<\/div>\n\t\t\t\t\t<\/div>\n\t\t<\/section>\n\t\t\t\t<section data-particle_enable=\"false\" data-particle-mobile-disabled=\"false\" class=\"elementor-section elementor-top-section elementor-element elementor-element-52ea432 elementor-section-boxed elementor-section-height-default elementor-section-height-default\" data-id=\"52ea432\" data-element_type=\"section\" data-e-type=\"section\">\n\t\t\t\t\t\t<div class=\"elementor-container elementor-column-gap-default\">\n\t\t\t\t\t<div class=\"elementor-column elementor-col-100 elementor-top-column elementor-element elementor-element-31e066e\" data-id=\"31e066e\" data-element_type=\"column\" data-e-type=\"column\">\n\t\t\t<div class=\"elementor-widget-wrap elementor-element-populated\">\n\t\t\t\t\t\t<div class=\"elementor-element elementor-element-7cbca85 elementor-widget elementor-widget-text-editor\" data-id=\"7cbca85\" data-element_type=\"widget\" data-e-type=\"widget\" data-widget_type=\"text-editor.default\">\n\t\t\t\t<div class=\"elementor-widget-container\">\n\t\t\t\t\t\t\t\t\t<p>There's no doubt that after two particularly busy days with little time for sleep, listeners will need a good night's recuperation, often started on the journey back to their homes, to ensure they're ready for their next week's work.\u00a0<\/p>\t\t\t\t\t\t\t\t<\/div>\n\t\t\t\t<\/div>\n\t\t\t\t\t<\/div>\n\t\t<\/div>\n\t\t\t\t\t<\/div>\n\t\t<\/section>\n\t\t\t\t<\/div>","protected":false},"excerpt":{"rendered":"<p>After opening on 5<sup>e<\/sup> strategy module on international issues in the Foch amphitheatre at the \u00c9cole Militaire by Lieutenant General Beno\u00eet Durieux, Director of the IHEDN, the auditors addressed the major issues linked to the crisis in multilateralism, the evolution of the European dispute and France's place in the world. <\/p>","protected":false},"author":1,"featured_media":36263,"comment_status":"closed","ping_status":"closed","sticky":false,"template":"","format":"standard","meta":{"footnotes":""},"categories":[172],"tags":[],"class_list":["post-36251","post","type-post","status-publish","format-standard","has-post-thumbnail","hentry","category-notre-actualite"],"yoast_head":"<!-- This site is optimized with the Yoast SEO plugin v27.5 - https:\/\/yoast.com\/product\/yoast-seo-wordpress\/ -->\n<title>Apr\u00e8s une journ\u00e9e \u00e0 Paris sur les enjeux internationaux,cap au nord pour la majeure \u00ab Enjeux et strat\u00e9gies maritimes \u00bbde la 2e session nationale - L&#039;IHEDN : Institut des hautes \u00e9tudes de d\u00e9fense nationale<\/title>\n<meta name=\"robots\" content=\"index, follow, max-snippet:-1, max-image-preview:large, max-video-preview:-1\" \/>\n<link rel=\"canonical\" href=\"https:\/\/ihedn.fr\/en\/notre-actualite\/apres-une-journee-a-paris-sur-les-enjeux-internationauxcap-au-nord-pour-la-majeure-enjeux-et-strategies-maritimes-de-la-2e-session-nationale\/\" \/>\n<meta property=\"og:locale\" content=\"en_GB\" \/>\n<meta property=\"og:type\" content=\"article\" \/>\n<meta property=\"og:title\" content=\"Apr\u00e8s une journ\u00e9e \u00e0 Paris sur les enjeux internationaux,cap au nord pour la majeure \u00ab Enjeux et strat\u00e9gies maritimes \u00bbde la 2e session nationale - L&#039;IHEDN : Institut des hautes \u00e9tudes de d\u00e9fense nationale\" \/>\n<meta property=\"og:description\" content=\"Apr\u00e8s une ouverture du 5e module de la strat\u00e9gie sur les enjeux internationaux en amphith\u00e9\u00e2tre Foch de l\u2019\u00c9cole militaire par le g\u00e9n\u00e9ral de corps d\u2019arm\u00e9e Beno\u00eet DURIEUX, directeur de l\u2019IHEDN, les auditeurs ont abord\u00e9 les grandes probl\u00e9matiques li\u00e9es \u00e0 la crise du multilat\u00e9ralisme, \u00e0 l\u2019\u00e9volution du conteste europ\u00e9en et \u00e0 la place de la France dans le monde.\" \/>\n<meta property=\"og:url\" content=\"https:\/\/ihedn.fr\/en\/notre-actualite\/apres-une-journee-a-paris-sur-les-enjeux-internationauxcap-au-nord-pour-la-majeure-enjeux-et-strategies-maritimes-de-la-2e-session-nationale\/\" \/>\n<meta property=\"og:site_name\" content=\"L&#039;IHEDN : Institut des hautes \u00e9tudes de d\u00e9fense nationale\" \/>\n<meta property=\"article:publisher\" content=\"https:\/\/www.facebook.com\/ihedn\/\" \/>\n<meta property=\"article:published_time\" content=\"2023-03-15T14:01:37+00:00\" \/>\n<meta property=\"article:modified_time\" content=\"2023-03-15T14:25:11+00:00\" \/>\n<meta property=\"og:image\" content=\"https:\/\/ihedn.fr\/wp-content\/uploads\/2023\/03\/TR-Brexit.jpg\" \/>\n\t<meta property=\"og:image:width\" content=\"1511\" \/>\n\t<meta property=\"og:image:height\" content=\"830\" \/>\n\t<meta property=\"og:image:type\" content=\"image\/jpeg\" \/>\n<meta name=\"author\" content=\"dev\" \/>\n<meta name=\"twitter:card\" content=\"summary_large_image\" \/>\n<meta name=\"twitter:creator\" content=\"@IHEDN\" \/>\n<meta name=\"twitter:site\" content=\"@IHEDN\" \/>\n<meta name=\"twitter:label1\" content=\"Written by\" \/>\n\t<meta name=\"twitter:data1\" content=\"dev\" \/>\n\t<meta name=\"twitter:label2\" content=\"Estimated reading time\" \/>\n\t<meta name=\"twitter:data2\" content=\"9 minutes\" \/>\n<script type=\"application\/ld+json\" class=\"yoast-schema-graph\">{\"@context\":\"https:\\\/\\\/schema.org\",\"@graph\":[{\"@type\":\"Article\",\"@id\":\"https:\\\/\\\/ihedn.fr\\\/notre-actualite\\\/apres-une-journee-a-paris-sur-les-enjeux-internationauxcap-au-nord-pour-la-majeure-enjeux-et-strategies-maritimes-de-la-2e-session-nationale\\\/#article\",\"isPartOf\":{\"@id\":\"https:\\\/\\\/ihedn.fr\\\/notre-actualite\\\/apres-une-journee-a-paris-sur-les-enjeux-internationauxcap-au-nord-pour-la-majeure-enjeux-et-strategies-maritimes-de-la-2e-session-nationale\\\/\"},\"author\":{\"name\":\"dev\",\"@id\":\"https:\\\/\\\/ihedn.fr\\\/#\\\/schema\\\/person\\\/7a40155595e4efb35323447cb8c8c5a4\"},\"headline\":\"Apr\u00e8s une journ\u00e9e \u00e0 Paris sur les enjeux internationaux, cap au nord pour la majeure \u00ab Enjeux et strat\u00e9gies maritimes \u00bb de la 2e session nationale\",\"datePublished\":\"2023-03-15T14:01:37+00:00\",\"dateModified\":\"2023-03-15T14:25:11+00:00\",\"mainEntityOfPage\":{\"@id\":\"https:\\\/\\\/ihedn.fr\\\/notre-actualite\\\/apres-une-journee-a-paris-sur-les-enjeux-internationauxcap-au-nord-pour-la-majeure-enjeux-et-strategies-maritimes-de-la-2e-session-nationale\\\/\"},\"wordCount\":1388,\"publisher\":{\"@id\":\"https:\\\/\\\/ihedn.fr\\\/#organization\"},\"image\":{\"@id\":\"https:\\\/\\\/ihedn.fr\\\/notre-actualite\\\/apres-une-journee-a-paris-sur-les-enjeux-internationauxcap-au-nord-pour-la-majeure-enjeux-et-strategies-maritimes-de-la-2e-session-nationale\\\/#primaryimage\"},\"thumbnailUrl\":\"https:\\\/\\\/ihedn.fr\\\/wp-content\\\/uploads\\\/2023\\\/03\\\/TR-Brexit.jpg\",\"articleSection\":[\"Notre actualit\u00e9\"],\"inLanguage\":\"en-GB\"},{\"@type\":\"WebPage\",\"@id\":\"https:\\\/\\\/ihedn.fr\\\/notre-actualite\\\/apres-une-journee-a-paris-sur-les-enjeux-internationauxcap-au-nord-pour-la-majeure-enjeux-et-strategies-maritimes-de-la-2e-session-nationale\\\/\",\"url\":\"https:\\\/\\\/ihedn.fr\\\/notre-actualite\\\/apres-une-journee-a-paris-sur-les-enjeux-internationauxcap-au-nord-pour-la-majeure-enjeux-et-strategies-maritimes-de-la-2e-session-nationale\\\/\",\"name\":\"Apr\u00e8s une journ\u00e9e \u00e0 Paris sur les enjeux internationaux, cap au nord pour la majeure \u00ab Enjeux et strat\u00e9gies maritimes \u00bb de la 2e session nationale - L&#039;IHEDN : Institut des hautes \u00e9tudes de d\u00e9fense nationale\",\"isPartOf\":{\"@id\":\"https:\\\/\\\/ihedn.fr\\\/#website\"},\"primaryImageOfPage\":{\"@id\":\"https:\\\/\\\/ihedn.fr\\\/notre-actualite\\\/apres-une-journee-a-paris-sur-les-enjeux-internationauxcap-au-nord-pour-la-majeure-enjeux-et-strategies-maritimes-de-la-2e-session-nationale\\\/#primaryimage\"},\"image\":{\"@id\":\"https:\\\/\\\/ihedn.fr\\\/notre-actualite\\\/apres-une-journee-a-paris-sur-les-enjeux-internationauxcap-au-nord-pour-la-majeure-enjeux-et-strategies-maritimes-de-la-2e-session-nationale\\\/#primaryimage\"},\"thumbnailUrl\":\"https:\\\/\\\/ihedn.fr\\\/wp-content\\\/uploads\\\/2023\\\/03\\\/TR-Brexit.jpg\",\"datePublished\":\"2023-03-15T14:01:37+00:00\",\"dateModified\":\"2023-03-15T14:25:11+00:00\",\"breadcrumb\":{\"@id\":\"https:\\\/\\\/ihedn.fr\\\/notre-actualite\\\/apres-une-journee-a-paris-sur-les-enjeux-internationauxcap-au-nord-pour-la-majeure-enjeux-et-strategies-maritimes-de-la-2e-session-nationale\\\/#breadcrumb\"},\"inLanguage\":\"en-GB\",\"potentialAction\":[{\"@type\":\"ReadAction\",\"target\":[\"https:\\\/\\\/ihedn.fr\\\/notre-actualite\\\/apres-une-journee-a-paris-sur-les-enjeux-internationauxcap-au-nord-pour-la-majeure-enjeux-et-strategies-maritimes-de-la-2e-session-nationale\\\/\"]}]},{\"@type\":\"ImageObject\",\"inLanguage\":\"en-GB\",\"@id\":\"https:\\\/\\\/ihedn.fr\\\/notre-actualite\\\/apres-une-journee-a-paris-sur-les-enjeux-internationauxcap-au-nord-pour-la-majeure-enjeux-et-strategies-maritimes-de-la-2e-session-nationale\\\/#primaryimage\",\"url\":\"https:\\\/\\\/ihedn.fr\\\/wp-content\\\/uploads\\\/2023\\\/03\\\/TR-Brexit.jpg\",\"contentUrl\":\"https:\\\/\\\/ihedn.fr\\\/wp-content\\\/uploads\\\/2023\\\/03\\\/TR-Brexit.jpg\",\"width\":1511,\"height\":830,\"caption\":\"Table ronde avec Thierry Missonnier, Gildas Dubois et Yvan Guiton\"},{\"@type\":\"BreadcrumbList\",\"@id\":\"https:\\\/\\\/ihedn.fr\\\/notre-actualite\\\/apres-une-journee-a-paris-sur-les-enjeux-internationauxcap-au-nord-pour-la-majeure-enjeux-et-strategies-maritimes-de-la-2e-session-nationale\\\/#breadcrumb\",\"itemListElement\":[{\"@type\":\"ListItem\",\"position\":1,\"name\":\"Accueil\",\"item\":\"https:\\\/\\\/ihedn.fr\\\/\"},{\"@type\":\"ListItem\",\"position\":2,\"name\":\"Apr\u00e8s une journ\u00e9e \u00e0 Paris sur les enjeux internationaux,cap au nord pour la majeure \u00ab Enjeux et strat\u00e9gies maritimes \u00bbde la 2e session nationale\"}]},{\"@type\":\"WebSite\",\"@id\":\"https:\\\/\\\/ihedn.fr\\\/#website\",\"url\":\"https:\\\/\\\/ihedn.fr\\\/\",\"name\":\"IHEDN : Institut des hautes \u00e9tudes de d\u00e9fense nationale |\",\"description\":\"Site officiel de l&#039;IHEDN plac\u00e9 sous la tutelle du Premier ministre.\",\"publisher\":{\"@id\":\"https:\\\/\\\/ihedn.fr\\\/#organization\"},\"potentialAction\":[{\"@type\":\"SearchAction\",\"target\":{\"@type\":\"EntryPoint\",\"urlTemplate\":\"https:\\\/\\\/ihedn.fr\\\/?s={search_term_string}\"},\"query-input\":{\"@type\":\"PropertyValueSpecification\",\"valueRequired\":true,\"valueName\":\"search_term_string\"}}],\"inLanguage\":\"en-GB\"},{\"@type\":\"Organization\",\"@id\":\"https:\\\/\\\/ihedn.fr\\\/#organization\",\"name\":\"IHEDN - Institut des Hautes Etudes de D\u00e9fense Nationale\",\"url\":\"https:\\\/\\\/ihedn.fr\\\/\",\"logo\":{\"@type\":\"ImageObject\",\"inLanguage\":\"en-GB\",\"@id\":\"https:\\\/\\\/ihedn.fr\\\/#\\\/schema\\\/logo\\\/image\\\/\",\"url\":\"https:\\\/\\\/ihedn.fr\\\/wp-content\\\/uploads\\\/2020\\\/11\\\/BLOC_RF_IHEDN_WEB.png\",\"contentUrl\":\"https:\\\/\\\/ihedn.fr\\\/wp-content\\\/uploads\\\/2020\\\/11\\\/BLOC_RF_IHEDN_WEB.png\",\"width\":500,\"height\":237,\"caption\":\"IHEDN - Institut des Hautes Etudes de D\u00e9fense Nationale\"},\"image\":{\"@id\":\"https:\\\/\\\/ihedn.fr\\\/#\\\/schema\\\/logo\\\/image\\\/\"},\"sameAs\":[\"https:\\\/\\\/www.facebook.com\\\/ihedn\\\/\",\"https:\\\/\\\/x.com\\\/IHEDN\",\"https:\\\/\\\/www.instagram.com\\\/ihedn\\\/\",\"https:\\\/\\\/www.linkedin.com\\\/school\\\/ihedn\\\/\",\"https:\\\/\\\/fr.wikipedia.org\\\/wiki\\\/Institut_des_hautes_\u00e9tudes_de_D\u00e9fense_nationale\"]},{\"@type\":\"Person\",\"@id\":\"https:\\\/\\\/ihedn.fr\\\/#\\\/schema\\\/person\\\/7a40155595e4efb35323447cb8c8c5a4\",\"name\":\"dev\",\"image\":{\"@type\":\"ImageObject\",\"inLanguage\":\"en-GB\",\"@id\":\"https:\\\/\\\/secure.gravatar.com\\\/avatar\\\/f1ffcac9ca2fa95ad3ec33e9be3ade82f752acb0cabe541e56c5889225afa88a?s=96&d=mm&r=g\",\"url\":\"https:\\\/\\\/secure.gravatar.com\\\/avatar\\\/f1ffcac9ca2fa95ad3ec33e9be3ade82f752acb0cabe541e56c5889225afa88a?s=96&d=mm&r=g\",\"contentUrl\":\"https:\\\/\\\/secure.gravatar.com\\\/avatar\\\/f1ffcac9ca2fa95ad3ec33e9be3ade82f752acb0cabe541e56c5889225afa88a?s=96&d=mm&r=g\",\"caption\":\"dev\"},\"sameAs\":[\"https:\\\/\\\/ihedn.concilium.click\"],\"url\":\"https:\\\/\\\/ihedn.fr\\\/en\\\/author\\\/dev\\\/\"}]}<\/script>\n<!-- \/ Yoast SEO plugin. -->","yoast_head_json":{"title":"After a day in Paris on international issues, the 2nd national session of the \"Maritime Issues and Strategies\" major heads north - L'IHEDN : Institut des hautes \u00e9tudes de d\u00e9fense nationale (Graduate Institute of National Defence)","robots":{"index":"index","follow":"follow","max-snippet":"max-snippet:-1","max-image-preview":"max-image-preview:large","max-video-preview":"max-video-preview:-1"},"canonical":"https:\/\/ihedn.fr\/en\/notre-actualite\/apres-une-journee-a-paris-sur-les-enjeux-internationauxcap-au-nord-pour-la-majeure-enjeux-et-strategies-maritimes-de-la-2e-session-nationale\/","og_locale":"en_GB","og_type":"article","og_title":"Apr\u00e8s une journ\u00e9e \u00e0 Paris sur les enjeux internationaux,cap au nord pour la majeure \u00ab Enjeux et strat\u00e9gies maritimes \u00bbde la 2e session nationale - L&#039;IHEDN : Institut des hautes \u00e9tudes de d\u00e9fense nationale","og_description":"Apr\u00e8s une ouverture du 5e module de la strat\u00e9gie sur les enjeux internationaux en amphith\u00e9\u00e2tre Foch de l\u2019\u00c9cole militaire par le g\u00e9n\u00e9ral de corps d\u2019arm\u00e9e Beno\u00eet DURIEUX, directeur de l\u2019IHEDN, les auditeurs ont abord\u00e9 les grandes probl\u00e9matiques li\u00e9es \u00e0 la crise du multilat\u00e9ralisme, \u00e0 l\u2019\u00e9volution du conteste europ\u00e9en et \u00e0 la place de la France dans le monde.","og_url":"https:\/\/ihedn.fr\/en\/notre-actualite\/apres-une-journee-a-paris-sur-les-enjeux-internationauxcap-au-nord-pour-la-majeure-enjeux-et-strategies-maritimes-de-la-2e-session-nationale\/","og_site_name":"L&#039;IHEDN : Institut des hautes \u00e9tudes de d\u00e9fense nationale","article_publisher":"https:\/\/www.facebook.com\/ihedn\/","article_published_time":"2023-03-15T14:01:37+00:00","article_modified_time":"2023-03-15T14:25:11+00:00","og_image":[{"width":1511,"height":830,"url":"https:\/\/ihedn.fr\/wp-content\/uploads\/2023\/03\/TR-Brexit.jpg","type":"image\/jpeg"}],"author":"dev","twitter_card":"summary_large_image","twitter_creator":"@IHEDN","twitter_site":"@IHEDN","twitter_misc":{"Written by":"dev","Estimated reading time":"9 minutes"},"schema":{"@context":"https:\/\/schema.org","@graph":[{"@type":"Article","@id":"https:\/\/ihedn.fr\/notre-actualite\/apres-une-journee-a-paris-sur-les-enjeux-internationauxcap-au-nord-pour-la-majeure-enjeux-et-strategies-maritimes-de-la-2e-session-nationale\/#article","isPartOf":{"@id":"https:\/\/ihedn.fr\/notre-actualite\/apres-une-journee-a-paris-sur-les-enjeux-internationauxcap-au-nord-pour-la-majeure-enjeux-et-strategies-maritimes-de-la-2e-session-nationale\/"},"author":{"name":"dev","@id":"https:\/\/ihedn.fr\/#\/schema\/person\/7a40155595e4efb35323447cb8c8c5a4"},"headline":"Apr\u00e8s une journ\u00e9e \u00e0 Paris sur les enjeux internationaux, cap au nord pour la majeure \u00ab Enjeux et strat\u00e9gies maritimes \u00bb de la 2e session nationale","datePublished":"2023-03-15T14:01:37+00:00","dateModified":"2023-03-15T14:25:11+00:00","mainEntityOfPage":{"@id":"https:\/\/ihedn.fr\/notre-actualite\/apres-une-journee-a-paris-sur-les-enjeux-internationauxcap-au-nord-pour-la-majeure-enjeux-et-strategies-maritimes-de-la-2e-session-nationale\/"},"wordCount":1388,"publisher":{"@id":"https:\/\/ihedn.fr\/#organization"},"image":{"@id":"https:\/\/ihedn.fr\/notre-actualite\/apres-une-journee-a-paris-sur-les-enjeux-internationauxcap-au-nord-pour-la-majeure-enjeux-et-strategies-maritimes-de-la-2e-session-nationale\/#primaryimage"},"thumbnailUrl":"https:\/\/ihedn.fr\/wp-content\/uploads\/2023\/03\/TR-Brexit.jpg","articleSection":["Notre actualit\u00e9"],"inLanguage":"en-GB"},{"@type":"WebPage","@id":"https:\/\/ihedn.fr\/notre-actualite\/apres-une-journee-a-paris-sur-les-enjeux-internationauxcap-au-nord-pour-la-majeure-enjeux-et-strategies-maritimes-de-la-2e-session-nationale\/","url":"https:\/\/ihedn.fr\/notre-actualite\/apres-une-journee-a-paris-sur-les-enjeux-internationauxcap-au-nord-pour-la-majeure-enjeux-et-strategies-maritimes-de-la-2e-session-nationale\/","name":"After a day in Paris on international issues, the 2nd national session of the \"Maritime Issues and Strategies\" major heads north - L'IHEDN : Institut des hautes \u00e9tudes de d\u00e9fense nationale (Graduate Institute of National Defence)","isPartOf":{"@id":"https:\/\/ihedn.fr\/#website"},"primaryImageOfPage":{"@id":"https:\/\/ihedn.fr\/notre-actualite\/apres-une-journee-a-paris-sur-les-enjeux-internationauxcap-au-nord-pour-la-majeure-enjeux-et-strategies-maritimes-de-la-2e-session-nationale\/#primaryimage"},"image":{"@id":"https:\/\/ihedn.fr\/notre-actualite\/apres-une-journee-a-paris-sur-les-enjeux-internationauxcap-au-nord-pour-la-majeure-enjeux-et-strategies-maritimes-de-la-2e-session-nationale\/#primaryimage"},"thumbnailUrl":"https:\/\/ihedn.fr\/wp-content\/uploads\/2023\/03\/TR-Brexit.jpg","datePublished":"2023-03-15T14:01:37+00:00","dateModified":"2023-03-15T14:25:11+00:00","breadcrumb":{"@id":"https:\/\/ihedn.fr\/notre-actualite\/apres-une-journee-a-paris-sur-les-enjeux-internationauxcap-au-nord-pour-la-majeure-enjeux-et-strategies-maritimes-de-la-2e-session-nationale\/#breadcrumb"},"inLanguage":"en-GB","potentialAction":[{"@type":"ReadAction","target":["https:\/\/ihedn.fr\/notre-actualite\/apres-une-journee-a-paris-sur-les-enjeux-internationauxcap-au-nord-pour-la-majeure-enjeux-et-strategies-maritimes-de-la-2e-session-nationale\/"]}]},{"@type":"ImageObject","inLanguage":"en-GB","@id":"https:\/\/ihedn.fr\/notre-actualite\/apres-une-journee-a-paris-sur-les-enjeux-internationauxcap-au-nord-pour-la-majeure-enjeux-et-strategies-maritimes-de-la-2e-session-nationale\/#primaryimage","url":"https:\/\/ihedn.fr\/wp-content\/uploads\/2023\/03\/TR-Brexit.jpg","contentUrl":"https:\/\/ihedn.fr\/wp-content\/uploads\/2023\/03\/TR-Brexit.jpg","width":1511,"height":830,"caption":"Table ronde avec Thierry Missonnier, Gildas Dubois et Yvan Guiton"},{"@type":"BreadcrumbList","@id":"https:\/\/ihedn.fr\/notre-actualite\/apres-une-journee-a-paris-sur-les-enjeux-internationauxcap-au-nord-pour-la-majeure-enjeux-et-strategies-maritimes-de-la-2e-session-nationale\/#breadcrumb","itemListElement":[{"@type":"ListItem","position":1,"name":"Accueil","item":"https:\/\/ihedn.fr\/"},{"@type":"ListItem","position":2,"name":"Apr\u00e8s une journ\u00e9e \u00e0 Paris sur les enjeux internationaux,cap au nord pour la majeure \u00ab Enjeux et strat\u00e9gies maritimes \u00bbde la 2e session nationale"}]},{"@type":"WebSite","@id":"https:\/\/ihedn.fr\/#website","url":"https:\/\/ihedn.fr\/","name":"IHEDN: Institut des hautes \u00e9tudes de d\u00e9fense nationale (Institute for Higher National Defence Studies)","description":"Official website of the IHEDN under the supervision of the Prime Minister.","publisher":{"@id":"https:\/\/ihedn.fr\/#organization"},"potentialAction":[{"@type":"SearchAction","target":{"@type":"EntryPoint","urlTemplate":"https:\/\/ihedn.fr\/?s={search_term_string}"},"query-input":{"@type":"PropertyValueSpecification","valueRequired":true,"valueName":"search_term_string"}}],"inLanguage":"en-GB"},{"@type":"Organization","@id":"https:\/\/ihedn.fr\/#organization","name":"IHEDN - Institute for Higher National Defence Studies","url":"https:\/\/ihedn.fr\/","logo":{"@type":"ImageObject","inLanguage":"en-GB","@id":"https:\/\/ihedn.fr\/#\/schema\/logo\/image\/","url":"https:\/\/ihedn.fr\/wp-content\/uploads\/2020\/11\/BLOC_RF_IHEDN_WEB.png","contentUrl":"https:\/\/ihedn.fr\/wp-content\/uploads\/2020\/11\/BLOC_RF_IHEDN_WEB.png","width":500,"height":237,"caption":"IHEDN - Institut des Hautes Etudes de D\u00e9fense Nationale"},"image":{"@id":"https:\/\/ihedn.fr\/#\/schema\/logo\/image\/"},"sameAs":["https:\/\/www.facebook.com\/ihedn\/","https:\/\/x.com\/IHEDN","https:\/\/www.instagram.com\/ihedn\/","https:\/\/www.linkedin.com\/school\/ihedn\/","https:\/\/fr.wikipedia.org\/wiki\/Institut_des_hautes_\u00e9tudes_de_D\u00e9fense_nationale"]},{"@type":"Person","@id":"https:\/\/ihedn.fr\/#\/schema\/person\/7a40155595e4efb35323447cb8c8c5a4","name":"dev","image":{"@type":"ImageObject","inLanguage":"en-GB","@id":"https:\/\/secure.gravatar.com\/avatar\/f1ffcac9ca2fa95ad3ec33e9be3ade82f752acb0cabe541e56c5889225afa88a?s=96&d=mm&r=g","url":"https:\/\/secure.gravatar.com\/avatar\/f1ffcac9ca2fa95ad3ec33e9be3ade82f752acb0cabe541e56c5889225afa88a?s=96&d=mm&r=g","contentUrl":"https:\/\/secure.gravatar.com\/avatar\/f1ffcac9ca2fa95ad3ec33e9be3ade82f752acb0cabe541e56c5889225afa88a?s=96&d=mm&r=g","caption":"dev"},"sameAs":["https:\/\/ihedn.concilium.click"],"url":"https:\/\/ihedn.fr\/en\/author\/dev\/"}]}},"publishpress_future_action":{"enabled":false,"date":"2026-05-09 11:45:23","action":"change-status","newStatus":"draft","terms":[],"taxonomy":"category","extraData":[]},"publishpress_future_workflow_manual_trigger":{"enabledWorkflows":[]},"_links":{"self":[{"href":"https:\/\/ihedn.fr\/en\/wp-json\/wp\/v2\/posts\/36251","targetHints":{"allow":["GET"]}}],"collection":[{"href":"https:\/\/ihedn.fr\/en\/wp-json\/wp\/v2\/posts"}],"about":[{"href":"https:\/\/ihedn.fr\/en\/wp-json\/wp\/v2\/types\/post"}],"author":[{"embeddable":true,"href":"https:\/\/ihedn.fr\/en\/wp-json\/wp\/v2\/users\/1"}],"replies":[{"embeddable":true,"href":"https:\/\/ihedn.fr\/en\/wp-json\/wp\/v2\/comments?post=36251"}],"version-history":[{"count":15,"href":"https:\/\/ihedn.fr\/en\/wp-json\/wp\/v2\/posts\/36251\/revisions"}],"predecessor-version":[{"id":45289,"href":"https:\/\/ihedn.fr\/en\/wp-json\/wp\/v2\/posts\/36251\/revisions\/45289"}],"wp:featuredmedia":[{"embeddable":true,"href":"https:\/\/ihedn.fr\/en\/wp-json\/wp\/v2\/media\/36263"}],"wp:attachment":[{"href":"https:\/\/ihedn.fr\/en\/wp-json\/wp\/v2\/media?parent=36251"}],"wp:term":[{"taxonomy":"category","embeddable":true,"href":"https:\/\/ihedn.fr\/en\/wp-json\/wp\/v2\/categories?post=36251"},{"taxonomy":"post_tag","embeddable":true,"href":"https:\/\/ihedn.fr\/en\/wp-json\/wp\/v2\/tags?post=36251"}],"curies":[{"name":"wp","href":"https:\/\/api.w.org\/{rel}","templated":true}]}}