{"id":36715,"date":"2023-03-20T14:56:56","date_gmt":"2023-03-20T13:56:56","guid":{"rendered":"https:\/\/ihedn.fr\/?p=36715"},"modified":"2023-03-20T15:52:27","modified_gmt":"2023-03-20T14:52:27","slug":"328-e-cycle-securite-economique-et-protection-du-patrimoine-informationnel","status":"publish","type":"post","link":"https:\/\/ihedn.fr\/en\/notre-actualite\/328-e-cycle-securite-economique-et-protection-du-patrimoine-informationnel\/","title":{"rendered":"328 <sup>e<\/sup> Economic security and protection of information assets\" cycle"},"content":{"rendered":"<div data-elementor-type=\"wp-post\" data-elementor-id=\"36715\" class=\"elementor elementor-36715\" data-elementor-post-type=\"post\">\n\t\t\t\t\t\t<section data-particle_enable=\"false\" data-particle-mobile-disabled=\"false\" class=\"elementor-section elementor-top-section elementor-element elementor-element-8a6cbab elementor-section-boxed elementor-section-height-default elementor-section-height-default\" data-id=\"8a6cbab\" data-element_type=\"section\" data-e-type=\"section\">\n\t\t\t\t\t\t<div class=\"elementor-container elementor-column-gap-default\">\n\t\t\t\t\t<div class=\"elementor-column elementor-col-100 elementor-top-column elementor-element elementor-element-d446583\" data-id=\"d446583\" data-element_type=\"column\" data-e-type=\"column\">\n\t\t\t<div class=\"elementor-widget-wrap elementor-element-populated\">\n\t\t\t\t\t\t<div class=\"elementor-element elementor-element-212fc3a elementor-widget elementor-widget-text-editor\" data-id=\"212fc3a\" data-element_type=\"widget\" data-e-type=\"widget\" data-widget_type=\"text-editor.default\">\n\t\t\t\t<div class=\"elementor-widget-container\">\n\t\t\t\t\t\t\t\t\t<p>The two-day course, attended by around twenty people working in the private and public sectors, raised awareness of the challenges of protecting sensitive data. Such a stance is essential for companies and institutions alike, against a backdrop of increasing acts of aggression in the economic sphere.<\/p><p>Participants were able to hone their skills in the areas of business secrecy, intellectual property protection and safeguarding the nation's scientific and technological potential.<\/p><p>The contributions of a number of institutional departments provided an operational perspective on the topics presented.<\/p><p>The next business intelligence training courses will take place :<\/p><ol><li>a one-day meeting on 11 May to discuss the financing of defence industries by the banking and insurance sector;<\/li><li>from 30 May, over a period of 7 days, as part of the 80<sup>e<\/sup> economic and strategic intelligence (IES) cycle, covering a range of economic security issues.\u00a0<\/li><\/ol>\t\t\t\t\t\t\t\t<\/div>\n\t\t\t\t<\/div>\n\t\t\t\t\t<\/div>\n\t\t<\/div>\n\t\t\t\t\t<\/div>\n\t\t<\/section>\n\t\t\t\t<\/div>","protected":false},"excerpt":{"rendered":"<p>On 16 and 17 March 2023, a new Economic Security and Protection of Information Assets (SEPPI) course was held at the \u00c9cole Militaire, organised by IHEDN.<\/p>","protected":false},"author":1,"featured_media":36721,"comment_status":"closed","ping_status":"closed","sticky":false,"template":"","format":"standard","meta":{"footnotes":""},"categories":[172],"tags":[],"class_list":["post-36715","post","type-post","status-publish","format-standard","has-post-thumbnail","hentry","category-notre-actualite"],"yoast_head":"<!-- This site is optimized with the Yoast SEO plugin v27.5 - https:\/\/yoast.com\/product\/yoast-seo-wordpress\/ -->\n<title>328 e cycle \u00ab S\u00e9curit\u00e9 \u00e9conomique et protection du patrimoine informationnel \u00bb - L&#039;IHEDN : Institut des hautes \u00e9tudes de d\u00e9fense nationale<\/title>\n<meta name=\"description\" content=\"Les 16 et 17 mars 2023, s\u2019est tenu \u00e0 l\u2019Ecole militaire un nouveau cycle S\u00e9curit\u00e9 \u00e9conomique et protection du patrimoine informationnel (SEPPI), organis\u00e9 par l\u2019IHEDN.328 e cycle \u00ab S\u00e9curit\u00e9 \u00e9conomique et protection du patrimoine informationnel \u00bb\" \/>\n<meta name=\"robots\" content=\"index, follow, max-snippet:-1, max-image-preview:large, max-video-preview:-1\" \/>\n<link rel=\"canonical\" href=\"https:\/\/ihedn.fr\/en\/notre-actualite\/328-e-cycle-securite-economique-et-protection-du-patrimoine-informationnel\/\" \/>\n<meta property=\"og:locale\" content=\"en_GB\" \/>\n<meta property=\"og:type\" content=\"article\" \/>\n<meta property=\"og:title\" content=\"328 e cycle \u00ab S\u00e9curit\u00e9 \u00e9conomique et protection du patrimoine informationnel \u00bb\" \/>\n<meta property=\"og:description\" content=\"Les 16 et 17 mars 2023, s\u2019est tenu \u00e0 l\u2019\u00c9cole militaire un nouveau cycle S\u00e9curit\u00e9 \u00e9conomique et protection du patrimoine informationnel (SEPPI), organis\u00e9 par l\u2019IHEDN.\" \/>\n<meta property=\"og:url\" content=\"https:\/\/ihedn.fr\/en\/notre-actualite\/328-e-cycle-securite-economique-et-protection-du-patrimoine-informationnel\/\" \/>\n<meta property=\"og:site_name\" content=\"L&#039;IHEDN : Institut des hautes \u00e9tudes de d\u00e9fense nationale\" \/>\n<meta property=\"article:publisher\" content=\"https:\/\/www.facebook.com\/ihedn\/\" \/>\n<meta property=\"article:published_time\" content=\"2023-03-20T13:56:56+00:00\" \/>\n<meta property=\"article:modified_time\" content=\"2023-03-20T14:52:27+00:00\" \/>\n<meta property=\"og:image\" content=\"https:\/\/ihedn.fr\/wp-content\/uploads\/2023\/03\/IHEDN-328e-cycle-Securite-economique-et-protection-du-patrimoine-informationnel-00-1.jpg\" \/>\n\t<meta property=\"og:image:width\" content=\"1511\" \/>\n\t<meta property=\"og:image:height\" content=\"1007\" \/>\n\t<meta property=\"og:image:type\" content=\"image\/jpeg\" \/>\n<meta name=\"author\" content=\"dev\" \/>\n<meta name=\"twitter:card\" content=\"summary_large_image\" \/>\n<meta name=\"twitter:title\" content=\"328 &lt;sup&gt;e&lt;\/sup&gt; cycle \u00ab S\u00e9curit\u00e9 \u00e9conomique et protection du patrimoine informationnel \u00bb\" \/>\n<meta name=\"twitter:description\" content=\"Les 16 et 17 mars 2023, s\u2019est tenu \u00e0 l\u2019\u00c9cole militaire un nouveau cycle S\u00e9curit\u00e9 \u00e9conomique et protection du patrimoine informationnel (SEPPI), organis\u00e9 par l\u2019IHEDN.\" \/>\n<meta name=\"twitter:image\" content=\"https:\/\/ihedn.fr\/wp-content\/uploads\/2023\/03\/IHEDN-328e-cycle-Securite-economique-et-protection-du-patrimoine-informationnel-00-1.jpg\" \/>\n<meta name=\"twitter:creator\" content=\"@IHEDN\" \/>\n<meta name=\"twitter:site\" content=\"@IHEDN\" \/>\n<meta name=\"twitter:label1\" content=\"Written by\" \/>\n\t<meta name=\"twitter:data1\" content=\"dev\" \/>\n\t<meta name=\"twitter:label2\" content=\"Estimated reading time\" \/>\n\t<meta name=\"twitter:data2\" content=\"1 minute\" \/>\n<script type=\"application\/ld+json\" class=\"yoast-schema-graph\">{\"@context\":\"https:\\\/\\\/schema.org\",\"@graph\":[{\"@type\":\"Article\",\"@id\":\"https:\\\/\\\/ihedn.fr\\\/notre-actualite\\\/328-e-cycle-securite-economique-et-protection-du-patrimoine-informationnel\\\/#article\",\"isPartOf\":{\"@id\":\"https:\\\/\\\/ihedn.fr\\\/notre-actualite\\\/328-e-cycle-securite-economique-et-protection-du-patrimoine-informationnel\\\/\"},\"author\":{\"name\":\"dev\",\"@id\":\"https:\\\/\\\/ihedn.fr\\\/#\\\/schema\\\/person\\\/7a40155595e4efb35323447cb8c8c5a4\"},\"headline\":\"328 e cycle \u00ab S\u00e9curit\u00e9 \u00e9conomique et protection du patrimoine informationnel \u00bb\",\"datePublished\":\"2023-03-20T13:56:56+00:00\",\"dateModified\":\"2023-03-20T14:52:27+00:00\",\"mainEntityOfPage\":{\"@id\":\"https:\\\/\\\/ihedn.fr\\\/notre-actualite\\\/328-e-cycle-securite-economique-et-protection-du-patrimoine-informationnel\\\/\"},\"wordCount\":197,\"publisher\":{\"@id\":\"https:\\\/\\\/ihedn.fr\\\/#organization\"},\"image\":{\"@id\":\"https:\\\/\\\/ihedn.fr\\\/notre-actualite\\\/328-e-cycle-securite-economique-et-protection-du-patrimoine-informationnel\\\/#primaryimage\"},\"thumbnailUrl\":\"https:\\\/\\\/ihedn.fr\\\/wp-content\\\/uploads\\\/2023\\\/03\\\/IHEDN-328e-cycle-Securite-economique-et-protection-du-patrimoine-informationnel-00-1.jpg\",\"articleSection\":[\"Notre actualit\u00e9\"],\"inLanguage\":\"en-GB\"},{\"@type\":\"WebPage\",\"@id\":\"https:\\\/\\\/ihedn.fr\\\/notre-actualite\\\/328-e-cycle-securite-economique-et-protection-du-patrimoine-informationnel\\\/\",\"url\":\"https:\\\/\\\/ihedn.fr\\\/notre-actualite\\\/328-e-cycle-securite-economique-et-protection-du-patrimoine-informationnel\\\/\",\"name\":\"328 e cycle \u00ab S\u00e9curit\u00e9 \u00e9conomique et protection du patrimoine informationnel \u00bb - L&#039;IHEDN : Institut des hautes \u00e9tudes de d\u00e9fense nationale\",\"isPartOf\":{\"@id\":\"https:\\\/\\\/ihedn.fr\\\/#website\"},\"primaryImageOfPage\":{\"@id\":\"https:\\\/\\\/ihedn.fr\\\/notre-actualite\\\/328-e-cycle-securite-economique-et-protection-du-patrimoine-informationnel\\\/#primaryimage\"},\"image\":{\"@id\":\"https:\\\/\\\/ihedn.fr\\\/notre-actualite\\\/328-e-cycle-securite-economique-et-protection-du-patrimoine-informationnel\\\/#primaryimage\"},\"thumbnailUrl\":\"https:\\\/\\\/ihedn.fr\\\/wp-content\\\/uploads\\\/2023\\\/03\\\/IHEDN-328e-cycle-Securite-economique-et-protection-du-patrimoine-informationnel-00-1.jpg\",\"datePublished\":\"2023-03-20T13:56:56+00:00\",\"dateModified\":\"2023-03-20T14:52:27+00:00\",\"description\":\"Les 16 et 17 mars 2023, s\u2019est tenu \u00e0 l\u2019Ecole militaire un nouveau cycle S\u00e9curit\u00e9 \u00e9conomique et protection du patrimoine informationnel (SEPPI), organis\u00e9 par l\u2019IHEDN.328 e cycle \u00ab S\u00e9curit\u00e9 \u00e9conomique et protection du patrimoine informationnel \u00bb\",\"breadcrumb\":{\"@id\":\"https:\\\/\\\/ihedn.fr\\\/notre-actualite\\\/328-e-cycle-securite-economique-et-protection-du-patrimoine-informationnel\\\/#breadcrumb\"},\"inLanguage\":\"en-GB\",\"potentialAction\":[{\"@type\":\"ReadAction\",\"target\":[\"https:\\\/\\\/ihedn.fr\\\/notre-actualite\\\/328-e-cycle-securite-economique-et-protection-du-patrimoine-informationnel\\\/\"]}]},{\"@type\":\"ImageObject\",\"inLanguage\":\"en-GB\",\"@id\":\"https:\\\/\\\/ihedn.fr\\\/notre-actualite\\\/328-e-cycle-securite-economique-et-protection-du-patrimoine-informationnel\\\/#primaryimage\",\"url\":\"https:\\\/\\\/ihedn.fr\\\/wp-content\\\/uploads\\\/2023\\\/03\\\/IHEDN-328e-cycle-Securite-economique-et-protection-du-patrimoine-informationnel-00-1.jpg\",\"contentUrl\":\"https:\\\/\\\/ihedn.fr\\\/wp-content\\\/uploads\\\/2023\\\/03\\\/IHEDN-328e-cycle-Securite-economique-et-protection-du-patrimoine-informationnel-00-1.jpg\",\"width\":1511,\"height\":1007,\"caption\":\"328e cycle S\u00e9curit\u00e9 \u00e9conomique et protection du patrimoine informationnel\"},{\"@type\":\"BreadcrumbList\",\"@id\":\"https:\\\/\\\/ihedn.fr\\\/notre-actualite\\\/328-e-cycle-securite-economique-et-protection-du-patrimoine-informationnel\\\/#breadcrumb\",\"itemListElement\":[{\"@type\":\"ListItem\",\"position\":1,\"name\":\"Accueil\",\"item\":\"https:\\\/\\\/ihedn.fr\\\/\"},{\"@type\":\"ListItem\",\"position\":2,\"name\":\"328 e cycle \u00ab S\u00e9curit\u00e9 \u00e9conomique et protection du patrimoine informationnel \u00bb\"}]},{\"@type\":\"WebSite\",\"@id\":\"https:\\\/\\\/ihedn.fr\\\/#website\",\"url\":\"https:\\\/\\\/ihedn.fr\\\/\",\"name\":\"IHEDN : Institut des hautes \u00e9tudes de d\u00e9fense nationale |\",\"description\":\"Site officiel de l&#039;IHEDN plac\u00e9 sous la tutelle du Premier ministre.\",\"publisher\":{\"@id\":\"https:\\\/\\\/ihedn.fr\\\/#organization\"},\"potentialAction\":[{\"@type\":\"SearchAction\",\"target\":{\"@type\":\"EntryPoint\",\"urlTemplate\":\"https:\\\/\\\/ihedn.fr\\\/?s={search_term_string}\"},\"query-input\":{\"@type\":\"PropertyValueSpecification\",\"valueRequired\":true,\"valueName\":\"search_term_string\"}}],\"inLanguage\":\"en-GB\"},{\"@type\":\"Organization\",\"@id\":\"https:\\\/\\\/ihedn.fr\\\/#organization\",\"name\":\"IHEDN - Institut des Hautes Etudes de D\u00e9fense Nationale\",\"url\":\"https:\\\/\\\/ihedn.fr\\\/\",\"logo\":{\"@type\":\"ImageObject\",\"inLanguage\":\"en-GB\",\"@id\":\"https:\\\/\\\/ihedn.fr\\\/#\\\/schema\\\/logo\\\/image\\\/\",\"url\":\"https:\\\/\\\/ihedn.fr\\\/wp-content\\\/uploads\\\/2020\\\/11\\\/BLOC_RF_IHEDN_WEB.png\",\"contentUrl\":\"https:\\\/\\\/ihedn.fr\\\/wp-content\\\/uploads\\\/2020\\\/11\\\/BLOC_RF_IHEDN_WEB.png\",\"width\":500,\"height\":237,\"caption\":\"IHEDN - Institut des Hautes Etudes de D\u00e9fense Nationale\"},\"image\":{\"@id\":\"https:\\\/\\\/ihedn.fr\\\/#\\\/schema\\\/logo\\\/image\\\/\"},\"sameAs\":[\"https:\\\/\\\/www.facebook.com\\\/ihedn\\\/\",\"https:\\\/\\\/x.com\\\/IHEDN\",\"https:\\\/\\\/www.instagram.com\\\/ihedn\\\/\",\"https:\\\/\\\/www.linkedin.com\\\/school\\\/ihedn\\\/\",\"https:\\\/\\\/fr.wikipedia.org\\\/wiki\\\/Institut_des_hautes_\u00e9tudes_de_D\u00e9fense_nationale\"]},{\"@type\":\"Person\",\"@id\":\"https:\\\/\\\/ihedn.fr\\\/#\\\/schema\\\/person\\\/7a40155595e4efb35323447cb8c8c5a4\",\"name\":\"dev\",\"image\":{\"@type\":\"ImageObject\",\"inLanguage\":\"en-GB\",\"@id\":\"https:\\\/\\\/secure.gravatar.com\\\/avatar\\\/f1ffcac9ca2fa95ad3ec33e9be3ade82f752acb0cabe541e56c5889225afa88a?s=96&d=mm&r=g\",\"url\":\"https:\\\/\\\/secure.gravatar.com\\\/avatar\\\/f1ffcac9ca2fa95ad3ec33e9be3ade82f752acb0cabe541e56c5889225afa88a?s=96&d=mm&r=g\",\"contentUrl\":\"https:\\\/\\\/secure.gravatar.com\\\/avatar\\\/f1ffcac9ca2fa95ad3ec33e9be3ade82f752acb0cabe541e56c5889225afa88a?s=96&d=mm&r=g\",\"caption\":\"dev\"},\"sameAs\":[\"https:\\\/\\\/ihedn.concilium.click\"],\"url\":\"https:\\\/\\\/ihedn.fr\\\/en\\\/author\\\/dev\\\/\"}]}<\/script>\n<!-- \/ Yoast SEO plugin. -->","yoast_head_json":{"title":"328 th cycle \"Economic security and protection of information assets\" - L'IHEDN : Institut des hautes \u00e9tudes de d\u00e9fense nationale (French Institute for Higher National Defence Studies)","description":"On 16 and 17 March 2023, a new Economic Security and Protection of Information Assets (SEPPI) cycle was held at the Ecole Militaire, organised by IHEDN.328 he \"Economic Security and Protection of Information Assets\" cycle was held at the Ecole Militaire on 16 and 17 March 2023.","robots":{"index":"index","follow":"follow","max-snippet":"max-snippet:-1","max-image-preview":"max-image-preview:large","max-video-preview":"max-video-preview:-1"},"canonical":"https:\/\/ihedn.fr\/en\/notre-actualite\/328-e-cycle-securite-economique-et-protection-du-patrimoine-informationnel\/","og_locale":"en_GB","og_type":"article","og_title":"328 e cycle \u00ab S\u00e9curit\u00e9 \u00e9conomique et protection du patrimoine informationnel \u00bb","og_description":"Les 16 et 17 mars 2023, s\u2019est tenu \u00e0 l\u2019\u00c9cole militaire un nouveau cycle S\u00e9curit\u00e9 \u00e9conomique et protection du patrimoine informationnel (SEPPI), organis\u00e9 par l\u2019IHEDN.","og_url":"https:\/\/ihedn.fr\/en\/notre-actualite\/328-e-cycle-securite-economique-et-protection-du-patrimoine-informationnel\/","og_site_name":"L&#039;IHEDN : Institut des hautes \u00e9tudes de d\u00e9fense nationale","article_publisher":"https:\/\/www.facebook.com\/ihedn\/","article_published_time":"2023-03-20T13:56:56+00:00","article_modified_time":"2023-03-20T14:52:27+00:00","og_image":[{"width":1511,"height":1007,"url":"https:\/\/ihedn.fr\/wp-content\/uploads\/2023\/03\/IHEDN-328e-cycle-Securite-economique-et-protection-du-patrimoine-informationnel-00-1.jpg","type":"image\/jpeg"}],"author":"dev","twitter_card":"summary_large_image","twitter_title":"328 <sup>e<\/sup> cycle \u00ab S\u00e9curit\u00e9 \u00e9conomique et protection du patrimoine informationnel \u00bb","twitter_description":"Les 16 et 17 mars 2023, s\u2019est tenu \u00e0 l\u2019\u00c9cole militaire un nouveau cycle S\u00e9curit\u00e9 \u00e9conomique et protection du patrimoine informationnel (SEPPI), organis\u00e9 par l\u2019IHEDN.","twitter_image":"https:\/\/ihedn.fr\/wp-content\/uploads\/2023\/03\/IHEDN-328e-cycle-Securite-economique-et-protection-du-patrimoine-informationnel-00-1.jpg","twitter_creator":"@IHEDN","twitter_site":"@IHEDN","twitter_misc":{"Written by":"dev","Estimated reading time":"1 minute"},"schema":{"@context":"https:\/\/schema.org","@graph":[{"@type":"Article","@id":"https:\/\/ihedn.fr\/notre-actualite\/328-e-cycle-securite-economique-et-protection-du-patrimoine-informationnel\/#article","isPartOf":{"@id":"https:\/\/ihedn.fr\/notre-actualite\/328-e-cycle-securite-economique-et-protection-du-patrimoine-informationnel\/"},"author":{"name":"dev","@id":"https:\/\/ihedn.fr\/#\/schema\/person\/7a40155595e4efb35323447cb8c8c5a4"},"headline":"328 e cycle \u00ab S\u00e9curit\u00e9 \u00e9conomique et protection du patrimoine informationnel \u00bb","datePublished":"2023-03-20T13:56:56+00:00","dateModified":"2023-03-20T14:52:27+00:00","mainEntityOfPage":{"@id":"https:\/\/ihedn.fr\/notre-actualite\/328-e-cycle-securite-economique-et-protection-du-patrimoine-informationnel\/"},"wordCount":197,"publisher":{"@id":"https:\/\/ihedn.fr\/#organization"},"image":{"@id":"https:\/\/ihedn.fr\/notre-actualite\/328-e-cycle-securite-economique-et-protection-du-patrimoine-informationnel\/#primaryimage"},"thumbnailUrl":"https:\/\/ihedn.fr\/wp-content\/uploads\/2023\/03\/IHEDN-328e-cycle-Securite-economique-et-protection-du-patrimoine-informationnel-00-1.jpg","articleSection":["Notre actualit\u00e9"],"inLanguage":"en-GB"},{"@type":"WebPage","@id":"https:\/\/ihedn.fr\/notre-actualite\/328-e-cycle-securite-economique-et-protection-du-patrimoine-informationnel\/","url":"https:\/\/ihedn.fr\/notre-actualite\/328-e-cycle-securite-economique-et-protection-du-patrimoine-informationnel\/","name":"328 th cycle \"Economic security and protection of information assets\" - L'IHEDN : Institut des hautes \u00e9tudes de d\u00e9fense nationale (French Institute for Higher National Defence Studies)","isPartOf":{"@id":"https:\/\/ihedn.fr\/#website"},"primaryImageOfPage":{"@id":"https:\/\/ihedn.fr\/notre-actualite\/328-e-cycle-securite-economique-et-protection-du-patrimoine-informationnel\/#primaryimage"},"image":{"@id":"https:\/\/ihedn.fr\/notre-actualite\/328-e-cycle-securite-economique-et-protection-du-patrimoine-informationnel\/#primaryimage"},"thumbnailUrl":"https:\/\/ihedn.fr\/wp-content\/uploads\/2023\/03\/IHEDN-328e-cycle-Securite-economique-et-protection-du-patrimoine-informationnel-00-1.jpg","datePublished":"2023-03-20T13:56:56+00:00","dateModified":"2023-03-20T14:52:27+00:00","description":"On 16 and 17 March 2023, a new Economic Security and Protection of Information Assets (SEPPI) cycle was held at the Ecole Militaire, organised by IHEDN.328 he \"Economic Security and Protection of Information Assets\" cycle was held at the Ecole Militaire on 16 and 17 March 2023.","breadcrumb":{"@id":"https:\/\/ihedn.fr\/notre-actualite\/328-e-cycle-securite-economique-et-protection-du-patrimoine-informationnel\/#breadcrumb"},"inLanguage":"en-GB","potentialAction":[{"@type":"ReadAction","target":["https:\/\/ihedn.fr\/notre-actualite\/328-e-cycle-securite-economique-et-protection-du-patrimoine-informationnel\/"]}]},{"@type":"ImageObject","inLanguage":"en-GB","@id":"https:\/\/ihedn.fr\/notre-actualite\/328-e-cycle-securite-economique-et-protection-du-patrimoine-informationnel\/#primaryimage","url":"https:\/\/ihedn.fr\/wp-content\/uploads\/2023\/03\/IHEDN-328e-cycle-Securite-economique-et-protection-du-patrimoine-informationnel-00-1.jpg","contentUrl":"https:\/\/ihedn.fr\/wp-content\/uploads\/2023\/03\/IHEDN-328e-cycle-Securite-economique-et-protection-du-patrimoine-informationnel-00-1.jpg","width":1511,"height":1007,"caption":"328e cycle S\u00e9curit\u00e9 \u00e9conomique et protection du patrimoine informationnel"},{"@type":"BreadcrumbList","@id":"https:\/\/ihedn.fr\/notre-actualite\/328-e-cycle-securite-economique-et-protection-du-patrimoine-informationnel\/#breadcrumb","itemListElement":[{"@type":"ListItem","position":1,"name":"Accueil","item":"https:\/\/ihedn.fr\/"},{"@type":"ListItem","position":2,"name":"328 e cycle \u00ab S\u00e9curit\u00e9 \u00e9conomique et protection du patrimoine informationnel \u00bb"}]},{"@type":"WebSite","@id":"https:\/\/ihedn.fr\/#website","url":"https:\/\/ihedn.fr\/","name":"IHEDN: Institut des hautes \u00e9tudes de d\u00e9fense nationale (Institute for Higher National Defence Studies)","description":"Official website of the IHEDN under the supervision of the Prime Minister.","publisher":{"@id":"https:\/\/ihedn.fr\/#organization"},"potentialAction":[{"@type":"SearchAction","target":{"@type":"EntryPoint","urlTemplate":"https:\/\/ihedn.fr\/?s={search_term_string}"},"query-input":{"@type":"PropertyValueSpecification","valueRequired":true,"valueName":"search_term_string"}}],"inLanguage":"en-GB"},{"@type":"Organization","@id":"https:\/\/ihedn.fr\/#organization","name":"IHEDN - Institute for Higher National Defence Studies","url":"https:\/\/ihedn.fr\/","logo":{"@type":"ImageObject","inLanguage":"en-GB","@id":"https:\/\/ihedn.fr\/#\/schema\/logo\/image\/","url":"https:\/\/ihedn.fr\/wp-content\/uploads\/2020\/11\/BLOC_RF_IHEDN_WEB.png","contentUrl":"https:\/\/ihedn.fr\/wp-content\/uploads\/2020\/11\/BLOC_RF_IHEDN_WEB.png","width":500,"height":237,"caption":"IHEDN - Institut des Hautes Etudes de D\u00e9fense Nationale"},"image":{"@id":"https:\/\/ihedn.fr\/#\/schema\/logo\/image\/"},"sameAs":["https:\/\/www.facebook.com\/ihedn\/","https:\/\/x.com\/IHEDN","https:\/\/www.instagram.com\/ihedn\/","https:\/\/www.linkedin.com\/school\/ihedn\/","https:\/\/fr.wikipedia.org\/wiki\/Institut_des_hautes_\u00e9tudes_de_D\u00e9fense_nationale"]},{"@type":"Person","@id":"https:\/\/ihedn.fr\/#\/schema\/person\/7a40155595e4efb35323447cb8c8c5a4","name":"dev","image":{"@type":"ImageObject","inLanguage":"en-GB","@id":"https:\/\/secure.gravatar.com\/avatar\/f1ffcac9ca2fa95ad3ec33e9be3ade82f752acb0cabe541e56c5889225afa88a?s=96&d=mm&r=g","url":"https:\/\/secure.gravatar.com\/avatar\/f1ffcac9ca2fa95ad3ec33e9be3ade82f752acb0cabe541e56c5889225afa88a?s=96&d=mm&r=g","contentUrl":"https:\/\/secure.gravatar.com\/avatar\/f1ffcac9ca2fa95ad3ec33e9be3ade82f752acb0cabe541e56c5889225afa88a?s=96&d=mm&r=g","caption":"dev"},"sameAs":["https:\/\/ihedn.concilium.click"],"url":"https:\/\/ihedn.fr\/en\/author\/dev\/"}]}},"publishpress_future_action":{"enabled":false,"date":"2026-05-09 10:09:20","action":"change-status","newStatus":"draft","terms":[],"taxonomy":"category","extraData":[]},"publishpress_future_workflow_manual_trigger":{"enabledWorkflows":[]},"_links":{"self":[{"href":"https:\/\/ihedn.fr\/en\/wp-json\/wp\/v2\/posts\/36715","targetHints":{"allow":["GET"]}}],"collection":[{"href":"https:\/\/ihedn.fr\/en\/wp-json\/wp\/v2\/posts"}],"about":[{"href":"https:\/\/ihedn.fr\/en\/wp-json\/wp\/v2\/types\/post"}],"author":[{"embeddable":true,"href":"https:\/\/ihedn.fr\/en\/wp-json\/wp\/v2\/users\/1"}],"replies":[{"embeddable":true,"href":"https:\/\/ihedn.fr\/en\/wp-json\/wp\/v2\/comments?post=36715"}],"version-history":[{"count":6,"href":"https:\/\/ihedn.fr\/en\/wp-json\/wp\/v2\/posts\/36715\/revisions"}],"predecessor-version":[{"id":36742,"href":"https:\/\/ihedn.fr\/en\/wp-json\/wp\/v2\/posts\/36715\/revisions\/36742"}],"wp:featuredmedia":[{"embeddable":true,"href":"https:\/\/ihedn.fr\/en\/wp-json\/wp\/v2\/media\/36721"}],"wp:attachment":[{"href":"https:\/\/ihedn.fr\/en\/wp-json\/wp\/v2\/media?parent=36715"}],"wp:term":[{"taxonomy":"category","embeddable":true,"href":"https:\/\/ihedn.fr\/en\/wp-json\/wp\/v2\/categories?post=36715"},{"taxonomy":"post_tag","embeddable":true,"href":"https:\/\/ihedn.fr\/en\/wp-json\/wp\/v2\/tags?post=36715"}],"curies":[{"name":"wp","href":"https:\/\/api.w.org\/{rel}","templated":true}]}}