{"id":36800,"date":"2023-03-22T08:40:40","date_gmt":"2023-03-22T07:40:40","guid":{"rendered":"https:\/\/ihedn.fr\/?p=36800"},"modified":"2023-03-22T17:09:47","modified_gmt":"2023-03-22T16:09:47","slug":"afrique-france-vers-un-nouveau-modele-de-partenariat-militaire","status":"publish","type":"post","link":"https:\/\/ihedn.fr\/en\/notre-selection\/afrique-france-vers-un-nouveau-modele-de-partenariat-militaire\/","title":{"rendered":"Africa-France: towards a new model of military partnership"},"content":{"rendered":"<div data-elementor-type=\"wp-post\" data-elementor-id=\"36800\" class=\"elementor elementor-36800\" data-elementor-post-type=\"post\">\n\t\t\t\t\t\t<section data-particle_enable=\"false\" data-particle-mobile-disabled=\"false\" class=\"elementor-section elementor-top-section elementor-element elementor-element-9aff6a4 elementor-section-boxed elementor-section-height-default elementor-section-height-default\" data-id=\"9aff6a4\" data-element_type=\"section\" data-e-type=\"section\">\n\t\t\t\t\t\t<div class=\"elementor-container elementor-column-gap-default\">\n\t\t\t\t\t<div class=\"elementor-column elementor-col-100 elementor-top-column elementor-element elementor-element-a0f1165\" data-id=\"a0f1165\" data-element_type=\"column\" data-e-type=\"column\">\n\t\t\t<div class=\"elementor-widget-wrap elementor-element-populated\">\n\t\t\t\t\t\t<div class=\"elementor-element elementor-element-c3b8193 elementor-widget elementor-widget-text-editor\" data-id=\"c3b8193\" data-element_type=\"widget\" data-e-type=\"widget\" data-widget_type=\"text-editor.default\">\n\t\t\t\t<div class=\"elementor-widget-container\">\n\t\t\t\t\t\t\t\t\t<p>This Wednesday opens at the \u00c9cole Militaire <a href=\"https:\/\/live.eventtia.com\/fr\/4emeseminaireafrique\/Accueil\/\">the 4th \"Africa on the move\" seminar<\/a>The conference, organised by IHEDN and the French Foreign Trade Advisors (CCE), focused on the theme of \"France's presence in the Sahel and West Africa: what complementarities in the face of new challenges? These challenges are numerous on the continent.<\/p>\t\t\t\t\t\t\t\t<\/div>\n\t\t\t\t<\/div>\n\t\t\t\t<div class=\"elementor-element elementor-element-24e0611 elementor-widget elementor-widget-heading\" data-id=\"24e0611\" data-element_type=\"widget\" data-e-type=\"widget\" data-widget_type=\"heading.default\">\n\t\t\t\t<div class=\"elementor-widget-container\">\n\t\t\t\t\t<h4 class=\"elementor-heading-title elementor-size-default\">THE NEW DEAL OF THE 21ST CENTURY : CHINA AND RUSSIA IN FORCE<\/h4>\t\t\t\t<\/div>\n\t\t\t\t<\/div>\n\t\t\t\t<div class=\"elementor-element elementor-element-a5fbcc1 elementor-widget-divider--view-line elementor-widget elementor-widget-divider\" data-id=\"a5fbcc1\" data-element_type=\"widget\" data-e-type=\"widget\" data-widget_type=\"divider.default\">\n\t\t\t\t<div class=\"elementor-widget-container\">\n\t\t\t\t\t\t\t<div class=\"elementor-divider\">\n\t\t\t<span class=\"elementor-divider-separator\">\n\t\t\t\t\t\t<\/span>\n\t\t<\/div>\n\t\t\t\t\t\t<\/div>\n\t\t\t\t<\/div>\n\t\t\t\t<div class=\"elementor-element elementor-element-01f3b3b elementor-widget elementor-widget-text-editor\" data-id=\"01f3b3b\" data-element_type=\"widget\" data-e-type=\"widget\" data-widget_type=\"text-editor.default\">\n\t\t\t\t<div class=\"elementor-widget-container\">\n\t\t\t\t\t\t\t\t\t<p>For around a hundred years, until the decolonisations of the second half of the 20th century, Africa was a European preserve: France and the United Kingdom in particular, but also (to a lesser extent) Portugal, Belgium, Germany, Spain and Italy had almost entirely colonised the continent, with only Ethiopia never having been conquered.<\/p><p>The era of independence and then the Cold War changed all that. And since the beginning of the 21st century, two major powers, China (since 2000) and Russia (since 2014 and the Western sanctions following the invasion of Crimea), have become major players.<\/p><p>By 2019, China had accumulated $170 billion in bilateral trade with Africa, \"four times more than with the United States\", <a href=\"https:\/\/www.irsem.fr\/le-collimateur\/les-grandes-puissances-a-l-assaut-de-l-afrique-17-09-2019.html\">noted<\/a> Aline Leboeuf, researcher at IFRI's Centre for Security Studies, in the IRSEM podcast Le Collimateur. This is also ten times more than Russia. China, whose 1 million nationals are believed to be on the continent, is particularly interested in the resources (oil and minerals), but also in the military and diplomatic value of these alliances.<\/p><p>With 54 States, Africa represents 54 votes in the United Nations General Assembly, which can provide significant support: on 2 March 2022, 16 of these States abstained during the vote on the resolution calling on Russia to withdraw from Ukraine. Following the financial crisis of 2008 and Western sanctions since 2014, Russia has signed a number of arms sales contracts and military cooperation alliances, notably with Egypt.<\/p>\t\t\t\t\t\t\t\t<\/div>\n\t\t\t\t<\/div>\n\t\t\t\t\t<\/div>\n\t\t<\/div>\n\t\t\t\t\t<\/div>\n\t\t<\/section>\n\t\t\t\t<section data-particle_enable=\"false\" data-particle-mobile-disabled=\"false\" class=\"elementor-section elementor-top-section elementor-element elementor-element-74c0816 elementor-section-boxed elementor-section-height-default elementor-section-height-default\" data-id=\"74c0816\" data-element_type=\"section\" data-e-type=\"section\">\n\t\t\t\t\t\t<div class=\"elementor-container elementor-column-gap-default\">\n\t\t\t\t\t<div class=\"elementor-column elementor-col-100 elementor-top-column elementor-element elementor-element-201570d\" data-id=\"201570d\" data-element_type=\"column\" data-e-type=\"column\">\n\t\t\t<div class=\"elementor-widget-wrap elementor-element-populated\">\n\t\t\t\t\t\t<div class=\"elementor-element elementor-element-f954ac7 elementor-widget elementor-widget-heading\" data-id=\"f954ac7\" data-element_type=\"widget\" data-e-type=\"widget\" data-widget_type=\"heading.default\">\n\t\t\t\t<div class=\"elementor-widget-container\">\n\t\t\t\t\t<h4 class=\"elementor-heading-title elementor-size-default\">RUSSIA, THE LEADING ARMS TRADER IN SUB-SAHARAN AFRICA<\/h4>\t\t\t\t<\/div>\n\t\t\t\t<\/div>\n\t\t\t\t<div class=\"elementor-element elementor-element-7754195 elementor-widget-divider--view-line elementor-widget elementor-widget-divider\" data-id=\"7754195\" data-element_type=\"widget\" data-e-type=\"widget\" data-widget_type=\"divider.default\">\n\t\t\t\t<div class=\"elementor-widget-container\">\n\t\t\t\t\t\t\t<div class=\"elementor-divider\">\n\t\t\t<span class=\"elementor-divider-separator\">\n\t\t\t\t\t\t<\/span>\n\t\t<\/div>\n\t\t\t\t\t\t<\/div>\n\t\t\t\t<\/div>\n\t\t\t\t<div class=\"elementor-element elementor-element-51314a9 elementor-widget elementor-widget-text-editor\" data-id=\"51314a9\" data-element_type=\"widget\" data-e-type=\"widget\" data-widget_type=\"text-editor.default\">\n\t\t\t\t<div class=\"elementor-widget-container\">\n\t\t\t\t\t\t\t\t\t<p>But \"although North Africa (Algeria, Libya and Egypt in particular) is Russia's point of entry to the continent, it is no longer Moscow's only foothold in Africa\", noted Aur\u00e9lie Vittot, a doctoral student at the IHEDN in November 2022 in <a href=\"https:\/\/ihedn.fr\/en\/2022\/11\/22\/le-retour-de-la-russie-en-afrique-une-menace-pour-linfluence-francaise-sur-le-continent\/\">an analysis note<\/a> These countries, including the Central African Republic, Angola, Madagascar, Mozambique and Sudan, are signing defence agreements with Russia, welcoming its private military companies or deepening their security cooperation. \"This formula is proving particularly attractive to a number of African regimes wishing to remain in power\", says the researcher, as Russia \"offers assistance in the area of security that is less demanding than that of the West (human rights and governance)\": Moscow supplied 28 % of arms to sub-Saharan African countries between 2008 and 2017, ahead of China (24 %), Ukraine (8.3 %) and the United States (7.1 %).<\/p>\t\t\t\t\t\t\t\t<\/div>\n\t\t\t\t<\/div>\n\t\t\t\t\t<\/div>\n\t\t<\/div>\n\t\t\t\t\t<\/div>\n\t\t<\/section>\n\t\t\t\t<section data-particle_enable=\"false\" data-particle-mobile-disabled=\"false\" class=\"elementor-section elementor-top-section elementor-element elementor-element-d90436c elementor-section-boxed elementor-section-height-default elementor-section-height-default\" data-id=\"d90436c\" data-element_type=\"section\" data-e-type=\"section\">\n\t\t\t\t\t\t<div class=\"elementor-container elementor-column-gap-default\">\n\t\t\t\t\t<div class=\"elementor-column elementor-col-100 elementor-top-column elementor-element elementor-element-a1f3cb7\" data-id=\"a1f3cb7\" data-element_type=\"column\" data-e-type=\"column\">\n\t\t\t<div class=\"elementor-widget-wrap elementor-element-populated\">\n\t\t\t\t\t\t<div class=\"elementor-element elementor-element-24a2bdf elementor-widget elementor-widget-heading\" data-id=\"24a2bdf\" data-element_type=\"widget\" data-e-type=\"widget\" data-widget_type=\"heading.default\">\n\t\t\t\t<div class=\"elementor-widget-container\">\n\t\t\t\t\t<h4 class=\"elementor-heading-title elementor-size-default\">FRANCE'S NEW STRATEGY FOR THE CONTINENT<\/h4>\t\t\t\t<\/div>\n\t\t\t\t<\/div>\n\t\t\t\t<div class=\"elementor-element elementor-element-425550e elementor-widget-divider--view-line elementor-widget elementor-widget-divider\" data-id=\"425550e\" data-element_type=\"widget\" data-e-type=\"widget\" data-widget_type=\"divider.default\">\n\t\t\t\t<div class=\"elementor-widget-container\">\n\t\t\t\t\t\t\t<div class=\"elementor-divider\">\n\t\t\t<span class=\"elementor-divider-separator\">\n\t\t\t\t\t\t<\/span>\n\t\t<\/div>\n\t\t\t\t\t\t<\/div>\n\t\t\t\t<\/div>\n\t\t\t\t<div class=\"elementor-element elementor-element-210bce1 elementor-widget elementor-widget-text-editor\" data-id=\"210bce1\" data-element_type=\"widget\" data-e-type=\"widget\" data-widget_type=\"text-editor.default\">\n\t\t\t\t<div class=\"elementor-widget-container\">\n\t\t\t\t\t\t\t\t\t<p>On 27 February, just before setting off on a tour of Central Africa (Gabon, Congo, Angola, DRC), French President Emmanuel Macron <a href=\"https:\/\/www.vie-publique.fr\/discours\/288411-emmanuel-macron-27022023-france-afrique\">announced<\/a> his desire to \"build a new model of military partnership\" with Africa over the next four years. In order to establish \"a new, responsible, balanced and reciprocal relationship\", the Head of State intends to rethink the concept of military bases - in addition to the 3,000 soldiers it deploys in the Sahel, France currently maintains bases in C\u00f4te d'Ivoire, Senegal and Gabon (the one in Djibouti is included in the Indo-Pacific zone).<\/p><p>He would like to see these bases change their \"appearance and footprint\" through \"Africanisation\" and \"pooling\", with some becoming \"joint bases\" with the armies of the host countries, and others becoming \"military academies\". To achieve this, the President is proposing two approaches:<\/p><ul><li>\"A visible reduction in the number of French troops and an increase in the number of troops from our African partners.<\/li><li>\"An increase in the range of training, support and facilities on offer to the highest level.\"<\/li><\/ul><p>Repeating the terms of his speech in Ouagadougou (Burkina Faso) in November 2017, Emmanuel Macron repeated that there is \"no longer an African policy for France\". He also rejected the call for competition, in an allusion to Russian action in Africa :<\/p><p>\"Some are arriving with their army or mercenaries here and there. Dive in, you French, that's where you're expected, that's your role. Go and compete with them, that's where you're expected to be. I don't think so. It's the comfort of past ways of looking at things, measuring our influence by the number of our military operations; or being satisfied with privileged and exclusive links with leaders, or considering that economic markets are ours by right because we were there before; or playing elbows to the wall to put ourselves at the centre of the game. Those days are gone.<\/p>\t\t\t\t\t\t\t\t<\/div>\n\t\t\t\t<\/div>\n\t\t\t\t\t<\/div>\n\t\t<\/div>\n\t\t\t\t\t<\/div>\n\t\t<\/section>\n\t\t\t\t<section data-particle_enable=\"false\" data-particle-mobile-disabled=\"false\" class=\"elementor-section elementor-top-section elementor-element elementor-element-2487b30 elementor-section-boxed elementor-section-height-default elementor-section-height-default\" data-id=\"2487b30\" data-element_type=\"section\" data-e-type=\"section\">\n\t\t\t\t\t\t<div class=\"elementor-container elementor-column-gap-default\">\n\t\t\t\t\t<div class=\"elementor-column elementor-col-100 elementor-top-column elementor-element elementor-element-80edc62\" data-id=\"80edc62\" data-element_type=\"column\" data-e-type=\"column\">\n\t\t\t<div class=\"elementor-widget-wrap elementor-element-populated\">\n\t\t\t\t\t\t<div class=\"elementor-element elementor-element-fdec22b elementor-widget elementor-widget-heading\" data-id=\"fdec22b\" data-element_type=\"widget\" data-e-type=\"widget\" data-widget_type=\"heading.default\">\n\t\t\t\t<div class=\"elementor-widget-container\">\n\t\t\t\t\t<h4 class=\"elementor-heading-title elementor-size-default\">THE IMPORTANCE OF COMMUNICATION<\/h4>\t\t\t\t<\/div>\n\t\t\t\t<\/div>\n\t\t\t\t<div class=\"elementor-element elementor-element-4ce5a06 elementor-widget-divider--view-line elementor-widget elementor-widget-divider\" data-id=\"4ce5a06\" data-element_type=\"widget\" data-e-type=\"widget\" data-widget_type=\"divider.default\">\n\t\t\t\t<div class=\"elementor-widget-container\">\n\t\t\t\t\t\t\t<div class=\"elementor-divider\">\n\t\t\t<span class=\"elementor-divider-separator\">\n\t\t\t\t\t\t<\/span>\n\t\t<\/div>\n\t\t\t\t\t\t<\/div>\n\t\t\t\t<\/div>\n\t\t\t\t<div class=\"elementor-element elementor-element-939c404 elementor-widget elementor-widget-text-editor\" data-id=\"939c404\" data-element_type=\"widget\" data-e-type=\"widget\" data-widget_type=\"text-editor.default\">\n\t\t\t\t<div class=\"elementor-widget-container\">\n\t\t\t\t\t\t\t\t\t<p>Referring to the situation in Mali, where France is \"by amalgam\" the object of the rejection that strikes the local political class having failed to ensure the country's security, the President affirmed that he would not allow \"this situation to recur, where by a spiral of disempowerment and substitution, France becomes the ideal scapegoat\".<\/p><p>Without explicitly mentioning information warfare or Russian activities in Africa in this area, the Head of State also stated that France needed to communicate better within the framework of this new Franco-African partnership:<\/p><p>\"This transformation requires us to change the way we do things and the way we communicate about what we're doing, first and foremost by being more responsive, more visible and therefore more understandable. We have to take responsibility for our failures, but we also have to take greater responsibility for our successes.<\/p>\t\t\t\t\t\t\t\t<\/div>\n\t\t\t\t<\/div>\n\t\t\t\t\t<\/div>\n\t\t<\/div>\n\t\t\t\t\t<\/div>\n\t\t<\/section>\n\t\t\t\t<\/div>","protected":false},"excerpt":{"rendered":"<p>On the occasion of the 4th \"Africa on the move\" seminar, held this week at the \u00c9cole Militaire, and following a visit by the French President, we take a look at France's new strategic perspectives on the continent. <\/p>","protected":false},"author":7,"featured_media":36910,"comment_status":"closed","ping_status":"closed","sticky":false,"template":"","format":"standard","meta":{"footnotes":""},"categories":[171],"tags":[],"class_list":["post-36800","post","type-post","status-publish","format-standard","has-post-thumbnail","hentry","category-notre-selection"],"yoast_head":"<!-- This site is optimized with the Yoast SEO plugin v27.5 - https:\/\/yoast.com\/product\/yoast-seo-wordpress\/ -->\n<title>Afrique-France : vers un nouveau mod\u00e8le de partenariat militaire - L&#039;IHEDN : Institut des hautes \u00e9tudes de d\u00e9fense nationale<\/title>\n<meta name=\"description\" content=\"\u00c0 l\u2019occasion du 4e s\u00e9minaire \u201cL\u2019Afrique en mouvement\u201d, cette semaine \u00e0 l\u2019\u00c9cole militaire, et apr\u00e8s une visite du pr\u00e9sident de la R\u00e9publique, retour sur les nouvelles perspectives strat\u00e9giques fran\u00e7aises sur le continent.\" \/>\n<meta name=\"robots\" content=\"index, follow, max-snippet:-1, max-image-preview:large, max-video-preview:-1\" \/>\n<link rel=\"canonical\" href=\"https:\/\/ihedn.fr\/en\/notre-selection\/afrique-france-vers-un-nouveau-modele-de-partenariat-militaire\/\" \/>\n<meta property=\"og:locale\" content=\"en_GB\" \/>\n<meta property=\"og:type\" content=\"article\" \/>\n<meta property=\"og:title\" content=\"Afrique-France : vers un nouveau mod\u00e8le de partenariat militaire\" \/>\n<meta property=\"og:description\" content=\"\u00c0 l\u2019occasion du 4e s\u00e9minaire \u201cL\u2019Afrique en mouvement\u201d, cette semaine \u00e0 l\u2019\u00c9cole militaire, et apr\u00e8s une visite du pr\u00e9sident de la R\u00e9publique, retour sur les nouvelles perspectives strat\u00e9giques fran\u00e7aises sur le continent.\" \/>\n<meta property=\"og:url\" content=\"https:\/\/ihedn.fr\/en\/notre-selection\/afrique-france-vers-un-nouveau-modele-de-partenariat-militaire\/\" \/>\n<meta property=\"og:site_name\" content=\"L&#039;IHEDN : Institut des hautes \u00e9tudes de d\u00e9fense nationale\" \/>\n<meta property=\"article:publisher\" content=\"https:\/\/www.facebook.com\/ihedn\/\" \/>\n<meta property=\"article:published_time\" content=\"2023-03-22T07:40:40+00:00\" \/>\n<meta property=\"article:modified_time\" content=\"2023-03-22T16:09:47+00:00\" \/>\n<meta property=\"og:image\" content=\"https:\/\/ihedn.fr\/wp-content\/uploads\/2023\/03\/Afrique-France-2.jpg\" \/>\n\t<meta property=\"og:image:width\" content=\"1191\" \/>\n\t<meta property=\"og:image:height\" content=\"796\" \/>\n\t<meta property=\"og:image:type\" content=\"image\/jpeg\" \/>\n<meta name=\"author\" content=\"alexia\" \/>\n<meta name=\"twitter:card\" content=\"summary_large_image\" \/>\n<meta name=\"twitter:title\" content=\"Afrique-France : vers un nouveau mod\u00e8le de partenariat militaire\" \/>\n<meta name=\"twitter:description\" content=\"\u00c0 l\u2019occasion du 4e s\u00e9minaire \u201cL\u2019Afrique en mouvement\u201d, cette semaine \u00e0 l\u2019\u00c9cole militaire, et apr\u00e8s une visite du pr\u00e9sident de la R\u00e9publique, retour sur les nouvelles perspectives strat\u00e9giques fran\u00e7aises sur le continent.\" \/>\n<meta name=\"twitter:image\" content=\"https:\/\/ihedn.fr\/wp-content\/uploads\/2023\/03\/Afrique-France-2.jpg\" \/>\n<meta name=\"twitter:creator\" content=\"@IHEDN\" \/>\n<meta name=\"twitter:site\" content=\"@IHEDN\" \/>\n<meta name=\"twitter:label1\" content=\"Written by\" \/>\n\t<meta name=\"twitter:data1\" content=\"alexia\" \/>\n\t<meta name=\"twitter:label2\" content=\"Estimated reading time\" \/>\n\t<meta name=\"twitter:data2\" content=\"5 minutes\" \/>\n<script type=\"application\/ld+json\" class=\"yoast-schema-graph\">{\"@context\":\"https:\\\/\\\/schema.org\",\"@graph\":[{\"@type\":\"Article\",\"@id\":\"https:\\\/\\\/ihedn.fr\\\/notre-selection\\\/afrique-france-vers-un-nouveau-modele-de-partenariat-militaire\\\/#article\",\"isPartOf\":{\"@id\":\"https:\\\/\\\/ihedn.fr\\\/notre-selection\\\/afrique-france-vers-un-nouveau-modele-de-partenariat-militaire\\\/\"},\"author\":{\"name\":\"alexia\",\"@id\":\"https:\\\/\\\/ihedn.fr\\\/#\\\/schema\\\/person\\\/f5fdd32c2827287accbcbc33f74121b5\"},\"headline\":\"Afrique-France : vers un nouveau mod\u00e8le de partenariat militaire\",\"datePublished\":\"2023-03-22T07:40:40+00:00\",\"dateModified\":\"2023-03-22T16:09:47+00:00\",\"mainEntityOfPage\":{\"@id\":\"https:\\\/\\\/ihedn.fr\\\/notre-selection\\\/afrique-france-vers-un-nouveau-modele-de-partenariat-militaire\\\/\"},\"wordCount\":1045,\"publisher\":{\"@id\":\"https:\\\/\\\/ihedn.fr\\\/#organization\"},\"image\":{\"@id\":\"https:\\\/\\\/ihedn.fr\\\/notre-selection\\\/afrique-france-vers-un-nouveau-modele-de-partenariat-militaire\\\/#primaryimage\"},\"thumbnailUrl\":\"https:\\\/\\\/ihedn.fr\\\/wp-content\\\/uploads\\\/2023\\\/03\\\/Afrique-France-2.jpg\",\"articleSection\":[\"Notre s\u00e9lection\"],\"inLanguage\":\"en-GB\"},{\"@type\":\"WebPage\",\"@id\":\"https:\\\/\\\/ihedn.fr\\\/notre-selection\\\/afrique-france-vers-un-nouveau-modele-de-partenariat-militaire\\\/\",\"url\":\"https:\\\/\\\/ihedn.fr\\\/notre-selection\\\/afrique-france-vers-un-nouveau-modele-de-partenariat-militaire\\\/\",\"name\":\"Afrique-France : vers un nouveau mod\u00e8le de partenariat militaire - L&#039;IHEDN : Institut des hautes \u00e9tudes de d\u00e9fense nationale\",\"isPartOf\":{\"@id\":\"https:\\\/\\\/ihedn.fr\\\/#website\"},\"primaryImageOfPage\":{\"@id\":\"https:\\\/\\\/ihedn.fr\\\/notre-selection\\\/afrique-france-vers-un-nouveau-modele-de-partenariat-militaire\\\/#primaryimage\"},\"image\":{\"@id\":\"https:\\\/\\\/ihedn.fr\\\/notre-selection\\\/afrique-france-vers-un-nouveau-modele-de-partenariat-militaire\\\/#primaryimage\"},\"thumbnailUrl\":\"https:\\\/\\\/ihedn.fr\\\/wp-content\\\/uploads\\\/2023\\\/03\\\/Afrique-France-2.jpg\",\"datePublished\":\"2023-03-22T07:40:40+00:00\",\"dateModified\":\"2023-03-22T16:09:47+00:00\",\"description\":\"\u00c0 l\u2019occasion du 4e s\u00e9minaire \u201cL\u2019Afrique en mouvement\u201d, cette semaine \u00e0 l\u2019\u00c9cole militaire, et apr\u00e8s une visite du pr\u00e9sident de la R\u00e9publique, retour sur les nouvelles perspectives strat\u00e9giques fran\u00e7aises sur le continent.\",\"breadcrumb\":{\"@id\":\"https:\\\/\\\/ihedn.fr\\\/notre-selection\\\/afrique-france-vers-un-nouveau-modele-de-partenariat-militaire\\\/#breadcrumb\"},\"inLanguage\":\"en-GB\",\"potentialAction\":[{\"@type\":\"ReadAction\",\"target\":[\"https:\\\/\\\/ihedn.fr\\\/notre-selection\\\/afrique-france-vers-un-nouveau-modele-de-partenariat-militaire\\\/\"]}]},{\"@type\":\"ImageObject\",\"inLanguage\":\"en-GB\",\"@id\":\"https:\\\/\\\/ihedn.fr\\\/notre-selection\\\/afrique-france-vers-un-nouveau-modele-de-partenariat-militaire\\\/#primaryimage\",\"url\":\"https:\\\/\\\/ihedn.fr\\\/wp-content\\\/uploads\\\/2023\\\/03\\\/Afrique-France-2.jpg\",\"contentUrl\":\"https:\\\/\\\/ihedn.fr\\\/wp-content\\\/uploads\\\/2023\\\/03\\\/Afrique-France-2.jpg\",\"width\":1191,\"height\":796},{\"@type\":\"BreadcrumbList\",\"@id\":\"https:\\\/\\\/ihedn.fr\\\/notre-selection\\\/afrique-france-vers-un-nouveau-modele-de-partenariat-militaire\\\/#breadcrumb\",\"itemListElement\":[{\"@type\":\"ListItem\",\"position\":1,\"name\":\"Accueil\",\"item\":\"https:\\\/\\\/ihedn.fr\\\/\"},{\"@type\":\"ListItem\",\"position\":2,\"name\":\"Afrique-France : vers un nouveau mod\u00e8le de partenariat militaire\"}]},{\"@type\":\"WebSite\",\"@id\":\"https:\\\/\\\/ihedn.fr\\\/#website\",\"url\":\"https:\\\/\\\/ihedn.fr\\\/\",\"name\":\"IHEDN : Institut des hautes \u00e9tudes de d\u00e9fense nationale |\",\"description\":\"Site officiel de l&#039;IHEDN plac\u00e9 sous la tutelle du Premier ministre.\",\"publisher\":{\"@id\":\"https:\\\/\\\/ihedn.fr\\\/#organization\"},\"potentialAction\":[{\"@type\":\"SearchAction\",\"target\":{\"@type\":\"EntryPoint\",\"urlTemplate\":\"https:\\\/\\\/ihedn.fr\\\/?s={search_term_string}\"},\"query-input\":{\"@type\":\"PropertyValueSpecification\",\"valueRequired\":true,\"valueName\":\"search_term_string\"}}],\"inLanguage\":\"en-GB\"},{\"@type\":\"Organization\",\"@id\":\"https:\\\/\\\/ihedn.fr\\\/#organization\",\"name\":\"IHEDN - Institut des Hautes Etudes de D\u00e9fense Nationale\",\"url\":\"https:\\\/\\\/ihedn.fr\\\/\",\"logo\":{\"@type\":\"ImageObject\",\"inLanguage\":\"en-GB\",\"@id\":\"https:\\\/\\\/ihedn.fr\\\/#\\\/schema\\\/logo\\\/image\\\/\",\"url\":\"https:\\\/\\\/ihedn.fr\\\/wp-content\\\/uploads\\\/2020\\\/11\\\/BLOC_RF_IHEDN_WEB.png\",\"contentUrl\":\"https:\\\/\\\/ihedn.fr\\\/wp-content\\\/uploads\\\/2020\\\/11\\\/BLOC_RF_IHEDN_WEB.png\",\"width\":500,\"height\":237,\"caption\":\"IHEDN - Institut des Hautes Etudes de D\u00e9fense Nationale\"},\"image\":{\"@id\":\"https:\\\/\\\/ihedn.fr\\\/#\\\/schema\\\/logo\\\/image\\\/\"},\"sameAs\":[\"https:\\\/\\\/www.facebook.com\\\/ihedn\\\/\",\"https:\\\/\\\/x.com\\\/IHEDN\",\"https:\\\/\\\/www.instagram.com\\\/ihedn\\\/\",\"https:\\\/\\\/www.linkedin.com\\\/school\\\/ihedn\\\/\",\"https:\\\/\\\/fr.wikipedia.org\\\/wiki\\\/Institut_des_hautes_\u00e9tudes_de_D\u00e9fense_nationale\"]},{\"@type\":\"Person\",\"@id\":\"https:\\\/\\\/ihedn.fr\\\/#\\\/schema\\\/person\\\/f5fdd32c2827287accbcbc33f74121b5\",\"name\":\"alexia\",\"image\":{\"@type\":\"ImageObject\",\"inLanguage\":\"en-GB\",\"@id\":\"https:\\\/\\\/secure.gravatar.com\\\/avatar\\\/85eb8ccdb2990af9e1d5b99962700286b212c6b84c155ade95bbe0703f9c9001?s=96&d=mm&r=g\",\"url\":\"https:\\\/\\\/secure.gravatar.com\\\/avatar\\\/85eb8ccdb2990af9e1d5b99962700286b212c6b84c155ade95bbe0703f9c9001?s=96&d=mm&r=g\",\"contentUrl\":\"https:\\\/\\\/secure.gravatar.com\\\/avatar\\\/85eb8ccdb2990af9e1d5b99962700286b212c6b84c155ade95bbe0703f9c9001?s=96&d=mm&r=g\",\"caption\":\"alexia\"},\"url\":\"https:\\\/\\\/ihedn.fr\\\/en\\\/author\\\/alexia\\\/\"}]}<\/script>\n<!-- \/ Yoast SEO plugin. -->","yoast_head_json":{"title":"Africa-France: towards a new model of military partnership - L'IHEDN : Institut des hautes \u00e9tudes de d\u00e9fense nationale","description":"On the occasion of the 4th \"Africa on the move\" seminar, held this week at the \u00c9cole Militaire, and following a visit by the French President, we take a look at France's new strategic perspectives on the continent.","robots":{"index":"index","follow":"follow","max-snippet":"max-snippet:-1","max-image-preview":"max-image-preview:large","max-video-preview":"max-video-preview:-1"},"canonical":"https:\/\/ihedn.fr\/en\/notre-selection\/afrique-france-vers-un-nouveau-modele-de-partenariat-militaire\/","og_locale":"en_GB","og_type":"article","og_title":"Afrique-France : vers un nouveau mod\u00e8le de partenariat militaire","og_description":"\u00c0 l\u2019occasion du 4e s\u00e9minaire \u201cL\u2019Afrique en mouvement\u201d, cette semaine \u00e0 l\u2019\u00c9cole militaire, et apr\u00e8s une visite du pr\u00e9sident de la R\u00e9publique, retour sur les nouvelles perspectives strat\u00e9giques fran\u00e7aises sur le continent.","og_url":"https:\/\/ihedn.fr\/en\/notre-selection\/afrique-france-vers-un-nouveau-modele-de-partenariat-militaire\/","og_site_name":"L&#039;IHEDN : Institut des hautes \u00e9tudes de d\u00e9fense nationale","article_publisher":"https:\/\/www.facebook.com\/ihedn\/","article_published_time":"2023-03-22T07:40:40+00:00","article_modified_time":"2023-03-22T16:09:47+00:00","og_image":[{"width":1191,"height":796,"url":"https:\/\/ihedn.fr\/wp-content\/uploads\/2023\/03\/Afrique-France-2.jpg","type":"image\/jpeg"}],"author":"alexia","twitter_card":"summary_large_image","twitter_title":"Afrique-France : vers un nouveau mod\u00e8le de partenariat militaire","twitter_description":"\u00c0 l\u2019occasion du 4e s\u00e9minaire \u201cL\u2019Afrique en mouvement\u201d, cette semaine \u00e0 l\u2019\u00c9cole militaire, et apr\u00e8s une visite du pr\u00e9sident de la R\u00e9publique, retour sur les nouvelles perspectives strat\u00e9giques fran\u00e7aises sur le continent.","twitter_image":"https:\/\/ihedn.fr\/wp-content\/uploads\/2023\/03\/Afrique-France-2.jpg","twitter_creator":"@IHEDN","twitter_site":"@IHEDN","twitter_misc":{"Written by":"alexia","Estimated reading time":"5 minutes"},"schema":{"@context":"https:\/\/schema.org","@graph":[{"@type":"Article","@id":"https:\/\/ihedn.fr\/notre-selection\/afrique-france-vers-un-nouveau-modele-de-partenariat-militaire\/#article","isPartOf":{"@id":"https:\/\/ihedn.fr\/notre-selection\/afrique-france-vers-un-nouveau-modele-de-partenariat-militaire\/"},"author":{"name":"alexia","@id":"https:\/\/ihedn.fr\/#\/schema\/person\/f5fdd32c2827287accbcbc33f74121b5"},"headline":"Afrique-France : vers un nouveau mod\u00e8le de partenariat militaire","datePublished":"2023-03-22T07:40:40+00:00","dateModified":"2023-03-22T16:09:47+00:00","mainEntityOfPage":{"@id":"https:\/\/ihedn.fr\/notre-selection\/afrique-france-vers-un-nouveau-modele-de-partenariat-militaire\/"},"wordCount":1045,"publisher":{"@id":"https:\/\/ihedn.fr\/#organization"},"image":{"@id":"https:\/\/ihedn.fr\/notre-selection\/afrique-france-vers-un-nouveau-modele-de-partenariat-militaire\/#primaryimage"},"thumbnailUrl":"https:\/\/ihedn.fr\/wp-content\/uploads\/2023\/03\/Afrique-France-2.jpg","articleSection":["Notre s\u00e9lection"],"inLanguage":"en-GB"},{"@type":"WebPage","@id":"https:\/\/ihedn.fr\/notre-selection\/afrique-france-vers-un-nouveau-modele-de-partenariat-militaire\/","url":"https:\/\/ihedn.fr\/notre-selection\/afrique-france-vers-un-nouveau-modele-de-partenariat-militaire\/","name":"Africa-France: towards a new model of military partnership - L'IHEDN : Institut des hautes \u00e9tudes de d\u00e9fense nationale","isPartOf":{"@id":"https:\/\/ihedn.fr\/#website"},"primaryImageOfPage":{"@id":"https:\/\/ihedn.fr\/notre-selection\/afrique-france-vers-un-nouveau-modele-de-partenariat-militaire\/#primaryimage"},"image":{"@id":"https:\/\/ihedn.fr\/notre-selection\/afrique-france-vers-un-nouveau-modele-de-partenariat-militaire\/#primaryimage"},"thumbnailUrl":"https:\/\/ihedn.fr\/wp-content\/uploads\/2023\/03\/Afrique-France-2.jpg","datePublished":"2023-03-22T07:40:40+00:00","dateModified":"2023-03-22T16:09:47+00:00","description":"On the occasion of the 4th \"Africa on the move\" seminar, held this week at the \u00c9cole Militaire, and following a visit by the French President, we take a look at France's new strategic perspectives on the continent.","breadcrumb":{"@id":"https:\/\/ihedn.fr\/notre-selection\/afrique-france-vers-un-nouveau-modele-de-partenariat-militaire\/#breadcrumb"},"inLanguage":"en-GB","potentialAction":[{"@type":"ReadAction","target":["https:\/\/ihedn.fr\/notre-selection\/afrique-france-vers-un-nouveau-modele-de-partenariat-militaire\/"]}]},{"@type":"ImageObject","inLanguage":"en-GB","@id":"https:\/\/ihedn.fr\/notre-selection\/afrique-france-vers-un-nouveau-modele-de-partenariat-militaire\/#primaryimage","url":"https:\/\/ihedn.fr\/wp-content\/uploads\/2023\/03\/Afrique-France-2.jpg","contentUrl":"https:\/\/ihedn.fr\/wp-content\/uploads\/2023\/03\/Afrique-France-2.jpg","width":1191,"height":796},{"@type":"BreadcrumbList","@id":"https:\/\/ihedn.fr\/notre-selection\/afrique-france-vers-un-nouveau-modele-de-partenariat-militaire\/#breadcrumb","itemListElement":[{"@type":"ListItem","position":1,"name":"Accueil","item":"https:\/\/ihedn.fr\/"},{"@type":"ListItem","position":2,"name":"Afrique-France : vers un nouveau mod\u00e8le de partenariat militaire"}]},{"@type":"WebSite","@id":"https:\/\/ihedn.fr\/#website","url":"https:\/\/ihedn.fr\/","name":"IHEDN: Institut des hautes \u00e9tudes de d\u00e9fense nationale (Institute for Higher National Defence Studies)","description":"Official website of the IHEDN under the supervision of the Prime Minister.","publisher":{"@id":"https:\/\/ihedn.fr\/#organization"},"potentialAction":[{"@type":"SearchAction","target":{"@type":"EntryPoint","urlTemplate":"https:\/\/ihedn.fr\/?s={search_term_string}"},"query-input":{"@type":"PropertyValueSpecification","valueRequired":true,"valueName":"search_term_string"}}],"inLanguage":"en-GB"},{"@type":"Organization","@id":"https:\/\/ihedn.fr\/#organization","name":"IHEDN - Institute for Higher National Defence Studies","url":"https:\/\/ihedn.fr\/","logo":{"@type":"ImageObject","inLanguage":"en-GB","@id":"https:\/\/ihedn.fr\/#\/schema\/logo\/image\/","url":"https:\/\/ihedn.fr\/wp-content\/uploads\/2020\/11\/BLOC_RF_IHEDN_WEB.png","contentUrl":"https:\/\/ihedn.fr\/wp-content\/uploads\/2020\/11\/BLOC_RF_IHEDN_WEB.png","width":500,"height":237,"caption":"IHEDN - Institut des Hautes Etudes de D\u00e9fense Nationale"},"image":{"@id":"https:\/\/ihedn.fr\/#\/schema\/logo\/image\/"},"sameAs":["https:\/\/www.facebook.com\/ihedn\/","https:\/\/x.com\/IHEDN","https:\/\/www.instagram.com\/ihedn\/","https:\/\/www.linkedin.com\/school\/ihedn\/","https:\/\/fr.wikipedia.org\/wiki\/Institut_des_hautes_\u00e9tudes_de_D\u00e9fense_nationale"]},{"@type":"Person","@id":"https:\/\/ihedn.fr\/#\/schema\/person\/f5fdd32c2827287accbcbc33f74121b5","name":"alexia","image":{"@type":"ImageObject","inLanguage":"en-GB","@id":"https:\/\/secure.gravatar.com\/avatar\/85eb8ccdb2990af9e1d5b99962700286b212c6b84c155ade95bbe0703f9c9001?s=96&d=mm&r=g","url":"https:\/\/secure.gravatar.com\/avatar\/85eb8ccdb2990af9e1d5b99962700286b212c6b84c155ade95bbe0703f9c9001?s=96&d=mm&r=g","contentUrl":"https:\/\/secure.gravatar.com\/avatar\/85eb8ccdb2990af9e1d5b99962700286b212c6b84c155ade95bbe0703f9c9001?s=96&d=mm&r=g","caption":"alexia"},"url":"https:\/\/ihedn.fr\/en\/author\/alexia\/"}]}},"publishpress_future_action":{"enabled":false,"date":"2026-05-06 08:57:19","action":"change-status","newStatus":"draft","terms":[],"taxonomy":"category","extraData":[]},"publishpress_future_workflow_manual_trigger":{"enabledWorkflows":[]},"_links":{"self":[{"href":"https:\/\/ihedn.fr\/en\/wp-json\/wp\/v2\/posts\/36800","targetHints":{"allow":["GET"]}}],"collection":[{"href":"https:\/\/ihedn.fr\/en\/wp-json\/wp\/v2\/posts"}],"about":[{"href":"https:\/\/ihedn.fr\/en\/wp-json\/wp\/v2\/types\/post"}],"author":[{"embeddable":true,"href":"https:\/\/ihedn.fr\/en\/wp-json\/wp\/v2\/users\/7"}],"replies":[{"embeddable":true,"href":"https:\/\/ihedn.fr\/en\/wp-json\/wp\/v2\/comments?post=36800"}],"version-history":[{"count":22,"href":"https:\/\/ihedn.fr\/en\/wp-json\/wp\/v2\/posts\/36800\/revisions"}],"predecessor-version":[{"id":36968,"href":"https:\/\/ihedn.fr\/en\/wp-json\/wp\/v2\/posts\/36800\/revisions\/36968"}],"wp:featuredmedia":[{"embeddable":true,"href":"https:\/\/ihedn.fr\/en\/wp-json\/wp\/v2\/media\/36910"}],"wp:attachment":[{"href":"https:\/\/ihedn.fr\/en\/wp-json\/wp\/v2\/media?parent=36800"}],"wp:term":[{"taxonomy":"category","embeddable":true,"href":"https:\/\/ihedn.fr\/en\/wp-json\/wp\/v2\/categories?post=36800"},{"taxonomy":"post_tag","embeddable":true,"href":"https:\/\/ihedn.fr\/en\/wp-json\/wp\/v2\/tags?post=36800"}],"curies":[{"name":"wp","href":"https:\/\/api.w.org\/{rel}","templated":true}]}}