{"id":37478,"date":"2023-03-30T08:28:14","date_gmt":"2023-03-30T07:28:14","guid":{"rendered":"https:\/\/ihedn.fr\/?p=37478"},"modified":"2023-06-30T13:24:46","modified_gmt":"2023-06-30T12:24:46","slug":"leurope-de-la-defense-enfin-sur-les-rails","status":"publish","type":"post","link":"https:\/\/ihedn.fr\/en\/notre-selection\/leurope-de-la-defense-enfin-sur-les-rails\/","title":{"rendered":"European defence finally on track"},"content":{"rendered":"<div data-elementor-type=\"wp-post\" data-elementor-id=\"37478\" class=\"elementor elementor-37478\" data-elementor-post-type=\"post\">\n\t\t\t\t\t\t<section data-particle_enable=\"false\" data-particle-mobile-disabled=\"false\" class=\"elementor-section elementor-top-section elementor-element elementor-element-9aff6a4 elementor-section-boxed elementor-section-height-default elementor-section-height-default\" data-id=\"9aff6a4\" data-element_type=\"section\" data-e-type=\"section\">\n\t\t\t\t\t\t<div class=\"elementor-container elementor-column-gap-default\">\n\t\t\t\t\t<div class=\"elementor-column elementor-col-100 elementor-top-column elementor-element elementor-element-a0f1165\" data-id=\"a0f1165\" data-element_type=\"column\" data-e-type=\"column\">\n\t\t\t<div class=\"elementor-widget-wrap elementor-element-populated\">\n\t\t\t\t\t\t<div class=\"elementor-element elementor-element-24e0611 elementor-widget elementor-widget-heading\" data-id=\"24e0611\" data-element_type=\"widget\" data-e-type=\"widget\" data-widget_type=\"heading.default\">\n\t\t\t\t<div class=\"elementor-widget-container\">\n\t\t\t\t\t<h4 class=\"elementor-heading-title elementor-size-default\">1945-2016: A LONG AND DIFFICULT GESTATION PERIOD<\/h4>\t\t\t\t<\/div>\n\t\t\t\t<\/div>\n\t\t\t\t<div class=\"elementor-element elementor-element-a5fbcc1 elementor-widget-divider--view-line elementor-widget elementor-widget-divider\" data-id=\"a5fbcc1\" data-element_type=\"widget\" data-e-type=\"widget\" data-widget_type=\"divider.default\">\n\t\t\t\t<div class=\"elementor-widget-container\">\n\t\t\t\t\t\t\t<div class=\"elementor-divider\">\n\t\t\t<span class=\"elementor-divider-separator\">\n\t\t\t\t\t\t<\/span>\n\t\t<\/div>\n\t\t\t\t\t\t<\/div>\n\t\t\t\t<\/div>\n\t\t\t\t<div class=\"elementor-element elementor-element-01f3b3b elementor-widget elementor-widget-text-editor\" data-id=\"01f3b3b\" data-element_type=\"widget\" data-e-type=\"widget\" data-widget_type=\"text-editor.default\">\n\t\t\t\t<div class=\"elementor-widget-container\">\n\t\t\t\t\t\t\t\t\t<p>Following in the footsteps of other areas of cooperation on the continent, after economic union, the construction of European defence was born out of the rubble of the Second World War.<\/p><p><strong>1945-2000: AWARENESS OF THE NEED FOR EUROPEAN DEFENCE<\/strong><\/p><p>At the time, the stakes were twofold: to avoid a return to the wars between Germany and France, and to protect against the Soviet threat. As Stalin's reign intensified the Soviet threat, Western Europe understood the need to rearm the Federal Republic of Germany, which was on the front line against Moscow and its satellites.<\/p><p>This was the European Defence Community (EDC) project, championed by French Foreign Minister Robert Schuman until the Treaty of Paris signed in May 1952 by six countries. It was never ratified, as the death of Stalin the following year eased geopolitical tension, as did the armistice in Korea and the French withdrawal from Indochina in 1954. And until the fall of the Berlin Wall, it was NATO, created in 1949, which ensured the collective defence of Western Europe.<\/p><p>At the beginning of the 1990s, the USSR no longer existed and the European Economic Community (EEC) had become the largest customs union in the world. Signed by the 12 Member States in 1992, the Maastricht Treaty included a section giving Europe a diplomatic and strategic capacity: the Common Foreign and Security Policy (CFSP). While the ambition of European diplomacy is shared by all, the military dimension is merely mentioned as a possible, if not desirable, next step.<\/p><p>On 22 May 1992, at the 59th Franco-German summit in La Rochelle, President Mitterrand and Chancellor Kohl created the Eurocorps, the first European army corps under the aegis of NATO. This last point prevented the emergence of an autonomous European capability, until the United Kingdom reversed its position at the end of 1998.<\/p><p><strong>2001-2016: TOWARDS STRATEGIC AUTONOMY<\/strong><\/p><p>In 2001, just as September 11 ushered the world into a new era, the Common European Security and Defence Policy (CSDP) was added to the CFSP, with appropriate institutional tools, notably the EU Military Committee and the EU Military Staff. As a result, the Union can now deploy peacekeeping or peacemaking missions around the world, or train foreign armies: EUROF Concordia in Macedonia, Artemis in the Democratic Republic of Congo, Somalia, the Central African Republic, Mali, etc.<\/p><p>The European Defence Agency (EDA) was created in 2004. Javier Solana, the EU's High Representative for the Common Foreign and Security Policy (1999-2009), made it clear: \"Whether we like it or not, the European Union is a global player. It must be prepared to share responsibility for security in the world\". In 2007, the Treaty of Lisbon established the European External Action Service (EEAS), responsible for managing the EU's civilian and military crisis response capabilities. Article 42.7 establishes a mutual defence mechanism in the event of aggression by one of the Member States on its territory.<\/p><p>Gradually, the deterioration of the geopolitical context (Arab springs in 2011, wars in Syria, Iraq, Libya, then Crimea, Daech attacks in Europe), and the gradual disengagement of the United States are encouraging the development of European strategic autonomy.<\/p>\t\t\t\t\t\t\t\t<\/div>\n\t\t\t\t<\/div>\n\t\t\t\t\t<\/div>\n\t\t<\/div>\n\t\t\t\t\t<\/div>\n\t\t<\/section>\n\t\t\t\t<section data-particle_enable=\"false\" data-particle-mobile-disabled=\"false\" class=\"elementor-section elementor-top-section elementor-element elementor-element-74c0816 elementor-section-boxed elementor-section-height-default elementor-section-height-default\" data-id=\"74c0816\" data-element_type=\"section\" data-e-type=\"section\">\n\t\t\t\t\t\t<div class=\"elementor-container elementor-column-gap-default\">\n\t\t\t\t\t<div class=\"elementor-column elementor-col-100 elementor-top-column elementor-element elementor-element-201570d\" data-id=\"201570d\" data-element_type=\"column\" data-e-type=\"column\">\n\t\t\t<div class=\"elementor-widget-wrap elementor-element-populated\">\n\t\t\t\t\t\t<div class=\"elementor-element elementor-element-f954ac7 elementor-widget elementor-widget-heading\" data-id=\"f954ac7\" data-element_type=\"widget\" data-e-type=\"widget\" data-widget_type=\"heading.default\">\n\t\t\t\t<div class=\"elementor-widget-container\">\n\t\t\t\t\t<h4 class=\"elementor-heading-title elementor-size-default\">SINCE 2016: EUROPEAN DEFENCE FUND AND STRATEGIC COMPASS<\/h4>\t\t\t\t<\/div>\n\t\t\t\t<\/div>\n\t\t\t\t<div class=\"elementor-element elementor-element-7754195 elementor-widget-divider--view-line elementor-widget elementor-widget-divider\" data-id=\"7754195\" data-element_type=\"widget\" data-e-type=\"widget\" data-widget_type=\"divider.default\">\n\t\t\t\t<div class=\"elementor-widget-container\">\n\t\t\t\t\t\t\t<div class=\"elementor-divider\">\n\t\t\t<span class=\"elementor-divider-separator\">\n\t\t\t\t\t\t<\/span>\n\t\t<\/div>\n\t\t\t\t\t\t<\/div>\n\t\t\t\t<\/div>\n\t\t\t\t<div class=\"elementor-element elementor-element-51314a9 elementor-widget elementor-widget-text-editor\" data-id=\"51314a9\" data-element_type=\"widget\" data-e-type=\"widget\" data-widget_type=\"text-editor.default\">\n\t\t\t\t<div class=\"elementor-widget-container\">\n\t\t\t\t\t\t\t\t\t<p>Just after the Brexit, on 28 June 2016, the European Council adopted the European Union's Global Strategy on Foreign and Security Policy. <a href=\"https:\/\/www.defense.gouv.fr\/actualites\/episode-4-20162022-autonomie-strategique-europeenne\">(EHUMS)<\/a>. The document defines the EU's strategic priorities and defence requirements in the new context, and stresses the notion of strategic autonomy, so that the European Union is not content to be a \"soft power\", but a complete power, capable of autonomy and freedom of action.<\/p><p><strong>ADVANCES IN THE COMMON SECURITY AND DEFENCE POLICY<\/strong><\/p><p>\"Strategic autonomy is first and foremost developed on a sectoral basis, starting with the defence industry\", <a href=\"https:\/\/www.defense.gouv.fr\/actualites\/pierre-haroche-leurope-defense-avance-lorsque-survient-crise\">explains Pierre Haroche<\/a>a researcher in European security at the Institut de Recherche Strat\u00e9gique de l'\u00c9cole Militaire (IRSEM). \"We must avoid total dependence on a player who has the capacity to bring Europe to its knees if it decides to turn off the tap. That player could be Russia, China, or even to some extent the United States. If the policy of one of these players were to change, the EU's strategic autonomy would provide for alternatives through other partnerships, its own capabilities and various solutions\".<\/p><p>The European Council on 14 and 15 December 2017 celebrated the official birth of Permanent Structured Cooperation (PSC) and the European Defence Fund (EDF). The former aims to bring together a \"hard core\" of States around inclusive and ambitious projects, as a complement to joint actions. The countries that join undertake to regularly increase their defence budgets and investment in research.<\/p><p>The EDF aims to facilitate the financing of this enhanced cooperation. For the first time, the European budget will support the defence industry through the co-financing of research and development projects and the joint procurement of equipment. The European Parliament has agreed to an exceptional budget of \u20ac7.9 billion for the period 2021-2027.<\/p><p><strong>THE STRATEGIC COMPASS, WHITE PAPER ON EUROPEAN DEFENCE<\/strong><\/p><p>The war in Ukraine will give Europe the opportunity to put these tools, and the notion of strategic autonomy, to the test. The Strategic Compass, the first White Paper on European defence, has been developed since 2020 through 52 colloquia and seminars to gather contributions from Member States, <a href=\"https:\/\/www.defense.gouv.fr\/actualites\/europe-defense-boussole-strategique-adoptee\">is adopted<\/a> at the European Council on 24 March 2022, one month after the Russian invasion.<\/p><p>A roadmap for the next ten years, the compass sets out concrete actions to be taken, including a mechanism to monitor implementation and clear milestones in four key areas: operations (\"Act\"), resilience (\"Ensure Security\"), defence investment (\"Invest\"), and partnerships (\"Work in Partnership\"). It stresses that Russia's actions make it a direct and long-term threat to Europe's security. It also points out that China is both a partner in certain areas of cooperation and an economic competitor and systemic rival for Europeans.<\/p><p>The EU is thus taking a new step forward in its defence and security policy, in order to face up to the competition between powers, to the persistence of crises in its neighbourhood and to act wherever its action is required: seas and oceans, airspace, exo-atmospheric space, cyberspace and information space. In concrete terms, the Member States <a href=\"https:\/\/france.representation.ec.europa.eu\/informations\/leurope-de-la-defense-ca-navance-pas-vraiment-2022-07-25_fr\">are committed<\/a> \"to develop an EU rapid deployment capability of 5,000 troops to respond to different types of crisis\".<\/p>\t\t\t\t\t\t\t\t<\/div>\n\t\t\t\t<\/div>\n\t\t\t\t\t<\/div>\n\t\t<\/div>\n\t\t\t\t\t<\/div>\n\t\t<\/section>\n\t\t\t\t<section data-particle_enable=\"false\" data-particle-mobile-disabled=\"false\" class=\"elementor-section elementor-top-section elementor-element elementor-element-d90436c elementor-section-boxed elementor-section-height-default elementor-section-height-default\" data-id=\"d90436c\" data-element_type=\"section\" data-e-type=\"section\">\n\t\t\t\t\t\t<div class=\"elementor-container elementor-column-gap-default\">\n\t\t\t\t\t<div class=\"elementor-column elementor-col-100 elementor-top-column elementor-element elementor-element-a1f3cb7\" data-id=\"a1f3cb7\" data-element_type=\"column\" data-e-type=\"column\">\n\t\t\t<div class=\"elementor-widget-wrap elementor-element-populated\">\n\t\t\t\t\t\t<div class=\"elementor-element elementor-element-24a2bdf elementor-widget elementor-widget-heading\" data-id=\"24a2bdf\" data-element_type=\"widget\" data-e-type=\"widget\" data-widget_type=\"heading.default\">\n\t\t\t\t<div class=\"elementor-widget-container\">\n\t\t\t\t\t<h4 class=\"elementor-heading-title elementor-size-default\">the european union's maritime challenges<\/h4>\t\t\t\t<\/div>\n\t\t\t\t<\/div>\n\t\t\t\t<div class=\"elementor-element elementor-element-425550e elementor-widget-divider--view-line elementor-widget elementor-widget-divider\" data-id=\"425550e\" data-element_type=\"widget\" data-e-type=\"widget\" data-widget_type=\"divider.default\">\n\t\t\t\t<div class=\"elementor-widget-container\">\n\t\t\t\t\t\t\t<div class=\"elementor-divider\">\n\t\t\t<span class=\"elementor-divider-separator\">\n\t\t\t\t\t\t<\/span>\n\t\t<\/div>\n\t\t\t\t\t\t<\/div>\n\t\t\t\t<\/div>\n\t\t\t\t<div class=\"elementor-element elementor-element-210bce1 elementor-widget elementor-widget-text-editor\" data-id=\"210bce1\" data-element_type=\"widget\" data-e-type=\"widget\" data-widget_type=\"text-editor.default\">\n\t\t\t\t<div class=\"elementor-widget-container\">\n\t\t\t\t\t\t\t\t\t<p>Seas and oceans count for a lot more than we might think if we confine ourselves to a purely continental vision of the EU. From 27 to 29 March, thanks to the contributions of numerous players and experts in the sector, the students in the \"Maritime issues and strategies\" major at the IHEDN national session reflected on the major issues of \"The European Union and maritime issues\".<\/p><p><strong>A MARITIME POWER THAT IGNORES ITSELF<\/strong><\/p><p>The educational pack prepared for them by the IHEDN stresses that \"with 22 out of 27 States bordering an ocean and six seas (the Mediterranean, the English Channel, the Baltic, the Black, Irish and North Seas), and shores three times as extensive as those of the United States, the EU is the world's leading maritime economic power\". According to the European Commission, the maritime economy generates added value of \u20ac500 billion a year and 5.4 million jobs. 40 % of the EU's GDP and 40 % of its population come from its maritime regions, through which 40 % of its internal trade passes. With a commercial fleet representing 40 % of the total fleet, the EU has 1,200 commercial ports through which 3 billion tonnes of goods and 350 million passengers pass every year.<\/p><p>Behind the crucial economic, human and environmental issues, such as fisheries, migration and natural maritime and coastal problems, the strategic dimension of Europe's maritime space has also had to wait a long time for real political consideration: the first \"Integrated Maritime Policy (IMP) for the EU\" dates from 2007, and includes the maritime safety dimension among many others (fisheries, research, information systems, energy, etc.). In 2014, a framework directive for maritime spatial planning was adopted. However, despite the importance of the issues at stake and the many challenges facing the marine world, there is currently no body responsible for taking a global vision into account.<\/p><p><strong>THE EU MARITIME SECURITY STRATEGY<\/strong><\/p><p>Adopted in 2014 and revised in 2018, the EU Maritime Security Strategy (EUMS) aims to <a href=\"https:\/\/www.defense.gouv.fr\/sites\/default\/files\/cesm\/EM-EU-FR-min.pdf\">a note<\/a> of the Centre d'\u00e9tudes strat\u00e9giques de la Marine in June 2022, to affirm \"Europe's ambition to become a global provider of maritime security\". It follows on from the first European naval military operation, Atalanta, launched in 2008 under the CSDP off the coast of Somalia to protect World Food Programme (WFP) vessels from pirate attacks, and extended for the last time until December 2024 with broader missions and scope (UN arms embargo in Somalia, fight against the Chababs, etc.).<\/p><p>Another prerequisite for the EUMS: from 2013 to 2016, the EU carried out the CRIMGO project in the Gulf of Guinea (<em>Critical Maritime Routes Gulf of Guinea<\/em>) to combat piracy, in particular by training the armies of coastal states. The GoGIN (<em>Gulf of Guinea Interregional Network<\/em>) succeeded it in 2016, and GoGIN+ underlines the EU's \"maritime security provider\" aspect. The latter is exclusively dedicated to the EU's Information Exchange System. <a href=\"https:\/\/icc-gog.org\/?page_id=1689&amp;lang=fr\">Architecture in Yaound\u00e9<\/a> for maritime safety. On Europe's shores, a strategy for the Mediterranean has been announced for the coming years.<\/p><p>The EUMS therefore aims to strengthen and systematise Europe's capacity to deploy in maritime areas by focusing on a number of key areas:<\/p><ul><li>external action, via the CFSP and its military and civilian operational strands, the CSDP, EU policies and strategies such as those on the Gulf of Guinea and, soon, the Mediterranean;<\/li><li>Enhancing situational awareness, maritime surveillance and information-sharing capabilities;<\/li><li>the development of EU and Member State capabilities;<\/li><li>mutual risk management and protection of critical maritime infrastructures ;<\/li><li>strengthening research and development, particularly technological research;<\/li><li>a logic of synergy between NATO and the EU in defence planning, based on complementarity and interoperability, despite the heterogeneous position of the Member States of the two organisations.<\/li><\/ul>\t\t\t\t\t\t\t\t<\/div>\n\t\t\t\t<\/div>\n\t\t\t\t\t<\/div>\n\t\t<\/div>\n\t\t\t\t\t<\/div>\n\t\t<\/section>\n\t\t\t\t<\/div>","protected":false},"excerpt":{"rendered":"<p>After long decades of construction, recent years have seen the Union's defence and security policy get off the ground in a number of areas, notably on the maritime front, which IHEDN auditors are studying this week.<\/p>","protected":false},"author":7,"featured_media":37597,"comment_status":"closed","ping_status":"closed","sticky":false,"template":"","format":"standard","meta":{"footnotes":""},"categories":[171,209],"tags":[],"class_list":["post-37478","post","type-post","status-publish","format-standard","has-post-thumbnail","hentry","category-notre-selection","category-securite-internationale"],"yoast_head":"<!-- This site is optimized with the Yoast SEO plugin v27.5 - https:\/\/yoast.com\/product\/yoast-seo-wordpress\/ -->\n<title>L\u2019Europe de la d\u00e9fense enfin sur les rails - L&#039;IHEDN : Institut des hautes \u00e9tudes de d\u00e9fense nationale<\/title>\n<meta name=\"description\" content=\"Apr\u00e8s de longues d\u00e9cennies de construction, ces derni\u00e8res ann\u00e9es ont vu la politique de d\u00e9fense et de s\u00e9curit\u00e9 de l\u2019Union d\u00e9marrer concr\u00e8tement, dans plusieurs domaines, notamment sur le front maritime, qu\u2019\u00e9tudient cette semaine les auditeurs de l\u2019IHEDN.\" \/>\n<meta name=\"robots\" content=\"index, follow, max-snippet:-1, max-image-preview:large, max-video-preview:-1\" \/>\n<link rel=\"canonical\" href=\"https:\/\/ihedn.fr\/en\/notre-selection\/leurope-de-la-defense-enfin-sur-les-rails\/\" \/>\n<meta property=\"og:locale\" content=\"en_GB\" \/>\n<meta property=\"og:type\" content=\"article\" \/>\n<meta property=\"og:title\" content=\"L\u2019Europe de la d\u00e9fense enfin sur les rails\" \/>\n<meta property=\"og:description\" content=\"Apr\u00e8s de longues d\u00e9cennies de construction, ces derni\u00e8res ann\u00e9es ont vu la politique de d\u00e9fense et de s\u00e9curit\u00e9 de l\u2019Union d\u00e9marrer concr\u00e8tement, dans plusieurs domaines, notamment sur le front maritime, qu\u2019\u00e9tudient cette semaine les auditeurs de l\u2019IHEDN.\" \/>\n<meta property=\"og:url\" content=\"https:\/\/ihedn.fr\/en\/notre-selection\/leurope-de-la-defense-enfin-sur-les-rails\/\" \/>\n<meta property=\"og:site_name\" content=\"L&#039;IHEDN : Institut des hautes \u00e9tudes de d\u00e9fense nationale\" \/>\n<meta property=\"article:publisher\" content=\"https:\/\/www.facebook.com\/ihedn\/\" \/>\n<meta property=\"article:published_time\" content=\"2023-03-30T07:28:14+00:00\" \/>\n<meta property=\"article:modified_time\" content=\"2023-06-30T12:24:46+00:00\" \/>\n<meta property=\"og:image\" content=\"https:\/\/ihedn.fr\/wp-content\/uploads\/2023\/03\/EUROPE_DE_DEFENSE3.jpg\" \/>\n\t<meta property=\"og:image:width\" content=\"2133\" \/>\n\t<meta property=\"og:image:height\" content=\"1200\" \/>\n\t<meta property=\"og:image:type\" content=\"image\/jpeg\" \/>\n<meta name=\"author\" content=\"alexia\" \/>\n<meta name=\"twitter:card\" content=\"summary_large_image\" \/>\n<meta name=\"twitter:title\" content=\"L\u2019Europe de la d\u00e9fense enfin sur les rails\" \/>\n<meta name=\"twitter:description\" content=\"Apr\u00e8s de longues d\u00e9cennies de construction, ces derni\u00e8res ann\u00e9es ont vu la politique de d\u00e9fense et de s\u00e9curit\u00e9 de l\u2019Union d\u00e9marrer concr\u00e8tement, dans plusieurs domaines, notamment sur le front maritime, qu\u2019\u00e9tudient cette semaine les auditeurs de l\u2019IHEDN.\" \/>\n<meta name=\"twitter:image\" content=\"https:\/\/ihedn.fr\/wp-content\/uploads\/2023\/03\/EUROPE_DE_DEFENSE3.jpg\" \/>\n<meta name=\"twitter:creator\" content=\"@IHEDN\" \/>\n<meta name=\"twitter:site\" content=\"@IHEDN\" \/>\n<meta name=\"twitter:label1\" content=\"Written by\" \/>\n\t<meta name=\"twitter:data1\" content=\"alexia\" \/>\n\t<meta name=\"twitter:label2\" content=\"Estimated reading time\" \/>\n\t<meta name=\"twitter:data2\" content=\"9 minutes\" \/>\n<script type=\"application\/ld+json\" class=\"yoast-schema-graph\">{\"@context\":\"https:\\\/\\\/schema.org\",\"@graph\":[{\"@type\":\"Article\",\"@id\":\"https:\\\/\\\/ihedn.fr\\\/notre-selection\\\/leurope-de-la-defense-enfin-sur-les-rails\\\/#article\",\"isPartOf\":{\"@id\":\"https:\\\/\\\/ihedn.fr\\\/notre-selection\\\/leurope-de-la-defense-enfin-sur-les-rails\\\/\"},\"author\":{\"name\":\"alexia\",\"@id\":\"https:\\\/\\\/ihedn.fr\\\/#\\\/schema\\\/person\\\/f5fdd32c2827287accbcbc33f74121b5\"},\"headline\":\"L\u2019Europe de la d\u00e9fense enfin sur les rails\",\"datePublished\":\"2023-03-30T07:28:14+00:00\",\"dateModified\":\"2023-06-30T12:24:46+00:00\",\"mainEntityOfPage\":{\"@id\":\"https:\\\/\\\/ihedn.fr\\\/notre-selection\\\/leurope-de-la-defense-enfin-sur-les-rails\\\/\"},\"wordCount\":2058,\"publisher\":{\"@id\":\"https:\\\/\\\/ihedn.fr\\\/#organization\"},\"image\":{\"@id\":\"https:\\\/\\\/ihedn.fr\\\/notre-selection\\\/leurope-de-la-defense-enfin-sur-les-rails\\\/#primaryimage\"},\"thumbnailUrl\":\"https:\\\/\\\/ihedn.fr\\\/wp-content\\\/uploads\\\/2023\\\/03\\\/EUROPE_DE_DEFENSE3.jpg\",\"articleSection\":[\"Notre s\u00e9lection\",\"s\u00e9curit\u00e9 internationale\"],\"inLanguage\":\"en-GB\"},{\"@type\":\"WebPage\",\"@id\":\"https:\\\/\\\/ihedn.fr\\\/notre-selection\\\/leurope-de-la-defense-enfin-sur-les-rails\\\/\",\"url\":\"https:\\\/\\\/ihedn.fr\\\/notre-selection\\\/leurope-de-la-defense-enfin-sur-les-rails\\\/\",\"name\":\"L\u2019Europe de la d\u00e9fense enfin sur les rails - L&#039;IHEDN : Institut des hautes \u00e9tudes de d\u00e9fense nationale\",\"isPartOf\":{\"@id\":\"https:\\\/\\\/ihedn.fr\\\/#website\"},\"primaryImageOfPage\":{\"@id\":\"https:\\\/\\\/ihedn.fr\\\/notre-selection\\\/leurope-de-la-defense-enfin-sur-les-rails\\\/#primaryimage\"},\"image\":{\"@id\":\"https:\\\/\\\/ihedn.fr\\\/notre-selection\\\/leurope-de-la-defense-enfin-sur-les-rails\\\/#primaryimage\"},\"thumbnailUrl\":\"https:\\\/\\\/ihedn.fr\\\/wp-content\\\/uploads\\\/2023\\\/03\\\/EUROPE_DE_DEFENSE3.jpg\",\"datePublished\":\"2023-03-30T07:28:14+00:00\",\"dateModified\":\"2023-06-30T12:24:46+00:00\",\"description\":\"Apr\u00e8s de longues d\u00e9cennies de construction, ces derni\u00e8res ann\u00e9es ont vu la politique de d\u00e9fense et de s\u00e9curit\u00e9 de l\u2019Union d\u00e9marrer concr\u00e8tement, dans plusieurs domaines, notamment sur le front maritime, qu\u2019\u00e9tudient cette semaine les auditeurs de l\u2019IHEDN.\",\"breadcrumb\":{\"@id\":\"https:\\\/\\\/ihedn.fr\\\/notre-selection\\\/leurope-de-la-defense-enfin-sur-les-rails\\\/#breadcrumb\"},\"inLanguage\":\"en-GB\",\"potentialAction\":[{\"@type\":\"ReadAction\",\"target\":[\"https:\\\/\\\/ihedn.fr\\\/notre-selection\\\/leurope-de-la-defense-enfin-sur-les-rails\\\/\"]}]},{\"@type\":\"ImageObject\",\"inLanguage\":\"en-GB\",\"@id\":\"https:\\\/\\\/ihedn.fr\\\/notre-selection\\\/leurope-de-la-defense-enfin-sur-les-rails\\\/#primaryimage\",\"url\":\"https:\\\/\\\/ihedn.fr\\\/wp-content\\\/uploads\\\/2023\\\/03\\\/EUROPE_DE_DEFENSE3.jpg\",\"contentUrl\":\"https:\\\/\\\/ihedn.fr\\\/wp-content\\\/uploads\\\/2023\\\/03\\\/EUROPE_DE_DEFENSE3.jpg\",\"width\":2133,\"height\":1200},{\"@type\":\"BreadcrumbList\",\"@id\":\"https:\\\/\\\/ihedn.fr\\\/notre-selection\\\/leurope-de-la-defense-enfin-sur-les-rails\\\/#breadcrumb\",\"itemListElement\":[{\"@type\":\"ListItem\",\"position\":1,\"name\":\"Accueil\",\"item\":\"https:\\\/\\\/ihedn.fr\\\/\"},{\"@type\":\"ListItem\",\"position\":2,\"name\":\"L\u2019Europe de la d\u00e9fense enfin sur les rails\"}]},{\"@type\":\"WebSite\",\"@id\":\"https:\\\/\\\/ihedn.fr\\\/#website\",\"url\":\"https:\\\/\\\/ihedn.fr\\\/\",\"name\":\"IHEDN : Institut des hautes \u00e9tudes de d\u00e9fense nationale |\",\"description\":\"Site officiel de l&#039;IHEDN plac\u00e9 sous la tutelle du Premier ministre.\",\"publisher\":{\"@id\":\"https:\\\/\\\/ihedn.fr\\\/#organization\"},\"potentialAction\":[{\"@type\":\"SearchAction\",\"target\":{\"@type\":\"EntryPoint\",\"urlTemplate\":\"https:\\\/\\\/ihedn.fr\\\/?s={search_term_string}\"},\"query-input\":{\"@type\":\"PropertyValueSpecification\",\"valueRequired\":true,\"valueName\":\"search_term_string\"}}],\"inLanguage\":\"en-GB\"},{\"@type\":\"Organization\",\"@id\":\"https:\\\/\\\/ihedn.fr\\\/#organization\",\"name\":\"IHEDN - Institut des Hautes Etudes de D\u00e9fense Nationale\",\"url\":\"https:\\\/\\\/ihedn.fr\\\/\",\"logo\":{\"@type\":\"ImageObject\",\"inLanguage\":\"en-GB\",\"@id\":\"https:\\\/\\\/ihedn.fr\\\/#\\\/schema\\\/logo\\\/image\\\/\",\"url\":\"https:\\\/\\\/ihedn.fr\\\/wp-content\\\/uploads\\\/2020\\\/11\\\/BLOC_RF_IHEDN_WEB.png\",\"contentUrl\":\"https:\\\/\\\/ihedn.fr\\\/wp-content\\\/uploads\\\/2020\\\/11\\\/BLOC_RF_IHEDN_WEB.png\",\"width\":500,\"height\":237,\"caption\":\"IHEDN - Institut des Hautes Etudes de D\u00e9fense Nationale\"},\"image\":{\"@id\":\"https:\\\/\\\/ihedn.fr\\\/#\\\/schema\\\/logo\\\/image\\\/\"},\"sameAs\":[\"https:\\\/\\\/www.facebook.com\\\/ihedn\\\/\",\"https:\\\/\\\/x.com\\\/IHEDN\",\"https:\\\/\\\/www.instagram.com\\\/ihedn\\\/\",\"https:\\\/\\\/www.linkedin.com\\\/school\\\/ihedn\\\/\",\"https:\\\/\\\/fr.wikipedia.org\\\/wiki\\\/Institut_des_hautes_\u00e9tudes_de_D\u00e9fense_nationale\"]},{\"@type\":\"Person\",\"@id\":\"https:\\\/\\\/ihedn.fr\\\/#\\\/schema\\\/person\\\/f5fdd32c2827287accbcbc33f74121b5\",\"name\":\"alexia\",\"image\":{\"@type\":\"ImageObject\",\"inLanguage\":\"en-GB\",\"@id\":\"https:\\\/\\\/secure.gravatar.com\\\/avatar\\\/85eb8ccdb2990af9e1d5b99962700286b212c6b84c155ade95bbe0703f9c9001?s=96&d=mm&r=g\",\"url\":\"https:\\\/\\\/secure.gravatar.com\\\/avatar\\\/85eb8ccdb2990af9e1d5b99962700286b212c6b84c155ade95bbe0703f9c9001?s=96&d=mm&r=g\",\"contentUrl\":\"https:\\\/\\\/secure.gravatar.com\\\/avatar\\\/85eb8ccdb2990af9e1d5b99962700286b212c6b84c155ade95bbe0703f9c9001?s=96&d=mm&r=g\",\"caption\":\"alexia\"},\"url\":\"https:\\\/\\\/ihedn.fr\\\/en\\\/author\\\/alexia\\\/\"}]}<\/script>\n<!-- \/ Yoast SEO plugin. -->","yoast_head_json":{"title":"European defence finally on track - IHEDN: Institut des hautes \u00e9tudes de d\u00e9fense nationale (Institute for Advanced National Defence Studies)","description":"After long decades of construction, recent years have seen the Union's defence and security policy get off the ground in a number of areas, notably on the maritime front, which IHEDN auditors are studying this week.","robots":{"index":"index","follow":"follow","max-snippet":"max-snippet:-1","max-image-preview":"max-image-preview:large","max-video-preview":"max-video-preview:-1"},"canonical":"https:\/\/ihedn.fr\/en\/notre-selection\/leurope-de-la-defense-enfin-sur-les-rails\/","og_locale":"en_GB","og_type":"article","og_title":"L\u2019Europe de la d\u00e9fense enfin sur les rails","og_description":"Apr\u00e8s de longues d\u00e9cennies de construction, ces derni\u00e8res ann\u00e9es ont vu la politique de d\u00e9fense et de s\u00e9curit\u00e9 de l\u2019Union d\u00e9marrer concr\u00e8tement, dans plusieurs domaines, notamment sur le front maritime, qu\u2019\u00e9tudient cette semaine les auditeurs de l\u2019IHEDN.","og_url":"https:\/\/ihedn.fr\/en\/notre-selection\/leurope-de-la-defense-enfin-sur-les-rails\/","og_site_name":"L&#039;IHEDN : Institut des hautes \u00e9tudes de d\u00e9fense nationale","article_publisher":"https:\/\/www.facebook.com\/ihedn\/","article_published_time":"2023-03-30T07:28:14+00:00","article_modified_time":"2023-06-30T12:24:46+00:00","og_image":[{"width":2133,"height":1200,"url":"https:\/\/ihedn.fr\/wp-content\/uploads\/2023\/03\/EUROPE_DE_DEFENSE3.jpg","type":"image\/jpeg"}],"author":"alexia","twitter_card":"summary_large_image","twitter_title":"L\u2019Europe de la d\u00e9fense enfin sur les rails","twitter_description":"Apr\u00e8s de longues d\u00e9cennies de construction, ces derni\u00e8res ann\u00e9es ont vu la politique de d\u00e9fense et de s\u00e9curit\u00e9 de l\u2019Union d\u00e9marrer concr\u00e8tement, dans plusieurs domaines, notamment sur le front maritime, qu\u2019\u00e9tudient cette semaine les auditeurs de l\u2019IHEDN.","twitter_image":"https:\/\/ihedn.fr\/wp-content\/uploads\/2023\/03\/EUROPE_DE_DEFENSE3.jpg","twitter_creator":"@IHEDN","twitter_site":"@IHEDN","twitter_misc":{"Written by":"alexia","Estimated reading time":"9 minutes"},"schema":{"@context":"https:\/\/schema.org","@graph":[{"@type":"Article","@id":"https:\/\/ihedn.fr\/notre-selection\/leurope-de-la-defense-enfin-sur-les-rails\/#article","isPartOf":{"@id":"https:\/\/ihedn.fr\/notre-selection\/leurope-de-la-defense-enfin-sur-les-rails\/"},"author":{"name":"alexia","@id":"https:\/\/ihedn.fr\/#\/schema\/person\/f5fdd32c2827287accbcbc33f74121b5"},"headline":"L\u2019Europe de la d\u00e9fense enfin sur les rails","datePublished":"2023-03-30T07:28:14+00:00","dateModified":"2023-06-30T12:24:46+00:00","mainEntityOfPage":{"@id":"https:\/\/ihedn.fr\/notre-selection\/leurope-de-la-defense-enfin-sur-les-rails\/"},"wordCount":2058,"publisher":{"@id":"https:\/\/ihedn.fr\/#organization"},"image":{"@id":"https:\/\/ihedn.fr\/notre-selection\/leurope-de-la-defense-enfin-sur-les-rails\/#primaryimage"},"thumbnailUrl":"https:\/\/ihedn.fr\/wp-content\/uploads\/2023\/03\/EUROPE_DE_DEFENSE3.jpg","articleSection":["Notre s\u00e9lection","s\u00e9curit\u00e9 internationale"],"inLanguage":"en-GB"},{"@type":"WebPage","@id":"https:\/\/ihedn.fr\/notre-selection\/leurope-de-la-defense-enfin-sur-les-rails\/","url":"https:\/\/ihedn.fr\/notre-selection\/leurope-de-la-defense-enfin-sur-les-rails\/","name":"European defence finally on track - IHEDN: Institut des hautes \u00e9tudes de d\u00e9fense nationale (Institute for Advanced National Defence Studies)","isPartOf":{"@id":"https:\/\/ihedn.fr\/#website"},"primaryImageOfPage":{"@id":"https:\/\/ihedn.fr\/notre-selection\/leurope-de-la-defense-enfin-sur-les-rails\/#primaryimage"},"image":{"@id":"https:\/\/ihedn.fr\/notre-selection\/leurope-de-la-defense-enfin-sur-les-rails\/#primaryimage"},"thumbnailUrl":"https:\/\/ihedn.fr\/wp-content\/uploads\/2023\/03\/EUROPE_DE_DEFENSE3.jpg","datePublished":"2023-03-30T07:28:14+00:00","dateModified":"2023-06-30T12:24:46+00:00","description":"After long decades of construction, recent years have seen the Union's defence and security policy get off the ground in a number of areas, notably on the maritime front, which IHEDN auditors are studying this week.","breadcrumb":{"@id":"https:\/\/ihedn.fr\/notre-selection\/leurope-de-la-defense-enfin-sur-les-rails\/#breadcrumb"},"inLanguage":"en-GB","potentialAction":[{"@type":"ReadAction","target":["https:\/\/ihedn.fr\/notre-selection\/leurope-de-la-defense-enfin-sur-les-rails\/"]}]},{"@type":"ImageObject","inLanguage":"en-GB","@id":"https:\/\/ihedn.fr\/notre-selection\/leurope-de-la-defense-enfin-sur-les-rails\/#primaryimage","url":"https:\/\/ihedn.fr\/wp-content\/uploads\/2023\/03\/EUROPE_DE_DEFENSE3.jpg","contentUrl":"https:\/\/ihedn.fr\/wp-content\/uploads\/2023\/03\/EUROPE_DE_DEFENSE3.jpg","width":2133,"height":1200},{"@type":"BreadcrumbList","@id":"https:\/\/ihedn.fr\/notre-selection\/leurope-de-la-defense-enfin-sur-les-rails\/#breadcrumb","itemListElement":[{"@type":"ListItem","position":1,"name":"Accueil","item":"https:\/\/ihedn.fr\/"},{"@type":"ListItem","position":2,"name":"L\u2019Europe de la d\u00e9fense enfin sur les rails"}]},{"@type":"WebSite","@id":"https:\/\/ihedn.fr\/#website","url":"https:\/\/ihedn.fr\/","name":"IHEDN: Institut des hautes \u00e9tudes de d\u00e9fense nationale (Institute for Higher National Defence Studies)","description":"Official website of the IHEDN under the supervision of the Prime Minister.","publisher":{"@id":"https:\/\/ihedn.fr\/#organization"},"potentialAction":[{"@type":"SearchAction","target":{"@type":"EntryPoint","urlTemplate":"https:\/\/ihedn.fr\/?s={search_term_string}"},"query-input":{"@type":"PropertyValueSpecification","valueRequired":true,"valueName":"search_term_string"}}],"inLanguage":"en-GB"},{"@type":"Organization","@id":"https:\/\/ihedn.fr\/#organization","name":"IHEDN - Institute for Higher National Defence Studies","url":"https:\/\/ihedn.fr\/","logo":{"@type":"ImageObject","inLanguage":"en-GB","@id":"https:\/\/ihedn.fr\/#\/schema\/logo\/image\/","url":"https:\/\/ihedn.fr\/wp-content\/uploads\/2020\/11\/BLOC_RF_IHEDN_WEB.png","contentUrl":"https:\/\/ihedn.fr\/wp-content\/uploads\/2020\/11\/BLOC_RF_IHEDN_WEB.png","width":500,"height":237,"caption":"IHEDN - Institut des Hautes Etudes de D\u00e9fense Nationale"},"image":{"@id":"https:\/\/ihedn.fr\/#\/schema\/logo\/image\/"},"sameAs":["https:\/\/www.facebook.com\/ihedn\/","https:\/\/x.com\/IHEDN","https:\/\/www.instagram.com\/ihedn\/","https:\/\/www.linkedin.com\/school\/ihedn\/","https:\/\/fr.wikipedia.org\/wiki\/Institut_des_hautes_\u00e9tudes_de_D\u00e9fense_nationale"]},{"@type":"Person","@id":"https:\/\/ihedn.fr\/#\/schema\/person\/f5fdd32c2827287accbcbc33f74121b5","name":"alexia","image":{"@type":"ImageObject","inLanguage":"en-GB","@id":"https:\/\/secure.gravatar.com\/avatar\/85eb8ccdb2990af9e1d5b99962700286b212c6b84c155ade95bbe0703f9c9001?s=96&d=mm&r=g","url":"https:\/\/secure.gravatar.com\/avatar\/85eb8ccdb2990af9e1d5b99962700286b212c6b84c155ade95bbe0703f9c9001?s=96&d=mm&r=g","contentUrl":"https:\/\/secure.gravatar.com\/avatar\/85eb8ccdb2990af9e1d5b99962700286b212c6b84c155ade95bbe0703f9c9001?s=96&d=mm&r=g","caption":"alexia"},"url":"https:\/\/ihedn.fr\/en\/author\/alexia\/"}]}},"publishpress_future_action":{"enabled":false,"date":"2026-05-06 20:19:27","action":"change-status","newStatus":"draft","terms":[],"taxonomy":"category","extraData":[]},"publishpress_future_workflow_manual_trigger":{"enabledWorkflows":[]},"_links":{"self":[{"href":"https:\/\/ihedn.fr\/en\/wp-json\/wp\/v2\/posts\/37478","targetHints":{"allow":["GET"]}}],"collection":[{"href":"https:\/\/ihedn.fr\/en\/wp-json\/wp\/v2\/posts"}],"about":[{"href":"https:\/\/ihedn.fr\/en\/wp-json\/wp\/v2\/types\/post"}],"author":[{"embeddable":true,"href":"https:\/\/ihedn.fr\/en\/wp-json\/wp\/v2\/users\/7"}],"replies":[{"embeddable":true,"href":"https:\/\/ihedn.fr\/en\/wp-json\/wp\/v2\/comments?post=37478"}],"version-history":[{"count":16,"href":"https:\/\/ihedn.fr\/en\/wp-json\/wp\/v2\/posts\/37478\/revisions"}],"predecessor-version":[{"id":37616,"href":"https:\/\/ihedn.fr\/en\/wp-json\/wp\/v2\/posts\/37478\/revisions\/37616"}],"wp:featuredmedia":[{"embeddable":true,"href":"https:\/\/ihedn.fr\/en\/wp-json\/wp\/v2\/media\/37597"}],"wp:attachment":[{"href":"https:\/\/ihedn.fr\/en\/wp-json\/wp\/v2\/media?parent=37478"}],"wp:term":[{"taxonomy":"category","embeddable":true,"href":"https:\/\/ihedn.fr\/en\/wp-json\/wp\/v2\/categories?post=37478"},{"taxonomy":"post_tag","embeddable":true,"href":"https:\/\/ihedn.fr\/en\/wp-json\/wp\/v2\/tags?post=37478"}],"curies":[{"name":"wp","href":"https:\/\/api.w.org\/{rel}","templated":true}]}}