{"id":37685,"date":"2023-03-31T08:29:15","date_gmt":"2023-03-31T07:29:15","guid":{"rendered":"https:\/\/ihedn.fr\/?p=37685"},"modified":"2023-04-03T07:41:39","modified_gmt":"2023-04-03T06:41:39","slug":"forum-france-ukraine-2023","status":"publish","type":"post","link":"https:\/\/ihedn.fr\/en\/veille-strategique\/forum-france-ukraine-2023\/","title":{"rendered":"Forum France - Ukraine 2023"},"content":{"rendered":"<div data-elementor-type=\"wp-post\" data-elementor-id=\"37685\" class=\"elementor elementor-37685\" data-elementor-post-type=\"post\">\n\t\t\t\t\t\t<section data-particle_enable=\"false\" data-particle-mobile-disabled=\"false\" class=\"elementor-section elementor-top-section elementor-element elementor-element-f66b938 elementor-section-boxed elementor-section-height-default elementor-section-height-default\" data-id=\"f66b938\" data-element_type=\"section\" data-e-type=\"section\">\n\t\t\t\t\t\t<div class=\"elementor-container elementor-column-gap-default\">\n\t\t\t\t\t<div class=\"elementor-column elementor-col-100 elementor-top-column elementor-element elementor-element-17f03b1\" data-id=\"17f03b1\" data-element_type=\"column\" data-e-type=\"column\">\n\t\t\t<div class=\"elementor-widget-wrap elementor-element-populated\">\n\t\t\t\t\t\t<div class=\"elementor-element elementor-element-7f83902 elementor-widget elementor-widget-text-editor\" data-id=\"7f83902\" data-element_type=\"widget\" data-e-type=\"widget\" data-widget_type=\"text-editor.default\">\n\t\t\t\t<div class=\"elementor-widget-container\">\n\t\t\t\t\t\t\t\t\t<p>Ifri and New Europe Center, 10 March 2023.<\/p>\t\t\t\t\t\t\t\t<\/div>\n\t\t\t\t<\/div>\n\t\t\t\t<div class=\"elementor-element elementor-element-8b52d82 elementor-widget elementor-widget-video\" data-id=\"8b52d82\" data-element_type=\"widget\" data-e-type=\"widget\" data-settings=\"{&quot;youtube_url&quot;:&quot;https:\\\/\\\/www.youtube.com\\\/watch?v=ROrqyAeplzw&quot;,&quot;video_type&quot;:&quot;youtube&quot;,&quot;controls&quot;:&quot;yes&quot;}\" data-widget_type=\"video.default\">\n\t\t\t\t<div class=\"elementor-widget-container\">\n\t\t\t\t\t\t\t<div class=\"elementor-wrapper elementor-open-inline\">\n\t\t\t<div class=\"elementor-video\"><\/div>\t\t<\/div>\n\t\t\t\t\t\t<\/div>\n\t\t\t\t<\/div>\n\t\t\t\t\t<\/div>\n\t\t<\/div>\n\t\t\t\t\t<\/div>\n\t\t<\/section>\n\t\t\t\t<\/div>","protected":false},"excerpt":{"rendered":"<p>Ifri and New Europe Center, 10 March 2023. https:\/\/www.youtube.com\/watch?v=ROrqyAeplzw<\/p>","protected":false},"author":1,"featured_media":0,"comment_status":"closed","ping_status":"closed","sticky":false,"template":"","format":"standard","meta":{"footnotes":""},"categories":[179,175],"tags":[],"class_list":["post-37685","post","type-post","status-publish","format-standard","hentry","category-podcast","category-veille-strategique"],"yoast_head":"<!-- This site is optimized with the Yoast SEO plugin v27.5 - https:\/\/yoast.com\/product\/yoast-seo-wordpress\/ -->\n<title>Forum France \u2013 Ukraine 2023 - L&#039;IHEDN : Institut des hautes \u00e9tudes de d\u00e9fense nationale<\/title>\n<meta name=\"description\" content=\"Une s\u00e9rie de 4 podcasts avec l\u2019accent mis sur la Russie, les pays nordiques et baltes, Ta\u00efwan et Isra\u00ebl. Cultures monde de France culture, janvier 2023.\" \/>\n<meta name=\"robots\" content=\"index, follow, max-snippet:-1, max-image-preview:large, max-video-preview:-1\" \/>\n<link rel=\"canonical\" href=\"https:\/\/ihedn.fr\/en\/comprendre\/veille-strategique\/forum-france-ukraine-2023\/\" \/>\n<meta property=\"og:locale\" content=\"en_GB\" \/>\n<meta property=\"og:type\" content=\"article\" \/>\n<meta property=\"og:title\" content=\"Forum France \u2013 Ukraine 2023 - L&#039;IHEDN : Institut des hautes \u00e9tudes de d\u00e9fense nationale\" \/>\n<meta property=\"og:description\" content=\"Une s\u00e9rie de 4 podcasts avec l\u2019accent mis sur la Russie, les pays nordiques et baltes, Ta\u00efwan et Isra\u00ebl. Cultures monde de France culture, janvier 2023.\" \/>\n<meta property=\"og:url\" content=\"https:\/\/ihedn.fr\/en\/comprendre\/veille-strategique\/forum-france-ukraine-2023\/\" \/>\n<meta property=\"og:site_name\" content=\"L&#039;IHEDN : Institut des hautes \u00e9tudes de d\u00e9fense nationale\" \/>\n<meta property=\"article:publisher\" content=\"https:\/\/www.facebook.com\/ihedn\/\" \/>\n<meta property=\"article:published_time\" content=\"2023-03-31T07:29:15+00:00\" \/>\n<meta property=\"article:modified_time\" content=\"2023-04-03T06:41:39+00:00\" \/>\n<meta name=\"author\" content=\"dev\" \/>\n<meta name=\"twitter:card\" content=\"summary_large_image\" \/>\n<meta name=\"twitter:creator\" content=\"@IHEDN\" \/>\n<meta name=\"twitter:site\" content=\"@IHEDN\" \/>\n<meta name=\"twitter:label1\" content=\"Written by\" \/>\n\t<meta name=\"twitter:data1\" content=\"dev\" \/>\n\t<meta name=\"twitter:label2\" content=\"Estimated reading time\" \/>\n\t<meta name=\"twitter:data2\" content=\"1 minute\" \/>\n<script type=\"application\/ld+json\" class=\"yoast-schema-graph\">{\"@context\":\"https:\\\/\\\/schema.org\",\"@graph\":[{\"@type\":\"Article\",\"@id\":\"https:\\\/\\\/ihedn.fr\\\/comprendre\\\/veille-strategique\\\/forum-france-ukraine-2023\\\/#article\",\"isPartOf\":{\"@id\":\"https:\\\/\\\/ihedn.fr\\\/comprendre\\\/veille-strategique\\\/forum-france-ukraine-2023\\\/\"},\"author\":{\"name\":\"dev\",\"@id\":\"https:\\\/\\\/ihedn.fr\\\/#\\\/schema\\\/person\\\/7a40155595e4efb35323447cb8c8c5a4\"},\"headline\":\"Forum France \u2013 Ukraine 2023\",\"datePublished\":\"2023-03-31T07:29:15+00:00\",\"dateModified\":\"2023-04-03T06:41:39+00:00\",\"mainEntityOfPage\":{\"@id\":\"https:\\\/\\\/ihedn.fr\\\/comprendre\\\/veille-strategique\\\/forum-france-ukraine-2023\\\/\"},\"wordCount\":16,\"publisher\":{\"@id\":\"https:\\\/\\\/ihedn.fr\\\/#organization\"},\"articleSection\":[\"podcast\",\"Veille strat\u00e9gique\"],\"inLanguage\":\"en-GB\"},{\"@type\":\"WebPage\",\"@id\":\"https:\\\/\\\/ihedn.fr\\\/comprendre\\\/veille-strategique\\\/forum-france-ukraine-2023\\\/\",\"url\":\"https:\\\/\\\/ihedn.fr\\\/comprendre\\\/veille-strategique\\\/forum-france-ukraine-2023\\\/\",\"name\":\"Forum France \u2013 Ukraine 2023 - L&#039;IHEDN : Institut des hautes \u00e9tudes de d\u00e9fense nationale\",\"isPartOf\":{\"@id\":\"https:\\\/\\\/ihedn.fr\\\/#website\"},\"datePublished\":\"2023-03-31T07:29:15+00:00\",\"dateModified\":\"2023-04-03T06:41:39+00:00\",\"description\":\"Une s\u00e9rie de 4 podcasts avec l\u2019accent mis sur la Russie, les pays nordiques et baltes, Ta\u00efwan et Isra\u00ebl. Cultures monde de France culture, janvier 2023.\",\"breadcrumb\":{\"@id\":\"https:\\\/\\\/ihedn.fr\\\/comprendre\\\/veille-strategique\\\/forum-france-ukraine-2023\\\/#breadcrumb\"},\"inLanguage\":\"en-GB\",\"potentialAction\":[{\"@type\":\"ReadAction\",\"target\":[\"https:\\\/\\\/ihedn.fr\\\/comprendre\\\/veille-strategique\\\/forum-france-ukraine-2023\\\/\"]}]},{\"@type\":\"BreadcrumbList\",\"@id\":\"https:\\\/\\\/ihedn.fr\\\/comprendre\\\/veille-strategique\\\/forum-france-ukraine-2023\\\/#breadcrumb\",\"itemListElement\":[{\"@type\":\"ListItem\",\"position\":1,\"name\":\"Accueil\",\"item\":\"https:\\\/\\\/ihedn.fr\\\/\"},{\"@type\":\"ListItem\",\"position\":2,\"name\":\"Forum France \u2013 Ukraine 2023\"}]},{\"@type\":\"WebSite\",\"@id\":\"https:\\\/\\\/ihedn.fr\\\/#website\",\"url\":\"https:\\\/\\\/ihedn.fr\\\/\",\"name\":\"IHEDN : Institut des hautes \u00e9tudes de d\u00e9fense nationale |\",\"description\":\"Site officiel de l&#039;IHEDN plac\u00e9 sous la tutelle du Premier ministre.\",\"publisher\":{\"@id\":\"https:\\\/\\\/ihedn.fr\\\/#organization\"},\"potentialAction\":[{\"@type\":\"SearchAction\",\"target\":{\"@type\":\"EntryPoint\",\"urlTemplate\":\"https:\\\/\\\/ihedn.fr\\\/?s={search_term_string}\"},\"query-input\":{\"@type\":\"PropertyValueSpecification\",\"valueRequired\":true,\"valueName\":\"search_term_string\"}}],\"inLanguage\":\"en-GB\"},{\"@type\":\"Organization\",\"@id\":\"https:\\\/\\\/ihedn.fr\\\/#organization\",\"name\":\"IHEDN - Institut des Hautes Etudes de D\u00e9fense Nationale\",\"url\":\"https:\\\/\\\/ihedn.fr\\\/\",\"logo\":{\"@type\":\"ImageObject\",\"inLanguage\":\"en-GB\",\"@id\":\"https:\\\/\\\/ihedn.fr\\\/#\\\/schema\\\/logo\\\/image\\\/\",\"url\":\"https:\\\/\\\/ihedn.fr\\\/wp-content\\\/uploads\\\/2020\\\/11\\\/BLOC_RF_IHEDN_WEB.png\",\"contentUrl\":\"https:\\\/\\\/ihedn.fr\\\/wp-content\\\/uploads\\\/2020\\\/11\\\/BLOC_RF_IHEDN_WEB.png\",\"width\":500,\"height\":237,\"caption\":\"IHEDN - Institut des Hautes Etudes de D\u00e9fense Nationale\"},\"image\":{\"@id\":\"https:\\\/\\\/ihedn.fr\\\/#\\\/schema\\\/logo\\\/image\\\/\"},\"sameAs\":[\"https:\\\/\\\/www.facebook.com\\\/ihedn\\\/\",\"https:\\\/\\\/x.com\\\/IHEDN\",\"https:\\\/\\\/www.instagram.com\\\/ihedn\\\/\",\"https:\\\/\\\/www.linkedin.com\\\/school\\\/ihedn\\\/\",\"https:\\\/\\\/fr.wikipedia.org\\\/wiki\\\/Institut_des_hautes_\u00e9tudes_de_D\u00e9fense_nationale\"]},{\"@type\":\"Person\",\"@id\":\"https:\\\/\\\/ihedn.fr\\\/#\\\/schema\\\/person\\\/7a40155595e4efb35323447cb8c8c5a4\",\"name\":\"dev\",\"image\":{\"@type\":\"ImageObject\",\"inLanguage\":\"en-GB\",\"@id\":\"https:\\\/\\\/secure.gravatar.com\\\/avatar\\\/f1ffcac9ca2fa95ad3ec33e9be3ade82f752acb0cabe541e56c5889225afa88a?s=96&d=mm&r=g\",\"url\":\"https:\\\/\\\/secure.gravatar.com\\\/avatar\\\/f1ffcac9ca2fa95ad3ec33e9be3ade82f752acb0cabe541e56c5889225afa88a?s=96&d=mm&r=g\",\"contentUrl\":\"https:\\\/\\\/secure.gravatar.com\\\/avatar\\\/f1ffcac9ca2fa95ad3ec33e9be3ade82f752acb0cabe541e56c5889225afa88a?s=96&d=mm&r=g\",\"caption\":\"dev\"},\"sameAs\":[\"https:\\\/\\\/ihedn.concilium.click\"],\"url\":\"https:\\\/\\\/ihedn.fr\\\/en\\\/author\\\/dev\\\/\"}]}<\/script>\n<!-- \/ Yoast SEO plugin. -->","yoast_head_json":{"title":"Forum France - Ukraine 2023 - IHEDN : Institut des hautes \u00e9tudes de d\u00e9fense nationale (French Institute for Advanced National Defence Studies)","description":"A series of 4 podcasts focusing on Russia, the Nordic and Baltic countries, Taiwan and Israel. Cultures monde by France culture, January 2023.","robots":{"index":"index","follow":"follow","max-snippet":"max-snippet:-1","max-image-preview":"max-image-preview:large","max-video-preview":"max-video-preview:-1"},"canonical":"https:\/\/ihedn.fr\/en\/comprendre\/veille-strategique\/forum-france-ukraine-2023\/","og_locale":"en_GB","og_type":"article","og_title":"Forum France \u2013 Ukraine 2023 - L&#039;IHEDN : Institut des hautes \u00e9tudes de d\u00e9fense nationale","og_description":"Une s\u00e9rie de 4 podcasts avec l\u2019accent mis sur la Russie, les pays nordiques et baltes, Ta\u00efwan et Isra\u00ebl. Cultures monde de France culture, janvier 2023.","og_url":"https:\/\/ihedn.fr\/en\/comprendre\/veille-strategique\/forum-france-ukraine-2023\/","og_site_name":"L&#039;IHEDN : Institut des hautes \u00e9tudes de d\u00e9fense nationale","article_publisher":"https:\/\/www.facebook.com\/ihedn\/","article_published_time":"2023-03-31T07:29:15+00:00","article_modified_time":"2023-04-03T06:41:39+00:00","author":"dev","twitter_card":"summary_large_image","twitter_creator":"@IHEDN","twitter_site":"@IHEDN","twitter_misc":{"Written by":"dev","Estimated reading time":"1 minute"},"schema":{"@context":"https:\/\/schema.org","@graph":[{"@type":"Article","@id":"https:\/\/ihedn.fr\/comprendre\/veille-strategique\/forum-france-ukraine-2023\/#article","isPartOf":{"@id":"https:\/\/ihedn.fr\/comprendre\/veille-strategique\/forum-france-ukraine-2023\/"},"author":{"name":"dev","@id":"https:\/\/ihedn.fr\/#\/schema\/person\/7a40155595e4efb35323447cb8c8c5a4"},"headline":"Forum France \u2013 Ukraine 2023","datePublished":"2023-03-31T07:29:15+00:00","dateModified":"2023-04-03T06:41:39+00:00","mainEntityOfPage":{"@id":"https:\/\/ihedn.fr\/comprendre\/veille-strategique\/forum-france-ukraine-2023\/"},"wordCount":16,"publisher":{"@id":"https:\/\/ihedn.fr\/#organization"},"articleSection":["podcast","Veille strat\u00e9gique"],"inLanguage":"en-GB"},{"@type":"WebPage","@id":"https:\/\/ihedn.fr\/comprendre\/veille-strategique\/forum-france-ukraine-2023\/","url":"https:\/\/ihedn.fr\/comprendre\/veille-strategique\/forum-france-ukraine-2023\/","name":"Forum France - Ukraine 2023 - IHEDN : Institut des hautes \u00e9tudes de d\u00e9fense nationale (French Institute for Advanced National Defence Studies)","isPartOf":{"@id":"https:\/\/ihedn.fr\/#website"},"datePublished":"2023-03-31T07:29:15+00:00","dateModified":"2023-04-03T06:41:39+00:00","description":"A series of 4 podcasts focusing on Russia, the Nordic and Baltic countries, Taiwan and Israel. Cultures monde by France culture, January 2023.","breadcrumb":{"@id":"https:\/\/ihedn.fr\/comprendre\/veille-strategique\/forum-france-ukraine-2023\/#breadcrumb"},"inLanguage":"en-GB","potentialAction":[{"@type":"ReadAction","target":["https:\/\/ihedn.fr\/comprendre\/veille-strategique\/forum-france-ukraine-2023\/"]}]},{"@type":"BreadcrumbList","@id":"https:\/\/ihedn.fr\/comprendre\/veille-strategique\/forum-france-ukraine-2023\/#breadcrumb","itemListElement":[{"@type":"ListItem","position":1,"name":"Accueil","item":"https:\/\/ihedn.fr\/"},{"@type":"ListItem","position":2,"name":"Forum France \u2013 Ukraine 2023"}]},{"@type":"WebSite","@id":"https:\/\/ihedn.fr\/#website","url":"https:\/\/ihedn.fr\/","name":"IHEDN: Institut des hautes \u00e9tudes de d\u00e9fense nationale (Institute for Higher National Defence Studies)","description":"Official website of the IHEDN under the supervision of the Prime Minister.","publisher":{"@id":"https:\/\/ihedn.fr\/#organization"},"potentialAction":[{"@type":"SearchAction","target":{"@type":"EntryPoint","urlTemplate":"https:\/\/ihedn.fr\/?s={search_term_string}"},"query-input":{"@type":"PropertyValueSpecification","valueRequired":true,"valueName":"search_term_string"}}],"inLanguage":"en-GB"},{"@type":"Organization","@id":"https:\/\/ihedn.fr\/#organization","name":"IHEDN - Institute for Higher National Defence Studies","url":"https:\/\/ihedn.fr\/","logo":{"@type":"ImageObject","inLanguage":"en-GB","@id":"https:\/\/ihedn.fr\/#\/schema\/logo\/image\/","url":"https:\/\/ihedn.fr\/wp-content\/uploads\/2020\/11\/BLOC_RF_IHEDN_WEB.png","contentUrl":"https:\/\/ihedn.fr\/wp-content\/uploads\/2020\/11\/BLOC_RF_IHEDN_WEB.png","width":500,"height":237,"caption":"IHEDN - Institut des Hautes Etudes de D\u00e9fense Nationale"},"image":{"@id":"https:\/\/ihedn.fr\/#\/schema\/logo\/image\/"},"sameAs":["https:\/\/www.facebook.com\/ihedn\/","https:\/\/x.com\/IHEDN","https:\/\/www.instagram.com\/ihedn\/","https:\/\/www.linkedin.com\/school\/ihedn\/","https:\/\/fr.wikipedia.org\/wiki\/Institut_des_hautes_\u00e9tudes_de_D\u00e9fense_nationale"]},{"@type":"Person","@id":"https:\/\/ihedn.fr\/#\/schema\/person\/7a40155595e4efb35323447cb8c8c5a4","name":"dev","image":{"@type":"ImageObject","inLanguage":"en-GB","@id":"https:\/\/secure.gravatar.com\/avatar\/f1ffcac9ca2fa95ad3ec33e9be3ade82f752acb0cabe541e56c5889225afa88a?s=96&d=mm&r=g","url":"https:\/\/secure.gravatar.com\/avatar\/f1ffcac9ca2fa95ad3ec33e9be3ade82f752acb0cabe541e56c5889225afa88a?s=96&d=mm&r=g","contentUrl":"https:\/\/secure.gravatar.com\/avatar\/f1ffcac9ca2fa95ad3ec33e9be3ade82f752acb0cabe541e56c5889225afa88a?s=96&d=mm&r=g","caption":"dev"},"sameAs":["https:\/\/ihedn.concilium.click"],"url":"https:\/\/ihedn.fr\/en\/author\/dev\/"}]}},"publishpress_future_action":{"enabled":false,"date":"2026-05-07 22:32:41","action":"change-status","newStatus":"draft","terms":[],"taxonomy":"category","extraData":[]},"publishpress_future_workflow_manual_trigger":{"enabledWorkflows":[]},"_links":{"self":[{"href":"https:\/\/ihedn.fr\/en\/wp-json\/wp\/v2\/posts\/37685","targetHints":{"allow":["GET"]}}],"collection":[{"href":"https:\/\/ihedn.fr\/en\/wp-json\/wp\/v2\/posts"}],"about":[{"href":"https:\/\/ihedn.fr\/en\/wp-json\/wp\/v2\/types\/post"}],"author":[{"embeddable":true,"href":"https:\/\/ihedn.fr\/en\/wp-json\/wp\/v2\/users\/1"}],"replies":[{"embeddable":true,"href":"https:\/\/ihedn.fr\/en\/wp-json\/wp\/v2\/comments?post=37685"}],"version-history":[{"count":7,"href":"https:\/\/ihedn.fr\/en\/wp-json\/wp\/v2\/posts\/37685\/revisions"}],"predecessor-version":[{"id":37692,"href":"https:\/\/ihedn.fr\/en\/wp-json\/wp\/v2\/posts\/37685\/revisions\/37692"}],"wp:attachment":[{"href":"https:\/\/ihedn.fr\/en\/wp-json\/wp\/v2\/media?parent=37685"}],"wp:term":[{"taxonomy":"category","embeddable":true,"href":"https:\/\/ihedn.fr\/en\/wp-json\/wp\/v2\/categories?post=37685"},{"taxonomy":"post_tag","embeddable":true,"href":"https:\/\/ihedn.fr\/en\/wp-json\/wp\/v2\/tags?post=37685"}],"curies":[{"name":"wp","href":"https:\/\/api.w.org\/{rel}","templated":true}]}}