{"id":38067,"date":"2023-04-06T10:01:36","date_gmt":"2023-04-06T09:01:36","guid":{"rendered":"https:\/\/ihedn.fr\/?p=38067"},"modified":"2023-04-06T10:15:13","modified_gmt":"2023-04-06T09:15:13","slug":"la-majeure-enjeux-et-strategies-maritimes-en-escale-au-coeur-des-institutions-europeennes","status":"publish","type":"post","link":"https:\/\/ihedn.fr\/en\/uncategorized\/la-majeure-enjeux-et-strategies-maritimes-en-escale-au-coeur-des-institutions-europeennes\/","title":{"rendered":"The 'Maritime issues and strategies' major makes a stopover at the heart of the European institutions"},"content":{"rendered":"\t\t<div data-elementor-type=\"wp-post\" data-elementor-id=\"38067\" class=\"elementor elementor-38067\" data-elementor-post-type=\"post\">\n\t\t\t\t\t\t<section data-particle_enable=\"false\" data-particle-mobile-disabled=\"false\" class=\"elementor-section elementor-top-section elementor-element elementor-element-d845d7f elementor-section-boxed elementor-section-height-default elementor-section-height-default\" data-id=\"d845d7f\" data-element_type=\"section\" data-e-type=\"section\">\n\t\t\t\t\t\t<div class=\"elementor-container elementor-column-gap-default\">\n\t\t\t\t\t<div class=\"elementor-column elementor-col-100 elementor-top-column elementor-element elementor-element-8edac6a\" data-id=\"8edac6a\" data-element_type=\"column\" data-e-type=\"column\">\n\t\t\t<div class=\"elementor-widget-wrap elementor-element-populated\">\n\t\t\t\t\t\t<div class=\"elementor-element elementor-element-179efa3 elementor-widget elementor-widget-text-editor\" data-id=\"179efa3\" data-element_type=\"widget\" data-e-type=\"widget\" data-widget_type=\"text-editor.default\">\n\t\t\t\t<div class=\"elementor-widget-container\">\n\t\t\t\t\t\t\t\t\t<p>Les auditeurs ont d\u00e9couvert les grands enjeux maritimes de l\u2019Union europ\u00e9enne ainsi que les politiques et les strat\u00e9gies mises en \u0153uvre pour y faire face. Grace aux interlocuteurs de haut niveau, les auditeurs prennent conscience de comment la France coop\u00e8re avec ses alli\u00e9s europ\u00e9ens, notamment dans le domaine maritime, pour construire une Europe forte et prosp\u00e8re.<\/p><p>D\u00e8s le petit matin du lundi 28 mars, la Repr\u00e9sentation permanente de la France aupr\u00e8s de l\u2019Union europ\u00e9enne (RPUE) a accueilli les auditeurs pour une conf\u00e9rence introductive anim\u00e9e par <strong><span style=\"color: #000091;\">le g\u00e9n\u00e9ral de brigade a\u00e9rienne Nicolas CHAMBAZ<\/span><\/strong>, repr\u00e9sentant militaire adjoint aupr\u00e8s du Comit\u00e9 militaire de l&rsquo;UE, et de <strong><span style=\"color: #000091;\">Beno\u00eet CORMIER<\/span><\/strong>, repr\u00e9sentant permanent adjoint de la France aupr\u00e8s du Comit\u00e9 politique et de s\u00e9curit\u00e9 (COPS) de l\u2019UE.<\/p>\t\t\t\t\t\t\t\t<\/div>\n\t\t\t\t<\/div>\n\t\t\t\t\t<\/div>\n\t\t<\/div>\n\t\t\t\t\t<\/div>\n\t\t<\/section>\n\t\t\t\t<section data-particle_enable=\"false\" data-particle-mobile-disabled=\"false\" class=\"elementor-section elementor-top-section elementor-element elementor-element-e909879 elementor-section-boxed elementor-section-height-default elementor-section-height-default\" data-id=\"e909879\" data-element_type=\"section\" data-e-type=\"section\">\n\t\t\t\t\t\t<div class=\"elementor-container elementor-column-gap-default\">\n\t\t\t\t\t<div class=\"elementor-column elementor-col-100 elementor-top-column elementor-element elementor-element-3f42b1f\" data-id=\"3f42b1f\" data-element_type=\"column\" data-e-type=\"column\">\n\t\t\t<div class=\"elementor-widget-wrap elementor-element-populated\">\n\t\t\t\t\t\t<div class=\"elementor-element elementor-element-8143af0 elementor-widget elementor-widget-image\" data-id=\"8143af0\" data-element_type=\"widget\" data-e-type=\"widget\" data-widget_type=\"image.default\">\n\t\t\t\t<div class=\"elementor-widget-container\">\n\t\t\t\t\t\t\t\t\t\t\t\t<figure class=\"wp-caption\">\n\t\t\t\t\t\t\t\t\t\t<img fetchpriority=\"high\" decoding=\"async\" width=\"1511\" height=\"973\" src=\"https:\/\/ihedn.fr\/wp-content\/uploads\/2023\/04\/TR_Chambaz1.jpg\" class=\"attachment-full size-full wp-image-38086\" alt=\"Le GBA Chambaz et Benoit Cormier\" \/>\t\t\t\t\t\t\t\t\t\t\t<figcaption class=\"widget-image-caption wp-caption-text\">Le GBA Chambaz et Benoit Cormier<\/figcaption>\n\t\t\t\t\t\t\t\t\t\t<\/figure>\n\t\t\t\t\t\t\t\t\t<\/div>\n\t\t\t\t<\/div>\n\t\t\t\t\t<\/div>\n\t\t<\/div>\n\t\t\t\t\t<\/div>\n\t\t<\/section>\n\t\t\t\t<section data-particle_enable=\"false\" data-particle-mobile-disabled=\"false\" class=\"elementor-section elementor-top-section elementor-element elementor-element-8a5cbba elementor-section-boxed elementor-section-height-default elementor-section-height-default\" data-id=\"8a5cbba\" data-element_type=\"section\" data-e-type=\"section\">\n\t\t\t\t\t\t<div class=\"elementor-container elementor-column-gap-default\">\n\t\t\t\t\t<div class=\"elementor-column elementor-col-100 elementor-top-column elementor-element elementor-element-c383874\" data-id=\"c383874\" data-element_type=\"column\" data-e-type=\"column\">\n\t\t\t<div class=\"elementor-widget-wrap elementor-element-populated\">\n\t\t\t\t\t\t<div class=\"elementor-element elementor-element-f771160 elementor-widget elementor-widget-text-editor\" data-id=\"f771160\" data-element_type=\"widget\" data-e-type=\"widget\" data-widget_type=\"text-editor.default\">\n\t\t\t\t<div class=\"elementor-widget-container\">\n\t\t\t\t\t\t\t\t\t<p>Les auditeurs ont pu ensuite d\u00e9battre sur les grands enjeux des op\u00e9rations navales de l\u2019UE en pr\u00e9sence du <strong><span style=\"color: #000091;\">Vice-Amiral-Escadre Herv\u00e9 BL\u00c9JEAN<\/span><\/strong>, directeur g\u00e9n\u00e9ral de l\u2019\u00e9tat-major de l\u2019UE.<\/p>\t\t\t\t\t\t\t\t<\/div>\n\t\t\t\t<\/div>\n\t\t\t\t<div class=\"elementor-element elementor-element-fbebe4c elementor-widget elementor-widget-image\" data-id=\"fbebe4c\" data-element_type=\"widget\" data-e-type=\"widget\" data-widget_type=\"image.default\">\n\t\t\t\t<div class=\"elementor-widget-container\">\n\t\t\t\t\t\t\t\t\t\t\t\t<figure class=\"wp-caption\">\n\t\t\t\t\t\t\t\t\t\t<img decoding=\"async\" width=\"1511\" height=\"1036\" src=\"https:\/\/ihedn.fr\/wp-content\/uploads\/2023\/04\/h.jpg\" class=\"attachment-full size-full wp-image-38080\" alt=\"Olivier de Saint-Julien et Hugues Martel pr\u00e9sentant le PANG\" \/>\t\t\t\t\t\t\t\t\t\t\t<figcaption class=\"widget-image-caption wp-caption-text\">Olivier de Saint-Julien et Hugues Martel pr\u00e9sentant le PANG<\/figcaption>\n\t\t\t\t\t\t\t\t\t\t<\/figure>\n\t\t\t\t\t\t\t\t\t<\/div>\n\t\t\t\t<\/div>\n\t\t\t\t\t<\/div>\n\t\t<\/div>\n\t\t\t\t\t<\/div>\n\t\t<\/section>\n\t\t\t\t<section data-particle_enable=\"false\" data-particle-mobile-disabled=\"false\" class=\"elementor-section elementor-top-section elementor-element elementor-element-3350aac elementor-section-boxed elementor-section-height-default elementor-section-height-default\" data-id=\"3350aac\" data-element_type=\"section\" data-e-type=\"section\">\n\t\t\t\t\t\t<div class=\"elementor-container elementor-column-gap-default\">\n\t\t\t\t\t<div class=\"elementor-column elementor-col-100 elementor-top-column elementor-element elementor-element-f8032e4\" data-id=\"f8032e4\" data-element_type=\"column\" data-e-type=\"column\">\n\t\t\t<div class=\"elementor-widget-wrap elementor-element-populated\">\n\t\t\t\t\t\t<div class=\"elementor-element elementor-element-7611486 elementor-widget elementor-widget-text-editor\" data-id=\"7611486\" data-element_type=\"widget\" data-e-type=\"widget\" data-widget_type=\"text-editor.default\">\n\t\t\t\t<div class=\"elementor-widget-container\">\n\t\t\t\t\t\t\t\t\t<p>La mission a continu\u00e9 par la visite de Parlement europ\u00e9en. <strong><span style=\"color: #000091;\">Olivier LE SAEC<\/span><\/strong>, administrateur, a pr\u00e9sent\u00e9 aux auditeurs cette institution repr\u00e9sentant les 450 millions de citoyens des 27 \u00c9tats membres de l\u2019UE. Cette situation au c\u0153ur de la citoyennet\u00e9 europ\u00e9enne requiert l\u2019acquisition d\u2019une culture bas\u00e9e sur la concertation et le consensus loin d\u2019\u00eatre inn\u00e9e chez les parlementaires de certains pays.<\/p>\t\t\t\t\t\t\t\t<\/div>\n\t\t\t\t<\/div>\n\t\t\t\t\t<\/div>\n\t\t<\/div>\n\t\t\t\t\t<\/div>\n\t\t<\/section>\n\t\t\t\t<section data-particle_enable=\"false\" data-particle-mobile-disabled=\"false\" class=\"elementor-section elementor-top-section elementor-element elementor-element-d9026f8 elementor-section-boxed elementor-section-height-default elementor-section-height-default\" data-id=\"d9026f8\" data-element_type=\"section\" data-e-type=\"section\">\n\t\t\t\t\t\t<div class=\"elementor-container elementor-column-gap-default\">\n\t\t\t\t\t<div class=\"elementor-column elementor-col-100 elementor-top-column elementor-element elementor-element-dc9420d\" data-id=\"dc9420d\" data-element_type=\"column\" data-e-type=\"column\">\n\t\t\t<div class=\"elementor-widget-wrap elementor-element-populated\">\n\t\t\t\t\t\t<section data-particle_enable=\"false\" data-particle-mobile-disabled=\"false\" class=\"elementor-section elementor-inner-section elementor-element elementor-element-a7ee6a3 elementor-section-boxed elementor-section-height-default elementor-section-height-default\" data-id=\"a7ee6a3\" data-element_type=\"section\" data-e-type=\"section\">\n\t\t\t\t\t\t<div class=\"elementor-container elementor-column-gap-default\">\n\t\t\t\t\t<div class=\"elementor-column elementor-col-50 elementor-inner-column elementor-element elementor-element-5a40dde\" data-id=\"5a40dde\" data-element_type=\"column\" data-e-type=\"column\">\n\t\t\t<div class=\"elementor-widget-wrap elementor-element-populated\">\n\t\t\t\t\t\t<div class=\"elementor-element elementor-element-ae2c3e4 elementor-widget elementor-widget-image\" data-id=\"ae2c3e4\" data-element_type=\"widget\" data-e-type=\"widget\" data-widget_type=\"image.default\">\n\t\t\t\t<div class=\"elementor-widget-container\">\n\t\t\t\t\t\t\t\t\t\t\t\t<figure class=\"wp-caption\">\n\t\t\t\t\t\t\t\t\t\t<img decoding=\"async\" width=\"1004\" height=\"499\" src=\"https:\/\/ihedn.fr\/wp-content\/uploads\/2023\/04\/Parlement-photo_groupe.jpg\" class=\"attachment-full size-full wp-image-38082\" alt=\"Arriv\u00e9e des auditeurs au parlement europ\u00e9en\" \/>\t\t\t\t\t\t\t\t\t\t\t<figcaption class=\"widget-image-caption wp-caption-text\">Arriv\u00e9e des auditeurs au parlement europ\u00e9en<\/figcaption>\n\t\t\t\t\t\t\t\t\t\t<\/figure>\n\t\t\t\t\t\t\t\t\t<\/div>\n\t\t\t\t<\/div>\n\t\t\t\t\t<\/div>\n\t\t<\/div>\n\t\t\t\t<div class=\"elementor-column elementor-col-50 elementor-inner-column elementor-element elementor-element-8d980bb\" data-id=\"8d980bb\" data-element_type=\"column\" data-e-type=\"column\">\n\t\t\t<div class=\"elementor-widget-wrap elementor-element-populated\">\n\t\t\t\t\t\t<div class=\"elementor-element elementor-element-70eb3f7 elementor-widget elementor-widget-image\" data-id=\"70eb3f7\" data-element_type=\"widget\" data-e-type=\"widget\" data-widget_type=\"image.default\">\n\t\t\t\t<div class=\"elementor-widget-container\">\n\t\t\t\t\t\t\t\t\t\t\t\t<figure class=\"wp-caption\">\n\t\t\t\t\t\t\t\t\t\t<img loading=\"lazy\" decoding=\"async\" width=\"1511\" height=\"1003\" src=\"https:\/\/ihedn.fr\/wp-content\/uploads\/2023\/04\/IMG_4225.jpg\" class=\"attachment-full size-full wp-image-38081\" alt=\"Olivier Le Sa\u00ebc en plein d\u00e9bat avec les auditeurs\" \/>\t\t\t\t\t\t\t\t\t\t\t<figcaption class=\"widget-image-caption wp-caption-text\">Olivier Le Sa\u00ebc en plein d\u00e9bat avec les auditeurs  <\/figcaption>\n\t\t\t\t\t\t\t\t\t\t<\/figure>\n\t\t\t\t\t\t\t\t\t<\/div>\n\t\t\t\t<\/div>\n\t\t\t\t\t<\/div>\n\t\t<\/div>\n\t\t\t\t\t<\/div>\n\t\t<\/section>\n\t\t\t\t\t<\/div>\n\t\t<\/div>\n\t\t\t\t\t<\/div>\n\t\t<\/section>\n\t\t\t\t<section data-particle_enable=\"false\" data-particle-mobile-disabled=\"false\" class=\"elementor-section elementor-top-section elementor-element elementor-element-47a1f6f elementor-section-boxed elementor-section-height-default elementor-section-height-default\" data-id=\"47a1f6f\" data-element_type=\"section\" data-e-type=\"section\">\n\t\t\t\t\t\t<div class=\"elementor-container elementor-column-gap-default\">\n\t\t\t\t\t<div class=\"elementor-column elementor-col-100 elementor-top-column elementor-element elementor-element-46d945d\" data-id=\"46d945d\" data-element_type=\"column\" data-e-type=\"column\">\n\t\t\t<div class=\"elementor-widget-wrap elementor-element-populated\">\n\t\t\t\t\t\t<div class=\"elementor-element elementor-element-3d19dce elementor-widget elementor-widget-text-editor\" data-id=\"3d19dce\" data-element_type=\"widget\" data-e-type=\"widget\" data-widget_type=\"text-editor.default\">\n\t\t\t\t<div class=\"elementor-widget-container\">\n\t\t\t\t\t\t\t\t\t<p>La visite de l\u2019h\u00e9micycle a constitu\u00e9 un moment fort pour les auditeurs qui ont touch\u00e9 du doigt la complexit\u00e9 d\u2019un fonctionnement \u00e0 27 \u00c9tats. On compte 705 parlementaires d\u00e9b\u00e2tant ensemble et b\u00e9n\u00e9ficiant d\u2019une traduction simultan\u00e9e, chacun dans sa langue maternelle.<\/p>\t\t\t\t\t\t\t\t<\/div>\n\t\t\t\t<\/div>\n\t\t\t\t<div class=\"elementor-element elementor-element-4eb5592 elementor-widget elementor-widget-image\" data-id=\"4eb5592\" data-element_type=\"widget\" data-e-type=\"widget\" data-widget_type=\"image.default\">\n\t\t\t\t<div class=\"elementor-widget-container\">\n\t\t\t\t\t\t\t\t\t\t\t\t<figure class=\"wp-caption\">\n\t\t\t\t\t\t\t\t\t\t<img loading=\"lazy\" decoding=\"async\" width=\"1016\" height=\"577\" src=\"https:\/\/ihedn.fr\/wp-content\/uploads\/2023\/04\/PVIS5169.jpg\" class=\"attachment-full size-full wp-image-38083\" alt=\"\" \/>\t\t\t\t\t\t\t\t\t\t\t<figcaption class=\"widget-image-caption wp-caption-text\"><\/figcaption>\n\t\t\t\t\t\t\t\t\t\t<\/figure>\n\t\t\t\t\t\t\t\t\t<\/div>\n\t\t\t\t<\/div>\n\t\t\t\t\t<\/div>\n\t\t<\/div>\n\t\t\t\t\t<\/div>\n\t\t<\/section>\n\t\t\t\t<section data-particle_enable=\"false\" data-particle-mobile-disabled=\"false\" class=\"elementor-section elementor-top-section elementor-element elementor-element-3a05d44 elementor-section-boxed elementor-section-height-default elementor-section-height-default\" data-id=\"3a05d44\" data-element_type=\"section\" data-e-type=\"section\">\n\t\t\t\t\t\t<div class=\"elementor-container elementor-column-gap-default\">\n\t\t\t\t\t<div class=\"elementor-column elementor-col-100 elementor-top-column elementor-element elementor-element-939d26d\" data-id=\"939d26d\" data-element_type=\"column\" data-e-type=\"column\">\n\t\t\t<div class=\"elementor-widget-wrap elementor-element-populated\">\n\t\t\t\t\t\t<div class=\"elementor-element elementor-element-322f2f9 elementor-widget elementor-widget-text-editor\" data-id=\"322f2f9\" data-element_type=\"widget\" data-e-type=\"widget\" data-widget_type=\"text-editor.default\">\n\t\t\t\t<div class=\"elementor-widget-container\">\n\t\t\t\t\t\t\t\t\t<p>D\u00e8s potron-minet le mardi 28 mars, les auditeurs ont appareill\u00e9 pour une journ\u00e9e sous le niveau de la mer \u00e0 \u00e9tudier la politique d\u2019un pays maritime par excellence : les Pays-Bas. Accueillis \u00e0 La Haye par <strong><span style=\"color: #000091;\">S.E.M. Fran\u00e7ois ALABRUNE<\/span><\/strong>, ambassadeur de France, et ses principaux conseillers, les auditeurs ont pris la mesure des relations bilat\u00e9rales souvent m\u00e9connues entre la France et les Pays-Bas.<\/p>\t\t\t\t\t\t\t\t<\/div>\n\t\t\t\t<\/div>\n\t\t\t\t<div class=\"elementor-element elementor-element-59984ed elementor-widget elementor-widget-image\" data-id=\"59984ed\" data-element_type=\"widget\" data-e-type=\"widget\" data-widget_type=\"image.default\">\n\t\t\t\t<div class=\"elementor-widget-container\">\n\t\t\t\t\t\t\t\t\t\t\t\t<figure class=\"wp-caption\">\n\t\t\t\t\t\t\t\t\t\t<img loading=\"lazy\" decoding=\"async\" width=\"1090\" height=\"800\" src=\"https:\/\/ihedn.fr\/wp-content\/uploads\/2023\/04\/2023-03-28-photo_ambassadeur_pupitre.jpeg\" class=\"attachment-full size-full wp-image-38068\" alt=\"Intervention de S.E.M. Fran\u00e7ois ALABRUNE\" \/>\t\t\t\t\t\t\t\t\t\t\t<figcaption class=\"widget-image-caption wp-caption-text\">Intervention de S.E.M. Fran\u00e7ois ALABRUNE <\/figcaption>\n\t\t\t\t\t\t\t\t\t\t<\/figure>\n\t\t\t\t\t\t\t\t\t<\/div>\n\t\t\t\t<\/div>\n\t\t\t\t\t<\/div>\n\t\t<\/div>\n\t\t\t\t\t<\/div>\n\t\t<\/section>\n\t\t\t\t<section data-particle_enable=\"false\" data-particle-mobile-disabled=\"false\" class=\"elementor-section elementor-top-section elementor-element elementor-element-d5eaf47 elementor-section-boxed elementor-section-height-default elementor-section-height-default\" data-id=\"d5eaf47\" data-element_type=\"section\" data-e-type=\"section\">\n\t\t\t\t\t\t<div class=\"elementor-container elementor-column-gap-default\">\n\t\t\t\t\t<div class=\"elementor-column elementor-col-100 elementor-top-column elementor-element elementor-element-26db59f\" data-id=\"26db59f\" data-element_type=\"column\" data-e-type=\"column\">\n\t\t\t<div class=\"elementor-widget-wrap elementor-element-populated\">\n\t\t\t\t\t\t<div class=\"elementor-element elementor-element-70c4cbf elementor-widget elementor-widget-text-editor\" data-id=\"70c4cbf\" data-element_type=\"widget\" data-e-type=\"widget\" data-widget_type=\"text-editor.default\">\n\t\t\t\t<div class=\"elementor-widget-container\">\n\t\t\t\t\t\t\t\t\t<p>Majoritairement \u00e9conomiques dans le pass\u00e9, ces relations se renforcent en effet tr\u00e8s rapidement dans les domaines de la d\u00e9fense et de la s\u00e9curit\u00e9. Les deux pays partagent des approches et des int\u00e9r\u00eats communs. Par ailleurs, ils disposent de forces militaires d\u2019un excellent niveau capables de conduire ensemble des op\u00e9rations de haute intensit\u00e9. Les deux tables-rondes organis\u00e9es par l\u2019ambassade ont donn\u00e9 lieu \u00e0 de riches d\u00e9bats. La premi\u00e8re sur la politique maritime int\u00e9gr\u00e9e n\u00e9erlandaise fut articul\u00e9e autour des deux interventions particuli\u00e8rement riches de <strong><span style=\"color: #000091;\">M. Lodewijk ABSPOEL<\/span><\/strong> du minist\u00e8re des infrastructures et de l\u2019eau, une conseill\u00e8re pour la s\u00e9curit\u00e9 aupr\u00e8s du Premier ministre et du <strong><span style=\"color: #000091;\">capitaine de vaisseau Ivo MOERMAN<\/span><\/strong>, directeur de la strat\u00e9gie de la Marine n\u00e9erlandaise.<\/p>\t\t\t\t\t\t\t\t<\/div>\n\t\t\t\t<\/div>\n\t\t\t\t\t<\/div>\n\t\t<\/div>\n\t\t\t\t\t<\/div>\n\t\t<\/section>\n\t\t\t\t<section data-particle_enable=\"false\" data-particle-mobile-disabled=\"false\" class=\"elementor-section elementor-top-section elementor-element elementor-element-d1ddace elementor-section-boxed elementor-section-height-default elementor-section-height-default\" data-id=\"d1ddace\" data-element_type=\"section\" data-e-type=\"section\">\n\t\t\t\t\t\t<div class=\"elementor-container elementor-column-gap-default\">\n\t\t\t\t\t<div class=\"elementor-column elementor-col-100 elementor-top-column elementor-element elementor-element-63f73e1\" data-id=\"63f73e1\" data-element_type=\"column\" data-e-type=\"column\">\n\t\t\t<div class=\"elementor-widget-wrap elementor-element-populated\">\n\t\t\t\t\t\t<div class=\"elementor-element elementor-element-00ceae9 elementor-widget elementor-widget-image\" data-id=\"00ceae9\" data-element_type=\"widget\" data-e-type=\"widget\" data-widget_type=\"image.default\">\n\t\t\t\t<div class=\"elementor-widget-container\">\n\t\t\t\t\t\t\t\t\t\t\t\t<figure class=\"wp-caption\">\n\t\t\t\t\t\t\t\t\t\t<img loading=\"lazy\" decoding=\"async\" width=\"1511\" height=\"1122\" src=\"https:\/\/ihedn.fr\/wp-content\/uploads\/2023\/04\/RFKN8712-1.jpg\" class=\"attachment-full size-full wp-image-38084\" alt=\"Table ronde sur la politique maritime int\u00e9gr\u00e9e des Pays Bas\" \/>\t\t\t\t\t\t\t\t\t\t\t<figcaption class=\"widget-image-caption wp-caption-text\">Table ronde sur la politique maritime int\u00e9gr\u00e9e des Pays Bas<\/figcaption>\n\t\t\t\t\t\t\t\t\t\t<\/figure>\n\t\t\t\t\t\t\t\t\t<\/div>\n\t\t\t\t<\/div>\n\t\t\t\t\t<\/div>\n\t\t<\/div>\n\t\t\t\t\t<\/div>\n\t\t<\/section>\n\t\t\t\t<section data-particle_enable=\"false\" data-particle-mobile-disabled=\"false\" class=\"elementor-section elementor-top-section elementor-element elementor-element-d169bff elementor-section-boxed elementor-section-height-default elementor-section-height-default\" data-id=\"d169bff\" data-element_type=\"section\" data-e-type=\"section\">\n\t\t\t\t\t\t<div class=\"elementor-container elementor-column-gap-default\">\n\t\t\t\t\t<div class=\"elementor-column elementor-col-100 elementor-top-column elementor-element elementor-element-f513502\" data-id=\"f513502\" data-element_type=\"column\" data-e-type=\"column\">\n\t\t\t<div class=\"elementor-widget-wrap elementor-element-populated\">\n\t\t\t\t\t\t<div class=\"elementor-element elementor-element-69f8046 elementor-widget elementor-widget-text-editor\" data-id=\"69f8046\" data-element_type=\"widget\" data-e-type=\"widget\" data-widget_type=\"text-editor.default\">\n\t\t\t\t<div class=\"elementor-widget-container\">\n\t\t\t\t\t\t\t\t\t<p>La seconde table ronde a port\u00e9 sur la s\u00e9curit\u00e9 portuaire avec les interventions de <strong><span style=\"color: #000091;\">M. Tom SCHOEN<\/span><\/strong>, conseiller pour la s\u00e9curit\u00e9 portuaire au minist\u00e8re des infrastructures et de l\u2019eau, et de <strong><span style=\"color: #000091;\">Mme. Kimini DELFOS<\/span><\/strong>, responsable du programme \u00ab\u00a0Protection des infrastructures de la mer du Nord\u00a0\u00bb et des cons\u00e9quences de la guerre en Ukraine. Les auditeurs ont ainsi pu d\u00e9battre des grands enjeux li\u00e9s \u00e0 la lutte contre les diff\u00e9rentes formes de criminalit\u00e9 et de mieux mesurer combien le terrorisme, la cybers\u00e9curit\u00e9 et la lutte contre les trafics de stup\u00e9fiants notamment sont au c\u0153ur des pr\u00e9occupation du gouvernement n\u00e9erlandais.<\/p>\t\t\t\t\t\t\t\t<\/div>\n\t\t\t\t<\/div>\n\t\t\t\t\t<\/div>\n\t\t<\/div>\n\t\t\t\t\t<\/div>\n\t\t<\/section>\n\t\t\t\t<section data-particle_enable=\"false\" data-particle-mobile-disabled=\"false\" class=\"elementor-section elementor-top-section elementor-element elementor-element-581239a elementor-section-boxed elementor-section-height-default elementor-section-height-default\" data-id=\"581239a\" data-element_type=\"section\" data-e-type=\"section\">\n\t\t\t\t\t\t<div class=\"elementor-container elementor-column-gap-default\">\n\t\t\t\t\t<div class=\"elementor-column elementor-col-100 elementor-top-column elementor-element elementor-element-5436235\" data-id=\"5436235\" data-element_type=\"column\" data-e-type=\"column\">\n\t\t\t<div class=\"elementor-widget-wrap elementor-element-populated\">\n\t\t\t\t\t\t<div class=\"elementor-element elementor-element-3e0e3c1 elementor-widget elementor-widget-image\" data-id=\"3e0e3c1\" data-element_type=\"widget\" data-e-type=\"widget\" data-widget_type=\"image.default\">\n\t\t\t\t<div class=\"elementor-widget-container\">\n\t\t\t\t\t\t\t\t\t\t\t\t<figure class=\"wp-caption\">\n\t\t\t\t\t\t\t\t\t\t<img loading=\"lazy\" decoding=\"async\" width=\"1485\" height=\"1022\" src=\"https:\/\/ihedn.fr\/wp-content\/uploads\/2023\/04\/TR_berniaud.jpg\" class=\"attachment-full size-full wp-image-38085\" alt=\"Table ronde sur la s\u00e9curit\u00e9 portuaire\" \/>\t\t\t\t\t\t\t\t\t\t\t<figcaption class=\"widget-image-caption wp-caption-text\">Table ronde sur la s\u00e9curit\u00e9 portuaire <\/figcaption>\n\t\t\t\t\t\t\t\t\t\t<\/figure>\n\t\t\t\t\t\t\t\t\t<\/div>\n\t\t\t\t<\/div>\n\t\t\t\t\t<\/div>\n\t\t<\/div>\n\t\t\t\t\t<\/div>\n\t\t<\/section>\n\t\t\t\t<section data-particle_enable=\"false\" data-particle-mobile-disabled=\"false\" class=\"elementor-section elementor-top-section elementor-element elementor-element-47b9c99 elementor-section-boxed elementor-section-height-default elementor-section-height-default\" data-id=\"47b9c99\" data-element_type=\"section\" data-e-type=\"section\">\n\t\t\t\t\t\t<div class=\"elementor-container elementor-column-gap-default\">\n\t\t\t\t\t<div class=\"elementor-column elementor-col-100 elementor-top-column elementor-element elementor-element-a2e29b6\" data-id=\"a2e29b6\" data-element_type=\"column\" data-e-type=\"column\">\n\t\t\t<div class=\"elementor-widget-wrap elementor-element-populated\">\n\t\t\t\t\t\t<div class=\"elementor-element elementor-element-196ae9e elementor-widget elementor-widget-text-editor\" data-id=\"196ae9e\" data-element_type=\"widget\" data-e-type=\"widget\" data-widget_type=\"text-editor.default\">\n\t\t\t\t<div class=\"elementor-widget-container\">\n\t\t\t\t\t\t\t\t\t<p>Les auditeurs ont ainsi pu d\u00e9couvrir les nombreux points de convergence entre les deux pays. Mais ils ont surtout d\u00e9couvert une tr\u00e8s forte culture de la n\u00e9gociation, du compromis et du consensus, symbolis\u00e9 par le traditionnel \u00ab mod\u00e8le polder \u00bb, dont les Fran\u00e7ais pourraient s\u2019inspirer plus souvent.<\/p>\t\t\t\t\t\t\t\t<\/div>\n\t\t\t\t<\/div>\n\t\t\t\t\t<\/div>\n\t\t<\/div>\n\t\t\t\t\t<\/div>\n\t\t<\/section>\n\t\t\t\t<section data-particle_enable=\"false\" data-particle-mobile-disabled=\"false\" class=\"elementor-section elementor-top-section elementor-element elementor-element-2c294e9 elementor-section-boxed elementor-section-height-default elementor-section-height-default\" data-id=\"2c294e9\" data-element_type=\"section\" data-e-type=\"section\">\n\t\t\t\t\t\t<div class=\"elementor-container elementor-column-gap-default\">\n\t\t\t\t\t<div class=\"elementor-column elementor-col-100 elementor-top-column elementor-element elementor-element-1720840\" data-id=\"1720840\" data-element_type=\"column\" data-e-type=\"column\">\n\t\t\t<div class=\"elementor-widget-wrap elementor-element-populated\">\n\t\t\t\t\t\t<div class=\"elementor-element elementor-element-8ccc359 elementor-widget elementor-widget-image\" data-id=\"8ccc359\" data-element_type=\"widget\" data-e-type=\"widget\" data-widget_type=\"image.default\">\n\t\t\t\t<div class=\"elementor-widget-container\">\n\t\t\t\t\t\t\t\t\t\t\t\t<figure class=\"wp-caption\">\n\t\t\t\t\t\t\t\t\t\t<img loading=\"lazy\" decoding=\"async\" width=\"1478\" height=\"1034\" src=\"https:\/\/ihedn.fr\/wp-content\/uploads\/2023\/04\/2023-03-28-photo_groupe_ambassade.jpeg\" class=\"attachment-full size-full wp-image-38069\" alt=\"Devant l\u2019ambassade de France autour de S.E.M. Fran\u00e7ois ALABRUNE\" \/>\t\t\t\t\t\t\t\t\t\t\t<figcaption class=\"widget-image-caption wp-caption-text\">Devant l\u2019ambassade de France autour de S.E.M. Fran\u00e7ois ALABRUNE <\/figcaption>\n\t\t\t\t\t\t\t\t\t\t<\/figure>\n\t\t\t\t\t\t\t\t\t<\/div>\n\t\t\t\t<\/div>\n\t\t\t\t\t<\/div>\n\t\t<\/div>\n\t\t\t\t\t<\/div>\n\t\t<\/section>\n\t\t\t\t<section data-particle_enable=\"false\" data-particle-mobile-disabled=\"false\" class=\"elementor-section elementor-top-section elementor-element elementor-element-9acd7f1 elementor-section-boxed elementor-section-height-default elementor-section-height-default\" data-id=\"9acd7f1\" data-element_type=\"section\" data-e-type=\"section\">\n\t\t\t\t\t\t<div class=\"elementor-container elementor-column-gap-default\">\n\t\t\t\t\t<div class=\"elementor-column elementor-col-100 elementor-top-column elementor-element elementor-element-77f3b15\" data-id=\"77f3b15\" data-element_type=\"column\" data-e-type=\"column\">\n\t\t\t<div class=\"elementor-widget-wrap elementor-element-populated\">\n\t\t\t\t\t\t<div class=\"elementor-element elementor-element-1293c65 elementor-widget elementor-widget-text-editor\" data-id=\"1293c65\" data-element_type=\"widget\" data-e-type=\"widget\" data-widget_type=\"text-editor.default\">\n\t\t\t\t<div class=\"elementor-widget-container\">\n\t\t\t\t\t\t\t\t\t<p>Cette longue journ\u00e9e s\u2019est termin\u00e9e avec la pr\u00e9sentation du port de Rotterdam, premier port europ\u00e9en par <strong><span style=\"color: #000091;\">M. Mark DIJK<\/span><\/strong>, directeur des relations ext\u00e9rieures de l\u2019Autorit\u00e9 portuaire de Rotterdam. Avec une approche tr\u00e8s \u00e9conomique et une parfaite connaissance du monde maritime, il a pr\u00e9sent\u00e9 les d\u00e9fis relev\u00e9s par le port de Rotterdam, et le d\u00e9veloppement de ce hub impressionnant qui repr\u00e9sente \u00e0 lui seul plus de 8.5\u00a0% du PIB du pays. Apr\u00e8s ce moment fort de la mission, les auditeurs rejoignirent Bruxelles pour un repos bien m\u00e9rit\u00e9.<\/p>\t\t\t\t\t\t\t\t<\/div>\n\t\t\t\t<\/div>\n\t\t\t\t\t<\/div>\n\t\t<\/div>\n\t\t\t\t\t<\/div>\n\t\t<\/section>\n\t\t\t\t<section data-particle_enable=\"false\" data-particle-mobile-disabled=\"false\" class=\"elementor-section elementor-top-section elementor-element elementor-element-2640c67 elementor-section-boxed elementor-section-height-default elementor-section-height-default\" data-id=\"2640c67\" data-element_type=\"section\" data-e-type=\"section\">\n\t\t\t\t\t\t<div class=\"elementor-container elementor-column-gap-default\">\n\t\t\t\t\t<div class=\"elementor-column elementor-col-100 elementor-top-column elementor-element elementor-element-e163713\" data-id=\"e163713\" data-element_type=\"column\" data-e-type=\"column\">\n\t\t\t<div class=\"elementor-widget-wrap elementor-element-populated\">\n\t\t\t\t\t\t<div class=\"elementor-element elementor-element-2220352 elementor-widget elementor-widget-image\" data-id=\"2220352\" data-element_type=\"widget\" data-e-type=\"widget\" data-widget_type=\"image.default\">\n\t\t\t\t<div class=\"elementor-widget-container\">\n\t\t\t\t\t\t\t\t\t\t\t\t<figure class=\"wp-caption\">\n\t\t\t\t\t\t\t\t\t\t<img loading=\"lazy\" decoding=\"async\" width=\"1511\" height=\"902\" src=\"https:\/\/ihedn.fr\/wp-content\/uploads\/2023\/04\/g.jpg\" class=\"attachment-full size-full wp-image-38079\" alt=\"Pr\u00e9sentation du port de Rotterdam, premier port europ\u00e9en par M. Mark DIJK, directeur des relations ext\u00e9rieures de l\u2019Autorit\u00e9 portuaire de Rotterdam\" \/>\t\t\t\t\t\t\t\t\t\t\t<figcaption class=\"widget-image-caption wp-caption-text\">Pr\u00e9sentation du port de Rotterdam, premier port europ\u00e9en par M. Mark DIJK, directeur des relations ext\u00e9rieures de l\u2019Autorit\u00e9 portuaire de Rotterdam<\/figcaption>\n\t\t\t\t\t\t\t\t\t\t<\/figure>\n\t\t\t\t\t\t\t\t\t<\/div>\n\t\t\t\t<\/div>\n\t\t\t\t\t<\/div>\n\t\t<\/div>\n\t\t\t\t\t<\/div>\n\t\t<\/section>\n\t\t\t\t<section data-particle_enable=\"false\" data-particle-mobile-disabled=\"false\" class=\"elementor-section elementor-top-section elementor-element elementor-element-cf46a3e elementor-section-boxed elementor-section-height-default elementor-section-height-default\" data-id=\"cf46a3e\" data-element_type=\"section\" data-e-type=\"section\">\n\t\t\t\t\t\t<div class=\"elementor-container elementor-column-gap-default\">\n\t\t\t\t\t<div class=\"elementor-column elementor-col-100 elementor-top-column elementor-element elementor-element-f8c1682\" data-id=\"f8c1682\" data-element_type=\"column\" data-e-type=\"column\">\n\t\t\t<div class=\"elementor-widget-wrap elementor-element-populated\">\n\t\t\t\t\t\t<div class=\"elementor-element elementor-element-02f8929 elementor-widget elementor-widget-text-editor\" data-id=\"02f8929\" data-element_type=\"widget\" data-e-type=\"widget\" data-widget_type=\"text-editor.default\">\n\t\t\t\t<div class=\"elementor-widget-container\">\n\t\t\t\t\t\t\t\t\t<p>Le troisi\u00e8me jour de la mission a permis d\u2019approfondir plusieurs domaines strat\u00e9giques de la politique maritime int\u00e9gr\u00e9e (PMI) de l\u2019Union europ\u00e9enne.<\/p><p>Une premi\u00e8re table ronde sur la coop\u00e9ration structur\u00e9e permanente (CSP) a rassembl\u00e9 <strong><span style=\"color: #000091;\">l\u2019ing\u00e9nieur g\u00e9n\u00e9ral de l\u2019armement Raymond LEVET<\/span><\/strong>, Conseiller armement UE\/OTAN au sein de la RPUE et <strong><span style=\"color: #000091;\">Fran\u00e7ois DUPONT<\/span><\/strong>, repr\u00e9sentant \u00e0 Bruxelles de naval Group. Sans m\u00e9conna\u00eetre la fragmentation trop importante en Europe de l\u2019industrie de d\u00e9fense et les difficult\u00e9s li\u00e9es \u00e0 la dur\u00e9e des processus d\u2019appel \u00e0 projet, ils ont soulign\u00e9 les importants progr\u00e8s r\u00e9alis\u00e9s en quelques ann\u00e9es dans le domaine capacitaire, notamment avec le fond europ\u00e9en de d\u00e9fense (FED) et surtout la guerre en Ukraine qui a donn\u00e9 une nouvelle dynamique \u00e0 la facilit\u00e9 europ\u00e9enne de paix (FEP), instrument qui a permis \u00e0 l\u2019UE d\u2019apporter une aide militaire \u00e0 ce pays avec une r\u00e9activit\u00e9 remarquable.<\/p>\t\t\t\t\t\t\t\t<\/div>\n\t\t\t\t<\/div>\n\t\t\t\t\t<\/div>\n\t\t<\/div>\n\t\t\t\t\t<\/div>\n\t\t<\/section>\n\t\t\t\t<section data-particle_enable=\"false\" data-particle-mobile-disabled=\"false\" class=\"elementor-section elementor-top-section elementor-element elementor-element-15930f7 elementor-section-boxed elementor-section-height-default elementor-section-height-default\" data-id=\"15930f7\" data-element_type=\"section\" data-e-type=\"section\">\n\t\t\t\t\t\t<div class=\"elementor-container elementor-column-gap-default\">\n\t\t\t\t\t<div class=\"elementor-column elementor-col-100 elementor-top-column elementor-element elementor-element-77dd06e\" data-id=\"77dd06e\" data-element_type=\"column\" data-e-type=\"column\">\n\t\t\t<div class=\"elementor-widget-wrap elementor-element-populated\">\n\t\t\t\t\t\t<div class=\"elementor-element elementor-element-6d284f0 elementor-widget elementor-widget-image\" data-id=\"6d284f0\" data-element_type=\"widget\" data-e-type=\"widget\" data-widget_type=\"image.default\">\n\t\t\t\t<div class=\"elementor-widget-container\">\n\t\t\t\t\t\t\t\t\t\t\t\t<figure class=\"wp-caption\">\n\t\t\t\t\t\t\t\t\t\t<img loading=\"lazy\" decoding=\"async\" width=\"1511\" height=\"852\" src=\"https:\/\/ihedn.fr\/wp-content\/uploads\/2023\/04\/f.jpg\" class=\"attachment-full size-full wp-image-38077\" alt=\"Table ronde sur la coop\u00e9ration structur\u00e9e permanente\" \/>\t\t\t\t\t\t\t\t\t\t\t<figcaption class=\"widget-image-caption wp-caption-text\">Table ronde sur la coop\u00e9ration structur\u00e9e permanente<\/figcaption>\n\t\t\t\t\t\t\t\t\t\t<\/figure>\n\t\t\t\t\t\t\t\t\t<\/div>\n\t\t\t\t<\/div>\n\t\t\t\t\t<\/div>\n\t\t<\/div>\n\t\t\t\t\t<\/div>\n\t\t<\/section>\n\t\t\t\t<section data-particle_enable=\"false\" data-particle-mobile-disabled=\"false\" class=\"elementor-section elementor-top-section elementor-element elementor-element-fc813f1 elementor-section-boxed elementor-section-height-default elementor-section-height-default\" data-id=\"fc813f1\" data-element_type=\"section\" data-e-type=\"section\">\n\t\t\t\t\t\t<div class=\"elementor-container elementor-column-gap-default\">\n\t\t\t\t\t<div class=\"elementor-column elementor-col-100 elementor-top-column elementor-element elementor-element-861fc43\" data-id=\"861fc43\" data-element_type=\"column\" data-e-type=\"column\">\n\t\t\t<div class=\"elementor-widget-wrap elementor-element-populated\">\n\t\t\t\t\t\t<div class=\"elementor-element elementor-element-434413d elementor-widget elementor-widget-text-editor\" data-id=\"434413d\" data-element_type=\"widget\" data-e-type=\"widget\" data-widget_type=\"text-editor.default\">\n\t\t\t\t<div class=\"elementor-widget-container\">\n\t\t\t\t\t\t\t\t\t<p>La deuxi\u00e8me table ronde sur la strat\u00e9gie de suret\u00e9 maritime de l\u2019UE (SSMUE) et son plan d\u2019action qui viennent d\u2019\u00eatre r\u00e9actualis\u00e9s a rassembl\u00e9 <strong><span style=\"color: #000091;\">J\u00e9r\u00f4me Montagu<\/span><\/strong> du service europ\u00e9en de l\u2019action ext\u00e9rieure (SEAE) et <span style=\"color: #000091;\"><strong>Christos THEOPHILOU<\/strong><\/span> de la DG Mare. Les d\u00e9bats ont mis en \u00e9vidence le caract\u00e8re plan\u00e9taire de risques croissants dans le domaine maritime (piraterie, p\u00eache ill\u00e9gale\u2026) et la n\u00e9cessit\u00e9 pour l\u2019UE d\u2019avoir une politique de s\u00fbret\u00e9 maritime incluant des zones aussi lointaines que l\u2019Indo-Pacifique. Pour ce faire, une action commune des \u00c9tats-membres inspir\u00e9e par la boussole strat\u00e9gique a redonn\u00e9 une nouvelle impulsion \u00e0 la CSP, mais surtout \u00e0 la pr\u00e9sence maritime coordonn\u00e9e qui ayant \u00e9t\u00e9 tr\u00e8s efficace dans le golfe de Guin\u00e9e, est \u00e9tendue \u00e0 la M\u00e9diterran\u00e9e et au nord de l\u2019oc\u00e9an Indien. Cette PMC pourra bient\u00f4t b\u00e9n\u00e9ficier de l\u2019aboutissement, au plus tard en 2025, du projet CISE (<em>common information sharing environment<\/em>) qui doit en \u00eatre la cl\u00e9 de vo\u00fbte.<\/p>\t\t\t\t\t\t\t\t<\/div>\n\t\t\t\t<\/div>\n\t\t\t\t\t<\/div>\n\t\t<\/div>\n\t\t\t\t\t<\/div>\n\t\t<\/section>\n\t\t\t\t<section data-particle_enable=\"false\" data-particle-mobile-disabled=\"false\" class=\"elementor-section elementor-top-section elementor-element elementor-element-c00538a elementor-section-boxed elementor-section-height-default elementor-section-height-default\" data-id=\"c00538a\" data-element_type=\"section\" data-e-type=\"section\">\n\t\t\t\t\t\t<div class=\"elementor-container elementor-column-gap-default\">\n\t\t\t\t\t<div class=\"elementor-column elementor-col-100 elementor-top-column elementor-element elementor-element-4f84c77\" data-id=\"4f84c77\" data-element_type=\"column\" data-e-type=\"column\">\n\t\t\t<div class=\"elementor-widget-wrap elementor-element-populated\">\n\t\t\t\t\t\t<div class=\"elementor-element elementor-element-d0ab5db elementor-widget elementor-widget-image\" data-id=\"d0ab5db\" data-element_type=\"widget\" data-e-type=\"widget\" data-widget_type=\"image.default\">\n\t\t\t\t<div class=\"elementor-widget-container\">\n\t\t\t\t\t\t\t\t\t\t\t\t<figure class=\"wp-caption\">\n\t\t\t\t\t\t\t\t\t\t<img loading=\"lazy\" decoding=\"async\" width=\"1511\" height=\"954\" src=\"https:\/\/ihedn.fr\/wp-content\/uploads\/2023\/04\/e.jpg\" class=\"attachment-full size-full wp-image-38076\" alt=\"J\u00e9r\u00f4me Montagu et Christos THEOPHILOU r\u00e9pondant aux questions des auditeurs\" \/>\t\t\t\t\t\t\t\t\t\t\t<figcaption class=\"widget-image-caption wp-caption-text\">J\u00e9r\u00f4me Montagu et Christos THEOPHILOU r\u00e9pondant aux questions des auditeurs<\/figcaption>\n\t\t\t\t\t\t\t\t\t\t<\/figure>\n\t\t\t\t\t\t\t\t\t<\/div>\n\t\t\t\t<\/div>\n\t\t\t\t\t<\/div>\n\t\t<\/div>\n\t\t\t\t\t<\/div>\n\t\t<\/section>\n\t\t\t\t<section data-particle_enable=\"false\" data-particle-mobile-disabled=\"false\" class=\"elementor-section elementor-top-section elementor-element elementor-element-b7f88cc elementor-section-boxed elementor-section-height-default elementor-section-height-default\" data-id=\"b7f88cc\" data-element_type=\"section\" data-e-type=\"section\">\n\t\t\t\t\t\t<div class=\"elementor-container elementor-column-gap-default\">\n\t\t\t\t\t<div class=\"elementor-column elementor-col-100 elementor-top-column elementor-element elementor-element-a4249a2\" data-id=\"a4249a2\" data-element_type=\"column\" data-e-type=\"column\">\n\t\t\t<div class=\"elementor-widget-wrap elementor-element-populated\">\n\t\t\t\t\t\t<div class=\"elementor-element elementor-element-8695d68 elementor-widget elementor-widget-text-editor\" data-id=\"8695d68\" data-element_type=\"widget\" data-e-type=\"widget\" data-widget_type=\"text-editor.default\">\n\t\t\t\t<div class=\"elementor-widget-container\">\n\t\t\t\t\t\t\t\t\t<p>Apr\u00e8s le d\u00e9jeuner, la r\u00e9flexion a port\u00e9 sur l\u2019action de l\u2019UE dans des zones maritimes strat\u00e9giques du globe, du Golfe de Guin\u00e9e \u00e0 l\u2019Asie, avec <span style=\"color: #000091;\"><strong>le capitaine de fr\u00e9gate R\u00e9my GOARDOU<\/strong><\/span> et <strong><span style=\"color: #000091;\">Pierre FERMIGIER<\/span><\/strong>, tous deux du SEAE et respectivement charg\u00e9s de l\u2019Afrique et de l\u2019Indo-Pacifique. Les auditeurs ont ainsi pu constater la volont\u00e9 de l\u2019UE de se positionner sur le plan maritime comme un acteur mondial et de d\u00e9couvrir les d\u00e9tails de la mise en \u0153uvre de la PMC pilot\u00e9e par la cellule de coordination des espace maritimes (MAIC<a href=\"#_ftn1\" name=\"_ftnref1\">[1]<\/a>).\u00a0<\/p><p style=\"text-align: right;\"><a href=\"#_ftnref1\" name=\"_ftn1\">[1]<\/a> Maritime areas coordination cell.<\/p>\t\t\t\t\t\t\t\t<\/div>\n\t\t\t\t<\/div>\n\t\t\t\t\t<\/div>\n\t\t<\/div>\n\t\t\t\t\t<\/div>\n\t\t<\/section>\n\t\t\t\t<section data-particle_enable=\"false\" data-particle-mobile-disabled=\"false\" class=\"elementor-section elementor-top-section elementor-element elementor-element-2b0ff96 elementor-section-boxed elementor-section-height-default elementor-section-height-default\" data-id=\"2b0ff96\" data-element_type=\"section\" data-e-type=\"section\">\n\t\t\t\t\t\t<div class=\"elementor-container elementor-column-gap-default\">\n\t\t\t\t\t<div class=\"elementor-column elementor-col-100 elementor-top-column elementor-element elementor-element-b0ca8ea\" data-id=\"b0ca8ea\" data-element_type=\"column\" data-e-type=\"column\">\n\t\t\t<div class=\"elementor-widget-wrap elementor-element-populated\">\n\t\t\t\t\t\t<div class=\"elementor-element elementor-element-d247faa elementor-widget elementor-widget-image\" data-id=\"d247faa\" data-element_type=\"widget\" data-e-type=\"widget\" data-widget_type=\"image.default\">\n\t\t\t\t<div class=\"elementor-widget-container\">\n\t\t\t\t\t\t\t\t\t\t\t\t<figure class=\"wp-caption\">\n\t\t\t\t\t\t\t\t\t\t<img loading=\"lazy\" decoding=\"async\" width=\"1511\" height=\"1125\" src=\"https:\/\/ihedn.fr\/wp-content\/uploads\/2023\/04\/c.jpg\" class=\"attachment-full size-full wp-image-38072\" alt=\"R\u00e9my GOARDOU et Pierre FERMIGIER expliquant le positionnement maritime de l\u2019UE dans le monde\" \/>\t\t\t\t\t\t\t\t\t\t\t<figcaption class=\"widget-image-caption wp-caption-text\">R\u00e9my GOARDOU et Pierre FERMIGIER expliquant le positionnement maritime de l\u2019UE dans le monde<\/figcaption>\n\t\t\t\t\t\t\t\t\t\t<\/figure>\n\t\t\t\t\t\t\t\t\t<\/div>\n\t\t\t\t<\/div>\n\t\t\t\t\t<\/div>\n\t\t<\/div>\n\t\t\t\t\t<\/div>\n\t\t<\/section>\n\t\t\t\t<section data-particle_enable=\"false\" data-particle-mobile-disabled=\"false\" class=\"elementor-section elementor-top-section elementor-element elementor-element-c85bf61 elementor-section-boxed elementor-section-height-default elementor-section-height-default\" data-id=\"c85bf61\" data-element_type=\"section\" data-e-type=\"section\">\n\t\t\t\t\t\t<div class=\"elementor-container elementor-column-gap-default\">\n\t\t\t\t\t<div class=\"elementor-column elementor-col-100 elementor-top-column elementor-element elementor-element-77e36f9\" data-id=\"77e36f9\" data-element_type=\"column\" data-e-type=\"column\">\n\t\t\t<div class=\"elementor-widget-wrap elementor-element-populated\">\n\t\t\t\t\t\t<div class=\"elementor-element elementor-element-f003642 elementor-widget elementor-widget-text-editor\" data-id=\"f003642\" data-element_type=\"widget\" data-e-type=\"widget\" data-widget_type=\"text-editor.default\">\n\t\t\t\t<div class=\"elementor-widget-container\">\n\t\t\t\t\t\t\t\t\t<p><span style=\"color: #000091;\"><strong>F\u00e9lix LEINEMANN<\/strong><\/span>, de la DG MARE, grand ami de l\u2019IHEDN, a ensuite pr\u00e9sent\u00e9 la nouvelle approche de l\u2019UE pour une \u00e9conomie bleue durable qui, au-del\u00e0 de la croissance bleue pr\u00e9c\u00e9dente limit\u00e9e \u00e0 quelques secteurs, aborde la totalit\u00e9 des domaines de l\u2019\u00e9conomie maritime. Une nouvelle approche qui s\u2019appuie sur la transformation des cha\u00eenes de valeur selon quatre piliers\u00a0: la d\u00e9carbonation, la protection de la biodiversit\u00e9, une alimentation et une r\u00e9partition de l\u2019eau responsables, et la promotion d\u2019une \u00e9conomie circulaire visant notamment une forte r\u00e9duction de la production de plastiques.<\/p>\t\t\t\t\t\t\t\t<\/div>\n\t\t\t\t<\/div>\n\t\t\t\t\t<\/div>\n\t\t<\/div>\n\t\t\t\t\t<\/div>\n\t\t<\/section>\n\t\t\t\t<section data-particle_enable=\"false\" data-particle-mobile-disabled=\"false\" class=\"elementor-section elementor-top-section elementor-element elementor-element-b764105 elementor-section-boxed elementor-section-height-default elementor-section-height-default\" data-id=\"b764105\" data-element_type=\"section\" data-e-type=\"section\">\n\t\t\t\t\t\t<div class=\"elementor-container elementor-column-gap-default\">\n\t\t\t\t\t<div class=\"elementor-column elementor-col-100 elementor-top-column elementor-element elementor-element-cff0444\" data-id=\"cff0444\" data-element_type=\"column\" data-e-type=\"column\">\n\t\t\t<div class=\"elementor-widget-wrap elementor-element-populated\">\n\t\t\t\t\t\t<div class=\"elementor-element elementor-element-0ebd7ab elementor-widget elementor-widget-image\" data-id=\"0ebd7ab\" data-element_type=\"widget\" data-e-type=\"widget\" data-widget_type=\"image.default\">\n\t\t\t\t<div class=\"elementor-widget-container\">\n\t\t\t\t\t\t\t\t\t\t\t\t<figure class=\"wp-caption\">\n\t\t\t\t\t\t\t\t\t\t<img loading=\"lazy\" decoding=\"async\" width=\"1511\" height=\"834\" src=\"https:\/\/ihedn.fr\/wp-content\/uploads\/2023\/04\/b.jpg\" class=\"attachment-full size-full wp-image-38071\" alt=\"Felix LEINEMANN exposant l\u2019approche de l\u2019UE pour une \u00e9conomie bleue\" \/>\t\t\t\t\t\t\t\t\t\t\t<figcaption class=\"widget-image-caption wp-caption-text\">Felix LEINEMANN exposant l\u2019approche de l\u2019UE pour une \u00e9conomie bleue<\/figcaption>\n\t\t\t\t\t\t\t\t\t\t<\/figure>\n\t\t\t\t\t\t\t\t\t<\/div>\n\t\t\t\t<\/div>\n\t\t\t\t\t<\/div>\n\t\t<\/div>\n\t\t\t\t\t<\/div>\n\t\t<\/section>\n\t\t\t\t<section data-particle_enable=\"false\" data-particle-mobile-disabled=\"false\" class=\"elementor-section elementor-top-section elementor-element elementor-element-7bf5d91 elementor-section-boxed elementor-section-height-default elementor-section-height-default\" data-id=\"7bf5d91\" data-element_type=\"section\" data-e-type=\"section\">\n\t\t\t\t\t\t<div class=\"elementor-container elementor-column-gap-default\">\n\t\t\t\t\t<div class=\"elementor-column elementor-col-100 elementor-top-column elementor-element elementor-element-7faa847\" data-id=\"7faa847\" data-element_type=\"column\" data-e-type=\"column\">\n\t\t\t<div class=\"elementor-widget-wrap elementor-element-populated\">\n\t\t\t\t\t\t<div class=\"elementor-element elementor-element-cd7d7f5 elementor-widget elementor-widget-text-editor\" data-id=\"cd7d7f5\" data-element_type=\"widget\" data-e-type=\"widget\" data-widget_type=\"text-editor.default\">\n\t\t\t\t<div class=\"elementor-widget-container\">\n\t\t\t\t\t\t\t\t\t<p>L\u2019apr\u00e8s-midi a continu\u00e9 avec <strong><span style=\"color: #000091;\">Th\u00e9o BARBE<\/span><\/strong> et <strong><span style=\"color: #000091;\">Paul AVRILLIER<\/span><\/strong>, conseillers \u00ab p\u00eache \u00bb et \u00ab transport \u00bb de la RPUE. Ces derniers ont permis aux auditeurs de d\u00e9couvrir la bonne gestion de ces sujets par la politique maritime int\u00e9gr\u00e9e de l\u2019Union, notamment comment la politique commune de la p\u00eache a permis la reconstitution de certains stocks de poissons et comment l\u2019UE d\u00e9cline en son sein les pr\u00e9conisations de l\u2019OMI.<\/p>\t\t\t\t\t\t\t\t<\/div>\n\t\t\t\t<\/div>\n\t\t\t\t\t<\/div>\n\t\t<\/div>\n\t\t\t\t\t<\/div>\n\t\t<\/section>\n\t\t\t\t<section data-particle_enable=\"false\" data-particle-mobile-disabled=\"false\" class=\"elementor-section elementor-top-section elementor-element elementor-element-ea3a952 elementor-section-boxed elementor-section-height-default elementor-section-height-default\" data-id=\"ea3a952\" data-element_type=\"section\" data-e-type=\"section\">\n\t\t\t\t\t\t<div class=\"elementor-container elementor-column-gap-default\">\n\t\t\t\t\t<div class=\"elementor-column elementor-col-100 elementor-top-column elementor-element elementor-element-b537a84\" data-id=\"b537a84\" data-element_type=\"column\" data-e-type=\"column\">\n\t\t\t<div class=\"elementor-widget-wrap elementor-element-populated\">\n\t\t\t\t\t\t<div class=\"elementor-element elementor-element-4a0da1b elementor-widget elementor-widget-image\" data-id=\"4a0da1b\" data-element_type=\"widget\" data-e-type=\"widget\" data-widget_type=\"image.default\">\n\t\t\t\t<div class=\"elementor-widget-container\">\n\t\t\t\t\t\t\t\t\t\t\t\t<figure class=\"wp-caption\">\n\t\t\t\t\t\t\t\t\t\t<img loading=\"lazy\" decoding=\"async\" width=\"1511\" height=\"1028\" src=\"https:\/\/ihedn.fr\/wp-content\/uploads\/2023\/04\/a.jpg\" class=\"attachment-full size-full wp-image-38070\" alt=\"Paul AVRILLIER et Th\u00e9o BARBE en plein d\u00e9bat\" \/>\t\t\t\t\t\t\t\t\t\t\t<figcaption class=\"widget-image-caption wp-caption-text\">Paul AVRILLIER et Th\u00e9o BARBE en plein d\u00e9bat<\/figcaption>\n\t\t\t\t\t\t\t\t\t\t<\/figure>\n\t\t\t\t\t\t\t\t\t<\/div>\n\t\t\t\t<\/div>\n\t\t\t\t\t<\/div>\n\t\t<\/div>\n\t\t\t\t\t<\/div>\n\t\t<\/section>\n\t\t\t\t<section data-particle_enable=\"false\" data-particle-mobile-disabled=\"false\" class=\"elementor-section elementor-top-section elementor-element elementor-element-6b00877 elementor-section-boxed elementor-section-height-default elementor-section-height-default\" data-id=\"6b00877\" data-element_type=\"section\" data-e-type=\"section\">\n\t\t\t\t\t\t<div class=\"elementor-container elementor-column-gap-default\">\n\t\t\t\t\t<div class=\"elementor-column elementor-col-100 elementor-top-column elementor-element elementor-element-a9a6b98\" data-id=\"a9a6b98\" data-element_type=\"column\" data-e-type=\"column\">\n\t\t\t<div class=\"elementor-widget-wrap elementor-element-populated\">\n\t\t\t\t\t\t<div class=\"elementor-element elementor-element-b26604d elementor-widget elementor-widget-text-editor\" data-id=\"b26604d\" data-element_type=\"widget\" data-e-type=\"widget\" data-widget_type=\"text-editor.default\">\n\t\t\t\t<div class=\"elementor-widget-container\">\n\t\t\t\t\t\t\t\t\t<p>Enfin, <strong><span style=\"color: #000091;\">Genevi\u00e8ve PONS<\/span><\/strong>, Directrice g\u00e9n\u00e9rale d&rsquo;Europe de l\u2019Institut Europe Jacques Delors a clos ce s\u00e9minaire en pr\u00e9sentant aux auditeurs la mission Starfish 2030 destin\u00e9e \u00e0 disposer d\u2019un oc\u00e9an juste, s\u00fbr et sain. Elle a insist\u00e9 sur le verdissement de la cha\u00eene alimentaire et du transport maritime ainsi que sur l\u2019importance strat\u00e9gique du continent antarctique. Elle s\u2019est f\u00e9licit\u00e9e des r\u00e9sultats du Forum mondial de la Mer de septembre dernier \u00e0 Bizerte, apports essentiels pour la 3<sup>e<\/sup> conf\u00e9rence des oc\u00e9ans qui se tiendra \u00e0 Nice en 2025.<\/p>\t\t\t\t\t\t\t\t<\/div>\n\t\t\t\t<\/div>\n\t\t\t\t\t<\/div>\n\t\t<\/div>\n\t\t\t\t\t<\/div>\n\t\t<\/section>\n\t\t\t\t<section data-particle_enable=\"false\" data-particle-mobile-disabled=\"false\" class=\"elementor-section elementor-top-section elementor-element elementor-element-81f8dfa elementor-section-boxed elementor-section-height-default elementor-section-height-default\" data-id=\"81f8dfa\" data-element_type=\"section\" data-e-type=\"section\">\n\t\t\t\t\t\t<div class=\"elementor-container elementor-column-gap-default\">\n\t\t\t\t\t<div class=\"elementor-column elementor-col-100 elementor-top-column elementor-element elementor-element-d038b75\" data-id=\"d038b75\" data-element_type=\"column\" data-e-type=\"column\">\n\t\t\t<div class=\"elementor-widget-wrap elementor-element-populated\">\n\t\t\t\t\t\t<div class=\"elementor-element elementor-element-47ac9b6 elementor-widget elementor-widget-image\" data-id=\"47ac9b6\" data-element_type=\"widget\" data-e-type=\"widget\" data-widget_type=\"image.default\">\n\t\t\t\t<div class=\"elementor-widget-container\">\n\t\t\t\t\t\t\t\t\t\t\t\t\t\t\t<img loading=\"lazy\" decoding=\"async\" width=\"1511\" height=\"966\" src=\"https:\/\/ihedn.fr\/wp-content\/uploads\/2023\/04\/d.jpg\" class=\"attachment-full size-full wp-image-38075\" alt=\"Genevi\u00e8ve PONS expliquant le projet Starfish 2050\" \/>\t\t\t\t\t\t\t\t\t\t\t\t\t\t\t<\/div>\n\t\t\t\t<\/div>\n\t\t\t\t\t<\/div>\n\t\t<\/div>\n\t\t\t\t\t<\/div>\n\t\t<\/section>\n\t\t\t\t<section data-particle_enable=\"false\" data-particle-mobile-disabled=\"false\" class=\"elementor-section elementor-top-section elementor-element elementor-element-ff5c212 elementor-section-boxed elementor-section-height-default elementor-section-height-default\" data-id=\"ff5c212\" data-element_type=\"section\" data-e-type=\"section\">\n\t\t\t\t\t\t<div class=\"elementor-container elementor-column-gap-default\">\n\t\t\t\t\t<div class=\"elementor-column elementor-col-100 elementor-top-column elementor-element elementor-element-7f20627\" data-id=\"7f20627\" data-element_type=\"column\" data-e-type=\"column\">\n\t\t\t<div class=\"elementor-widget-wrap elementor-element-populated\">\n\t\t\t\t\t\t<div class=\"elementor-element elementor-element-444cd3b elementor-widget elementor-widget-text-editor\" data-id=\"444cd3b\" data-element_type=\"widget\" data-e-type=\"widget\" data-widget_type=\"text-editor.default\">\n\t\t\t\t<div class=\"elementor-widget-container\">\n\t\t\t\t\t\t\t\t\t<p>Ces trois jours intenses d\u2019immersion \u00e0 Bruxelles et aux Pays-Bas auront permis aux auditeurs d\u2019acqu\u00e9rir une meilleure vision des grands enjeux europ\u00e9ens dans le domaine maritime. C\u2019est avec la perspective de retrouver le quotidien de leurs activit\u00e9s professionnelles, mais non sans avoir fait une courte halte pour acheter quelques chocolats qui font la r\u00e9putation de nos amis belges, que les auditeurs se sont install\u00e9s dans le Thalys pour rentrer en France.<\/p>\t\t\t\t\t\t\t\t<\/div>\n\t\t\t\t<\/div>\n\t\t\t\t\t<\/div>\n\t\t<\/div>\n\t\t\t\t\t<\/div>\n\t\t<\/section>\n\t\t\t\t<\/div>\n\t\t","protected":false},"excerpt":{"rendered":"<p>Listeners to channel 2 receive their second set of hearing aids outside France<sup>e<\/sup> The national session of the 'Maritime Issues and Strategies' major took them to Brussels from 27 to 29 March. Between two days of reflection at the heart of the European institutions, a trip on Tuesday 28th took them to the Netherlands, a maritime Member State of the European Union (EU) par excellence, which has built its prosperity on maritime trade.<\/p>","protected":false},"author":1,"featured_media":38083,"comment_status":"closed","ping_status":"closed","sticky":false,"template":"","format":"standard","meta":{"footnotes":""},"categories":[172,1],"tags":[],"class_list":["post-38067","post","type-post","status-publish","format-standard","has-post-thumbnail","hentry","category-notre-actualite","category-uncategorized"],"yoast_head":"<!-- This site is optimized with the Yoast SEO plugin v27.5 - https:\/\/yoast.com\/product\/yoast-seo-wordpress\/ -->\n<title>La majeure \u00ab Enjeux et strat\u00e9gies maritimes \u00bb en escale au c\u0153ur des institutions europ\u00e9ennes - L&#039;IHEDN : Institut des hautes \u00e9tudes de d\u00e9fense nationale<\/title>\n<meta name=\"robots\" content=\"index, follow, max-snippet:-1, max-image-preview:large, max-video-preview:-1\" \/>\n<link rel=\"canonical\" href=\"https:\/\/ihedn.fr\/en\/uncategorized\/la-majeure-enjeux-et-strategies-maritimes-en-escale-au-coeur-des-institutions-europeennes\/\" \/>\n<meta property=\"og:locale\" content=\"en_GB\" \/>\n<meta property=\"og:type\" content=\"article\" \/>\n<meta property=\"og:title\" content=\"La majeure \u00ab Enjeux et strat\u00e9gies maritimes \u00bb en escale au c\u0153ur des institutions europ\u00e9ennes - L&#039;IHEDN : Institut des hautes \u00e9tudes de d\u00e9fense nationale\" \/>\n<meta property=\"og:description\" content=\"Le deuxi\u00e8me appareillage hors de France des auditeurs de la 2e Session nationale de la majeure \u00ab Enjeux et strat\u00e9gies maritimes \u00bb les a conduits du 27 au 29 mars \u00e0 Bruxelles. Entre deux jours de r\u00e9flexion au c\u0153ur des institutions europ\u00e9ennes, une escapade le mardi 28 leur a permis de se rendre aux Pays bas, \u00c9tat-membre de l\u2019Union europ\u00e9enne (UE) maritime par excellence qui a b\u00e2ti sa prosp\u00e9rit\u00e9 sur le commerce maritime.\" \/>\n<meta property=\"og:url\" content=\"https:\/\/ihedn.fr\/en\/uncategorized\/la-majeure-enjeux-et-strategies-maritimes-en-escale-au-coeur-des-institutions-europeennes\/\" \/>\n<meta property=\"og:site_name\" content=\"L&#039;IHEDN : Institut des hautes \u00e9tudes de d\u00e9fense nationale\" \/>\n<meta property=\"article:publisher\" content=\"https:\/\/www.facebook.com\/ihedn\/\" \/>\n<meta property=\"article:published_time\" content=\"2023-04-06T09:01:36+00:00\" \/>\n<meta property=\"article:modified_time\" content=\"2023-04-06T09:15:13+00:00\" \/>\n<meta property=\"og:image\" content=\"https:\/\/ihedn.fr\/wp-content\/uploads\/2023\/04\/PVIS5169.jpg\" \/>\n\t<meta property=\"og:image:width\" content=\"1016\" \/>\n\t<meta property=\"og:image:height\" content=\"577\" \/>\n\t<meta property=\"og:image:type\" content=\"image\/jpeg\" \/>\n<meta name=\"author\" content=\"dev\" \/>\n<meta name=\"twitter:card\" content=\"summary_large_image\" \/>\n<meta name=\"twitter:creator\" content=\"@IHEDN\" \/>\n<meta name=\"twitter:site\" content=\"@IHEDN\" \/>\n<meta name=\"twitter:label1\" content=\"Written by\" \/>\n\t<meta name=\"twitter:data1\" content=\"dev\" \/>\n\t<meta name=\"twitter:label2\" content=\"Estimated reading time\" \/>\n\t<meta name=\"twitter:data2\" content=\"11 minutes\" \/>\n<script type=\"application\/ld+json\" class=\"yoast-schema-graph\">{\"@context\":\"https:\\\/\\\/schema.org\",\"@graph\":[{\"@type\":\"Article\",\"@id\":\"https:\\\/\\\/ihedn.fr\\\/uncategorized\\\/la-majeure-enjeux-et-strategies-maritimes-en-escale-au-coeur-des-institutions-europeennes\\\/#article\",\"isPartOf\":{\"@id\":\"https:\\\/\\\/ihedn.fr\\\/uncategorized\\\/la-majeure-enjeux-et-strategies-maritimes-en-escale-au-coeur-des-institutions-europeennes\\\/\"},\"author\":{\"name\":\"dev\",\"@id\":\"https:\\\/\\\/ihedn.fr\\\/#\\\/schema\\\/person\\\/7a40155595e4efb35323447cb8c8c5a4\"},\"headline\":\"La majeure \u00ab Enjeux et strat\u00e9gies maritimes \u00bb en escale au c\u0153ur des institutions europ\u00e9ennes\",\"datePublished\":\"2023-04-06T09:01:36+00:00\",\"dateModified\":\"2023-04-06T09:15:13+00:00\",\"mainEntityOfPage\":{\"@id\":\"https:\\\/\\\/ihedn.fr\\\/uncategorized\\\/la-majeure-enjeux-et-strategies-maritimes-en-escale-au-coeur-des-institutions-europeennes\\\/\"},\"wordCount\":1758,\"publisher\":{\"@id\":\"https:\\\/\\\/ihedn.fr\\\/#organization\"},\"image\":{\"@id\":\"https:\\\/\\\/ihedn.fr\\\/uncategorized\\\/la-majeure-enjeux-et-strategies-maritimes-en-escale-au-coeur-des-institutions-europeennes\\\/#primaryimage\"},\"thumbnailUrl\":\"https:\\\/\\\/ihedn.fr\\\/wp-content\\\/uploads\\\/2023\\\/04\\\/PVIS5169.jpg\",\"articleSection\":[\"Notre actualit\u00e9\",\"Uncategorized\"],\"inLanguage\":\"en-GB\"},{\"@type\":\"WebPage\",\"@id\":\"https:\\\/\\\/ihedn.fr\\\/uncategorized\\\/la-majeure-enjeux-et-strategies-maritimes-en-escale-au-coeur-des-institutions-europeennes\\\/\",\"url\":\"https:\\\/\\\/ihedn.fr\\\/uncategorized\\\/la-majeure-enjeux-et-strategies-maritimes-en-escale-au-coeur-des-institutions-europeennes\\\/\",\"name\":\"La majeure \u00ab Enjeux et strat\u00e9gies maritimes \u00bb en escale au c\u0153ur des institutions europ\u00e9ennes - L&#039;IHEDN : Institut des hautes \u00e9tudes de d\u00e9fense nationale\",\"isPartOf\":{\"@id\":\"https:\\\/\\\/ihedn.fr\\\/#website\"},\"primaryImageOfPage\":{\"@id\":\"https:\\\/\\\/ihedn.fr\\\/uncategorized\\\/la-majeure-enjeux-et-strategies-maritimes-en-escale-au-coeur-des-institutions-europeennes\\\/#primaryimage\"},\"image\":{\"@id\":\"https:\\\/\\\/ihedn.fr\\\/uncategorized\\\/la-majeure-enjeux-et-strategies-maritimes-en-escale-au-coeur-des-institutions-europeennes\\\/#primaryimage\"},\"thumbnailUrl\":\"https:\\\/\\\/ihedn.fr\\\/wp-content\\\/uploads\\\/2023\\\/04\\\/PVIS5169.jpg\",\"datePublished\":\"2023-04-06T09:01:36+00:00\",\"dateModified\":\"2023-04-06T09:15:13+00:00\",\"breadcrumb\":{\"@id\":\"https:\\\/\\\/ihedn.fr\\\/uncategorized\\\/la-majeure-enjeux-et-strategies-maritimes-en-escale-au-coeur-des-institutions-europeennes\\\/#breadcrumb\"},\"inLanguage\":\"en-GB\",\"potentialAction\":[{\"@type\":\"ReadAction\",\"target\":[\"https:\\\/\\\/ihedn.fr\\\/uncategorized\\\/la-majeure-enjeux-et-strategies-maritimes-en-escale-au-coeur-des-institutions-europeennes\\\/\"]}]},{\"@type\":\"ImageObject\",\"inLanguage\":\"en-GB\",\"@id\":\"https:\\\/\\\/ihedn.fr\\\/uncategorized\\\/la-majeure-enjeux-et-strategies-maritimes-en-escale-au-coeur-des-institutions-europeennes\\\/#primaryimage\",\"url\":\"https:\\\/\\\/ihedn.fr\\\/wp-content\\\/uploads\\\/2023\\\/04\\\/PVIS5169.jpg\",\"contentUrl\":\"https:\\\/\\\/ihedn.fr\\\/wp-content\\\/uploads\\\/2023\\\/04\\\/PVIS5169.jpg\",\"width\":1016,\"height\":577},{\"@type\":\"BreadcrumbList\",\"@id\":\"https:\\\/\\\/ihedn.fr\\\/uncategorized\\\/la-majeure-enjeux-et-strategies-maritimes-en-escale-au-coeur-des-institutions-europeennes\\\/#breadcrumb\",\"itemListElement\":[{\"@type\":\"ListItem\",\"position\":1,\"name\":\"Accueil\",\"item\":\"https:\\\/\\\/ihedn.fr\\\/\"},{\"@type\":\"ListItem\",\"position\":2,\"name\":\"La majeure \u00ab Enjeux et strat\u00e9gies maritimes \u00bb en escale au c\u0153ur des institutions europ\u00e9ennes\"}]},{\"@type\":\"WebSite\",\"@id\":\"https:\\\/\\\/ihedn.fr\\\/#website\",\"url\":\"https:\\\/\\\/ihedn.fr\\\/\",\"name\":\"IHEDN : Institut des hautes \u00e9tudes de d\u00e9fense nationale |\",\"description\":\"Site officiel de l&#039;IHEDN plac\u00e9 sous la tutelle du Premier ministre.\",\"publisher\":{\"@id\":\"https:\\\/\\\/ihedn.fr\\\/#organization\"},\"potentialAction\":[{\"@type\":\"SearchAction\",\"target\":{\"@type\":\"EntryPoint\",\"urlTemplate\":\"https:\\\/\\\/ihedn.fr\\\/?s={search_term_string}\"},\"query-input\":{\"@type\":\"PropertyValueSpecification\",\"valueRequired\":true,\"valueName\":\"search_term_string\"}}],\"inLanguage\":\"en-GB\"},{\"@type\":\"Organization\",\"@id\":\"https:\\\/\\\/ihedn.fr\\\/#organization\",\"name\":\"IHEDN - Institut des Hautes Etudes de D\u00e9fense Nationale\",\"url\":\"https:\\\/\\\/ihedn.fr\\\/\",\"logo\":{\"@type\":\"ImageObject\",\"inLanguage\":\"en-GB\",\"@id\":\"https:\\\/\\\/ihedn.fr\\\/#\\\/schema\\\/logo\\\/image\\\/\",\"url\":\"https:\\\/\\\/ihedn.fr\\\/wp-content\\\/uploads\\\/2020\\\/11\\\/BLOC_RF_IHEDN_WEB.png\",\"contentUrl\":\"https:\\\/\\\/ihedn.fr\\\/wp-content\\\/uploads\\\/2020\\\/11\\\/BLOC_RF_IHEDN_WEB.png\",\"width\":500,\"height\":237,\"caption\":\"IHEDN - Institut des Hautes Etudes de D\u00e9fense Nationale\"},\"image\":{\"@id\":\"https:\\\/\\\/ihedn.fr\\\/#\\\/schema\\\/logo\\\/image\\\/\"},\"sameAs\":[\"https:\\\/\\\/www.facebook.com\\\/ihedn\\\/\",\"https:\\\/\\\/x.com\\\/IHEDN\",\"https:\\\/\\\/www.instagram.com\\\/ihedn\\\/\",\"https:\\\/\\\/www.linkedin.com\\\/school\\\/ihedn\\\/\",\"https:\\\/\\\/fr.wikipedia.org\\\/wiki\\\/Institut_des_hautes_\u00e9tudes_de_D\u00e9fense_nationale\"]},{\"@type\":\"Person\",\"@id\":\"https:\\\/\\\/ihedn.fr\\\/#\\\/schema\\\/person\\\/7a40155595e4efb35323447cb8c8c5a4\",\"name\":\"dev\",\"image\":{\"@type\":\"ImageObject\",\"inLanguage\":\"en-GB\",\"@id\":\"https:\\\/\\\/secure.gravatar.com\\\/avatar\\\/f1ffcac9ca2fa95ad3ec33e9be3ade82f752acb0cabe541e56c5889225afa88a?s=96&d=mm&r=g\",\"url\":\"https:\\\/\\\/secure.gravatar.com\\\/avatar\\\/f1ffcac9ca2fa95ad3ec33e9be3ade82f752acb0cabe541e56c5889225afa88a?s=96&d=mm&r=g\",\"contentUrl\":\"https:\\\/\\\/secure.gravatar.com\\\/avatar\\\/f1ffcac9ca2fa95ad3ec33e9be3ade82f752acb0cabe541e56c5889225afa88a?s=96&d=mm&r=g\",\"caption\":\"dev\"},\"sameAs\":[\"https:\\\/\\\/ihedn.concilium.click\"],\"url\":\"https:\\\/\\\/ihedn.fr\\\/en\\\/author\\\/dev\\\/\"}]}<\/script>\n<!-- \/ Yoast SEO plugin. -->","yoast_head_json":{"title":"The \"Maritime issues and strategies\" major makes a stopover at the heart of the European institutions - L'IHEDN : Institut des hautes \u00e9tudes de d\u00e9fense nationale","robots":{"index":"index","follow":"follow","max-snippet":"max-snippet:-1","max-image-preview":"max-image-preview:large","max-video-preview":"max-video-preview:-1"},"canonical":"https:\/\/ihedn.fr\/en\/uncategorized\/la-majeure-enjeux-et-strategies-maritimes-en-escale-au-coeur-des-institutions-europeennes\/","og_locale":"en_GB","og_type":"article","og_title":"La majeure \u00ab Enjeux et strat\u00e9gies maritimes \u00bb en escale au c\u0153ur des institutions europ\u00e9ennes - L&#039;IHEDN : Institut des hautes \u00e9tudes de d\u00e9fense nationale","og_description":"Le deuxi\u00e8me appareillage hors de France des auditeurs de la 2e Session nationale de la majeure \u00ab Enjeux et strat\u00e9gies maritimes \u00bb les a conduits du 27 au 29 mars \u00e0 Bruxelles. Entre deux jours de r\u00e9flexion au c\u0153ur des institutions europ\u00e9ennes, une escapade le mardi 28 leur a permis de se rendre aux Pays bas, \u00c9tat-membre de l\u2019Union europ\u00e9enne (UE) maritime par excellence qui a b\u00e2ti sa prosp\u00e9rit\u00e9 sur le commerce maritime.","og_url":"https:\/\/ihedn.fr\/en\/uncategorized\/la-majeure-enjeux-et-strategies-maritimes-en-escale-au-coeur-des-institutions-europeennes\/","og_site_name":"L&#039;IHEDN : Institut des hautes \u00e9tudes de d\u00e9fense nationale","article_publisher":"https:\/\/www.facebook.com\/ihedn\/","article_published_time":"2023-04-06T09:01:36+00:00","article_modified_time":"2023-04-06T09:15:13+00:00","og_image":[{"width":1016,"height":577,"url":"https:\/\/ihedn.fr\/wp-content\/uploads\/2023\/04\/PVIS5169.jpg","type":"image\/jpeg"}],"author":"dev","twitter_card":"summary_large_image","twitter_creator":"@IHEDN","twitter_site":"@IHEDN","twitter_misc":{"Written by":"dev","Estimated reading time":"11 minutes"},"schema":{"@context":"https:\/\/schema.org","@graph":[{"@type":"Article","@id":"https:\/\/ihedn.fr\/uncategorized\/la-majeure-enjeux-et-strategies-maritimes-en-escale-au-coeur-des-institutions-europeennes\/#article","isPartOf":{"@id":"https:\/\/ihedn.fr\/uncategorized\/la-majeure-enjeux-et-strategies-maritimes-en-escale-au-coeur-des-institutions-europeennes\/"},"author":{"name":"dev","@id":"https:\/\/ihedn.fr\/#\/schema\/person\/7a40155595e4efb35323447cb8c8c5a4"},"headline":"La majeure \u00ab Enjeux et strat\u00e9gies maritimes \u00bb en escale au c\u0153ur des institutions europ\u00e9ennes","datePublished":"2023-04-06T09:01:36+00:00","dateModified":"2023-04-06T09:15:13+00:00","mainEntityOfPage":{"@id":"https:\/\/ihedn.fr\/uncategorized\/la-majeure-enjeux-et-strategies-maritimes-en-escale-au-coeur-des-institutions-europeennes\/"},"wordCount":1758,"publisher":{"@id":"https:\/\/ihedn.fr\/#organization"},"image":{"@id":"https:\/\/ihedn.fr\/uncategorized\/la-majeure-enjeux-et-strategies-maritimes-en-escale-au-coeur-des-institutions-europeennes\/#primaryimage"},"thumbnailUrl":"https:\/\/ihedn.fr\/wp-content\/uploads\/2023\/04\/PVIS5169.jpg","articleSection":["Notre actualit\u00e9","Uncategorized"],"inLanguage":"en-GB"},{"@type":"WebPage","@id":"https:\/\/ihedn.fr\/uncategorized\/la-majeure-enjeux-et-strategies-maritimes-en-escale-au-coeur-des-institutions-europeennes\/","url":"https:\/\/ihedn.fr\/uncategorized\/la-majeure-enjeux-et-strategies-maritimes-en-escale-au-coeur-des-institutions-europeennes\/","name":"The \"Maritime issues and strategies\" major makes a stopover at the heart of the European institutions - L'IHEDN : Institut des hautes \u00e9tudes de d\u00e9fense nationale","isPartOf":{"@id":"https:\/\/ihedn.fr\/#website"},"primaryImageOfPage":{"@id":"https:\/\/ihedn.fr\/uncategorized\/la-majeure-enjeux-et-strategies-maritimes-en-escale-au-coeur-des-institutions-europeennes\/#primaryimage"},"image":{"@id":"https:\/\/ihedn.fr\/uncategorized\/la-majeure-enjeux-et-strategies-maritimes-en-escale-au-coeur-des-institutions-europeennes\/#primaryimage"},"thumbnailUrl":"https:\/\/ihedn.fr\/wp-content\/uploads\/2023\/04\/PVIS5169.jpg","datePublished":"2023-04-06T09:01:36+00:00","dateModified":"2023-04-06T09:15:13+00:00","breadcrumb":{"@id":"https:\/\/ihedn.fr\/uncategorized\/la-majeure-enjeux-et-strategies-maritimes-en-escale-au-coeur-des-institutions-europeennes\/#breadcrumb"},"inLanguage":"en-GB","potentialAction":[{"@type":"ReadAction","target":["https:\/\/ihedn.fr\/uncategorized\/la-majeure-enjeux-et-strategies-maritimes-en-escale-au-coeur-des-institutions-europeennes\/"]}]},{"@type":"ImageObject","inLanguage":"en-GB","@id":"https:\/\/ihedn.fr\/uncategorized\/la-majeure-enjeux-et-strategies-maritimes-en-escale-au-coeur-des-institutions-europeennes\/#primaryimage","url":"https:\/\/ihedn.fr\/wp-content\/uploads\/2023\/04\/PVIS5169.jpg","contentUrl":"https:\/\/ihedn.fr\/wp-content\/uploads\/2023\/04\/PVIS5169.jpg","width":1016,"height":577},{"@type":"BreadcrumbList","@id":"https:\/\/ihedn.fr\/uncategorized\/la-majeure-enjeux-et-strategies-maritimes-en-escale-au-coeur-des-institutions-europeennes\/#breadcrumb","itemListElement":[{"@type":"ListItem","position":1,"name":"Accueil","item":"https:\/\/ihedn.fr\/"},{"@type":"ListItem","position":2,"name":"La majeure \u00ab Enjeux et strat\u00e9gies maritimes \u00bb en escale au c\u0153ur des institutions europ\u00e9ennes"}]},{"@type":"WebSite","@id":"https:\/\/ihedn.fr\/#website","url":"https:\/\/ihedn.fr\/","name":"IHEDN: Institut des hautes \u00e9tudes de d\u00e9fense nationale (Institute for Higher National Defence Studies)","description":"Official website of the IHEDN under the supervision of the Prime Minister.","publisher":{"@id":"https:\/\/ihedn.fr\/#organization"},"potentialAction":[{"@type":"SearchAction","target":{"@type":"EntryPoint","urlTemplate":"https:\/\/ihedn.fr\/?s={search_term_string}"},"query-input":{"@type":"PropertyValueSpecification","valueRequired":true,"valueName":"search_term_string"}}],"inLanguage":"en-GB"},{"@type":"Organization","@id":"https:\/\/ihedn.fr\/#organization","name":"IHEDN - Institute for Higher National Defence Studies","url":"https:\/\/ihedn.fr\/","logo":{"@type":"ImageObject","inLanguage":"en-GB","@id":"https:\/\/ihedn.fr\/#\/schema\/logo\/image\/","url":"https:\/\/ihedn.fr\/wp-content\/uploads\/2020\/11\/BLOC_RF_IHEDN_WEB.png","contentUrl":"https:\/\/ihedn.fr\/wp-content\/uploads\/2020\/11\/BLOC_RF_IHEDN_WEB.png","width":500,"height":237,"caption":"IHEDN - Institut des Hautes Etudes de D\u00e9fense Nationale"},"image":{"@id":"https:\/\/ihedn.fr\/#\/schema\/logo\/image\/"},"sameAs":["https:\/\/www.facebook.com\/ihedn\/","https:\/\/x.com\/IHEDN","https:\/\/www.instagram.com\/ihedn\/","https:\/\/www.linkedin.com\/school\/ihedn\/","https:\/\/fr.wikipedia.org\/wiki\/Institut_des_hautes_\u00e9tudes_de_D\u00e9fense_nationale"]},{"@type":"Person","@id":"https:\/\/ihedn.fr\/#\/schema\/person\/7a40155595e4efb35323447cb8c8c5a4","name":"dev","image":{"@type":"ImageObject","inLanguage":"en-GB","@id":"https:\/\/secure.gravatar.com\/avatar\/f1ffcac9ca2fa95ad3ec33e9be3ade82f752acb0cabe541e56c5889225afa88a?s=96&d=mm&r=g","url":"https:\/\/secure.gravatar.com\/avatar\/f1ffcac9ca2fa95ad3ec33e9be3ade82f752acb0cabe541e56c5889225afa88a?s=96&d=mm&r=g","contentUrl":"https:\/\/secure.gravatar.com\/avatar\/f1ffcac9ca2fa95ad3ec33e9be3ade82f752acb0cabe541e56c5889225afa88a?s=96&d=mm&r=g","caption":"dev"},"sameAs":["https:\/\/ihedn.concilium.click"],"url":"https:\/\/ihedn.fr\/en\/author\/dev\/"}]}},"publishpress_future_action":{"enabled":false,"date":"2026-05-06 12:05:44","action":"change-status","newStatus":"draft","terms":[],"taxonomy":"category","extraData":[]},"publishpress_future_workflow_manual_trigger":{"enabledWorkflows":[]},"_links":{"self":[{"href":"https:\/\/ihedn.fr\/en\/wp-json\/wp\/v2\/posts\/38067","targetHints":{"allow":["GET"]}}],"collection":[{"href":"https:\/\/ihedn.fr\/en\/wp-json\/wp\/v2\/posts"}],"about":[{"href":"https:\/\/ihedn.fr\/en\/wp-json\/wp\/v2\/types\/post"}],"author":[{"embeddable":true,"href":"https:\/\/ihedn.fr\/en\/wp-json\/wp\/v2\/users\/1"}],"replies":[{"embeddable":true,"href":"https:\/\/ihedn.fr\/en\/wp-json\/wp\/v2\/comments?post=38067"}],"version-history":[{"count":11,"href":"https:\/\/ihedn.fr\/en\/wp-json\/wp\/v2\/posts\/38067\/revisions"}],"predecessor-version":[{"id":38098,"href":"https:\/\/ihedn.fr\/en\/wp-json\/wp\/v2\/posts\/38067\/revisions\/38098"}],"wp:featuredmedia":[{"embeddable":true,"href":"https:\/\/ihedn.fr\/en\/wp-json\/wp\/v2\/media\/38083"}],"wp:attachment":[{"href":"https:\/\/ihedn.fr\/en\/wp-json\/wp\/v2\/media?parent=38067"}],"wp:term":[{"taxonomy":"category","embeddable":true,"href":"https:\/\/ihedn.fr\/en\/wp-json\/wp\/v2\/categories?post=38067"},{"taxonomy":"post_tag","embeddable":true,"href":"https:\/\/ihedn.fr\/en\/wp-json\/wp\/v2\/tags?post=38067"}],"curies":[{"name":"wp","href":"https:\/\/api.w.org\/{rel}","templated":true}]}}