{"id":38171,"date":"2023-04-06T13:23:15","date_gmt":"2023-04-06T12:23:15","guid":{"rendered":"https:\/\/ihedn.fr\/?p=38171"},"modified":"2023-06-30T13:28:07","modified_gmt":"2023-06-30T12:28:07","slug":"cdt-alexandre-dans-la-tres-haute-altitude-on-va-voir-arriver-des-phenomenes-de-competition-et-de-contestation","status":"publish","type":"post","link":"https:\/\/ihedn.fr\/en\/lundis-de-lihedn\/cdt-alexandre-dans-la-tres-haute-altitude-on-va-voir-arriver-des-phenomenes-de-competition-et-de-contestation\/","title":{"rendered":"CDT Alexandre: \"At very high altitude, we're going to see the emergence of competition and contestation."},"content":{"rendered":"<div data-elementor-type=\"wp-post\" data-elementor-id=\"38171\" class=\"elementor elementor-38171\" data-elementor-post-type=\"post\">\n\t\t\t\t\t\t<section data-particle_enable=\"false\" data-particle-mobile-disabled=\"false\" class=\"elementor-section elementor-top-section elementor-element elementor-element-d669c2f elementor-section-boxed elementor-section-height-default elementor-section-height-default\" data-id=\"d669c2f\" data-element_type=\"section\" data-e-type=\"section\">\n\t\t\t\t\t\t<div class=\"elementor-container elementor-column-gap-default\">\n\t\t\t\t\t<div class=\"elementor-column elementor-col-100 elementor-top-column elementor-element elementor-element-b807ba5\" data-id=\"b807ba5\" data-element_type=\"column\" data-e-type=\"column\">\n\t\t\t<div class=\"elementor-widget-wrap elementor-element-populated\">\n\t\t\t\t\t\t<div class=\"elementor-element elementor-element-fc5ab52 elementor-widget elementor-widget-heading\" data-id=\"fc5ab52\" data-element_type=\"widget\" data-e-type=\"widget\" data-widget_type=\"heading.default\">\n\t\t\t\t<div class=\"elementor-widget-container\">\n\t\t\t\t\t<h4 class=\"elementor-heading-title elementor-size-default\">What is \"very high altitude\" (VHO)?<\/h4>\t\t\t\t<\/div>\n\t\t\t\t<\/div>\n\t\t\t\t<div class=\"elementor-element elementor-element-ba91ddf elementor-widget-divider--view-line elementor-widget elementor-widget-divider\" data-id=\"ba91ddf\" data-element_type=\"widget\" data-e-type=\"widget\" data-widget_type=\"divider.default\">\n\t\t\t\t<div class=\"elementor-widget-container\">\n\t\t\t\t\t\t\t<div class=\"elementor-divider\">\n\t\t\t<span class=\"elementor-divider-separator\">\n\t\t\t\t\t\t<\/span>\n\t\t<\/div>\n\t\t\t\t\t\t<\/div>\n\t\t\t\t<\/div>\n\t\t\t\t<div class=\"elementor-element elementor-element-0cc1de9 elementor-widget elementor-widget-text-editor\" data-id=\"0cc1de9\" data-element_type=\"widget\" data-e-type=\"widget\" data-widget_type=\"text-editor.default\">\n\t\t\t\t<div class=\"elementor-widget-container\">\n\t\t\t\t\t\t\t\t\t<p>Very high altitude is an area of space that begins where the last aircraft leave off and ends where the first satellites begin to appear.<\/p><p>More precisely, the lower limit of the THA is between 15 and 18 km altitude. This is above currently regulated airspace, i.e. the airspace in which commercial aircraft operate.<\/p>\t\t\t\t\t\t\t\t<\/div>\n\t\t\t\t<\/div>\n\t\t\t\t\t<\/div>\n\t\t<\/div>\n\t\t\t\t\t<\/div>\n\t\t<\/section>\n\t\t\t\t<section data-particle_enable=\"false\" data-particle-mobile-disabled=\"false\" class=\"elementor-section elementor-top-section elementor-element elementor-element-71cdc55 elementor-section-boxed elementor-section-height-default elementor-section-height-default\" data-id=\"71cdc55\" data-element_type=\"section\" data-e-type=\"section\">\n\t\t\t\t\t\t<div class=\"elementor-container elementor-column-gap-default\">\n\t\t\t\t\t<div class=\"elementor-column elementor-col-50 elementor-top-column elementor-element elementor-element-51f0ad7\" data-id=\"51f0ad7\" data-element_type=\"column\" data-e-type=\"column\">\n\t\t\t<div class=\"elementor-widget-wrap elementor-element-populated\">\n\t\t\t\t\t\t<div class=\"elementor-element elementor-element-da904b9 elementor-widget__width-initial elementor-widget elementor-widget-text-editor\" data-id=\"da904b9\" data-element_type=\"widget\" data-e-type=\"widget\" data-widget_type=\"text-editor.default\">\n\t\t\t\t<div class=\"elementor-widget-container\">\n\t\t\t\t\t\t\t\t\t<p>For the upper part, there is no commonly agreed limit. It can be situated between the Karman line (approximately 100 km) and the lowest orbit demonstrated to date, i.e. 160 km.\u00a0<\/p>\t\t\t\t\t\t\t\t<\/div>\n\t\t\t\t<\/div>\n\t\t\t\t\t<\/div>\n\t\t<\/div>\n\t\t\t\t<div class=\"elementor-column elementor-col-50 elementor-top-column elementor-element elementor-element-77c03e3\" data-id=\"77c03e3\" data-element_type=\"column\" data-e-type=\"column\" data-settings=\"{&quot;background_background&quot;:&quot;classic&quot;}\">\n\t\t\t<div class=\"elementor-widget-wrap elementor-element-populated\">\n\t\t\t\t\t\t<div class=\"elementor-element elementor-element-6c7287a elementor-widget__width-initial elementor-widget elementor-widget-text-editor\" data-id=\"6c7287a\" data-element_type=\"widget\" data-e-type=\"widget\" data-widget_type=\"text-editor.default\">\n\t\t\t\t<div class=\"elementor-widget-container\">\n\t\t\t\t\t\t\t\t\t<p><strong>The Karman line <\/strong><\/p><p>This is the physical limit above which an object can no longer fly according to the laws of aerodynamics and can no longer be described as aerial.<\/p>\t\t\t\t\t\t\t\t<\/div>\n\t\t\t\t<\/div>\n\t\t\t\t\t<\/div>\n\t\t<\/div>\n\t\t\t\t\t<\/div>\n\t\t<\/section>\n\t\t\t\t<section data-particle_enable=\"false\" data-particle-mobile-disabled=\"false\" class=\"elementor-section elementor-top-section elementor-element elementor-element-8e34b25 elementor-section-boxed elementor-section-height-default elementor-section-height-default\" data-id=\"8e34b25\" data-element_type=\"section\" data-e-type=\"section\">\n\t\t\t\t\t\t<div class=\"elementor-container elementor-column-gap-default\">\n\t\t\t\t\t<div class=\"elementor-column elementor-col-100 elementor-top-column elementor-element elementor-element-701a936\" data-id=\"701a936\" data-element_type=\"column\" data-e-type=\"column\">\n\t\t\t<div class=\"elementor-widget-wrap elementor-element-populated\">\n\t\t\t\t\t\t<div class=\"elementor-element elementor-element-ea467e3 elementor-widget elementor-widget-text-editor\" data-id=\"ea467e3\" data-element_type=\"widget\" data-e-type=\"widget\" data-widget_type=\"text-editor.default\">\n\t\t\t\t<div class=\"elementor-widget-container\">\n\t\t\t\t\t\t\t\t\t<p>More concretely, a wide variety of different objects are already stationed at or passing through very high altitude: rockets or space vehicles, orbital warheads, ballistic missiles or hypersonic gliders, aerostats or very long-endurance drones. The coming years will undoubtedly see a significant increase in THA operations.<\/p>\t\t\t\t\t\t\t\t<\/div>\n\t\t\t\t<\/div>\n\t\t\t\t\t<\/div>\n\t\t<\/div>\n\t\t\t\t\t<\/div>\n\t\t<\/section>\n\t\t\t\t<section data-particle_enable=\"false\" data-particle-mobile-disabled=\"false\" class=\"elementor-section elementor-top-section elementor-element elementor-element-9fb9838 elementor-section-boxed elementor-section-height-default elementor-section-height-default\" data-id=\"9fb9838\" data-element_type=\"section\" data-e-type=\"section\">\n\t\t\t\t\t\t<div class=\"elementor-container elementor-column-gap-default\">\n\t\t\t\t\t<div class=\"elementor-column elementor-col-100 elementor-top-column elementor-element elementor-element-5b513c0\" data-id=\"5b513c0\" data-element_type=\"column\" data-e-type=\"column\">\n\t\t\t<div class=\"elementor-widget-wrap elementor-element-populated\">\n\t\t\t\t\t\t<div class=\"elementor-element elementor-element-8f83389 elementor-widget elementor-widget-heading\" data-id=\"8f83389\" data-element_type=\"widget\" data-e-type=\"widget\" data-widget_type=\"heading.default\">\n\t\t\t\t<div class=\"elementor-widget-container\">\n\t\t\t\t\t<h4 class=\"elementor-heading-title elementor-size-default\">What's at stake?<\/h4>\t\t\t\t<\/div>\n\t\t\t\t<\/div>\n\t\t\t\t<div class=\"elementor-element elementor-element-3081edc elementor-widget-divider--view-line elementor-widget elementor-widget-divider\" data-id=\"3081edc\" data-element_type=\"widget\" data-e-type=\"widget\" data-widget_type=\"divider.default\">\n\t\t\t\t<div class=\"elementor-widget-container\">\n\t\t\t\t\t\t\t<div class=\"elementor-divider\">\n\t\t\t<span class=\"elementor-divider-separator\">\n\t\t\t\t\t\t<\/span>\n\t\t<\/div>\n\t\t\t\t\t\t<\/div>\n\t\t\t\t<\/div>\n\t\t\t\t<div class=\"elementor-element elementor-element-5edaa5c elementor-widget elementor-widget-text-editor\" data-id=\"5edaa5c\" data-element_type=\"widget\" data-e-type=\"widget\" data-widget_type=\"text-editor.default\">\n\t\t\t\t<div class=\"elementor-widget-container\">\n\t\t\t\t\t\t\t\t\t<p>The increasing use of HAT by public and private players, both military and commercial, brings with it challenges, opportunities and vulnerabilities.<\/p><p><strong>From a legal point of view,<\/strong> The status of airspace and outer space is fundamentally different from one country to another, which is why defining the upper limit of THA is such an important issue.<\/p><p>For the moment, there is the 1944 Chicago Convention, which governs air law, and the 1967 Outer Space Treaty. The question is where the dividing line lies: where does the common space constituted by outer space begin and where do the sovereign spaces in which states have the right to regulate and control activities end?<\/p><p><strong>From a regulatory point of view<\/strong>The practical aspects of organising operations in the THA have yet to be fully defined: what certification should be given to the objects moving around it? How should traffic be regulated? How should airspace be organised? The associated discussions are already underway at various levels (UN, EU in particular).<\/p><p>For armies, <strong>exploiting very high altitude offers the opportunity to<\/strong> extend the scope of air power. Immediate applications can already be envisaged in intelligence, electronic warfare and communications.<\/p><p>As a result, complementarity with space-based communication and observation capabilities is already promising. Persistent balloon-type platforms (airships or drones) offer very interesting capabilities in terms of persistence. More generally, the complementarity between HAT and Space will offer opportunities to consolidate or acquire a strategic advantage over our competitors.<\/p><p><strong>But HAT also represents a vulnerability for armies<\/strong>. The development of hypersonic gliders that bounce off the upper atmosphere and whose speed and manoeuvrability call into question today's defence and surveillance capabilities.<\/p><p>The emergence and proliferation of this type of vector means that our military detection capabilities need to be adapted. Traditionally, radar and surveillance systems have been designed to observe objects up to a maximum altitude of 30 km, while space surveillance radar is capable of detecting objects from 100 km. There is therefore a blind spot in terms of detection capability for the 30-100 range. The aim is to ensure <em>continuum<\/em> between the different detection sectors.\u00a0<\/p>\t\t\t\t\t\t\t\t<\/div>\n\t\t\t\t<\/div>\n\t\t\t\t\t<\/div>\n\t\t<\/div>\n\t\t\t\t\t<\/div>\n\t\t<\/section>\n\t\t\t\t<section data-particle_enable=\"false\" data-particle-mobile-disabled=\"false\" class=\"elementor-section elementor-top-section elementor-element elementor-element-ff05b28 elementor-section-boxed elementor-section-height-default elementor-section-height-default\" data-id=\"ff05b28\" data-element_type=\"section\" data-e-type=\"section\">\n\t\t\t\t\t\t<div class=\"elementor-container elementor-column-gap-default\">\n\t\t\t\t\t<div class=\"elementor-column elementor-col-100 elementor-top-column elementor-element elementor-element-fe85471\" data-id=\"fe85471\" data-element_type=\"column\" data-e-type=\"column\">\n\t\t\t<div class=\"elementor-widget-wrap elementor-element-populated\">\n\t\t\t\t\t\t<div class=\"elementor-element elementor-element-eff039d elementor-widget elementor-widget-heading\" data-id=\"eff039d\" data-element_type=\"widget\" data-e-type=\"widget\" data-widget_type=\"heading.default\">\n\t\t\t\t<div class=\"elementor-widget-container\">\n\t\t\t\t\t<h4 class=\"elementor-heading-title elementor-size-default\">What is the Air and Space Force doing in THA?<\/h4>\t\t\t\t<\/div>\n\t\t\t\t<\/div>\n\t\t\t\t<div class=\"elementor-element elementor-element-d174fb8 elementor-widget-divider--view-line elementor-widget elementor-widget-divider\" data-id=\"d174fb8\" data-element_type=\"widget\" data-e-type=\"widget\" data-widget_type=\"divider.default\">\n\t\t\t\t<div class=\"elementor-widget-container\">\n\t\t\t\t\t\t\t<div class=\"elementor-divider\">\n\t\t\t<span class=\"elementor-divider-separator\">\n\t\t\t\t\t\t<\/span>\n\t\t<\/div>\n\t\t\t\t\t\t<\/div>\n\t\t\t\t<\/div>\n\t\t\t\t<div class=\"elementor-element elementor-element-f318c99 elementor-widget elementor-widget-text-editor\" data-id=\"f318c99\" data-element_type=\"widget\" data-e-type=\"widget\" data-widget_type=\"text-editor.default\">\n\t\t\t\t<div class=\"elementor-widget-container\">\n\t\t\t\t\t\t\t\t\t<p>As early as the 1960s, Mirage IIIEs had interception capabilities that exceeded the 66,000-foot limit (about 20 km). <strong>a significant increase in the dynamics of competition and contestation as a result of the proliferation of means designed to evolve and persist within them<\/strong> (stratospheric balloons, suborbital aircraft and shuttles, hypersonic gliders, manoeuvrable airships). The AAE (in conjunction with the air forces of its allies and partners) will have to equip itself with resources adapted to these new challenges.<\/p><p>The AAE is responsible for the permanent air security posture and its mission of air defence of national territory. The AAE therefore has a major role in leading the armed forces' thinking on this subject. The Armed Forces Chief of Staff has asked the AAE to draw up a military strategy for very high altitude and an associated action plan by the summer of 2023.<\/p><p>The AAE and the French Armaments Procurement Agency (DGA) are working with industry on capability projects to increase the armed forces' ability to operate at very high altitudes:<\/p><ul><li>Project<em> V-MAX <\/em>hypersonic glider carried by <em>ArianeGroup ;<\/em><\/li><li>Project <em>Stratobus<\/em> an airship carried by <em>Thales Alenia Space ;<\/em><\/li><li>Stratospheric drone <em>Zephyr<\/em> supported by <em>Airbus Defense and Space.<\/em><\/li><\/ul>\t\t\t\t\t\t\t\t<\/div>\n\t\t\t\t<\/div>\n\t\t\t\t\t<\/div>\n\t\t<\/div>\n\t\t\t\t\t<\/div>\n\t\t<\/section>\n\t\t\t\t<section data-particle_enable=\"false\" data-particle-mobile-disabled=\"false\" class=\"elementor-section elementor-top-section elementor-element elementor-element-f09347b elementor-section-boxed elementor-section-height-default elementor-section-height-default\" data-id=\"f09347b\" data-element_type=\"section\" data-e-type=\"section\">\n\t\t\t\t\t\t<div class=\"elementor-container elementor-column-gap-default\">\n\t\t\t\t\t<div class=\"elementor-column elementor-col-100 elementor-top-column elementor-element elementor-element-aed43d5\" data-id=\"aed43d5\" data-element_type=\"column\" data-e-type=\"column\">\n\t\t\t<div class=\"elementor-widget-wrap elementor-element-populated\">\n\t\t\t\t\t\t<div class=\"elementor-element elementor-element-bad2b2e elementor-widget elementor-widget-video\" data-id=\"bad2b2e\" data-element_type=\"widget\" data-e-type=\"widget\" data-settings=\"{&quot;youtube_url&quot;:&quot;https:\\\/\\\/www.youtube.com\\\/watch?v=-p6-Pabr6xQ&quot;,&quot;video_type&quot;:&quot;youtube&quot;,&quot;controls&quot;:&quot;yes&quot;}\" data-widget_type=\"video.default\">\n\t\t\t\t<div class=\"elementor-widget-container\">\n\t\t\t\t\t\t\t<div class=\"elementor-wrapper elementor-open-inline\">\n\t\t\t<div class=\"elementor-video\"><\/div>\t\t<\/div>\n\t\t\t\t\t\t<\/div>\n\t\t\t\t<\/div>\n\t\t\t\t\t<\/div>\n\t\t<\/div>\n\t\t\t\t\t<\/div>\n\t\t<\/section>\n\t\t\t\t<\/div>","protected":false},"excerpt":{"rendered":"<p>The issue of \"very high altitude\" came back into the spotlight with the neutralisation of \"Chinese balloons\" in American airspace in February. Major Alexandre, head of the aerospace power division at the French Air Force's Centre for Strategic Aerospace Studies (CESA), explains what is at stake in this area, which has become a hotbed of confrontation.<\/p>","protected":false},"author":1,"featured_media":38172,"comment_status":"closed","ping_status":"closed","sticky":false,"template":"","format":"standard","meta":{"footnotes":""},"categories":[208,41,171,209],"tags":[],"class_list":["post-38171","post","type-post","status-publish","format-standard","has-post-thumbnail","hentry","category-defense-nationale","category-lundis-de-lihedn","category-notre-selection","category-securite-internationale"],"yoast_head":"<!-- This site is optimized with the Yoast SEO plugin v27.5 - https:\/\/yoast.com\/product\/yoast-seo-wordpress\/ -->\n<title>CDT Alexandre : \u00ab\u2009Dans la tr\u00e8s haute altitude, on va voir arriver des ph\u00e9nom\u00e8nes de comp\u00e9tition et de contestation.\u2009\u00bb - L&#039;IHEDN : Institut des hautes \u00e9tudes de d\u00e9fense nationale<\/title>\n<meta name=\"robots\" content=\"index, follow, max-snippet:-1, max-image-preview:large, max-video-preview:-1\" \/>\n<link rel=\"canonical\" href=\"https:\/\/ihedn.fr\/en\/lundis-de-lihedn\/cdt-alexandre-dans-la-tres-haute-altitude-on-va-voir-arriver-des-phenomenes-de-competition-et-de-contestation\/\" \/>\n<meta property=\"og:locale\" content=\"en_GB\" \/>\n<meta property=\"og:type\" content=\"article\" \/>\n<meta property=\"og:title\" content=\"CDT Alexandre : \u00ab\u2009Dans la tr\u00e8s haute altitude, on va voir arriver des ph\u00e9nom\u00e8nes de comp\u00e9tition et de contestation.\u2009\u00bb - L&#039;IHEDN : Institut des hautes \u00e9tudes de d\u00e9fense nationale\" \/>\n<meta property=\"og:description\" content=\"La question de la \u00ab\u2009tr\u00e8s haute altitude\u2009\u00bb est revenue sur le devant de la sc\u00e8ne avec la neutralisation des &quot;ballons chinois&quot; dans l\u2019espace a\u00e9rien am\u00e9ricain en f\u00e9vrier. Le commandant Alexandre, chef de la division puissance a\u00e9rospatiale du Centre d\u2019\u00e9tudes strat\u00e9giques a\u00e9rospatiales (CESA) de l\u2019Arm\u00e9e de l\u2019Air et de l\u2019Espace (AAE) d\u00e9crypte les enjeux de cette zone, devenue un lieu de confrontation.\" \/>\n<meta property=\"og:url\" content=\"https:\/\/ihedn.fr\/en\/lundis-de-lihedn\/cdt-alexandre-dans-la-tres-haute-altitude-on-va-voir-arriver-des-phenomenes-de-competition-et-de-contestation\/\" \/>\n<meta property=\"og:site_name\" content=\"L&#039;IHEDN : Institut des hautes \u00e9tudes de d\u00e9fense nationale\" \/>\n<meta property=\"article:publisher\" content=\"https:\/\/www.facebook.com\/ihedn\/\" \/>\n<meta property=\"article:published_time\" content=\"2023-04-06T12:23:15+00:00\" \/>\n<meta property=\"article:modified_time\" content=\"2023-06-30T12:28:07+00:00\" \/>\n<meta property=\"og:image\" content=\"https:\/\/ihedn.fr\/wp-content\/uploads\/2023\/04\/01.png\" \/>\n\t<meta property=\"og:image:width\" content=\"1365\" \/>\n\t<meta property=\"og:image:height\" content=\"683\" \/>\n\t<meta property=\"og:image:type\" content=\"image\/png\" \/>\n<meta name=\"author\" content=\"dev\" \/>\n<meta name=\"twitter:card\" content=\"summary_large_image\" \/>\n<meta name=\"twitter:image\" content=\"https:\/\/ihedn.fr\/wp-content\/uploads\/2023\/04\/01.png\" \/>\n<meta name=\"twitter:creator\" content=\"@IHEDN\" \/>\n<meta name=\"twitter:site\" content=\"@IHEDN\" \/>\n<meta name=\"twitter:label1\" content=\"Written by\" \/>\n\t<meta name=\"twitter:data1\" content=\"dev\" \/>\n\t<meta name=\"twitter:label2\" content=\"Estimated reading time\" \/>\n\t<meta name=\"twitter:data2\" content=\"5 minutes\" \/>\n<script type=\"application\/ld+json\" class=\"yoast-schema-graph\">{\"@context\":\"https:\\\/\\\/schema.org\",\"@graph\":[{\"@type\":\"Article\",\"@id\":\"https:\\\/\\\/ihedn.fr\\\/lundis-de-lihedn\\\/cdt-alexandre-dans-la-tres-haute-altitude-on-va-voir-arriver-des-phenomenes-de-competition-et-de-contestation\\\/#article\",\"isPartOf\":{\"@id\":\"https:\\\/\\\/ihedn.fr\\\/lundis-de-lihedn\\\/cdt-alexandre-dans-la-tres-haute-altitude-on-va-voir-arriver-des-phenomenes-de-competition-et-de-contestation\\\/\"},\"author\":{\"name\":\"dev\",\"@id\":\"https:\\\/\\\/ihedn.fr\\\/#\\\/schema\\\/person\\\/7a40155595e4efb35323447cb8c8c5a4\"},\"headline\":\"CDT Alexandre : \u00ab\u2009Dans la tr\u00e8s haute altitude, on va voir arriver des ph\u00e9nom\u00e8nes de comp\u00e9tition et de contestation.\u2009\u00bb\",\"datePublished\":\"2023-04-06T12:23:15+00:00\",\"dateModified\":\"2023-06-30T12:28:07+00:00\",\"mainEntityOfPage\":{\"@id\":\"https:\\\/\\\/ihedn.fr\\\/lundis-de-lihedn\\\/cdt-alexandre-dans-la-tres-haute-altitude-on-va-voir-arriver-des-phenomenes-de-competition-et-de-contestation\\\/\"},\"wordCount\":1003,\"publisher\":{\"@id\":\"https:\\\/\\\/ihedn.fr\\\/#organization\"},\"image\":{\"@id\":\"https:\\\/\\\/ihedn.fr\\\/lundis-de-lihedn\\\/cdt-alexandre-dans-la-tres-haute-altitude-on-va-voir-arriver-des-phenomenes-de-competition-et-de-contestation\\\/#primaryimage\"},\"thumbnailUrl\":\"https:\\\/\\\/ihedn.fr\\\/wp-content\\\/uploads\\\/2023\\\/04\\\/01.png\",\"articleSection\":[\"d\u00e9fense nationale\",\"Lundis de l'IHEDN\",\"Notre s\u00e9lection\",\"s\u00e9curit\u00e9 internationale\"],\"inLanguage\":\"en-GB\"},{\"@type\":\"WebPage\",\"@id\":\"https:\\\/\\\/ihedn.fr\\\/lundis-de-lihedn\\\/cdt-alexandre-dans-la-tres-haute-altitude-on-va-voir-arriver-des-phenomenes-de-competition-et-de-contestation\\\/\",\"url\":\"https:\\\/\\\/ihedn.fr\\\/lundis-de-lihedn\\\/cdt-alexandre-dans-la-tres-haute-altitude-on-va-voir-arriver-des-phenomenes-de-competition-et-de-contestation\\\/\",\"name\":\"CDT Alexandre : \u00ab\u2009Dans la tr\u00e8s haute altitude, on va voir arriver des ph\u00e9nom\u00e8nes de comp\u00e9tition et de contestation.\u2009\u00bb - L&#039;IHEDN : Institut des hautes \u00e9tudes de d\u00e9fense nationale\",\"isPartOf\":{\"@id\":\"https:\\\/\\\/ihedn.fr\\\/#website\"},\"primaryImageOfPage\":{\"@id\":\"https:\\\/\\\/ihedn.fr\\\/lundis-de-lihedn\\\/cdt-alexandre-dans-la-tres-haute-altitude-on-va-voir-arriver-des-phenomenes-de-competition-et-de-contestation\\\/#primaryimage\"},\"image\":{\"@id\":\"https:\\\/\\\/ihedn.fr\\\/lundis-de-lihedn\\\/cdt-alexandre-dans-la-tres-haute-altitude-on-va-voir-arriver-des-phenomenes-de-competition-et-de-contestation\\\/#primaryimage\"},\"thumbnailUrl\":\"https:\\\/\\\/ihedn.fr\\\/wp-content\\\/uploads\\\/2023\\\/04\\\/01.png\",\"datePublished\":\"2023-04-06T12:23:15+00:00\",\"dateModified\":\"2023-06-30T12:28:07+00:00\",\"breadcrumb\":{\"@id\":\"https:\\\/\\\/ihedn.fr\\\/lundis-de-lihedn\\\/cdt-alexandre-dans-la-tres-haute-altitude-on-va-voir-arriver-des-phenomenes-de-competition-et-de-contestation\\\/#breadcrumb\"},\"inLanguage\":\"en-GB\",\"potentialAction\":[{\"@type\":\"ReadAction\",\"target\":[\"https:\\\/\\\/ihedn.fr\\\/lundis-de-lihedn\\\/cdt-alexandre-dans-la-tres-haute-altitude-on-va-voir-arriver-des-phenomenes-de-competition-et-de-contestation\\\/\"]}]},{\"@type\":\"ImageObject\",\"inLanguage\":\"en-GB\",\"@id\":\"https:\\\/\\\/ihedn.fr\\\/lundis-de-lihedn\\\/cdt-alexandre-dans-la-tres-haute-altitude-on-va-voir-arriver-des-phenomenes-de-competition-et-de-contestation\\\/#primaryimage\",\"url\":\"https:\\\/\\\/ihedn.fr\\\/wp-content\\\/uploads\\\/2023\\\/04\\\/01.png\",\"contentUrl\":\"https:\\\/\\\/ihedn.fr\\\/wp-content\\\/uploads\\\/2023\\\/04\\\/01.png\",\"width\":1365,\"height\":683,\"caption\":\"CDT Alexandre : \u00ab\u2009Dans la tr\u00e8s haute altitude, on va voir arriver des ph\u00e9nom\u00e8nes de comp\u00e9tition et de contestation.\u2009\u00bb\"},{\"@type\":\"BreadcrumbList\",\"@id\":\"https:\\\/\\\/ihedn.fr\\\/lundis-de-lihedn\\\/cdt-alexandre-dans-la-tres-haute-altitude-on-va-voir-arriver-des-phenomenes-de-competition-et-de-contestation\\\/#breadcrumb\",\"itemListElement\":[{\"@type\":\"ListItem\",\"position\":1,\"name\":\"Accueil\",\"item\":\"https:\\\/\\\/ihedn.fr\\\/\"},{\"@type\":\"ListItem\",\"position\":2,\"name\":\"CDT Alexandre : \u00ab\u2009Dans la tr\u00e8s haute altitude, on va voir arriver des ph\u00e9nom\u00e8nes de comp\u00e9tition et de contestation.\u2009\u00bb\"}]},{\"@type\":\"WebSite\",\"@id\":\"https:\\\/\\\/ihedn.fr\\\/#website\",\"url\":\"https:\\\/\\\/ihedn.fr\\\/\",\"name\":\"IHEDN : Institut des hautes \u00e9tudes de d\u00e9fense nationale |\",\"description\":\"Site officiel de l&#039;IHEDN plac\u00e9 sous la tutelle du Premier ministre.\",\"publisher\":{\"@id\":\"https:\\\/\\\/ihedn.fr\\\/#organization\"},\"potentialAction\":[{\"@type\":\"SearchAction\",\"target\":{\"@type\":\"EntryPoint\",\"urlTemplate\":\"https:\\\/\\\/ihedn.fr\\\/?s={search_term_string}\"},\"query-input\":{\"@type\":\"PropertyValueSpecification\",\"valueRequired\":true,\"valueName\":\"search_term_string\"}}],\"inLanguage\":\"en-GB\"},{\"@type\":\"Organization\",\"@id\":\"https:\\\/\\\/ihedn.fr\\\/#organization\",\"name\":\"IHEDN - Institut des Hautes Etudes de D\u00e9fense Nationale\",\"url\":\"https:\\\/\\\/ihedn.fr\\\/\",\"logo\":{\"@type\":\"ImageObject\",\"inLanguage\":\"en-GB\",\"@id\":\"https:\\\/\\\/ihedn.fr\\\/#\\\/schema\\\/logo\\\/image\\\/\",\"url\":\"https:\\\/\\\/ihedn.fr\\\/wp-content\\\/uploads\\\/2020\\\/11\\\/BLOC_RF_IHEDN_WEB.png\",\"contentUrl\":\"https:\\\/\\\/ihedn.fr\\\/wp-content\\\/uploads\\\/2020\\\/11\\\/BLOC_RF_IHEDN_WEB.png\",\"width\":500,\"height\":237,\"caption\":\"IHEDN - Institut des Hautes Etudes de D\u00e9fense Nationale\"},\"image\":{\"@id\":\"https:\\\/\\\/ihedn.fr\\\/#\\\/schema\\\/logo\\\/image\\\/\"},\"sameAs\":[\"https:\\\/\\\/www.facebook.com\\\/ihedn\\\/\",\"https:\\\/\\\/x.com\\\/IHEDN\",\"https:\\\/\\\/www.instagram.com\\\/ihedn\\\/\",\"https:\\\/\\\/www.linkedin.com\\\/school\\\/ihedn\\\/\",\"https:\\\/\\\/fr.wikipedia.org\\\/wiki\\\/Institut_des_hautes_\u00e9tudes_de_D\u00e9fense_nationale\"]},{\"@type\":\"Person\",\"@id\":\"https:\\\/\\\/ihedn.fr\\\/#\\\/schema\\\/person\\\/7a40155595e4efb35323447cb8c8c5a4\",\"name\":\"dev\",\"image\":{\"@type\":\"ImageObject\",\"inLanguage\":\"en-GB\",\"@id\":\"https:\\\/\\\/secure.gravatar.com\\\/avatar\\\/f1ffcac9ca2fa95ad3ec33e9be3ade82f752acb0cabe541e56c5889225afa88a?s=96&d=mm&r=g\",\"url\":\"https:\\\/\\\/secure.gravatar.com\\\/avatar\\\/f1ffcac9ca2fa95ad3ec33e9be3ade82f752acb0cabe541e56c5889225afa88a?s=96&d=mm&r=g\",\"contentUrl\":\"https:\\\/\\\/secure.gravatar.com\\\/avatar\\\/f1ffcac9ca2fa95ad3ec33e9be3ade82f752acb0cabe541e56c5889225afa88a?s=96&d=mm&r=g\",\"caption\":\"dev\"},\"sameAs\":[\"https:\\\/\\\/ihedn.concilium.click\"],\"url\":\"https:\\\/\\\/ihedn.fr\\\/en\\\/author\\\/dev\\\/\"}]}<\/script>\n<!-- \/ Yoast SEO plugin. -->","yoast_head_json":{"title":"CDT Alexandre: \"At very high altitude, we're going to see the emergence of competition and contestation. - IHEDN: Institut des hautes \u00e9tudes de d\u00e9fense nationale (Institute for Higher National Defence Studies)","robots":{"index":"index","follow":"follow","max-snippet":"max-snippet:-1","max-image-preview":"max-image-preview:large","max-video-preview":"max-video-preview:-1"},"canonical":"https:\/\/ihedn.fr\/en\/lundis-de-lihedn\/cdt-alexandre-dans-la-tres-haute-altitude-on-va-voir-arriver-des-phenomenes-de-competition-et-de-contestation\/","og_locale":"en_GB","og_type":"article","og_title":"CDT Alexandre : \u00ab\u2009Dans la tr\u00e8s haute altitude, on va voir arriver des ph\u00e9nom\u00e8nes de comp\u00e9tition et de contestation.\u2009\u00bb - L&#039;IHEDN : Institut des hautes \u00e9tudes de d\u00e9fense nationale","og_description":"La question de la \u00ab\u2009tr\u00e8s haute altitude\u2009\u00bb est revenue sur le devant de la sc\u00e8ne avec la neutralisation des \"ballons chinois\" dans l\u2019espace a\u00e9rien am\u00e9ricain en f\u00e9vrier. Le commandant Alexandre, chef de la division puissance a\u00e9rospatiale du Centre d\u2019\u00e9tudes strat\u00e9giques a\u00e9rospatiales (CESA) de l\u2019Arm\u00e9e de l\u2019Air et de l\u2019Espace (AAE) d\u00e9crypte les enjeux de cette zone, devenue un lieu de confrontation.","og_url":"https:\/\/ihedn.fr\/en\/lundis-de-lihedn\/cdt-alexandre-dans-la-tres-haute-altitude-on-va-voir-arriver-des-phenomenes-de-competition-et-de-contestation\/","og_site_name":"L&#039;IHEDN : Institut des hautes \u00e9tudes de d\u00e9fense nationale","article_publisher":"https:\/\/www.facebook.com\/ihedn\/","article_published_time":"2023-04-06T12:23:15+00:00","article_modified_time":"2023-06-30T12:28:07+00:00","og_image":[{"width":1365,"height":683,"url":"https:\/\/ihedn.fr\/wp-content\/uploads\/2023\/04\/01.png","type":"image\/png"}],"author":"dev","twitter_card":"summary_large_image","twitter_image":"https:\/\/ihedn.fr\/wp-content\/uploads\/2023\/04\/01.png","twitter_creator":"@IHEDN","twitter_site":"@IHEDN","twitter_misc":{"Written by":"dev","Estimated reading time":"5 minutes"},"schema":{"@context":"https:\/\/schema.org","@graph":[{"@type":"Article","@id":"https:\/\/ihedn.fr\/lundis-de-lihedn\/cdt-alexandre-dans-la-tres-haute-altitude-on-va-voir-arriver-des-phenomenes-de-competition-et-de-contestation\/#article","isPartOf":{"@id":"https:\/\/ihedn.fr\/lundis-de-lihedn\/cdt-alexandre-dans-la-tres-haute-altitude-on-va-voir-arriver-des-phenomenes-de-competition-et-de-contestation\/"},"author":{"name":"dev","@id":"https:\/\/ihedn.fr\/#\/schema\/person\/7a40155595e4efb35323447cb8c8c5a4"},"headline":"CDT Alexandre : \u00ab\u2009Dans la tr\u00e8s haute altitude, on va voir arriver des ph\u00e9nom\u00e8nes de comp\u00e9tition et de contestation.\u2009\u00bb","datePublished":"2023-04-06T12:23:15+00:00","dateModified":"2023-06-30T12:28:07+00:00","mainEntityOfPage":{"@id":"https:\/\/ihedn.fr\/lundis-de-lihedn\/cdt-alexandre-dans-la-tres-haute-altitude-on-va-voir-arriver-des-phenomenes-de-competition-et-de-contestation\/"},"wordCount":1003,"publisher":{"@id":"https:\/\/ihedn.fr\/#organization"},"image":{"@id":"https:\/\/ihedn.fr\/lundis-de-lihedn\/cdt-alexandre-dans-la-tres-haute-altitude-on-va-voir-arriver-des-phenomenes-de-competition-et-de-contestation\/#primaryimage"},"thumbnailUrl":"https:\/\/ihedn.fr\/wp-content\/uploads\/2023\/04\/01.png","articleSection":["d\u00e9fense nationale","Lundis de l'IHEDN","Notre s\u00e9lection","s\u00e9curit\u00e9 internationale"],"inLanguage":"en-GB"},{"@type":"WebPage","@id":"https:\/\/ihedn.fr\/lundis-de-lihedn\/cdt-alexandre-dans-la-tres-haute-altitude-on-va-voir-arriver-des-phenomenes-de-competition-et-de-contestation\/","url":"https:\/\/ihedn.fr\/lundis-de-lihedn\/cdt-alexandre-dans-la-tres-haute-altitude-on-va-voir-arriver-des-phenomenes-de-competition-et-de-contestation\/","name":"CDT Alexandre: \"At very high altitude, we're going to see the emergence of competition and contestation. - IHEDN: Institut des hautes \u00e9tudes de d\u00e9fense nationale (Institute for Higher National Defence Studies)","isPartOf":{"@id":"https:\/\/ihedn.fr\/#website"},"primaryImageOfPage":{"@id":"https:\/\/ihedn.fr\/lundis-de-lihedn\/cdt-alexandre-dans-la-tres-haute-altitude-on-va-voir-arriver-des-phenomenes-de-competition-et-de-contestation\/#primaryimage"},"image":{"@id":"https:\/\/ihedn.fr\/lundis-de-lihedn\/cdt-alexandre-dans-la-tres-haute-altitude-on-va-voir-arriver-des-phenomenes-de-competition-et-de-contestation\/#primaryimage"},"thumbnailUrl":"https:\/\/ihedn.fr\/wp-content\/uploads\/2023\/04\/01.png","datePublished":"2023-04-06T12:23:15+00:00","dateModified":"2023-06-30T12:28:07+00:00","breadcrumb":{"@id":"https:\/\/ihedn.fr\/lundis-de-lihedn\/cdt-alexandre-dans-la-tres-haute-altitude-on-va-voir-arriver-des-phenomenes-de-competition-et-de-contestation\/#breadcrumb"},"inLanguage":"en-GB","potentialAction":[{"@type":"ReadAction","target":["https:\/\/ihedn.fr\/lundis-de-lihedn\/cdt-alexandre-dans-la-tres-haute-altitude-on-va-voir-arriver-des-phenomenes-de-competition-et-de-contestation\/"]}]},{"@type":"ImageObject","inLanguage":"en-GB","@id":"https:\/\/ihedn.fr\/lundis-de-lihedn\/cdt-alexandre-dans-la-tres-haute-altitude-on-va-voir-arriver-des-phenomenes-de-competition-et-de-contestation\/#primaryimage","url":"https:\/\/ihedn.fr\/wp-content\/uploads\/2023\/04\/01.png","contentUrl":"https:\/\/ihedn.fr\/wp-content\/uploads\/2023\/04\/01.png","width":1365,"height":683,"caption":"CDT Alexandre : \u00ab\u2009Dans la tr\u00e8s haute altitude, on va voir arriver des ph\u00e9nom\u00e8nes de comp\u00e9tition et de contestation.\u2009\u00bb"},{"@type":"BreadcrumbList","@id":"https:\/\/ihedn.fr\/lundis-de-lihedn\/cdt-alexandre-dans-la-tres-haute-altitude-on-va-voir-arriver-des-phenomenes-de-competition-et-de-contestation\/#breadcrumb","itemListElement":[{"@type":"ListItem","position":1,"name":"Accueil","item":"https:\/\/ihedn.fr\/"},{"@type":"ListItem","position":2,"name":"CDT Alexandre : \u00ab\u2009Dans la tr\u00e8s haute altitude, on va voir arriver des ph\u00e9nom\u00e8nes de comp\u00e9tition et de contestation.\u2009\u00bb"}]},{"@type":"WebSite","@id":"https:\/\/ihedn.fr\/#website","url":"https:\/\/ihedn.fr\/","name":"IHEDN: Institut des hautes \u00e9tudes de d\u00e9fense nationale (Institute for Higher National Defence Studies)","description":"Official website of the IHEDN under the supervision of the Prime Minister.","publisher":{"@id":"https:\/\/ihedn.fr\/#organization"},"potentialAction":[{"@type":"SearchAction","target":{"@type":"EntryPoint","urlTemplate":"https:\/\/ihedn.fr\/?s={search_term_string}"},"query-input":{"@type":"PropertyValueSpecification","valueRequired":true,"valueName":"search_term_string"}}],"inLanguage":"en-GB"},{"@type":"Organization","@id":"https:\/\/ihedn.fr\/#organization","name":"IHEDN - Institute for Higher National Defence Studies","url":"https:\/\/ihedn.fr\/","logo":{"@type":"ImageObject","inLanguage":"en-GB","@id":"https:\/\/ihedn.fr\/#\/schema\/logo\/image\/","url":"https:\/\/ihedn.fr\/wp-content\/uploads\/2020\/11\/BLOC_RF_IHEDN_WEB.png","contentUrl":"https:\/\/ihedn.fr\/wp-content\/uploads\/2020\/11\/BLOC_RF_IHEDN_WEB.png","width":500,"height":237,"caption":"IHEDN - Institut des Hautes Etudes de D\u00e9fense Nationale"},"image":{"@id":"https:\/\/ihedn.fr\/#\/schema\/logo\/image\/"},"sameAs":["https:\/\/www.facebook.com\/ihedn\/","https:\/\/x.com\/IHEDN","https:\/\/www.instagram.com\/ihedn\/","https:\/\/www.linkedin.com\/school\/ihedn\/","https:\/\/fr.wikipedia.org\/wiki\/Institut_des_hautes_\u00e9tudes_de_D\u00e9fense_nationale"]},{"@type":"Person","@id":"https:\/\/ihedn.fr\/#\/schema\/person\/7a40155595e4efb35323447cb8c8c5a4","name":"dev","image":{"@type":"ImageObject","inLanguage":"en-GB","@id":"https:\/\/secure.gravatar.com\/avatar\/f1ffcac9ca2fa95ad3ec33e9be3ade82f752acb0cabe541e56c5889225afa88a?s=96&d=mm&r=g","url":"https:\/\/secure.gravatar.com\/avatar\/f1ffcac9ca2fa95ad3ec33e9be3ade82f752acb0cabe541e56c5889225afa88a?s=96&d=mm&r=g","contentUrl":"https:\/\/secure.gravatar.com\/avatar\/f1ffcac9ca2fa95ad3ec33e9be3ade82f752acb0cabe541e56c5889225afa88a?s=96&d=mm&r=g","caption":"dev"},"sameAs":["https:\/\/ihedn.concilium.click"],"url":"https:\/\/ihedn.fr\/en\/author\/dev\/"}]}},"publishpress_future_action":{"enabled":false,"date":"2026-05-08 02:50:33","action":"change-status","newStatus":"draft","terms":[],"taxonomy":"category","extraData":[]},"publishpress_future_workflow_manual_trigger":{"enabledWorkflows":[]},"_links":{"self":[{"href":"https:\/\/ihedn.fr\/en\/wp-json\/wp\/v2\/posts\/38171","targetHints":{"allow":["GET"]}}],"collection":[{"href":"https:\/\/ihedn.fr\/en\/wp-json\/wp\/v2\/posts"}],"about":[{"href":"https:\/\/ihedn.fr\/en\/wp-json\/wp\/v2\/types\/post"}],"author":[{"embeddable":true,"href":"https:\/\/ihedn.fr\/en\/wp-json\/wp\/v2\/users\/1"}],"replies":[{"embeddable":true,"href":"https:\/\/ihedn.fr\/en\/wp-json\/wp\/v2\/comments?post=38171"}],"version-history":[{"count":30,"href":"https:\/\/ihedn.fr\/en\/wp-json\/wp\/v2\/posts\/38171\/revisions"}],"predecessor-version":[{"id":38227,"href":"https:\/\/ihedn.fr\/en\/wp-json\/wp\/v2\/posts\/38171\/revisions\/38227"}],"wp:featuredmedia":[{"embeddable":true,"href":"https:\/\/ihedn.fr\/en\/wp-json\/wp\/v2\/media\/38172"}],"wp:attachment":[{"href":"https:\/\/ihedn.fr\/en\/wp-json\/wp\/v2\/media?parent=38171"}],"wp:term":[{"taxonomy":"category","embeddable":true,"href":"https:\/\/ihedn.fr\/en\/wp-json\/wp\/v2\/categories?post=38171"},{"taxonomy":"post_tag","embeddable":true,"href":"https:\/\/ihedn.fr\/en\/wp-json\/wp\/v2\/tags?post=38171"}],"curies":[{"name":"wp","href":"https:\/\/api.w.org\/{rel}","templated":true}]}}