{"id":38782,"date":"2023-04-24T14:45:13","date_gmt":"2023-04-24T13:45:13","guid":{"rendered":"https:\/\/ihedn.fr\/?p=38782"},"modified":"2023-05-04T08:27:29","modified_gmt":"2023-05-04T07:27:29","slug":"ouverture-du-135e-cycle-ihedn-jeunes-ile-de-france-a-rambouillet","status":"publish","type":"post","link":"https:\/\/ihedn.fr\/en\/uncategorized\/ouverture-du-135e-cycle-ihedn-jeunes-ile-de-france-a-rambouillet\/","title":{"rendered":"135<sup>e<\/sup> IHEDN-Jeunes\" \u00cele-de-France cycle in Rambouillet"},"content":{"rendered":"<div data-elementor-type=\"wp-post\" data-elementor-id=\"38782\" class=\"elementor elementor-38782\" data-elementor-post-type=\"post\">\n\t\t\t\t\t\t<section data-particle_enable=\"false\" data-particle-mobile-disabled=\"false\" class=\"elementor-section elementor-top-section elementor-element elementor-element-08e8ea1 elementor-section-boxed elementor-section-height-default elementor-section-height-default\" data-id=\"08e8ea1\" data-element_type=\"section\" data-e-type=\"section\">\n\t\t\t\t\t\t<div class=\"elementor-container elementor-column-gap-default\">\n\t\t\t\t\t<div class=\"elementor-column elementor-col-100 elementor-top-column elementor-element elementor-element-6e4dd9c\" data-id=\"6e4dd9c\" data-element_type=\"column\" data-e-type=\"column\">\n\t\t\t<div class=\"elementor-widget-wrap elementor-element-populated\">\n\t\t\t\t\t\t<div class=\"elementor-element elementor-element-ecdd5d8 elementor-widget elementor-widget-text-editor\" data-id=\"ecdd5d8\" data-element_type=\"widget\" data-e-type=\"widget\" data-widget_type=\"text-editor.default\">\n\t\t\t\t<div class=\"elementor-widget-container\">\n\t\t\t\t\t\t\t\t\t<p>The IHEDN organised the 135<sup>th<\/sup> cycle jeunes Ile-de-France, from 24 to 28 April at the Bergerie nationale de Rambouillet.<\/p><p>The 80 young auditors, students and executives from both the public and private sectors, spent a week immersed in the most topical issues of military defence, national defence, national security and international security.<\/p><p>They were also confronted with the issue of nuclear deterrence, illustrated by a visit to the CEA's military applications division, and the renewal of land forces, at the 12<sup>th<\/sup> cuirassiers regiment.<\/p><p>The committee's excellent work focused on forward-looking analysis of threats to 2030, the effectiveness of economic sanctions as a means of action, and alliance and coalition engagement.<\/p><p>The auditors presented the results of their work on 29 April at the Ecole Militaire, on the premises of the IHEDN, in the presence of sub-prefect Jean-Michel Delvert, head of the regional and specialised activities department of the IHEDN, and Dr Aur\u00e9lie Vittot, from the studies and research department.<\/p><p><span style=\"color: #000091;\"><strong>Sub-prefect Jean-Michel Delvert<\/strong><\/span>Director of the Department of Regional and Specialised Activities at IHEDN, representing the Director of IHEDN, gave the opening address at 135<sup>e<\/sup> IHEDN-Jeunes\" cycle in \u00cele-de-France.<\/p><p>On the programme:<\/p><ul><li>Conferences on defence and security issues<\/li><li>Visits to military and industrial sites such as the 12th Cuirassiers Regiment and the Saclay CEA!<\/li><\/ul>\t\t\t\t\t\t\t\t<\/div>\n\t\t\t\t<\/div>\n\t\t\t\t\t<\/div>\n\t\t<\/div>\n\t\t\t\t\t<\/div>\n\t\t<\/section>\n\t\t\t\t<section data-particle_enable=\"false\" data-particle-mobile-disabled=\"false\" class=\"elementor-section elementor-top-section elementor-element elementor-element-c65bb62 elementor-section-boxed elementor-section-height-default elementor-section-height-default\" data-id=\"c65bb62\" data-element_type=\"section\" data-e-type=\"section\">\n\t\t\t\t\t\t<div class=\"elementor-container elementor-column-gap-default\">\n\t\t\t\t\t<div class=\"elementor-column elementor-col-100 elementor-top-column elementor-element elementor-element-d572f02\" data-id=\"d572f02\" data-element_type=\"column\" data-e-type=\"column\">\n\t\t\t<div class=\"elementor-widget-wrap elementor-element-populated\">\n\t\t\t\t\t\t<div class=\"elementor-element elementor-element-27de25e elementor-widget elementor-widget-gallery\" data-id=\"27de25e\" data-element_type=\"widget\" data-e-type=\"widget\" data-settings=\"{&quot;columns&quot;:3,&quot;lazyload&quot;:&quot;yes&quot;,&quot;gallery_layout&quot;:&quot;grid&quot;,&quot;columns_tablet&quot;:2,&quot;columns_mobile&quot;:1,&quot;gap&quot;:{&quot;unit&quot;:&quot;px&quot;,&quot;size&quot;:10,&quot;sizes&quot;:[]},&quot;gap_tablet&quot;:{&quot;unit&quot;:&quot;px&quot;,&quot;size&quot;:10,&quot;sizes&quot;:[]},&quot;gap_mobile&quot;:{&quot;unit&quot;:&quot;px&quot;,&quot;size&quot;:10,&quot;sizes&quot;:[]},&quot;link_to&quot;:&quot;file&quot;,&quot;aspect_ratio&quot;:&quot;3:2&quot;,&quot;overlay_background&quot;:&quot;yes&quot;,&quot;content_hover_animation&quot;:&quot;fade-in&quot;}\" data-widget_type=\"gallery.default\">\n\t\t\t\t<div class=\"elementor-widget-container\">\n\t\t\t\t\t\t\t<div class=\"elementor-gallery__container\">\n\t\t\t\t\t\t\t<a class=\"e-gallery-item elementor-gallery-item elementor-animated-content\" href=\"https:\/\/ihedn.fr\/wp-content\/uploads\/2023\/05\/IMG_20230425_181007.jpg\" data-elementor-open-lightbox=\"yes\" data-elementor-lightbox-slideshow=\"27de25e\" data-e-action-hash=\"#elementor-action%3Aaction%3Dlightbox%26settings%3DeyJpZCI6MzkwNTksInVybCI6Imh0dHBzOlwvXC9paGVkbi5mclwvd3AtY29udGVudFwvdXBsb2Fkc1wvMjAyM1wvMDVcL0lNR18yMDIzMDQyNV8xODEwMDcuanBnIiwic2xpZGVzaG93IjoiMjdkZTI1ZSJ9\">\n\t\t\t\t\t<div class=\"e-gallery-image elementor-gallery-item__image\" data-thumbnail=\"https:\/\/ihedn.fr\/wp-content\/uploads\/2023\/05\/IMG_20230425_181007-300x300.jpg\" data-width=\"300\" data-height=\"300\" aria-label=\"\" role=\"img\" ><\/div>\n\t\t\t\t\t\t\t\t\t\t\t<div class=\"elementor-gallery-item__overlay\"><\/div>\n\t\t\t\t\t\t\t\t\t\t\t\t\t\t<\/a>\n\t\t\t\t\t\t\t<a class=\"e-gallery-item elementor-gallery-item elementor-animated-content\" href=\"https:\/\/ihedn.fr\/wp-content\/uploads\/2023\/05\/IMG-20230425-WA0006.jpg\" data-elementor-open-lightbox=\"yes\" data-elementor-lightbox-slideshow=\"27de25e\" data-e-action-hash=\"#elementor-action%3Aaction%3Dlightbox%26settings%3DeyJpZCI6MzkwNjAsInVybCI6Imh0dHBzOlwvXC9paGVkbi5mclwvd3AtY29udGVudFwvdXBsb2Fkc1wvMjAyM1wvMDVcL0lNRy0yMDIzMDQyNS1XQTAwMDYuanBnIiwic2xpZGVzaG93IjoiMjdkZTI1ZSJ9\">\n\t\t\t\t\t<div class=\"e-gallery-image elementor-gallery-item__image\" data-thumbnail=\"https:\/\/ihedn.fr\/wp-content\/uploads\/2023\/05\/IMG-20230425-WA0006-300x300.jpg\" data-width=\"300\" data-height=\"300\" aria-label=\"\" role=\"img\" ><\/div>\n\t\t\t\t\t\t\t\t\t\t\t<div class=\"elementor-gallery-item__overlay\"><\/div>\n\t\t\t\t\t\t\t\t\t\t\t\t\t\t<\/a>\n\t\t\t\t\t\t\t<a class=\"e-gallery-item elementor-gallery-item elementor-animated-content\" href=\"https:\/\/ihedn.fr\/wp-content\/uploads\/2023\/05\/IMG-20230427-WA0003.jpg\" data-elementor-open-lightbox=\"yes\" data-elementor-lightbox-slideshow=\"27de25e\" data-e-action-hash=\"#elementor-action%3Aaction%3Dlightbox%26settings%3DeyJpZCI6MzkwNjEsInVybCI6Imh0dHBzOlwvXC9paGVkbi5mclwvd3AtY29udGVudFwvdXBsb2Fkc1wvMjAyM1wvMDVcL0lNRy0yMDIzMDQyNy1XQTAwMDMuanBnIiwic2xpZGVzaG93IjoiMjdkZTI1ZSJ9\">\n\t\t\t\t\t<div class=\"e-gallery-image elementor-gallery-item__image\" data-thumbnail=\"https:\/\/ihedn.fr\/wp-content\/uploads\/2023\/05\/IMG-20230427-WA0003-300x300.jpg\" data-width=\"300\" data-height=\"300\" aria-label=\"\" role=\"img\" ><\/div>\n\t\t\t\t\t\t\t\t\t\t\t<div class=\"elementor-gallery-item__overlay\"><\/div>\n\t\t\t\t\t\t\t\t\t\t\t\t\t\t<\/a>\n\t\t\t\t\t<\/div>\n\t\t\t\t\t<\/div>\n\t\t\t\t<\/div>\n\t\t\t\t\t<\/div>\n\t\t<\/div>\n\t\t\t\t\t<\/div>\n\t\t<\/section>\n\t\t\t\t<\/div>","protected":false},"excerpt":{"rendered":"<p>L\u2019IHEDN a organis\u00e9 le 135\u00e8me cycle jeunes Ile-de-France, du 24 au 28 avril \u00e0 la Bergerie nationale de Rambouillet. Les 80 jeunes auditeurs, \u00e9tudiants et cadres du secteur public comme du secteur priv\u00e9, ont v\u00e9cu une immersion d\u2019une semaine au c\u0153ur des questions les plus actuelles de la d\u00e9fense militaire, de la d\u00e9fense nationale, de [&hellip;]<\/p>\n","protected":false},"author":1,"featured_media":38783,"comment_status":"closed","ping_status":"closed","sticky":false,"template":"","format":"standard","meta":{"footnotes":""},"categories":[172,1],"tags":[],"class_list":["post-38782","post","type-post","status-publish","format-standard","has-post-thumbnail","hentry","category-notre-actualite","category-uncategorized"],"yoast_head":"<!-- This site is optimized with the Yoast SEO plugin v27.5 - https:\/\/yoast.com\/product\/yoast-seo-wordpress\/ -->\n<title>135e cycle &quot;IHEDN-Jeunes&quot; \u00cele-de-France \u00e0 Rambouillet - L&#039;IHEDN : Institut des hautes \u00e9tudes de d\u00e9fense nationale<\/title>\n<meta name=\"robots\" content=\"index, follow, max-snippet:-1, max-image-preview:large, max-video-preview:-1\" \/>\n<link rel=\"canonical\" href=\"https:\/\/ihedn.fr\/en\/uncategorized\/ouverture-du-135e-cycle-ihedn-jeunes-ile-de-france-a-rambouillet\/\" \/>\n<meta property=\"og:locale\" content=\"en_GB\" \/>\n<meta property=\"og:type\" content=\"article\" \/>\n<meta property=\"og:title\" content=\"135e cycle &quot;IHEDN-Jeunes&quot; \u00cele-de-France \u00e0 Rambouillet - L&#039;IHEDN : Institut des hautes \u00e9tudes de d\u00e9fense nationale\" \/>\n<meta property=\"og:description\" content=\"L\u2019IHEDN a organis\u00e9 le 135\u00e8me cycle jeunes Ile-de-France, du 24 au 28 avril \u00e0 la Bergerie nationale de Rambouillet. Les 80 jeunes auditeurs, \u00e9tudiants et cadres du secteur public comme du secteur priv\u00e9, ont v\u00e9cu une immersion d\u2019une semaine au c\u0153ur des questions les plus actuelles de la d\u00e9fense militaire, de la d\u00e9fense nationale, de [&hellip;]\" \/>\n<meta property=\"og:url\" content=\"https:\/\/ihedn.fr\/en\/uncategorized\/ouverture-du-135e-cycle-ihedn-jeunes-ile-de-france-a-rambouillet\/\" \/>\n<meta property=\"og:site_name\" content=\"L&#039;IHEDN : Institut des hautes \u00e9tudes de d\u00e9fense nationale\" \/>\n<meta property=\"article:publisher\" content=\"https:\/\/www.facebook.com\/ihedn\/\" \/>\n<meta property=\"article:published_time\" content=\"2023-04-24T13:45:13+00:00\" \/>\n<meta property=\"article:modified_time\" content=\"2023-05-04T07:27:29+00:00\" \/>\n<meta property=\"og:image\" content=\"https:\/\/ihedn.fr\/wp-content\/uploads\/2023\/04\/20230424-IHEDN-ouverture-du-135e-CJ-2.jpg\" \/>\n\t<meta property=\"og:image:width\" content=\"1511\" \/>\n\t<meta property=\"og:image:height\" content=\"1456\" \/>\n\t<meta property=\"og:image:type\" content=\"image\/jpeg\" \/>\n<meta name=\"author\" content=\"dev\" \/>\n<meta name=\"twitter:card\" content=\"summary_large_image\" \/>\n<meta name=\"twitter:creator\" content=\"@IHEDN\" \/>\n<meta name=\"twitter:site\" content=\"@IHEDN\" \/>\n<meta name=\"twitter:label1\" content=\"Written by\" \/>\n\t<meta name=\"twitter:data1\" content=\"dev\" \/>\n\t<meta name=\"twitter:label2\" content=\"Estimated reading time\" \/>\n\t<meta name=\"twitter:data2\" content=\"2 minutes\" \/>\n<script type=\"application\/ld+json\" class=\"yoast-schema-graph\">{\"@context\":\"https:\\\/\\\/schema.org\",\"@graph\":[{\"@type\":\"Article\",\"@id\":\"https:\\\/\\\/ihedn.fr\\\/uncategorized\\\/ouverture-du-135e-cycle-ihedn-jeunes-ile-de-france-a-rambouillet\\\/#article\",\"isPartOf\":{\"@id\":\"https:\\\/\\\/ihedn.fr\\\/uncategorized\\\/ouverture-du-135e-cycle-ihedn-jeunes-ile-de-france-a-rambouillet\\\/\"},\"author\":{\"name\":\"dev\",\"@id\":\"https:\\\/\\\/ihedn.fr\\\/#\\\/schema\\\/person\\\/7a40155595e4efb35323447cb8c8c5a4\"},\"headline\":\"135e cycle \u00ab\u00a0IHEDN-Jeunes\u00a0\u00bb \u00cele-de-France \u00e0 Rambouillet\",\"datePublished\":\"2023-04-24T13:45:13+00:00\",\"dateModified\":\"2023-05-04T07:27:29+00:00\",\"mainEntityOfPage\":{\"@id\":\"https:\\\/\\\/ihedn.fr\\\/uncategorized\\\/ouverture-du-135e-cycle-ihedn-jeunes-ile-de-france-a-rambouillet\\\/\"},\"wordCount\":282,\"publisher\":{\"@id\":\"https:\\\/\\\/ihedn.fr\\\/#organization\"},\"image\":{\"@id\":\"https:\\\/\\\/ihedn.fr\\\/uncategorized\\\/ouverture-du-135e-cycle-ihedn-jeunes-ile-de-france-a-rambouillet\\\/#primaryimage\"},\"thumbnailUrl\":\"https:\\\/\\\/ihedn.fr\\\/wp-content\\\/uploads\\\/2023\\\/04\\\/20230424-IHEDN-ouverture-du-135e-CJ-2.jpg\",\"articleSection\":[\"Notre actualit\u00e9\",\"Uncategorized\"],\"inLanguage\":\"en-GB\"},{\"@type\":\"WebPage\",\"@id\":\"https:\\\/\\\/ihedn.fr\\\/uncategorized\\\/ouverture-du-135e-cycle-ihedn-jeunes-ile-de-france-a-rambouillet\\\/\",\"url\":\"https:\\\/\\\/ihedn.fr\\\/uncategorized\\\/ouverture-du-135e-cycle-ihedn-jeunes-ile-de-france-a-rambouillet\\\/\",\"name\":\"135e cycle \\\"IHEDN-Jeunes\\\" \u00cele-de-France \u00e0 Rambouillet - L&#039;IHEDN : Institut des hautes \u00e9tudes de d\u00e9fense nationale\",\"isPartOf\":{\"@id\":\"https:\\\/\\\/ihedn.fr\\\/#website\"},\"primaryImageOfPage\":{\"@id\":\"https:\\\/\\\/ihedn.fr\\\/uncategorized\\\/ouverture-du-135e-cycle-ihedn-jeunes-ile-de-france-a-rambouillet\\\/#primaryimage\"},\"image\":{\"@id\":\"https:\\\/\\\/ihedn.fr\\\/uncategorized\\\/ouverture-du-135e-cycle-ihedn-jeunes-ile-de-france-a-rambouillet\\\/#primaryimage\"},\"thumbnailUrl\":\"https:\\\/\\\/ihedn.fr\\\/wp-content\\\/uploads\\\/2023\\\/04\\\/20230424-IHEDN-ouverture-du-135e-CJ-2.jpg\",\"datePublished\":\"2023-04-24T13:45:13+00:00\",\"dateModified\":\"2023-05-04T07:27:29+00:00\",\"breadcrumb\":{\"@id\":\"https:\\\/\\\/ihedn.fr\\\/uncategorized\\\/ouverture-du-135e-cycle-ihedn-jeunes-ile-de-france-a-rambouillet\\\/#breadcrumb\"},\"inLanguage\":\"en-GB\",\"potentialAction\":[{\"@type\":\"ReadAction\",\"target\":[\"https:\\\/\\\/ihedn.fr\\\/uncategorized\\\/ouverture-du-135e-cycle-ihedn-jeunes-ile-de-france-a-rambouillet\\\/\"]}]},{\"@type\":\"ImageObject\",\"inLanguage\":\"en-GB\",\"@id\":\"https:\\\/\\\/ihedn.fr\\\/uncategorized\\\/ouverture-du-135e-cycle-ihedn-jeunes-ile-de-france-a-rambouillet\\\/#primaryimage\",\"url\":\"https:\\\/\\\/ihedn.fr\\\/wp-content\\\/uploads\\\/2023\\\/04\\\/20230424-IHEDN-ouverture-du-135e-CJ-2.jpg\",\"contentUrl\":\"https:\\\/\\\/ihedn.fr\\\/wp-content\\\/uploads\\\/2023\\\/04\\\/20230424-IHEDN-ouverture-du-135e-CJ-2.jpg\",\"width\":1511,\"height\":1456},{\"@type\":\"BreadcrumbList\",\"@id\":\"https:\\\/\\\/ihedn.fr\\\/uncategorized\\\/ouverture-du-135e-cycle-ihedn-jeunes-ile-de-france-a-rambouillet\\\/#breadcrumb\",\"itemListElement\":[{\"@type\":\"ListItem\",\"position\":1,\"name\":\"Accueil\",\"item\":\"https:\\\/\\\/ihedn.fr\\\/\"},{\"@type\":\"ListItem\",\"position\":2,\"name\":\"135e cycle \u00ab\u00a0IHEDN-Jeunes\u00a0\u00bb \u00cele-de-France \u00e0 Rambouillet\"}]},{\"@type\":\"WebSite\",\"@id\":\"https:\\\/\\\/ihedn.fr\\\/#website\",\"url\":\"https:\\\/\\\/ihedn.fr\\\/\",\"name\":\"IHEDN : Institut des hautes \u00e9tudes de d\u00e9fense nationale |\",\"description\":\"Site officiel de l&#039;IHEDN plac\u00e9 sous la tutelle du Premier ministre.\",\"publisher\":{\"@id\":\"https:\\\/\\\/ihedn.fr\\\/#organization\"},\"potentialAction\":[{\"@type\":\"SearchAction\",\"target\":{\"@type\":\"EntryPoint\",\"urlTemplate\":\"https:\\\/\\\/ihedn.fr\\\/?s={search_term_string}\"},\"query-input\":{\"@type\":\"PropertyValueSpecification\",\"valueRequired\":true,\"valueName\":\"search_term_string\"}}],\"inLanguage\":\"en-GB\"},{\"@type\":\"Organization\",\"@id\":\"https:\\\/\\\/ihedn.fr\\\/#organization\",\"name\":\"IHEDN - Institut des Hautes Etudes de D\u00e9fense Nationale\",\"url\":\"https:\\\/\\\/ihedn.fr\\\/\",\"logo\":{\"@type\":\"ImageObject\",\"inLanguage\":\"en-GB\",\"@id\":\"https:\\\/\\\/ihedn.fr\\\/#\\\/schema\\\/logo\\\/image\\\/\",\"url\":\"https:\\\/\\\/ihedn.fr\\\/wp-content\\\/uploads\\\/2020\\\/11\\\/BLOC_RF_IHEDN_WEB.png\",\"contentUrl\":\"https:\\\/\\\/ihedn.fr\\\/wp-content\\\/uploads\\\/2020\\\/11\\\/BLOC_RF_IHEDN_WEB.png\",\"width\":500,\"height\":237,\"caption\":\"IHEDN - Institut des Hautes Etudes de D\u00e9fense Nationale\"},\"image\":{\"@id\":\"https:\\\/\\\/ihedn.fr\\\/#\\\/schema\\\/logo\\\/image\\\/\"},\"sameAs\":[\"https:\\\/\\\/www.facebook.com\\\/ihedn\\\/\",\"https:\\\/\\\/x.com\\\/IHEDN\",\"https:\\\/\\\/www.instagram.com\\\/ihedn\\\/\",\"https:\\\/\\\/www.linkedin.com\\\/school\\\/ihedn\\\/\",\"https:\\\/\\\/fr.wikipedia.org\\\/wiki\\\/Institut_des_hautes_\u00e9tudes_de_D\u00e9fense_nationale\"]},{\"@type\":\"Person\",\"@id\":\"https:\\\/\\\/ihedn.fr\\\/#\\\/schema\\\/person\\\/7a40155595e4efb35323447cb8c8c5a4\",\"name\":\"dev\",\"image\":{\"@type\":\"ImageObject\",\"inLanguage\":\"en-GB\",\"@id\":\"https:\\\/\\\/secure.gravatar.com\\\/avatar\\\/f1ffcac9ca2fa95ad3ec33e9be3ade82f752acb0cabe541e56c5889225afa88a?s=96&d=mm&r=g\",\"url\":\"https:\\\/\\\/secure.gravatar.com\\\/avatar\\\/f1ffcac9ca2fa95ad3ec33e9be3ade82f752acb0cabe541e56c5889225afa88a?s=96&d=mm&r=g\",\"contentUrl\":\"https:\\\/\\\/secure.gravatar.com\\\/avatar\\\/f1ffcac9ca2fa95ad3ec33e9be3ade82f752acb0cabe541e56c5889225afa88a?s=96&d=mm&r=g\",\"caption\":\"dev\"},\"sameAs\":[\"https:\\\/\\\/ihedn.concilium.click\"],\"url\":\"https:\\\/\\\/ihedn.fr\\\/en\\\/author\\\/dev\\\/\"}]}<\/script>\n<!-- \/ Yoast SEO plugin. -->","yoast_head_json":{"title":"135th \u00cele-de-France \"IHEDN-Youth\" cycle in Rambouillet - L'IHEDN : Institut des hautes \u00e9tudes de d\u00e9fense nationale (France)","robots":{"index":"index","follow":"follow","max-snippet":"max-snippet:-1","max-image-preview":"max-image-preview:large","max-video-preview":"max-video-preview:-1"},"canonical":"https:\/\/ihedn.fr\/en\/uncategorized\/ouverture-du-135e-cycle-ihedn-jeunes-ile-de-france-a-rambouillet\/","og_locale":"en_GB","og_type":"article","og_title":"135e cycle \"IHEDN-Jeunes\" \u00cele-de-France \u00e0 Rambouillet - L&#039;IHEDN : Institut des hautes \u00e9tudes de d\u00e9fense nationale","og_description":"L\u2019IHEDN a organis\u00e9 le 135\u00e8me cycle jeunes Ile-de-France, du 24 au 28 avril \u00e0 la Bergerie nationale de Rambouillet. Les 80 jeunes auditeurs, \u00e9tudiants et cadres du secteur public comme du secteur priv\u00e9, ont v\u00e9cu une immersion d\u2019une semaine au c\u0153ur des questions les plus actuelles de la d\u00e9fense militaire, de la d\u00e9fense nationale, de [&hellip;]","og_url":"https:\/\/ihedn.fr\/en\/uncategorized\/ouverture-du-135e-cycle-ihedn-jeunes-ile-de-france-a-rambouillet\/","og_site_name":"L&#039;IHEDN : Institut des hautes \u00e9tudes de d\u00e9fense nationale","article_publisher":"https:\/\/www.facebook.com\/ihedn\/","article_published_time":"2023-04-24T13:45:13+00:00","article_modified_time":"2023-05-04T07:27:29+00:00","og_image":[{"width":1511,"height":1456,"url":"https:\/\/ihedn.fr\/wp-content\/uploads\/2023\/04\/20230424-IHEDN-ouverture-du-135e-CJ-2.jpg","type":"image\/jpeg"}],"author":"dev","twitter_card":"summary_large_image","twitter_creator":"@IHEDN","twitter_site":"@IHEDN","twitter_misc":{"Written by":"dev","Estimated reading time":"2 minutes"},"schema":{"@context":"https:\/\/schema.org","@graph":[{"@type":"Article","@id":"https:\/\/ihedn.fr\/uncategorized\/ouverture-du-135e-cycle-ihedn-jeunes-ile-de-france-a-rambouillet\/#article","isPartOf":{"@id":"https:\/\/ihedn.fr\/uncategorized\/ouverture-du-135e-cycle-ihedn-jeunes-ile-de-france-a-rambouillet\/"},"author":{"name":"dev","@id":"https:\/\/ihedn.fr\/#\/schema\/person\/7a40155595e4efb35323447cb8c8c5a4"},"headline":"135e cycle \u00ab\u00a0IHEDN-Jeunes\u00a0\u00bb \u00cele-de-France \u00e0 Rambouillet","datePublished":"2023-04-24T13:45:13+00:00","dateModified":"2023-05-04T07:27:29+00:00","mainEntityOfPage":{"@id":"https:\/\/ihedn.fr\/uncategorized\/ouverture-du-135e-cycle-ihedn-jeunes-ile-de-france-a-rambouillet\/"},"wordCount":282,"publisher":{"@id":"https:\/\/ihedn.fr\/#organization"},"image":{"@id":"https:\/\/ihedn.fr\/uncategorized\/ouverture-du-135e-cycle-ihedn-jeunes-ile-de-france-a-rambouillet\/#primaryimage"},"thumbnailUrl":"https:\/\/ihedn.fr\/wp-content\/uploads\/2023\/04\/20230424-IHEDN-ouverture-du-135e-CJ-2.jpg","articleSection":["Notre actualit\u00e9","Uncategorized"],"inLanguage":"en-GB"},{"@type":"WebPage","@id":"https:\/\/ihedn.fr\/uncategorized\/ouverture-du-135e-cycle-ihedn-jeunes-ile-de-france-a-rambouillet\/","url":"https:\/\/ihedn.fr\/uncategorized\/ouverture-du-135e-cycle-ihedn-jeunes-ile-de-france-a-rambouillet\/","name":"135th \u00cele-de-France \"IHEDN-Youth\" cycle in Rambouillet - L'IHEDN : Institut des hautes \u00e9tudes de d\u00e9fense nationale (France)","isPartOf":{"@id":"https:\/\/ihedn.fr\/#website"},"primaryImageOfPage":{"@id":"https:\/\/ihedn.fr\/uncategorized\/ouverture-du-135e-cycle-ihedn-jeunes-ile-de-france-a-rambouillet\/#primaryimage"},"image":{"@id":"https:\/\/ihedn.fr\/uncategorized\/ouverture-du-135e-cycle-ihedn-jeunes-ile-de-france-a-rambouillet\/#primaryimage"},"thumbnailUrl":"https:\/\/ihedn.fr\/wp-content\/uploads\/2023\/04\/20230424-IHEDN-ouverture-du-135e-CJ-2.jpg","datePublished":"2023-04-24T13:45:13+00:00","dateModified":"2023-05-04T07:27:29+00:00","breadcrumb":{"@id":"https:\/\/ihedn.fr\/uncategorized\/ouverture-du-135e-cycle-ihedn-jeunes-ile-de-france-a-rambouillet\/#breadcrumb"},"inLanguage":"en-GB","potentialAction":[{"@type":"ReadAction","target":["https:\/\/ihedn.fr\/uncategorized\/ouverture-du-135e-cycle-ihedn-jeunes-ile-de-france-a-rambouillet\/"]}]},{"@type":"ImageObject","inLanguage":"en-GB","@id":"https:\/\/ihedn.fr\/uncategorized\/ouverture-du-135e-cycle-ihedn-jeunes-ile-de-france-a-rambouillet\/#primaryimage","url":"https:\/\/ihedn.fr\/wp-content\/uploads\/2023\/04\/20230424-IHEDN-ouverture-du-135e-CJ-2.jpg","contentUrl":"https:\/\/ihedn.fr\/wp-content\/uploads\/2023\/04\/20230424-IHEDN-ouverture-du-135e-CJ-2.jpg","width":1511,"height":1456},{"@type":"BreadcrumbList","@id":"https:\/\/ihedn.fr\/uncategorized\/ouverture-du-135e-cycle-ihedn-jeunes-ile-de-france-a-rambouillet\/#breadcrumb","itemListElement":[{"@type":"ListItem","position":1,"name":"Accueil","item":"https:\/\/ihedn.fr\/"},{"@type":"ListItem","position":2,"name":"135e cycle \u00ab\u00a0IHEDN-Jeunes\u00a0\u00bb \u00cele-de-France \u00e0 Rambouillet"}]},{"@type":"WebSite","@id":"https:\/\/ihedn.fr\/#website","url":"https:\/\/ihedn.fr\/","name":"IHEDN: Institut des hautes \u00e9tudes de d\u00e9fense nationale (Institute for Higher National Defence Studies)","description":"Official website of the IHEDN under the supervision of the Prime Minister.","publisher":{"@id":"https:\/\/ihedn.fr\/#organization"},"potentialAction":[{"@type":"SearchAction","target":{"@type":"EntryPoint","urlTemplate":"https:\/\/ihedn.fr\/?s={search_term_string}"},"query-input":{"@type":"PropertyValueSpecification","valueRequired":true,"valueName":"search_term_string"}}],"inLanguage":"en-GB"},{"@type":"Organization","@id":"https:\/\/ihedn.fr\/#organization","name":"IHEDN - Institute for Higher National Defence Studies","url":"https:\/\/ihedn.fr\/","logo":{"@type":"ImageObject","inLanguage":"en-GB","@id":"https:\/\/ihedn.fr\/#\/schema\/logo\/image\/","url":"https:\/\/ihedn.fr\/wp-content\/uploads\/2020\/11\/BLOC_RF_IHEDN_WEB.png","contentUrl":"https:\/\/ihedn.fr\/wp-content\/uploads\/2020\/11\/BLOC_RF_IHEDN_WEB.png","width":500,"height":237,"caption":"IHEDN - Institut des Hautes Etudes de D\u00e9fense Nationale"},"image":{"@id":"https:\/\/ihedn.fr\/#\/schema\/logo\/image\/"},"sameAs":["https:\/\/www.facebook.com\/ihedn\/","https:\/\/x.com\/IHEDN","https:\/\/www.instagram.com\/ihedn\/","https:\/\/www.linkedin.com\/school\/ihedn\/","https:\/\/fr.wikipedia.org\/wiki\/Institut_des_hautes_\u00e9tudes_de_D\u00e9fense_nationale"]},{"@type":"Person","@id":"https:\/\/ihedn.fr\/#\/schema\/person\/7a40155595e4efb35323447cb8c8c5a4","name":"dev","image":{"@type":"ImageObject","inLanguage":"en-GB","@id":"https:\/\/secure.gravatar.com\/avatar\/f1ffcac9ca2fa95ad3ec33e9be3ade82f752acb0cabe541e56c5889225afa88a?s=96&d=mm&r=g","url":"https:\/\/secure.gravatar.com\/avatar\/f1ffcac9ca2fa95ad3ec33e9be3ade82f752acb0cabe541e56c5889225afa88a?s=96&d=mm&r=g","contentUrl":"https:\/\/secure.gravatar.com\/avatar\/f1ffcac9ca2fa95ad3ec33e9be3ade82f752acb0cabe541e56c5889225afa88a?s=96&d=mm&r=g","caption":"dev"},"sameAs":["https:\/\/ihedn.concilium.click"],"url":"https:\/\/ihedn.fr\/en\/author\/dev\/"}]}},"publishpress_future_action":{"enabled":false,"date":"2026-05-07 19:13:35","action":"change-status","newStatus":"draft","terms":[],"taxonomy":"category","extraData":[]},"publishpress_future_workflow_manual_trigger":{"enabledWorkflows":[]},"_links":{"self":[{"href":"https:\/\/ihedn.fr\/en\/wp-json\/wp\/v2\/posts\/38782","targetHints":{"allow":["GET"]}}],"collection":[{"href":"https:\/\/ihedn.fr\/en\/wp-json\/wp\/v2\/posts"}],"about":[{"href":"https:\/\/ihedn.fr\/en\/wp-json\/wp\/v2\/types\/post"}],"author":[{"embeddable":true,"href":"https:\/\/ihedn.fr\/en\/wp-json\/wp\/v2\/users\/1"}],"replies":[{"embeddable":true,"href":"https:\/\/ihedn.fr\/en\/wp-json\/wp\/v2\/comments?post=38782"}],"version-history":[{"count":10,"href":"https:\/\/ihedn.fr\/en\/wp-json\/wp\/v2\/posts\/38782\/revisions"}],"predecessor-version":[{"id":39064,"href":"https:\/\/ihedn.fr\/en\/wp-json\/wp\/v2\/posts\/38782\/revisions\/39064"}],"wp:featuredmedia":[{"embeddable":true,"href":"https:\/\/ihedn.fr\/en\/wp-json\/wp\/v2\/media\/38783"}],"wp:attachment":[{"href":"https:\/\/ihedn.fr\/en\/wp-json\/wp\/v2\/media?parent=38782"}],"wp:term":[{"taxonomy":"category","embeddable":true,"href":"https:\/\/ihedn.fr\/en\/wp-json\/wp\/v2\/categories?post=38782"},{"taxonomy":"post_tag","embeddable":true,"href":"https:\/\/ihedn.fr\/en\/wp-json\/wp\/v2\/tags?post=38782"}],"curies":[{"name":"wp","href":"https:\/\/api.w.org\/{rel}","templated":true}]}}