{"id":39275,"date":"2023-05-07T19:21:09","date_gmt":"2023-05-07T18:21:09","guid":{"rendered":"https:\/\/ihedn.fr\/?p=39275"},"modified":"2023-05-08T10:28:13","modified_gmt":"2023-05-08T09:28:13","slug":"la-verticale-de-la-peur-ordre-et-allegeance-en-russie-poutinienne","status":"publish","type":"post","link":"https:\/\/ihedn.fr\/en\/nos-lectures\/la-verticale-de-la-peur-ordre-et-allegeance-en-russie-poutinienne\/","title":{"rendered":"The vertical of fear. Order and allegiance in Putin's Russia"},"content":{"rendered":"<div data-elementor-type=\"wp-post\" data-elementor-id=\"39275\" class=\"elementor elementor-39275\" data-elementor-post-type=\"post\">\n\t\t\t\t\t\t<section data-particle_enable=\"false\" data-particle-mobile-disabled=\"false\" class=\"elementor-section elementor-top-section elementor-element elementor-element-987b243 elementor-section-boxed elementor-section-height-default elementor-section-height-default\" data-id=\"987b243\" data-element_type=\"section\" data-e-type=\"section\">\n\t\t\t\t\t\t<div class=\"elementor-container elementor-column-gap-default\">\n\t\t\t\t\t<div class=\"elementor-column elementor-col-100 elementor-top-column elementor-element elementor-element-3a588f8\" data-id=\"3a588f8\" data-element_type=\"column\" data-e-type=\"column\">\n\t\t\t<div class=\"elementor-widget-wrap elementor-element-populated\">\n\t\t\t\t\t\t<div class=\"elementor-element elementor-element-6a207ce elementor-widget elementor-widget-text-editor\" data-id=\"6a207ce\" data-element_type=\"widget\" data-e-type=\"widget\" data-widget_type=\"text-editor.default\">\n\t\t\t\t<div class=\"elementor-widget-container\">\n\t\t\t\t\t\t\t\t\t<p>Informed by twenty years of research, this book explores the political and social roots of Putinism. It explains the spiral of authoritarianism in Russia, which extends far beyond the walls of the Kremlin to all levels of the social structure.<\/p>\t\t\t\t\t\t\t\t<\/div>\n\t\t\t\t<\/div>\n\t\t\t\t\t<\/div>\n\t\t<\/div>\n\t\t\t\t\t<\/div>\n\t\t<\/section>\n\t\t\t\t<section data-particle_enable=\"false\" data-particle-mobile-disabled=\"false\" class=\"elementor-section elementor-top-section elementor-element elementor-element-1a61af4 elementor-section-boxed elementor-section-height-default elementor-section-height-default\" data-id=\"1a61af4\" data-element_type=\"section\" data-e-type=\"section\">\n\t\t\t\t\t\t<div class=\"elementor-container elementor-column-gap-default\">\n\t\t\t\t\t<div class=\"elementor-column elementor-col-100 elementor-top-column elementor-element elementor-element-4129887\" data-id=\"4129887\" data-element_type=\"column\" data-e-type=\"column\">\n\t\t\t<div class=\"elementor-widget-wrap elementor-element-populated\">\n\t\t\t\t\t\t<div class=\"elementor-element elementor-element-139a176 elementor-widget elementor-widget-text-editor\" data-id=\"139a176\" data-element_type=\"widget\" data-e-type=\"widget\" data-widget_type=\"text-editor.default\">\n\t\t\t\t<div class=\"elementor-widget-container\">\n\t\t\t\t\t\t\t\t\t<p><strong>FAVAREL-GARRIGUES Gilles, <a href=\"https:\/\/www.editionsladecouverte.fr\/la_verticale_de_la_peur-9782348077333\"><em>The vertical of fear. Order and allegiance in Putin's Russia<\/em><\/a>Paris, La D\u00e9couverte, 2023.<\/strong><\/p>\t\t\t\t\t\t\t\t<\/div>\n\t\t\t\t<\/div>\n\t\t\t\t\t<\/div>\n\t\t<\/div>\n\t\t\t\t\t<\/div>\n\t\t<\/section>\n\t\t\t\t<\/div>","protected":false},"excerpt":{"rendered":"<p>Informed by twenty years of research, this book explores the political and social roots of Putinism. It explains the spiral of authoritarianism in Russia, which extends far beyond the walls of the Kremlin to all levels of the social structure. FAVAREL-GARRIGUES Gilles, La verticale de la peur. Order and allegiance in Putin's Russia, Paris, La D\u00e9couverte, 2023.<\/p>","protected":false},"author":1,"featured_media":39277,"comment_status":"closed","ping_status":"closed","sticky":false,"template":"","format":"standard","meta":{"footnotes":""},"categories":[92],"tags":[],"class_list":["post-39275","post","type-post","status-publish","format-standard","has-post-thumbnail","hentry","category-nos-lectures"],"yoast_head":"<!-- This site is optimized with the Yoast SEO plugin v27.5 - https:\/\/yoast.com\/product\/yoast-seo-wordpress\/ -->\n<title>La verticale de la peur. Ordre et all\u00e9geance en Russie poutinienne - L&#039;IHEDN : Institut des hautes \u00e9tudes de d\u00e9fense nationale<\/title>\n<meta name=\"robots\" content=\"index, follow, max-snippet:-1, max-image-preview:large, max-video-preview:-1\" \/>\n<link rel=\"canonical\" href=\"https:\/\/ihedn.fr\/en\/publications\/nos-lectures\/la-verticale-de-la-peur-ordre-et-allegeance-en-russie-poutinienne\/\" \/>\n<meta property=\"og:locale\" content=\"en_GB\" \/>\n<meta property=\"og:type\" content=\"article\" \/>\n<meta property=\"og:title\" content=\"La verticale de la peur. Ordre et all\u00e9geance en Russie poutinienne - L&#039;IHEDN : Institut des hautes \u00e9tudes de d\u00e9fense nationale\" \/>\n<meta property=\"og:description\" content=\"Nourri par vingt ans d&rsquo;enqu\u00eate, ce livre explore l&rsquo;ancrage politique et social du poutinisme. Il explicite la spirale d\u2019autoritarisme en Russie qui, bien au-del\u00e0 des murs du Kremlin, se d\u00e9ploie \u00e0 tous les niveaux de la structure sociale. FAVAREL-GARRIGUES Gilles, La verticale de la peur. Ordre et all\u00e9geance en Russie poutinienne, Paris, La D\u00e9couverte, 2023.\" \/>\n<meta property=\"og:url\" content=\"https:\/\/ihedn.fr\/en\/publications\/nos-lectures\/la-verticale-de-la-peur-ordre-et-allegeance-en-russie-poutinienne\/\" \/>\n<meta property=\"og:site_name\" content=\"L&#039;IHEDN : Institut des hautes \u00e9tudes de d\u00e9fense nationale\" \/>\n<meta property=\"article:publisher\" content=\"https:\/\/www.facebook.com\/ihedn\/\" \/>\n<meta property=\"article:published_time\" content=\"2023-05-07T18:21:09+00:00\" \/>\n<meta property=\"article:modified_time\" content=\"2023-05-08T09:28:13+00:00\" \/>\n<meta property=\"og:image\" content=\"https:\/\/ihedn.fr\/wp-content\/uploads\/2023\/05\/la-verticale-de-la-peur.jpg\" \/>\n\t<meta property=\"og:image:width\" content=\"546\" \/>\n\t<meta property=\"og:image:height\" content=\"800\" \/>\n\t<meta property=\"og:image:type\" content=\"image\/jpeg\" \/>\n<meta name=\"author\" content=\"dev\" \/>\n<meta name=\"twitter:card\" content=\"summary_large_image\" \/>\n<meta name=\"twitter:creator\" content=\"@IHEDN\" \/>\n<meta name=\"twitter:site\" content=\"@IHEDN\" \/>\n<meta name=\"twitter:label1\" content=\"Written by\" \/>\n\t<meta name=\"twitter:data1\" content=\"dev\" \/>\n\t<meta name=\"twitter:label2\" content=\"Estimated reading time\" \/>\n\t<meta name=\"twitter:data2\" content=\"1 minute\" \/>\n<script type=\"application\/ld+json\" class=\"yoast-schema-graph\">{\"@context\":\"https:\\\/\\\/schema.org\",\"@graph\":[{\"@type\":\"Article\",\"@id\":\"https:\\\/\\\/ihedn.fr\\\/en\\\/publications\\\/nos-lectures\\\/la-verticale-de-la-peur-ordre-et-allegeance-en-russie-poutinienne\\\/#article\",\"isPartOf\":{\"@id\":\"https:\\\/\\\/ihedn.fr\\\/en\\\/publications\\\/nos-lectures\\\/la-verticale-de-la-peur-ordre-et-allegeance-en-russie-poutinienne\\\/\"},\"author\":{\"name\":\"dev\",\"@id\":\"https:\\\/\\\/ihedn.fr\\\/#\\\/schema\\\/person\\\/7a40155595e4efb35323447cb8c8c5a4\"},\"headline\":\"La verticale de la peur. Ordre et all\u00e9geance en Russie poutinienne\",\"datePublished\":\"2023-05-07T18:21:09+00:00\",\"dateModified\":\"2023-05-08T09:28:13+00:00\",\"mainEntityOfPage\":{\"@id\":\"https:\\\/\\\/ihedn.fr\\\/en\\\/publications\\\/nos-lectures\\\/la-verticale-de-la-peur-ordre-et-allegeance-en-russie-poutinienne\\\/\"},\"wordCount\":72,\"publisher\":{\"@id\":\"https:\\\/\\\/ihedn.fr\\\/#organization\"},\"image\":{\"@id\":\"https:\\\/\\\/ihedn.fr\\\/en\\\/publications\\\/nos-lectures\\\/la-verticale-de-la-peur-ordre-et-allegeance-en-russie-poutinienne\\\/#primaryimage\"},\"thumbnailUrl\":\"https:\\\/\\\/ihedn.fr\\\/wp-content\\\/uploads\\\/2023\\\/05\\\/la-verticale-de-la-peur.jpg\",\"articleSection\":[\"nos lectures\"],\"inLanguage\":\"en-GB\"},{\"@type\":\"WebPage\",\"@id\":\"https:\\\/\\\/ihedn.fr\\\/en\\\/publications\\\/nos-lectures\\\/la-verticale-de-la-peur-ordre-et-allegeance-en-russie-poutinienne\\\/\",\"url\":\"https:\\\/\\\/ihedn.fr\\\/en\\\/publications\\\/nos-lectures\\\/la-verticale-de-la-peur-ordre-et-allegeance-en-russie-poutinienne\\\/\",\"name\":\"La verticale de la peur. Ordre et all\u00e9geance en Russie poutinienne - L&#039;IHEDN : Institut des hautes \u00e9tudes de d\u00e9fense nationale\",\"isPartOf\":{\"@id\":\"https:\\\/\\\/ihedn.fr\\\/#website\"},\"primaryImageOfPage\":{\"@id\":\"https:\\\/\\\/ihedn.fr\\\/en\\\/publications\\\/nos-lectures\\\/la-verticale-de-la-peur-ordre-et-allegeance-en-russie-poutinienne\\\/#primaryimage\"},\"image\":{\"@id\":\"https:\\\/\\\/ihedn.fr\\\/en\\\/publications\\\/nos-lectures\\\/la-verticale-de-la-peur-ordre-et-allegeance-en-russie-poutinienne\\\/#primaryimage\"},\"thumbnailUrl\":\"https:\\\/\\\/ihedn.fr\\\/wp-content\\\/uploads\\\/2023\\\/05\\\/la-verticale-de-la-peur.jpg\",\"datePublished\":\"2023-05-07T18:21:09+00:00\",\"dateModified\":\"2023-05-08T09:28:13+00:00\",\"breadcrumb\":{\"@id\":\"https:\\\/\\\/ihedn.fr\\\/en\\\/publications\\\/nos-lectures\\\/la-verticale-de-la-peur-ordre-et-allegeance-en-russie-poutinienne\\\/#breadcrumb\"},\"inLanguage\":\"en-GB\",\"potentialAction\":[{\"@type\":\"ReadAction\",\"target\":[\"https:\\\/\\\/ihedn.fr\\\/en\\\/publications\\\/nos-lectures\\\/la-verticale-de-la-peur-ordre-et-allegeance-en-russie-poutinienne\\\/\"]}]},{\"@type\":\"ImageObject\",\"inLanguage\":\"en-GB\",\"@id\":\"https:\\\/\\\/ihedn.fr\\\/en\\\/publications\\\/nos-lectures\\\/la-verticale-de-la-peur-ordre-et-allegeance-en-russie-poutinienne\\\/#primaryimage\",\"url\":\"https:\\\/\\\/ihedn.fr\\\/wp-content\\\/uploads\\\/2023\\\/05\\\/la-verticale-de-la-peur.jpg\",\"contentUrl\":\"https:\\\/\\\/ihedn.fr\\\/wp-content\\\/uploads\\\/2023\\\/05\\\/la-verticale-de-la-peur.jpg\",\"width\":546,\"height\":800},{\"@type\":\"BreadcrumbList\",\"@id\":\"https:\\\/\\\/ihedn.fr\\\/en\\\/publications\\\/nos-lectures\\\/la-verticale-de-la-peur-ordre-et-allegeance-en-russie-poutinienne\\\/#breadcrumb\",\"itemListElement\":[{\"@type\":\"ListItem\",\"position\":1,\"name\":\"Accueil\",\"item\":\"https:\\\/\\\/ihedn.fr\\\/\"},{\"@type\":\"ListItem\",\"position\":2,\"name\":\"La verticale de la peur. Ordre et all\u00e9geance en Russie poutinienne\"}]},{\"@type\":\"WebSite\",\"@id\":\"https:\\\/\\\/ihedn.fr\\\/#website\",\"url\":\"https:\\\/\\\/ihedn.fr\\\/\",\"name\":\"IHEDN : Institut des hautes \u00e9tudes de d\u00e9fense nationale |\",\"description\":\"Site officiel de l&#039;IHEDN plac\u00e9 sous la tutelle du Premier ministre.\",\"publisher\":{\"@id\":\"https:\\\/\\\/ihedn.fr\\\/#organization\"},\"potentialAction\":[{\"@type\":\"SearchAction\",\"target\":{\"@type\":\"EntryPoint\",\"urlTemplate\":\"https:\\\/\\\/ihedn.fr\\\/?s={search_term_string}\"},\"query-input\":{\"@type\":\"PropertyValueSpecification\",\"valueRequired\":true,\"valueName\":\"search_term_string\"}}],\"inLanguage\":\"en-GB\"},{\"@type\":\"Organization\",\"@id\":\"https:\\\/\\\/ihedn.fr\\\/#organization\",\"name\":\"IHEDN - Institut des Hautes Etudes de D\u00e9fense Nationale\",\"url\":\"https:\\\/\\\/ihedn.fr\\\/\",\"logo\":{\"@type\":\"ImageObject\",\"inLanguage\":\"en-GB\",\"@id\":\"https:\\\/\\\/ihedn.fr\\\/#\\\/schema\\\/logo\\\/image\\\/\",\"url\":\"https:\\\/\\\/ihedn.fr\\\/wp-content\\\/uploads\\\/2020\\\/11\\\/BLOC_RF_IHEDN_WEB.png\",\"contentUrl\":\"https:\\\/\\\/ihedn.fr\\\/wp-content\\\/uploads\\\/2020\\\/11\\\/BLOC_RF_IHEDN_WEB.png\",\"width\":500,\"height\":237,\"caption\":\"IHEDN - Institut des Hautes Etudes de D\u00e9fense Nationale\"},\"image\":{\"@id\":\"https:\\\/\\\/ihedn.fr\\\/#\\\/schema\\\/logo\\\/image\\\/\"},\"sameAs\":[\"https:\\\/\\\/www.facebook.com\\\/ihedn\\\/\",\"https:\\\/\\\/x.com\\\/IHEDN\",\"https:\\\/\\\/www.instagram.com\\\/ihedn\\\/\",\"https:\\\/\\\/www.linkedin.com\\\/school\\\/ihedn\\\/\",\"https:\\\/\\\/fr.wikipedia.org\\\/wiki\\\/Institut_des_hautes_\u00e9tudes_de_D\u00e9fense_nationale\"]},{\"@type\":\"Person\",\"@id\":\"https:\\\/\\\/ihedn.fr\\\/#\\\/schema\\\/person\\\/7a40155595e4efb35323447cb8c8c5a4\",\"name\":\"dev\",\"image\":{\"@type\":\"ImageObject\",\"inLanguage\":\"en-GB\",\"@id\":\"https:\\\/\\\/secure.gravatar.com\\\/avatar\\\/f1ffcac9ca2fa95ad3ec33e9be3ade82f752acb0cabe541e56c5889225afa88a?s=96&d=mm&r=g\",\"url\":\"https:\\\/\\\/secure.gravatar.com\\\/avatar\\\/f1ffcac9ca2fa95ad3ec33e9be3ade82f752acb0cabe541e56c5889225afa88a?s=96&d=mm&r=g\",\"contentUrl\":\"https:\\\/\\\/secure.gravatar.com\\\/avatar\\\/f1ffcac9ca2fa95ad3ec33e9be3ade82f752acb0cabe541e56c5889225afa88a?s=96&d=mm&r=g\",\"caption\":\"dev\"},\"sameAs\":[\"https:\\\/\\\/ihedn.concilium.click\"],\"url\":\"https:\\\/\\\/ihedn.fr\\\/en\\\/author\\\/dev\\\/\"}]}<\/script>\n<!-- \/ Yoast SEO plugin. -->","yoast_head_json":{"title":"The vertical of fear. Order and allegiance in Putin's Russia - IHEDN: Institut des hautes \u00e9tudes de d\u00e9fense nationale (Institute for Advanced Studies in National Defence)","robots":{"index":"index","follow":"follow","max-snippet":"max-snippet:-1","max-image-preview":"max-image-preview:large","max-video-preview":"max-video-preview:-1"},"canonical":"https:\/\/ihedn.fr\/en\/publications\/nos-lectures\/la-verticale-de-la-peur-ordre-et-allegeance-en-russie-poutinienne\/","og_locale":"en_GB","og_type":"article","og_title":"La verticale de la peur. Ordre et all\u00e9geance en Russie poutinienne - L&#039;IHEDN : Institut des hautes \u00e9tudes de d\u00e9fense nationale","og_description":"Nourri par vingt ans d&rsquo;enqu\u00eate, ce livre explore l&rsquo;ancrage politique et social du poutinisme. Il explicite la spirale d\u2019autoritarisme en Russie qui, bien au-del\u00e0 des murs du Kremlin, se d\u00e9ploie \u00e0 tous les niveaux de la structure sociale. FAVAREL-GARRIGUES Gilles, La verticale de la peur. Ordre et all\u00e9geance en Russie poutinienne, Paris, La D\u00e9couverte, 2023.","og_url":"https:\/\/ihedn.fr\/en\/publications\/nos-lectures\/la-verticale-de-la-peur-ordre-et-allegeance-en-russie-poutinienne\/","og_site_name":"L&#039;IHEDN : Institut des hautes \u00e9tudes de d\u00e9fense nationale","article_publisher":"https:\/\/www.facebook.com\/ihedn\/","article_published_time":"2023-05-07T18:21:09+00:00","article_modified_time":"2023-05-08T09:28:13+00:00","og_image":[{"width":546,"height":800,"url":"https:\/\/ihedn.fr\/wp-content\/uploads\/2023\/05\/la-verticale-de-la-peur.jpg","type":"image\/jpeg"}],"author":"dev","twitter_card":"summary_large_image","twitter_creator":"@IHEDN","twitter_site":"@IHEDN","twitter_misc":{"Written by":"dev","Estimated reading time":"1 minute"},"schema":{"@context":"https:\/\/schema.org","@graph":[{"@type":"Article","@id":"https:\/\/ihedn.fr\/en\/publications\/nos-lectures\/la-verticale-de-la-peur-ordre-et-allegeance-en-russie-poutinienne\/#article","isPartOf":{"@id":"https:\/\/ihedn.fr\/en\/publications\/nos-lectures\/la-verticale-de-la-peur-ordre-et-allegeance-en-russie-poutinienne\/"},"author":{"name":"dev","@id":"https:\/\/ihedn.fr\/#\/schema\/person\/7a40155595e4efb35323447cb8c8c5a4"},"headline":"La verticale de la peur. Ordre et all\u00e9geance en Russie poutinienne","datePublished":"2023-05-07T18:21:09+00:00","dateModified":"2023-05-08T09:28:13+00:00","mainEntityOfPage":{"@id":"https:\/\/ihedn.fr\/en\/publications\/nos-lectures\/la-verticale-de-la-peur-ordre-et-allegeance-en-russie-poutinienne\/"},"wordCount":72,"publisher":{"@id":"https:\/\/ihedn.fr\/#organization"},"image":{"@id":"https:\/\/ihedn.fr\/en\/publications\/nos-lectures\/la-verticale-de-la-peur-ordre-et-allegeance-en-russie-poutinienne\/#primaryimage"},"thumbnailUrl":"https:\/\/ihedn.fr\/wp-content\/uploads\/2023\/05\/la-verticale-de-la-peur.jpg","articleSection":["nos lectures"],"inLanguage":"en-GB"},{"@type":"WebPage","@id":"https:\/\/ihedn.fr\/en\/publications\/nos-lectures\/la-verticale-de-la-peur-ordre-et-allegeance-en-russie-poutinienne\/","url":"https:\/\/ihedn.fr\/en\/publications\/nos-lectures\/la-verticale-de-la-peur-ordre-et-allegeance-en-russie-poutinienne\/","name":"The vertical of fear. Order and allegiance in Putin's Russia - IHEDN: Institut des hautes \u00e9tudes de d\u00e9fense nationale (Institute for Advanced Studies in National Defence)","isPartOf":{"@id":"https:\/\/ihedn.fr\/#website"},"primaryImageOfPage":{"@id":"https:\/\/ihedn.fr\/en\/publications\/nos-lectures\/la-verticale-de-la-peur-ordre-et-allegeance-en-russie-poutinienne\/#primaryimage"},"image":{"@id":"https:\/\/ihedn.fr\/en\/publications\/nos-lectures\/la-verticale-de-la-peur-ordre-et-allegeance-en-russie-poutinienne\/#primaryimage"},"thumbnailUrl":"https:\/\/ihedn.fr\/wp-content\/uploads\/2023\/05\/la-verticale-de-la-peur.jpg","datePublished":"2023-05-07T18:21:09+00:00","dateModified":"2023-05-08T09:28:13+00:00","breadcrumb":{"@id":"https:\/\/ihedn.fr\/en\/publications\/nos-lectures\/la-verticale-de-la-peur-ordre-et-allegeance-en-russie-poutinienne\/#breadcrumb"},"inLanguage":"en-GB","potentialAction":[{"@type":"ReadAction","target":["https:\/\/ihedn.fr\/en\/publications\/nos-lectures\/la-verticale-de-la-peur-ordre-et-allegeance-en-russie-poutinienne\/"]}]},{"@type":"ImageObject","inLanguage":"en-GB","@id":"https:\/\/ihedn.fr\/en\/publications\/nos-lectures\/la-verticale-de-la-peur-ordre-et-allegeance-en-russie-poutinienne\/#primaryimage","url":"https:\/\/ihedn.fr\/wp-content\/uploads\/2023\/05\/la-verticale-de-la-peur.jpg","contentUrl":"https:\/\/ihedn.fr\/wp-content\/uploads\/2023\/05\/la-verticale-de-la-peur.jpg","width":546,"height":800},{"@type":"BreadcrumbList","@id":"https:\/\/ihedn.fr\/en\/publications\/nos-lectures\/la-verticale-de-la-peur-ordre-et-allegeance-en-russie-poutinienne\/#breadcrumb","itemListElement":[{"@type":"ListItem","position":1,"name":"Accueil","item":"https:\/\/ihedn.fr\/"},{"@type":"ListItem","position":2,"name":"La verticale de la peur. Ordre et all\u00e9geance en Russie poutinienne"}]},{"@type":"WebSite","@id":"https:\/\/ihedn.fr\/#website","url":"https:\/\/ihedn.fr\/","name":"IHEDN: Institut des hautes \u00e9tudes de d\u00e9fense nationale (Institute for Higher National Defence Studies)","description":"Official website of the IHEDN under the supervision of the Prime Minister.","publisher":{"@id":"https:\/\/ihedn.fr\/#organization"},"potentialAction":[{"@type":"SearchAction","target":{"@type":"EntryPoint","urlTemplate":"https:\/\/ihedn.fr\/?s={search_term_string}"},"query-input":{"@type":"PropertyValueSpecification","valueRequired":true,"valueName":"search_term_string"}}],"inLanguage":"en-GB"},{"@type":"Organization","@id":"https:\/\/ihedn.fr\/#organization","name":"IHEDN - Institute for Higher National Defence Studies","url":"https:\/\/ihedn.fr\/","logo":{"@type":"ImageObject","inLanguage":"en-GB","@id":"https:\/\/ihedn.fr\/#\/schema\/logo\/image\/","url":"https:\/\/ihedn.fr\/wp-content\/uploads\/2020\/11\/BLOC_RF_IHEDN_WEB.png","contentUrl":"https:\/\/ihedn.fr\/wp-content\/uploads\/2020\/11\/BLOC_RF_IHEDN_WEB.png","width":500,"height":237,"caption":"IHEDN - Institut des Hautes Etudes de D\u00e9fense Nationale"},"image":{"@id":"https:\/\/ihedn.fr\/#\/schema\/logo\/image\/"},"sameAs":["https:\/\/www.facebook.com\/ihedn\/","https:\/\/x.com\/IHEDN","https:\/\/www.instagram.com\/ihedn\/","https:\/\/www.linkedin.com\/school\/ihedn\/","https:\/\/fr.wikipedia.org\/wiki\/Institut_des_hautes_\u00e9tudes_de_D\u00e9fense_nationale"]},{"@type":"Person","@id":"https:\/\/ihedn.fr\/#\/schema\/person\/7a40155595e4efb35323447cb8c8c5a4","name":"dev","image":{"@type":"ImageObject","inLanguage":"en-GB","@id":"https:\/\/secure.gravatar.com\/avatar\/f1ffcac9ca2fa95ad3ec33e9be3ade82f752acb0cabe541e56c5889225afa88a?s=96&d=mm&r=g","url":"https:\/\/secure.gravatar.com\/avatar\/f1ffcac9ca2fa95ad3ec33e9be3ade82f752acb0cabe541e56c5889225afa88a?s=96&d=mm&r=g","contentUrl":"https:\/\/secure.gravatar.com\/avatar\/f1ffcac9ca2fa95ad3ec33e9be3ade82f752acb0cabe541e56c5889225afa88a?s=96&d=mm&r=g","caption":"dev"},"sameAs":["https:\/\/ihedn.concilium.click"],"url":"https:\/\/ihedn.fr\/en\/author\/dev\/"}]}},"publishpress_future_action":{"enabled":false,"date":"2026-05-09 12:36:00","action":"change-status","newStatus":"draft","terms":[],"taxonomy":"category","extraData":[]},"publishpress_future_workflow_manual_trigger":{"enabledWorkflows":[]},"_links":{"self":[{"href":"https:\/\/ihedn.fr\/en\/wp-json\/wp\/v2\/posts\/39275","targetHints":{"allow":["GET"]}}],"collection":[{"href":"https:\/\/ihedn.fr\/en\/wp-json\/wp\/v2\/posts"}],"about":[{"href":"https:\/\/ihedn.fr\/en\/wp-json\/wp\/v2\/types\/post"}],"author":[{"embeddable":true,"href":"https:\/\/ihedn.fr\/en\/wp-json\/wp\/v2\/users\/1"}],"replies":[{"embeddable":true,"href":"https:\/\/ihedn.fr\/en\/wp-json\/wp\/v2\/comments?post=39275"}],"version-history":[{"count":7,"href":"https:\/\/ihedn.fr\/en\/wp-json\/wp\/v2\/posts\/39275\/revisions"}],"predecessor-version":[{"id":39283,"href":"https:\/\/ihedn.fr\/en\/wp-json\/wp\/v2\/posts\/39275\/revisions\/39283"}],"wp:featuredmedia":[{"embeddable":true,"href":"https:\/\/ihedn.fr\/en\/wp-json\/wp\/v2\/media\/39277"}],"wp:attachment":[{"href":"https:\/\/ihedn.fr\/en\/wp-json\/wp\/v2\/media?parent=39275"}],"wp:term":[{"taxonomy":"category","embeddable":true,"href":"https:\/\/ihedn.fr\/en\/wp-json\/wp\/v2\/categories?post=39275"},{"taxonomy":"post_tag","embeddable":true,"href":"https:\/\/ihedn.fr\/en\/wp-json\/wp\/v2\/tags?post=39275"}],"curies":[{"name":"wp","href":"https:\/\/api.w.org\/{rel}","templated":true}]}}