{"id":39576,"date":"2023-05-15T11:20:43","date_gmt":"2023-05-15T10:20:43","guid":{"rendered":"https:\/\/ihedn.fr\/?p=39576"},"modified":"2023-11-09T14:36:42","modified_gmt":"2023-11-09T13:36:42","slug":"le-perimetre-de-la-defense-nationale-la-specificite-de-lihedn","status":"publish","type":"post","link":"https:\/\/ihedn.fr\/en\/lundis-de-lihedn\/le-perimetre-de-la-defense-nationale-la-specificite-de-lihedn\/","title":{"rendered":"What is national defence and security? IHEDN's vocation"},"content":{"rendered":"\t\t<div data-elementor-type=\"wp-post\" data-elementor-id=\"39576\" class=\"elementor elementor-39576\" data-elementor-post-type=\"post\">\n\t\t\t\t\t\t<section data-particle_enable=\"false\" data-particle-mobile-disabled=\"false\" class=\"elementor-section elementor-top-section elementor-element elementor-element-024a9bc elementor-section-boxed elementor-section-height-default elementor-section-height-default\" data-id=\"024a9bc\" data-element_type=\"section\" data-e-type=\"section\">\n\t\t\t\t\t\t<div class=\"elementor-container elementor-column-gap-default\">\n\t\t\t\t\t<div class=\"elementor-column elementor-col-100 elementor-top-column elementor-element elementor-element-eeda24c\" data-id=\"eeda24c\" data-element_type=\"column\" data-e-type=\"column\">\n\t\t\t<div class=\"elementor-widget-wrap elementor-element-populated\">\n\t\t\t\t\t\t<div class=\"elementor-element elementor-element-5c418ba elementor-widget elementor-widget-text-editor\" data-id=\"5c418ba\" data-element_type=\"widget\" data-e-type=\"widget\" data-widget_type=\"text-editor.default\">\n\t\t\t\t<div class=\"elementor-widget-container\">\n\t\t\t\t\t\t\t\t\t<p>Le d\u00e9cret\u00a02009-752 du 23\u00a0juin 2009 relatif \u00e0 l\u2019IHEDN dispose que l\u2019Institut \u00ab\u2009<em>a pour mission <\/em><em>de d\u00e9velopper l\u2019esprit de d\u00e9fense et de sensibiliser aux questions internationales<\/em>\u2009\u00bb. Mais en quoi consiste la \u00ab\u2009<em>d\u00e9fense nationale\u2009\u00bb,<\/em> qui donne son nom \u00e0 l\u2019Institut\u00a0et l\u2019\u00ab\u2009<em>esprit de d\u00e9fense<\/em>\u2009\u00bb qui en est le vecteur\u2009? Depuis les textes fondateurs \u00e9labor\u00e9s \u00e0 la cr\u00e9ation de la V<sup>e<\/sup>\u00a0R\u00e9publique, le corpus constitutionnel, l\u00e9gislatif et r\u00e9glementaire a \u00e9volu\u00e9 sans permettre d\u2019en donner aujourd\u2019hui une d\u00e9finition incontestable.<\/p>\t\t\t\t\t\t\t\t<\/div>\n\t\t\t\t<\/div>\n\t\t\t\t\t<\/div>\n\t\t<\/div>\n\t\t\t\t\t<\/div>\n\t\t<\/section>\n\t\t\t\t<section data-particle_enable=\"false\" data-particle-mobile-disabled=\"false\" class=\"elementor-section elementor-top-section elementor-element elementor-element-42573a3 elementor-section-boxed elementor-section-height-default elementor-section-height-default\" data-id=\"42573a3\" data-element_type=\"section\" data-e-type=\"section\">\n\t\t\t\t\t\t<div class=\"elementor-container elementor-column-gap-default\">\n\t\t\t\t\t<div class=\"elementor-column elementor-col-100 elementor-top-column elementor-element elementor-element-3e92e22\" data-id=\"3e92e22\" data-element_type=\"column\" data-e-type=\"column\">\n\t\t\t<div class=\"elementor-widget-wrap elementor-element-populated\">\n\t\t\t\t\t\t<div class=\"elementor-element elementor-element-846293f elementor-widget elementor-widget-heading\" data-id=\"846293f\" data-element_type=\"widget\" data-e-type=\"widget\" data-widget_type=\"heading.default\">\n\t\t\t\t<div class=\"elementor-widget-container\">\n\t\t\t\t\t<h4 class=\"elementor-heading-title elementor-size-default\">LE CONCEPT INACHEV\u00c9 DE LA D\u00c9FENSE ET DE LA S\u00c9CURIT\u00c9 NATIONALE<\/h4>\t\t\t\t<\/div>\n\t\t\t\t<\/div>\n\t\t\t\t<div class=\"elementor-element elementor-element-428b19f elementor-widget-divider--view-line elementor-widget elementor-widget-divider\" data-id=\"428b19f\" data-element_type=\"widget\" data-e-type=\"widget\" data-widget_type=\"divider.default\">\n\t\t\t\t<div class=\"elementor-widget-container\">\n\t\t\t\t\t\t\t<div class=\"elementor-divider\">\n\t\t\t<span class=\"elementor-divider-separator\">\n\t\t\t\t\t\t<\/span>\n\t\t<\/div>\n\t\t\t\t\t\t<\/div>\n\t\t\t\t<\/div>\n\t\t\t\t<div class=\"elementor-element elementor-element-2b9fd3d elementor-widget elementor-widget-text-editor\" data-id=\"2b9fd3d\" data-element_type=\"widget\" data-e-type=\"widget\" data-widget_type=\"text-editor.default\">\n\t\t\t\t<div class=\"elementor-widget-container\">\n\t\t\t\t\t\t\t\t\t<p><strong>La mise en place progressive d\u2019une culture de d\u00e9fense nationale en France <\/strong><\/p><p>La capitulation de Sedan le 2\u00a0septembre 1870 marque la fin du Second Empire et conduit \u00e0 la proclamation de la R\u00e9publique. Cet \u00e9v\u00e9nement va mettre en exergue le lien avec la d\u00e9fense nationale qui donne son nom au gouvernement \u00e9ponyme du 4\u00a0septembre 1870. L\u2019arriv\u00e9e \u00e0 maturit\u00e9 du concept se mat\u00e9rialisera ensuite par le d\u00e9cret du 4\u00a0avril 1906 qui cr\u00e9e, en France, le premier Conseil sup\u00e9rieur de la d\u00e9fense nationale, en 1932 par l\u2019av\u00e8nement du premier minist\u00e8re de la D\u00e9fense nationale, suivi, en 1936, du Coll\u00e8ge des hautes \u00e9tudes de la d\u00e9fense nationale (CHEDN), anc\u00eatre de l\u2019IHEDN. La loi de 1938 sur l\u2019organisation de la Nation en temps de guerre, \u00e0 la r\u00e9daction de laquelle contribue Charles de Gaulle, poursuit cette dynamique.<\/p><p>La constitution de la V<sup>e<\/sup>\u00a0R\u00e9publique a donn\u00e9 une importance nouvelle \u00e0 la d\u00e9fense nationale en en attribuant la responsabilit\u00e9 au Premier ministre. Le premier Livre blanc sur la D\u00e9fense nationale, publi\u00e9 en 1972, est commun\u00e9ment identifi\u00e9 comme le document ayant pos\u00e9 les principes de la politique de d\u00e9fense de la France. Il pr\u00e9cise notamment que \u00ab\u2009<em>la d\u00e9fense nationale, si elle se manifeste essentiellement par l\u2019existence de forces arm\u00e9es, s\u2019appuie sur bien d\u2019autres r\u00e9alit\u00e9s, d\u00e9mographiques, \u00e9conomiques, sociales et culturelles notamment<\/em>\u2009\u00bb. Apr\u00e8s la chute de l\u2019URSS, le Livre blanc de 1994 fut ensuite le seul qui accorda une place significative aux enjeux relatifs \u00e0 la s\u00e9curit\u00e9 \u00e9conomique et \u00e0 l\u2019opinion publique.\u00a0<\/p><p><strong>Le Livre blanc sur la d\u00e9fense et la s\u00e9curit\u00e9 nationale de 2008\u00a0 <\/strong><\/p><p>Le Livre blanc sur la d\u00e9fense et la s\u00e9curit\u00e9 nationale de 2008\u00a0introduit le concept de s\u00e9curit\u00e9 nationale qui vise \u00e0 \u00ab\u2009<em>parer aux risques et aux menaces susceptibles de porter atteinte \u00e0 la vie de la Nation<\/em>.\u2009\u00bb. Nos textes juridiques et notre strat\u00e9gie d\u00e9claratoire portent la trace d\u2019un intense bouillonnement, sans permettre de statuer sur une claire d\u00e9finition de concepts. Le code de la D\u00e9fense dispose\u00a0dans son <a href=\"https:\/\/www.legifrance.gouv.fr\/codes\/article_lc\/LEGIARTI000020932648\">Article\u00a0L1111-1<\/a>\u00a0: <em>\u00ab\u2009La strat\u00e9gie de s\u00e9curit\u00e9 nationale a pour objet d\u2019identifier l\u2019ensemble des menaces et des risques susceptibles d\u2019affecter la vie de la Nation. [\u2026] L\u2019ensemble des politiques publiques concourt \u00e0 la s\u00e9curit\u00e9 nationale<\/em>.\u2009\u00bb. Le concept de s\u00e9curit\u00e9 nationale est donc le plus englobant, en particulier parce qu\u2019il se r\u00e9f\u00e8re \u00e0 la fois aux risques et aux menaces. Cela la distingue de la d\u00e9fense nationale, plus restreinte, qui d\u2019apr\u00e8s le code concerne la r\u00e9ponse aux seules menaces\u00a0: \u00ab\u2009<em>La politique de d\u00e9fense a pour objet d\u2019assurer l\u2019int\u00e9grit\u00e9 du territoire et la protection de la population contre les agressions arm\u00e9es. Elle contribue \u00e0 la lutte contre les autres menaces susceptibles de mettre en cause la s\u00e9curit\u00e9 nationale.\u2009\u00bb<\/em><\/p><p>Il est certain que, au fil du temps, notamment parce que pendant plusieurs d\u00e9cennies, le minist\u00e8re des Arm\u00e9es a \u00e9t\u00e9 appel\u00e9 minist\u00e8re de la D\u00e9fense, le terme de d\u00e9fense avait \u00e9t\u00e9 r\u00e9duit dans le discours \u00e0 sa seule dimension militaire. Cet usage n\u2019est toutefois pas coh\u00e9rent avec les responsabilit\u00e9s constitutionnelles du Premier ministre, qui ont l\u2019a vu, sont beaucoup plus larges. C\u2019est donc ainsi dans cette acception large et interminist\u00e9rielle que doit \u00eatre compris le terme de d\u00e9fense qui figure dans le nom de l\u2019IHEDN.<\/p>\t\t\t\t\t\t\t\t<\/div>\n\t\t\t\t<\/div>\n\t\t\t\t\t<\/div>\n\t\t<\/div>\n\t\t\t\t\t<\/div>\n\t\t<\/section>\n\t\t\t\t<section data-particle_enable=\"false\" data-particle-mobile-disabled=\"false\" class=\"elementor-section elementor-top-section elementor-element elementor-element-df59d43 elementor-section-boxed elementor-section-height-default elementor-section-height-default\" data-id=\"df59d43\" data-element_type=\"section\" data-e-type=\"section\">\n\t\t\t\t\t\t<div class=\"elementor-container elementor-column-gap-default\">\n\t\t\t\t\t<div class=\"elementor-column elementor-col-100 elementor-top-column elementor-element elementor-element-e627271\" data-id=\"e627271\" data-element_type=\"column\" data-e-type=\"column\">\n\t\t\t<div class=\"elementor-widget-wrap elementor-element-populated\">\n\t\t\t\t\t\t<div class=\"elementor-element elementor-element-bb8b170 elementor-widget elementor-widget-heading\" data-id=\"bb8b170\" data-element_type=\"widget\" data-e-type=\"widget\" data-widget_type=\"heading.default\">\n\t\t\t\t<div class=\"elementor-widget-container\">\n\t\t\t\t\t<h4 class=\"elementor-heading-title elementor-size-default\">L\u2019ARTICULATION CONCENTRIQUE DE LA STRAT\u00c9GIE FRAN\u00c7AISE DE D\u00c9FENSE ET DE S\u00c9CURIT\u00c9 NATIONALE <\/h4>\t\t\t\t<\/div>\n\t\t\t\t<\/div>\n\t\t\t\t<div class=\"elementor-element elementor-element-6d96226 elementor-widget-divider--view-line elementor-widget elementor-widget-divider\" data-id=\"6d96226\" data-element_type=\"widget\" data-e-type=\"widget\" data-widget_type=\"divider.default\">\n\t\t\t\t<div class=\"elementor-widget-container\">\n\t\t\t\t\t\t\t<div class=\"elementor-divider\">\n\t\t\t<span class=\"elementor-divider-separator\">\n\t\t\t\t\t\t<\/span>\n\t\t<\/div>\n\t\t\t\t\t\t<\/div>\n\t\t\t\t<\/div>\n\t\t\t\t<div class=\"elementor-element elementor-element-d2a5820 elementor-widget elementor-widget-text-editor\" data-id=\"d2a5820\" data-element_type=\"widget\" data-e-type=\"widget\" data-widget_type=\"text-editor.default\">\n\t\t\t\t<div class=\"elementor-widget-container\">\n\t\t\t\t\t\t\t\t\t<p>Les missions confi\u00e9es \u00e0 l\u2019IHEDN peuvent ainsi \u00eatre repr\u00e9sent\u00e9es \u00e0 travers quatre cercles concentriques d\u00e9finis non pas au regard des responsabilit\u00e9s des diff\u00e9rents organes de l\u2019\u00c9tat, qui se recoupent souvent, mais des d\u00e9fis \u00e0 relever. Ces quatre cercles renvoient en effet \u00e0 des d\u00e9fis diff\u00e9rents.<\/p>\t\t\t\t\t\t\t\t<\/div>\n\t\t\t\t<\/div>\n\t\t\t\t<div class=\"elementor-element elementor-element-4121e2e elementor-widget elementor-widget-image\" data-id=\"4121e2e\" data-element_type=\"widget\" data-e-type=\"widget\" data-widget_type=\"image.default\">\n\t\t\t\t<div class=\"elementor-widget-container\">\n\t\t\t\t\t\t\t\t\t\t\t\t\t\t\t<img fetchpriority=\"high\" decoding=\"async\" width=\"1000\" height=\"761\" src=\"https:\/\/ihedn.fr\/wp-content\/uploads\/2023\/05\/4-cercles.png\" class=\"attachment-full size-full wp-image-39579\" alt=\"\u00aeIHEDN - les 4 cercles de la d\u00e9fense nationale\" \/>\t\t\t\t\t\t\t\t\t\t\t\t\t\t\t<\/div>\n\t\t\t\t<\/div>\n\t\t\t\t<div class=\"elementor-element elementor-element-ea7dc35 elementor-widget elementor-widget-text-editor\" data-id=\"ea7dc35\" data-element_type=\"widget\" data-e-type=\"widget\" data-widget_type=\"text-editor.default\">\n\t\t\t\t<div class=\"elementor-widget-container\">\n\t\t\t\t\t\t\t\t\t<p><strong>La d\u00e9fense militaire<\/strong><\/p><p>Le premier cercle correspond \u00e0 la notion de <em>d\u00e9fense militaire<\/em> et rel\u00e8ve de l\u2019emploi de la force arm\u00e9e. Il distingue la guerre et la paix, une distinction qui reste fondamentale. L\u2019emploi ou la menace d\u2019emploi de la violence physique, non pas contre un d\u00e9linquant, mais pour faire face \u00e0 une menace arm\u00e9e \u00e0 finalit\u00e9 politique, donne \u00e0 la d\u00e9fense militaire sa singularit\u00e9. La d\u00e9fense militaire ne saurait cependant \u00eatre de la seule responsabilit\u00e9 des forces arm\u00e9es. Elle engage \u00e9galement le n\u00e9cessaire soutien des citoyens\u2009; plus encore, l\u2019affrontement avec un \u00c9tat conduira aussi \u00e0 ce que d\u2019autres menaces que les seules menaces militaires soient mises \u00e0 ex\u00e9cution. C\u2019est l\u2019objet de la d\u00e9fense nationale que d\u2019\u00e9largir le spectre des menaces envisag\u00e9es.<\/p><p><strong>La d\u00e9fense nationale<\/strong><\/p><p>Le deuxi\u00e8me cercle ajoute \u00e0 ce qui rel\u00e8ve de la d\u00e9fense militaire tout ce qui porte atteinte \u00e0 notre souverainet\u00e9, \u00e0 nos int\u00e9r\u00eats et \u00e0 nos libert\u00e9s sans recourir \u00e0 la force arm\u00e9e. Ce deuxi\u00e8me cercle, celui de la d\u00e9fense nationale, rel\u00e8ve des <em>intentions hostiles et \u00e0 vis\u00e9e politique<\/em> des acteurs. Les menaces se distinguent du risque, qui est la simple possibilit\u00e9 d\u2019un \u00e9v\u00e9nement dommageable. Elles peuvent porter atteinte \u00e0 la stabilit\u00e9 de notre environnement international (d\u00e9stabilisation, instrumentalisation de flux migratoires, atteinte \u00e0 notre r\u00e9putation) \u00e0 la coh\u00e9sion de la nation (d\u00e9sinformation, subversion, ing\u00e9rence) et \u00e0 notre \u00e9conomie (prise de participation dans des entreprises sensibles, normes extraterritoriales, espionnage, etc.).<\/p><p><strong>La s\u00e9curit\u00e9 nationale<\/strong><\/p><p>Le troisi\u00e8me cercle correspond \u00e0 la notion de s\u00e9curit\u00e9 nationale, englobant ainsi, au-del\u00e0 de la d\u00e9fense nationale, la gestion des crises suffisamment graves pour qu\u2019elles portent atteinte \u00e0 notre soci\u00e9t\u00e9, \u00e0 nos institutions ou \u00e0 nos int\u00e9r\u00eats de puissance. Ces crises ne rel\u00e8vent pas d\u2019une intention de nuire \u00e0 dimension politique, mais portent tout de m\u00eame atteinte \u00e0 l\u2019organisation de l\u2019\u00c9tat ou de son syst\u00e8me politique, aux infrastructures ou aux entreprises critiques (OIV). Les principaux secteurs susceptibles d\u2019\u00eatre touch\u00e9s par ces risques sont les suivants\u00a0: la sant\u00e9 de la population\u2009; nos infrastructures d\u2019importance vitale\u2009; les flux d\u2019approvisionnement de notre \u00e9conomie, notamment pour les ressources essentielles\u2009; l\u2019environnement\u2009; notre patrimoine culturel\u2009; notre syst\u00e8me financier. Ils peuvent subir les cons\u00e9quences, soit de catastrophes (pand\u00e9mies, catastrophes naturelles ou technologiques) soit de ph\u00e9nom\u00e8nes sociaux qui ne sont pas par eux-m\u00eames activ\u00e9s par une volont\u00e9 politique hostile, mais qui par leur ampleur portent atteinte \u00e0 la sant\u00e9 de notre population (trafics de drogue), \u00e0 la transparence des flux financiers (crime organis\u00e9), \u00e0 nos approvisionnements par voie maritime (piraterie), \u00e0 notre \u00e9conomie (crise financi\u00e8re) ou \u00e0 la coh\u00e9sion de notre soci\u00e9t\u00e9 (instabilit\u00e9 g\u00e9opolitique, par exemple lorsqu\u2019elle g\u00e9n\u00e8re des flux migratoires).<\/p><p><strong>La s\u00e9curit\u00e9 internationale<\/strong><\/p><p>Enfin, la protection contre ces atteintes \u00e0 la d\u00e9fense et \u00e0 la s\u00e9curit\u00e9 nationale ne saurait \u00eatre garantie sans action en faveur de la s\u00e9curit\u00e9 internationale, qu\u2019il s\u2019agisse de l\u2019action diplomatique bilat\u00e9rale ou multilat\u00e9rale, de la ma\u00eetrise des armements ou de la promotion des m\u00e9canismes de s\u00e9curit\u00e9 collective. Elle rejoint les m\u00e9canismes \u00e9voqu\u00e9s dans le cadre de la d\u00e9fense nationale.<\/p><p>La cr\u00e9ation en 2021 par l\u2019IHEDN d\u2019une <a href=\"https:\/\/ihedn.fr\/formations\/session-nationale\/\">session nationale unique compos\u00e9e de cinq majeures<\/a> r\u00e9pond \u00e0 la n\u00e9cessit\u00e9 de nourrir la r\u00e9flexion sur la d\u00e9fense nationale, en restant conscients des enjeux sp\u00e9cifiques li\u00e9s \u00e0 la d\u00e9fense militaire et \u00e0 la s\u00e9curit\u00e9 nationale et internationale.<\/p>\t\t\t\t\t\t\t\t<\/div>\n\t\t\t\t<\/div>\n\t\t\t\t\t<\/div>\n\t\t<\/div>\n\t\t\t\t\t<\/div>\n\t\t<\/section>\n\t\t\t\t<section data-particle_enable=\"false\" data-particle-mobile-disabled=\"false\" class=\"elementor-section elementor-top-section elementor-element elementor-element-5b1f2ee elementor-section-boxed elementor-section-height-default elementor-section-height-default\" data-id=\"5b1f2ee\" data-element_type=\"section\" data-e-type=\"section\">\n\t\t\t\t\t\t<div class=\"elementor-container elementor-column-gap-default\">\n\t\t\t\t\t<div class=\"elementor-column elementor-col-100 elementor-top-column elementor-element elementor-element-f48bb8b\" data-id=\"f48bb8b\" data-element_type=\"column\" data-e-type=\"column\">\n\t\t\t<div class=\"elementor-widget-wrap elementor-element-populated\">\n\t\t\t\t\t\t<div class=\"elementor-element elementor-element-99b5756 elementor-widget elementor-widget-video\" data-id=\"99b5756\" data-element_type=\"widget\" data-e-type=\"widget\" data-settings=\"{&quot;youtube_url&quot;:&quot;https:\\\/\\\/youtu.be\\\/B8bJs88FhWE&quot;,&quot;video_type&quot;:&quot;youtube&quot;,&quot;controls&quot;:&quot;yes&quot;}\" data-widget_type=\"video.default\">\n\t\t\t\t<div class=\"elementor-widget-container\">\n\t\t\t\t\t\t\t<div class=\"elementor-wrapper elementor-open-inline\">\n\t\t\t<div class=\"elementor-video\"><\/div>\t\t<\/div>\n\t\t\t\t\t\t<\/div>\n\t\t\t\t<\/div>\n\t\t\t\t\t<\/div>\n\t\t<\/div>\n\t\t\t\t\t<\/div>\n\t\t<\/section>\n\t\t\t\t<\/div>\n\t\t","protected":false},"excerpt":{"rendered":"<p>How can we define this fundamental concept that the IHEDN is tasked with studying? Lieutenant General Beno\u00eet Durieux proposes to draw its perimeter using four concentric circles.<\/p>","protected":false},"author":1,"featured_media":39639,"comment_status":"closed","ping_status":"closed","sticky":false,"template":"","format":"standard","meta":{"footnotes":""},"categories":[207,208,41,171,209,210],"tags":[],"class_list":["post-39576","post","type-post","status-publish","format-standard","has-post-thumbnail","hentry","category-defense-militaire","category-defense-nationale","category-lundis-de-lihedn","category-notre-selection","category-securite-internationale","category-securite-nationale"],"yoast_head":"<!-- This site is optimized with the Yoast SEO plugin v27.5 - https:\/\/yoast.com\/product\/yoast-seo-wordpress\/ -->\n<title>La d\u00e9fense et la s\u00e9curit\u00e9 nationale, qu&#039;est-ce que c&#039;est ? la vocation de l\u2019IHEDN - L&#039;IHEDN : Institut des hautes \u00e9tudes de d\u00e9fense nationale<\/title>\n<meta name=\"robots\" content=\"index, follow, max-snippet:-1, max-image-preview:large, max-video-preview:-1\" \/>\n<link rel=\"canonical\" href=\"https:\/\/ihedn.fr\/en\/lundis-de-lihedn\/le-perimetre-de-la-defense-nationale-la-specificite-de-lihedn\/\" \/>\n<meta property=\"og:locale\" content=\"en_GB\" \/>\n<meta property=\"og:type\" content=\"article\" \/>\n<meta property=\"og:title\" content=\"La d\u00e9fense et la s\u00e9curit\u00e9 nationale, qu&#039;est-ce que c&#039;est ? la vocation de l\u2019IHEDN - L&#039;IHEDN : Institut des hautes \u00e9tudes de d\u00e9fense nationale\" \/>\n<meta property=\"og:description\" content=\"Comment d\u00e9finir cette notion fondamentale que l\u2019IHEDN a pour mission d\u2019\u00e9tudier\u2009? Le g\u00e9n\u00e9ral de corps d\u2019arm\u00e9e Beno\u00eet Durieux propose d\u2019en tracer le p\u00e9rim\u00e8tre \u00e0 l\u2019aide de quatre cercles concentriques.\" \/>\n<meta property=\"og:url\" content=\"https:\/\/ihedn.fr\/en\/lundis-de-lihedn\/le-perimetre-de-la-defense-nationale-la-specificite-de-lihedn\/\" \/>\n<meta property=\"og:site_name\" content=\"L&#039;IHEDN : Institut des hautes \u00e9tudes de d\u00e9fense nationale\" \/>\n<meta property=\"article:publisher\" content=\"https:\/\/www.facebook.com\/ihedn\/\" \/>\n<meta property=\"article:published_time\" content=\"2023-05-15T10:20:43+00:00\" \/>\n<meta property=\"article:modified_time\" content=\"2023-11-09T13:36:42+00:00\" \/>\n<meta property=\"og:image\" content=\"https:\/\/ihedn.fr\/wp-content\/uploads\/2023\/05\/visuel-perimetre-de-la-defense.png\" \/>\n\t<meta property=\"og:image:width\" content=\"1000\" \/>\n\t<meta property=\"og:image:height\" content=\"563\" \/>\n\t<meta property=\"og:image:type\" content=\"image\/png\" \/>\n<meta name=\"author\" content=\"dev\" \/>\n<meta name=\"twitter:card\" content=\"summary_large_image\" \/>\n<meta name=\"twitter:creator\" content=\"@IHEDN\" \/>\n<meta name=\"twitter:site\" content=\"@IHEDN\" \/>\n<meta name=\"twitter:label1\" content=\"Written by\" \/>\n\t<meta name=\"twitter:data1\" content=\"dev\" \/>\n\t<meta name=\"twitter:label2\" content=\"Estimated reading time\" \/>\n\t<meta name=\"twitter:data2\" content=\"7 minutes\" \/>\n<script type=\"application\/ld+json\" class=\"yoast-schema-graph\">{\"@context\":\"https:\\\/\\\/schema.org\",\"@graph\":[{\"@type\":\"Article\",\"@id\":\"https:\\\/\\\/ihedn.fr\\\/lundis-de-lihedn\\\/le-perimetre-de-la-defense-nationale-la-specificite-de-lihedn\\\/#article\",\"isPartOf\":{\"@id\":\"https:\\\/\\\/ihedn.fr\\\/lundis-de-lihedn\\\/le-perimetre-de-la-defense-nationale-la-specificite-de-lihedn\\\/\"},\"author\":{\"name\":\"dev\",\"@id\":\"https:\\\/\\\/ihedn.fr\\\/#\\\/schema\\\/person\\\/7a40155595e4efb35323447cb8c8c5a4\"},\"headline\":\"La d\u00e9fense et la s\u00e9curit\u00e9 nationale, qu&rsquo;est-ce que c&rsquo;est ? la vocation de l\u2019IHEDN\",\"datePublished\":\"2023-05-15T10:20:43+00:00\",\"dateModified\":\"2023-11-09T13:36:42+00:00\",\"mainEntityOfPage\":{\"@id\":\"https:\\\/\\\/ihedn.fr\\\/lundis-de-lihedn\\\/le-perimetre-de-la-defense-nationale-la-specificite-de-lihedn\\\/\"},\"wordCount\":1387,\"publisher\":{\"@id\":\"https:\\\/\\\/ihedn.fr\\\/#organization\"},\"image\":{\"@id\":\"https:\\\/\\\/ihedn.fr\\\/lundis-de-lihedn\\\/le-perimetre-de-la-defense-nationale-la-specificite-de-lihedn\\\/#primaryimage\"},\"thumbnailUrl\":\"https:\\\/\\\/ihedn.fr\\\/wp-content\\\/uploads\\\/2023\\\/05\\\/visuel-perimetre-de-la-defense.png\",\"articleSection\":[\"d\u00e9fense militaire\",\"d\u00e9fense nationale\",\"Lundis de l'IHEDN\",\"Notre s\u00e9lection\",\"s\u00e9curit\u00e9 internationale\",\"s\u00e9curit\u00e9 nationale\"],\"inLanguage\":\"en-GB\"},{\"@type\":\"WebPage\",\"@id\":\"https:\\\/\\\/ihedn.fr\\\/lundis-de-lihedn\\\/le-perimetre-de-la-defense-nationale-la-specificite-de-lihedn\\\/\",\"url\":\"https:\\\/\\\/ihedn.fr\\\/lundis-de-lihedn\\\/le-perimetre-de-la-defense-nationale-la-specificite-de-lihedn\\\/\",\"name\":\"La d\u00e9fense et la s\u00e9curit\u00e9 nationale, qu'est-ce que c'est ? la vocation de l\u2019IHEDN - L&#039;IHEDN : Institut des hautes \u00e9tudes de d\u00e9fense nationale\",\"isPartOf\":{\"@id\":\"https:\\\/\\\/ihedn.fr\\\/#website\"},\"primaryImageOfPage\":{\"@id\":\"https:\\\/\\\/ihedn.fr\\\/lundis-de-lihedn\\\/le-perimetre-de-la-defense-nationale-la-specificite-de-lihedn\\\/#primaryimage\"},\"image\":{\"@id\":\"https:\\\/\\\/ihedn.fr\\\/lundis-de-lihedn\\\/le-perimetre-de-la-defense-nationale-la-specificite-de-lihedn\\\/#primaryimage\"},\"thumbnailUrl\":\"https:\\\/\\\/ihedn.fr\\\/wp-content\\\/uploads\\\/2023\\\/05\\\/visuel-perimetre-de-la-defense.png\",\"datePublished\":\"2023-05-15T10:20:43+00:00\",\"dateModified\":\"2023-11-09T13:36:42+00:00\",\"breadcrumb\":{\"@id\":\"https:\\\/\\\/ihedn.fr\\\/lundis-de-lihedn\\\/le-perimetre-de-la-defense-nationale-la-specificite-de-lihedn\\\/#breadcrumb\"},\"inLanguage\":\"en-GB\",\"potentialAction\":[{\"@type\":\"ReadAction\",\"target\":[\"https:\\\/\\\/ihedn.fr\\\/lundis-de-lihedn\\\/le-perimetre-de-la-defense-nationale-la-specificite-de-lihedn\\\/\"]}]},{\"@type\":\"ImageObject\",\"inLanguage\":\"en-GB\",\"@id\":\"https:\\\/\\\/ihedn.fr\\\/lundis-de-lihedn\\\/le-perimetre-de-la-defense-nationale-la-specificite-de-lihedn\\\/#primaryimage\",\"url\":\"https:\\\/\\\/ihedn.fr\\\/wp-content\\\/uploads\\\/2023\\\/05\\\/visuel-perimetre-de-la-defense.png\",\"contentUrl\":\"https:\\\/\\\/ihedn.fr\\\/wp-content\\\/uploads\\\/2023\\\/05\\\/visuel-perimetre-de-la-defense.png\",\"width\":1000,\"height\":563,\"caption\":\"IHEDN - P\u00e9rim\u00e8tre de la d\u00e9fense\"},{\"@type\":\"BreadcrumbList\",\"@id\":\"https:\\\/\\\/ihedn.fr\\\/lundis-de-lihedn\\\/le-perimetre-de-la-defense-nationale-la-specificite-de-lihedn\\\/#breadcrumb\",\"itemListElement\":[{\"@type\":\"ListItem\",\"position\":1,\"name\":\"Accueil\",\"item\":\"https:\\\/\\\/ihedn.fr\\\/\"},{\"@type\":\"ListItem\",\"position\":2,\"name\":\"La d\u00e9fense et la s\u00e9curit\u00e9 nationale, qu&rsquo;est-ce que c&rsquo;est ? la vocation de l\u2019IHEDN\"}]},{\"@type\":\"WebSite\",\"@id\":\"https:\\\/\\\/ihedn.fr\\\/#website\",\"url\":\"https:\\\/\\\/ihedn.fr\\\/\",\"name\":\"IHEDN : Institut des hautes \u00e9tudes de d\u00e9fense nationale |\",\"description\":\"Site officiel de l&#039;IHEDN plac\u00e9 sous la tutelle du Premier ministre.\",\"publisher\":{\"@id\":\"https:\\\/\\\/ihedn.fr\\\/#organization\"},\"potentialAction\":[{\"@type\":\"SearchAction\",\"target\":{\"@type\":\"EntryPoint\",\"urlTemplate\":\"https:\\\/\\\/ihedn.fr\\\/?s={search_term_string}\"},\"query-input\":{\"@type\":\"PropertyValueSpecification\",\"valueRequired\":true,\"valueName\":\"search_term_string\"}}],\"inLanguage\":\"en-GB\"},{\"@type\":\"Organization\",\"@id\":\"https:\\\/\\\/ihedn.fr\\\/#organization\",\"name\":\"IHEDN - Institut des Hautes Etudes de D\u00e9fense Nationale\",\"url\":\"https:\\\/\\\/ihedn.fr\\\/\",\"logo\":{\"@type\":\"ImageObject\",\"inLanguage\":\"en-GB\",\"@id\":\"https:\\\/\\\/ihedn.fr\\\/#\\\/schema\\\/logo\\\/image\\\/\",\"url\":\"https:\\\/\\\/ihedn.fr\\\/wp-content\\\/uploads\\\/2020\\\/11\\\/BLOC_RF_IHEDN_WEB.png\",\"contentUrl\":\"https:\\\/\\\/ihedn.fr\\\/wp-content\\\/uploads\\\/2020\\\/11\\\/BLOC_RF_IHEDN_WEB.png\",\"width\":500,\"height\":237,\"caption\":\"IHEDN - Institut des Hautes Etudes de D\u00e9fense Nationale\"},\"image\":{\"@id\":\"https:\\\/\\\/ihedn.fr\\\/#\\\/schema\\\/logo\\\/image\\\/\"},\"sameAs\":[\"https:\\\/\\\/www.facebook.com\\\/ihedn\\\/\",\"https:\\\/\\\/x.com\\\/IHEDN\",\"https:\\\/\\\/www.instagram.com\\\/ihedn\\\/\",\"https:\\\/\\\/www.linkedin.com\\\/school\\\/ihedn\\\/\",\"https:\\\/\\\/fr.wikipedia.org\\\/wiki\\\/Institut_des_hautes_\u00e9tudes_de_D\u00e9fense_nationale\"]},{\"@type\":\"Person\",\"@id\":\"https:\\\/\\\/ihedn.fr\\\/#\\\/schema\\\/person\\\/7a40155595e4efb35323447cb8c8c5a4\",\"name\":\"dev\",\"image\":{\"@type\":\"ImageObject\",\"inLanguage\":\"en-GB\",\"@id\":\"https:\\\/\\\/secure.gravatar.com\\\/avatar\\\/f1ffcac9ca2fa95ad3ec33e9be3ade82f752acb0cabe541e56c5889225afa88a?s=96&d=mm&r=g\",\"url\":\"https:\\\/\\\/secure.gravatar.com\\\/avatar\\\/f1ffcac9ca2fa95ad3ec33e9be3ade82f752acb0cabe541e56c5889225afa88a?s=96&d=mm&r=g\",\"contentUrl\":\"https:\\\/\\\/secure.gravatar.com\\\/avatar\\\/f1ffcac9ca2fa95ad3ec33e9be3ade82f752acb0cabe541e56c5889225afa88a?s=96&d=mm&r=g\",\"caption\":\"dev\"},\"sameAs\":[\"https:\\\/\\\/ihedn.concilium.click\"],\"url\":\"https:\\\/\\\/ihedn.fr\\\/en\\\/author\\\/dev\\\/\"}]}<\/script>\n<!-- \/ Yoast SEO plugin. -->","yoast_head_json":{"title":"What is national defence and security? The vocation of IHEDN - L'IHEDN : Institut des hautes \u00e9tudes de d\u00e9fense nationale (Institute for Advanced National Defence Studies)","robots":{"index":"index","follow":"follow","max-snippet":"max-snippet:-1","max-image-preview":"max-image-preview:large","max-video-preview":"max-video-preview:-1"},"canonical":"https:\/\/ihedn.fr\/en\/lundis-de-lihedn\/le-perimetre-de-la-defense-nationale-la-specificite-de-lihedn\/","og_locale":"en_GB","og_type":"article","og_title":"La d\u00e9fense et la s\u00e9curit\u00e9 nationale, qu'est-ce que c'est ? la vocation de l\u2019IHEDN - L&#039;IHEDN : Institut des hautes \u00e9tudes de d\u00e9fense nationale","og_description":"Comment d\u00e9finir cette notion fondamentale que l\u2019IHEDN a pour mission d\u2019\u00e9tudier\u2009? Le g\u00e9n\u00e9ral de corps d\u2019arm\u00e9e Beno\u00eet Durieux propose d\u2019en tracer le p\u00e9rim\u00e8tre \u00e0 l\u2019aide de quatre cercles concentriques.","og_url":"https:\/\/ihedn.fr\/en\/lundis-de-lihedn\/le-perimetre-de-la-defense-nationale-la-specificite-de-lihedn\/","og_site_name":"L&#039;IHEDN : Institut des hautes \u00e9tudes de d\u00e9fense nationale","article_publisher":"https:\/\/www.facebook.com\/ihedn\/","article_published_time":"2023-05-15T10:20:43+00:00","article_modified_time":"2023-11-09T13:36:42+00:00","og_image":[{"width":1000,"height":563,"url":"https:\/\/ihedn.fr\/wp-content\/uploads\/2023\/05\/visuel-perimetre-de-la-defense.png","type":"image\/png"}],"author":"dev","twitter_card":"summary_large_image","twitter_creator":"@IHEDN","twitter_site":"@IHEDN","twitter_misc":{"Written by":"dev","Estimated reading time":"7 minutes"},"schema":{"@context":"https:\/\/schema.org","@graph":[{"@type":"Article","@id":"https:\/\/ihedn.fr\/lundis-de-lihedn\/le-perimetre-de-la-defense-nationale-la-specificite-de-lihedn\/#article","isPartOf":{"@id":"https:\/\/ihedn.fr\/lundis-de-lihedn\/le-perimetre-de-la-defense-nationale-la-specificite-de-lihedn\/"},"author":{"name":"dev","@id":"https:\/\/ihedn.fr\/#\/schema\/person\/7a40155595e4efb35323447cb8c8c5a4"},"headline":"La d\u00e9fense et la s\u00e9curit\u00e9 nationale, qu&rsquo;est-ce que c&rsquo;est ? la vocation de l\u2019IHEDN","datePublished":"2023-05-15T10:20:43+00:00","dateModified":"2023-11-09T13:36:42+00:00","mainEntityOfPage":{"@id":"https:\/\/ihedn.fr\/lundis-de-lihedn\/le-perimetre-de-la-defense-nationale-la-specificite-de-lihedn\/"},"wordCount":1387,"publisher":{"@id":"https:\/\/ihedn.fr\/#organization"},"image":{"@id":"https:\/\/ihedn.fr\/lundis-de-lihedn\/le-perimetre-de-la-defense-nationale-la-specificite-de-lihedn\/#primaryimage"},"thumbnailUrl":"https:\/\/ihedn.fr\/wp-content\/uploads\/2023\/05\/visuel-perimetre-de-la-defense.png","articleSection":["d\u00e9fense militaire","d\u00e9fense nationale","Lundis de l'IHEDN","Notre s\u00e9lection","s\u00e9curit\u00e9 internationale","s\u00e9curit\u00e9 nationale"],"inLanguage":"en-GB"},{"@type":"WebPage","@id":"https:\/\/ihedn.fr\/lundis-de-lihedn\/le-perimetre-de-la-defense-nationale-la-specificite-de-lihedn\/","url":"https:\/\/ihedn.fr\/lundis-de-lihedn\/le-perimetre-de-la-defense-nationale-la-specificite-de-lihedn\/","name":"What is national defence and security? The vocation of IHEDN - L'IHEDN : Institut des hautes \u00e9tudes de d\u00e9fense nationale (Institute for Advanced National Defence Studies)","isPartOf":{"@id":"https:\/\/ihedn.fr\/#website"},"primaryImageOfPage":{"@id":"https:\/\/ihedn.fr\/lundis-de-lihedn\/le-perimetre-de-la-defense-nationale-la-specificite-de-lihedn\/#primaryimage"},"image":{"@id":"https:\/\/ihedn.fr\/lundis-de-lihedn\/le-perimetre-de-la-defense-nationale-la-specificite-de-lihedn\/#primaryimage"},"thumbnailUrl":"https:\/\/ihedn.fr\/wp-content\/uploads\/2023\/05\/visuel-perimetre-de-la-defense.png","datePublished":"2023-05-15T10:20:43+00:00","dateModified":"2023-11-09T13:36:42+00:00","breadcrumb":{"@id":"https:\/\/ihedn.fr\/lundis-de-lihedn\/le-perimetre-de-la-defense-nationale-la-specificite-de-lihedn\/#breadcrumb"},"inLanguage":"en-GB","potentialAction":[{"@type":"ReadAction","target":["https:\/\/ihedn.fr\/lundis-de-lihedn\/le-perimetre-de-la-defense-nationale-la-specificite-de-lihedn\/"]}]},{"@type":"ImageObject","inLanguage":"en-GB","@id":"https:\/\/ihedn.fr\/lundis-de-lihedn\/le-perimetre-de-la-defense-nationale-la-specificite-de-lihedn\/#primaryimage","url":"https:\/\/ihedn.fr\/wp-content\/uploads\/2023\/05\/visuel-perimetre-de-la-defense.png","contentUrl":"https:\/\/ihedn.fr\/wp-content\/uploads\/2023\/05\/visuel-perimetre-de-la-defense.png","width":1000,"height":563,"caption":"IHEDN - P\u00e9rim\u00e8tre de la d\u00e9fense"},{"@type":"BreadcrumbList","@id":"https:\/\/ihedn.fr\/lundis-de-lihedn\/le-perimetre-de-la-defense-nationale-la-specificite-de-lihedn\/#breadcrumb","itemListElement":[{"@type":"ListItem","position":1,"name":"Accueil","item":"https:\/\/ihedn.fr\/"},{"@type":"ListItem","position":2,"name":"La d\u00e9fense et la s\u00e9curit\u00e9 nationale, qu&rsquo;est-ce que c&rsquo;est ? la vocation de l\u2019IHEDN"}]},{"@type":"WebSite","@id":"https:\/\/ihedn.fr\/#website","url":"https:\/\/ihedn.fr\/","name":"IHEDN: Institut des hautes \u00e9tudes de d\u00e9fense nationale (Institute for Higher National Defence Studies)","description":"Official website of the IHEDN under the supervision of the Prime Minister.","publisher":{"@id":"https:\/\/ihedn.fr\/#organization"},"potentialAction":[{"@type":"SearchAction","target":{"@type":"EntryPoint","urlTemplate":"https:\/\/ihedn.fr\/?s={search_term_string}"},"query-input":{"@type":"PropertyValueSpecification","valueRequired":true,"valueName":"search_term_string"}}],"inLanguage":"en-GB"},{"@type":"Organization","@id":"https:\/\/ihedn.fr\/#organization","name":"IHEDN - Institute for Higher National Defence Studies","url":"https:\/\/ihedn.fr\/","logo":{"@type":"ImageObject","inLanguage":"en-GB","@id":"https:\/\/ihedn.fr\/#\/schema\/logo\/image\/","url":"https:\/\/ihedn.fr\/wp-content\/uploads\/2020\/11\/BLOC_RF_IHEDN_WEB.png","contentUrl":"https:\/\/ihedn.fr\/wp-content\/uploads\/2020\/11\/BLOC_RF_IHEDN_WEB.png","width":500,"height":237,"caption":"IHEDN - Institut des Hautes Etudes de D\u00e9fense Nationale"},"image":{"@id":"https:\/\/ihedn.fr\/#\/schema\/logo\/image\/"},"sameAs":["https:\/\/www.facebook.com\/ihedn\/","https:\/\/x.com\/IHEDN","https:\/\/www.instagram.com\/ihedn\/","https:\/\/www.linkedin.com\/school\/ihedn\/","https:\/\/fr.wikipedia.org\/wiki\/Institut_des_hautes_\u00e9tudes_de_D\u00e9fense_nationale"]},{"@type":"Person","@id":"https:\/\/ihedn.fr\/#\/schema\/person\/7a40155595e4efb35323447cb8c8c5a4","name":"dev","image":{"@type":"ImageObject","inLanguage":"en-GB","@id":"https:\/\/secure.gravatar.com\/avatar\/f1ffcac9ca2fa95ad3ec33e9be3ade82f752acb0cabe541e56c5889225afa88a?s=96&d=mm&r=g","url":"https:\/\/secure.gravatar.com\/avatar\/f1ffcac9ca2fa95ad3ec33e9be3ade82f752acb0cabe541e56c5889225afa88a?s=96&d=mm&r=g","contentUrl":"https:\/\/secure.gravatar.com\/avatar\/f1ffcac9ca2fa95ad3ec33e9be3ade82f752acb0cabe541e56c5889225afa88a?s=96&d=mm&r=g","caption":"dev"},"sameAs":["https:\/\/ihedn.concilium.click"],"url":"https:\/\/ihedn.fr\/en\/author\/dev\/"}]}},"publishpress_future_action":{"enabled":false,"date":"2026-05-07 17:03:35","action":"change-status","newStatus":"draft","terms":[],"taxonomy":"category","extraData":[]},"publishpress_future_workflow_manual_trigger":{"enabledWorkflows":[]},"_links":{"self":[{"href":"https:\/\/ihedn.fr\/en\/wp-json\/wp\/v2\/posts\/39576","targetHints":{"allow":["GET"]}}],"collection":[{"href":"https:\/\/ihedn.fr\/en\/wp-json\/wp\/v2\/posts"}],"about":[{"href":"https:\/\/ihedn.fr\/en\/wp-json\/wp\/v2\/types\/post"}],"author":[{"embeddable":true,"href":"https:\/\/ihedn.fr\/en\/wp-json\/wp\/v2\/users\/1"}],"replies":[{"embeddable":true,"href":"https:\/\/ihedn.fr\/en\/wp-json\/wp\/v2\/comments?post=39576"}],"version-history":[{"count":34,"href":"https:\/\/ihedn.fr\/en\/wp-json\/wp\/v2\/posts\/39576\/revisions"}],"predecessor-version":[{"id":43854,"href":"https:\/\/ihedn.fr\/en\/wp-json\/wp\/v2\/posts\/39576\/revisions\/43854"}],"wp:featuredmedia":[{"embeddable":true,"href":"https:\/\/ihedn.fr\/en\/wp-json\/wp\/v2\/media\/39639"}],"wp:attachment":[{"href":"https:\/\/ihedn.fr\/en\/wp-json\/wp\/v2\/media?parent=39576"}],"wp:term":[{"taxonomy":"category","embeddable":true,"href":"https:\/\/ihedn.fr\/en\/wp-json\/wp\/v2\/categories?post=39576"},{"taxonomy":"post_tag","embeddable":true,"href":"https:\/\/ihedn.fr\/en\/wp-json\/wp\/v2\/tags?post=39576"}],"curies":[{"name":"wp","href":"https:\/\/api.w.org\/{rel}","templated":true}]}}