{"id":39696,"date":"2023-05-17T14:17:00","date_gmt":"2023-05-17T13:17:00","guid":{"rendered":"https:\/\/ihedn.fr\/?p=39696"},"modified":"2023-05-17T14:17:00","modified_gmt":"2023-05-17T13:17:00","slug":"premier-cycle-banques-et-industries-de-la-defense-organise-par-lihedn","status":"publish","type":"post","link":"https:\/\/ihedn.fr\/en\/notre-actualite\/premier-cycle-banques-et-industries-de-la-defense-organise-par-lihedn\/","title":{"rendered":"First \"Banks and defence industries\" cycle organised by IHEDN"},"content":{"rendered":"<div data-elementor-type=\"wp-post\" data-elementor-id=\"39696\" class=\"elementor elementor-39696\" data-elementor-post-type=\"post\">\n\t\t\t\t\t\t<section data-particle_enable=\"false\" data-particle-mobile-disabled=\"false\" class=\"elementor-section elementor-top-section elementor-element elementor-element-25ff57c elementor-section-boxed elementor-section-height-default elementor-section-height-default\" data-id=\"25ff57c\" data-element_type=\"section\" data-e-type=\"section\">\n\t\t\t\t\t\t<div class=\"elementor-container elementor-column-gap-default\">\n\t\t\t\t\t<div class=\"elementor-column elementor-col-100 elementor-top-column elementor-element elementor-element-6efb3f4\" data-id=\"6efb3f4\" data-element_type=\"column\" data-e-type=\"column\">\n\t\t\t<div class=\"elementor-widget-wrap elementor-element-populated\">\n\t\t\t\t\t\t<div class=\"elementor-element elementor-element-c6266c5 elementor-widget elementor-widget-text-editor\" data-id=\"c6266c5\" data-element_type=\"widget\" data-e-type=\"widget\" data-widget_type=\"text-editor.default\">\n\t\t\t\t<div class=\"elementor-widget-container\">\n\t\t\t\t\t\t\t\t\t<p>After the introductory remarks by <strong><span style=\"color: #000091;\">Lieutenant General Beno\u00eet Durieux<\/span><\/strong>director of the IHDEN, the <strong><span style=\"color: #000091;\">General Jean-Marc Duquesne<\/span><\/strong>General Delegate of GICAT and <strong><span style=\"color: #000091;\">Nicolas Therry<\/span><\/strong>On behalf of the FBF, the forty or so participants took part in a series of high-level conferences designed to give them a better understanding of the challenges and legal framework of export defence: a background; the challenges of export armament; a time for discussion with representatives of the banking and insurance sectors; the needs of the defence sector.<\/p><p>The cycle was organised in line with the conclusions of the report of the flash mission on the financing of the defence technological and industrial base, due in 2021. The Members of Parliament\u00a0<strong><span style=\"color: #000091;\">Fran\u00e7oise Ballet-Blu<\/span><\/strong> and <strong><span style=\"color: #000091;\">Jean-Louis Thi\u00e9riot<\/span><\/strong>proposed that <em>IHEDN organises seminars for<\/em> executives from the banking and insurance sector and the defence industry, who have to deal with export-related issues.<\/p><p>The Director of the IHEDN would like to thank the FBF and the Gicat for their partnership, as well as the various speakers from the SGDSN, the DGA, Bpi France assurances export, the banking sector and the BITD.<\/p>\t\t\t\t\t\t\t\t<\/div>\n\t\t\t\t<\/div>\n\t\t\t\t\t<\/div>\n\t\t<\/div>\n\t\t\t\t\t<\/div>\n\t\t<\/section>\n\t\t\t\t<\/div>","protected":false},"excerpt":{"rendered":"<p>On 11 May 2023, the first Banking and Defence Industries course was held at the Ecole Militaire, organised by the IHEDN in association with the FBF (French Banking Federation) and GICAT.<\/p>","protected":false},"author":1,"featured_media":39719,"comment_status":"closed","ping_status":"closed","sticky":false,"template":"","format":"standard","meta":{"footnotes":""},"categories":[172],"tags":[],"class_list":["post-39696","post","type-post","status-publish","format-standard","has-post-thumbnail","hentry","category-notre-actualite"],"yoast_head":"<!-- This site is optimized with the Yoast SEO plugin v27.5 - https:\/\/yoast.com\/product\/yoast-seo-wordpress\/ -->\n<title>Premier cycle &quot;Banques et industries de la d\u00e9fense&quot; organis\u00e9 par l&#039;IHEDN - L&#039;IHEDN : Institut des hautes \u00e9tudes de d\u00e9fense nationale<\/title>\n<meta name=\"robots\" content=\"index, follow, max-snippet:-1, max-image-preview:large, max-video-preview:-1\" \/>\n<link rel=\"canonical\" href=\"https:\/\/ihedn.fr\/en\/actualites-des-sessions\/ie-actualites-des-sessions\/premier-cycle-banques-et-industries-de-la-defense-organise-par-lihedn\/\" \/>\n<meta property=\"og:locale\" content=\"en_GB\" \/>\n<meta property=\"og:type\" content=\"article\" \/>\n<meta property=\"og:title\" content=\"Premier cycle &quot;Banques et industries de la d\u00e9fense&quot; organis\u00e9 par l&#039;IHEDN - L&#039;IHEDN : Institut des hautes \u00e9tudes de d\u00e9fense nationale\" \/>\n<meta property=\"og:description\" content=\"Le 11 mai 2023 s&#039;est tenu \u00e0 l&#039;Ecole militaire le premier cycle Banques et industries de la d\u00e9fense organis\u00e9 par l&#039;IHEDN, en association avec la FBF (F\u00e9d\u00e9ration bancaire fran\u00e7aise) et le GICAT.\" \/>\n<meta property=\"og:url\" content=\"https:\/\/ihedn.fr\/en\/actualites-des-sessions\/ie-actualites-des-sessions\/premier-cycle-banques-et-industries-de-la-defense-organise-par-lihedn\/\" \/>\n<meta property=\"og:site_name\" content=\"L&#039;IHEDN : Institut des hautes \u00e9tudes de d\u00e9fense nationale\" \/>\n<meta property=\"article:publisher\" content=\"https:\/\/www.facebook.com\/ihedn\/\" \/>\n<meta property=\"article:published_time\" content=\"2023-05-17T13:17:00+00:00\" \/>\n<meta property=\"og:image\" content=\"https:\/\/ihedn.fr\/wp-content\/uploads\/2023\/05\/BANQUE-et-INDUSTRIES-de-DEFENSE.jpg\" \/>\n\t<meta property=\"og:image:width\" content=\"900\" \/>\n\t<meta property=\"og:image:height\" content=\"600\" \/>\n\t<meta property=\"og:image:type\" content=\"image\/jpeg\" \/>\n<meta name=\"author\" content=\"dev\" \/>\n<meta name=\"twitter:card\" content=\"summary_large_image\" \/>\n<meta name=\"twitter:creator\" content=\"@IHEDN\" \/>\n<meta name=\"twitter:site\" content=\"@IHEDN\" \/>\n<meta name=\"twitter:label1\" content=\"Written by\" \/>\n\t<meta name=\"twitter:data1\" content=\"dev\" \/>\n\t<meta name=\"twitter:label2\" content=\"Estimated reading time\" \/>\n\t<meta name=\"twitter:data2\" content=\"2 minutes\" \/>\n<script type=\"application\/ld+json\" class=\"yoast-schema-graph\">{\"@context\":\"https:\\\/\\\/schema.org\",\"@graph\":[{\"@type\":\"Article\",\"@id\":\"https:\\\/\\\/ihedn.fr\\\/actualites-des-sessions\\\/ie-actualites-des-sessions\\\/premier-cycle-banques-et-industries-de-la-defense-organise-par-lihedn\\\/#article\",\"isPartOf\":{\"@id\":\"https:\\\/\\\/ihedn.fr\\\/actualites-des-sessions\\\/ie-actualites-des-sessions\\\/premier-cycle-banques-et-industries-de-la-defense-organise-par-lihedn\\\/\"},\"author\":{\"name\":\"dev\",\"@id\":\"https:\\\/\\\/ihedn.fr\\\/#\\\/schema\\\/person\\\/7a40155595e4efb35323447cb8c8c5a4\"},\"headline\":\"Premier cycle \u00ab\u00a0Banques et industries de la d\u00e9fense\u00a0\u00bb organis\u00e9 par l&rsquo;IHEDN\",\"datePublished\":\"2023-05-17T13:17:00+00:00\",\"mainEntityOfPage\":{\"@id\":\"https:\\\/\\\/ihedn.fr\\\/actualites-des-sessions\\\/ie-actualites-des-sessions\\\/premier-cycle-banques-et-industries-de-la-defense-organise-par-lihedn\\\/\"},\"wordCount\":246,\"publisher\":{\"@id\":\"https:\\\/\\\/ihedn.fr\\\/#organization\"},\"image\":{\"@id\":\"https:\\\/\\\/ihedn.fr\\\/actualites-des-sessions\\\/ie-actualites-des-sessions\\\/premier-cycle-banques-et-industries-de-la-defense-organise-par-lihedn\\\/#primaryimage\"},\"thumbnailUrl\":\"https:\\\/\\\/ihedn.fr\\\/wp-content\\\/uploads\\\/2023\\\/05\\\/BANQUE-et-INDUSTRIES-de-DEFENSE.jpg\",\"articleSection\":[\"Notre actualit\u00e9\"],\"inLanguage\":\"en-GB\"},{\"@type\":\"WebPage\",\"@id\":\"https:\\\/\\\/ihedn.fr\\\/actualites-des-sessions\\\/ie-actualites-des-sessions\\\/premier-cycle-banques-et-industries-de-la-defense-organise-par-lihedn\\\/\",\"url\":\"https:\\\/\\\/ihedn.fr\\\/actualites-des-sessions\\\/ie-actualites-des-sessions\\\/premier-cycle-banques-et-industries-de-la-defense-organise-par-lihedn\\\/\",\"name\":\"Premier cycle \\\"Banques et industries de la d\u00e9fense\\\" organis\u00e9 par l'IHEDN - L&#039;IHEDN : Institut des hautes \u00e9tudes de d\u00e9fense nationale\",\"isPartOf\":{\"@id\":\"https:\\\/\\\/ihedn.fr\\\/#website\"},\"primaryImageOfPage\":{\"@id\":\"https:\\\/\\\/ihedn.fr\\\/actualites-des-sessions\\\/ie-actualites-des-sessions\\\/premier-cycle-banques-et-industries-de-la-defense-organise-par-lihedn\\\/#primaryimage\"},\"image\":{\"@id\":\"https:\\\/\\\/ihedn.fr\\\/actualites-des-sessions\\\/ie-actualites-des-sessions\\\/premier-cycle-banques-et-industries-de-la-defense-organise-par-lihedn\\\/#primaryimage\"},\"thumbnailUrl\":\"https:\\\/\\\/ihedn.fr\\\/wp-content\\\/uploads\\\/2023\\\/05\\\/BANQUE-et-INDUSTRIES-de-DEFENSE.jpg\",\"datePublished\":\"2023-05-17T13:17:00+00:00\",\"breadcrumb\":{\"@id\":\"https:\\\/\\\/ihedn.fr\\\/actualites-des-sessions\\\/ie-actualites-des-sessions\\\/premier-cycle-banques-et-industries-de-la-defense-organise-par-lihedn\\\/#breadcrumb\"},\"inLanguage\":\"en-GB\",\"potentialAction\":[{\"@type\":\"ReadAction\",\"target\":[\"https:\\\/\\\/ihedn.fr\\\/actualites-des-sessions\\\/ie-actualites-des-sessions\\\/premier-cycle-banques-et-industries-de-la-defense-organise-par-lihedn\\\/\"]}]},{\"@type\":\"ImageObject\",\"inLanguage\":\"en-GB\",\"@id\":\"https:\\\/\\\/ihedn.fr\\\/actualites-des-sessions\\\/ie-actualites-des-sessions\\\/premier-cycle-banques-et-industries-de-la-defense-organise-par-lihedn\\\/#primaryimage\",\"url\":\"https:\\\/\\\/ihedn.fr\\\/wp-content\\\/uploads\\\/2023\\\/05\\\/BANQUE-et-INDUSTRIES-de-DEFENSE.jpg\",\"contentUrl\":\"https:\\\/\\\/ihedn.fr\\\/wp-content\\\/uploads\\\/2023\\\/05\\\/BANQUE-et-INDUSTRIES-de-DEFENSE.jpg\",\"width\":900,\"height\":600},{\"@type\":\"BreadcrumbList\",\"@id\":\"https:\\\/\\\/ihedn.fr\\\/actualites-des-sessions\\\/ie-actualites-des-sessions\\\/premier-cycle-banques-et-industries-de-la-defense-organise-par-lihedn\\\/#breadcrumb\",\"itemListElement\":[{\"@type\":\"ListItem\",\"position\":1,\"name\":\"Accueil\",\"item\":\"https:\\\/\\\/ihedn.fr\\\/\"},{\"@type\":\"ListItem\",\"position\":2,\"name\":\"Premier cycle \u00ab\u00a0Banques et industries de la d\u00e9fense\u00a0\u00bb organis\u00e9 par l&rsquo;IHEDN\"}]},{\"@type\":\"WebSite\",\"@id\":\"https:\\\/\\\/ihedn.fr\\\/#website\",\"url\":\"https:\\\/\\\/ihedn.fr\\\/\",\"name\":\"IHEDN : Institut des hautes \u00e9tudes de d\u00e9fense nationale |\",\"description\":\"Site officiel de l&#039;IHEDN plac\u00e9 sous la tutelle du Premier ministre.\",\"publisher\":{\"@id\":\"https:\\\/\\\/ihedn.fr\\\/#organization\"},\"potentialAction\":[{\"@type\":\"SearchAction\",\"target\":{\"@type\":\"EntryPoint\",\"urlTemplate\":\"https:\\\/\\\/ihedn.fr\\\/?s={search_term_string}\"},\"query-input\":{\"@type\":\"PropertyValueSpecification\",\"valueRequired\":true,\"valueName\":\"search_term_string\"}}],\"inLanguage\":\"en-GB\"},{\"@type\":\"Organization\",\"@id\":\"https:\\\/\\\/ihedn.fr\\\/#organization\",\"name\":\"IHEDN - Institut des Hautes Etudes de D\u00e9fense Nationale\",\"url\":\"https:\\\/\\\/ihedn.fr\\\/\",\"logo\":{\"@type\":\"ImageObject\",\"inLanguage\":\"en-GB\",\"@id\":\"https:\\\/\\\/ihedn.fr\\\/#\\\/schema\\\/logo\\\/image\\\/\",\"url\":\"https:\\\/\\\/ihedn.fr\\\/wp-content\\\/uploads\\\/2020\\\/11\\\/BLOC_RF_IHEDN_WEB.png\",\"contentUrl\":\"https:\\\/\\\/ihedn.fr\\\/wp-content\\\/uploads\\\/2020\\\/11\\\/BLOC_RF_IHEDN_WEB.png\",\"width\":500,\"height\":237,\"caption\":\"IHEDN - Institut des Hautes Etudes de D\u00e9fense Nationale\"},\"image\":{\"@id\":\"https:\\\/\\\/ihedn.fr\\\/#\\\/schema\\\/logo\\\/image\\\/\"},\"sameAs\":[\"https:\\\/\\\/www.facebook.com\\\/ihedn\\\/\",\"https:\\\/\\\/x.com\\\/IHEDN\",\"https:\\\/\\\/www.instagram.com\\\/ihedn\\\/\",\"https:\\\/\\\/www.linkedin.com\\\/school\\\/ihedn\\\/\",\"https:\\\/\\\/fr.wikipedia.org\\\/wiki\\\/Institut_des_hautes_\u00e9tudes_de_D\u00e9fense_nationale\"]},{\"@type\":\"Person\",\"@id\":\"https:\\\/\\\/ihedn.fr\\\/#\\\/schema\\\/person\\\/7a40155595e4efb35323447cb8c8c5a4\",\"name\":\"dev\",\"image\":{\"@type\":\"ImageObject\",\"inLanguage\":\"en-GB\",\"@id\":\"https:\\\/\\\/secure.gravatar.com\\\/avatar\\\/f1ffcac9ca2fa95ad3ec33e9be3ade82f752acb0cabe541e56c5889225afa88a?s=96&d=mm&r=g\",\"url\":\"https:\\\/\\\/secure.gravatar.com\\\/avatar\\\/f1ffcac9ca2fa95ad3ec33e9be3ade82f752acb0cabe541e56c5889225afa88a?s=96&d=mm&r=g\",\"contentUrl\":\"https:\\\/\\\/secure.gravatar.com\\\/avatar\\\/f1ffcac9ca2fa95ad3ec33e9be3ade82f752acb0cabe541e56c5889225afa88a?s=96&d=mm&r=g\",\"caption\":\"dev\"},\"sameAs\":[\"https:\\\/\\\/ihedn.concilium.click\"],\"url\":\"https:\\\/\\\/ihedn.fr\\\/en\\\/author\\\/dev\\\/\"}]}<\/script>\n<!-- \/ Yoast SEO plugin. -->","yoast_head_json":{"title":"First \"Banks and defence industries\" cycle organised by IHEDN - L'IHEDN : Institut des hautes \u00e9tudes de d\u00e9fense nationale","robots":{"index":"index","follow":"follow","max-snippet":"max-snippet:-1","max-image-preview":"max-image-preview:large","max-video-preview":"max-video-preview:-1"},"canonical":"https:\/\/ihedn.fr\/en\/actualites-des-sessions\/ie-actualites-des-sessions\/premier-cycle-banques-et-industries-de-la-defense-organise-par-lihedn\/","og_locale":"en_GB","og_type":"article","og_title":"Premier cycle \"Banques et industries de la d\u00e9fense\" organis\u00e9 par l'IHEDN - L&#039;IHEDN : Institut des hautes \u00e9tudes de d\u00e9fense nationale","og_description":"Le 11 mai 2023 s'est tenu \u00e0 l'Ecole militaire le premier cycle Banques et industries de la d\u00e9fense organis\u00e9 par l'IHEDN, en association avec la FBF (F\u00e9d\u00e9ration bancaire fran\u00e7aise) et le GICAT.","og_url":"https:\/\/ihedn.fr\/en\/actualites-des-sessions\/ie-actualites-des-sessions\/premier-cycle-banques-et-industries-de-la-defense-organise-par-lihedn\/","og_site_name":"L&#039;IHEDN : Institut des hautes \u00e9tudes de d\u00e9fense nationale","article_publisher":"https:\/\/www.facebook.com\/ihedn\/","article_published_time":"2023-05-17T13:17:00+00:00","og_image":[{"width":900,"height":600,"url":"https:\/\/ihedn.fr\/wp-content\/uploads\/2023\/05\/BANQUE-et-INDUSTRIES-de-DEFENSE.jpg","type":"image\/jpeg"}],"author":"dev","twitter_card":"summary_large_image","twitter_creator":"@IHEDN","twitter_site":"@IHEDN","twitter_misc":{"Written by":"dev","Estimated reading time":"2 minutes"},"schema":{"@context":"https:\/\/schema.org","@graph":[{"@type":"Article","@id":"https:\/\/ihedn.fr\/actualites-des-sessions\/ie-actualites-des-sessions\/premier-cycle-banques-et-industries-de-la-defense-organise-par-lihedn\/#article","isPartOf":{"@id":"https:\/\/ihedn.fr\/actualites-des-sessions\/ie-actualites-des-sessions\/premier-cycle-banques-et-industries-de-la-defense-organise-par-lihedn\/"},"author":{"name":"dev","@id":"https:\/\/ihedn.fr\/#\/schema\/person\/7a40155595e4efb35323447cb8c8c5a4"},"headline":"Premier cycle \u00ab\u00a0Banques et industries de la d\u00e9fense\u00a0\u00bb organis\u00e9 par l&rsquo;IHEDN","datePublished":"2023-05-17T13:17:00+00:00","mainEntityOfPage":{"@id":"https:\/\/ihedn.fr\/actualites-des-sessions\/ie-actualites-des-sessions\/premier-cycle-banques-et-industries-de-la-defense-organise-par-lihedn\/"},"wordCount":246,"publisher":{"@id":"https:\/\/ihedn.fr\/#organization"},"image":{"@id":"https:\/\/ihedn.fr\/actualites-des-sessions\/ie-actualites-des-sessions\/premier-cycle-banques-et-industries-de-la-defense-organise-par-lihedn\/#primaryimage"},"thumbnailUrl":"https:\/\/ihedn.fr\/wp-content\/uploads\/2023\/05\/BANQUE-et-INDUSTRIES-de-DEFENSE.jpg","articleSection":["Notre actualit\u00e9"],"inLanguage":"en-GB"},{"@type":"WebPage","@id":"https:\/\/ihedn.fr\/actualites-des-sessions\/ie-actualites-des-sessions\/premier-cycle-banques-et-industries-de-la-defense-organise-par-lihedn\/","url":"https:\/\/ihedn.fr\/actualites-des-sessions\/ie-actualites-des-sessions\/premier-cycle-banques-et-industries-de-la-defense-organise-par-lihedn\/","name":"First \"Banks and defence industries\" cycle organised by IHEDN - L'IHEDN : Institut des hautes \u00e9tudes de d\u00e9fense nationale","isPartOf":{"@id":"https:\/\/ihedn.fr\/#website"},"primaryImageOfPage":{"@id":"https:\/\/ihedn.fr\/actualites-des-sessions\/ie-actualites-des-sessions\/premier-cycle-banques-et-industries-de-la-defense-organise-par-lihedn\/#primaryimage"},"image":{"@id":"https:\/\/ihedn.fr\/actualites-des-sessions\/ie-actualites-des-sessions\/premier-cycle-banques-et-industries-de-la-defense-organise-par-lihedn\/#primaryimage"},"thumbnailUrl":"https:\/\/ihedn.fr\/wp-content\/uploads\/2023\/05\/BANQUE-et-INDUSTRIES-de-DEFENSE.jpg","datePublished":"2023-05-17T13:17:00+00:00","breadcrumb":{"@id":"https:\/\/ihedn.fr\/actualites-des-sessions\/ie-actualites-des-sessions\/premier-cycle-banques-et-industries-de-la-defense-organise-par-lihedn\/#breadcrumb"},"inLanguage":"en-GB","potentialAction":[{"@type":"ReadAction","target":["https:\/\/ihedn.fr\/actualites-des-sessions\/ie-actualites-des-sessions\/premier-cycle-banques-et-industries-de-la-defense-organise-par-lihedn\/"]}]},{"@type":"ImageObject","inLanguage":"en-GB","@id":"https:\/\/ihedn.fr\/actualites-des-sessions\/ie-actualites-des-sessions\/premier-cycle-banques-et-industries-de-la-defense-organise-par-lihedn\/#primaryimage","url":"https:\/\/ihedn.fr\/wp-content\/uploads\/2023\/05\/BANQUE-et-INDUSTRIES-de-DEFENSE.jpg","contentUrl":"https:\/\/ihedn.fr\/wp-content\/uploads\/2023\/05\/BANQUE-et-INDUSTRIES-de-DEFENSE.jpg","width":900,"height":600},{"@type":"BreadcrumbList","@id":"https:\/\/ihedn.fr\/actualites-des-sessions\/ie-actualites-des-sessions\/premier-cycle-banques-et-industries-de-la-defense-organise-par-lihedn\/#breadcrumb","itemListElement":[{"@type":"ListItem","position":1,"name":"Accueil","item":"https:\/\/ihedn.fr\/"},{"@type":"ListItem","position":2,"name":"Premier cycle \u00ab\u00a0Banques et industries de la d\u00e9fense\u00a0\u00bb organis\u00e9 par l&rsquo;IHEDN"}]},{"@type":"WebSite","@id":"https:\/\/ihedn.fr\/#website","url":"https:\/\/ihedn.fr\/","name":"IHEDN: Institut des hautes \u00e9tudes de d\u00e9fense nationale (Institute for Higher National Defence Studies)","description":"Official website of the IHEDN under the supervision of the Prime Minister.","publisher":{"@id":"https:\/\/ihedn.fr\/#organization"},"potentialAction":[{"@type":"SearchAction","target":{"@type":"EntryPoint","urlTemplate":"https:\/\/ihedn.fr\/?s={search_term_string}"},"query-input":{"@type":"PropertyValueSpecification","valueRequired":true,"valueName":"search_term_string"}}],"inLanguage":"en-GB"},{"@type":"Organization","@id":"https:\/\/ihedn.fr\/#organization","name":"IHEDN - Institute for Higher National Defence Studies","url":"https:\/\/ihedn.fr\/","logo":{"@type":"ImageObject","inLanguage":"en-GB","@id":"https:\/\/ihedn.fr\/#\/schema\/logo\/image\/","url":"https:\/\/ihedn.fr\/wp-content\/uploads\/2020\/11\/BLOC_RF_IHEDN_WEB.png","contentUrl":"https:\/\/ihedn.fr\/wp-content\/uploads\/2020\/11\/BLOC_RF_IHEDN_WEB.png","width":500,"height":237,"caption":"IHEDN - Institut des Hautes Etudes de D\u00e9fense Nationale"},"image":{"@id":"https:\/\/ihedn.fr\/#\/schema\/logo\/image\/"},"sameAs":["https:\/\/www.facebook.com\/ihedn\/","https:\/\/x.com\/IHEDN","https:\/\/www.instagram.com\/ihedn\/","https:\/\/www.linkedin.com\/school\/ihedn\/","https:\/\/fr.wikipedia.org\/wiki\/Institut_des_hautes_\u00e9tudes_de_D\u00e9fense_nationale"]},{"@type":"Person","@id":"https:\/\/ihedn.fr\/#\/schema\/person\/7a40155595e4efb35323447cb8c8c5a4","name":"dev","image":{"@type":"ImageObject","inLanguage":"en-GB","@id":"https:\/\/secure.gravatar.com\/avatar\/f1ffcac9ca2fa95ad3ec33e9be3ade82f752acb0cabe541e56c5889225afa88a?s=96&d=mm&r=g","url":"https:\/\/secure.gravatar.com\/avatar\/f1ffcac9ca2fa95ad3ec33e9be3ade82f752acb0cabe541e56c5889225afa88a?s=96&d=mm&r=g","contentUrl":"https:\/\/secure.gravatar.com\/avatar\/f1ffcac9ca2fa95ad3ec33e9be3ade82f752acb0cabe541e56c5889225afa88a?s=96&d=mm&r=g","caption":"dev"},"sameAs":["https:\/\/ihedn.concilium.click"],"url":"https:\/\/ihedn.fr\/en\/author\/dev\/"}]}},"publishpress_future_action":{"enabled":false,"date":"2026-05-06 18:53:25","action":"change-status","newStatus":"draft","terms":[],"taxonomy":"category","extraData":[]},"publishpress_future_workflow_manual_trigger":{"enabledWorkflows":[]},"_links":{"self":[{"href":"https:\/\/ihedn.fr\/en\/wp-json\/wp\/v2\/posts\/39696","targetHints":{"allow":["GET"]}}],"collection":[{"href":"https:\/\/ihedn.fr\/en\/wp-json\/wp\/v2\/posts"}],"about":[{"href":"https:\/\/ihedn.fr\/en\/wp-json\/wp\/v2\/types\/post"}],"author":[{"embeddable":true,"href":"https:\/\/ihedn.fr\/en\/wp-json\/wp\/v2\/users\/1"}],"replies":[{"embeddable":true,"href":"https:\/\/ihedn.fr\/en\/wp-json\/wp\/v2\/comments?post=39696"}],"version-history":[{"count":14,"href":"https:\/\/ihedn.fr\/en\/wp-json\/wp\/v2\/posts\/39696\/revisions"}],"predecessor-version":[{"id":39720,"href":"https:\/\/ihedn.fr\/en\/wp-json\/wp\/v2\/posts\/39696\/revisions\/39720"}],"wp:featuredmedia":[{"embeddable":true,"href":"https:\/\/ihedn.fr\/en\/wp-json\/wp\/v2\/media\/39719"}],"wp:attachment":[{"href":"https:\/\/ihedn.fr\/en\/wp-json\/wp\/v2\/media?parent=39696"}],"wp:term":[{"taxonomy":"category","embeddable":true,"href":"https:\/\/ihedn.fr\/en\/wp-json\/wp\/v2\/categories?post=39696"},{"taxonomy":"post_tag","embeddable":true,"href":"https:\/\/ihedn.fr\/en\/wp-json\/wp\/v2\/tags?post=39696"}],"curies":[{"name":"wp","href":"https:\/\/api.w.org\/{rel}","templated":true}]}}