{"id":39773,"date":"2023-05-22T16:16:59","date_gmt":"2023-05-22T15:16:59","guid":{"rendered":"https:\/\/ihedn.fr\/?p=39773"},"modified":"2023-05-25T08:11:35","modified_gmt":"2023-05-25T07:11:35","slug":"escale-en-pays-de-la-loire-pour-la-majeure-enjeux-et-strategies-maritimes-de-lihedn","status":"publish","type":"post","link":"https:\/\/ihedn.fr\/en\/notre-actualite\/escale-en-pays-de-la-loire-pour-la-majeure-enjeux-et-strategies-maritimes-de-lihedn\/","title":{"rendered":"Stopover in Pays de la Loire for the IHEDN \"Maritime issues and strategies\" major"},"content":{"rendered":"\t\t<div data-elementor-type=\"wp-post\" data-elementor-id=\"39773\" class=\"elementor elementor-39773\" data-elementor-post-type=\"post\">\n\t\t\t\t\t\t<section data-particle_enable=\"false\" data-particle-mobile-disabled=\"false\" class=\"elementor-section elementor-top-section elementor-element elementor-element-d845d7f elementor-section-boxed elementor-section-height-default elementor-section-height-default\" data-id=\"d845d7f\" data-element_type=\"section\" data-e-type=\"section\">\n\t\t\t\t\t\t<div class=\"elementor-container elementor-column-gap-default\">\n\t\t\t\t\t<div class=\"elementor-column elementor-col-50 elementor-top-column elementor-element elementor-element-8edac6a\" data-id=\"8edac6a\" data-element_type=\"column\" data-e-type=\"column\">\n\t\t\t<div class=\"elementor-widget-wrap elementor-element-populated\">\n\t\t\t\t\t\t<div class=\"elementor-element elementor-element-8143af0 elementor-widget elementor-widget-image\" data-id=\"8143af0\" data-element_type=\"widget\" data-e-type=\"widget\" data-widget_type=\"image.default\">\n\t\t\t\t<div class=\"elementor-widget-container\">\n\t\t\t\t\t\t\t\t\t\t\t\t<figure class=\"wp-caption\">\n\t\t\t\t\t\t\t\t\t\t<img fetchpriority=\"high\" decoding=\"async\" width=\"768\" height=\"768\" src=\"https:\/\/ihedn.fr\/wp-content\/uploads\/2023\/05\/Laurent-Castaing-1bis-768x768.jpg\" class=\"attachment-medium_large size-medium_large wp-image-39780\" alt=\"Laurent CASTAING en pleine explication aux auditeurs\" srcset=\"https:\/\/ihedn.fr\/wp-content\/uploads\/2023\/05\/Laurent-Castaing-1bis-768x768.jpg 768w, https:\/\/ihedn.fr\/wp-content\/uploads\/2023\/05\/Laurent-Castaing-1bis-300x300.jpg 300w, https:\/\/ihedn.fr\/wp-content\/uploads\/2023\/05\/Laurent-Castaing-1bis-1024x1024.jpg 1024w, https:\/\/ihedn.fr\/wp-content\/uploads\/2023\/05\/Laurent-Castaing-1bis-150x150.jpg 150w\" sizes=\"(max-width: 768px) 100vw, 768px\" \/>\t\t\t\t\t\t\t\t\t\t\t<figcaption class=\"widget-image-caption wp-caption-text\">Laurent CASTAING en pleine explication aux auditeurs<\/figcaption>\n\t\t\t\t\t\t\t\t\t\t<\/figure>\n\t\t\t\t\t\t\t\t\t<\/div>\n\t\t\t\t<\/div>\n\t\t\t\t\t<\/div>\n\t\t<\/div>\n\t\t\t\t<div class=\"elementor-column elementor-col-50 elementor-top-column elementor-element elementor-element-f9280a3\" data-id=\"f9280a3\" data-element_type=\"column\" data-e-type=\"column\">\n\t\t\t<div class=\"elementor-widget-wrap elementor-element-populated\">\n\t\t\t\t\t\t<div class=\"elementor-element elementor-element-179efa3 elementor-widget__width-initial elementor-widget elementor-widget-text-editor\" data-id=\"179efa3\" data-element_type=\"widget\" data-e-type=\"widget\" data-widget_type=\"text-editor.default\">\n\t\t\t\t<div class=\"elementor-widget-container\">\n\t\t\t\t\t\t\t\t\t<p>T\u00f4t le vendredi matin, la majeure a accost\u00e9 aux <strong>Chantiers de l\u2019Atlantique<\/strong> \u00e0 Saint-Nazaire, l\u2019un des leaders mondiaux de la construction navale de croisi\u00e8re et, surtout, chantier en charge de la construction du futur porte-avions nucl\u00e9aire fran\u00e7ais de nouvelle g\u00e9n\u00e9ration, le fameux PANG. Cette visite a permis aux auditeurs de d\u00e9couvrir ce chantier embl\u00e9matique dans lequel ont \u00e9t\u00e9 construits les porte-avions <em>Foch<\/em> et <em>Cl\u00e9menceau<\/em>, et d\u2019o\u00f9 le cuirass\u00e9 <em>Jean-Bart<\/em> a appareill\u00e9 en 1940 dans des conditions rocambolesques. Ils ont \u00e9t\u00e9 accueillis par <strong><span style=\"color: #000091;\">Laurent CASTAING<\/span><\/strong>, directeur g\u00e9n\u00e9ral du groupe.<\/p><p>Lors des entretiens passionnants sans langue de bois avec ce dernier, les auditeurs ont \u00e9t\u00e9 impressionn\u00e9s par l\u2019excellence de l\u2019ing\u00e9nierie et des processus de construction qui, par la ma\u00eetrise de la complexit\u00e9 et de la technologie, conf\u00e8re au groupe cette productivit\u00e9 exceptionnelle. Les plus grands paquebots du monde sont ainsi construits en moins de trois ans. Ils retiendront \u00e9galement la dimension strat\u00e9gique des Chantiers de l\u2019Atlantique pour la France, les efforts impressionnants consentis par toute la fili\u00e8re de la croisi\u00e8re en mati\u00e8re de d\u00e9carbonisation et de protection de l\u2019environnement, mais aussi les difficult\u00e9s rencontr\u00e9es par l\u2019industrie fran\u00e7aise, notamment pour recruter et fid\u00e9liser les talents n\u00e9cessaires.<\/p>\t\t\t\t\t\t\t\t<\/div>\n\t\t\t\t<\/div>\n\t\t\t\t\t<\/div>\n\t\t<\/div>\n\t\t\t\t\t<\/div>\n\t\t<\/section>\n\t\t\t\t<section data-particle_enable=\"false\" data-particle-mobile-disabled=\"false\" class=\"elementor-section elementor-top-section elementor-element elementor-element-8a5cbba elementor-section-boxed elementor-section-height-default elementor-section-height-default\" data-id=\"8a5cbba\" data-element_type=\"section\" data-e-type=\"section\">\n\t\t\t\t\t\t<div class=\"elementor-container elementor-column-gap-default\">\n\t\t\t\t\t<div class=\"elementor-column elementor-col-100 elementor-top-column elementor-element elementor-element-c383874\" data-id=\"c383874\" data-element_type=\"column\" data-e-type=\"column\">\n\t\t\t<div class=\"elementor-widget-wrap elementor-element-populated\">\n\t\t\t\t\t\t<div class=\"elementor-element elementor-element-f771160 elementor-widget elementor-widget-text-editor\" data-id=\"f771160\" data-element_type=\"widget\" data-e-type=\"widget\" data-widget_type=\"text-editor.default\">\n\t\t\t\t<div class=\"elementor-widget-container\">\n\t\t\t\t\t\t\t\t\t<p>Ce fut ensuite la pr\u00e9sentation du programme porte-avions de nouvelle g\u00e9n\u00e9ration par <strong><span style=\"color: #000091;\">Olivier de SAINT-JULIEN<\/span><\/strong>, de Naval Group et pr\u00e9sident de MO-PA, en duo avec <strong><span style=\"color: #000091;\">Hugues MARTEL<\/span><\/strong>, responsable du projet aux Chantiers de l\u2019Atlantique. Les auditeurs ont ainsi pu prendre conscience de ce chantier pharaonique, strat\u00e9gique pour la souverainet\u00e9 de la France et requ\u00e9rant les comp\u00e9tences de la quasi-totalit\u00e9 des grands industriels de la BITD fran\u00e7aise.<\/p>\t\t\t\t\t\t\t\t<\/div>\n\t\t\t\t<\/div>\n\t\t\t\t<div class=\"elementor-element elementor-element-fbebe4c elementor-widget elementor-widget-image\" data-id=\"fbebe4c\" data-element_type=\"widget\" data-e-type=\"widget\" data-widget_type=\"image.default\">\n\t\t\t\t<div class=\"elementor-widget-container\">\n\t\t\t\t\t\t\t\t\t\t\t\t<figure class=\"wp-caption\">\n\t\t\t\t\t\t\t\t\t\t<img decoding=\"async\" src=\"https:\/\/ihedn.fr\/wp-content\/uploads\/2023\/05\/Conf-PANG.jpg\" title=\"Conf PANG\" alt=\"Olivier de Saint-Julien et Hugues Martel pr\u00e9sentant le PANG\" loading=\"lazy\" \/>\t\t\t\t\t\t\t\t\t\t\t<figcaption class=\"widget-image-caption wp-caption-text\">Olivier de Saint-Julien et Hugues Martel pr\u00e9sentant le PANG<\/figcaption>\n\t\t\t\t\t\t\t\t\t\t<\/figure>\n\t\t\t\t\t\t\t\t\t<\/div>\n\t\t\t\t<\/div>\n\t\t\t\t\t<\/div>\n\t\t<\/div>\n\t\t\t\t\t<\/div>\n\t\t<\/section>\n\t\t\t\t<section data-particle_enable=\"false\" data-particle-mobile-disabled=\"false\" class=\"elementor-section elementor-top-section elementor-element elementor-element-3350aac elementor-section-boxed elementor-section-height-default elementor-section-height-default\" data-id=\"3350aac\" data-element_type=\"section\" data-e-type=\"section\">\n\t\t\t\t\t\t<div class=\"elementor-container elementor-column-gap-default\">\n\t\t\t\t\t<div class=\"elementor-column elementor-col-100 elementor-top-column elementor-element elementor-element-f8032e4\" data-id=\"f8032e4\" data-element_type=\"column\" data-e-type=\"column\">\n\t\t\t<div class=\"elementor-widget-wrap elementor-element-populated\">\n\t\t\t\t\t\t<div class=\"elementor-element elementor-element-7611486 elementor-widget elementor-widget-text-editor\" data-id=\"7611486\" data-element_type=\"widget\" data-e-type=\"widget\" data-widget_type=\"text-editor.default\">\n\t\t\t\t<div class=\"elementor-widget-container\">\n\t\t\t\t\t\t\t\t\t<p>Une table ronde sur les \u00e9nergies marines renouvelables (EMR) a ensuite r\u00e9uni <strong><span style=\"color: #000091;\">Antoine MONTEILLET<\/span><\/strong>, responsable Fa\u00e7ade Atlantique de Skyborn France, <strong><span style=\"color: #000091;\">Fr\u00e9d\u00e9ric GRIZAUD<\/span><\/strong>, directeur \u00ab\u00a0<em>Business Unit Energies Marines<\/em>\u00a0\u00bb des Chantiers de l\u2019Atlantique, et <strong><span style=\"color: #000091;\">Steven CURET<\/span><\/strong>, pr\u00e9sident GE WIND FRANCE SAS. Ont \u00e9t\u00e9 approfondis tous les volets politiques, \u00e9conomiques, techniques et administratifs de ce secteur d\u2019activit\u00e9 d\u00e9sormais en plein essor apr\u00e8s un d\u00e9part difficile en France. Les d\u00e9bats ont permis aux auditeurs de d\u00e9couvrir l\u2019extraordinaire dynamisme de la fili\u00e8re des \u00e9oliennes offshores dont les impressionnantes perspectives \u00e9taient encore insoup\u00e7onn\u00e9es il y a encore quelques ann\u00e9es. En effet, \u00e0 l\u2019encontre des id\u00e9es re\u00e7ues, elles sont d\u00e9sormais capables de produire sans subvention de l\u2019\u00e9lectricit\u00e9 \u00e0 un prix tr\u00e8s comp\u00e9titif et constituent sans doute une partie de la solution au d\u00e9fi climatique.<\/p>\t\t\t\t\t\t\t\t<\/div>\n\t\t\t\t<\/div>\n\t\t\t\t\t<\/div>\n\t\t<\/div>\n\t\t\t\t\t<\/div>\n\t\t<\/section>\n\t\t\t\t<section data-particle_enable=\"false\" data-particle-mobile-disabled=\"false\" class=\"elementor-section elementor-top-section elementor-element elementor-element-d9026f8 elementor-section-boxed elementor-section-height-default elementor-section-height-default\" data-id=\"d9026f8\" data-element_type=\"section\" data-e-type=\"section\">\n\t\t\t\t\t\t<div class=\"elementor-container elementor-column-gap-default\">\n\t\t\t\t\t<div class=\"elementor-column elementor-col-100 elementor-top-column elementor-element elementor-element-dc9420d\" data-id=\"dc9420d\" data-element_type=\"column\" data-e-type=\"column\">\n\t\t\t<div class=\"elementor-widget-wrap elementor-element-populated\">\n\t\t\t\t\t\t<section data-particle_enable=\"false\" data-particle-mobile-disabled=\"false\" class=\"elementor-section elementor-inner-section elementor-element elementor-element-a7ee6a3 elementor-section-boxed elementor-section-height-default elementor-section-height-default\" data-id=\"a7ee6a3\" data-element_type=\"section\" data-e-type=\"section\">\n\t\t\t\t\t\t<div class=\"elementor-container elementor-column-gap-default\">\n\t\t\t\t\t<div class=\"elementor-column elementor-col-100 elementor-inner-column elementor-element elementor-element-5a40dde\" data-id=\"5a40dde\" data-element_type=\"column\" data-e-type=\"column\">\n\t\t\t<div class=\"elementor-widget-wrap elementor-element-populated\">\n\t\t\t\t\t\t<div class=\"elementor-element elementor-element-ae2c3e4 elementor-widget elementor-widget-image\" data-id=\"ae2c3e4\" data-element_type=\"widget\" data-e-type=\"widget\" data-widget_type=\"image.default\">\n\t\t\t\t<div class=\"elementor-widget-container\">\n\t\t\t\t\t\t\t\t\t\t\t\t<figure class=\"wp-caption\">\n\t\t\t\t\t\t\t\t\t\t<img decoding=\"async\" width=\"1511\" height=\"933\" src=\"https:\/\/ihedn.fr\/wp-content\/uploads\/2023\/05\/TR-Eoliennes-2.jpg\" class=\"attachment-full size-full wp-image-39789\" alt=\"Antoine MONTEILLET, Fr\u00e9d\u00e9ric GRIZAUD et Steven CURET r\u00e9pondant aux questions des auditeurs\" \/>\t\t\t\t\t\t\t\t\t\t\t<figcaption class=\"widget-image-caption wp-caption-text\">Antoine MONTEILLET, Fr\u00e9d\u00e9ric GRIZAUD et Steven CURET r\u00e9pondant aux questions des auditeurs<\/figcaption>\n\t\t\t\t\t\t\t\t\t\t<\/figure>\n\t\t\t\t\t\t\t\t\t<\/div>\n\t\t\t\t<\/div>\n\t\t\t\t\t<\/div>\n\t\t<\/div>\n\t\t\t\t\t<\/div>\n\t\t<\/section>\n\t\t\t\t\t<\/div>\n\t\t<\/div>\n\t\t\t\t\t<\/div>\n\t\t<\/section>\n\t\t\t\t<section data-particle_enable=\"false\" data-particle-mobile-disabled=\"false\" class=\"elementor-section elementor-top-section elementor-element elementor-element-47a1f6f elementor-section-boxed elementor-section-height-default elementor-section-height-default\" data-id=\"47a1f6f\" data-element_type=\"section\" data-e-type=\"section\">\n\t\t\t\t\t\t<div class=\"elementor-container elementor-column-gap-default\">\n\t\t\t\t\t<div class=\"elementor-column elementor-col-100 elementor-top-column elementor-element elementor-element-46d945d\" data-id=\"46d945d\" data-element_type=\"column\" data-e-type=\"column\">\n\t\t\t<div class=\"elementor-widget-wrap elementor-element-populated\">\n\t\t\t\t\t\t<div class=\"elementor-element elementor-element-3d19dce elementor-widget elementor-widget-text-editor\" data-id=\"3d19dce\" data-element_type=\"widget\" data-e-type=\"widget\" data-widget_type=\"text-editor.default\">\n\t\t\t\t<div class=\"elementor-widget-container\">\n\t\t\t\t\t\t\t\t\t<p>Apr\u00e8s ce premier cycle de conf\u00e9rences, les auditeurs ont pu visiter cet immense chantier naval disposant des plus grandes infrastructures d\u2019Europe comme la gigantesque forme de montage de 900 m\u00e8tres de long ou le pont de levage d\u2019une capacit\u00e9 de 1.400 tonnes. La premi\u00e8re halte fut au pieds du d\u00e9monstrateur \u00ab\u00a0Solid Sail\u00a0\u00bb o\u00f9 les attendaient<strong><span style=\"color: #000091;\"> Emeric LACROIX<\/span><\/strong>, ing\u00e9nieur sp\u00e9cialiste du projet.\u00a0\u00a0\u00a0<\/p>\t\t\t\t\t\t\t\t<\/div>\n\t\t\t\t<\/div>\n\t\t\t\t<div class=\"elementor-element elementor-element-4eb5592 elementor-widget elementor-widget-image\" data-id=\"4eb5592\" data-element_type=\"widget\" data-e-type=\"widget\" data-widget_type=\"image.default\">\n\t\t\t\t<div class=\"elementor-widget-container\">\n\t\t\t\t\t\t\t\t\t\t\t\t<figure class=\"wp-caption\">\n\t\t\t\t\t\t\t\t\t\t<img decoding=\"async\" width=\"1206\" height=\"1511\" src=\"https:\/\/ihedn.fr\/wp-content\/uploads\/2023\/05\/Solid-Sail.jpg\" class=\"attachment-full size-full wp-image-39788\" alt=\"Les auditeurs autour d\u2019Emeric Lacroix au pied de Solid Sail\" \/>\t\t\t\t\t\t\t\t\t\t\t<figcaption class=\"widget-image-caption wp-caption-text\">Les auditeurs autour d\u2019Emeric Lacroix au pied de Solid Sail <\/figcaption>\n\t\t\t\t\t\t\t\t\t\t<\/figure>\n\t\t\t\t\t\t\t\t\t<\/div>\n\t\t\t\t<\/div>\n\t\t\t\t\t<\/div>\n\t\t<\/div>\n\t\t\t\t\t<\/div>\n\t\t<\/section>\n\t\t\t\t<section data-particle_enable=\"false\" data-particle-mobile-disabled=\"false\" class=\"elementor-section elementor-top-section elementor-element elementor-element-3a05d44 elementor-section-boxed elementor-section-height-default elementor-section-height-default\" data-id=\"3a05d44\" data-element_type=\"section\" data-e-type=\"section\">\n\t\t\t\t\t\t<div class=\"elementor-container elementor-column-gap-default\">\n\t\t\t\t\t<div class=\"elementor-column elementor-col-100 elementor-top-column elementor-element elementor-element-939d26d\" data-id=\"939d26d\" data-element_type=\"column\" data-e-type=\"column\">\n\t\t\t<div class=\"elementor-widget-wrap elementor-element-populated\">\n\t\t\t\t\t\t<div class=\"elementor-element elementor-element-322f2f9 elementor-widget elementor-widget-text-editor\" data-id=\"322f2f9\" data-element_type=\"widget\" data-e-type=\"widget\" data-widget_type=\"text-editor.default\">\n\t\t\t\t<div class=\"elementor-widget-container\">\n\t\t\t\t\t\t\t\t\t<p>Ils se sont ensuite sentis bien petits \u00e0 c\u00f4t\u00e9 du paquebot \u00ab\u00a0Utopia of the Seas\u00a0\u00bb en construction dans la forme. Mais c\u2019est certainement la visite du navire de croisi\u00e8re \u00ab\u00a0MSC EURIBIA\u00a0\u00bb, pr\u00eat \u00e0 naviguer, qui leur a fait prendre conscience du d\u00e9fi relev\u00e9\u00a0: construire un tel navire en si peu de temps.\u00a0<\/p>\t\t\t\t\t\t\t\t<\/div>\n\t\t\t\t<\/div>\n\t\t\t\t<section data-particle_enable=\"false\" data-particle-mobile-disabled=\"false\" class=\"elementor-section elementor-inner-section elementor-element elementor-element-20bed6e elementor-section-boxed elementor-section-height-default elementor-section-height-default\" data-id=\"20bed6e\" data-element_type=\"section\" data-e-type=\"section\">\n\t\t\t\t\t\t<div class=\"elementor-container elementor-column-gap-default\">\n\t\t\t\t\t<div class=\"elementor-column elementor-col-50 elementor-inner-column elementor-element elementor-element-c5d5134\" data-id=\"c5d5134\" data-element_type=\"column\" data-e-type=\"column\">\n\t\t\t<div class=\"elementor-widget-wrap elementor-element-populated\">\n\t\t\t\t\t\t<div class=\"elementor-element elementor-element-59984ed elementor-widget elementor-widget-image\" data-id=\"59984ed\" data-element_type=\"widget\" data-e-type=\"widget\" data-widget_type=\"image.default\">\n\t\t\t\t<div class=\"elementor-widget-container\">\n\t\t\t\t\t\t\t\t\t\t\t\t<figure class=\"wp-caption\">\n\t\t\t\t\t\t\t\t\t\t<img loading=\"lazy\" decoding=\"async\" width=\"1511\" height=\"1049\" src=\"https:\/\/ihedn.fr\/wp-content\/uploads\/2023\/05\/Cale-Chantiers-ATL.jpg\" class=\"attachment-full size-full wp-image-39790\" alt=\"Dans la fosse devant l\u2019Utopia of the Seas\" \/>\t\t\t\t\t\t\t\t\t\t\t<figcaption class=\"widget-image-caption wp-caption-text\">Dans la fosse devant l\u2019Utopia of the Seas<\/figcaption>\n\t\t\t\t\t\t\t\t\t\t<\/figure>\n\t\t\t\t\t\t\t\t\t<\/div>\n\t\t\t\t<\/div>\n\t\t\t\t\t<\/div>\n\t\t<\/div>\n\t\t\t\t<div class=\"elementor-column elementor-col-50 elementor-inner-column elementor-element elementor-element-ae44bf4\" data-id=\"ae44bf4\" data-element_type=\"column\" data-e-type=\"column\">\n\t\t\t<div class=\"elementor-widget-wrap elementor-element-populated\">\n\t\t\t\t\t\t<div class=\"elementor-element elementor-element-a8c7cc2 elementor-widget elementor-widget-image\" data-id=\"a8c7cc2\" data-element_type=\"widget\" data-e-type=\"widget\" data-widget_type=\"image.default\">\n\t\t\t\t<div class=\"elementor-widget-container\">\n\t\t\t\t\t\t\t\t\t\t\t\t<figure class=\"wp-caption\">\n\t\t\t\t\t\t\t\t\t\t<img loading=\"lazy\" decoding=\"async\" width=\"1511\" height=\"965\" src=\"https:\/\/ihedn.fr\/wp-content\/uploads\/2023\/05\/Passerelle-Paquebot.jpg\" class=\"attachment-full size-full wp-image-39782\" alt=\"Les auditeurs \u00e0 la barre du MSC EURIBIA\" \/>\t\t\t\t\t\t\t\t\t\t\t<figcaption class=\"widget-image-caption wp-caption-text\">Les auditeurs \u00e0 la barre du MSC EURIBIA<\/figcaption>\n\t\t\t\t\t\t\t\t\t\t<\/figure>\n\t\t\t\t\t\t\t\t\t<\/div>\n\t\t\t\t<\/div>\n\t\t\t\t\t<\/div>\n\t\t<\/div>\n\t\t\t\t\t<\/div>\n\t\t<\/section>\n\t\t\t\t\t<\/div>\n\t\t<\/div>\n\t\t\t\t\t<\/div>\n\t\t<\/section>\n\t\t\t\t<section data-particle_enable=\"false\" data-particle-mobile-disabled=\"false\" class=\"elementor-section elementor-top-section elementor-element elementor-element-d5eaf47 elementor-section-boxed elementor-section-height-default elementor-section-height-default\" data-id=\"d5eaf47\" data-element_type=\"section\" data-e-type=\"section\">\n\t\t\t\t\t\t<div class=\"elementor-container elementor-column-gap-default\">\n\t\t\t\t\t<div class=\"elementor-column elementor-col-100 elementor-top-column elementor-element elementor-element-26db59f\" data-id=\"26db59f\" data-element_type=\"column\" data-e-type=\"column\">\n\t\t\t<div class=\"elementor-widget-wrap elementor-element-populated\">\n\t\t\t\t\t\t<div class=\"elementor-element elementor-element-70c4cbf elementor-widget elementor-widget-text-editor\" data-id=\"70c4cbf\" data-element_type=\"widget\" data-e-type=\"widget\" data-widget_type=\"text-editor.default\">\n\t\t\t\t<div class=\"elementor-widget-container\">\n\t\t\t\t\t\t\t\t\t<p>Apr\u00e8s un rapide d\u00e9jeuner les auditeurs ont mis le cap vers le p\u00f4le national de formation de la Soci\u00e9t\u00e9 nationale de sauvetage en mer (SNSM). Les auditeurs y ont \u00e9t\u00e9 accueillis par son pr\u00e9sident, <strong><span style=\"color: #000091;\">Emmanuel de OLIVEIRA<\/span><\/strong>, et <strong><span style=\"color: #000091;\">Didier MOREAU<\/span><\/strong>, le directeur de la formation. Tant sur les plages qu\u2019au large, environ 8.000 personnes par an sont secourues par cette association de b\u00e9n\u00e9voles portant haut la solidarit\u00e9 des gens de mer. \u00a0Une heure de d\u00e9bat avec les auditeurs a permis \u00e0 ces derniers de mesurer l\u2019engagement de ces sauveurs b\u00e9n\u00e9voles, ce qui ne les emp\u00eache pas d\u2019\u00eatre de v\u00e9ritables professionnels gr\u00e2ce \u00e0 la formation particuli\u00e8rement rigoureuse dont ils b\u00e9n\u00e9ficient et aux dipl\u00f4mes d\u2019\u00c9tat qui leurs sont d\u00e9livr\u00e9s.<\/p>\t\t\t\t\t\t\t\t<\/div>\n\t\t\t\t<\/div>\n\t\t\t\t\t<\/div>\n\t\t<\/div>\n\t\t\t\t\t<\/div>\n\t\t<\/section>\n\t\t\t\t<section data-particle_enable=\"false\" data-particle-mobile-disabled=\"false\" class=\"elementor-section elementor-top-section elementor-element elementor-element-d1ddace elementor-section-boxed elementor-section-height-default elementor-section-height-default\" data-id=\"d1ddace\" data-element_type=\"section\" data-e-type=\"section\">\n\t\t\t\t\t\t<div class=\"elementor-container elementor-column-gap-default\">\n\t\t\t\t\t<div class=\"elementor-column elementor-col-100 elementor-top-column elementor-element elementor-element-63f73e1\" data-id=\"63f73e1\" data-element_type=\"column\" data-e-type=\"column\">\n\t\t\t<div class=\"elementor-widget-wrap elementor-element-populated\">\n\t\t\t\t\t\t<div class=\"elementor-element elementor-element-00ceae9 elementor-widget elementor-widget-image\" data-id=\"00ceae9\" data-element_type=\"widget\" data-e-type=\"widget\" data-widget_type=\"image.default\">\n\t\t\t\t<div class=\"elementor-widget-container\">\n\t\t\t\t\t\t\t\t\t\t\t\t<figure class=\"wp-caption\">\n\t\t\t\t\t\t\t\t\t\t<img loading=\"lazy\" decoding=\"async\" width=\"1511\" height=\"580\" src=\"https:\/\/ihedn.fr\/wp-content\/uploads\/2023\/05\/SNSM-Conf-4.jpg\" class=\"attachment-full size-full wp-image-39787\" alt=\"Didier Moreau expliquant aux auditeurs l\u2019importance de disposer de b\u00e9n\u00e9voles parfaitement form\u00e9s\" \/>\t\t\t\t\t\t\t\t\t\t\t<figcaption class=\"widget-image-caption wp-caption-text\">Didier Moreau expliquant aux auditeurs l\u2019importance de disposer de b\u00e9n\u00e9voles parfaitement form\u00e9s<\/figcaption>\n\t\t\t\t\t\t\t\t\t\t<\/figure>\n\t\t\t\t\t\t\t\t\t<\/div>\n\t\t\t\t<\/div>\n\t\t\t\t\t<\/div>\n\t\t<\/div>\n\t\t\t\t\t<\/div>\n\t\t<\/section>\n\t\t\t\t<section data-particle_enable=\"false\" data-particle-mobile-disabled=\"false\" class=\"elementor-section elementor-top-section elementor-element elementor-element-d169bff elementor-section-boxed elementor-section-height-default elementor-section-height-default\" data-id=\"d169bff\" data-element_type=\"section\" data-e-type=\"section\">\n\t\t\t\t\t\t<div class=\"elementor-container elementor-column-gap-default\">\n\t\t\t\t\t<div class=\"elementor-column elementor-col-100 elementor-top-column elementor-element elementor-element-f513502\" data-id=\"f513502\" data-element_type=\"column\" data-e-type=\"column\">\n\t\t\t<div class=\"elementor-widget-wrap elementor-element-populated\">\n\t\t\t\t\t\t<div class=\"elementor-element elementor-element-69f8046 elementor-widget elementor-widget-text-editor\" data-id=\"69f8046\" data-element_type=\"widget\" data-e-type=\"widget\" data-widget_type=\"text-editor.default\">\n\t\t\t\t<div class=\"elementor-widget-container\">\n\t\t\t\t\t\t\t\t\t<p>L\u00e2ch\u00e9s \u00e0 la barre de canots de sauvetage pour sauver un naufrag\u00e9, les auditeurs n\u2019ont pas tard\u00e9 \u00e0 r\u00e9aliser la difficult\u00e9 de la t\u00e2che\u00a0; heureusement il s\u2019agissait de simulateurs.<\/p>\t\t\t\t\t\t\t\t<\/div>\n\t\t\t\t<\/div>\n\t\t\t\t\t<\/div>\n\t\t<\/div>\n\t\t\t\t\t<\/div>\n\t\t<\/section>\n\t\t\t\t<section data-particle_enable=\"false\" data-particle-mobile-disabled=\"false\" class=\"elementor-section elementor-top-section elementor-element elementor-element-581239a elementor-section-boxed elementor-section-height-default elementor-section-height-default\" data-id=\"581239a\" data-element_type=\"section\" data-e-type=\"section\">\n\t\t\t\t\t\t<div class=\"elementor-container elementor-column-gap-default\">\n\t\t\t\t\t<div class=\"elementor-column elementor-col-50 elementor-top-column elementor-element elementor-element-5436235\" data-id=\"5436235\" data-element_type=\"column\" data-e-type=\"column\">\n\t\t\t<div class=\"elementor-widget-wrap elementor-element-populated\">\n\t\t\t\t\t\t<div class=\"elementor-element elementor-element-8ccc359 elementor-widget elementor-widget-image\" data-id=\"8ccc359\" data-element_type=\"widget\" data-e-type=\"widget\" data-widget_type=\"image.default\">\n\t\t\t\t<div class=\"elementor-widget-container\">\n\t\t\t\t\t\t\t\t\t\t\t\t<figure class=\"wp-caption\">\n\t\t\t\t\t\t\t\t\t\t<img loading=\"lazy\" decoding=\"async\" width=\"1511\" height=\"884\" src=\"https:\/\/ihedn.fr\/wp-content\/uploads\/2023\/05\/SNSM-bis.jpg\" class=\"attachment-full size-full wp-image-39786\" alt=\"Les auditeurs et leurs h\u00f4tes devant le centre de formation de la SNSM\" \/>\t\t\t\t\t\t\t\t\t\t\t<figcaption class=\"widget-image-caption wp-caption-text\">Les auditeurs et leurs h\u00f4tes devant le centre de formation de la SNSM <\/figcaption>\n\t\t\t\t\t\t\t\t\t\t<\/figure>\n\t\t\t\t\t\t\t\t\t<\/div>\n\t\t\t\t<\/div>\n\t\t\t\t\t<\/div>\n\t\t<\/div>\n\t\t\t\t<div class=\"elementor-column elementor-col-50 elementor-top-column elementor-element elementor-element-924c901\" data-id=\"924c901\" data-element_type=\"column\" data-e-type=\"column\">\n\t\t\t<div class=\"elementor-widget-wrap elementor-element-populated\">\n\t\t\t\t\t\t<div class=\"elementor-element elementor-element-3e0e3c1 elementor-widget elementor-widget-image\" data-id=\"3e0e3c1\" data-element_type=\"widget\" data-e-type=\"widget\" data-widget_type=\"image.default\">\n\t\t\t\t<div class=\"elementor-widget-container\">\n\t\t\t\t\t\t\t\t\t\t\t\t<figure class=\"wp-caption\">\n\t\t\t\t\t\t\t\t\t\t<img loading=\"lazy\" decoding=\"async\" width=\"1511\" height=\"1133\" src=\"https:\/\/ihedn.fr\/wp-content\/uploads\/2023\/05\/Simulateur-SNSM.jpg\" class=\"attachment-full size-full wp-image-39785\" alt=\"Une auditrice \u00e0 la barre b\u00e9n\u00e9ficiant des explications de Didier Moreau\" \/>\t\t\t\t\t\t\t\t\t\t\t<figcaption class=\"widget-image-caption wp-caption-text\">Une auditrice \u00e0 la barre b\u00e9n\u00e9ficiant des explications de Didier Moreau<\/figcaption>\n\t\t\t\t\t\t\t\t\t\t<\/figure>\n\t\t\t\t\t\t\t\t\t<\/div>\n\t\t\t\t<\/div>\n\t\t\t\t\t<\/div>\n\t\t<\/div>\n\t\t\t\t\t<\/div>\n\t\t<\/section>\n\t\t\t\t<section data-particle_enable=\"false\" data-particle-mobile-disabled=\"false\" class=\"elementor-section elementor-top-section elementor-element elementor-element-2c294e9 elementor-section-boxed elementor-section-height-default elementor-section-height-default\" data-id=\"2c294e9\" data-element_type=\"section\" data-e-type=\"section\">\n\t\t\t\t\t\t<div class=\"elementor-container elementor-column-gap-default\">\n\t\t\t\t\t<div class=\"elementor-column elementor-col-100 elementor-top-column elementor-element elementor-element-1720840\" data-id=\"1720840\" data-element_type=\"column\" data-e-type=\"column\">\n\t\t\t<div class=\"elementor-widget-wrap\">\n\t\t\t\t\t\t\t<\/div>\n\t\t<\/div>\n\t\t\t\t\t<\/div>\n\t\t<\/section>\n\t\t\t\t<section data-particle_enable=\"false\" data-particle-mobile-disabled=\"false\" class=\"elementor-section elementor-top-section elementor-element elementor-element-9acd7f1 elementor-section-boxed elementor-section-height-default elementor-section-height-default\" data-id=\"9acd7f1\" data-element_type=\"section\" data-e-type=\"section\">\n\t\t\t\t\t\t<div class=\"elementor-container elementor-column-gap-default\">\n\t\t\t\t\t<div class=\"elementor-column elementor-col-100 elementor-top-column elementor-element elementor-element-77f3b15\" data-id=\"77f3b15\" data-element_type=\"column\" data-e-type=\"column\">\n\t\t\t<div class=\"elementor-widget-wrap elementor-element-populated\">\n\t\t\t\t\t\t<div class=\"elementor-element elementor-element-1293c65 elementor-widget elementor-widget-text-editor\" data-id=\"1293c65\" data-element_type=\"widget\" data-e-type=\"widget\" data-widget_type=\"text-editor.default\">\n\t\t\t\t<div class=\"elementor-widget-container\">\n\t\t\t\t\t\t\t\t\t<p>Pour clore cette visite \u00e0 Saint-Nazaire, les auditeurs ont pu visiter une vedette des garde-c\u00f4tes de la Douane accost\u00e9e \u00e0 proximit\u00e9 et b\u00e9n\u00e9ficier des explications d\u2019<strong><span style=\"color: #000091;\">Arnaud PICARD<\/span><\/strong>, adjoint au directeur des douanes garde-c\u00f4tes Manche Mer du Nord et auditeur de la session nationale pr\u00e9c\u00e9dente de l\u2019IHEDN, concernant les missions de ce grand acteur de l\u2019action de l\u2019Etat en mer. En d\u00e9cembre, les auditeurs avaient d\u00e9j\u00e0 eu la chance de visiter un avion \u00ab\u00a0Beechcraft\u00a0\u00bb des douanes sur la base de Lann-Bihou\u00e9. \u00a0<\/p>\t\t\t\t\t\t\t\t<\/div>\n\t\t\t\t<\/div>\n\t\t\t\t\t<\/div>\n\t\t<\/div>\n\t\t\t\t\t<\/div>\n\t\t<\/section>\n\t\t\t\t<section data-particle_enable=\"false\" data-particle-mobile-disabled=\"false\" class=\"elementor-section elementor-top-section elementor-element elementor-element-2640c67 elementor-section-boxed elementor-section-height-default elementor-section-height-default\" data-id=\"2640c67\" data-element_type=\"section\" data-e-type=\"section\">\n\t\t\t\t\t\t<div class=\"elementor-container elementor-column-gap-default\">\n\t\t\t\t\t<div class=\"elementor-column elementor-col-100 elementor-top-column elementor-element elementor-element-e163713\" data-id=\"e163713\" data-element_type=\"column\" data-e-type=\"column\">\n\t\t\t<div class=\"elementor-widget-wrap elementor-element-populated\">\n\t\t\t\t\t\t<div class=\"elementor-element elementor-element-2220352 elementor-widget elementor-widget-image\" data-id=\"2220352\" data-element_type=\"widget\" data-e-type=\"widget\" data-widget_type=\"image.default\">\n\t\t\t\t<div class=\"elementor-widget-container\">\n\t\t\t\t\t\t\t\t\t\t\t\t<figure class=\"wp-caption\">\n\t\t\t\t\t\t\t\t\t\t<img loading=\"lazy\" decoding=\"async\" width=\"1511\" height=\"1084\" src=\"https:\/\/ihedn.fr\/wp-content\/uploads\/2023\/05\/Garde-Cote-2.jpg\" class=\"attachment-full size-full wp-image-39779\" alt=\"Arnaud Picard en pleine explication aux auditeurs\" \/>\t\t\t\t\t\t\t\t\t\t\t<figcaption class=\"widget-image-caption wp-caption-text\">Arnaud Picard en pleine explication aux auditeurs<\/figcaption>\n\t\t\t\t\t\t\t\t\t\t<\/figure>\n\t\t\t\t\t\t\t\t\t<\/div>\n\t\t\t\t<\/div>\n\t\t\t\t\t<\/div>\n\t\t<\/div>\n\t\t\t\t\t<\/div>\n\t\t<\/section>\n\t\t\t\t<section data-particle_enable=\"false\" data-particle-mobile-disabled=\"false\" class=\"elementor-section elementor-top-section elementor-element elementor-element-cf46a3e elementor-section-boxed elementor-section-height-default elementor-section-height-default\" data-id=\"cf46a3e\" data-element_type=\"section\" data-e-type=\"section\">\n\t\t\t\t\t\t<div class=\"elementor-container elementor-column-gap-default\">\n\t\t\t\t\t<div class=\"elementor-column elementor-col-100 elementor-top-column elementor-element elementor-element-f8c1682\" data-id=\"f8c1682\" data-element_type=\"column\" data-e-type=\"column\">\n\t\t\t<div class=\"elementor-widget-wrap elementor-element-populated\">\n\t\t\t\t\t\t<div class=\"elementor-element elementor-element-02f8929 elementor-widget elementor-widget-text-editor\" data-id=\"02f8929\" data-element_type=\"widget\" data-e-type=\"widget\" data-widget_type=\"text-editor.default\">\n\t\t\t\t<div class=\"elementor-widget-container\">\n\t\t\t\t\t\t\t\t\t<p>Les auditeurs ont alors repris la route de Nantes, mais la journ\u00e9e n\u2019\u00e9tait pas termin\u00e9e car ils eurent droit \u00e0 une derni\u00e8re r\u00e9flexion sur les grands enjeux de la biologie marine, domaine dont l\u2019importance strat\u00e9gique est encore trop souvent m\u00e9connue. En effet <strong><span style=\"color: #000091;\">Gwena\u00ebl BAUDIMANT<\/span><\/strong>, pr\u00e9sident directeur g\u00e9n\u00e9ral du groupe de laboratoires Phosphotec et auditeur de la majeure avait organis\u00e9 un d\u00eener-d\u00e9bats sur le sujet. Les auditeurs ont ainsi r\u00e9alis\u00e9 les extraordinaires potentialit\u00e9s de la biologie marine, en particulier dans le domaine pharmaceutique, et l\u2019opportunit\u00e9 dont b\u00e9n\u00e9ficie notre pays avec son importante zone \u00e9conomique exclusive, sous r\u00e9serve de l\u2019exploiter elle-m\u00eame et de ne pas se la faire piller par d\u2019autres.\u00a0<\/p>\t\t\t\t\t\t\t\t<\/div>\n\t\t\t\t<\/div>\n\t\t\t\t\t<\/div>\n\t\t<\/div>\n\t\t\t\t\t<\/div>\n\t\t<\/section>\n\t\t\t\t<section data-particle_enable=\"false\" data-particle-mobile-disabled=\"false\" class=\"elementor-section elementor-top-section elementor-element elementor-element-15930f7 elementor-section-boxed elementor-section-height-default elementor-section-height-default\" data-id=\"15930f7\" data-element_type=\"section\" data-e-type=\"section\">\n\t\t\t\t\t\t<div class=\"elementor-container elementor-column-gap-default\">\n\t\t\t\t\t<div class=\"elementor-column elementor-col-100 elementor-top-column elementor-element elementor-element-77dd06e\" data-id=\"77dd06e\" data-element_type=\"column\" data-e-type=\"column\">\n\t\t\t<div class=\"elementor-widget-wrap elementor-element-populated\">\n\t\t\t\t\t\t<div class=\"elementor-element elementor-element-6d284f0 elementor-widget elementor-widget-image\" data-id=\"6d284f0\" data-element_type=\"widget\" data-e-type=\"widget\" data-widget_type=\"image.default\">\n\t\t\t\t<div class=\"elementor-widget-container\">\n\t\t\t\t\t\t\t\t\t\t\t\t<figure class=\"wp-caption\">\n\t\t\t\t\t\t\t\t\t\t<img loading=\"lazy\" decoding=\"async\" width=\"1511\" height=\"962\" src=\"https:\/\/ihedn.fr\/wp-content\/uploads\/2023\/05\/Phosphotech.jpg\" class=\"attachment-full size-full wp-image-39783\" alt=\"Gwena\u00ebl Baudimant expliquant \u00e0 ses camarades les grands enjeux li\u00e9s aux biologies marines\" \/>\t\t\t\t\t\t\t\t\t\t\t<figcaption class=\"widget-image-caption wp-caption-text\">Gwena\u00ebl Baudimant expliquant \u00e0 ses camarades les grands enjeux li\u00e9s aux biologies marines<\/figcaption>\n\t\t\t\t\t\t\t\t\t\t<\/figure>\n\t\t\t\t\t\t\t\t\t<\/div>\n\t\t\t\t<\/div>\n\t\t\t\t\t<\/div>\n\t\t<\/div>\n\t\t\t\t\t<\/div>\n\t\t<\/section>\n\t\t\t\t<section data-particle_enable=\"false\" data-particle-mobile-disabled=\"false\" class=\"elementor-section elementor-top-section elementor-element elementor-element-fc813f1 elementor-section-boxed elementor-section-height-default elementor-section-height-default\" data-id=\"fc813f1\" data-element_type=\"section\" data-e-type=\"section\">\n\t\t\t\t\t\t<div class=\"elementor-container elementor-column-gap-default\">\n\t\t\t\t\t<div class=\"elementor-column elementor-col-100 elementor-top-column elementor-element elementor-element-861fc43\" data-id=\"861fc43\" data-element_type=\"column\" data-e-type=\"column\">\n\t\t\t<div class=\"elementor-widget-wrap elementor-element-populated\">\n\t\t\t\t\t\t<div class=\"elementor-element elementor-element-434413d elementor-widget elementor-widget-text-editor\" data-id=\"434413d\" data-element_type=\"widget\" data-e-type=\"widget\" data-widget_type=\"text-editor.default\">\n\t\t\t\t<div class=\"elementor-widget-container\">\n\t\t\t\t\t\t\t\t\t<p>Apr\u00e8s un repos bien m\u00e9rit\u00e9, les auditeurs ont appareill\u00e9 le samedi matin d\u00e8s potron-minet vers le <strong>Technocampus Oc\u00e9an<\/strong> de Nantes o\u00f9 les attendait <strong><span style=\"color: #000091;\">Didier BESNARD<\/span><\/strong>, conseiller du pr\u00e9sident du CEA<a href=\"#_ftn1\" name=\"_ftnref1\">[1]<\/a> et <strong>auditeur de l\u2019IHEDN. <\/strong>Les auditeurs ont ainsi pu d\u00e9couvrir l\u2019extraordinaire dynamisme de la recherche dans le domaine maritime, mais \u00e9galement l\u2019\u00e9cosyst\u00e8me particuli\u00e8rement vertueux mis en place par la r\u00e9gion des pays de la Loire. Le CEA Tech y joue un r\u00f4le moteur peu connu de soutien aux entreprises au c\u0153ur d\u2019une organisation d\u00e9cloisonn\u00e9e permettant une synergie exceptionnelle entre l\u2019\u00c9tat, le monde universitaire et les entreprises.<\/p><p><strong><span style=\"color: #000091;\">Pierre SERRE-COMBE<\/span><\/strong>, de la direction des programmes \u00e9nergie du CEA, et <strong><span style=\"color: #000091;\">Masa KAGEYAMA<\/span><\/strong> du Laboratoire des Sciences du Climat et de l&rsquo;Environnement CEA-CNRS se sont joints \u00e0 <strong><span style=\"color: #000091;\">Didier BESNARD<\/span><\/strong> pour animer une matin\u00e9e de d\u00e9bats particuli\u00e8rement riches avec un feu nourri de questions des auditeurs.<\/p><p style=\"text-align: right;\"><a href=\"#_ftnref1\" name=\"_ftn1\">[1]<\/a> Commissariat \u00e0 l\u2019\u00c9nergie Atomique.<\/p>\t\t\t\t\t\t\t\t<\/div>\n\t\t\t\t<\/div>\n\t\t\t\t\t<\/div>\n\t\t<\/div>\n\t\t\t\t\t<\/div>\n\t\t<\/section>\n\t\t\t\t<section data-particle_enable=\"false\" data-particle-mobile-disabled=\"false\" class=\"elementor-section elementor-top-section elementor-element elementor-element-3975cfe elementor-section-boxed elementor-section-height-default elementor-section-height-default\" data-id=\"3975cfe\" data-element_type=\"section\" data-e-type=\"section\">\n\t\t\t\t\t\t<div class=\"elementor-container elementor-column-gap-default\">\n\t\t\t\t\t<div class=\"elementor-column elementor-col-100 elementor-top-column elementor-element elementor-element-6db29be\" data-id=\"6db29be\" data-element_type=\"column\" data-e-type=\"column\">\n\t\t\t<div class=\"elementor-widget-wrap elementor-element-populated\">\n\t\t\t\t\t\t<div class=\"elementor-element elementor-element-853ba39 elementor-widget elementor-widget-gallery\" data-id=\"853ba39\" data-element_type=\"widget\" data-e-type=\"widget\" data-settings=\"{&quot;columns&quot;:3,&quot;gap&quot;:{&quot;unit&quot;:&quot;px&quot;,&quot;size&quot;:5,&quot;sizes&quot;:[]},&quot;aspect_ratio&quot;:&quot;1:1&quot;,&quot;overlay_title&quot;:&quot;caption&quot;,&quot;lazyload&quot;:&quot;yes&quot;,&quot;gallery_layout&quot;:&quot;grid&quot;,&quot;columns_tablet&quot;:2,&quot;columns_mobile&quot;:1,&quot;gap_tablet&quot;:{&quot;unit&quot;:&quot;px&quot;,&quot;size&quot;:10,&quot;sizes&quot;:[]},&quot;gap_mobile&quot;:{&quot;unit&quot;:&quot;px&quot;,&quot;size&quot;:10,&quot;sizes&quot;:[]},&quot;link_to&quot;:&quot;file&quot;,&quot;overlay_background&quot;:&quot;yes&quot;,&quot;content_hover_animation&quot;:&quot;fade-in&quot;}\" data-widget_type=\"gallery.default\">\n\t\t\t\t<div class=\"elementor-widget-container\">\n\t\t\t\t\t\t\t<div class=\"elementor-gallery__container\">\n\t\t\t\t\t\t\t<a class=\"e-gallery-item elementor-gallery-item elementor-animated-content\" href=\"https:\/\/ihedn.fr\/wp-content\/uploads\/2023\/05\/Pierre.jpg\" data-elementor-open-lightbox=\"yes\" data-elementor-lightbox-slideshow=\"853ba39\" data-elementor-lightbox-description=\"Pierre SERRE-COMBE attentif \u00e0 la question d\u2019un auditeur\" data-e-action-hash=\"#elementor-action%3Aaction%3Dlightbox%26settings%3DeyJpZCI6Mzk3ODQsInVybCI6Imh0dHBzOlwvXC9paGVkbi5mclwvd3AtY29udGVudFwvdXBsb2Fkc1wvMjAyM1wvMDVcL1BpZXJyZS5qcGciLCJzbGlkZXNob3ciOiI4NTNiYTM5In0%3D\">\n\t\t\t\t\t<div class=\"e-gallery-image elementor-gallery-item__image\" data-thumbnail=\"https:\/\/ihedn.fr\/wp-content\/uploads\/2023\/05\/Pierre.jpg\" data-width=\"1511\" data-height=\"1424\" aria-label=\"Pierre SERRE-COMBE attentif \u00e0 la question d\u2019un auditeur\" role=\"img\" ><\/div>\n\t\t\t\t\t\t\t\t\t\t\t<div class=\"elementor-gallery-item__overlay\"><\/div>\n\t\t\t\t\t\t\t\t\t\t\t\t\t\t\t<div class=\"elementor-gallery-item__content\">\n\t\t\t\t\t\t\t\t\t\t\t\t\t\t<div class=\"elementor-gallery-item__title\">\n\t\t\t\t\t\t\t\t\t\t\t\t\t\t\t\t\t\tPierre SERRE-COMBE attentif \u00e0 la question d\u2019un auditeur\t\t\t\t\t\t\t\t<\/div>\n\t\t\t\t\t\t\t\t\t\t\t\t<\/div>\n\t\t\t\t\t\t\t\t\t<\/a>\n\t\t\t\t\t\t\t<a class=\"e-gallery-item elementor-gallery-item elementor-animated-content\" href=\"https:\/\/ihedn.fr\/wp-content\/uploads\/2023\/05\/Didier-Besnard-4.jpg\" data-elementor-open-lightbox=\"yes\" data-elementor-lightbox-slideshow=\"853ba39\" data-elementor-lightbox-description=\"Didier BESNARD r\u00e9pondant \u00e0 la question d\u2019un auditeur  \" data-e-action-hash=\"#elementor-action%3Aaction%3Dlightbox%26settings%3DeyJpZCI6Mzk3OTIsInVybCI6Imh0dHBzOlwvXC9paGVkbi5mclwvd3AtY29udGVudFwvdXBsb2Fkc1wvMjAyM1wvMDVcL0RpZGllci1CZXNuYXJkLTQuanBnIiwic2xpZGVzaG93IjoiODUzYmEzOSJ9\">\n\t\t\t\t\t<div class=\"e-gallery-image elementor-gallery-item__image\" data-thumbnail=\"https:\/\/ihedn.fr\/wp-content\/uploads\/2023\/05\/Didier-Besnard-4.jpg\" data-width=\"1511\" data-height=\"1405\" aria-label=\"Didier BESNARD r\u00e9pondant \u00e0 la question d\u2019un auditeur\" role=\"img\" ><\/div>\n\t\t\t\t\t\t\t\t\t\t\t<div class=\"elementor-gallery-item__overlay\"><\/div>\n\t\t\t\t\t\t\t\t\t\t\t\t\t\t\t<div class=\"elementor-gallery-item__content\">\n\t\t\t\t\t\t\t\t\t\t\t\t\t\t<div class=\"elementor-gallery-item__title\">\n\t\t\t\t\t\t\t\t\t\t\t\t\t\t\t\t\t\tDidier BESNARD r\u00e9pondant \u00e0 la question d\u2019un auditeur  \t\t\t\t\t\t\t\t<\/div>\n\t\t\t\t\t\t\t\t\t\t\t\t<\/div>\n\t\t\t\t\t\t\t\t\t<\/a>\n\t\t\t\t\t\t\t<a class=\"e-gallery-item elementor-gallery-item elementor-animated-content\" href=\"https:\/\/ihedn.fr\/wp-content\/uploads\/2023\/05\/Maza.jpg\" data-elementor-open-lightbox=\"yes\" data-elementor-lightbox-slideshow=\"853ba39\" data-elementor-lightbox-description=\"Masa Kageyama d\u00e9clinant les interactions entre les oc\u00e9ans et le climat \" data-e-action-hash=\"#elementor-action%3Aaction%3Dlightbox%26settings%3DeyJpZCI6Mzk3ODEsInVybCI6Imh0dHBzOlwvXC9paGVkbi5mclwvd3AtY29udGVudFwvdXBsb2Fkc1wvMjAyM1wvMDVcL01hemEuanBnIiwic2xpZGVzaG93IjoiODUzYmEzOSJ9\">\n\t\t\t\t\t<div class=\"e-gallery-image elementor-gallery-item__image\" data-thumbnail=\"https:\/\/ihedn.fr\/wp-content\/uploads\/2023\/05\/Maza.jpg\" data-width=\"1511\" data-height=\"1327\" aria-label=\"Masa Kageyama d\u00e9clinant les interactions entre les oc\u00e9ans et le climat\" role=\"img\" ><\/div>\n\t\t\t\t\t\t\t\t\t\t\t<div class=\"elementor-gallery-item__overlay\"><\/div>\n\t\t\t\t\t\t\t\t\t\t\t\t\t\t\t<div class=\"elementor-gallery-item__content\">\n\t\t\t\t\t\t\t\t\t\t\t\t\t\t<div class=\"elementor-gallery-item__title\">\n\t\t\t\t\t\t\t\t\t\t\t\t\t\t\t\t\t\tMasa Kageyama d\u00e9clinant les interactions entre les oc\u00e9ans et le climat \t\t\t\t\t\t\t\t<\/div>\n\t\t\t\t\t\t\t\t\t\t\t\t<\/div>\n\t\t\t\t\t\t\t\t\t<\/a>\n\t\t\t\t\t<\/div>\n\t\t\t\t\t<\/div>\n\t\t\t\t<\/div>\n\t\t\t\t\t<\/div>\n\t\t<\/div>\n\t\t\t\t\t<\/div>\n\t\t<\/section>\n\t\t\t\t<section data-particle_enable=\"false\" data-particle-mobile-disabled=\"false\" class=\"elementor-section elementor-top-section elementor-element elementor-element-b7f88cc elementor-section-boxed elementor-section-height-default elementor-section-height-default\" data-id=\"b7f88cc\" data-element_type=\"section\" data-e-type=\"section\">\n\t\t\t\t\t\t<div class=\"elementor-container elementor-column-gap-default\">\n\t\t\t\t\t<div class=\"elementor-column elementor-col-100 elementor-top-column elementor-element elementor-element-a4249a2\" data-id=\"a4249a2\" data-element_type=\"column\" data-e-type=\"column\">\n\t\t\t<div class=\"elementor-widget-wrap elementor-element-populated\">\n\t\t\t\t\t\t<div class=\"elementor-element elementor-element-8695d68 elementor-widget elementor-widget-text-editor\" data-id=\"8695d68\" data-element_type=\"widget\" data-e-type=\"widget\" data-widget_type=\"text-editor.default\">\n\t\t\t\t<div class=\"elementor-widget-container\">\n\t\t\t\t\t\t\t\t\t<p>Les auditeurs ont ensuite consacr\u00e9 leur apr\u00e8s-midi \u00e0 une \u00e9tude de cas con\u00e7ue par<span style=\"color: #000091;\"><strong> le docteur Zivile KALIBATAITE<\/strong><\/span> du d\u00e9partement \u00ab\u00a0\u00c9tudes et recherche\u00a0\u00bb de l\u2019IHEDN. Il s\u2019agissait pour les auditeurs de pr\u00e9parer un arbitrage \u00e0 soumettre au pr\u00e9sident de la R\u00e9publique en conseil de d\u00e9fense \u00e0 l\u2019horizon 2030, chaque auditeur jouant le r\u00f4le d\u2019une autorit\u00e9 partie prenante\u00a0: SGDSN, ministre, chef d\u2019\u00e9tat-major, grand industriel de d\u00e9fense\u2026<\/p>\t\t\t\t\t\t\t\t<\/div>\n\t\t\t\t<\/div>\n\t\t\t\t\t<\/div>\n\t\t<\/div>\n\t\t\t\t\t<\/div>\n\t\t<\/section>\n\t\t\t\t<section data-particle_enable=\"false\" data-particle-mobile-disabled=\"false\" class=\"elementor-section elementor-top-section elementor-element elementor-element-b764105 elementor-section-boxed elementor-section-height-default elementor-section-height-default\" data-id=\"b764105\" data-element_type=\"section\" data-e-type=\"section\">\n\t\t\t\t\t\t<div class=\"elementor-container elementor-column-gap-default\">\n\t\t\t\t\t<div class=\"elementor-column elementor-col-100 elementor-top-column elementor-element elementor-element-cff0444\" data-id=\"cff0444\" data-element_type=\"column\" data-e-type=\"column\">\n\t\t\t<div class=\"elementor-widget-wrap elementor-element-populated\">\n\t\t\t\t\t\t<div class=\"elementor-element elementor-element-d247faa elementor-widget elementor-widget-image\" data-id=\"d247faa\" data-element_type=\"widget\" data-e-type=\"widget\" data-widget_type=\"image.default\">\n\t\t\t\t<div class=\"elementor-widget-container\">\n\t\t\t\t\t\t\t\t\t\t\t\t<figure class=\"wp-caption\">\n\t\t\t\t\t\t\t\t\t\t<img loading=\"lazy\" decoding=\"async\" width=\"1511\" height=\"1133\" src=\"https:\/\/ihedn.fr\/wp-content\/uploads\/2023\/05\/Etude-de-cas-2.jpg\" class=\"attachment-full size-full wp-image-39778\" alt=\"Intense pr\u00e9paration d\u2019un conseil de d\u00e9fense fictif lors de l\u2019\u00e9tude de cas\" \/>\t\t\t\t\t\t\t\t\t\t\t<figcaption class=\"widget-image-caption wp-caption-text\">Intense pr\u00e9paration d\u2019un conseil de d\u00e9fense fictif lors de l\u2019\u00e9tude de cas<\/figcaption>\n\t\t\t\t\t\t\t\t\t\t<\/figure>\n\t\t\t\t\t\t\t\t\t<\/div>\n\t\t\t\t<\/div>\n\t\t\t\t\t<\/div>\n\t\t<\/div>\n\t\t\t\t\t<\/div>\n\t\t<\/section>\n\t\t\t\t<section data-particle_enable=\"false\" data-particle-mobile-disabled=\"false\" class=\"elementor-section elementor-top-section elementor-element elementor-element-7bf5d91 elementor-section-boxed elementor-section-height-default elementor-section-height-default\" data-id=\"7bf5d91\" data-element_type=\"section\" data-e-type=\"section\">\n\t\t\t\t\t\t<div class=\"elementor-container elementor-column-gap-default\">\n\t\t\t\t\t<div class=\"elementor-column elementor-col-100 elementor-top-column elementor-element elementor-element-7faa847\" data-id=\"7faa847\" data-element_type=\"column\" data-e-type=\"column\">\n\t\t\t<div class=\"elementor-widget-wrap elementor-element-populated\">\n\t\t\t\t\t\t<div class=\"elementor-element elementor-element-cd7d7f5 elementor-widget elementor-widget-text-editor\" data-id=\"cd7d7f5\" data-element_type=\"widget\" data-e-type=\"widget\" data-widget_type=\"text-editor.default\">\n\t\t\t\t<div class=\"elementor-widget-container\">\n\t\t\t\t\t\t\t\t\t<p>Apr\u00e8s deux jours de d\u00e9bats intenses et de visites passionnantes, les auditeurs ont rejoint leur port d\u2019attache en ayant d\u00e9j\u00e0 h\u00e2te de se retrouver lors du s\u00e9minaire de cl\u00f4ture. \u00a0<\/p>\t\t\t\t\t\t\t\t<\/div>\n\t\t\t\t<\/div>\n\t\t\t\t\t<\/div>\n\t\t<\/div>\n\t\t\t\t\t<\/div>\n\t\t<\/section>\n\t\t\t\t<\/div>\n\t\t","protected":false},"excerpt":{"rendered":"<p>On Friday 12 and Saturday 13 May 2023, students in the 2nd national session of the \"Maritime Issues and Strategies\" (ESM) major headed for the Pays de la Loire for a two-day seminar in Nantes and Saint-Nazaire. This region is a model of dynamism in the maritime sector, with nuggets in shipbuilding, marine renewable energies and innovative marine technologies. The region is also home to a key SNSM organisation: its national training centre.  <\/p>","protected":false},"author":12,"featured_media":39775,"comment_status":"closed","ping_status":"closed","sticky":false,"template":"","format":"standard","meta":{"footnotes":""},"categories":[172],"tags":[],"class_list":["post-39773","post","type-post","status-publish","format-standard","has-post-thumbnail","hentry","category-notre-actualite"],"yoast_head":"<!-- This site is optimized with the Yoast SEO plugin v27.5 - https:\/\/yoast.com\/product\/yoast-seo-wordpress\/ -->\n<title>Escale en Pays de la Loire pour la majeure \u00ab Enjeux et strat\u00e9gies maritimes \u00bb de l\u2019IHEDN - L&#039;IHEDN : Institut des hautes \u00e9tudes de d\u00e9fense nationale<\/title>\n<meta name=\"robots\" content=\"index, follow, max-snippet:-1, max-image-preview:large, max-video-preview:-1\" \/>\n<link rel=\"canonical\" href=\"https:\/\/ihedn.fr\/en\/notre-actualite\/escale-en-pays-de-la-loire-pour-la-majeure-enjeux-et-strategies-maritimes-de-lihedn\/\" \/>\n<meta property=\"og:locale\" content=\"en_GB\" \/>\n<meta property=\"og:type\" content=\"article\" \/>\n<meta property=\"og:title\" content=\"Escale en Pays de la Loire pour la majeure \u00ab Enjeux et strat\u00e9gies maritimes \u00bb de l\u2019IHEDN\" \/>\n<meta property=\"og:description\" content=\"Les auditeurs de la majeure &quot;Enjeux et strat\u00e9gies maritimes&quot; (ESM) de la 2e session nationale ont mis le cap vers les Pays de la Loire pour un s\u00e9minaire de deux jours \u00e0 Nantes et Saint-Nazaire les vendredi 12 et samedi 13 mai 2023.\" \/>\n<meta property=\"og:url\" content=\"https:\/\/ihedn.fr\/en\/notre-actualite\/escale-en-pays-de-la-loire-pour-la-majeure-enjeux-et-strategies-maritimes-de-lihedn\/\" \/>\n<meta property=\"og:site_name\" content=\"L&#039;IHEDN : Institut des hautes \u00e9tudes de d\u00e9fense nationale\" \/>\n<meta property=\"article:publisher\" content=\"https:\/\/www.facebook.com\/ihedn\/\" \/>\n<meta property=\"article:published_time\" content=\"2023-05-22T15:16:59+00:00\" \/>\n<meta property=\"article:modified_time\" content=\"2023-05-25T07:11:35+00:00\" \/>\n<meta property=\"og:image\" content=\"https:\/\/ihedn.fr\/wp-content\/uploads\/2023\/05\/ESM-1-1.jpg\" \/>\n\t<meta property=\"og:image:width\" content=\"1000\" \/>\n\t<meta property=\"og:image:height\" content=\"622\" \/>\n\t<meta property=\"og:image:type\" content=\"image\/jpeg\" \/>\n<meta name=\"author\" content=\"Ad\u00e8le Thoumieux\" \/>\n<meta name=\"twitter:card\" content=\"summary_large_image\" \/>\n<meta name=\"twitter:title\" content=\"Escale en Pays de la Loire pour la majeure \u00ab Enjeux et strat\u00e9gies maritimes \u00bb de l\u2019IHEDN\" \/>\n<meta name=\"twitter:description\" content=\"Les auditeurs de la majeure &quot;Enjeux et strat\u00e9gies maritimes&quot; (ESM) de la 2e session nationale ont mis le cap vers les Pays de la Loire pour un s\u00e9minaire de deux jours \u00e0 Nantes et Saint-Nazaire les vendredi 12 et samedi 13 mai 2023.\" \/>\n<meta name=\"twitter:image\" content=\"https:\/\/ihedn.fr\/wp-content\/uploads\/2023\/05\/ESM-1-1.jpg\" \/>\n<meta name=\"twitter:creator\" content=\"@IHEDN\" \/>\n<meta name=\"twitter:site\" content=\"@IHEDN\" \/>\n<meta name=\"twitter:label1\" content=\"Written by\" \/>\n\t<meta name=\"twitter:data1\" content=\"Ad\u00e8le Thoumieux\" \/>\n\t<meta name=\"twitter:label2\" content=\"Estimated reading time\" \/>\n\t<meta name=\"twitter:data2\" content=\"9 minutes\" \/>\n<script type=\"application\/ld+json\" class=\"yoast-schema-graph\">{\"@context\":\"https:\\\/\\\/schema.org\",\"@graph\":[{\"@type\":\"Article\",\"@id\":\"https:\\\/\\\/ihedn.fr\\\/notre-actualite\\\/escale-en-pays-de-la-loire-pour-la-majeure-enjeux-et-strategies-maritimes-de-lihedn\\\/#article\",\"isPartOf\":{\"@id\":\"https:\\\/\\\/ihedn.fr\\\/notre-actualite\\\/escale-en-pays-de-la-loire-pour-la-majeure-enjeux-et-strategies-maritimes-de-lihedn\\\/\"},\"author\":{\"name\":\"Ad\u00e8le Thoumieux\",\"@id\":\"https:\\\/\\\/ihedn.fr\\\/#\\\/schema\\\/person\\\/16d49c2bd0121499ea9b9023ce89826c\"},\"headline\":\"Escale en Pays de la Loire pour la majeure \u00ab Enjeux et strat\u00e9gies maritimes \u00bb de l\u2019IHEDN\",\"datePublished\":\"2023-05-22T15:16:59+00:00\",\"dateModified\":\"2023-05-25T07:11:35+00:00\",\"mainEntityOfPage\":{\"@id\":\"https:\\\/\\\/ihedn.fr\\\/notre-actualite\\\/escale-en-pays-de-la-loire-pour-la-majeure-enjeux-et-strategies-maritimes-de-lihedn\\\/\"},\"wordCount\":1426,\"publisher\":{\"@id\":\"https:\\\/\\\/ihedn.fr\\\/#organization\"},\"image\":{\"@id\":\"https:\\\/\\\/ihedn.fr\\\/notre-actualite\\\/escale-en-pays-de-la-loire-pour-la-majeure-enjeux-et-strategies-maritimes-de-lihedn\\\/#primaryimage\"},\"thumbnailUrl\":\"https:\\\/\\\/ihedn.fr\\\/wp-content\\\/uploads\\\/2023\\\/05\\\/ESM-1-1.jpg\",\"articleSection\":[\"Notre actualit\u00e9\"],\"inLanguage\":\"en-GB\"},{\"@type\":\"WebPage\",\"@id\":\"https:\\\/\\\/ihedn.fr\\\/notre-actualite\\\/escale-en-pays-de-la-loire-pour-la-majeure-enjeux-et-strategies-maritimes-de-lihedn\\\/\",\"url\":\"https:\\\/\\\/ihedn.fr\\\/notre-actualite\\\/escale-en-pays-de-la-loire-pour-la-majeure-enjeux-et-strategies-maritimes-de-lihedn\\\/\",\"name\":\"Escale en Pays de la Loire pour la majeure \u00ab Enjeux et strat\u00e9gies maritimes \u00bb de l\u2019IHEDN - L&#039;IHEDN : Institut des hautes \u00e9tudes de d\u00e9fense nationale\",\"isPartOf\":{\"@id\":\"https:\\\/\\\/ihedn.fr\\\/#website\"},\"primaryImageOfPage\":{\"@id\":\"https:\\\/\\\/ihedn.fr\\\/notre-actualite\\\/escale-en-pays-de-la-loire-pour-la-majeure-enjeux-et-strategies-maritimes-de-lihedn\\\/#primaryimage\"},\"image\":{\"@id\":\"https:\\\/\\\/ihedn.fr\\\/notre-actualite\\\/escale-en-pays-de-la-loire-pour-la-majeure-enjeux-et-strategies-maritimes-de-lihedn\\\/#primaryimage\"},\"thumbnailUrl\":\"https:\\\/\\\/ihedn.fr\\\/wp-content\\\/uploads\\\/2023\\\/05\\\/ESM-1-1.jpg\",\"datePublished\":\"2023-05-22T15:16:59+00:00\",\"dateModified\":\"2023-05-25T07:11:35+00:00\",\"breadcrumb\":{\"@id\":\"https:\\\/\\\/ihedn.fr\\\/notre-actualite\\\/escale-en-pays-de-la-loire-pour-la-majeure-enjeux-et-strategies-maritimes-de-lihedn\\\/#breadcrumb\"},\"inLanguage\":\"en-GB\",\"potentialAction\":[{\"@type\":\"ReadAction\",\"target\":[\"https:\\\/\\\/ihedn.fr\\\/notre-actualite\\\/escale-en-pays-de-la-loire-pour-la-majeure-enjeux-et-strategies-maritimes-de-lihedn\\\/\"]}]},{\"@type\":\"ImageObject\",\"inLanguage\":\"en-GB\",\"@id\":\"https:\\\/\\\/ihedn.fr\\\/notre-actualite\\\/escale-en-pays-de-la-loire-pour-la-majeure-enjeux-et-strategies-maritimes-de-lihedn\\\/#primaryimage\",\"url\":\"https:\\\/\\\/ihedn.fr\\\/wp-content\\\/uploads\\\/2023\\\/05\\\/ESM-1-1.jpg\",\"contentUrl\":\"https:\\\/\\\/ihedn.fr\\\/wp-content\\\/uploads\\\/2023\\\/05\\\/ESM-1-1.jpg\",\"width\":1000,\"height\":622,\"caption\":\"Les auditeurs de la majeure \\\"Enjeux et strat\u00e9gies maritimes\\\" (ESM) de la 2e session nationale ont mis le cap vers les Pays de la Loire pour un s\u00e9minaire de deux jours \u00e0 Nantes et Saint-Nazaire les vendredi 12 et samedi 13 mai 2023.\"},{\"@type\":\"BreadcrumbList\",\"@id\":\"https:\\\/\\\/ihedn.fr\\\/notre-actualite\\\/escale-en-pays-de-la-loire-pour-la-majeure-enjeux-et-strategies-maritimes-de-lihedn\\\/#breadcrumb\",\"itemListElement\":[{\"@type\":\"ListItem\",\"position\":1,\"name\":\"Accueil\",\"item\":\"https:\\\/\\\/ihedn.fr\\\/\"},{\"@type\":\"ListItem\",\"position\":2,\"name\":\"Escale en Pays de la Loire pour la majeure \u00ab Enjeux et strat\u00e9gies maritimes \u00bb de l\u2019IHEDN\"}]},{\"@type\":\"WebSite\",\"@id\":\"https:\\\/\\\/ihedn.fr\\\/#website\",\"url\":\"https:\\\/\\\/ihedn.fr\\\/\",\"name\":\"IHEDN : Institut des hautes \u00e9tudes de d\u00e9fense nationale |\",\"description\":\"Site officiel de l&#039;IHEDN plac\u00e9 sous la tutelle du Premier ministre.\",\"publisher\":{\"@id\":\"https:\\\/\\\/ihedn.fr\\\/#organization\"},\"potentialAction\":[{\"@type\":\"SearchAction\",\"target\":{\"@type\":\"EntryPoint\",\"urlTemplate\":\"https:\\\/\\\/ihedn.fr\\\/?s={search_term_string}\"},\"query-input\":{\"@type\":\"PropertyValueSpecification\",\"valueRequired\":true,\"valueName\":\"search_term_string\"}}],\"inLanguage\":\"en-GB\"},{\"@type\":\"Organization\",\"@id\":\"https:\\\/\\\/ihedn.fr\\\/#organization\",\"name\":\"IHEDN - Institut des Hautes Etudes de D\u00e9fense Nationale\",\"url\":\"https:\\\/\\\/ihedn.fr\\\/\",\"logo\":{\"@type\":\"ImageObject\",\"inLanguage\":\"en-GB\",\"@id\":\"https:\\\/\\\/ihedn.fr\\\/#\\\/schema\\\/logo\\\/image\\\/\",\"url\":\"https:\\\/\\\/ihedn.fr\\\/wp-content\\\/uploads\\\/2020\\\/11\\\/BLOC_RF_IHEDN_WEB.png\",\"contentUrl\":\"https:\\\/\\\/ihedn.fr\\\/wp-content\\\/uploads\\\/2020\\\/11\\\/BLOC_RF_IHEDN_WEB.png\",\"width\":500,\"height\":237,\"caption\":\"IHEDN - Institut des Hautes Etudes de D\u00e9fense Nationale\"},\"image\":{\"@id\":\"https:\\\/\\\/ihedn.fr\\\/#\\\/schema\\\/logo\\\/image\\\/\"},\"sameAs\":[\"https:\\\/\\\/www.facebook.com\\\/ihedn\\\/\",\"https:\\\/\\\/x.com\\\/IHEDN\",\"https:\\\/\\\/www.instagram.com\\\/ihedn\\\/\",\"https:\\\/\\\/www.linkedin.com\\\/school\\\/ihedn\\\/\",\"https:\\\/\\\/fr.wikipedia.org\\\/wiki\\\/Institut_des_hautes_\u00e9tudes_de_D\u00e9fense_nationale\"]},{\"@type\":\"Person\",\"@id\":\"https:\\\/\\\/ihedn.fr\\\/#\\\/schema\\\/person\\\/16d49c2bd0121499ea9b9023ce89826c\",\"name\":\"Ad\u00e8le Thoumieux\",\"image\":{\"@type\":\"ImageObject\",\"inLanguage\":\"en-GB\",\"@id\":\"https:\\\/\\\/secure.gravatar.com\\\/avatar\\\/64fc58d14679bdd185946349bcb229b06e37d30d6290c2bec15f1daa8f8e0ece?s=96&d=mm&r=g\",\"url\":\"https:\\\/\\\/secure.gravatar.com\\\/avatar\\\/64fc58d14679bdd185946349bcb229b06e37d30d6290c2bec15f1daa8f8e0ece?s=96&d=mm&r=g\",\"contentUrl\":\"https:\\\/\\\/secure.gravatar.com\\\/avatar\\\/64fc58d14679bdd185946349bcb229b06e37d30d6290c2bec15f1daa8f8e0ece?s=96&d=mm&r=g\",\"caption\":\"Ad\u00e8le Thoumieux\"},\"sameAs\":[\"http:\\\/\\\/ihedn.fr\"],\"url\":\"https:\\\/\\\/ihedn.fr\\\/en\\\/author\\\/thoumieux\\\/\"}]}<\/script>\n<!-- \/ Yoast SEO plugin. -->","yoast_head_json":{"title":"Stopover in Pays de la Loire for the \"Maritime issues and strategies\" major of the IHEDN - L'IHEDN : Institut des hautes \u00e9tudes de d\u00e9fense nationale (Graduate Institute of National Defence)","robots":{"index":"index","follow":"follow","max-snippet":"max-snippet:-1","max-image-preview":"max-image-preview:large","max-video-preview":"max-video-preview:-1"},"canonical":"https:\/\/ihedn.fr\/en\/notre-actualite\/escale-en-pays-de-la-loire-pour-la-majeure-enjeux-et-strategies-maritimes-de-lihedn\/","og_locale":"en_GB","og_type":"article","og_title":"Escale en Pays de la Loire pour la majeure \u00ab Enjeux et strat\u00e9gies maritimes \u00bb de l\u2019IHEDN","og_description":"Les auditeurs de la majeure \"Enjeux et strat\u00e9gies maritimes\" (ESM) de la 2e session nationale ont mis le cap vers les Pays de la Loire pour un s\u00e9minaire de deux jours \u00e0 Nantes et Saint-Nazaire les vendredi 12 et samedi 13 mai 2023.","og_url":"https:\/\/ihedn.fr\/en\/notre-actualite\/escale-en-pays-de-la-loire-pour-la-majeure-enjeux-et-strategies-maritimes-de-lihedn\/","og_site_name":"L&#039;IHEDN : Institut des hautes \u00e9tudes de d\u00e9fense nationale","article_publisher":"https:\/\/www.facebook.com\/ihedn\/","article_published_time":"2023-05-22T15:16:59+00:00","article_modified_time":"2023-05-25T07:11:35+00:00","og_image":[{"width":1000,"height":622,"url":"https:\/\/ihedn.fr\/wp-content\/uploads\/2023\/05\/ESM-1-1.jpg","type":"image\/jpeg"}],"author":"Ad\u00e8le Thoumieux","twitter_card":"summary_large_image","twitter_title":"Escale en Pays de la Loire pour la majeure \u00ab Enjeux et strat\u00e9gies maritimes \u00bb de l\u2019IHEDN","twitter_description":"Les auditeurs de la majeure \"Enjeux et strat\u00e9gies maritimes\" (ESM) de la 2e session nationale ont mis le cap vers les Pays de la Loire pour un s\u00e9minaire de deux jours \u00e0 Nantes et Saint-Nazaire les vendredi 12 et samedi 13 mai 2023.","twitter_image":"https:\/\/ihedn.fr\/wp-content\/uploads\/2023\/05\/ESM-1-1.jpg","twitter_creator":"@IHEDN","twitter_site":"@IHEDN","twitter_misc":{"Written by":"Ad\u00e8le Thoumieux","Estimated reading time":"9 minutes"},"schema":{"@context":"https:\/\/schema.org","@graph":[{"@type":"Article","@id":"https:\/\/ihedn.fr\/notre-actualite\/escale-en-pays-de-la-loire-pour-la-majeure-enjeux-et-strategies-maritimes-de-lihedn\/#article","isPartOf":{"@id":"https:\/\/ihedn.fr\/notre-actualite\/escale-en-pays-de-la-loire-pour-la-majeure-enjeux-et-strategies-maritimes-de-lihedn\/"},"author":{"name":"Ad\u00e8le Thoumieux","@id":"https:\/\/ihedn.fr\/#\/schema\/person\/16d49c2bd0121499ea9b9023ce89826c"},"headline":"Escale en Pays de la Loire pour la majeure \u00ab Enjeux et strat\u00e9gies maritimes \u00bb de l\u2019IHEDN","datePublished":"2023-05-22T15:16:59+00:00","dateModified":"2023-05-25T07:11:35+00:00","mainEntityOfPage":{"@id":"https:\/\/ihedn.fr\/notre-actualite\/escale-en-pays-de-la-loire-pour-la-majeure-enjeux-et-strategies-maritimes-de-lihedn\/"},"wordCount":1426,"publisher":{"@id":"https:\/\/ihedn.fr\/#organization"},"image":{"@id":"https:\/\/ihedn.fr\/notre-actualite\/escale-en-pays-de-la-loire-pour-la-majeure-enjeux-et-strategies-maritimes-de-lihedn\/#primaryimage"},"thumbnailUrl":"https:\/\/ihedn.fr\/wp-content\/uploads\/2023\/05\/ESM-1-1.jpg","articleSection":["Notre actualit\u00e9"],"inLanguage":"en-GB"},{"@type":"WebPage","@id":"https:\/\/ihedn.fr\/notre-actualite\/escale-en-pays-de-la-loire-pour-la-majeure-enjeux-et-strategies-maritimes-de-lihedn\/","url":"https:\/\/ihedn.fr\/notre-actualite\/escale-en-pays-de-la-loire-pour-la-majeure-enjeux-et-strategies-maritimes-de-lihedn\/","name":"Stopover in Pays de la Loire for the \"Maritime issues and strategies\" major of the IHEDN - L'IHEDN : Institut des hautes \u00e9tudes de d\u00e9fense nationale (Graduate Institute of National Defence)","isPartOf":{"@id":"https:\/\/ihedn.fr\/#website"},"primaryImageOfPage":{"@id":"https:\/\/ihedn.fr\/notre-actualite\/escale-en-pays-de-la-loire-pour-la-majeure-enjeux-et-strategies-maritimes-de-lihedn\/#primaryimage"},"image":{"@id":"https:\/\/ihedn.fr\/notre-actualite\/escale-en-pays-de-la-loire-pour-la-majeure-enjeux-et-strategies-maritimes-de-lihedn\/#primaryimage"},"thumbnailUrl":"https:\/\/ihedn.fr\/wp-content\/uploads\/2023\/05\/ESM-1-1.jpg","datePublished":"2023-05-22T15:16:59+00:00","dateModified":"2023-05-25T07:11:35+00:00","breadcrumb":{"@id":"https:\/\/ihedn.fr\/notre-actualite\/escale-en-pays-de-la-loire-pour-la-majeure-enjeux-et-strategies-maritimes-de-lihedn\/#breadcrumb"},"inLanguage":"en-GB","potentialAction":[{"@type":"ReadAction","target":["https:\/\/ihedn.fr\/notre-actualite\/escale-en-pays-de-la-loire-pour-la-majeure-enjeux-et-strategies-maritimes-de-lihedn\/"]}]},{"@type":"ImageObject","inLanguage":"en-GB","@id":"https:\/\/ihedn.fr\/notre-actualite\/escale-en-pays-de-la-loire-pour-la-majeure-enjeux-et-strategies-maritimes-de-lihedn\/#primaryimage","url":"https:\/\/ihedn.fr\/wp-content\/uploads\/2023\/05\/ESM-1-1.jpg","contentUrl":"https:\/\/ihedn.fr\/wp-content\/uploads\/2023\/05\/ESM-1-1.jpg","width":1000,"height":622,"caption":"Les auditeurs de la majeure \"Enjeux et strat\u00e9gies maritimes\" (ESM) de la 2e session nationale ont mis le cap vers les Pays de la Loire pour un s\u00e9minaire de deux jours \u00e0 Nantes et Saint-Nazaire les vendredi 12 et samedi 13 mai 2023."},{"@type":"BreadcrumbList","@id":"https:\/\/ihedn.fr\/notre-actualite\/escale-en-pays-de-la-loire-pour-la-majeure-enjeux-et-strategies-maritimes-de-lihedn\/#breadcrumb","itemListElement":[{"@type":"ListItem","position":1,"name":"Accueil","item":"https:\/\/ihedn.fr\/"},{"@type":"ListItem","position":2,"name":"Escale en Pays de la Loire pour la majeure \u00ab Enjeux et strat\u00e9gies maritimes \u00bb de l\u2019IHEDN"}]},{"@type":"WebSite","@id":"https:\/\/ihedn.fr\/#website","url":"https:\/\/ihedn.fr\/","name":"IHEDN: Institut des hautes \u00e9tudes de d\u00e9fense nationale (Institute for Higher National Defence Studies)","description":"Official website of the IHEDN under the supervision of the Prime Minister.","publisher":{"@id":"https:\/\/ihedn.fr\/#organization"},"potentialAction":[{"@type":"SearchAction","target":{"@type":"EntryPoint","urlTemplate":"https:\/\/ihedn.fr\/?s={search_term_string}"},"query-input":{"@type":"PropertyValueSpecification","valueRequired":true,"valueName":"search_term_string"}}],"inLanguage":"en-GB"},{"@type":"Organization","@id":"https:\/\/ihedn.fr\/#organization","name":"IHEDN - Institute for Higher National Defence Studies","url":"https:\/\/ihedn.fr\/","logo":{"@type":"ImageObject","inLanguage":"en-GB","@id":"https:\/\/ihedn.fr\/#\/schema\/logo\/image\/","url":"https:\/\/ihedn.fr\/wp-content\/uploads\/2020\/11\/BLOC_RF_IHEDN_WEB.png","contentUrl":"https:\/\/ihedn.fr\/wp-content\/uploads\/2020\/11\/BLOC_RF_IHEDN_WEB.png","width":500,"height":237,"caption":"IHEDN - Institut des Hautes Etudes de D\u00e9fense Nationale"},"image":{"@id":"https:\/\/ihedn.fr\/#\/schema\/logo\/image\/"},"sameAs":["https:\/\/www.facebook.com\/ihedn\/","https:\/\/x.com\/IHEDN","https:\/\/www.instagram.com\/ihedn\/","https:\/\/www.linkedin.com\/school\/ihedn\/","https:\/\/fr.wikipedia.org\/wiki\/Institut_des_hautes_\u00e9tudes_de_D\u00e9fense_nationale"]},{"@type":"Person","@id":"https:\/\/ihedn.fr\/#\/schema\/person\/16d49c2bd0121499ea9b9023ce89826c","name":"Ad\u00e8le Thoumieux","image":{"@type":"ImageObject","inLanguage":"en-GB","@id":"https:\/\/secure.gravatar.com\/avatar\/64fc58d14679bdd185946349bcb229b06e37d30d6290c2bec15f1daa8f8e0ece?s=96&d=mm&r=g","url":"https:\/\/secure.gravatar.com\/avatar\/64fc58d14679bdd185946349bcb229b06e37d30d6290c2bec15f1daa8f8e0ece?s=96&d=mm&r=g","contentUrl":"https:\/\/secure.gravatar.com\/avatar\/64fc58d14679bdd185946349bcb229b06e37d30d6290c2bec15f1daa8f8e0ece?s=96&d=mm&r=g","caption":"Ad\u00e8le Thoumieux"},"sameAs":["http:\/\/ihedn.fr"],"url":"https:\/\/ihedn.fr\/en\/author\/thoumieux\/"}]}},"publishpress_future_action":{"enabled":false,"date":"2026-05-07 00:01:32","action":"change-status","newStatus":"draft","terms":[],"taxonomy":"category","extraData":[]},"publishpress_future_workflow_manual_trigger":{"enabledWorkflows":[]},"_links":{"self":[{"href":"https:\/\/ihedn.fr\/en\/wp-json\/wp\/v2\/posts\/39773","targetHints":{"allow":["GET"]}}],"collection":[{"href":"https:\/\/ihedn.fr\/en\/wp-json\/wp\/v2\/posts"}],"about":[{"href":"https:\/\/ihedn.fr\/en\/wp-json\/wp\/v2\/types\/post"}],"author":[{"embeddable":true,"href":"https:\/\/ihedn.fr\/en\/wp-json\/wp\/v2\/users\/12"}],"replies":[{"embeddable":true,"href":"https:\/\/ihedn.fr\/en\/wp-json\/wp\/v2\/comments?post=39773"}],"version-history":[{"count":17,"href":"https:\/\/ihedn.fr\/en\/wp-json\/wp\/v2\/posts\/39773\/revisions"}],"predecessor-version":[{"id":39847,"href":"https:\/\/ihedn.fr\/en\/wp-json\/wp\/v2\/posts\/39773\/revisions\/39847"}],"wp:featuredmedia":[{"embeddable":true,"href":"https:\/\/ihedn.fr\/en\/wp-json\/wp\/v2\/media\/39775"}],"wp:attachment":[{"href":"https:\/\/ihedn.fr\/en\/wp-json\/wp\/v2\/media?parent=39773"}],"wp:term":[{"taxonomy":"category","embeddable":true,"href":"https:\/\/ihedn.fr\/en\/wp-json\/wp\/v2\/categories?post=39773"},{"taxonomy":"post_tag","embeddable":true,"href":"https:\/\/ihedn.fr\/en\/wp-json\/wp\/v2\/tags?post=39773"}],"curies":[{"name":"wp","href":"https:\/\/api.w.org\/{rel}","templated":true}]}}