{"id":39981,"date":"2023-05-31T12:51:07","date_gmt":"2023-05-31T11:51:07","guid":{"rendered":"https:\/\/ihedn.fr\/?p=39981"},"modified":"2023-05-31T12:58:14","modified_gmt":"2023-05-31T11:58:14","slug":"le-80e-cycle-intelligence-economique-et-strategique","status":"publish","type":"post","link":"https:\/\/ihedn.fr\/en\/notre-actualite\/le-80e-cycle-intelligence-economique-et-strategique\/","title":{"rendered":"The 80<sup>e<\/sup> economic and strategic intelligence\" cycle"},"content":{"rendered":"<div data-elementor-type=\"wp-post\" data-elementor-id=\"39981\" class=\"elementor elementor-39981\" data-elementor-post-type=\"post\">\n\t\t\t\t\t\t<section data-particle_enable=\"false\" data-particle-mobile-disabled=\"false\" class=\"elementor-section elementor-top-section elementor-element elementor-element-fed6d9b elementor-section-boxed elementor-section-height-default elementor-section-height-default\" data-id=\"fed6d9b\" data-element_type=\"section\" data-e-type=\"section\">\n\t\t\t\t\t\t<div class=\"elementor-container elementor-column-gap-default\">\n\t\t\t\t\t<div class=\"elementor-column elementor-col-100 elementor-top-column elementor-element elementor-element-3496690\" data-id=\"3496690\" data-element_type=\"column\" data-e-type=\"column\">\n\t\t\t<div class=\"elementor-widget-wrap elementor-element-populated\">\n\t\t\t\t\t\t<div class=\"elementor-element elementor-element-304a18a elementor-widget elementor-widget-text-editor\" data-id=\"304a18a\" data-element_type=\"widget\" data-e-type=\"widget\" data-widget_type=\"text-editor.default\">\n\t\t\t\t<div class=\"elementor-widget-container\">\n\t\t\t\t\t\t\t\t\t<p>The 36 auditors will learn more about the challenges of economic and digital sovereignty in 49 hours of training. Covering the main themes of the IES (economic security, and in particular the actions taken by the State to protect national companies and support them in exporting; intelligence and OSINT; cybersecurity; influence and compliance), the 80<sup>th<\/sup> The IES cycle will focus on issues related to influence and economic conflict. During the cycle, the IHEDN will have the privilege of being able to broadcast an exclusive version of the documentary \"La bataille d'Airbus\", which is scheduled to be broadcast on Arte on 27 June 2023. Listeners will be able to discuss the film with the filmmakers.<\/p><p>The course ends on 7<sup>th<\/sup> day, with<strong><span style=\"color: #000091;\">Alain Juillet<\/span><\/strong>a leading national expert in business intelligence.<\/p><p>During the course, the auditors will work in committees on issues such as the development of artificial intelligence and semiconductor strategy. The IES cycles organised by the IHEDN help to raise the awareness of auditors, from a wide range of backgrounds, in this field whose understanding is essential in the current economic and geopolitical context.<\/p><p>IHEDN's IES courses benefit from the input of experts and institutions such as the SGDSN and its new VIGINUM service, the DGSE, the DGSI, the DRSD, TRACFIN, the Customs Intelligence Directorate, the Ministry of Foreign Affairs and the PNF.<\/p><p>If you would like to gain a better understanding of the issues of extraterritoriality, digital sovereignty, influence and manipulation of information, and to acquire intelligence and OSINT techniques, do not hesitate to apply for the next IES cycle that IHEDN will be organising from 7 to 15 November in Paris. In addition, the IHEDN will be offering its first IES session in the regions, in Lyon, between 10 and 18 October 2023.<\/p>\t\t\t\t\t\t\t\t<\/div>\n\t\t\t\t<\/div>\n\t\t\t\t<div class=\"elementor-element elementor-element-0172e95 elementor-widget elementor-widget-gallery\" data-id=\"0172e95\" data-element_type=\"widget\" data-e-type=\"widget\" data-settings=\"{&quot;columns&quot;:2,&quot;gap&quot;:{&quot;unit&quot;:&quot;px&quot;,&quot;size&quot;:7,&quot;sizes&quot;:[]},&quot;lazyload&quot;:&quot;yes&quot;,&quot;gallery_layout&quot;:&quot;grid&quot;,&quot;columns_tablet&quot;:2,&quot;columns_mobile&quot;:1,&quot;gap_tablet&quot;:{&quot;unit&quot;:&quot;px&quot;,&quot;size&quot;:10,&quot;sizes&quot;:[]},&quot;gap_mobile&quot;:{&quot;unit&quot;:&quot;px&quot;,&quot;size&quot;:10,&quot;sizes&quot;:[]},&quot;link_to&quot;:&quot;file&quot;,&quot;aspect_ratio&quot;:&quot;3:2&quot;,&quot;overlay_background&quot;:&quot;yes&quot;,&quot;content_hover_animation&quot;:&quot;fade-in&quot;}\" data-widget_type=\"gallery.default\">\n\t\t\t\t<div class=\"elementor-widget-container\">\n\t\t\t\t\t\t\t<div class=\"elementor-gallery__container\">\n\t\t\t\t\t\t\t<a class=\"e-gallery-item elementor-gallery-item elementor-animated-content\" href=\"https:\/\/ihedn.fr\/wp-content\/uploads\/2023\/05\/IMG-20230531-WA0000.jpg\" data-elementor-open-lightbox=\"yes\" data-elementor-lightbox-slideshow=\"0172e95\" data-e-action-hash=\"#elementor-action%3Aaction%3Dlightbox%26settings%3DeyJpZCI6Mzk5ODgsInVybCI6Imh0dHBzOlwvXC9paGVkbi5mclwvd3AtY29udGVudFwvdXBsb2Fkc1wvMjAyM1wvMDVcL0lNRy0yMDIzMDUzMS1XQTAwMDAuanBnIiwic2xpZGVzaG93IjoiMDE3MmU5NSJ9\">\n\t\t\t\t\t<div class=\"e-gallery-image elementor-gallery-item__image\" data-thumbnail=\"https:\/\/ihedn.fr\/wp-content\/uploads\/2023\/05\/IMG-20230531-WA0000.jpg\" data-width=\"699\" data-height=\"524\" aria-label=\"D\" role=\"img\" ><\/div>\n\t\t\t\t\t\t\t\t\t\t\t<div class=\"elementor-gallery-item__overlay\"><\/div>\n\t\t\t\t\t\t\t\t\t\t\t\t\t\t<\/a>\n\t\t\t\t\t\t\t<a class=\"e-gallery-item elementor-gallery-item elementor-animated-content\" href=\"https:\/\/ihedn.fr\/wp-content\/uploads\/2023\/05\/IMG-20230531-WA0004-1.jpg\" data-elementor-open-lightbox=\"yes\" data-elementor-lightbox-slideshow=\"0172e95\" data-e-action-hash=\"#elementor-action%3Aaction%3Dlightbox%26settings%3DeyJpZCI6Mzk5ODcsInVybCI6Imh0dHBzOlwvXC9paGVkbi5mclwvd3AtY29udGVudFwvdXBsb2Fkc1wvMjAyM1wvMDVcL0lNRy0yMDIzMDUzMS1XQTAwMDQtMS5qcGciLCJzbGlkZXNob3ciOiIwMTcyZTk1In0%3D\">\n\t\t\t\t\t<div class=\"e-gallery-image elementor-gallery-item__image\" data-thumbnail=\"https:\/\/ihedn.fr\/wp-content\/uploads\/2023\/05\/IMG-20230531-WA0004-1.jpg\" data-width=\"1600\" data-height=\"896\" aria-label=\"\" role=\"img\" ><\/div>\n\t\t\t\t\t\t\t\t\t\t\t<div class=\"elementor-gallery-item__overlay\"><\/div>\n\t\t\t\t\t\t\t\t\t\t\t\t\t\t<\/a>\n\t\t\t\t\t<\/div>\n\t\t\t\t\t<\/div>\n\t\t\t\t<\/div>\n\t\t\t\t\t<\/div>\n\t\t<\/div>\n\t\t\t\t\t<\/div>\n\t\t<\/section>\n\t\t\t\t<section data-particle_enable=\"false\" data-particle-mobile-disabled=\"false\" class=\"elementor-section elementor-top-section elementor-element elementor-element-3327c28 elementor-section-boxed elementor-section-height-default elementor-section-height-default\" data-id=\"3327c28\" data-element_type=\"section\" data-e-type=\"section\">\n\t\t\t\t\t\t<div class=\"elementor-container elementor-column-gap-default\">\n\t\t\t\t\t<div class=\"elementor-column elementor-col-50 elementor-top-column elementor-element elementor-element-ecca012\" data-id=\"ecca012\" data-element_type=\"column\" data-e-type=\"column\">\n\t\t\t<div class=\"elementor-widget-wrap elementor-element-populated\">\n\t\t\t\t\t\t<div class=\"elementor-element elementor-element-77184e1 elementor-widget elementor-widget-image\" data-id=\"77184e1\" data-element_type=\"widget\" data-e-type=\"widget\" data-widget_type=\"image.default\">\n\t\t\t\t<div class=\"elementor-widget-container\">\n\t\t\t\t\t\t\t\t\t\t\t\t\t\t\t\t<a href=\"https:\/\/ihedn.fr\/en\/2022\/08\/17\/79e-cycle-ies-mars-2023\/\">\n\t\t\t\t\t\t\t<img fetchpriority=\"high\" decoding=\"async\" width=\"1000\" height=\"400\" src=\"https:\/\/ihedn.fr\/wp-content\/uploads\/2021\/01\/IHEDN-IE-Intelligence-economique-et-strategique-bandeau-e1689084647407.jpg\" class=\"attachment-full size-full wp-image-4339\" alt=\"\" srcset=\"https:\/\/ihedn.fr\/wp-content\/uploads\/2021\/01\/IHEDN-IE-Intelligence-economique-et-strategique-bandeau-e1689084647407.jpg 1000w, https:\/\/ihedn.fr\/wp-content\/uploads\/2021\/01\/IHEDN-IE-Intelligence-economique-et-strategique-bandeau-e1689084647407-18x7.jpg 18w\" sizes=\"(max-width: 1000px) 100vw, 1000px\" \/>\t\t\t\t\t\t\t\t<\/a>\n\t\t\t\t\t\t\t\t\t\t\t\t\t\t\t<\/div>\n\t\t\t\t<\/div>\n\t\t\t\t\t<\/div>\n\t\t<\/div>\n\t\t\t\t<div class=\"elementor-column elementor-col-50 elementor-top-column elementor-element elementor-element-03a6654\" data-id=\"03a6654\" data-element_type=\"column\" data-e-type=\"column\">\n\t\t\t<div class=\"elementor-widget-wrap elementor-element-populated\">\n\t\t\t\t\t\t<div class=\"elementor-element elementor-element-78a1d15 elementor-widget elementor-widget-text-editor\" data-id=\"78a1d15\" data-element_type=\"widget\" data-e-type=\"widget\" data-widget_type=\"text-editor.default\">\n\t\t\t\t<div class=\"elementor-widget-container\">\n\t\t\t\t\t\t\t\t\t<p>If you would like to join the next cycle from 7 to 15 November : <a href=\"https:\/\/ihedn.fr\/en\/2022\/10\/28\/80e-cycle-ies-mai-juin-2023\/\">https:\/\/ihedn.fr\/2022\/10\/28\/80e-cycle-ies-mai-juin-2023\/<\/a>\u00a0<\/p>\t\t\t\t\t\t\t\t<\/div>\n\t\t\t\t<\/div>\n\t\t\t\t\t<\/div>\n\t\t<\/div>\n\t\t\t\t\t<\/div>\n\t\t<\/section>\n\t\t\t\t<\/div>","protected":false},"excerpt":{"rendered":"<p>From 30 May to 7 June 2023, the Ecole Militaire in Paris will be hosting the 80<sup>e<\/sup> cycle in economic and strategic intelligence (IES) at the IHEDN.<\/p>","protected":false},"author":12,"featured_media":39982,"comment_status":"closed","ping_status":"closed","sticky":false,"template":"","format":"standard","meta":{"footnotes":""},"categories":[172],"tags":[],"class_list":["post-39981","post","type-post","status-publish","format-standard","has-post-thumbnail","hentry","category-notre-actualite"],"yoast_head":"<!-- This site is optimized with the Yoast SEO plugin v27.5 - https:\/\/yoast.com\/product\/yoast-seo-wordpress\/ -->\n<title>Le 80e cycle &quot;intelligence \u00e9conomique et strat\u00e9gique&quot; - L&#039;IHEDN : Institut des hautes \u00e9tudes de d\u00e9fense nationale<\/title>\n<meta name=\"description\" content=\"L\u2019IHEDN a organis\u00e9 du 31 janvier au 8 f\u00e9vrier 2023, le 79e cycle en Intelligence \u00e9conomique et strat\u00e9gique (IES), au sein de l\u2019\u00c9cole militaire.\" \/>\n<meta name=\"robots\" content=\"index, follow, max-snippet:-1, max-image-preview:large, max-video-preview:-1\" \/>\n<link rel=\"canonical\" href=\"https:\/\/ihedn.fr\/en\/actualites-des-sessions\/ie-actualites-des-sessions\/le-80e-cycle-intelligence-economique-et-strategique\/\" \/>\n<meta property=\"og:locale\" content=\"en_GB\" \/>\n<meta property=\"og:type\" content=\"article\" \/>\n<meta property=\"og:title\" content=\"Le 80e cycle &quot;intelligence \u00e9conomique et strat\u00e9gique&quot; Du 30 mai au 7 juin 2023 se d\u00e9roule au sein de l\u2019Ecole militaire \u00e0 Paris le 80e cycle en intelligence \u00e9conomique et strat\u00e9gique (IES) de l\u2019IHEDN.\" \/>\n<meta property=\"og:description\" content=\"Du 30 mai au 7 juin 2023 se d\u00e9roule au sein de l\u2019Ecole militaire \u00e0 Paris le 80e cycle en intelligence \u00e9conomique et strat\u00e9gique (IES) de l\u2019IHEDN.\" \/>\n<meta property=\"og:url\" content=\"https:\/\/ihedn.fr\/en\/actualites-des-sessions\/ie-actualites-des-sessions\/le-80e-cycle-intelligence-economique-et-strategique\/\" \/>\n<meta property=\"og:site_name\" content=\"L&#039;IHEDN : Institut des hautes \u00e9tudes de d\u00e9fense nationale\" \/>\n<meta property=\"article:publisher\" content=\"https:\/\/www.facebook.com\/ihedn\/\" \/>\n<meta property=\"article:published_time\" content=\"2023-05-31T11:51:07+00:00\" \/>\n<meta property=\"article:modified_time\" content=\"2023-05-31T11:58:14+00:00\" \/>\n<meta property=\"og:image\" content=\"https:\/\/ihedn.fr\/wp-content\/uploads\/2023\/05\/IMG-20230531-WA0005.jpg\" \/>\n\t<meta property=\"og:image:width\" content=\"963\" \/>\n\t<meta property=\"og:image:height\" content=\"490\" \/>\n\t<meta property=\"og:image:type\" content=\"image\/jpeg\" \/>\n<meta name=\"author\" content=\"Ad\u00e8le Thoumieux\" \/>\n<meta name=\"twitter:card\" content=\"summary_large_image\" \/>\n<meta name=\"twitter:title\" content=\"Le 80&lt;sup&gt;e&lt;\/sup&gt; cycle &quot;intelligence \u00e9conomique et strat\u00e9gique&quot; Du 30 mai au 7 juin 2023 se d\u00e9roule au sein de l\u2019Ecole militaire \u00e0 Paris le 80e cycle en intelligence \u00e9conomique et strat\u00e9gique (IES) de l\u2019IHEDN.\" \/>\n<meta name=\"twitter:description\" content=\"Du 30 mai au 7 juin 2023 se d\u00e9roule au sein de l\u2019Ecole militaire \u00e0 Paris le 80e cycle en intelligence \u00e9conomique et strat\u00e9gique (IES) de l\u2019IHEDN.\" \/>\n<meta name=\"twitter:image\" content=\"https:\/\/ihedn.fr\/wp-content\/uploads\/2023\/05\/IMG-20230531-WA0005.jpg\" \/>\n<meta name=\"twitter:creator\" content=\"@IHEDN\" \/>\n<meta name=\"twitter:site\" content=\"@IHEDN\" \/>\n<meta name=\"twitter:label1\" content=\"Written by\" \/>\n\t<meta name=\"twitter:data1\" content=\"Ad\u00e8le Thoumieux\" \/>\n\t<meta name=\"twitter:label2\" content=\"Estimated reading time\" \/>\n\t<meta name=\"twitter:data2\" content=\"2 minutes\" \/>\n<script type=\"application\/ld+json\" class=\"yoast-schema-graph\">{\"@context\":\"https:\\\/\\\/schema.org\",\"@graph\":[{\"@type\":\"Article\",\"@id\":\"https:\\\/\\\/ihedn.fr\\\/actualites-des-sessions\\\/ie-actualites-des-sessions\\\/le-80e-cycle-intelligence-economique-et-strategique\\\/#article\",\"isPartOf\":{\"@id\":\"https:\\\/\\\/ihedn.fr\\\/actualites-des-sessions\\\/ie-actualites-des-sessions\\\/le-80e-cycle-intelligence-economique-et-strategique\\\/\"},\"author\":{\"name\":\"Ad\u00e8le Thoumieux\",\"@id\":\"https:\\\/\\\/ihedn.fr\\\/#\\\/schema\\\/person\\\/16d49c2bd0121499ea9b9023ce89826c\"},\"headline\":\"Le 80e cycle \u00ab\u00a0intelligence \u00e9conomique et strat\u00e9gique\u00a0\u00bb\",\"datePublished\":\"2023-05-31T11:51:07+00:00\",\"dateModified\":\"2023-05-31T11:58:14+00:00\",\"mainEntityOfPage\":{\"@id\":\"https:\\\/\\\/ihedn.fr\\\/actualites-des-sessions\\\/ie-actualites-des-sessions\\\/le-80e-cycle-intelligence-economique-et-strategique\\\/\"},\"wordCount\":347,\"publisher\":{\"@id\":\"https:\\\/\\\/ihedn.fr\\\/#organization\"},\"image\":{\"@id\":\"https:\\\/\\\/ihedn.fr\\\/actualites-des-sessions\\\/ie-actualites-des-sessions\\\/le-80e-cycle-intelligence-economique-et-strategique\\\/#primaryimage\"},\"thumbnailUrl\":\"https:\\\/\\\/ihedn.fr\\\/wp-content\\\/uploads\\\/2023\\\/05\\\/IMG-20230531-WA0005.jpg\",\"articleSection\":[\"Notre actualit\u00e9\"],\"inLanguage\":\"en-GB\"},{\"@type\":\"WebPage\",\"@id\":\"https:\\\/\\\/ihedn.fr\\\/actualites-des-sessions\\\/ie-actualites-des-sessions\\\/le-80e-cycle-intelligence-economique-et-strategique\\\/\",\"url\":\"https:\\\/\\\/ihedn.fr\\\/actualites-des-sessions\\\/ie-actualites-des-sessions\\\/le-80e-cycle-intelligence-economique-et-strategique\\\/\",\"name\":\"Le 80e cycle \\\"intelligence \u00e9conomique et strat\u00e9gique\\\" - L&#039;IHEDN : Institut des hautes \u00e9tudes de d\u00e9fense nationale\",\"isPartOf\":{\"@id\":\"https:\\\/\\\/ihedn.fr\\\/#website\"},\"primaryImageOfPage\":{\"@id\":\"https:\\\/\\\/ihedn.fr\\\/actualites-des-sessions\\\/ie-actualites-des-sessions\\\/le-80e-cycle-intelligence-economique-et-strategique\\\/#primaryimage\"},\"image\":{\"@id\":\"https:\\\/\\\/ihedn.fr\\\/actualites-des-sessions\\\/ie-actualites-des-sessions\\\/le-80e-cycle-intelligence-economique-et-strategique\\\/#primaryimage\"},\"thumbnailUrl\":\"https:\\\/\\\/ihedn.fr\\\/wp-content\\\/uploads\\\/2023\\\/05\\\/IMG-20230531-WA0005.jpg\",\"datePublished\":\"2023-05-31T11:51:07+00:00\",\"dateModified\":\"2023-05-31T11:58:14+00:00\",\"description\":\"L\u2019IHEDN a organis\u00e9 du 31 janvier au 8 f\u00e9vrier 2023, le 79e cycle en Intelligence \u00e9conomique et strat\u00e9gique (IES), au sein de l\u2019\u00c9cole militaire.\",\"breadcrumb\":{\"@id\":\"https:\\\/\\\/ihedn.fr\\\/actualites-des-sessions\\\/ie-actualites-des-sessions\\\/le-80e-cycle-intelligence-economique-et-strategique\\\/#breadcrumb\"},\"inLanguage\":\"en-GB\",\"potentialAction\":[{\"@type\":\"ReadAction\",\"target\":[\"https:\\\/\\\/ihedn.fr\\\/actualites-des-sessions\\\/ie-actualites-des-sessions\\\/le-80e-cycle-intelligence-economique-et-strategique\\\/\"]}]},{\"@type\":\"ImageObject\",\"inLanguage\":\"en-GB\",\"@id\":\"https:\\\/\\\/ihedn.fr\\\/actualites-des-sessions\\\/ie-actualites-des-sessions\\\/le-80e-cycle-intelligence-economique-et-strategique\\\/#primaryimage\",\"url\":\"https:\\\/\\\/ihedn.fr\\\/wp-content\\\/uploads\\\/2023\\\/05\\\/IMG-20230531-WA0005.jpg\",\"contentUrl\":\"https:\\\/\\\/ihedn.fr\\\/wp-content\\\/uploads\\\/2023\\\/05\\\/IMG-20230531-WA0005.jpg\",\"width\":963,\"height\":490,\"caption\":\"Du 30 mai au 7 juin 2023 se d\u00e9roule au sein de l\u2019Ecole militaire \u00e0 Paris le 80e cycle en intelligence \u00e9conomique et strat\u00e9gique (IES) de l\u2019IHEDN.\"},{\"@type\":\"BreadcrumbList\",\"@id\":\"https:\\\/\\\/ihedn.fr\\\/actualites-des-sessions\\\/ie-actualites-des-sessions\\\/le-80e-cycle-intelligence-economique-et-strategique\\\/#breadcrumb\",\"itemListElement\":[{\"@type\":\"ListItem\",\"position\":1,\"name\":\"Accueil\",\"item\":\"https:\\\/\\\/ihedn.fr\\\/\"},{\"@type\":\"ListItem\",\"position\":2,\"name\":\"Le 80e cycle \u00ab\u00a0intelligence \u00e9conomique et strat\u00e9gique\u00a0\u00bb\"}]},{\"@type\":\"WebSite\",\"@id\":\"https:\\\/\\\/ihedn.fr\\\/#website\",\"url\":\"https:\\\/\\\/ihedn.fr\\\/\",\"name\":\"IHEDN : Institut des hautes \u00e9tudes de d\u00e9fense nationale |\",\"description\":\"Site officiel de l&#039;IHEDN plac\u00e9 sous la tutelle du Premier ministre.\",\"publisher\":{\"@id\":\"https:\\\/\\\/ihedn.fr\\\/#organization\"},\"potentialAction\":[{\"@type\":\"SearchAction\",\"target\":{\"@type\":\"EntryPoint\",\"urlTemplate\":\"https:\\\/\\\/ihedn.fr\\\/?s={search_term_string}\"},\"query-input\":{\"@type\":\"PropertyValueSpecification\",\"valueRequired\":true,\"valueName\":\"search_term_string\"}}],\"inLanguage\":\"en-GB\"},{\"@type\":\"Organization\",\"@id\":\"https:\\\/\\\/ihedn.fr\\\/#organization\",\"name\":\"IHEDN - Institut des Hautes Etudes de D\u00e9fense Nationale\",\"url\":\"https:\\\/\\\/ihedn.fr\\\/\",\"logo\":{\"@type\":\"ImageObject\",\"inLanguage\":\"en-GB\",\"@id\":\"https:\\\/\\\/ihedn.fr\\\/#\\\/schema\\\/logo\\\/image\\\/\",\"url\":\"https:\\\/\\\/ihedn.fr\\\/wp-content\\\/uploads\\\/2020\\\/11\\\/BLOC_RF_IHEDN_WEB.png\",\"contentUrl\":\"https:\\\/\\\/ihedn.fr\\\/wp-content\\\/uploads\\\/2020\\\/11\\\/BLOC_RF_IHEDN_WEB.png\",\"width\":500,\"height\":237,\"caption\":\"IHEDN - Institut des Hautes Etudes de D\u00e9fense Nationale\"},\"image\":{\"@id\":\"https:\\\/\\\/ihedn.fr\\\/#\\\/schema\\\/logo\\\/image\\\/\"},\"sameAs\":[\"https:\\\/\\\/www.facebook.com\\\/ihedn\\\/\",\"https:\\\/\\\/x.com\\\/IHEDN\",\"https:\\\/\\\/www.instagram.com\\\/ihedn\\\/\",\"https:\\\/\\\/www.linkedin.com\\\/school\\\/ihedn\\\/\",\"https:\\\/\\\/fr.wikipedia.org\\\/wiki\\\/Institut_des_hautes_\u00e9tudes_de_D\u00e9fense_nationale\"]},{\"@type\":\"Person\",\"@id\":\"https:\\\/\\\/ihedn.fr\\\/#\\\/schema\\\/person\\\/16d49c2bd0121499ea9b9023ce89826c\",\"name\":\"Ad\u00e8le Thoumieux\",\"image\":{\"@type\":\"ImageObject\",\"inLanguage\":\"en-GB\",\"@id\":\"https:\\\/\\\/secure.gravatar.com\\\/avatar\\\/64fc58d14679bdd185946349bcb229b06e37d30d6290c2bec15f1daa8f8e0ece?s=96&d=mm&r=g\",\"url\":\"https:\\\/\\\/secure.gravatar.com\\\/avatar\\\/64fc58d14679bdd185946349bcb229b06e37d30d6290c2bec15f1daa8f8e0ece?s=96&d=mm&r=g\",\"contentUrl\":\"https:\\\/\\\/secure.gravatar.com\\\/avatar\\\/64fc58d14679bdd185946349bcb229b06e37d30d6290c2bec15f1daa8f8e0ece?s=96&d=mm&r=g\",\"caption\":\"Ad\u00e8le Thoumieux\"},\"sameAs\":[\"http:\\\/\\\/ihedn.fr\"],\"url\":\"https:\\\/\\\/ihedn.fr\\\/en\\\/author\\\/thoumieux\\\/\"}]}<\/script>\n<!-- \/ Yoast SEO plugin. -->","yoast_head_json":{"title":"The 80th \"economic and strategic intelligence\" cycle - L'IHEDN : Institut des hautes \u00e9tudes de d\u00e9fense nationale (French Institute for Higher National Defence Studies)","description":"From 31 January to 8 February 2023, IHEDN organised the 79th Economic and Strategic Intelligence (IES) course at the \u00c9cole Militaire.","robots":{"index":"index","follow":"follow","max-snippet":"max-snippet:-1","max-image-preview":"max-image-preview:large","max-video-preview":"max-video-preview:-1"},"canonical":"https:\/\/ihedn.fr\/en\/actualites-des-sessions\/ie-actualites-des-sessions\/le-80e-cycle-intelligence-economique-et-strategique\/","og_locale":"en_GB","og_type":"article","og_title":"Le 80e cycle \"intelligence \u00e9conomique et strat\u00e9gique\" Du 30 mai au 7 juin 2023 se d\u00e9roule au sein de l\u2019Ecole militaire \u00e0 Paris le 80e cycle en intelligence \u00e9conomique et strat\u00e9gique (IES) de l\u2019IHEDN.","og_description":"Du 30 mai au 7 juin 2023 se d\u00e9roule au sein de l\u2019Ecole militaire \u00e0 Paris le 80e cycle en intelligence \u00e9conomique et strat\u00e9gique (IES) de l\u2019IHEDN.","og_url":"https:\/\/ihedn.fr\/en\/actualites-des-sessions\/ie-actualites-des-sessions\/le-80e-cycle-intelligence-economique-et-strategique\/","og_site_name":"L&#039;IHEDN : Institut des hautes \u00e9tudes de d\u00e9fense nationale","article_publisher":"https:\/\/www.facebook.com\/ihedn\/","article_published_time":"2023-05-31T11:51:07+00:00","article_modified_time":"2023-05-31T11:58:14+00:00","og_image":[{"width":963,"height":490,"url":"https:\/\/ihedn.fr\/wp-content\/uploads\/2023\/05\/IMG-20230531-WA0005.jpg","type":"image\/jpeg"}],"author":"Ad\u00e8le Thoumieux","twitter_card":"summary_large_image","twitter_title":"Le 80<sup>e<\/sup> cycle \"intelligence \u00e9conomique et strat\u00e9gique\" Du 30 mai au 7 juin 2023 se d\u00e9roule au sein de l\u2019Ecole militaire \u00e0 Paris le 80e cycle en intelligence \u00e9conomique et strat\u00e9gique (IES) de l\u2019IHEDN.","twitter_description":"Du 30 mai au 7 juin 2023 se d\u00e9roule au sein de l\u2019Ecole militaire \u00e0 Paris le 80e cycle en intelligence \u00e9conomique et strat\u00e9gique (IES) de l\u2019IHEDN.","twitter_image":"https:\/\/ihedn.fr\/wp-content\/uploads\/2023\/05\/IMG-20230531-WA0005.jpg","twitter_creator":"@IHEDN","twitter_site":"@IHEDN","twitter_misc":{"Written by":"Ad\u00e8le Thoumieux","Estimated reading time":"2 minutes"},"schema":{"@context":"https:\/\/schema.org","@graph":[{"@type":"Article","@id":"https:\/\/ihedn.fr\/actualites-des-sessions\/ie-actualites-des-sessions\/le-80e-cycle-intelligence-economique-et-strategique\/#article","isPartOf":{"@id":"https:\/\/ihedn.fr\/actualites-des-sessions\/ie-actualites-des-sessions\/le-80e-cycle-intelligence-economique-et-strategique\/"},"author":{"name":"Ad\u00e8le Thoumieux","@id":"https:\/\/ihedn.fr\/#\/schema\/person\/16d49c2bd0121499ea9b9023ce89826c"},"headline":"Le 80e cycle \u00ab\u00a0intelligence \u00e9conomique et strat\u00e9gique\u00a0\u00bb","datePublished":"2023-05-31T11:51:07+00:00","dateModified":"2023-05-31T11:58:14+00:00","mainEntityOfPage":{"@id":"https:\/\/ihedn.fr\/actualites-des-sessions\/ie-actualites-des-sessions\/le-80e-cycle-intelligence-economique-et-strategique\/"},"wordCount":347,"publisher":{"@id":"https:\/\/ihedn.fr\/#organization"},"image":{"@id":"https:\/\/ihedn.fr\/actualites-des-sessions\/ie-actualites-des-sessions\/le-80e-cycle-intelligence-economique-et-strategique\/#primaryimage"},"thumbnailUrl":"https:\/\/ihedn.fr\/wp-content\/uploads\/2023\/05\/IMG-20230531-WA0005.jpg","articleSection":["Notre actualit\u00e9"],"inLanguage":"en-GB"},{"@type":"WebPage","@id":"https:\/\/ihedn.fr\/actualites-des-sessions\/ie-actualites-des-sessions\/le-80e-cycle-intelligence-economique-et-strategique\/","url":"https:\/\/ihedn.fr\/actualites-des-sessions\/ie-actualites-des-sessions\/le-80e-cycle-intelligence-economique-et-strategique\/","name":"The 80th \"economic and strategic intelligence\" cycle - L'IHEDN : Institut des hautes \u00e9tudes de d\u00e9fense nationale (French Institute for Higher National Defence Studies)","isPartOf":{"@id":"https:\/\/ihedn.fr\/#website"},"primaryImageOfPage":{"@id":"https:\/\/ihedn.fr\/actualites-des-sessions\/ie-actualites-des-sessions\/le-80e-cycle-intelligence-economique-et-strategique\/#primaryimage"},"image":{"@id":"https:\/\/ihedn.fr\/actualites-des-sessions\/ie-actualites-des-sessions\/le-80e-cycle-intelligence-economique-et-strategique\/#primaryimage"},"thumbnailUrl":"https:\/\/ihedn.fr\/wp-content\/uploads\/2023\/05\/IMG-20230531-WA0005.jpg","datePublished":"2023-05-31T11:51:07+00:00","dateModified":"2023-05-31T11:58:14+00:00","description":"From 31 January to 8 February 2023, IHEDN organised the 79th Economic and Strategic Intelligence (IES) course at the \u00c9cole Militaire.","breadcrumb":{"@id":"https:\/\/ihedn.fr\/actualites-des-sessions\/ie-actualites-des-sessions\/le-80e-cycle-intelligence-economique-et-strategique\/#breadcrumb"},"inLanguage":"en-GB","potentialAction":[{"@type":"ReadAction","target":["https:\/\/ihedn.fr\/actualites-des-sessions\/ie-actualites-des-sessions\/le-80e-cycle-intelligence-economique-et-strategique\/"]}]},{"@type":"ImageObject","inLanguage":"en-GB","@id":"https:\/\/ihedn.fr\/actualites-des-sessions\/ie-actualites-des-sessions\/le-80e-cycle-intelligence-economique-et-strategique\/#primaryimage","url":"https:\/\/ihedn.fr\/wp-content\/uploads\/2023\/05\/IMG-20230531-WA0005.jpg","contentUrl":"https:\/\/ihedn.fr\/wp-content\/uploads\/2023\/05\/IMG-20230531-WA0005.jpg","width":963,"height":490,"caption":"Du 30 mai au 7 juin 2023 se d\u00e9roule au sein de l\u2019Ecole militaire \u00e0 Paris le 80e cycle en intelligence \u00e9conomique et strat\u00e9gique (IES) de l\u2019IHEDN."},{"@type":"BreadcrumbList","@id":"https:\/\/ihedn.fr\/actualites-des-sessions\/ie-actualites-des-sessions\/le-80e-cycle-intelligence-economique-et-strategique\/#breadcrumb","itemListElement":[{"@type":"ListItem","position":1,"name":"Accueil","item":"https:\/\/ihedn.fr\/"},{"@type":"ListItem","position":2,"name":"Le 80e cycle \u00ab\u00a0intelligence \u00e9conomique et strat\u00e9gique\u00a0\u00bb"}]},{"@type":"WebSite","@id":"https:\/\/ihedn.fr\/#website","url":"https:\/\/ihedn.fr\/","name":"IHEDN: Institut des hautes \u00e9tudes de d\u00e9fense nationale (Institute for Higher National Defence Studies)","description":"Official website of the IHEDN under the supervision of the Prime Minister.","publisher":{"@id":"https:\/\/ihedn.fr\/#organization"},"potentialAction":[{"@type":"SearchAction","target":{"@type":"EntryPoint","urlTemplate":"https:\/\/ihedn.fr\/?s={search_term_string}"},"query-input":{"@type":"PropertyValueSpecification","valueRequired":true,"valueName":"search_term_string"}}],"inLanguage":"en-GB"},{"@type":"Organization","@id":"https:\/\/ihedn.fr\/#organization","name":"IHEDN - Institute for Higher National Defence Studies","url":"https:\/\/ihedn.fr\/","logo":{"@type":"ImageObject","inLanguage":"en-GB","@id":"https:\/\/ihedn.fr\/#\/schema\/logo\/image\/","url":"https:\/\/ihedn.fr\/wp-content\/uploads\/2020\/11\/BLOC_RF_IHEDN_WEB.png","contentUrl":"https:\/\/ihedn.fr\/wp-content\/uploads\/2020\/11\/BLOC_RF_IHEDN_WEB.png","width":500,"height":237,"caption":"IHEDN - Institut des Hautes Etudes de D\u00e9fense Nationale"},"image":{"@id":"https:\/\/ihedn.fr\/#\/schema\/logo\/image\/"},"sameAs":["https:\/\/www.facebook.com\/ihedn\/","https:\/\/x.com\/IHEDN","https:\/\/www.instagram.com\/ihedn\/","https:\/\/www.linkedin.com\/school\/ihedn\/","https:\/\/fr.wikipedia.org\/wiki\/Institut_des_hautes_\u00e9tudes_de_D\u00e9fense_nationale"]},{"@type":"Person","@id":"https:\/\/ihedn.fr\/#\/schema\/person\/16d49c2bd0121499ea9b9023ce89826c","name":"Ad\u00e8le Thoumieux","image":{"@type":"ImageObject","inLanguage":"en-GB","@id":"https:\/\/secure.gravatar.com\/avatar\/64fc58d14679bdd185946349bcb229b06e37d30d6290c2bec15f1daa8f8e0ece?s=96&d=mm&r=g","url":"https:\/\/secure.gravatar.com\/avatar\/64fc58d14679bdd185946349bcb229b06e37d30d6290c2bec15f1daa8f8e0ece?s=96&d=mm&r=g","contentUrl":"https:\/\/secure.gravatar.com\/avatar\/64fc58d14679bdd185946349bcb229b06e37d30d6290c2bec15f1daa8f8e0ece?s=96&d=mm&r=g","caption":"Ad\u00e8le Thoumieux"},"sameAs":["http:\/\/ihedn.fr"],"url":"https:\/\/ihedn.fr\/en\/author\/thoumieux\/"}]}},"publishpress_future_action":{"enabled":false,"date":"2026-05-06 23:56:43","action":"change-status","newStatus":"draft","terms":[],"taxonomy":"category","extraData":[]},"publishpress_future_workflow_manual_trigger":{"enabledWorkflows":[]},"_links":{"self":[{"href":"https:\/\/ihedn.fr\/en\/wp-json\/wp\/v2\/posts\/39981","targetHints":{"allow":["GET"]}}],"collection":[{"href":"https:\/\/ihedn.fr\/en\/wp-json\/wp\/v2\/posts"}],"about":[{"href":"https:\/\/ihedn.fr\/en\/wp-json\/wp\/v2\/types\/post"}],"author":[{"embeddable":true,"href":"https:\/\/ihedn.fr\/en\/wp-json\/wp\/v2\/users\/12"}],"replies":[{"embeddable":true,"href":"https:\/\/ihedn.fr\/en\/wp-json\/wp\/v2\/comments?post=39981"}],"version-history":[{"count":5,"href":"https:\/\/ihedn.fr\/en\/wp-json\/wp\/v2\/posts\/39981\/revisions"}],"predecessor-version":[{"id":39991,"href":"https:\/\/ihedn.fr\/en\/wp-json\/wp\/v2\/posts\/39981\/revisions\/39991"}],"wp:featuredmedia":[{"embeddable":true,"href":"https:\/\/ihedn.fr\/en\/wp-json\/wp\/v2\/media\/39982"}],"wp:attachment":[{"href":"https:\/\/ihedn.fr\/en\/wp-json\/wp\/v2\/media?parent=39981"}],"wp:term":[{"taxonomy":"category","embeddable":true,"href":"https:\/\/ihedn.fr\/en\/wp-json\/wp\/v2\/categories?post=39981"},{"taxonomy":"post_tag","embeddable":true,"href":"https:\/\/ihedn.fr\/en\/wp-json\/wp\/v2\/tags?post=39981"}],"curies":[{"name":"wp","href":"https:\/\/api.w.org\/{rel}","templated":true}]}}