{"id":40001,"date":"2023-06-01T09:15:16","date_gmt":"2023-06-01T08:15:16","guid":{"rendered":"https:\/\/ihedn.fr\/?p=40001"},"modified":"2023-06-01T10:54:55","modified_gmt":"2023-06-01T09:54:55","slug":"3e-module-du-cours-strategique-europeen-pour-la-securite-et-la-defense","status":"publish","type":"post","link":"https:\/\/ihedn.fr\/en\/notre-actualite\/3e-module-du-cours-strategique-europeen-pour-la-securite-et-la-defense\/","title":{"rendered":"3<sup>e<\/sup> module of the European Strategic Course for Security and Defence"},"content":{"rendered":"<div data-elementor-type=\"wp-post\" data-elementor-id=\"40001\" class=\"elementor elementor-40001\" data-elementor-post-type=\"post\">\n\t\t\t\t\t\t<section data-particle_enable=\"false\" data-particle-mobile-disabled=\"false\" class=\"elementor-section elementor-top-section elementor-element elementor-element-25ff57c elementor-section-boxed elementor-section-height-default elementor-section-height-default\" data-id=\"25ff57c\" data-element_type=\"section\" data-e-type=\"section\">\n\t\t\t\t\t\t<div class=\"elementor-container elementor-column-gap-default\">\n\t\t\t\t\t<div class=\"elementor-column elementor-col-100 elementor-top-column elementor-element elementor-element-6efb3f4\" data-id=\"6efb3f4\" data-element_type=\"column\" data-e-type=\"column\">\n\t\t\t<div class=\"elementor-widget-wrap elementor-element-populated\">\n\t\t\t\t\t\t<div class=\"elementor-element elementor-element-c6266c5 elementor-widget elementor-widget-text-editor\" data-id=\"c6266c5\" data-element_type=\"widget\" data-e-type=\"widget\" data-widget_type=\"text-editor.default\">\n\t\t\t\t<div class=\"elementor-widget-container\">\n\t\t\t\t\t\t\t\t\t<p>Tuesday 30 May saw the opening of the third module in the European session on security and defence.<strong><em>\u00a0<\/em><\/strong><strong><em>\"<\/em><\/strong><strong><em>\u00a0<\/em><\/strong><strong><em>European Advanced Strategic Course on Security and Defence<\/em><\/strong><strong><em>\u00a0<\/em><\/strong><strong><em>\", <\/em><\/strong>organised by the Institut des Hautes Etudes de D\u00e9fense Nationale (IHEDN), in partnership with the Italian Centre for Advanced Defence Studies (<em>Centro Alti Studi per la difesa<\/em>), as part of the European Security and Defence College (ESDC).<\/p><p>This module is a pan-European training course in the service of a shared ambition, and the wish expressed by the President of the French Republic, to form a common strategic culture capable of developing Europe's strategic autonomy and sovereignty. The various conferences, led by speakers with a wide range of expertise, will focus over the three days on the challenges to common security at European and NATO level, and their possible solutions.<\/p><p>This course brings together high-level students from European Union member states. This new training concept is a necessary contribution to tomorrow's defence in Europe. The seminar was opened by <span style=\"color: #000091;\"><strong>Mr David Cvach<\/strong><\/span> Director for the European Union at the Ministry of Europe and Foreign Affairs, with a degree in economics. <em>opening speech<\/em> on How can Europe defend its interests in a climate of emerging threats?<\/p><p>The following conferences focused on the challenges of transatlantic security and the EU's neighbourhood.<\/p>\t\t\t\t\t\t\t\t<\/div>\n\t\t\t\t<\/div>\n\t\t\t\t\t<\/div>\n\t\t<\/div>\n\t\t\t\t\t<\/div>\n\t\t<\/section>\n\t\t\t\t<section data-particle_enable=\"false\" data-particle-mobile-disabled=\"false\" class=\"elementor-section elementor-top-section elementor-element elementor-element-5132c11 elementor-section-boxed elementor-section-height-default elementor-section-height-default\" data-id=\"5132c11\" data-element_type=\"section\" data-e-type=\"section\">\n\t\t\t\t\t\t<div class=\"elementor-container elementor-column-gap-default\">\n\t\t\t\t\t<div class=\"elementor-column elementor-col-50 elementor-top-column elementor-element elementor-element-3dd46b4\" data-id=\"3dd46b4\" data-element_type=\"column\" data-e-type=\"column\">\n\t\t\t<div class=\"elementor-widget-wrap elementor-element-populated\">\n\t\t\t\t\t\t<div class=\"elementor-element elementor-element-30ac68b elementor-widget elementor-widget-image\" data-id=\"30ac68b\" data-element_type=\"widget\" data-e-type=\"widget\" data-widget_type=\"image.default\">\n\t\t\t\t<div class=\"elementor-widget-container\">\n\t\t\t\t\t\t\t\t\t\t\t\t\t\t\t<img fetchpriority=\"high\" decoding=\"async\" width=\"866\" height=\"854\" src=\"https:\/\/ihedn.fr\/wp-content\/uploads\/2023\/06\/2POLDEF-UE-20230530-1.jpg\" class=\"attachment-full size-full wp-image-40013\" alt=\"\" \/>\t\t\t\t\t\t\t\t\t\t\t\t\t\t\t<\/div>\n\t\t\t\t<\/div>\n\t\t\t\t\t<\/div>\n\t\t<\/div>\n\t\t\t\t<div class=\"elementor-column elementor-col-50 elementor-top-column elementor-element elementor-element-52661e7\" data-id=\"52661e7\" data-element_type=\"column\" data-e-type=\"column\">\n\t\t\t<div class=\"elementor-widget-wrap elementor-element-populated\">\n\t\t\t\t\t\t<div class=\"elementor-element elementor-element-ee57994 elementor-widget elementor-widget-image\" data-id=\"ee57994\" data-element_type=\"widget\" data-e-type=\"widget\" data-widget_type=\"image.default\">\n\t\t\t\t<div class=\"elementor-widget-container\">\n\t\t\t\t\t\t\t\t\t\t\t\t\t\t\t<img decoding=\"async\" width=\"1590\" height=\"1040\" src=\"https:\/\/ihedn.fr\/wp-content\/uploads\/2023\/06\/3POLDEF-UE-20230530-1.jpg\" class=\"attachment-full size-full wp-image-40014\" alt=\"\" srcset=\"https:\/\/ihedn.fr\/wp-content\/uploads\/2023\/06\/3POLDEF-UE-20230530-1.jpg 1590w, https:\/\/ihedn.fr\/wp-content\/uploads\/2023\/06\/3POLDEF-UE-20230530-1-1536x1005.jpg 1536w\" sizes=\"(max-width: 1590px) 100vw, 1590px\" \/>\t\t\t\t\t\t\t\t\t\t\t\t\t\t\t<\/div>\n\t\t\t\t<\/div>\n\t\t\t\t\t<\/div>\n\t\t<\/div>\n\t\t\t\t\t<\/div>\n\t\t<\/section>\n\t\t\t\t<section data-particle_enable=\"false\" data-particle-mobile-disabled=\"false\" class=\"elementor-section elementor-top-section elementor-element elementor-element-db23445 elementor-section-boxed elementor-section-height-default elementor-section-height-default\" data-id=\"db23445\" data-element_type=\"section\" data-e-type=\"section\">\n\t\t\t\t\t\t<div class=\"elementor-container elementor-column-gap-default\">\n\t\t\t\t\t<div class=\"elementor-column elementor-col-100 elementor-top-column elementor-element elementor-element-7491e6d\" data-id=\"7491e6d\" data-element_type=\"column\" data-e-type=\"column\">\n\t\t\t<div class=\"elementor-widget-wrap elementor-element-populated\">\n\t\t\t\t\t\t<div class=\"elementor-element elementor-element-47b59ff elementor-widget elementor-widget-heading\" data-id=\"47b59ff\" data-element_type=\"widget\" data-e-type=\"widget\" data-widget_type=\"heading.default\">\n\t\t\t\t<div class=\"elementor-widget-container\">\n\t\t\t\t\t<h5 class=\"elementor-heading-title elementor-size-default\">3<sup>rd<\/sup> European Advanced Strategic Course on Security and Defence<\/h5>\t\t\t\t<\/div>\n\t\t\t\t<\/div>\n\t\t\t\t\t<\/div>\n\t\t<\/div>\n\t\t\t\t\t<\/div>\n\t\t<\/section>\n\t\t\t\t<section data-particle_enable=\"false\" data-particle-mobile-disabled=\"false\" class=\"elementor-section elementor-top-section elementor-element elementor-element-060c9e5 elementor-section-boxed elementor-section-height-default elementor-section-height-default\" data-id=\"060c9e5\" data-element_type=\"section\" data-e-type=\"section\">\n\t\t\t\t\t\t<div class=\"elementor-container elementor-column-gap-default\">\n\t\t\t\t\t<div class=\"elementor-column elementor-col-100 elementor-top-column elementor-element elementor-element-dceecb0\" data-id=\"dceecb0\" data-element_type=\"column\" data-e-type=\"column\">\n\t\t\t<div class=\"elementor-widget-wrap elementor-element-populated\">\n\t\t\t\t\t\t<div class=\"elementor-element elementor-element-0e58239 elementor-widget elementor-widget-text-editor\" data-id=\"0e58239\" data-element_type=\"widget\" data-e-type=\"widget\" data-widget_type=\"text-editor.default\">\n\t\t\t\t<div class=\"elementor-widget-container\">\n\t\t\t\t\t\t\t\t\t<p>On Tuesday May 30 was held the opening of the third module of the \"\u00a0<strong>European Advanced Strategic Course on Security and Defence,<\/strong> organized by the Institute for higher national defence studies (Centre des hautes \u00e9tudes de d\u00e9fense nationale), in partnership with the Italian Centre for Advanced Defence Studies (Centro Alti Studi per la difesa), as part of the European Security and Defence College (ESDC).<\/p><p>This module is a pan-European training program designed to meet a shared ambition, and the wish expressed by the President of the French Republic, to create a common strategic culture capable of achieving European strategic autonomy and sovereignty. Over the course of three days, the conferences, led by speakers from different fields, will address the challenges to common security at both European and NATO level, as well as their possible solutions.<\/p><p>The course brings together high-level participants from EU member states. This new training concept is a necessary contribution to torromow's defence. The opening speech was given by <strong><span style=\"color: #000091;\">Mr David Cvach<\/span><\/strong> Director for European Affairs, Ministry for Europe and Foreign Affairs on <em>How can Europe defend its interests in a climate of emerging threats?<\/em> \u00a0The next presentations focused on Common transatlantic security challenges and EU's neighbourhood.<\/p>\t\t\t\t\t\t\t\t<\/div>\n\t\t\t\t<\/div>\n\t\t\t\t\t<\/div>\n\t\t<\/div>\n\t\t\t\t\t<\/div>\n\t\t<\/section>\n\t\t\t\t<\/div>","protected":false},"excerpt":{"rendered":"<p>Tuesday 30 May saw the opening of the third module of the European Advanced Strategic Course on Security and Defence, organised by the Institut des hautes \u00e9tudes de d\u00e9fense nationale (IHEDN), in partnership with the Italian Centre for Advanced Defence Studies (Centro Alti Studi per la difesa), as part of the European Security and Defence College (ESDC). <\/p>","protected":false},"author":12,"featured_media":40012,"comment_status":"closed","ping_status":"closed","sticky":false,"template":"","format":"standard","meta":{"footnotes":""},"categories":[172],"tags":[],"class_list":["post-40001","post","type-post","status-publish","format-standard","has-post-thumbnail","hentry","category-notre-actualite"],"yoast_head":"<!-- This site is optimized with the Yoast SEO plugin v27.5 - https:\/\/yoast.com\/product\/yoast-seo-wordpress\/ -->\n<title>3e module du Cours Strat\u00e9gique Europ\u00e9en pour la s\u00e9curit\u00e9 et la d\u00e9fense - L&#039;IHEDN : Institut des hautes \u00e9tudes de d\u00e9fense nationale<\/title>\n<meta name=\"robots\" content=\"index, follow, max-snippet:-1, max-image-preview:large, max-video-preview:-1\" \/>\n<link rel=\"canonical\" href=\"https:\/\/ihedn.fr\/en\/notre-actualite\/3e-module-du-cours-strategique-europeen-pour-la-securite-et-la-defense\/\" \/>\n<meta property=\"og:locale\" content=\"en_GB\" \/>\n<meta property=\"og:type\" content=\"article\" \/>\n<meta property=\"og:title\" content=\"3e module du Cours Strat\u00e9gique Europ\u00e9en pour la s\u00e9curit\u00e9 et la d\u00e9fense\" \/>\n<meta property=\"og:description\" content=\"3e module du Cours Strat\u00e9gique Europ\u00e9en pour la s\u00e9curit\u00e9 et la d\u00e9fense\" \/>\n<meta property=\"og:url\" content=\"https:\/\/ihedn.fr\/en\/notre-actualite\/3e-module-du-cours-strategique-europeen-pour-la-securite-et-la-defense\/\" \/>\n<meta property=\"og:site_name\" content=\"L&#039;IHEDN : Institut des hautes \u00e9tudes de d\u00e9fense nationale\" \/>\n<meta property=\"article:publisher\" content=\"https:\/\/www.facebook.com\/ihedn\/\" \/>\n<meta property=\"article:published_time\" content=\"2023-06-01T08:15:16+00:00\" \/>\n<meta property=\"article:modified_time\" content=\"2023-06-01T09:54:55+00:00\" \/>\n<meta property=\"og:image\" content=\"https:\/\/ihedn.fr\/wp-content\/uploads\/2023\/06\/1POLDEF-UE-20230530-1.jpg\" \/>\n\t<meta property=\"og:image:width\" content=\"1000\" \/>\n\t<meta property=\"og:image:height\" content=\"674\" \/>\n\t<meta property=\"og:image:type\" content=\"image\/jpeg\" \/>\n<meta name=\"author\" content=\"Ad\u00e8le Thoumieux\" \/>\n<meta name=\"twitter:card\" content=\"summary_large_image\" \/>\n<meta name=\"twitter:title\" content=\"3e module du Cours Strat\u00e9gique Europ\u00e9en pour la s\u00e9curit\u00e9 et la d\u00e9fense\" \/>\n<meta name=\"twitter:description\" content=\"3e module du Cours Strat\u00e9gique Europ\u00e9en pour la s\u00e9curit\u00e9 et la d\u00e9fense\" \/>\n<meta name=\"twitter:image\" content=\"https:\/\/ihedn.fr\/wp-content\/uploads\/2023\/06\/1POLDEF-UE-20230530-1.jpg\" \/>\n<meta name=\"twitter:creator\" content=\"@IHEDN\" \/>\n<meta name=\"twitter:site\" content=\"@IHEDN\" \/>\n<meta name=\"twitter:label1\" content=\"Written by\" \/>\n\t<meta name=\"twitter:data1\" content=\"Ad\u00e8le Thoumieux\" \/>\n\t<meta name=\"twitter:label2\" content=\"Estimated reading time\" \/>\n\t<meta name=\"twitter:data2\" content=\"3 minutes\" \/>\n<script type=\"application\/ld+json\" class=\"yoast-schema-graph\">{\"@context\":\"https:\\\/\\\/schema.org\",\"@graph\":[{\"@type\":\"Article\",\"@id\":\"https:\\\/\\\/ihedn.fr\\\/en\\\/notre-actualite\\\/3e-module-du-cours-strategique-europeen-pour-la-securite-et-la-defense\\\/#article\",\"isPartOf\":{\"@id\":\"https:\\\/\\\/ihedn.fr\\\/en\\\/notre-actualite\\\/3e-module-du-cours-strategique-europeen-pour-la-securite-et-la-defense\\\/\"},\"author\":{\"name\":\"Ad\u00e8le Thoumieux\",\"@id\":\"https:\\\/\\\/ihedn.fr\\\/#\\\/schema\\\/person\\\/16d49c2bd0121499ea9b9023ce89826c\"},\"headline\":\"3e module du Cours Strat\u00e9gique Europ\u00e9en pour la s\u00e9curit\u00e9 et la d\u00e9fense\",\"datePublished\":\"2023-06-01T08:15:16+00:00\",\"dateModified\":\"2023-06-01T09:54:55+00:00\",\"mainEntityOfPage\":{\"@id\":\"https:\\\/\\\/ihedn.fr\\\/en\\\/notre-actualite\\\/3e-module-du-cours-strategique-europeen-pour-la-securite-et-la-defense\\\/\"},\"wordCount\":488,\"publisher\":{\"@id\":\"https:\\\/\\\/ihedn.fr\\\/#organization\"},\"image\":{\"@id\":\"https:\\\/\\\/ihedn.fr\\\/en\\\/notre-actualite\\\/3e-module-du-cours-strategique-europeen-pour-la-securite-et-la-defense\\\/#primaryimage\"},\"thumbnailUrl\":\"https:\\\/\\\/ihedn.fr\\\/wp-content\\\/uploads\\\/2023\\\/06\\\/1POLDEF-UE-20230530-2.jpg\",\"articleSection\":[\"Notre actualit\u00e9\"],\"inLanguage\":\"en-GB\"},{\"@type\":\"WebPage\",\"@id\":\"https:\\\/\\\/ihedn.fr\\\/en\\\/notre-actualite\\\/3e-module-du-cours-strategique-europeen-pour-la-securite-et-la-defense\\\/\",\"url\":\"https:\\\/\\\/ihedn.fr\\\/en\\\/notre-actualite\\\/3e-module-du-cours-strategique-europeen-pour-la-securite-et-la-defense\\\/\",\"name\":\"3e module du Cours Strat\u00e9gique Europ\u00e9en pour la s\u00e9curit\u00e9 et la d\u00e9fense - L&#039;IHEDN : Institut des hautes \u00e9tudes de d\u00e9fense nationale\",\"isPartOf\":{\"@id\":\"https:\\\/\\\/ihedn.fr\\\/#website\"},\"primaryImageOfPage\":{\"@id\":\"https:\\\/\\\/ihedn.fr\\\/en\\\/notre-actualite\\\/3e-module-du-cours-strategique-europeen-pour-la-securite-et-la-defense\\\/#primaryimage\"},\"image\":{\"@id\":\"https:\\\/\\\/ihedn.fr\\\/en\\\/notre-actualite\\\/3e-module-du-cours-strategique-europeen-pour-la-securite-et-la-defense\\\/#primaryimage\"},\"thumbnailUrl\":\"https:\\\/\\\/ihedn.fr\\\/wp-content\\\/uploads\\\/2023\\\/06\\\/1POLDEF-UE-20230530-2.jpg\",\"datePublished\":\"2023-06-01T08:15:16+00:00\",\"dateModified\":\"2023-06-01T09:54:55+00:00\",\"breadcrumb\":{\"@id\":\"https:\\\/\\\/ihedn.fr\\\/en\\\/notre-actualite\\\/3e-module-du-cours-strategique-europeen-pour-la-securite-et-la-defense\\\/#breadcrumb\"},\"inLanguage\":\"en-GB\",\"potentialAction\":[{\"@type\":\"ReadAction\",\"target\":[\"https:\\\/\\\/ihedn.fr\\\/en\\\/notre-actualite\\\/3e-module-du-cours-strategique-europeen-pour-la-securite-et-la-defense\\\/\"]}]},{\"@type\":\"ImageObject\",\"inLanguage\":\"en-GB\",\"@id\":\"https:\\\/\\\/ihedn.fr\\\/en\\\/notre-actualite\\\/3e-module-du-cours-strategique-europeen-pour-la-securite-et-la-defense\\\/#primaryimage\",\"url\":\"https:\\\/\\\/ihedn.fr\\\/wp-content\\\/uploads\\\/2023\\\/06\\\/1POLDEF-UE-20230530-2.jpg\",\"contentUrl\":\"https:\\\/\\\/ihedn.fr\\\/wp-content\\\/uploads\\\/2023\\\/06\\\/1POLDEF-UE-20230530-2.jpg\",\"width\":1000,\"height\":674},{\"@type\":\"BreadcrumbList\",\"@id\":\"https:\\\/\\\/ihedn.fr\\\/en\\\/notre-actualite\\\/3e-module-du-cours-strategique-europeen-pour-la-securite-et-la-defense\\\/#breadcrumb\",\"itemListElement\":[{\"@type\":\"ListItem\",\"position\":1,\"name\":\"Accueil\",\"item\":\"https:\\\/\\\/ihedn.fr\\\/\"},{\"@type\":\"ListItem\",\"position\":2,\"name\":\"3e module du Cours Strat\u00e9gique Europ\u00e9en pour la s\u00e9curit\u00e9 et la d\u00e9fense\"}]},{\"@type\":\"WebSite\",\"@id\":\"https:\\\/\\\/ihedn.fr\\\/#website\",\"url\":\"https:\\\/\\\/ihedn.fr\\\/\",\"name\":\"IHEDN : Institut des hautes \u00e9tudes de d\u00e9fense nationale |\",\"description\":\"Site officiel de l&#039;IHEDN plac\u00e9 sous la tutelle du Premier ministre.\",\"publisher\":{\"@id\":\"https:\\\/\\\/ihedn.fr\\\/#organization\"},\"potentialAction\":[{\"@type\":\"SearchAction\",\"target\":{\"@type\":\"EntryPoint\",\"urlTemplate\":\"https:\\\/\\\/ihedn.fr\\\/?s={search_term_string}\"},\"query-input\":{\"@type\":\"PropertyValueSpecification\",\"valueRequired\":true,\"valueName\":\"search_term_string\"}}],\"inLanguage\":\"en-GB\"},{\"@type\":\"Organization\",\"@id\":\"https:\\\/\\\/ihedn.fr\\\/#organization\",\"name\":\"IHEDN - Institut des Hautes Etudes de D\u00e9fense Nationale\",\"url\":\"https:\\\/\\\/ihedn.fr\\\/\",\"logo\":{\"@type\":\"ImageObject\",\"inLanguage\":\"en-GB\",\"@id\":\"https:\\\/\\\/ihedn.fr\\\/#\\\/schema\\\/logo\\\/image\\\/\",\"url\":\"https:\\\/\\\/ihedn.fr\\\/wp-content\\\/uploads\\\/2020\\\/11\\\/BLOC_RF_IHEDN_WEB.png\",\"contentUrl\":\"https:\\\/\\\/ihedn.fr\\\/wp-content\\\/uploads\\\/2020\\\/11\\\/BLOC_RF_IHEDN_WEB.png\",\"width\":500,\"height\":237,\"caption\":\"IHEDN - Institut des Hautes Etudes de D\u00e9fense Nationale\"},\"image\":{\"@id\":\"https:\\\/\\\/ihedn.fr\\\/#\\\/schema\\\/logo\\\/image\\\/\"},\"sameAs\":[\"https:\\\/\\\/www.facebook.com\\\/ihedn\\\/\",\"https:\\\/\\\/x.com\\\/IHEDN\",\"https:\\\/\\\/www.instagram.com\\\/ihedn\\\/\",\"https:\\\/\\\/www.linkedin.com\\\/school\\\/ihedn\\\/\",\"https:\\\/\\\/fr.wikipedia.org\\\/wiki\\\/Institut_des_hautes_\u00e9tudes_de_D\u00e9fense_nationale\"]},{\"@type\":\"Person\",\"@id\":\"https:\\\/\\\/ihedn.fr\\\/#\\\/schema\\\/person\\\/16d49c2bd0121499ea9b9023ce89826c\",\"name\":\"Ad\u00e8le Thoumieux\",\"image\":{\"@type\":\"ImageObject\",\"inLanguage\":\"en-GB\",\"@id\":\"https:\\\/\\\/secure.gravatar.com\\\/avatar\\\/64fc58d14679bdd185946349bcb229b06e37d30d6290c2bec15f1daa8f8e0ece?s=96&d=mm&r=g\",\"url\":\"https:\\\/\\\/secure.gravatar.com\\\/avatar\\\/64fc58d14679bdd185946349bcb229b06e37d30d6290c2bec15f1daa8f8e0ece?s=96&d=mm&r=g\",\"contentUrl\":\"https:\\\/\\\/secure.gravatar.com\\\/avatar\\\/64fc58d14679bdd185946349bcb229b06e37d30d6290c2bec15f1daa8f8e0ece?s=96&d=mm&r=g\",\"caption\":\"Ad\u00e8le Thoumieux\"},\"sameAs\":[\"http:\\\/\\\/ihedn.fr\"],\"url\":\"https:\\\/\\\/ihedn.fr\\\/en\\\/author\\\/thoumieux\\\/\"}]}<\/script>\n<!-- \/ Yoast SEO plugin. -->","yoast_head_json":{"title":"3rd module of the European Strategic Course on Security and Defence - L'IHEDN : Institut des hautes \u00e9tudes de d\u00e9fense nationale","robots":{"index":"index","follow":"follow","max-snippet":"max-snippet:-1","max-image-preview":"max-image-preview:large","max-video-preview":"max-video-preview:-1"},"canonical":"https:\/\/ihedn.fr\/en\/notre-actualite\/3e-module-du-cours-strategique-europeen-pour-la-securite-et-la-defense\/","og_locale":"en_GB","og_type":"article","og_title":"3e module du Cours Strat\u00e9gique Europ\u00e9en pour la s\u00e9curit\u00e9 et la d\u00e9fense","og_description":"3e module du Cours Strat\u00e9gique Europ\u00e9en pour la s\u00e9curit\u00e9 et la d\u00e9fense","og_url":"https:\/\/ihedn.fr\/en\/notre-actualite\/3e-module-du-cours-strategique-europeen-pour-la-securite-et-la-defense\/","og_site_name":"L&#039;IHEDN : Institut des hautes \u00e9tudes de d\u00e9fense nationale","article_publisher":"https:\/\/www.facebook.com\/ihedn\/","article_published_time":"2023-06-01T08:15:16+00:00","article_modified_time":"2023-06-01T09:54:55+00:00","og_image":[{"width":1000,"height":674,"url":"https:\/\/ihedn.fr\/wp-content\/uploads\/2023\/06\/1POLDEF-UE-20230530-1.jpg","type":"image\/jpeg"}],"author":"Ad\u00e8le Thoumieux","twitter_card":"summary_large_image","twitter_title":"3e module du Cours Strat\u00e9gique Europ\u00e9en pour la s\u00e9curit\u00e9 et la d\u00e9fense","twitter_description":"3e module du Cours Strat\u00e9gique Europ\u00e9en pour la s\u00e9curit\u00e9 et la d\u00e9fense","twitter_image":"https:\/\/ihedn.fr\/wp-content\/uploads\/2023\/06\/1POLDEF-UE-20230530-1.jpg","twitter_creator":"@IHEDN","twitter_site":"@IHEDN","twitter_misc":{"Written by":"Ad\u00e8le Thoumieux","Estimated reading time":"3 minutes"},"schema":{"@context":"https:\/\/schema.org","@graph":[{"@type":"Article","@id":"https:\/\/ihedn.fr\/en\/notre-actualite\/3e-module-du-cours-strategique-europeen-pour-la-securite-et-la-defense\/#article","isPartOf":{"@id":"https:\/\/ihedn.fr\/en\/notre-actualite\/3e-module-du-cours-strategique-europeen-pour-la-securite-et-la-defense\/"},"author":{"name":"Ad\u00e8le Thoumieux","@id":"https:\/\/ihedn.fr\/#\/schema\/person\/16d49c2bd0121499ea9b9023ce89826c"},"headline":"3e module du Cours Strat\u00e9gique Europ\u00e9en pour la s\u00e9curit\u00e9 et la d\u00e9fense","datePublished":"2023-06-01T08:15:16+00:00","dateModified":"2023-06-01T09:54:55+00:00","mainEntityOfPage":{"@id":"https:\/\/ihedn.fr\/en\/notre-actualite\/3e-module-du-cours-strategique-europeen-pour-la-securite-et-la-defense\/"},"wordCount":488,"publisher":{"@id":"https:\/\/ihedn.fr\/#organization"},"image":{"@id":"https:\/\/ihedn.fr\/en\/notre-actualite\/3e-module-du-cours-strategique-europeen-pour-la-securite-et-la-defense\/#primaryimage"},"thumbnailUrl":"https:\/\/ihedn.fr\/wp-content\/uploads\/2023\/06\/1POLDEF-UE-20230530-2.jpg","articleSection":["Notre actualit\u00e9"],"inLanguage":"en-GB"},{"@type":"WebPage","@id":"https:\/\/ihedn.fr\/en\/notre-actualite\/3e-module-du-cours-strategique-europeen-pour-la-securite-et-la-defense\/","url":"https:\/\/ihedn.fr\/en\/notre-actualite\/3e-module-du-cours-strategique-europeen-pour-la-securite-et-la-defense\/","name":"3rd module of the European Strategic Course on Security and Defence - L'IHEDN : Institut des hautes \u00e9tudes de d\u00e9fense nationale","isPartOf":{"@id":"https:\/\/ihedn.fr\/#website"},"primaryImageOfPage":{"@id":"https:\/\/ihedn.fr\/en\/notre-actualite\/3e-module-du-cours-strategique-europeen-pour-la-securite-et-la-defense\/#primaryimage"},"image":{"@id":"https:\/\/ihedn.fr\/en\/notre-actualite\/3e-module-du-cours-strategique-europeen-pour-la-securite-et-la-defense\/#primaryimage"},"thumbnailUrl":"https:\/\/ihedn.fr\/wp-content\/uploads\/2023\/06\/1POLDEF-UE-20230530-2.jpg","datePublished":"2023-06-01T08:15:16+00:00","dateModified":"2023-06-01T09:54:55+00:00","breadcrumb":{"@id":"https:\/\/ihedn.fr\/en\/notre-actualite\/3e-module-du-cours-strategique-europeen-pour-la-securite-et-la-defense\/#breadcrumb"},"inLanguage":"en-GB","potentialAction":[{"@type":"ReadAction","target":["https:\/\/ihedn.fr\/en\/notre-actualite\/3e-module-du-cours-strategique-europeen-pour-la-securite-et-la-defense\/"]}]},{"@type":"ImageObject","inLanguage":"en-GB","@id":"https:\/\/ihedn.fr\/en\/notre-actualite\/3e-module-du-cours-strategique-europeen-pour-la-securite-et-la-defense\/#primaryimage","url":"https:\/\/ihedn.fr\/wp-content\/uploads\/2023\/06\/1POLDEF-UE-20230530-2.jpg","contentUrl":"https:\/\/ihedn.fr\/wp-content\/uploads\/2023\/06\/1POLDEF-UE-20230530-2.jpg","width":1000,"height":674},{"@type":"BreadcrumbList","@id":"https:\/\/ihedn.fr\/en\/notre-actualite\/3e-module-du-cours-strategique-europeen-pour-la-securite-et-la-defense\/#breadcrumb","itemListElement":[{"@type":"ListItem","position":1,"name":"Accueil","item":"https:\/\/ihedn.fr\/"},{"@type":"ListItem","position":2,"name":"3e module du Cours Strat\u00e9gique Europ\u00e9en pour la s\u00e9curit\u00e9 et la d\u00e9fense"}]},{"@type":"WebSite","@id":"https:\/\/ihedn.fr\/#website","url":"https:\/\/ihedn.fr\/","name":"IHEDN: Institut des hautes \u00e9tudes de d\u00e9fense nationale (Institute for Higher National Defence Studies)","description":"Official website of the IHEDN under the supervision of the Prime Minister.","publisher":{"@id":"https:\/\/ihedn.fr\/#organization"},"potentialAction":[{"@type":"SearchAction","target":{"@type":"EntryPoint","urlTemplate":"https:\/\/ihedn.fr\/?s={search_term_string}"},"query-input":{"@type":"PropertyValueSpecification","valueRequired":true,"valueName":"search_term_string"}}],"inLanguage":"en-GB"},{"@type":"Organization","@id":"https:\/\/ihedn.fr\/#organization","name":"IHEDN - Institute for Higher National Defence Studies","url":"https:\/\/ihedn.fr\/","logo":{"@type":"ImageObject","inLanguage":"en-GB","@id":"https:\/\/ihedn.fr\/#\/schema\/logo\/image\/","url":"https:\/\/ihedn.fr\/wp-content\/uploads\/2020\/11\/BLOC_RF_IHEDN_WEB.png","contentUrl":"https:\/\/ihedn.fr\/wp-content\/uploads\/2020\/11\/BLOC_RF_IHEDN_WEB.png","width":500,"height":237,"caption":"IHEDN - Institut des Hautes Etudes de D\u00e9fense Nationale"},"image":{"@id":"https:\/\/ihedn.fr\/#\/schema\/logo\/image\/"},"sameAs":["https:\/\/www.facebook.com\/ihedn\/","https:\/\/x.com\/IHEDN","https:\/\/www.instagram.com\/ihedn\/","https:\/\/www.linkedin.com\/school\/ihedn\/","https:\/\/fr.wikipedia.org\/wiki\/Institut_des_hautes_\u00e9tudes_de_D\u00e9fense_nationale"]},{"@type":"Person","@id":"https:\/\/ihedn.fr\/#\/schema\/person\/16d49c2bd0121499ea9b9023ce89826c","name":"Ad\u00e8le Thoumieux","image":{"@type":"ImageObject","inLanguage":"en-GB","@id":"https:\/\/secure.gravatar.com\/avatar\/64fc58d14679bdd185946349bcb229b06e37d30d6290c2bec15f1daa8f8e0ece?s=96&d=mm&r=g","url":"https:\/\/secure.gravatar.com\/avatar\/64fc58d14679bdd185946349bcb229b06e37d30d6290c2bec15f1daa8f8e0ece?s=96&d=mm&r=g","contentUrl":"https:\/\/secure.gravatar.com\/avatar\/64fc58d14679bdd185946349bcb229b06e37d30d6290c2bec15f1daa8f8e0ece?s=96&d=mm&r=g","caption":"Ad\u00e8le Thoumieux"},"sameAs":["http:\/\/ihedn.fr"],"url":"https:\/\/ihedn.fr\/en\/author\/thoumieux\/"}]}},"publishpress_future_action":{"enabled":false,"date":"2026-05-09 07:04:23","action":"change-status","newStatus":"draft","terms":[],"taxonomy":"category","extraData":[]},"publishpress_future_workflow_manual_trigger":{"enabledWorkflows":[]},"_links":{"self":[{"href":"https:\/\/ihedn.fr\/en\/wp-json\/wp\/v2\/posts\/40001","targetHints":{"allow":["GET"]}}],"collection":[{"href":"https:\/\/ihedn.fr\/en\/wp-json\/wp\/v2\/posts"}],"about":[{"href":"https:\/\/ihedn.fr\/en\/wp-json\/wp\/v2\/types\/post"}],"author":[{"embeddable":true,"href":"https:\/\/ihedn.fr\/en\/wp-json\/wp\/v2\/users\/12"}],"replies":[{"embeddable":true,"href":"https:\/\/ihedn.fr\/en\/wp-json\/wp\/v2\/comments?post=40001"}],"version-history":[{"count":8,"href":"https:\/\/ihedn.fr\/en\/wp-json\/wp\/v2\/posts\/40001\/revisions"}],"predecessor-version":[{"id":40017,"href":"https:\/\/ihedn.fr\/en\/wp-json\/wp\/v2\/posts\/40001\/revisions\/40017"}],"wp:featuredmedia":[{"embeddable":true,"href":"https:\/\/ihedn.fr\/en\/wp-json\/wp\/v2\/media\/40012"}],"wp:attachment":[{"href":"https:\/\/ihedn.fr\/en\/wp-json\/wp\/v2\/media?parent=40001"}],"wp:term":[{"taxonomy":"category","embeddable":true,"href":"https:\/\/ihedn.fr\/en\/wp-json\/wp\/v2\/categories?post=40001"},{"taxonomy":"post_tag","embeddable":true,"href":"https:\/\/ihedn.fr\/en\/wp-json\/wp\/v2\/tags?post=40001"}],"curies":[{"name":"wp","href":"https:\/\/api.w.org\/{rel}","templated":true}]}}