{"id":40547,"date":"2023-06-15T14:27:18","date_gmt":"2023-06-15T13:27:18","guid":{"rendered":"https:\/\/ihedn.fr\/?p=40547"},"modified":"2023-06-15T16:28:13","modified_gmt":"2023-06-15T15:28:13","slug":"un-livre-pour-le-cinquantenaire-du-3e-rei-en-guyane","status":"publish","type":"post","link":"https:\/\/ihedn.fr\/en\/notre-actualite\/un-livre-pour-le-cinquantenaire-du-3e-rei-en-guyane\/","title":{"rendered":"A book to mark the fiftieth anniversary of the 3<sup>e<\/sup> REI in French Guiana"},"content":{"rendered":"<div data-elementor-type=\"wp-post\" data-elementor-id=\"40547\" class=\"elementor elementor-40547\" data-elementor-post-type=\"post\">\n\t\t\t\t\t\t<section data-particle_enable=\"false\" data-particle-mobile-disabled=\"false\" class=\"elementor-section elementor-top-section elementor-element elementor-element-f44ad43 elementor-section-boxed elementor-section-height-default elementor-section-height-default\" data-id=\"f44ad43\" data-element_type=\"section\" data-e-type=\"section\">\n\t\t\t\t\t\t<div class=\"elementor-container elementor-column-gap-default\">\n\t\t\t\t\t<div class=\"elementor-column elementor-col-100 elementor-top-column elementor-element elementor-element-eb013f9\" data-id=\"eb013f9\" data-element_type=\"column\" data-e-type=\"column\">\n\t\t\t<div class=\"elementor-widget-wrap elementor-element-populated\">\n\t\t\t\t\t\t<div class=\"elementor-element elementor-element-48d77d7 elementor-widget elementor-widget-text-editor\" data-id=\"48d77d7\" data-element_type=\"widget\" data-e-type=\"widget\" data-widget_type=\"text-editor.default\">\n\t\t\t\t<div class=\"elementor-widget-container\">\n\t\t\t\t\t\t\t\t\t<p>The 3<sup>e<\/sup> REI is celebrating the fiftieth anniversary of its establishment in French Guiana this year, and has produced the following products to mark the occasion <em>Selva<\/em>Selva, a book dedicated to the regiment and the complexity of the equatorial forest and the challenges it presents. Selva is a small word borrowed from Brazilian Portuguese that can express thanks, a negative or a question. Its multiple meanings aptly reflect the richness and diversity of the tropical forest, which is what makes the 3<sup>e<\/sup> REI for fifty years.<\/p>\t\t\t\t\t\t\t\t<\/div>\n\t\t\t\t<\/div>\n\t\t\t\t\t<\/div>\n\t\t<\/div>\n\t\t\t\t\t<\/div>\n\t\t<\/section>\n\t\t\t\t<section data-particle_enable=\"false\" data-particle-mobile-disabled=\"false\" class=\"elementor-section elementor-top-section elementor-element elementor-element-b4d2254 elementor-section-boxed elementor-section-height-default elementor-section-height-default\" data-id=\"b4d2254\" data-element_type=\"section\" data-e-type=\"section\">\n\t\t\t\t\t\t<div class=\"elementor-container elementor-column-gap-default\">\n\t\t\t\t\t<div class=\"elementor-column elementor-col-100 elementor-top-column elementor-element elementor-element-9d3c74c\" data-id=\"9d3c74c\" data-element_type=\"column\" data-e-type=\"column\">\n\t\t\t<div class=\"elementor-widget-wrap elementor-element-populated\">\n\t\t\t\t\t\t<div class=\"elementor-element elementor-element-93eede5 elementor-widget elementor-widget-text-editor\" data-id=\"93eede5\" data-element_type=\"widget\" data-e-type=\"widget\" data-widget_type=\"text-editor.default\">\n\t\t\t\t<div class=\"elementor-widget-container\">\n\t\t\t\t\t\t\t\t\t<p>Pre-orders are open until 15 July 2023 on the Editions Pierre de Taillac website.<\/p>\t\t\t\t\t\t\t\t<\/div>\n\t\t\t\t<\/div>\n\t\t\t\t\t<\/div>\n\t\t<\/div>\n\t\t\t\t\t<\/div>\n\t\t<\/section>\n\t\t\t\t<section data-particle_enable=\"false\" data-particle-mobile-disabled=\"false\" class=\"elementor-section elementor-top-section elementor-element elementor-element-88c6282 elementor-section-boxed elementor-section-height-default elementor-section-height-default\" data-id=\"88c6282\" data-element_type=\"section\" data-e-type=\"section\">\n\t\t\t\t\t\t<div class=\"elementor-container elementor-column-gap-default\">\n\t\t\t\t\t<div class=\"elementor-column elementor-col-100 elementor-top-column elementor-element elementor-element-908abad\" data-id=\"908abad\" data-element_type=\"column\" data-e-type=\"column\">\n\t\t\t<div class=\"elementor-widget-wrap elementor-element-populated\">\n\t\t\t\t\t\t<div class=\"elementor-element elementor-element-6e3033b elementor-align-center elementor-widget elementor-widget-button\" data-id=\"6e3033b\" data-element_type=\"widget\" data-e-type=\"widget\" data-widget_type=\"button.default\">\n\t\t\t\t<div class=\"elementor-widget-container\">\n\t\t\t\t\t\t\t\t\t<div class=\"elementor-button-wrapper\">\n\t\t\t\t\t<a class=\"elementor-button elementor-button-link elementor-size-sm\" href=\"https:\/\/editionspierredetaillac.com\/products\/selva-le-3e-regiment-etranger-dinfanterie-en-guyane\">\n\t\t\t\t\t\t<span class=\"elementor-button-content-wrapper\">\n\t\t\t\t\t\t\t\t\t<span class=\"elementor-button-text\">Click here<\/span>\n\t\t\t\t\t<\/span>\n\t\t\t\t\t<\/a>\n\t\t\t\t<\/div>\n\t\t\t\t\t\t\t\t<\/div>\n\t\t\t\t<\/div>\n\t\t\t\t\t<\/div>\n\t\t<\/div>\n\t\t\t\t\t<\/div>\n\t\t<\/section>\n\t\t\t\t<\/div>","protected":false},"excerpt":{"rendered":"<p>In 2022, the 'Armaments and Defence Economics' (AED), 'Economic Defence and Security' (DSE) and 'Digital Sovereignty and Cyber Security' (SNC) majors were hosted in French Guiana by the 3rd Foreign Infantry Regiment (REI). Heir to the R\u00e9giment de marche de la L\u00e9gion \u00e9trang\u00e8re (RMLE) created in 1915, the 3rd REI moved to French Guiana in 1973. The special ties forged during this visit were further strengthened last month when the 232nd session was held in the region, further cementing the regiment's partnership with the IHEDN.<\/p>","protected":false},"author":12,"featured_media":40551,"comment_status":"closed","ping_status":"closed","sticky":false,"template":"","format":"standard","meta":{"footnotes":""},"categories":[172],"tags":[],"class_list":["post-40547","post","type-post","status-publish","format-standard","has-post-thumbnail","hentry","category-notre-actualite"],"yoast_head":"<!-- This site is optimized with the Yoast SEO plugin v27.5 - https:\/\/yoast.com\/product\/yoast-seo-wordpress\/ -->\n<title>Un livre pour le cinquantenaire du 3e REI en Guyane - L&#039;IHEDN : Institut des hautes \u00e9tudes de d\u00e9fense nationale<\/title>\n<meta name=\"robots\" content=\"index, follow, max-snippet:-1, max-image-preview:large, max-video-preview:-1\" \/>\n<link rel=\"canonical\" href=\"https:\/\/ihedn.fr\/en\/notre-actualite\/un-livre-pour-le-cinquantenaire-du-3e-rei-en-guyane\/\" \/>\n<meta property=\"og:locale\" content=\"en_GB\" \/>\n<meta property=\"og:type\" content=\"article\" \/>\n<meta property=\"og:title\" content=\"Un livre pour le cinquantenaire du 3e REI en Guyane\" \/>\n<meta property=\"og:description\" content=\"Un livre pour le cinquantenaire du 3e REI en GuyanEn 2022, les majeures \u00ab Armement et \u00e9conomie de d\u00e9fense (AED), \u00ab D\u00e9fense et s\u00e9curit\u00e9 \u00e9conomiques \u00bb (DSE) et \u00ab Souverainet\u00e9 num\u00e9rique et cyber s\u00e9curit\u00e9 (SNC) \u00e9taient accueillies en Guyane par le 3e R\u00e9giment \u00e9tranger d\u2019infanterie (REI). H\u00e9ritier du R\u00e9giment de marche de la L\u00e9gion \u00e9trang\u00e8re (RMLE) cr\u00e9\u00e9 en 1915, le 3e REI s\u2019est install\u00e9 en Guyane en 1973. Les liens particuliers qui se sont nou\u00e9s \u00e0 l\u2019occasion de cette visite n\u2019ont \u00e9t\u00e9 que renforc\u00e9s par la tenue le mois dernier de la 232e session en r\u00e9gion, achevant de solidifier le partenariat du r\u00e9giment avec l\u2019IHEDN.\" \/>\n<meta property=\"og:url\" content=\"https:\/\/ihedn.fr\/en\/notre-actualite\/un-livre-pour-le-cinquantenaire-du-3e-rei-en-guyane\/\" \/>\n<meta property=\"og:site_name\" content=\"L&#039;IHEDN : Institut des hautes \u00e9tudes de d\u00e9fense nationale\" \/>\n<meta property=\"article:publisher\" content=\"https:\/\/www.facebook.com\/ihedn\/\" \/>\n<meta property=\"article:published_time\" content=\"2023-06-15T13:27:18+00:00\" \/>\n<meta property=\"article:modified_time\" content=\"2023-06-15T15:28:13+00:00\" \/>\n<meta property=\"og:image\" content=\"https:\/\/ihedn.fr\/wp-content\/uploads\/2023\/06\/SELVA-1024x1024.jpg\" \/>\n\t<meta property=\"og:image:width\" content=\"1024\" \/>\n\t<meta property=\"og:image:height\" content=\"1024\" \/>\n\t<meta property=\"og:image:type\" content=\"image\/jpeg\" \/>\n<meta name=\"author\" content=\"Ad\u00e8le Thoumieux\" \/>\n<meta name=\"twitter:card\" content=\"summary_large_image\" \/>\n<meta name=\"twitter:title\" content=\"Un livre pour le cinquantenaire du 3e REI en Guyane\" \/>\n<meta name=\"twitter:description\" content=\"En 2022, les majeures \u00ab Armement et \u00e9conomie de d\u00e9fense (AED), \u00ab D\u00e9fense et s\u00e9curit\u00e9 \u00e9conomiques \u00bb (DSE) et \u00ab Souverainet\u00e9 num\u00e9rique et cyber s\u00e9curit\u00e9 (SNC) \u00e9taient accueillies en Guyane par le 3e R\u00e9giment \u00e9tranger d\u2019infanterie (REI). H\u00e9ritier du R\u00e9giment de marche de la L\u00e9gion \u00e9trang\u00e8re (RMLE) cr\u00e9\u00e9 en 1915, le 3e REI s\u2019est install\u00e9 en Guyane en 1973. Les liens particuliers qui se sont nou\u00e9s \u00e0 l\u2019occasion de cette visite n\u2019ont \u00e9t\u00e9 que renforc\u00e9s par la tenue le mois dernier de la 232e session en r\u00e9gion, achevant de solidifier le partenariat du r\u00e9giment avec l\u2019IHEDN.\" \/>\n<meta name=\"twitter:image\" content=\"https:\/\/ihedn.fr\/wp-content\/uploads\/2023\/06\/SELVA.jpg\" \/>\n<meta name=\"twitter:creator\" content=\"@IHEDN\" \/>\n<meta name=\"twitter:site\" content=\"@IHEDN\" \/>\n<meta name=\"twitter:label1\" content=\"Written by\" \/>\n\t<meta name=\"twitter:data1\" content=\"Ad\u00e8le Thoumieux\" \/>\n\t<meta name=\"twitter:label2\" content=\"Estimated reading time\" \/>\n\t<meta name=\"twitter:data2\" content=\"1 minute\" \/>\n<script type=\"application\/ld+json\" class=\"yoast-schema-graph\">{\"@context\":\"https:\\\/\\\/schema.org\",\"@graph\":[{\"@type\":\"Article\",\"@id\":\"https:\\\/\\\/ihedn.fr\\\/notre-actualite\\\/un-livre-pour-le-cinquantenaire-du-3e-rei-en-guyane\\\/#article\",\"isPartOf\":{\"@id\":\"https:\\\/\\\/ihedn.fr\\\/notre-actualite\\\/un-livre-pour-le-cinquantenaire-du-3e-rei-en-guyane\\\/\"},\"author\":{\"name\":\"Ad\u00e8le Thoumieux\",\"@id\":\"https:\\\/\\\/ihedn.fr\\\/#\\\/schema\\\/person\\\/16d49c2bd0121499ea9b9023ce89826c\"},\"headline\":\"Un livre pour le cinquantenaire du 3e REI en Guyane\",\"datePublished\":\"2023-06-15T13:27:18+00:00\",\"dateModified\":\"2023-06-15T15:28:13+00:00\",\"mainEntityOfPage\":{\"@id\":\"https:\\\/\\\/ihedn.fr\\\/notre-actualite\\\/un-livre-pour-le-cinquantenaire-du-3e-rei-en-guyane\\\/\"},\"wordCount\":129,\"publisher\":{\"@id\":\"https:\\\/\\\/ihedn.fr\\\/#organization\"},\"image\":{\"@id\":\"https:\\\/\\\/ihedn.fr\\\/notre-actualite\\\/un-livre-pour-le-cinquantenaire-du-3e-rei-en-guyane\\\/#primaryimage\"},\"thumbnailUrl\":\"https:\\\/\\\/ihedn.fr\\\/wp-content\\\/uploads\\\/2023\\\/06\\\/SELVA.jpg\",\"articleSection\":[\"Notre actualit\u00e9\"],\"inLanguage\":\"en-GB\"},{\"@type\":\"WebPage\",\"@id\":\"https:\\\/\\\/ihedn.fr\\\/notre-actualite\\\/un-livre-pour-le-cinquantenaire-du-3e-rei-en-guyane\\\/\",\"url\":\"https:\\\/\\\/ihedn.fr\\\/notre-actualite\\\/un-livre-pour-le-cinquantenaire-du-3e-rei-en-guyane\\\/\",\"name\":\"Un livre pour le cinquantenaire du 3e REI en Guyane - L&#039;IHEDN : Institut des hautes \u00e9tudes de d\u00e9fense nationale\",\"isPartOf\":{\"@id\":\"https:\\\/\\\/ihedn.fr\\\/#website\"},\"primaryImageOfPage\":{\"@id\":\"https:\\\/\\\/ihedn.fr\\\/notre-actualite\\\/un-livre-pour-le-cinquantenaire-du-3e-rei-en-guyane\\\/#primaryimage\"},\"image\":{\"@id\":\"https:\\\/\\\/ihedn.fr\\\/notre-actualite\\\/un-livre-pour-le-cinquantenaire-du-3e-rei-en-guyane\\\/#primaryimage\"},\"thumbnailUrl\":\"https:\\\/\\\/ihedn.fr\\\/wp-content\\\/uploads\\\/2023\\\/06\\\/SELVA.jpg\",\"datePublished\":\"2023-06-15T13:27:18+00:00\",\"dateModified\":\"2023-06-15T15:28:13+00:00\",\"breadcrumb\":{\"@id\":\"https:\\\/\\\/ihedn.fr\\\/notre-actualite\\\/un-livre-pour-le-cinquantenaire-du-3e-rei-en-guyane\\\/#breadcrumb\"},\"inLanguage\":\"en-GB\",\"potentialAction\":[{\"@type\":\"ReadAction\",\"target\":[\"https:\\\/\\\/ihedn.fr\\\/notre-actualite\\\/un-livre-pour-le-cinquantenaire-du-3e-rei-en-guyane\\\/\"]}]},{\"@type\":\"ImageObject\",\"inLanguage\":\"en-GB\",\"@id\":\"https:\\\/\\\/ihedn.fr\\\/notre-actualite\\\/un-livre-pour-le-cinquantenaire-du-3e-rei-en-guyane\\\/#primaryimage\",\"url\":\"https:\\\/\\\/ihedn.fr\\\/wp-content\\\/uploads\\\/2023\\\/06\\\/SELVA.jpg\",\"contentUrl\":\"https:\\\/\\\/ihedn.fr\\\/wp-content\\\/uploads\\\/2023\\\/06\\\/SELVA.jpg\",\"width\":2133,\"height\":1200,\"caption\":\"Un livre pour le cinquantenaire du 3e REI en Guyane\"},{\"@type\":\"BreadcrumbList\",\"@id\":\"https:\\\/\\\/ihedn.fr\\\/notre-actualite\\\/un-livre-pour-le-cinquantenaire-du-3e-rei-en-guyane\\\/#breadcrumb\",\"itemListElement\":[{\"@type\":\"ListItem\",\"position\":1,\"name\":\"Accueil\",\"item\":\"https:\\\/\\\/ihedn.fr\\\/\"},{\"@type\":\"ListItem\",\"position\":2,\"name\":\"Un livre pour le cinquantenaire du 3e REI en Guyane\"}]},{\"@type\":\"WebSite\",\"@id\":\"https:\\\/\\\/ihedn.fr\\\/#website\",\"url\":\"https:\\\/\\\/ihedn.fr\\\/\",\"name\":\"IHEDN : Institut des hautes \u00e9tudes de d\u00e9fense nationale |\",\"description\":\"Site officiel de l&#039;IHEDN plac\u00e9 sous la tutelle du Premier ministre.\",\"publisher\":{\"@id\":\"https:\\\/\\\/ihedn.fr\\\/#organization\"},\"potentialAction\":[{\"@type\":\"SearchAction\",\"target\":{\"@type\":\"EntryPoint\",\"urlTemplate\":\"https:\\\/\\\/ihedn.fr\\\/?s={search_term_string}\"},\"query-input\":{\"@type\":\"PropertyValueSpecification\",\"valueRequired\":true,\"valueName\":\"search_term_string\"}}],\"inLanguage\":\"en-GB\"},{\"@type\":\"Organization\",\"@id\":\"https:\\\/\\\/ihedn.fr\\\/#organization\",\"name\":\"IHEDN - Institut des Hautes Etudes de D\u00e9fense Nationale\",\"url\":\"https:\\\/\\\/ihedn.fr\\\/\",\"logo\":{\"@type\":\"ImageObject\",\"inLanguage\":\"en-GB\",\"@id\":\"https:\\\/\\\/ihedn.fr\\\/#\\\/schema\\\/logo\\\/image\\\/\",\"url\":\"https:\\\/\\\/ihedn.fr\\\/wp-content\\\/uploads\\\/2020\\\/11\\\/BLOC_RF_IHEDN_WEB.png\",\"contentUrl\":\"https:\\\/\\\/ihedn.fr\\\/wp-content\\\/uploads\\\/2020\\\/11\\\/BLOC_RF_IHEDN_WEB.png\",\"width\":500,\"height\":237,\"caption\":\"IHEDN - Institut des Hautes Etudes de D\u00e9fense Nationale\"},\"image\":{\"@id\":\"https:\\\/\\\/ihedn.fr\\\/#\\\/schema\\\/logo\\\/image\\\/\"},\"sameAs\":[\"https:\\\/\\\/www.facebook.com\\\/ihedn\\\/\",\"https:\\\/\\\/x.com\\\/IHEDN\",\"https:\\\/\\\/www.instagram.com\\\/ihedn\\\/\",\"https:\\\/\\\/www.linkedin.com\\\/school\\\/ihedn\\\/\",\"https:\\\/\\\/fr.wikipedia.org\\\/wiki\\\/Institut_des_hautes_\u00e9tudes_de_D\u00e9fense_nationale\"]},{\"@type\":\"Person\",\"@id\":\"https:\\\/\\\/ihedn.fr\\\/#\\\/schema\\\/person\\\/16d49c2bd0121499ea9b9023ce89826c\",\"name\":\"Ad\u00e8le Thoumieux\",\"image\":{\"@type\":\"ImageObject\",\"inLanguage\":\"en-GB\",\"@id\":\"https:\\\/\\\/secure.gravatar.com\\\/avatar\\\/64fc58d14679bdd185946349bcb229b06e37d30d6290c2bec15f1daa8f8e0ece?s=96&d=mm&r=g\",\"url\":\"https:\\\/\\\/secure.gravatar.com\\\/avatar\\\/64fc58d14679bdd185946349bcb229b06e37d30d6290c2bec15f1daa8f8e0ece?s=96&d=mm&r=g\",\"contentUrl\":\"https:\\\/\\\/secure.gravatar.com\\\/avatar\\\/64fc58d14679bdd185946349bcb229b06e37d30d6290c2bec15f1daa8f8e0ece?s=96&d=mm&r=g\",\"caption\":\"Ad\u00e8le Thoumieux\"},\"sameAs\":[\"http:\\\/\\\/ihedn.fr\"],\"url\":\"https:\\\/\\\/ihedn.fr\\\/en\\\/author\\\/thoumieux\\\/\"}]}<\/script>\n<!-- \/ Yoast SEO plugin. -->","yoast_head_json":{"title":"A book to mark the fiftieth anniversary of the 3rd REI in French Guiana - L'IHEDN : Institut des hautes \u00e9tudes de d\u00e9fense nationale","robots":{"index":"index","follow":"follow","max-snippet":"max-snippet:-1","max-image-preview":"max-image-preview:large","max-video-preview":"max-video-preview:-1"},"canonical":"https:\/\/ihedn.fr\/en\/notre-actualite\/un-livre-pour-le-cinquantenaire-du-3e-rei-en-guyane\/","og_locale":"en_GB","og_type":"article","og_title":"Un livre pour le cinquantenaire du 3e REI en Guyane","og_description":"Un livre pour le cinquantenaire du 3e REI en GuyanEn 2022, les majeures \u00ab Armement et \u00e9conomie de d\u00e9fense (AED), \u00ab D\u00e9fense et s\u00e9curit\u00e9 \u00e9conomiques \u00bb (DSE) et \u00ab Souverainet\u00e9 num\u00e9rique et cyber s\u00e9curit\u00e9 (SNC) \u00e9taient accueillies en Guyane par le 3e R\u00e9giment \u00e9tranger d\u2019infanterie (REI). H\u00e9ritier du R\u00e9giment de marche de la L\u00e9gion \u00e9trang\u00e8re (RMLE) cr\u00e9\u00e9 en 1915, le 3e REI s\u2019est install\u00e9 en Guyane en 1973. Les liens particuliers qui se sont nou\u00e9s \u00e0 l\u2019occasion de cette visite n\u2019ont \u00e9t\u00e9 que renforc\u00e9s par la tenue le mois dernier de la 232e session en r\u00e9gion, achevant de solidifier le partenariat du r\u00e9giment avec l\u2019IHEDN.","og_url":"https:\/\/ihedn.fr\/en\/notre-actualite\/un-livre-pour-le-cinquantenaire-du-3e-rei-en-guyane\/","og_site_name":"L&#039;IHEDN : Institut des hautes \u00e9tudes de d\u00e9fense nationale","article_publisher":"https:\/\/www.facebook.com\/ihedn\/","article_published_time":"2023-06-15T13:27:18+00:00","article_modified_time":"2023-06-15T15:28:13+00:00","og_image":[{"width":1024,"height":1024,"url":"https:\/\/ihedn.fr\/wp-content\/uploads\/2023\/06\/SELVA-1024x1024.jpg","type":"image\/jpeg"}],"author":"Ad\u00e8le Thoumieux","twitter_card":"summary_large_image","twitter_title":"Un livre pour le cinquantenaire du 3e REI en Guyane","twitter_description":"En 2022, les majeures \u00ab Armement et \u00e9conomie de d\u00e9fense (AED), \u00ab D\u00e9fense et s\u00e9curit\u00e9 \u00e9conomiques \u00bb (DSE) et \u00ab Souverainet\u00e9 num\u00e9rique et cyber s\u00e9curit\u00e9 (SNC) \u00e9taient accueillies en Guyane par le 3e R\u00e9giment \u00e9tranger d\u2019infanterie (REI). H\u00e9ritier du R\u00e9giment de marche de la L\u00e9gion \u00e9trang\u00e8re (RMLE) cr\u00e9\u00e9 en 1915, le 3e REI s\u2019est install\u00e9 en Guyane en 1973. Les liens particuliers qui se sont nou\u00e9s \u00e0 l\u2019occasion de cette visite n\u2019ont \u00e9t\u00e9 que renforc\u00e9s par la tenue le mois dernier de la 232e session en r\u00e9gion, achevant de solidifier le partenariat du r\u00e9giment avec l\u2019IHEDN.","twitter_image":"https:\/\/ihedn.fr\/wp-content\/uploads\/2023\/06\/SELVA.jpg","twitter_creator":"@IHEDN","twitter_site":"@IHEDN","twitter_misc":{"Written by":"Ad\u00e8le Thoumieux","Estimated reading time":"1 minute"},"schema":{"@context":"https:\/\/schema.org","@graph":[{"@type":"Article","@id":"https:\/\/ihedn.fr\/notre-actualite\/un-livre-pour-le-cinquantenaire-du-3e-rei-en-guyane\/#article","isPartOf":{"@id":"https:\/\/ihedn.fr\/notre-actualite\/un-livre-pour-le-cinquantenaire-du-3e-rei-en-guyane\/"},"author":{"name":"Ad\u00e8le Thoumieux","@id":"https:\/\/ihedn.fr\/#\/schema\/person\/16d49c2bd0121499ea9b9023ce89826c"},"headline":"Un livre pour le cinquantenaire du 3e REI en Guyane","datePublished":"2023-06-15T13:27:18+00:00","dateModified":"2023-06-15T15:28:13+00:00","mainEntityOfPage":{"@id":"https:\/\/ihedn.fr\/notre-actualite\/un-livre-pour-le-cinquantenaire-du-3e-rei-en-guyane\/"},"wordCount":129,"publisher":{"@id":"https:\/\/ihedn.fr\/#organization"},"image":{"@id":"https:\/\/ihedn.fr\/notre-actualite\/un-livre-pour-le-cinquantenaire-du-3e-rei-en-guyane\/#primaryimage"},"thumbnailUrl":"https:\/\/ihedn.fr\/wp-content\/uploads\/2023\/06\/SELVA.jpg","articleSection":["Notre actualit\u00e9"],"inLanguage":"en-GB"},{"@type":"WebPage","@id":"https:\/\/ihedn.fr\/notre-actualite\/un-livre-pour-le-cinquantenaire-du-3e-rei-en-guyane\/","url":"https:\/\/ihedn.fr\/notre-actualite\/un-livre-pour-le-cinquantenaire-du-3e-rei-en-guyane\/","name":"A book to mark the fiftieth anniversary of the 3rd REI in French Guiana - L'IHEDN : Institut des hautes \u00e9tudes de d\u00e9fense nationale","isPartOf":{"@id":"https:\/\/ihedn.fr\/#website"},"primaryImageOfPage":{"@id":"https:\/\/ihedn.fr\/notre-actualite\/un-livre-pour-le-cinquantenaire-du-3e-rei-en-guyane\/#primaryimage"},"image":{"@id":"https:\/\/ihedn.fr\/notre-actualite\/un-livre-pour-le-cinquantenaire-du-3e-rei-en-guyane\/#primaryimage"},"thumbnailUrl":"https:\/\/ihedn.fr\/wp-content\/uploads\/2023\/06\/SELVA.jpg","datePublished":"2023-06-15T13:27:18+00:00","dateModified":"2023-06-15T15:28:13+00:00","breadcrumb":{"@id":"https:\/\/ihedn.fr\/notre-actualite\/un-livre-pour-le-cinquantenaire-du-3e-rei-en-guyane\/#breadcrumb"},"inLanguage":"en-GB","potentialAction":[{"@type":"ReadAction","target":["https:\/\/ihedn.fr\/notre-actualite\/un-livre-pour-le-cinquantenaire-du-3e-rei-en-guyane\/"]}]},{"@type":"ImageObject","inLanguage":"en-GB","@id":"https:\/\/ihedn.fr\/notre-actualite\/un-livre-pour-le-cinquantenaire-du-3e-rei-en-guyane\/#primaryimage","url":"https:\/\/ihedn.fr\/wp-content\/uploads\/2023\/06\/SELVA.jpg","contentUrl":"https:\/\/ihedn.fr\/wp-content\/uploads\/2023\/06\/SELVA.jpg","width":2133,"height":1200,"caption":"Un livre pour le cinquantenaire du 3e REI en Guyane"},{"@type":"BreadcrumbList","@id":"https:\/\/ihedn.fr\/notre-actualite\/un-livre-pour-le-cinquantenaire-du-3e-rei-en-guyane\/#breadcrumb","itemListElement":[{"@type":"ListItem","position":1,"name":"Accueil","item":"https:\/\/ihedn.fr\/"},{"@type":"ListItem","position":2,"name":"Un livre pour le cinquantenaire du 3e REI en Guyane"}]},{"@type":"WebSite","@id":"https:\/\/ihedn.fr\/#website","url":"https:\/\/ihedn.fr\/","name":"IHEDN: Institut des hautes \u00e9tudes de d\u00e9fense nationale (Institute for Higher National Defence Studies)","description":"Official website of the IHEDN under the supervision of the Prime Minister.","publisher":{"@id":"https:\/\/ihedn.fr\/#organization"},"potentialAction":[{"@type":"SearchAction","target":{"@type":"EntryPoint","urlTemplate":"https:\/\/ihedn.fr\/?s={search_term_string}"},"query-input":{"@type":"PropertyValueSpecification","valueRequired":true,"valueName":"search_term_string"}}],"inLanguage":"en-GB"},{"@type":"Organization","@id":"https:\/\/ihedn.fr\/#organization","name":"IHEDN - Institute for Higher National Defence Studies","url":"https:\/\/ihedn.fr\/","logo":{"@type":"ImageObject","inLanguage":"en-GB","@id":"https:\/\/ihedn.fr\/#\/schema\/logo\/image\/","url":"https:\/\/ihedn.fr\/wp-content\/uploads\/2020\/11\/BLOC_RF_IHEDN_WEB.png","contentUrl":"https:\/\/ihedn.fr\/wp-content\/uploads\/2020\/11\/BLOC_RF_IHEDN_WEB.png","width":500,"height":237,"caption":"IHEDN - Institut des Hautes Etudes de D\u00e9fense Nationale"},"image":{"@id":"https:\/\/ihedn.fr\/#\/schema\/logo\/image\/"},"sameAs":["https:\/\/www.facebook.com\/ihedn\/","https:\/\/x.com\/IHEDN","https:\/\/www.instagram.com\/ihedn\/","https:\/\/www.linkedin.com\/school\/ihedn\/","https:\/\/fr.wikipedia.org\/wiki\/Institut_des_hautes_\u00e9tudes_de_D\u00e9fense_nationale"]},{"@type":"Person","@id":"https:\/\/ihedn.fr\/#\/schema\/person\/16d49c2bd0121499ea9b9023ce89826c","name":"Ad\u00e8le Thoumieux","image":{"@type":"ImageObject","inLanguage":"en-GB","@id":"https:\/\/secure.gravatar.com\/avatar\/64fc58d14679bdd185946349bcb229b06e37d30d6290c2bec15f1daa8f8e0ece?s=96&d=mm&r=g","url":"https:\/\/secure.gravatar.com\/avatar\/64fc58d14679bdd185946349bcb229b06e37d30d6290c2bec15f1daa8f8e0ece?s=96&d=mm&r=g","contentUrl":"https:\/\/secure.gravatar.com\/avatar\/64fc58d14679bdd185946349bcb229b06e37d30d6290c2bec15f1daa8f8e0ece?s=96&d=mm&r=g","caption":"Ad\u00e8le Thoumieux"},"sameAs":["http:\/\/ihedn.fr"],"url":"https:\/\/ihedn.fr\/en\/author\/thoumieux\/"}]}},"publishpress_future_action":{"enabled":false,"date":"2026-05-09 07:12:18","action":"change-status","newStatus":"draft","terms":[],"taxonomy":"category","extraData":[]},"publishpress_future_workflow_manual_trigger":{"enabledWorkflows":[]},"_links":{"self":[{"href":"https:\/\/ihedn.fr\/en\/wp-json\/wp\/v2\/posts\/40547","targetHints":{"allow":["GET"]}}],"collection":[{"href":"https:\/\/ihedn.fr\/en\/wp-json\/wp\/v2\/posts"}],"about":[{"href":"https:\/\/ihedn.fr\/en\/wp-json\/wp\/v2\/types\/post"}],"author":[{"embeddable":true,"href":"https:\/\/ihedn.fr\/en\/wp-json\/wp\/v2\/users\/12"}],"replies":[{"embeddable":true,"href":"https:\/\/ihedn.fr\/en\/wp-json\/wp\/v2\/comments?post=40547"}],"version-history":[{"count":11,"href":"https:\/\/ihedn.fr\/en\/wp-json\/wp\/v2\/posts\/40547\/revisions"}],"predecessor-version":[{"id":40645,"href":"https:\/\/ihedn.fr\/en\/wp-json\/wp\/v2\/posts\/40547\/revisions\/40645"}],"wp:featuredmedia":[{"embeddable":true,"href":"https:\/\/ihedn.fr\/en\/wp-json\/wp\/v2\/media\/40551"}],"wp:attachment":[{"href":"https:\/\/ihedn.fr\/en\/wp-json\/wp\/v2\/media?parent=40547"}],"wp:term":[{"taxonomy":"category","embeddable":true,"href":"https:\/\/ihedn.fr\/en\/wp-json\/wp\/v2\/categories?post=40547"},{"taxonomy":"post_tag","embeddable":true,"href":"https:\/\/ihedn.fr\/en\/wp-json\/wp\/v2\/tags?post=40547"}],"curies":[{"name":"wp","href":"https:\/\/api.w.org\/{rel}","templated":true}]}}