{"id":41035,"date":"2023-06-29T14:48:30","date_gmt":"2023-06-29T13:48:30","guid":{"rendered":"https:\/\/ihedn.fr\/?p=41035"},"modified":"2023-06-29T14:48:40","modified_gmt":"2023-06-29T13:48:40","slug":"cybersecurite-et-entreprises-un-nouveau-module-pour-les-tpe-pme","status":"publish","type":"post","link":"https:\/\/ihedn.fr\/en\/notre-actualite\/cybersecurite-et-entreprises-un-nouveau-module-pour-les-tpe-pme\/","title":{"rendered":"Cybersecurity and businesses: a new module for VSEs and SMEs"},"content":{"rendered":"<div data-elementor-type=\"wp-post\" data-elementor-id=\"41035\" class=\"elementor elementor-41035\" data-elementor-post-type=\"post\">\n\t\t\t\t\t\t<section data-particle_enable=\"false\" data-particle-mobile-disabled=\"false\" class=\"elementor-section elementor-top-section elementor-element elementor-element-fed6d9b elementor-section-boxed elementor-section-height-default elementor-section-height-default\" data-id=\"fed6d9b\" data-element_type=\"section\" data-e-type=\"section\">\n\t\t\t\t\t\t<div class=\"elementor-container elementor-column-gap-default\">\n\t\t\t\t\t<div class=\"elementor-column elementor-col-100 elementor-top-column elementor-element elementor-element-3496690\" data-id=\"3496690\" data-element_type=\"column\" data-e-type=\"column\">\n\t\t\t<div class=\"elementor-widget-wrap elementor-element-populated\">\n\t\t\t\t\t\t<div class=\"elementor-element elementor-element-304a18a elementor-widget elementor-widget-text-editor\" data-id=\"304a18a\" data-element_type=\"widget\" data-e-type=\"widget\" data-widget_type=\"text-editor.default\">\n\t\t\t\t<div class=\"elementor-widget-container\">\n\t\t\t\t\t\t\t\t\t<p style=\"margin-top: 0cm; text-align: justify; background: white;\">95 % of companies surveyed in 2022 as part of the France Num barometer claim to work with at least one digital management solution, and 44 % of them fear losing or having their digital data pirated.<\/p><p style=\"margin-top: 0cm; text-align: justify; background: white;\">The digital transformation presents a dual reality: while it makes the world safer in many respects, it also brings its share of new risks to the security of corporate information services and data protection: data theft, ransomware, damage to image or sabotage can have serious and sometimes irreversible consequences.<\/p><p style=\"text-align: justify; background: white;\">Such risks do not spare small, medium-sized and intermediate structures: in the absence of protection systems, they can be a prime target for malicious actors.<\/p><p style=\"margin-top: 0cm; text-align: justify; background: white;\">As a result, information systems security is becoming a key issue for companies.<\/p>\t\t\t\t\t\t\t\t<\/div>\n\t\t\t\t<\/div>\n\t\t\t\t\t<\/div>\n\t\t<\/div>\n\t\t\t\t\t<\/div>\n\t\t<\/section>\n\t\t\t\t<section data-particle_enable=\"false\" data-particle-mobile-disabled=\"false\" class=\"elementor-section elementor-top-section elementor-element elementor-element-8fe7992 elementor-section-boxed elementor-section-height-default elementor-section-height-default\" data-id=\"8fe7992\" data-element_type=\"section\" data-e-type=\"section\">\n\t\t\t\t\t\t<div class=\"elementor-container elementor-column-gap-default\">\n\t\t\t\t\t<div class=\"elementor-column elementor-col-50 elementor-top-column elementor-element elementor-element-642aa3b\" data-id=\"642aa3b\" data-element_type=\"column\" data-e-type=\"column\">\n\t\t\t<div class=\"elementor-widget-wrap elementor-element-populated\">\n\t\t\t\t\t\t<div class=\"elementor-element elementor-element-61beb03 elementor-widget elementor-widget-text-editor\" data-id=\"61beb03\" data-element_type=\"widget\" data-e-type=\"widget\" data-widget_type=\"text-editor.default\">\n\t\t\t\t<div class=\"elementor-widget-container\">\n\t\t\t\t\t\t\t\t\t<p style=\"margin-top: 0cm; text-align: justify; background: white;\">The VSE-SME cybersecurity module offered by IHEDN aims to provide participants with the tools and practical knowledge they need to protect their organisation from the risks and threats to information systems.<\/p><p style=\"margin-top: 0cm; text-align: justify; background: white;\">The two-day course (14 hours) is based on lectures and practical case studies.<\/p>\t\t\t\t\t\t\t\t<\/div>\n\t\t\t\t<\/div>\n\t\t\t\t\t<\/div>\n\t\t<\/div>\n\t\t\t\t<div class=\"elementor-column elementor-col-50 elementor-top-column elementor-element elementor-element-b6ea32d\" data-id=\"b6ea32d\" data-element_type=\"column\" data-e-type=\"column\">\n\t\t\t<div class=\"elementor-widget-wrap elementor-element-populated\">\n\t\t\t\t\t\t<div class=\"elementor-element elementor-element-fc8e837 elementor-widget elementor-widget-text-editor\" data-id=\"fc8e837\" data-element_type=\"widget\" data-e-type=\"widget\" data-widget_type=\"text-editor.default\">\n\t\t\t\t<div class=\"elementor-widget-container\">\n\t\t\t\t\t\t\t\t\t<p>To find out more about the challenges of economic and digital sovereignty, apply for the next IHEDN course in economic and strategic intelligence (IES), which will be held from 7 to 15 November 2023 at the Ecole Militaire, or the first regional IES courses, in Lyon, in December 2023.<\/p>\t\t\t\t\t\t\t\t<\/div>\n\t\t\t\t<\/div>\n\t\t\t\t\t<\/div>\n\t\t<\/div>\n\t\t\t\t\t<\/div>\n\t\t<\/section>\n\t\t\t\t<\/div>","protected":false},"excerpt":{"rendered":"<p>On 27 and 28 June 2023, the IHEDN is organising a new cybersecurity course at the \u00c9cole Militaire, aimed in particular at managers of very small businesses and small and medium-sized enterprises.<\/p>","protected":false},"author":12,"featured_media":41036,"comment_status":"closed","ping_status":"closed","sticky":false,"template":"","format":"standard","meta":{"footnotes":""},"categories":[172],"tags":[],"class_list":["post-41035","post","type-post","status-publish","format-standard","has-post-thumbnail","hentry","category-notre-actualite"],"yoast_head":"<!-- This site is optimized with the Yoast SEO plugin v27.5 - https:\/\/yoast.com\/product\/yoast-seo-wordpress\/ -->\n<title>Cybers\u00e9curit\u00e9 et entreprises : un nouveau module pour les TPE-PME - L&#039;IHEDN : Institut des hautes \u00e9tudes de d\u00e9fense nationale<\/title>\n<meta name=\"description\" content=\"L\u2019IHEDN a organis\u00e9 du 31 janvier au 8 f\u00e9vrier 2023, le 79e cycle en Intelligence \u00e9conomique et strat\u00e9gique (IES), au sein de l\u2019\u00c9cole militaire.\" \/>\n<meta name=\"robots\" content=\"index, follow, max-snippet:-1, max-image-preview:large, max-video-preview:-1\" \/>\n<link rel=\"canonical\" href=\"https:\/\/ihedn.fr\/en\/actualites-des-sessions\/ie-actualites-des-sessions\/cybersecurite-et-entreprises-un-nouveau-module-pour-les-tpe-pme\/\" \/>\n<meta property=\"og:locale\" content=\"en_GB\" \/>\n<meta property=\"og:type\" content=\"article\" \/>\n<meta property=\"og:title\" content=\"Cybers\u00e9curit\u00e9 et entreprises : un nouveau module pour les TPE-PME\" \/>\n<meta property=\"og:description\" content=\"Les 27 et 28 juin 2023 l\u2019IHEDN organise \u00e0 l\u2019\u00c9cole militaire, un nouveau cycle en cybers\u00e9curit\u00e9 destin\u00e9 notamment aux dirigeants de tr\u00e8s petites entreprises et petites et moyennes entreprises.\" \/>\n<meta property=\"og:url\" content=\"https:\/\/ihedn.fr\/en\/actualites-des-sessions\/ie-actualites-des-sessions\/cybersecurite-et-entreprises-un-nouveau-module-pour-les-tpe-pme\/\" \/>\n<meta property=\"og:site_name\" content=\"L&#039;IHEDN : Institut des hautes \u00e9tudes de d\u00e9fense nationale\" \/>\n<meta property=\"article:publisher\" content=\"https:\/\/www.facebook.com\/ihedn\/\" \/>\n<meta property=\"article:published_time\" content=\"2023-06-29T13:48:30+00:00\" \/>\n<meta property=\"article:modified_time\" content=\"2023-06-29T13:48:40+00:00\" \/>\n<meta property=\"og:image\" content=\"https:\/\/ihedn.fr\/wp-content\/uploads\/2023\/06\/IHEDN-Cyber-TPEPME-officielle-scaled.jpg\" \/>\n\t<meta property=\"og:image:width\" content=\"2560\" \/>\n\t<meta property=\"og:image:height\" content=\"1810\" \/>\n\t<meta property=\"og:image:type\" content=\"image\/jpeg\" \/>\n<meta name=\"author\" content=\"Ad\u00e8le Thoumieux\" \/>\n<meta name=\"twitter:card\" content=\"summary_large_image\" \/>\n<meta name=\"twitter:title\" content=\"Cybers\u00e9curit\u00e9 et entreprises : un nouveau module pour les TPE-PME Cybers\u00e9curit\u00e9 et entreprises : un nouveau module pour les TPE-PME\" \/>\n<meta name=\"twitter:description\" content=\"Les 27 et 28 juin 2023 l\u2019IHEDN organise \u00e0 l\u2019\u00c9cole militaire, un nouveau cycle en cybers\u00e9curit\u00e9 destin\u00e9 notamment aux dirigeants de tr\u00e8s petites entreprises et petites et moyennes entreprises.\" \/>\n<meta name=\"twitter:image\" content=\"https:\/\/ihedn.fr\/wp-content\/uploads\/2023\/06\/IHEDN-Cyber-TPEPME-officielle-scaled.jpg\" \/>\n<meta name=\"twitter:creator\" content=\"@IHEDN\" \/>\n<meta name=\"twitter:site\" content=\"@IHEDN\" \/>\n<meta name=\"twitter:label1\" content=\"Written by\" \/>\n\t<meta name=\"twitter:data1\" content=\"Ad\u00e8le Thoumieux\" \/>\n\t<meta name=\"twitter:label2\" content=\"Estimated reading time\" \/>\n\t<meta name=\"twitter:data2\" content=\"2 minutes\" \/>\n<script type=\"application\/ld+json\" class=\"yoast-schema-graph\">{\"@context\":\"https:\\\/\\\/schema.org\",\"@graph\":[{\"@type\":\"Article\",\"@id\":\"https:\\\/\\\/ihedn.fr\\\/en\\\/actualites-des-sessions\\\/ie-actualites-des-sessions\\\/cybersecurite-et-entreprises-un-nouveau-module-pour-les-tpe-pme\\\/#article\",\"isPartOf\":{\"@id\":\"https:\\\/\\\/ihedn.fr\\\/en\\\/actualites-des-sessions\\\/ie-actualites-des-sessions\\\/cybersecurite-et-entreprises-un-nouveau-module-pour-les-tpe-pme\\\/\"},\"author\":{\"name\":\"Ad\u00e8le Thoumieux\",\"@id\":\"https:\\\/\\\/ihedn.fr\\\/#\\\/schema\\\/person\\\/16d49c2bd0121499ea9b9023ce89826c\"},\"headline\":\"Cybers\u00e9curit\u00e9 et entreprises : un nouveau module pour les TPE-PME\",\"datePublished\":\"2023-06-29T13:48:30+00:00\",\"dateModified\":\"2023-06-29T13:48:40+00:00\",\"mainEntityOfPage\":{\"@id\":\"https:\\\/\\\/ihedn.fr\\\/en\\\/actualites-des-sessions\\\/ie-actualites-des-sessions\\\/cybersecurite-et-entreprises-un-nouveau-module-pour-les-tpe-pme\\\/\"},\"wordCount\":288,\"publisher\":{\"@id\":\"https:\\\/\\\/ihedn.fr\\\/#organization\"},\"image\":{\"@id\":\"https:\\\/\\\/ihedn.fr\\\/en\\\/actualites-des-sessions\\\/ie-actualites-des-sessions\\\/cybersecurite-et-entreprises-un-nouveau-module-pour-les-tpe-pme\\\/#primaryimage\"},\"thumbnailUrl\":\"https:\\\/\\\/ihedn.fr\\\/wp-content\\\/uploads\\\/2023\\\/06\\\/IHEDN-Cyber-TPEPME-officielle-scaled.jpg\",\"articleSection\":[\"Notre actualit\u00e9\"],\"inLanguage\":\"en-GB\"},{\"@type\":\"WebPage\",\"@id\":\"https:\\\/\\\/ihedn.fr\\\/en\\\/actualites-des-sessions\\\/ie-actualites-des-sessions\\\/cybersecurite-et-entreprises-un-nouveau-module-pour-les-tpe-pme\\\/\",\"url\":\"https:\\\/\\\/ihedn.fr\\\/en\\\/actualites-des-sessions\\\/ie-actualites-des-sessions\\\/cybersecurite-et-entreprises-un-nouveau-module-pour-les-tpe-pme\\\/\",\"name\":\"Cybers\u00e9curit\u00e9 et entreprises : un nouveau module pour les TPE-PME - L&#039;IHEDN : Institut des hautes \u00e9tudes de d\u00e9fense nationale\",\"isPartOf\":{\"@id\":\"https:\\\/\\\/ihedn.fr\\\/#website\"},\"primaryImageOfPage\":{\"@id\":\"https:\\\/\\\/ihedn.fr\\\/en\\\/actualites-des-sessions\\\/ie-actualites-des-sessions\\\/cybersecurite-et-entreprises-un-nouveau-module-pour-les-tpe-pme\\\/#primaryimage\"},\"image\":{\"@id\":\"https:\\\/\\\/ihedn.fr\\\/en\\\/actualites-des-sessions\\\/ie-actualites-des-sessions\\\/cybersecurite-et-entreprises-un-nouveau-module-pour-les-tpe-pme\\\/#primaryimage\"},\"thumbnailUrl\":\"https:\\\/\\\/ihedn.fr\\\/wp-content\\\/uploads\\\/2023\\\/06\\\/IHEDN-Cyber-TPEPME-officielle-scaled.jpg\",\"datePublished\":\"2023-06-29T13:48:30+00:00\",\"dateModified\":\"2023-06-29T13:48:40+00:00\",\"description\":\"L\u2019IHEDN a organis\u00e9 du 31 janvier au 8 f\u00e9vrier 2023, le 79e cycle en Intelligence \u00e9conomique et strat\u00e9gique (IES), au sein de l\u2019\u00c9cole militaire.\",\"breadcrumb\":{\"@id\":\"https:\\\/\\\/ihedn.fr\\\/en\\\/actualites-des-sessions\\\/ie-actualites-des-sessions\\\/cybersecurite-et-entreprises-un-nouveau-module-pour-les-tpe-pme\\\/#breadcrumb\"},\"inLanguage\":\"en-GB\",\"potentialAction\":[{\"@type\":\"ReadAction\",\"target\":[\"https:\\\/\\\/ihedn.fr\\\/en\\\/actualites-des-sessions\\\/ie-actualites-des-sessions\\\/cybersecurite-et-entreprises-un-nouveau-module-pour-les-tpe-pme\\\/\"]}]},{\"@type\":\"ImageObject\",\"inLanguage\":\"en-GB\",\"@id\":\"https:\\\/\\\/ihedn.fr\\\/en\\\/actualites-des-sessions\\\/ie-actualites-des-sessions\\\/cybersecurite-et-entreprises-un-nouveau-module-pour-les-tpe-pme\\\/#primaryimage\",\"url\":\"https:\\\/\\\/ihedn.fr\\\/wp-content\\\/uploads\\\/2023\\\/06\\\/IHEDN-Cyber-TPEPME-officielle-scaled.jpg\",\"contentUrl\":\"https:\\\/\\\/ihedn.fr\\\/wp-content\\\/uploads\\\/2023\\\/06\\\/IHEDN-Cyber-TPEPME-officielle-scaled.jpg\",\"width\":2560,\"height\":1810,\"caption\":\"Nouveau module en cybers\u00e9curit\u00e9 pour les dirigeants de TPE et PME\"},{\"@type\":\"BreadcrumbList\",\"@id\":\"https:\\\/\\\/ihedn.fr\\\/en\\\/actualites-des-sessions\\\/ie-actualites-des-sessions\\\/cybersecurite-et-entreprises-un-nouveau-module-pour-les-tpe-pme\\\/#breadcrumb\",\"itemListElement\":[{\"@type\":\"ListItem\",\"position\":1,\"name\":\"Accueil\",\"item\":\"https:\\\/\\\/ihedn.fr\\\/\"},{\"@type\":\"ListItem\",\"position\":2,\"name\":\"Cybers\u00e9curit\u00e9 et entreprises : un nouveau module pour les TPE-PME\"}]},{\"@type\":\"WebSite\",\"@id\":\"https:\\\/\\\/ihedn.fr\\\/#website\",\"url\":\"https:\\\/\\\/ihedn.fr\\\/\",\"name\":\"IHEDN : Institut des hautes \u00e9tudes de d\u00e9fense nationale |\",\"description\":\"Site officiel de l&#039;IHEDN plac\u00e9 sous la tutelle du Premier ministre.\",\"publisher\":{\"@id\":\"https:\\\/\\\/ihedn.fr\\\/#organization\"},\"potentialAction\":[{\"@type\":\"SearchAction\",\"target\":{\"@type\":\"EntryPoint\",\"urlTemplate\":\"https:\\\/\\\/ihedn.fr\\\/?s={search_term_string}\"},\"query-input\":{\"@type\":\"PropertyValueSpecification\",\"valueRequired\":true,\"valueName\":\"search_term_string\"}}],\"inLanguage\":\"en-GB\"},{\"@type\":\"Organization\",\"@id\":\"https:\\\/\\\/ihedn.fr\\\/#organization\",\"name\":\"IHEDN - Institut des Hautes Etudes de D\u00e9fense Nationale\",\"url\":\"https:\\\/\\\/ihedn.fr\\\/\",\"logo\":{\"@type\":\"ImageObject\",\"inLanguage\":\"en-GB\",\"@id\":\"https:\\\/\\\/ihedn.fr\\\/#\\\/schema\\\/logo\\\/image\\\/\",\"url\":\"https:\\\/\\\/ihedn.fr\\\/wp-content\\\/uploads\\\/2020\\\/11\\\/BLOC_RF_IHEDN_WEB.png\",\"contentUrl\":\"https:\\\/\\\/ihedn.fr\\\/wp-content\\\/uploads\\\/2020\\\/11\\\/BLOC_RF_IHEDN_WEB.png\",\"width\":500,\"height\":237,\"caption\":\"IHEDN - Institut des Hautes Etudes de D\u00e9fense Nationale\"},\"image\":{\"@id\":\"https:\\\/\\\/ihedn.fr\\\/#\\\/schema\\\/logo\\\/image\\\/\"},\"sameAs\":[\"https:\\\/\\\/www.facebook.com\\\/ihedn\\\/\",\"https:\\\/\\\/x.com\\\/IHEDN\",\"https:\\\/\\\/www.instagram.com\\\/ihedn\\\/\",\"https:\\\/\\\/www.linkedin.com\\\/school\\\/ihedn\\\/\",\"https:\\\/\\\/fr.wikipedia.org\\\/wiki\\\/Institut_des_hautes_\u00e9tudes_de_D\u00e9fense_nationale\"]},{\"@type\":\"Person\",\"@id\":\"https:\\\/\\\/ihedn.fr\\\/#\\\/schema\\\/person\\\/16d49c2bd0121499ea9b9023ce89826c\",\"name\":\"Ad\u00e8le Thoumieux\",\"image\":{\"@type\":\"ImageObject\",\"inLanguage\":\"en-GB\",\"@id\":\"https:\\\/\\\/secure.gravatar.com\\\/avatar\\\/64fc58d14679bdd185946349bcb229b06e37d30d6290c2bec15f1daa8f8e0ece?s=96&d=mm&r=g\",\"url\":\"https:\\\/\\\/secure.gravatar.com\\\/avatar\\\/64fc58d14679bdd185946349bcb229b06e37d30d6290c2bec15f1daa8f8e0ece?s=96&d=mm&r=g\",\"contentUrl\":\"https:\\\/\\\/secure.gravatar.com\\\/avatar\\\/64fc58d14679bdd185946349bcb229b06e37d30d6290c2bec15f1daa8f8e0ece?s=96&d=mm&r=g\",\"caption\":\"Ad\u00e8le Thoumieux\"},\"sameAs\":[\"http:\\\/\\\/ihedn.fr\"],\"url\":\"https:\\\/\\\/ihedn.fr\\\/en\\\/author\\\/thoumieux\\\/\"}]}<\/script>\n<!-- \/ Yoast SEO plugin. -->","yoast_head_json":{"title":"Cybersecurity and businesses: a new module for VSEs and SMEs - IHEDN : Institut des hautes \u00e9tudes de d\u00e9fense nationale (Graduate Institute of National Defence)","description":"From 31 January to 8 February 2023, IHEDN organised the 79th Economic and Strategic Intelligence (IES) course at the \u00c9cole Militaire.","robots":{"index":"index","follow":"follow","max-snippet":"max-snippet:-1","max-image-preview":"max-image-preview:large","max-video-preview":"max-video-preview:-1"},"canonical":"https:\/\/ihedn.fr\/en\/actualites-des-sessions\/ie-actualites-des-sessions\/cybersecurite-et-entreprises-un-nouveau-module-pour-les-tpe-pme\/","og_locale":"en_GB","og_type":"article","og_title":"Cybers\u00e9curit\u00e9 et entreprises : un nouveau module pour les TPE-PME","og_description":"Les 27 et 28 juin 2023 l\u2019IHEDN organise \u00e0 l\u2019\u00c9cole militaire, un nouveau cycle en cybers\u00e9curit\u00e9 destin\u00e9 notamment aux dirigeants de tr\u00e8s petites entreprises et petites et moyennes entreprises.","og_url":"https:\/\/ihedn.fr\/en\/actualites-des-sessions\/ie-actualites-des-sessions\/cybersecurite-et-entreprises-un-nouveau-module-pour-les-tpe-pme\/","og_site_name":"L&#039;IHEDN : Institut des hautes \u00e9tudes de d\u00e9fense nationale","article_publisher":"https:\/\/www.facebook.com\/ihedn\/","article_published_time":"2023-06-29T13:48:30+00:00","article_modified_time":"2023-06-29T13:48:40+00:00","og_image":[{"width":2560,"height":1810,"url":"https:\/\/ihedn.fr\/wp-content\/uploads\/2023\/06\/IHEDN-Cyber-TPEPME-officielle-scaled.jpg","type":"image\/jpeg"}],"author":"Ad\u00e8le Thoumieux","twitter_card":"summary_large_image","twitter_title":"Cybers\u00e9curit\u00e9 et entreprises : un nouveau module pour les TPE-PME Cybers\u00e9curit\u00e9 et entreprises : un nouveau module pour les TPE-PME","twitter_description":"Les 27 et 28 juin 2023 l\u2019IHEDN organise \u00e0 l\u2019\u00c9cole militaire, un nouveau cycle en cybers\u00e9curit\u00e9 destin\u00e9 notamment aux dirigeants de tr\u00e8s petites entreprises et petites et moyennes entreprises.","twitter_image":"https:\/\/ihedn.fr\/wp-content\/uploads\/2023\/06\/IHEDN-Cyber-TPEPME-officielle-scaled.jpg","twitter_creator":"@IHEDN","twitter_site":"@IHEDN","twitter_misc":{"Written by":"Ad\u00e8le Thoumieux","Estimated reading time":"2 minutes"},"schema":{"@context":"https:\/\/schema.org","@graph":[{"@type":"Article","@id":"https:\/\/ihedn.fr\/en\/actualites-des-sessions\/ie-actualites-des-sessions\/cybersecurite-et-entreprises-un-nouveau-module-pour-les-tpe-pme\/#article","isPartOf":{"@id":"https:\/\/ihedn.fr\/en\/actualites-des-sessions\/ie-actualites-des-sessions\/cybersecurite-et-entreprises-un-nouveau-module-pour-les-tpe-pme\/"},"author":{"name":"Ad\u00e8le Thoumieux","@id":"https:\/\/ihedn.fr\/#\/schema\/person\/16d49c2bd0121499ea9b9023ce89826c"},"headline":"Cybers\u00e9curit\u00e9 et entreprises : un nouveau module pour les TPE-PME","datePublished":"2023-06-29T13:48:30+00:00","dateModified":"2023-06-29T13:48:40+00:00","mainEntityOfPage":{"@id":"https:\/\/ihedn.fr\/en\/actualites-des-sessions\/ie-actualites-des-sessions\/cybersecurite-et-entreprises-un-nouveau-module-pour-les-tpe-pme\/"},"wordCount":288,"publisher":{"@id":"https:\/\/ihedn.fr\/#organization"},"image":{"@id":"https:\/\/ihedn.fr\/en\/actualites-des-sessions\/ie-actualites-des-sessions\/cybersecurite-et-entreprises-un-nouveau-module-pour-les-tpe-pme\/#primaryimage"},"thumbnailUrl":"https:\/\/ihedn.fr\/wp-content\/uploads\/2023\/06\/IHEDN-Cyber-TPEPME-officielle-scaled.jpg","articleSection":["Notre actualit\u00e9"],"inLanguage":"en-GB"},{"@type":"WebPage","@id":"https:\/\/ihedn.fr\/en\/actualites-des-sessions\/ie-actualites-des-sessions\/cybersecurite-et-entreprises-un-nouveau-module-pour-les-tpe-pme\/","url":"https:\/\/ihedn.fr\/en\/actualites-des-sessions\/ie-actualites-des-sessions\/cybersecurite-et-entreprises-un-nouveau-module-pour-les-tpe-pme\/","name":"Cybersecurity and businesses: a new module for VSEs and SMEs - IHEDN : Institut des hautes \u00e9tudes de d\u00e9fense nationale (Graduate Institute of National Defence)","isPartOf":{"@id":"https:\/\/ihedn.fr\/#website"},"primaryImageOfPage":{"@id":"https:\/\/ihedn.fr\/en\/actualites-des-sessions\/ie-actualites-des-sessions\/cybersecurite-et-entreprises-un-nouveau-module-pour-les-tpe-pme\/#primaryimage"},"image":{"@id":"https:\/\/ihedn.fr\/en\/actualites-des-sessions\/ie-actualites-des-sessions\/cybersecurite-et-entreprises-un-nouveau-module-pour-les-tpe-pme\/#primaryimage"},"thumbnailUrl":"https:\/\/ihedn.fr\/wp-content\/uploads\/2023\/06\/IHEDN-Cyber-TPEPME-officielle-scaled.jpg","datePublished":"2023-06-29T13:48:30+00:00","dateModified":"2023-06-29T13:48:40+00:00","description":"From 31 January to 8 February 2023, IHEDN organised the 79th Economic and Strategic Intelligence (IES) course at the \u00c9cole Militaire.","breadcrumb":{"@id":"https:\/\/ihedn.fr\/en\/actualites-des-sessions\/ie-actualites-des-sessions\/cybersecurite-et-entreprises-un-nouveau-module-pour-les-tpe-pme\/#breadcrumb"},"inLanguage":"en-GB","potentialAction":[{"@type":"ReadAction","target":["https:\/\/ihedn.fr\/en\/actualites-des-sessions\/ie-actualites-des-sessions\/cybersecurite-et-entreprises-un-nouveau-module-pour-les-tpe-pme\/"]}]},{"@type":"ImageObject","inLanguage":"en-GB","@id":"https:\/\/ihedn.fr\/en\/actualites-des-sessions\/ie-actualites-des-sessions\/cybersecurite-et-entreprises-un-nouveau-module-pour-les-tpe-pme\/#primaryimage","url":"https:\/\/ihedn.fr\/wp-content\/uploads\/2023\/06\/IHEDN-Cyber-TPEPME-officielle-scaled.jpg","contentUrl":"https:\/\/ihedn.fr\/wp-content\/uploads\/2023\/06\/IHEDN-Cyber-TPEPME-officielle-scaled.jpg","width":2560,"height":1810,"caption":"Nouveau module en cybers\u00e9curit\u00e9 pour les dirigeants de TPE et PME"},{"@type":"BreadcrumbList","@id":"https:\/\/ihedn.fr\/en\/actualites-des-sessions\/ie-actualites-des-sessions\/cybersecurite-et-entreprises-un-nouveau-module-pour-les-tpe-pme\/#breadcrumb","itemListElement":[{"@type":"ListItem","position":1,"name":"Accueil","item":"https:\/\/ihedn.fr\/"},{"@type":"ListItem","position":2,"name":"Cybers\u00e9curit\u00e9 et entreprises : un nouveau module pour les TPE-PME"}]},{"@type":"WebSite","@id":"https:\/\/ihedn.fr\/#website","url":"https:\/\/ihedn.fr\/","name":"IHEDN: Institut des hautes \u00e9tudes de d\u00e9fense nationale (Institute for Higher National Defence Studies)","description":"Official website of the IHEDN under the supervision of the Prime Minister.","publisher":{"@id":"https:\/\/ihedn.fr\/#organization"},"potentialAction":[{"@type":"SearchAction","target":{"@type":"EntryPoint","urlTemplate":"https:\/\/ihedn.fr\/?s={search_term_string}"},"query-input":{"@type":"PropertyValueSpecification","valueRequired":true,"valueName":"search_term_string"}}],"inLanguage":"en-GB"},{"@type":"Organization","@id":"https:\/\/ihedn.fr\/#organization","name":"IHEDN - Institute for Higher National Defence Studies","url":"https:\/\/ihedn.fr\/","logo":{"@type":"ImageObject","inLanguage":"en-GB","@id":"https:\/\/ihedn.fr\/#\/schema\/logo\/image\/","url":"https:\/\/ihedn.fr\/wp-content\/uploads\/2020\/11\/BLOC_RF_IHEDN_WEB.png","contentUrl":"https:\/\/ihedn.fr\/wp-content\/uploads\/2020\/11\/BLOC_RF_IHEDN_WEB.png","width":500,"height":237,"caption":"IHEDN - Institut des Hautes Etudes de D\u00e9fense Nationale"},"image":{"@id":"https:\/\/ihedn.fr\/#\/schema\/logo\/image\/"},"sameAs":["https:\/\/www.facebook.com\/ihedn\/","https:\/\/x.com\/IHEDN","https:\/\/www.instagram.com\/ihedn\/","https:\/\/www.linkedin.com\/school\/ihedn\/","https:\/\/fr.wikipedia.org\/wiki\/Institut_des_hautes_\u00e9tudes_de_D\u00e9fense_nationale"]},{"@type":"Person","@id":"https:\/\/ihedn.fr\/#\/schema\/person\/16d49c2bd0121499ea9b9023ce89826c","name":"Ad\u00e8le Thoumieux","image":{"@type":"ImageObject","inLanguage":"en-GB","@id":"https:\/\/secure.gravatar.com\/avatar\/64fc58d14679bdd185946349bcb229b06e37d30d6290c2bec15f1daa8f8e0ece?s=96&d=mm&r=g","url":"https:\/\/secure.gravatar.com\/avatar\/64fc58d14679bdd185946349bcb229b06e37d30d6290c2bec15f1daa8f8e0ece?s=96&d=mm&r=g","contentUrl":"https:\/\/secure.gravatar.com\/avatar\/64fc58d14679bdd185946349bcb229b06e37d30d6290c2bec15f1daa8f8e0ece?s=96&d=mm&r=g","caption":"Ad\u00e8le Thoumieux"},"sameAs":["http:\/\/ihedn.fr"],"url":"https:\/\/ihedn.fr\/en\/author\/thoumieux\/"}]}},"publishpress_future_action":{"enabled":false,"date":"2026-05-09 07:09:36","action":"change-status","newStatus":"draft","terms":[],"taxonomy":"category","extraData":[]},"publishpress_future_workflow_manual_trigger":{"enabledWorkflows":[]},"_links":{"self":[{"href":"https:\/\/ihedn.fr\/en\/wp-json\/wp\/v2\/posts\/41035","targetHints":{"allow":["GET"]}}],"collection":[{"href":"https:\/\/ihedn.fr\/en\/wp-json\/wp\/v2\/posts"}],"about":[{"href":"https:\/\/ihedn.fr\/en\/wp-json\/wp\/v2\/types\/post"}],"author":[{"embeddable":true,"href":"https:\/\/ihedn.fr\/en\/wp-json\/wp\/v2\/users\/12"}],"replies":[{"embeddable":true,"href":"https:\/\/ihedn.fr\/en\/wp-json\/wp\/v2\/comments?post=41035"}],"version-history":[{"count":15,"href":"https:\/\/ihedn.fr\/en\/wp-json\/wp\/v2\/posts\/41035\/revisions"}],"predecessor-version":[{"id":41067,"href":"https:\/\/ihedn.fr\/en\/wp-json\/wp\/v2\/posts\/41035\/revisions\/41067"}],"wp:featuredmedia":[{"embeddable":true,"href":"https:\/\/ihedn.fr\/en\/wp-json\/wp\/v2\/media\/41036"}],"wp:attachment":[{"href":"https:\/\/ihedn.fr\/en\/wp-json\/wp\/v2\/media?parent=41035"}],"wp:term":[{"taxonomy":"category","embeddable":true,"href":"https:\/\/ihedn.fr\/en\/wp-json\/wp\/v2\/categories?post=41035"},{"taxonomy":"post_tag","embeddable":true,"href":"https:\/\/ihedn.fr\/en\/wp-json\/wp\/v2\/tags?post=41035"}],"curies":[{"name":"wp","href":"https:\/\/api.w.org\/{rel}","templated":true}]}}